{"id":49080,"date":"2024-02-07T14:39:35","date_gmt":"2024-02-07T17:39:35","guid":{"rendered":"https:\/\/jornalfatosenoticias.com.br\/?p=49080"},"modified":"2024-02-07T14:39:39","modified_gmt":"2024-02-07T17:39:39","slug":"pesquisadores-descobrem-tipo-raro-de-bagre-dourado-no-parque-da-tijuca","status":"publish","type":"post","link":"https:\/\/jornalfatosenoticias.com.br\/index.php\/2024\/02\/07\/pesquisadores-descobrem-tipo-raro-de-bagre-dourado-no-parque-da-tijuca\/","title":{"rendered":"Pesquisadores descobrem tipo raro de bagre dourado no Parque da Tijuca"},"content":{"rendered":"\n<p><em><span class=\"has-inline-color has-black-color\">Exemplares s\u00e3o encontrados apenas no Rio, em S\u00e3o Paulo e no Paran\u00e1<\/span><\/em><\/p>\n\n\n\n<p><span class=\"has-inline-color has-black-color\">Por<strong> Alana Gandra, da Ag\u00eancia Brasil<\/strong><\/span><\/p>\n\n\n\n<div class=\"wp-block-image\"><figure class=\"aligncenter size-large\"><img loading=\"lazy\" decoding=\"async\" width=\"729\" height=\"90\" src=\"https:\/\/jornalfatosenoticias.com.br\/wp-content\/uploads\/2020\/02\/Logo_Mizu.png\" alt=\"\" class=\"wp-image-1441\" srcset=\"https:\/\/jornalfatosenoticias.com.br\/wp-content\/uploads\/2020\/02\/Logo_Mizu.png 729w, https:\/\/jornalfatosenoticias.com.br\/wp-content\/uploads\/2020\/02\/Logo_Mizu-300x37.png 300w\" sizes=\"auto, (max-width: 729px) 100vw, 729px\" \/><\/figure><\/div>\n\n\n\n<p>Tr\u00eas pesquisadores do Laborat\u00f3rio de Sistem\u00e1tica e Evolu\u00e7\u00e3o de Peixes Tele\u00f3steos, do Instituto de Biologia da Universidade Federal do Rio de Janeiro (UFRJ), encontraram, pela primeira vez, nos rios e cachoeiras do Parque Nacional da Tijuca, na capital fluminense, tr\u00eas exemplares de peixe bagre dourado. A descoberta foi publicada no ano passado na revista neozelandesa Zootaxa, refer\u00eancia mundial em zoologia, pelos pesquisadores Paulo Vilardo, Axel Katz e Wilson Costa.<br>Segundo Axel Katz, h\u00e1 v\u00e1rios anos, a equipe vem pesquisando esses peixes do litoral e perceberam que os de S\u00e3o Paulo apresentavam DNA muito parecido com as esp\u00e9cies do Rio, embora o colorido fosse um pouco diferente. Eles focaram ent\u00e3o em um peixe espec\u00edfico que apresentava um colorido mais diferenciado.<br>Paulo Vilardo complementou que foram realizados diversos trabalhos de campo na Floresta da Tijuca. <\/p>\n\n\n\n<div class=\"wp-block-image\"><figure class=\"aligncenter size-large is-resized\"><img loading=\"lazy\" decoding=\"async\" src=\"https:\/\/jornalfatosenoticias.com.br\/wp-content\/uploads\/2024\/01\/consultoria-ambiental.jpg\" alt=\"\" class=\"wp-image-48314\" width=\"323\" height=\"292\" srcset=\"https:\/\/jornalfatosenoticias.com.br\/wp-content\/uploads\/2024\/01\/consultoria-ambiental.jpg 832w, https:\/\/jornalfatosenoticias.com.br\/wp-content\/uploads\/2024\/01\/consultoria-ambiental-300x272.jpg 300w, https:\/\/jornalfatosenoticias.com.br\/wp-content\/uploads\/2024\/01\/consultoria-ambiental-768x696.jpg 768w\" sizes=\"auto, (max-width: 323px) 100vw, 323px\" \/><\/figure><\/div>\n\n\n\n<blockquote class=\"wp-block-quote is-layout-flow wp-block-quote-is-layout-flow\"><p><span class=\"has-inline-color has-luminous-vivid-orange-color\">Em sua maioria, os exemplares encontrados eram de um padr\u00e3o malhado, ou selado, com as faixas pretas transversais no corpo. \u00c9 um padr\u00e3o desse tipo que se encontra em v\u00e1rias bacias costeiras do Rio de Janeiro, S\u00e3o Paulo e do Paran\u00e1\u201d.<\/span><\/p><\/blockquote>\n\n\n\n<div class=\"wp-block-image\"><figure class=\"aligncenter size-large is-resized\"><img loading=\"lazy\" decoding=\"async\" src=\"https:\/\/jornalfatosenoticias.com.br\/wp-content\/uploads\/2020\/02\/nova-logo-Marquetti.jpg\" alt=\"\" class=\"wp-image-22331\" width=\"352\" height=\"236\" srcset=\"https:\/\/jornalfatosenoticias.com.br\/wp-content\/uploads\/2020\/02\/nova-logo-Marquetti.jpg 643w, https:\/\/jornalfatosenoticias.com.br\/wp-content\/uploads\/2020\/02\/nova-logo-Marquetti-300x202.jpg 300w\" sizes=\"auto, (max-width: 352px) 100vw, 352px\" \/><\/figure><\/div>\n\n\n\n<p>Em dado momento, por\u00e9m, em uma localidade espec\u00edfica do Parque Nacional da Tijuca, foram encontrados exemplares totalmente amarelos, ou dourados. \u201cA\u00ed, bateu a curiosidade de verificar se esse bicho n\u00e3o seria o mesmo que ocorre em S\u00e3o Paulo. Foram feitos testes de DNA, usando a t\u00e9cnica de PCR (ou Rea\u00e7\u00e3o em Cadeia da Polimerase), e chegou-se \u00e0 conclus\u00e3o que os dourados da Floresta da Tijuca eram os mesmos de S\u00e3o Paulo\u201d.<\/p>\n\n\n\n<div class=\"wp-block-image\"><figure class=\"aligncenter size-large is-resized\"><img loading=\"lazy\" decoding=\"async\" src=\"https:\/\/jornalfatosenoticias.com.br\/wp-content\/uploads\/2023\/08\/BKR-1024x1021.jpg\" alt=\"\" class=\"wp-image-44494\" width=\"316\" height=\"315\" srcset=\"https:\/\/jornalfatosenoticias.com.br\/wp-content\/uploads\/2023\/08\/BKR-1024x1021.jpg 1024w, https:\/\/jornalfatosenoticias.com.br\/wp-content\/uploads\/2023\/08\/BKR-300x300.jpg 300w, https:\/\/jornalfatosenoticias.com.br\/wp-content\/uploads\/2023\/08\/BKR-150x150.jpg 150w, https:\/\/jornalfatosenoticias.com.br\/wp-content\/uploads\/2023\/08\/BKR-768x766.jpg 768w, https:\/\/jornalfatosenoticias.com.br\/wp-content\/uploads\/2023\/08\/BKR.jpg 1080w\" sizes=\"auto, (max-width: 316px) 100vw, 316px\" \/><\/figure><\/div>\n\n\n\n<p>Al\u00e9m disso, foi constatado que o padr\u00e3o malhado tamb\u00e9m \u00e9 da mesma esp\u00e9cie do dourado, s\u00f3 que esse tem colora\u00e7\u00e3o muito rara e \u00e9 encontrado pouqu\u00edssimas vezes\u201d, disse Vilardo. At\u00e9 hoje, h\u00e1 registros de apenas sete ou oito indiv\u00edduos do bagre dourado nas tr\u00eas localidades do Pa\u00eds. \u201c\u00c9 muito raro ser registrada essa cor nesse bicho\u201d.<\/p>\n\n\n\n<div class=\"wp-block-image\"><figure class=\"aligncenter size-large is-resized\"><img loading=\"lazy\" decoding=\"async\" src=\"https:\/\/jornalfatosenoticias.com.br\/wp-content\/uploads\/2023\/12\/pegoretti-logo-pdf-1024x389.jpg\" alt=\"\" class=\"wp-image-47536\" width=\"480\" height=\"182\" srcset=\"https:\/\/jornalfatosenoticias.com.br\/wp-content\/uploads\/2023\/12\/pegoretti-logo-pdf-1024x389.jpg 1024w, https:\/\/jornalfatosenoticias.com.br\/wp-content\/uploads\/2023\/12\/pegoretti-logo-pdf-300x114.jpg 300w, https:\/\/jornalfatosenoticias.com.br\/wp-content\/uploads\/2023\/12\/pegoretti-logo-pdf-768x291.jpg 768w, https:\/\/jornalfatosenoticias.com.br\/wp-content\/uploads\/2023\/12\/pegoretti-logo-pdf.jpg 1120w\" sizes=\"auto, (max-width: 480px) 100vw, 480px\" \/><\/figure><\/div>\n\n\n\n<p><strong><span class=\"has-inline-color has-vivid-green-cyan-color\">Import\u00e2ncia<br><\/span><\/strong>Al\u00e9m de identificar que o bagre dourado de \u00e1gua doce ocorre em todas as \u00e1reas dos tr\u00eas estados, com a maior distribui\u00e7\u00e3o que se tem, Paulo Vilardo refor\u00e7ou que o peixe tem um padr\u00e3o raro. Um terceiro fator \u00e9 que as condi\u00e7\u00f5es da Floresta da Tijuca s\u00e3o muito boas, e a conserva\u00e7\u00e3o dos rios \u00e9 muito positiva.<\/p>\n\n\n\n<div class=\"wp-block-image\"><figure class=\"aligncenter size-large is-resized\"><img loading=\"lazy\" decoding=\"async\" src=\"https:\/\/jornalfatosenoticias.com.br\/wp-content\/uploads\/2023\/08\/ITH.jpeg\" alt=\"\" class=\"wp-image-44638\" width=\"336\" height=\"273\" srcset=\"https:\/\/jornalfatosenoticias.com.br\/wp-content\/uploads\/2023\/08\/ITH.jpeg 800w, https:\/\/jornalfatosenoticias.com.br\/wp-content\/uploads\/2023\/08\/ITH-300x244.jpeg 300w, https:\/\/jornalfatosenoticias.com.br\/wp-content\/uploads\/2023\/08\/ITH-768x624.jpeg 768w\" sizes=\"auto, (max-width: 336px) 100vw, 336px\" \/><\/figure><\/div>\n\n\n\n<blockquote class=\"wp-block-quote is-layout-flow wp-block-quote-is-layout-flow\"><p><span class=\"has-inline-color has-luminous-vivid-orange-color\">Esses peixes de padr\u00e3o raro de colora\u00e7\u00e3o, tanto daqui como de S\u00e3o Paulo, foram encontrados em \u00e1reas de reserva ecol\u00f3gica. Uma quest\u00e3o interessante \u00e9 ver que, em um local muito preservado, foi poss\u00edvel encontrar esse padr\u00e3o mais raro\u201d. O que os pesquisadores n\u00e3o sabem ainda \u00e9 se o peixe descoberto \u00e9 mais sens\u00edvel que os demais, acentuou Vilardo.<\/span><\/p><\/blockquote>\n\n\n\n<div class=\"wp-block-image\"><figure class=\"aligncenter size-large is-resized\"><img loading=\"lazy\" decoding=\"async\" src=\"https:\/\/jornalfatosenoticias.com.br\/wp-content\/uploads\/2023\/03\/logo-Panper_portal.jpg\" alt=\"\" class=\"wp-image-40208\" width=\"338\" height=\"234\" srcset=\"https:\/\/jornalfatosenoticias.com.br\/wp-content\/uploads\/2023\/03\/logo-Panper_portal.jpg 400w, https:\/\/jornalfatosenoticias.com.br\/wp-content\/uploads\/2023\/03\/logo-Panper_portal-300x208.jpg 300w\" sizes=\"auto, (max-width: 338px) 100vw, 338px\" \/><\/figure><\/div>\n\n\n\n<p>Para a Mata Atl\u00e2ntica, Alex Katz salientou que a import\u00e2ncia \u00e9 que a maior parte de tais peixes se alimenta de insetos, basicamente, de larvas de mosquito. \u201cEles s\u00e3o muito bons para controlar as popula\u00e7\u00f5es de mosquitos, que s\u00e3o vetores de muitas doen\u00e7as, como dengue e febre amarela. Os peixes gostam tamb\u00e9m de escalar cachoeiras e chegam a locais inacess\u00edveis. Por isso, s\u00e3o grandes predadores dos mosquitos que aparecem nos rios e cachoeiras. <\/p>\n\n\n\n<div class=\"wp-block-image\"><figure class=\"aligncenter size-large is-resized\"><img loading=\"lazy\" decoding=\"async\" src=\"https:\/\/jornalfatosenoticias.com.br\/wp-content\/uploads\/2020\/02\/CONTROL-CS.jpg\" alt=\"\" class=\"wp-image-44991\" width=\"304\" height=\"364\" srcset=\"https:\/\/jornalfatosenoticias.com.br\/wp-content\/uploads\/2020\/02\/CONTROL-CS.jpg 834w, https:\/\/jornalfatosenoticias.com.br\/wp-content\/uploads\/2020\/02\/CONTROL-CS-250x300.jpg 250w, https:\/\/jornalfatosenoticias.com.br\/wp-content\/uploads\/2020\/02\/CONTROL-CS-768x921.jpg 768w\" sizes=\"auto, (max-width: 304px) 100vw, 304px\" \/><\/figure><\/div>\n\n\n\n<p>\u00c0s vezes, em 1,5 mil metros de altitude, a gente consegue encontrar alguns bagres. Eles ocorrem em regi\u00f5es muito altas devido \u00e0 habilidade de escalar rochas.\u201d De acordo com os pesquisadores, a descoberta refor\u00e7a a import\u00e2ncia da preserva\u00e7\u00e3o dos corpos de \u00e1gua doce do Rio de Janeiro.<\/p>\n\n\n\n<div class=\"wp-block-image\"><figure class=\"aligncenter size-large\"><img loading=\"lazy\" decoding=\"async\" width=\"300\" height=\"250\" src=\"https:\/\/jornalfatosenoticias.com.br\/wp-content\/uploads\/2022\/02\/FERRARI_MAQUINAS-E-FERRAMENTAS2.jpg\" alt=\"\" class=\"wp-image-27860\"\/><\/figure><\/div>\n\n\n\n<p>O <em>Trichomycterus jacupiranga<\/em> \u00e9 uma esp\u00e9cie de bagre, peixe popular de \u00e1gua doce, que ocorre em diversos lugares da Am\u00e9rica do Sul. A maioria tem corpo amarelado com faixas pretas que atravessam o dorso, al\u00e9m de outras varia\u00e7\u00f5es no padr\u00e3o de manchas e marcas. O diferencial do trabalho dos pesquisadores da UFRJ foi identificar e comprovar que os exemplares dourados encontrados no Parque Nacional da Tijuca eram dessa mesma esp\u00e9cie popularmente conhecida, mas com uma varia\u00e7\u00e3o de cor desconhecida em \u00e1guas fluminenses. At\u00e9 ent\u00e3o, tais exemplares s\u00f3 haviam sido registrados na regi\u00e3o do Rio Ribeira do Iguap\u00e9, na divisa entre S\u00e3o Paulo e Paran\u00e1.<\/p>\n\n\n\n<div class=\"wp-block-image\"><figure class=\"aligncenter size-large\"><img loading=\"lazy\" decoding=\"async\" width=\"300\" height=\"250\" src=\"https:\/\/jornalfatosenoticias.com.br\/wp-content\/uploads\/2020\/02\/Banner-2.png\" alt=\"\" class=\"wp-image-43787\"\/><\/figure><\/div>\n\n\n\n<p>Paulo Vilardo informou que, al\u00e9m de dar continuidade \u00e0 pesquisa sobre bagres dourados, o foco agora ser\u00e3o outros grupos de peixes, visando encontrar novas esp\u00e9cies raras na Floresta da Tijuca. Axel Katz acrescentou que um dos objetivos \u00e9 localizar novamente nas microbacias da regi\u00e3o lambaris cujo \u00faltimo registro data de 1880, no Parque Nacional da Tijuca, onde a esp\u00e9cie foi descrita pela primeira vez. <\/p>\n\n\n\n<div class=\"wp-block-image\"><figure class=\"aligncenter size-large is-resized\"><img loading=\"lazy\" decoding=\"async\" src=\"https:\/\/jornalfatosenoticias.com.br\/wp-content\/uploads\/2022\/02\/Precisao-Contabilidade-1024x724.jpg\" alt=\"\" class=\"wp-image-28088\" width=\"371\" height=\"262\"\/><\/figure><\/div>\n\n\n\n<blockquote class=\"wp-block-quote is-layout-flow wp-block-quote-is-layout-flow\"><p><span class=\"has-inline-color has-luminous-vivid-orange-color\">Encontrar o lambari seria muito importante porque esse \u00e9 o local onde ele foi descrito\u201d. Al\u00e9m disso, a pesquisa pode encontrar peixes diferentes. \u201cNa Floresta da Tijuca tem muita coisa para ser descoberta\u201d, afirmou.<\/span><\/p><\/blockquote>\n\n\n\n<div class=\"wp-block-image\"><figure class=\"aligncenter size-large is-resized\"><img loading=\"lazy\" decoding=\"async\" src=\"https:\/\/jornalfatosenoticias.com.br\/wp-content\/uploads\/2020\/02\/logo-Rapuzel-1024x571.jpg\" alt=\"\" class=\"wp-image-42808\" width=\"372\" height=\"207\" srcset=\"https:\/\/jornalfatosenoticias.com.br\/wp-content\/uploads\/2020\/02\/logo-Rapuzel-1024x571.jpg 1024w, https:\/\/jornalfatosenoticias.com.br\/wp-content\/uploads\/2020\/02\/logo-Rapuzel-300x167.jpg 300w, https:\/\/jornalfatosenoticias.com.br\/wp-content\/uploads\/2020\/02\/logo-Rapuzel-768x428.jpg 768w, https:\/\/jornalfatosenoticias.com.br\/wp-content\/uploads\/2020\/02\/logo-Rapuzel-1536x856.jpg 1536w, https:\/\/jornalfatosenoticias.com.br\/wp-content\/uploads\/2020\/02\/logo-Rapuzel.jpg 1600w\" sizes=\"auto, (max-width: 372px) 100vw, 372px\" \/><\/figure><\/div>\n\n\n\n<p><strong><span class=\"has-inline-color has-vivid-green-cyan-color\">Preserva\u00e7\u00e3o<\/span><\/strong><br>Uma descoberta desse tipo s\u00f3 \u201cfortalece os esfor\u00e7os de a\u00e7\u00f5es para a conserva\u00e7\u00e3o do Parque Nacional da Tijuca, afirmou a chefe da unidade, Viviane Lasmar. &#8220;Cada vez que temos resultado de pesquisa que demonstra o quanto o parque tem elementos e quest\u00f5es relevantes para a conserva\u00e7\u00e3o, isso faz com que tenhamos um olhar mais cuidadoso para a quest\u00e3o da biodiversidade\u201d.<\/p>\n\n\n\n<div class=\"wp-block-image\"><figure class=\"aligncenter size-large is-resized\"><img loading=\"lazy\" decoding=\"async\" src=\"https:\/\/jornalfatosenoticias.com.br\/wp-content\/uploads\/2022\/10\/RC_800x750_page-0001.jpg\" alt=\"\" class=\"wp-image-35338\" width=\"302\" height=\"283\" srcset=\"https:\/\/jornalfatosenoticias.com.br\/wp-content\/uploads\/2022\/10\/RC_800x750_page-0001.jpg 400w, https:\/\/jornalfatosenoticias.com.br\/wp-content\/uploads\/2022\/10\/RC_800x750_page-0001-300x281.jpg 300w\" sizes=\"auto, (max-width: 302px) 100vw, 302px\" \/><\/figure><\/div>\n\n\n\n<p>\u00c0 Ag\u00eancia Brasil, Viviane lembrou que o parque tem uso p\u00fablico intenso e as informa\u00e7\u00f5es das pesquisas servem de orienta\u00e7\u00e3o para as a\u00e7\u00f5es de ordenamento necess\u00e1rias, inclusive para ajudar na quest\u00e3o da conserva\u00e7\u00e3o tamb\u00e9m. \u201cN\u00e3o \u00e9 s\u00f3 a pesquisa pela pesquisa, mas \u00e9 como aplicar o resultado em a\u00e7\u00f5es efetivas, para melhor uso do territ\u00f3rio como um todo e at\u00e9 para a conscientiza\u00e7\u00e3o dos visitantes\u201d.<\/p>\n\n\n\n<div class=\"wp-block-image\"><figure class=\"aligncenter size-large is-resized\"><img loading=\"lazy\" decoding=\"async\" src=\"https:\/\/jornalfatosenoticias.com.br\/wp-content\/uploads\/2023\/09\/vetorvix1024_1.jpg\" alt=\"\" class=\"wp-image-44868\" width=\"561\" height=\"149\" srcset=\"https:\/\/jornalfatosenoticias.com.br\/wp-content\/uploads\/2023\/09\/vetorvix1024_1.jpg 1024w, https:\/\/jornalfatosenoticias.com.br\/wp-content\/uploads\/2023\/09\/vetorvix1024_1-300x80.jpg 300w, https:\/\/jornalfatosenoticias.com.br\/wp-content\/uploads\/2023\/09\/vetorvix1024_1-768x205.jpg 768w\" sizes=\"auto, (max-width: 561px) 100vw, 561px\" \/><\/figure><\/div>\n\n\n\n<p><strong><em>Fonte: <a href=\"https:\/\/umsoplaneta.globo.com\/biodiversidade\/noticia\/2024\/02\/04\/pesquisadores-descobrem-tipo-raro-de-bagre-dourado-no-parque-da-tijuca.ghtml\">Um S\u00f3 Planeta<\/a><\/em><\/strong><\/p>\n","protected":false},"excerpt":{"rendered":"<p>Exemplares s\u00e3o encontrados apenas no Rio, em S\u00e3o Paulo e no Paran\u00e1 Por Alana Gandra, da Ag\u00eancia Brasil Tr\u00eas pesquisadores do Laborat\u00f3rio de Sistem\u00e1tica e Evolu\u00e7\u00e3o de Peixes Tele\u00f3steos, do Instituto de Biologia da Universidade Federal do Rio de Janeiro (UFRJ), encontraram, pela primeira vez, nos rios e cachoeiras do Parque Nacional da Tijuca, na [&hellip;]<\/p>\n","protected":false},"author":2,"featured_media":49081,"comment_status":"open","ping_status":"open","sticky":false,"template":"","format":"standard","meta":{"footnotes":""},"categories":[8],"tags":[2718,22760,334,22761,3811,289,22762],"class_list":["post-49080","post","type-post","status-publish","format-standard","has-post-thumbnail","hentry","category-meio-ambiente","tag-bagre","tag-bagre-dourado","tag-biodiversidade","tag-parque-da-tijuca","tag-peixe","tag-rio-de-janeiro","tag-tipo-raro"],"yoast_head":"<!-- This site is optimized with the Yoast SEO plugin v26.5 - https:\/\/yoast.com\/wordpress\/plugins\/seo\/ -->\n<title>Pesquisadores descobrem tipo raro de bagre dourado no Parque da Tijuca - Jornal Fatos e Not\u00edcias<\/title>\n<meta name=\"robots\" content=\"index, follow, max-snippet:-1, max-image-preview:large, max-video-preview:-1\" \/>\n<link rel=\"canonical\" href=\"https:\/\/jornalfatosenoticias.com.br\/index.php\/2024\/02\/07\/pesquisadores-descobrem-tipo-raro-de-bagre-dourado-no-parque-da-tijuca\/\" \/>\n<meta property=\"og:locale\" content=\"pt_BR\" \/>\n<meta property=\"og:type\" content=\"article\" \/>\n<meta property=\"og:title\" content=\"Pesquisadores descobrem tipo raro de bagre dourado no Parque da Tijuca - Jornal Fatos e Not\u00edcias\" \/>\n<meta property=\"og:description\" content=\"Exemplares s\u00e3o encontrados apenas no Rio, em S\u00e3o Paulo e no Paran\u00e1 Por Alana Gandra, da Ag\u00eancia Brasil Tr\u00eas pesquisadores do Laborat\u00f3rio de Sistem\u00e1tica e Evolu\u00e7\u00e3o de Peixes Tele\u00f3steos, do Instituto de Biologia da Universidade Federal do Rio de Janeiro (UFRJ), encontraram, pela primeira vez, nos rios e cachoeiras do Parque Nacional da Tijuca, na [&hellip;]\" \/>\n<meta property=\"og:url\" content=\"https:\/\/jornalfatosenoticias.com.br\/index.php\/2024\/02\/07\/pesquisadores-descobrem-tipo-raro-de-bagre-dourado-no-parque-da-tijuca\/\" \/>\n<meta property=\"og:site_name\" content=\"Jornal Fatos e Not\u00edcias\" \/>\n<meta property=\"article:published_time\" content=\"2024-02-07T17:39:35+00:00\" \/>\n<meta property=\"article:modified_time\" content=\"2024-02-07T17:39:39+00:00\" \/>\n<meta property=\"og:image\" content=\"https:\/\/jornalfatosenoticias.com.br\/wp-content\/uploads\/2024\/02\/bagre-dourado_gettyimages.jpg\" \/>\n\t<meta property=\"og:image:width\" content=\"612\" \/>\n\t<meta property=\"og:image:height\" content=\"332\" \/>\n\t<meta property=\"og:image:type\" content=\"image\/jpeg\" \/>\n<meta name=\"author\" content=\"Luzimara Fernandes\" \/>\n<meta name=\"twitter:card\" content=\"summary_large_image\" \/>\n<meta name=\"twitter:label1\" content=\"Escrito por\" \/>\n\t<meta name=\"twitter:data1\" content=\"Luzimara Fernandes\" \/>\n\t<meta name=\"twitter:label2\" content=\"Est. tempo de leitura\" \/>\n\t<meta name=\"twitter:data2\" content=\"5 minutos\" \/>\n<script type=\"application\/ld+json\" class=\"yoast-schema-graph\">{\"@context\":\"https:\/\/schema.org\",\"@graph\":[{\"@type\":\"Article\",\"@id\":\"https:\/\/jornalfatosenoticias.com.br\/index.php\/2024\/02\/07\/pesquisadores-descobrem-tipo-raro-de-bagre-dourado-no-parque-da-tijuca\/#article\",\"isPartOf\":{\"@id\":\"https:\/\/jornalfatosenoticias.com.br\/index.php\/2024\/02\/07\/pesquisadores-descobrem-tipo-raro-de-bagre-dourado-no-parque-da-tijuca\/\"},\"author\":{\"name\":\"Luzimara Fernandes\",\"@id\":\"https:\/\/jornalfatosenoticias.com.br\/#\/schema\/person\/d63837fa13ac8666eb9e74e0985d6f81\"},\"headline\":\"Pesquisadores descobrem tipo raro de bagre dourado no Parque da Tijuca\",\"datePublished\":\"2024-02-07T17:39:35+00:00\",\"dateModified\":\"2024-02-07T17:39:39+00:00\",\"mainEntityOfPage\":{\"@id\":\"https:\/\/jornalfatosenoticias.com.br\/index.php\/2024\/02\/07\/pesquisadores-descobrem-tipo-raro-de-bagre-dourado-no-parque-da-tijuca\/\"},\"wordCount\":980,\"commentCount\":0,\"publisher\":{\"@id\":\"https:\/\/jornalfatosenoticias.com.br\/#organization\"},\"image\":{\"@id\":\"https:\/\/jornalfatosenoticias.com.br\/index.php\/2024\/02\/07\/pesquisadores-descobrem-tipo-raro-de-bagre-dourado-no-parque-da-tijuca\/#primaryimage\"},\"thumbnailUrl\":\"https:\/\/jornalfatosenoticias.com.br\/wp-content\/uploads\/2024\/02\/bagre-dourado_gettyimages.jpg\",\"keywords\":[\"bagre\",\"bagre dourado\",\"biodiversidade\",\"Parque da Tijuca\",\"peixe\",\"Rio de Janeiro\",\"tipo raro\"],\"articleSection\":[\"Meio ambiente\"],\"inLanguage\":\"pt-BR\",\"potentialAction\":[{\"@type\":\"CommentAction\",\"name\":\"Comment\",\"target\":[\"https:\/\/jornalfatosenoticias.com.br\/index.php\/2024\/02\/07\/pesquisadores-descobrem-tipo-raro-de-bagre-dourado-no-parque-da-tijuca\/#respond\"]}]},{\"@type\":\"WebPage\",\"@id\":\"https:\/\/jornalfatosenoticias.com.br\/index.php\/2024\/02\/07\/pesquisadores-descobrem-tipo-raro-de-bagre-dourado-no-parque-da-tijuca\/\",\"url\":\"https:\/\/jornalfatosenoticias.com.br\/index.php\/2024\/02\/07\/pesquisadores-descobrem-tipo-raro-de-bagre-dourado-no-parque-da-tijuca\/\",\"name\":\"Pesquisadores descobrem tipo raro de bagre dourado no Parque da Tijuca - Jornal Fatos e Not\u00edcias\",\"isPartOf\":{\"@id\":\"https:\/\/jornalfatosenoticias.com.br\/#website\"},\"primaryImageOfPage\":{\"@id\":\"https:\/\/jornalfatosenoticias.com.br\/index.php\/2024\/02\/07\/pesquisadores-descobrem-tipo-raro-de-bagre-dourado-no-parque-da-tijuca\/#primaryimage\"},\"image\":{\"@id\":\"https:\/\/jornalfatosenoticias.com.br\/index.php\/2024\/02\/07\/pesquisadores-descobrem-tipo-raro-de-bagre-dourado-no-parque-da-tijuca\/#primaryimage\"},\"thumbnailUrl\":\"https:\/\/jornalfatosenoticias.com.br\/wp-content\/uploads\/2024\/02\/bagre-dourado_gettyimages.jpg\",\"datePublished\":\"2024-02-07T17:39:35+00:00\",\"dateModified\":\"2024-02-07T17:39:39+00:00\",\"breadcrumb\":{\"@id\":\"https:\/\/jornalfatosenoticias.com.br\/index.php\/2024\/02\/07\/pesquisadores-descobrem-tipo-raro-de-bagre-dourado-no-parque-da-tijuca\/#breadcrumb\"},\"inLanguage\":\"pt-BR\",\"potentialAction\":[{\"@type\":\"ReadAction\",\"target\":[\"https:\/\/jornalfatosenoticias.com.br\/index.php\/2024\/02\/07\/pesquisadores-descobrem-tipo-raro-de-bagre-dourado-no-parque-da-tijuca\/\"]}]},{\"@type\":\"ImageObject\",\"inLanguage\":\"pt-BR\",\"@id\":\"https:\/\/jornalfatosenoticias.com.br\/index.php\/2024\/02\/07\/pesquisadores-descobrem-tipo-raro-de-bagre-dourado-no-parque-da-tijuca\/#primaryimage\",\"url\":\"https:\/\/jornalfatosenoticias.com.br\/wp-content\/uploads\/2024\/02\/bagre-dourado_gettyimages.jpg\",\"contentUrl\":\"https:\/\/jornalfatosenoticias.com.br\/wp-content\/uploads\/2024\/02\/bagre-dourado_gettyimages.jpg\",\"width\":612,\"height\":332},{\"@type\":\"BreadcrumbList\",\"@id\":\"https:\/\/jornalfatosenoticias.com.br\/index.php\/2024\/02\/07\/pesquisadores-descobrem-tipo-raro-de-bagre-dourado-no-parque-da-tijuca\/#breadcrumb\",\"itemListElement\":[{\"@type\":\"ListItem\",\"position\":1,\"name\":\"In\u00edcio\",\"item\":\"https:\/\/jornalfatosenoticias.com.br\/\"},{\"@type\":\"ListItem\",\"position\":2,\"name\":\"Pesquisadores descobrem tipo raro de bagre dourado no Parque da Tijuca\"}]},{\"@type\":\"WebSite\",\"@id\":\"https:\/\/jornalfatosenoticias.com.br\/#website\",\"url\":\"https:\/\/jornalfatosenoticias.com.br\/\",\"name\":\"Jornal Fatos e Not\u00edcias\",\"description\":\"Not\u00edcias em geral\",\"publisher\":{\"@id\":\"https:\/\/jornalfatosenoticias.com.br\/#organization\"},\"potentialAction\":[{\"@type\":\"SearchAction\",\"target\":{\"@type\":\"EntryPoint\",\"urlTemplate\":\"https:\/\/jornalfatosenoticias.com.br\/?s={search_term_string}\"},\"query-input\":{\"@type\":\"PropertyValueSpecification\",\"valueRequired\":true,\"valueName\":\"search_term_string\"}}],\"inLanguage\":\"pt-BR\"},{\"@type\":\"Organization\",\"@id\":\"https:\/\/jornalfatosenoticias.com.br\/#organization\",\"name\":\"Jornal Fatos e Not\u00edcias\",\"url\":\"https:\/\/jornalfatosenoticias.com.br\/\",\"logo\":{\"@type\":\"ImageObject\",\"inLanguage\":\"pt-BR\",\"@id\":\"https:\/\/jornalfatosenoticias.com.br\/#\/schema\/logo\/image\/\",\"url\":\"https:\/\/jornalfatosenoticias.com.br\/wp-content\/uploads\/2020\/02\/logo120.png\",\"contentUrl\":\"https:\/\/jornalfatosenoticias.com.br\/wp-content\/uploads\/2020\/02\/logo120.png\",\"width\":1227,\"height\":120,\"caption\":\"Jornal Fatos e Not\u00edcias\"},\"image\":{\"@id\":\"https:\/\/jornalfatosenoticias.com.br\/#\/schema\/logo\/image\/\"}},{\"@type\":\"Person\",\"@id\":\"https:\/\/jornalfatosenoticias.com.br\/#\/schema\/person\/d63837fa13ac8666eb9e74e0985d6f81\",\"name\":\"Luzimara Fernandes\",\"image\":{\"@type\":\"ImageObject\",\"inLanguage\":\"pt-BR\",\"@id\":\"https:\/\/jornalfatosenoticias.com.br\/#\/schema\/person\/image\/\",\"url\":\"https:\/\/jornalfatosenoticias.com.br\/wp-content\/uploads\/2025\/05\/EU_portal.jpg\",\"contentUrl\":\"https:\/\/jornalfatosenoticias.com.br\/wp-content\/uploads\/2025\/05\/EU_portal.jpg\",\"caption\":\"Luzimara Fernandes\"},\"description\":\"Jornalista MTB 2358-ES\",\"sameAs\":[\"https:\/\/jornalfatosenoticias.com.br\"],\"url\":\"https:\/\/jornalfatosenoticias.com.br\/index.php\/author\/luzimara\/\"}]}<\/script>\n<!-- \/ Yoast SEO plugin. -->","yoast_head_json":{"title":"Pesquisadores descobrem tipo raro de bagre dourado no Parque da Tijuca - Jornal Fatos e Not\u00edcias","robots":{"index":"index","follow":"follow","max-snippet":"max-snippet:-1","max-image-preview":"max-image-preview:large","max-video-preview":"max-video-preview:-1"},"canonical":"https:\/\/jornalfatosenoticias.com.br\/index.php\/2024\/02\/07\/pesquisadores-descobrem-tipo-raro-de-bagre-dourado-no-parque-da-tijuca\/","og_locale":"pt_BR","og_type":"article","og_title":"Pesquisadores descobrem tipo raro de bagre dourado no Parque da Tijuca - Jornal Fatos e Not\u00edcias","og_description":"Exemplares s\u00e3o encontrados apenas no Rio, em S\u00e3o Paulo e no Paran\u00e1 Por Alana Gandra, da Ag\u00eancia Brasil Tr\u00eas pesquisadores do Laborat\u00f3rio de Sistem\u00e1tica e Evolu\u00e7\u00e3o de Peixes Tele\u00f3steos, do Instituto de Biologia da Universidade Federal do Rio de Janeiro (UFRJ), encontraram, pela primeira vez, nos rios e cachoeiras do Parque Nacional da Tijuca, na [&hellip;]","og_url":"https:\/\/jornalfatosenoticias.com.br\/index.php\/2024\/02\/07\/pesquisadores-descobrem-tipo-raro-de-bagre-dourado-no-parque-da-tijuca\/","og_site_name":"Jornal Fatos e Not\u00edcias","article_published_time":"2024-02-07T17:39:35+00:00","article_modified_time":"2024-02-07T17:39:39+00:00","og_image":[{"width":612,"height":332,"url":"https:\/\/jornalfatosenoticias.com.br\/wp-content\/uploads\/2024\/02\/bagre-dourado_gettyimages.jpg","type":"image\/jpeg"}],"author":"Luzimara Fernandes","twitter_card":"summary_large_image","twitter_misc":{"Escrito por":"Luzimara Fernandes","Est. tempo de leitura":"5 minutos"},"schema":{"@context":"https:\/\/schema.org","@graph":[{"@type":"Article","@id":"https:\/\/jornalfatosenoticias.com.br\/index.php\/2024\/02\/07\/pesquisadores-descobrem-tipo-raro-de-bagre-dourado-no-parque-da-tijuca\/#article","isPartOf":{"@id":"https:\/\/jornalfatosenoticias.com.br\/index.php\/2024\/02\/07\/pesquisadores-descobrem-tipo-raro-de-bagre-dourado-no-parque-da-tijuca\/"},"author":{"name":"Luzimara Fernandes","@id":"https:\/\/jornalfatosenoticias.com.br\/#\/schema\/person\/d63837fa13ac8666eb9e74e0985d6f81"},"headline":"Pesquisadores descobrem tipo raro de bagre dourado no Parque da Tijuca","datePublished":"2024-02-07T17:39:35+00:00","dateModified":"2024-02-07T17:39:39+00:00","mainEntityOfPage":{"@id":"https:\/\/jornalfatosenoticias.com.br\/index.php\/2024\/02\/07\/pesquisadores-descobrem-tipo-raro-de-bagre-dourado-no-parque-da-tijuca\/"},"wordCount":980,"commentCount":0,"publisher":{"@id":"https:\/\/jornalfatosenoticias.com.br\/#organization"},"image":{"@id":"https:\/\/jornalfatosenoticias.com.br\/index.php\/2024\/02\/07\/pesquisadores-descobrem-tipo-raro-de-bagre-dourado-no-parque-da-tijuca\/#primaryimage"},"thumbnailUrl":"https:\/\/jornalfatosenoticias.com.br\/wp-content\/uploads\/2024\/02\/bagre-dourado_gettyimages.jpg","keywords":["bagre","bagre dourado","biodiversidade","Parque da Tijuca","peixe","Rio de Janeiro","tipo raro"],"articleSection":["Meio ambiente"],"inLanguage":"pt-BR","potentialAction":[{"@type":"CommentAction","name":"Comment","target":["https:\/\/jornalfatosenoticias.com.br\/index.php\/2024\/02\/07\/pesquisadores-descobrem-tipo-raro-de-bagre-dourado-no-parque-da-tijuca\/#respond"]}]},{"@type":"WebPage","@id":"https:\/\/jornalfatosenoticias.com.br\/index.php\/2024\/02\/07\/pesquisadores-descobrem-tipo-raro-de-bagre-dourado-no-parque-da-tijuca\/","url":"https:\/\/jornalfatosenoticias.com.br\/index.php\/2024\/02\/07\/pesquisadores-descobrem-tipo-raro-de-bagre-dourado-no-parque-da-tijuca\/","name":"Pesquisadores descobrem tipo raro de bagre dourado no Parque da Tijuca - Jornal Fatos e Not\u00edcias","isPartOf":{"@id":"https:\/\/jornalfatosenoticias.com.br\/#website"},"primaryImageOfPage":{"@id":"https:\/\/jornalfatosenoticias.com.br\/index.php\/2024\/02\/07\/pesquisadores-descobrem-tipo-raro-de-bagre-dourado-no-parque-da-tijuca\/#primaryimage"},"image":{"@id":"https:\/\/jornalfatosenoticias.com.br\/index.php\/2024\/02\/07\/pesquisadores-descobrem-tipo-raro-de-bagre-dourado-no-parque-da-tijuca\/#primaryimage"},"thumbnailUrl":"https:\/\/jornalfatosenoticias.com.br\/wp-content\/uploads\/2024\/02\/bagre-dourado_gettyimages.jpg","datePublished":"2024-02-07T17:39:35+00:00","dateModified":"2024-02-07T17:39:39+00:00","breadcrumb":{"@id":"https:\/\/jornalfatosenoticias.com.br\/index.php\/2024\/02\/07\/pesquisadores-descobrem-tipo-raro-de-bagre-dourado-no-parque-da-tijuca\/#breadcrumb"},"inLanguage":"pt-BR","potentialAction":[{"@type":"ReadAction","target":["https:\/\/jornalfatosenoticias.com.br\/index.php\/2024\/02\/07\/pesquisadores-descobrem-tipo-raro-de-bagre-dourado-no-parque-da-tijuca\/"]}]},{"@type":"ImageObject","inLanguage":"pt-BR","@id":"https:\/\/jornalfatosenoticias.com.br\/index.php\/2024\/02\/07\/pesquisadores-descobrem-tipo-raro-de-bagre-dourado-no-parque-da-tijuca\/#primaryimage","url":"https:\/\/jornalfatosenoticias.com.br\/wp-content\/uploads\/2024\/02\/bagre-dourado_gettyimages.jpg","contentUrl":"https:\/\/jornalfatosenoticias.com.br\/wp-content\/uploads\/2024\/02\/bagre-dourado_gettyimages.jpg","width":612,"height":332},{"@type":"BreadcrumbList","@id":"https:\/\/jornalfatosenoticias.com.br\/index.php\/2024\/02\/07\/pesquisadores-descobrem-tipo-raro-de-bagre-dourado-no-parque-da-tijuca\/#breadcrumb","itemListElement":[{"@type":"ListItem","position":1,"name":"In\u00edcio","item":"https:\/\/jornalfatosenoticias.com.br\/"},{"@type":"ListItem","position":2,"name":"Pesquisadores descobrem tipo raro de bagre dourado no Parque da Tijuca"}]},{"@type":"WebSite","@id":"https:\/\/jornalfatosenoticias.com.br\/#website","url":"https:\/\/jornalfatosenoticias.com.br\/","name":"Jornal Fatos e Not\u00edcias","description":"Not\u00edcias em geral","publisher":{"@id":"https:\/\/jornalfatosenoticias.com.br\/#organization"},"potentialAction":[{"@type":"SearchAction","target":{"@type":"EntryPoint","urlTemplate":"https:\/\/jornalfatosenoticias.com.br\/?s={search_term_string}"},"query-input":{"@type":"PropertyValueSpecification","valueRequired":true,"valueName":"search_term_string"}}],"inLanguage":"pt-BR"},{"@type":"Organization","@id":"https:\/\/jornalfatosenoticias.com.br\/#organization","name":"Jornal Fatos e Not\u00edcias","url":"https:\/\/jornalfatosenoticias.com.br\/","logo":{"@type":"ImageObject","inLanguage":"pt-BR","@id":"https:\/\/jornalfatosenoticias.com.br\/#\/schema\/logo\/image\/","url":"https:\/\/jornalfatosenoticias.com.br\/wp-content\/uploads\/2020\/02\/logo120.png","contentUrl":"https:\/\/jornalfatosenoticias.com.br\/wp-content\/uploads\/2020\/02\/logo120.png","width":1227,"height":120,"caption":"Jornal Fatos e Not\u00edcias"},"image":{"@id":"https:\/\/jornalfatosenoticias.com.br\/#\/schema\/logo\/image\/"}},{"@type":"Person","@id":"https:\/\/jornalfatosenoticias.com.br\/#\/schema\/person\/d63837fa13ac8666eb9e74e0985d6f81","name":"Luzimara Fernandes","image":{"@type":"ImageObject","inLanguage":"pt-BR","@id":"https:\/\/jornalfatosenoticias.com.br\/#\/schema\/person\/image\/","url":"https:\/\/jornalfatosenoticias.com.br\/wp-content\/uploads\/2025\/05\/EU_portal.jpg","contentUrl":"https:\/\/jornalfatosenoticias.com.br\/wp-content\/uploads\/2025\/05\/EU_portal.jpg","caption":"Luzimara Fernandes"},"description":"Jornalista MTB 2358-ES","sameAs":["https:\/\/jornalfatosenoticias.com.br"],"url":"https:\/\/jornalfatosenoticias.com.br\/index.php\/author\/luzimara\/"}]}},"cc_featured_image_caption":{"caption_text":"(Foto: Getty Images) \r\n","source_text":"","source_url":""},"jetpack_featured_media_url":"https:\/\/jornalfatosenoticias.com.br\/wp-content\/uploads\/2024\/02\/bagre-dourado_gettyimages.jpg","_links":{"self":[{"href":"https:\/\/jornalfatosenoticias.com.br\/index.php\/wp-json\/wp\/v2\/posts\/49080","targetHints":{"allow":["GET"]}}],"collection":[{"href":"https:\/\/jornalfatosenoticias.com.br\/index.php\/wp-json\/wp\/v2\/posts"}],"about":[{"href":"https:\/\/jornalfatosenoticias.com.br\/index.php\/wp-json\/wp\/v2\/types\/post"}],"author":[{"embeddable":true,"href":"https:\/\/jornalfatosenoticias.com.br\/index.php\/wp-json\/wp\/v2\/users\/2"}],"replies":[{"embeddable":true,"href":"https:\/\/jornalfatosenoticias.com.br\/index.php\/wp-json\/wp\/v2\/comments?post=49080"}],"version-history":[{"count":0,"href":"https:\/\/jornalfatosenoticias.com.br\/index.php\/wp-json\/wp\/v2\/posts\/49080\/revisions"}],"wp:featuredmedia":[{"embeddable":true,"href":"https:\/\/jornalfatosenoticias.com.br\/index.php\/wp-json\/wp\/v2\/media\/49081"}],"wp:attachment":[{"href":"https:\/\/jornalfatosenoticias.com.br\/index.php\/wp-json\/wp\/v2\/media?parent=49080"}],"wp:term":[{"taxonomy":"category","embeddable":true,"href":"https:\/\/jornalfatosenoticias.com.br\/index.php\/wp-json\/wp\/v2\/categories?post=49080"},{"taxonomy":"post_tag","embeddable":true,"href":"https:\/\/jornalfatosenoticias.com.br\/index.php\/wp-json\/wp\/v2\/tags?post=49080"}],"curies":[{"name":"wp","href":"https:\/\/api.w.org\/{rel}","templated":true}]}}