{"id":49172,"date":"2024-02-14T09:49:04","date_gmt":"2024-02-14T12:49:04","guid":{"rendered":"https:\/\/jornalfatosenoticias.com.br\/?p=49172"},"modified":"2024-02-14T09:49:06","modified_gmt":"2024-02-14T12:49:06","slug":"preguica-gigante-da-era-do-gelo-e-encontrada-em-minas-gerais","status":"publish","type":"post","link":"https:\/\/jornalfatosenoticias.com.br\/index.php\/2024\/02\/14\/preguica-gigante-da-era-do-gelo-e-encontrada-em-minas-gerais\/","title":{"rendered":"Pregui\u00e7a-gigante da Era do Gelo \u00e9 encontrada em Minas Gerais"},"content":{"rendered":"\n<p><em><span class=\"has-inline-color has-black-color\">Pesquisadores da PUC Minas encontraram f\u00f3sseis da esp\u00e9cie Catonyx aff. cuvieri de pregui\u00e7a-gigante na cidade de Pains, no centro-oeste mineiro<\/span><\/em><\/p>\n\n\n\n<p><span class=\"has-inline-color has-black-color\">Por <strong><a href=\"https:\/\/gizmodo.uol.com.br\/author\/gabriel-andrade\/\">Gabriel Andrade<\/a><\/strong><\/span><\/p>\n\n\n\n<div class=\"wp-block-image\"><figure class=\"aligncenter size-large\"><img loading=\"lazy\" decoding=\"async\" width=\"729\" height=\"90\" src=\"https:\/\/jornalfatosenoticias.com.br\/wp-content\/uploads\/2020\/02\/Logo_Mizu.png\" alt=\"\" class=\"wp-image-1441\" srcset=\"https:\/\/jornalfatosenoticias.com.br\/wp-content\/uploads\/2020\/02\/Logo_Mizu.png 729w, https:\/\/jornalfatosenoticias.com.br\/wp-content\/uploads\/2020\/02\/Logo_Mizu-300x37.png 300w\" sizes=\"auto, (max-width: 729px) 100vw, 729px\" \/><\/figure><\/div>\n\n\n\n<p>Pesquisadores da PUC Minas encontraram f\u00f3sseis da esp\u00e9cie Catonyx aff. cuvieri de pregui\u00e7a-gigante na cidade de Pains, no centro-oeste mineiro. Segundo os cientistas, o animal viveu no Pleistoceno e pertenceu a megafauna extinta ao final da \u00faltima era glacial que durou 2,5 milh\u00f5es de anos.<br>Os f\u00f3sseis foram encontrados permineralizados, ou seja, a estrutura biomineral dos ossos foi substitu\u00edda por calc\u00e1rio. Assim, aproximadamente 25% da ossada p\u00f4de ser resgatada, incluindo o \u00famero esquerdo, ossos carpais, falanges, costelas, cr\u00e2nio fragmentado, vertebras esternais e osso palmar.<br>A descoberta foi feita por integrantes do Espeleogrupo Pains (EPA) em 2022, durante as atividades de campo da Escola Brasileira de Espeleologia (EBRE) da Sociedade Brasileira de Espeleologia (SBE). Entretanto, os trabalhos de identifica\u00e7\u00e3o e resgate dos f\u00f3sseis foram finalizados s\u00f3 em 2024.<br>Segundo o professor Luiz Eduardo Panisset Travassos, docente do Departamento de Geografia da PUC Minas, n\u00e3o foi poss\u00edvel realizar a sexagem do animal pois n\u00e3o foi encontrada a bacia p\u00e9lvica do f\u00f3ssil. <\/p>\n\n\n\n<div class=\"wp-block-image\"><figure class=\"aligncenter size-large is-resized\"><img loading=\"lazy\" decoding=\"async\" src=\"https:\/\/jornalfatosenoticias.com.br\/wp-content\/uploads\/2023\/08\/ITH.jpeg\" alt=\"\" class=\"wp-image-44638\" width=\"304\" height=\"247\" srcset=\"https:\/\/jornalfatosenoticias.com.br\/wp-content\/uploads\/2023\/08\/ITH.jpeg 800w, https:\/\/jornalfatosenoticias.com.br\/wp-content\/uploads\/2023\/08\/ITH-300x244.jpeg 300w, https:\/\/jornalfatosenoticias.com.br\/wp-content\/uploads\/2023\/08\/ITH-768x624.jpeg 768w\" sizes=\"auto, (max-width: 304px) 100vw, 304px\" \/><\/figure><\/div>\n\n\n\n<blockquote class=\"wp-block-quote is-layout-flow wp-block-quote-is-layout-flow\"><p><span class=\"has-inline-color has-luminous-vivid-orange-color\">No entanto, podemos dizer que o animal atingiu a fase adulta pelas extremidades dos ossos longos, as ep\u00edfises, estarem fundidas \u00e0s di\u00e1fises, ou seja, corpo \u00f3sseo\u201d, afirma <a href=\"https:\/\/www.pucminas.br\/sala-imprensa\/noticias\/Paginas\/Equipe-da-PUC-Minas-resgata-f%C3%B3sseis-de-esp%C3%A9cie-de-pregui%C3%A7a-gigante-na-cidade-de-Pains.aspx\">em um comunicado<\/a> o pesquisador.<\/span><\/p><\/blockquote>\n\n\n\n<div class=\"wp-block-image\"><figure class=\"aligncenter size-large\"><img loading=\"lazy\" decoding=\"async\" width=\"1024\" height=\"869\" src=\"https:\/\/jornalfatosenoticias.com.br\/wp-content\/uploads\/2024\/02\/preguica-gigante1_MG-1024x869.jpg\" alt=\"\" class=\"wp-image-49174\" srcset=\"https:\/\/jornalfatosenoticias.com.br\/wp-content\/uploads\/2024\/02\/preguica-gigante1_MG-1024x869.jpg 1024w, https:\/\/jornalfatosenoticias.com.br\/wp-content\/uploads\/2024\/02\/preguica-gigante1_MG-300x255.jpg 300w, https:\/\/jornalfatosenoticias.com.br\/wp-content\/uploads\/2024\/02\/preguica-gigante1_MG-768x652.jpg 768w, https:\/\/jornalfatosenoticias.com.br\/wp-content\/uploads\/2024\/02\/preguica-gigante1_MG.jpg 1200w\" sizes=\"auto, (max-width: 1024px) 100vw, 1024px\" \/><figcaption><em><span class=\"has-inline-color has-black-color\">(Foto: PUC Minas\/Reprodu\u00e7\u00e3o)<\/span><\/em><\/figcaption><\/figure><\/div>\n\n\n\n<div class=\"wp-block-image\"><figure class=\"aligncenter size-large is-resized\"><img loading=\"lazy\" decoding=\"async\" src=\"https:\/\/jornalfatosenoticias.com.br\/wp-content\/uploads\/2023\/03\/nova-logo-Marquetti.jpg\" alt=\"\" class=\"wp-image-40207\" width=\"312\" height=\"209\" srcset=\"https:\/\/jornalfatosenoticias.com.br\/wp-content\/uploads\/2023\/03\/nova-logo-Marquetti.jpg 643w, https:\/\/jornalfatosenoticias.com.br\/wp-content\/uploads\/2023\/03\/nova-logo-Marquetti-300x202.jpg 300w\" sizes=\"auto, (max-width: 312px) 100vw, 312px\" \/><\/figure><\/div>\n\n\n\n<p><strong><span class=\"has-inline-color has-vivid-purple-color\">Caracter\u00edsticas da pregui\u00e7a-gigante encontrada<br><\/span><\/strong>A expedi\u00e7\u00e3o de resgate do f\u00f3ssil teve como objetivo identificar na regi\u00e3o aspectos da paisagem que favorecem a forma\u00e7\u00e3o de dep\u00f3sitos sedimentares. O Carste, esse tipo de relevo geol\u00f3gico \u00e9 caracterizado pela dissolu\u00e7\u00e3o qu\u00edmica (corros\u00e3o) das rochas. Isso leva ao aparecimento de uma s\u00e9rie de caracter\u00edsticas f\u00edsicas, como cavernas, rios subterr\u00e2neos e pared\u00f5es rochosos expostos.<br>De acordo com o pesquisador Bruno Kraemer, que participou da atividade, o animal apresentava uma estrutura aproximada de um novilho de 150 quilos. Al\u00e9m disso, tinha o corpo alongado, cr\u00e2nio de aspecto tubular, membros atarracados e <a href=\"https:\/\/gizmodo.uol.com.br\/peixe-leao-predador-venenoso-e-de-origem-asiatica-invade-littoral-brasileiro\/\">garras poderosas<\/a>.<\/p>\n\n\n\n<div class=\"wp-block-image\"><figure class=\"aligncenter size-large\"><img loading=\"lazy\" decoding=\"async\" width=\"888\" height=\"666\" src=\"https:\/\/jornalfatosenoticias.com.br\/wp-content\/uploads\/2024\/02\/preguica-gigante_MG.jpg\" alt=\"\" class=\"wp-image-49173\" srcset=\"https:\/\/jornalfatosenoticias.com.br\/wp-content\/uploads\/2024\/02\/preguica-gigante_MG.jpg 888w, https:\/\/jornalfatosenoticias.com.br\/wp-content\/uploads\/2024\/02\/preguica-gigante_MG-300x225.jpg 300w, https:\/\/jornalfatosenoticias.com.br\/wp-content\/uploads\/2024\/02\/preguica-gigante_MG-768x576.jpg 768w\" sizes=\"auto, (max-width: 888px) 100vw, 888px\" \/><figcaption><em><span class=\"has-inline-color has-black-color\">Simula\u00e7\u00e3o de uma pregui\u00e7a-gigante, que habitou o continente h\u00e1 10 mil anos (Foto: Divulga\u00e7\u00e3o)<\/span><\/em><\/figcaption><\/figure><\/div>\n\n\n\n<blockquote class=\"wp-block-quote is-layout-flow wp-block-quote-is-layout-flow\"><p><span class=\"has-inline-color has-luminous-vivid-orange-color\">A locomo\u00e7\u00e3o desse animal era peculiar e denominada de pedolateral, ou seja, pisava na face externa das patas. Al\u00e9m disso, seriam capazes de construir tocas no solo, para procriarem e se esconderem\u201d, explica Kraemer.<\/span><\/p><\/blockquote>\n\n\n\n<div class=\"wp-block-image\"><figure class=\"aligncenter size-large is-resized\"><img loading=\"lazy\" decoding=\"async\" src=\"https:\/\/jornalfatosenoticias.com.br\/wp-content\/uploads\/2020\/02\/CONTROL-CS.jpg\" alt=\"\" class=\"wp-image-44991\" width=\"291\" height=\"349\" srcset=\"https:\/\/jornalfatosenoticias.com.br\/wp-content\/uploads\/2020\/02\/CONTROL-CS.jpg 834w, https:\/\/jornalfatosenoticias.com.br\/wp-content\/uploads\/2020\/02\/CONTROL-CS-250x300.jpg 250w, https:\/\/jornalfatosenoticias.com.br\/wp-content\/uploads\/2020\/02\/CONTROL-CS-768x921.jpg 768w\" sizes=\"auto, (max-width: 291px) 100vw, 291px\" \/><\/figure><\/div>\n\n\n\n<p>As pregui\u00e7as-gigantes surgiram no Oligoc\u00eanico, na regi\u00e3o da atual Patag\u00f4nia, e desenvolveram-se na Am\u00e9rica do Sul. Com o estabelecimento do istmo do Panam\u00e1, as pregui\u00e7as migraram para Norte, chegando ao atual estado do Yukon, no Canad\u00e1.<\/p>\n\n\n\n<div class=\"wp-block-image\"><figure class=\"aligncenter size-large is-resized\"><img loading=\"lazy\" decoding=\"async\" src=\"https:\/\/jornalfatosenoticias.com.br\/wp-content\/uploads\/2023\/12\/pegoretti-logo-pdf-1024x389.jpg\" alt=\"\" class=\"wp-image-47536\" width=\"430\" height=\"163\" srcset=\"https:\/\/jornalfatosenoticias.com.br\/wp-content\/uploads\/2023\/12\/pegoretti-logo-pdf-1024x389.jpg 1024w, https:\/\/jornalfatosenoticias.com.br\/wp-content\/uploads\/2023\/12\/pegoretti-logo-pdf-300x114.jpg 300w, https:\/\/jornalfatosenoticias.com.br\/wp-content\/uploads\/2023\/12\/pegoretti-logo-pdf-768x291.jpg 768w, https:\/\/jornalfatosenoticias.com.br\/wp-content\/uploads\/2023\/12\/pegoretti-logo-pdf.jpg 1120w\" sizes=\"auto, (max-width: 430px) 100vw, 430px\" \/><\/figure><\/div>\n\n\n\n<p>O material ser\u00e1 triado e preparado no laborat\u00f3rio do Programa de P\u00f3s-gradua\u00e7\u00e3o em Geografia \u2014 Tratamento da Informa\u00e7\u00e3o Espacial da PUC Minas. Ele ser\u00e1 destinado \u00e0 Cole\u00e7\u00e3o Paleontol\u00f3gica do Museu de Ci\u00eancias Naturais da Universidade.<\/p>\n\n\n\n<div class=\"wp-block-image\"><figure class=\"aligncenter size-large is-resized\"><img loading=\"lazy\" decoding=\"async\" src=\"https:\/\/jornalfatosenoticias.com.br\/wp-content\/uploads\/2023\/09\/vetorvix1024_1.jpg\" alt=\"\" class=\"wp-image-44868\" width=\"483\" height=\"128\" srcset=\"https:\/\/jornalfatosenoticias.com.br\/wp-content\/uploads\/2023\/09\/vetorvix1024_1.jpg 1024w, https:\/\/jornalfatosenoticias.com.br\/wp-content\/uploads\/2023\/09\/vetorvix1024_1-300x80.jpg 300w, https:\/\/jornalfatosenoticias.com.br\/wp-content\/uploads\/2023\/09\/vetorvix1024_1-768x205.jpg 768w\" sizes=\"auto, (max-width: 483px) 100vw, 483px\" \/><\/figure><\/div>\n\n\n\n<p>O museu tem a maior cole\u00e7\u00e3o de mam\u00edferos f\u00f3sseis no Brasil e a segunda maior da Am\u00e9rica Latina. L\u00e1 j\u00e1 se encontra em exposi\u00e7\u00e3o, por exemplo, o cr\u00e2nio de um mastodonte encontrado na Loca do Ang\u00e1, em atividade coordenada por C\u00e1stor Cartelle entre 1998 e 1999. Esse bicho teria coabitado a mesma regi\u00e3o da pregui\u00e7a-gigante.<\/p>\n\n\n\n<p><strong><em>Fonte: <a href=\"https:\/\/gizmodo.uol.com.br\/preguica-gigante-da-era-do-gelo-e-encontrada-em-minas-gerais\/\">Giz Brasil<\/a><\/em><\/strong><\/p>\n","protected":false},"excerpt":{"rendered":"<p>Pesquisadores da PUC Minas encontraram f\u00f3sseis da esp\u00e9cie Catonyx aff. cuvieri de pregui\u00e7a-gigante na cidade de Pains, no centro-oeste mineiro Por Gabriel Andrade Pesquisadores da PUC Minas encontraram f\u00f3sseis da esp\u00e9cie Catonyx aff. cuvieri de pregui\u00e7a-gigante na cidade de Pains, no centro-oeste mineiro. Segundo os cientistas, o animal viveu no Pleistoceno e pertenceu a megafauna [&hellip;]<\/p>\n","protected":false},"author":2,"featured_media":49173,"comment_status":"open","ping_status":"open","sticky":false,"template":"","format":"standard","meta":{"footnotes":""},"categories":[9808],"tags":[22800,10304,1614,1924,22801],"class_list":["post-49172","post","type-post","status-publish","format-standard","has-post-thumbnail","hentry","category-paleo-arqueologia","tag-centro-oeste-mineiro","tag-era-do-gelo","tag-fosseis","tag-minas-gerais","tag-preguica-gigante-2"],"yoast_head":"<!-- This site is optimized with the Yoast SEO plugin v26.5 - https:\/\/yoast.com\/wordpress\/plugins\/seo\/ -->\n<title>Pregui\u00e7a-gigante da Era do Gelo \u00e9 encontrada em Minas Gerais - Jornal Fatos e Not\u00edcias<\/title>\n<meta name=\"robots\" content=\"index, follow, max-snippet:-1, max-image-preview:large, max-video-preview:-1\" \/>\n<link rel=\"canonical\" href=\"https:\/\/jornalfatosenoticias.com.br\/index.php\/2024\/02\/14\/preguica-gigante-da-era-do-gelo-e-encontrada-em-minas-gerais\/\" \/>\n<meta property=\"og:locale\" content=\"pt_BR\" \/>\n<meta property=\"og:type\" content=\"article\" \/>\n<meta property=\"og:title\" content=\"Pregui\u00e7a-gigante da Era do Gelo \u00e9 encontrada em Minas Gerais - Jornal Fatos e Not\u00edcias\" \/>\n<meta property=\"og:description\" content=\"Pesquisadores da PUC Minas encontraram f\u00f3sseis da esp\u00e9cie Catonyx aff. cuvieri de pregui\u00e7a-gigante na cidade de Pains, no centro-oeste mineiro Por Gabriel Andrade Pesquisadores da PUC Minas encontraram f\u00f3sseis da esp\u00e9cie Catonyx aff. cuvieri de pregui\u00e7a-gigante na cidade de Pains, no centro-oeste mineiro. Segundo os cientistas, o animal viveu no Pleistoceno e pertenceu a megafauna [&hellip;]\" \/>\n<meta property=\"og:url\" content=\"https:\/\/jornalfatosenoticias.com.br\/index.php\/2024\/02\/14\/preguica-gigante-da-era-do-gelo-e-encontrada-em-minas-gerais\/\" \/>\n<meta property=\"og:site_name\" content=\"Jornal Fatos e Not\u00edcias\" \/>\n<meta property=\"article:published_time\" content=\"2024-02-14T12:49:04+00:00\" \/>\n<meta property=\"article:modified_time\" content=\"2024-02-14T12:49:06+00:00\" \/>\n<meta property=\"og:image\" content=\"https:\/\/jornalfatosenoticias.com.br\/wp-content\/uploads\/2024\/02\/preguica-gigante_MG.jpg\" \/>\n\t<meta property=\"og:image:width\" content=\"888\" \/>\n\t<meta property=\"og:image:height\" content=\"666\" \/>\n\t<meta property=\"og:image:type\" content=\"image\/jpeg\" \/>\n<meta name=\"author\" content=\"Luzimara Fernandes\" \/>\n<meta name=\"twitter:card\" content=\"summary_large_image\" \/>\n<meta name=\"twitter:label1\" content=\"Escrito por\" \/>\n\t<meta name=\"twitter:data1\" content=\"Luzimara Fernandes\" \/>\n\t<meta name=\"twitter:label2\" content=\"Est. tempo de leitura\" \/>\n\t<meta name=\"twitter:data2\" content=\"3 minutos\" \/>\n<script type=\"application\/ld+json\" class=\"yoast-schema-graph\">{\"@context\":\"https:\/\/schema.org\",\"@graph\":[{\"@type\":\"Article\",\"@id\":\"https:\/\/jornalfatosenoticias.com.br\/index.php\/2024\/02\/14\/preguica-gigante-da-era-do-gelo-e-encontrada-em-minas-gerais\/#article\",\"isPartOf\":{\"@id\":\"https:\/\/jornalfatosenoticias.com.br\/index.php\/2024\/02\/14\/preguica-gigante-da-era-do-gelo-e-encontrada-em-minas-gerais\/\"},\"author\":{\"name\":\"Luzimara Fernandes\",\"@id\":\"https:\/\/jornalfatosenoticias.com.br\/#\/schema\/person\/d63837fa13ac8666eb9e74e0985d6f81\"},\"headline\":\"Pregui\u00e7a-gigante da Era do Gelo \u00e9 encontrada em Minas Gerais\",\"datePublished\":\"2024-02-14T12:49:04+00:00\",\"dateModified\":\"2024-02-14T12:49:06+00:00\",\"mainEntityOfPage\":{\"@id\":\"https:\/\/jornalfatosenoticias.com.br\/index.php\/2024\/02\/14\/preguica-gigante-da-era-do-gelo-e-encontrada-em-minas-gerais\/\"},\"wordCount\":558,\"commentCount\":0,\"publisher\":{\"@id\":\"https:\/\/jornalfatosenoticias.com.br\/#organization\"},\"image\":{\"@id\":\"https:\/\/jornalfatosenoticias.com.br\/index.php\/2024\/02\/14\/preguica-gigante-da-era-do-gelo-e-encontrada-em-minas-gerais\/#primaryimage\"},\"thumbnailUrl\":\"https:\/\/jornalfatosenoticias.com.br\/wp-content\/uploads\/2024\/02\/preguica-gigante_MG.jpg\",\"keywords\":[\"centro-oeste mineiro\",\"Era do Gelo\",\"f\u00f3sseis\",\"Minas Gerais\",\"pregui\u00e7a-gigante\"],\"articleSection\":[\"Paleo &amp; Arqueologia\"],\"inLanguage\":\"pt-BR\",\"potentialAction\":[{\"@type\":\"CommentAction\",\"name\":\"Comment\",\"target\":[\"https:\/\/jornalfatosenoticias.com.br\/index.php\/2024\/02\/14\/preguica-gigante-da-era-do-gelo-e-encontrada-em-minas-gerais\/#respond\"]}]},{\"@type\":\"WebPage\",\"@id\":\"https:\/\/jornalfatosenoticias.com.br\/index.php\/2024\/02\/14\/preguica-gigante-da-era-do-gelo-e-encontrada-em-minas-gerais\/\",\"url\":\"https:\/\/jornalfatosenoticias.com.br\/index.php\/2024\/02\/14\/preguica-gigante-da-era-do-gelo-e-encontrada-em-minas-gerais\/\",\"name\":\"Pregui\u00e7a-gigante da Era do Gelo \u00e9 encontrada em Minas Gerais - Jornal Fatos e Not\u00edcias\",\"isPartOf\":{\"@id\":\"https:\/\/jornalfatosenoticias.com.br\/#website\"},\"primaryImageOfPage\":{\"@id\":\"https:\/\/jornalfatosenoticias.com.br\/index.php\/2024\/02\/14\/preguica-gigante-da-era-do-gelo-e-encontrada-em-minas-gerais\/#primaryimage\"},\"image\":{\"@id\":\"https:\/\/jornalfatosenoticias.com.br\/index.php\/2024\/02\/14\/preguica-gigante-da-era-do-gelo-e-encontrada-em-minas-gerais\/#primaryimage\"},\"thumbnailUrl\":\"https:\/\/jornalfatosenoticias.com.br\/wp-content\/uploads\/2024\/02\/preguica-gigante_MG.jpg\",\"datePublished\":\"2024-02-14T12:49:04+00:00\",\"dateModified\":\"2024-02-14T12:49:06+00:00\",\"breadcrumb\":{\"@id\":\"https:\/\/jornalfatosenoticias.com.br\/index.php\/2024\/02\/14\/preguica-gigante-da-era-do-gelo-e-encontrada-em-minas-gerais\/#breadcrumb\"},\"inLanguage\":\"pt-BR\",\"potentialAction\":[{\"@type\":\"ReadAction\",\"target\":[\"https:\/\/jornalfatosenoticias.com.br\/index.php\/2024\/02\/14\/preguica-gigante-da-era-do-gelo-e-encontrada-em-minas-gerais\/\"]}]},{\"@type\":\"ImageObject\",\"inLanguage\":\"pt-BR\",\"@id\":\"https:\/\/jornalfatosenoticias.com.br\/index.php\/2024\/02\/14\/preguica-gigante-da-era-do-gelo-e-encontrada-em-minas-gerais\/#primaryimage\",\"url\":\"https:\/\/jornalfatosenoticias.com.br\/wp-content\/uploads\/2024\/02\/preguica-gigante_MG.jpg\",\"contentUrl\":\"https:\/\/jornalfatosenoticias.com.br\/wp-content\/uploads\/2024\/02\/preguica-gigante_MG.jpg\",\"width\":888,\"height\":666},{\"@type\":\"BreadcrumbList\",\"@id\":\"https:\/\/jornalfatosenoticias.com.br\/index.php\/2024\/02\/14\/preguica-gigante-da-era-do-gelo-e-encontrada-em-minas-gerais\/#breadcrumb\",\"itemListElement\":[{\"@type\":\"ListItem\",\"position\":1,\"name\":\"In\u00edcio\",\"item\":\"https:\/\/jornalfatosenoticias.com.br\/\"},{\"@type\":\"ListItem\",\"position\":2,\"name\":\"Pregui\u00e7a-gigante da Era do Gelo \u00e9 encontrada em Minas Gerais\"}]},{\"@type\":\"WebSite\",\"@id\":\"https:\/\/jornalfatosenoticias.com.br\/#website\",\"url\":\"https:\/\/jornalfatosenoticias.com.br\/\",\"name\":\"Jornal Fatos e Not\u00edcias\",\"description\":\"Not\u00edcias em geral\",\"publisher\":{\"@id\":\"https:\/\/jornalfatosenoticias.com.br\/#organization\"},\"potentialAction\":[{\"@type\":\"SearchAction\",\"target\":{\"@type\":\"EntryPoint\",\"urlTemplate\":\"https:\/\/jornalfatosenoticias.com.br\/?s={search_term_string}\"},\"query-input\":{\"@type\":\"PropertyValueSpecification\",\"valueRequired\":true,\"valueName\":\"search_term_string\"}}],\"inLanguage\":\"pt-BR\"},{\"@type\":\"Organization\",\"@id\":\"https:\/\/jornalfatosenoticias.com.br\/#organization\",\"name\":\"Jornal Fatos e Not\u00edcias\",\"url\":\"https:\/\/jornalfatosenoticias.com.br\/\",\"logo\":{\"@type\":\"ImageObject\",\"inLanguage\":\"pt-BR\",\"@id\":\"https:\/\/jornalfatosenoticias.com.br\/#\/schema\/logo\/image\/\",\"url\":\"https:\/\/jornalfatosenoticias.com.br\/wp-content\/uploads\/2020\/02\/logo120.png\",\"contentUrl\":\"https:\/\/jornalfatosenoticias.com.br\/wp-content\/uploads\/2020\/02\/logo120.png\",\"width\":1227,\"height\":120,\"caption\":\"Jornal Fatos e Not\u00edcias\"},\"image\":{\"@id\":\"https:\/\/jornalfatosenoticias.com.br\/#\/schema\/logo\/image\/\"}},{\"@type\":\"Person\",\"@id\":\"https:\/\/jornalfatosenoticias.com.br\/#\/schema\/person\/d63837fa13ac8666eb9e74e0985d6f81\",\"name\":\"Luzimara Fernandes\",\"image\":{\"@type\":\"ImageObject\",\"inLanguage\":\"pt-BR\",\"@id\":\"https:\/\/jornalfatosenoticias.com.br\/#\/schema\/person\/image\/\",\"url\":\"https:\/\/jornalfatosenoticias.com.br\/wp-content\/uploads\/2025\/05\/EU_portal.jpg\",\"contentUrl\":\"https:\/\/jornalfatosenoticias.com.br\/wp-content\/uploads\/2025\/05\/EU_portal.jpg\",\"caption\":\"Luzimara Fernandes\"},\"description\":\"Jornalista MTB 2358-ES\",\"sameAs\":[\"https:\/\/jornalfatosenoticias.com.br\"],\"url\":\"https:\/\/jornalfatosenoticias.com.br\/index.php\/author\/luzimara\/\"}]}<\/script>\n<!-- \/ Yoast SEO plugin. -->","yoast_head_json":{"title":"Pregui\u00e7a-gigante da Era do Gelo \u00e9 encontrada em Minas Gerais - Jornal Fatos e Not\u00edcias","robots":{"index":"index","follow":"follow","max-snippet":"max-snippet:-1","max-image-preview":"max-image-preview:large","max-video-preview":"max-video-preview:-1"},"canonical":"https:\/\/jornalfatosenoticias.com.br\/index.php\/2024\/02\/14\/preguica-gigante-da-era-do-gelo-e-encontrada-em-minas-gerais\/","og_locale":"pt_BR","og_type":"article","og_title":"Pregui\u00e7a-gigante da Era do Gelo \u00e9 encontrada em Minas Gerais - Jornal Fatos e Not\u00edcias","og_description":"Pesquisadores da PUC Minas encontraram f\u00f3sseis da esp\u00e9cie Catonyx aff. cuvieri de pregui\u00e7a-gigante na cidade de Pains, no centro-oeste mineiro Por Gabriel Andrade Pesquisadores da PUC Minas encontraram f\u00f3sseis da esp\u00e9cie Catonyx aff. cuvieri de pregui\u00e7a-gigante na cidade de Pains, no centro-oeste mineiro. Segundo os cientistas, o animal viveu no Pleistoceno e pertenceu a megafauna [&hellip;]","og_url":"https:\/\/jornalfatosenoticias.com.br\/index.php\/2024\/02\/14\/preguica-gigante-da-era-do-gelo-e-encontrada-em-minas-gerais\/","og_site_name":"Jornal Fatos e Not\u00edcias","article_published_time":"2024-02-14T12:49:04+00:00","article_modified_time":"2024-02-14T12:49:06+00:00","og_image":[{"width":888,"height":666,"url":"https:\/\/jornalfatosenoticias.com.br\/wp-content\/uploads\/2024\/02\/preguica-gigante_MG.jpg","type":"image\/jpeg"}],"author":"Luzimara Fernandes","twitter_card":"summary_large_image","twitter_misc":{"Escrito por":"Luzimara Fernandes","Est. tempo de leitura":"3 minutos"},"schema":{"@context":"https:\/\/schema.org","@graph":[{"@type":"Article","@id":"https:\/\/jornalfatosenoticias.com.br\/index.php\/2024\/02\/14\/preguica-gigante-da-era-do-gelo-e-encontrada-em-minas-gerais\/#article","isPartOf":{"@id":"https:\/\/jornalfatosenoticias.com.br\/index.php\/2024\/02\/14\/preguica-gigante-da-era-do-gelo-e-encontrada-em-minas-gerais\/"},"author":{"name":"Luzimara Fernandes","@id":"https:\/\/jornalfatosenoticias.com.br\/#\/schema\/person\/d63837fa13ac8666eb9e74e0985d6f81"},"headline":"Pregui\u00e7a-gigante da Era do Gelo \u00e9 encontrada em Minas Gerais","datePublished":"2024-02-14T12:49:04+00:00","dateModified":"2024-02-14T12:49:06+00:00","mainEntityOfPage":{"@id":"https:\/\/jornalfatosenoticias.com.br\/index.php\/2024\/02\/14\/preguica-gigante-da-era-do-gelo-e-encontrada-em-minas-gerais\/"},"wordCount":558,"commentCount":0,"publisher":{"@id":"https:\/\/jornalfatosenoticias.com.br\/#organization"},"image":{"@id":"https:\/\/jornalfatosenoticias.com.br\/index.php\/2024\/02\/14\/preguica-gigante-da-era-do-gelo-e-encontrada-em-minas-gerais\/#primaryimage"},"thumbnailUrl":"https:\/\/jornalfatosenoticias.com.br\/wp-content\/uploads\/2024\/02\/preguica-gigante_MG.jpg","keywords":["centro-oeste mineiro","Era do Gelo","f\u00f3sseis","Minas Gerais","pregui\u00e7a-gigante"],"articleSection":["Paleo &amp; Arqueologia"],"inLanguage":"pt-BR","potentialAction":[{"@type":"CommentAction","name":"Comment","target":["https:\/\/jornalfatosenoticias.com.br\/index.php\/2024\/02\/14\/preguica-gigante-da-era-do-gelo-e-encontrada-em-minas-gerais\/#respond"]}]},{"@type":"WebPage","@id":"https:\/\/jornalfatosenoticias.com.br\/index.php\/2024\/02\/14\/preguica-gigante-da-era-do-gelo-e-encontrada-em-minas-gerais\/","url":"https:\/\/jornalfatosenoticias.com.br\/index.php\/2024\/02\/14\/preguica-gigante-da-era-do-gelo-e-encontrada-em-minas-gerais\/","name":"Pregui\u00e7a-gigante da Era do Gelo \u00e9 encontrada em Minas Gerais - Jornal Fatos e Not\u00edcias","isPartOf":{"@id":"https:\/\/jornalfatosenoticias.com.br\/#website"},"primaryImageOfPage":{"@id":"https:\/\/jornalfatosenoticias.com.br\/index.php\/2024\/02\/14\/preguica-gigante-da-era-do-gelo-e-encontrada-em-minas-gerais\/#primaryimage"},"image":{"@id":"https:\/\/jornalfatosenoticias.com.br\/index.php\/2024\/02\/14\/preguica-gigante-da-era-do-gelo-e-encontrada-em-minas-gerais\/#primaryimage"},"thumbnailUrl":"https:\/\/jornalfatosenoticias.com.br\/wp-content\/uploads\/2024\/02\/preguica-gigante_MG.jpg","datePublished":"2024-02-14T12:49:04+00:00","dateModified":"2024-02-14T12:49:06+00:00","breadcrumb":{"@id":"https:\/\/jornalfatosenoticias.com.br\/index.php\/2024\/02\/14\/preguica-gigante-da-era-do-gelo-e-encontrada-em-minas-gerais\/#breadcrumb"},"inLanguage":"pt-BR","potentialAction":[{"@type":"ReadAction","target":["https:\/\/jornalfatosenoticias.com.br\/index.php\/2024\/02\/14\/preguica-gigante-da-era-do-gelo-e-encontrada-em-minas-gerais\/"]}]},{"@type":"ImageObject","inLanguage":"pt-BR","@id":"https:\/\/jornalfatosenoticias.com.br\/index.php\/2024\/02\/14\/preguica-gigante-da-era-do-gelo-e-encontrada-em-minas-gerais\/#primaryimage","url":"https:\/\/jornalfatosenoticias.com.br\/wp-content\/uploads\/2024\/02\/preguica-gigante_MG.jpg","contentUrl":"https:\/\/jornalfatosenoticias.com.br\/wp-content\/uploads\/2024\/02\/preguica-gigante_MG.jpg","width":888,"height":666},{"@type":"BreadcrumbList","@id":"https:\/\/jornalfatosenoticias.com.br\/index.php\/2024\/02\/14\/preguica-gigante-da-era-do-gelo-e-encontrada-em-minas-gerais\/#breadcrumb","itemListElement":[{"@type":"ListItem","position":1,"name":"In\u00edcio","item":"https:\/\/jornalfatosenoticias.com.br\/"},{"@type":"ListItem","position":2,"name":"Pregui\u00e7a-gigante da Era do Gelo \u00e9 encontrada em Minas Gerais"}]},{"@type":"WebSite","@id":"https:\/\/jornalfatosenoticias.com.br\/#website","url":"https:\/\/jornalfatosenoticias.com.br\/","name":"Jornal Fatos e Not\u00edcias","description":"Not\u00edcias em geral","publisher":{"@id":"https:\/\/jornalfatosenoticias.com.br\/#organization"},"potentialAction":[{"@type":"SearchAction","target":{"@type":"EntryPoint","urlTemplate":"https:\/\/jornalfatosenoticias.com.br\/?s={search_term_string}"},"query-input":{"@type":"PropertyValueSpecification","valueRequired":true,"valueName":"search_term_string"}}],"inLanguage":"pt-BR"},{"@type":"Organization","@id":"https:\/\/jornalfatosenoticias.com.br\/#organization","name":"Jornal Fatos e Not\u00edcias","url":"https:\/\/jornalfatosenoticias.com.br\/","logo":{"@type":"ImageObject","inLanguage":"pt-BR","@id":"https:\/\/jornalfatosenoticias.com.br\/#\/schema\/logo\/image\/","url":"https:\/\/jornalfatosenoticias.com.br\/wp-content\/uploads\/2020\/02\/logo120.png","contentUrl":"https:\/\/jornalfatosenoticias.com.br\/wp-content\/uploads\/2020\/02\/logo120.png","width":1227,"height":120,"caption":"Jornal Fatos e Not\u00edcias"},"image":{"@id":"https:\/\/jornalfatosenoticias.com.br\/#\/schema\/logo\/image\/"}},{"@type":"Person","@id":"https:\/\/jornalfatosenoticias.com.br\/#\/schema\/person\/d63837fa13ac8666eb9e74e0985d6f81","name":"Luzimara Fernandes","image":{"@type":"ImageObject","inLanguage":"pt-BR","@id":"https:\/\/jornalfatosenoticias.com.br\/#\/schema\/person\/image\/","url":"https:\/\/jornalfatosenoticias.com.br\/wp-content\/uploads\/2025\/05\/EU_portal.jpg","contentUrl":"https:\/\/jornalfatosenoticias.com.br\/wp-content\/uploads\/2025\/05\/EU_portal.jpg","caption":"Luzimara Fernandes"},"description":"Jornalista MTB 2358-ES","sameAs":["https:\/\/jornalfatosenoticias.com.br"],"url":"https:\/\/jornalfatosenoticias.com.br\/index.php\/author\/luzimara\/"}]}},"cc_featured_image_caption":{"caption_text":"","source_text":"","source_url":""},"jetpack_featured_media_url":"https:\/\/jornalfatosenoticias.com.br\/wp-content\/uploads\/2024\/02\/preguica-gigante_MG.jpg","_links":{"self":[{"href":"https:\/\/jornalfatosenoticias.com.br\/index.php\/wp-json\/wp\/v2\/posts\/49172","targetHints":{"allow":["GET"]}}],"collection":[{"href":"https:\/\/jornalfatosenoticias.com.br\/index.php\/wp-json\/wp\/v2\/posts"}],"about":[{"href":"https:\/\/jornalfatosenoticias.com.br\/index.php\/wp-json\/wp\/v2\/types\/post"}],"author":[{"embeddable":true,"href":"https:\/\/jornalfatosenoticias.com.br\/index.php\/wp-json\/wp\/v2\/users\/2"}],"replies":[{"embeddable":true,"href":"https:\/\/jornalfatosenoticias.com.br\/index.php\/wp-json\/wp\/v2\/comments?post=49172"}],"version-history":[{"count":0,"href":"https:\/\/jornalfatosenoticias.com.br\/index.php\/wp-json\/wp\/v2\/posts\/49172\/revisions"}],"wp:featuredmedia":[{"embeddable":true,"href":"https:\/\/jornalfatosenoticias.com.br\/index.php\/wp-json\/wp\/v2\/media\/49173"}],"wp:attachment":[{"href":"https:\/\/jornalfatosenoticias.com.br\/index.php\/wp-json\/wp\/v2\/media?parent=49172"}],"wp:term":[{"taxonomy":"category","embeddable":true,"href":"https:\/\/jornalfatosenoticias.com.br\/index.php\/wp-json\/wp\/v2\/categories?post=49172"},{"taxonomy":"post_tag","embeddable":true,"href":"https:\/\/jornalfatosenoticias.com.br\/index.php\/wp-json\/wp\/v2\/tags?post=49172"}],"curies":[{"name":"wp","href":"https:\/\/api.w.org\/{rel}","templated":true}]}}