{"id":49211,"date":"2024-02-14T15:40:08","date_gmt":"2024-02-14T18:40:08","guid":{"rendered":"https:\/\/jornalfatosenoticias.com.br\/?p=49211"},"modified":"2024-02-14T15:40:10","modified_gmt":"2024-02-14T18:40:10","slug":"dois-detentos-fogem-de-presidio-federal-de-seguranca-maxima-no-rn","status":"publish","type":"post","link":"https:\/\/jornalfatosenoticias.com.br\/index.php\/2024\/02\/14\/dois-detentos-fogem-de-presidio-federal-de-seguranca-maxima-no-rn\/","title":{"rendered":"Dois detentos fogem de pres\u00eddio federal de seguran\u00e7a m\u00e1xima no RN"},"content":{"rendered":"\n<p><em><span class=\"has-inline-color has-black-color\">Primeiras informa\u00e7\u00f5es apontam que detentos s\u00e3o ligados ao Comando Vermelho. Fuga \u00e9 a primeira da hist\u00f3ria em pres\u00eddios federais<\/span><\/em><\/p>\n\n\n\n<p><span class=\"has-inline-color has-black-color\">Por <strong><a href=\"https:\/\/www.gazetadopovo.com.br\/autor\/guilherme-grandi\/\">Guilherme Grandi<\/a><\/strong><\/span><\/p>\n\n\n\n<div class=\"wp-block-image\"><figure class=\"aligncenter size-large\"><img loading=\"lazy\" decoding=\"async\" width=\"1024\" height=\"111\" src=\"https:\/\/jornalfatosenoticias.com.br\/wp-content\/uploads\/2020\/02\/WhatsApp-Image-2022-09-23-at-12.09.18-1024x111.jpeg\" alt=\"\" class=\"wp-image-34527\" srcset=\"https:\/\/jornalfatosenoticias.com.br\/wp-content\/uploads\/2020\/02\/WhatsApp-Image-2022-09-23-at-12.09.18-1024x111.jpeg 1024w, https:\/\/jornalfatosenoticias.com.br\/wp-content\/uploads\/2020\/02\/WhatsApp-Image-2022-09-23-at-12.09.18-300x32.jpeg 300w, https:\/\/jornalfatosenoticias.com.br\/wp-content\/uploads\/2020\/02\/WhatsApp-Image-2022-09-23-at-12.09.18-768x83.jpeg 768w, https:\/\/jornalfatosenoticias.com.br\/wp-content\/uploads\/2020\/02\/WhatsApp-Image-2022-09-23-at-12.09.18.jpeg 1121w\" sizes=\"auto, (max-width: 1024px) 100vw, 1024px\" \/><\/figure><\/div>\n\n\n\n<p>Dois presos da Penitenci\u00e1ria Federal de Mossor\u00f3, no Rio Grande do Norte, fugiram da unidade na manh\u00e3 desta quarta (14). As informa\u00e7\u00f5es preliminares apontam que eles s\u00e3o ligados ao Comando Vermelho e estavam detidos anteriormente em Rio Branco, no Acre. Esta \u00e9 a primeira fuga de uma penitenci\u00e1ria federal de seguran\u00e7a m\u00e1xima desde que o sistema foi criado em 2006.<br>\u00c0 Gazeta do Povo, a Secretaria de Estado da Seguran\u00e7a P\u00fablica do estado confirmou que foi pedido um refor\u00e7o na seguran\u00e7a da regi\u00e3o, mas as circunst\u00e2ncias da fuga n\u00e3o foram informadas pela unidade ser gerida pelo Minist\u00e9rio da Justi\u00e7a atrav\u00e9s da Secretaria Nacional de Pol\u00edticas Penais (Senappen).<\/p>\n\n\n\n<div class=\"wp-block-image\"><figure class=\"aligncenter size-large is-resized\"><img loading=\"lazy\" decoding=\"async\" src=\"https:\/\/jornalfatosenoticias.com.br\/wp-content\/uploads\/2020\/02\/CONTROL-CS.jpg\" alt=\"\" class=\"wp-image-44991\" width=\"307\" height=\"368\" srcset=\"https:\/\/jornalfatosenoticias.com.br\/wp-content\/uploads\/2020\/02\/CONTROL-CS.jpg 834w, https:\/\/jornalfatosenoticias.com.br\/wp-content\/uploads\/2020\/02\/CONTROL-CS-250x300.jpg 250w, https:\/\/jornalfatosenoticias.com.br\/wp-content\/uploads\/2020\/02\/CONTROL-CS-768x921.jpg 768w\" sizes=\"auto, (max-width: 307px) 100vw, 307px\" \/><\/figure><\/div>\n\n\n\n<p>O minist\u00e9rio informou \u00e0 reportagem que a Pol\u00edcia Federal atua na recaptura dos dois detentos e na apura\u00e7\u00e3o das circunst\u00e2ncias da fuga. A Pol\u00edcia Rodovi\u00e1ria Federal tamb\u00e9m foi acionada para monitorar as rodovias da regi\u00e3o em busca dos fugitivos.<\/p>\n\n\n\n<div class=\"wp-block-image\"><figure class=\"aligncenter size-large is-resized\"><img loading=\"lazy\" decoding=\"async\" src=\"https:\/\/jornalfatosenoticias.com.br\/wp-content\/uploads\/2020\/02\/logo-Rapuzel-1024x571.jpg\" alt=\"\" class=\"wp-image-42808\" width=\"381\" height=\"212\" srcset=\"https:\/\/jornalfatosenoticias.com.br\/wp-content\/uploads\/2020\/02\/logo-Rapuzel-1024x571.jpg 1024w, https:\/\/jornalfatosenoticias.com.br\/wp-content\/uploads\/2020\/02\/logo-Rapuzel-300x167.jpg 300w, https:\/\/jornalfatosenoticias.com.br\/wp-content\/uploads\/2020\/02\/logo-Rapuzel-768x428.jpg 768w, https:\/\/jornalfatosenoticias.com.br\/wp-content\/uploads\/2020\/02\/logo-Rapuzel-1536x856.jpg 1536w, https:\/\/jornalfatosenoticias.com.br\/wp-content\/uploads\/2020\/02\/logo-Rapuzel.jpg 1600w\" sizes=\"auto, (max-width: 381px) 100vw, 381px\" \/><\/figure><\/div>\n\n\n\n<p>Ainda segundo o minist\u00e9rio informou \u00e0 Gazeta do Povo, o secret\u00e1rio Andr\u00e9 Garcia, da Senappen, viajou a Mossor\u00f3 para acompanhar a opera\u00e7\u00e3o de recaptura dos detentos e apura\u00e7\u00e3o das circunst\u00e2ncias da fuga. Garcia foi nomeado na semana passada ap\u00f3s a troca de comando na pasta, que passou de Fl\u00e1vio Dino para Ricardo Lewandowski.<\/p>\n\n\n\n<div class=\"wp-block-image\"><figure class=\"aligncenter size-large\"><img loading=\"lazy\" decoding=\"async\" width=\"300\" height=\"250\" src=\"https:\/\/jornalfatosenoticias.com.br\/wp-content\/uploads\/2022\/02\/FERRARI_MAQUINAS-E-FERRAMENTAS2.jpg\" alt=\"\" class=\"wp-image-27860\"\/><\/figure><\/div>\n\n\n\n<p>Os detentos foram identificados como Rog\u00e9rio da Silva Mendon\u00e7a, vulgo Querubim, Chapa, Cabe\u00e7a de Martelo ou Martelo; e Deibson Cabral Nascimento, conhecido como Tatu, Deisinho ou Deicinho. Eles fazem parte da mesma fac\u00e7\u00e3o criminosa liderada por Fernandinho Beira-Mar, que cumpre pena no mesmo pres\u00eddio.<\/p>\n\n\n\n<div class=\"wp-block-image\"><figure class=\"aligncenter size-large\"><img loading=\"lazy\" decoding=\"async\" width=\"300\" height=\"250\" src=\"https:\/\/jornalfatosenoticias.com.br\/wp-content\/uploads\/2020\/02\/Banner-2.png\" alt=\"\" class=\"wp-image-43787\"\/><\/figure><\/div>\n\n\n\n<p>De acordo com o Instituto de Administra\u00e7\u00e3o Penitenci\u00e1ria do Acre (Iapen-AC), os dois detentos somam 155 anos de pena de pris\u00e3o por assaltos a m\u00e3o armada. Mendon\u00e7a e Nascimento estavam detidos anteriormente em um pres\u00eddio de Rio Branco, no Acre, e foram transferidos para Mossor\u00f3 em setembro do ano passado ap\u00f3s uma rebeli\u00e3o violenta que terminou com cinco mortos em julho. Al\u00e9m da dupla, outras 12 pessoas foram transferidas para a penitenci\u00e1ria envolvidas no motim.<\/p>\n\n\n\n<div class=\"wp-block-image\"><figure class=\"aligncenter size-large is-resized\"><img loading=\"lazy\" decoding=\"async\" src=\"https:\/\/jornalfatosenoticias.com.br\/wp-content\/uploads\/2023\/03\/logo-Panper_portal.jpg\" alt=\"\" class=\"wp-image-40208\" width=\"351\" height=\"243\" srcset=\"https:\/\/jornalfatosenoticias.com.br\/wp-content\/uploads\/2023\/03\/logo-Panper_portal.jpg 400w, https:\/\/jornalfatosenoticias.com.br\/wp-content\/uploads\/2023\/03\/logo-Panper_portal-300x208.jpg 300w\" sizes=\"auto, (max-width: 351px) 100vw, 351px\" \/><\/figure><\/div>\n\n\n\n<p>Esta \u00e9 a primeira fuga na hist\u00f3ria de uma das cinco penitenci\u00e1rias federais de seguran\u00e7a m\u00e1xima do pa\u00eds, que s\u00e3o subordinadas ao Minist\u00e9rio da Justi\u00e7a e Seguran\u00e7a P\u00fablica, e agora abre a primeira crise sob o comando de Lewandowski. Al\u00e9m de Mossor\u00f3, o sistema penitenci\u00e1rio federal conta com unidades em Bras\u00edlia, Catanduvas (PR), Porto Velho (RO) e Campo Grande (MS), e foi criado em 2006 para abrigar os detentos considerados de maior periculosidade do pa\u00eds, com um regime mais r\u00edgido do que nas demais unidades prisionais brasileiras.<\/p>\n\n\n\n<div class=\"wp-block-image\"><figure class=\"aligncenter size-large\"><img decoding=\"async\" src=\"https:\/\/jornalfatosenoticias.com.br\/wp-content\/uploads\/2020\/02\/logo_esteio.jpg\" alt=\"\" class=\"wp-image-1214\"\/><\/figure><\/div>\n\n\n\n<blockquote class=\"wp-block-quote is-layout-flow wp-block-quote-is-layout-flow\"><p><span class=\"has-inline-color has-luminous-vivid-orange-color\">O\u00a0Sistema Penitenci\u00e1rio Federal (SPF), coordenado pela Secretaria Nacional de Pol\u00edticas Penais (<em>Senappen<\/em>), \u00e9 um regime de execu\u00e7\u00e3o penal concebido com a finalidade de combater o crime organizado,\u00a0isolando as lideran\u00e7as criminosas e os presos de alta periculosidade. Desde a sua cria\u00e7\u00e3o, \u00e9 refer\u00eancia de\u00a0disciplina e procedimento, uma vez que nunca houve fuga, rebeli\u00e3o nem entrada de materiais il\u00edcitos nas unidades penitenci\u00e1rias, aplicando-se fielmente a\u00a0Lei de Execu\u00e7\u00f5es Penais (LEP)&#8221;, diz a Senappen.<\/span><\/p><\/blockquote>\n\n\n\n<div class=\"wp-block-image\"><figure class=\"aligncenter size-large is-resized\"><img loading=\"lazy\" decoding=\"async\" src=\"https:\/\/jornalfatosenoticias.com.br\/wp-content\/uploads\/2023\/03\/nova-logo-Marquetti.jpg\" alt=\"\" class=\"wp-image-40207\" width=\"356\" height=\"239\" srcset=\"https:\/\/jornalfatosenoticias.com.br\/wp-content\/uploads\/2023\/03\/nova-logo-Marquetti.jpg 643w, https:\/\/jornalfatosenoticias.com.br\/wp-content\/uploads\/2023\/03\/nova-logo-Marquetti-300x202.jpg 300w\" sizes=\"auto, (max-width: 356px) 100vw, 356px\" \/><\/figure><\/div>\n\n\n\n<p>A unidade de Mossor\u00f3 foi inaugurada em 2009, tem capacidade para 208 detentos e est\u00e1 localizada a cerca de 15 quil\u00f4metros de dist\u00e2ncia do centro da cidade. A fuga da penitenci\u00e1ria federal de Mossor\u00f3 ocorre quase um ano depois do estado do Rio Grande do Norte ser alvo de mais de 300 ataques orquestrados por fac\u00e7\u00f5es criminosas em que os detentos estavam descontentes com a falta de &#8220;regalias&#8221; \u2014 como visitas \u00edntimas \u2014 ap\u00f3s a rebeli\u00e3o no pres\u00eddio de Alca\u00e7uz, em 2017.<\/p>\n\n\n\n<div class=\"wp-block-image\"><figure class=\"aligncenter size-large is-resized\"><img loading=\"lazy\" decoding=\"async\" src=\"https:\/\/jornalfatosenoticias.com.br\/wp-content\/uploads\/2023\/09\/vetorvix1024_1.jpg\" alt=\"\" class=\"wp-image-44868\" width=\"505\" height=\"134\" srcset=\"https:\/\/jornalfatosenoticias.com.br\/wp-content\/uploads\/2023\/09\/vetorvix1024_1.jpg 1024w, https:\/\/jornalfatosenoticias.com.br\/wp-content\/uploads\/2023\/09\/vetorvix1024_1-300x80.jpg 300w, https:\/\/jornalfatosenoticias.com.br\/wp-content\/uploads\/2023\/09\/vetorvix1024_1-768x205.jpg 768w\" sizes=\"auto, (max-width: 505px) 100vw, 505px\" \/><\/figure><\/div>\n\n\n\n<p><strong><em>Fonte: <a href=\"https:\/\/www.gazetadopovo.com.br\/brasil\/dois-detentos-fogem-presidio-federal-seguranca-maxima-rn\/\">Gazeta do Povo<\/a><\/em><\/strong><\/p>\n","protected":false},"excerpt":{"rendered":"<p>Primeiras informa\u00e7\u00f5es apontam que detentos s\u00e3o ligados ao Comando Vermelho. Fuga \u00e9 a primeira da hist\u00f3ria em pres\u00eddios federais Por Guilherme Grandi Dois presos da Penitenci\u00e1ria Federal de Mossor\u00f3, no Rio Grande do Norte, fugiram da unidade na manh\u00e3 desta quarta (14). As informa\u00e7\u00f5es preliminares apontam que eles s\u00e3o ligados ao Comando Vermelho e estavam [&hellip;]<\/p>\n","protected":false},"author":2,"featured_media":49212,"comment_status":"open","ping_status":"open","sticky":false,"template":"","format":"standard","meta":{"footnotes":""},"categories":[5],"tags":[18251,19213,22368,1033,4101],"class_list":["post-49211","post","type-post","status-publish","format-standard","has-post-thumbnail","hentry","category-geral","tag-bandidagem","tag-fuga","tag-ricardo-lewandowski","tag-seguranca","tag-seguranca-publica"],"yoast_head":"<!-- This site is optimized with the Yoast SEO plugin v26.5 - https:\/\/yoast.com\/wordpress\/plugins\/seo\/ -->\n<title>Dois detentos fogem de pres\u00eddio federal de seguran\u00e7a m\u00e1xima no RN - Jornal Fatos e Not\u00edcias<\/title>\n<meta name=\"robots\" content=\"index, follow, max-snippet:-1, max-image-preview:large, max-video-preview:-1\" \/>\n<link rel=\"canonical\" href=\"https:\/\/jornalfatosenoticias.com.br\/index.php\/2024\/02\/14\/dois-detentos-fogem-de-presidio-federal-de-seguranca-maxima-no-rn\/\" \/>\n<meta property=\"og:locale\" content=\"pt_BR\" \/>\n<meta property=\"og:type\" content=\"article\" \/>\n<meta property=\"og:title\" content=\"Dois detentos fogem de pres\u00eddio federal de seguran\u00e7a m\u00e1xima no RN - Jornal Fatos e Not\u00edcias\" \/>\n<meta property=\"og:description\" content=\"Primeiras informa\u00e7\u00f5es apontam que detentos s\u00e3o ligados ao Comando Vermelho. Fuga \u00e9 a primeira da hist\u00f3ria em pres\u00eddios federais Por Guilherme Grandi Dois presos da Penitenci\u00e1ria Federal de Mossor\u00f3, no Rio Grande do Norte, fugiram da unidade na manh\u00e3 desta quarta (14). As informa\u00e7\u00f5es preliminares apontam que eles s\u00e3o ligados ao Comando Vermelho e estavam [&hellip;]\" \/>\n<meta property=\"og:url\" content=\"https:\/\/jornalfatosenoticias.com.br\/index.php\/2024\/02\/14\/dois-detentos-fogem-de-presidio-federal-de-seguranca-maxima-no-rn\/\" \/>\n<meta property=\"og:site_name\" content=\"Jornal Fatos e Not\u00edcias\" \/>\n<meta property=\"article:published_time\" content=\"2024-02-14T18:40:08+00:00\" \/>\n<meta property=\"article:modified_time\" content=\"2024-02-14T18:40:10+00:00\" \/>\n<meta property=\"og:image\" content=\"https:\/\/jornalfatosenoticias.com.br\/wp-content\/uploads\/2024\/02\/penitenciaria-federal-foto-divulgacao-depen-960x540-1.jpg\" \/>\n\t<meta property=\"og:image:width\" content=\"960\" \/>\n\t<meta property=\"og:image:height\" content=\"540\" \/>\n\t<meta property=\"og:image:type\" content=\"image\/jpeg\" \/>\n<meta name=\"author\" content=\"Luzimara Fernandes\" \/>\n<meta name=\"twitter:card\" content=\"summary_large_image\" \/>\n<meta name=\"twitter:label1\" content=\"Escrito por\" \/>\n\t<meta name=\"twitter:data1\" content=\"Luzimara Fernandes\" \/>\n\t<meta name=\"twitter:label2\" content=\"Est. tempo de leitura\" \/>\n\t<meta name=\"twitter:data2\" content=\"3 minutos\" \/>\n<script type=\"application\/ld+json\" class=\"yoast-schema-graph\">{\"@context\":\"https:\/\/schema.org\",\"@graph\":[{\"@type\":\"Article\",\"@id\":\"https:\/\/jornalfatosenoticias.com.br\/index.php\/2024\/02\/14\/dois-detentos-fogem-de-presidio-federal-de-seguranca-maxima-no-rn\/#article\",\"isPartOf\":{\"@id\":\"https:\/\/jornalfatosenoticias.com.br\/index.php\/2024\/02\/14\/dois-detentos-fogem-de-presidio-federal-de-seguranca-maxima-no-rn\/\"},\"author\":{\"name\":\"Luzimara Fernandes\",\"@id\":\"https:\/\/jornalfatosenoticias.com.br\/#\/schema\/person\/d63837fa13ac8666eb9e74e0985d6f81\"},\"headline\":\"Dois detentos fogem de pres\u00eddio federal de seguran\u00e7a m\u00e1xima no RN\",\"datePublished\":\"2024-02-14T18:40:08+00:00\",\"dateModified\":\"2024-02-14T18:40:10+00:00\",\"mainEntityOfPage\":{\"@id\":\"https:\/\/jornalfatosenoticias.com.br\/index.php\/2024\/02\/14\/dois-detentos-fogem-de-presidio-federal-de-seguranca-maxima-no-rn\/\"},\"wordCount\":665,\"commentCount\":0,\"publisher\":{\"@id\":\"https:\/\/jornalfatosenoticias.com.br\/#organization\"},\"image\":{\"@id\":\"https:\/\/jornalfatosenoticias.com.br\/index.php\/2024\/02\/14\/dois-detentos-fogem-de-presidio-federal-de-seguranca-maxima-no-rn\/#primaryimage\"},\"thumbnailUrl\":\"https:\/\/jornalfatosenoticias.com.br\/wp-content\/uploads\/2024\/02\/penitenciaria-federal-foto-divulgacao-depen-960x540-1.jpg\",\"keywords\":[\"bandidagem\",\"fuga\",\"Ricardo Lewandowski\",\"seguran\u00e7a\",\"seguran\u00e7a p\u00fablica\"],\"articleSection\":[\"Geral\"],\"inLanguage\":\"pt-BR\",\"potentialAction\":[{\"@type\":\"CommentAction\",\"name\":\"Comment\",\"target\":[\"https:\/\/jornalfatosenoticias.com.br\/index.php\/2024\/02\/14\/dois-detentos-fogem-de-presidio-federal-de-seguranca-maxima-no-rn\/#respond\"]}]},{\"@type\":\"WebPage\",\"@id\":\"https:\/\/jornalfatosenoticias.com.br\/index.php\/2024\/02\/14\/dois-detentos-fogem-de-presidio-federal-de-seguranca-maxima-no-rn\/\",\"url\":\"https:\/\/jornalfatosenoticias.com.br\/index.php\/2024\/02\/14\/dois-detentos-fogem-de-presidio-federal-de-seguranca-maxima-no-rn\/\",\"name\":\"Dois detentos fogem de pres\u00eddio federal de seguran\u00e7a m\u00e1xima no RN - Jornal Fatos e Not\u00edcias\",\"isPartOf\":{\"@id\":\"https:\/\/jornalfatosenoticias.com.br\/#website\"},\"primaryImageOfPage\":{\"@id\":\"https:\/\/jornalfatosenoticias.com.br\/index.php\/2024\/02\/14\/dois-detentos-fogem-de-presidio-federal-de-seguranca-maxima-no-rn\/#primaryimage\"},\"image\":{\"@id\":\"https:\/\/jornalfatosenoticias.com.br\/index.php\/2024\/02\/14\/dois-detentos-fogem-de-presidio-federal-de-seguranca-maxima-no-rn\/#primaryimage\"},\"thumbnailUrl\":\"https:\/\/jornalfatosenoticias.com.br\/wp-content\/uploads\/2024\/02\/penitenciaria-federal-foto-divulgacao-depen-960x540-1.jpg\",\"datePublished\":\"2024-02-14T18:40:08+00:00\",\"dateModified\":\"2024-02-14T18:40:10+00:00\",\"breadcrumb\":{\"@id\":\"https:\/\/jornalfatosenoticias.com.br\/index.php\/2024\/02\/14\/dois-detentos-fogem-de-presidio-federal-de-seguranca-maxima-no-rn\/#breadcrumb\"},\"inLanguage\":\"pt-BR\",\"potentialAction\":[{\"@type\":\"ReadAction\",\"target\":[\"https:\/\/jornalfatosenoticias.com.br\/index.php\/2024\/02\/14\/dois-detentos-fogem-de-presidio-federal-de-seguranca-maxima-no-rn\/\"]}]},{\"@type\":\"ImageObject\",\"inLanguage\":\"pt-BR\",\"@id\":\"https:\/\/jornalfatosenoticias.com.br\/index.php\/2024\/02\/14\/dois-detentos-fogem-de-presidio-federal-de-seguranca-maxima-no-rn\/#primaryimage\",\"url\":\"https:\/\/jornalfatosenoticias.com.br\/wp-content\/uploads\/2024\/02\/penitenciaria-federal-foto-divulgacao-depen-960x540-1.jpg\",\"contentUrl\":\"https:\/\/jornalfatosenoticias.com.br\/wp-content\/uploads\/2024\/02\/penitenciaria-federal-foto-divulgacao-depen-960x540-1.jpg\",\"width\":960,\"height\":540},{\"@type\":\"BreadcrumbList\",\"@id\":\"https:\/\/jornalfatosenoticias.com.br\/index.php\/2024\/02\/14\/dois-detentos-fogem-de-presidio-federal-de-seguranca-maxima-no-rn\/#breadcrumb\",\"itemListElement\":[{\"@type\":\"ListItem\",\"position\":1,\"name\":\"In\u00edcio\",\"item\":\"https:\/\/jornalfatosenoticias.com.br\/\"},{\"@type\":\"ListItem\",\"position\":2,\"name\":\"Dois detentos fogem de pres\u00eddio federal de seguran\u00e7a m\u00e1xima no RN\"}]},{\"@type\":\"WebSite\",\"@id\":\"https:\/\/jornalfatosenoticias.com.br\/#website\",\"url\":\"https:\/\/jornalfatosenoticias.com.br\/\",\"name\":\"Jornal Fatos e Not\u00edcias\",\"description\":\"Not\u00edcias em geral\",\"publisher\":{\"@id\":\"https:\/\/jornalfatosenoticias.com.br\/#organization\"},\"potentialAction\":[{\"@type\":\"SearchAction\",\"target\":{\"@type\":\"EntryPoint\",\"urlTemplate\":\"https:\/\/jornalfatosenoticias.com.br\/?s={search_term_string}\"},\"query-input\":{\"@type\":\"PropertyValueSpecification\",\"valueRequired\":true,\"valueName\":\"search_term_string\"}}],\"inLanguage\":\"pt-BR\"},{\"@type\":\"Organization\",\"@id\":\"https:\/\/jornalfatosenoticias.com.br\/#organization\",\"name\":\"Jornal Fatos e Not\u00edcias\",\"url\":\"https:\/\/jornalfatosenoticias.com.br\/\",\"logo\":{\"@type\":\"ImageObject\",\"inLanguage\":\"pt-BR\",\"@id\":\"https:\/\/jornalfatosenoticias.com.br\/#\/schema\/logo\/image\/\",\"url\":\"https:\/\/jornalfatosenoticias.com.br\/wp-content\/uploads\/2020\/02\/logo120.png\",\"contentUrl\":\"https:\/\/jornalfatosenoticias.com.br\/wp-content\/uploads\/2020\/02\/logo120.png\",\"width\":1227,\"height\":120,\"caption\":\"Jornal Fatos e Not\u00edcias\"},\"image\":{\"@id\":\"https:\/\/jornalfatosenoticias.com.br\/#\/schema\/logo\/image\/\"}},{\"@type\":\"Person\",\"@id\":\"https:\/\/jornalfatosenoticias.com.br\/#\/schema\/person\/d63837fa13ac8666eb9e74e0985d6f81\",\"name\":\"Luzimara Fernandes\",\"image\":{\"@type\":\"ImageObject\",\"inLanguage\":\"pt-BR\",\"@id\":\"https:\/\/jornalfatosenoticias.com.br\/#\/schema\/person\/image\/\",\"url\":\"https:\/\/jornalfatosenoticias.com.br\/wp-content\/uploads\/2025\/05\/EU_portal.jpg\",\"contentUrl\":\"https:\/\/jornalfatosenoticias.com.br\/wp-content\/uploads\/2025\/05\/EU_portal.jpg\",\"caption\":\"Luzimara Fernandes\"},\"description\":\"Jornalista MTB 2358-ES\",\"sameAs\":[\"https:\/\/jornalfatosenoticias.com.br\"],\"url\":\"https:\/\/jornalfatosenoticias.com.br\/index.php\/author\/luzimara\/\"}]}<\/script>\n<!-- \/ Yoast SEO plugin. -->","yoast_head_json":{"title":"Dois detentos fogem de pres\u00eddio federal de seguran\u00e7a m\u00e1xima no RN - Jornal Fatos e Not\u00edcias","robots":{"index":"index","follow":"follow","max-snippet":"max-snippet:-1","max-image-preview":"max-image-preview:large","max-video-preview":"max-video-preview:-1"},"canonical":"https:\/\/jornalfatosenoticias.com.br\/index.php\/2024\/02\/14\/dois-detentos-fogem-de-presidio-federal-de-seguranca-maxima-no-rn\/","og_locale":"pt_BR","og_type":"article","og_title":"Dois detentos fogem de pres\u00eddio federal de seguran\u00e7a m\u00e1xima no RN - Jornal Fatos e Not\u00edcias","og_description":"Primeiras informa\u00e7\u00f5es apontam que detentos s\u00e3o ligados ao Comando Vermelho. Fuga \u00e9 a primeira da hist\u00f3ria em pres\u00eddios federais Por Guilherme Grandi Dois presos da Penitenci\u00e1ria Federal de Mossor\u00f3, no Rio Grande do Norte, fugiram da unidade na manh\u00e3 desta quarta (14). As informa\u00e7\u00f5es preliminares apontam que eles s\u00e3o ligados ao Comando Vermelho e estavam [&hellip;]","og_url":"https:\/\/jornalfatosenoticias.com.br\/index.php\/2024\/02\/14\/dois-detentos-fogem-de-presidio-federal-de-seguranca-maxima-no-rn\/","og_site_name":"Jornal Fatos e Not\u00edcias","article_published_time":"2024-02-14T18:40:08+00:00","article_modified_time":"2024-02-14T18:40:10+00:00","og_image":[{"width":960,"height":540,"url":"https:\/\/jornalfatosenoticias.com.br\/wp-content\/uploads\/2024\/02\/penitenciaria-federal-foto-divulgacao-depen-960x540-1.jpg","type":"image\/jpeg"}],"author":"Luzimara Fernandes","twitter_card":"summary_large_image","twitter_misc":{"Escrito por":"Luzimara Fernandes","Est. tempo de leitura":"3 minutos"},"schema":{"@context":"https:\/\/schema.org","@graph":[{"@type":"Article","@id":"https:\/\/jornalfatosenoticias.com.br\/index.php\/2024\/02\/14\/dois-detentos-fogem-de-presidio-federal-de-seguranca-maxima-no-rn\/#article","isPartOf":{"@id":"https:\/\/jornalfatosenoticias.com.br\/index.php\/2024\/02\/14\/dois-detentos-fogem-de-presidio-federal-de-seguranca-maxima-no-rn\/"},"author":{"name":"Luzimara Fernandes","@id":"https:\/\/jornalfatosenoticias.com.br\/#\/schema\/person\/d63837fa13ac8666eb9e74e0985d6f81"},"headline":"Dois detentos fogem de pres\u00eddio federal de seguran\u00e7a m\u00e1xima no RN","datePublished":"2024-02-14T18:40:08+00:00","dateModified":"2024-02-14T18:40:10+00:00","mainEntityOfPage":{"@id":"https:\/\/jornalfatosenoticias.com.br\/index.php\/2024\/02\/14\/dois-detentos-fogem-de-presidio-federal-de-seguranca-maxima-no-rn\/"},"wordCount":665,"commentCount":0,"publisher":{"@id":"https:\/\/jornalfatosenoticias.com.br\/#organization"},"image":{"@id":"https:\/\/jornalfatosenoticias.com.br\/index.php\/2024\/02\/14\/dois-detentos-fogem-de-presidio-federal-de-seguranca-maxima-no-rn\/#primaryimage"},"thumbnailUrl":"https:\/\/jornalfatosenoticias.com.br\/wp-content\/uploads\/2024\/02\/penitenciaria-federal-foto-divulgacao-depen-960x540-1.jpg","keywords":["bandidagem","fuga","Ricardo Lewandowski","seguran\u00e7a","seguran\u00e7a p\u00fablica"],"articleSection":["Geral"],"inLanguage":"pt-BR","potentialAction":[{"@type":"CommentAction","name":"Comment","target":["https:\/\/jornalfatosenoticias.com.br\/index.php\/2024\/02\/14\/dois-detentos-fogem-de-presidio-federal-de-seguranca-maxima-no-rn\/#respond"]}]},{"@type":"WebPage","@id":"https:\/\/jornalfatosenoticias.com.br\/index.php\/2024\/02\/14\/dois-detentos-fogem-de-presidio-federal-de-seguranca-maxima-no-rn\/","url":"https:\/\/jornalfatosenoticias.com.br\/index.php\/2024\/02\/14\/dois-detentos-fogem-de-presidio-federal-de-seguranca-maxima-no-rn\/","name":"Dois detentos fogem de pres\u00eddio federal de seguran\u00e7a m\u00e1xima no RN - Jornal Fatos e Not\u00edcias","isPartOf":{"@id":"https:\/\/jornalfatosenoticias.com.br\/#website"},"primaryImageOfPage":{"@id":"https:\/\/jornalfatosenoticias.com.br\/index.php\/2024\/02\/14\/dois-detentos-fogem-de-presidio-federal-de-seguranca-maxima-no-rn\/#primaryimage"},"image":{"@id":"https:\/\/jornalfatosenoticias.com.br\/index.php\/2024\/02\/14\/dois-detentos-fogem-de-presidio-federal-de-seguranca-maxima-no-rn\/#primaryimage"},"thumbnailUrl":"https:\/\/jornalfatosenoticias.com.br\/wp-content\/uploads\/2024\/02\/penitenciaria-federal-foto-divulgacao-depen-960x540-1.jpg","datePublished":"2024-02-14T18:40:08+00:00","dateModified":"2024-02-14T18:40:10+00:00","breadcrumb":{"@id":"https:\/\/jornalfatosenoticias.com.br\/index.php\/2024\/02\/14\/dois-detentos-fogem-de-presidio-federal-de-seguranca-maxima-no-rn\/#breadcrumb"},"inLanguage":"pt-BR","potentialAction":[{"@type":"ReadAction","target":["https:\/\/jornalfatosenoticias.com.br\/index.php\/2024\/02\/14\/dois-detentos-fogem-de-presidio-federal-de-seguranca-maxima-no-rn\/"]}]},{"@type":"ImageObject","inLanguage":"pt-BR","@id":"https:\/\/jornalfatosenoticias.com.br\/index.php\/2024\/02\/14\/dois-detentos-fogem-de-presidio-federal-de-seguranca-maxima-no-rn\/#primaryimage","url":"https:\/\/jornalfatosenoticias.com.br\/wp-content\/uploads\/2024\/02\/penitenciaria-federal-foto-divulgacao-depen-960x540-1.jpg","contentUrl":"https:\/\/jornalfatosenoticias.com.br\/wp-content\/uploads\/2024\/02\/penitenciaria-federal-foto-divulgacao-depen-960x540-1.jpg","width":960,"height":540},{"@type":"BreadcrumbList","@id":"https:\/\/jornalfatosenoticias.com.br\/index.php\/2024\/02\/14\/dois-detentos-fogem-de-presidio-federal-de-seguranca-maxima-no-rn\/#breadcrumb","itemListElement":[{"@type":"ListItem","position":1,"name":"In\u00edcio","item":"https:\/\/jornalfatosenoticias.com.br\/"},{"@type":"ListItem","position":2,"name":"Dois detentos fogem de pres\u00eddio federal de seguran\u00e7a m\u00e1xima no RN"}]},{"@type":"WebSite","@id":"https:\/\/jornalfatosenoticias.com.br\/#website","url":"https:\/\/jornalfatosenoticias.com.br\/","name":"Jornal Fatos e Not\u00edcias","description":"Not\u00edcias em geral","publisher":{"@id":"https:\/\/jornalfatosenoticias.com.br\/#organization"},"potentialAction":[{"@type":"SearchAction","target":{"@type":"EntryPoint","urlTemplate":"https:\/\/jornalfatosenoticias.com.br\/?s={search_term_string}"},"query-input":{"@type":"PropertyValueSpecification","valueRequired":true,"valueName":"search_term_string"}}],"inLanguage":"pt-BR"},{"@type":"Organization","@id":"https:\/\/jornalfatosenoticias.com.br\/#organization","name":"Jornal Fatos e Not\u00edcias","url":"https:\/\/jornalfatosenoticias.com.br\/","logo":{"@type":"ImageObject","inLanguage":"pt-BR","@id":"https:\/\/jornalfatosenoticias.com.br\/#\/schema\/logo\/image\/","url":"https:\/\/jornalfatosenoticias.com.br\/wp-content\/uploads\/2020\/02\/logo120.png","contentUrl":"https:\/\/jornalfatosenoticias.com.br\/wp-content\/uploads\/2020\/02\/logo120.png","width":1227,"height":120,"caption":"Jornal Fatos e Not\u00edcias"},"image":{"@id":"https:\/\/jornalfatosenoticias.com.br\/#\/schema\/logo\/image\/"}},{"@type":"Person","@id":"https:\/\/jornalfatosenoticias.com.br\/#\/schema\/person\/d63837fa13ac8666eb9e74e0985d6f81","name":"Luzimara Fernandes","image":{"@type":"ImageObject","inLanguage":"pt-BR","@id":"https:\/\/jornalfatosenoticias.com.br\/#\/schema\/person\/image\/","url":"https:\/\/jornalfatosenoticias.com.br\/wp-content\/uploads\/2025\/05\/EU_portal.jpg","contentUrl":"https:\/\/jornalfatosenoticias.com.br\/wp-content\/uploads\/2025\/05\/EU_portal.jpg","caption":"Luzimara Fernandes"},"description":"Jornalista MTB 2358-ES","sameAs":["https:\/\/jornalfatosenoticias.com.br"],"url":"https:\/\/jornalfatosenoticias.com.br\/index.php\/author\/luzimara\/"}]}},"cc_featured_image_caption":{"caption_text":"(Foto: Divulga\u00e7\u00e3o\/Depen)","source_text":"","source_url":""},"jetpack_featured_media_url":"https:\/\/jornalfatosenoticias.com.br\/wp-content\/uploads\/2024\/02\/penitenciaria-federal-foto-divulgacao-depen-960x540-1.jpg","_links":{"self":[{"href":"https:\/\/jornalfatosenoticias.com.br\/index.php\/wp-json\/wp\/v2\/posts\/49211","targetHints":{"allow":["GET"]}}],"collection":[{"href":"https:\/\/jornalfatosenoticias.com.br\/index.php\/wp-json\/wp\/v2\/posts"}],"about":[{"href":"https:\/\/jornalfatosenoticias.com.br\/index.php\/wp-json\/wp\/v2\/types\/post"}],"author":[{"embeddable":true,"href":"https:\/\/jornalfatosenoticias.com.br\/index.php\/wp-json\/wp\/v2\/users\/2"}],"replies":[{"embeddable":true,"href":"https:\/\/jornalfatosenoticias.com.br\/index.php\/wp-json\/wp\/v2\/comments?post=49211"}],"version-history":[{"count":0,"href":"https:\/\/jornalfatosenoticias.com.br\/index.php\/wp-json\/wp\/v2\/posts\/49211\/revisions"}],"wp:featuredmedia":[{"embeddable":true,"href":"https:\/\/jornalfatosenoticias.com.br\/index.php\/wp-json\/wp\/v2\/media\/49212"}],"wp:attachment":[{"href":"https:\/\/jornalfatosenoticias.com.br\/index.php\/wp-json\/wp\/v2\/media?parent=49211"}],"wp:term":[{"taxonomy":"category","embeddable":true,"href":"https:\/\/jornalfatosenoticias.com.br\/index.php\/wp-json\/wp\/v2\/categories?post=49211"},{"taxonomy":"post_tag","embeddable":true,"href":"https:\/\/jornalfatosenoticias.com.br\/index.php\/wp-json\/wp\/v2\/tags?post=49211"}],"curies":[{"name":"wp","href":"https:\/\/api.w.org\/{rel}","templated":true}]}}