{"id":49245,"date":"2024-02-15T14:41:48","date_gmt":"2024-02-15T17:41:48","guid":{"rendered":"https:\/\/jornalfatosenoticias.com.br\/?p=49245"},"modified":"2024-02-15T14:41:48","modified_gmt":"2024-02-15T17:41:48","slug":"nova-bateria-para-carros-eletricos-dura-mais-e-carrega-em-minutos","status":"publish","type":"post","link":"https:\/\/jornalfatosenoticias.com.br\/index.php\/2024\/02\/15\/nova-bateria-para-carros-eletricos-dura-mais-e-carrega-em-minutos\/","title":{"rendered":"Nova bateria para carros el\u00e9tricos dura mais e carrega em minutos"},"content":{"rendered":"\n<p><em><span class=\"has-inline-color has-black-color\">Empresa especialista em desenvolvimento de baterias afirma que criou c\u00e9lulas de carregamento r\u00e1pido que suportam mais de 1.100 ciclos<\/span><\/em><\/p>\n\n\n\n<p><span class=\"has-inline-color has-black-color\">Por <strong><a href=\"https:\/\/olhardigital.com.br\/author\/da-redacao-4\/\">Gabriel S\u00e9rvio<\/a>\u00a0<\/strong><\/span><\/p>\n\n\n\n<div class=\"wp-block-image\"><figure class=\"aligncenter size-large\"><img loading=\"lazy\" decoding=\"async\" width=\"1024\" height=\"100\" src=\"https:\/\/jornalfatosenoticias.com.br\/wp-content\/uploads\/2020\/02\/banner_ferramentas-1024x100.jpg\" alt=\"\" class=\"wp-image-1258\" srcset=\"https:\/\/jornalfatosenoticias.com.br\/wp-content\/uploads\/2020\/02\/banner_ferramentas-1024x100.jpg 1024w, https:\/\/jornalfatosenoticias.com.br\/wp-content\/uploads\/2020\/02\/banner_ferramentas-300x29.jpg 300w, https:\/\/jornalfatosenoticias.com.br\/wp-content\/uploads\/2020\/02\/banner_ferramentas-768x75.jpg 768w, https:\/\/jornalfatosenoticias.com.br\/wp-content\/uploads\/2020\/02\/banner_ferramentas.jpg 1227w\" sizes=\"auto, (max-width: 1024px) 100vw, 1024px\" \/><\/figure><\/div>\n\n\n\n<p>O tempo de carregamento e a vida \u00fatil da <a href=\"https:\/\/olhardigital.com.br\/tag\/bateria\/\" target=\"_blank\" rel=\"noreferrer noopener\">bateria<\/a>\u00a0s\u00e3o fatores que ainda afastam alguns compradores dos carros\u00a0<a href=\"https:\/\/olhardigital.com.br\/tag\/carro-eletrico\/\" target=\"_blank\" rel=\"noreferrer noopener\">totalmente el\u00e9tricos<\/a>. Algumas empresas estudam maneiras de resolver ambos os problemas, combinando longevidade com recargas muito mais r\u00e1pidas. Uma delas \u00e9 a StoreDot.<br>A empresa de origem israelense \u00e9 especialista no desenvolvimento de baterias e conseguiu criar c\u00e9lulas de carregamento r\u00e1pido que suportam mais de 1.100 ciclos (cada recarga de 0 a 100%) com a sa\u00fade na faixa dos 80%, atendendo aos padr\u00f5es atuais da ind\u00fastria automotiva.<\/p>\n\n\n\n<div class=\"wp-block-image\"><figure class=\"aligncenter size-large is-resized\"><img loading=\"lazy\" decoding=\"async\" src=\"https:\/\/jornalfatosenoticias.com.br\/wp-content\/uploads\/2023\/08\/BKR-1024x1021.jpg\" alt=\"\" class=\"wp-image-44494\" width=\"298\" height=\"297\" srcset=\"https:\/\/jornalfatosenoticias.com.br\/wp-content\/uploads\/2023\/08\/BKR-1024x1021.jpg 1024w, https:\/\/jornalfatosenoticias.com.br\/wp-content\/uploads\/2023\/08\/BKR-300x300.jpg 300w, https:\/\/jornalfatosenoticias.com.br\/wp-content\/uploads\/2023\/08\/BKR-150x150.jpg 150w, https:\/\/jornalfatosenoticias.com.br\/wp-content\/uploads\/2023\/08\/BKR-768x766.jpg 768w, https:\/\/jornalfatosenoticias.com.br\/wp-content\/uploads\/2023\/08\/BKR.jpg 1080w\" sizes=\"auto, (max-width: 298px) 100vw, 298px\" \/><\/figure><\/div>\n\n\n\n<p>As c\u00e9lulas usam uma nova tecnologia chamada \u201c100in4\u201d com 340 Wh\/kg de densidade energ\u00e9tica. O nome significa \u201c100 em 4\u201d, ou seja, a bateria recupera 100 milhas (ou 160 km) em apenas quatro minutos de recarga r\u00e1pida. A expectativa \u00e9 de que a bateria esteja pronta para produ\u00e7\u00e3o em larga escala at\u00e9 2026. A empresa afirma que a tecnologia \u00e9 escal\u00e1vel e que, na pr\u00f3xima fase de testes, ser\u00e1 testada em c\u00e9lulas de 140 Ah.<\/p>\n\n\n\n<div class=\"wp-block-image\"><figure class=\"aligncenter size-large\"><img decoding=\"async\" src=\"https:\/\/jornalfatosenoticias.com.br\/wp-content\/uploads\/2020\/02\/barao-das-carnes-300x164-1.jpg\" alt=\"\" class=\"wp-image-34339\"\/><\/figure><\/div>\n\n\n\n<p>O plano \u00e9 aumentar ainda mais o desempenho das baterias at\u00e9 2028, com c\u00e9lulas de estado s\u00f3lido com mais densidade energ\u00e9tica (450 Wh\/kg) e capazes de recuperar os mesmos 160 km em tr\u00eas minutos de carregamento. Outra descoberta curiosa feita por pesquisadores da Universidade de Stanford revelou uma maneira de prolongar a vida \u00fatil de uma bateria de carro el\u00e9trico. <\/p>\n\n\n\n<div class=\"wp-block-image\"><figure class=\"aligncenter size-large is-resized\"><img loading=\"lazy\" decoding=\"async\" src=\"https:\/\/jornalfatosenoticias.com.br\/wp-content\/uploads\/2023\/09\/vetorvix1024_1.jpg\" alt=\"\" class=\"wp-image-44868\" width=\"535\" height=\"142\" srcset=\"https:\/\/jornalfatosenoticias.com.br\/wp-content\/uploads\/2023\/09\/vetorvix1024_1.jpg 1024w, https:\/\/jornalfatosenoticias.com.br\/wp-content\/uploads\/2023\/09\/vetorvix1024_1-300x80.jpg 300w, https:\/\/jornalfatosenoticias.com.br\/wp-content\/uploads\/2023\/09\/vetorvix1024_1-768x205.jpg 768w\" sizes=\"auto, (max-width: 535px) 100vw, 535px\" \/><\/figure><\/div>\n\n\n\n<p>O estudo foi publicado no \u00faltimo dia 7 na Nature e sugere que, descarregar e deixar a bateria descansando por algumas horas pode \u201crestaurar\u201d a sua capacidade e melhorar o desempenho geral. Saiba\u00a0<a href=\"https:\/\/olhardigital.com.br\/2024\/02\/14\/carros-e-tecnologia\/cientistas-descobrem-maneira-de-estender-vida-util-da-bateria-de-carro-eletrico\/\" target=\"_blank\" rel=\"noreferrer noopener\">mais sobre o estudo aqui<\/a>.<\/p>\n\n\n\n<p><strong><em>Fonte: <a href=\"https:\/\/olhardigital.com.br\/2024\/02\/15\/carros-e-tecnologia\/nova-bateria-para-carros-eletricos-dura-mais-e-carrega-em-minutos\/\">Olhar Digital<\/a><\/em><\/strong><\/p>\n","protected":false},"excerpt":{"rendered":"<p>Empresa especialista em desenvolvimento de baterias afirma que criou c\u00e9lulas de carregamento r\u00e1pido que suportam mais de 1.100 ciclos Por Gabriel S\u00e9rvio\u00a0 O tempo de carregamento e a vida \u00fatil da bateria\u00a0s\u00e3o fatores que ainda afastam alguns compradores dos carros\u00a0totalmente el\u00e9tricos. Algumas empresas estudam maneiras de resolver ambos os problemas, combinando longevidade com recargas muito [&hellip;]<\/p>\n","protected":false},"author":2,"featured_media":49246,"comment_status":"open","ping_status":"open","sticky":false,"template":"","format":"standard","meta":{"footnotes":""},"categories":[3],"tags":[5093,6589,22823],"class_list":["post-49245","post","type-post","status-publish","format-standard","has-post-thumbnail","hentry","category-tecnologia","tag-baterias","tag-carros-eletricos","tag-celulas-de-carregamento-rapido"],"yoast_head":"<!-- This site is optimized with the Yoast SEO plugin v26.5 - https:\/\/yoast.com\/wordpress\/plugins\/seo\/ -->\n<title>Nova bateria para carros el\u00e9tricos dura mais e carrega em minutos - Jornal Fatos e Not\u00edcias<\/title>\n<meta name=\"robots\" content=\"index, follow, max-snippet:-1, max-image-preview:large, max-video-preview:-1\" \/>\n<link rel=\"canonical\" href=\"https:\/\/jornalfatosenoticias.com.br\/index.php\/2024\/02\/15\/nova-bateria-para-carros-eletricos-dura-mais-e-carrega-em-minutos\/\" \/>\n<meta property=\"og:locale\" content=\"pt_BR\" \/>\n<meta property=\"og:type\" content=\"article\" \/>\n<meta property=\"og:title\" content=\"Nova bateria para carros el\u00e9tricos dura mais e carrega em minutos - Jornal Fatos e Not\u00edcias\" \/>\n<meta property=\"og:description\" content=\"Empresa especialista em desenvolvimento de baterias afirma que criou c\u00e9lulas de carregamento r\u00e1pido que suportam mais de 1.100 ciclos Por Gabriel S\u00e9rvio\u00a0 O tempo de carregamento e a vida \u00fatil da bateria\u00a0s\u00e3o fatores que ainda afastam alguns compradores dos carros\u00a0totalmente el\u00e9tricos. Algumas empresas estudam maneiras de resolver ambos os problemas, combinando longevidade com recargas muito [&hellip;]\" \/>\n<meta property=\"og:url\" content=\"https:\/\/jornalfatosenoticias.com.br\/index.php\/2024\/02\/15\/nova-bateria-para-carros-eletricos-dura-mais-e-carrega-em-minutos\/\" \/>\n<meta property=\"og:site_name\" content=\"Jornal Fatos e Not\u00edcias\" \/>\n<meta property=\"article:published_time\" content=\"2024-02-15T17:41:48+00:00\" \/>\n<meta property=\"og:image\" content=\"https:\/\/jornalfatosenoticias.com.br\/wp-content\/uploads\/2024\/02\/bateria-para-carros-eletricos_istock.jpg\" \/>\n\t<meta property=\"og:image:width\" content=\"612\" \/>\n\t<meta property=\"og:image:height\" content=\"408\" \/>\n\t<meta property=\"og:image:type\" content=\"image\/jpeg\" \/>\n<meta name=\"author\" content=\"Luzimara Fernandes\" \/>\n<meta name=\"twitter:card\" content=\"summary_large_image\" \/>\n<meta name=\"twitter:label1\" content=\"Escrito por\" \/>\n\t<meta name=\"twitter:data1\" content=\"Luzimara Fernandes\" \/>\n\t<meta name=\"twitter:label2\" content=\"Est. tempo de leitura\" \/>\n\t<meta name=\"twitter:data2\" content=\"1 minuto\" \/>\n<script type=\"application\/ld+json\" class=\"yoast-schema-graph\">{\"@context\":\"https:\/\/schema.org\",\"@graph\":[{\"@type\":\"Article\",\"@id\":\"https:\/\/jornalfatosenoticias.com.br\/index.php\/2024\/02\/15\/nova-bateria-para-carros-eletricos-dura-mais-e-carrega-em-minutos\/#article\",\"isPartOf\":{\"@id\":\"https:\/\/jornalfatosenoticias.com.br\/index.php\/2024\/02\/15\/nova-bateria-para-carros-eletricos-dura-mais-e-carrega-em-minutos\/\"},\"author\":{\"name\":\"Luzimara Fernandes\",\"@id\":\"https:\/\/jornalfatosenoticias.com.br\/#\/schema\/person\/d63837fa13ac8666eb9e74e0985d6f81\"},\"headline\":\"Nova bateria para carros el\u00e9tricos dura mais e carrega em minutos\",\"datePublished\":\"2024-02-15T17:41:48+00:00\",\"mainEntityOfPage\":{\"@id\":\"https:\/\/jornalfatosenoticias.com.br\/index.php\/2024\/02\/15\/nova-bateria-para-carros-eletricos-dura-mais-e-carrega-em-minutos\/\"},\"wordCount\":300,\"commentCount\":0,\"publisher\":{\"@id\":\"https:\/\/jornalfatosenoticias.com.br\/#organization\"},\"image\":{\"@id\":\"https:\/\/jornalfatosenoticias.com.br\/index.php\/2024\/02\/15\/nova-bateria-para-carros-eletricos-dura-mais-e-carrega-em-minutos\/#primaryimage\"},\"thumbnailUrl\":\"https:\/\/jornalfatosenoticias.com.br\/wp-content\/uploads\/2024\/02\/bateria-para-carros-eletricos_istock.jpg\",\"keywords\":[\"baterias\",\"carros el\u00e9tricos\",\"c\u00e9lulas de carregamento r\u00e1pido\"],\"articleSection\":[\"Tecnologia &amp; Inova\u00e7\u00e3o\"],\"inLanguage\":\"pt-BR\",\"potentialAction\":[{\"@type\":\"CommentAction\",\"name\":\"Comment\",\"target\":[\"https:\/\/jornalfatosenoticias.com.br\/index.php\/2024\/02\/15\/nova-bateria-para-carros-eletricos-dura-mais-e-carrega-em-minutos\/#respond\"]}]},{\"@type\":\"WebPage\",\"@id\":\"https:\/\/jornalfatosenoticias.com.br\/index.php\/2024\/02\/15\/nova-bateria-para-carros-eletricos-dura-mais-e-carrega-em-minutos\/\",\"url\":\"https:\/\/jornalfatosenoticias.com.br\/index.php\/2024\/02\/15\/nova-bateria-para-carros-eletricos-dura-mais-e-carrega-em-minutos\/\",\"name\":\"Nova bateria para carros el\u00e9tricos dura mais e carrega em minutos - Jornal Fatos e Not\u00edcias\",\"isPartOf\":{\"@id\":\"https:\/\/jornalfatosenoticias.com.br\/#website\"},\"primaryImageOfPage\":{\"@id\":\"https:\/\/jornalfatosenoticias.com.br\/index.php\/2024\/02\/15\/nova-bateria-para-carros-eletricos-dura-mais-e-carrega-em-minutos\/#primaryimage\"},\"image\":{\"@id\":\"https:\/\/jornalfatosenoticias.com.br\/index.php\/2024\/02\/15\/nova-bateria-para-carros-eletricos-dura-mais-e-carrega-em-minutos\/#primaryimage\"},\"thumbnailUrl\":\"https:\/\/jornalfatosenoticias.com.br\/wp-content\/uploads\/2024\/02\/bateria-para-carros-eletricos_istock.jpg\",\"datePublished\":\"2024-02-15T17:41:48+00:00\",\"breadcrumb\":{\"@id\":\"https:\/\/jornalfatosenoticias.com.br\/index.php\/2024\/02\/15\/nova-bateria-para-carros-eletricos-dura-mais-e-carrega-em-minutos\/#breadcrumb\"},\"inLanguage\":\"pt-BR\",\"potentialAction\":[{\"@type\":\"ReadAction\",\"target\":[\"https:\/\/jornalfatosenoticias.com.br\/index.php\/2024\/02\/15\/nova-bateria-para-carros-eletricos-dura-mais-e-carrega-em-minutos\/\"]}]},{\"@type\":\"ImageObject\",\"inLanguage\":\"pt-BR\",\"@id\":\"https:\/\/jornalfatosenoticias.com.br\/index.php\/2024\/02\/15\/nova-bateria-para-carros-eletricos-dura-mais-e-carrega-em-minutos\/#primaryimage\",\"url\":\"https:\/\/jornalfatosenoticias.com.br\/wp-content\/uploads\/2024\/02\/bateria-para-carros-eletricos_istock.jpg\",\"contentUrl\":\"https:\/\/jornalfatosenoticias.com.br\/wp-content\/uploads\/2024\/02\/bateria-para-carros-eletricos_istock.jpg\",\"width\":612,\"height\":408,\"caption\":\"Electric car battery\"},{\"@type\":\"BreadcrumbList\",\"@id\":\"https:\/\/jornalfatosenoticias.com.br\/index.php\/2024\/02\/15\/nova-bateria-para-carros-eletricos-dura-mais-e-carrega-em-minutos\/#breadcrumb\",\"itemListElement\":[{\"@type\":\"ListItem\",\"position\":1,\"name\":\"In\u00edcio\",\"item\":\"https:\/\/jornalfatosenoticias.com.br\/\"},{\"@type\":\"ListItem\",\"position\":2,\"name\":\"Nova bateria para carros el\u00e9tricos dura mais e carrega em minutos\"}]},{\"@type\":\"WebSite\",\"@id\":\"https:\/\/jornalfatosenoticias.com.br\/#website\",\"url\":\"https:\/\/jornalfatosenoticias.com.br\/\",\"name\":\"Jornal Fatos e Not\u00edcias\",\"description\":\"Not\u00edcias em geral\",\"publisher\":{\"@id\":\"https:\/\/jornalfatosenoticias.com.br\/#organization\"},\"potentialAction\":[{\"@type\":\"SearchAction\",\"target\":{\"@type\":\"EntryPoint\",\"urlTemplate\":\"https:\/\/jornalfatosenoticias.com.br\/?s={search_term_string}\"},\"query-input\":{\"@type\":\"PropertyValueSpecification\",\"valueRequired\":true,\"valueName\":\"search_term_string\"}}],\"inLanguage\":\"pt-BR\"},{\"@type\":\"Organization\",\"@id\":\"https:\/\/jornalfatosenoticias.com.br\/#organization\",\"name\":\"Jornal Fatos e Not\u00edcias\",\"url\":\"https:\/\/jornalfatosenoticias.com.br\/\",\"logo\":{\"@type\":\"ImageObject\",\"inLanguage\":\"pt-BR\",\"@id\":\"https:\/\/jornalfatosenoticias.com.br\/#\/schema\/logo\/image\/\",\"url\":\"https:\/\/jornalfatosenoticias.com.br\/wp-content\/uploads\/2020\/02\/logo120.png\",\"contentUrl\":\"https:\/\/jornalfatosenoticias.com.br\/wp-content\/uploads\/2020\/02\/logo120.png\",\"width\":1227,\"height\":120,\"caption\":\"Jornal Fatos e Not\u00edcias\"},\"image\":{\"@id\":\"https:\/\/jornalfatosenoticias.com.br\/#\/schema\/logo\/image\/\"}},{\"@type\":\"Person\",\"@id\":\"https:\/\/jornalfatosenoticias.com.br\/#\/schema\/person\/d63837fa13ac8666eb9e74e0985d6f81\",\"name\":\"Luzimara Fernandes\",\"image\":{\"@type\":\"ImageObject\",\"inLanguage\":\"pt-BR\",\"@id\":\"https:\/\/jornalfatosenoticias.com.br\/#\/schema\/person\/image\/\",\"url\":\"https:\/\/jornalfatosenoticias.com.br\/wp-content\/uploads\/2025\/05\/EU_portal.jpg\",\"contentUrl\":\"https:\/\/jornalfatosenoticias.com.br\/wp-content\/uploads\/2025\/05\/EU_portal.jpg\",\"caption\":\"Luzimara Fernandes\"},\"description\":\"Jornalista MTB 2358-ES\",\"sameAs\":[\"https:\/\/jornalfatosenoticias.com.br\"],\"url\":\"https:\/\/jornalfatosenoticias.com.br\/index.php\/author\/luzimara\/\"}]}<\/script>\n<!-- \/ Yoast SEO plugin. -->","yoast_head_json":{"title":"Nova bateria para carros el\u00e9tricos dura mais e carrega em minutos - Jornal Fatos e Not\u00edcias","robots":{"index":"index","follow":"follow","max-snippet":"max-snippet:-1","max-image-preview":"max-image-preview:large","max-video-preview":"max-video-preview:-1"},"canonical":"https:\/\/jornalfatosenoticias.com.br\/index.php\/2024\/02\/15\/nova-bateria-para-carros-eletricos-dura-mais-e-carrega-em-minutos\/","og_locale":"pt_BR","og_type":"article","og_title":"Nova bateria para carros el\u00e9tricos dura mais e carrega em minutos - Jornal Fatos e Not\u00edcias","og_description":"Empresa especialista em desenvolvimento de baterias afirma que criou c\u00e9lulas de carregamento r\u00e1pido que suportam mais de 1.100 ciclos Por Gabriel S\u00e9rvio\u00a0 O tempo de carregamento e a vida \u00fatil da bateria\u00a0s\u00e3o fatores que ainda afastam alguns compradores dos carros\u00a0totalmente el\u00e9tricos. Algumas empresas estudam maneiras de resolver ambos os problemas, combinando longevidade com recargas muito [&hellip;]","og_url":"https:\/\/jornalfatosenoticias.com.br\/index.php\/2024\/02\/15\/nova-bateria-para-carros-eletricos-dura-mais-e-carrega-em-minutos\/","og_site_name":"Jornal Fatos e Not\u00edcias","article_published_time":"2024-02-15T17:41:48+00:00","og_image":[{"width":612,"height":408,"url":"https:\/\/jornalfatosenoticias.com.br\/wp-content\/uploads\/2024\/02\/bateria-para-carros-eletricos_istock.jpg","type":"image\/jpeg"}],"author":"Luzimara Fernandes","twitter_card":"summary_large_image","twitter_misc":{"Escrito por":"Luzimara Fernandes","Est. tempo de leitura":"1 minuto"},"schema":{"@context":"https:\/\/schema.org","@graph":[{"@type":"Article","@id":"https:\/\/jornalfatosenoticias.com.br\/index.php\/2024\/02\/15\/nova-bateria-para-carros-eletricos-dura-mais-e-carrega-em-minutos\/#article","isPartOf":{"@id":"https:\/\/jornalfatosenoticias.com.br\/index.php\/2024\/02\/15\/nova-bateria-para-carros-eletricos-dura-mais-e-carrega-em-minutos\/"},"author":{"name":"Luzimara Fernandes","@id":"https:\/\/jornalfatosenoticias.com.br\/#\/schema\/person\/d63837fa13ac8666eb9e74e0985d6f81"},"headline":"Nova bateria para carros el\u00e9tricos dura mais e carrega em minutos","datePublished":"2024-02-15T17:41:48+00:00","mainEntityOfPage":{"@id":"https:\/\/jornalfatosenoticias.com.br\/index.php\/2024\/02\/15\/nova-bateria-para-carros-eletricos-dura-mais-e-carrega-em-minutos\/"},"wordCount":300,"commentCount":0,"publisher":{"@id":"https:\/\/jornalfatosenoticias.com.br\/#organization"},"image":{"@id":"https:\/\/jornalfatosenoticias.com.br\/index.php\/2024\/02\/15\/nova-bateria-para-carros-eletricos-dura-mais-e-carrega-em-minutos\/#primaryimage"},"thumbnailUrl":"https:\/\/jornalfatosenoticias.com.br\/wp-content\/uploads\/2024\/02\/bateria-para-carros-eletricos_istock.jpg","keywords":["baterias","carros el\u00e9tricos","c\u00e9lulas de carregamento r\u00e1pido"],"articleSection":["Tecnologia &amp; Inova\u00e7\u00e3o"],"inLanguage":"pt-BR","potentialAction":[{"@type":"CommentAction","name":"Comment","target":["https:\/\/jornalfatosenoticias.com.br\/index.php\/2024\/02\/15\/nova-bateria-para-carros-eletricos-dura-mais-e-carrega-em-minutos\/#respond"]}]},{"@type":"WebPage","@id":"https:\/\/jornalfatosenoticias.com.br\/index.php\/2024\/02\/15\/nova-bateria-para-carros-eletricos-dura-mais-e-carrega-em-minutos\/","url":"https:\/\/jornalfatosenoticias.com.br\/index.php\/2024\/02\/15\/nova-bateria-para-carros-eletricos-dura-mais-e-carrega-em-minutos\/","name":"Nova bateria para carros el\u00e9tricos dura mais e carrega em minutos - Jornal Fatos e Not\u00edcias","isPartOf":{"@id":"https:\/\/jornalfatosenoticias.com.br\/#website"},"primaryImageOfPage":{"@id":"https:\/\/jornalfatosenoticias.com.br\/index.php\/2024\/02\/15\/nova-bateria-para-carros-eletricos-dura-mais-e-carrega-em-minutos\/#primaryimage"},"image":{"@id":"https:\/\/jornalfatosenoticias.com.br\/index.php\/2024\/02\/15\/nova-bateria-para-carros-eletricos-dura-mais-e-carrega-em-minutos\/#primaryimage"},"thumbnailUrl":"https:\/\/jornalfatosenoticias.com.br\/wp-content\/uploads\/2024\/02\/bateria-para-carros-eletricos_istock.jpg","datePublished":"2024-02-15T17:41:48+00:00","breadcrumb":{"@id":"https:\/\/jornalfatosenoticias.com.br\/index.php\/2024\/02\/15\/nova-bateria-para-carros-eletricos-dura-mais-e-carrega-em-minutos\/#breadcrumb"},"inLanguage":"pt-BR","potentialAction":[{"@type":"ReadAction","target":["https:\/\/jornalfatosenoticias.com.br\/index.php\/2024\/02\/15\/nova-bateria-para-carros-eletricos-dura-mais-e-carrega-em-minutos\/"]}]},{"@type":"ImageObject","inLanguage":"pt-BR","@id":"https:\/\/jornalfatosenoticias.com.br\/index.php\/2024\/02\/15\/nova-bateria-para-carros-eletricos-dura-mais-e-carrega-em-minutos\/#primaryimage","url":"https:\/\/jornalfatosenoticias.com.br\/wp-content\/uploads\/2024\/02\/bateria-para-carros-eletricos_istock.jpg","contentUrl":"https:\/\/jornalfatosenoticias.com.br\/wp-content\/uploads\/2024\/02\/bateria-para-carros-eletricos_istock.jpg","width":612,"height":408,"caption":"Electric car battery"},{"@type":"BreadcrumbList","@id":"https:\/\/jornalfatosenoticias.com.br\/index.php\/2024\/02\/15\/nova-bateria-para-carros-eletricos-dura-mais-e-carrega-em-minutos\/#breadcrumb","itemListElement":[{"@type":"ListItem","position":1,"name":"In\u00edcio","item":"https:\/\/jornalfatosenoticias.com.br\/"},{"@type":"ListItem","position":2,"name":"Nova bateria para carros el\u00e9tricos dura mais e carrega em minutos"}]},{"@type":"WebSite","@id":"https:\/\/jornalfatosenoticias.com.br\/#website","url":"https:\/\/jornalfatosenoticias.com.br\/","name":"Jornal Fatos e Not\u00edcias","description":"Not\u00edcias em geral","publisher":{"@id":"https:\/\/jornalfatosenoticias.com.br\/#organization"},"potentialAction":[{"@type":"SearchAction","target":{"@type":"EntryPoint","urlTemplate":"https:\/\/jornalfatosenoticias.com.br\/?s={search_term_string}"},"query-input":{"@type":"PropertyValueSpecification","valueRequired":true,"valueName":"search_term_string"}}],"inLanguage":"pt-BR"},{"@type":"Organization","@id":"https:\/\/jornalfatosenoticias.com.br\/#organization","name":"Jornal Fatos e Not\u00edcias","url":"https:\/\/jornalfatosenoticias.com.br\/","logo":{"@type":"ImageObject","inLanguage":"pt-BR","@id":"https:\/\/jornalfatosenoticias.com.br\/#\/schema\/logo\/image\/","url":"https:\/\/jornalfatosenoticias.com.br\/wp-content\/uploads\/2020\/02\/logo120.png","contentUrl":"https:\/\/jornalfatosenoticias.com.br\/wp-content\/uploads\/2020\/02\/logo120.png","width":1227,"height":120,"caption":"Jornal Fatos e Not\u00edcias"},"image":{"@id":"https:\/\/jornalfatosenoticias.com.br\/#\/schema\/logo\/image\/"}},{"@type":"Person","@id":"https:\/\/jornalfatosenoticias.com.br\/#\/schema\/person\/d63837fa13ac8666eb9e74e0985d6f81","name":"Luzimara Fernandes","image":{"@type":"ImageObject","inLanguage":"pt-BR","@id":"https:\/\/jornalfatosenoticias.com.br\/#\/schema\/person\/image\/","url":"https:\/\/jornalfatosenoticias.com.br\/wp-content\/uploads\/2025\/05\/EU_portal.jpg","contentUrl":"https:\/\/jornalfatosenoticias.com.br\/wp-content\/uploads\/2025\/05\/EU_portal.jpg","caption":"Luzimara Fernandes"},"description":"Jornalista MTB 2358-ES","sameAs":["https:\/\/jornalfatosenoticias.com.br"],"url":"https:\/\/jornalfatosenoticias.com.br\/index.php\/author\/luzimara\/"}]}},"cc_featured_image_caption":{"caption_text":"(Foto: iStock)  ","source_text":"","source_url":""},"jetpack_featured_media_url":"https:\/\/jornalfatosenoticias.com.br\/wp-content\/uploads\/2024\/02\/bateria-para-carros-eletricos_istock.jpg","_links":{"self":[{"href":"https:\/\/jornalfatosenoticias.com.br\/index.php\/wp-json\/wp\/v2\/posts\/49245","targetHints":{"allow":["GET"]}}],"collection":[{"href":"https:\/\/jornalfatosenoticias.com.br\/index.php\/wp-json\/wp\/v2\/posts"}],"about":[{"href":"https:\/\/jornalfatosenoticias.com.br\/index.php\/wp-json\/wp\/v2\/types\/post"}],"author":[{"embeddable":true,"href":"https:\/\/jornalfatosenoticias.com.br\/index.php\/wp-json\/wp\/v2\/users\/2"}],"replies":[{"embeddable":true,"href":"https:\/\/jornalfatosenoticias.com.br\/index.php\/wp-json\/wp\/v2\/comments?post=49245"}],"version-history":[{"count":0,"href":"https:\/\/jornalfatosenoticias.com.br\/index.php\/wp-json\/wp\/v2\/posts\/49245\/revisions"}],"wp:featuredmedia":[{"embeddable":true,"href":"https:\/\/jornalfatosenoticias.com.br\/index.php\/wp-json\/wp\/v2\/media\/49246"}],"wp:attachment":[{"href":"https:\/\/jornalfatosenoticias.com.br\/index.php\/wp-json\/wp\/v2\/media?parent=49245"}],"wp:term":[{"taxonomy":"category","embeddable":true,"href":"https:\/\/jornalfatosenoticias.com.br\/index.php\/wp-json\/wp\/v2\/categories?post=49245"},{"taxonomy":"post_tag","embeddable":true,"href":"https:\/\/jornalfatosenoticias.com.br\/index.php\/wp-json\/wp\/v2\/tags?post=49245"}],"curies":[{"name":"wp","href":"https:\/\/api.w.org\/{rel}","templated":true}]}}