{"id":49248,"date":"2024-02-15T14:52:57","date_gmt":"2024-02-15T17:52:57","guid":{"rendered":"https:\/\/jornalfatosenoticias.com.br\/?p=49248"},"modified":"2024-02-15T14:54:37","modified_gmt":"2024-02-15T17:54:37","slug":"tarcisio-confirma-que-ira-em-ato-pro-bolsonaro-na-avenida-paulista","status":"publish","type":"post","link":"https:\/\/jornalfatosenoticias.com.br\/index.php\/2024\/02\/15\/tarcisio-confirma-que-ira-em-ato-pro-bolsonaro-na-avenida-paulista\/","title":{"rendered":"Tarc\u00edsio confirma que ir\u00e1 em ato pr\u00f3-Bolsonaro na Avenida Paulista"},"content":{"rendered":"\n<p><em><span class=\"has-inline-color has-black-color\">Evento no dia 25 de fevereiro foi convocado ap\u00f3s opera\u00e7\u00e3o da PF que investiga o ex-presidente<\/span><\/em><\/p>\n\n\n\n<p><span class=\"has-inline-color has-black-color\">Por <strong><a href=\"https:\/\/www.gazetadopovo.com.br\/autor\/lucas-saba\/\" rel=\"sponsored nofollow\">Lucas Saba<\/a><\/strong><\/span><\/p>\n\n\n\n<div class=\"wp-block-image\"><figure class=\"aligncenter size-large is-resized\"><img loading=\"lazy\" decoding=\"async\" src=\"https:\/\/jornalfatosenoticias.com.br\/wp-content\/uploads\/2023\/12\/pegoretti-logo-pdf-1024x389.jpg\" alt=\"\" class=\"wp-image-47536\" width=\"422\" height=\"160\" srcset=\"https:\/\/jornalfatosenoticias.com.br\/wp-content\/uploads\/2023\/12\/pegoretti-logo-pdf-1024x389.jpg 1024w, https:\/\/jornalfatosenoticias.com.br\/wp-content\/uploads\/2023\/12\/pegoretti-logo-pdf-300x114.jpg 300w, https:\/\/jornalfatosenoticias.com.br\/wp-content\/uploads\/2023\/12\/pegoretti-logo-pdf-768x291.jpg 768w, https:\/\/jornalfatosenoticias.com.br\/wp-content\/uploads\/2023\/12\/pegoretti-logo-pdf.jpg 1120w\" sizes=\"auto, (max-width: 422px) 100vw, 422px\" \/><\/figure><\/div>\n\n\n\n<p>O governador de S\u00e3o Paulo, Tarc\u00edsio de Freitas (Republicanos), confirmou a participa\u00e7\u00e3o no ato do dia 25 de fevereiro na Avenida Paulista, em S\u00e3o Paulo. A manifesta\u00e7\u00e3o foi convocada pelo ex-presidente Jair Bolsonaro (PL) para <a href=\"https:\/\/www.gazetadopovo.com.br\/republica\/bolsonaro-convoca-apoiadores-a-defender-a-democracia-em-ato-na-avenida-paulista-no-fim-deste-mes\/?ref=link-interno-materia\">\u201cdefender o Estado democr\u00e1tico de direito\u201d<\/a>, segundo ele.<\/p>\n\n\n\n<blockquote class=\"wp-block-quote is-layout-flow wp-block-quote-is-layout-flow\"><p><span class=\"has-inline-color has-luminous-vivid-orange-color\">\u00c9 uma manifesta\u00e7\u00e3o pac\u00edfica a favor do ex-presidente, e estarei ao lado dele, como sempre estive&#8221;, afirmou o governador paulista \u00e0 emissora de televis\u00e3o CNN.<\/span><\/p><\/blockquote>\n\n\n\n<div class=\"wp-block-image\"><figure class=\"aligncenter size-large is-resized\"><img loading=\"lazy\" decoding=\"async\" src=\"https:\/\/jornalfatosenoticias.com.br\/wp-content\/uploads\/2023\/08\/ITH.jpeg\" alt=\"\" class=\"wp-image-44638\" width=\"297\" height=\"241\" srcset=\"https:\/\/jornalfatosenoticias.com.br\/wp-content\/uploads\/2023\/08\/ITH.jpeg 800w, https:\/\/jornalfatosenoticias.com.br\/wp-content\/uploads\/2023\/08\/ITH-300x244.jpeg 300w, https:\/\/jornalfatosenoticias.com.br\/wp-content\/uploads\/2023\/08\/ITH-768x624.jpeg 768w\" sizes=\"auto, (max-width: 297px) 100vw, 297px\" \/><\/figure><\/div>\n\n\n\n<p>Tarc\u00edsio tem sido cobrado por deputados de direita da Assembleia Legislativa (Alesp) por n\u00e3o ter se posicionado, publicamente, em defesa do ex-presidente ap\u00f3s a opera\u00e7\u00e3o <em>Tempus Veritatis<\/em> da Pol\u00edcia Federal na semana passada. A participa\u00e7\u00e3o do governador no ato da Avenida Paulista \u00e9 interpretada com uma reaproxima\u00e7\u00e3o pelos aliados pol\u00edticos, al\u00e9m da renova\u00e7\u00e3o da parceria com o ex-presidente.<\/p>\n\n\n\n<div class=\"wp-block-image\"><figure class=\"aligncenter size-large is-resized\"><img loading=\"lazy\" decoding=\"async\" src=\"https:\/\/jornalfatosenoticias.com.br\/wp-content\/uploads\/2023\/03\/nova-logo-Marquetti.jpg\" alt=\"\" class=\"wp-image-40207\" width=\"331\" height=\"222\" srcset=\"https:\/\/jornalfatosenoticias.com.br\/wp-content\/uploads\/2023\/03\/nova-logo-Marquetti.jpg 643w, https:\/\/jornalfatosenoticias.com.br\/wp-content\/uploads\/2023\/03\/nova-logo-Marquetti-300x202.jpg 300w\" sizes=\"auto, (max-width: 331px) 100vw, 331px\" \/><\/figure><\/div>\n\n\n\n<p>Tarc\u00edsio deve estar ao lado de Bolsonaro na Avenida Paulista, mas ainda n\u00e3o se sabe se o governador discursar\u00e1 no evento, organizado pelo pastor <strong>Silas Malafaia<\/strong> e <strong>Fabio Wajngarten<\/strong>, ex-chefe da Secretaria de Comunica\u00e7\u00e3o Social (Secom) do governo federal.<\/p>\n\n\n\n<div class=\"wp-block-image\"><figure class=\"aligncenter size-large\"><img decoding=\"async\" src=\"https:\/\/jornalfatosenoticias.com.br\/wp-content\/uploads\/2020\/02\/logo_esteio.jpg\" alt=\"\" class=\"wp-image-1214\"\/><\/figure><\/div>\n\n\n\n<p><strong><span class=\"has-inline-color has-black-color\">Nunes deve comparecer em manifesta\u00e7\u00e3o junto com Tarc\u00edsio e Bolsonaro<br><\/span><\/strong>O prefeito de S\u00e3o Paulo, <a href=\"https:\/\/www.gazetadopovo.com.br\/sao-paulo\/nunes-vai-manifestacao-pro-bolsonaro-avenida-paulista\/?ref=link-interno-materia\">Ricardo Nunes (MDB), tamb\u00e9m deve ir \u00e0 manifesta\u00e7\u00e3o em apoio ao ex-presidente no dia 25<\/a>, convocada por Bolsonaro ap\u00f3s a opera\u00e7\u00e3o <em>Tempus Veritatis,<\/em> da Pol\u00edcia Federal.<\/p>\n\n\n\n<div class=\"wp-block-image\"><figure class=\"aligncenter size-large is-resized\"><img loading=\"lazy\" decoding=\"async\" src=\"https:\/\/jornalfatosenoticias.com.br\/wp-content\/uploads\/2020\/02\/CONTROL-CS.jpg\" alt=\"\" class=\"wp-image-44991\" width=\"322\" height=\"386\" srcset=\"https:\/\/jornalfatosenoticias.com.br\/wp-content\/uploads\/2020\/02\/CONTROL-CS.jpg 834w, https:\/\/jornalfatosenoticias.com.br\/wp-content\/uploads\/2020\/02\/CONTROL-CS-250x300.jpg 250w, https:\/\/jornalfatosenoticias.com.br\/wp-content\/uploads\/2020\/02\/CONTROL-CS-768x921.jpg 768w\" sizes=\"auto, (max-width: 322px) 100vw, 322px\" \/><\/figure><\/div>\n\n\n\n<p>Nunes entende que a elei\u00e7\u00e3o de S\u00e3o Paulo ser\u00e1 polarizada nacionalmente entre ele e o principal advers\u00e1rio, o deputado federal Guilherme Boulos (Psol), que recebeu apoio de Luiz In\u00e1cio Lula da Silva (PT), e precisa do contraponto com Bolsonaro. Nos bastidores pol\u00edticos, a expectativa \u00e9 que <strong>caso Nunes compare\u00e7a ao evento, \u00e9 esperado um discurso do ex-presidente em favor da reelei\u00e7\u00e3o<\/strong> do atual prefeito de S\u00e3o Paulo.<\/p>\n\n\n\n<div class=\"wp-block-image\"><figure class=\"aligncenter size-large\"><img loading=\"lazy\" decoding=\"async\" width=\"300\" height=\"250\" src=\"https:\/\/jornalfatosenoticias.com.br\/wp-content\/uploads\/2020\/02\/Banner-2.png\" alt=\"\" class=\"wp-image-43787\"\/><\/figure><\/div>\n\n\n\n<p>O ex-comandante das Rondas Ostensivas Tobias de Aguiar (Rota) da Pol\u00edcia Militar de S\u00e3o Paulo, coronel Mello Ara\u00fajo (PL), disse \u00e0 reportagem da <strong>Gazeta do Povo<\/strong> que n\u00e3o comparecer\u00e1 ao evento porque est\u00e1 em viagem. Por\u00e9m, o nome dele deve ser confirmado para vice de Ricardo Nunes no dia do evento pr\u00f3-Bolsonaro.<\/p>\n\n\n\n<div class=\"wp-block-image\"><figure class=\"aligncenter size-large is-resized\"><img loading=\"lazy\" decoding=\"async\" src=\"https:\/\/jornalfatosenoticias.com.br\/wp-content\/uploads\/2022\/02\/Precisao-Contabilidade-1024x724.jpg\" alt=\"\" class=\"wp-image-28088\" width=\"345\" height=\"244\"\/><\/figure><\/div>\n\n\n\n<p><strong><em>Fonte: <a href=\"https:\/\/www.gazetadopovo.com.br\/sao-paulo\/tarcisio-confirma-que-ira-em-ato-pro-bolsonaro-na-avenida-paulista\/\">Gazeta do Povo<\/a><\/em><\/strong><\/p>\n","protected":false},"excerpt":{"rendered":"<p>Evento no dia 25 de fevereiro foi convocado ap\u00f3s opera\u00e7\u00e3o da PF que investiga o ex-presidente Por Lucas Saba O governador de S\u00e3o Paulo, Tarc\u00edsio de Freitas (Republicanos), confirmou a participa\u00e7\u00e3o no ato do dia 25 de fevereiro na Avenida Paulista, em S\u00e3o Paulo. A manifesta\u00e7\u00e3o foi convocada pelo ex-presidente Jair Bolsonaro (PL) para \u201cdefender [&hellip;]<\/p>\n","protected":false},"author":2,"featured_media":49249,"comment_status":"open","ping_status":"open","sticky":false,"template":"","format":"standard","meta":{"footnotes":""},"categories":[10],"tags":[239,1795,7580,2146,17951,20263,305,19192],"class_list":["post-49248","post","type-post","status-publish","format-standard","has-post-thumbnail","hentry","category-politica","tag-bolsonaro","tag-jair-bolsonaro","tag-lula","tag-policia-federal","tag-republicanos","tag-ricardo-nunes","tag-sao-paulo","tag-tarcisio-de-freitas"],"yoast_head":"<!-- This site is optimized with the Yoast SEO plugin v26.5 - https:\/\/yoast.com\/wordpress\/plugins\/seo\/ -->\n<title>Tarc\u00edsio confirma que ir\u00e1 em ato pr\u00f3-Bolsonaro na Avenida Paulista - Jornal Fatos e Not\u00edcias<\/title>\n<meta name=\"robots\" content=\"index, follow, max-snippet:-1, max-image-preview:large, max-video-preview:-1\" \/>\n<link rel=\"canonical\" href=\"https:\/\/jornalfatosenoticias.com.br\/index.php\/2024\/02\/15\/tarcisio-confirma-que-ira-em-ato-pro-bolsonaro-na-avenida-paulista\/\" \/>\n<meta property=\"og:locale\" content=\"pt_BR\" \/>\n<meta property=\"og:type\" content=\"article\" \/>\n<meta property=\"og:title\" content=\"Tarc\u00edsio confirma que ir\u00e1 em ato pr\u00f3-Bolsonaro na Avenida Paulista - Jornal Fatos e Not\u00edcias\" \/>\n<meta property=\"og:description\" content=\"Evento no dia 25 de fevereiro foi convocado ap\u00f3s opera\u00e7\u00e3o da PF que investiga o ex-presidente Por Lucas Saba O governador de S\u00e3o Paulo, Tarc\u00edsio de Freitas (Republicanos), confirmou a participa\u00e7\u00e3o no ato do dia 25 de fevereiro na Avenida Paulista, em S\u00e3o Paulo. A manifesta\u00e7\u00e3o foi convocada pelo ex-presidente Jair Bolsonaro (PL) para \u201cdefender [&hellip;]\" \/>\n<meta property=\"og:url\" content=\"https:\/\/jornalfatosenoticias.com.br\/index.php\/2024\/02\/15\/tarcisio-confirma-que-ira-em-ato-pro-bolsonaro-na-avenida-paulista\/\" \/>\n<meta property=\"og:site_name\" content=\"Jornal Fatos e Not\u00edcias\" \/>\n<meta property=\"article:published_time\" content=\"2024-02-15T17:52:57+00:00\" \/>\n<meta property=\"article:modified_time\" content=\"2024-02-15T17:54:37+00:00\" \/>\n<meta property=\"og:image\" content=\"https:\/\/jornalfatosenoticias.com.br\/wp-content\/uploads\/2024\/02\/bolsonaro_tarcisio.jpeg\" \/>\n\t<meta property=\"og:image:width\" content=\"770\" \/>\n\t<meta property=\"og:image:height\" content=\"513\" \/>\n\t<meta property=\"og:image:type\" content=\"image\/jpeg\" \/>\n<meta name=\"author\" content=\"Luzimara Fernandes\" \/>\n<meta name=\"twitter:card\" content=\"summary_large_image\" \/>\n<meta name=\"twitter:label1\" content=\"Escrito por\" \/>\n\t<meta name=\"twitter:data1\" content=\"Luzimara Fernandes\" \/>\n\t<meta name=\"twitter:label2\" content=\"Est. tempo de leitura\" \/>\n\t<meta name=\"twitter:data2\" content=\"2 minutos\" \/>\n<script type=\"application\/ld+json\" class=\"yoast-schema-graph\">{\"@context\":\"https:\/\/schema.org\",\"@graph\":[{\"@type\":\"Article\",\"@id\":\"https:\/\/jornalfatosenoticias.com.br\/index.php\/2024\/02\/15\/tarcisio-confirma-que-ira-em-ato-pro-bolsonaro-na-avenida-paulista\/#article\",\"isPartOf\":{\"@id\":\"https:\/\/jornalfatosenoticias.com.br\/index.php\/2024\/02\/15\/tarcisio-confirma-que-ira-em-ato-pro-bolsonaro-na-avenida-paulista\/\"},\"author\":{\"name\":\"Luzimara Fernandes\",\"@id\":\"https:\/\/jornalfatosenoticias.com.br\/#\/schema\/person\/d63837fa13ac8666eb9e74e0985d6f81\"},\"headline\":\"Tarc\u00edsio confirma que ir\u00e1 em ato pr\u00f3-Bolsonaro na Avenida Paulista\",\"datePublished\":\"2024-02-15T17:52:57+00:00\",\"dateModified\":\"2024-02-15T17:54:37+00:00\",\"mainEntityOfPage\":{\"@id\":\"https:\/\/jornalfatosenoticias.com.br\/index.php\/2024\/02\/15\/tarcisio-confirma-que-ira-em-ato-pro-bolsonaro-na-avenida-paulista\/\"},\"wordCount\":396,\"commentCount\":0,\"publisher\":{\"@id\":\"https:\/\/jornalfatosenoticias.com.br\/#organization\"},\"image\":{\"@id\":\"https:\/\/jornalfatosenoticias.com.br\/index.php\/2024\/02\/15\/tarcisio-confirma-que-ira-em-ato-pro-bolsonaro-na-avenida-paulista\/#primaryimage\"},\"thumbnailUrl\":\"https:\/\/jornalfatosenoticias.com.br\/wp-content\/uploads\/2024\/02\/bolsonaro_tarcisio.jpeg\",\"keywords\":[\"Bolsonaro\",\"Jair Bolsonaro\",\"Lula\",\"Pol\u00edcia Federal\",\"Republicanos\",\"Ricardo Nunes\",\"S\u00e3o Paulo\",\"Tarc\u00edsio de Freitas\"],\"articleSection\":[\"Pol\u00edtica\"],\"inLanguage\":\"pt-BR\",\"potentialAction\":[{\"@type\":\"CommentAction\",\"name\":\"Comment\",\"target\":[\"https:\/\/jornalfatosenoticias.com.br\/index.php\/2024\/02\/15\/tarcisio-confirma-que-ira-em-ato-pro-bolsonaro-na-avenida-paulista\/#respond\"]}]},{\"@type\":\"WebPage\",\"@id\":\"https:\/\/jornalfatosenoticias.com.br\/index.php\/2024\/02\/15\/tarcisio-confirma-que-ira-em-ato-pro-bolsonaro-na-avenida-paulista\/\",\"url\":\"https:\/\/jornalfatosenoticias.com.br\/index.php\/2024\/02\/15\/tarcisio-confirma-que-ira-em-ato-pro-bolsonaro-na-avenida-paulista\/\",\"name\":\"Tarc\u00edsio confirma que ir\u00e1 em ato pr\u00f3-Bolsonaro na Avenida Paulista - Jornal Fatos e Not\u00edcias\",\"isPartOf\":{\"@id\":\"https:\/\/jornalfatosenoticias.com.br\/#website\"},\"primaryImageOfPage\":{\"@id\":\"https:\/\/jornalfatosenoticias.com.br\/index.php\/2024\/02\/15\/tarcisio-confirma-que-ira-em-ato-pro-bolsonaro-na-avenida-paulista\/#primaryimage\"},\"image\":{\"@id\":\"https:\/\/jornalfatosenoticias.com.br\/index.php\/2024\/02\/15\/tarcisio-confirma-que-ira-em-ato-pro-bolsonaro-na-avenida-paulista\/#primaryimage\"},\"thumbnailUrl\":\"https:\/\/jornalfatosenoticias.com.br\/wp-content\/uploads\/2024\/02\/bolsonaro_tarcisio.jpeg\",\"datePublished\":\"2024-02-15T17:52:57+00:00\",\"dateModified\":\"2024-02-15T17:54:37+00:00\",\"breadcrumb\":{\"@id\":\"https:\/\/jornalfatosenoticias.com.br\/index.php\/2024\/02\/15\/tarcisio-confirma-que-ira-em-ato-pro-bolsonaro-na-avenida-paulista\/#breadcrumb\"},\"inLanguage\":\"pt-BR\",\"potentialAction\":[{\"@type\":\"ReadAction\",\"target\":[\"https:\/\/jornalfatosenoticias.com.br\/index.php\/2024\/02\/15\/tarcisio-confirma-que-ira-em-ato-pro-bolsonaro-na-avenida-paulista\/\"]}]},{\"@type\":\"ImageObject\",\"inLanguage\":\"pt-BR\",\"@id\":\"https:\/\/jornalfatosenoticias.com.br\/index.php\/2024\/02\/15\/tarcisio-confirma-que-ira-em-ato-pro-bolsonaro-na-avenida-paulista\/#primaryimage\",\"url\":\"https:\/\/jornalfatosenoticias.com.br\/wp-content\/uploads\/2024\/02\/bolsonaro_tarcisio.jpeg\",\"contentUrl\":\"https:\/\/jornalfatosenoticias.com.br\/wp-content\/uploads\/2024\/02\/bolsonaro_tarcisio.jpeg\",\"width\":770,\"height\":513},{\"@type\":\"BreadcrumbList\",\"@id\":\"https:\/\/jornalfatosenoticias.com.br\/index.php\/2024\/02\/15\/tarcisio-confirma-que-ira-em-ato-pro-bolsonaro-na-avenida-paulista\/#breadcrumb\",\"itemListElement\":[{\"@type\":\"ListItem\",\"position\":1,\"name\":\"In\u00edcio\",\"item\":\"https:\/\/jornalfatosenoticias.com.br\/\"},{\"@type\":\"ListItem\",\"position\":2,\"name\":\"Tarc\u00edsio confirma que ir\u00e1 em ato pr\u00f3-Bolsonaro na Avenida Paulista\"}]},{\"@type\":\"WebSite\",\"@id\":\"https:\/\/jornalfatosenoticias.com.br\/#website\",\"url\":\"https:\/\/jornalfatosenoticias.com.br\/\",\"name\":\"Jornal Fatos e Not\u00edcias\",\"description\":\"Not\u00edcias em geral\",\"publisher\":{\"@id\":\"https:\/\/jornalfatosenoticias.com.br\/#organization\"},\"potentialAction\":[{\"@type\":\"SearchAction\",\"target\":{\"@type\":\"EntryPoint\",\"urlTemplate\":\"https:\/\/jornalfatosenoticias.com.br\/?s={search_term_string}\"},\"query-input\":{\"@type\":\"PropertyValueSpecification\",\"valueRequired\":true,\"valueName\":\"search_term_string\"}}],\"inLanguage\":\"pt-BR\"},{\"@type\":\"Organization\",\"@id\":\"https:\/\/jornalfatosenoticias.com.br\/#organization\",\"name\":\"Jornal Fatos e Not\u00edcias\",\"url\":\"https:\/\/jornalfatosenoticias.com.br\/\",\"logo\":{\"@type\":\"ImageObject\",\"inLanguage\":\"pt-BR\",\"@id\":\"https:\/\/jornalfatosenoticias.com.br\/#\/schema\/logo\/image\/\",\"url\":\"https:\/\/jornalfatosenoticias.com.br\/wp-content\/uploads\/2020\/02\/logo120.png\",\"contentUrl\":\"https:\/\/jornalfatosenoticias.com.br\/wp-content\/uploads\/2020\/02\/logo120.png\",\"width\":1227,\"height\":120,\"caption\":\"Jornal Fatos e Not\u00edcias\"},\"image\":{\"@id\":\"https:\/\/jornalfatosenoticias.com.br\/#\/schema\/logo\/image\/\"}},{\"@type\":\"Person\",\"@id\":\"https:\/\/jornalfatosenoticias.com.br\/#\/schema\/person\/d63837fa13ac8666eb9e74e0985d6f81\",\"name\":\"Luzimara Fernandes\",\"image\":{\"@type\":\"ImageObject\",\"inLanguage\":\"pt-BR\",\"@id\":\"https:\/\/jornalfatosenoticias.com.br\/#\/schema\/person\/image\/\",\"url\":\"https:\/\/jornalfatosenoticias.com.br\/wp-content\/uploads\/2025\/05\/EU_portal.jpg\",\"contentUrl\":\"https:\/\/jornalfatosenoticias.com.br\/wp-content\/uploads\/2025\/05\/EU_portal.jpg\",\"caption\":\"Luzimara Fernandes\"},\"description\":\"Jornalista MTB 2358-ES\",\"sameAs\":[\"https:\/\/jornalfatosenoticias.com.br\"],\"url\":\"https:\/\/jornalfatosenoticias.com.br\/index.php\/author\/luzimara\/\"}]}<\/script>\n<!-- \/ Yoast SEO plugin. -->","yoast_head_json":{"title":"Tarc\u00edsio confirma que ir\u00e1 em ato pr\u00f3-Bolsonaro na Avenida Paulista - Jornal Fatos e Not\u00edcias","robots":{"index":"index","follow":"follow","max-snippet":"max-snippet:-1","max-image-preview":"max-image-preview:large","max-video-preview":"max-video-preview:-1"},"canonical":"https:\/\/jornalfatosenoticias.com.br\/index.php\/2024\/02\/15\/tarcisio-confirma-que-ira-em-ato-pro-bolsonaro-na-avenida-paulista\/","og_locale":"pt_BR","og_type":"article","og_title":"Tarc\u00edsio confirma que ir\u00e1 em ato pr\u00f3-Bolsonaro na Avenida Paulista - Jornal Fatos e Not\u00edcias","og_description":"Evento no dia 25 de fevereiro foi convocado ap\u00f3s opera\u00e7\u00e3o da PF que investiga o ex-presidente Por Lucas Saba O governador de S\u00e3o Paulo, Tarc\u00edsio de Freitas (Republicanos), confirmou a participa\u00e7\u00e3o no ato do dia 25 de fevereiro na Avenida Paulista, em S\u00e3o Paulo. A manifesta\u00e7\u00e3o foi convocada pelo ex-presidente Jair Bolsonaro (PL) para \u201cdefender [&hellip;]","og_url":"https:\/\/jornalfatosenoticias.com.br\/index.php\/2024\/02\/15\/tarcisio-confirma-que-ira-em-ato-pro-bolsonaro-na-avenida-paulista\/","og_site_name":"Jornal Fatos e Not\u00edcias","article_published_time":"2024-02-15T17:52:57+00:00","article_modified_time":"2024-02-15T17:54:37+00:00","og_image":[{"width":770,"height":513,"url":"https:\/\/jornalfatosenoticias.com.br\/wp-content\/uploads\/2024\/02\/bolsonaro_tarcisio.jpeg","type":"image\/jpeg"}],"author":"Luzimara Fernandes","twitter_card":"summary_large_image","twitter_misc":{"Escrito por":"Luzimara Fernandes","Est. tempo de leitura":"2 minutos"},"schema":{"@context":"https:\/\/schema.org","@graph":[{"@type":"Article","@id":"https:\/\/jornalfatosenoticias.com.br\/index.php\/2024\/02\/15\/tarcisio-confirma-que-ira-em-ato-pro-bolsonaro-na-avenida-paulista\/#article","isPartOf":{"@id":"https:\/\/jornalfatosenoticias.com.br\/index.php\/2024\/02\/15\/tarcisio-confirma-que-ira-em-ato-pro-bolsonaro-na-avenida-paulista\/"},"author":{"name":"Luzimara Fernandes","@id":"https:\/\/jornalfatosenoticias.com.br\/#\/schema\/person\/d63837fa13ac8666eb9e74e0985d6f81"},"headline":"Tarc\u00edsio confirma que ir\u00e1 em ato pr\u00f3-Bolsonaro na Avenida Paulista","datePublished":"2024-02-15T17:52:57+00:00","dateModified":"2024-02-15T17:54:37+00:00","mainEntityOfPage":{"@id":"https:\/\/jornalfatosenoticias.com.br\/index.php\/2024\/02\/15\/tarcisio-confirma-que-ira-em-ato-pro-bolsonaro-na-avenida-paulista\/"},"wordCount":396,"commentCount":0,"publisher":{"@id":"https:\/\/jornalfatosenoticias.com.br\/#organization"},"image":{"@id":"https:\/\/jornalfatosenoticias.com.br\/index.php\/2024\/02\/15\/tarcisio-confirma-que-ira-em-ato-pro-bolsonaro-na-avenida-paulista\/#primaryimage"},"thumbnailUrl":"https:\/\/jornalfatosenoticias.com.br\/wp-content\/uploads\/2024\/02\/bolsonaro_tarcisio.jpeg","keywords":["Bolsonaro","Jair Bolsonaro","Lula","Pol\u00edcia Federal","Republicanos","Ricardo Nunes","S\u00e3o Paulo","Tarc\u00edsio de Freitas"],"articleSection":["Pol\u00edtica"],"inLanguage":"pt-BR","potentialAction":[{"@type":"CommentAction","name":"Comment","target":["https:\/\/jornalfatosenoticias.com.br\/index.php\/2024\/02\/15\/tarcisio-confirma-que-ira-em-ato-pro-bolsonaro-na-avenida-paulista\/#respond"]}]},{"@type":"WebPage","@id":"https:\/\/jornalfatosenoticias.com.br\/index.php\/2024\/02\/15\/tarcisio-confirma-que-ira-em-ato-pro-bolsonaro-na-avenida-paulista\/","url":"https:\/\/jornalfatosenoticias.com.br\/index.php\/2024\/02\/15\/tarcisio-confirma-que-ira-em-ato-pro-bolsonaro-na-avenida-paulista\/","name":"Tarc\u00edsio confirma que ir\u00e1 em ato pr\u00f3-Bolsonaro na Avenida Paulista - Jornal Fatos e Not\u00edcias","isPartOf":{"@id":"https:\/\/jornalfatosenoticias.com.br\/#website"},"primaryImageOfPage":{"@id":"https:\/\/jornalfatosenoticias.com.br\/index.php\/2024\/02\/15\/tarcisio-confirma-que-ira-em-ato-pro-bolsonaro-na-avenida-paulista\/#primaryimage"},"image":{"@id":"https:\/\/jornalfatosenoticias.com.br\/index.php\/2024\/02\/15\/tarcisio-confirma-que-ira-em-ato-pro-bolsonaro-na-avenida-paulista\/#primaryimage"},"thumbnailUrl":"https:\/\/jornalfatosenoticias.com.br\/wp-content\/uploads\/2024\/02\/bolsonaro_tarcisio.jpeg","datePublished":"2024-02-15T17:52:57+00:00","dateModified":"2024-02-15T17:54:37+00:00","breadcrumb":{"@id":"https:\/\/jornalfatosenoticias.com.br\/index.php\/2024\/02\/15\/tarcisio-confirma-que-ira-em-ato-pro-bolsonaro-na-avenida-paulista\/#breadcrumb"},"inLanguage":"pt-BR","potentialAction":[{"@type":"ReadAction","target":["https:\/\/jornalfatosenoticias.com.br\/index.php\/2024\/02\/15\/tarcisio-confirma-que-ira-em-ato-pro-bolsonaro-na-avenida-paulista\/"]}]},{"@type":"ImageObject","inLanguage":"pt-BR","@id":"https:\/\/jornalfatosenoticias.com.br\/index.php\/2024\/02\/15\/tarcisio-confirma-que-ira-em-ato-pro-bolsonaro-na-avenida-paulista\/#primaryimage","url":"https:\/\/jornalfatosenoticias.com.br\/wp-content\/uploads\/2024\/02\/bolsonaro_tarcisio.jpeg","contentUrl":"https:\/\/jornalfatosenoticias.com.br\/wp-content\/uploads\/2024\/02\/bolsonaro_tarcisio.jpeg","width":770,"height":513},{"@type":"BreadcrumbList","@id":"https:\/\/jornalfatosenoticias.com.br\/index.php\/2024\/02\/15\/tarcisio-confirma-que-ira-em-ato-pro-bolsonaro-na-avenida-paulista\/#breadcrumb","itemListElement":[{"@type":"ListItem","position":1,"name":"In\u00edcio","item":"https:\/\/jornalfatosenoticias.com.br\/"},{"@type":"ListItem","position":2,"name":"Tarc\u00edsio confirma que ir\u00e1 em ato pr\u00f3-Bolsonaro na Avenida Paulista"}]},{"@type":"WebSite","@id":"https:\/\/jornalfatosenoticias.com.br\/#website","url":"https:\/\/jornalfatosenoticias.com.br\/","name":"Jornal Fatos e Not\u00edcias","description":"Not\u00edcias em geral","publisher":{"@id":"https:\/\/jornalfatosenoticias.com.br\/#organization"},"potentialAction":[{"@type":"SearchAction","target":{"@type":"EntryPoint","urlTemplate":"https:\/\/jornalfatosenoticias.com.br\/?s={search_term_string}"},"query-input":{"@type":"PropertyValueSpecification","valueRequired":true,"valueName":"search_term_string"}}],"inLanguage":"pt-BR"},{"@type":"Organization","@id":"https:\/\/jornalfatosenoticias.com.br\/#organization","name":"Jornal Fatos e Not\u00edcias","url":"https:\/\/jornalfatosenoticias.com.br\/","logo":{"@type":"ImageObject","inLanguage":"pt-BR","@id":"https:\/\/jornalfatosenoticias.com.br\/#\/schema\/logo\/image\/","url":"https:\/\/jornalfatosenoticias.com.br\/wp-content\/uploads\/2020\/02\/logo120.png","contentUrl":"https:\/\/jornalfatosenoticias.com.br\/wp-content\/uploads\/2020\/02\/logo120.png","width":1227,"height":120,"caption":"Jornal Fatos e Not\u00edcias"},"image":{"@id":"https:\/\/jornalfatosenoticias.com.br\/#\/schema\/logo\/image\/"}},{"@type":"Person","@id":"https:\/\/jornalfatosenoticias.com.br\/#\/schema\/person\/d63837fa13ac8666eb9e74e0985d6f81","name":"Luzimara Fernandes","image":{"@type":"ImageObject","inLanguage":"pt-BR","@id":"https:\/\/jornalfatosenoticias.com.br\/#\/schema\/person\/image\/","url":"https:\/\/jornalfatosenoticias.com.br\/wp-content\/uploads\/2025\/05\/EU_portal.jpg","contentUrl":"https:\/\/jornalfatosenoticias.com.br\/wp-content\/uploads\/2025\/05\/EU_portal.jpg","caption":"Luzimara Fernandes"},"description":"Jornalista MTB 2358-ES","sameAs":["https:\/\/jornalfatosenoticias.com.br"],"url":"https:\/\/jornalfatosenoticias.com.br\/index.php\/author\/luzimara\/"}]}},"cc_featured_image_caption":{"caption_text":"(Foto: Jos\u00e9 Cruz\/Ag\u00eancia Brasil)  ","source_text":"","source_url":""},"jetpack_featured_media_url":"https:\/\/jornalfatosenoticias.com.br\/wp-content\/uploads\/2024\/02\/bolsonaro_tarcisio.jpeg","_links":{"self":[{"href":"https:\/\/jornalfatosenoticias.com.br\/index.php\/wp-json\/wp\/v2\/posts\/49248","targetHints":{"allow":["GET"]}}],"collection":[{"href":"https:\/\/jornalfatosenoticias.com.br\/index.php\/wp-json\/wp\/v2\/posts"}],"about":[{"href":"https:\/\/jornalfatosenoticias.com.br\/index.php\/wp-json\/wp\/v2\/types\/post"}],"author":[{"embeddable":true,"href":"https:\/\/jornalfatosenoticias.com.br\/index.php\/wp-json\/wp\/v2\/users\/2"}],"replies":[{"embeddable":true,"href":"https:\/\/jornalfatosenoticias.com.br\/index.php\/wp-json\/wp\/v2\/comments?post=49248"}],"version-history":[{"count":0,"href":"https:\/\/jornalfatosenoticias.com.br\/index.php\/wp-json\/wp\/v2\/posts\/49248\/revisions"}],"wp:featuredmedia":[{"embeddable":true,"href":"https:\/\/jornalfatosenoticias.com.br\/index.php\/wp-json\/wp\/v2\/media\/49249"}],"wp:attachment":[{"href":"https:\/\/jornalfatosenoticias.com.br\/index.php\/wp-json\/wp\/v2\/media?parent=49248"}],"wp:term":[{"taxonomy":"category","embeddable":true,"href":"https:\/\/jornalfatosenoticias.com.br\/index.php\/wp-json\/wp\/v2\/categories?post=49248"},{"taxonomy":"post_tag","embeddable":true,"href":"https:\/\/jornalfatosenoticias.com.br\/index.php\/wp-json\/wp\/v2\/tags?post=49248"}],"curies":[{"name":"wp","href":"https:\/\/api.w.org\/{rel}","templated":true}]}}