{"id":4925,"date":"2020-05-26T15:34:05","date_gmt":"2020-05-26T18:34:05","guid":{"rendered":"https:\/\/jornalfatosenoticias.com.br\/?p=4925"},"modified":"2020-05-26T15:34:09","modified_gmt":"2020-05-26T18:34:09","slug":"expedicao-fotografica-registra-sapos-garimpeiros-no-amapa","status":"publish","type":"post","link":"https:\/\/jornalfatosenoticias.com.br\/index.php\/2020\/05\/26\/expedicao-fotografica-registra-sapos-garimpeiros-no-amapa\/","title":{"rendered":"Expedi\u00e7\u00e3o fotogr\u00e1fica registra sapos &#8216;garimpeiros&#8217; no Amap\u00e1"},"content":{"rendered":"\n<h6 class=\"wp-block-heading\"><em>O nome &#8220;garimpeiro&#8221; \u00e9 dado porque o sapinho prefere lugares com montanhas e riachos, onde, segundo garimpeiros, s\u00e3o mais prop\u00edcios a encontrar ouro<\/em><\/h6>\n\n\n\n<p>Dendrobates tinctorius \u00e9 o nome dado \u00e0quela esp\u00e9cie de sapinho colorido, chamado de garimpeiro, e encontrado em diversos lugares da Amaz\u00f4nia, entre eles, nas florestas do entorno do munic\u00edpio de Serra do Navio, no centro-oeste do Amap\u00e1, onde s\u00e3o achados com mais abund\u00e2ncia.<br>A facilidade em encontr\u00e1-los na regi\u00e3o motivou uma expedi\u00e7\u00e3o somente para fotograf\u00e1-los. Ao longo do caminho, outras esp\u00e9cies de anf\u00edbios, r\u00e9pteis e insetos foram clicados. A pesquisa na regi\u00e3o ocorreu entre 28 de fevereiro e 4 de mar\u00e7o, antes do per\u00edodo de isolamento social.<br>O guia tur\u00edstico local e fot\u00f3grafo Wirley Almeida, que liderou a expedi\u00e7\u00e3o, detalha que o nome &#8220;garimpeiro&#8221; \u00e9 dado porque o sapinho prefere lugares com montanhas e riachos, onde, segundo garimpeiros, s\u00e3o mais prop\u00edcios a encontrar ouro.<br>O sapo com cores vibrantes libera toxinas na pele que s\u00e3o prejudiciais aos seres humanos. Elas se tornam perigosas somente se entrarem na circula\u00e7\u00e3o sangu\u00ednea, por meio de um ferimento na m\u00e3o, por exemplo.<br>Wirley lembra que a expedi\u00e7\u00e3o teve origem quando um bi\u00f3logo e guia tur\u00edstico alem\u00e3o o encontrou por meio das redes sociais e disse que estava interessado em conhecer o Amap\u00e1 para fotografar e estudar os sapos. Junto a ele, vieram mais dois americanos.<br>&#8220;Eles n\u00e3o estiveram procurando os sapos apenas em Serra do Navio. Tinham toda uma rota que seguia por Macap\u00e1 e Laranjal do Jari, mas em alguns munic\u00edpios n\u00e3o tiveram sorte em achar um guia que soubesse achar os bichos&#8221;, explicou.<\/p>\n\n\n\n<figure class=\"wp-block-image size-large\"><img loading=\"lazy\" decoding=\"async\" width=\"1000\" height=\"580\" src=\"https:\/\/jornalfatosenoticias.com.br\/wp-content\/uploads\/2020\/05\/sapo-garimpeiro-dendrobates-tinctorius.jpg\" alt=\"\" class=\"wp-image-4926\" srcset=\"https:\/\/jornalfatosenoticias.com.br\/wp-content\/uploads\/2020\/05\/sapo-garimpeiro-dendrobates-tinctorius.jpg 1000w, https:\/\/jornalfatosenoticias.com.br\/wp-content\/uploads\/2020\/05\/sapo-garimpeiro-dendrobates-tinctorius-300x174.jpg 300w, https:\/\/jornalfatosenoticias.com.br\/wp-content\/uploads\/2020\/05\/sapo-garimpeiro-dendrobates-tinctorius-768x445.jpg 768w\" sizes=\"auto, (max-width: 1000px) 100vw, 1000px\" \/><figcaption><em>Sapos garimpeiros t\u00eam v\u00e1rias cores e s\u00e3o facilmente localizados na Serra do Navio (Foto: Wirley Almeida\/Divulga\u00e7\u00e3o)<\/em><\/figcaption><\/figure>\n\n\n\n<p>O amapaense fotografa sapos coloridos desde 2010 e diz que \u00e9 uma paix\u00e3o. Ele cr\u00ea que o fato de colocar o nome cient\u00edfico das esp\u00e9cies nas legendas das fotos evidencia ainda mais o trabalho e o munic\u00edpio de Serra do Navio.<br>&#8220;Ele [alem\u00e3o] tem um p\u00fablico que, na maioria idosos, gosta muito de fotografar sapos venenosos. E isso \u00e9 bom para ele e para a cidade que ganha ainda mais com turismo. Ele est\u00e1 criando um livro para divulgar o trabalho como bi\u00f3logo e queria, a partir de junho, juntar um grupo de fot\u00f3grafos para fazer mais registros, mas pandemia n\u00e3o deixou&#8221;, disse.<br>Assentamentos como a Col\u00f4nia de \u00c1gua Branca, Cacha\u00e7o e Rio Sucuriju foram visitados. O espectro de cores dos sapos viaja pelo azul claro, amarelo com preto, verde e quase transparente, no caso dos animais mais novos.<\/p>\n\n\n\n<p><strong><em>Fonte: <a href=\"https:\/\/portalamazonia.com\/estados\/amapa\/expedicao-fotografica-registra-sapos-garimpeiros-no-amapa\">Portal Amaz\u00f4nia<\/a><\/em><\/strong><\/p>\n","protected":false},"excerpt":{"rendered":"<p>O nome &#8220;garimpeiro&#8221; \u00e9 dado porque o sapinho prefere lugares com montanhas e riachos, onde, segundo garimpeiros, s\u00e3o mais prop\u00edcios a encontrar ouro Dendrobates tinctorius \u00e9 o nome dado \u00e0quela esp\u00e9cie de sapinho colorido, chamado de garimpeiro, e encontrado em diversos lugares da Amaz\u00f4nia, entre eles, nas florestas do entorno do munic\u00edpio de Serra do [&hellip;]<\/p>\n","protected":false},"author":2,"featured_media":4927,"comment_status":"open","ping_status":"open","sticky":false,"template":"","format":"standard","meta":{"footnotes":""},"categories":[2],"tags":[2933,945,2935,2934],"class_list":["post-4925","post","type-post","status-publish","format-standard","has-post-thumbnail","hentry","category-ciencia","tag-amapa","tag-meio-ambiente","tag-sapo","tag-sapo-garimpeiro"],"yoast_head":"<!-- This site is optimized with the Yoast SEO plugin v26.5 - https:\/\/yoast.com\/wordpress\/plugins\/seo\/ -->\n<title>Expedi\u00e7\u00e3o fotogr\u00e1fica registra sapos &#039;garimpeiros&#039; no Amap\u00e1 - Jornal Fatos e Not\u00edcias<\/title>\n<meta name=\"robots\" content=\"index, follow, max-snippet:-1, max-image-preview:large, max-video-preview:-1\" \/>\n<link rel=\"canonical\" href=\"https:\/\/jornalfatosenoticias.com.br\/index.php\/2020\/05\/26\/expedicao-fotografica-registra-sapos-garimpeiros-no-amapa\/\" \/>\n<meta property=\"og:locale\" content=\"pt_BR\" \/>\n<meta property=\"og:type\" content=\"article\" \/>\n<meta property=\"og:title\" content=\"Expedi\u00e7\u00e3o fotogr\u00e1fica registra sapos &#039;garimpeiros&#039; no Amap\u00e1 - Jornal Fatos e Not\u00edcias\" \/>\n<meta property=\"og:description\" content=\"O nome &#8220;garimpeiro&#8221; \u00e9 dado porque o sapinho prefere lugares com montanhas e riachos, onde, segundo garimpeiros, s\u00e3o mais prop\u00edcios a encontrar ouro Dendrobates tinctorius \u00e9 o nome dado \u00e0quela esp\u00e9cie de sapinho colorido, chamado de garimpeiro, e encontrado em diversos lugares da Amaz\u00f4nia, entre eles, nas florestas do entorno do munic\u00edpio de Serra do [&hellip;]\" \/>\n<meta property=\"og:url\" content=\"https:\/\/jornalfatosenoticias.com.br\/index.php\/2020\/05\/26\/expedicao-fotografica-registra-sapos-garimpeiros-no-amapa\/\" \/>\n<meta property=\"og:site_name\" content=\"Jornal Fatos e Not\u00edcias\" \/>\n<meta property=\"article:published_time\" content=\"2020-05-26T18:34:05+00:00\" \/>\n<meta property=\"article:modified_time\" content=\"2020-05-26T18:34:09+00:00\" \/>\n<meta property=\"og:image\" content=\"https:\/\/jornalfatosenoticias.com.br\/wp-content\/uploads\/2020\/05\/sapo-garimpeiro-dendrobates-tinctorius-2.jpg\" \/>\n\t<meta property=\"og:image:width\" content=\"1000\" \/>\n\t<meta property=\"og:image:height\" content=\"761\" \/>\n\t<meta property=\"og:image:type\" content=\"image\/jpeg\" \/>\n<meta name=\"author\" content=\"Luzimara Fernandes\" \/>\n<meta name=\"twitter:card\" content=\"summary_large_image\" \/>\n<meta name=\"twitter:label1\" content=\"Escrito por\" \/>\n\t<meta name=\"twitter:data1\" content=\"Luzimara Fernandes\" \/>\n\t<meta name=\"twitter:label2\" content=\"Est. tempo de leitura\" \/>\n\t<meta name=\"twitter:data2\" content=\"2 minutos\" \/>\n<script type=\"application\/ld+json\" class=\"yoast-schema-graph\">{\"@context\":\"https:\/\/schema.org\",\"@graph\":[{\"@type\":\"Article\",\"@id\":\"https:\/\/jornalfatosenoticias.com.br\/index.php\/2020\/05\/26\/expedicao-fotografica-registra-sapos-garimpeiros-no-amapa\/#article\",\"isPartOf\":{\"@id\":\"https:\/\/jornalfatosenoticias.com.br\/index.php\/2020\/05\/26\/expedicao-fotografica-registra-sapos-garimpeiros-no-amapa\/\"},\"author\":{\"name\":\"Luzimara Fernandes\",\"@id\":\"https:\/\/jornalfatosenoticias.com.br\/#\/schema\/person\/d63837fa13ac8666eb9e74e0985d6f81\"},\"headline\":\"Expedi\u00e7\u00e3o fotogr\u00e1fica registra sapos &#8216;garimpeiros&#8217; no Amap\u00e1\",\"datePublished\":\"2020-05-26T18:34:05+00:00\",\"dateModified\":\"2020-05-26T18:34:09+00:00\",\"mainEntityOfPage\":{\"@id\":\"https:\/\/jornalfatosenoticias.com.br\/index.php\/2020\/05\/26\/expedicao-fotografica-registra-sapos-garimpeiros-no-amapa\/\"},\"wordCount\":473,\"commentCount\":0,\"publisher\":{\"@id\":\"https:\/\/jornalfatosenoticias.com.br\/#organization\"},\"image\":{\"@id\":\"https:\/\/jornalfatosenoticias.com.br\/index.php\/2020\/05\/26\/expedicao-fotografica-registra-sapos-garimpeiros-no-amapa\/#primaryimage\"},\"thumbnailUrl\":\"https:\/\/jornalfatosenoticias.com.br\/wp-content\/uploads\/2020\/05\/sapo-garimpeiro-dendrobates-tinctorius-2.jpg\",\"keywords\":[\"Amap\u00e1\",\"meio ambiente\",\"sapo\",\"sapo-garimpeiro\"],\"articleSection\":[\"Ci\u00eancia\"],\"inLanguage\":\"pt-BR\",\"potentialAction\":[{\"@type\":\"CommentAction\",\"name\":\"Comment\",\"target\":[\"https:\/\/jornalfatosenoticias.com.br\/index.php\/2020\/05\/26\/expedicao-fotografica-registra-sapos-garimpeiros-no-amapa\/#respond\"]}]},{\"@type\":\"WebPage\",\"@id\":\"https:\/\/jornalfatosenoticias.com.br\/index.php\/2020\/05\/26\/expedicao-fotografica-registra-sapos-garimpeiros-no-amapa\/\",\"url\":\"https:\/\/jornalfatosenoticias.com.br\/index.php\/2020\/05\/26\/expedicao-fotografica-registra-sapos-garimpeiros-no-amapa\/\",\"name\":\"Expedi\u00e7\u00e3o fotogr\u00e1fica registra sapos 'garimpeiros' no Amap\u00e1 - Jornal Fatos e Not\u00edcias\",\"isPartOf\":{\"@id\":\"https:\/\/jornalfatosenoticias.com.br\/#website\"},\"primaryImageOfPage\":{\"@id\":\"https:\/\/jornalfatosenoticias.com.br\/index.php\/2020\/05\/26\/expedicao-fotografica-registra-sapos-garimpeiros-no-amapa\/#primaryimage\"},\"image\":{\"@id\":\"https:\/\/jornalfatosenoticias.com.br\/index.php\/2020\/05\/26\/expedicao-fotografica-registra-sapos-garimpeiros-no-amapa\/#primaryimage\"},\"thumbnailUrl\":\"https:\/\/jornalfatosenoticias.com.br\/wp-content\/uploads\/2020\/05\/sapo-garimpeiro-dendrobates-tinctorius-2.jpg\",\"datePublished\":\"2020-05-26T18:34:05+00:00\",\"dateModified\":\"2020-05-26T18:34:09+00:00\",\"breadcrumb\":{\"@id\":\"https:\/\/jornalfatosenoticias.com.br\/index.php\/2020\/05\/26\/expedicao-fotografica-registra-sapos-garimpeiros-no-amapa\/#breadcrumb\"},\"inLanguage\":\"pt-BR\",\"potentialAction\":[{\"@type\":\"ReadAction\",\"target\":[\"https:\/\/jornalfatosenoticias.com.br\/index.php\/2020\/05\/26\/expedicao-fotografica-registra-sapos-garimpeiros-no-amapa\/\"]}]},{\"@type\":\"ImageObject\",\"inLanguage\":\"pt-BR\",\"@id\":\"https:\/\/jornalfatosenoticias.com.br\/index.php\/2020\/05\/26\/expedicao-fotografica-registra-sapos-garimpeiros-no-amapa\/#primaryimage\",\"url\":\"https:\/\/jornalfatosenoticias.com.br\/wp-content\/uploads\/2020\/05\/sapo-garimpeiro-dendrobates-tinctorius-2.jpg\",\"contentUrl\":\"https:\/\/jornalfatosenoticias.com.br\/wp-content\/uploads\/2020\/05\/sapo-garimpeiro-dendrobates-tinctorius-2.jpg\",\"width\":1000,\"height\":761},{\"@type\":\"BreadcrumbList\",\"@id\":\"https:\/\/jornalfatosenoticias.com.br\/index.php\/2020\/05\/26\/expedicao-fotografica-registra-sapos-garimpeiros-no-amapa\/#breadcrumb\",\"itemListElement\":[{\"@type\":\"ListItem\",\"position\":1,\"name\":\"In\u00edcio\",\"item\":\"https:\/\/jornalfatosenoticias.com.br\/\"},{\"@type\":\"ListItem\",\"position\":2,\"name\":\"Expedi\u00e7\u00e3o fotogr\u00e1fica registra sapos &#8216;garimpeiros&#8217; no Amap\u00e1\"}]},{\"@type\":\"WebSite\",\"@id\":\"https:\/\/jornalfatosenoticias.com.br\/#website\",\"url\":\"https:\/\/jornalfatosenoticias.com.br\/\",\"name\":\"Jornal Fatos e Not\u00edcias\",\"description\":\"Not\u00edcias em geral\",\"publisher\":{\"@id\":\"https:\/\/jornalfatosenoticias.com.br\/#organization\"},\"potentialAction\":[{\"@type\":\"SearchAction\",\"target\":{\"@type\":\"EntryPoint\",\"urlTemplate\":\"https:\/\/jornalfatosenoticias.com.br\/?s={search_term_string}\"},\"query-input\":{\"@type\":\"PropertyValueSpecification\",\"valueRequired\":true,\"valueName\":\"search_term_string\"}}],\"inLanguage\":\"pt-BR\"},{\"@type\":\"Organization\",\"@id\":\"https:\/\/jornalfatosenoticias.com.br\/#organization\",\"name\":\"Jornal Fatos e Not\u00edcias\",\"url\":\"https:\/\/jornalfatosenoticias.com.br\/\",\"logo\":{\"@type\":\"ImageObject\",\"inLanguage\":\"pt-BR\",\"@id\":\"https:\/\/jornalfatosenoticias.com.br\/#\/schema\/logo\/image\/\",\"url\":\"https:\/\/jornalfatosenoticias.com.br\/wp-content\/uploads\/2020\/02\/logo120.png\",\"contentUrl\":\"https:\/\/jornalfatosenoticias.com.br\/wp-content\/uploads\/2020\/02\/logo120.png\",\"width\":1227,\"height\":120,\"caption\":\"Jornal Fatos e Not\u00edcias\"},\"image\":{\"@id\":\"https:\/\/jornalfatosenoticias.com.br\/#\/schema\/logo\/image\/\"}},{\"@type\":\"Person\",\"@id\":\"https:\/\/jornalfatosenoticias.com.br\/#\/schema\/person\/d63837fa13ac8666eb9e74e0985d6f81\",\"name\":\"Luzimara Fernandes\",\"image\":{\"@type\":\"ImageObject\",\"inLanguage\":\"pt-BR\",\"@id\":\"https:\/\/jornalfatosenoticias.com.br\/#\/schema\/person\/image\/\",\"url\":\"https:\/\/jornalfatosenoticias.com.br\/wp-content\/uploads\/2025\/05\/EU_portal.jpg\",\"contentUrl\":\"https:\/\/jornalfatosenoticias.com.br\/wp-content\/uploads\/2025\/05\/EU_portal.jpg\",\"caption\":\"Luzimara Fernandes\"},\"description\":\"Jornalista MTB 2358-ES\",\"sameAs\":[\"https:\/\/jornalfatosenoticias.com.br\"],\"url\":\"https:\/\/jornalfatosenoticias.com.br\/index.php\/author\/luzimara\/\"}]}<\/script>\n<!-- \/ Yoast SEO plugin. -->","yoast_head_json":{"title":"Expedi\u00e7\u00e3o fotogr\u00e1fica registra sapos 'garimpeiros' no Amap\u00e1 - Jornal Fatos e Not\u00edcias","robots":{"index":"index","follow":"follow","max-snippet":"max-snippet:-1","max-image-preview":"max-image-preview:large","max-video-preview":"max-video-preview:-1"},"canonical":"https:\/\/jornalfatosenoticias.com.br\/index.php\/2020\/05\/26\/expedicao-fotografica-registra-sapos-garimpeiros-no-amapa\/","og_locale":"pt_BR","og_type":"article","og_title":"Expedi\u00e7\u00e3o fotogr\u00e1fica registra sapos 'garimpeiros' no Amap\u00e1 - Jornal Fatos e Not\u00edcias","og_description":"O nome &#8220;garimpeiro&#8221; \u00e9 dado porque o sapinho prefere lugares com montanhas e riachos, onde, segundo garimpeiros, s\u00e3o mais prop\u00edcios a encontrar ouro Dendrobates tinctorius \u00e9 o nome dado \u00e0quela esp\u00e9cie de sapinho colorido, chamado de garimpeiro, e encontrado em diversos lugares da Amaz\u00f4nia, entre eles, nas florestas do entorno do munic\u00edpio de Serra do [&hellip;]","og_url":"https:\/\/jornalfatosenoticias.com.br\/index.php\/2020\/05\/26\/expedicao-fotografica-registra-sapos-garimpeiros-no-amapa\/","og_site_name":"Jornal Fatos e Not\u00edcias","article_published_time":"2020-05-26T18:34:05+00:00","article_modified_time":"2020-05-26T18:34:09+00:00","og_image":[{"width":1000,"height":761,"url":"https:\/\/jornalfatosenoticias.com.br\/wp-content\/uploads\/2020\/05\/sapo-garimpeiro-dendrobates-tinctorius-2.jpg","type":"image\/jpeg"}],"author":"Luzimara Fernandes","twitter_card":"summary_large_image","twitter_misc":{"Escrito por":"Luzimara Fernandes","Est. tempo de leitura":"2 minutos"},"schema":{"@context":"https:\/\/schema.org","@graph":[{"@type":"Article","@id":"https:\/\/jornalfatosenoticias.com.br\/index.php\/2020\/05\/26\/expedicao-fotografica-registra-sapos-garimpeiros-no-amapa\/#article","isPartOf":{"@id":"https:\/\/jornalfatosenoticias.com.br\/index.php\/2020\/05\/26\/expedicao-fotografica-registra-sapos-garimpeiros-no-amapa\/"},"author":{"name":"Luzimara Fernandes","@id":"https:\/\/jornalfatosenoticias.com.br\/#\/schema\/person\/d63837fa13ac8666eb9e74e0985d6f81"},"headline":"Expedi\u00e7\u00e3o fotogr\u00e1fica registra sapos &#8216;garimpeiros&#8217; no Amap\u00e1","datePublished":"2020-05-26T18:34:05+00:00","dateModified":"2020-05-26T18:34:09+00:00","mainEntityOfPage":{"@id":"https:\/\/jornalfatosenoticias.com.br\/index.php\/2020\/05\/26\/expedicao-fotografica-registra-sapos-garimpeiros-no-amapa\/"},"wordCount":473,"commentCount":0,"publisher":{"@id":"https:\/\/jornalfatosenoticias.com.br\/#organization"},"image":{"@id":"https:\/\/jornalfatosenoticias.com.br\/index.php\/2020\/05\/26\/expedicao-fotografica-registra-sapos-garimpeiros-no-amapa\/#primaryimage"},"thumbnailUrl":"https:\/\/jornalfatosenoticias.com.br\/wp-content\/uploads\/2020\/05\/sapo-garimpeiro-dendrobates-tinctorius-2.jpg","keywords":["Amap\u00e1","meio ambiente","sapo","sapo-garimpeiro"],"articleSection":["Ci\u00eancia"],"inLanguage":"pt-BR","potentialAction":[{"@type":"CommentAction","name":"Comment","target":["https:\/\/jornalfatosenoticias.com.br\/index.php\/2020\/05\/26\/expedicao-fotografica-registra-sapos-garimpeiros-no-amapa\/#respond"]}]},{"@type":"WebPage","@id":"https:\/\/jornalfatosenoticias.com.br\/index.php\/2020\/05\/26\/expedicao-fotografica-registra-sapos-garimpeiros-no-amapa\/","url":"https:\/\/jornalfatosenoticias.com.br\/index.php\/2020\/05\/26\/expedicao-fotografica-registra-sapos-garimpeiros-no-amapa\/","name":"Expedi\u00e7\u00e3o fotogr\u00e1fica registra sapos 'garimpeiros' no Amap\u00e1 - Jornal Fatos e Not\u00edcias","isPartOf":{"@id":"https:\/\/jornalfatosenoticias.com.br\/#website"},"primaryImageOfPage":{"@id":"https:\/\/jornalfatosenoticias.com.br\/index.php\/2020\/05\/26\/expedicao-fotografica-registra-sapos-garimpeiros-no-amapa\/#primaryimage"},"image":{"@id":"https:\/\/jornalfatosenoticias.com.br\/index.php\/2020\/05\/26\/expedicao-fotografica-registra-sapos-garimpeiros-no-amapa\/#primaryimage"},"thumbnailUrl":"https:\/\/jornalfatosenoticias.com.br\/wp-content\/uploads\/2020\/05\/sapo-garimpeiro-dendrobates-tinctorius-2.jpg","datePublished":"2020-05-26T18:34:05+00:00","dateModified":"2020-05-26T18:34:09+00:00","breadcrumb":{"@id":"https:\/\/jornalfatosenoticias.com.br\/index.php\/2020\/05\/26\/expedicao-fotografica-registra-sapos-garimpeiros-no-amapa\/#breadcrumb"},"inLanguage":"pt-BR","potentialAction":[{"@type":"ReadAction","target":["https:\/\/jornalfatosenoticias.com.br\/index.php\/2020\/05\/26\/expedicao-fotografica-registra-sapos-garimpeiros-no-amapa\/"]}]},{"@type":"ImageObject","inLanguage":"pt-BR","@id":"https:\/\/jornalfatosenoticias.com.br\/index.php\/2020\/05\/26\/expedicao-fotografica-registra-sapos-garimpeiros-no-amapa\/#primaryimage","url":"https:\/\/jornalfatosenoticias.com.br\/wp-content\/uploads\/2020\/05\/sapo-garimpeiro-dendrobates-tinctorius-2.jpg","contentUrl":"https:\/\/jornalfatosenoticias.com.br\/wp-content\/uploads\/2020\/05\/sapo-garimpeiro-dendrobates-tinctorius-2.jpg","width":1000,"height":761},{"@type":"BreadcrumbList","@id":"https:\/\/jornalfatosenoticias.com.br\/index.php\/2020\/05\/26\/expedicao-fotografica-registra-sapos-garimpeiros-no-amapa\/#breadcrumb","itemListElement":[{"@type":"ListItem","position":1,"name":"In\u00edcio","item":"https:\/\/jornalfatosenoticias.com.br\/"},{"@type":"ListItem","position":2,"name":"Expedi\u00e7\u00e3o fotogr\u00e1fica registra sapos &#8216;garimpeiros&#8217; no Amap\u00e1"}]},{"@type":"WebSite","@id":"https:\/\/jornalfatosenoticias.com.br\/#website","url":"https:\/\/jornalfatosenoticias.com.br\/","name":"Jornal Fatos e Not\u00edcias","description":"Not\u00edcias em geral","publisher":{"@id":"https:\/\/jornalfatosenoticias.com.br\/#organization"},"potentialAction":[{"@type":"SearchAction","target":{"@type":"EntryPoint","urlTemplate":"https:\/\/jornalfatosenoticias.com.br\/?s={search_term_string}"},"query-input":{"@type":"PropertyValueSpecification","valueRequired":true,"valueName":"search_term_string"}}],"inLanguage":"pt-BR"},{"@type":"Organization","@id":"https:\/\/jornalfatosenoticias.com.br\/#organization","name":"Jornal Fatos e Not\u00edcias","url":"https:\/\/jornalfatosenoticias.com.br\/","logo":{"@type":"ImageObject","inLanguage":"pt-BR","@id":"https:\/\/jornalfatosenoticias.com.br\/#\/schema\/logo\/image\/","url":"https:\/\/jornalfatosenoticias.com.br\/wp-content\/uploads\/2020\/02\/logo120.png","contentUrl":"https:\/\/jornalfatosenoticias.com.br\/wp-content\/uploads\/2020\/02\/logo120.png","width":1227,"height":120,"caption":"Jornal Fatos e Not\u00edcias"},"image":{"@id":"https:\/\/jornalfatosenoticias.com.br\/#\/schema\/logo\/image\/"}},{"@type":"Person","@id":"https:\/\/jornalfatosenoticias.com.br\/#\/schema\/person\/d63837fa13ac8666eb9e74e0985d6f81","name":"Luzimara Fernandes","image":{"@type":"ImageObject","inLanguage":"pt-BR","@id":"https:\/\/jornalfatosenoticias.com.br\/#\/schema\/person\/image\/","url":"https:\/\/jornalfatosenoticias.com.br\/wp-content\/uploads\/2025\/05\/EU_portal.jpg","contentUrl":"https:\/\/jornalfatosenoticias.com.br\/wp-content\/uploads\/2025\/05\/EU_portal.jpg","caption":"Luzimara Fernandes"},"description":"Jornalista MTB 2358-ES","sameAs":["https:\/\/jornalfatosenoticias.com.br"],"url":"https:\/\/jornalfatosenoticias.com.br\/index.php\/author\/luzimara\/"}]}},"cc_featured_image_caption":{"caption_text":"(Foto: Wirley Almeida\/Divulga\u00e7\u00e3o)","source_text":"","source_url":""},"jetpack_featured_media_url":"https:\/\/jornalfatosenoticias.com.br\/wp-content\/uploads\/2020\/05\/sapo-garimpeiro-dendrobates-tinctorius-2.jpg","_links":{"self":[{"href":"https:\/\/jornalfatosenoticias.com.br\/index.php\/wp-json\/wp\/v2\/posts\/4925","targetHints":{"allow":["GET"]}}],"collection":[{"href":"https:\/\/jornalfatosenoticias.com.br\/index.php\/wp-json\/wp\/v2\/posts"}],"about":[{"href":"https:\/\/jornalfatosenoticias.com.br\/index.php\/wp-json\/wp\/v2\/types\/post"}],"author":[{"embeddable":true,"href":"https:\/\/jornalfatosenoticias.com.br\/index.php\/wp-json\/wp\/v2\/users\/2"}],"replies":[{"embeddable":true,"href":"https:\/\/jornalfatosenoticias.com.br\/index.php\/wp-json\/wp\/v2\/comments?post=4925"}],"version-history":[{"count":0,"href":"https:\/\/jornalfatosenoticias.com.br\/index.php\/wp-json\/wp\/v2\/posts\/4925\/revisions"}],"wp:featuredmedia":[{"embeddable":true,"href":"https:\/\/jornalfatosenoticias.com.br\/index.php\/wp-json\/wp\/v2\/media\/4927"}],"wp:attachment":[{"href":"https:\/\/jornalfatosenoticias.com.br\/index.php\/wp-json\/wp\/v2\/media?parent=4925"}],"wp:term":[{"taxonomy":"category","embeddable":true,"href":"https:\/\/jornalfatosenoticias.com.br\/index.php\/wp-json\/wp\/v2\/categories?post=4925"},{"taxonomy":"post_tag","embeddable":true,"href":"https:\/\/jornalfatosenoticias.com.br\/index.php\/wp-json\/wp\/v2\/tags?post=4925"}],"curies":[{"name":"wp","href":"https:\/\/api.w.org\/{rel}","templated":true}]}}