{"id":49252,"date":"2024-02-15T15:17:41","date_gmt":"2024-02-15T18:17:41","guid":{"rendered":"https:\/\/jornalfatosenoticias.com.br\/?p=49252"},"modified":"2024-02-15T15:17:42","modified_gmt":"2024-02-15T18:17:42","slug":"investidor-estrangeiro-teme-volta-do-capitalismo-de-estado-no-governo-lula","status":"publish","type":"post","link":"https:\/\/jornalfatosenoticias.com.br\/index.php\/2024\/02\/15\/investidor-estrangeiro-teme-volta-do-capitalismo-de-estado-no-governo-lula\/","title":{"rendered":"Investidor estrangeiro teme volta do capitalismo de Estado no governo Lula"},"content":{"rendered":"\n<p><em><span class=\"has-inline-color has-black-color\">Pol\u00edticas intervencionistas de Lula afastam investidor estrangeiro<\/span><\/em><\/p>\n\n\n\n<p><span class=\"has-inline-color has-black-color\">Por <strong><a href=\"https:\/\/www.gazetadopovo.com.br\/autor\/rose-amantea\/\">Rose Amant\u00e9a<\/a><\/strong><\/span><\/p>\n\n\n\n<div class=\"wp-block-image\"><figure class=\"aligncenter size-large\"><img loading=\"lazy\" decoding=\"async\" width=\"729\" height=\"90\" src=\"https:\/\/jornalfatosenoticias.com.br\/wp-content\/uploads\/2020\/02\/Logo_Mizu.png\" alt=\"\" class=\"wp-image-1441\" srcset=\"https:\/\/jornalfatosenoticias.com.br\/wp-content\/uploads\/2020\/02\/Logo_Mizu.png 729w, https:\/\/jornalfatosenoticias.com.br\/wp-content\/uploads\/2020\/02\/Logo_Mizu-300x37.png 300w\" sizes=\"auto, (max-width: 729px) 100vw, 729px\" \/><\/figure><\/div>\n\n\n\n<p>As iniciativas intervencionistas do governo de Luiz In\u00e1cio Lula da Silva (PT) t\u00eam contribu\u00eddo para acender a luz amarela entre investidores estrangeiros em rela\u00e7\u00e3o ao Pa\u00eds. Segundo dados da B3, a Bolsa brasileira, janeiro foi marcado por forte sa\u00edda de capital estrangeiro, na casa dos R$ 7,9 bilh\u00f5es \u2014 o que reverteu, em parte, o bom desempenho do mercado de capitais dos \u00faltimos meses do ano passado.<br>A sa\u00edda brusca se deveu, principalmente, a fatores externos, como a perspectiva de manuten\u00e7\u00e3o de juros altos nos Estados Unidos. Mas os ru\u00eddos da pol\u00edtica interna e sinais de maior interfer\u00eancia estatal na economia pesaram na percep\u00e7\u00e3o de riscos e tamb\u00e9m afetaram a atra\u00e7\u00e3o de investimentos, segundo analistas de consultorias internacionais ouvidos pela <strong>Gazeta do Povo.<\/strong><br>O principal fator de desconfian\u00e7a foram as reiteradas tentativas de interfer\u00eancia do presidente Lula na mineradora Vale, visando emplacar o ex-ministro da Fazenda Guido Mantega na presid\u00eancia da companhia, que tiveram repercuss\u00e3o internacional.<\/p>\n\n\n\n<div class=\"wp-block-image\"><figure class=\"aligncenter size-large is-resized\"><img loading=\"lazy\" decoding=\"async\" src=\"https:\/\/jornalfatosenoticias.com.br\/wp-content\/uploads\/2020\/02\/CONTROL-CS.jpg\" alt=\"\" class=\"wp-image-44991\" width=\"345\" height=\"414\" srcset=\"https:\/\/jornalfatosenoticias.com.br\/wp-content\/uploads\/2020\/02\/CONTROL-CS.jpg 834w, https:\/\/jornalfatosenoticias.com.br\/wp-content\/uploads\/2020\/02\/CONTROL-CS-250x300.jpg 250w, https:\/\/jornalfatosenoticias.com.br\/wp-content\/uploads\/2020\/02\/CONTROL-CS-768x921.jpg 768w\" sizes=\"auto, (max-width: 345px) 100vw, 345px\" \/><\/figure><\/div>\n\n\n\n<p>Reportagem do jornal brit\u00e2nico &#8220;Financial Times&#8221; citou o temor dos investidores de uma retomada do &#8220;capitalismo de Estado&#8221; ao Brasil. O texto narra o empenho do presidente Lula em resgatar o protagonismo do Estado brasileiro na economia, e traz uma imagem da refinaria Abreu e Lima, em Pernambuco. Conhecida por casos de superfaturamento e corrup\u00e7\u00e3o em gest\u00f5es anteriores do PT, que lhe renderam o apelido de &#8220;refinaria mais cara do mundo&#8221;, a unidade est\u00e1 sendo ampliada \u2014 o que foi celebrado com discurso revanchista de Lula em evento no m\u00eas passado.<\/p>\n\n\n\n<div class=\"wp-block-image\"><figure class=\"aligncenter size-large is-resized\"><img loading=\"lazy\" decoding=\"async\" src=\"https:\/\/jornalfatosenoticias.com.br\/wp-content\/uploads\/2023\/09\/vetorvix1024_1.jpg\" alt=\"\" class=\"wp-image-44868\" width=\"524\" height=\"139\" srcset=\"https:\/\/jornalfatosenoticias.com.br\/wp-content\/uploads\/2023\/09\/vetorvix1024_1.jpg 1024w, https:\/\/jornalfatosenoticias.com.br\/wp-content\/uploads\/2023\/09\/vetorvix1024_1-300x80.jpg 300w, https:\/\/jornalfatosenoticias.com.br\/wp-content\/uploads\/2023\/09\/vetorvix1024_1-768x205.jpg 768w\" sizes=\"auto, (max-width: 524px) 100vw, 524px\" \/><\/figure><\/div>\n\n\n\n<p>Para S\u00edlvio Campos Neto, consultor s\u00eanior e s\u00f3cio da Tend\u00eancias, as investidas dirigistas t\u00eam sido um contraponto negativo \u00e0 conjuntura internacional \u2014 que joga a favor do Brasil e faz do pa\u00eds um porto relativamente seguro na compara\u00e7\u00e3o com outros pa\u00edses emergentes.<\/p>\n\n\n\n<div class=\"wp-block-image\"><figure class=\"aligncenter size-large is-resized\"><img loading=\"lazy\" decoding=\"async\" src=\"https:\/\/jornalfatosenoticias.com.br\/wp-content\/uploads\/2022\/02\/Precisao-Contabilidade-1024x724.jpg\" alt=\"\" class=\"wp-image-28088\" width=\"387\" height=\"273\"\/><\/figure><\/div>\n\n\n\n<blockquote class=\"wp-block-quote is-layout-flow wp-block-quote-is-layout-flow\"><p><span class=\"has-inline-color has-luminous-vivid-orange-color\">Existe uma percep\u00e7\u00e3o amb\u00edgua entre os investidores. Por um lado, o Brasil tem aspectos favor\u00e1veis, com contas externas s\u00f3lidas e pol\u00edtica monet\u00e1ria sob controle, que fazem com que estejamos melhor que pa\u00edses como R\u00fassia, Turquia, Peru e Argentina&#8221;, explica Campos Neto. &#8220;Mas o cen\u00e1rio interno acende o alarme quando vemos a dificuldade do governo em lidar com empresas privadas, que querem fazer seus neg\u00f3cios e definir seus rumos. O exemplo da Vale escancara isso&#8221;, diz.<\/span><\/p><\/blockquote>\n\n\n\n<p>Alexandre Reitz, chefe de renda vari\u00e1vel da filial brasileira do banco su\u00ed\u00e7o Julius Baer, acrescenta a tentativa do governo de modificar a governan\u00e7a da Eletrobras, privatizada em 2022.<\/p>\n\n\n\n<div class=\"wp-block-image\"><figure class=\"aligncenter size-large\"><img decoding=\"async\" src=\"https:\/\/jornalfatosenoticias.com.br\/wp-content\/uploads\/2020\/02\/logo_esteio.jpg\" alt=\"\" class=\"wp-image-1214\"\/><\/figure><\/div>\n\n\n\n<blockquote class=\"wp-block-quote is-layout-flow wp-block-quote-is-layout-flow\"><p><span class=\"has-inline-color has-luminous-vivid-orange-color\">O Pal\u00e1cio do Planalto parece n\u00e3o concordar com o processo de privatiza\u00e7\u00e3o conduzido pelo governo anterior, embora tenha sido um procedimento legal amplamente debatido e constru\u00eddo com o Congresso Nacional. O mesmo cen\u00e1rio tem se repetido com a Vale. Esse tipo de interven\u00e7\u00e3o, embora n\u00e3o seja determinante para os investidores de longo prazo, n\u00e3o contribui no curto prazo e adiciona ru\u00eddo aos investidores&#8221;, diz Reitz.<\/span><\/p><\/blockquote>\n\n\n\n<div class=\"wp-block-image\"><figure class=\"aligncenter size-large is-resized\"><img loading=\"lazy\" decoding=\"async\" src=\"https:\/\/jornalfatosenoticias.com.br\/wp-content\/uploads\/2023\/12\/pegoretti-logo-pdf-1024x389.jpg\" alt=\"\" class=\"wp-image-47536\" width=\"480\" height=\"182\" srcset=\"https:\/\/jornalfatosenoticias.com.br\/wp-content\/uploads\/2023\/12\/pegoretti-logo-pdf-1024x389.jpg 1024w, https:\/\/jornalfatosenoticias.com.br\/wp-content\/uploads\/2023\/12\/pegoretti-logo-pdf-300x114.jpg 300w, https:\/\/jornalfatosenoticias.com.br\/wp-content\/uploads\/2023\/12\/pegoretti-logo-pdf-768x291.jpg 768w, https:\/\/jornalfatosenoticias.com.br\/wp-content\/uploads\/2023\/12\/pegoretti-logo-pdf.jpg 1120w\" sizes=\"auto, (max-width: 480px) 100vw, 480px\" \/><\/figure><\/div>\n\n\n\n<p>A consultoria internacional GlobalData TS Lombard avaliou, em relat\u00f3rio divulgado em janeiro intitulado &#8220;A nova pol\u00edtica industrial de Lula \u00e9 uma bandeira vermelha&#8221;, que o petista &#8220;contribui para a incerteza econ\u00f4mica ao interferir em empresas listadas em bolsa&#8221;.<\/p>\n\n\n\n<div class=\"wp-block-image\"><figure class=\"aligncenter size-large\"><img decoding=\"async\" src=\"https:\/\/jornalfatosenoticias.com.br\/wp-content\/uploads\/2020\/02\/barao-das-carnes-300x164-1.jpg\" alt=\"\" class=\"wp-image-34339\"\/><\/figure><\/div>\n\n\n\n<p><strong><span class=\"has-inline-color has-black-color\">Governo Lula no radar<br><\/span><\/strong>No entendimento dos analistas, o comportamento do governo Lula esteve sempre no radar dos investidores externos. O in\u00edcio da gest\u00e3o foi conturbado, sobretudo, pelas falas desastradas do presidente criticando a condu\u00e7\u00e3o da pol\u00edtica monet\u00e1ria pelo Banco Central e a demonstra\u00e7\u00e3o de pouco rigor nos gastos p\u00fablicos.<\/p>\n\n\n\n<div class=\"wp-block-image\"><figure class=\"aligncenter size-large\"><img loading=\"lazy\" decoding=\"async\" width=\"300\" height=\"250\" src=\"https:\/\/jornalfatosenoticias.com.br\/wp-content\/uploads\/2022\/02\/FERRARI_MAQUINAS-E-FERRAMENTAS2.jpg\" alt=\"\" class=\"wp-image-27860\"\/><\/figure><\/div>\n\n\n\n<p>O arcabou\u00e7o fiscal deu alguma tranquilidade ao mercado, mas ainda h\u00e1 diversas incertezas com rela\u00e7\u00e3o ao cumprimento da meta deste ano, que pode ser revista. Na quinta-feira (8), Lula colocou novamente em xeque a necessidade do ajuste. &#8220;Se der para fazer d\u00e9ficit zero, \u00f3timo. Se n\u00e3o der, \u00f3timo tamb\u00e9m&#8221;, declarou, em entrevista \u00e0 r\u00e1dio Itatiaia.<br>O lan\u00e7amento recente da nova pol\u00edtica industrial protecionista e medidas j\u00e1 adotadas no passado, com previs\u00e3o de um pacote de investimentos do BNDES de R$ 250 bilh\u00f5es para o setor, tamb\u00e9m corrobora para a preocupa\u00e7\u00e3o dos analistas.<\/p>\n\n\n\n<div class=\"wp-block-image\"><figure class=\"aligncenter size-large\"><img loading=\"lazy\" decoding=\"async\" width=\"300\" height=\"250\" src=\"https:\/\/jornalfatosenoticias.com.br\/wp-content\/uploads\/2020\/02\/Banner-2.png\" alt=\"\" class=\"wp-image-43787\"\/><\/figure><\/div>\n\n\n\n<blockquote class=\"wp-block-quote is-layout-flow wp-block-quote-is-layout-flow\"><p><span class=\"has-inline-color has-luminous-vivid-orange-color\">A utiliza\u00e7\u00e3o do BNDES para impulsionar o setor industrial no Brasil j\u00e1 foi experimentada, e os resultados a longo prazo n\u00e3o foram positivos. Qualquer ideia nessa linha \u00e9 mal vista pelo mercado. No final, o \u00f4nus dos subs\u00eddios sempre recai sobre o Tesouro nacional. Al\u00e9m disso, o mercado aloca capital de forma mais eficiente do que alguns agentes do Estado, escolhendo quais setores merecem mais recursos&#8221;, avalia Reitz.<\/span><\/p><\/blockquote>\n\n\n\n<div class=\"wp-block-image\"><figure class=\"aligncenter size-large is-resized\"><img loading=\"lazy\" decoding=\"async\" src=\"https:\/\/jornalfatosenoticias.com.br\/wp-content\/uploads\/2023\/03\/nova-logo-Marquetti.jpg\" alt=\"\" class=\"wp-image-40207\" width=\"350\" height=\"235\" srcset=\"https:\/\/jornalfatosenoticias.com.br\/wp-content\/uploads\/2023\/03\/nova-logo-Marquetti.jpg 643w, https:\/\/jornalfatosenoticias.com.br\/wp-content\/uploads\/2023\/03\/nova-logo-Marquetti-300x202.jpg 300w\" sizes=\"auto, (max-width: 350px) 100vw, 350px\" \/><\/figure><\/div>\n\n\n\n<p>Alex Agostini, economista-chefe da Austin Rating explica que o capital internacional \u00e9 imediatista e &#8220;n\u00e3o paga para ver&#8221; sinais de intemp\u00e9ries, sempre atento ao cen\u00e1rio estrutural macroecon\u00f4mico. &#8220;Por enquanto, os investidores est\u00e3o com as barbas de molho. A percep\u00e7\u00e3o \u00e9 de cautela. Ainda n\u00e3o d\u00e1 para virar a mesa. Mas o retrocesso do governo preocupa&#8221;, diz.<\/p>\n\n\n\n<div class=\"wp-block-image\"><figure class=\"aligncenter size-large is-resized\"><img loading=\"lazy\" decoding=\"async\" src=\"https:\/\/jornalfatosenoticias.com.br\/wp-content\/uploads\/2023\/08\/ITH.jpeg\" alt=\"\" class=\"wp-image-44638\" width=\"366\" height=\"297\" srcset=\"https:\/\/jornalfatosenoticias.com.br\/wp-content\/uploads\/2023\/08\/ITH.jpeg 800w, https:\/\/jornalfatosenoticias.com.br\/wp-content\/uploads\/2023\/08\/ITH-300x244.jpeg 300w, https:\/\/jornalfatosenoticias.com.br\/wp-content\/uploads\/2023\/08\/ITH-768x624.jpeg 768w\" sizes=\"auto, (max-width: 366px) 100vw, 366px\" \/><\/figure><\/div>\n\n\n\n<p><strong><span class=\"has-inline-color has-black-color\">Cen\u00e1rio externo beneficia Brasil<br><\/span><\/strong>Os economistas lembram que o Pa\u00eds est\u00e1 sendo beneficiado pela recente perda de f\u00f4lego da economia chinesa. As previs\u00f5es pouco otimistas para o gigante asi\u00e1tico t\u00eam afastado investidores, que se voltam aos emergentes. Al\u00e9m disso, o corte de juros americanos deve acontecer em algum momento, o que tamb\u00e9m tende a contribuir para o ritmo de fluxo de capital para o pa\u00eds. O Brasil s\u00f3 tem perdido para o M\u00e9xico em investimentos externos na Am\u00e9rica Latina.<\/p>\n\n\n\n<div class=\"wp-block-image\"><figure class=\"aligncenter size-large is-resized\"><img loading=\"lazy\" decoding=\"async\" src=\"https:\/\/jornalfatosenoticias.com.br\/wp-content\/uploads\/2023\/08\/BKR-1024x1021.jpg\" alt=\"\" class=\"wp-image-44494\" width=\"339\" height=\"338\" srcset=\"https:\/\/jornalfatosenoticias.com.br\/wp-content\/uploads\/2023\/08\/BKR-1024x1021.jpg 1024w, https:\/\/jornalfatosenoticias.com.br\/wp-content\/uploads\/2023\/08\/BKR-300x300.jpg 300w, https:\/\/jornalfatosenoticias.com.br\/wp-content\/uploads\/2023\/08\/BKR-150x150.jpg 150w, https:\/\/jornalfatosenoticias.com.br\/wp-content\/uploads\/2023\/08\/BKR-768x766.jpg 768w, https:\/\/jornalfatosenoticias.com.br\/wp-content\/uploads\/2023\/08\/BKR.jpg 1080w\" sizes=\"auto, (max-width: 339px) 100vw, 339px\" \/><\/figure><\/div>\n\n\n\n<blockquote class=\"wp-block-quote is-layout-flow wp-block-quote-is-layout-flow\"><p><span class=\"has-inline-color has-luminous-vivid-orange-color\">O investidor estrangeiro ainda est\u00e1 mais otimista que o investidor dom\u00e9stico&#8221;, avalia Campos Neto. &#8220;Mas a tend\u00eancia pode caminhar para uma converg\u00eancia de expectativas, se o quadro macroecon\u00f4mico se deteriorar&#8221;.<\/span><\/p><\/blockquote>\n\n\n\n<div class=\"wp-block-image\"><figure class=\"aligncenter size-large is-resized\"><img loading=\"lazy\" decoding=\"async\" src=\"https:\/\/jornalfatosenoticias.com.br\/wp-content\/uploads\/2020\/02\/logo-Rapuzel-1024x571.jpg\" alt=\"\" class=\"wp-image-42808\" width=\"377\" height=\"210\" srcset=\"https:\/\/jornalfatosenoticias.com.br\/wp-content\/uploads\/2020\/02\/logo-Rapuzel-1024x571.jpg 1024w, https:\/\/jornalfatosenoticias.com.br\/wp-content\/uploads\/2020\/02\/logo-Rapuzel-300x167.jpg 300w, https:\/\/jornalfatosenoticias.com.br\/wp-content\/uploads\/2020\/02\/logo-Rapuzel-768x428.jpg 768w, https:\/\/jornalfatosenoticias.com.br\/wp-content\/uploads\/2020\/02\/logo-Rapuzel-1536x856.jpg 1536w, https:\/\/jornalfatosenoticias.com.br\/wp-content\/uploads\/2020\/02\/logo-Rapuzel.jpg 1600w\" sizes=\"auto, (max-width: 377px) 100vw, 377px\" \/><\/figure><\/div>\n\n\n\n<p>A avalia\u00e7\u00e3o \u00e9 de que em algum momento a quest\u00e3o fiscal pode cobrar seu pre\u00e7o. Ru\u00eddos como o impasse com a reonera\u00e7\u00e3o da folha de pagamento, a alega\u00e7\u00e3o do Tribunal de Contas da Uni\u00e3o (TCU) de que as receitas do Or\u00e7amento 2024 est\u00e3o superestimadas e a divulga\u00e7\u00e3o do rombo R$ 230,5 bilh\u00f5es em 2023 foram mal recebidas pelo mercado.<\/p>\n\n\n\n<blockquote class=\"wp-block-quote is-layout-flow wp-block-quote-is-layout-flow\"><p><span class=\"has-inline-color has-luminous-vivid-orange-color\">No \u00e2mbito dom\u00e9stico, um ambiente pol\u00edtico mais est\u00e1vel seria uma iniciativa crucial para atrair investimentos para o Pa\u00eds. O governo deveria voltar sua aten\u00e7\u00e3o para o controle das despesas em vez de priorizar exclusivamente o aumento da arrecada\u00e7\u00e3o como meio de alcan\u00e7ar o equil\u00edbrio fiscal&#8221;, acredita o analista da Julius Baer.<\/span><\/p><\/blockquote>\n\n\n\n<div class=\"wp-block-image\"><figure class=\"aligncenter size-large is-resized\"><img loading=\"lazy\" decoding=\"async\" src=\"https:\/\/jornalfatosenoticias.com.br\/wp-content\/uploads\/2023\/03\/logo-Panper_portal.jpg\" alt=\"\" class=\"wp-image-40208\" width=\"360\" height=\"249\" srcset=\"https:\/\/jornalfatosenoticias.com.br\/wp-content\/uploads\/2023\/03\/logo-Panper_portal.jpg 400w, https:\/\/jornalfatosenoticias.com.br\/wp-content\/uploads\/2023\/03\/logo-Panper_portal-300x208.jpg 300w\" sizes=\"auto, (max-width: 360px) 100vw, 360px\" \/><\/figure><\/div>\n\n\n\n<p>Para Alan Riddell, s\u00f3cio de Deal Advisory &amp; Strategy da KPMG Brasil, o desafio do pa\u00eds \u00e9 criar um ambiente favor\u00e1vel a atra\u00e7\u00e3o de investimentos financeiros e, sobretudo, investimentos produtivos diretos. &#8220;Para isso o governo precisa permitir que o setor privado assuma o protagonismo, sem a perspectiva de ser tutorado&#8221;, afirma.<br>Pelos desarranjos internos, acredita Riddell, o Pa\u00eds perde oportunidades de atrair grandes players para atua\u00e7\u00e3o em setores estrat\u00e9gicos, como tecnologia, energia e combust\u00edveis.<\/p>\n\n\n\n<div class=\"wp-block-image\"><figure class=\"aligncenter size-large is-resized\"><img loading=\"lazy\" decoding=\"async\" src=\"https:\/\/jornalfatosenoticias.com.br\/wp-content\/uploads\/2024\/01\/consultoria-ambiental.jpg\" alt=\"\" class=\"wp-image-48314\" width=\"318\" height=\"287\" srcset=\"https:\/\/jornalfatosenoticias.com.br\/wp-content\/uploads\/2024\/01\/consultoria-ambiental.jpg 832w, https:\/\/jornalfatosenoticias.com.br\/wp-content\/uploads\/2024\/01\/consultoria-ambiental-300x272.jpg 300w, https:\/\/jornalfatosenoticias.com.br\/wp-content\/uploads\/2024\/01\/consultoria-ambiental-768x696.jpg 768w\" sizes=\"auto, (max-width: 318px) 100vw, 318px\" \/><\/figure><\/div>\n\n\n\n<blockquote class=\"wp-block-quote is-layout-flow wp-block-quote-is-layout-flow\"><p><span class=\"has-inline-color has-luminous-vivid-orange-color\">N\u00e3o temos pol\u00edticas p\u00fablicas estruturadas e a rela\u00e7\u00e3o risco\/retorno \u00e9 muito alta. A gente atrairia mais capital com um ambiente de estabilidade fiscal, simplicidade tribut\u00e1ria, boa regula\u00e7\u00e3o e estabilidade jur\u00eddica, com respeitos \u00e0s decis\u00f5es tramitadas e julgadas. O que n\u00e3o falta no mundo \u00e9 capital para ser investidos em projetos rent\u00e1veis&#8221;, diz.<\/span><\/p><\/blockquote>\n\n\n\n<p><strong><em>Fonte: <a href=\"https:\/\/www.gazetadopovo.com.br\/economia\/investidor-estrangeiro-teme-volta-do-capitalismo-de-estado-no-governo-lula\/\">Gazeta do Povo<\/a><\/em><\/strong><\/p>\n","protected":false},"excerpt":{"rendered":"<p>Pol\u00edticas intervencionistas de Lula afastam investidor estrangeiro Por Rose Amant\u00e9a As iniciativas intervencionistas do governo de Luiz In\u00e1cio Lula da Silva (PT) t\u00eam contribu\u00eddo para acender a luz amarela entre investidores estrangeiros em rela\u00e7\u00e3o ao Pa\u00eds. Segundo dados da B3, a Bolsa brasileira, janeiro foi marcado por forte sa\u00edda de capital estrangeiro, na casa dos [&hellip;]<\/p>\n","protected":false},"author":2,"featured_media":49253,"comment_status":"open","ping_status":"open","sticky":false,"template":"","format":"standard","meta":{"footnotes":""},"categories":[9],"tags":[260,5995,489,7829,597,7531,16252,10224,240,280,946,7580,3553,156,22824,1900,5241,19244,991,198,22825,145,290],"class_list":["post-49252","post","type-post","status-publish","format-standard","has-post-thumbnail","hentry","category-economia","tag-america-latina","tag-argentina","tag-banco-central","tag-bolsa","tag-brasil","tag-capitalismo","tag-combustiveis","tag-congresso-nacional","tag-economia","tag-industria","tag-investimentos","tag-lula","tag-mercado","tag-mexico","tag-nova-politica","tag-palacio-do-planalto","tag-privatizacao","tag-protagonismo","tag-russia","tag-tecnologia","tag-tendencias","tag-turquia","tag-vale"],"yoast_head":"<!-- This site is optimized with the Yoast SEO plugin v26.5 - https:\/\/yoast.com\/wordpress\/plugins\/seo\/ -->\n<title>Investidor estrangeiro teme volta do capitalismo de Estado no governo Lula - Jornal Fatos e Not\u00edcias<\/title>\n<meta name=\"robots\" content=\"index, follow, max-snippet:-1, max-image-preview:large, max-video-preview:-1\" \/>\n<link rel=\"canonical\" href=\"https:\/\/jornalfatosenoticias.com.br\/index.php\/2024\/02\/15\/investidor-estrangeiro-teme-volta-do-capitalismo-de-estado-no-governo-lula\/\" \/>\n<meta property=\"og:locale\" content=\"pt_BR\" \/>\n<meta property=\"og:type\" content=\"article\" \/>\n<meta property=\"og:title\" content=\"Investidor estrangeiro teme volta do capitalismo de Estado no governo Lula - Jornal Fatos e Not\u00edcias\" \/>\n<meta property=\"og:description\" content=\"Pol\u00edticas intervencionistas de Lula afastam investidor estrangeiro Por Rose Amant\u00e9a As iniciativas intervencionistas do governo de Luiz In\u00e1cio Lula da Silva (PT) t\u00eam contribu\u00eddo para acender a luz amarela entre investidores estrangeiros em rela\u00e7\u00e3o ao Pa\u00eds. Segundo dados da B3, a Bolsa brasileira, janeiro foi marcado por forte sa\u00edda de capital estrangeiro, na casa dos [&hellip;]\" \/>\n<meta property=\"og:url\" content=\"https:\/\/jornalfatosenoticias.com.br\/index.php\/2024\/02\/15\/investidor-estrangeiro-teme-volta-do-capitalismo-de-estado-no-governo-lula\/\" \/>\n<meta property=\"og:site_name\" content=\"Jornal Fatos e Not\u00edcias\" \/>\n<meta property=\"article:published_time\" content=\"2024-02-15T18:17:41+00:00\" \/>\n<meta property=\"article:modified_time\" content=\"2024-02-15T18:17:42+00:00\" \/>\n<meta property=\"og:image\" content=\"https:\/\/jornalfatosenoticias.com.br\/wp-content\/uploads\/2024\/02\/desgoverno-lula.jpg\" \/>\n\t<meta property=\"og:image:width\" content=\"1000\" \/>\n\t<meta property=\"og:image:height\" content=\"1000\" \/>\n\t<meta property=\"og:image:type\" content=\"image\/jpeg\" \/>\n<meta name=\"author\" content=\"Luzimara Fernandes\" \/>\n<meta name=\"twitter:card\" content=\"summary_large_image\" \/>\n<meta name=\"twitter:label1\" content=\"Escrito por\" \/>\n\t<meta name=\"twitter:data1\" content=\"Luzimara Fernandes\" \/>\n\t<meta name=\"twitter:label2\" content=\"Est. tempo de leitura\" \/>\n\t<meta name=\"twitter:data2\" content=\"6 minutos\" \/>\n<script type=\"application\/ld+json\" class=\"yoast-schema-graph\">{\"@context\":\"https:\/\/schema.org\",\"@graph\":[{\"@type\":\"Article\",\"@id\":\"https:\/\/jornalfatosenoticias.com.br\/index.php\/2024\/02\/15\/investidor-estrangeiro-teme-volta-do-capitalismo-de-estado-no-governo-lula\/#article\",\"isPartOf\":{\"@id\":\"https:\/\/jornalfatosenoticias.com.br\/index.php\/2024\/02\/15\/investidor-estrangeiro-teme-volta-do-capitalismo-de-estado-no-governo-lula\/\"},\"author\":{\"name\":\"Luzimara Fernandes\",\"@id\":\"https:\/\/jornalfatosenoticias.com.br\/#\/schema\/person\/d63837fa13ac8666eb9e74e0985d6f81\"},\"headline\":\"Investidor estrangeiro teme volta do capitalismo de Estado no governo Lula\",\"datePublished\":\"2024-02-15T18:17:41+00:00\",\"dateModified\":\"2024-02-15T18:17:42+00:00\",\"mainEntityOfPage\":{\"@id\":\"https:\/\/jornalfatosenoticias.com.br\/index.php\/2024\/02\/15\/investidor-estrangeiro-teme-volta-do-capitalismo-de-estado-no-governo-lula\/\"},\"wordCount\":1252,\"commentCount\":0,\"publisher\":{\"@id\":\"https:\/\/jornalfatosenoticias.com.br\/#organization\"},\"image\":{\"@id\":\"https:\/\/jornalfatosenoticias.com.br\/index.php\/2024\/02\/15\/investidor-estrangeiro-teme-volta-do-capitalismo-de-estado-no-governo-lula\/#primaryimage\"},\"thumbnailUrl\":\"https:\/\/jornalfatosenoticias.com.br\/wp-content\/uploads\/2024\/02\/desgoverno-lula.jpg\",\"keywords\":[\"Am\u00e9rica latina\",\"Argentina\",\"Banco Central\",\"bolsa\",\"Brasil\",\"capitalismo\",\"Combust\u00edveis\",\"Congresso Nacional\",\"economia\",\"ind\u00fastria\",\"investimentos\",\"Lula\",\"mercado\",\"M\u00e9xico\",\"nova pol\u00edtica\",\"Pal\u00e1cio do Planalto\",\"privatiza\u00e7\u00e3o\",\"protagonismo\",\"R\u00fassia\",\"tecnologia\",\"tend\u00eancias\",\"Turquia\",\"Vale\"],\"articleSection\":[\"Economia\"],\"inLanguage\":\"pt-BR\",\"potentialAction\":[{\"@type\":\"CommentAction\",\"name\":\"Comment\",\"target\":[\"https:\/\/jornalfatosenoticias.com.br\/index.php\/2024\/02\/15\/investidor-estrangeiro-teme-volta-do-capitalismo-de-estado-no-governo-lula\/#respond\"]}]},{\"@type\":\"WebPage\",\"@id\":\"https:\/\/jornalfatosenoticias.com.br\/index.php\/2024\/02\/15\/investidor-estrangeiro-teme-volta-do-capitalismo-de-estado-no-governo-lula\/\",\"url\":\"https:\/\/jornalfatosenoticias.com.br\/index.php\/2024\/02\/15\/investidor-estrangeiro-teme-volta-do-capitalismo-de-estado-no-governo-lula\/\",\"name\":\"Investidor estrangeiro teme volta do capitalismo de Estado no governo Lula - Jornal Fatos e Not\u00edcias\",\"isPartOf\":{\"@id\":\"https:\/\/jornalfatosenoticias.com.br\/#website\"},\"primaryImageOfPage\":{\"@id\":\"https:\/\/jornalfatosenoticias.com.br\/index.php\/2024\/02\/15\/investidor-estrangeiro-teme-volta-do-capitalismo-de-estado-no-governo-lula\/#primaryimage\"},\"image\":{\"@id\":\"https:\/\/jornalfatosenoticias.com.br\/index.php\/2024\/02\/15\/investidor-estrangeiro-teme-volta-do-capitalismo-de-estado-no-governo-lula\/#primaryimage\"},\"thumbnailUrl\":\"https:\/\/jornalfatosenoticias.com.br\/wp-content\/uploads\/2024\/02\/desgoverno-lula.jpg\",\"datePublished\":\"2024-02-15T18:17:41+00:00\",\"dateModified\":\"2024-02-15T18:17:42+00:00\",\"breadcrumb\":{\"@id\":\"https:\/\/jornalfatosenoticias.com.br\/index.php\/2024\/02\/15\/investidor-estrangeiro-teme-volta-do-capitalismo-de-estado-no-governo-lula\/#breadcrumb\"},\"inLanguage\":\"pt-BR\",\"potentialAction\":[{\"@type\":\"ReadAction\",\"target\":[\"https:\/\/jornalfatosenoticias.com.br\/index.php\/2024\/02\/15\/investidor-estrangeiro-teme-volta-do-capitalismo-de-estado-no-governo-lula\/\"]}]},{\"@type\":\"ImageObject\",\"inLanguage\":\"pt-BR\",\"@id\":\"https:\/\/jornalfatosenoticias.com.br\/index.php\/2024\/02\/15\/investidor-estrangeiro-teme-volta-do-capitalismo-de-estado-no-governo-lula\/#primaryimage\",\"url\":\"https:\/\/jornalfatosenoticias.com.br\/wp-content\/uploads\/2024\/02\/desgoverno-lula.jpg\",\"contentUrl\":\"https:\/\/jornalfatosenoticias.com.br\/wp-content\/uploads\/2024\/02\/desgoverno-lula.jpg\",\"width\":1000,\"height\":1000},{\"@type\":\"BreadcrumbList\",\"@id\":\"https:\/\/jornalfatosenoticias.com.br\/index.php\/2024\/02\/15\/investidor-estrangeiro-teme-volta-do-capitalismo-de-estado-no-governo-lula\/#breadcrumb\",\"itemListElement\":[{\"@type\":\"ListItem\",\"position\":1,\"name\":\"In\u00edcio\",\"item\":\"https:\/\/jornalfatosenoticias.com.br\/\"},{\"@type\":\"ListItem\",\"position\":2,\"name\":\"Investidor estrangeiro teme volta do capitalismo de Estado no governo Lula\"}]},{\"@type\":\"WebSite\",\"@id\":\"https:\/\/jornalfatosenoticias.com.br\/#website\",\"url\":\"https:\/\/jornalfatosenoticias.com.br\/\",\"name\":\"Jornal Fatos e Not\u00edcias\",\"description\":\"Not\u00edcias em geral\",\"publisher\":{\"@id\":\"https:\/\/jornalfatosenoticias.com.br\/#organization\"},\"potentialAction\":[{\"@type\":\"SearchAction\",\"target\":{\"@type\":\"EntryPoint\",\"urlTemplate\":\"https:\/\/jornalfatosenoticias.com.br\/?s={search_term_string}\"},\"query-input\":{\"@type\":\"PropertyValueSpecification\",\"valueRequired\":true,\"valueName\":\"search_term_string\"}}],\"inLanguage\":\"pt-BR\"},{\"@type\":\"Organization\",\"@id\":\"https:\/\/jornalfatosenoticias.com.br\/#organization\",\"name\":\"Jornal Fatos e Not\u00edcias\",\"url\":\"https:\/\/jornalfatosenoticias.com.br\/\",\"logo\":{\"@type\":\"ImageObject\",\"inLanguage\":\"pt-BR\",\"@id\":\"https:\/\/jornalfatosenoticias.com.br\/#\/schema\/logo\/image\/\",\"url\":\"https:\/\/jornalfatosenoticias.com.br\/wp-content\/uploads\/2020\/02\/logo120.png\",\"contentUrl\":\"https:\/\/jornalfatosenoticias.com.br\/wp-content\/uploads\/2020\/02\/logo120.png\",\"width\":1227,\"height\":120,\"caption\":\"Jornal Fatos e Not\u00edcias\"},\"image\":{\"@id\":\"https:\/\/jornalfatosenoticias.com.br\/#\/schema\/logo\/image\/\"}},{\"@type\":\"Person\",\"@id\":\"https:\/\/jornalfatosenoticias.com.br\/#\/schema\/person\/d63837fa13ac8666eb9e74e0985d6f81\",\"name\":\"Luzimara Fernandes\",\"image\":{\"@type\":\"ImageObject\",\"inLanguage\":\"pt-BR\",\"@id\":\"https:\/\/jornalfatosenoticias.com.br\/#\/schema\/person\/image\/\",\"url\":\"https:\/\/jornalfatosenoticias.com.br\/wp-content\/uploads\/2025\/05\/EU_portal.jpg\",\"contentUrl\":\"https:\/\/jornalfatosenoticias.com.br\/wp-content\/uploads\/2025\/05\/EU_portal.jpg\",\"caption\":\"Luzimara Fernandes\"},\"description\":\"Jornalista MTB 2358-ES\",\"sameAs\":[\"https:\/\/jornalfatosenoticias.com.br\"],\"url\":\"https:\/\/jornalfatosenoticias.com.br\/index.php\/author\/luzimara\/\"}]}<\/script>\n<!-- \/ Yoast SEO plugin. -->","yoast_head_json":{"title":"Investidor estrangeiro teme volta do capitalismo de Estado no governo Lula - Jornal Fatos e Not\u00edcias","robots":{"index":"index","follow":"follow","max-snippet":"max-snippet:-1","max-image-preview":"max-image-preview:large","max-video-preview":"max-video-preview:-1"},"canonical":"https:\/\/jornalfatosenoticias.com.br\/index.php\/2024\/02\/15\/investidor-estrangeiro-teme-volta-do-capitalismo-de-estado-no-governo-lula\/","og_locale":"pt_BR","og_type":"article","og_title":"Investidor estrangeiro teme volta do capitalismo de Estado no governo Lula - Jornal Fatos e Not\u00edcias","og_description":"Pol\u00edticas intervencionistas de Lula afastam investidor estrangeiro Por Rose Amant\u00e9a As iniciativas intervencionistas do governo de Luiz In\u00e1cio Lula da Silva (PT) t\u00eam contribu\u00eddo para acender a luz amarela entre investidores estrangeiros em rela\u00e7\u00e3o ao Pa\u00eds. Segundo dados da B3, a Bolsa brasileira, janeiro foi marcado por forte sa\u00edda de capital estrangeiro, na casa dos [&hellip;]","og_url":"https:\/\/jornalfatosenoticias.com.br\/index.php\/2024\/02\/15\/investidor-estrangeiro-teme-volta-do-capitalismo-de-estado-no-governo-lula\/","og_site_name":"Jornal Fatos e Not\u00edcias","article_published_time":"2024-02-15T18:17:41+00:00","article_modified_time":"2024-02-15T18:17:42+00:00","og_image":[{"width":1000,"height":1000,"url":"https:\/\/jornalfatosenoticias.com.br\/wp-content\/uploads\/2024\/02\/desgoverno-lula.jpg","type":"image\/jpeg"}],"author":"Luzimara Fernandes","twitter_card":"summary_large_image","twitter_misc":{"Escrito por":"Luzimara Fernandes","Est. tempo de leitura":"6 minutos"},"schema":{"@context":"https:\/\/schema.org","@graph":[{"@type":"Article","@id":"https:\/\/jornalfatosenoticias.com.br\/index.php\/2024\/02\/15\/investidor-estrangeiro-teme-volta-do-capitalismo-de-estado-no-governo-lula\/#article","isPartOf":{"@id":"https:\/\/jornalfatosenoticias.com.br\/index.php\/2024\/02\/15\/investidor-estrangeiro-teme-volta-do-capitalismo-de-estado-no-governo-lula\/"},"author":{"name":"Luzimara Fernandes","@id":"https:\/\/jornalfatosenoticias.com.br\/#\/schema\/person\/d63837fa13ac8666eb9e74e0985d6f81"},"headline":"Investidor estrangeiro teme volta do capitalismo de Estado no governo Lula","datePublished":"2024-02-15T18:17:41+00:00","dateModified":"2024-02-15T18:17:42+00:00","mainEntityOfPage":{"@id":"https:\/\/jornalfatosenoticias.com.br\/index.php\/2024\/02\/15\/investidor-estrangeiro-teme-volta-do-capitalismo-de-estado-no-governo-lula\/"},"wordCount":1252,"commentCount":0,"publisher":{"@id":"https:\/\/jornalfatosenoticias.com.br\/#organization"},"image":{"@id":"https:\/\/jornalfatosenoticias.com.br\/index.php\/2024\/02\/15\/investidor-estrangeiro-teme-volta-do-capitalismo-de-estado-no-governo-lula\/#primaryimage"},"thumbnailUrl":"https:\/\/jornalfatosenoticias.com.br\/wp-content\/uploads\/2024\/02\/desgoverno-lula.jpg","keywords":["Am\u00e9rica latina","Argentina","Banco Central","bolsa","Brasil","capitalismo","Combust\u00edveis","Congresso Nacional","economia","ind\u00fastria","investimentos","Lula","mercado","M\u00e9xico","nova pol\u00edtica","Pal\u00e1cio do Planalto","privatiza\u00e7\u00e3o","protagonismo","R\u00fassia","tecnologia","tend\u00eancias","Turquia","Vale"],"articleSection":["Economia"],"inLanguage":"pt-BR","potentialAction":[{"@type":"CommentAction","name":"Comment","target":["https:\/\/jornalfatosenoticias.com.br\/index.php\/2024\/02\/15\/investidor-estrangeiro-teme-volta-do-capitalismo-de-estado-no-governo-lula\/#respond"]}]},{"@type":"WebPage","@id":"https:\/\/jornalfatosenoticias.com.br\/index.php\/2024\/02\/15\/investidor-estrangeiro-teme-volta-do-capitalismo-de-estado-no-governo-lula\/","url":"https:\/\/jornalfatosenoticias.com.br\/index.php\/2024\/02\/15\/investidor-estrangeiro-teme-volta-do-capitalismo-de-estado-no-governo-lula\/","name":"Investidor estrangeiro teme volta do capitalismo de Estado no governo Lula - Jornal Fatos e Not\u00edcias","isPartOf":{"@id":"https:\/\/jornalfatosenoticias.com.br\/#website"},"primaryImageOfPage":{"@id":"https:\/\/jornalfatosenoticias.com.br\/index.php\/2024\/02\/15\/investidor-estrangeiro-teme-volta-do-capitalismo-de-estado-no-governo-lula\/#primaryimage"},"image":{"@id":"https:\/\/jornalfatosenoticias.com.br\/index.php\/2024\/02\/15\/investidor-estrangeiro-teme-volta-do-capitalismo-de-estado-no-governo-lula\/#primaryimage"},"thumbnailUrl":"https:\/\/jornalfatosenoticias.com.br\/wp-content\/uploads\/2024\/02\/desgoverno-lula.jpg","datePublished":"2024-02-15T18:17:41+00:00","dateModified":"2024-02-15T18:17:42+00:00","breadcrumb":{"@id":"https:\/\/jornalfatosenoticias.com.br\/index.php\/2024\/02\/15\/investidor-estrangeiro-teme-volta-do-capitalismo-de-estado-no-governo-lula\/#breadcrumb"},"inLanguage":"pt-BR","potentialAction":[{"@type":"ReadAction","target":["https:\/\/jornalfatosenoticias.com.br\/index.php\/2024\/02\/15\/investidor-estrangeiro-teme-volta-do-capitalismo-de-estado-no-governo-lula\/"]}]},{"@type":"ImageObject","inLanguage":"pt-BR","@id":"https:\/\/jornalfatosenoticias.com.br\/index.php\/2024\/02\/15\/investidor-estrangeiro-teme-volta-do-capitalismo-de-estado-no-governo-lula\/#primaryimage","url":"https:\/\/jornalfatosenoticias.com.br\/wp-content\/uploads\/2024\/02\/desgoverno-lula.jpg","contentUrl":"https:\/\/jornalfatosenoticias.com.br\/wp-content\/uploads\/2024\/02\/desgoverno-lula.jpg","width":1000,"height":1000},{"@type":"BreadcrumbList","@id":"https:\/\/jornalfatosenoticias.com.br\/index.php\/2024\/02\/15\/investidor-estrangeiro-teme-volta-do-capitalismo-de-estado-no-governo-lula\/#breadcrumb","itemListElement":[{"@type":"ListItem","position":1,"name":"In\u00edcio","item":"https:\/\/jornalfatosenoticias.com.br\/"},{"@type":"ListItem","position":2,"name":"Investidor estrangeiro teme volta do capitalismo de Estado no governo Lula"}]},{"@type":"WebSite","@id":"https:\/\/jornalfatosenoticias.com.br\/#website","url":"https:\/\/jornalfatosenoticias.com.br\/","name":"Jornal Fatos e Not\u00edcias","description":"Not\u00edcias em geral","publisher":{"@id":"https:\/\/jornalfatosenoticias.com.br\/#organization"},"potentialAction":[{"@type":"SearchAction","target":{"@type":"EntryPoint","urlTemplate":"https:\/\/jornalfatosenoticias.com.br\/?s={search_term_string}"},"query-input":{"@type":"PropertyValueSpecification","valueRequired":true,"valueName":"search_term_string"}}],"inLanguage":"pt-BR"},{"@type":"Organization","@id":"https:\/\/jornalfatosenoticias.com.br\/#organization","name":"Jornal Fatos e Not\u00edcias","url":"https:\/\/jornalfatosenoticias.com.br\/","logo":{"@type":"ImageObject","inLanguage":"pt-BR","@id":"https:\/\/jornalfatosenoticias.com.br\/#\/schema\/logo\/image\/","url":"https:\/\/jornalfatosenoticias.com.br\/wp-content\/uploads\/2020\/02\/logo120.png","contentUrl":"https:\/\/jornalfatosenoticias.com.br\/wp-content\/uploads\/2020\/02\/logo120.png","width":1227,"height":120,"caption":"Jornal Fatos e Not\u00edcias"},"image":{"@id":"https:\/\/jornalfatosenoticias.com.br\/#\/schema\/logo\/image\/"}},{"@type":"Person","@id":"https:\/\/jornalfatosenoticias.com.br\/#\/schema\/person\/d63837fa13ac8666eb9e74e0985d6f81","name":"Luzimara Fernandes","image":{"@type":"ImageObject","inLanguage":"pt-BR","@id":"https:\/\/jornalfatosenoticias.com.br\/#\/schema\/person\/image\/","url":"https:\/\/jornalfatosenoticias.com.br\/wp-content\/uploads\/2025\/05\/EU_portal.jpg","contentUrl":"https:\/\/jornalfatosenoticias.com.br\/wp-content\/uploads\/2025\/05\/EU_portal.jpg","caption":"Luzimara Fernandes"},"description":"Jornalista MTB 2358-ES","sameAs":["https:\/\/jornalfatosenoticias.com.br"],"url":"https:\/\/jornalfatosenoticias.com.br\/index.php\/author\/luzimara\/"}]}},"cc_featured_image_caption":{"caption_text":"(Foto: Reprodu\u00e7\u00e3o X) ","source_text":"","source_url":""},"jetpack_featured_media_url":"https:\/\/jornalfatosenoticias.com.br\/wp-content\/uploads\/2024\/02\/desgoverno-lula.jpg","_links":{"self":[{"href":"https:\/\/jornalfatosenoticias.com.br\/index.php\/wp-json\/wp\/v2\/posts\/49252","targetHints":{"allow":["GET"]}}],"collection":[{"href":"https:\/\/jornalfatosenoticias.com.br\/index.php\/wp-json\/wp\/v2\/posts"}],"about":[{"href":"https:\/\/jornalfatosenoticias.com.br\/index.php\/wp-json\/wp\/v2\/types\/post"}],"author":[{"embeddable":true,"href":"https:\/\/jornalfatosenoticias.com.br\/index.php\/wp-json\/wp\/v2\/users\/2"}],"replies":[{"embeddable":true,"href":"https:\/\/jornalfatosenoticias.com.br\/index.php\/wp-json\/wp\/v2\/comments?post=49252"}],"version-history":[{"count":0,"href":"https:\/\/jornalfatosenoticias.com.br\/index.php\/wp-json\/wp\/v2\/posts\/49252\/revisions"}],"wp:featuredmedia":[{"embeddable":true,"href":"https:\/\/jornalfatosenoticias.com.br\/index.php\/wp-json\/wp\/v2\/media\/49253"}],"wp:attachment":[{"href":"https:\/\/jornalfatosenoticias.com.br\/index.php\/wp-json\/wp\/v2\/media?parent=49252"}],"wp:term":[{"taxonomy":"category","embeddable":true,"href":"https:\/\/jornalfatosenoticias.com.br\/index.php\/wp-json\/wp\/v2\/categories?post=49252"},{"taxonomy":"post_tag","embeddable":true,"href":"https:\/\/jornalfatosenoticias.com.br\/index.php\/wp-json\/wp\/v2\/tags?post=49252"}],"curies":[{"name":"wp","href":"https:\/\/api.w.org\/{rel}","templated":true}]}}