{"id":49278,"date":"2024-02-16T15:12:43","date_gmt":"2024-02-16T18:12:43","guid":{"rendered":"https:\/\/jornalfatosenoticias.com.br\/?p=49278"},"modified":"2024-02-16T15:13:12","modified_gmt":"2024-02-16T18:13:12","slug":"esta-especie-de-beija-flor-muda-de-cor-com-a-luz-assista","status":"publish","type":"post","link":"https:\/\/jornalfatosenoticias.com.br\/index.php\/2024\/02\/16\/esta-especie-de-beija-flor-muda-de-cor-com-a-luz-assista\/","title":{"rendered":"Esp\u00e9cie de beija-flor muda de cor com a luz; assista"},"content":{"rendered":"\n<p><em><span class=\"has-inline-color has-black-color\">V\u00eddeo mostra macho da esp\u00e9cie beija-flor-de-anna mudando de cor com o movimento da cabe\u00e7a; entenda como isso acontece<\/span><\/em><\/p>\n\n\n\n<p><span class=\"has-inline-color has-black-color\">Por <strong><a href=\"https:\/\/gizmodo.uol.com.br\/author\/isabela-oliveira\/\">Isabela Oliveira<\/a><\/strong><\/span><\/p>\n\n\n\n<div class=\"wp-block-image\"><figure class=\"aligncenter size-large is-resized\"><img loading=\"lazy\" decoding=\"async\" src=\"https:\/\/jornalfatosenoticias.com.br\/wp-content\/uploads\/2020\/02\/logo-Rapuzel-1024x571.jpg\" alt=\"\" class=\"wp-image-42808\" width=\"359\" height=\"200\" srcset=\"https:\/\/jornalfatosenoticias.com.br\/wp-content\/uploads\/2020\/02\/logo-Rapuzel-1024x571.jpg 1024w, https:\/\/jornalfatosenoticias.com.br\/wp-content\/uploads\/2020\/02\/logo-Rapuzel-300x167.jpg 300w, https:\/\/jornalfatosenoticias.com.br\/wp-content\/uploads\/2020\/02\/logo-Rapuzel-768x428.jpg 768w, https:\/\/jornalfatosenoticias.com.br\/wp-content\/uploads\/2020\/02\/logo-Rapuzel-1536x856.jpg 1536w, https:\/\/jornalfatosenoticias.com.br\/wp-content\/uploads\/2020\/02\/logo-Rapuzel.jpg 1600w\" sizes=\"auto, (max-width: 359px) 100vw, 359px\" \/><\/figure><\/div>\n\n\n\n<p>Com machos adultos de apar\u00eancia extravagante, com penas rosas ou vermelhas na regi\u00e3o da cabe\u00e7a e da garganta; e f\u00eameas de manchas mais discretas, o p\u00e1ssaro beija-flor-de-anna (<em>Calypte anna<\/em>) surpreende por sua habilidade de mudar de cor com o movimento. Mas, na verdade, tudo n\u00e3o passa de uma ilus\u00e3o.<br>Pouco conhecida no Brasil, essa esp\u00e9cie da costa Oeste da Am\u00e9rica do Norte possui colora\u00e7\u00e3o iridescente. Ou seja, varia conforme a mudan\u00e7a do \u00e2ngulo de incid\u00eancia da luz. Com a chegada da idade, os p\u00e1ssaros machos t\u00eam suas penas juvenis substitu\u00eddas por plumagens coloridas de adultos devido aos pigmentos das penas, sobretudo melanina e carotenoides.<br>Tudo isso faz parte de seu ritual de acasalamento, quando os machos <a href=\"https:\/\/gizmodo.uol.com.br\/ave-bate-recorde-ao-migrar-do-alasca-a-nova-zelandia-sem-descanso\/\">voam<\/a>\u00a0at\u00e9 40 metros de altura em dire\u00e7\u00e3o ao sol,\u00a0<a href=\"https:\/\/gizmodo.uol.com.br\/passaros-penas-super-pretas\/\">exibindo suas cores para as f\u00eameas<\/a>. Al\u00e9m disso, as penas sofrem influ\u00eancia da qualidade da dieta e servem como indicativos de nutri\u00e7\u00e3o para parceiros ou rivais.<\/p>\n\n\n\n<div class=\"wp-block-image\"><figure class=\"aligncenter size-large is-resized\"><img loading=\"lazy\" decoding=\"async\" src=\"https:\/\/jornalfatosenoticias.com.br\/wp-content\/uploads\/2024\/01\/consultoria-ambiental.jpg\" alt=\"\" class=\"wp-image-48314\" width=\"336\" height=\"304\" srcset=\"https:\/\/jornalfatosenoticias.com.br\/wp-content\/uploads\/2024\/01\/consultoria-ambiental.jpg 832w, https:\/\/jornalfatosenoticias.com.br\/wp-content\/uploads\/2024\/01\/consultoria-ambiental-300x272.jpg 300w, https:\/\/jornalfatosenoticias.com.br\/wp-content\/uploads\/2024\/01\/consultoria-ambiental-768x696.jpg 768w\" sizes=\"auto, (max-width: 336px) 100vw, 336px\" \/><\/figure><\/div>\n\n\n\n<p>Diferentemente de outros colibris, os beija-flores-de-anna tamb\u00e9m c<a href=\"https:\/\/gizmodo.uol.com.br\/passaros-machos-treinam-canto-sozinhos-para-impressionar-as-femeas\/\">cantam como parte do namoro<\/a>, produzindo um\u00a0<a href=\"https:\/\/gizmodo.uol.com.br\/passaro-com-canto-mais-alto-do-mundo-vive-no-brasil-veja-qual\/\">som<\/a>\u00a0rouco. Uma vez que as\u00a0<a href=\"https:\/\/gizmodo.uol.com.br\/cientista-encontra-passaro-raro-na-colombia-metade-macho-metade-femea\/\">aves machos e f\u00eameas<\/a>\u00a0s\u00f3 se re\u00fanem para o acasalamento, as f\u00eameas s\u00e3o as \u00fanicas respons\u00e1veis pela\u00a0<a href=\"https:\/\/gizmodo.uol.com.br\/passaros-estao-roubando-pelos-de-pessoas-para-fazer-ninho\/\">constru\u00e7\u00e3o do ninho<\/a> e o cuidado com os filhotes.<\/p>\n\n\n\n<div class=\"wp-block-image\"><figure class=\"aligncenter size-large is-resized\"><img loading=\"lazy\" decoding=\"async\" src=\"https:\/\/jornalfatosenoticias.com.br\/wp-content\/uploads\/2023\/03\/nova-logo-Marquetti.jpg\" alt=\"\" class=\"wp-image-40207\" width=\"341\" height=\"229\" srcset=\"https:\/\/jornalfatosenoticias.com.br\/wp-content\/uploads\/2023\/03\/nova-logo-Marquetti.jpg 643w, https:\/\/jornalfatosenoticias.com.br\/wp-content\/uploads\/2023\/03\/nova-logo-Marquetti-300x202.jpg 300w\" sizes=\"auto, (max-width: 341px) 100vw, 341px\" \/><\/figure><\/div>\n\n\n\n<p>O beija-flor-de-anna pode ser visto em lugares como o Alasca, Canad\u00e1 e o M\u00e9xico, segundo o Laborat\u00f3rio Cornell de Ornitologia, nos EUA. Isso ocorre principalmente em espa\u00e7os abertos como florestas e parques, por exemplo. Mas, desde a d\u00e9cada de 1950, t\u00eam expandido seu alcance, em partes, devido a jardins urbanos, atra\u00eddos por alimentadores de beija-flores e \u201cflores amig\u00e1veis\u201d.<\/p>\n\n\n\n<div class=\"wp-block-image\"><figure class=\"aligncenter size-large is-resized\"><img loading=\"lazy\" decoding=\"async\" src=\"https:\/\/jornalfatosenoticias.com.br\/wp-content\/uploads\/2023\/08\/BKR-1024x1021.jpg\" alt=\"\" class=\"wp-image-44494\" width=\"307\" height=\"306\" srcset=\"https:\/\/jornalfatosenoticias.com.br\/wp-content\/uploads\/2023\/08\/BKR-1024x1021.jpg 1024w, https:\/\/jornalfatosenoticias.com.br\/wp-content\/uploads\/2023\/08\/BKR-300x300.jpg 300w, https:\/\/jornalfatosenoticias.com.br\/wp-content\/uploads\/2023\/08\/BKR-150x150.jpg 150w, https:\/\/jornalfatosenoticias.com.br\/wp-content\/uploads\/2023\/08\/BKR-768x766.jpg 768w, https:\/\/jornalfatosenoticias.com.br\/wp-content\/uploads\/2023\/08\/BKR.jpg 1080w\" sizes=\"auto, (max-width: 307px) 100vw, 307px\" \/><\/figure><\/div>\n\n\n\n<p>O curioso nome da esp\u00e9cie \u00e9 uma homenagem \u00e0 duquesa italiana Anna Massena, do s\u00e9culo 19. A expectativa de vida de um beija-flor-de-anna \u00e9 de em m\u00e9dia oito anos e meio. J\u00e1 o tamanho de uma ave da esp\u00e9cie \u00e9 de cerca de 10cm e entre tr\u00eas e seis gramas de peso.<\/p>\n\n\n\n<div class=\"wp-block-image\"><figure class=\"aligncenter size-large\"><img decoding=\"async\" src=\"https:\/\/jornalfatosenoticias.com.br\/wp-content\/uploads\/2020\/02\/barao-das-carnes-300x164-1.jpg\" alt=\"\" class=\"wp-image-34339\"\/><\/figure><\/div>\n\n\n\n<p>Com informa\u00e7\u00f5es de\u00a0<a href=\"https:\/\/www.ncbi.nlm.nih.gov\/pmc\/articles\/PMC6244987\/\"><em>National Center For Biotechnology Information<\/em><\/a>,\u00a0<a href=\"https:\/\/birdchronicle.com\/hummingbirds-change-color\/\"><em>Bird Chronicle<\/em><\/a>,\u00a0<em><a href=\"http:\/\/naturemappingfoundation.org\/natmap\/facts\/annas_hummingbird_712.html\">Nature Mapping Foundation<\/a><\/em>,\u00a0<em><a href=\"https:\/\/www.desertmuseum.org\/kids\/oz\/long-fact-sheets\/Anna%27s%20Hummer.php\">Arizona-Sorona Desert Museum<\/a><\/em>\u00a0e\u00a0<em><a href=\"https:\/\/naturecanada.ca\/news\/blog\/meet-annas-hummingbird\/\">Nature Canada<\/a><\/em>.<\/p>\n\n\n\n<h3 class=\"wp-block-heading\"><strong><span class=\"has-inline-color has-vivid-green-cyan-color\">Veja a mudan\u00e7a de cor do beija-flor-de-anna abaixo:<\/span><\/strong><\/h3>\n\n\n\n<figure class=\"wp-block-embed-youtube wp-block-embed is-type-video is-provider-youtube wp-embed-aspect-16-9 wp-has-aspect-ratio\"><div class=\"wp-block-embed__wrapper\">\n<iframe loading=\"lazy\" title=\"Plans rapproch\u00e9s d&#039;un colibri d&#039;Anna\" width=\"660\" height=\"371\" src=\"https:\/\/www.youtube.com\/embed\/1wvp8JJy0JM?feature=oembed\" frameborder=\"0\" allow=\"accelerometer; autoplay; clipboard-write; encrypted-media; gyroscope; picture-in-picture; web-share\" referrerpolicy=\"strict-origin-when-cross-origin\" allowfullscreen><\/iframe>\n<\/div><\/figure>\n\n\n\n<p><strong><em>Fonte: <a href=\"https:\/\/gizmodo.uol.com.br\/esta-especie-de-beija-flor-muda-de-cor-com-a-luz-assista\/\">Giz Brasil<\/a><\/em><\/strong><\/p>\n","protected":false},"excerpt":{"rendered":"<p>V\u00eddeo mostra macho da esp\u00e9cie beija-flor-de-anna mudando de cor com o movimento da cabe\u00e7a; entenda como isso acontece Por Isabela Oliveira Com machos adultos de apar\u00eancia extravagante, com penas rosas ou vermelhas na regi\u00e3o da cabe\u00e7a e da garganta; e f\u00eameas de manchas mais discretas, o p\u00e1ssaro beija-flor-de-anna (Calypte anna) surpreende por sua habilidade de [&hellip;]<\/p>\n","protected":false},"author":2,"featured_media":49279,"comment_status":"open","ping_status":"open","sticky":false,"template":"","format":"standard","meta":{"footnotes":""},"categories":[8],"tags":[1264,321,4851,180],"class_list":["post-49278","post","type-post","status-publish","format-standard","has-post-thumbnail","hentry","category-meio-ambiente","tag-animais","tag-aves","tag-beija-flor","tag-passaros"],"yoast_head":"<!-- This site is optimized with the Yoast SEO plugin v26.5 - https:\/\/yoast.com\/wordpress\/plugins\/seo\/ -->\n<title>Esp\u00e9cie de beija-flor muda de cor com a luz; assista - Jornal Fatos e Not\u00edcias<\/title>\n<meta name=\"robots\" content=\"index, follow, max-snippet:-1, max-image-preview:large, max-video-preview:-1\" \/>\n<link rel=\"canonical\" href=\"https:\/\/jornalfatosenoticias.com.br\/index.php\/2024\/02\/16\/esta-especie-de-beija-flor-muda-de-cor-com-a-luz-assista\/\" \/>\n<meta property=\"og:locale\" content=\"pt_BR\" \/>\n<meta property=\"og:type\" content=\"article\" \/>\n<meta property=\"og:title\" content=\"Esp\u00e9cie de beija-flor muda de cor com a luz; assista - Jornal Fatos e Not\u00edcias\" \/>\n<meta property=\"og:description\" content=\"V\u00eddeo mostra macho da esp\u00e9cie beija-flor-de-anna mudando de cor com o movimento da cabe\u00e7a; entenda como isso acontece Por Isabela Oliveira Com machos adultos de apar\u00eancia extravagante, com penas rosas ou vermelhas na regi\u00e3o da cabe\u00e7a e da garganta; e f\u00eameas de manchas mais discretas, o p\u00e1ssaro beija-flor-de-anna (Calypte anna) surpreende por sua habilidade de [&hellip;]\" \/>\n<meta property=\"og:url\" content=\"https:\/\/jornalfatosenoticias.com.br\/index.php\/2024\/02\/16\/esta-especie-de-beija-flor-muda-de-cor-com-a-luz-assista\/\" \/>\n<meta property=\"og:site_name\" content=\"Jornal Fatos e Not\u00edcias\" \/>\n<meta property=\"article:published_time\" content=\"2024-02-16T18:12:43+00:00\" \/>\n<meta property=\"article:modified_time\" content=\"2024-02-16T18:13:12+00:00\" \/>\n<meta property=\"og:image\" content=\"https:\/\/jornalfatosenoticias.com.br\/wp-content\/uploads\/2024\/02\/beija-flor_gettyimages.jpg\" \/>\n\t<meta property=\"og:image:width\" content=\"612\" \/>\n\t<meta property=\"og:image:height\" content=\"410\" \/>\n\t<meta property=\"og:image:type\" content=\"image\/jpeg\" \/>\n<meta name=\"author\" content=\"Luzimara Fernandes\" \/>\n<meta name=\"twitter:card\" content=\"summary_large_image\" \/>\n<meta name=\"twitter:label1\" content=\"Escrito por\" \/>\n\t<meta name=\"twitter:data1\" content=\"Luzimara Fernandes\" \/>\n\t<meta name=\"twitter:label2\" content=\"Est. tempo de leitura\" \/>\n\t<meta name=\"twitter:data2\" content=\"2 minutos\" \/>\n<script type=\"application\/ld+json\" class=\"yoast-schema-graph\">{\"@context\":\"https:\/\/schema.org\",\"@graph\":[{\"@type\":\"Article\",\"@id\":\"https:\/\/jornalfatosenoticias.com.br\/index.php\/2024\/02\/16\/esta-especie-de-beija-flor-muda-de-cor-com-a-luz-assista\/#article\",\"isPartOf\":{\"@id\":\"https:\/\/jornalfatosenoticias.com.br\/index.php\/2024\/02\/16\/esta-especie-de-beija-flor-muda-de-cor-com-a-luz-assista\/\"},\"author\":{\"name\":\"Luzimara Fernandes\",\"@id\":\"https:\/\/jornalfatosenoticias.com.br\/#\/schema\/person\/d63837fa13ac8666eb9e74e0985d6f81\"},\"headline\":\"Esp\u00e9cie de beija-flor muda de cor com a luz; assista\",\"datePublished\":\"2024-02-16T18:12:43+00:00\",\"dateModified\":\"2024-02-16T18:13:12+00:00\",\"mainEntityOfPage\":{\"@id\":\"https:\/\/jornalfatosenoticias.com.br\/index.php\/2024\/02\/16\/esta-especie-de-beija-flor-muda-de-cor-com-a-luz-assista\/\"},\"wordCount\":439,\"commentCount\":0,\"publisher\":{\"@id\":\"https:\/\/jornalfatosenoticias.com.br\/#organization\"},\"image\":{\"@id\":\"https:\/\/jornalfatosenoticias.com.br\/index.php\/2024\/02\/16\/esta-especie-de-beija-flor-muda-de-cor-com-a-luz-assista\/#primaryimage\"},\"thumbnailUrl\":\"https:\/\/jornalfatosenoticias.com.br\/wp-content\/uploads\/2024\/02\/beija-flor_gettyimages.jpg\",\"keywords\":[\"animais\",\"aves\",\"beija-flor\",\"p\u00e1ssaros\"],\"articleSection\":[\"Meio ambiente\"],\"inLanguage\":\"pt-BR\",\"potentialAction\":[{\"@type\":\"CommentAction\",\"name\":\"Comment\",\"target\":[\"https:\/\/jornalfatosenoticias.com.br\/index.php\/2024\/02\/16\/esta-especie-de-beija-flor-muda-de-cor-com-a-luz-assista\/#respond\"]}]},{\"@type\":\"WebPage\",\"@id\":\"https:\/\/jornalfatosenoticias.com.br\/index.php\/2024\/02\/16\/esta-especie-de-beija-flor-muda-de-cor-com-a-luz-assista\/\",\"url\":\"https:\/\/jornalfatosenoticias.com.br\/index.php\/2024\/02\/16\/esta-especie-de-beija-flor-muda-de-cor-com-a-luz-assista\/\",\"name\":\"Esp\u00e9cie de beija-flor muda de cor com a luz; assista - Jornal Fatos e Not\u00edcias\",\"isPartOf\":{\"@id\":\"https:\/\/jornalfatosenoticias.com.br\/#website\"},\"primaryImageOfPage\":{\"@id\":\"https:\/\/jornalfatosenoticias.com.br\/index.php\/2024\/02\/16\/esta-especie-de-beija-flor-muda-de-cor-com-a-luz-assista\/#primaryimage\"},\"image\":{\"@id\":\"https:\/\/jornalfatosenoticias.com.br\/index.php\/2024\/02\/16\/esta-especie-de-beija-flor-muda-de-cor-com-a-luz-assista\/#primaryimage\"},\"thumbnailUrl\":\"https:\/\/jornalfatosenoticias.com.br\/wp-content\/uploads\/2024\/02\/beija-flor_gettyimages.jpg\",\"datePublished\":\"2024-02-16T18:12:43+00:00\",\"dateModified\":\"2024-02-16T18:13:12+00:00\",\"breadcrumb\":{\"@id\":\"https:\/\/jornalfatosenoticias.com.br\/index.php\/2024\/02\/16\/esta-especie-de-beija-flor-muda-de-cor-com-a-luz-assista\/#breadcrumb\"},\"inLanguage\":\"pt-BR\",\"potentialAction\":[{\"@type\":\"ReadAction\",\"target\":[\"https:\/\/jornalfatosenoticias.com.br\/index.php\/2024\/02\/16\/esta-especie-de-beija-flor-muda-de-cor-com-a-luz-assista\/\"]}]},{\"@type\":\"ImageObject\",\"inLanguage\":\"pt-BR\",\"@id\":\"https:\/\/jornalfatosenoticias.com.br\/index.php\/2024\/02\/16\/esta-especie-de-beija-flor-muda-de-cor-com-a-luz-assista\/#primaryimage\",\"url\":\"https:\/\/jornalfatosenoticias.com.br\/wp-content\/uploads\/2024\/02\/beija-flor_gettyimages.jpg\",\"contentUrl\":\"https:\/\/jornalfatosenoticias.com.br\/wp-content\/uploads\/2024\/02\/beija-flor_gettyimages.jpg\",\"width\":612,\"height\":410,\"caption\":\"She's is a little angry, coming up at me like a very fast F-22.\"},{\"@type\":\"BreadcrumbList\",\"@id\":\"https:\/\/jornalfatosenoticias.com.br\/index.php\/2024\/02\/16\/esta-especie-de-beija-flor-muda-de-cor-com-a-luz-assista\/#breadcrumb\",\"itemListElement\":[{\"@type\":\"ListItem\",\"position\":1,\"name\":\"In\u00edcio\",\"item\":\"https:\/\/jornalfatosenoticias.com.br\/\"},{\"@type\":\"ListItem\",\"position\":2,\"name\":\"Esp\u00e9cie de beija-flor muda de cor com a luz; assista\"}]},{\"@type\":\"WebSite\",\"@id\":\"https:\/\/jornalfatosenoticias.com.br\/#website\",\"url\":\"https:\/\/jornalfatosenoticias.com.br\/\",\"name\":\"Jornal Fatos e Not\u00edcias\",\"description\":\"Not\u00edcias em geral\",\"publisher\":{\"@id\":\"https:\/\/jornalfatosenoticias.com.br\/#organization\"},\"potentialAction\":[{\"@type\":\"SearchAction\",\"target\":{\"@type\":\"EntryPoint\",\"urlTemplate\":\"https:\/\/jornalfatosenoticias.com.br\/?s={search_term_string}\"},\"query-input\":{\"@type\":\"PropertyValueSpecification\",\"valueRequired\":true,\"valueName\":\"search_term_string\"}}],\"inLanguage\":\"pt-BR\"},{\"@type\":\"Organization\",\"@id\":\"https:\/\/jornalfatosenoticias.com.br\/#organization\",\"name\":\"Jornal Fatos e Not\u00edcias\",\"url\":\"https:\/\/jornalfatosenoticias.com.br\/\",\"logo\":{\"@type\":\"ImageObject\",\"inLanguage\":\"pt-BR\",\"@id\":\"https:\/\/jornalfatosenoticias.com.br\/#\/schema\/logo\/image\/\",\"url\":\"https:\/\/jornalfatosenoticias.com.br\/wp-content\/uploads\/2020\/02\/logo120.png\",\"contentUrl\":\"https:\/\/jornalfatosenoticias.com.br\/wp-content\/uploads\/2020\/02\/logo120.png\",\"width\":1227,\"height\":120,\"caption\":\"Jornal Fatos e Not\u00edcias\"},\"image\":{\"@id\":\"https:\/\/jornalfatosenoticias.com.br\/#\/schema\/logo\/image\/\"}},{\"@type\":\"Person\",\"@id\":\"https:\/\/jornalfatosenoticias.com.br\/#\/schema\/person\/d63837fa13ac8666eb9e74e0985d6f81\",\"name\":\"Luzimara Fernandes\",\"image\":{\"@type\":\"ImageObject\",\"inLanguage\":\"pt-BR\",\"@id\":\"https:\/\/jornalfatosenoticias.com.br\/#\/schema\/person\/image\/\",\"url\":\"https:\/\/jornalfatosenoticias.com.br\/wp-content\/uploads\/2025\/05\/EU_portal.jpg\",\"contentUrl\":\"https:\/\/jornalfatosenoticias.com.br\/wp-content\/uploads\/2025\/05\/EU_portal.jpg\",\"caption\":\"Luzimara Fernandes\"},\"description\":\"Jornalista MTB 2358-ES\",\"sameAs\":[\"https:\/\/jornalfatosenoticias.com.br\"],\"url\":\"https:\/\/jornalfatosenoticias.com.br\/index.php\/author\/luzimara\/\"}]}<\/script>\n<!-- \/ Yoast SEO plugin. -->","yoast_head_json":{"title":"Esp\u00e9cie de beija-flor muda de cor com a luz; assista - Jornal Fatos e Not\u00edcias","robots":{"index":"index","follow":"follow","max-snippet":"max-snippet:-1","max-image-preview":"max-image-preview:large","max-video-preview":"max-video-preview:-1"},"canonical":"https:\/\/jornalfatosenoticias.com.br\/index.php\/2024\/02\/16\/esta-especie-de-beija-flor-muda-de-cor-com-a-luz-assista\/","og_locale":"pt_BR","og_type":"article","og_title":"Esp\u00e9cie de beija-flor muda de cor com a luz; assista - Jornal Fatos e Not\u00edcias","og_description":"V\u00eddeo mostra macho da esp\u00e9cie beija-flor-de-anna mudando de cor com o movimento da cabe\u00e7a; entenda como isso acontece Por Isabela Oliveira Com machos adultos de apar\u00eancia extravagante, com penas rosas ou vermelhas na regi\u00e3o da cabe\u00e7a e da garganta; e f\u00eameas de manchas mais discretas, o p\u00e1ssaro beija-flor-de-anna (Calypte anna) surpreende por sua habilidade de [&hellip;]","og_url":"https:\/\/jornalfatosenoticias.com.br\/index.php\/2024\/02\/16\/esta-especie-de-beija-flor-muda-de-cor-com-a-luz-assista\/","og_site_name":"Jornal Fatos e Not\u00edcias","article_published_time":"2024-02-16T18:12:43+00:00","article_modified_time":"2024-02-16T18:13:12+00:00","og_image":[{"width":612,"height":410,"url":"https:\/\/jornalfatosenoticias.com.br\/wp-content\/uploads\/2024\/02\/beija-flor_gettyimages.jpg","type":"image\/jpeg"}],"author":"Luzimara Fernandes","twitter_card":"summary_large_image","twitter_misc":{"Escrito por":"Luzimara Fernandes","Est. tempo de leitura":"2 minutos"},"schema":{"@context":"https:\/\/schema.org","@graph":[{"@type":"Article","@id":"https:\/\/jornalfatosenoticias.com.br\/index.php\/2024\/02\/16\/esta-especie-de-beija-flor-muda-de-cor-com-a-luz-assista\/#article","isPartOf":{"@id":"https:\/\/jornalfatosenoticias.com.br\/index.php\/2024\/02\/16\/esta-especie-de-beija-flor-muda-de-cor-com-a-luz-assista\/"},"author":{"name":"Luzimara Fernandes","@id":"https:\/\/jornalfatosenoticias.com.br\/#\/schema\/person\/d63837fa13ac8666eb9e74e0985d6f81"},"headline":"Esp\u00e9cie de beija-flor muda de cor com a luz; assista","datePublished":"2024-02-16T18:12:43+00:00","dateModified":"2024-02-16T18:13:12+00:00","mainEntityOfPage":{"@id":"https:\/\/jornalfatosenoticias.com.br\/index.php\/2024\/02\/16\/esta-especie-de-beija-flor-muda-de-cor-com-a-luz-assista\/"},"wordCount":439,"commentCount":0,"publisher":{"@id":"https:\/\/jornalfatosenoticias.com.br\/#organization"},"image":{"@id":"https:\/\/jornalfatosenoticias.com.br\/index.php\/2024\/02\/16\/esta-especie-de-beija-flor-muda-de-cor-com-a-luz-assista\/#primaryimage"},"thumbnailUrl":"https:\/\/jornalfatosenoticias.com.br\/wp-content\/uploads\/2024\/02\/beija-flor_gettyimages.jpg","keywords":["animais","aves","beija-flor","p\u00e1ssaros"],"articleSection":["Meio ambiente"],"inLanguage":"pt-BR","potentialAction":[{"@type":"CommentAction","name":"Comment","target":["https:\/\/jornalfatosenoticias.com.br\/index.php\/2024\/02\/16\/esta-especie-de-beija-flor-muda-de-cor-com-a-luz-assista\/#respond"]}]},{"@type":"WebPage","@id":"https:\/\/jornalfatosenoticias.com.br\/index.php\/2024\/02\/16\/esta-especie-de-beija-flor-muda-de-cor-com-a-luz-assista\/","url":"https:\/\/jornalfatosenoticias.com.br\/index.php\/2024\/02\/16\/esta-especie-de-beija-flor-muda-de-cor-com-a-luz-assista\/","name":"Esp\u00e9cie de beija-flor muda de cor com a luz; assista - Jornal Fatos e Not\u00edcias","isPartOf":{"@id":"https:\/\/jornalfatosenoticias.com.br\/#website"},"primaryImageOfPage":{"@id":"https:\/\/jornalfatosenoticias.com.br\/index.php\/2024\/02\/16\/esta-especie-de-beija-flor-muda-de-cor-com-a-luz-assista\/#primaryimage"},"image":{"@id":"https:\/\/jornalfatosenoticias.com.br\/index.php\/2024\/02\/16\/esta-especie-de-beija-flor-muda-de-cor-com-a-luz-assista\/#primaryimage"},"thumbnailUrl":"https:\/\/jornalfatosenoticias.com.br\/wp-content\/uploads\/2024\/02\/beija-flor_gettyimages.jpg","datePublished":"2024-02-16T18:12:43+00:00","dateModified":"2024-02-16T18:13:12+00:00","breadcrumb":{"@id":"https:\/\/jornalfatosenoticias.com.br\/index.php\/2024\/02\/16\/esta-especie-de-beija-flor-muda-de-cor-com-a-luz-assista\/#breadcrumb"},"inLanguage":"pt-BR","potentialAction":[{"@type":"ReadAction","target":["https:\/\/jornalfatosenoticias.com.br\/index.php\/2024\/02\/16\/esta-especie-de-beija-flor-muda-de-cor-com-a-luz-assista\/"]}]},{"@type":"ImageObject","inLanguage":"pt-BR","@id":"https:\/\/jornalfatosenoticias.com.br\/index.php\/2024\/02\/16\/esta-especie-de-beija-flor-muda-de-cor-com-a-luz-assista\/#primaryimage","url":"https:\/\/jornalfatosenoticias.com.br\/wp-content\/uploads\/2024\/02\/beija-flor_gettyimages.jpg","contentUrl":"https:\/\/jornalfatosenoticias.com.br\/wp-content\/uploads\/2024\/02\/beija-flor_gettyimages.jpg","width":612,"height":410,"caption":"She's is a little angry, coming up at me like a very fast F-22."},{"@type":"BreadcrumbList","@id":"https:\/\/jornalfatosenoticias.com.br\/index.php\/2024\/02\/16\/esta-especie-de-beija-flor-muda-de-cor-com-a-luz-assista\/#breadcrumb","itemListElement":[{"@type":"ListItem","position":1,"name":"In\u00edcio","item":"https:\/\/jornalfatosenoticias.com.br\/"},{"@type":"ListItem","position":2,"name":"Esp\u00e9cie de beija-flor muda de cor com a luz; assista"}]},{"@type":"WebSite","@id":"https:\/\/jornalfatosenoticias.com.br\/#website","url":"https:\/\/jornalfatosenoticias.com.br\/","name":"Jornal Fatos e Not\u00edcias","description":"Not\u00edcias em geral","publisher":{"@id":"https:\/\/jornalfatosenoticias.com.br\/#organization"},"potentialAction":[{"@type":"SearchAction","target":{"@type":"EntryPoint","urlTemplate":"https:\/\/jornalfatosenoticias.com.br\/?s={search_term_string}"},"query-input":{"@type":"PropertyValueSpecification","valueRequired":true,"valueName":"search_term_string"}}],"inLanguage":"pt-BR"},{"@type":"Organization","@id":"https:\/\/jornalfatosenoticias.com.br\/#organization","name":"Jornal Fatos e Not\u00edcias","url":"https:\/\/jornalfatosenoticias.com.br\/","logo":{"@type":"ImageObject","inLanguage":"pt-BR","@id":"https:\/\/jornalfatosenoticias.com.br\/#\/schema\/logo\/image\/","url":"https:\/\/jornalfatosenoticias.com.br\/wp-content\/uploads\/2020\/02\/logo120.png","contentUrl":"https:\/\/jornalfatosenoticias.com.br\/wp-content\/uploads\/2020\/02\/logo120.png","width":1227,"height":120,"caption":"Jornal Fatos e Not\u00edcias"},"image":{"@id":"https:\/\/jornalfatosenoticias.com.br\/#\/schema\/logo\/image\/"}},{"@type":"Person","@id":"https:\/\/jornalfatosenoticias.com.br\/#\/schema\/person\/d63837fa13ac8666eb9e74e0985d6f81","name":"Luzimara Fernandes","image":{"@type":"ImageObject","inLanguage":"pt-BR","@id":"https:\/\/jornalfatosenoticias.com.br\/#\/schema\/person\/image\/","url":"https:\/\/jornalfatosenoticias.com.br\/wp-content\/uploads\/2025\/05\/EU_portal.jpg","contentUrl":"https:\/\/jornalfatosenoticias.com.br\/wp-content\/uploads\/2025\/05\/EU_portal.jpg","caption":"Luzimara Fernandes"},"description":"Jornalista MTB 2358-ES","sameAs":["https:\/\/jornalfatosenoticias.com.br"],"url":"https:\/\/jornalfatosenoticias.com.br\/index.php\/author\/luzimara\/"}]}},"cc_featured_image_caption":{"caption_text":"(Foto: Getty Images)","source_text":"","source_url":""},"jetpack_featured_media_url":"https:\/\/jornalfatosenoticias.com.br\/wp-content\/uploads\/2024\/02\/beija-flor_gettyimages.jpg","_links":{"self":[{"href":"https:\/\/jornalfatosenoticias.com.br\/index.php\/wp-json\/wp\/v2\/posts\/49278","targetHints":{"allow":["GET"]}}],"collection":[{"href":"https:\/\/jornalfatosenoticias.com.br\/index.php\/wp-json\/wp\/v2\/posts"}],"about":[{"href":"https:\/\/jornalfatosenoticias.com.br\/index.php\/wp-json\/wp\/v2\/types\/post"}],"author":[{"embeddable":true,"href":"https:\/\/jornalfatosenoticias.com.br\/index.php\/wp-json\/wp\/v2\/users\/2"}],"replies":[{"embeddable":true,"href":"https:\/\/jornalfatosenoticias.com.br\/index.php\/wp-json\/wp\/v2\/comments?post=49278"}],"version-history":[{"count":0,"href":"https:\/\/jornalfatosenoticias.com.br\/index.php\/wp-json\/wp\/v2\/posts\/49278\/revisions"}],"wp:featuredmedia":[{"embeddable":true,"href":"https:\/\/jornalfatosenoticias.com.br\/index.php\/wp-json\/wp\/v2\/media\/49279"}],"wp:attachment":[{"href":"https:\/\/jornalfatosenoticias.com.br\/index.php\/wp-json\/wp\/v2\/media?parent=49278"}],"wp:term":[{"taxonomy":"category","embeddable":true,"href":"https:\/\/jornalfatosenoticias.com.br\/index.php\/wp-json\/wp\/v2\/categories?post=49278"},{"taxonomy":"post_tag","embeddable":true,"href":"https:\/\/jornalfatosenoticias.com.br\/index.php\/wp-json\/wp\/v2\/tags?post=49278"}],"curies":[{"name":"wp","href":"https:\/\/api.w.org\/{rel}","templated":true}]}}