{"id":49283,"date":"2024-02-16T15:22:57","date_gmt":"2024-02-16T18:22:57","guid":{"rendered":"https:\/\/jornalfatosenoticias.com.br\/?p=49283"},"modified":"2024-02-16T15:22:58","modified_gmt":"2024-02-16T18:22:58","slug":"inscricoes-para-o-concurso-do-magisterio-sao-prorrogadas-ate-22-de-fevereiro","status":"publish","type":"post","link":"https:\/\/jornalfatosenoticias.com.br\/index.php\/2024\/02\/16\/inscricoes-para-o-concurso-do-magisterio-sao-prorrogadas-ate-22-de-fevereiro\/","title":{"rendered":"Inscri\u00e7\u00f5es para o concurso do magist\u00e9rio s\u00e3o prorrogadas at\u00e9 22 de fevereiro"},"content":{"rendered":"\n<p><span class=\"has-inline-color has-black-color\">Por <strong>Lu\u00eds Oliveira<\/strong><\/span><\/p>\n\n\n\n<div class=\"wp-block-image\"><figure class=\"aligncenter size-large\"><img loading=\"lazy\" decoding=\"async\" width=\"729\" height=\"90\" src=\"https:\/\/jornalfatosenoticias.com.br\/wp-content\/uploads\/2020\/02\/Logo_Mizu.png\" alt=\"\" class=\"wp-image-1441\" srcset=\"https:\/\/jornalfatosenoticias.com.br\/wp-content\/uploads\/2020\/02\/Logo_Mizu.png 729w, https:\/\/jornalfatosenoticias.com.br\/wp-content\/uploads\/2020\/02\/Logo_Mizu-300x37.png 300w\" sizes=\"auto, (max-width: 729px) 100vw, 729px\" \/><\/figure><\/div>\n\n\n\n<p>\u00d3tima not\u00edcia para os interessados em atuar no magist\u00e9rio de Vit\u00f3ria: as inscri\u00e7\u00f5es para o concurso p\u00fablico com 100 vagas para professores da rede municipal de ensino foram prorrogadas at\u00e9 o dia 22 de fevereiro (quinta-feira). A sele\u00e7\u00e3o \u00e9 organizada pela <a href=\"https:\/\/conhecimento.fgv.br\/concursos\/semevitoria24\">Funda\u00e7\u00e3o Get\u00falio Vargas (FGV).<\/a> Ser\u00e3o ofertadas 100 vagas para diversos cargos de professor da educa\u00e7\u00e3o b\u00e1sica, todos com carga hor\u00e1ria de 44h. O sal\u00e1rio inicial \u00e9 de R$ 4.999,89, al\u00e9m de vale alimenta\u00e7\u00e3o no valor de R$ 800,00.<br>O prefeito de Vit\u00f3ria, Lorenzo Pazolini, falou sobre a import\u00e2ncia do certame ao anunciar a prorroga\u00e7\u00e3o do prazo. <\/p>\n\n\n\n<blockquote class=\"wp-block-quote is-layout-flow wp-block-quote-is-layout-flow\"><p><span class=\"has-inline-color has-luminous-vivid-orange-color\">Vit\u00f3ria tem a melhor educa\u00e7\u00e3o p\u00fablica entre todas as capitais e esse concurso trar\u00e1 novos profissionais para se juntar a esse time de excel\u00eancia. J\u00e1 s\u00e3o mais de cinco mil pessoas inscritas, e tamb\u00e9m atendemos aos diversos pedidos que chegaram pedindo a prorroga\u00e7\u00e3o do prazo das inscri\u00e7\u00f5es&#8221;, disse.<\/span><\/p><\/blockquote>\n\n\n\n<div class=\"wp-block-image\"><figure class=\"aligncenter size-large\"><img loading=\"lazy\" decoding=\"async\" width=\"300\" height=\"250\" src=\"https:\/\/jornalfatosenoticias.com.br\/wp-content\/uploads\/2020\/02\/Banner-2.png\" alt=\"\" class=\"wp-image-43787\"\/><\/figure><\/div>\n\n\n\n<p>O destaque fica com as 54 vagas para professor de educa\u00e7\u00e3o especial, pois esta \u00e9 a primeira vez que ser\u00e1 realizado concurso p\u00fablico para esta modalidade educacional. As vagas da educa\u00e7\u00e3o especial ser\u00e3o para trabalhar, por exemplo, com defici\u00eancia intelectual e com defici\u00eancia auditiva (professor bil\u00edngue).<\/p>\n\n\n\n<div class=\"wp-block-image\"><figure class=\"aligncenter size-large is-resized\"><img loading=\"lazy\" decoding=\"async\" src=\"https:\/\/jornalfatosenoticias.com.br\/wp-content\/uploads\/2022\/02\/Precisao-Contabilidade-1024x724.jpg\" alt=\"\" class=\"wp-image-28088\" width=\"355\" height=\"251\"\/><\/figure><\/div>\n\n\n\n<blockquote class=\"wp-block-quote is-layout-flow wp-block-quote-is-layout-flow\"><p><span class=\"has-inline-color has-luminous-vivid-orange-color\">Este \u00e9 o primeiro concurso p\u00fablico com vagas destinadas para professores que v\u00e3o atuar na Educa\u00e7\u00e3o Especial. A revitaliza\u00e7\u00e3o do corpo docente permanente e a implementa\u00e7\u00e3o de um cadastro de reserva refletem o compromisso da Prefeitura de Vit\u00f3ria com seus objetivos. Essas medidas visam assegurar a continuidade do processo educacional, criando um ambiente prop\u00edcio para o aprendizado das nossas crian\u00e7as e estudantes&#8221;, destacou a secret\u00e1ria de Educa\u00e7\u00e3o, Juliana Rohsner.<\/span><\/p><\/blockquote>\n\n\n\n<div class=\"wp-block-image\"><figure class=\"aligncenter size-large\"><img loading=\"lazy\" decoding=\"async\" width=\"300\" height=\"250\" src=\"https:\/\/jornalfatosenoticias.com.br\/wp-content\/uploads\/2022\/02\/FERRARI_MAQUINAS-E-FERRAMENTAS2.jpg\" alt=\"\" class=\"wp-image-27860\"\/><\/figure><\/div>\n\n\n\n<p><strong><span class=\"has-inline-color has-black-color\"><span style=\"text-decoration: underline;\">Vagas<\/span><\/span><\/strong><br><em>Haver\u00e1 vagas para os seguintes cargos:<\/em><\/p>\n\n\n\n<ul class=\"wp-block-list\"><li>Professor de Educa\u00e7\u00e3o B\u00e1sica I &#8211; PEB I &#8211; Educa\u00e7\u00e3o Infantil<\/li><li>Professor de Educa\u00e7\u00e3o B\u00e1sica II &#8211; PEB II &#8211; Ensino Fundamental<\/li><li>Professor de Educa\u00e7\u00e3o B\u00e1sica III &#8211; PEB III &#8211; Ci\u00eancias<\/li><li>Professor de Educa\u00e7\u00e3o B\u00e1sica III &#8211; PEB III &#8211; Educa\u00e7\u00e3o Art\u00edstica<\/li><li>Professor de Educa\u00e7\u00e3o B\u00e1sica III &#8211; PEB III &#8211; Educa\u00e7\u00e3o F\u00edsica<\/li><li>Professor de Educa\u00e7\u00e3o B\u00e1sica III &#8211; PEB III &#8211; Geografia<\/li><li>Professor de Educa\u00e7\u00e3o B\u00e1sica III &#8211; PEB III &#8211; Hist\u00f3ria<\/li><li>Professor de Educa\u00e7\u00e3o B\u00e1sica III &#8211; PEB III &#8211; L\u00edngua Inglesa<\/li><li>Professor de Educa\u00e7\u00e3o B\u00e1sica III &#8211; PEB III &#8211; L\u00edngua Portuguesa<\/li><li>Professor de Educa\u00e7\u00e3o B\u00e1sica III &#8211; PEB III &#8211; Matem\u00e1tica<\/li><li>Professor de Educa\u00e7\u00e3o B\u00e1sica III &#8211; PEB III &#8211; M\u00fasica<\/li><li>Professor de Educa\u00e7\u00e3o B\u00e1sica III &#8211; Libras<\/li><li>Professor de Educa\u00e7\u00e3o B\u00e1sica III &#8211; Educa\u00e7\u00e3o Especial : Bil\u00edngue<\/li><li>Professor de Educa\u00e7\u00e3o B\u00e1sica III &#8211; Educa\u00e7\u00e3o Especial : Defici\u00eancia Intelectual<\/li><li>Professor de Educa\u00e7\u00e3o B\u00e1sica III &#8211; Educa\u00e7\u00e3o Especial : Defici\u00eancia Visual<\/li><li>Professor de Educa\u00e7\u00e3o B\u00e1sica III &#8211; Educa\u00e7\u00e3o Especial : Altas Habilidades<\/li><li>Professor de Educa\u00e7\u00e3o B\u00e1sica IV &#8211; PEB IV &#8211; Coordenador de Turno<\/li><li>Professor de Educa\u00e7\u00e3o B\u00e1sica IV &#8211; PEB IV &#8211; Em Fun\u00e7\u00e3o Pedag\u00f3gica<\/li><\/ul>\n\n\n\n<div class=\"wp-block-image\"><figure class=\"aligncenter size-large\"><img decoding=\"async\" src=\"https:\/\/jornalfatosenoticias.com.br\/wp-content\/uploads\/2020\/02\/logo_esteio.jpg\" alt=\"\" class=\"wp-image-1214\"\/><\/figure><\/div>\n\n\n\n<p><strong><span class=\"has-inline-color has-black-color\"><span style=\"text-decoration: underline;\">Inscri\u00e7\u00f5es<\/span><\/span><\/strong><br>As inscri\u00e7\u00f5es j\u00e1 est\u00e3o abertas e dever\u00e3o ser realizadas no site da <a href=\"https:\/\/conhecimento.fgv.br\/concursos\/semevitoria24\">FGV<\/a>, at\u00e9 \u00e0s 16h do dia 22 de fevereiro, no valor de R$ 80,00. Nesse endere\u00e7o, constam o edital, a ficha de inscri\u00e7\u00e3o e os procedimentos necess\u00e1rios \u00e0 efetiva\u00e7\u00e3o da inscri\u00e7\u00e3o.<\/p>\n\n\n\n<div class=\"wp-block-image\"><figure class=\"aligncenter size-large is-resized\"><img loading=\"lazy\" decoding=\"async\" src=\"https:\/\/jornalfatosenoticias.com.br\/wp-content\/uploads\/2023\/03\/logo-Panper_portal.jpg\" alt=\"\" class=\"wp-image-40208\" width=\"344\" height=\"238\" srcset=\"https:\/\/jornalfatosenoticias.com.br\/wp-content\/uploads\/2023\/03\/logo-Panper_portal.jpg 400w, https:\/\/jornalfatosenoticias.com.br\/wp-content\/uploads\/2023\/03\/logo-Panper_portal-300x208.jpg 300w\" sizes=\"auto, (max-width: 344px) 100vw, 344px\" \/><\/figure><\/div>\n\n\n\n<p><strong><span class=\"has-inline-color has-black-color\"><span style=\"text-decoration: underline;\">Etapas<br><\/span><\/span><\/strong><em>O concurso ser\u00e1 composto de tr\u00eas etapas:<\/em><\/p>\n\n\n\n<ul class=\"wp-block-list\"><li>1\u00aa Etapa: Prova Objetiva, de car\u00e1ter classificat\u00f3rio e eliminat\u00f3rio.<\/li><li>2\u00aa Etapa: Prova Dissertativa (reda\u00e7\u00e3o), de car\u00e1ter classificat\u00f3rio e eliminat\u00f3rio.<\/li><li>3\u00aa Etapa: Prova Pr\u00e1tica, para os candidatos aos cargos de PEB III &#8211; Educa\u00e7\u00e3o Especial &#8211; Bil\u00edngue; PEB III &#8211; Educa\u00e7\u00e3o Especial -Defici\u00eancia Visual e PEB III &#8211; Libras, que forem aprovados na Prova Objetiva.<\/li><li>As provas objetiva e dissertativa ser\u00e3o realizadas no dia 14 de abril.<\/li><\/ul>\n\n\n\n<div class=\"wp-block-image\"><figure class=\"aligncenter size-large is-resized\"><img loading=\"lazy\" decoding=\"async\" src=\"https:\/\/jornalfatosenoticias.com.br\/wp-content\/uploads\/2023\/09\/vetorvix1024_1.jpg\" alt=\"\" class=\"wp-image-44868\" width=\"471\" height=\"125\" srcset=\"https:\/\/jornalfatosenoticias.com.br\/wp-content\/uploads\/2023\/09\/vetorvix1024_1.jpg 1024w, https:\/\/jornalfatosenoticias.com.br\/wp-content\/uploads\/2023\/09\/vetorvix1024_1-300x80.jpg 300w, https:\/\/jornalfatosenoticias.com.br\/wp-content\/uploads\/2023\/09\/vetorvix1024_1-768x205.jpg 768w\" sizes=\"auto, (max-width: 471px) 100vw, 471px\" \/><\/figure><\/div>\n\n\n\n<p><strong><em>Fonte: <a href=\"https:\/\/vitoria.es.gov.br\/noticia\/inscricoes-para-o-concurso-publico-do-magisterio-prorrogadas-ate-22-de-fevereiro-50006\">PMV<\/a><\/em><\/strong><\/p>\n","protected":false},"excerpt":{"rendered":"<p>Por Lu\u00eds Oliveira \u00d3tima not\u00edcia para os interessados em atuar no magist\u00e9rio de Vit\u00f3ria: as inscri\u00e7\u00f5es para o concurso p\u00fablico com 100 vagas para professores da rede municipal de ensino foram prorrogadas at\u00e9 o dia 22 de fevereiro (quinta-feira). A sele\u00e7\u00e3o \u00e9 organizada pela Funda\u00e7\u00e3o Get\u00falio Vargas (FGV). Ser\u00e3o ofertadas 100 vagas para diversos cargos [&hellip;]<\/p>\n","protected":false},"author":2,"featured_media":49284,"comment_status":"open","ping_status":"open","sticky":false,"template":"","format":"standard","meta":{"footnotes":""},"categories":[7],"tags":[13037,22828,21594,15925],"class_list":["post-49283","post","type-post","status-publish","format-standard","has-post-thumbnail","hentry","category-educacao","tag-certame","tag-concurso-publico","tag-educacao-vitoria","tag-fundacao-getulio-vargas"],"yoast_head":"<!-- This site is optimized with the Yoast SEO plugin v26.5 - https:\/\/yoast.com\/wordpress\/plugins\/seo\/ -->\n<title>Inscri\u00e7\u00f5es para o concurso do magist\u00e9rio s\u00e3o prorrogadas at\u00e9 22 de fevereiro - Jornal Fatos e Not\u00edcias<\/title>\n<meta name=\"robots\" content=\"index, follow, max-snippet:-1, max-image-preview:large, max-video-preview:-1\" \/>\n<link rel=\"canonical\" href=\"https:\/\/jornalfatosenoticias.com.br\/index.php\/2024\/02\/16\/inscricoes-para-o-concurso-do-magisterio-sao-prorrogadas-ate-22-de-fevereiro\/\" \/>\n<meta property=\"og:locale\" content=\"pt_BR\" \/>\n<meta property=\"og:type\" content=\"article\" \/>\n<meta property=\"og:title\" content=\"Inscri\u00e7\u00f5es para o concurso do magist\u00e9rio s\u00e3o prorrogadas at\u00e9 22 de fevereiro - Jornal Fatos e Not\u00edcias\" \/>\n<meta property=\"og:description\" content=\"Por Lu\u00eds Oliveira \u00d3tima not\u00edcia para os interessados em atuar no magist\u00e9rio de Vit\u00f3ria: as inscri\u00e7\u00f5es para o concurso p\u00fablico com 100 vagas para professores da rede municipal de ensino foram prorrogadas at\u00e9 o dia 22 de fevereiro (quinta-feira). A sele\u00e7\u00e3o \u00e9 organizada pela Funda\u00e7\u00e3o Get\u00falio Vargas (FGV). Ser\u00e3o ofertadas 100 vagas para diversos cargos [&hellip;]\" \/>\n<meta property=\"og:url\" content=\"https:\/\/jornalfatosenoticias.com.br\/index.php\/2024\/02\/16\/inscricoes-para-o-concurso-do-magisterio-sao-prorrogadas-ate-22-de-fevereiro\/\" \/>\n<meta property=\"og:site_name\" content=\"Jornal Fatos e Not\u00edcias\" \/>\n<meta property=\"article:published_time\" content=\"2024-02-16T18:22:57+00:00\" \/>\n<meta property=\"article:modified_time\" content=\"2024-02-16T18:22:58+00:00\" \/>\n<meta property=\"og:image\" content=\"https:\/\/jornalfatosenoticias.com.br\/wp-content\/uploads\/2024\/02\/concurso-publico-vitoria.jpg\" \/>\n\t<meta property=\"og:image:width\" content=\"800\" \/>\n\t<meta property=\"og:image:height\" content=\"532\" \/>\n\t<meta property=\"og:image:type\" content=\"image\/jpeg\" \/>\n<meta name=\"author\" content=\"Luzimara Fernandes\" \/>\n<meta name=\"twitter:card\" content=\"summary_large_image\" \/>\n<meta name=\"twitter:label1\" content=\"Escrito por\" \/>\n\t<meta name=\"twitter:data1\" content=\"Luzimara Fernandes\" \/>\n\t<meta name=\"twitter:label2\" content=\"Est. tempo de leitura\" \/>\n\t<meta name=\"twitter:data2\" content=\"3 minutos\" \/>\n<script type=\"application\/ld+json\" class=\"yoast-schema-graph\">{\"@context\":\"https:\/\/schema.org\",\"@graph\":[{\"@type\":\"Article\",\"@id\":\"https:\/\/jornalfatosenoticias.com.br\/index.php\/2024\/02\/16\/inscricoes-para-o-concurso-do-magisterio-sao-prorrogadas-ate-22-de-fevereiro\/#article\",\"isPartOf\":{\"@id\":\"https:\/\/jornalfatosenoticias.com.br\/index.php\/2024\/02\/16\/inscricoes-para-o-concurso-do-magisterio-sao-prorrogadas-ate-22-de-fevereiro\/\"},\"author\":{\"name\":\"Luzimara Fernandes\",\"@id\":\"https:\/\/jornalfatosenoticias.com.br\/#\/schema\/person\/d63837fa13ac8666eb9e74e0985d6f81\"},\"headline\":\"Inscri\u00e7\u00f5es para o concurso do magist\u00e9rio s\u00e3o prorrogadas at\u00e9 22 de fevereiro\",\"datePublished\":\"2024-02-16T18:22:57+00:00\",\"dateModified\":\"2024-02-16T18:22:58+00:00\",\"mainEntityOfPage\":{\"@id\":\"https:\/\/jornalfatosenoticias.com.br\/index.php\/2024\/02\/16\/inscricoes-para-o-concurso-do-magisterio-sao-prorrogadas-ate-22-de-fevereiro\/\"},\"wordCount\":696,\"commentCount\":0,\"publisher\":{\"@id\":\"https:\/\/jornalfatosenoticias.com.br\/#organization\"},\"image\":{\"@id\":\"https:\/\/jornalfatosenoticias.com.br\/index.php\/2024\/02\/16\/inscricoes-para-o-concurso-do-magisterio-sao-prorrogadas-ate-22-de-fevereiro\/#primaryimage\"},\"thumbnailUrl\":\"https:\/\/jornalfatosenoticias.com.br\/wp-content\/uploads\/2024\/02\/concurso-publico-vitoria.jpg\",\"keywords\":[\"certame\",\"concurso p\u00fablico\",\"educa\u00e7\u00e3o Vit\u00f3ria\",\"Funda\u00e7\u00e3o Get\u00falio Vargas\"],\"articleSection\":[\"Educa\u00e7\u00e3o\"],\"inLanguage\":\"pt-BR\",\"potentialAction\":[{\"@type\":\"CommentAction\",\"name\":\"Comment\",\"target\":[\"https:\/\/jornalfatosenoticias.com.br\/index.php\/2024\/02\/16\/inscricoes-para-o-concurso-do-magisterio-sao-prorrogadas-ate-22-de-fevereiro\/#respond\"]}]},{\"@type\":\"WebPage\",\"@id\":\"https:\/\/jornalfatosenoticias.com.br\/index.php\/2024\/02\/16\/inscricoes-para-o-concurso-do-magisterio-sao-prorrogadas-ate-22-de-fevereiro\/\",\"url\":\"https:\/\/jornalfatosenoticias.com.br\/index.php\/2024\/02\/16\/inscricoes-para-o-concurso-do-magisterio-sao-prorrogadas-ate-22-de-fevereiro\/\",\"name\":\"Inscri\u00e7\u00f5es para o concurso do magist\u00e9rio s\u00e3o prorrogadas at\u00e9 22 de fevereiro - Jornal Fatos e Not\u00edcias\",\"isPartOf\":{\"@id\":\"https:\/\/jornalfatosenoticias.com.br\/#website\"},\"primaryImageOfPage\":{\"@id\":\"https:\/\/jornalfatosenoticias.com.br\/index.php\/2024\/02\/16\/inscricoes-para-o-concurso-do-magisterio-sao-prorrogadas-ate-22-de-fevereiro\/#primaryimage\"},\"image\":{\"@id\":\"https:\/\/jornalfatosenoticias.com.br\/index.php\/2024\/02\/16\/inscricoes-para-o-concurso-do-magisterio-sao-prorrogadas-ate-22-de-fevereiro\/#primaryimage\"},\"thumbnailUrl\":\"https:\/\/jornalfatosenoticias.com.br\/wp-content\/uploads\/2024\/02\/concurso-publico-vitoria.jpg\",\"datePublished\":\"2024-02-16T18:22:57+00:00\",\"dateModified\":\"2024-02-16T18:22:58+00:00\",\"breadcrumb\":{\"@id\":\"https:\/\/jornalfatosenoticias.com.br\/index.php\/2024\/02\/16\/inscricoes-para-o-concurso-do-magisterio-sao-prorrogadas-ate-22-de-fevereiro\/#breadcrumb\"},\"inLanguage\":\"pt-BR\",\"potentialAction\":[{\"@type\":\"ReadAction\",\"target\":[\"https:\/\/jornalfatosenoticias.com.br\/index.php\/2024\/02\/16\/inscricoes-para-o-concurso-do-magisterio-sao-prorrogadas-ate-22-de-fevereiro\/\"]}]},{\"@type\":\"ImageObject\",\"inLanguage\":\"pt-BR\",\"@id\":\"https:\/\/jornalfatosenoticias.com.br\/index.php\/2024\/02\/16\/inscricoes-para-o-concurso-do-magisterio-sao-prorrogadas-ate-22-de-fevereiro\/#primaryimage\",\"url\":\"https:\/\/jornalfatosenoticias.com.br\/wp-content\/uploads\/2024\/02\/concurso-publico-vitoria.jpg\",\"contentUrl\":\"https:\/\/jornalfatosenoticias.com.br\/wp-content\/uploads\/2024\/02\/concurso-publico-vitoria.jpg\",\"width\":800,\"height\":532,\"caption\":\"Inaugura\u00e7\u00e3o Cmei Lizandre Ign\u00eas Carpanedo do Carmo\"},{\"@type\":\"BreadcrumbList\",\"@id\":\"https:\/\/jornalfatosenoticias.com.br\/index.php\/2024\/02\/16\/inscricoes-para-o-concurso-do-magisterio-sao-prorrogadas-ate-22-de-fevereiro\/#breadcrumb\",\"itemListElement\":[{\"@type\":\"ListItem\",\"position\":1,\"name\":\"In\u00edcio\",\"item\":\"https:\/\/jornalfatosenoticias.com.br\/\"},{\"@type\":\"ListItem\",\"position\":2,\"name\":\"Inscri\u00e7\u00f5es para o concurso do magist\u00e9rio s\u00e3o prorrogadas at\u00e9 22 de fevereiro\"}]},{\"@type\":\"WebSite\",\"@id\":\"https:\/\/jornalfatosenoticias.com.br\/#website\",\"url\":\"https:\/\/jornalfatosenoticias.com.br\/\",\"name\":\"Jornal Fatos e Not\u00edcias\",\"description\":\"Not\u00edcias em geral\",\"publisher\":{\"@id\":\"https:\/\/jornalfatosenoticias.com.br\/#organization\"},\"potentialAction\":[{\"@type\":\"SearchAction\",\"target\":{\"@type\":\"EntryPoint\",\"urlTemplate\":\"https:\/\/jornalfatosenoticias.com.br\/?s={search_term_string}\"},\"query-input\":{\"@type\":\"PropertyValueSpecification\",\"valueRequired\":true,\"valueName\":\"search_term_string\"}}],\"inLanguage\":\"pt-BR\"},{\"@type\":\"Organization\",\"@id\":\"https:\/\/jornalfatosenoticias.com.br\/#organization\",\"name\":\"Jornal Fatos e Not\u00edcias\",\"url\":\"https:\/\/jornalfatosenoticias.com.br\/\",\"logo\":{\"@type\":\"ImageObject\",\"inLanguage\":\"pt-BR\",\"@id\":\"https:\/\/jornalfatosenoticias.com.br\/#\/schema\/logo\/image\/\",\"url\":\"https:\/\/jornalfatosenoticias.com.br\/wp-content\/uploads\/2020\/02\/logo120.png\",\"contentUrl\":\"https:\/\/jornalfatosenoticias.com.br\/wp-content\/uploads\/2020\/02\/logo120.png\",\"width\":1227,\"height\":120,\"caption\":\"Jornal Fatos e Not\u00edcias\"},\"image\":{\"@id\":\"https:\/\/jornalfatosenoticias.com.br\/#\/schema\/logo\/image\/\"}},{\"@type\":\"Person\",\"@id\":\"https:\/\/jornalfatosenoticias.com.br\/#\/schema\/person\/d63837fa13ac8666eb9e74e0985d6f81\",\"name\":\"Luzimara Fernandes\",\"image\":{\"@type\":\"ImageObject\",\"inLanguage\":\"pt-BR\",\"@id\":\"https:\/\/jornalfatosenoticias.com.br\/#\/schema\/person\/image\/\",\"url\":\"https:\/\/jornalfatosenoticias.com.br\/wp-content\/uploads\/2025\/05\/EU_portal.jpg\",\"contentUrl\":\"https:\/\/jornalfatosenoticias.com.br\/wp-content\/uploads\/2025\/05\/EU_portal.jpg\",\"caption\":\"Luzimara Fernandes\"},\"description\":\"Jornalista MTB 2358-ES\",\"sameAs\":[\"https:\/\/jornalfatosenoticias.com.br\"],\"url\":\"https:\/\/jornalfatosenoticias.com.br\/index.php\/author\/luzimara\/\"}]}<\/script>\n<!-- \/ Yoast SEO plugin. -->","yoast_head_json":{"title":"Inscri\u00e7\u00f5es para o concurso do magist\u00e9rio s\u00e3o prorrogadas at\u00e9 22 de fevereiro - Jornal Fatos e Not\u00edcias","robots":{"index":"index","follow":"follow","max-snippet":"max-snippet:-1","max-image-preview":"max-image-preview:large","max-video-preview":"max-video-preview:-1"},"canonical":"https:\/\/jornalfatosenoticias.com.br\/index.php\/2024\/02\/16\/inscricoes-para-o-concurso-do-magisterio-sao-prorrogadas-ate-22-de-fevereiro\/","og_locale":"pt_BR","og_type":"article","og_title":"Inscri\u00e7\u00f5es para o concurso do magist\u00e9rio s\u00e3o prorrogadas at\u00e9 22 de fevereiro - Jornal Fatos e Not\u00edcias","og_description":"Por Lu\u00eds Oliveira \u00d3tima not\u00edcia para os interessados em atuar no magist\u00e9rio de Vit\u00f3ria: as inscri\u00e7\u00f5es para o concurso p\u00fablico com 100 vagas para professores da rede municipal de ensino foram prorrogadas at\u00e9 o dia 22 de fevereiro (quinta-feira). A sele\u00e7\u00e3o \u00e9 organizada pela Funda\u00e7\u00e3o Get\u00falio Vargas (FGV). Ser\u00e3o ofertadas 100 vagas para diversos cargos [&hellip;]","og_url":"https:\/\/jornalfatosenoticias.com.br\/index.php\/2024\/02\/16\/inscricoes-para-o-concurso-do-magisterio-sao-prorrogadas-ate-22-de-fevereiro\/","og_site_name":"Jornal Fatos e Not\u00edcias","article_published_time":"2024-02-16T18:22:57+00:00","article_modified_time":"2024-02-16T18:22:58+00:00","og_image":[{"width":800,"height":532,"url":"https:\/\/jornalfatosenoticias.com.br\/wp-content\/uploads\/2024\/02\/concurso-publico-vitoria.jpg","type":"image\/jpeg"}],"author":"Luzimara Fernandes","twitter_card":"summary_large_image","twitter_misc":{"Escrito por":"Luzimara Fernandes","Est. tempo de leitura":"3 minutos"},"schema":{"@context":"https:\/\/schema.org","@graph":[{"@type":"Article","@id":"https:\/\/jornalfatosenoticias.com.br\/index.php\/2024\/02\/16\/inscricoes-para-o-concurso-do-magisterio-sao-prorrogadas-ate-22-de-fevereiro\/#article","isPartOf":{"@id":"https:\/\/jornalfatosenoticias.com.br\/index.php\/2024\/02\/16\/inscricoes-para-o-concurso-do-magisterio-sao-prorrogadas-ate-22-de-fevereiro\/"},"author":{"name":"Luzimara Fernandes","@id":"https:\/\/jornalfatosenoticias.com.br\/#\/schema\/person\/d63837fa13ac8666eb9e74e0985d6f81"},"headline":"Inscri\u00e7\u00f5es para o concurso do magist\u00e9rio s\u00e3o prorrogadas at\u00e9 22 de fevereiro","datePublished":"2024-02-16T18:22:57+00:00","dateModified":"2024-02-16T18:22:58+00:00","mainEntityOfPage":{"@id":"https:\/\/jornalfatosenoticias.com.br\/index.php\/2024\/02\/16\/inscricoes-para-o-concurso-do-magisterio-sao-prorrogadas-ate-22-de-fevereiro\/"},"wordCount":696,"commentCount":0,"publisher":{"@id":"https:\/\/jornalfatosenoticias.com.br\/#organization"},"image":{"@id":"https:\/\/jornalfatosenoticias.com.br\/index.php\/2024\/02\/16\/inscricoes-para-o-concurso-do-magisterio-sao-prorrogadas-ate-22-de-fevereiro\/#primaryimage"},"thumbnailUrl":"https:\/\/jornalfatosenoticias.com.br\/wp-content\/uploads\/2024\/02\/concurso-publico-vitoria.jpg","keywords":["certame","concurso p\u00fablico","educa\u00e7\u00e3o Vit\u00f3ria","Funda\u00e7\u00e3o Get\u00falio Vargas"],"articleSection":["Educa\u00e7\u00e3o"],"inLanguage":"pt-BR","potentialAction":[{"@type":"CommentAction","name":"Comment","target":["https:\/\/jornalfatosenoticias.com.br\/index.php\/2024\/02\/16\/inscricoes-para-o-concurso-do-magisterio-sao-prorrogadas-ate-22-de-fevereiro\/#respond"]}]},{"@type":"WebPage","@id":"https:\/\/jornalfatosenoticias.com.br\/index.php\/2024\/02\/16\/inscricoes-para-o-concurso-do-magisterio-sao-prorrogadas-ate-22-de-fevereiro\/","url":"https:\/\/jornalfatosenoticias.com.br\/index.php\/2024\/02\/16\/inscricoes-para-o-concurso-do-magisterio-sao-prorrogadas-ate-22-de-fevereiro\/","name":"Inscri\u00e7\u00f5es para o concurso do magist\u00e9rio s\u00e3o prorrogadas at\u00e9 22 de fevereiro - Jornal Fatos e Not\u00edcias","isPartOf":{"@id":"https:\/\/jornalfatosenoticias.com.br\/#website"},"primaryImageOfPage":{"@id":"https:\/\/jornalfatosenoticias.com.br\/index.php\/2024\/02\/16\/inscricoes-para-o-concurso-do-magisterio-sao-prorrogadas-ate-22-de-fevereiro\/#primaryimage"},"image":{"@id":"https:\/\/jornalfatosenoticias.com.br\/index.php\/2024\/02\/16\/inscricoes-para-o-concurso-do-magisterio-sao-prorrogadas-ate-22-de-fevereiro\/#primaryimage"},"thumbnailUrl":"https:\/\/jornalfatosenoticias.com.br\/wp-content\/uploads\/2024\/02\/concurso-publico-vitoria.jpg","datePublished":"2024-02-16T18:22:57+00:00","dateModified":"2024-02-16T18:22:58+00:00","breadcrumb":{"@id":"https:\/\/jornalfatosenoticias.com.br\/index.php\/2024\/02\/16\/inscricoes-para-o-concurso-do-magisterio-sao-prorrogadas-ate-22-de-fevereiro\/#breadcrumb"},"inLanguage":"pt-BR","potentialAction":[{"@type":"ReadAction","target":["https:\/\/jornalfatosenoticias.com.br\/index.php\/2024\/02\/16\/inscricoes-para-o-concurso-do-magisterio-sao-prorrogadas-ate-22-de-fevereiro\/"]}]},{"@type":"ImageObject","inLanguage":"pt-BR","@id":"https:\/\/jornalfatosenoticias.com.br\/index.php\/2024\/02\/16\/inscricoes-para-o-concurso-do-magisterio-sao-prorrogadas-ate-22-de-fevereiro\/#primaryimage","url":"https:\/\/jornalfatosenoticias.com.br\/wp-content\/uploads\/2024\/02\/concurso-publico-vitoria.jpg","contentUrl":"https:\/\/jornalfatosenoticias.com.br\/wp-content\/uploads\/2024\/02\/concurso-publico-vitoria.jpg","width":800,"height":532,"caption":"Inaugura\u00e7\u00e3o Cmei Lizandre Ign\u00eas Carpanedo do Carmo"},{"@type":"BreadcrumbList","@id":"https:\/\/jornalfatosenoticias.com.br\/index.php\/2024\/02\/16\/inscricoes-para-o-concurso-do-magisterio-sao-prorrogadas-ate-22-de-fevereiro\/#breadcrumb","itemListElement":[{"@type":"ListItem","position":1,"name":"In\u00edcio","item":"https:\/\/jornalfatosenoticias.com.br\/"},{"@type":"ListItem","position":2,"name":"Inscri\u00e7\u00f5es para o concurso do magist\u00e9rio s\u00e3o prorrogadas at\u00e9 22 de fevereiro"}]},{"@type":"WebSite","@id":"https:\/\/jornalfatosenoticias.com.br\/#website","url":"https:\/\/jornalfatosenoticias.com.br\/","name":"Jornal Fatos e Not\u00edcias","description":"Not\u00edcias em geral","publisher":{"@id":"https:\/\/jornalfatosenoticias.com.br\/#organization"},"potentialAction":[{"@type":"SearchAction","target":{"@type":"EntryPoint","urlTemplate":"https:\/\/jornalfatosenoticias.com.br\/?s={search_term_string}"},"query-input":{"@type":"PropertyValueSpecification","valueRequired":true,"valueName":"search_term_string"}}],"inLanguage":"pt-BR"},{"@type":"Organization","@id":"https:\/\/jornalfatosenoticias.com.br\/#organization","name":"Jornal Fatos e Not\u00edcias","url":"https:\/\/jornalfatosenoticias.com.br\/","logo":{"@type":"ImageObject","inLanguage":"pt-BR","@id":"https:\/\/jornalfatosenoticias.com.br\/#\/schema\/logo\/image\/","url":"https:\/\/jornalfatosenoticias.com.br\/wp-content\/uploads\/2020\/02\/logo120.png","contentUrl":"https:\/\/jornalfatosenoticias.com.br\/wp-content\/uploads\/2020\/02\/logo120.png","width":1227,"height":120,"caption":"Jornal Fatos e Not\u00edcias"},"image":{"@id":"https:\/\/jornalfatosenoticias.com.br\/#\/schema\/logo\/image\/"}},{"@type":"Person","@id":"https:\/\/jornalfatosenoticias.com.br\/#\/schema\/person\/d63837fa13ac8666eb9e74e0985d6f81","name":"Luzimara Fernandes","image":{"@type":"ImageObject","inLanguage":"pt-BR","@id":"https:\/\/jornalfatosenoticias.com.br\/#\/schema\/person\/image\/","url":"https:\/\/jornalfatosenoticias.com.br\/wp-content\/uploads\/2025\/05\/EU_portal.jpg","contentUrl":"https:\/\/jornalfatosenoticias.com.br\/wp-content\/uploads\/2025\/05\/EU_portal.jpg","caption":"Luzimara Fernandes"},"description":"Jornalista MTB 2358-ES","sameAs":["https:\/\/jornalfatosenoticias.com.br"],"url":"https:\/\/jornalfatosenoticias.com.br\/index.php\/author\/luzimara\/"}]}},"cc_featured_image_caption":{"caption_text":"(Foto: Marcos Salles\/PMV)","source_text":"","source_url":""},"jetpack_featured_media_url":"https:\/\/jornalfatosenoticias.com.br\/wp-content\/uploads\/2024\/02\/concurso-publico-vitoria.jpg","_links":{"self":[{"href":"https:\/\/jornalfatosenoticias.com.br\/index.php\/wp-json\/wp\/v2\/posts\/49283","targetHints":{"allow":["GET"]}}],"collection":[{"href":"https:\/\/jornalfatosenoticias.com.br\/index.php\/wp-json\/wp\/v2\/posts"}],"about":[{"href":"https:\/\/jornalfatosenoticias.com.br\/index.php\/wp-json\/wp\/v2\/types\/post"}],"author":[{"embeddable":true,"href":"https:\/\/jornalfatosenoticias.com.br\/index.php\/wp-json\/wp\/v2\/users\/2"}],"replies":[{"embeddable":true,"href":"https:\/\/jornalfatosenoticias.com.br\/index.php\/wp-json\/wp\/v2\/comments?post=49283"}],"version-history":[{"count":0,"href":"https:\/\/jornalfatosenoticias.com.br\/index.php\/wp-json\/wp\/v2\/posts\/49283\/revisions"}],"wp:featuredmedia":[{"embeddable":true,"href":"https:\/\/jornalfatosenoticias.com.br\/index.php\/wp-json\/wp\/v2\/media\/49284"}],"wp:attachment":[{"href":"https:\/\/jornalfatosenoticias.com.br\/index.php\/wp-json\/wp\/v2\/media?parent=49283"}],"wp:term":[{"taxonomy":"category","embeddable":true,"href":"https:\/\/jornalfatosenoticias.com.br\/index.php\/wp-json\/wp\/v2\/categories?post=49283"},{"taxonomy":"post_tag","embeddable":true,"href":"https:\/\/jornalfatosenoticias.com.br\/index.php\/wp-json\/wp\/v2\/tags?post=49283"}],"curies":[{"name":"wp","href":"https:\/\/api.w.org\/{rel}","templated":true}]}}