{"id":49293,"date":"2024-02-16T16:08:32","date_gmt":"2024-02-16T19:08:32","guid":{"rendered":"https:\/\/jornalfatosenoticias.com.br\/?p=49293"},"modified":"2024-02-16T16:08:33","modified_gmt":"2024-02-16T19:08:33","slug":"bolsonaro-pede-que-apoiadores-se-concentrem-apenas-na-paulista-e-nao-facam-outros-atos-no-dia-25-assista","status":"publish","type":"post","link":"https:\/\/jornalfatosenoticias.com.br\/index.php\/2024\/02\/16\/bolsonaro-pede-que-apoiadores-se-concentrem-apenas-na-paulista-e-nao-facam-outros-atos-no-dia-25-assista\/","title":{"rendered":"Bolsonaro pede que apoiadores se concentrem apenas na Paulista e n\u00e3o fa\u00e7am outros atos no dia 25; assista"},"content":{"rendered":"\n<p><em><span class=\"has-inline-color has-black-color\">O ex-presidente Jair Bolsonaro (PL) fez apelo \u00e0 popula\u00e7\u00e3o nas redes sociais<\/span><\/em><\/p>\n\n\n\n<p><span class=\"has-inline-color has-black-color\">Por <strong><a href=\"https:\/\/www.gazetadopovo.com.br\/autor\/diogenes-freire-feitosa\/\">Di\u00f3genes Freire Feitosa<\/a><\/strong><\/span><\/p>\n\n\n\n<div class=\"wp-block-image\"><figure class=\"aligncenter size-large\"><img loading=\"lazy\" decoding=\"async\" width=\"729\" height=\"90\" src=\"https:\/\/jornalfatosenoticias.com.br\/wp-content\/uploads\/2020\/02\/Logo_Mizu.png\" alt=\"\" class=\"wp-image-1441\" srcset=\"https:\/\/jornalfatosenoticias.com.br\/wp-content\/uploads\/2020\/02\/Logo_Mizu.png 729w, https:\/\/jornalfatosenoticias.com.br\/wp-content\/uploads\/2020\/02\/Logo_Mizu-300x37.png 300w\" sizes=\"auto, (max-width: 729px) 100vw, 729px\" \/><\/figure><\/div>\n\n\n\n<p>Nesta sexta-feira (16), o ex-presidente Jair Bolsonaro (PL) refor\u00e7ou a convoca\u00e7\u00e3o para o ato do pr\u00f3ximo dia 25 de fevereiro, na Avenida Paulista, em S\u00e3o Paulo, e pediu aos apoiadores que n\u00e3o realizem manifesta\u00e7\u00f5es em outros lugares. Segundo Bolsonaro, o objetivo \u00e9 fazer \u201cuma grande fotografia para mostrar ao mundo, de verde e amarelo, sem faixas e cartazes, o que n\u00f3s queremos, que \u00e9 Deus, P\u00e1tria, fam\u00edlia e liberdade\u201d.<\/p>\n\n\n\n<blockquote class=\"wp-block-quote is-layout-flow wp-block-quote-is-layout-flow\"><p><span class=\"has-inline-color has-luminous-vivid-orange-color\">\u00c9 um momento s\u00e9rio, disciplinado, pac\u00edfico pelo nosso Estado Democr\u00e1tico de Direito, pela nossa liberdade [\u2026] N\u00e3o fa\u00e7am movimentos em outros munic\u00edpios. Por favor, o movimento \u00e9 exclusivo para a Paulista, n\u00e3o marquem e n\u00e3o compare\u00e7am a nenhum movimento fora da capital de S\u00e3o Paulo\u201d, disse o ex-presidente em v\u00eddeo compartilhado em suas redes sociais.<\/span><\/p><\/blockquote>\n\n\n\n<figure class=\"wp-block-video\"><video height=\"848\" style=\"aspect-ratio: 480 \/ 848;\" width=\"480\" controls src=\"https:\/\/jornalfatosenoticias.com.br\/wp-content\/uploads\/2024\/02\/WhatsApp-Video-2024-02-16-at-11.49.13.mp4\"><\/video><figcaption><em><span class=\"has-inline-color has-black-color\"><strong>Fonte:<\/strong> Redes Sociais<\/span><\/em><\/figcaption><\/figure>\n\n\n\n<p>Desde que Bolsonaro fez a convoca\u00e7\u00e3o, no in\u00edcio desta semana, o apoio ao ato vem crescendo entre aliados do ex-presidente com a confirma\u00e7\u00e3o da presen\u00e7a de governadores e parlamentares.<\/p>\n\n\n\n<div class=\"wp-block-image\"><figure class=\"aligncenter size-large\"><img loading=\"lazy\" decoding=\"async\" width=\"300\" height=\"250\" src=\"https:\/\/jornalfatosenoticias.com.br\/wp-content\/uploads\/2022\/02\/FERRARI_MAQUINAS-E-FERRAMENTAS2.jpg\" alt=\"\" class=\"wp-image-27860\"\/><\/figure><\/div>\n\n\n\n<p>Bolsonaro disse que encabe\u00e7ar\u00e1 a manifesta\u00e7\u00e3o com o prop\u00f3sito de rebater todas as acusa\u00e7\u00f5es que tem enfrentado nos \u00faltimos meses, em especial no contexto da opera\u00e7\u00e3o Tempus Veritatis, da Pol\u00edcia Federal, autorizada pelo ministro Alexandre de Moraes, do Supremo Tribunal Federal (STF).<\/p>\n\n\n\n<div class=\"wp-block-image\"><figure class=\"aligncenter size-large is-resized\"><img loading=\"lazy\" decoding=\"async\" src=\"https:\/\/jornalfatosenoticias.com.br\/wp-content\/uploads\/2023\/03\/nova-logo-Marquetti.jpg\" alt=\"\" class=\"wp-image-40207\" width=\"331\" height=\"222\" srcset=\"https:\/\/jornalfatosenoticias.com.br\/wp-content\/uploads\/2023\/03\/nova-logo-Marquetti.jpg 643w, https:\/\/jornalfatosenoticias.com.br\/wp-content\/uploads\/2023\/03\/nova-logo-Marquetti-300x202.jpg 300w\" sizes=\"auto, (max-width: 331px) 100vw, 331px\" \/><\/figure><\/div>\n\n\n\n<p>Para incentivar a participa\u00e7\u00e3o de deputados federais, o l\u00edder do PL na C\u00e2mara, Altineu C\u00f4rtes, enviou uma mensagem a integrantes da sigla na Casa. O texto ressalta a import\u00e2ncia da presen\u00e7a de todos para assegurar \u201ca manuten\u00e7\u00e3o da ordem\u201d e a propaga\u00e7\u00e3o das \u201cideias e valores\u201d do partido \u201cde forma respeitosa\u201d.<\/p>\n\n\n\n<div class=\"wp-block-image\"><figure class=\"aligncenter size-large is-resized\"><img loading=\"lazy\" decoding=\"async\" src=\"https:\/\/jornalfatosenoticias.com.br\/wp-content\/uploads\/2020\/02\/CONTROL-CS.jpg\" alt=\"\" class=\"wp-image-44991\" width=\"292\" height=\"350\" srcset=\"https:\/\/jornalfatosenoticias.com.br\/wp-content\/uploads\/2020\/02\/CONTROL-CS.jpg 834w, https:\/\/jornalfatosenoticias.com.br\/wp-content\/uploads\/2020\/02\/CONTROL-CS-250x300.jpg 250w, https:\/\/jornalfatosenoticias.com.br\/wp-content\/uploads\/2020\/02\/CONTROL-CS-768x921.jpg 768w\" sizes=\"auto, (max-width: 292px) 100vw, 292px\" \/><\/figure><\/div>\n\n\n\n<p><strong><em>Fonte: <a href=\"https:\/\/www.gazetadopovo.com.br\/republica\/bolsonaro-pede-que-apoiadores-se-concentrem-apenas-na-paulista-e-nao-facam-outros-atos-no-dia-25\/\">Gazeta do Povo<\/a><\/em><\/strong><\/p>\n","protected":false},"excerpt":{"rendered":"<p>O ex-presidente Jair Bolsonaro (PL) fez apelo \u00e0 popula\u00e7\u00e3o nas redes sociais Por Di\u00f3genes Freire Feitosa Nesta sexta-feira (16), o ex-presidente Jair Bolsonaro (PL) refor\u00e7ou a convoca\u00e7\u00e3o para o ato do pr\u00f3ximo dia 25 de fevereiro, na Avenida Paulista, em S\u00e3o Paulo, e pediu aos apoiadores que n\u00e3o realizem manifesta\u00e7\u00f5es em outros lugares. Segundo Bolsonaro, [&hellip;]<\/p>\n","protected":false},"author":2,"featured_media":49295,"comment_status":"open","ping_status":"open","sticky":false,"template":"","format":"standard","meta":{"footnotes":""},"categories":[10],"tags":[13889,22833,239,12905,10124,2146,6826,1563],"class_list":["post-49293","post","type-post","status-publish","format-standard","has-post-thumbnail","hentry","category-politica","tag-alexandre-de-moraes","tag-altineu-cortes","tag-bolsonaro","tag-convocacao","tag-manifestacoes","tag-policia-federal","tag-presidente","tag-redes-sociais"],"yoast_head":"<!-- This site is optimized with the Yoast SEO plugin v26.5 - https:\/\/yoast.com\/wordpress\/plugins\/seo\/ -->\n<title>Bolsonaro pede que apoiadores se concentrem apenas na Paulista e n\u00e3o fa\u00e7am outros atos no dia 25; assista - Jornal Fatos e Not\u00edcias<\/title>\n<meta name=\"robots\" content=\"index, follow, max-snippet:-1, max-image-preview:large, max-video-preview:-1\" \/>\n<link rel=\"canonical\" href=\"https:\/\/jornalfatosenoticias.com.br\/index.php\/2024\/02\/16\/bolsonaro-pede-que-apoiadores-se-concentrem-apenas-na-paulista-e-nao-facam-outros-atos-no-dia-25-assista\/\" \/>\n<meta property=\"og:locale\" content=\"pt_BR\" \/>\n<meta property=\"og:type\" content=\"article\" \/>\n<meta property=\"og:title\" content=\"Bolsonaro pede que apoiadores se concentrem apenas na Paulista e n\u00e3o fa\u00e7am outros atos no dia 25; assista - Jornal Fatos e Not\u00edcias\" \/>\n<meta property=\"og:description\" content=\"O ex-presidente Jair Bolsonaro (PL) fez apelo \u00e0 popula\u00e7\u00e3o nas redes sociais Por Di\u00f3genes Freire Feitosa Nesta sexta-feira (16), o ex-presidente Jair Bolsonaro (PL) refor\u00e7ou a convoca\u00e7\u00e3o para o ato do pr\u00f3ximo dia 25 de fevereiro, na Avenida Paulista, em S\u00e3o Paulo, e pediu aos apoiadores que n\u00e3o realizem manifesta\u00e7\u00f5es em outros lugares. Segundo Bolsonaro, [&hellip;]\" \/>\n<meta property=\"og:url\" content=\"https:\/\/jornalfatosenoticias.com.br\/index.php\/2024\/02\/16\/bolsonaro-pede-que-apoiadores-se-concentrem-apenas-na-paulista-e-nao-facam-outros-atos-no-dia-25-assista\/\" \/>\n<meta property=\"og:site_name\" content=\"Jornal Fatos e Not\u00edcias\" \/>\n<meta property=\"article:published_time\" content=\"2024-02-16T19:08:32+00:00\" \/>\n<meta property=\"article:modified_time\" content=\"2024-02-16T19:08:33+00:00\" \/>\n<meta property=\"og:image\" content=\"https:\/\/jornalfatosenoticias.com.br\/wp-content\/uploads\/2024\/02\/Bolsonaro-Avenida-Paulista-960x540-1.jpg\" \/>\n\t<meta property=\"og:image:width\" content=\"960\" \/>\n\t<meta property=\"og:image:height\" content=\"540\" \/>\n\t<meta property=\"og:image:type\" content=\"image\/jpeg\" \/>\n<meta name=\"author\" content=\"Luzimara Fernandes\" \/>\n<meta name=\"twitter:card\" content=\"summary_large_image\" \/>\n<meta name=\"twitter:label1\" content=\"Escrito por\" \/>\n\t<meta name=\"twitter:data1\" content=\"Luzimara Fernandes\" \/>\n\t<meta name=\"twitter:label2\" content=\"Est. tempo de leitura\" \/>\n\t<meta name=\"twitter:data2\" content=\"2 minutos\" \/>\n<script type=\"application\/ld+json\" class=\"yoast-schema-graph\">{\"@context\":\"https:\/\/schema.org\",\"@graph\":[{\"@type\":\"Article\",\"@id\":\"https:\/\/jornalfatosenoticias.com.br\/index.php\/2024\/02\/16\/bolsonaro-pede-que-apoiadores-se-concentrem-apenas-na-paulista-e-nao-facam-outros-atos-no-dia-25-assista\/#article\",\"isPartOf\":{\"@id\":\"https:\/\/jornalfatosenoticias.com.br\/index.php\/2024\/02\/16\/bolsonaro-pede-que-apoiadores-se-concentrem-apenas-na-paulista-e-nao-facam-outros-atos-no-dia-25-assista\/\"},\"author\":{\"name\":\"Luzimara Fernandes\",\"@id\":\"https:\/\/jornalfatosenoticias.com.br\/#\/schema\/person\/d63837fa13ac8666eb9e74e0985d6f81\"},\"headline\":\"Bolsonaro pede que apoiadores se concentrem apenas na Paulista e n\u00e3o fa\u00e7am outros atos no dia 25; assista\",\"datePublished\":\"2024-02-16T19:08:32+00:00\",\"dateModified\":\"2024-02-16T19:08:33+00:00\",\"mainEntityOfPage\":{\"@id\":\"https:\/\/jornalfatosenoticias.com.br\/index.php\/2024\/02\/16\/bolsonaro-pede-que-apoiadores-se-concentrem-apenas-na-paulista-e-nao-facam-outros-atos-no-dia-25-assista\/\"},\"wordCount\":320,\"commentCount\":0,\"publisher\":{\"@id\":\"https:\/\/jornalfatosenoticias.com.br\/#organization\"},\"image\":{\"@id\":\"https:\/\/jornalfatosenoticias.com.br\/index.php\/2024\/02\/16\/bolsonaro-pede-que-apoiadores-se-concentrem-apenas-na-paulista-e-nao-facam-outros-atos-no-dia-25-assista\/#primaryimage\"},\"thumbnailUrl\":\"https:\/\/jornalfatosenoticias.com.br\/wp-content\/uploads\/2024\/02\/Bolsonaro-Avenida-Paulista-960x540-1.jpg\",\"keywords\":[\"Alexandre de Moraes\",\"Altineu C\u00f4rtes\",\"Bolsonaro\",\"convoca\u00e7\u00e3o\",\"manifesta\u00e7\u00f5es\",\"Pol\u00edcia Federal\",\"presidente\",\"redes sociais\"],\"articleSection\":[\"Pol\u00edtica\"],\"inLanguage\":\"pt-BR\",\"potentialAction\":[{\"@type\":\"CommentAction\",\"name\":\"Comment\",\"target\":[\"https:\/\/jornalfatosenoticias.com.br\/index.php\/2024\/02\/16\/bolsonaro-pede-que-apoiadores-se-concentrem-apenas-na-paulista-e-nao-facam-outros-atos-no-dia-25-assista\/#respond\"]}]},{\"@type\":\"WebPage\",\"@id\":\"https:\/\/jornalfatosenoticias.com.br\/index.php\/2024\/02\/16\/bolsonaro-pede-que-apoiadores-se-concentrem-apenas-na-paulista-e-nao-facam-outros-atos-no-dia-25-assista\/\",\"url\":\"https:\/\/jornalfatosenoticias.com.br\/index.php\/2024\/02\/16\/bolsonaro-pede-que-apoiadores-se-concentrem-apenas-na-paulista-e-nao-facam-outros-atos-no-dia-25-assista\/\",\"name\":\"Bolsonaro pede que apoiadores se concentrem apenas na Paulista e n\u00e3o fa\u00e7am outros atos no dia 25; assista - Jornal Fatos e Not\u00edcias\",\"isPartOf\":{\"@id\":\"https:\/\/jornalfatosenoticias.com.br\/#website\"},\"primaryImageOfPage\":{\"@id\":\"https:\/\/jornalfatosenoticias.com.br\/index.php\/2024\/02\/16\/bolsonaro-pede-que-apoiadores-se-concentrem-apenas-na-paulista-e-nao-facam-outros-atos-no-dia-25-assista\/#primaryimage\"},\"image\":{\"@id\":\"https:\/\/jornalfatosenoticias.com.br\/index.php\/2024\/02\/16\/bolsonaro-pede-que-apoiadores-se-concentrem-apenas-na-paulista-e-nao-facam-outros-atos-no-dia-25-assista\/#primaryimage\"},\"thumbnailUrl\":\"https:\/\/jornalfatosenoticias.com.br\/wp-content\/uploads\/2024\/02\/Bolsonaro-Avenida-Paulista-960x540-1.jpg\",\"datePublished\":\"2024-02-16T19:08:32+00:00\",\"dateModified\":\"2024-02-16T19:08:33+00:00\",\"breadcrumb\":{\"@id\":\"https:\/\/jornalfatosenoticias.com.br\/index.php\/2024\/02\/16\/bolsonaro-pede-que-apoiadores-se-concentrem-apenas-na-paulista-e-nao-facam-outros-atos-no-dia-25-assista\/#breadcrumb\"},\"inLanguage\":\"pt-BR\",\"potentialAction\":[{\"@type\":\"ReadAction\",\"target\":[\"https:\/\/jornalfatosenoticias.com.br\/index.php\/2024\/02\/16\/bolsonaro-pede-que-apoiadores-se-concentrem-apenas-na-paulista-e-nao-facam-outros-atos-no-dia-25-assista\/\"]}]},{\"@type\":\"ImageObject\",\"inLanguage\":\"pt-BR\",\"@id\":\"https:\/\/jornalfatosenoticias.com.br\/index.php\/2024\/02\/16\/bolsonaro-pede-que-apoiadores-se-concentrem-apenas-na-paulista-e-nao-facam-outros-atos-no-dia-25-assista\/#primaryimage\",\"url\":\"https:\/\/jornalfatosenoticias.com.br\/wp-content\/uploads\/2024\/02\/Bolsonaro-Avenida-Paulista-960x540-1.jpg\",\"contentUrl\":\"https:\/\/jornalfatosenoticias.com.br\/wp-content\/uploads\/2024\/02\/Bolsonaro-Avenida-Paulista-960x540-1.jpg\",\"width\":960,\"height\":540},{\"@type\":\"BreadcrumbList\",\"@id\":\"https:\/\/jornalfatosenoticias.com.br\/index.php\/2024\/02\/16\/bolsonaro-pede-que-apoiadores-se-concentrem-apenas-na-paulista-e-nao-facam-outros-atos-no-dia-25-assista\/#breadcrumb\",\"itemListElement\":[{\"@type\":\"ListItem\",\"position\":1,\"name\":\"In\u00edcio\",\"item\":\"https:\/\/jornalfatosenoticias.com.br\/\"},{\"@type\":\"ListItem\",\"position\":2,\"name\":\"Bolsonaro pede que apoiadores se concentrem apenas na Paulista e n\u00e3o fa\u00e7am outros atos no dia 25; assista\"}]},{\"@type\":\"WebSite\",\"@id\":\"https:\/\/jornalfatosenoticias.com.br\/#website\",\"url\":\"https:\/\/jornalfatosenoticias.com.br\/\",\"name\":\"Jornal Fatos e Not\u00edcias\",\"description\":\"Not\u00edcias em geral\",\"publisher\":{\"@id\":\"https:\/\/jornalfatosenoticias.com.br\/#organization\"},\"potentialAction\":[{\"@type\":\"SearchAction\",\"target\":{\"@type\":\"EntryPoint\",\"urlTemplate\":\"https:\/\/jornalfatosenoticias.com.br\/?s={search_term_string}\"},\"query-input\":{\"@type\":\"PropertyValueSpecification\",\"valueRequired\":true,\"valueName\":\"search_term_string\"}}],\"inLanguage\":\"pt-BR\"},{\"@type\":\"Organization\",\"@id\":\"https:\/\/jornalfatosenoticias.com.br\/#organization\",\"name\":\"Jornal Fatos e Not\u00edcias\",\"url\":\"https:\/\/jornalfatosenoticias.com.br\/\",\"logo\":{\"@type\":\"ImageObject\",\"inLanguage\":\"pt-BR\",\"@id\":\"https:\/\/jornalfatosenoticias.com.br\/#\/schema\/logo\/image\/\",\"url\":\"https:\/\/jornalfatosenoticias.com.br\/wp-content\/uploads\/2020\/02\/logo120.png\",\"contentUrl\":\"https:\/\/jornalfatosenoticias.com.br\/wp-content\/uploads\/2020\/02\/logo120.png\",\"width\":1227,\"height\":120,\"caption\":\"Jornal Fatos e Not\u00edcias\"},\"image\":{\"@id\":\"https:\/\/jornalfatosenoticias.com.br\/#\/schema\/logo\/image\/\"}},{\"@type\":\"Person\",\"@id\":\"https:\/\/jornalfatosenoticias.com.br\/#\/schema\/person\/d63837fa13ac8666eb9e74e0985d6f81\",\"name\":\"Luzimara Fernandes\",\"image\":{\"@type\":\"ImageObject\",\"inLanguage\":\"pt-BR\",\"@id\":\"https:\/\/jornalfatosenoticias.com.br\/#\/schema\/person\/image\/\",\"url\":\"https:\/\/jornalfatosenoticias.com.br\/wp-content\/uploads\/2025\/05\/EU_portal.jpg\",\"contentUrl\":\"https:\/\/jornalfatosenoticias.com.br\/wp-content\/uploads\/2025\/05\/EU_portal.jpg\",\"caption\":\"Luzimara Fernandes\"},\"description\":\"Jornalista MTB 2358-ES\",\"sameAs\":[\"https:\/\/jornalfatosenoticias.com.br\"],\"url\":\"https:\/\/jornalfatosenoticias.com.br\/index.php\/author\/luzimara\/\"}]}<\/script>\n<!-- \/ Yoast SEO plugin. -->","yoast_head_json":{"title":"Bolsonaro pede que apoiadores se concentrem apenas na Paulista e n\u00e3o fa\u00e7am outros atos no dia 25; assista - Jornal Fatos e Not\u00edcias","robots":{"index":"index","follow":"follow","max-snippet":"max-snippet:-1","max-image-preview":"max-image-preview:large","max-video-preview":"max-video-preview:-1"},"canonical":"https:\/\/jornalfatosenoticias.com.br\/index.php\/2024\/02\/16\/bolsonaro-pede-que-apoiadores-se-concentrem-apenas-na-paulista-e-nao-facam-outros-atos-no-dia-25-assista\/","og_locale":"pt_BR","og_type":"article","og_title":"Bolsonaro pede que apoiadores se concentrem apenas na Paulista e n\u00e3o fa\u00e7am outros atos no dia 25; assista - Jornal Fatos e Not\u00edcias","og_description":"O ex-presidente Jair Bolsonaro (PL) fez apelo \u00e0 popula\u00e7\u00e3o nas redes sociais Por Di\u00f3genes Freire Feitosa Nesta sexta-feira (16), o ex-presidente Jair Bolsonaro (PL) refor\u00e7ou a convoca\u00e7\u00e3o para o ato do pr\u00f3ximo dia 25 de fevereiro, na Avenida Paulista, em S\u00e3o Paulo, e pediu aos apoiadores que n\u00e3o realizem manifesta\u00e7\u00f5es em outros lugares. Segundo Bolsonaro, [&hellip;]","og_url":"https:\/\/jornalfatosenoticias.com.br\/index.php\/2024\/02\/16\/bolsonaro-pede-que-apoiadores-se-concentrem-apenas-na-paulista-e-nao-facam-outros-atos-no-dia-25-assista\/","og_site_name":"Jornal Fatos e Not\u00edcias","article_published_time":"2024-02-16T19:08:32+00:00","article_modified_time":"2024-02-16T19:08:33+00:00","og_image":[{"width":960,"height":540,"url":"https:\/\/jornalfatosenoticias.com.br\/wp-content\/uploads\/2024\/02\/Bolsonaro-Avenida-Paulista-960x540-1.jpg","type":"image\/jpeg"}],"author":"Luzimara Fernandes","twitter_card":"summary_large_image","twitter_misc":{"Escrito por":"Luzimara Fernandes","Est. tempo de leitura":"2 minutos"},"schema":{"@context":"https:\/\/schema.org","@graph":[{"@type":"Article","@id":"https:\/\/jornalfatosenoticias.com.br\/index.php\/2024\/02\/16\/bolsonaro-pede-que-apoiadores-se-concentrem-apenas-na-paulista-e-nao-facam-outros-atos-no-dia-25-assista\/#article","isPartOf":{"@id":"https:\/\/jornalfatosenoticias.com.br\/index.php\/2024\/02\/16\/bolsonaro-pede-que-apoiadores-se-concentrem-apenas-na-paulista-e-nao-facam-outros-atos-no-dia-25-assista\/"},"author":{"name":"Luzimara Fernandes","@id":"https:\/\/jornalfatosenoticias.com.br\/#\/schema\/person\/d63837fa13ac8666eb9e74e0985d6f81"},"headline":"Bolsonaro pede que apoiadores se concentrem apenas na Paulista e n\u00e3o fa\u00e7am outros atos no dia 25; assista","datePublished":"2024-02-16T19:08:32+00:00","dateModified":"2024-02-16T19:08:33+00:00","mainEntityOfPage":{"@id":"https:\/\/jornalfatosenoticias.com.br\/index.php\/2024\/02\/16\/bolsonaro-pede-que-apoiadores-se-concentrem-apenas-na-paulista-e-nao-facam-outros-atos-no-dia-25-assista\/"},"wordCount":320,"commentCount":0,"publisher":{"@id":"https:\/\/jornalfatosenoticias.com.br\/#organization"},"image":{"@id":"https:\/\/jornalfatosenoticias.com.br\/index.php\/2024\/02\/16\/bolsonaro-pede-que-apoiadores-se-concentrem-apenas-na-paulista-e-nao-facam-outros-atos-no-dia-25-assista\/#primaryimage"},"thumbnailUrl":"https:\/\/jornalfatosenoticias.com.br\/wp-content\/uploads\/2024\/02\/Bolsonaro-Avenida-Paulista-960x540-1.jpg","keywords":["Alexandre de Moraes","Altineu C\u00f4rtes","Bolsonaro","convoca\u00e7\u00e3o","manifesta\u00e7\u00f5es","Pol\u00edcia Federal","presidente","redes sociais"],"articleSection":["Pol\u00edtica"],"inLanguage":"pt-BR","potentialAction":[{"@type":"CommentAction","name":"Comment","target":["https:\/\/jornalfatosenoticias.com.br\/index.php\/2024\/02\/16\/bolsonaro-pede-que-apoiadores-se-concentrem-apenas-na-paulista-e-nao-facam-outros-atos-no-dia-25-assista\/#respond"]}]},{"@type":"WebPage","@id":"https:\/\/jornalfatosenoticias.com.br\/index.php\/2024\/02\/16\/bolsonaro-pede-que-apoiadores-se-concentrem-apenas-na-paulista-e-nao-facam-outros-atos-no-dia-25-assista\/","url":"https:\/\/jornalfatosenoticias.com.br\/index.php\/2024\/02\/16\/bolsonaro-pede-que-apoiadores-se-concentrem-apenas-na-paulista-e-nao-facam-outros-atos-no-dia-25-assista\/","name":"Bolsonaro pede que apoiadores se concentrem apenas na Paulista e n\u00e3o fa\u00e7am outros atos no dia 25; assista - Jornal Fatos e Not\u00edcias","isPartOf":{"@id":"https:\/\/jornalfatosenoticias.com.br\/#website"},"primaryImageOfPage":{"@id":"https:\/\/jornalfatosenoticias.com.br\/index.php\/2024\/02\/16\/bolsonaro-pede-que-apoiadores-se-concentrem-apenas-na-paulista-e-nao-facam-outros-atos-no-dia-25-assista\/#primaryimage"},"image":{"@id":"https:\/\/jornalfatosenoticias.com.br\/index.php\/2024\/02\/16\/bolsonaro-pede-que-apoiadores-se-concentrem-apenas-na-paulista-e-nao-facam-outros-atos-no-dia-25-assista\/#primaryimage"},"thumbnailUrl":"https:\/\/jornalfatosenoticias.com.br\/wp-content\/uploads\/2024\/02\/Bolsonaro-Avenida-Paulista-960x540-1.jpg","datePublished":"2024-02-16T19:08:32+00:00","dateModified":"2024-02-16T19:08:33+00:00","breadcrumb":{"@id":"https:\/\/jornalfatosenoticias.com.br\/index.php\/2024\/02\/16\/bolsonaro-pede-que-apoiadores-se-concentrem-apenas-na-paulista-e-nao-facam-outros-atos-no-dia-25-assista\/#breadcrumb"},"inLanguage":"pt-BR","potentialAction":[{"@type":"ReadAction","target":["https:\/\/jornalfatosenoticias.com.br\/index.php\/2024\/02\/16\/bolsonaro-pede-que-apoiadores-se-concentrem-apenas-na-paulista-e-nao-facam-outros-atos-no-dia-25-assista\/"]}]},{"@type":"ImageObject","inLanguage":"pt-BR","@id":"https:\/\/jornalfatosenoticias.com.br\/index.php\/2024\/02\/16\/bolsonaro-pede-que-apoiadores-se-concentrem-apenas-na-paulista-e-nao-facam-outros-atos-no-dia-25-assista\/#primaryimage","url":"https:\/\/jornalfatosenoticias.com.br\/wp-content\/uploads\/2024\/02\/Bolsonaro-Avenida-Paulista-960x540-1.jpg","contentUrl":"https:\/\/jornalfatosenoticias.com.br\/wp-content\/uploads\/2024\/02\/Bolsonaro-Avenida-Paulista-960x540-1.jpg","width":960,"height":540},{"@type":"BreadcrumbList","@id":"https:\/\/jornalfatosenoticias.com.br\/index.php\/2024\/02\/16\/bolsonaro-pede-que-apoiadores-se-concentrem-apenas-na-paulista-e-nao-facam-outros-atos-no-dia-25-assista\/#breadcrumb","itemListElement":[{"@type":"ListItem","position":1,"name":"In\u00edcio","item":"https:\/\/jornalfatosenoticias.com.br\/"},{"@type":"ListItem","position":2,"name":"Bolsonaro pede que apoiadores se concentrem apenas na Paulista e n\u00e3o fa\u00e7am outros atos no dia 25; assista"}]},{"@type":"WebSite","@id":"https:\/\/jornalfatosenoticias.com.br\/#website","url":"https:\/\/jornalfatosenoticias.com.br\/","name":"Jornal Fatos e Not\u00edcias","description":"Not\u00edcias em geral","publisher":{"@id":"https:\/\/jornalfatosenoticias.com.br\/#organization"},"potentialAction":[{"@type":"SearchAction","target":{"@type":"EntryPoint","urlTemplate":"https:\/\/jornalfatosenoticias.com.br\/?s={search_term_string}"},"query-input":{"@type":"PropertyValueSpecification","valueRequired":true,"valueName":"search_term_string"}}],"inLanguage":"pt-BR"},{"@type":"Organization","@id":"https:\/\/jornalfatosenoticias.com.br\/#organization","name":"Jornal Fatos e Not\u00edcias","url":"https:\/\/jornalfatosenoticias.com.br\/","logo":{"@type":"ImageObject","inLanguage":"pt-BR","@id":"https:\/\/jornalfatosenoticias.com.br\/#\/schema\/logo\/image\/","url":"https:\/\/jornalfatosenoticias.com.br\/wp-content\/uploads\/2020\/02\/logo120.png","contentUrl":"https:\/\/jornalfatosenoticias.com.br\/wp-content\/uploads\/2020\/02\/logo120.png","width":1227,"height":120,"caption":"Jornal Fatos e Not\u00edcias"},"image":{"@id":"https:\/\/jornalfatosenoticias.com.br\/#\/schema\/logo\/image\/"}},{"@type":"Person","@id":"https:\/\/jornalfatosenoticias.com.br\/#\/schema\/person\/d63837fa13ac8666eb9e74e0985d6f81","name":"Luzimara Fernandes","image":{"@type":"ImageObject","inLanguage":"pt-BR","@id":"https:\/\/jornalfatosenoticias.com.br\/#\/schema\/person\/image\/","url":"https:\/\/jornalfatosenoticias.com.br\/wp-content\/uploads\/2025\/05\/EU_portal.jpg","contentUrl":"https:\/\/jornalfatosenoticias.com.br\/wp-content\/uploads\/2025\/05\/EU_portal.jpg","caption":"Luzimara Fernandes"},"description":"Jornalista MTB 2358-ES","sameAs":["https:\/\/jornalfatosenoticias.com.br"],"url":"https:\/\/jornalfatosenoticias.com.br\/index.php\/author\/luzimara\/"}]}},"cc_featured_image_caption":{"caption_text":"(Foto: Reprodu\u00e7\u00e3o\/Twitter)","source_text":"","source_url":""},"jetpack_featured_media_url":"https:\/\/jornalfatosenoticias.com.br\/wp-content\/uploads\/2024\/02\/Bolsonaro-Avenida-Paulista-960x540-1.jpg","_links":{"self":[{"href":"https:\/\/jornalfatosenoticias.com.br\/index.php\/wp-json\/wp\/v2\/posts\/49293","targetHints":{"allow":["GET"]}}],"collection":[{"href":"https:\/\/jornalfatosenoticias.com.br\/index.php\/wp-json\/wp\/v2\/posts"}],"about":[{"href":"https:\/\/jornalfatosenoticias.com.br\/index.php\/wp-json\/wp\/v2\/types\/post"}],"author":[{"embeddable":true,"href":"https:\/\/jornalfatosenoticias.com.br\/index.php\/wp-json\/wp\/v2\/users\/2"}],"replies":[{"embeddable":true,"href":"https:\/\/jornalfatosenoticias.com.br\/index.php\/wp-json\/wp\/v2\/comments?post=49293"}],"version-history":[{"count":0,"href":"https:\/\/jornalfatosenoticias.com.br\/index.php\/wp-json\/wp\/v2\/posts\/49293\/revisions"}],"wp:featuredmedia":[{"embeddable":true,"href":"https:\/\/jornalfatosenoticias.com.br\/index.php\/wp-json\/wp\/v2\/media\/49295"}],"wp:attachment":[{"href":"https:\/\/jornalfatosenoticias.com.br\/index.php\/wp-json\/wp\/v2\/media?parent=49293"}],"wp:term":[{"taxonomy":"category","embeddable":true,"href":"https:\/\/jornalfatosenoticias.com.br\/index.php\/wp-json\/wp\/v2\/categories?post=49293"},{"taxonomy":"post_tag","embeddable":true,"href":"https:\/\/jornalfatosenoticias.com.br\/index.php\/wp-json\/wp\/v2\/tags?post=49293"}],"curies":[{"name":"wp","href":"https:\/\/api.w.org\/{rel}","templated":true}]}}