{"id":49297,"date":"2024-02-16T16:19:35","date_gmt":"2024-02-16T19:19:35","guid":{"rendered":"https:\/\/jornalfatosenoticias.com.br\/?p=49297"},"modified":"2024-02-16T16:19:35","modified_gmt":"2024-02-16T19:19:35","slug":"criado-por-bolsonaro-fgts-futuro-sera-regulamentado-por-lula-em-marco","status":"publish","type":"post","link":"https:\/\/jornalfatosenoticias.com.br\/index.php\/2024\/02\/16\/criado-por-bolsonaro-fgts-futuro-sera-regulamentado-por-lula-em-marco\/","title":{"rendered":"Criado por Bolsonaro, \u201cFGTS futuro\u201d ser\u00e1 regulamentado por Lula em mar\u00e7o"},"content":{"rendered":"\n<p><em><span class=\"has-inline-color has-black-color\">A medida ser\u00e1 direcionada aos benefici\u00e1rios do Minha Casa, Minha Vida, com foco em fam\u00edlias que t\u00eam renda mensal de at\u00e9 R$ 2.640<\/span><\/em><\/p>\n\n\n\n<p><span class=\"has-inline-color has-black-color\">Por<\/span> <strong><a href=\"https:\/\/www.gazetadopovo.com.br\/autor\/diogenes-freire-feitosa\/\">Di\u00f3genes Freire Feitosa<\/a><\/strong><\/p>\n\n\n\n<div class=\"wp-block-image\"><figure class=\"aligncenter size-large is-resized\"><img loading=\"lazy\" decoding=\"async\" src=\"https:\/\/jornalfatosenoticias.com.br\/wp-content\/uploads\/2023\/09\/vetorvix1024_1.jpg\" alt=\"\" class=\"wp-image-44868\" width=\"479\" height=\"127\" srcset=\"https:\/\/jornalfatosenoticias.com.br\/wp-content\/uploads\/2023\/09\/vetorvix1024_1.jpg 1024w, https:\/\/jornalfatosenoticias.com.br\/wp-content\/uploads\/2023\/09\/vetorvix1024_1-300x80.jpg 300w, https:\/\/jornalfatosenoticias.com.br\/wp-content\/uploads\/2023\/09\/vetorvix1024_1-768x205.jpg 768w\" sizes=\"auto, (max-width: 479px) 100vw, 479px\" \/><\/figure><\/div>\n\n\n\n<p>O governo Lula se prepara para regulamentar uma nova modalidade de uso do Fundo de Garantia do Tempo de Servi\u00e7o (FGTS) que foi criada no governo Bolsonaro. Chamado de \u201cFGTS futuro\u201d, o benef\u00edcio tem como objetivo permitir que trabalhadores com carteira assinada possam comprometer a contribui\u00e7\u00e3o que o empregador ainda vai depositar para complementar a renda na hora de comprovar capacidade de pagamento em um financiamento habitacional.<br>Proposta pelo Minist\u00e9rio do Desenvolvimento Regional do governo Bolsonaro, a modalidade foi aprovada pelo Conselho Curador do FGTS em outubro de 2022. A ideia foi mantida pelo governo Lula e a previs\u00e3o \u00e9 de que a nova modalidade seja regulamentada em mar\u00e7o de 2024.<\/p>\n\n\n\n<div class=\"wp-block-image\"><figure class=\"aligncenter size-large is-resized\"><img loading=\"lazy\" decoding=\"async\" src=\"https:\/\/jornalfatosenoticias.com.br\/wp-content\/uploads\/2023\/08\/ITH.jpeg\" alt=\"\" class=\"wp-image-44638\" width=\"316\" height=\"257\" srcset=\"https:\/\/jornalfatosenoticias.com.br\/wp-content\/uploads\/2023\/08\/ITH.jpeg 800w, https:\/\/jornalfatosenoticias.com.br\/wp-content\/uploads\/2023\/08\/ITH-300x244.jpeg 300w, https:\/\/jornalfatosenoticias.com.br\/wp-content\/uploads\/2023\/08\/ITH-768x624.jpeg 768w\" sizes=\"auto, (max-width: 316px) 100vw, 316px\" \/><\/figure><\/div>\n\n\n\n<p>A medida ser\u00e1 direcionada aos benefici\u00e1rios do Minha Casa, Minha Vida, com foco em fam\u00edlias que t\u00eam renda mensal de at\u00e9 R$ 2.640. Ap\u00f3s um per\u00edodo de teste, a ideia do Minist\u00e9rio das Cidades \u00e9 de ampliar a medida para todos os benefici\u00e1rios do Minha Casa, Minha Vida. O limite de renda para participantes do programa \u00e9 de R$ 8 mil mensais.<\/p>\n\n\n\n<div class=\"wp-block-image\"><figure class=\"aligncenter size-large is-resized\"><img loading=\"lazy\" decoding=\"async\" src=\"https:\/\/jornalfatosenoticias.com.br\/wp-content\/uploads\/2023\/08\/BKR-1024x1021.jpg\" alt=\"\" class=\"wp-image-44494\" width=\"306\" height=\"305\" srcset=\"https:\/\/jornalfatosenoticias.com.br\/wp-content\/uploads\/2023\/08\/BKR-1024x1021.jpg 1024w, https:\/\/jornalfatosenoticias.com.br\/wp-content\/uploads\/2023\/08\/BKR-300x300.jpg 300w, https:\/\/jornalfatosenoticias.com.br\/wp-content\/uploads\/2023\/08\/BKR-150x150.jpg 150w, https:\/\/jornalfatosenoticias.com.br\/wp-content\/uploads\/2023\/08\/BKR-768x766.jpg 768w, https:\/\/jornalfatosenoticias.com.br\/wp-content\/uploads\/2023\/08\/BKR.jpg 1080w\" sizes=\"auto, (max-width: 306px) 100vw, 306px\" \/><\/figure><\/div>\n\n\n\n<p>Atualmente, \u00e9 permitido o comprometimento de at\u00e9 25% da renda mensal com uma presta\u00e7\u00e3o habitacional. Com a nova medida, o trabalhador que quiser usar o \u201cFGTS futuro\u201d ter\u00e1 um implemento sobre o poder de comprar, o que significa a possibilidade de comprar um im\u00f3vel mais caro.<\/p>\n\n\n\n<div class=\"wp-block-image\"><figure class=\"aligncenter size-large is-resized\"><img loading=\"lazy\" decoding=\"async\" src=\"https:\/\/jornalfatosenoticias.com.br\/wp-content\/uploads\/2023\/03\/logo-Panper_portal.jpg\" alt=\"\" class=\"wp-image-40208\" width=\"322\" height=\"223\" srcset=\"https:\/\/jornalfatosenoticias.com.br\/wp-content\/uploads\/2023\/03\/logo-Panper_portal.jpg 400w, https:\/\/jornalfatosenoticias.com.br\/wp-content\/uploads\/2023\/03\/logo-Panper_portal-300x208.jpg 300w\" sizes=\"auto, (max-width: 322px) 100vw, 322px\" \/><\/figure><\/div>\n\n\n\n<p>Como exemplo, um trabalhador que ganha R$ 2 mil mensais tem, hoje, a possibilidade de comprometer at\u00e9 R$ 500 do seu sal\u00e1rio com uma presta\u00e7\u00e3o habitacional. Caso opte pelo \u201cFGTS futuro\u201d, o mesmo trabalhador ter\u00e1 um implemento de 8% na capacidade de compra, pois esse seria o percentual recolhido pelo empregador. <\/p>\n\n\n\n<div class=\"wp-block-image\"><figure class=\"aligncenter size-large is-resized\"><img loading=\"lazy\" decoding=\"async\" src=\"https:\/\/jornalfatosenoticias.com.br\/wp-content\/uploads\/2022\/02\/Precisao-Contabilidade-1024x724.jpg\" alt=\"\" class=\"wp-image-28088\" width=\"320\" height=\"226\"\/><\/figure><\/div>\n\n\n\n<p>Com o implemento, o trabalhador continuar\u00e1 pagando os mesmos R$ 500 e a Caixa Econ\u00f4mica acrescentar\u00e1 os R$ 160 correspondentes ao FGTS. Assim, a parcela ficar\u00e1 com o valor final de R$ 660.<br>Caso o trabalhador seja demitido, ele ter\u00e1 de arcar com o valor cheio da presta\u00e7\u00e3o e caso fique inadimplente, o im\u00f3vel poder\u00e1 ser retomado pela Caixa Econ\u00f4mica.<\/p>\n\n\n\n<div class=\"wp-block-image\"><figure class=\"aligncenter size-large is-resized\"><img loading=\"lazy\" decoding=\"async\" src=\"https:\/\/jornalfatosenoticias.com.br\/wp-content\/uploads\/2023\/12\/pegoretti-logo-pdf-1024x389.jpg\" alt=\"\" class=\"wp-image-47536\" width=\"406\" height=\"154\" srcset=\"https:\/\/jornalfatosenoticias.com.br\/wp-content\/uploads\/2023\/12\/pegoretti-logo-pdf-1024x389.jpg 1024w, https:\/\/jornalfatosenoticias.com.br\/wp-content\/uploads\/2023\/12\/pegoretti-logo-pdf-300x114.jpg 300w, https:\/\/jornalfatosenoticias.com.br\/wp-content\/uploads\/2023\/12\/pegoretti-logo-pdf-768x291.jpg 768w, https:\/\/jornalfatosenoticias.com.br\/wp-content\/uploads\/2023\/12\/pegoretti-logo-pdf.jpg 1120w\" sizes=\"auto, (max-width: 406px) 100vw, 406px\" \/><\/figure><\/div>\n\n\n\n<p><strong><em>Fonte: <a href=\"https:\/\/www.gazetadopovo.com.br\/economia\/criado-por-bolsonaro-fgts-futuro-sera-regulamentado-por-lula-em-marco\/\">Gazeta do Povo<\/a><\/em><\/strong><\/p>\n","protected":false},"excerpt":{"rendered":"<p>A medida ser\u00e1 direcionada aos benefici\u00e1rios do Minha Casa, Minha Vida, com foco em fam\u00edlias que t\u00eam renda mensal de at\u00e9 R$ 2.640 Por Di\u00f3genes Freire Feitosa O governo Lula se prepara para regulamentar uma nova modalidade de uso do Fundo de Garantia do Tempo de Servi\u00e7o (FGTS) que foi criada no governo Bolsonaro. Chamado [&hellip;]<\/p>\n","protected":false},"author":2,"featured_media":49298,"comment_status":"open","ping_status":"open","sticky":false,"template":"","format":"standard","meta":{"footnotes":""},"categories":[9],"tags":[22834,239,1470,1502],"class_list":["post-49297","post","type-post","status-publish","format-standard","has-post-thumbnail","hentry","category-economia","tag-fgts-futuro","tag-bolsonaro","tag-caixa-economica-federal","tag-paulo-guedes"],"yoast_head":"<!-- This site is optimized with the Yoast SEO plugin v26.5 - https:\/\/yoast.com\/wordpress\/plugins\/seo\/ -->\n<title>Criado por Bolsonaro, \u201cFGTS futuro\u201d ser\u00e1 regulamentado por Lula em mar\u00e7o - Jornal Fatos e Not\u00edcias<\/title>\n<meta name=\"robots\" content=\"index, follow, max-snippet:-1, max-image-preview:large, max-video-preview:-1\" \/>\n<link rel=\"canonical\" href=\"https:\/\/jornalfatosenoticias.com.br\/index.php\/2024\/02\/16\/criado-por-bolsonaro-fgts-futuro-sera-regulamentado-por-lula-em-marco\/\" \/>\n<meta property=\"og:locale\" content=\"pt_BR\" \/>\n<meta property=\"og:type\" content=\"article\" \/>\n<meta property=\"og:title\" content=\"Criado por Bolsonaro, \u201cFGTS futuro\u201d ser\u00e1 regulamentado por Lula em mar\u00e7o - Jornal Fatos e Not\u00edcias\" \/>\n<meta property=\"og:description\" content=\"A medida ser\u00e1 direcionada aos benefici\u00e1rios do Minha Casa, Minha Vida, com foco em fam\u00edlias que t\u00eam renda mensal de at\u00e9 R$ 2.640 Por Di\u00f3genes Freire Feitosa O governo Lula se prepara para regulamentar uma nova modalidade de uso do Fundo de Garantia do Tempo de Servi\u00e7o (FGTS) que foi criada no governo Bolsonaro. Chamado [&hellip;]\" \/>\n<meta property=\"og:url\" content=\"https:\/\/jornalfatosenoticias.com.br\/index.php\/2024\/02\/16\/criado-por-bolsonaro-fgts-futuro-sera-regulamentado-por-lula-em-marco\/\" \/>\n<meta property=\"og:site_name\" content=\"Jornal Fatos e Not\u00edcias\" \/>\n<meta property=\"article:published_time\" content=\"2024-02-16T19:19:35+00:00\" \/>\n<meta property=\"og:image\" content=\"https:\/\/jornalfatosenoticias.com.br\/wp-content\/uploads\/2024\/02\/fgts-futuro.jpg\" \/>\n\t<meta property=\"og:image:width\" content=\"960\" \/>\n\t<meta property=\"og:image:height\" content=\"540\" \/>\n\t<meta property=\"og:image:type\" content=\"image\/jpeg\" \/>\n<meta name=\"author\" content=\"Luzimara Fernandes\" \/>\n<meta name=\"twitter:card\" content=\"summary_large_image\" \/>\n<meta name=\"twitter:label1\" content=\"Escrito por\" \/>\n\t<meta name=\"twitter:data1\" content=\"Luzimara Fernandes\" \/>\n\t<meta name=\"twitter:label2\" content=\"Est. tempo de leitura\" \/>\n\t<meta name=\"twitter:data2\" content=\"2 minutos\" \/>\n<script type=\"application\/ld+json\" class=\"yoast-schema-graph\">{\"@context\":\"https:\/\/schema.org\",\"@graph\":[{\"@type\":\"Article\",\"@id\":\"https:\/\/jornalfatosenoticias.com.br\/index.php\/2024\/02\/16\/criado-por-bolsonaro-fgts-futuro-sera-regulamentado-por-lula-em-marco\/#article\",\"isPartOf\":{\"@id\":\"https:\/\/jornalfatosenoticias.com.br\/index.php\/2024\/02\/16\/criado-por-bolsonaro-fgts-futuro-sera-regulamentado-por-lula-em-marco\/\"},\"author\":{\"name\":\"Luzimara Fernandes\",\"@id\":\"https:\/\/jornalfatosenoticias.com.br\/#\/schema\/person\/d63837fa13ac8666eb9e74e0985d6f81\"},\"headline\":\"Criado por Bolsonaro, \u201cFGTS futuro\u201d ser\u00e1 regulamentado por Lula em mar\u00e7o\",\"datePublished\":\"2024-02-16T19:19:35+00:00\",\"mainEntityOfPage\":{\"@id\":\"https:\/\/jornalfatosenoticias.com.br\/index.php\/2024\/02\/16\/criado-por-bolsonaro-fgts-futuro-sera-regulamentado-por-lula-em-marco\/\"},\"wordCount\":382,\"commentCount\":0,\"publisher\":{\"@id\":\"https:\/\/jornalfatosenoticias.com.br\/#organization\"},\"image\":{\"@id\":\"https:\/\/jornalfatosenoticias.com.br\/index.php\/2024\/02\/16\/criado-por-bolsonaro-fgts-futuro-sera-regulamentado-por-lula-em-marco\/#primaryimage\"},\"thumbnailUrl\":\"https:\/\/jornalfatosenoticias.com.br\/wp-content\/uploads\/2024\/02\/fgts-futuro.jpg\",\"keywords\":[\"\u201cFGTS futuro\u201d\",\"Bolsonaro\",\"Caixa Econ\u00f4mica Federal\",\"Paulo Guedes\"],\"articleSection\":[\"Economia\"],\"inLanguage\":\"pt-BR\",\"potentialAction\":[{\"@type\":\"CommentAction\",\"name\":\"Comment\",\"target\":[\"https:\/\/jornalfatosenoticias.com.br\/index.php\/2024\/02\/16\/criado-por-bolsonaro-fgts-futuro-sera-regulamentado-por-lula-em-marco\/#respond\"]}]},{\"@type\":\"WebPage\",\"@id\":\"https:\/\/jornalfatosenoticias.com.br\/index.php\/2024\/02\/16\/criado-por-bolsonaro-fgts-futuro-sera-regulamentado-por-lula-em-marco\/\",\"url\":\"https:\/\/jornalfatosenoticias.com.br\/index.php\/2024\/02\/16\/criado-por-bolsonaro-fgts-futuro-sera-regulamentado-por-lula-em-marco\/\",\"name\":\"Criado por Bolsonaro, \u201cFGTS futuro\u201d ser\u00e1 regulamentado por Lula em mar\u00e7o - Jornal Fatos e Not\u00edcias\",\"isPartOf\":{\"@id\":\"https:\/\/jornalfatosenoticias.com.br\/#website\"},\"primaryImageOfPage\":{\"@id\":\"https:\/\/jornalfatosenoticias.com.br\/index.php\/2024\/02\/16\/criado-por-bolsonaro-fgts-futuro-sera-regulamentado-por-lula-em-marco\/#primaryimage\"},\"image\":{\"@id\":\"https:\/\/jornalfatosenoticias.com.br\/index.php\/2024\/02\/16\/criado-por-bolsonaro-fgts-futuro-sera-regulamentado-por-lula-em-marco\/#primaryimage\"},\"thumbnailUrl\":\"https:\/\/jornalfatosenoticias.com.br\/wp-content\/uploads\/2024\/02\/fgts-futuro.jpg\",\"datePublished\":\"2024-02-16T19:19:35+00:00\",\"breadcrumb\":{\"@id\":\"https:\/\/jornalfatosenoticias.com.br\/index.php\/2024\/02\/16\/criado-por-bolsonaro-fgts-futuro-sera-regulamentado-por-lula-em-marco\/#breadcrumb\"},\"inLanguage\":\"pt-BR\",\"potentialAction\":[{\"@type\":\"ReadAction\",\"target\":[\"https:\/\/jornalfatosenoticias.com.br\/index.php\/2024\/02\/16\/criado-por-bolsonaro-fgts-futuro-sera-regulamentado-por-lula-em-marco\/\"]}]},{\"@type\":\"ImageObject\",\"inLanguage\":\"pt-BR\",\"@id\":\"https:\/\/jornalfatosenoticias.com.br\/index.php\/2024\/02\/16\/criado-por-bolsonaro-fgts-futuro-sera-regulamentado-por-lula-em-marco\/#primaryimage\",\"url\":\"https:\/\/jornalfatosenoticias.com.br\/wp-content\/uploads\/2024\/02\/fgts-futuro.jpg\",\"contentUrl\":\"https:\/\/jornalfatosenoticias.com.br\/wp-content\/uploads\/2024\/02\/fgts-futuro.jpg\",\"width\":960,\"height\":540},{\"@type\":\"BreadcrumbList\",\"@id\":\"https:\/\/jornalfatosenoticias.com.br\/index.php\/2024\/02\/16\/criado-por-bolsonaro-fgts-futuro-sera-regulamentado-por-lula-em-marco\/#breadcrumb\",\"itemListElement\":[{\"@type\":\"ListItem\",\"position\":1,\"name\":\"In\u00edcio\",\"item\":\"https:\/\/jornalfatosenoticias.com.br\/\"},{\"@type\":\"ListItem\",\"position\":2,\"name\":\"Criado por Bolsonaro, \u201cFGTS futuro\u201d ser\u00e1 regulamentado por Lula em mar\u00e7o\"}]},{\"@type\":\"WebSite\",\"@id\":\"https:\/\/jornalfatosenoticias.com.br\/#website\",\"url\":\"https:\/\/jornalfatosenoticias.com.br\/\",\"name\":\"Jornal Fatos e Not\u00edcias\",\"description\":\"Not\u00edcias em geral\",\"publisher\":{\"@id\":\"https:\/\/jornalfatosenoticias.com.br\/#organization\"},\"potentialAction\":[{\"@type\":\"SearchAction\",\"target\":{\"@type\":\"EntryPoint\",\"urlTemplate\":\"https:\/\/jornalfatosenoticias.com.br\/?s={search_term_string}\"},\"query-input\":{\"@type\":\"PropertyValueSpecification\",\"valueRequired\":true,\"valueName\":\"search_term_string\"}}],\"inLanguage\":\"pt-BR\"},{\"@type\":\"Organization\",\"@id\":\"https:\/\/jornalfatosenoticias.com.br\/#organization\",\"name\":\"Jornal Fatos e Not\u00edcias\",\"url\":\"https:\/\/jornalfatosenoticias.com.br\/\",\"logo\":{\"@type\":\"ImageObject\",\"inLanguage\":\"pt-BR\",\"@id\":\"https:\/\/jornalfatosenoticias.com.br\/#\/schema\/logo\/image\/\",\"url\":\"https:\/\/jornalfatosenoticias.com.br\/wp-content\/uploads\/2020\/02\/logo120.png\",\"contentUrl\":\"https:\/\/jornalfatosenoticias.com.br\/wp-content\/uploads\/2020\/02\/logo120.png\",\"width\":1227,\"height\":120,\"caption\":\"Jornal Fatos e Not\u00edcias\"},\"image\":{\"@id\":\"https:\/\/jornalfatosenoticias.com.br\/#\/schema\/logo\/image\/\"}},{\"@type\":\"Person\",\"@id\":\"https:\/\/jornalfatosenoticias.com.br\/#\/schema\/person\/d63837fa13ac8666eb9e74e0985d6f81\",\"name\":\"Luzimara Fernandes\",\"image\":{\"@type\":\"ImageObject\",\"inLanguage\":\"pt-BR\",\"@id\":\"https:\/\/jornalfatosenoticias.com.br\/#\/schema\/person\/image\/\",\"url\":\"https:\/\/jornalfatosenoticias.com.br\/wp-content\/uploads\/2025\/05\/EU_portal.jpg\",\"contentUrl\":\"https:\/\/jornalfatosenoticias.com.br\/wp-content\/uploads\/2025\/05\/EU_portal.jpg\",\"caption\":\"Luzimara Fernandes\"},\"description\":\"Jornalista MTB 2358-ES\",\"sameAs\":[\"https:\/\/jornalfatosenoticias.com.br\"],\"url\":\"https:\/\/jornalfatosenoticias.com.br\/index.php\/author\/luzimara\/\"}]}<\/script>\n<!-- \/ Yoast SEO plugin. -->","yoast_head_json":{"title":"Criado por Bolsonaro, \u201cFGTS futuro\u201d ser\u00e1 regulamentado por Lula em mar\u00e7o - Jornal Fatos e Not\u00edcias","robots":{"index":"index","follow":"follow","max-snippet":"max-snippet:-1","max-image-preview":"max-image-preview:large","max-video-preview":"max-video-preview:-1"},"canonical":"https:\/\/jornalfatosenoticias.com.br\/index.php\/2024\/02\/16\/criado-por-bolsonaro-fgts-futuro-sera-regulamentado-por-lula-em-marco\/","og_locale":"pt_BR","og_type":"article","og_title":"Criado por Bolsonaro, \u201cFGTS futuro\u201d ser\u00e1 regulamentado por Lula em mar\u00e7o - Jornal Fatos e Not\u00edcias","og_description":"A medida ser\u00e1 direcionada aos benefici\u00e1rios do Minha Casa, Minha Vida, com foco em fam\u00edlias que t\u00eam renda mensal de at\u00e9 R$ 2.640 Por Di\u00f3genes Freire Feitosa O governo Lula se prepara para regulamentar uma nova modalidade de uso do Fundo de Garantia do Tempo de Servi\u00e7o (FGTS) que foi criada no governo Bolsonaro. Chamado [&hellip;]","og_url":"https:\/\/jornalfatosenoticias.com.br\/index.php\/2024\/02\/16\/criado-por-bolsonaro-fgts-futuro-sera-regulamentado-por-lula-em-marco\/","og_site_name":"Jornal Fatos e Not\u00edcias","article_published_time":"2024-02-16T19:19:35+00:00","og_image":[{"width":960,"height":540,"url":"https:\/\/jornalfatosenoticias.com.br\/wp-content\/uploads\/2024\/02\/fgts-futuro.jpg","type":"image\/jpeg"}],"author":"Luzimara Fernandes","twitter_card":"summary_large_image","twitter_misc":{"Escrito por":"Luzimara Fernandes","Est. tempo de leitura":"2 minutos"},"schema":{"@context":"https:\/\/schema.org","@graph":[{"@type":"Article","@id":"https:\/\/jornalfatosenoticias.com.br\/index.php\/2024\/02\/16\/criado-por-bolsonaro-fgts-futuro-sera-regulamentado-por-lula-em-marco\/#article","isPartOf":{"@id":"https:\/\/jornalfatosenoticias.com.br\/index.php\/2024\/02\/16\/criado-por-bolsonaro-fgts-futuro-sera-regulamentado-por-lula-em-marco\/"},"author":{"name":"Luzimara Fernandes","@id":"https:\/\/jornalfatosenoticias.com.br\/#\/schema\/person\/d63837fa13ac8666eb9e74e0985d6f81"},"headline":"Criado por Bolsonaro, \u201cFGTS futuro\u201d ser\u00e1 regulamentado por Lula em mar\u00e7o","datePublished":"2024-02-16T19:19:35+00:00","mainEntityOfPage":{"@id":"https:\/\/jornalfatosenoticias.com.br\/index.php\/2024\/02\/16\/criado-por-bolsonaro-fgts-futuro-sera-regulamentado-por-lula-em-marco\/"},"wordCount":382,"commentCount":0,"publisher":{"@id":"https:\/\/jornalfatosenoticias.com.br\/#organization"},"image":{"@id":"https:\/\/jornalfatosenoticias.com.br\/index.php\/2024\/02\/16\/criado-por-bolsonaro-fgts-futuro-sera-regulamentado-por-lula-em-marco\/#primaryimage"},"thumbnailUrl":"https:\/\/jornalfatosenoticias.com.br\/wp-content\/uploads\/2024\/02\/fgts-futuro.jpg","keywords":["\u201cFGTS futuro\u201d","Bolsonaro","Caixa Econ\u00f4mica Federal","Paulo Guedes"],"articleSection":["Economia"],"inLanguage":"pt-BR","potentialAction":[{"@type":"CommentAction","name":"Comment","target":["https:\/\/jornalfatosenoticias.com.br\/index.php\/2024\/02\/16\/criado-por-bolsonaro-fgts-futuro-sera-regulamentado-por-lula-em-marco\/#respond"]}]},{"@type":"WebPage","@id":"https:\/\/jornalfatosenoticias.com.br\/index.php\/2024\/02\/16\/criado-por-bolsonaro-fgts-futuro-sera-regulamentado-por-lula-em-marco\/","url":"https:\/\/jornalfatosenoticias.com.br\/index.php\/2024\/02\/16\/criado-por-bolsonaro-fgts-futuro-sera-regulamentado-por-lula-em-marco\/","name":"Criado por Bolsonaro, \u201cFGTS futuro\u201d ser\u00e1 regulamentado por Lula em mar\u00e7o - Jornal Fatos e Not\u00edcias","isPartOf":{"@id":"https:\/\/jornalfatosenoticias.com.br\/#website"},"primaryImageOfPage":{"@id":"https:\/\/jornalfatosenoticias.com.br\/index.php\/2024\/02\/16\/criado-por-bolsonaro-fgts-futuro-sera-regulamentado-por-lula-em-marco\/#primaryimage"},"image":{"@id":"https:\/\/jornalfatosenoticias.com.br\/index.php\/2024\/02\/16\/criado-por-bolsonaro-fgts-futuro-sera-regulamentado-por-lula-em-marco\/#primaryimage"},"thumbnailUrl":"https:\/\/jornalfatosenoticias.com.br\/wp-content\/uploads\/2024\/02\/fgts-futuro.jpg","datePublished":"2024-02-16T19:19:35+00:00","breadcrumb":{"@id":"https:\/\/jornalfatosenoticias.com.br\/index.php\/2024\/02\/16\/criado-por-bolsonaro-fgts-futuro-sera-regulamentado-por-lula-em-marco\/#breadcrumb"},"inLanguage":"pt-BR","potentialAction":[{"@type":"ReadAction","target":["https:\/\/jornalfatosenoticias.com.br\/index.php\/2024\/02\/16\/criado-por-bolsonaro-fgts-futuro-sera-regulamentado-por-lula-em-marco\/"]}]},{"@type":"ImageObject","inLanguage":"pt-BR","@id":"https:\/\/jornalfatosenoticias.com.br\/index.php\/2024\/02\/16\/criado-por-bolsonaro-fgts-futuro-sera-regulamentado-por-lula-em-marco\/#primaryimage","url":"https:\/\/jornalfatosenoticias.com.br\/wp-content\/uploads\/2024\/02\/fgts-futuro.jpg","contentUrl":"https:\/\/jornalfatosenoticias.com.br\/wp-content\/uploads\/2024\/02\/fgts-futuro.jpg","width":960,"height":540},{"@type":"BreadcrumbList","@id":"https:\/\/jornalfatosenoticias.com.br\/index.php\/2024\/02\/16\/criado-por-bolsonaro-fgts-futuro-sera-regulamentado-por-lula-em-marco\/#breadcrumb","itemListElement":[{"@type":"ListItem","position":1,"name":"In\u00edcio","item":"https:\/\/jornalfatosenoticias.com.br\/"},{"@type":"ListItem","position":2,"name":"Criado por Bolsonaro, \u201cFGTS futuro\u201d ser\u00e1 regulamentado por Lula em mar\u00e7o"}]},{"@type":"WebSite","@id":"https:\/\/jornalfatosenoticias.com.br\/#website","url":"https:\/\/jornalfatosenoticias.com.br\/","name":"Jornal Fatos e Not\u00edcias","description":"Not\u00edcias em geral","publisher":{"@id":"https:\/\/jornalfatosenoticias.com.br\/#organization"},"potentialAction":[{"@type":"SearchAction","target":{"@type":"EntryPoint","urlTemplate":"https:\/\/jornalfatosenoticias.com.br\/?s={search_term_string}"},"query-input":{"@type":"PropertyValueSpecification","valueRequired":true,"valueName":"search_term_string"}}],"inLanguage":"pt-BR"},{"@type":"Organization","@id":"https:\/\/jornalfatosenoticias.com.br\/#organization","name":"Jornal Fatos e Not\u00edcias","url":"https:\/\/jornalfatosenoticias.com.br\/","logo":{"@type":"ImageObject","inLanguage":"pt-BR","@id":"https:\/\/jornalfatosenoticias.com.br\/#\/schema\/logo\/image\/","url":"https:\/\/jornalfatosenoticias.com.br\/wp-content\/uploads\/2020\/02\/logo120.png","contentUrl":"https:\/\/jornalfatosenoticias.com.br\/wp-content\/uploads\/2020\/02\/logo120.png","width":1227,"height":120,"caption":"Jornal Fatos e Not\u00edcias"},"image":{"@id":"https:\/\/jornalfatosenoticias.com.br\/#\/schema\/logo\/image\/"}},{"@type":"Person","@id":"https:\/\/jornalfatosenoticias.com.br\/#\/schema\/person\/d63837fa13ac8666eb9e74e0985d6f81","name":"Luzimara Fernandes","image":{"@type":"ImageObject","inLanguage":"pt-BR","@id":"https:\/\/jornalfatosenoticias.com.br\/#\/schema\/person\/image\/","url":"https:\/\/jornalfatosenoticias.com.br\/wp-content\/uploads\/2025\/05\/EU_portal.jpg","contentUrl":"https:\/\/jornalfatosenoticias.com.br\/wp-content\/uploads\/2025\/05\/EU_portal.jpg","caption":"Luzimara Fernandes"},"description":"Jornalista MTB 2358-ES","sameAs":["https:\/\/jornalfatosenoticias.com.br"],"url":"https:\/\/jornalfatosenoticias.com.br\/index.php\/author\/luzimara\/"}]}},"cc_featured_image_caption":{"caption_text":"(Foto: Marcelo Camargo\/Ag\u00eancia Brasil)","source_text":"","source_url":""},"jetpack_featured_media_url":"https:\/\/jornalfatosenoticias.com.br\/wp-content\/uploads\/2024\/02\/fgts-futuro.jpg","_links":{"self":[{"href":"https:\/\/jornalfatosenoticias.com.br\/index.php\/wp-json\/wp\/v2\/posts\/49297","targetHints":{"allow":["GET"]}}],"collection":[{"href":"https:\/\/jornalfatosenoticias.com.br\/index.php\/wp-json\/wp\/v2\/posts"}],"about":[{"href":"https:\/\/jornalfatosenoticias.com.br\/index.php\/wp-json\/wp\/v2\/types\/post"}],"author":[{"embeddable":true,"href":"https:\/\/jornalfatosenoticias.com.br\/index.php\/wp-json\/wp\/v2\/users\/2"}],"replies":[{"embeddable":true,"href":"https:\/\/jornalfatosenoticias.com.br\/index.php\/wp-json\/wp\/v2\/comments?post=49297"}],"version-history":[{"count":0,"href":"https:\/\/jornalfatosenoticias.com.br\/index.php\/wp-json\/wp\/v2\/posts\/49297\/revisions"}],"wp:featuredmedia":[{"embeddable":true,"href":"https:\/\/jornalfatosenoticias.com.br\/index.php\/wp-json\/wp\/v2\/media\/49298"}],"wp:attachment":[{"href":"https:\/\/jornalfatosenoticias.com.br\/index.php\/wp-json\/wp\/v2\/media?parent=49297"}],"wp:term":[{"taxonomy":"category","embeddable":true,"href":"https:\/\/jornalfatosenoticias.com.br\/index.php\/wp-json\/wp\/v2\/categories?post=49297"},{"taxonomy":"post_tag","embeddable":true,"href":"https:\/\/jornalfatosenoticias.com.br\/index.php\/wp-json\/wp\/v2\/tags?post=49297"}],"curies":[{"name":"wp","href":"https:\/\/api.w.org\/{rel}","templated":true}]}}