{"id":49340,"date":"2024-02-19T17:08:10","date_gmt":"2024-02-19T20:08:10","guid":{"rendered":"https:\/\/jornalfatosenoticias.com.br\/?p=49340"},"modified":"2024-02-19T17:08:10","modified_gmt":"2024-02-19T20:08:10","slug":"violencia-e-inseguranca-limitam-o-crescimento-da-economia-brasileira","status":"publish","type":"post","link":"https:\/\/jornalfatosenoticias.com.br\/index.php\/2024\/02\/19\/violencia-e-inseguranca-limitam-o-crescimento-da-economia-brasileira\/","title":{"rendered":"Viol\u00eancia e inseguran\u00e7a limitam o crescimento da economia brasileira"},"content":{"rendered":"\n<p><em><span class=\"has-inline-color has-black-color\">N\u00famero de homic\u00eddios intencionais no Brasil \u00e9 dez vezes superior \u00e0 m\u00e9dia mundial<\/span><\/em><\/p>\n\n\n\n<p><span class=\"has-inline-color has-black-color\">Por <strong><a href=\"https:\/\/www.gazetadopovo.com.br\/autor\/vandre-kramer\/\">Vandr\u00e9 Kramer<\/a><\/strong><\/span><\/p>\n\n\n\n<div class=\"wp-block-image\"><figure class=\"aligncenter size-large\"><img loading=\"lazy\" decoding=\"async\" width=\"729\" height=\"90\" src=\"https:\/\/jornalfatosenoticias.com.br\/wp-content\/uploads\/2020\/02\/Logo_Mizu.png\" alt=\"\" class=\"wp-image-1441\" srcset=\"https:\/\/jornalfatosenoticias.com.br\/wp-content\/uploads\/2020\/02\/Logo_Mizu.png 729w, https:\/\/jornalfatosenoticias.com.br\/wp-content\/uploads\/2020\/02\/Logo_Mizu-300x37.png 300w\" sizes=\"auto, (max-width: 729px) 100vw, 729px\" \/><\/figure><\/div>\n\n\n\n<p>A inseguran\u00e7a e a viol\u00eancia custam caro para a economia brasileira. Um estudo realizado por economistas do Fundo Monet\u00e1rio Internacional (FMI) mostra que a economia brasileira poderia crescer 0,6 ponto percentual a mais se a criminalidade recuasse para a m\u00e9dia mundial. Para este ano, a proje\u00e7\u00e3o do Fundo \u00e9 de uma expans\u00e3o de 1,7% do PIB brasileiro.<\/p>\n\n\n\n<blockquote class=\"wp-block-quote is-layout-flow wp-block-quote-is-layout-flow\"><p><span class=\"has-inline-color has-luminous-vivid-orange-color\">A viol\u00eancia \u00e9 um problema s\u00e9rio que afeta uma s\u00e9rie de decis\u00f5es que t\u00eam impacto no dia a dia das pessoas: onde morar, onde investir\u201d, ressalta a coordenadora do Centro de Ci\u00eancia Aplicada \u00e0 Seguran\u00e7a P\u00fablica da Funda\u00e7\u00e3o Get\u00falio Vargas (FGV), Joana Monteiro.<\/span><\/p><\/blockquote>\n\n\n\n<div class=\"wp-block-image\"><figure class=\"aligncenter size-large\"><img decoding=\"async\" src=\"https:\/\/jornalfatosenoticias.com.br\/wp-content\/uploads\/2020\/02\/barao-das-carnes-300x164-1.jpg\" alt=\"\" class=\"wp-image-34339\"\/><\/figure><\/div>\n\n\n\n<p>Ela aponta que um dos piores impactos vem do crime organizado. No Rio de Janeiro, por exemplo, ele est\u00e1 envolvido com distribui\u00e7\u00e3o de g\u00e1s, constru\u00e7\u00e3o civil e com\u00e9rcio de bebidas. \u201cIsso impede a concorr\u00eancia\u201d, diz Monteiro. H\u00e1 tamb\u00e9m amea\u00e7as a empresas, das quais s\u00e3o cobradas taxas de prote\u00e7\u00e3o.<br>O Escrit\u00f3rio das Na\u00e7\u00f5es Unidas para Drogas e Crime (UNODC, na sigla em ingl\u00eas) aponta que em 2021 o Brasil registrou 21,26 homic\u00eddios por grupo de 100 mil habitantes. \u00c9 quase dez vezes o \u00edndice mundial, de 2,24 homic\u00eddios a cada 100 mil.<\/p>\n\n\n\n<div class=\"wp-block-image\"><figure class=\"aligncenter size-large is-resized\"><img loading=\"lazy\" decoding=\"async\" src=\"https:\/\/jornalfatosenoticias.com.br\/wp-content\/uploads\/2022\/02\/Precisao-Contabilidade-1024x724.jpg\" alt=\"\" class=\"wp-image-28088\" width=\"360\" height=\"254\"\/><\/figure><\/div>\n\n\n\n<p>Na Am\u00e9rica Latina e Caribe, o n\u00famero brasileiro s\u00f3 foi inferior ao das Bahamas. Belize, Col\u00f4mbia, Honduras, Jamaica, M\u00e9xico, S\u00e3o Crist\u00f3v\u00e3o e N\u00e9vis, Santa L\u00facia, S\u00e3o Vicente e Granadinas e Trinidad e Tobago.<br>Segundo os economistas do FMI, a criminalidade e a viol\u00eancia s\u00e3o problemas graves na Am\u00e9rica Latina e no Caribe. Os \u00edndices de criminalidade, medidos pelos homic\u00eddios intencionais notificados, s\u00e3o historicamente altos e pioraram recentemente em muitos pa\u00edses da regi\u00e3o.<\/p>\n\n\n\n<div class=\"wp-block-image\"><figure class=\"aligncenter size-large is-resized\"><img loading=\"lazy\" decoding=\"async\" src=\"https:\/\/jornalfatosenoticias.com.br\/wp-content\/uploads\/2023\/03\/nova-logo-Marquetti.jpg\" alt=\"\" class=\"wp-image-40207\" width=\"332\" height=\"223\" srcset=\"https:\/\/jornalfatosenoticias.com.br\/wp-content\/uploads\/2023\/03\/nova-logo-Marquetti.jpg 643w, https:\/\/jornalfatosenoticias.com.br\/wp-content\/uploads\/2023\/03\/nova-logo-Marquetti-300x202.jpg 300w\" sizes=\"auto, (max-width: 332px) 100vw, 332px\" \/><\/figure><\/div>\n\n\n\n<p>A Am\u00e9rica Latina e o Caribe tiveram aumentos anuais das taxas de homic\u00eddios de cerca de 4% nas \u00faltimas duas d\u00e9cadas. Quase metade das v\u00edtimas de homic\u00eddio intencional no mundo s\u00e3o da regi\u00e3o, apesar de ela representar apenas 8% da popula\u00e7\u00e3o mundial, de acordo com dados das Na\u00e7\u00f5es Unidas.<\/p>\n\n\n\n<div class=\"wp-block-image\"><figure class=\"aligncenter size-large is-resized\"><img loading=\"lazy\" decoding=\"async\" src=\"https:\/\/jornalfatosenoticias.com.br\/wp-content\/uploads\/2023\/12\/pegoretti-logo-pdf-1024x389.jpg\" alt=\"\" class=\"wp-image-47536\" width=\"472\" height=\"179\" srcset=\"https:\/\/jornalfatosenoticias.com.br\/wp-content\/uploads\/2023\/12\/pegoretti-logo-pdf-1024x389.jpg 1024w, https:\/\/jornalfatosenoticias.com.br\/wp-content\/uploads\/2023\/12\/pegoretti-logo-pdf-300x114.jpg 300w, https:\/\/jornalfatosenoticias.com.br\/wp-content\/uploads\/2023\/12\/pegoretti-logo-pdf-768x291.jpg 768w, https:\/\/jornalfatosenoticias.com.br\/wp-content\/uploads\/2023\/12\/pegoretti-logo-pdf.jpg 1120w\" sizes=\"auto, (max-width: 472px) 100vw, 472px\" \/><\/figure><\/div>\n\n\n\n<p><strong><span class=\"has-inline-color has-black-color\">Os impactos da viol\u00eancia sobre a economia<br><\/span><\/strong>O levantamento feito pelos economistas do FMI aponta que a criminalidade acarreta custos macroecon\u00f4micos consider\u00e1veis. Os resultados da pesquisa sugerem que um aumento de 1% nas taxas de homic\u00eddio reduz o crescimento do PIB em 0,3 ponto percentual.<\/p>\n\n\n\n<div class=\"wp-block-image\"><figure class=\"aligncenter size-large\"><img loading=\"lazy\" decoding=\"async\" width=\"300\" height=\"250\" src=\"https:\/\/jornalfatosenoticias.com.br\/wp-content\/uploads\/2022\/02\/FERRARI_MAQUINAS-E-FERRAMENTAS2.jpg\" alt=\"\" class=\"wp-image-27860\"\/><\/figure><\/div>\n\n\n\n<blockquote class=\"wp-block-quote is-layout-flow wp-block-quote-is-layout-flow\"><p><span class=\"has-inline-color has-luminous-vivid-orange-color\">Isso ocorre por meio da queda na acumula\u00e7\u00e3o de capital e da redu\u00e7\u00e3o no crescimento da produtividade\u201d, destaca o estudo, assinado por Rodrigo Vald\u00e9s, diretor do FMI para o Hemisf\u00e9rio Ocidental, e Rafael Machado Parente.<\/span><\/p><\/blockquote>\n\n\n\n<div class=\"wp-block-image\"><figure class=\"aligncenter size-large is-resized\"><img loading=\"lazy\" decoding=\"async\" src=\"https:\/\/jornalfatosenoticias.com.br\/wp-content\/uploads\/2020\/02\/CONTROL-CS.jpg\" alt=\"\" class=\"wp-image-44991\" width=\"317\" height=\"380\" srcset=\"https:\/\/jornalfatosenoticias.com.br\/wp-content\/uploads\/2020\/02\/CONTROL-CS.jpg 834w, https:\/\/jornalfatosenoticias.com.br\/wp-content\/uploads\/2020\/02\/CONTROL-CS-250x300.jpg 250w, https:\/\/jornalfatosenoticias.com.br\/wp-content\/uploads\/2020\/02\/CONTROL-CS-768x921.jpg 768w\" sizes=\"auto, (max-width: 317px) 100vw, 317px\" \/><\/figure><\/div>\n\n\n\n<p>Vald\u00e9s e Parente apontam que a criminalidade dificulta a acumula\u00e7\u00e3o de capital, possivelmente por dissuadir os investidores, que temem roubos e viol\u00eancia. E prejudica a produtividade, pois tende a desviar recursos para investimentos menos produtivos, como em seguran\u00e7a residencial.<\/p>\n\n\n\n<div class=\"wp-block-image\"><figure class=\"aligncenter size-large\"><img loading=\"lazy\" decoding=\"async\" width=\"300\" height=\"250\" src=\"https:\/\/jornalfatosenoticias.com.br\/wp-content\/uploads\/2020\/02\/Banner-2.png\" alt=\"\" class=\"wp-image-43787\"\/><\/figure><\/div>\n\n\n\n<p>Estimativas sugerem que os ganhos com a redu\u00e7\u00e3o da viol\u00eancia na Am\u00e9rica Latina e Caribe para \u00edndices pr\u00f3ximos \u00e0 m\u00e9dia mundial poderia aumentar o crescimento do PIB regional em at\u00e9 meio ponto percentual. O Fundo prev\u00ea que a regi\u00e3o ir\u00e1 crescer 1,9% em 2024 e 2,5%, em 2025.<\/p>\n\n\n\n<div class=\"wp-block-image\"><figure class=\"aligncenter size-large is-resized\"><img loading=\"lazy\" decoding=\"async\" src=\"https:\/\/jornalfatosenoticias.com.br\/wp-content\/uploads\/2023\/08\/ITH.jpeg\" alt=\"\" class=\"wp-image-44638\" width=\"350\" height=\"284\" srcset=\"https:\/\/jornalfatosenoticias.com.br\/wp-content\/uploads\/2023\/08\/ITH.jpeg 800w, https:\/\/jornalfatosenoticias.com.br\/wp-content\/uploads\/2023\/08\/ITH-300x244.jpeg 300w, https:\/\/jornalfatosenoticias.com.br\/wp-content\/uploads\/2023\/08\/ITH-768x624.jpeg 768w\" sizes=\"auto, (max-width: 350px) 100vw, 350px\" \/><\/figure><\/div>\n\n\n\n<p><strong><span class=\"has-inline-color has-black-color\">Gastos com manuten\u00e7\u00e3o da ordem e seguran\u00e7a p\u00fablica s\u00e3o grandes na Am\u00e9rica Latina e Caribe<br><\/span><\/strong>Os gastos com manuten\u00e7\u00e3o da ordem e seguran\u00e7a p\u00fablica s\u00e3o elevados na regi\u00e3o. No Brasil, eles correspondem a pouco mais de 1% do PIB, de acordo com o UNODC. Na Jamaica, \u00e9 mais do que o triplo. Parente aponta que, apesar de n\u00edveis elevados de gastos com ordem e seguran\u00e7a serem necess\u00e1rios para evitar mais crimes, isso sugere que pr\u00e1ticas mais eficazes de combate ao crime poderiam liberar recursos significativos para outras despesas priorit\u00e1rias.<\/p>\n\n\n\n<div class=\"wp-block-image\"><figure class=\"aligncenter size-large\"><img decoding=\"async\" src=\"https:\/\/jornalfatosenoticias.com.br\/wp-content\/uploads\/2020\/02\/logo_esteio.jpg\" alt=\"\" class=\"wp-image-1214\"\/><\/figure><\/div>\n\n\n\n<blockquote class=\"wp-block-quote is-layout-flow wp-block-quote-is-layout-flow\"><p><span class=\"has-inline-color has-luminous-vivid-orange-color\">Esses outros gastos priorit\u00e1rios poderiam, ao atacar os obst\u00e1culos estruturais ao crescimento, gerar oportunidades de trabalho para reduzir os n\u00edveis de criminalidade na regi\u00e3o\u201d, diz.<\/span><\/p><\/blockquote>\n\n\n\n<div class=\"wp-block-image\"><figure class=\"aligncenter size-large is-resized\"><img loading=\"lazy\" decoding=\"async\" src=\"https:\/\/jornalfatosenoticias.com.br\/wp-content\/uploads\/2023\/08\/BKR-1024x1021.jpg\" alt=\"\" class=\"wp-image-44494\" width=\"314\" height=\"313\" srcset=\"https:\/\/jornalfatosenoticias.com.br\/wp-content\/uploads\/2023\/08\/BKR-1024x1021.jpg 1024w, https:\/\/jornalfatosenoticias.com.br\/wp-content\/uploads\/2023\/08\/BKR-300x300.jpg 300w, https:\/\/jornalfatosenoticias.com.br\/wp-content\/uploads\/2023\/08\/BKR-150x150.jpg 150w, https:\/\/jornalfatosenoticias.com.br\/wp-content\/uploads\/2023\/08\/BKR-768x766.jpg 768w, https:\/\/jornalfatosenoticias.com.br\/wp-content\/uploads\/2023\/08\/BKR.jpg 1080w\" sizes=\"auto, (max-width: 314px) 100vw, 314px\" \/><\/figure><\/div>\n\n\n\n<p>Os economistas do Fundo apontam que h\u00e1 outros recursos valiosos em termos de evid\u00eancias cient\u00edficas sobre a efic\u00e1cia das solu\u00e7\u00f5es de seguran\u00e7a e justi\u00e7a existentes. Uma delas \u00e9 a Plataforma de Evid\u00eancias em Seguran\u00e7a e Justi\u00e7a do Banco Interamericano de Desenvolvimento (BID).<\/p>\n\n\n\n<div class=\"wp-block-image\"><figure class=\"aligncenter size-large is-resized\"><img loading=\"lazy\" decoding=\"async\" src=\"https:\/\/jornalfatosenoticias.com.br\/wp-content\/uploads\/2023\/09\/vetorvix1024_1.jpg\" alt=\"\" class=\"wp-image-44868\" width=\"501\" height=\"133\" srcset=\"https:\/\/jornalfatosenoticias.com.br\/wp-content\/uploads\/2023\/09\/vetorvix1024_1.jpg 1024w, https:\/\/jornalfatosenoticias.com.br\/wp-content\/uploads\/2023\/09\/vetorvix1024_1-300x80.jpg 300w, https:\/\/jornalfatosenoticias.com.br\/wp-content\/uploads\/2023\/09\/vetorvix1024_1-768x205.jpg 768w\" sizes=\"auto, (max-width: 501px) 100vw, 501px\" \/><\/figure><\/div>\n\n\n\n<p>A plataforma destaca, por exemplo, a escassez de evid\u00eancias quanto \u00e0 efic\u00e1cia do reconhecimento de placas de ve\u00edculos na redu\u00e7\u00e3o de viol\u00eancia no tr\u00e2nsito. E aponta que as pol\u00edticas de pre\u00e7os e tributa\u00e7\u00e3o das bebidas alco\u00f3licas t\u00eam impactos positivos na redu\u00e7\u00e3o da viol\u00eancia em determinadas situa\u00e7\u00f5es.<br>Os economistas tamb\u00e9m apontam que a criminalidade \u00e9 uma quest\u00e3o de natureza socioecon\u00f4mica, com consequ\u00eancias de longo alcance e uma variedade de ra\u00edzes interligadas.<\/p>\n\n\n\n<div class=\"wp-block-image\"><figure class=\"aligncenter size-large is-resized\"><img loading=\"lazy\" decoding=\"async\" src=\"https:\/\/jornalfatosenoticias.com.br\/wp-content\/uploads\/2024\/01\/consultoria-ambiental.jpg\" alt=\"\" class=\"wp-image-48314\" width=\"340\" height=\"308\" srcset=\"https:\/\/jornalfatosenoticias.com.br\/wp-content\/uploads\/2024\/01\/consultoria-ambiental.jpg 832w, https:\/\/jornalfatosenoticias.com.br\/wp-content\/uploads\/2024\/01\/consultoria-ambiental-300x272.jpg 300w, https:\/\/jornalfatosenoticias.com.br\/wp-content\/uploads\/2024\/01\/consultoria-ambiental-768x696.jpg 768w\" sizes=\"auto, (max-width: 340px) 100vw, 340px\" \/><\/figure><\/div>\n\n\n\n<blockquote class=\"wp-block-quote is-layout-flow wp-block-quote-is-layout-flow\"><p><span class=\"has-inline-color has-luminous-vivid-orange-color\">Ao priorizar estrat\u00e9gias mais eficazes de combate ao crime, os governos da regi\u00e3o n\u00e3o s\u00f3 aumentariam a seguran\u00e7a p\u00fablica, mas elevariam o potencial econ\u00f4mico da regi\u00e3o\u201d, ressaltam.<\/span><\/p><\/blockquote>\n\n\n\n<div class=\"wp-block-image\"><figure class=\"aligncenter size-large is-resized\"><img loading=\"lazy\" decoding=\"async\" src=\"https:\/\/jornalfatosenoticias.com.br\/wp-content\/uploads\/2023\/03\/logo-Panper_portal.jpg\" alt=\"\" class=\"wp-image-40208\" width=\"341\" height=\"236\" srcset=\"https:\/\/jornalfatosenoticias.com.br\/wp-content\/uploads\/2023\/03\/logo-Panper_portal.jpg 400w, https:\/\/jornalfatosenoticias.com.br\/wp-content\/uploads\/2023\/03\/logo-Panper_portal-300x208.jpg 300w\" sizes=\"auto, (max-width: 341px) 100vw, 341px\" \/><\/figure><\/div>\n\n\n\n<p>Um caminho apontado para isso, de acordo com os especialistas, seria incrementar a colabora\u00e7\u00e3o entre autoridades, institui\u00e7\u00f5es financeiras internacionais, o meio acad\u00eamico, ONGs e o setor privado para encontrar alternativas e maneiras de eliminar esse obst\u00e1culo ao crescimento.<\/p>\n\n\n\n<div class=\"wp-block-image\"><figure class=\"aligncenter size-large is-resized\"><img loading=\"lazy\" decoding=\"async\" src=\"https:\/\/jornalfatosenoticias.com.br\/wp-content\/uploads\/2020\/02\/logo-Rapuzel-1024x571.jpg\" alt=\"\" class=\"wp-image-42808\" width=\"359\" height=\"200\" srcset=\"https:\/\/jornalfatosenoticias.com.br\/wp-content\/uploads\/2020\/02\/logo-Rapuzel-1024x571.jpg 1024w, https:\/\/jornalfatosenoticias.com.br\/wp-content\/uploads\/2020\/02\/logo-Rapuzel-300x167.jpg 300w, https:\/\/jornalfatosenoticias.com.br\/wp-content\/uploads\/2020\/02\/logo-Rapuzel-768x428.jpg 768w, https:\/\/jornalfatosenoticias.com.br\/wp-content\/uploads\/2020\/02\/logo-Rapuzel-1536x856.jpg 1536w, https:\/\/jornalfatosenoticias.com.br\/wp-content\/uploads\/2020\/02\/logo-Rapuzel.jpg 1600w\" sizes=\"auto, (max-width: 359px) 100vw, 359px\" \/><\/figure><\/div>\n\n\n\n<p><strong><em>Fonte: <a href=\"https:\/\/www.gazetadopovo.com.br\/economia\/violencia-inseguranca-seguram-crescimento-pib-brasileiro\/\">Gazeta do Povo<\/a><\/em><\/strong><\/p>\n","protected":false},"excerpt":{"rendered":"<p>N\u00famero de homic\u00eddios intencionais no Brasil \u00e9 dez vezes superior \u00e0 m\u00e9dia mundial Por Vandr\u00e9 Kramer A inseguran\u00e7a e a viol\u00eancia custam caro para a economia brasileira. Um estudo realizado por economistas do Fundo Monet\u00e1rio Internacional (FMI) mostra que a economia brasileira poderia crescer 0,6 ponto percentual a mais se a criminalidade recuasse para a [&hellip;]<\/p>\n","protected":false},"author":2,"featured_media":49341,"comment_status":"open","ping_status":"open","sticky":false,"template":"","format":"standard","meta":{"footnotes":""},"categories":[9],"tags":[260,597,4100,2770,20559,22856,278,1033,4101,2479],"class_list":["post-49340","post","type-post","status-publish","format-standard","has-post-thumbnail","hentry","category-economia","tag-america-latina","tag-brasil","tag-criminalidade","tag-drogas","tag-fmi","tag-justica-e-seguranca","tag-pib","tag-seguranca","tag-seguranca-publica","tag-violencia"],"yoast_head":"<!-- This site is optimized with the Yoast SEO plugin v26.5 - https:\/\/yoast.com\/wordpress\/plugins\/seo\/ -->\n<title>Viol\u00eancia e inseguran\u00e7a limitam o crescimento da economia brasileira - Jornal Fatos e Not\u00edcias<\/title>\n<meta name=\"robots\" content=\"index, follow, max-snippet:-1, max-image-preview:large, max-video-preview:-1\" \/>\n<link rel=\"canonical\" href=\"https:\/\/jornalfatosenoticias.com.br\/index.php\/2024\/02\/19\/violencia-e-inseguranca-limitam-o-crescimento-da-economia-brasileira\/\" \/>\n<meta property=\"og:locale\" content=\"pt_BR\" \/>\n<meta property=\"og:type\" content=\"article\" \/>\n<meta property=\"og:title\" content=\"Viol\u00eancia e inseguran\u00e7a limitam o crescimento da economia brasileira - Jornal Fatos e Not\u00edcias\" \/>\n<meta property=\"og:description\" content=\"N\u00famero de homic\u00eddios intencionais no Brasil \u00e9 dez vezes superior \u00e0 m\u00e9dia mundial Por Vandr\u00e9 Kramer A inseguran\u00e7a e a viol\u00eancia custam caro para a economia brasileira. Um estudo realizado por economistas do Fundo Monet\u00e1rio Internacional (FMI) mostra que a economia brasileira poderia crescer 0,6 ponto percentual a mais se a criminalidade recuasse para a [&hellip;]\" \/>\n<meta property=\"og:url\" content=\"https:\/\/jornalfatosenoticias.com.br\/index.php\/2024\/02\/19\/violencia-e-inseguranca-limitam-o-crescimento-da-economia-brasileira\/\" \/>\n<meta property=\"og:site_name\" content=\"Jornal Fatos e Not\u00edcias\" \/>\n<meta property=\"article:published_time\" content=\"2024-02-19T20:08:10+00:00\" \/>\n<meta property=\"og:image\" content=\"https:\/\/jornalfatosenoticias.com.br\/wp-content\/uploads\/2024\/02\/violencia-e-inseguranca_gettyimages.jpg\" \/>\n\t<meta property=\"og:image:width\" content=\"612\" \/>\n\t<meta property=\"og:image:height\" content=\"408\" \/>\n\t<meta property=\"og:image:type\" content=\"image\/jpeg\" \/>\n<meta name=\"author\" content=\"Luzimara Fernandes\" \/>\n<meta name=\"twitter:card\" content=\"summary_large_image\" \/>\n<meta name=\"twitter:label1\" content=\"Escrito por\" \/>\n\t<meta name=\"twitter:data1\" content=\"Luzimara Fernandes\" \/>\n\t<meta name=\"twitter:label2\" content=\"Est. tempo de leitura\" \/>\n\t<meta name=\"twitter:data2\" content=\"4 minutos\" \/>\n<script type=\"application\/ld+json\" class=\"yoast-schema-graph\">{\"@context\":\"https:\/\/schema.org\",\"@graph\":[{\"@type\":\"Article\",\"@id\":\"https:\/\/jornalfatosenoticias.com.br\/index.php\/2024\/02\/19\/violencia-e-inseguranca-limitam-o-crescimento-da-economia-brasileira\/#article\",\"isPartOf\":{\"@id\":\"https:\/\/jornalfatosenoticias.com.br\/index.php\/2024\/02\/19\/violencia-e-inseguranca-limitam-o-crescimento-da-economia-brasileira\/\"},\"author\":{\"name\":\"Luzimara Fernandes\",\"@id\":\"https:\/\/jornalfatosenoticias.com.br\/#\/schema\/person\/d63837fa13ac8666eb9e74e0985d6f81\"},\"headline\":\"Viol\u00eancia e inseguran\u00e7a limitam o crescimento da economia brasileira\",\"datePublished\":\"2024-02-19T20:08:10+00:00\",\"mainEntityOfPage\":{\"@id\":\"https:\/\/jornalfatosenoticias.com.br\/index.php\/2024\/02\/19\/violencia-e-inseguranca-limitam-o-crescimento-da-economia-brasileira\/\"},\"wordCount\":909,\"commentCount\":0,\"publisher\":{\"@id\":\"https:\/\/jornalfatosenoticias.com.br\/#organization\"},\"image\":{\"@id\":\"https:\/\/jornalfatosenoticias.com.br\/index.php\/2024\/02\/19\/violencia-e-inseguranca-limitam-o-crescimento-da-economia-brasileira\/#primaryimage\"},\"thumbnailUrl\":\"https:\/\/jornalfatosenoticias.com.br\/wp-content\/uploads\/2024\/02\/violencia-e-inseguranca_gettyimages.jpg\",\"keywords\":[\"Am\u00e9rica latina\",\"Brasil\",\"criminalidade\",\"drogas\",\"FMI\",\"Justi\u00e7a e Seguran\u00e7a\",\"PIB\",\"seguran\u00e7a\",\"seguran\u00e7a p\u00fablica\",\"viol\u00eancia\"],\"articleSection\":[\"Economia\"],\"inLanguage\":\"pt-BR\",\"potentialAction\":[{\"@type\":\"CommentAction\",\"name\":\"Comment\",\"target\":[\"https:\/\/jornalfatosenoticias.com.br\/index.php\/2024\/02\/19\/violencia-e-inseguranca-limitam-o-crescimento-da-economia-brasileira\/#respond\"]}]},{\"@type\":\"WebPage\",\"@id\":\"https:\/\/jornalfatosenoticias.com.br\/index.php\/2024\/02\/19\/violencia-e-inseguranca-limitam-o-crescimento-da-economia-brasileira\/\",\"url\":\"https:\/\/jornalfatosenoticias.com.br\/index.php\/2024\/02\/19\/violencia-e-inseguranca-limitam-o-crescimento-da-economia-brasileira\/\",\"name\":\"Viol\u00eancia e inseguran\u00e7a limitam o crescimento da economia brasileira - Jornal Fatos e Not\u00edcias\",\"isPartOf\":{\"@id\":\"https:\/\/jornalfatosenoticias.com.br\/#website\"},\"primaryImageOfPage\":{\"@id\":\"https:\/\/jornalfatosenoticias.com.br\/index.php\/2024\/02\/19\/violencia-e-inseguranca-limitam-o-crescimento-da-economia-brasileira\/#primaryimage\"},\"image\":{\"@id\":\"https:\/\/jornalfatosenoticias.com.br\/index.php\/2024\/02\/19\/violencia-e-inseguranca-limitam-o-crescimento-da-economia-brasileira\/#primaryimage\"},\"thumbnailUrl\":\"https:\/\/jornalfatosenoticias.com.br\/wp-content\/uploads\/2024\/02\/violencia-e-inseguranca_gettyimages.jpg\",\"datePublished\":\"2024-02-19T20:08:10+00:00\",\"breadcrumb\":{\"@id\":\"https:\/\/jornalfatosenoticias.com.br\/index.php\/2024\/02\/19\/violencia-e-inseguranca-limitam-o-crescimento-da-economia-brasileira\/#breadcrumb\"},\"inLanguage\":\"pt-BR\",\"potentialAction\":[{\"@type\":\"ReadAction\",\"target\":[\"https:\/\/jornalfatosenoticias.com.br\/index.php\/2024\/02\/19\/violencia-e-inseguranca-limitam-o-crescimento-da-economia-brasileira\/\"]}]},{\"@type\":\"ImageObject\",\"inLanguage\":\"pt-BR\",\"@id\":\"https:\/\/jornalfatosenoticias.com.br\/index.php\/2024\/02\/19\/violencia-e-inseguranca-limitam-o-crescimento-da-economia-brasileira\/#primaryimage\",\"url\":\"https:\/\/jornalfatosenoticias.com.br\/wp-content\/uploads\/2024\/02\/violencia-e-inseguranca_gettyimages.jpg\",\"contentUrl\":\"https:\/\/jornalfatosenoticias.com.br\/wp-content\/uploads\/2024\/02\/violencia-e-inseguranca_gettyimages.jpg\",\"width\":612,\"height\":408},{\"@type\":\"BreadcrumbList\",\"@id\":\"https:\/\/jornalfatosenoticias.com.br\/index.php\/2024\/02\/19\/violencia-e-inseguranca-limitam-o-crescimento-da-economia-brasileira\/#breadcrumb\",\"itemListElement\":[{\"@type\":\"ListItem\",\"position\":1,\"name\":\"In\u00edcio\",\"item\":\"https:\/\/jornalfatosenoticias.com.br\/\"},{\"@type\":\"ListItem\",\"position\":2,\"name\":\"Viol\u00eancia e inseguran\u00e7a limitam o crescimento da economia brasileira\"}]},{\"@type\":\"WebSite\",\"@id\":\"https:\/\/jornalfatosenoticias.com.br\/#website\",\"url\":\"https:\/\/jornalfatosenoticias.com.br\/\",\"name\":\"Jornal Fatos e Not\u00edcias\",\"description\":\"Not\u00edcias em geral\",\"publisher\":{\"@id\":\"https:\/\/jornalfatosenoticias.com.br\/#organization\"},\"potentialAction\":[{\"@type\":\"SearchAction\",\"target\":{\"@type\":\"EntryPoint\",\"urlTemplate\":\"https:\/\/jornalfatosenoticias.com.br\/?s={search_term_string}\"},\"query-input\":{\"@type\":\"PropertyValueSpecification\",\"valueRequired\":true,\"valueName\":\"search_term_string\"}}],\"inLanguage\":\"pt-BR\"},{\"@type\":\"Organization\",\"@id\":\"https:\/\/jornalfatosenoticias.com.br\/#organization\",\"name\":\"Jornal Fatos e Not\u00edcias\",\"url\":\"https:\/\/jornalfatosenoticias.com.br\/\",\"logo\":{\"@type\":\"ImageObject\",\"inLanguage\":\"pt-BR\",\"@id\":\"https:\/\/jornalfatosenoticias.com.br\/#\/schema\/logo\/image\/\",\"url\":\"https:\/\/jornalfatosenoticias.com.br\/wp-content\/uploads\/2020\/02\/logo120.png\",\"contentUrl\":\"https:\/\/jornalfatosenoticias.com.br\/wp-content\/uploads\/2020\/02\/logo120.png\",\"width\":1227,\"height\":120,\"caption\":\"Jornal Fatos e Not\u00edcias\"},\"image\":{\"@id\":\"https:\/\/jornalfatosenoticias.com.br\/#\/schema\/logo\/image\/\"}},{\"@type\":\"Person\",\"@id\":\"https:\/\/jornalfatosenoticias.com.br\/#\/schema\/person\/d63837fa13ac8666eb9e74e0985d6f81\",\"name\":\"Luzimara Fernandes\",\"image\":{\"@type\":\"ImageObject\",\"inLanguage\":\"pt-BR\",\"@id\":\"https:\/\/jornalfatosenoticias.com.br\/#\/schema\/person\/image\/\",\"url\":\"https:\/\/jornalfatosenoticias.com.br\/wp-content\/uploads\/2025\/05\/EU_portal.jpg\",\"contentUrl\":\"https:\/\/jornalfatosenoticias.com.br\/wp-content\/uploads\/2025\/05\/EU_portal.jpg\",\"caption\":\"Luzimara Fernandes\"},\"description\":\"Jornalista MTB 2358-ES\",\"sameAs\":[\"https:\/\/jornalfatosenoticias.com.br\"],\"url\":\"https:\/\/jornalfatosenoticias.com.br\/index.php\/author\/luzimara\/\"}]}<\/script>\n<!-- \/ Yoast SEO plugin. -->","yoast_head_json":{"title":"Viol\u00eancia e inseguran\u00e7a limitam o crescimento da economia brasileira - Jornal Fatos e Not\u00edcias","robots":{"index":"index","follow":"follow","max-snippet":"max-snippet:-1","max-image-preview":"max-image-preview:large","max-video-preview":"max-video-preview:-1"},"canonical":"https:\/\/jornalfatosenoticias.com.br\/index.php\/2024\/02\/19\/violencia-e-inseguranca-limitam-o-crescimento-da-economia-brasileira\/","og_locale":"pt_BR","og_type":"article","og_title":"Viol\u00eancia e inseguran\u00e7a limitam o crescimento da economia brasileira - Jornal Fatos e Not\u00edcias","og_description":"N\u00famero de homic\u00eddios intencionais no Brasil \u00e9 dez vezes superior \u00e0 m\u00e9dia mundial Por Vandr\u00e9 Kramer A inseguran\u00e7a e a viol\u00eancia custam caro para a economia brasileira. Um estudo realizado por economistas do Fundo Monet\u00e1rio Internacional (FMI) mostra que a economia brasileira poderia crescer 0,6 ponto percentual a mais se a criminalidade recuasse para a [&hellip;]","og_url":"https:\/\/jornalfatosenoticias.com.br\/index.php\/2024\/02\/19\/violencia-e-inseguranca-limitam-o-crescimento-da-economia-brasileira\/","og_site_name":"Jornal Fatos e Not\u00edcias","article_published_time":"2024-02-19T20:08:10+00:00","og_image":[{"width":612,"height":408,"url":"https:\/\/jornalfatosenoticias.com.br\/wp-content\/uploads\/2024\/02\/violencia-e-inseguranca_gettyimages.jpg","type":"image\/jpeg"}],"author":"Luzimara Fernandes","twitter_card":"summary_large_image","twitter_misc":{"Escrito por":"Luzimara Fernandes","Est. tempo de leitura":"4 minutos"},"schema":{"@context":"https:\/\/schema.org","@graph":[{"@type":"Article","@id":"https:\/\/jornalfatosenoticias.com.br\/index.php\/2024\/02\/19\/violencia-e-inseguranca-limitam-o-crescimento-da-economia-brasileira\/#article","isPartOf":{"@id":"https:\/\/jornalfatosenoticias.com.br\/index.php\/2024\/02\/19\/violencia-e-inseguranca-limitam-o-crescimento-da-economia-brasileira\/"},"author":{"name":"Luzimara Fernandes","@id":"https:\/\/jornalfatosenoticias.com.br\/#\/schema\/person\/d63837fa13ac8666eb9e74e0985d6f81"},"headline":"Viol\u00eancia e inseguran\u00e7a limitam o crescimento da economia brasileira","datePublished":"2024-02-19T20:08:10+00:00","mainEntityOfPage":{"@id":"https:\/\/jornalfatosenoticias.com.br\/index.php\/2024\/02\/19\/violencia-e-inseguranca-limitam-o-crescimento-da-economia-brasileira\/"},"wordCount":909,"commentCount":0,"publisher":{"@id":"https:\/\/jornalfatosenoticias.com.br\/#organization"},"image":{"@id":"https:\/\/jornalfatosenoticias.com.br\/index.php\/2024\/02\/19\/violencia-e-inseguranca-limitam-o-crescimento-da-economia-brasileira\/#primaryimage"},"thumbnailUrl":"https:\/\/jornalfatosenoticias.com.br\/wp-content\/uploads\/2024\/02\/violencia-e-inseguranca_gettyimages.jpg","keywords":["Am\u00e9rica latina","Brasil","criminalidade","drogas","FMI","Justi\u00e7a e Seguran\u00e7a","PIB","seguran\u00e7a","seguran\u00e7a p\u00fablica","viol\u00eancia"],"articleSection":["Economia"],"inLanguage":"pt-BR","potentialAction":[{"@type":"CommentAction","name":"Comment","target":["https:\/\/jornalfatosenoticias.com.br\/index.php\/2024\/02\/19\/violencia-e-inseguranca-limitam-o-crescimento-da-economia-brasileira\/#respond"]}]},{"@type":"WebPage","@id":"https:\/\/jornalfatosenoticias.com.br\/index.php\/2024\/02\/19\/violencia-e-inseguranca-limitam-o-crescimento-da-economia-brasileira\/","url":"https:\/\/jornalfatosenoticias.com.br\/index.php\/2024\/02\/19\/violencia-e-inseguranca-limitam-o-crescimento-da-economia-brasileira\/","name":"Viol\u00eancia e inseguran\u00e7a limitam o crescimento da economia brasileira - Jornal Fatos e Not\u00edcias","isPartOf":{"@id":"https:\/\/jornalfatosenoticias.com.br\/#website"},"primaryImageOfPage":{"@id":"https:\/\/jornalfatosenoticias.com.br\/index.php\/2024\/02\/19\/violencia-e-inseguranca-limitam-o-crescimento-da-economia-brasileira\/#primaryimage"},"image":{"@id":"https:\/\/jornalfatosenoticias.com.br\/index.php\/2024\/02\/19\/violencia-e-inseguranca-limitam-o-crescimento-da-economia-brasileira\/#primaryimage"},"thumbnailUrl":"https:\/\/jornalfatosenoticias.com.br\/wp-content\/uploads\/2024\/02\/violencia-e-inseguranca_gettyimages.jpg","datePublished":"2024-02-19T20:08:10+00:00","breadcrumb":{"@id":"https:\/\/jornalfatosenoticias.com.br\/index.php\/2024\/02\/19\/violencia-e-inseguranca-limitam-o-crescimento-da-economia-brasileira\/#breadcrumb"},"inLanguage":"pt-BR","potentialAction":[{"@type":"ReadAction","target":["https:\/\/jornalfatosenoticias.com.br\/index.php\/2024\/02\/19\/violencia-e-inseguranca-limitam-o-crescimento-da-economia-brasileira\/"]}]},{"@type":"ImageObject","inLanguage":"pt-BR","@id":"https:\/\/jornalfatosenoticias.com.br\/index.php\/2024\/02\/19\/violencia-e-inseguranca-limitam-o-crescimento-da-economia-brasileira\/#primaryimage","url":"https:\/\/jornalfatosenoticias.com.br\/wp-content\/uploads\/2024\/02\/violencia-e-inseguranca_gettyimages.jpg","contentUrl":"https:\/\/jornalfatosenoticias.com.br\/wp-content\/uploads\/2024\/02\/violencia-e-inseguranca_gettyimages.jpg","width":612,"height":408},{"@type":"BreadcrumbList","@id":"https:\/\/jornalfatosenoticias.com.br\/index.php\/2024\/02\/19\/violencia-e-inseguranca-limitam-o-crescimento-da-economia-brasileira\/#breadcrumb","itemListElement":[{"@type":"ListItem","position":1,"name":"In\u00edcio","item":"https:\/\/jornalfatosenoticias.com.br\/"},{"@type":"ListItem","position":2,"name":"Viol\u00eancia e inseguran\u00e7a limitam o crescimento da economia brasileira"}]},{"@type":"WebSite","@id":"https:\/\/jornalfatosenoticias.com.br\/#website","url":"https:\/\/jornalfatosenoticias.com.br\/","name":"Jornal Fatos e Not\u00edcias","description":"Not\u00edcias em geral","publisher":{"@id":"https:\/\/jornalfatosenoticias.com.br\/#organization"},"potentialAction":[{"@type":"SearchAction","target":{"@type":"EntryPoint","urlTemplate":"https:\/\/jornalfatosenoticias.com.br\/?s={search_term_string}"},"query-input":{"@type":"PropertyValueSpecification","valueRequired":true,"valueName":"search_term_string"}}],"inLanguage":"pt-BR"},{"@type":"Organization","@id":"https:\/\/jornalfatosenoticias.com.br\/#organization","name":"Jornal Fatos e Not\u00edcias","url":"https:\/\/jornalfatosenoticias.com.br\/","logo":{"@type":"ImageObject","inLanguage":"pt-BR","@id":"https:\/\/jornalfatosenoticias.com.br\/#\/schema\/logo\/image\/","url":"https:\/\/jornalfatosenoticias.com.br\/wp-content\/uploads\/2020\/02\/logo120.png","contentUrl":"https:\/\/jornalfatosenoticias.com.br\/wp-content\/uploads\/2020\/02\/logo120.png","width":1227,"height":120,"caption":"Jornal Fatos e Not\u00edcias"},"image":{"@id":"https:\/\/jornalfatosenoticias.com.br\/#\/schema\/logo\/image\/"}},{"@type":"Person","@id":"https:\/\/jornalfatosenoticias.com.br\/#\/schema\/person\/d63837fa13ac8666eb9e74e0985d6f81","name":"Luzimara Fernandes","image":{"@type":"ImageObject","inLanguage":"pt-BR","@id":"https:\/\/jornalfatosenoticias.com.br\/#\/schema\/person\/image\/","url":"https:\/\/jornalfatosenoticias.com.br\/wp-content\/uploads\/2025\/05\/EU_portal.jpg","contentUrl":"https:\/\/jornalfatosenoticias.com.br\/wp-content\/uploads\/2025\/05\/EU_portal.jpg","caption":"Luzimara Fernandes"},"description":"Jornalista MTB 2358-ES","sameAs":["https:\/\/jornalfatosenoticias.com.br"],"url":"https:\/\/jornalfatosenoticias.com.br\/index.php\/author\/luzimara\/"}]}},"cc_featured_image_caption":{"caption_text":"(Foto: Getty Images)","source_text":"","source_url":""},"jetpack_featured_media_url":"https:\/\/jornalfatosenoticias.com.br\/wp-content\/uploads\/2024\/02\/violencia-e-inseguranca_gettyimages.jpg","_links":{"self":[{"href":"https:\/\/jornalfatosenoticias.com.br\/index.php\/wp-json\/wp\/v2\/posts\/49340","targetHints":{"allow":["GET"]}}],"collection":[{"href":"https:\/\/jornalfatosenoticias.com.br\/index.php\/wp-json\/wp\/v2\/posts"}],"about":[{"href":"https:\/\/jornalfatosenoticias.com.br\/index.php\/wp-json\/wp\/v2\/types\/post"}],"author":[{"embeddable":true,"href":"https:\/\/jornalfatosenoticias.com.br\/index.php\/wp-json\/wp\/v2\/users\/2"}],"replies":[{"embeddable":true,"href":"https:\/\/jornalfatosenoticias.com.br\/index.php\/wp-json\/wp\/v2\/comments?post=49340"}],"version-history":[{"count":0,"href":"https:\/\/jornalfatosenoticias.com.br\/index.php\/wp-json\/wp\/v2\/posts\/49340\/revisions"}],"wp:featuredmedia":[{"embeddable":true,"href":"https:\/\/jornalfatosenoticias.com.br\/index.php\/wp-json\/wp\/v2\/media\/49341"}],"wp:attachment":[{"href":"https:\/\/jornalfatosenoticias.com.br\/index.php\/wp-json\/wp\/v2\/media?parent=49340"}],"wp:term":[{"taxonomy":"category","embeddable":true,"href":"https:\/\/jornalfatosenoticias.com.br\/index.php\/wp-json\/wp\/v2\/categories?post=49340"},{"taxonomy":"post_tag","embeddable":true,"href":"https:\/\/jornalfatosenoticias.com.br\/index.php\/wp-json\/wp\/v2\/tags?post=49340"}],"curies":[{"name":"wp","href":"https:\/\/api.w.org\/{rel}","templated":true}]}}