{"id":49346,"date":"2024-02-20T13:40:24","date_gmt":"2024-02-20T16:40:24","guid":{"rendered":"https:\/\/jornalfatosenoticias.com.br\/?p=49346"},"modified":"2024-02-20T13:40:25","modified_gmt":"2024-02-20T16:40:25","slug":"as-sete-gloriosas-e-impressionantes-maravilhas-do-mundo-antigo","status":"publish","type":"post","link":"https:\/\/jornalfatosenoticias.com.br\/index.php\/2024\/02\/20\/as-sete-gloriosas-e-impressionantes-maravilhas-do-mundo-antigo\/","title":{"rendered":"As sete gloriosas e impressionantes maravilhas do mundo antigo"},"content":{"rendered":"\n<p><em><span class=\"has-inline-color has-black-color\">As sete maravilhas do mundo antigo s\u00e3o consideradas o auge da engenharia, da arquitetura e da beleza art\u00edstica da antiguidade<\/span><\/em><\/p>\n\n\n\n<p><span class=\"has-inline-color has-black-color\">Por <strong>\u00c9ric Moreira<\/strong><\/span><\/p>\n\n\n\n<div class=\"wp-block-image\"><figure class=\"aligncenter size-large\"><img loading=\"lazy\" decoding=\"async\" width=\"729\" height=\"90\" src=\"https:\/\/jornalfatosenoticias.com.br\/wp-content\/uploads\/2020\/02\/Logo_Mizu.png\" alt=\"\" class=\"wp-image-1441\" srcset=\"https:\/\/jornalfatosenoticias.com.br\/wp-content\/uploads\/2020\/02\/Logo_Mizu.png 729w, https:\/\/jornalfatosenoticias.com.br\/wp-content\/uploads\/2020\/02\/Logo_Mizu-300x37.png 300w\" sizes=\"auto, (max-width: 729px) 100vw, 729px\" \/><\/figure><\/div>\n\n\n\n<p>Hoje, os turistas que viajam at\u00e9 pa\u00edses como a It\u00e1lia, a \u00cdndia ou at\u00e9 mesmo o Brasil, deixariam dificilmente de visitar algumas de suas constru\u00e7\u00f5es que ficaram conhecidas no mundo todo ao compor as\u00a0<mark>sete maravilhas do mundo moderno<\/mark>, como o Coliseu, o Taj Mahal e o Cristo Redentor. Por\u00e9m, ao longo da hist\u00f3ria, outras constru\u00e7\u00f5es tamb\u00e9m ficaram conhecidas por sua exuber\u00e2ncia, como as\u00a0<mark>sete maravilhas do mundo antigo<\/mark>.<br>Consideradas o\u00a0<mark>auge da engenharia, arquitetura e beleza art\u00edstica da Antiguidade<\/mark>, as sete maravilhas do mundo antigo foram importantes obras arquitet\u00f4nicas erguidas mil\u00eanios atr\u00e1s e que, hoje, mal podem ser vistas se n\u00e3o por registros escritos. Exceto pela monumental Pir\u00e2mide de Giz\u00e9, hoje a \u00fanica dessas obras em p\u00e9 at\u00e9 os dias modernos \u2014 e um bom exemplo da grandiosidade de tais constru\u00e7\u00f5es.<br>A classifica\u00e7\u00e3o dessas constru\u00e7\u00f5es como &#8220;maravilhas&#8221; prov\u00eam do grego &#8220;thaumata&#8221;, como eram chamadas, que significa, justamente, &#8220;maravilhas&#8221;. Esse nome foi dado por antigos viajantes gregos que exploravam civiliza\u00e7\u00f5es mediterr\u00e2neas, como os eg\u00edpcios, persas e babil\u00f4nicos, e compilavam em guias as\u00a0<mark>atra\u00e7\u00f5es mais not\u00e1veis<\/mark>\u00a0dessas regi\u00f5es.<\/p>\n\n\n\n<div class=\"wp-block-image\"><figure class=\"aligncenter size-large\"><img loading=\"lazy\" decoding=\"async\" width=\"300\" height=\"250\" src=\"https:\/\/jornalfatosenoticias.com.br\/wp-content\/uploads\/2022\/02\/FERRARI_MAQUINAS-E-FERRAMENTAS2.jpg\" alt=\"\" class=\"wp-image-27860\"\/><\/figure><\/div>\n\n\n\n<p><strong><span class=\"has-inline-color has-black-color\">Sabendo disso, confira a seguir quais foram as sete maravilhas do mundo antigo:<\/span><\/strong><\/p>\n\n\n\n<h2 class=\"wp-block-heading\"><strong><span class=\"has-inline-color has-vivid-purple-color\">1. A Grande Pir\u00e2mide de Giz\u00e9<\/span><\/strong><\/h2>\n\n\n\n<div class=\"wp-block-image\"><figure class=\"aligncenter size-large\"><img loading=\"lazy\" decoding=\"async\" width=\"1000\" height=\"562\" src=\"https:\/\/jornalfatosenoticias.com.br\/wp-content\/uploads\/2024\/02\/piramide-de-gize.jpg\" alt=\"\" class=\"wp-image-49347\" srcset=\"https:\/\/jornalfatosenoticias.com.br\/wp-content\/uploads\/2024\/02\/piramide-de-gize.jpg 1000w, https:\/\/jornalfatosenoticias.com.br\/wp-content\/uploads\/2024\/02\/piramide-de-gize-300x169.jpg 300w, https:\/\/jornalfatosenoticias.com.br\/wp-content\/uploads\/2024\/02\/piramide-de-gize-768x432.jpg 768w\" sizes=\"auto, (max-width: 1000px) 100vw, 1000px\" \/><figcaption><em><span class=\"has-inline-color has-black-color\">(Foto: Wikimedia Commons)<\/span><\/em><\/figcaption><\/figure><\/div>\n\n\n\n<p>Uma lista com as sete maravilhas do mundo antigo n\u00e3o poderia come\u00e7ar com outra sen\u00e3o a \u00fanica representante deste seleto grupo que segue em p\u00e9 at\u00e9 hoje, o que faz dela ainda mais especial: a <mark>Grande Pir\u00e2mide de Giz\u00e9<\/mark>.<br>Constru\u00edda por volta de 2.500 a.C., ela \u00e9 a maior das tr\u00eas pir\u00e2mides de Giz\u00e9, servindo como tumba do fara\u00f3 <strong>Qu\u00e9ops<\/strong> da quarta dinastia, repercute a BBC.<\/p>\n\n\n\n<div class=\"wp-block-image\"><figure class=\"aligncenter size-large is-resized\"><img loading=\"lazy\" decoding=\"async\" src=\"https:\/\/jornalfatosenoticias.com.br\/wp-content\/uploads\/2023\/08\/ITH.jpeg\" alt=\"\" class=\"wp-image-44638\" width=\"277\" height=\"225\" srcset=\"https:\/\/jornalfatosenoticias.com.br\/wp-content\/uploads\/2023\/08\/ITH.jpeg 800w, https:\/\/jornalfatosenoticias.com.br\/wp-content\/uploads\/2023\/08\/ITH-300x244.jpeg 300w, https:\/\/jornalfatosenoticias.com.br\/wp-content\/uploads\/2023\/08\/ITH-768x624.jpeg 768w\" sizes=\"auto, (max-width: 277px) 100vw, 277px\" \/><\/figure><\/div>\n\n\n\n<p>Outro fator importante sobre a pir\u00e2mide, que pode coloc\u00e1-la como uma das mais imponentes do mundo antigo, \u00e9 o fato de ter sido considerada a estrutura mais alta do mundo, constru\u00edda pelo homem, at\u00e9 o s\u00e9culo 14, quando foi erguida na Inglaterra a Catedral de Lincoln. Com\u00a0<mark>146,5 metros<\/mark>, sua constru\u00e7\u00e3o levou cerca de 14 anos, e precisou de aproximadamente 2,3 milh\u00f5es de blocos para tal.<\/p>\n\n\n\n<h2 class=\"wp-block-heading\"><strong><span class=\"has-inline-color has-vivid-purple-color\">2. Mausol\u00e9u de Helicarnasso<\/span><\/strong><\/h2>\n\n\n\n<div class=\"wp-block-image\"><figure class=\"aligncenter size-large\"><img loading=\"lazy\" decoding=\"async\" width=\"1000\" height=\"725\" src=\"https:\/\/jornalfatosenoticias.com.br\/wp-content\/uploads\/2024\/02\/Mausoleu-de-Helicarnasso.jpg\" alt=\"\" class=\"wp-image-49348\" srcset=\"https:\/\/jornalfatosenoticias.com.br\/wp-content\/uploads\/2024\/02\/Mausoleu-de-Helicarnasso.jpg 1000w, https:\/\/jornalfatosenoticias.com.br\/wp-content\/uploads\/2024\/02\/Mausoleu-de-Helicarnasso-300x218.jpg 300w, https:\/\/jornalfatosenoticias.com.br\/wp-content\/uploads\/2024\/02\/Mausoleu-de-Helicarnasso-768x557.jpg 768w\" sizes=\"auto, (max-width: 1000px) 100vw, 1000px\" \/><figcaption><em><span class=\"has-inline-color has-black-color\">(Foto: Dom\u00ednio P\u00fablico\/Wikimedia Commons)<\/span><\/em><\/figcaption><\/figure><\/div>\n\n\n\n<p>Um dos mais memor\u00e1veis imp\u00e9rios de toda a hist\u00f3ria foi o\u00a0<mark>Aquem\u00eanida<\/mark>\u00a0\u2014 tamb\u00e9m referido como\u00a0<mark>Primeiro Imp\u00e9rio Persa<\/mark>\u00a0\u2014, e um de seus mais poderosos governantes foi\u00a0<strong>Mausolo<\/strong>. Como representa\u00e7\u00e3o de sua gl\u00f3ria, ele construiu uma nova e magn\u00edfica capital para viver com sua esposa\u00a0<strong>Artem\u00edsia<\/strong>\u00a0em\u00a0<mark>Halicarnasso<\/mark>\u00a0 \u2014 na costa oeste de onde hoje \u00e9 a Turquia, na Pen\u00ednsula de Bodrum \u2014, onde n\u00e3o poupou gastos com belas est\u00e1tuas e templos de m\u00e1rmore.<\/p>\n\n\n\n<div class=\"wp-block-image\"><figure class=\"aligncenter size-large is-resized\"><img loading=\"lazy\" decoding=\"async\" src=\"https:\/\/jornalfatosenoticias.com.br\/wp-content\/uploads\/2020\/02\/logo-Rapuzel-1024x571.jpg\" alt=\"\" class=\"wp-image-42808\" width=\"338\" height=\"188\" srcset=\"https:\/\/jornalfatosenoticias.com.br\/wp-content\/uploads\/2020\/02\/logo-Rapuzel-1024x571.jpg 1024w, https:\/\/jornalfatosenoticias.com.br\/wp-content\/uploads\/2020\/02\/logo-Rapuzel-300x167.jpg 300w, https:\/\/jornalfatosenoticias.com.br\/wp-content\/uploads\/2020\/02\/logo-Rapuzel-768x428.jpg 768w, https:\/\/jornalfatosenoticias.com.br\/wp-content\/uploads\/2020\/02\/logo-Rapuzel-1536x856.jpg 1536w, https:\/\/jornalfatosenoticias.com.br\/wp-content\/uploads\/2020\/02\/logo-Rapuzel.jpg 1600w\" sizes=\"auto, (max-width: 338px) 100vw, 338px\" \/><\/figure><\/div>\n\n\n\n<p>Ap\u00f3s sua morte, ent\u00e3o, <strong>Artem\u00edsia<\/strong>\u00a0ordenou a constru\u00e7\u00e3o de um t\u00famulo para o imperador, que seria projetado pelos arquitetos gregos<strong>\u00a0Satyros<\/strong>\u00a0e\u00a0<strong>Pythius<\/strong>. O chamado\u00a0<mark>Mausol\u00e9u de Halicarnasso<\/mark> foi elaborado com tr\u00eas n\u00edveis, incluindo diferentes estilos arquitet\u00f4nicos, em m\u00e1rmore branco e no topo de uma colina. No entanto, a gl\u00f3ria n\u00e3o p\u00f4de superar o tempo: a constru\u00e7\u00e3o n\u00e3o sobreviveu \u00e0 Idade M\u00e9dia: fora <mark>destru\u00edda ap\u00f3s sucessivos abalos s\u00edsmicos<\/mark>.<\/p>\n\n\n\n<h2 class=\"wp-block-heading\"><strong><span class=\"has-inline-color has-vivid-purple-color\">3. Est\u00e1tua de Zeus em Ol\u00edmpia<\/span><\/strong><\/h2>\n\n\n\n<div class=\"wp-block-image\"><figure class=\"aligncenter size-large\"><img loading=\"lazy\" decoding=\"async\" width=\"631\" height=\"800\" src=\"https:\/\/jornalfatosenoticias.com.br\/wp-content\/uploads\/2024\/02\/estatua-de-zeus.jpg\" alt=\"\" class=\"wp-image-49349\" srcset=\"https:\/\/jornalfatosenoticias.com.br\/wp-content\/uploads\/2024\/02\/estatua-de-zeus.jpg 631w, https:\/\/jornalfatosenoticias.com.br\/wp-content\/uploads\/2024\/02\/estatua-de-zeus-237x300.jpg 237w\" sizes=\"auto, (max-width: 631px) 100vw, 631px\" \/><figcaption><em><span class=\"has-inline-color has-black-color\">(Foto: Dom\u00ednio P\u00fablico\/Wikimedia Commons)<\/span><\/em><\/figcaption><\/figure><\/div>\n\n\n\n<p>Outro exemplo memor\u00e1vel \u00e9 a imponente <mark>Est\u00e1tua de Zeus<\/mark>, no Templo de Zeus, em Ol\u00edmpia, na antiga Gr\u00e9cia. A obra foi esculpida por\u00a0<strong>F\u00eddias<\/strong> por volta de 435 a.C. Nela, Zeus resplandece em um trono luxuoso. Na m\u00e3o direita, o deus do trov\u00e3o segurava uma est\u00e1tua da deusa da vit\u00f3ria e um cetro com uma \u00e1guia \u2014 animal que o simboliza \u2014 em sua m\u00e3o esquerda, possuindo\u00a0<mark>12 metros de altura<\/mark>.<\/p>\n\n\n\n<div class=\"wp-block-image\"><figure class=\"aligncenter size-large is-resized\"><img loading=\"lazy\" decoding=\"async\" src=\"https:\/\/jornalfatosenoticias.com.br\/wp-content\/uploads\/2020\/02\/CONTROL-CS.jpg\" alt=\"\" class=\"wp-image-44991\" width=\"323\" height=\"387\" srcset=\"https:\/\/jornalfatosenoticias.com.br\/wp-content\/uploads\/2020\/02\/CONTROL-CS.jpg 834w, https:\/\/jornalfatosenoticias.com.br\/wp-content\/uploads\/2020\/02\/CONTROL-CS-250x300.jpg 250w, https:\/\/jornalfatosenoticias.com.br\/wp-content\/uploads\/2020\/02\/CONTROL-CS-768x921.jpg 768w\" sizes=\"auto, (max-width: 323px) 100vw, 323px\" \/><\/figure><\/div>\n\n\n\n<p>Ao longo de oito s\u00e9culos, peregrinos sa\u00edram de v\u00e1rias partes do mundo at\u00e9 Ol\u00edmpia para ver o monumento. Por\u00e9m, em 379 d.C., o imperador romano <strong>Teod\u00f3sio I <\/strong>assumiu controle da regi\u00e3o e, como crist\u00e3o, ordenou que toda pr\u00e1tica pag\u00e3 fosse interrompida, de forma que Zeus deixou de ser cultuado. <mark>N\u00e3o se sabe exatamente o que aconteceu<\/mark>\u00a0com a est\u00e1tua, no entanto, acredita-se que teria sido ent\u00e3o movida para Constantinopla, capital do imp\u00e9rio, e se perdido em um terremoto ou tsunami no s\u00e9culo 6.<\/p>\n\n\n\n<h2 class=\"wp-block-heading\"><strong><span class=\"has-inline-color has-vivid-purple-color\">4. Jardins Suspensos da Babil\u00f4nia<\/span><\/strong><\/h2>\n\n\n\n<div class=\"wp-block-image\"><figure class=\"aligncenter size-large\"><img loading=\"lazy\" decoding=\"async\" width=\"1000\" height=\"642\" src=\"https:\/\/jornalfatosenoticias.com.br\/wp-content\/uploads\/2024\/02\/jardins-suspensos-da-babilonia.jpg\" alt=\"\" class=\"wp-image-49350\" srcset=\"https:\/\/jornalfatosenoticias.com.br\/wp-content\/uploads\/2024\/02\/jardins-suspensos-da-babilonia.jpg 1000w, https:\/\/jornalfatosenoticias.com.br\/wp-content\/uploads\/2024\/02\/jardins-suspensos-da-babilonia-300x193.jpg 300w, https:\/\/jornalfatosenoticias.com.br\/wp-content\/uploads\/2024\/02\/jardins-suspensos-da-babilonia-768x493.jpg 768w\" sizes=\"auto, (max-width: 1000px) 100vw, 1000px\" \/><figcaption><em><span class=\"has-inline-color has-black-color\">(Foto: Dom\u00ednio P\u00fablico\/Wikimedia Commons)<\/span><\/em><\/figcaption><\/figure><\/div>\n\n\n\n<p>Certamente o t\u00f3pico mais intrigante da lista, os <a href=\"https:\/\/aventurasnahistoria.uol.com.br\/noticias\/almanaque\/os-misteriosos-jardins-suspensos-da-babilonia.phtml\">Jardins Suspensos da Babil\u00f4nia<\/a> s\u00e3o descritos em antigos textos, entretanto, n\u00e3o existem nem mesmo evid\u00eancias conclusivas de que o local teria existido!<br>Segundo as descri\u00e7\u00f5es, apresentavam um n\u00edvel de engenharia extremamente avan\u00e7ado para seu tempo, a ponto de conseguir manter um <mark>exuberante jardim vivo no deserto<\/mark>, onde atualmente \u00e9 o Iraque, com as\u00a0<mark>\u00e1guas do rio Eufrates<\/mark>. <\/p>\n\n\n\n<div class=\"wp-block-image\"><figure class=\"aligncenter size-large is-resized\"><img loading=\"lazy\" decoding=\"async\" src=\"https:\/\/jornalfatosenoticias.com.br\/wp-content\/uploads\/2023\/08\/BKR-1024x1021.jpg\" alt=\"\" class=\"wp-image-44494\" width=\"271\" height=\"270\" srcset=\"https:\/\/jornalfatosenoticias.com.br\/wp-content\/uploads\/2023\/08\/BKR-1024x1021.jpg 1024w, https:\/\/jornalfatosenoticias.com.br\/wp-content\/uploads\/2023\/08\/BKR-300x300.jpg 300w, https:\/\/jornalfatosenoticias.com.br\/wp-content\/uploads\/2023\/08\/BKR-150x150.jpg 150w, https:\/\/jornalfatosenoticias.com.br\/wp-content\/uploads\/2023\/08\/BKR-768x766.jpg 768w, https:\/\/jornalfatosenoticias.com.br\/wp-content\/uploads\/2023\/08\/BKR.jpg 1080w\" sizes=\"auto, (max-width: 271px) 100vw, 271px\" \/><\/figure><\/div>\n\n\n\n<p>Dizem tamb\u00e9m que o antigo rei babil\u00f4nico <strong>Nabucodonosor II<\/strong> mandou criar os jardins por volta de 600 a.C., para confortar sua esposa, <strong>Amitis da M\u00e9dia,<\/strong> que sentia falta da vegeta\u00e7\u00e3o de sua terra natal.<br>Por\u00e9m, como j\u00e1 mencionado, n\u00e3o existem vest\u00edgios dos tais jardins, e at\u00e9 mesmo sua exist\u00eancia \u00e9 um mist\u00e9rio. Por\u00e9m, muitos sup\u00f5em que eles existiram, mas fora da Babil\u00f4nia: jardins e sistemas de irriga\u00e7\u00e3o semelhantes foram planejados tamb\u00e9m pelo rei ass\u00edrio <strong>Senaqueribe<\/strong> para a constru\u00e7\u00e3o de seu pal\u00e1cio em N\u00ednive, a &#8220;apenas&#8221; 480 quil\u00f4metros ao norte.<\/p>\n\n\n\n<div class=\"wp-block-image\"><figure class=\"aligncenter size-large is-resized\"><img loading=\"lazy\" decoding=\"async\" src=\"https:\/\/jornalfatosenoticias.com.br\/wp-content\/uploads\/2022\/02\/Precisao-Contabilidade-1024x724.jpg\" alt=\"\" class=\"wp-image-28088\" width=\"297\" height=\"210\"\/><\/figure><\/div>\n\n\n\n<h2 class=\"wp-block-heading\"><strong><span class=\"has-inline-color has-vivid-purple-color\">5. Farol de Alexandria<\/span><\/strong><\/h2>\n\n\n\n<div class=\"wp-block-image\"><figure class=\"aligncenter size-large\"><img loading=\"lazy\" decoding=\"async\" width=\"1000\" height=\"631\" src=\"https:\/\/jornalfatosenoticias.com.br\/wp-content\/uploads\/2024\/02\/farol-de-alexandria.jpg\" alt=\"\" class=\"wp-image-49351\" srcset=\"https:\/\/jornalfatosenoticias.com.br\/wp-content\/uploads\/2024\/02\/farol-de-alexandria.jpg 1000w, https:\/\/jornalfatosenoticias.com.br\/wp-content\/uploads\/2024\/02\/farol-de-alexandria-300x189.jpg 300w, https:\/\/jornalfatosenoticias.com.br\/wp-content\/uploads\/2024\/02\/farol-de-alexandria-768x485.jpg 768w, https:\/\/jornalfatosenoticias.com.br\/wp-content\/uploads\/2024\/02\/farol-de-alexandria-350x220.jpg 350w\" sizes=\"auto, (max-width: 1000px) 100vw, 1000px\" \/><figcaption><em><span class=\"has-inline-color has-black-color\">(Foto: Dom\u00ednio P\u00fablico\/Wikimedia Commons)<\/span><\/em><\/figcaption><\/figure><\/div>\n\n\n\n<p><a href=\"https:\/\/aventurasnahistoria.uol.com.br\/noticias\/reportagem\/5-coisas-que-voce-precisa-saber-sobre-alexandre-o-grande-antes-de-ver-serie-da-netflix.phtml\">Alexandre, o Grande<\/a>, foi um dos mais poderosos l\u00edderes militares que o mundo antigo viu. E, entre suas obras principais, est\u00e1 a cidade de\u00a0<mark>Alexandria<\/mark>, um porto mediterr\u00e2neo na costa do Egito, fundada em 331 a.C. Chegar at\u00e9 seu porto de barco era uma tarefa consideravelmente dif\u00edcil, por suas \u00e1guas rasas e cheias de rochas. Para resolver os obst\u00e1culos, fora constru\u00edda uma imponente torre luminosa de sinaliza\u00e7\u00e3o na ilha vizinha de Pharos: o <mark>Farol de Alexandria<\/mark>.<\/p>\n\n\n\n<div class=\"wp-block-image\"><figure class=\"aligncenter size-large is-resized\"><img loading=\"lazy\" decoding=\"async\" src=\"https:\/\/jornalfatosenoticias.com.br\/wp-content\/uploads\/2024\/01\/consultoria-ambiental.jpg\" alt=\"\" class=\"wp-image-48314\" width=\"282\" height=\"255\" srcset=\"https:\/\/jornalfatosenoticias.com.br\/wp-content\/uploads\/2024\/01\/consultoria-ambiental.jpg 832w, https:\/\/jornalfatosenoticias.com.br\/wp-content\/uploads\/2024\/01\/consultoria-ambiental-300x272.jpg 300w, https:\/\/jornalfatosenoticias.com.br\/wp-content\/uploads\/2024\/01\/consultoria-ambiental-768x696.jpg 768w\" sizes=\"auto, (max-width: 282px) 100vw, 282px\" \/><\/figure><\/div>\n\n\n\n<p>Registros antigos fazem acreditar que a constru\u00e7\u00e3o tivesse pouco menos de 140 metros de altura, fazendo dela a segunda estrutura mais alta feita pelo homem na \u00e9poca. Infelizmente, o majestoso farol sofreu com<mark>\u00a0terremotos<\/mark> com o tempo, e suas ru\u00ednas desabaram no s\u00e9culo 15.<\/p>\n\n\n\n<h2 class=\"wp-block-heading\"><strong><span class=\"has-inline-color has-vivid-purple-color\">6. Templo de \u00c1rtemis<\/span><\/strong><\/h2>\n\n\n\n<div class=\"wp-block-image\"><figure class=\"aligncenter size-large\"><img loading=\"lazy\" decoding=\"async\" width=\"1000\" height=\"653\" src=\"https:\/\/jornalfatosenoticias.com.br\/wp-content\/uploads\/2024\/02\/templo-de-artemis.jpg\" alt=\"\" class=\"wp-image-49352\" srcset=\"https:\/\/jornalfatosenoticias.com.br\/wp-content\/uploads\/2024\/02\/templo-de-artemis.jpg 1000w, https:\/\/jornalfatosenoticias.com.br\/wp-content\/uploads\/2024\/02\/templo-de-artemis-300x196.jpg 300w, https:\/\/jornalfatosenoticias.com.br\/wp-content\/uploads\/2024\/02\/templo-de-artemis-768x502.jpg 768w\" sizes=\"auto, (max-width: 1000px) 100vw, 1000px\" \/><figcaption><em><span class=\"has-inline-color has-black-color\">(Foto: Wikimedia Commons)<\/span><\/em><\/figcaption><\/figure><\/div>\n\n\n\n<p>Mais uma vez, um templo feito pelos gregos em homenagem a um de seus deuses entra na lista das maravilhas do mundo antigo. O sexto membro \u00e9 o <mark>Templo de \u00c1rtemis<\/mark>, que ficaria marcado como o\u00a0<mark>maior templo do mundo antigo<\/mark>.\u00a0<br>Constru\u00eddo em m\u00e1rmore, era tamb\u00e9m considerado um dos mais belos do mundo, entre todos os santu\u00e1rios constru\u00eddos pelos gregos em <mark>honra \u00e0 deusa \u00c1rtemis, deusa da ca\u00e7a, da vida selvagem e do nascimento<\/mark>. Apresentava 91 metros de comprimento, 45 metros de largura e 18 metros de altura.<\/p>\n\n\n\n<div class=\"wp-block-image\"><figure class=\"aligncenter size-large\"><img loading=\"lazy\" decoding=\"async\" width=\"300\" height=\"250\" src=\"https:\/\/jornalfatosenoticias.com.br\/wp-content\/uploads\/2020\/02\/Banner-2.png\" alt=\"\" class=\"wp-image-43787\"\/><\/figure><\/div>\n\n\n\n<p>Sua destrui\u00e7\u00e3o, por sua vez, ocorreu em etapas ao longo da Hist\u00f3ria. Primeiro, por uma inunda\u00e7\u00e3o no s\u00e9culo 7 a.C.; depois, em 356 a.C., um homem ateou fogo no local buscando fama; e por fim, uma invas\u00e3o dos godos, uma tribo germ\u00e2nica oriental que se originou na Escandin\u00e1via, no s\u00e9culo 3.<\/p>\n\n\n\n<div class=\"wp-block-image\"><figure class=\"aligncenter size-large\"><img decoding=\"async\" src=\"https:\/\/jornalfatosenoticias.com.br\/wp-content\/uploads\/2020\/02\/barao-das-carnes-300x164-1.jpg\" alt=\"\" class=\"wp-image-34339\"\/><\/figure><\/div>\n\n\n\n<h2 class=\"wp-block-heading\"><strong><span class=\"has-inline-color has-vivid-purple-color\">7. Colosso de Rodes<\/span><\/strong><\/h2>\n\n\n\n<div class=\"wp-block-image\"><figure class=\"aligncenter size-large\"><img loading=\"lazy\" decoding=\"async\" width=\"641\" height=\"800\" src=\"https:\/\/jornalfatosenoticias.com.br\/wp-content\/uploads\/2024\/02\/colosso-de-rodes.jpg\" alt=\"\" class=\"wp-image-49353\" srcset=\"https:\/\/jornalfatosenoticias.com.br\/wp-content\/uploads\/2024\/02\/colosso-de-rodes.jpg 641w, https:\/\/jornalfatosenoticias.com.br\/wp-content\/uploads\/2024\/02\/colosso-de-rodes-240x300.jpg 240w\" sizes=\"auto, (max-width: 641px) 100vw, 641px\" \/><figcaption><em><span class=\"has-inline-color has-black-color\">(Foto: Dom\u00ednio P\u00fablico\/Wikimedia Commons)<\/span><\/em><\/figcaption><\/figure><\/div>\n\n\n\n<p>No ano 282 a.C., os gregos realizaram outro feito arquitet\u00f4nico memor\u00e1vel para a hist\u00f3ria da Antiguidade: foi erguido o\u00a0<mark>Colosso de Rodes<\/mark>, na ilha grega de Rhodes, como uma forma de celebrar um triunfo militar. Com 32 metros de altura, foi erguido no mar por\u00a0<strong>Car\u00e9s de Lindos<\/strong>\u00a0e representava o\u00a0<mark>tit\u00e3-deus do Sol da mitologia grega, H\u00e9lios<\/mark>, segurando uma tocha e voltado para o porto da cidade.<\/p>\n\n\n\n<div class=\"wp-block-image\"><figure class=\"aligncenter size-large is-resized\"><img loading=\"lazy\" decoding=\"async\" src=\"https:\/\/jornalfatosenoticias.com.br\/wp-content\/uploads\/2020\/02\/nova-logo-Marquetti.jpg\" alt=\"\" class=\"wp-image-22331\" width=\"306\" height=\"205\" srcset=\"https:\/\/jornalfatosenoticias.com.br\/wp-content\/uploads\/2020\/02\/nova-logo-Marquetti.jpg 643w, https:\/\/jornalfatosenoticias.com.br\/wp-content\/uploads\/2020\/02\/nova-logo-Marquetti-300x202.jpg 300w\" sizes=\"auto, (max-width: 306px) 100vw, 306px\" \/><\/figure><\/div>\n\n\n\n<p>No entanto, essa foi <mark>a obra que durou menos tempo<\/mark>, mantendo-se de p\u00e9 por menos de 60 anos. Em 226 a.C., um terremoto levou \u00e0 destrui\u00e7\u00e3o da est\u00e1tua; e os cidad\u00e3os de Rodes optaram por n\u00e3o reconstru\u00ed-la. Apesar disso, alguns peda\u00e7os do gigante de pedra permaneceram no local por mais de 800 anos, at\u00e9 que a regi\u00e3o foi invadida, no s\u00e9culo 7, e os destro\u00e7os vendidos.<\/p>\n\n\n\n<div class=\"wp-block-image\"><figure class=\"aligncenter size-large is-resized\"><img loading=\"lazy\" decoding=\"async\" src=\"https:\/\/jornalfatosenoticias.com.br\/wp-content\/uploads\/2023\/09\/vetorvix1024_1.jpg\" alt=\"\" class=\"wp-image-44868\" width=\"494\" height=\"131\" srcset=\"https:\/\/jornalfatosenoticias.com.br\/wp-content\/uploads\/2023\/09\/vetorvix1024_1.jpg 1024w, https:\/\/jornalfatosenoticias.com.br\/wp-content\/uploads\/2023\/09\/vetorvix1024_1-300x80.jpg 300w, https:\/\/jornalfatosenoticias.com.br\/wp-content\/uploads\/2023\/09\/vetorvix1024_1-768x205.jpg 768w\" sizes=\"auto, (max-width: 494px) 100vw, 494px\" \/><\/figure><\/div>\n\n\n\n<p><strong><em>Fonte: <a href=\"https:\/\/aventurasnahistoria.uol.com.br\/noticias\/almanaque\/veja-7-gloriosas-e-impressionantes-maravilhas-do-mundo-antigo.phtml\">Aventuras na Hist\u00f3ria<\/a><\/em><\/strong><\/p>\n","protected":false},"excerpt":{"rendered":"<p>As sete maravilhas do mundo antigo s\u00e3o consideradas o auge da engenharia, da arquitetura e da beleza art\u00edstica da antiguidade Por \u00c9ric Moreira Hoje, os turistas que viajam at\u00e9 pa\u00edses como a It\u00e1lia, a \u00cdndia ou at\u00e9 mesmo o Brasil, deixariam dificilmente de visitar algumas de suas constru\u00e7\u00f5es que ficaram conhecidas no mundo todo ao [&hellip;]<\/p>\n","protected":false},"author":2,"featured_media":49354,"comment_status":"open","ping_status":"open","sticky":false,"template":"","format":"standard","meta":{"footnotes":""},"categories":[746],"tags":[1477,2185,3677,1850,6138,249,2675,322,22857,22859,22858],"class_list":["post-49346","post","type-post","status-publish","format-standard","has-post-thumbnail","hentry","category-turismo","tag-antiguidade","tag-arquitetura","tag-arte","tag-curiosidades","tag-engenharia","tag-historia","tag-maravilhas","tag-mundo","tag-mundo-antigo","tag-sete-maravilhas","tag-sete-maravilhas-do-mundo-antigo"],"yoast_head":"<!-- This site is optimized with the Yoast SEO plugin v26.5 - https:\/\/yoast.com\/wordpress\/plugins\/seo\/ -->\n<title>As sete gloriosas e impressionantes maravilhas do mundo antigo - Jornal Fatos e Not\u00edcias<\/title>\n<meta name=\"robots\" content=\"index, follow, max-snippet:-1, max-image-preview:large, max-video-preview:-1\" \/>\n<link rel=\"canonical\" href=\"https:\/\/jornalfatosenoticias.com.br\/index.php\/2024\/02\/20\/as-sete-gloriosas-e-impressionantes-maravilhas-do-mundo-antigo\/\" \/>\n<meta property=\"og:locale\" content=\"pt_BR\" \/>\n<meta property=\"og:type\" content=\"article\" \/>\n<meta property=\"og:title\" content=\"As sete gloriosas e impressionantes maravilhas do mundo antigo - Jornal Fatos e Not\u00edcias\" \/>\n<meta property=\"og:description\" content=\"As sete maravilhas do mundo antigo s\u00e3o consideradas o auge da engenharia, da arquitetura e da beleza art\u00edstica da antiguidade Por \u00c9ric Moreira Hoje, os turistas que viajam at\u00e9 pa\u00edses como a It\u00e1lia, a \u00cdndia ou at\u00e9 mesmo o Brasil, deixariam dificilmente de visitar algumas de suas constru\u00e7\u00f5es que ficaram conhecidas no mundo todo ao [&hellip;]\" \/>\n<meta property=\"og:url\" content=\"https:\/\/jornalfatosenoticias.com.br\/index.php\/2024\/02\/20\/as-sete-gloriosas-e-impressionantes-maravilhas-do-mundo-antigo\/\" \/>\n<meta property=\"og:site_name\" content=\"Jornal Fatos e Not\u00edcias\" \/>\n<meta property=\"article:published_time\" content=\"2024-02-20T16:40:24+00:00\" \/>\n<meta property=\"article:modified_time\" content=\"2024-02-20T16:40:25+00:00\" \/>\n<meta property=\"og:image\" content=\"https:\/\/jornalfatosenoticias.com.br\/wp-content\/uploads\/2024\/02\/as-7-maravilhas_do-mundo.jpg\" \/>\n\t<meta property=\"og:image:width\" content=\"800\" \/>\n\t<meta property=\"og:image:height\" content=\"450\" \/>\n\t<meta property=\"og:image:type\" content=\"image\/jpeg\" \/>\n<meta name=\"author\" content=\"Luzimara Fernandes\" \/>\n<meta name=\"twitter:card\" content=\"summary_large_image\" \/>\n<meta name=\"twitter:label1\" content=\"Escrito por\" \/>\n\t<meta name=\"twitter:data1\" content=\"Luzimara Fernandes\" \/>\n\t<meta name=\"twitter:label2\" content=\"Est. tempo de leitura\" \/>\n\t<meta name=\"twitter:data2\" content=\"7 minutos\" \/>\n<script type=\"application\/ld+json\" class=\"yoast-schema-graph\">{\"@context\":\"https:\/\/schema.org\",\"@graph\":[{\"@type\":\"Article\",\"@id\":\"https:\/\/jornalfatosenoticias.com.br\/index.php\/2024\/02\/20\/as-sete-gloriosas-e-impressionantes-maravilhas-do-mundo-antigo\/#article\",\"isPartOf\":{\"@id\":\"https:\/\/jornalfatosenoticias.com.br\/index.php\/2024\/02\/20\/as-sete-gloriosas-e-impressionantes-maravilhas-do-mundo-antigo\/\"},\"author\":{\"name\":\"Luzimara Fernandes\",\"@id\":\"https:\/\/jornalfatosenoticias.com.br\/#\/schema\/person\/d63837fa13ac8666eb9e74e0985d6f81\"},\"headline\":\"As sete gloriosas e impressionantes maravilhas do mundo antigo\",\"datePublished\":\"2024-02-20T16:40:24+00:00\",\"dateModified\":\"2024-02-20T16:40:25+00:00\",\"mainEntityOfPage\":{\"@id\":\"https:\/\/jornalfatosenoticias.com.br\/index.php\/2024\/02\/20\/as-sete-gloriosas-e-impressionantes-maravilhas-do-mundo-antigo\/\"},\"wordCount\":1404,\"commentCount\":0,\"publisher\":{\"@id\":\"https:\/\/jornalfatosenoticias.com.br\/#organization\"},\"image\":{\"@id\":\"https:\/\/jornalfatosenoticias.com.br\/index.php\/2024\/02\/20\/as-sete-gloriosas-e-impressionantes-maravilhas-do-mundo-antigo\/#primaryimage\"},\"thumbnailUrl\":\"https:\/\/jornalfatosenoticias.com.br\/wp-content\/uploads\/2024\/02\/as-7-maravilhas_do-mundo.jpg\",\"keywords\":[\"Antiguidade\",\"arquitetura\",\"arte\",\"curiosidades\",\"engenharia\",\"hist\u00f3ria\",\"maravilhas\",\"mundo\",\"mundo antigo\",\"Sete Maravilhas\",\"sete maravilhas do mundo antigo\"],\"articleSection\":[\"Turismo\"],\"inLanguage\":\"pt-BR\",\"potentialAction\":[{\"@type\":\"CommentAction\",\"name\":\"Comment\",\"target\":[\"https:\/\/jornalfatosenoticias.com.br\/index.php\/2024\/02\/20\/as-sete-gloriosas-e-impressionantes-maravilhas-do-mundo-antigo\/#respond\"]}]},{\"@type\":\"WebPage\",\"@id\":\"https:\/\/jornalfatosenoticias.com.br\/index.php\/2024\/02\/20\/as-sete-gloriosas-e-impressionantes-maravilhas-do-mundo-antigo\/\",\"url\":\"https:\/\/jornalfatosenoticias.com.br\/index.php\/2024\/02\/20\/as-sete-gloriosas-e-impressionantes-maravilhas-do-mundo-antigo\/\",\"name\":\"As sete gloriosas e impressionantes maravilhas do mundo antigo - Jornal Fatos e Not\u00edcias\",\"isPartOf\":{\"@id\":\"https:\/\/jornalfatosenoticias.com.br\/#website\"},\"primaryImageOfPage\":{\"@id\":\"https:\/\/jornalfatosenoticias.com.br\/index.php\/2024\/02\/20\/as-sete-gloriosas-e-impressionantes-maravilhas-do-mundo-antigo\/#primaryimage\"},\"image\":{\"@id\":\"https:\/\/jornalfatosenoticias.com.br\/index.php\/2024\/02\/20\/as-sete-gloriosas-e-impressionantes-maravilhas-do-mundo-antigo\/#primaryimage\"},\"thumbnailUrl\":\"https:\/\/jornalfatosenoticias.com.br\/wp-content\/uploads\/2024\/02\/as-7-maravilhas_do-mundo.jpg\",\"datePublished\":\"2024-02-20T16:40:24+00:00\",\"dateModified\":\"2024-02-20T16:40:25+00:00\",\"breadcrumb\":{\"@id\":\"https:\/\/jornalfatosenoticias.com.br\/index.php\/2024\/02\/20\/as-sete-gloriosas-e-impressionantes-maravilhas-do-mundo-antigo\/#breadcrumb\"},\"inLanguage\":\"pt-BR\",\"potentialAction\":[{\"@type\":\"ReadAction\",\"target\":[\"https:\/\/jornalfatosenoticias.com.br\/index.php\/2024\/02\/20\/as-sete-gloriosas-e-impressionantes-maravilhas-do-mundo-antigo\/\"]}]},{\"@type\":\"ImageObject\",\"inLanguage\":\"pt-BR\",\"@id\":\"https:\/\/jornalfatosenoticias.com.br\/index.php\/2024\/02\/20\/as-sete-gloriosas-e-impressionantes-maravilhas-do-mundo-antigo\/#primaryimage\",\"url\":\"https:\/\/jornalfatosenoticias.com.br\/wp-content\/uploads\/2024\/02\/as-7-maravilhas_do-mundo.jpg\",\"contentUrl\":\"https:\/\/jornalfatosenoticias.com.br\/wp-content\/uploads\/2024\/02\/as-7-maravilhas_do-mundo.jpg\",\"width\":800,\"height\":450},{\"@type\":\"BreadcrumbList\",\"@id\":\"https:\/\/jornalfatosenoticias.com.br\/index.php\/2024\/02\/20\/as-sete-gloriosas-e-impressionantes-maravilhas-do-mundo-antigo\/#breadcrumb\",\"itemListElement\":[{\"@type\":\"ListItem\",\"position\":1,\"name\":\"In\u00edcio\",\"item\":\"https:\/\/jornalfatosenoticias.com.br\/\"},{\"@type\":\"ListItem\",\"position\":2,\"name\":\"As sete gloriosas e impressionantes maravilhas do mundo antigo\"}]},{\"@type\":\"WebSite\",\"@id\":\"https:\/\/jornalfatosenoticias.com.br\/#website\",\"url\":\"https:\/\/jornalfatosenoticias.com.br\/\",\"name\":\"Jornal Fatos e Not\u00edcias\",\"description\":\"Not\u00edcias em geral\",\"publisher\":{\"@id\":\"https:\/\/jornalfatosenoticias.com.br\/#organization\"},\"potentialAction\":[{\"@type\":\"SearchAction\",\"target\":{\"@type\":\"EntryPoint\",\"urlTemplate\":\"https:\/\/jornalfatosenoticias.com.br\/?s={search_term_string}\"},\"query-input\":{\"@type\":\"PropertyValueSpecification\",\"valueRequired\":true,\"valueName\":\"search_term_string\"}}],\"inLanguage\":\"pt-BR\"},{\"@type\":\"Organization\",\"@id\":\"https:\/\/jornalfatosenoticias.com.br\/#organization\",\"name\":\"Jornal Fatos e Not\u00edcias\",\"url\":\"https:\/\/jornalfatosenoticias.com.br\/\",\"logo\":{\"@type\":\"ImageObject\",\"inLanguage\":\"pt-BR\",\"@id\":\"https:\/\/jornalfatosenoticias.com.br\/#\/schema\/logo\/image\/\",\"url\":\"https:\/\/jornalfatosenoticias.com.br\/wp-content\/uploads\/2020\/02\/logo120.png\",\"contentUrl\":\"https:\/\/jornalfatosenoticias.com.br\/wp-content\/uploads\/2020\/02\/logo120.png\",\"width\":1227,\"height\":120,\"caption\":\"Jornal Fatos e Not\u00edcias\"},\"image\":{\"@id\":\"https:\/\/jornalfatosenoticias.com.br\/#\/schema\/logo\/image\/\"}},{\"@type\":\"Person\",\"@id\":\"https:\/\/jornalfatosenoticias.com.br\/#\/schema\/person\/d63837fa13ac8666eb9e74e0985d6f81\",\"name\":\"Luzimara Fernandes\",\"image\":{\"@type\":\"ImageObject\",\"inLanguage\":\"pt-BR\",\"@id\":\"https:\/\/jornalfatosenoticias.com.br\/#\/schema\/person\/image\/\",\"url\":\"https:\/\/jornalfatosenoticias.com.br\/wp-content\/uploads\/2025\/05\/EU_portal.jpg\",\"contentUrl\":\"https:\/\/jornalfatosenoticias.com.br\/wp-content\/uploads\/2025\/05\/EU_portal.jpg\",\"caption\":\"Luzimara Fernandes\"},\"description\":\"Jornalista MTB 2358-ES\",\"sameAs\":[\"https:\/\/jornalfatosenoticias.com.br\"],\"url\":\"https:\/\/jornalfatosenoticias.com.br\/index.php\/author\/luzimara\/\"}]}<\/script>\n<!-- \/ Yoast SEO plugin. -->","yoast_head_json":{"title":"As sete gloriosas e impressionantes maravilhas do mundo antigo - Jornal Fatos e Not\u00edcias","robots":{"index":"index","follow":"follow","max-snippet":"max-snippet:-1","max-image-preview":"max-image-preview:large","max-video-preview":"max-video-preview:-1"},"canonical":"https:\/\/jornalfatosenoticias.com.br\/index.php\/2024\/02\/20\/as-sete-gloriosas-e-impressionantes-maravilhas-do-mundo-antigo\/","og_locale":"pt_BR","og_type":"article","og_title":"As sete gloriosas e impressionantes maravilhas do mundo antigo - Jornal Fatos e Not\u00edcias","og_description":"As sete maravilhas do mundo antigo s\u00e3o consideradas o auge da engenharia, da arquitetura e da beleza art\u00edstica da antiguidade Por \u00c9ric Moreira Hoje, os turistas que viajam at\u00e9 pa\u00edses como a It\u00e1lia, a \u00cdndia ou at\u00e9 mesmo o Brasil, deixariam dificilmente de visitar algumas de suas constru\u00e7\u00f5es que ficaram conhecidas no mundo todo ao [&hellip;]","og_url":"https:\/\/jornalfatosenoticias.com.br\/index.php\/2024\/02\/20\/as-sete-gloriosas-e-impressionantes-maravilhas-do-mundo-antigo\/","og_site_name":"Jornal Fatos e Not\u00edcias","article_published_time":"2024-02-20T16:40:24+00:00","article_modified_time":"2024-02-20T16:40:25+00:00","og_image":[{"width":800,"height":450,"url":"https:\/\/jornalfatosenoticias.com.br\/wp-content\/uploads\/2024\/02\/as-7-maravilhas_do-mundo.jpg","type":"image\/jpeg"}],"author":"Luzimara Fernandes","twitter_card":"summary_large_image","twitter_misc":{"Escrito por":"Luzimara Fernandes","Est. tempo de leitura":"7 minutos"},"schema":{"@context":"https:\/\/schema.org","@graph":[{"@type":"Article","@id":"https:\/\/jornalfatosenoticias.com.br\/index.php\/2024\/02\/20\/as-sete-gloriosas-e-impressionantes-maravilhas-do-mundo-antigo\/#article","isPartOf":{"@id":"https:\/\/jornalfatosenoticias.com.br\/index.php\/2024\/02\/20\/as-sete-gloriosas-e-impressionantes-maravilhas-do-mundo-antigo\/"},"author":{"name":"Luzimara Fernandes","@id":"https:\/\/jornalfatosenoticias.com.br\/#\/schema\/person\/d63837fa13ac8666eb9e74e0985d6f81"},"headline":"As sete gloriosas e impressionantes maravilhas do mundo antigo","datePublished":"2024-02-20T16:40:24+00:00","dateModified":"2024-02-20T16:40:25+00:00","mainEntityOfPage":{"@id":"https:\/\/jornalfatosenoticias.com.br\/index.php\/2024\/02\/20\/as-sete-gloriosas-e-impressionantes-maravilhas-do-mundo-antigo\/"},"wordCount":1404,"commentCount":0,"publisher":{"@id":"https:\/\/jornalfatosenoticias.com.br\/#organization"},"image":{"@id":"https:\/\/jornalfatosenoticias.com.br\/index.php\/2024\/02\/20\/as-sete-gloriosas-e-impressionantes-maravilhas-do-mundo-antigo\/#primaryimage"},"thumbnailUrl":"https:\/\/jornalfatosenoticias.com.br\/wp-content\/uploads\/2024\/02\/as-7-maravilhas_do-mundo.jpg","keywords":["Antiguidade","arquitetura","arte","curiosidades","engenharia","hist\u00f3ria","maravilhas","mundo","mundo antigo","Sete Maravilhas","sete maravilhas do mundo antigo"],"articleSection":["Turismo"],"inLanguage":"pt-BR","potentialAction":[{"@type":"CommentAction","name":"Comment","target":["https:\/\/jornalfatosenoticias.com.br\/index.php\/2024\/02\/20\/as-sete-gloriosas-e-impressionantes-maravilhas-do-mundo-antigo\/#respond"]}]},{"@type":"WebPage","@id":"https:\/\/jornalfatosenoticias.com.br\/index.php\/2024\/02\/20\/as-sete-gloriosas-e-impressionantes-maravilhas-do-mundo-antigo\/","url":"https:\/\/jornalfatosenoticias.com.br\/index.php\/2024\/02\/20\/as-sete-gloriosas-e-impressionantes-maravilhas-do-mundo-antigo\/","name":"As sete gloriosas e impressionantes maravilhas do mundo antigo - Jornal Fatos e Not\u00edcias","isPartOf":{"@id":"https:\/\/jornalfatosenoticias.com.br\/#website"},"primaryImageOfPage":{"@id":"https:\/\/jornalfatosenoticias.com.br\/index.php\/2024\/02\/20\/as-sete-gloriosas-e-impressionantes-maravilhas-do-mundo-antigo\/#primaryimage"},"image":{"@id":"https:\/\/jornalfatosenoticias.com.br\/index.php\/2024\/02\/20\/as-sete-gloriosas-e-impressionantes-maravilhas-do-mundo-antigo\/#primaryimage"},"thumbnailUrl":"https:\/\/jornalfatosenoticias.com.br\/wp-content\/uploads\/2024\/02\/as-7-maravilhas_do-mundo.jpg","datePublished":"2024-02-20T16:40:24+00:00","dateModified":"2024-02-20T16:40:25+00:00","breadcrumb":{"@id":"https:\/\/jornalfatosenoticias.com.br\/index.php\/2024\/02\/20\/as-sete-gloriosas-e-impressionantes-maravilhas-do-mundo-antigo\/#breadcrumb"},"inLanguage":"pt-BR","potentialAction":[{"@type":"ReadAction","target":["https:\/\/jornalfatosenoticias.com.br\/index.php\/2024\/02\/20\/as-sete-gloriosas-e-impressionantes-maravilhas-do-mundo-antigo\/"]}]},{"@type":"ImageObject","inLanguage":"pt-BR","@id":"https:\/\/jornalfatosenoticias.com.br\/index.php\/2024\/02\/20\/as-sete-gloriosas-e-impressionantes-maravilhas-do-mundo-antigo\/#primaryimage","url":"https:\/\/jornalfatosenoticias.com.br\/wp-content\/uploads\/2024\/02\/as-7-maravilhas_do-mundo.jpg","contentUrl":"https:\/\/jornalfatosenoticias.com.br\/wp-content\/uploads\/2024\/02\/as-7-maravilhas_do-mundo.jpg","width":800,"height":450},{"@type":"BreadcrumbList","@id":"https:\/\/jornalfatosenoticias.com.br\/index.php\/2024\/02\/20\/as-sete-gloriosas-e-impressionantes-maravilhas-do-mundo-antigo\/#breadcrumb","itemListElement":[{"@type":"ListItem","position":1,"name":"In\u00edcio","item":"https:\/\/jornalfatosenoticias.com.br\/"},{"@type":"ListItem","position":2,"name":"As sete gloriosas e impressionantes maravilhas do mundo antigo"}]},{"@type":"WebSite","@id":"https:\/\/jornalfatosenoticias.com.br\/#website","url":"https:\/\/jornalfatosenoticias.com.br\/","name":"Jornal Fatos e Not\u00edcias","description":"Not\u00edcias em geral","publisher":{"@id":"https:\/\/jornalfatosenoticias.com.br\/#organization"},"potentialAction":[{"@type":"SearchAction","target":{"@type":"EntryPoint","urlTemplate":"https:\/\/jornalfatosenoticias.com.br\/?s={search_term_string}"},"query-input":{"@type":"PropertyValueSpecification","valueRequired":true,"valueName":"search_term_string"}}],"inLanguage":"pt-BR"},{"@type":"Organization","@id":"https:\/\/jornalfatosenoticias.com.br\/#organization","name":"Jornal Fatos e Not\u00edcias","url":"https:\/\/jornalfatosenoticias.com.br\/","logo":{"@type":"ImageObject","inLanguage":"pt-BR","@id":"https:\/\/jornalfatosenoticias.com.br\/#\/schema\/logo\/image\/","url":"https:\/\/jornalfatosenoticias.com.br\/wp-content\/uploads\/2020\/02\/logo120.png","contentUrl":"https:\/\/jornalfatosenoticias.com.br\/wp-content\/uploads\/2020\/02\/logo120.png","width":1227,"height":120,"caption":"Jornal Fatos e Not\u00edcias"},"image":{"@id":"https:\/\/jornalfatosenoticias.com.br\/#\/schema\/logo\/image\/"}},{"@type":"Person","@id":"https:\/\/jornalfatosenoticias.com.br\/#\/schema\/person\/d63837fa13ac8666eb9e74e0985d6f81","name":"Luzimara Fernandes","image":{"@type":"ImageObject","inLanguage":"pt-BR","@id":"https:\/\/jornalfatosenoticias.com.br\/#\/schema\/person\/image\/","url":"https:\/\/jornalfatosenoticias.com.br\/wp-content\/uploads\/2025\/05\/EU_portal.jpg","contentUrl":"https:\/\/jornalfatosenoticias.com.br\/wp-content\/uploads\/2025\/05\/EU_portal.jpg","caption":"Luzimara Fernandes"},"description":"Jornalista MTB 2358-ES","sameAs":["https:\/\/jornalfatosenoticias.com.br"],"url":"https:\/\/jornalfatosenoticias.com.br\/index.php\/author\/luzimara\/"}]}},"cc_featured_image_caption":{"caption_text":"(Foto: Dom\u00ednio P\u00fablico\/Wikimedia Commons)","source_text":"","source_url":""},"jetpack_featured_media_url":"https:\/\/jornalfatosenoticias.com.br\/wp-content\/uploads\/2024\/02\/as-7-maravilhas_do-mundo.jpg","_links":{"self":[{"href":"https:\/\/jornalfatosenoticias.com.br\/index.php\/wp-json\/wp\/v2\/posts\/49346","targetHints":{"allow":["GET"]}}],"collection":[{"href":"https:\/\/jornalfatosenoticias.com.br\/index.php\/wp-json\/wp\/v2\/posts"}],"about":[{"href":"https:\/\/jornalfatosenoticias.com.br\/index.php\/wp-json\/wp\/v2\/types\/post"}],"author":[{"embeddable":true,"href":"https:\/\/jornalfatosenoticias.com.br\/index.php\/wp-json\/wp\/v2\/users\/2"}],"replies":[{"embeddable":true,"href":"https:\/\/jornalfatosenoticias.com.br\/index.php\/wp-json\/wp\/v2\/comments?post=49346"}],"version-history":[{"count":0,"href":"https:\/\/jornalfatosenoticias.com.br\/index.php\/wp-json\/wp\/v2\/posts\/49346\/revisions"}],"wp:featuredmedia":[{"embeddable":true,"href":"https:\/\/jornalfatosenoticias.com.br\/index.php\/wp-json\/wp\/v2\/media\/49354"}],"wp:attachment":[{"href":"https:\/\/jornalfatosenoticias.com.br\/index.php\/wp-json\/wp\/v2\/media?parent=49346"}],"wp:term":[{"taxonomy":"category","embeddable":true,"href":"https:\/\/jornalfatosenoticias.com.br\/index.php\/wp-json\/wp\/v2\/categories?post=49346"},{"taxonomy":"post_tag","embeddable":true,"href":"https:\/\/jornalfatosenoticias.com.br\/index.php\/wp-json\/wp\/v2\/tags?post=49346"}],"curies":[{"name":"wp","href":"https:\/\/api.w.org\/{rel}","templated":true}]}}