{"id":49363,"date":"2024-02-20T14:38:28","date_gmt":"2024-02-20T17:38:28","guid":{"rendered":"https:\/\/jornalfatosenoticias.com.br\/?p=49363"},"modified":"2024-02-20T14:39:15","modified_gmt":"2024-02-20T17:39:15","slug":"acao-do-instituto-marlim-azul-leva-cinema-para-escolas-da-capital","status":"publish","type":"post","link":"https:\/\/jornalfatosenoticias.com.br\/index.php\/2024\/02\/20\/acao-do-instituto-marlim-azul-leva-cinema-para-escolas-da-capital\/","title":{"rendered":"A\u00e7\u00e3o do Instituto Marlim Azul leva cinema para escolas da capital"},"content":{"rendered":"\n<p><span class=\"has-inline-color has-black-color\">Por <strong>Pedro Vargas<\/strong><\/span><\/p>\n\n\n\n<div class=\"wp-block-image\"><figure class=\"aligncenter size-large\"><img loading=\"lazy\" decoding=\"async\" width=\"729\" height=\"90\" src=\"https:\/\/jornalfatosenoticias.com.br\/wp-content\/uploads\/2020\/02\/Logo_Mizu.png\" alt=\"\" class=\"wp-image-1441\" srcset=\"https:\/\/jornalfatosenoticias.com.br\/wp-content\/uploads\/2020\/02\/Logo_Mizu.png 729w, https:\/\/jornalfatosenoticias.com.br\/wp-content\/uploads\/2020\/02\/Logo_Mizu-300x37.png 300w\" sizes=\"auto, (max-width: 729px) 100vw, 729px\" \/><\/figure><\/div>\n\n\n\n<p>Uma iniciativa do Instituto Marlin Azul em parceria com a Secretaria Municipal de Cultura (Semc), por meio do Projeto Cultural Rubem Braga, est\u00e1 mudando a realidade do ensino p\u00fablico na capital por meio da arte: \u00e9 o &#8220;Cine Animazul&#8221;. O projeto voltado para turmas de alunos da rede municipal de ensino, rede estadual e institui\u00e7\u00f5es sociais interessadas, leva os estudantes para uma viv\u00eancia cineclubista de introdu\u00e7\u00e3o \u00e0 linguagem audiovisual na sede no Instituto.<br>As inscri\u00e7\u00f5es para as institui\u00e7\u00f5es de ensino s\u00e3o gratuitas e foram abertas nesta segunda-feira (19) por meio do site cine.animazul.org.br\/cineanimazul. Ao todo ser\u00e3o disponibilizadas 70 sess\u00f5es, sendo 50 para escolas da rede municipal de ensino de Vit\u00f3ria e 20 para escolas da rede estadual de educa\u00e7\u00e3o, da regi\u00e3o metropolitana e no interior capixaba.<br>Entre os v\u00e1rios questionamentos poss\u00edveis, os estudantes poder\u00e3o refletir sobre: &#8220;Como entender e utilizar a linguagem e as t\u00e9cnicas do cinema para criar novos olhares e novos mundos em um mundo dominado por telas?&#8221;.<\/p>\n\n\n\n<div class=\"wp-block-image\"><figure class=\"aligncenter size-large is-resized\"><img loading=\"lazy\" decoding=\"async\" src=\"https:\/\/jornalfatosenoticias.com.br\/wp-content\/uploads\/2023\/03\/logo-Panper_portal.jpg\" alt=\"\" class=\"wp-image-40208\" width=\"352\" height=\"244\" srcset=\"https:\/\/jornalfatosenoticias.com.br\/wp-content\/uploads\/2023\/03\/logo-Panper_portal.jpg 400w, https:\/\/jornalfatosenoticias.com.br\/wp-content\/uploads\/2023\/03\/logo-Panper_portal-300x208.jpg 300w\" sizes=\"auto, (max-width: 352px) 100vw, 352px\" \/><\/figure><\/div>\n\n\n\n<p>A programa\u00e7\u00e3o das visitas inclui diferentes exerc\u00edcios de introdu\u00e7\u00e3o \u00e0 linguagem audiovisual como a simula\u00e7\u00e3o de uma pequena cena de cinema. Durante a atividade, os alunos criam um esquete, seus personagens, di\u00e1logos e a\u00e7\u00f5es para, em seguida, se distribu\u00edrem entre as diferentes fun\u00e7\u00f5es de um set de filmagem.<\/p>\n\n\n\n<div class=\"wp-block-image\"><figure class=\"aligncenter size-large is-resized\"><img loading=\"lazy\" decoding=\"async\" src=\"https:\/\/jornalfatosenoticias.com.br\/wp-content\/uploads\/2023\/09\/vetorvix1024_1.jpg\" alt=\"\" class=\"wp-image-44868\" width=\"524\" height=\"139\" srcset=\"https:\/\/jornalfatosenoticias.com.br\/wp-content\/uploads\/2023\/09\/vetorvix1024_1.jpg 1024w, https:\/\/jornalfatosenoticias.com.br\/wp-content\/uploads\/2023\/09\/vetorvix1024_1-300x80.jpg 300w, https:\/\/jornalfatosenoticias.com.br\/wp-content\/uploads\/2023\/09\/vetorvix1024_1-768x205.jpg 768w\" sizes=\"auto, (max-width: 524px) 100vw, 524px\" \/><\/figure><\/div>\n\n\n\n<p>A turma conta com um kit b\u00e1sico de realiza\u00e7\u00e3o audiovisual, como c\u00e2mera, microfone, trip\u00e9, luz e claquete, para colocar a m\u00e3o na massa, inventar, debater e implementar ideias em conjunto. Outro exerc\u00edcio leva os estudantes para uma viagem no tempo at\u00e9 os prim\u00f3rdios da inven\u00e7\u00e3o do cinema. A atividade se baseia na experimenta\u00e7\u00e3o de brinquedos \u00f3pticos, dispositivos \u00f3ptico-mec\u00e2nicos capazes de criar a ilus\u00e3o do movimento e de ajudar a compreender o princ\u00edpio b\u00e1sico do cinema de anima\u00e7\u00e3o. <\/p>\n\n\n\n<div class=\"wp-block-image\"><figure class=\"aligncenter size-large is-resized\"><img loading=\"lazy\" decoding=\"async\" src=\"https:\/\/jornalfatosenoticias.com.br\/wp-content\/uploads\/2022\/02\/Precisao-Contabilidade-1024x724.jpg\" alt=\"\" class=\"wp-image-28088\" width=\"365\" height=\"258\"\/><\/figure><\/div>\n\n\n\n<p>Dentre os experimentos est\u00e3o o taumatr\u00f3pio, o flipbook, o zootr\u00f3pio horizontal e vertical, o fenactosc\u00f3pio e praxinosc\u00f3pio. Para completar a experi\u00eancia de intera\u00e7\u00e3o entre o cinema e educa\u00e7\u00e3o, os alunos assistem a uma sess\u00e3o diversificada composta por curtas-metragens produzidos no Esp\u00edrito Santo e em outros estados brasileiros.<\/p>\n\n\n\n<div class=\"wp-block-image\"><figure class=\"aligncenter size-large\"><img loading=\"lazy\" decoding=\"async\" width=\"700\" height=\"700\" src=\"https:\/\/jornalfatosenoticias.com.br\/wp-content\/uploads\/2024\/02\/Instituto-Marlim-Azul-leva-cinema-para-escolas-da-capital.jpg\" alt=\"\" class=\"wp-image-49364\" srcset=\"https:\/\/jornalfatosenoticias.com.br\/wp-content\/uploads\/2024\/02\/Instituto-Marlim-Azul-leva-cinema-para-escolas-da-capital.jpg 700w, https:\/\/jornalfatosenoticias.com.br\/wp-content\/uploads\/2024\/02\/Instituto-Marlim-Azul-leva-cinema-para-escolas-da-capital-300x300.jpg 300w, https:\/\/jornalfatosenoticias.com.br\/wp-content\/uploads\/2024\/02\/Instituto-Marlim-Azul-leva-cinema-para-escolas-da-capital-150x150.jpg 150w\" sizes=\"auto, (max-width: 700px) 100vw, 700px\" \/><figcaption><em><span class=\"has-inline-color has-black-color\">Inscri\u00e7\u00f5es foram abertas nesta segunda-feira (19) (Foto: Divulga\u00e7\u00e3o\/PMV)<\/span><\/em><\/figcaption><\/figure><\/div>\n\n\n\n<p><strong><span class=\"has-inline-color has-vivid-purple-color\">Cronograma<br><\/span><\/strong>As visitas acontecer\u00e3o no decorrer do primeiro semestre de 2024, de ter\u00e7as \u00e0s sextas-feiras, no turno matutino, das 8 \u00e0s 11 horas, e no turno vespertino, das 14 \u00e0s 17 horas. Cada turma inscrita mobilizar\u00e1 um grupo com at\u00e9 35 alunos, acompanhados por respons\u00e1veis da escola ou da entidade participante.<\/p>\n\n\n\n<div class=\"wp-block-image\"><figure class=\"aligncenter size-large\"><img decoding=\"async\" src=\"https:\/\/jornalfatosenoticias.com.br\/wp-content\/uploads\/2020\/02\/barao-das-carnes-300x164-1.jpg\" alt=\"\" class=\"wp-image-34339\"\/><\/figure><\/div>\n\n\n\n<p>A sele\u00e7\u00e3o \u00e9 por ordem de inscri\u00e7\u00e3o at\u00e9 o preenchimento das 70 vagas. Como contrapartida, a escola ou institui\u00e7\u00e3o social inscrita ser\u00e1 respons\u00e1vel pelo transporte de ida e volta dos estudantes at\u00e9 o cineclube do Instituto Marlin Azul, localizado no bairro de Jardim da Penha em Vit\u00f3ria.<\/p>\n\n\n\n<div class=\"wp-block-image\"><figure class=\"aligncenter size-large is-resized\"><img loading=\"lazy\" decoding=\"async\" src=\"https:\/\/jornalfatosenoticias.com.br\/wp-content\/uploads\/2024\/01\/consultoria-ambiental.jpg\" alt=\"\" class=\"wp-image-48314\" width=\"335\" height=\"303\" srcset=\"https:\/\/jornalfatosenoticias.com.br\/wp-content\/uploads\/2024\/01\/consultoria-ambiental.jpg 832w, https:\/\/jornalfatosenoticias.com.br\/wp-content\/uploads\/2024\/01\/consultoria-ambiental-300x272.jpg 300w, https:\/\/jornalfatosenoticias.com.br\/wp-content\/uploads\/2024\/01\/consultoria-ambiental-768x696.jpg 768w\" sizes=\"auto, (max-width: 335px) 100vw, 335px\" \/><\/figure><\/div>\n\n\n\n<p><strong><span class=\"has-inline-color has-vivid-purple-color\">O projeto<br><\/span><\/strong>O Cine Animazul \u00e9 uma realiza\u00e7\u00e3o do Instituto Marlin Azul, com patroc\u00ednio da Prefeitura Municipal de Vit\u00f3ria, atrav\u00e9s do Projeto Cultural Rubem Braga, e da Secretaria da Cultura do Governo do Estado do Esp\u00edrito Santo, por meio dos recursos do Funcultura.<\/p>\n\n\n\n<div class=\"wp-block-image\"><figure class=\"aligncenter size-large\"><img decoding=\"async\" src=\"https:\/\/jornalfatosenoticias.com.br\/wp-content\/uploads\/2020\/02\/logo_esteio.jpg\" alt=\"\" class=\"wp-image-1214\"\/><\/figure><\/div>\n\n\n\n<p>O objetivo \u00e9 aproximar os estudantes da linguagem do cinema de forma pr\u00e1tica, l\u00fadica e envolvente e contribuir para o desenvolvimento da sensibilidade e da capacidade de interpreta\u00e7\u00e3o e an\u00e1lise cr\u00edtica dos participantes. A ideia ainda \u00e9 desmistificar o processo de cria\u00e7\u00e3o art\u00edstica, despertar o interesse pelo audiovisual como forma de frui\u00e7\u00e3o, express\u00e3o e comunica\u00e7\u00e3o e estimular novos usos do audiovisual nas escolas.<\/p>\n\n\n\n<div class=\"wp-block-image\"><figure class=\"aligncenter size-large is-resized\"><img loading=\"lazy\" decoding=\"async\" src=\"https:\/\/jornalfatosenoticias.com.br\/wp-content\/uploads\/2023\/08\/BKR-1024x1021.jpg\" alt=\"\" class=\"wp-image-44494\" width=\"308\" height=\"307\" srcset=\"https:\/\/jornalfatosenoticias.com.br\/wp-content\/uploads\/2023\/08\/BKR-1024x1021.jpg 1024w, https:\/\/jornalfatosenoticias.com.br\/wp-content\/uploads\/2023\/08\/BKR-300x300.jpg 300w, https:\/\/jornalfatosenoticias.com.br\/wp-content\/uploads\/2023\/08\/BKR-150x150.jpg 150w, https:\/\/jornalfatosenoticias.com.br\/wp-content\/uploads\/2023\/08\/BKR-768x766.jpg 768w, https:\/\/jornalfatosenoticias.com.br\/wp-content\/uploads\/2023\/08\/BKR.jpg 1080w\" sizes=\"auto, (max-width: 308px) 100vw, 308px\" \/><\/figure><\/div>\n\n\n\n<p><strong><span class=\"has-inline-color has-vivid-purple-color\">O Instituto Marlin Azul<br><\/span><\/strong>O Instituto Marlin Azul \u00e9 uma associa\u00e7\u00e3o sem fins lucrativos criada em 1999 cuja finalidade \u00e9 promover a\u00e7\u00f5es direcionadas \u00e0 cultura, \u00e0 arte e \u00e0 educa\u00e7\u00e3o, democratizando o acesso \u00e0 produ\u00e7\u00e3o e frui\u00e7\u00e3o de bens culturais.<br>Em 24 anos de atividades, a institui\u00e7\u00e3o vem desenvolvendo, a partir de a\u00e7\u00f5es de forma\u00e7\u00e3o, produ\u00e7\u00e3o, difus\u00e3o e inclus\u00e3o audiovisuais, diversos projetos sociais, culturais, ambientais, de preserva\u00e7\u00e3o e valoriza\u00e7\u00e3o da mem\u00f3ria e das tradi\u00e7\u00f5es populares, voltados para diferentes p\u00fablicos do Esp\u00edrito Santo e do Brasil.<\/p>\n\n\n\n<div class=\"wp-block-image\"><figure class=\"aligncenter size-large\"><img loading=\"lazy\" decoding=\"async\" width=\"300\" height=\"250\" src=\"https:\/\/jornalfatosenoticias.com.br\/wp-content\/uploads\/2020\/02\/Banner-2.png\" alt=\"\" class=\"wp-image-43787\"\/><\/figure><\/div>\n\n\n\n<p><strong><span class=\"has-inline-color has-black-color\"><span style=\"text-decoration: underline;\">Servi\u00e7o<br><\/span><\/span><\/strong><em>Inscri\u00e7\u00f5es para visitas ao Cineclube Animazul<br><\/em><strong>Quando:<\/strong> abertura de vagas nesta segunda-feira (19).<br><strong>Onde:<\/strong> site cine.animazul.org.br\/cineanimazul.<br><strong>Local das sess\u00f5es:<\/strong> Rua Oscar Rodrigues de Oliveira, n\u00ba 570, Jardim da Penha \u2014 Vit\u00f3ria.<br><strong>Informa\u00e7\u00f5es:<\/strong> (27) 99872-3521, (27) 3327-6999 ou e-mail instituto@imazul.org.<br><em>(As Sess\u00f5es ser\u00e3o realizadas de ter\u00e7as as sextas-feiras, das 8 \u00e0s 11 horas, e das 14 \u00e0s 17 horas, durante o primeiro semestre de 2024, conforme agendamento).<\/em><\/p>\n\n\n\n<div class=\"wp-block-image\"><figure class=\"aligncenter size-large is-resized\"><img loading=\"lazy\" decoding=\"async\" src=\"https:\/\/jornalfatosenoticias.com.br\/wp-content\/uploads\/2020\/02\/logo-Rapuzel-1024x571.jpg\" alt=\"\" class=\"wp-image-42808\" width=\"357\" height=\"199\" srcset=\"https:\/\/jornalfatosenoticias.com.br\/wp-content\/uploads\/2020\/02\/logo-Rapuzel-1024x571.jpg 1024w, https:\/\/jornalfatosenoticias.com.br\/wp-content\/uploads\/2020\/02\/logo-Rapuzel-300x167.jpg 300w, https:\/\/jornalfatosenoticias.com.br\/wp-content\/uploads\/2020\/02\/logo-Rapuzel-768x428.jpg 768w, https:\/\/jornalfatosenoticias.com.br\/wp-content\/uploads\/2020\/02\/logo-Rapuzel-1536x856.jpg 1536w, https:\/\/jornalfatosenoticias.com.br\/wp-content\/uploads\/2020\/02\/logo-Rapuzel.jpg 1600w\" sizes=\"auto, (max-width: 357px) 100vw, 357px\" \/><\/figure><\/div>\n\n\n\n<p><strong><em>Fonte: <a href=\"https:\/\/www.vitoria.es.gov.br\/noticia\/rubem-braga-acao-do-instituto-marlim-azul-leva-cinema-para-escolas-da-capital-50021\">PMV<\/a><\/em><\/strong><\/p>\n","protected":false},"excerpt":{"rendered":"<p>Por Pedro Vargas Uma iniciativa do Instituto Marlin Azul em parceria com a Secretaria Municipal de Cultura (Semc), por meio do Projeto Cultural Rubem Braga, est\u00e1 mudando a realidade do ensino p\u00fablico na capital por meio da arte: \u00e9 o &#8220;Cine Animazul&#8221;. O projeto voltado para turmas de alunos da rede municipal de ensino, rede [&hellip;]<\/p>\n","protected":false},"author":2,"featured_media":49365,"comment_status":"open","ping_status":"open","sticky":false,"template":"","format":"standard","meta":{"footnotes":""},"categories":[7],"tags":[10637,22863,13485,22864],"class_list":["post-49363","post","type-post","status-publish","format-standard","has-post-thumbnail","hentry","category-educacao","tag-cineclube-animazul","tag-cinema-na-escola","tag-escolas-de-vitoria","tag-instituto-marlim-azul"],"yoast_head":"<!-- This site is optimized with the Yoast SEO plugin v26.5 - https:\/\/yoast.com\/wordpress\/plugins\/seo\/ -->\n<title>A\u00e7\u00e3o do Instituto Marlim Azul leva cinema para escolas da capital - Jornal Fatos e Not\u00edcias<\/title>\n<meta name=\"robots\" content=\"index, follow, max-snippet:-1, max-image-preview:large, max-video-preview:-1\" \/>\n<link rel=\"canonical\" href=\"https:\/\/jornalfatosenoticias.com.br\/index.php\/2024\/02\/20\/acao-do-instituto-marlim-azul-leva-cinema-para-escolas-da-capital\/\" \/>\n<meta property=\"og:locale\" content=\"pt_BR\" \/>\n<meta property=\"og:type\" content=\"article\" \/>\n<meta property=\"og:title\" content=\"A\u00e7\u00e3o do Instituto Marlim Azul leva cinema para escolas da capital - Jornal Fatos e Not\u00edcias\" \/>\n<meta property=\"og:description\" content=\"Por Pedro Vargas Uma iniciativa do Instituto Marlin Azul em parceria com a Secretaria Municipal de Cultura (Semc), por meio do Projeto Cultural Rubem Braga, est\u00e1 mudando a realidade do ensino p\u00fablico na capital por meio da arte: \u00e9 o &#8220;Cine Animazul&#8221;. O projeto voltado para turmas de alunos da rede municipal de ensino, rede [&hellip;]\" \/>\n<meta property=\"og:url\" content=\"https:\/\/jornalfatosenoticias.com.br\/index.php\/2024\/02\/20\/acao-do-instituto-marlim-azul-leva-cinema-para-escolas-da-capital\/\" \/>\n<meta property=\"og:site_name\" content=\"Jornal Fatos e Not\u00edcias\" \/>\n<meta property=\"article:published_time\" content=\"2024-02-20T17:38:28+00:00\" \/>\n<meta property=\"article:modified_time\" content=\"2024-02-20T17:39:15+00:00\" \/>\n<meta property=\"og:image\" content=\"https:\/\/jornalfatosenoticias.com.br\/wp-content\/uploads\/2024\/02\/Instituto-Marlim-Azul-leva-cinema-para-escolas-da-capital2.jpg\" \/>\n\t<meta property=\"og:image:width\" content=\"800\" \/>\n\t<meta property=\"og:image:height\" content=\"600\" \/>\n\t<meta property=\"og:image:type\" content=\"image\/jpeg\" \/>\n<meta name=\"author\" content=\"Luzimara Fernandes\" \/>\n<meta name=\"twitter:card\" content=\"summary_large_image\" \/>\n<meta name=\"twitter:label1\" content=\"Escrito por\" \/>\n\t<meta name=\"twitter:data1\" content=\"Luzimara Fernandes\" \/>\n\t<meta name=\"twitter:label2\" content=\"Est. tempo de leitura\" \/>\n\t<meta name=\"twitter:data2\" content=\"4 minutos\" \/>\n<script type=\"application\/ld+json\" class=\"yoast-schema-graph\">{\"@context\":\"https:\/\/schema.org\",\"@graph\":[{\"@type\":\"Article\",\"@id\":\"https:\/\/jornalfatosenoticias.com.br\/index.php\/2024\/02\/20\/acao-do-instituto-marlim-azul-leva-cinema-para-escolas-da-capital\/#article\",\"isPartOf\":{\"@id\":\"https:\/\/jornalfatosenoticias.com.br\/index.php\/2024\/02\/20\/acao-do-instituto-marlim-azul-leva-cinema-para-escolas-da-capital\/\"},\"author\":{\"name\":\"Luzimara Fernandes\",\"@id\":\"https:\/\/jornalfatosenoticias.com.br\/#\/schema\/person\/d63837fa13ac8666eb9e74e0985d6f81\"},\"headline\":\"A\u00e7\u00e3o do Instituto Marlim Azul leva cinema para escolas da capital\",\"datePublished\":\"2024-02-20T17:38:28+00:00\",\"dateModified\":\"2024-02-20T17:39:15+00:00\",\"mainEntityOfPage\":{\"@id\":\"https:\/\/jornalfatosenoticias.com.br\/index.php\/2024\/02\/20\/acao-do-instituto-marlim-azul-leva-cinema-para-escolas-da-capital\/\"},\"wordCount\":784,\"commentCount\":0,\"publisher\":{\"@id\":\"https:\/\/jornalfatosenoticias.com.br\/#organization\"},\"image\":{\"@id\":\"https:\/\/jornalfatosenoticias.com.br\/index.php\/2024\/02\/20\/acao-do-instituto-marlim-azul-leva-cinema-para-escolas-da-capital\/#primaryimage\"},\"thumbnailUrl\":\"https:\/\/jornalfatosenoticias.com.br\/wp-content\/uploads\/2024\/02\/Instituto-Marlim-Azul-leva-cinema-para-escolas-da-capital2.jpg\",\"keywords\":[\"Cineclube Animazul\",\"cinema na escola\",\"escolas de Vit\u00f3ria\",\"Instituto Marlim Azul\"],\"articleSection\":[\"Educa\u00e7\u00e3o\"],\"inLanguage\":\"pt-BR\",\"potentialAction\":[{\"@type\":\"CommentAction\",\"name\":\"Comment\",\"target\":[\"https:\/\/jornalfatosenoticias.com.br\/index.php\/2024\/02\/20\/acao-do-instituto-marlim-azul-leva-cinema-para-escolas-da-capital\/#respond\"]}]},{\"@type\":\"WebPage\",\"@id\":\"https:\/\/jornalfatosenoticias.com.br\/index.php\/2024\/02\/20\/acao-do-instituto-marlim-azul-leva-cinema-para-escolas-da-capital\/\",\"url\":\"https:\/\/jornalfatosenoticias.com.br\/index.php\/2024\/02\/20\/acao-do-instituto-marlim-azul-leva-cinema-para-escolas-da-capital\/\",\"name\":\"A\u00e7\u00e3o do Instituto Marlim Azul leva cinema para escolas da capital - Jornal Fatos e Not\u00edcias\",\"isPartOf\":{\"@id\":\"https:\/\/jornalfatosenoticias.com.br\/#website\"},\"primaryImageOfPage\":{\"@id\":\"https:\/\/jornalfatosenoticias.com.br\/index.php\/2024\/02\/20\/acao-do-instituto-marlim-azul-leva-cinema-para-escolas-da-capital\/#primaryimage\"},\"image\":{\"@id\":\"https:\/\/jornalfatosenoticias.com.br\/index.php\/2024\/02\/20\/acao-do-instituto-marlim-azul-leva-cinema-para-escolas-da-capital\/#primaryimage\"},\"thumbnailUrl\":\"https:\/\/jornalfatosenoticias.com.br\/wp-content\/uploads\/2024\/02\/Instituto-Marlim-Azul-leva-cinema-para-escolas-da-capital2.jpg\",\"datePublished\":\"2024-02-20T17:38:28+00:00\",\"dateModified\":\"2024-02-20T17:39:15+00:00\",\"breadcrumb\":{\"@id\":\"https:\/\/jornalfatosenoticias.com.br\/index.php\/2024\/02\/20\/acao-do-instituto-marlim-azul-leva-cinema-para-escolas-da-capital\/#breadcrumb\"},\"inLanguage\":\"pt-BR\",\"potentialAction\":[{\"@type\":\"ReadAction\",\"target\":[\"https:\/\/jornalfatosenoticias.com.br\/index.php\/2024\/02\/20\/acao-do-instituto-marlim-azul-leva-cinema-para-escolas-da-capital\/\"]}]},{\"@type\":\"ImageObject\",\"inLanguage\":\"pt-BR\",\"@id\":\"https:\/\/jornalfatosenoticias.com.br\/index.php\/2024\/02\/20\/acao-do-instituto-marlim-azul-leva-cinema-para-escolas-da-capital\/#primaryimage\",\"url\":\"https:\/\/jornalfatosenoticias.com.br\/wp-content\/uploads\/2024\/02\/Instituto-Marlim-Azul-leva-cinema-para-escolas-da-capital2.jpg\",\"contentUrl\":\"https:\/\/jornalfatosenoticias.com.br\/wp-content\/uploads\/2024\/02\/Instituto-Marlim-Azul-leva-cinema-para-escolas-da-capital2.jpg\",\"width\":800,\"height\":600,\"caption\":\"Projeto recebe incentivo da Lei Cultural Rubem Braga.\"},{\"@type\":\"BreadcrumbList\",\"@id\":\"https:\/\/jornalfatosenoticias.com.br\/index.php\/2024\/02\/20\/acao-do-instituto-marlim-azul-leva-cinema-para-escolas-da-capital\/#breadcrumb\",\"itemListElement\":[{\"@type\":\"ListItem\",\"position\":1,\"name\":\"In\u00edcio\",\"item\":\"https:\/\/jornalfatosenoticias.com.br\/\"},{\"@type\":\"ListItem\",\"position\":2,\"name\":\"A\u00e7\u00e3o do Instituto Marlim Azul leva cinema para escolas da capital\"}]},{\"@type\":\"WebSite\",\"@id\":\"https:\/\/jornalfatosenoticias.com.br\/#website\",\"url\":\"https:\/\/jornalfatosenoticias.com.br\/\",\"name\":\"Jornal Fatos e Not\u00edcias\",\"description\":\"Not\u00edcias em geral\",\"publisher\":{\"@id\":\"https:\/\/jornalfatosenoticias.com.br\/#organization\"},\"potentialAction\":[{\"@type\":\"SearchAction\",\"target\":{\"@type\":\"EntryPoint\",\"urlTemplate\":\"https:\/\/jornalfatosenoticias.com.br\/?s={search_term_string}\"},\"query-input\":{\"@type\":\"PropertyValueSpecification\",\"valueRequired\":true,\"valueName\":\"search_term_string\"}}],\"inLanguage\":\"pt-BR\"},{\"@type\":\"Organization\",\"@id\":\"https:\/\/jornalfatosenoticias.com.br\/#organization\",\"name\":\"Jornal Fatos e Not\u00edcias\",\"url\":\"https:\/\/jornalfatosenoticias.com.br\/\",\"logo\":{\"@type\":\"ImageObject\",\"inLanguage\":\"pt-BR\",\"@id\":\"https:\/\/jornalfatosenoticias.com.br\/#\/schema\/logo\/image\/\",\"url\":\"https:\/\/jornalfatosenoticias.com.br\/wp-content\/uploads\/2020\/02\/logo120.png\",\"contentUrl\":\"https:\/\/jornalfatosenoticias.com.br\/wp-content\/uploads\/2020\/02\/logo120.png\",\"width\":1227,\"height\":120,\"caption\":\"Jornal Fatos e Not\u00edcias\"},\"image\":{\"@id\":\"https:\/\/jornalfatosenoticias.com.br\/#\/schema\/logo\/image\/\"}},{\"@type\":\"Person\",\"@id\":\"https:\/\/jornalfatosenoticias.com.br\/#\/schema\/person\/d63837fa13ac8666eb9e74e0985d6f81\",\"name\":\"Luzimara Fernandes\",\"image\":{\"@type\":\"ImageObject\",\"inLanguage\":\"pt-BR\",\"@id\":\"https:\/\/jornalfatosenoticias.com.br\/#\/schema\/person\/image\/\",\"url\":\"https:\/\/jornalfatosenoticias.com.br\/wp-content\/uploads\/2025\/05\/EU_portal.jpg\",\"contentUrl\":\"https:\/\/jornalfatosenoticias.com.br\/wp-content\/uploads\/2025\/05\/EU_portal.jpg\",\"caption\":\"Luzimara Fernandes\"},\"description\":\"Jornalista MTB 2358-ES\",\"sameAs\":[\"https:\/\/jornalfatosenoticias.com.br\"],\"url\":\"https:\/\/jornalfatosenoticias.com.br\/index.php\/author\/luzimara\/\"}]}<\/script>\n<!-- \/ Yoast SEO plugin. -->","yoast_head_json":{"title":"A\u00e7\u00e3o do Instituto Marlim Azul leva cinema para escolas da capital - Jornal Fatos e Not\u00edcias","robots":{"index":"index","follow":"follow","max-snippet":"max-snippet:-1","max-image-preview":"max-image-preview:large","max-video-preview":"max-video-preview:-1"},"canonical":"https:\/\/jornalfatosenoticias.com.br\/index.php\/2024\/02\/20\/acao-do-instituto-marlim-azul-leva-cinema-para-escolas-da-capital\/","og_locale":"pt_BR","og_type":"article","og_title":"A\u00e7\u00e3o do Instituto Marlim Azul leva cinema para escolas da capital - Jornal Fatos e Not\u00edcias","og_description":"Por Pedro Vargas Uma iniciativa do Instituto Marlin Azul em parceria com a Secretaria Municipal de Cultura (Semc), por meio do Projeto Cultural Rubem Braga, est\u00e1 mudando a realidade do ensino p\u00fablico na capital por meio da arte: \u00e9 o &#8220;Cine Animazul&#8221;. O projeto voltado para turmas de alunos da rede municipal de ensino, rede [&hellip;]","og_url":"https:\/\/jornalfatosenoticias.com.br\/index.php\/2024\/02\/20\/acao-do-instituto-marlim-azul-leva-cinema-para-escolas-da-capital\/","og_site_name":"Jornal Fatos e Not\u00edcias","article_published_time":"2024-02-20T17:38:28+00:00","article_modified_time":"2024-02-20T17:39:15+00:00","og_image":[{"width":800,"height":600,"url":"https:\/\/jornalfatosenoticias.com.br\/wp-content\/uploads\/2024\/02\/Instituto-Marlim-Azul-leva-cinema-para-escolas-da-capital2.jpg","type":"image\/jpeg"}],"author":"Luzimara Fernandes","twitter_card":"summary_large_image","twitter_misc":{"Escrito por":"Luzimara Fernandes","Est. tempo de leitura":"4 minutos"},"schema":{"@context":"https:\/\/schema.org","@graph":[{"@type":"Article","@id":"https:\/\/jornalfatosenoticias.com.br\/index.php\/2024\/02\/20\/acao-do-instituto-marlim-azul-leva-cinema-para-escolas-da-capital\/#article","isPartOf":{"@id":"https:\/\/jornalfatosenoticias.com.br\/index.php\/2024\/02\/20\/acao-do-instituto-marlim-azul-leva-cinema-para-escolas-da-capital\/"},"author":{"name":"Luzimara Fernandes","@id":"https:\/\/jornalfatosenoticias.com.br\/#\/schema\/person\/d63837fa13ac8666eb9e74e0985d6f81"},"headline":"A\u00e7\u00e3o do Instituto Marlim Azul leva cinema para escolas da capital","datePublished":"2024-02-20T17:38:28+00:00","dateModified":"2024-02-20T17:39:15+00:00","mainEntityOfPage":{"@id":"https:\/\/jornalfatosenoticias.com.br\/index.php\/2024\/02\/20\/acao-do-instituto-marlim-azul-leva-cinema-para-escolas-da-capital\/"},"wordCount":784,"commentCount":0,"publisher":{"@id":"https:\/\/jornalfatosenoticias.com.br\/#organization"},"image":{"@id":"https:\/\/jornalfatosenoticias.com.br\/index.php\/2024\/02\/20\/acao-do-instituto-marlim-azul-leva-cinema-para-escolas-da-capital\/#primaryimage"},"thumbnailUrl":"https:\/\/jornalfatosenoticias.com.br\/wp-content\/uploads\/2024\/02\/Instituto-Marlim-Azul-leva-cinema-para-escolas-da-capital2.jpg","keywords":["Cineclube Animazul","cinema na escola","escolas de Vit\u00f3ria","Instituto Marlim Azul"],"articleSection":["Educa\u00e7\u00e3o"],"inLanguage":"pt-BR","potentialAction":[{"@type":"CommentAction","name":"Comment","target":["https:\/\/jornalfatosenoticias.com.br\/index.php\/2024\/02\/20\/acao-do-instituto-marlim-azul-leva-cinema-para-escolas-da-capital\/#respond"]}]},{"@type":"WebPage","@id":"https:\/\/jornalfatosenoticias.com.br\/index.php\/2024\/02\/20\/acao-do-instituto-marlim-azul-leva-cinema-para-escolas-da-capital\/","url":"https:\/\/jornalfatosenoticias.com.br\/index.php\/2024\/02\/20\/acao-do-instituto-marlim-azul-leva-cinema-para-escolas-da-capital\/","name":"A\u00e7\u00e3o do Instituto Marlim Azul leva cinema para escolas da capital - Jornal Fatos e Not\u00edcias","isPartOf":{"@id":"https:\/\/jornalfatosenoticias.com.br\/#website"},"primaryImageOfPage":{"@id":"https:\/\/jornalfatosenoticias.com.br\/index.php\/2024\/02\/20\/acao-do-instituto-marlim-azul-leva-cinema-para-escolas-da-capital\/#primaryimage"},"image":{"@id":"https:\/\/jornalfatosenoticias.com.br\/index.php\/2024\/02\/20\/acao-do-instituto-marlim-azul-leva-cinema-para-escolas-da-capital\/#primaryimage"},"thumbnailUrl":"https:\/\/jornalfatosenoticias.com.br\/wp-content\/uploads\/2024\/02\/Instituto-Marlim-Azul-leva-cinema-para-escolas-da-capital2.jpg","datePublished":"2024-02-20T17:38:28+00:00","dateModified":"2024-02-20T17:39:15+00:00","breadcrumb":{"@id":"https:\/\/jornalfatosenoticias.com.br\/index.php\/2024\/02\/20\/acao-do-instituto-marlim-azul-leva-cinema-para-escolas-da-capital\/#breadcrumb"},"inLanguage":"pt-BR","potentialAction":[{"@type":"ReadAction","target":["https:\/\/jornalfatosenoticias.com.br\/index.php\/2024\/02\/20\/acao-do-instituto-marlim-azul-leva-cinema-para-escolas-da-capital\/"]}]},{"@type":"ImageObject","inLanguage":"pt-BR","@id":"https:\/\/jornalfatosenoticias.com.br\/index.php\/2024\/02\/20\/acao-do-instituto-marlim-azul-leva-cinema-para-escolas-da-capital\/#primaryimage","url":"https:\/\/jornalfatosenoticias.com.br\/wp-content\/uploads\/2024\/02\/Instituto-Marlim-Azul-leva-cinema-para-escolas-da-capital2.jpg","contentUrl":"https:\/\/jornalfatosenoticias.com.br\/wp-content\/uploads\/2024\/02\/Instituto-Marlim-Azul-leva-cinema-para-escolas-da-capital2.jpg","width":800,"height":600,"caption":"Projeto recebe incentivo da Lei Cultural Rubem Braga."},{"@type":"BreadcrumbList","@id":"https:\/\/jornalfatosenoticias.com.br\/index.php\/2024\/02\/20\/acao-do-instituto-marlim-azul-leva-cinema-para-escolas-da-capital\/#breadcrumb","itemListElement":[{"@type":"ListItem","position":1,"name":"In\u00edcio","item":"https:\/\/jornalfatosenoticias.com.br\/"},{"@type":"ListItem","position":2,"name":"A\u00e7\u00e3o do Instituto Marlim Azul leva cinema para escolas da capital"}]},{"@type":"WebSite","@id":"https:\/\/jornalfatosenoticias.com.br\/#website","url":"https:\/\/jornalfatosenoticias.com.br\/","name":"Jornal Fatos e Not\u00edcias","description":"Not\u00edcias em geral","publisher":{"@id":"https:\/\/jornalfatosenoticias.com.br\/#organization"},"potentialAction":[{"@type":"SearchAction","target":{"@type":"EntryPoint","urlTemplate":"https:\/\/jornalfatosenoticias.com.br\/?s={search_term_string}"},"query-input":{"@type":"PropertyValueSpecification","valueRequired":true,"valueName":"search_term_string"}}],"inLanguage":"pt-BR"},{"@type":"Organization","@id":"https:\/\/jornalfatosenoticias.com.br\/#organization","name":"Jornal Fatos e Not\u00edcias","url":"https:\/\/jornalfatosenoticias.com.br\/","logo":{"@type":"ImageObject","inLanguage":"pt-BR","@id":"https:\/\/jornalfatosenoticias.com.br\/#\/schema\/logo\/image\/","url":"https:\/\/jornalfatosenoticias.com.br\/wp-content\/uploads\/2020\/02\/logo120.png","contentUrl":"https:\/\/jornalfatosenoticias.com.br\/wp-content\/uploads\/2020\/02\/logo120.png","width":1227,"height":120,"caption":"Jornal Fatos e Not\u00edcias"},"image":{"@id":"https:\/\/jornalfatosenoticias.com.br\/#\/schema\/logo\/image\/"}},{"@type":"Person","@id":"https:\/\/jornalfatosenoticias.com.br\/#\/schema\/person\/d63837fa13ac8666eb9e74e0985d6f81","name":"Luzimara Fernandes","image":{"@type":"ImageObject","inLanguage":"pt-BR","@id":"https:\/\/jornalfatosenoticias.com.br\/#\/schema\/person\/image\/","url":"https:\/\/jornalfatosenoticias.com.br\/wp-content\/uploads\/2025\/05\/EU_portal.jpg","contentUrl":"https:\/\/jornalfatosenoticias.com.br\/wp-content\/uploads\/2025\/05\/EU_portal.jpg","caption":"Luzimara Fernandes"},"description":"Jornalista MTB 2358-ES","sameAs":["https:\/\/jornalfatosenoticias.com.br"],"url":"https:\/\/jornalfatosenoticias.com.br\/index.php\/author\/luzimara\/"}]}},"cc_featured_image_caption":{"caption_text":"(Foto: Divulga\u00e7\u00e3o\/PMV)","source_text":"","source_url":""},"jetpack_featured_media_url":"https:\/\/jornalfatosenoticias.com.br\/wp-content\/uploads\/2024\/02\/Instituto-Marlim-Azul-leva-cinema-para-escolas-da-capital2.jpg","_links":{"self":[{"href":"https:\/\/jornalfatosenoticias.com.br\/index.php\/wp-json\/wp\/v2\/posts\/49363","targetHints":{"allow":["GET"]}}],"collection":[{"href":"https:\/\/jornalfatosenoticias.com.br\/index.php\/wp-json\/wp\/v2\/posts"}],"about":[{"href":"https:\/\/jornalfatosenoticias.com.br\/index.php\/wp-json\/wp\/v2\/types\/post"}],"author":[{"embeddable":true,"href":"https:\/\/jornalfatosenoticias.com.br\/index.php\/wp-json\/wp\/v2\/users\/2"}],"replies":[{"embeddable":true,"href":"https:\/\/jornalfatosenoticias.com.br\/index.php\/wp-json\/wp\/v2\/comments?post=49363"}],"version-history":[{"count":0,"href":"https:\/\/jornalfatosenoticias.com.br\/index.php\/wp-json\/wp\/v2\/posts\/49363\/revisions"}],"wp:featuredmedia":[{"embeddable":true,"href":"https:\/\/jornalfatosenoticias.com.br\/index.php\/wp-json\/wp\/v2\/media\/49365"}],"wp:attachment":[{"href":"https:\/\/jornalfatosenoticias.com.br\/index.php\/wp-json\/wp\/v2\/media?parent=49363"}],"wp:term":[{"taxonomy":"category","embeddable":true,"href":"https:\/\/jornalfatosenoticias.com.br\/index.php\/wp-json\/wp\/v2\/categories?post=49363"},{"taxonomy":"post_tag","embeddable":true,"href":"https:\/\/jornalfatosenoticias.com.br\/index.php\/wp-json\/wp\/v2\/tags?post=49363"}],"curies":[{"name":"wp","href":"https:\/\/api.w.org\/{rel}","templated":true}]}}