{"id":49388,"date":"2024-02-20T16:14:39","date_gmt":"2024-02-20T19:14:39","guid":{"rendered":"https:\/\/jornalfatosenoticias.com.br\/?p=49388"},"modified":"2024-02-20T16:14:41","modified_gmt":"2024-02-20T19:14:41","slug":"ministerio-da-saude-privilegia-aliados-do-pt-com-verba-extra-de-r-137-bi-diz-levantamento","status":"publish","type":"post","link":"https:\/\/jornalfatosenoticias.com.br\/index.php\/2024\/02\/20\/ministerio-da-saude-privilegia-aliados-do-pt-com-verba-extra-de-r-137-bi-diz-levantamento\/","title":{"rendered":"Minist\u00e9rio da Sa\u00fade privilegia aliados do PT com verba extra de R$ 1,37 bi, diz levantamento"},"content":{"rendered":"\n<p><em><span class=\"has-inline-color has-black-color\">A ministra da Sa\u00fade, N\u00edsia Trindade, e Lula (PT)<\/span><\/em><\/p>\n\n\n\n<p><span class=\"has-inline-color has-black-color\">Por <strong><a href=\"https:\/\/www.gazetadopovo.com.br\/autor\/diogenes-freire-feitosa\/\">Di\u00f3genes Freire Feitosa<\/a><\/strong><\/span><\/p>\n\n\n\n<div class=\"wp-block-image\"><figure class=\"aligncenter size-large\"><img loading=\"lazy\" decoding=\"async\" width=\"729\" height=\"90\" src=\"https:\/\/jornalfatosenoticias.com.br\/wp-content\/uploads\/2020\/02\/Logo_Mizu.png\" alt=\"\" class=\"wp-image-1441\" srcset=\"https:\/\/jornalfatosenoticias.com.br\/wp-content\/uploads\/2020\/02\/Logo_Mizu.png 729w, https:\/\/jornalfatosenoticias.com.br\/wp-content\/uploads\/2020\/02\/Logo_Mizu-300x37.png 300w\" sizes=\"auto, (max-width: 729px) 100vw, 729px\" \/><\/figure><\/div>\n\n\n\n<p>Atrav\u00e9s do Minist\u00e9rio da Sa\u00fade (MS), o governo Lula (PT) teria privilegiado prefeitos e governadores ligados ao PT com verba extra de R$ 1,37 bilh\u00e3o para financiar a\u00e7\u00f5es em hospitais e ambulat\u00f3rios no ano passado. O levantamento foi divulgado pelo jornal Folha de S\u00e3o Paulo, nesta segunda-feira (19).<br>De acordo com os dados consultados na base do Fundo Nacional de Sa\u00fade (FNS) e no Minist\u00e9rio da Sa\u00fade, o munic\u00edpio do Rio de Janeiro (RJ) lidera o ranking dos repasses com R$ 360 milh\u00f5es. A capital \u00e9 seguida dos estados do Maranh\u00e3o, com R$ 121,4 milh\u00f5es; Rio Grande do Norte, com R$ 105 milh\u00f5es; e Par\u00e1, com R$ 89,9 milh\u00f5es.<br>J\u00e1 os munic\u00edpios de Diadema (SP) e Araraquara (SP) receberam, respectivamente, R$ 75 milh\u00f5es e R$ 59,9 milh\u00f5es. Em s\u00e9timo lugar na lista dos maiores benefici\u00e1rios est\u00e1 o munic\u00edpio de Cabo Frio (RJ), onde o filho da ministra da Sa\u00fade, N\u00edsia Trindade, foi nomeado como secret\u00e1rio de Cultura em janeiro de 2024, um m\u00eas depois de a ministra destinar R$ 55,4 milh\u00f5es para o munic\u00edpio.<\/p>\n\n\n\n<div class=\"wp-block-image\"><figure class=\"aligncenter size-large is-resized\"><img loading=\"lazy\" decoding=\"async\" src=\"https:\/\/jornalfatosenoticias.com.br\/wp-content\/uploads\/2020\/02\/CONTROL-CS.jpg\" alt=\"\" class=\"wp-image-44991\" width=\"340\" height=\"408\" srcset=\"https:\/\/jornalfatosenoticias.com.br\/wp-content\/uploads\/2020\/02\/CONTROL-CS.jpg 834w, https:\/\/jornalfatosenoticias.com.br\/wp-content\/uploads\/2020\/02\/CONTROL-CS-250x300.jpg 250w, https:\/\/jornalfatosenoticias.com.br\/wp-content\/uploads\/2020\/02\/CONTROL-CS-768x921.jpg 768w\" sizes=\"auto, (max-width: 340px) 100vw, 340px\" \/><\/figure><\/div>\n\n\n\n<p>Questionada pela imprensa, a ministra N\u00edsia Trindade disse que n\u00e3o teve nada a ver com a nomea\u00e7\u00e3o do filho. Procurado pela Gazeta do Povo, \u00e0 \u00e9poca, o Minist\u00e9rio tamb\u00e9m negou suposto favorecimento ao filho da ministra. O dinheiro usado nos repasses feito para mais de 60 secretarias de Sa\u00fade s\u00e3o resultado da press\u00e3o do \u201cCentr\u00e3o\u201d sobre o governo para a libera\u00e7\u00e3o de verba extra para financiar atividades de m\u00e9dia e alta complexidade (MAC).<\/p>\n\n\n\n<div class=\"wp-block-image\"><figure class=\"aligncenter size-large is-resized\"><img loading=\"lazy\" decoding=\"async\" src=\"https:\/\/jornalfatosenoticias.com.br\/wp-content\/uploads\/2023\/12\/pegoretti-logo-pdf-1024x389.jpg\" alt=\"\" class=\"wp-image-47536\" width=\"482\" height=\"183\" srcset=\"https:\/\/jornalfatosenoticias.com.br\/wp-content\/uploads\/2023\/12\/pegoretti-logo-pdf-1024x389.jpg 1024w, https:\/\/jornalfatosenoticias.com.br\/wp-content\/uploads\/2023\/12\/pegoretti-logo-pdf-300x114.jpg 300w, https:\/\/jornalfatosenoticias.com.br\/wp-content\/uploads\/2023\/12\/pegoretti-logo-pdf-768x291.jpg 768w, https:\/\/jornalfatosenoticias.com.br\/wp-content\/uploads\/2023\/12\/pegoretti-logo-pdf.jpg 1120w\" sizes=\"auto, (max-width: 482px) 100vw, 482px\" \/><\/figure><\/div>\n\n\n\n<p>Entre os dez maiores beneficiados pelos repasses est\u00e1 o estado de S\u00e3o Paulo, \u00fanico da lista que n\u00e3o \u00e9 governado por um aliado do PT. Ao todo, o estado recebeu R$ 50 milh\u00f5es, valor menor do que o repasse feito \u00e0 prefeitura de Hortol\u00e2ndia (SP), que recebeu R$ 50,7 milh\u00f5es. Procurado pela Folha, o Minist\u00e9rio disse que os repasses seguiram crit\u00e9rios t\u00e9cnicos e negou favorecimento a aliados do PT.<\/p>\n\n\n\n<div class=\"wp-block-image\"><figure class=\"aligncenter size-large\"><img decoding=\"async\" src=\"https:\/\/jornalfatosenoticias.com.br\/wp-content\/uploads\/2020\/02\/logo_esteio.jpg\" alt=\"\" class=\"wp-image-1214\"\/><\/figure><\/div>\n\n\n\n<blockquote class=\"wp-block-quote is-layout-flow wp-block-quote-is-layout-flow\"><p><span class=\"has-inline-color has-luminous-vivid-orange-color\">A atual gest\u00e3o se deparou com servi\u00e7os subfinanciados e pol\u00edticas de sa\u00fade em risco sem a garantia de or\u00e7amento necess\u00e1rio em todo Pa\u00eds&#8221;, afirmou a pasta.<\/span><\/p><\/blockquote>\n\n\n\n<div class=\"wp-block-image\"><figure class=\"aligncenter size-large\"><img loading=\"lazy\" decoding=\"async\" width=\"300\" height=\"250\" src=\"https:\/\/jornalfatosenoticias.com.br\/wp-content\/uploads\/2022\/02\/FERRARI_MAQUINAS-E-FERRAMENTAS2.jpg\" alt=\"\" class=\"wp-image-27860\"\/><\/figure><\/div>\n\n\n\n<p>O Minist\u00e9rio tamb\u00e9m informou que s\u00f3 libera os recursos extras quando h\u00e1 pedido aprovado pela comiss\u00e3o que re\u00fane secret\u00e1rios municipais e estaduais. Al\u00e9m disso, de acordo com a pasta, ainda s\u00e3o avaliados fatores como procedimentos realizados no local, capacidade instalada da rede de servi\u00e7os, leitos dispon\u00edveis e a\u00e7\u00f5es sem financiamento federal.<\/p>\n\n\n\n<div class=\"wp-block-image\"><figure class=\"aligncenter size-large is-resized\"><img loading=\"lazy\" decoding=\"async\" src=\"https:\/\/jornalfatosenoticias.com.br\/wp-content\/uploads\/2023\/09\/vetorvix1024_1.jpg\" alt=\"\" class=\"wp-image-44868\" width=\"486\" height=\"129\" srcset=\"https:\/\/jornalfatosenoticias.com.br\/wp-content\/uploads\/2023\/09\/vetorvix1024_1.jpg 1024w, https:\/\/jornalfatosenoticias.com.br\/wp-content\/uploads\/2023\/09\/vetorvix1024_1-300x80.jpg 300w, https:\/\/jornalfatosenoticias.com.br\/wp-content\/uploads\/2023\/09\/vetorvix1024_1-768x205.jpg 768w\" sizes=\"auto, (max-width: 486px) 100vw, 486px\" \/><\/figure><\/div>\n\n\n\n<p><strong><em>Fonte: <a href=\"https:\/\/www.gazetadopovo.com.br\/republica\/ministerio-da-saude-privilegia-aliados-do-pt-com-verba-extra-de-r-137-bi-diz-levantamento\/\">Gazeta do Povo<\/a><\/em><\/strong><\/p>\n","protected":false},"excerpt":{"rendered":"<p>A ministra da Sa\u00fade, N\u00edsia Trindade, e Lula (PT) Por Di\u00f3genes Freire Feitosa Atrav\u00e9s do Minist\u00e9rio da Sa\u00fade (MS), o governo Lula (PT) teria privilegiado prefeitos e governadores ligados ao PT com verba extra de R$ 1,37 bilh\u00e3o para financiar a\u00e7\u00f5es em hospitais e ambulat\u00f3rios no ano passado. O levantamento foi divulgado pelo jornal Folha [&hellip;]<\/p>\n","protected":false},"author":2,"featured_media":49389,"comment_status":"open","ping_status":"open","sticky":false,"template":"","format":"standard","meta":{"footnotes":""},"categories":[5],"tags":[20244,3537,2140,7580,20245,1038,13186,289,74],"class_list":["post-49388","post","type-post","status-publish","format-standard","has-post-thumbnail","hentry","category-geral","tag-centrao","tag-governadores","tag-impeachment","tag-lula","tag-nisia-trindade","tag-prefeitura","tag-pt","tag-rio-de-janeiro","tag-saude"],"yoast_head":"<!-- This site is optimized with the Yoast SEO plugin v26.5 - https:\/\/yoast.com\/wordpress\/plugins\/seo\/ -->\n<title>Minist\u00e9rio da Sa\u00fade privilegia aliados do PT com verba extra de R$ 1,37 bi, diz levantamento - Jornal Fatos e Not\u00edcias<\/title>\n<meta name=\"robots\" content=\"index, follow, max-snippet:-1, max-image-preview:large, max-video-preview:-1\" \/>\n<link rel=\"canonical\" href=\"https:\/\/jornalfatosenoticias.com.br\/index.php\/2024\/02\/20\/ministerio-da-saude-privilegia-aliados-do-pt-com-verba-extra-de-r-137-bi-diz-levantamento\/\" \/>\n<meta property=\"og:locale\" content=\"pt_BR\" \/>\n<meta property=\"og:type\" content=\"article\" \/>\n<meta property=\"og:title\" content=\"Minist\u00e9rio da Sa\u00fade privilegia aliados do PT com verba extra de R$ 1,37 bi, diz levantamento - Jornal Fatos e Not\u00edcias\" \/>\n<meta property=\"og:description\" content=\"A ministra da Sa\u00fade, N\u00edsia Trindade, e Lula (PT) Por Di\u00f3genes Freire Feitosa Atrav\u00e9s do Minist\u00e9rio da Sa\u00fade (MS), o governo Lula (PT) teria privilegiado prefeitos e governadores ligados ao PT com verba extra de R$ 1,37 bilh\u00e3o para financiar a\u00e7\u00f5es em hospitais e ambulat\u00f3rios no ano passado. O levantamento foi divulgado pelo jornal Folha [&hellip;]\" \/>\n<meta property=\"og:url\" content=\"https:\/\/jornalfatosenoticias.com.br\/index.php\/2024\/02\/20\/ministerio-da-saude-privilegia-aliados-do-pt-com-verba-extra-de-r-137-bi-diz-levantamento\/\" \/>\n<meta property=\"og:site_name\" content=\"Jornal Fatos e Not\u00edcias\" \/>\n<meta property=\"article:published_time\" content=\"2024-02-20T19:14:39+00:00\" \/>\n<meta property=\"article:modified_time\" content=\"2024-02-20T19:14:41+00:00\" \/>\n<meta property=\"og:image\" content=\"https:\/\/jornalfatosenoticias.com.br\/wp-content\/uploads\/2024\/02\/lula3.jpg\" \/>\n\t<meta property=\"og:image:width\" content=\"960\" \/>\n\t<meta property=\"og:image:height\" content=\"540\" \/>\n\t<meta property=\"og:image:type\" content=\"image\/jpeg\" \/>\n<meta name=\"author\" content=\"Luzimara Fernandes\" \/>\n<meta name=\"twitter:card\" content=\"summary_large_image\" \/>\n<meta name=\"twitter:label1\" content=\"Escrito por\" \/>\n\t<meta name=\"twitter:data1\" content=\"Luzimara Fernandes\" \/>\n\t<meta name=\"twitter:label2\" content=\"Est. tempo de leitura\" \/>\n\t<meta name=\"twitter:data2\" content=\"2 minutos\" \/>\n<script type=\"application\/ld+json\" class=\"yoast-schema-graph\">{\"@context\":\"https:\/\/schema.org\",\"@graph\":[{\"@type\":\"Article\",\"@id\":\"https:\/\/jornalfatosenoticias.com.br\/index.php\/2024\/02\/20\/ministerio-da-saude-privilegia-aliados-do-pt-com-verba-extra-de-r-137-bi-diz-levantamento\/#article\",\"isPartOf\":{\"@id\":\"https:\/\/jornalfatosenoticias.com.br\/index.php\/2024\/02\/20\/ministerio-da-saude-privilegia-aliados-do-pt-com-verba-extra-de-r-137-bi-diz-levantamento\/\"},\"author\":{\"name\":\"Luzimara Fernandes\",\"@id\":\"https:\/\/jornalfatosenoticias.com.br\/#\/schema\/person\/d63837fa13ac8666eb9e74e0985d6f81\"},\"headline\":\"Minist\u00e9rio da Sa\u00fade privilegia aliados do PT com verba extra de R$ 1,37 bi, diz levantamento\",\"datePublished\":\"2024-02-20T19:14:39+00:00\",\"dateModified\":\"2024-02-20T19:14:41+00:00\",\"mainEntityOfPage\":{\"@id\":\"https:\/\/jornalfatosenoticias.com.br\/index.php\/2024\/02\/20\/ministerio-da-saude-privilegia-aliados-do-pt-com-verba-extra-de-r-137-bi-diz-levantamento\/\"},\"wordCount\":477,\"commentCount\":0,\"publisher\":{\"@id\":\"https:\/\/jornalfatosenoticias.com.br\/#organization\"},\"image\":{\"@id\":\"https:\/\/jornalfatosenoticias.com.br\/index.php\/2024\/02\/20\/ministerio-da-saude-privilegia-aliados-do-pt-com-verba-extra-de-r-137-bi-diz-levantamento\/#primaryimage\"},\"thumbnailUrl\":\"https:\/\/jornalfatosenoticias.com.br\/wp-content\/uploads\/2024\/02\/lula3.jpg\",\"keywords\":[\"Centr\u00e3o\",\"governadores\",\"impeachment\",\"Lula\",\"N\u00edsia Trindade\",\"prefeitura\",\"PT\",\"Rio de Janeiro\",\"sa\u00fade\"],\"articleSection\":[\"Geral\"],\"inLanguage\":\"pt-BR\",\"potentialAction\":[{\"@type\":\"CommentAction\",\"name\":\"Comment\",\"target\":[\"https:\/\/jornalfatosenoticias.com.br\/index.php\/2024\/02\/20\/ministerio-da-saude-privilegia-aliados-do-pt-com-verba-extra-de-r-137-bi-diz-levantamento\/#respond\"]}]},{\"@type\":\"WebPage\",\"@id\":\"https:\/\/jornalfatosenoticias.com.br\/index.php\/2024\/02\/20\/ministerio-da-saude-privilegia-aliados-do-pt-com-verba-extra-de-r-137-bi-diz-levantamento\/\",\"url\":\"https:\/\/jornalfatosenoticias.com.br\/index.php\/2024\/02\/20\/ministerio-da-saude-privilegia-aliados-do-pt-com-verba-extra-de-r-137-bi-diz-levantamento\/\",\"name\":\"Minist\u00e9rio da Sa\u00fade privilegia aliados do PT com verba extra de R$ 1,37 bi, diz levantamento - Jornal Fatos e Not\u00edcias\",\"isPartOf\":{\"@id\":\"https:\/\/jornalfatosenoticias.com.br\/#website\"},\"primaryImageOfPage\":{\"@id\":\"https:\/\/jornalfatosenoticias.com.br\/index.php\/2024\/02\/20\/ministerio-da-saude-privilegia-aliados-do-pt-com-verba-extra-de-r-137-bi-diz-levantamento\/#primaryimage\"},\"image\":{\"@id\":\"https:\/\/jornalfatosenoticias.com.br\/index.php\/2024\/02\/20\/ministerio-da-saude-privilegia-aliados-do-pt-com-verba-extra-de-r-137-bi-diz-levantamento\/#primaryimage\"},\"thumbnailUrl\":\"https:\/\/jornalfatosenoticias.com.br\/wp-content\/uploads\/2024\/02\/lula3.jpg\",\"datePublished\":\"2024-02-20T19:14:39+00:00\",\"dateModified\":\"2024-02-20T19:14:41+00:00\",\"breadcrumb\":{\"@id\":\"https:\/\/jornalfatosenoticias.com.br\/index.php\/2024\/02\/20\/ministerio-da-saude-privilegia-aliados-do-pt-com-verba-extra-de-r-137-bi-diz-levantamento\/#breadcrumb\"},\"inLanguage\":\"pt-BR\",\"potentialAction\":[{\"@type\":\"ReadAction\",\"target\":[\"https:\/\/jornalfatosenoticias.com.br\/index.php\/2024\/02\/20\/ministerio-da-saude-privilegia-aliados-do-pt-com-verba-extra-de-r-137-bi-diz-levantamento\/\"]}]},{\"@type\":\"ImageObject\",\"inLanguage\":\"pt-BR\",\"@id\":\"https:\/\/jornalfatosenoticias.com.br\/index.php\/2024\/02\/20\/ministerio-da-saude-privilegia-aliados-do-pt-com-verba-extra-de-r-137-bi-diz-levantamento\/#primaryimage\",\"url\":\"https:\/\/jornalfatosenoticias.com.br\/wp-content\/uploads\/2024\/02\/lula3.jpg\",\"contentUrl\":\"https:\/\/jornalfatosenoticias.com.br\/wp-content\/uploads\/2024\/02\/lula3.jpg\",\"width\":960,\"height\":540},{\"@type\":\"BreadcrumbList\",\"@id\":\"https:\/\/jornalfatosenoticias.com.br\/index.php\/2024\/02\/20\/ministerio-da-saude-privilegia-aliados-do-pt-com-verba-extra-de-r-137-bi-diz-levantamento\/#breadcrumb\",\"itemListElement\":[{\"@type\":\"ListItem\",\"position\":1,\"name\":\"In\u00edcio\",\"item\":\"https:\/\/jornalfatosenoticias.com.br\/\"},{\"@type\":\"ListItem\",\"position\":2,\"name\":\"Minist\u00e9rio da Sa\u00fade privilegia aliados do PT com verba extra de R$ 1,37 bi, diz levantamento\"}]},{\"@type\":\"WebSite\",\"@id\":\"https:\/\/jornalfatosenoticias.com.br\/#website\",\"url\":\"https:\/\/jornalfatosenoticias.com.br\/\",\"name\":\"Jornal Fatos e Not\u00edcias\",\"description\":\"Not\u00edcias em geral\",\"publisher\":{\"@id\":\"https:\/\/jornalfatosenoticias.com.br\/#organization\"},\"potentialAction\":[{\"@type\":\"SearchAction\",\"target\":{\"@type\":\"EntryPoint\",\"urlTemplate\":\"https:\/\/jornalfatosenoticias.com.br\/?s={search_term_string}\"},\"query-input\":{\"@type\":\"PropertyValueSpecification\",\"valueRequired\":true,\"valueName\":\"search_term_string\"}}],\"inLanguage\":\"pt-BR\"},{\"@type\":\"Organization\",\"@id\":\"https:\/\/jornalfatosenoticias.com.br\/#organization\",\"name\":\"Jornal Fatos e Not\u00edcias\",\"url\":\"https:\/\/jornalfatosenoticias.com.br\/\",\"logo\":{\"@type\":\"ImageObject\",\"inLanguage\":\"pt-BR\",\"@id\":\"https:\/\/jornalfatosenoticias.com.br\/#\/schema\/logo\/image\/\",\"url\":\"https:\/\/jornalfatosenoticias.com.br\/wp-content\/uploads\/2020\/02\/logo120.png\",\"contentUrl\":\"https:\/\/jornalfatosenoticias.com.br\/wp-content\/uploads\/2020\/02\/logo120.png\",\"width\":1227,\"height\":120,\"caption\":\"Jornal Fatos e Not\u00edcias\"},\"image\":{\"@id\":\"https:\/\/jornalfatosenoticias.com.br\/#\/schema\/logo\/image\/\"}},{\"@type\":\"Person\",\"@id\":\"https:\/\/jornalfatosenoticias.com.br\/#\/schema\/person\/d63837fa13ac8666eb9e74e0985d6f81\",\"name\":\"Luzimara Fernandes\",\"image\":{\"@type\":\"ImageObject\",\"inLanguage\":\"pt-BR\",\"@id\":\"https:\/\/jornalfatosenoticias.com.br\/#\/schema\/person\/image\/\",\"url\":\"https:\/\/jornalfatosenoticias.com.br\/wp-content\/uploads\/2025\/05\/EU_portal.jpg\",\"contentUrl\":\"https:\/\/jornalfatosenoticias.com.br\/wp-content\/uploads\/2025\/05\/EU_portal.jpg\",\"caption\":\"Luzimara Fernandes\"},\"description\":\"Jornalista MTB 2358-ES\",\"sameAs\":[\"https:\/\/jornalfatosenoticias.com.br\"],\"url\":\"https:\/\/jornalfatosenoticias.com.br\/index.php\/author\/luzimara\/\"}]}<\/script>\n<!-- \/ Yoast SEO plugin. -->","yoast_head_json":{"title":"Minist\u00e9rio da Sa\u00fade privilegia aliados do PT com verba extra de R$ 1,37 bi, diz levantamento - Jornal Fatos e Not\u00edcias","robots":{"index":"index","follow":"follow","max-snippet":"max-snippet:-1","max-image-preview":"max-image-preview:large","max-video-preview":"max-video-preview:-1"},"canonical":"https:\/\/jornalfatosenoticias.com.br\/index.php\/2024\/02\/20\/ministerio-da-saude-privilegia-aliados-do-pt-com-verba-extra-de-r-137-bi-diz-levantamento\/","og_locale":"pt_BR","og_type":"article","og_title":"Minist\u00e9rio da Sa\u00fade privilegia aliados do PT com verba extra de R$ 1,37 bi, diz levantamento - Jornal Fatos e Not\u00edcias","og_description":"A ministra da Sa\u00fade, N\u00edsia Trindade, e Lula (PT) Por Di\u00f3genes Freire Feitosa Atrav\u00e9s do Minist\u00e9rio da Sa\u00fade (MS), o governo Lula (PT) teria privilegiado prefeitos e governadores ligados ao PT com verba extra de R$ 1,37 bilh\u00e3o para financiar a\u00e7\u00f5es em hospitais e ambulat\u00f3rios no ano passado. O levantamento foi divulgado pelo jornal Folha [&hellip;]","og_url":"https:\/\/jornalfatosenoticias.com.br\/index.php\/2024\/02\/20\/ministerio-da-saude-privilegia-aliados-do-pt-com-verba-extra-de-r-137-bi-diz-levantamento\/","og_site_name":"Jornal Fatos e Not\u00edcias","article_published_time":"2024-02-20T19:14:39+00:00","article_modified_time":"2024-02-20T19:14:41+00:00","og_image":[{"width":960,"height":540,"url":"https:\/\/jornalfatosenoticias.com.br\/wp-content\/uploads\/2024\/02\/lula3.jpg","type":"image\/jpeg"}],"author":"Luzimara Fernandes","twitter_card":"summary_large_image","twitter_misc":{"Escrito por":"Luzimara Fernandes","Est. tempo de leitura":"2 minutos"},"schema":{"@context":"https:\/\/schema.org","@graph":[{"@type":"Article","@id":"https:\/\/jornalfatosenoticias.com.br\/index.php\/2024\/02\/20\/ministerio-da-saude-privilegia-aliados-do-pt-com-verba-extra-de-r-137-bi-diz-levantamento\/#article","isPartOf":{"@id":"https:\/\/jornalfatosenoticias.com.br\/index.php\/2024\/02\/20\/ministerio-da-saude-privilegia-aliados-do-pt-com-verba-extra-de-r-137-bi-diz-levantamento\/"},"author":{"name":"Luzimara Fernandes","@id":"https:\/\/jornalfatosenoticias.com.br\/#\/schema\/person\/d63837fa13ac8666eb9e74e0985d6f81"},"headline":"Minist\u00e9rio da Sa\u00fade privilegia aliados do PT com verba extra de R$ 1,37 bi, diz levantamento","datePublished":"2024-02-20T19:14:39+00:00","dateModified":"2024-02-20T19:14:41+00:00","mainEntityOfPage":{"@id":"https:\/\/jornalfatosenoticias.com.br\/index.php\/2024\/02\/20\/ministerio-da-saude-privilegia-aliados-do-pt-com-verba-extra-de-r-137-bi-diz-levantamento\/"},"wordCount":477,"commentCount":0,"publisher":{"@id":"https:\/\/jornalfatosenoticias.com.br\/#organization"},"image":{"@id":"https:\/\/jornalfatosenoticias.com.br\/index.php\/2024\/02\/20\/ministerio-da-saude-privilegia-aliados-do-pt-com-verba-extra-de-r-137-bi-diz-levantamento\/#primaryimage"},"thumbnailUrl":"https:\/\/jornalfatosenoticias.com.br\/wp-content\/uploads\/2024\/02\/lula3.jpg","keywords":["Centr\u00e3o","governadores","impeachment","Lula","N\u00edsia Trindade","prefeitura","PT","Rio de Janeiro","sa\u00fade"],"articleSection":["Geral"],"inLanguage":"pt-BR","potentialAction":[{"@type":"CommentAction","name":"Comment","target":["https:\/\/jornalfatosenoticias.com.br\/index.php\/2024\/02\/20\/ministerio-da-saude-privilegia-aliados-do-pt-com-verba-extra-de-r-137-bi-diz-levantamento\/#respond"]}]},{"@type":"WebPage","@id":"https:\/\/jornalfatosenoticias.com.br\/index.php\/2024\/02\/20\/ministerio-da-saude-privilegia-aliados-do-pt-com-verba-extra-de-r-137-bi-diz-levantamento\/","url":"https:\/\/jornalfatosenoticias.com.br\/index.php\/2024\/02\/20\/ministerio-da-saude-privilegia-aliados-do-pt-com-verba-extra-de-r-137-bi-diz-levantamento\/","name":"Minist\u00e9rio da Sa\u00fade privilegia aliados do PT com verba extra de R$ 1,37 bi, diz levantamento - Jornal Fatos e Not\u00edcias","isPartOf":{"@id":"https:\/\/jornalfatosenoticias.com.br\/#website"},"primaryImageOfPage":{"@id":"https:\/\/jornalfatosenoticias.com.br\/index.php\/2024\/02\/20\/ministerio-da-saude-privilegia-aliados-do-pt-com-verba-extra-de-r-137-bi-diz-levantamento\/#primaryimage"},"image":{"@id":"https:\/\/jornalfatosenoticias.com.br\/index.php\/2024\/02\/20\/ministerio-da-saude-privilegia-aliados-do-pt-com-verba-extra-de-r-137-bi-diz-levantamento\/#primaryimage"},"thumbnailUrl":"https:\/\/jornalfatosenoticias.com.br\/wp-content\/uploads\/2024\/02\/lula3.jpg","datePublished":"2024-02-20T19:14:39+00:00","dateModified":"2024-02-20T19:14:41+00:00","breadcrumb":{"@id":"https:\/\/jornalfatosenoticias.com.br\/index.php\/2024\/02\/20\/ministerio-da-saude-privilegia-aliados-do-pt-com-verba-extra-de-r-137-bi-diz-levantamento\/#breadcrumb"},"inLanguage":"pt-BR","potentialAction":[{"@type":"ReadAction","target":["https:\/\/jornalfatosenoticias.com.br\/index.php\/2024\/02\/20\/ministerio-da-saude-privilegia-aliados-do-pt-com-verba-extra-de-r-137-bi-diz-levantamento\/"]}]},{"@type":"ImageObject","inLanguage":"pt-BR","@id":"https:\/\/jornalfatosenoticias.com.br\/index.php\/2024\/02\/20\/ministerio-da-saude-privilegia-aliados-do-pt-com-verba-extra-de-r-137-bi-diz-levantamento\/#primaryimage","url":"https:\/\/jornalfatosenoticias.com.br\/wp-content\/uploads\/2024\/02\/lula3.jpg","contentUrl":"https:\/\/jornalfatosenoticias.com.br\/wp-content\/uploads\/2024\/02\/lula3.jpg","width":960,"height":540},{"@type":"BreadcrumbList","@id":"https:\/\/jornalfatosenoticias.com.br\/index.php\/2024\/02\/20\/ministerio-da-saude-privilegia-aliados-do-pt-com-verba-extra-de-r-137-bi-diz-levantamento\/#breadcrumb","itemListElement":[{"@type":"ListItem","position":1,"name":"In\u00edcio","item":"https:\/\/jornalfatosenoticias.com.br\/"},{"@type":"ListItem","position":2,"name":"Minist\u00e9rio da Sa\u00fade privilegia aliados do PT com verba extra de R$ 1,37 bi, diz levantamento"}]},{"@type":"WebSite","@id":"https:\/\/jornalfatosenoticias.com.br\/#website","url":"https:\/\/jornalfatosenoticias.com.br\/","name":"Jornal Fatos e Not\u00edcias","description":"Not\u00edcias em geral","publisher":{"@id":"https:\/\/jornalfatosenoticias.com.br\/#organization"},"potentialAction":[{"@type":"SearchAction","target":{"@type":"EntryPoint","urlTemplate":"https:\/\/jornalfatosenoticias.com.br\/?s={search_term_string}"},"query-input":{"@type":"PropertyValueSpecification","valueRequired":true,"valueName":"search_term_string"}}],"inLanguage":"pt-BR"},{"@type":"Organization","@id":"https:\/\/jornalfatosenoticias.com.br\/#organization","name":"Jornal Fatos e Not\u00edcias","url":"https:\/\/jornalfatosenoticias.com.br\/","logo":{"@type":"ImageObject","inLanguage":"pt-BR","@id":"https:\/\/jornalfatosenoticias.com.br\/#\/schema\/logo\/image\/","url":"https:\/\/jornalfatosenoticias.com.br\/wp-content\/uploads\/2020\/02\/logo120.png","contentUrl":"https:\/\/jornalfatosenoticias.com.br\/wp-content\/uploads\/2020\/02\/logo120.png","width":1227,"height":120,"caption":"Jornal Fatos e Not\u00edcias"},"image":{"@id":"https:\/\/jornalfatosenoticias.com.br\/#\/schema\/logo\/image\/"}},{"@type":"Person","@id":"https:\/\/jornalfatosenoticias.com.br\/#\/schema\/person\/d63837fa13ac8666eb9e74e0985d6f81","name":"Luzimara Fernandes","image":{"@type":"ImageObject","inLanguage":"pt-BR","@id":"https:\/\/jornalfatosenoticias.com.br\/#\/schema\/person\/image\/","url":"https:\/\/jornalfatosenoticias.com.br\/wp-content\/uploads\/2025\/05\/EU_portal.jpg","contentUrl":"https:\/\/jornalfatosenoticias.com.br\/wp-content\/uploads\/2025\/05\/EU_portal.jpg","caption":"Luzimara Fernandes"},"description":"Jornalista MTB 2358-ES","sameAs":["https:\/\/jornalfatosenoticias.com.br"],"url":"https:\/\/jornalfatosenoticias.com.br\/index.php\/author\/luzimara\/"}]}},"cc_featured_image_caption":{"caption_text":"(Foto: Ricardo Stuckert\/PR)","source_text":"","source_url":""},"jetpack_featured_media_url":"https:\/\/jornalfatosenoticias.com.br\/wp-content\/uploads\/2024\/02\/lula3.jpg","_links":{"self":[{"href":"https:\/\/jornalfatosenoticias.com.br\/index.php\/wp-json\/wp\/v2\/posts\/49388","targetHints":{"allow":["GET"]}}],"collection":[{"href":"https:\/\/jornalfatosenoticias.com.br\/index.php\/wp-json\/wp\/v2\/posts"}],"about":[{"href":"https:\/\/jornalfatosenoticias.com.br\/index.php\/wp-json\/wp\/v2\/types\/post"}],"author":[{"embeddable":true,"href":"https:\/\/jornalfatosenoticias.com.br\/index.php\/wp-json\/wp\/v2\/users\/2"}],"replies":[{"embeddable":true,"href":"https:\/\/jornalfatosenoticias.com.br\/index.php\/wp-json\/wp\/v2\/comments?post=49388"}],"version-history":[{"count":0,"href":"https:\/\/jornalfatosenoticias.com.br\/index.php\/wp-json\/wp\/v2\/posts\/49388\/revisions"}],"wp:featuredmedia":[{"embeddable":true,"href":"https:\/\/jornalfatosenoticias.com.br\/index.php\/wp-json\/wp\/v2\/media\/49389"}],"wp:attachment":[{"href":"https:\/\/jornalfatosenoticias.com.br\/index.php\/wp-json\/wp\/v2\/media?parent=49388"}],"wp:term":[{"taxonomy":"category","embeddable":true,"href":"https:\/\/jornalfatosenoticias.com.br\/index.php\/wp-json\/wp\/v2\/categories?post=49388"},{"taxonomy":"post_tag","embeddable":true,"href":"https:\/\/jornalfatosenoticias.com.br\/index.php\/wp-json\/wp\/v2\/tags?post=49388"}],"curies":[{"name":"wp","href":"https:\/\/api.w.org\/{rel}","templated":true}]}}