{"id":49391,"date":"2024-02-20T16:24:12","date_gmt":"2024-02-20T19:24:12","guid":{"rendered":"https:\/\/jornalfatosenoticias.com.br\/?p=49391"},"modified":"2024-02-20T16:24:13","modified_gmt":"2024-02-20T19:24:13","slug":"zema-reafirma-nao-obrigatoriedade-de-vacina-da-covid-para-matricula-de-criancas-em-escolas","status":"publish","type":"post","link":"https:\/\/jornalfatosenoticias.com.br\/index.php\/2024\/02\/20\/zema-reafirma-nao-obrigatoriedade-de-vacina-da-covid-para-matricula-de-criancas-em-escolas\/","title":{"rendered":"Zema reafirma n\u00e3o obrigatoriedade de vacina da covid para matr\u00edcula de crian\u00e7as em escolas"},"content":{"rendered":"\n<p><em><span class=\"has-inline-color has-black-color\">O governador de MG, Romeu Zema, virou alvo do PSOL e do STF por ter dito que \u201ctodo aluno, independente de ter ou n\u00e3o vacinado, ter\u00e1 acesso \u00e0s escolas\u201d<\/span><\/em><\/p>\n\n\n\n<p><span class=\"has-inline-color has-black-color\">Por <strong><a href=\"https:\/\/www.gazetadopovo.com.br\/autor\/diogenes-freire-feitosa\/\">Di\u00f3genes Freire Feitosa<\/a><\/strong><\/span><\/p>\n\n\n\n<div class=\"wp-block-image\"><figure class=\"aligncenter size-large\"><img loading=\"lazy\" decoding=\"async\" width=\"1024\" height=\"100\" src=\"https:\/\/jornalfatosenoticias.com.br\/wp-content\/uploads\/2022\/05\/NOVA-LOGO-CESCONETTO-1024x100.jpg\" alt=\"\" class=\"wp-image-30792\" srcset=\"https:\/\/jornalfatosenoticias.com.br\/wp-content\/uploads\/2022\/05\/NOVA-LOGO-CESCONETTO-1024x100.jpg 1024w, https:\/\/jornalfatosenoticias.com.br\/wp-content\/uploads\/2022\/05\/NOVA-LOGO-CESCONETTO-300x29.jpg 300w, https:\/\/jornalfatosenoticias.com.br\/wp-content\/uploads\/2022\/05\/NOVA-LOGO-CESCONETTO-768x75.jpg 768w, https:\/\/jornalfatosenoticias.com.br\/wp-content\/uploads\/2022\/05\/NOVA-LOGO-CESCONETTO.jpg 1280w\" sizes=\"auto, (max-width: 1024px) 100vw, 1024px\" \/><\/figure><\/div>\n\n\n\n<p>Ao ser questionado pelo ministro do Supremo Tribunal Federal (STF), Alexandre de Moraes, em uma Reclama\u00e7\u00e3o proposta pelo PSOL, o governador de Minas Gerais, Romeu Zema (Novo), reafirmou que a vacina\u00e7\u00e3o da covid-19 nunca foi obrigat\u00f3ria para matr\u00edcula de crian\u00e7as em escolas estaduais.<br>Zema virou alvo do PSOL e do STF por causa de um v\u00eddeo em que aparece ao lado do senador Cleitinho (Republicanos) e do deputado Nikolas Ferreira (PL), no dia 4 de fevereiro, e garante que \u201ctodo aluno, independente de ter ou n\u00e3o vacinado, ter\u00e1 acesso \u00e0s escolas\u201d.<\/p>\n\n\n\n<div class=\"wp-block-image\"><figure class=\"aligncenter size-large is-resized\"><img loading=\"lazy\" decoding=\"async\" src=\"https:\/\/jornalfatosenoticias.com.br\/wp-content\/uploads\/2020\/02\/logo-Rapuzel-1024x571.jpg\" alt=\"\" class=\"wp-image-42808\" width=\"348\" height=\"194\" srcset=\"https:\/\/jornalfatosenoticias.com.br\/wp-content\/uploads\/2020\/02\/logo-Rapuzel-1024x571.jpg 1024w, https:\/\/jornalfatosenoticias.com.br\/wp-content\/uploads\/2020\/02\/logo-Rapuzel-300x167.jpg 300w, https:\/\/jornalfatosenoticias.com.br\/wp-content\/uploads\/2020\/02\/logo-Rapuzel-768x428.jpg 768w, https:\/\/jornalfatosenoticias.com.br\/wp-content\/uploads\/2020\/02\/logo-Rapuzel-1536x856.jpg 1536w, https:\/\/jornalfatosenoticias.com.br\/wp-content\/uploads\/2020\/02\/logo-Rapuzel.jpg 1600w\" sizes=\"auto, (max-width: 348px) 100vw, 348px\" \/><\/figure><\/div>\n\n\n\n<p>Ao atender ao pedido do PSOL, Moraes deu prazo de cinco dias para que Zema explicasse a declara\u00e7\u00e3o.\u00a0Na resposta enviada ao ministro, no dia 19 de fevereiro, Zema disse que \u201catualmente, a apresenta\u00e7\u00e3o do cart\u00e3o de vacina\u00e7\u00e3o para os estudantes com at\u00e9 10 anos \u00e9 solicitada como forma de sensibiliza\u00e7\u00e3o aos pais\/respons\u00e1veis sobre a import\u00e2ncia dos cuidados com a sa\u00fade da crian\u00e7a\u201d.<\/p>\n\n\n\n<div class=\"wp-block-image\"><figure class=\"aligncenter size-large is-resized\"><img loading=\"lazy\" decoding=\"async\" src=\"https:\/\/jornalfatosenoticias.com.br\/wp-content\/uploads\/2023\/08\/BKR-1024x1021.jpg\" alt=\"\" class=\"wp-image-44494\" width=\"317\" height=\"316\" srcset=\"https:\/\/jornalfatosenoticias.com.br\/wp-content\/uploads\/2023\/08\/BKR-1024x1021.jpg 1024w, https:\/\/jornalfatosenoticias.com.br\/wp-content\/uploads\/2023\/08\/BKR-300x300.jpg 300w, https:\/\/jornalfatosenoticias.com.br\/wp-content\/uploads\/2023\/08\/BKR-150x150.jpg 150w, https:\/\/jornalfatosenoticias.com.br\/wp-content\/uploads\/2023\/08\/BKR-768x766.jpg 768w, https:\/\/jornalfatosenoticias.com.br\/wp-content\/uploads\/2023\/08\/BKR.jpg 1080w\" sizes=\"auto, (max-width: 317px) 100vw, 317px\" \/><\/figure><\/div>\n\n\n\n<p>Zema tamb\u00e9m questionou o uso do STF pelo PSOL e disse que a a\u00e7\u00e3o do partido teria como finalidade \u201csubmeter diretamente ao Supremo Tribunal Federal um lit\u00edgio de \u00edndole pol\u00edtica\u201d. <\/p>\n\n\n\n<div class=\"wp-block-image\"><figure class=\"aligncenter size-large\"><img decoding=\"async\" src=\"https:\/\/jornalfatosenoticias.com.br\/wp-content\/uploads\/2020\/02\/barao-das-carnes-300x164-1.jpg\" alt=\"\" class=\"wp-image-34339\"\/><\/figure><\/div>\n\n\n\n<p>No despacho de Moraes contra o governador, na semana passada, o ministro disse que as justificativas enviadas por Zema no prazo determinado serviriam para verificar se o governo de Minas Gerais tem cumprido a ordem do STF que, em 2020, determinou a vacina\u00e7\u00e3o completa de menores de 18 anos contra a covid-19 ao julgar constitucional a vacina\u00e7\u00e3o compuls\u00f3ria da popula\u00e7\u00e3o.<\/p>\n\n\n\n<div class=\"wp-block-image\"><figure class=\"aligncenter size-large is-resized\"><img loading=\"lazy\" decoding=\"async\" src=\"https:\/\/jornalfatosenoticias.com.br\/wp-content\/uploads\/2023\/03\/logo-Panper_portal.jpg\" alt=\"\" class=\"wp-image-40208\" width=\"316\" height=\"219\" srcset=\"https:\/\/jornalfatosenoticias.com.br\/wp-content\/uploads\/2023\/03\/logo-Panper_portal.jpg 400w, https:\/\/jornalfatosenoticias.com.br\/wp-content\/uploads\/2023\/03\/logo-Panper_portal-300x208.jpg 300w\" sizes=\"auto, (max-width: 316px) 100vw, 316px\" \/><\/figure><\/div>\n\n\n\n<p>A decis\u00e3o de 2020, no entanto, n\u00e3o levou em considera\u00e7\u00e3o os diversos alertas m\u00e9dicos sobre os riscos da vacina\u00e7\u00e3o obrigat\u00f3ria, principalmente em crian\u00e7as e adolescentes, e os in\u00fameros casos suspeitos de rea\u00e7\u00f5es adversas e mortes associados \u00e0 vacina\u00e7\u00e3o da covid.<\/p>\n\n\n\n<div class=\"wp-block-image\"><figure class=\"aligncenter size-large is-resized\"><img loading=\"lazy\" decoding=\"async\" src=\"https:\/\/jornalfatosenoticias.com.br\/wp-content\/uploads\/2023\/08\/ITH.jpeg\" alt=\"\" class=\"wp-image-44638\" width=\"298\" height=\"242\" srcset=\"https:\/\/jornalfatosenoticias.com.br\/wp-content\/uploads\/2023\/08\/ITH.jpeg 800w, https:\/\/jornalfatosenoticias.com.br\/wp-content\/uploads\/2023\/08\/ITH-300x244.jpeg 300w, https:\/\/jornalfatosenoticias.com.br\/wp-content\/uploads\/2023\/08\/ITH-768x624.jpeg 768w\" sizes=\"auto, (max-width: 298px) 100vw, 298px\" \/><\/figure><\/div>\n\n\n\n<blockquote class=\"wp-block-quote is-layout-flow wp-block-quote-is-layout-flow\"><p><span class=\"has-inline-color has-luminous-vivid-orange-color\">Cabe destacar que a imuniza\u00e7\u00e3o de crian\u00e7as, adolescentes e adultos, em Minas Gerais, \u00e9 recomendada em conson\u00e2ncia com calend\u00e1rio nacional de vacina\u00e7\u00e3o, sendo que diferentes imunizantes est\u00e3o dispon\u00edveis gratuitamente. Apenas em a\u00e7\u00f5es de imuniza\u00e7\u00e3o extramuros no estado, o Governo de Minas est\u00e1 investindo mais de R$ 260 milh\u00f5es, com destaque para R$ 101 milh\u00f5es repassados aos munic\u00edpios para a compra de vacim\u00f3veis, vans adaptadas para funcionarem como unidades itinerantes de vacina\u00e7\u00e3o. Ao todo, em 2023 foram destinados recursos da ordem de R$ 64 milh\u00f5es de reais para incentivo \u00e0 imuniza\u00e7\u00e3o e mais R$ 100 milh\u00f5es em 2024\u201d, diz outro trecho da resposta de Zema a que a Gazeta do Povo teve acesso.<\/span><\/p><\/blockquote>\n\n\n\n<div class=\"wp-block-image\"><figure class=\"aligncenter size-large is-resized\"><img loading=\"lazy\" decoding=\"async\" src=\"https:\/\/jornalfatosenoticias.com.br\/wp-content\/uploads\/2024\/01\/consultoria-ambiental.jpg\" alt=\"\" class=\"wp-image-48314\" width=\"319\" height=\"288\" srcset=\"https:\/\/jornalfatosenoticias.com.br\/wp-content\/uploads\/2024\/01\/consultoria-ambiental.jpg 832w, https:\/\/jornalfatosenoticias.com.br\/wp-content\/uploads\/2024\/01\/consultoria-ambiental-300x272.jpg 300w, https:\/\/jornalfatosenoticias.com.br\/wp-content\/uploads\/2024\/01\/consultoria-ambiental-768x696.jpg 768w\" sizes=\"auto, (max-width: 319px) 100vw, 319px\" \/><\/figure><\/div>\n\n\n\n<p><strong><em>Fonte: <a href=\"https:\/\/www.gazetadopovo.com.br\/republica\/zema-reafirma-nao-obrigatoriedade-de-vacina-da-covid-para-matricula-de-criancas-em-escolas\/\">Gazeta do Povo<\/a><\/em><\/strong><\/p>\n","protected":false},"excerpt":{"rendered":"<p>O governador de MG, Romeu Zema, virou alvo do PSOL e do STF por ter dito que \u201ctodo aluno, independente de ter ou n\u00e3o vacinado, ter\u00e1 acesso \u00e0s escolas\u201d Por Di\u00f3genes Freire Feitosa Ao ser questionado pelo ministro do Supremo Tribunal Federal (STF), Alexandre de Moraes, em uma Reclama\u00e7\u00e3o proposta pelo PSOL, o governador de [&hellip;]<\/p>\n","protected":false},"author":2,"featured_media":49392,"comment_status":"open","ping_status":"open","sticky":false,"template":"","format":"standard","meta":{"footnotes":""},"categories":[10],"tags":[2140,7580,1924,8196,22873,22874,294,847],"class_list":["post-49391","post","type-post","status-publish","format-standard","has-post-thumbnail","hentry","category-politica","tag-impeachment","tag-lula","tag-minas-gerais","tag-pl","tag-psol","tag-romeu-sema","tag-stf","tag-vacinacao"],"yoast_head":"<!-- This site is optimized with the Yoast SEO plugin v26.5 - https:\/\/yoast.com\/wordpress\/plugins\/seo\/ -->\n<title>Zema reafirma n\u00e3o obrigatoriedade de vacina da covid para matr\u00edcula de crian\u00e7as em escolas - Jornal Fatos e Not\u00edcias<\/title>\n<meta name=\"robots\" content=\"index, follow, max-snippet:-1, max-image-preview:large, max-video-preview:-1\" \/>\n<link rel=\"canonical\" href=\"https:\/\/jornalfatosenoticias.com.br\/index.php\/2024\/02\/20\/zema-reafirma-nao-obrigatoriedade-de-vacina-da-covid-para-matricula-de-criancas-em-escolas\/\" \/>\n<meta property=\"og:locale\" content=\"pt_BR\" \/>\n<meta property=\"og:type\" content=\"article\" \/>\n<meta property=\"og:title\" content=\"Zema reafirma n\u00e3o obrigatoriedade de vacina da covid para matr\u00edcula de crian\u00e7as em escolas - Jornal Fatos e Not\u00edcias\" \/>\n<meta property=\"og:description\" content=\"O governador de MG, Romeu Zema, virou alvo do PSOL e do STF por ter dito que \u201ctodo aluno, independente de ter ou n\u00e3o vacinado, ter\u00e1 acesso \u00e0s escolas\u201d Por Di\u00f3genes Freire Feitosa Ao ser questionado pelo ministro do Supremo Tribunal Federal (STF), Alexandre de Moraes, em uma Reclama\u00e7\u00e3o proposta pelo PSOL, o governador de [&hellip;]\" \/>\n<meta property=\"og:url\" content=\"https:\/\/jornalfatosenoticias.com.br\/index.php\/2024\/02\/20\/zema-reafirma-nao-obrigatoriedade-de-vacina-da-covid-para-matricula-de-criancas-em-escolas\/\" \/>\n<meta property=\"og:site_name\" content=\"Jornal Fatos e Not\u00edcias\" \/>\n<meta property=\"article:published_time\" content=\"2024-02-20T19:24:12+00:00\" \/>\n<meta property=\"article:modified_time\" content=\"2024-02-20T19:24:13+00:00\" \/>\n<meta property=\"og:image\" content=\"https:\/\/jornalfatosenoticias.com.br\/wp-content\/uploads\/2024\/02\/romeu-zema-foto-marcello-casal-jr-agencia-brasil-960x540-1.jpg\" \/>\n\t<meta property=\"og:image:width\" content=\"960\" \/>\n\t<meta property=\"og:image:height\" content=\"540\" \/>\n\t<meta property=\"og:image:type\" content=\"image\/jpeg\" \/>\n<meta name=\"author\" content=\"Luzimara Fernandes\" \/>\n<meta name=\"twitter:card\" content=\"summary_large_image\" \/>\n<meta name=\"twitter:label1\" content=\"Escrito por\" \/>\n\t<meta name=\"twitter:data1\" content=\"Luzimara Fernandes\" \/>\n\t<meta name=\"twitter:label2\" content=\"Est. tempo de leitura\" \/>\n\t<meta name=\"twitter:data2\" content=\"2 minutos\" \/>\n<script type=\"application\/ld+json\" class=\"yoast-schema-graph\">{\"@context\":\"https:\/\/schema.org\",\"@graph\":[{\"@type\":\"Article\",\"@id\":\"https:\/\/jornalfatosenoticias.com.br\/index.php\/2024\/02\/20\/zema-reafirma-nao-obrigatoriedade-de-vacina-da-covid-para-matricula-de-criancas-em-escolas\/#article\",\"isPartOf\":{\"@id\":\"https:\/\/jornalfatosenoticias.com.br\/index.php\/2024\/02\/20\/zema-reafirma-nao-obrigatoriedade-de-vacina-da-covid-para-matricula-de-criancas-em-escolas\/\"},\"author\":{\"name\":\"Luzimara Fernandes\",\"@id\":\"https:\/\/jornalfatosenoticias.com.br\/#\/schema\/person\/d63837fa13ac8666eb9e74e0985d6f81\"},\"headline\":\"Zema reafirma n\u00e3o obrigatoriedade de vacina da covid para matr\u00edcula de crian\u00e7as em escolas\",\"datePublished\":\"2024-02-20T19:24:12+00:00\",\"dateModified\":\"2024-02-20T19:24:13+00:00\",\"mainEntityOfPage\":{\"@id\":\"https:\/\/jornalfatosenoticias.com.br\/index.php\/2024\/02\/20\/zema-reafirma-nao-obrigatoriedade-de-vacina-da-covid-para-matricula-de-criancas-em-escolas\/\"},\"wordCount\":488,\"commentCount\":0,\"publisher\":{\"@id\":\"https:\/\/jornalfatosenoticias.com.br\/#organization\"},\"image\":{\"@id\":\"https:\/\/jornalfatosenoticias.com.br\/index.php\/2024\/02\/20\/zema-reafirma-nao-obrigatoriedade-de-vacina-da-covid-para-matricula-de-criancas-em-escolas\/#primaryimage\"},\"thumbnailUrl\":\"https:\/\/jornalfatosenoticias.com.br\/wp-content\/uploads\/2024\/02\/romeu-zema-foto-marcello-casal-jr-agencia-brasil-960x540-1.jpg\",\"keywords\":[\"impeachment\",\"Lula\",\"Minas Gerais\",\"PL\",\"PSOL\",\"Romeu Sema\",\"STF\",\"vacina\u00e7\u00e3o\"],\"articleSection\":[\"Pol\u00edtica\"],\"inLanguage\":\"pt-BR\",\"potentialAction\":[{\"@type\":\"CommentAction\",\"name\":\"Comment\",\"target\":[\"https:\/\/jornalfatosenoticias.com.br\/index.php\/2024\/02\/20\/zema-reafirma-nao-obrigatoriedade-de-vacina-da-covid-para-matricula-de-criancas-em-escolas\/#respond\"]}]},{\"@type\":\"WebPage\",\"@id\":\"https:\/\/jornalfatosenoticias.com.br\/index.php\/2024\/02\/20\/zema-reafirma-nao-obrigatoriedade-de-vacina-da-covid-para-matricula-de-criancas-em-escolas\/\",\"url\":\"https:\/\/jornalfatosenoticias.com.br\/index.php\/2024\/02\/20\/zema-reafirma-nao-obrigatoriedade-de-vacina-da-covid-para-matricula-de-criancas-em-escolas\/\",\"name\":\"Zema reafirma n\u00e3o obrigatoriedade de vacina da covid para matr\u00edcula de crian\u00e7as em escolas - Jornal Fatos e Not\u00edcias\",\"isPartOf\":{\"@id\":\"https:\/\/jornalfatosenoticias.com.br\/#website\"},\"primaryImageOfPage\":{\"@id\":\"https:\/\/jornalfatosenoticias.com.br\/index.php\/2024\/02\/20\/zema-reafirma-nao-obrigatoriedade-de-vacina-da-covid-para-matricula-de-criancas-em-escolas\/#primaryimage\"},\"image\":{\"@id\":\"https:\/\/jornalfatosenoticias.com.br\/index.php\/2024\/02\/20\/zema-reafirma-nao-obrigatoriedade-de-vacina-da-covid-para-matricula-de-criancas-em-escolas\/#primaryimage\"},\"thumbnailUrl\":\"https:\/\/jornalfatosenoticias.com.br\/wp-content\/uploads\/2024\/02\/romeu-zema-foto-marcello-casal-jr-agencia-brasil-960x540-1.jpg\",\"datePublished\":\"2024-02-20T19:24:12+00:00\",\"dateModified\":\"2024-02-20T19:24:13+00:00\",\"breadcrumb\":{\"@id\":\"https:\/\/jornalfatosenoticias.com.br\/index.php\/2024\/02\/20\/zema-reafirma-nao-obrigatoriedade-de-vacina-da-covid-para-matricula-de-criancas-em-escolas\/#breadcrumb\"},\"inLanguage\":\"pt-BR\",\"potentialAction\":[{\"@type\":\"ReadAction\",\"target\":[\"https:\/\/jornalfatosenoticias.com.br\/index.php\/2024\/02\/20\/zema-reafirma-nao-obrigatoriedade-de-vacina-da-covid-para-matricula-de-criancas-em-escolas\/\"]}]},{\"@type\":\"ImageObject\",\"inLanguage\":\"pt-BR\",\"@id\":\"https:\/\/jornalfatosenoticias.com.br\/index.php\/2024\/02\/20\/zema-reafirma-nao-obrigatoriedade-de-vacina-da-covid-para-matricula-de-criancas-em-escolas\/#primaryimage\",\"url\":\"https:\/\/jornalfatosenoticias.com.br\/wp-content\/uploads\/2024\/02\/romeu-zema-foto-marcello-casal-jr-agencia-brasil-960x540-1.jpg\",\"contentUrl\":\"https:\/\/jornalfatosenoticias.com.br\/wp-content\/uploads\/2024\/02\/romeu-zema-foto-marcello-casal-jr-agencia-brasil-960x540-1.jpg\",\"width\":960,\"height\":540},{\"@type\":\"BreadcrumbList\",\"@id\":\"https:\/\/jornalfatosenoticias.com.br\/index.php\/2024\/02\/20\/zema-reafirma-nao-obrigatoriedade-de-vacina-da-covid-para-matricula-de-criancas-em-escolas\/#breadcrumb\",\"itemListElement\":[{\"@type\":\"ListItem\",\"position\":1,\"name\":\"In\u00edcio\",\"item\":\"https:\/\/jornalfatosenoticias.com.br\/\"},{\"@type\":\"ListItem\",\"position\":2,\"name\":\"Zema reafirma n\u00e3o obrigatoriedade de vacina da covid para matr\u00edcula de crian\u00e7as em escolas\"}]},{\"@type\":\"WebSite\",\"@id\":\"https:\/\/jornalfatosenoticias.com.br\/#website\",\"url\":\"https:\/\/jornalfatosenoticias.com.br\/\",\"name\":\"Jornal Fatos e Not\u00edcias\",\"description\":\"Not\u00edcias em geral\",\"publisher\":{\"@id\":\"https:\/\/jornalfatosenoticias.com.br\/#organization\"},\"potentialAction\":[{\"@type\":\"SearchAction\",\"target\":{\"@type\":\"EntryPoint\",\"urlTemplate\":\"https:\/\/jornalfatosenoticias.com.br\/?s={search_term_string}\"},\"query-input\":{\"@type\":\"PropertyValueSpecification\",\"valueRequired\":true,\"valueName\":\"search_term_string\"}}],\"inLanguage\":\"pt-BR\"},{\"@type\":\"Organization\",\"@id\":\"https:\/\/jornalfatosenoticias.com.br\/#organization\",\"name\":\"Jornal Fatos e Not\u00edcias\",\"url\":\"https:\/\/jornalfatosenoticias.com.br\/\",\"logo\":{\"@type\":\"ImageObject\",\"inLanguage\":\"pt-BR\",\"@id\":\"https:\/\/jornalfatosenoticias.com.br\/#\/schema\/logo\/image\/\",\"url\":\"https:\/\/jornalfatosenoticias.com.br\/wp-content\/uploads\/2020\/02\/logo120.png\",\"contentUrl\":\"https:\/\/jornalfatosenoticias.com.br\/wp-content\/uploads\/2020\/02\/logo120.png\",\"width\":1227,\"height\":120,\"caption\":\"Jornal Fatos e Not\u00edcias\"},\"image\":{\"@id\":\"https:\/\/jornalfatosenoticias.com.br\/#\/schema\/logo\/image\/\"}},{\"@type\":\"Person\",\"@id\":\"https:\/\/jornalfatosenoticias.com.br\/#\/schema\/person\/d63837fa13ac8666eb9e74e0985d6f81\",\"name\":\"Luzimara Fernandes\",\"image\":{\"@type\":\"ImageObject\",\"inLanguage\":\"pt-BR\",\"@id\":\"https:\/\/jornalfatosenoticias.com.br\/#\/schema\/person\/image\/\",\"url\":\"https:\/\/jornalfatosenoticias.com.br\/wp-content\/uploads\/2025\/05\/EU_portal.jpg\",\"contentUrl\":\"https:\/\/jornalfatosenoticias.com.br\/wp-content\/uploads\/2025\/05\/EU_portal.jpg\",\"caption\":\"Luzimara Fernandes\"},\"description\":\"Jornalista MTB 2358-ES\",\"sameAs\":[\"https:\/\/jornalfatosenoticias.com.br\"],\"url\":\"https:\/\/jornalfatosenoticias.com.br\/index.php\/author\/luzimara\/\"}]}<\/script>\n<!-- \/ Yoast SEO plugin. -->","yoast_head_json":{"title":"Zema reafirma n\u00e3o obrigatoriedade de vacina da covid para matr\u00edcula de crian\u00e7as em escolas - Jornal Fatos e Not\u00edcias","robots":{"index":"index","follow":"follow","max-snippet":"max-snippet:-1","max-image-preview":"max-image-preview:large","max-video-preview":"max-video-preview:-1"},"canonical":"https:\/\/jornalfatosenoticias.com.br\/index.php\/2024\/02\/20\/zema-reafirma-nao-obrigatoriedade-de-vacina-da-covid-para-matricula-de-criancas-em-escolas\/","og_locale":"pt_BR","og_type":"article","og_title":"Zema reafirma n\u00e3o obrigatoriedade de vacina da covid para matr\u00edcula de crian\u00e7as em escolas - Jornal Fatos e Not\u00edcias","og_description":"O governador de MG, Romeu Zema, virou alvo do PSOL e do STF por ter dito que \u201ctodo aluno, independente de ter ou n\u00e3o vacinado, ter\u00e1 acesso \u00e0s escolas\u201d Por Di\u00f3genes Freire Feitosa Ao ser questionado pelo ministro do Supremo Tribunal Federal (STF), Alexandre de Moraes, em uma Reclama\u00e7\u00e3o proposta pelo PSOL, o governador de [&hellip;]","og_url":"https:\/\/jornalfatosenoticias.com.br\/index.php\/2024\/02\/20\/zema-reafirma-nao-obrigatoriedade-de-vacina-da-covid-para-matricula-de-criancas-em-escolas\/","og_site_name":"Jornal Fatos e Not\u00edcias","article_published_time":"2024-02-20T19:24:12+00:00","article_modified_time":"2024-02-20T19:24:13+00:00","og_image":[{"width":960,"height":540,"url":"https:\/\/jornalfatosenoticias.com.br\/wp-content\/uploads\/2024\/02\/romeu-zema-foto-marcello-casal-jr-agencia-brasil-960x540-1.jpg","type":"image\/jpeg"}],"author":"Luzimara Fernandes","twitter_card":"summary_large_image","twitter_misc":{"Escrito por":"Luzimara Fernandes","Est. tempo de leitura":"2 minutos"},"schema":{"@context":"https:\/\/schema.org","@graph":[{"@type":"Article","@id":"https:\/\/jornalfatosenoticias.com.br\/index.php\/2024\/02\/20\/zema-reafirma-nao-obrigatoriedade-de-vacina-da-covid-para-matricula-de-criancas-em-escolas\/#article","isPartOf":{"@id":"https:\/\/jornalfatosenoticias.com.br\/index.php\/2024\/02\/20\/zema-reafirma-nao-obrigatoriedade-de-vacina-da-covid-para-matricula-de-criancas-em-escolas\/"},"author":{"name":"Luzimara Fernandes","@id":"https:\/\/jornalfatosenoticias.com.br\/#\/schema\/person\/d63837fa13ac8666eb9e74e0985d6f81"},"headline":"Zema reafirma n\u00e3o obrigatoriedade de vacina da covid para matr\u00edcula de crian\u00e7as em escolas","datePublished":"2024-02-20T19:24:12+00:00","dateModified":"2024-02-20T19:24:13+00:00","mainEntityOfPage":{"@id":"https:\/\/jornalfatosenoticias.com.br\/index.php\/2024\/02\/20\/zema-reafirma-nao-obrigatoriedade-de-vacina-da-covid-para-matricula-de-criancas-em-escolas\/"},"wordCount":488,"commentCount":0,"publisher":{"@id":"https:\/\/jornalfatosenoticias.com.br\/#organization"},"image":{"@id":"https:\/\/jornalfatosenoticias.com.br\/index.php\/2024\/02\/20\/zema-reafirma-nao-obrigatoriedade-de-vacina-da-covid-para-matricula-de-criancas-em-escolas\/#primaryimage"},"thumbnailUrl":"https:\/\/jornalfatosenoticias.com.br\/wp-content\/uploads\/2024\/02\/romeu-zema-foto-marcello-casal-jr-agencia-brasil-960x540-1.jpg","keywords":["impeachment","Lula","Minas Gerais","PL","PSOL","Romeu Sema","STF","vacina\u00e7\u00e3o"],"articleSection":["Pol\u00edtica"],"inLanguage":"pt-BR","potentialAction":[{"@type":"CommentAction","name":"Comment","target":["https:\/\/jornalfatosenoticias.com.br\/index.php\/2024\/02\/20\/zema-reafirma-nao-obrigatoriedade-de-vacina-da-covid-para-matricula-de-criancas-em-escolas\/#respond"]}]},{"@type":"WebPage","@id":"https:\/\/jornalfatosenoticias.com.br\/index.php\/2024\/02\/20\/zema-reafirma-nao-obrigatoriedade-de-vacina-da-covid-para-matricula-de-criancas-em-escolas\/","url":"https:\/\/jornalfatosenoticias.com.br\/index.php\/2024\/02\/20\/zema-reafirma-nao-obrigatoriedade-de-vacina-da-covid-para-matricula-de-criancas-em-escolas\/","name":"Zema reafirma n\u00e3o obrigatoriedade de vacina da covid para matr\u00edcula de crian\u00e7as em escolas - Jornal Fatos e Not\u00edcias","isPartOf":{"@id":"https:\/\/jornalfatosenoticias.com.br\/#website"},"primaryImageOfPage":{"@id":"https:\/\/jornalfatosenoticias.com.br\/index.php\/2024\/02\/20\/zema-reafirma-nao-obrigatoriedade-de-vacina-da-covid-para-matricula-de-criancas-em-escolas\/#primaryimage"},"image":{"@id":"https:\/\/jornalfatosenoticias.com.br\/index.php\/2024\/02\/20\/zema-reafirma-nao-obrigatoriedade-de-vacina-da-covid-para-matricula-de-criancas-em-escolas\/#primaryimage"},"thumbnailUrl":"https:\/\/jornalfatosenoticias.com.br\/wp-content\/uploads\/2024\/02\/romeu-zema-foto-marcello-casal-jr-agencia-brasil-960x540-1.jpg","datePublished":"2024-02-20T19:24:12+00:00","dateModified":"2024-02-20T19:24:13+00:00","breadcrumb":{"@id":"https:\/\/jornalfatosenoticias.com.br\/index.php\/2024\/02\/20\/zema-reafirma-nao-obrigatoriedade-de-vacina-da-covid-para-matricula-de-criancas-em-escolas\/#breadcrumb"},"inLanguage":"pt-BR","potentialAction":[{"@type":"ReadAction","target":["https:\/\/jornalfatosenoticias.com.br\/index.php\/2024\/02\/20\/zema-reafirma-nao-obrigatoriedade-de-vacina-da-covid-para-matricula-de-criancas-em-escolas\/"]}]},{"@type":"ImageObject","inLanguage":"pt-BR","@id":"https:\/\/jornalfatosenoticias.com.br\/index.php\/2024\/02\/20\/zema-reafirma-nao-obrigatoriedade-de-vacina-da-covid-para-matricula-de-criancas-em-escolas\/#primaryimage","url":"https:\/\/jornalfatosenoticias.com.br\/wp-content\/uploads\/2024\/02\/romeu-zema-foto-marcello-casal-jr-agencia-brasil-960x540-1.jpg","contentUrl":"https:\/\/jornalfatosenoticias.com.br\/wp-content\/uploads\/2024\/02\/romeu-zema-foto-marcello-casal-jr-agencia-brasil-960x540-1.jpg","width":960,"height":540},{"@type":"BreadcrumbList","@id":"https:\/\/jornalfatosenoticias.com.br\/index.php\/2024\/02\/20\/zema-reafirma-nao-obrigatoriedade-de-vacina-da-covid-para-matricula-de-criancas-em-escolas\/#breadcrumb","itemListElement":[{"@type":"ListItem","position":1,"name":"In\u00edcio","item":"https:\/\/jornalfatosenoticias.com.br\/"},{"@type":"ListItem","position":2,"name":"Zema reafirma n\u00e3o obrigatoriedade de vacina da covid para matr\u00edcula de crian\u00e7as em escolas"}]},{"@type":"WebSite","@id":"https:\/\/jornalfatosenoticias.com.br\/#website","url":"https:\/\/jornalfatosenoticias.com.br\/","name":"Jornal Fatos e Not\u00edcias","description":"Not\u00edcias em geral","publisher":{"@id":"https:\/\/jornalfatosenoticias.com.br\/#organization"},"potentialAction":[{"@type":"SearchAction","target":{"@type":"EntryPoint","urlTemplate":"https:\/\/jornalfatosenoticias.com.br\/?s={search_term_string}"},"query-input":{"@type":"PropertyValueSpecification","valueRequired":true,"valueName":"search_term_string"}}],"inLanguage":"pt-BR"},{"@type":"Organization","@id":"https:\/\/jornalfatosenoticias.com.br\/#organization","name":"Jornal Fatos e Not\u00edcias","url":"https:\/\/jornalfatosenoticias.com.br\/","logo":{"@type":"ImageObject","inLanguage":"pt-BR","@id":"https:\/\/jornalfatosenoticias.com.br\/#\/schema\/logo\/image\/","url":"https:\/\/jornalfatosenoticias.com.br\/wp-content\/uploads\/2020\/02\/logo120.png","contentUrl":"https:\/\/jornalfatosenoticias.com.br\/wp-content\/uploads\/2020\/02\/logo120.png","width":1227,"height":120,"caption":"Jornal Fatos e Not\u00edcias"},"image":{"@id":"https:\/\/jornalfatosenoticias.com.br\/#\/schema\/logo\/image\/"}},{"@type":"Person","@id":"https:\/\/jornalfatosenoticias.com.br\/#\/schema\/person\/d63837fa13ac8666eb9e74e0985d6f81","name":"Luzimara Fernandes","image":{"@type":"ImageObject","inLanguage":"pt-BR","@id":"https:\/\/jornalfatosenoticias.com.br\/#\/schema\/person\/image\/","url":"https:\/\/jornalfatosenoticias.com.br\/wp-content\/uploads\/2025\/05\/EU_portal.jpg","contentUrl":"https:\/\/jornalfatosenoticias.com.br\/wp-content\/uploads\/2025\/05\/EU_portal.jpg","caption":"Luzimara Fernandes"},"description":"Jornalista MTB 2358-ES","sameAs":["https:\/\/jornalfatosenoticias.com.br"],"url":"https:\/\/jornalfatosenoticias.com.br\/index.php\/author\/luzimara\/"}]}},"cc_featured_image_caption":{"caption_text":"(Foto: Marcello Casal Jr\/Ag\u00eancia Brasil)","source_text":"","source_url":""},"jetpack_featured_media_url":"https:\/\/jornalfatosenoticias.com.br\/wp-content\/uploads\/2024\/02\/romeu-zema-foto-marcello-casal-jr-agencia-brasil-960x540-1.jpg","_links":{"self":[{"href":"https:\/\/jornalfatosenoticias.com.br\/index.php\/wp-json\/wp\/v2\/posts\/49391","targetHints":{"allow":["GET"]}}],"collection":[{"href":"https:\/\/jornalfatosenoticias.com.br\/index.php\/wp-json\/wp\/v2\/posts"}],"about":[{"href":"https:\/\/jornalfatosenoticias.com.br\/index.php\/wp-json\/wp\/v2\/types\/post"}],"author":[{"embeddable":true,"href":"https:\/\/jornalfatosenoticias.com.br\/index.php\/wp-json\/wp\/v2\/users\/2"}],"replies":[{"embeddable":true,"href":"https:\/\/jornalfatosenoticias.com.br\/index.php\/wp-json\/wp\/v2\/comments?post=49391"}],"version-history":[{"count":0,"href":"https:\/\/jornalfatosenoticias.com.br\/index.php\/wp-json\/wp\/v2\/posts\/49391\/revisions"}],"wp:featuredmedia":[{"embeddable":true,"href":"https:\/\/jornalfatosenoticias.com.br\/index.php\/wp-json\/wp\/v2\/media\/49392"}],"wp:attachment":[{"href":"https:\/\/jornalfatosenoticias.com.br\/index.php\/wp-json\/wp\/v2\/media?parent=49391"}],"wp:term":[{"taxonomy":"category","embeddable":true,"href":"https:\/\/jornalfatosenoticias.com.br\/index.php\/wp-json\/wp\/v2\/categories?post=49391"},{"taxonomy":"post_tag","embeddable":true,"href":"https:\/\/jornalfatosenoticias.com.br\/index.php\/wp-json\/wp\/v2\/tags?post=49391"}],"curies":[{"name":"wp","href":"https:\/\/api.w.org\/{rel}","templated":true}]}}