{"id":49394,"date":"2024-02-22T11:24:30","date_gmt":"2024-02-22T14:24:30","guid":{"rendered":"https:\/\/jornalfatosenoticias.com.br\/?p=49394"},"modified":"2024-02-22T11:24:31","modified_gmt":"2024-02-22T14:24:31","slug":"proposta-de-reforma-do-codigo-civil-copiar-colar-parte-i","status":"publish","type":"post","link":"https:\/\/jornalfatosenoticias.com.br\/index.php\/2024\/02\/22\/proposta-de-reforma-do-codigo-civil-copiar-colar-parte-i\/","title":{"rendered":"Proposta de Reforma do C\u00f3digo Civil, copiar\/colar? \u2014 Parte I"},"content":{"rendered":"\n<p><em><span class=\"has-inline-color has-black-color\">N\u00e3o posso deixar de pensar psicanaliticamente. Muito me intriga tamanha raiva da m\u00e3e. E tamanho desprezo pela Crian\u00e7a. Por qu\u00ea?<\/span><\/em><\/p>\n\n\n\n<div class=\"wp-block-image\"><figure class=\"aligncenter size-large\"><img loading=\"lazy\" decoding=\"async\" width=\"729\" height=\"90\" src=\"https:\/\/jornalfatosenoticias.com.br\/wp-content\/uploads\/2020\/02\/Logo_Mizu.png\" alt=\"\" class=\"wp-image-1441\" srcset=\"https:\/\/jornalfatosenoticias.com.br\/wp-content\/uploads\/2020\/02\/Logo_Mizu.png 729w, https:\/\/jornalfatosenoticias.com.br\/wp-content\/uploads\/2020\/02\/Logo_Mizu-300x37.png 300w\" sizes=\"auto, (max-width: 729px) 100vw, 729px\" \/><\/figure><\/div>\n\n\n\n<p>Nosso C\u00f3digo Civil foi aprovado ap\u00f3s 30 anos de discuss\u00e3o. Exagero? N\u00e3o. Cuidado. Responsabilidade. Conhecimento Jur\u00eddico com Responsabilidade Social. Mas temos agora a celeridade de alguns meses para emplacar um novo C\u00f3digo Civil que se anuncia como \u201ctrazendo modernidade\u201d.<br>N\u00e3o se explica quais \u201cmodernidades\u201d seriam. \u00c9 claro que a sociedade mudou, \u00e9 claro que costumes novos apareceram, \u00e9 claro que modos novos de conviv\u00eancia civil entraram no cotidiano, mas sabemos que foram todos acompanhados de Resolu\u00e7\u00f5es e Regramentos proferidos pelo Supremo Tribunal Federal. Leis foram elaboradas e promulgadas, suprindo assim os novos espa\u00e7os sociais que, naturalmente, surgem, e s\u00e3o bem-vindos. Portanto, o nosso C\u00f3digo Civil vem se modernizando \u00e0 medida que a demanda social ocorre. Essa alegada \u201cmodernidade\u201d \u00e9 t\u00e3o somente um atrativo fict\u00edcio. Para enganar.<br>Ent\u00e3o, a quem interessa uma Reforma que toma a velocidade de uma corrida automobil\u00edstica? Curioso, de um carro s\u00f3. Sem os diversos pontos de vista, sem discuss\u00e3o da sociedade civil e dos especialistas do bem-estar humano, sem o contradit\u00f3rio. J\u00e1 vimos isso acontecer em 2010 com a lei de aliena\u00e7\u00e3o parental (LAP). Coincid\u00eancia \u00e9 que esta exata lei est\u00e1 toda embutida na proposta dessa tal reforma. Sem citar nenhuma vez o nome da lei, mas copiando e colando, <em>ipsis litteris,<\/em> como se modernidade fosse.<\/p>\n\n\n\n<div class=\"wp-block-image\"><figure class=\"aligncenter size-large\"><img loading=\"lazy\" decoding=\"async\" width=\"300\" height=\"250\" src=\"https:\/\/jornalfatosenoticias.com.br\/wp-content\/uploads\/2020\/02\/Banner-2.png\" alt=\"\" class=\"wp-image-43787\"\/><\/figure><\/div>\n\n\n\n<p>A luta para a Revoga\u00e7\u00e3o da lei de aliena\u00e7\u00e3o parental segue h\u00e1 anos mostrando as evid\u00eancias do desastre humanit\u00e1rio que esta lei promove. A Priva\u00e7\u00e3o Materna Judicial \u00e9 a autoriza\u00e7\u00e3o disfar\u00e7ada da viola\u00e7\u00e3o de Direitos Humanos Fundamentais. Ser\u00e1 que \u00e9 preciso explicar a necessidade de se manter o aleitamento materno de um beb\u00ea? A lei de aliena\u00e7\u00e3o parental ceifa esse aleitamento em nome da alega\u00e7\u00e3o de \u201catos alienadores\u201d cometidos pela m\u00e3e. <\/p>\n\n\n\n<div class=\"wp-block-image\"><figure class=\"aligncenter size-large\"><img loading=\"lazy\" decoding=\"async\" width=\"612\" height=\"408\" src=\"https:\/\/jornalfatosenoticias.com.br\/wp-content\/uploads\/2024\/02\/amamentacao_gettyimages.jpg\" alt=\"\" class=\"wp-image-49395\" srcset=\"https:\/\/jornalfatosenoticias.com.br\/wp-content\/uploads\/2024\/02\/amamentacao_gettyimages.jpg 612w, https:\/\/jornalfatosenoticias.com.br\/wp-content\/uploads\/2024\/02\/amamentacao_gettyimages-300x200.jpg 300w\" sizes=\"auto, (max-width: 612px) 100vw, 612px\" \/><figcaption><em><span class=\"has-inline-color has-black-color\">Conex\u00e3o m\u00e3e-beb\u00ea no aconchego do aleitamento (Foto: Getty Images)<\/span><\/em><\/figcaption><\/figure><\/div>\n\n\n\n<p>Assim, a justi\u00e7a promove o desmame traum\u00e1tico, tornando sequela essa ruptura, n\u00e3o apenas do leite que \u00e9 indubitavelmente necess\u00e1rio, assim como o momento de conex\u00e3o m\u00e3e-beb\u00ea do aconchego do aleitamento, com sua troca de olhares, com a sensa\u00e7\u00e3o t\u00e1til das peles, com a escuta do batimento card\u00edaco. Tudo para o lixo. Ouvem-se vozes de magistrados dizendo que j\u00e1 mamou, que j\u00e1 cresceu, que pode tomar mamadeira dada pela madrasta ou qualquer outra pessoa alheia \u00e0 dupla m\u00e3e-beb\u00ea, viv\u00eancia indispens\u00e1vel para o desenvolvimento saud\u00e1vel da Crian\u00e7a.<\/p>\n\n\n\n<div class=\"wp-block-image\"><figure class=\"aligncenter size-large is-resized\"><img loading=\"lazy\" decoding=\"async\" src=\"https:\/\/jornalfatosenoticias.com.br\/wp-content\/uploads\/2020\/02\/CONTROL-CS.jpg\" alt=\"\" class=\"wp-image-44991\" width=\"305\" height=\"365\" srcset=\"https:\/\/jornalfatosenoticias.com.br\/wp-content\/uploads\/2020\/02\/CONTROL-CS.jpg 834w, https:\/\/jornalfatosenoticias.com.br\/wp-content\/uploads\/2020\/02\/CONTROL-CS-250x300.jpg 250w, https:\/\/jornalfatosenoticias.com.br\/wp-content\/uploads\/2020\/02\/CONTROL-CS-768x921.jpg 768w\" sizes=\"auto, (max-width: 305px) 100vw, 305px\" \/><\/figure><\/div>\n\n\n\n<p>Mas Crian\u00e7a n\u00e3o vale nada nos nossos tempos. A proposta de um grupo de juristas sob o guarda-chuva acobertador do instituto de advogados familiaristas, de postura baseada na cren\u00e7a de que toda mulher \u00e9 ressentida e interesseira por dinheiro de pens\u00e3o, que sua palavra n\u00e3o \u00e9 confi\u00e1vel, e, esta proposta, apareceu em pleno recesso, na celeridade m\u00e1xima, criminalizando a mulher\/m\u00e3e. Traz artigo que prev\u00ea a perda do Poder Familiar, que troca de nome para Autoridade Parental, para o genitor que praticar atos de aliena\u00e7\u00e3o parental. Explicando: esse termo n\u00e3o consta nessa proposta de Reforma, claro. Mas o teor do artigo \u00e9 copiado, letra por letra do artigo da LAP.<\/p>\n\n\n\n<div class=\"wp-block-image\"><figure class=\"aligncenter size-large is-resized\"><img loading=\"lazy\" decoding=\"async\" src=\"https:\/\/jornalfatosenoticias.com.br\/wp-content\/uploads\/2023\/03\/nova-logo-Marquetti.jpg\" alt=\"\" class=\"wp-image-40207\" width=\"338\" height=\"227\" srcset=\"https:\/\/jornalfatosenoticias.com.br\/wp-content\/uploads\/2023\/03\/nova-logo-Marquetti.jpg 643w, https:\/\/jornalfatosenoticias.com.br\/wp-content\/uploads\/2023\/03\/nova-logo-Marquetti-300x202.jpg 300w\" sizes=\"auto, (max-width: 338px) 100vw, 338px\" \/><\/figure><\/div>\n\n\n\n<p>O pior \u00e9 que foram agravadas as puni\u00e7\u00f5es j\u00e1 desproporcionais e infundadas a genitores que afastarem o outro genitor, leia-se as m\u00e3es alienadoras, como foram alcunhadas as m\u00e3es que ousam fazer uma den\u00fancia contra um homem genitor. Essa parece ser uma ousadia imperdo\u00e1vel, de tal forma que todos os nossos registros apontam para um \u00edndice de 100% de alega\u00e7\u00f5es de aliena\u00e7\u00e3o parental de genitores que foram denunciados por abuso sexual intrafamiliar. <\/p>\n\n\n\n<div class=\"wp-block-image\"><figure class=\"aligncenter size-large\"><img loading=\"lazy\" decoding=\"async\" width=\"300\" height=\"250\" src=\"https:\/\/jornalfatosenoticias.com.br\/wp-content\/uploads\/2022\/02\/FERRARI_MAQUINAS-E-FERRAMENTAS2.jpg\" alt=\"\" class=\"wp-image-27860\"\/><\/figure><\/div>\n\n\n\n<p>Todos usam essa estrat\u00e9gia porque essa acusa\u00e7\u00e3o \u00e0 m\u00e3e n\u00e3o necessita de provas, basta a voz de testosterona pronunciar que est\u00e1 sofrendo aliena\u00e7\u00e3o por parte da m\u00e3e da Crian\u00e7a. N\u00e3o precisa provar nada. Enquanto a den\u00fancia de abuso sexual precisa de materialidade quando se sabe que \u00e9 um crime que n\u00e3o deixa rastro. E a proposta de Reforma do C\u00f3digo Civil n\u00e3o abre nenhum espa\u00e7o, dedica duas linhas ao abuso sexual de Crian\u00e7a e Adolescente, n\u00e3o \u201cmoderniza\u201d, j\u00e1 que esse \u00e9 o mote, as t\u00e9cnicas de investiga\u00e7\u00e3o e muito menos as penaliza\u00e7\u00f5es.<\/p>\n\n\n\n<div class=\"wp-block-image\"><figure class=\"aligncenter size-large\"><img loading=\"lazy\" decoding=\"async\" width=\"612\" height=\"488\" src=\"https:\/\/jornalfatosenoticias.com.br\/wp-content\/uploads\/2024\/02\/alienacao-parental_gettyimages.jpg\" alt=\"\" class=\"wp-image-49396\" srcset=\"https:\/\/jornalfatosenoticias.com.br\/wp-content\/uploads\/2024\/02\/alienacao-parental_gettyimages.jpg 612w, https:\/\/jornalfatosenoticias.com.br\/wp-content\/uploads\/2024\/02\/alienacao-parental_gettyimages-300x239.jpg 300w\" sizes=\"auto, (max-width: 612px) 100vw, 612px\" \/><figcaption><em><span class=\"has-inline-color has-black-color\">Em tempos em que se procura preencher a filia\u00e7\u00e3o do Primeiro Documento P\u00fablico que confere Exist\u00eancia Social, com o nome do pai, vamos ter Crian\u00e7as sem m\u00e3e (Foto: Getty Images)<\/span><\/em><\/figcaption><\/figure><\/div>\n\n\n\n<p>Ao contr\u00e1rio disso, abre portas para o aprisionamento de \u201cm\u00e3es alienadoras\u201d, conceito sem sustenta\u00e7\u00e3o nem reconhecimento cient\u00edfico, acirra a intimida\u00e7\u00e3o quando promete destituir o Poder Familiar da \u201calienadora\u201d, permitindo at\u00e9 a retirada do nome na filia\u00e7\u00e3o da Certid\u00e3o de Nascimento da Crian\u00e7a. Em tempos em que se procura preencher a filia\u00e7\u00e3o do Primeiro Documento P\u00fablico que confere Exist\u00eancia Social, com o nome do pai, t\u00e3o importante para a forma\u00e7\u00e3o de uma Crian\u00e7a, vamos ter Crian\u00e7as sem m\u00e3e. \u00c9 bem esquisita essa proposta.<br>N\u00e3o posso deixar de pensar psicanaliticamente. Muito me intriga tamanha raiva da m\u00e3e. E tamanho desprezo pela Crian\u00e7a. Por qu\u00ea?<\/p>\n\n\n\n<div class=\"wp-block-image\"><figure class=\"aligncenter size-large is-resized\"><img loading=\"lazy\" decoding=\"async\" src=\"https:\/\/jornalfatosenoticias.com.br\/wp-content\/uploads\/2023\/08\/ITH.jpeg\" alt=\"\" class=\"wp-image-44638\" width=\"305\" height=\"248\" srcset=\"https:\/\/jornalfatosenoticias.com.br\/wp-content\/uploads\/2023\/08\/ITH.jpeg 800w, https:\/\/jornalfatosenoticias.com.br\/wp-content\/uploads\/2023\/08\/ITH-300x244.jpeg 300w, https:\/\/jornalfatosenoticias.com.br\/wp-content\/uploads\/2023\/08\/ITH-768x624.jpeg 768w\" sizes=\"auto, (max-width: 305px) 100vw, 305px\" \/><\/figure><\/div>\n\n\n\n<p>Tamb\u00e9m me chama a aten\u00e7\u00e3o o pensamento m\u00e1gico que percorre essa obstina\u00e7\u00e3o por esmagar Mulheres e Crian\u00e7as. Ser\u00e1 que n\u00e3o enxergam que ter\u00e3o netos e netas que ser\u00e3o v\u00edtimas de filhos de abusadores benefici\u00e1rios dessas nega\u00e7\u00f5es e dessa misoginia? N\u00e3o que haja uma transmiss\u00e3o que permita a repeti\u00e7\u00e3o do comportamento abusador. Mas os filhos de abusadores que foram acobertados e inocentados por leis que revitimizaram a Crian\u00e7a com um descr\u00e9dito e uma desvaloriza\u00e7\u00e3o de suas vozes amorda\u00e7adas, tornam-se incapazes de construir um c\u00f3digo de \u00c9tica pessoal, na grande maioria dos casos. Incapazes tamb\u00e9m de sentir Empatia pelo outro. Obrigadas a \u201camar\u201d quem a justi\u00e7a determina, e a aguentar a opress\u00e3o mais extrema. Essa aprendizagem, n\u00e3o h\u00e1 como evitar.<\/p>\n\n\n\n<div class=\"wp-block-image\"><figure class=\"aligncenter size-large is-resized\"><img loading=\"lazy\" decoding=\"async\" src=\"https:\/\/jornalfatosenoticias.com.br\/wp-content\/uploads\/2023\/09\/vetorvix1024_1.jpg\" alt=\"\" class=\"wp-image-44868\" width=\"535\" height=\"142\" srcset=\"https:\/\/jornalfatosenoticias.com.br\/wp-content\/uploads\/2023\/09\/vetorvix1024_1.jpg 1024w, https:\/\/jornalfatosenoticias.com.br\/wp-content\/uploads\/2023\/09\/vetorvix1024_1-300x80.jpg 300w, https:\/\/jornalfatosenoticias.com.br\/wp-content\/uploads\/2023\/09\/vetorvix1024_1-768x205.jpg 768w\" sizes=\"auto, (max-width: 535px) 100vw, 535px\" \/><\/figure><\/div>\n\n\n\n<p>Teremos uma gera\u00e7\u00e3o de insens\u00edveis, de frios de afeto, de descrentes no outro, resultantes da Priva\u00e7\u00e3o Materna Judicial intr\u00ednseca a essa proposta.<\/p>\n","protected":false},"excerpt":{"rendered":"<p>N\u00e3o posso deixar de pensar psicanaliticamente. Muito me intriga tamanha raiva da m\u00e3e. E tamanho desprezo pela Crian\u00e7a. Por qu\u00ea? Nosso C\u00f3digo Civil foi aprovado ap\u00f3s 30 anos de discuss\u00e3o. Exagero? N\u00e3o. Cuidado. Responsabilidade. Conhecimento Jur\u00eddico com Responsabilidade Social. Mas temos agora a celeridade de alguns meses para emplacar um novo C\u00f3digo Civil que se [&hellip;]<\/p>\n","protected":false},"author":8,"featured_media":49397,"comment_status":"open","ping_status":"open","sticky":false,"template":"","format":"standard","meta":{"footnotes":""},"categories":[2522],"tags":[22875,1317,7314,2471,22876,22877],"class_list":["post-49394","post","type-post","status-publish","format-standard","has-post-thumbnail","hentry","category-comportamento","tag-codigo-civil","tag-crianca","tag-lei-de-alienacao-parental","tag-mae","tag-proposta-de-reforma-do-codigo-civil","tag-vinculo-afetivo"],"yoast_head":"<!-- This site is optimized with the Yoast SEO plugin v26.5 - https:\/\/yoast.com\/wordpress\/plugins\/seo\/ -->\n<title>Proposta de Reforma do C\u00f3digo Civil, copiar\/colar? \u2014 Parte I - Jornal Fatos e Not\u00edcias<\/title>\n<meta name=\"robots\" content=\"index, follow, max-snippet:-1, max-image-preview:large, max-video-preview:-1\" \/>\n<link rel=\"canonical\" href=\"https:\/\/jornalfatosenoticias.com.br\/index.php\/2024\/02\/22\/proposta-de-reforma-do-codigo-civil-copiar-colar-parte-i\/\" \/>\n<meta property=\"og:locale\" content=\"pt_BR\" \/>\n<meta property=\"og:type\" content=\"article\" \/>\n<meta property=\"og:title\" content=\"Proposta de Reforma do C\u00f3digo Civil, copiar\/colar? \u2014 Parte I - Jornal Fatos e Not\u00edcias\" \/>\n<meta property=\"og:description\" content=\"N\u00e3o posso deixar de pensar psicanaliticamente. Muito me intriga tamanha raiva da m\u00e3e. E tamanho desprezo pela Crian\u00e7a. Por qu\u00ea? Nosso C\u00f3digo Civil foi aprovado ap\u00f3s 30 anos de discuss\u00e3o. Exagero? N\u00e3o. Cuidado. Responsabilidade. Conhecimento Jur\u00eddico com Responsabilidade Social. Mas temos agora a celeridade de alguns meses para emplacar um novo C\u00f3digo Civil que se [&hellip;]\" \/>\n<meta property=\"og:url\" content=\"https:\/\/jornalfatosenoticias.com.br\/index.php\/2024\/02\/22\/proposta-de-reforma-do-codigo-civil-copiar-colar-parte-i\/\" \/>\n<meta property=\"og:site_name\" content=\"Jornal Fatos e Not\u00edcias\" \/>\n<meta property=\"article:published_time\" content=\"2024-02-22T14:24:30+00:00\" \/>\n<meta property=\"article:modified_time\" content=\"2024-02-22T14:24:31+00:00\" \/>\n<meta property=\"og:image\" content=\"https:\/\/jornalfatosenoticias.com.br\/wp-content\/uploads\/2024\/02\/Reforma-do-Codigo-Civil_gettyimages.jpg\" \/>\n\t<meta property=\"og:image:width\" content=\"612\" \/>\n\t<meta property=\"og:image:height\" content=\"408\" \/>\n\t<meta property=\"og:image:type\" content=\"image\/jpeg\" \/>\n<meta name=\"author\" content=\"Ana Maria Iencarelli\" \/>\n<meta name=\"twitter:card\" content=\"summary_large_image\" \/>\n<meta name=\"twitter:label1\" content=\"Escrito por\" \/>\n\t<meta name=\"twitter:data1\" content=\"Ana Maria Iencarelli\" \/>\n\t<meta name=\"twitter:label2\" content=\"Est. tempo de leitura\" \/>\n\t<meta name=\"twitter:data2\" content=\"5 minutos\" \/>\n<script type=\"application\/ld+json\" class=\"yoast-schema-graph\">{\"@context\":\"https:\/\/schema.org\",\"@graph\":[{\"@type\":\"Article\",\"@id\":\"https:\/\/jornalfatosenoticias.com.br\/index.php\/2024\/02\/22\/proposta-de-reforma-do-codigo-civil-copiar-colar-parte-i\/#article\",\"isPartOf\":{\"@id\":\"https:\/\/jornalfatosenoticias.com.br\/index.php\/2024\/02\/22\/proposta-de-reforma-do-codigo-civil-copiar-colar-parte-i\/\"},\"author\":{\"name\":\"Ana Maria Iencarelli\",\"@id\":\"https:\/\/jornalfatosenoticias.com.br\/#\/schema\/person\/c33fcf5fb02d729d3fec92c6737a22d1\"},\"headline\":\"Proposta de Reforma do C\u00f3digo Civil, copiar\/colar? \u2014 Parte I\",\"datePublished\":\"2024-02-22T14:24:30+00:00\",\"dateModified\":\"2024-02-22T14:24:31+00:00\",\"mainEntityOfPage\":{\"@id\":\"https:\/\/jornalfatosenoticias.com.br\/index.php\/2024\/02\/22\/proposta-de-reforma-do-codigo-civil-copiar-colar-parte-i\/\"},\"wordCount\":1066,\"commentCount\":0,\"publisher\":{\"@id\":\"https:\/\/jornalfatosenoticias.com.br\/#organization\"},\"image\":{\"@id\":\"https:\/\/jornalfatosenoticias.com.br\/index.php\/2024\/02\/22\/proposta-de-reforma-do-codigo-civil-copiar-colar-parte-i\/#primaryimage\"},\"thumbnailUrl\":\"https:\/\/jornalfatosenoticias.com.br\/wp-content\/uploads\/2024\/02\/Reforma-do-Codigo-Civil_gettyimages.jpg\",\"keywords\":[\"C\u00f3digo Civil\",\"crian\u00e7a\",\"Lei de Aliena\u00e7\u00e3o Parental\",\"m\u00e3e\",\"Proposta de Reforma do C\u00f3digo Civil\",\"v\u00ednculo afetivo\"],\"articleSection\":[\"Comportamento &amp; Equil\u00edbrio\"],\"inLanguage\":\"pt-BR\",\"potentialAction\":[{\"@type\":\"CommentAction\",\"name\":\"Comment\",\"target\":[\"https:\/\/jornalfatosenoticias.com.br\/index.php\/2024\/02\/22\/proposta-de-reforma-do-codigo-civil-copiar-colar-parte-i\/#respond\"]}]},{\"@type\":\"WebPage\",\"@id\":\"https:\/\/jornalfatosenoticias.com.br\/index.php\/2024\/02\/22\/proposta-de-reforma-do-codigo-civil-copiar-colar-parte-i\/\",\"url\":\"https:\/\/jornalfatosenoticias.com.br\/index.php\/2024\/02\/22\/proposta-de-reforma-do-codigo-civil-copiar-colar-parte-i\/\",\"name\":\"Proposta de Reforma do C\u00f3digo Civil, copiar\/colar? \u2014 Parte I - Jornal Fatos e Not\u00edcias\",\"isPartOf\":{\"@id\":\"https:\/\/jornalfatosenoticias.com.br\/#website\"},\"primaryImageOfPage\":{\"@id\":\"https:\/\/jornalfatosenoticias.com.br\/index.php\/2024\/02\/22\/proposta-de-reforma-do-codigo-civil-copiar-colar-parte-i\/#primaryimage\"},\"image\":{\"@id\":\"https:\/\/jornalfatosenoticias.com.br\/index.php\/2024\/02\/22\/proposta-de-reforma-do-codigo-civil-copiar-colar-parte-i\/#primaryimage\"},\"thumbnailUrl\":\"https:\/\/jornalfatosenoticias.com.br\/wp-content\/uploads\/2024\/02\/Reforma-do-Codigo-Civil_gettyimages.jpg\",\"datePublished\":\"2024-02-22T14:24:30+00:00\",\"dateModified\":\"2024-02-22T14:24:31+00:00\",\"breadcrumb\":{\"@id\":\"https:\/\/jornalfatosenoticias.com.br\/index.php\/2024\/02\/22\/proposta-de-reforma-do-codigo-civil-copiar-colar-parte-i\/#breadcrumb\"},\"inLanguage\":\"pt-BR\",\"potentialAction\":[{\"@type\":\"ReadAction\",\"target\":[\"https:\/\/jornalfatosenoticias.com.br\/index.php\/2024\/02\/22\/proposta-de-reforma-do-codigo-civil-copiar-colar-parte-i\/\"]}]},{\"@type\":\"ImageObject\",\"inLanguage\":\"pt-BR\",\"@id\":\"https:\/\/jornalfatosenoticias.com.br\/index.php\/2024\/02\/22\/proposta-de-reforma-do-codigo-civil-copiar-colar-parte-i\/#primaryimage\",\"url\":\"https:\/\/jornalfatosenoticias.com.br\/wp-content\/uploads\/2024\/02\/Reforma-do-Codigo-Civil_gettyimages.jpg\",\"contentUrl\":\"https:\/\/jornalfatosenoticias.com.br\/wp-content\/uploads\/2024\/02\/Reforma-do-Codigo-Civil_gettyimages.jpg\",\"width\":612,\"height\":408,\"caption\":\"Gavel under scale of justice. Flag of Brazil in the background.\"},{\"@type\":\"BreadcrumbList\",\"@id\":\"https:\/\/jornalfatosenoticias.com.br\/index.php\/2024\/02\/22\/proposta-de-reforma-do-codigo-civil-copiar-colar-parte-i\/#breadcrumb\",\"itemListElement\":[{\"@type\":\"ListItem\",\"position\":1,\"name\":\"In\u00edcio\",\"item\":\"https:\/\/jornalfatosenoticias.com.br\/\"},{\"@type\":\"ListItem\",\"position\":2,\"name\":\"Proposta de Reforma do C\u00f3digo Civil, copiar\/colar? \u2014 Parte I\"}]},{\"@type\":\"WebSite\",\"@id\":\"https:\/\/jornalfatosenoticias.com.br\/#website\",\"url\":\"https:\/\/jornalfatosenoticias.com.br\/\",\"name\":\"Jornal Fatos e Not\u00edcias\",\"description\":\"Not\u00edcias em geral\",\"publisher\":{\"@id\":\"https:\/\/jornalfatosenoticias.com.br\/#organization\"},\"potentialAction\":[{\"@type\":\"SearchAction\",\"target\":{\"@type\":\"EntryPoint\",\"urlTemplate\":\"https:\/\/jornalfatosenoticias.com.br\/?s={search_term_string}\"},\"query-input\":{\"@type\":\"PropertyValueSpecification\",\"valueRequired\":true,\"valueName\":\"search_term_string\"}}],\"inLanguage\":\"pt-BR\"},{\"@type\":\"Organization\",\"@id\":\"https:\/\/jornalfatosenoticias.com.br\/#organization\",\"name\":\"Jornal Fatos e Not\u00edcias\",\"url\":\"https:\/\/jornalfatosenoticias.com.br\/\",\"logo\":{\"@type\":\"ImageObject\",\"inLanguage\":\"pt-BR\",\"@id\":\"https:\/\/jornalfatosenoticias.com.br\/#\/schema\/logo\/image\/\",\"url\":\"https:\/\/jornalfatosenoticias.com.br\/wp-content\/uploads\/2020\/02\/logo120.png\",\"contentUrl\":\"https:\/\/jornalfatosenoticias.com.br\/wp-content\/uploads\/2020\/02\/logo120.png\",\"width\":1227,\"height\":120,\"caption\":\"Jornal Fatos e Not\u00edcias\"},\"image\":{\"@id\":\"https:\/\/jornalfatosenoticias.com.br\/#\/schema\/logo\/image\/\"}},{\"@type\":\"Person\",\"@id\":\"https:\/\/jornalfatosenoticias.com.br\/#\/schema\/person\/c33fcf5fb02d729d3fec92c6737a22d1\",\"name\":\"Ana Maria Iencarelli\",\"image\":{\"@type\":\"ImageObject\",\"inLanguage\":\"pt-BR\",\"@id\":\"https:\/\/jornalfatosenoticias.com.br\/#\/schema\/person\/image\/\",\"url\":\"https:\/\/jornalfatosenoticias.com.br\/wp-content\/uploads\/2020\/02\/Ana-Maria-Iencarelli-1-150x150.jpg\",\"contentUrl\":\"https:\/\/jornalfatosenoticias.com.br\/wp-content\/uploads\/2020\/02\/Ana-Maria-Iencarelli-1-150x150.jpg\",\"caption\":\"Ana Maria Iencarelli\"},\"description\":\"Psicanalista Cl\u00ednica, especializada no atendimento a Crian\u00e7as e Adolescentes. Presidente da ONG Vozes de Anjos.\",\"url\":\"https:\/\/jornalfatosenoticias.com.br\/index.php\/author\/anamaria\/\"}]}<\/script>\n<!-- \/ Yoast SEO plugin. -->","yoast_head_json":{"title":"Proposta de Reforma do C\u00f3digo Civil, copiar\/colar? \u2014 Parte I - Jornal Fatos e Not\u00edcias","robots":{"index":"index","follow":"follow","max-snippet":"max-snippet:-1","max-image-preview":"max-image-preview:large","max-video-preview":"max-video-preview:-1"},"canonical":"https:\/\/jornalfatosenoticias.com.br\/index.php\/2024\/02\/22\/proposta-de-reforma-do-codigo-civil-copiar-colar-parte-i\/","og_locale":"pt_BR","og_type":"article","og_title":"Proposta de Reforma do C\u00f3digo Civil, copiar\/colar? \u2014 Parte I - Jornal Fatos e Not\u00edcias","og_description":"N\u00e3o posso deixar de pensar psicanaliticamente. Muito me intriga tamanha raiva da m\u00e3e. E tamanho desprezo pela Crian\u00e7a. Por qu\u00ea? Nosso C\u00f3digo Civil foi aprovado ap\u00f3s 30 anos de discuss\u00e3o. Exagero? N\u00e3o. Cuidado. Responsabilidade. Conhecimento Jur\u00eddico com Responsabilidade Social. Mas temos agora a celeridade de alguns meses para emplacar um novo C\u00f3digo Civil que se [&hellip;]","og_url":"https:\/\/jornalfatosenoticias.com.br\/index.php\/2024\/02\/22\/proposta-de-reforma-do-codigo-civil-copiar-colar-parte-i\/","og_site_name":"Jornal Fatos e Not\u00edcias","article_published_time":"2024-02-22T14:24:30+00:00","article_modified_time":"2024-02-22T14:24:31+00:00","og_image":[{"width":612,"height":408,"url":"https:\/\/jornalfatosenoticias.com.br\/wp-content\/uploads\/2024\/02\/Reforma-do-Codigo-Civil_gettyimages.jpg","type":"image\/jpeg"}],"author":"Ana Maria Iencarelli","twitter_card":"summary_large_image","twitter_misc":{"Escrito por":"Ana Maria Iencarelli","Est. tempo de leitura":"5 minutos"},"schema":{"@context":"https:\/\/schema.org","@graph":[{"@type":"Article","@id":"https:\/\/jornalfatosenoticias.com.br\/index.php\/2024\/02\/22\/proposta-de-reforma-do-codigo-civil-copiar-colar-parte-i\/#article","isPartOf":{"@id":"https:\/\/jornalfatosenoticias.com.br\/index.php\/2024\/02\/22\/proposta-de-reforma-do-codigo-civil-copiar-colar-parte-i\/"},"author":{"name":"Ana Maria Iencarelli","@id":"https:\/\/jornalfatosenoticias.com.br\/#\/schema\/person\/c33fcf5fb02d729d3fec92c6737a22d1"},"headline":"Proposta de Reforma do C\u00f3digo Civil, copiar\/colar? \u2014 Parte I","datePublished":"2024-02-22T14:24:30+00:00","dateModified":"2024-02-22T14:24:31+00:00","mainEntityOfPage":{"@id":"https:\/\/jornalfatosenoticias.com.br\/index.php\/2024\/02\/22\/proposta-de-reforma-do-codigo-civil-copiar-colar-parte-i\/"},"wordCount":1066,"commentCount":0,"publisher":{"@id":"https:\/\/jornalfatosenoticias.com.br\/#organization"},"image":{"@id":"https:\/\/jornalfatosenoticias.com.br\/index.php\/2024\/02\/22\/proposta-de-reforma-do-codigo-civil-copiar-colar-parte-i\/#primaryimage"},"thumbnailUrl":"https:\/\/jornalfatosenoticias.com.br\/wp-content\/uploads\/2024\/02\/Reforma-do-Codigo-Civil_gettyimages.jpg","keywords":["C\u00f3digo Civil","crian\u00e7a","Lei de Aliena\u00e7\u00e3o Parental","m\u00e3e","Proposta de Reforma do C\u00f3digo Civil","v\u00ednculo afetivo"],"articleSection":["Comportamento &amp; Equil\u00edbrio"],"inLanguage":"pt-BR","potentialAction":[{"@type":"CommentAction","name":"Comment","target":["https:\/\/jornalfatosenoticias.com.br\/index.php\/2024\/02\/22\/proposta-de-reforma-do-codigo-civil-copiar-colar-parte-i\/#respond"]}]},{"@type":"WebPage","@id":"https:\/\/jornalfatosenoticias.com.br\/index.php\/2024\/02\/22\/proposta-de-reforma-do-codigo-civil-copiar-colar-parte-i\/","url":"https:\/\/jornalfatosenoticias.com.br\/index.php\/2024\/02\/22\/proposta-de-reforma-do-codigo-civil-copiar-colar-parte-i\/","name":"Proposta de Reforma do C\u00f3digo Civil, copiar\/colar? \u2014 Parte I - Jornal Fatos e Not\u00edcias","isPartOf":{"@id":"https:\/\/jornalfatosenoticias.com.br\/#website"},"primaryImageOfPage":{"@id":"https:\/\/jornalfatosenoticias.com.br\/index.php\/2024\/02\/22\/proposta-de-reforma-do-codigo-civil-copiar-colar-parte-i\/#primaryimage"},"image":{"@id":"https:\/\/jornalfatosenoticias.com.br\/index.php\/2024\/02\/22\/proposta-de-reforma-do-codigo-civil-copiar-colar-parte-i\/#primaryimage"},"thumbnailUrl":"https:\/\/jornalfatosenoticias.com.br\/wp-content\/uploads\/2024\/02\/Reforma-do-Codigo-Civil_gettyimages.jpg","datePublished":"2024-02-22T14:24:30+00:00","dateModified":"2024-02-22T14:24:31+00:00","breadcrumb":{"@id":"https:\/\/jornalfatosenoticias.com.br\/index.php\/2024\/02\/22\/proposta-de-reforma-do-codigo-civil-copiar-colar-parte-i\/#breadcrumb"},"inLanguage":"pt-BR","potentialAction":[{"@type":"ReadAction","target":["https:\/\/jornalfatosenoticias.com.br\/index.php\/2024\/02\/22\/proposta-de-reforma-do-codigo-civil-copiar-colar-parte-i\/"]}]},{"@type":"ImageObject","inLanguage":"pt-BR","@id":"https:\/\/jornalfatosenoticias.com.br\/index.php\/2024\/02\/22\/proposta-de-reforma-do-codigo-civil-copiar-colar-parte-i\/#primaryimage","url":"https:\/\/jornalfatosenoticias.com.br\/wp-content\/uploads\/2024\/02\/Reforma-do-Codigo-Civil_gettyimages.jpg","contentUrl":"https:\/\/jornalfatosenoticias.com.br\/wp-content\/uploads\/2024\/02\/Reforma-do-Codigo-Civil_gettyimages.jpg","width":612,"height":408,"caption":"Gavel under scale of justice. Flag of Brazil in the background."},{"@type":"BreadcrumbList","@id":"https:\/\/jornalfatosenoticias.com.br\/index.php\/2024\/02\/22\/proposta-de-reforma-do-codigo-civil-copiar-colar-parte-i\/#breadcrumb","itemListElement":[{"@type":"ListItem","position":1,"name":"In\u00edcio","item":"https:\/\/jornalfatosenoticias.com.br\/"},{"@type":"ListItem","position":2,"name":"Proposta de Reforma do C\u00f3digo Civil, copiar\/colar? \u2014 Parte I"}]},{"@type":"WebSite","@id":"https:\/\/jornalfatosenoticias.com.br\/#website","url":"https:\/\/jornalfatosenoticias.com.br\/","name":"Jornal Fatos e Not\u00edcias","description":"Not\u00edcias em geral","publisher":{"@id":"https:\/\/jornalfatosenoticias.com.br\/#organization"},"potentialAction":[{"@type":"SearchAction","target":{"@type":"EntryPoint","urlTemplate":"https:\/\/jornalfatosenoticias.com.br\/?s={search_term_string}"},"query-input":{"@type":"PropertyValueSpecification","valueRequired":true,"valueName":"search_term_string"}}],"inLanguage":"pt-BR"},{"@type":"Organization","@id":"https:\/\/jornalfatosenoticias.com.br\/#organization","name":"Jornal Fatos e Not\u00edcias","url":"https:\/\/jornalfatosenoticias.com.br\/","logo":{"@type":"ImageObject","inLanguage":"pt-BR","@id":"https:\/\/jornalfatosenoticias.com.br\/#\/schema\/logo\/image\/","url":"https:\/\/jornalfatosenoticias.com.br\/wp-content\/uploads\/2020\/02\/logo120.png","contentUrl":"https:\/\/jornalfatosenoticias.com.br\/wp-content\/uploads\/2020\/02\/logo120.png","width":1227,"height":120,"caption":"Jornal Fatos e Not\u00edcias"},"image":{"@id":"https:\/\/jornalfatosenoticias.com.br\/#\/schema\/logo\/image\/"}},{"@type":"Person","@id":"https:\/\/jornalfatosenoticias.com.br\/#\/schema\/person\/c33fcf5fb02d729d3fec92c6737a22d1","name":"Ana Maria Iencarelli","image":{"@type":"ImageObject","inLanguage":"pt-BR","@id":"https:\/\/jornalfatosenoticias.com.br\/#\/schema\/person\/image\/","url":"https:\/\/jornalfatosenoticias.com.br\/wp-content\/uploads\/2020\/02\/Ana-Maria-Iencarelli-1-150x150.jpg","contentUrl":"https:\/\/jornalfatosenoticias.com.br\/wp-content\/uploads\/2020\/02\/Ana-Maria-Iencarelli-1-150x150.jpg","caption":"Ana Maria Iencarelli"},"description":"Psicanalista Cl\u00ednica, especializada no atendimento a Crian\u00e7as e Adolescentes. Presidente da ONG Vozes de Anjos.","url":"https:\/\/jornalfatosenoticias.com.br\/index.php\/author\/anamaria\/"}]}},"cc_featured_image_caption":{"caption_text":"(Foto: Getty Images) \r\n","source_text":"","source_url":""},"jetpack_featured_media_url":"https:\/\/jornalfatosenoticias.com.br\/wp-content\/uploads\/2024\/02\/Reforma-do-Codigo-Civil_gettyimages.jpg","_links":{"self":[{"href":"https:\/\/jornalfatosenoticias.com.br\/index.php\/wp-json\/wp\/v2\/posts\/49394","targetHints":{"allow":["GET"]}}],"collection":[{"href":"https:\/\/jornalfatosenoticias.com.br\/index.php\/wp-json\/wp\/v2\/posts"}],"about":[{"href":"https:\/\/jornalfatosenoticias.com.br\/index.php\/wp-json\/wp\/v2\/types\/post"}],"author":[{"embeddable":true,"href":"https:\/\/jornalfatosenoticias.com.br\/index.php\/wp-json\/wp\/v2\/users\/8"}],"replies":[{"embeddable":true,"href":"https:\/\/jornalfatosenoticias.com.br\/index.php\/wp-json\/wp\/v2\/comments?post=49394"}],"version-history":[{"count":0,"href":"https:\/\/jornalfatosenoticias.com.br\/index.php\/wp-json\/wp\/v2\/posts\/49394\/revisions"}],"wp:featuredmedia":[{"embeddable":true,"href":"https:\/\/jornalfatosenoticias.com.br\/index.php\/wp-json\/wp\/v2\/media\/49397"}],"wp:attachment":[{"href":"https:\/\/jornalfatosenoticias.com.br\/index.php\/wp-json\/wp\/v2\/media?parent=49394"}],"wp:term":[{"taxonomy":"category","embeddable":true,"href":"https:\/\/jornalfatosenoticias.com.br\/index.php\/wp-json\/wp\/v2\/categories?post=49394"},{"taxonomy":"post_tag","embeddable":true,"href":"https:\/\/jornalfatosenoticias.com.br\/index.php\/wp-json\/wp\/v2\/tags?post=49394"}],"curies":[{"name":"wp","href":"https:\/\/api.w.org\/{rel}","templated":true}]}}