{"id":49454,"date":"2024-02-23T15:07:19","date_gmt":"2024-02-23T18:07:19","guid":{"rendered":"https:\/\/jornalfatosenoticias.com.br\/?p=49454"},"modified":"2024-02-23T15:07:20","modified_gmt":"2024-02-23T18:07:20","slug":"mais-de-100-politicos-ja-confirmaram-presenca-no-ato-pro-bolsonaro-veja-quem-sao","status":"publish","type":"post","link":"https:\/\/jornalfatosenoticias.com.br\/index.php\/2024\/02\/23\/mais-de-100-politicos-ja-confirmaram-presenca-no-ato-pro-bolsonaro-veja-quem-sao\/","title":{"rendered":"Mais de 100 pol\u00edticos j\u00e1 confirmaram presen\u00e7a no ato pr\u00f3-Bolsonaro; veja quem s\u00e3o"},"content":{"rendered":"\n<p><em><span class=\"has-inline-color has-black-color\">Ex-presidente Jair Bolsonaro convocou ato em sua defesa para o dia 25\/2 na Avenida Paulista<\/span><\/em><\/p>\n\n\n\n<p><span class=\"has-inline-color has-black-color\">Por <strong><a href=\"https:\/\/www.gazetadopovo.com.br\/autor\/vinicius-sales\/\">Vin\u00edcius Sales<\/a><\/strong><\/span><\/p>\n\n\n\n<div class=\"wp-block-image\"><figure class=\"aligncenter size-large\"><img loading=\"lazy\" decoding=\"async\" width=\"729\" height=\"90\" src=\"https:\/\/jornalfatosenoticias.com.br\/wp-content\/uploads\/2020\/02\/Logo_Mizu.png\" alt=\"\" class=\"wp-image-1441\" srcset=\"https:\/\/jornalfatosenoticias.com.br\/wp-content\/uploads\/2020\/02\/Logo_Mizu.png 729w, https:\/\/jornalfatosenoticias.com.br\/wp-content\/uploads\/2020\/02\/Logo_Mizu-300x37.png 300w\" sizes=\"auto, (max-width: 729px) 100vw, 729px\" \/><\/figure><\/div>\n\n\n\n<p>O capital pol\u00edtico do ex-presidente Jair Bolsonaro (PL) promete atrair mais de 100 deputados federais, oito senadores e tr\u00eas governadores para o ato deste domingo (25) na Avenida Paulista, convocado por ele mesmo ap\u00f3s ser alvo da opera\u00e7\u00e3o Tempus Veritatis, da Pol\u00edcia Federal (PF), que investiga uma suposta tentativa de golpe de Estado. O levantamento sobre a presen\u00e7a dos deputados foi divulgado pela deputada Carla Zambelli (PL-SP) \u2014 confira a lista no fim desta reportagem.<br>Bolsonaro e seu entorno buscam mostrar for\u00e7a. Eles est\u00e3o temendo uma eventual pris\u00e3o do ex-mandat\u00e1rio da Rep\u00fablica, que pode vir a ser ordenada pelo Supremo Tribunal Federal (STF). Ao mesmo tempo, almejam criar musculatura pol\u00edtica para as elei\u00e7\u00f5es municipais deste ano. Os deputados que, segundo a lista de Zambelli, devem comparecer ao evento representam 20% da C\u00e2mara, uma for\u00e7a que, apesar de minorit\u00e1ria, \u00e9 significativa.<br>Entre os pol\u00edticos mais c\u00e9lebres que dever\u00e3o comparecer ao evento est\u00e3o os governadores Tarc\u00edsio de Freitas (S\u00e3o Paulo), Jorginho Melo (Santa Catarina) e Ronaldo Caiado (Goi\u00e1s). L\u00edderes da C\u00e2mara, como o presidente da Frente Parlamentar da Agropecu\u00e1ria, Pedro Lupion (PP-PR), e o presidente da Frente Parlamentar do Empreendedorismo, Joaquim Passarinho (PL-PA), tamb\u00e9m dever\u00e3o ir ao ato. A grande maioria dos parlamentares que confirmaram presen\u00e7a \u00e9 do Partido Liberal, mas h\u00e1 aliados de Bolsonaro de partidos como Uni\u00e3o Brasil, MDB, PP e Republicanos.<\/p>\n\n\n\n<div class=\"wp-block-image\"><figure class=\"aligncenter size-large\"><img loading=\"lazy\" decoding=\"async\" width=\"300\" height=\"250\" src=\"https:\/\/jornalfatosenoticias.com.br\/wp-content\/uploads\/2022\/02\/FERRARI_MAQUINAS-E-FERRAMENTAS2.jpg\" alt=\"\" class=\"wp-image-27860\"\/><\/figure><\/div>\n\n\n\n<p>A presen\u00e7a do prefeito de S\u00e3o Paulo, Ricardo Nunes (MDB), confirmada por ele na semana passada, tamb\u00e9m ser\u00e1 destaque, j\u00e1 que o pol\u00edtico busca apoio de Bolsonaro para se reeleger em outubro. Os deputados Carlos Jordy e Alexandre Ramagem, outros dois pr\u00e9-candidatos do PL para elei\u00e7\u00f5es de outubro em Niter\u00f3i e no Rio, respectivamente, confirmaram presen\u00e7a \u2014 ambos foram alvos de opera\u00e7\u00f5es da Pol\u00edcia Federal no come\u00e7o do ano.<\/p>\n\n\n\n<div class=\"wp-block-image\"><figure class=\"aligncenter size-large is-resized\"><img loading=\"lazy\" decoding=\"async\" src=\"https:\/\/jornalfatosenoticias.com.br\/wp-content\/uploads\/2023\/09\/vetorvix1024_1.jpg\" alt=\"\" class=\"wp-image-44868\" width=\"490\" height=\"130\" srcset=\"https:\/\/jornalfatosenoticias.com.br\/wp-content\/uploads\/2023\/09\/vetorvix1024_1.jpg 1024w, https:\/\/jornalfatosenoticias.com.br\/wp-content\/uploads\/2023\/09\/vetorvix1024_1-300x80.jpg 300w, https:\/\/jornalfatosenoticias.com.br\/wp-content\/uploads\/2023\/09\/vetorvix1024_1-768x205.jpg 768w\" sizes=\"auto, (max-width: 490px) 100vw, 490px\" \/><\/figure><\/div>\n\n\n\n<p>O pastor Silas Malafaia, um dos principais aliados de Bolsonaro e um dos organizadores da manifesta\u00e7\u00e3o, deve ser um dos oradores. Segundo o pr\u00f3prio ex-presidente, al\u00e9m dele e de Malafaia devem discursar o governador de S\u00e3o Paulo e a ex-primeira-dama Michelle Bolsonaro.<\/p>\n\n\n\n<div class=\"wp-block-image\"><figure class=\"aligncenter size-large\"><img decoding=\"async\" src=\"https:\/\/jornalfatosenoticias.com.br\/wp-content\/uploads\/2020\/02\/logo_esteio.jpg\" alt=\"\" class=\"wp-image-1214\"\/><\/figure><\/div>\n\n\n\n<blockquote class=\"wp-block-quote is-layout-flow wp-block-quote-is-layout-flow\"><p><span class=\"has-inline-color has-luminous-vivid-orange-color\">A princ\u00edpio apenas essas pessoas falar\u00e3o. Qual o recado ali? Em defesa do Estado democr\u00e1tico de Direito, da nossa liberdade e um retrato para o Brasil e imagens para o mundo do que n\u00f3s, de verde e amarelo, queremos: Deus, p\u00e1tria, fam\u00edlia e liberdade&#8221;, disse em entrevista nesta quarta-feira (21).<\/span><\/p><\/blockquote>\n\n\n\n<div class=\"wp-block-image\"><figure class=\"aligncenter size-large is-resized\"><img loading=\"lazy\" decoding=\"async\" src=\"https:\/\/jornalfatosenoticias.com.br\/wp-content\/uploads\/2020\/02\/logo-Rapuzel-1024x571.jpg\" alt=\"\" class=\"wp-image-42808\" width=\"336\" height=\"187\" srcset=\"https:\/\/jornalfatosenoticias.com.br\/wp-content\/uploads\/2020\/02\/logo-Rapuzel-1024x571.jpg 1024w, https:\/\/jornalfatosenoticias.com.br\/wp-content\/uploads\/2020\/02\/logo-Rapuzel-300x167.jpg 300w, https:\/\/jornalfatosenoticias.com.br\/wp-content\/uploads\/2020\/02\/logo-Rapuzel-768x428.jpg 768w, https:\/\/jornalfatosenoticias.com.br\/wp-content\/uploads\/2020\/02\/logo-Rapuzel-1536x856.jpg 1536w, https:\/\/jornalfatosenoticias.com.br\/wp-content\/uploads\/2020\/02\/logo-Rapuzel.jpg 1600w\" sizes=\"auto, (max-width: 336px) 100vw, 336px\" \/><\/figure><\/div>\n\n\n\n<p>Toda esta movimenta\u00e7\u00e3o, segundo o cientista pol\u00edtico Juan Carlos Arruda, CEO do Ranking dos Pol\u00edticos, mostra que o ex-presidente ainda possui grande capital pol\u00edtico e poder de influ\u00eancia nas elei\u00e7\u00f5es municipais deste ano, apesar da inelegibilidade determinada pelo Tribunal Superior Eleitoral (TSE) e da press\u00e3o das opera\u00e7\u00f5es da PF que atingiram tanto ele quanto seu entorno.<\/p>\n\n\n\n<div class=\"wp-block-image\"><figure class=\"aligncenter size-large is-resized\"><img loading=\"lazy\" decoding=\"async\" src=\"https:\/\/jornalfatosenoticias.com.br\/wp-content\/uploads\/2022\/02\/Precisao-Contabilidade-1024x724.jpg\" alt=\"\" class=\"wp-image-28088\" width=\"342\" height=\"242\"\/><\/figure><\/div>\n\n\n\n<blockquote class=\"wp-block-quote is-layout-flow wp-block-quote-is-layout-flow\"><p><span class=\"has-inline-color has-luminous-vivid-orange-color\">\u00c9 ineg\u00e1vel que Bolsonaro, mesmo ap\u00f3s seu mandato presidencial, continua sendo um ativo pol\u00edtico significativo. Sua base de apoio \u00e9 robusta e fervorosa, e deve se fazer presente nas ruas no pr\u00f3ximo domingo\u201d, avalia.<\/span><\/p><\/blockquote>\n\n\n\n<div class=\"wp-block-image\"><figure class=\"aligncenter size-large\"><img decoding=\"async\" src=\"https:\/\/jornalfatosenoticias.com.br\/wp-content\/uploads\/2020\/02\/barao-das-carnes-300x164-1.jpg\" alt=\"\" class=\"wp-image-34339\"\/><\/figure><\/div>\n\n\n\n<p>Por outro lado, ele pondera que \u201c\u00e9 preciso considerar que a mobiliza\u00e7\u00e3o desses apoiadores n\u00e3o \u00e9 necessariamente uma garantia de ganhos eleitorais\u201d. Nesse contexto, o sucesso da oposi\u00e7\u00e3o nas elei\u00e7\u00f5es de outubro tamb\u00e9m depender\u00e1 da capacidade de Bolsonaro de consolidar e ampliar seu apoio.<\/p>\n\n\n\n<blockquote class=\"wp-block-quote is-layout-flow wp-block-quote-is-layout-flow\"><p><span class=\"has-inline-color has-luminous-vivid-orange-color\">A inelegibilidade de Bolsonaro, por ora, n\u00e3o deve ser subestimada. Apesar de seu capital pol\u00edtico, ele n\u00e3o pode concorrer nas pr\u00f3ximas elei\u00e7\u00f5es. No entanto, seu papel como influenciador e formador de opini\u00e3o permanece crucial. Seja apoiando candidatos alinhados com sua vis\u00e3o pol\u00edtica ou influenciando a agenda pol\u00edtica, Bolsonaro continuar\u00e1 exercendo impacto nas elei\u00e7\u00f5es de 2024\u201d, acrescentou Arruda.<\/span><\/p><\/blockquote>\n\n\n\n<div class=\"wp-block-image\"><figure class=\"aligncenter size-large is-resized\"><img loading=\"lazy\" decoding=\"async\" src=\"https:\/\/jornalfatosenoticias.com.br\/wp-content\/uploads\/2024\/01\/LOGOMARCA-MELHORIM-versao-19.jpg\" alt=\"\" class=\"wp-image-48770\" width=\"410\" height=\"309\" srcset=\"https:\/\/jornalfatosenoticias.com.br\/wp-content\/uploads\/2024\/01\/LOGOMARCA-MELHORIM-versao-19.jpg 1000w, https:\/\/jornalfatosenoticias.com.br\/wp-content\/uploads\/2024\/01\/LOGOMARCA-MELHORIM-versao-19-300x226.jpg 300w, https:\/\/jornalfatosenoticias.com.br\/wp-content\/uploads\/2024\/01\/LOGOMARCA-MELHORIM-versao-19-768x579.jpg 768w\" sizes=\"auto, (max-width: 410px) 100vw, 410px\" \/><\/figure><\/div>\n\n\n\n<p>Na avalia\u00e7\u00e3o do cientista pol\u00edtico Elton Gomes, professor da Universidade Federal do Piau\u00ed (UFPI), apesar da promessa de participa\u00e7\u00e3o de v\u00e1rios pol\u00edticos, a quantidade de pessoas que o ato levar\u00e1 para a Avenida Paulista tamb\u00e9m demonstrar\u00e1 o grau de influ\u00eancia de Bolsonaro sobre o eleitorado.<\/p>\n\n\n\n<blockquote class=\"wp-block-quote is-layout-flow wp-block-quote-is-layout-flow\"><p><span class=\"has-inline-color has-luminous-vivid-orange-color\">Se ele conseguir fazer uma grande manifesta\u00e7\u00e3o, com ades\u00e3o de congressistas, governadores e personalidades pol\u00edticas e povo, vai conseguir mostrar uma for\u00e7a pol\u00edtica que pode se refletir na capacidade de transferir votos e de influenciar o pleito. Isso pode ter \u00eanfase nos munic\u00edpios com mais de 200 mil habitantes, que s\u00e3o extremamente relevantes para o projeto pol\u00edtico dos partidos\u201d, disse.<\/span><\/p><\/blockquote>\n\n\n\n<div class=\"wp-block-image\"><figure class=\"aligncenter size-large is-resized\"><img loading=\"lazy\" decoding=\"async\" src=\"https:\/\/jornalfatosenoticias.com.br\/wp-content\/uploads\/2023\/12\/pegoretti-logo-pdf-1024x389.jpg\" alt=\"\" class=\"wp-image-47536\" width=\"459\" height=\"174\" srcset=\"https:\/\/jornalfatosenoticias.com.br\/wp-content\/uploads\/2023\/12\/pegoretti-logo-pdf-1024x389.jpg 1024w, https:\/\/jornalfatosenoticias.com.br\/wp-content\/uploads\/2023\/12\/pegoretti-logo-pdf-300x114.jpg 300w, https:\/\/jornalfatosenoticias.com.br\/wp-content\/uploads\/2023\/12\/pegoretti-logo-pdf-768x291.jpg 768w, https:\/\/jornalfatosenoticias.com.br\/wp-content\/uploads\/2023\/12\/pegoretti-logo-pdf.jpg 1120w\" sizes=\"auto, (max-width: 459px) 100vw, 459px\" \/><\/figure><\/div>\n\n\n\n<p>Por outro lado, ele lembra que o desenrolar das investiga\u00e7\u00f5es contra o ex-presidente tamb\u00e9m pode interferir negativamente na estrat\u00e9gia do PL, como a determina\u00e7\u00e3o do ministro Alexandre de Moraes, do Supremo Tribunal Federal (STF), para que Bolsonaro n\u00e3o se comunique com outros investigados, como o pr\u00f3prio presidente do PL, Valdemar Costa Neto.<\/p>\n\n\n\n<div class=\"wp-block-image\"><figure class=\"aligncenter size-large is-resized\"><img loading=\"lazy\" decoding=\"async\" src=\"https:\/\/jornalfatosenoticias.com.br\/wp-content\/uploads\/2023\/08\/ITH.jpeg\" alt=\"\" class=\"wp-image-44638\" width=\"302\" height=\"245\" srcset=\"https:\/\/jornalfatosenoticias.com.br\/wp-content\/uploads\/2023\/08\/ITH.jpeg 800w, https:\/\/jornalfatosenoticias.com.br\/wp-content\/uploads\/2023\/08\/ITH-300x244.jpeg 300w, https:\/\/jornalfatosenoticias.com.br\/wp-content\/uploads\/2023\/08\/ITH-768x624.jpeg 768w\" sizes=\"auto, (max-width: 302px) 100vw, 302px\" \/><\/figure><\/div>\n\n\n\n<h3 class=\"wp-block-heading\"><span class=\"has-inline-color has-black-color\">Veja a lista de deputados que confirmaram presen\u00e7a:<\/span><\/h3>\n\n\n\n<ol class=\"wp-block-list\"><li>Delegado Caveira (PL-PA)<\/li><li>Cabo Gilberto Silva (PL-PB)<\/li><li>\u00c9der Mauro (PL-PA)<\/li><li>Rodolfo Nogueira (PL-RS)<\/li><li>Gustavo Gayer (PL-GO)<\/li><li>Zucco (Republicanos-RS)<\/li><li>Pedro Lupion (PP-PR)<\/li><li>Delegado Paulo Bilynskyj (PL-SP)<\/li><li>Eduardo Bolsonaro (PL-SP)<\/li><li>Messias Donato (Republicanos-ES)<\/li><li>Vicentinho J\u00fanior (PP \u2013 TO)<\/li><li>General Gir\u00e3o (PL-CE)<\/li><li>Carla Zambelli (PL-SP)<\/li><li>Evair de Melo (PP-ES)<\/li><li>Marcelo Moraes (PL-RS)<\/li><li>Jos\u00e9 Ant\u00f4nio Medeiros (PL-MT)<\/li><li>Gilvan da Federal (PL \u2013 ES)<\/li><li>Cap. Alberto Neto (PL-AM)<\/li><li>Am\u00e1lia Barros (PL-MT)<\/li><li>Rodrigo Valadares (Uni\u00e3o-SE)<\/li><li>Carlos Jordy (PL-RJ)<\/li><li>Abilio Brunini (PL-MT)<\/li><li>M\u00e1rio Frias (PL-SP)<\/li><li>Ricardo Salles (PL-SP)<\/li><li>S\u00f3stenes Cavalcante (PL-RJ)<\/li><li>Marco Feliciano (PL-SP)<\/li><li>Sargento Fahur (PSD-PR)<\/li><li>Cel Assis (Uni\u00e3o-MT)<\/li><li>Cel Fernanda (PL \u2013 MT)<\/li><li>Nicoletti (UNI\u00c3O \u2013 RR)<\/li><li>Sanderson (PL-RS)<\/li><li>Maur\u00edcio Marcon (Podemos-RS)<\/li><li>Silvio Antonio (PL-MA)<\/li><li>Luciano Galego (PL-MA)<\/li><li>Coronel Meira (PL-PE)<\/li><li>Capit\u00e3o Augusto (PL-SP)<\/li><li>Fernando Rodolfo (PL-PE)<\/li><li>Rosana Valle (PL-SP)<\/li><li>Cel Telhada (PP-SP)<\/li><li>Z\u00e9 Vitor (PL-MG)<\/li><li>Joaquim Passarinho (PL-PA)<\/li><li>Altineu C\u00f4rtes (PL-RJ)<\/li><li>Luiz Lima (PL-RJ)<\/li><li>Jefferson Campos (PL-SP)<\/li><li>Silvia Wai\u00e3pi (PL-AP)<\/li><li>Alexandre Ramagem (PL-RJ)<\/li><li>Sargento Gon\u00e7alves (PL-RN)<\/li><li>Andr\u00e9 Fernandes (PL-CE)<\/li><li>Roberta Roma (PL-BA)<\/li><li>Capit\u00e3o Alden (PL-BA)<\/li><li>Filipe Barros (PL-PR)<\/li><li>Giovani Cherini (PL-RS)<\/li><li>J\u00falia Zanatta (PL-SC)<\/li><li>Eros Biondini (PL-MG)<\/li><li>Z\u00e9 Trov\u00e3o (PL-SC)<\/li><li>Ros\u00e2ngela Reis (PL-MG)<\/li><li>Alfredo Gaspar (Uni\u00e3o-AL)<\/li><li>Cel. Chris\u00f3stomo (PL-RO)<\/li><li>Roberto Monteiro (PL-RJ)<\/li><li>Fernando Giacobo (PL-PR)<\/li><li>M\u00e1rcio Alvino (PL-SP)<\/li><li>Osmar Terra (MDB-RS)<\/li><li>Luiz Philippe O.B (PL-SP)<\/li><li>Dr. Frederico (PRD-MG)<\/li><li>Thiago Flores (MDB-RO)<\/li><li>Eduardo Pazuello (PL-RJ)<\/li><li>Miguel Lombardi (PL-SP)<\/li><li>Bibo Nunes (PL-RS)<\/li><li>Wellington Roberto (PL-PB)<\/li><li>Chris Tonietto (PL-RJ)<\/li><li>Luiz Carlos Motta (PL-SP)<\/li><li>Bia Kicis (PL-DF)<\/li><li>Nikolas Ferreira (PL-MG)<\/li><li>Marcelo \u00c1lvaro Ant\u00f4nio (PL-MG)<\/li><li>H\u00e9lio Lopes (PL-RJ)<\/li><li>Reinhold Jr (PSD-PR)<\/li><li>Delegado Palumbo (MDB-SP)<\/li><li>F\u00e1bio Costa (PP-AL)<\/li><li>Carol De Toni (PL-SC)<\/li><li>Andr\u00e9 Ferreira (PL-PE)<\/li><li>Marcel van Hattem (Novo-RS)<\/li><li>Alberto Fraga (PL-DF)<\/li><li>M\u00e1rcio Corr\u00eaa (MDB-GO)<\/li><li>Pastor Eurico (PL-PE)<\/li><li>Cel. Ulysses (Uni\u00e3o-AC)<\/li><li>Junio Amaral (PL-MG)<\/li><li>Maur\u00edcio Souza (PL-MG)<\/li><li>Clarissa Tercio (PL-PE)<\/li><li>Dr. Allan Garc\u00eas (PP-MA)<\/li><li>Daniela Reinehr (PL-SC)<\/li><li>Daniel Freitas (PL-SC)<\/li><li>Jorge Goetten (PL-SC)<\/li><li>Sargento Portugal (PL-RN)<\/li><li>Soraya Santos (PL-RJ)<\/li><li>Magda Mofatto (PRD-GO)<\/li><li>Pezenti (MDB-SC)<\/li><li>Cristiane Lopes (Uni\u00e3o-RO)<\/li><li>Pedro Westphalen (PP-RS)<\/li><li>Adilson Barroso (PL-SP)<\/li><li>Geovania de S\u00e1 (PSDB-SC)<\/li><li>Mariana Carvalho (Republicanos-MA)<\/li><\/ol>\n\n\n\n<div class=\"wp-block-image\"><figure class=\"aligncenter size-large is-resized\"><img loading=\"lazy\" decoding=\"async\" src=\"https:\/\/jornalfatosenoticias.com.br\/wp-content\/uploads\/2024\/01\/consultoria-ambiental.jpg\" alt=\"\" class=\"wp-image-48314\" width=\"273\" height=\"247\" srcset=\"https:\/\/jornalfatosenoticias.com.br\/wp-content\/uploads\/2024\/01\/consultoria-ambiental.jpg 832w, https:\/\/jornalfatosenoticias.com.br\/wp-content\/uploads\/2024\/01\/consultoria-ambiental-300x272.jpg 300w, https:\/\/jornalfatosenoticias.com.br\/wp-content\/uploads\/2024\/01\/consultoria-ambiental-768x696.jpg 768w\" sizes=\"auto, (max-width: 273px) 100vw, 273px\" \/><\/figure><\/div>\n\n\n\n<p><strong><span class=\"has-inline-color has-black-color\">Senadores que confirmaram presen\u00e7a no ato pr\u00f3-Bolsonaro<br><\/span><\/strong>O evento tamb\u00e9m contar\u00e1 com a presen\u00e7a de senadores. At\u00e9 o momento, oito confirmaram a participa\u00e7\u00e3o: Marcos Pontes (PL- SP), Jaime Bagattoli (PL-RO), Jorge Seif (PL-SC), Magno Malta (PL-ES), Marcos Rog\u00e9rio (PL-RO), Rog\u00e9rio Marinho (PL-RN), Wilder Morais (PL-GO), al\u00e9m do filho do ex-presidente, o senador Fl\u00e1vio Bolsonaro (PL-RJ).<\/p>\n\n\n\n<div class=\"wp-block-image\"><figure class=\"aligncenter size-large is-resized\"><img loading=\"lazy\" decoding=\"async\" src=\"https:\/\/jornalfatosenoticias.com.br\/wp-content\/uploads\/2020\/02\/CONTROL-CS.jpg\" alt=\"\" class=\"wp-image-44991\" width=\"295\" height=\"353\" srcset=\"https:\/\/jornalfatosenoticias.com.br\/wp-content\/uploads\/2020\/02\/CONTROL-CS.jpg 834w, https:\/\/jornalfatosenoticias.com.br\/wp-content\/uploads\/2020\/02\/CONTROL-CS-250x300.jpg 250w, https:\/\/jornalfatosenoticias.com.br\/wp-content\/uploads\/2020\/02\/CONTROL-CS-768x921.jpg 768w\" sizes=\"auto, (max-width: 295px) 100vw, 295px\" \/><\/figure><\/div>\n\n\n\n<p><strong><span class=\"has-inline-color has-black-color\">&#8220;Persegui\u00e7\u00e3o&#8221; deve pautar manifesta\u00e7\u00e3o, mas Bolsonaro pede cautela<br><\/span><\/strong>O ato em defesa do Bolsonaro ter\u00e1 como mote as a\u00e7\u00f5es do ministro Alexandre de Moraes contra o ex-presidente. Al\u00e9m das investiga\u00e7\u00f5es sobre o suposto golpe de Estado, Moraes tamb\u00e9m \u00e9 respons\u00e1vel por averiguar suposta fraude nos cart\u00f5es de vacina de Bolsonaro, o caso das joias sauditas, o uso da Ag\u00eancia Brasileira de Intelig\u00eancia (Abin) para espionar opositores, a interfer\u00eancia da Pol\u00edcia Rodovi\u00e1ria Federal (PRF) nas elei\u00e7\u00f5es de 2022 e a exist\u00eancia de supostas mil\u00edcias digitais para atacar a democracia.<br>Nesse contexto, o ex-presidente dever\u00e1 alegar persegui\u00e7\u00e3o feita pelo ministro. Na avalia\u00e7\u00e3o do cientista pol\u00edtico Adriano Cerqueira, do Ibmec de Belo Horizonte, a manifesta\u00e7\u00e3o ser\u00e1 a \u201cgrande cartada\u201d de Bolsonaro para tentar contornar o preju\u00edzo das opera\u00e7\u00f5es policiais.<\/p>\n\n\n\n<div class=\"wp-block-image\"><figure class=\"aligncenter size-large is-resized\"><img loading=\"lazy\" decoding=\"async\" src=\"https:\/\/jornalfatosenoticias.com.br\/wp-content\/uploads\/2023\/08\/BKR-1024x1021.jpg\" alt=\"\" class=\"wp-image-44494\" width=\"338\" height=\"337\" srcset=\"https:\/\/jornalfatosenoticias.com.br\/wp-content\/uploads\/2023\/08\/BKR-1024x1021.jpg 1024w, https:\/\/jornalfatosenoticias.com.br\/wp-content\/uploads\/2023\/08\/BKR-300x300.jpg 300w, https:\/\/jornalfatosenoticias.com.br\/wp-content\/uploads\/2023\/08\/BKR-150x150.jpg 150w, https:\/\/jornalfatosenoticias.com.br\/wp-content\/uploads\/2023\/08\/BKR-768x766.jpg 768w, https:\/\/jornalfatosenoticias.com.br\/wp-content\/uploads\/2023\/08\/BKR.jpg 1080w\" sizes=\"auto, (max-width: 338px) 100vw, 338px\" \/><\/figure><\/div>\n\n\n\n<blockquote class=\"wp-block-quote is-layout-flow wp-block-quote-is-layout-flow\"><p><span class=\"has-inline-color has-luminous-vivid-orange-color\">Existe uma desconfian\u00e7a de que PL e Bolsonaro estejam sendo perseguidos, principalmente nas redes mais conservadoras, de que a direita est\u00e1 sendo perseguida no Brasil. Se isso \u00e9 verdadeiro ou n\u00e3o, esse clima favorece Bolsonaro de certo modo\u201d, disse Cerqueira.<\/span><\/p><\/blockquote>\n\n\n\n<div class=\"wp-block-image\"><figure class=\"aligncenter size-large is-resized\"><img loading=\"lazy\" decoding=\"async\" src=\"https:\/\/jornalfatosenoticias.com.br\/wp-content\/uploads\/2023\/03\/nova-logo-Marquetti.jpg\" alt=\"\" class=\"wp-image-40207\" width=\"324\" height=\"217\" srcset=\"https:\/\/jornalfatosenoticias.com.br\/wp-content\/uploads\/2023\/03\/nova-logo-Marquetti.jpg 643w, https:\/\/jornalfatosenoticias.com.br\/wp-content\/uploads\/2023\/03\/nova-logo-Marquetti-300x202.jpg 300w\" sizes=\"auto, (max-width: 324px) 100vw, 324px\" \/><\/figure><\/div>\n\n\n\n<p>Por outro lado, Bolsonaro dever\u00e1 adotar cautela ao criticar a persegui\u00e7\u00e3o. Em dois v\u00eddeos de convoca\u00e7\u00e3o para as manifesta\u00e7\u00f5es, o ex-presidente pediu que apoiadores n\u00e3o levassem cartazes. Para al\u00e9m das complica\u00e7\u00f5es pol\u00edticas, o ex-mandat\u00e1rio quer evitar problemas jur\u00eddicos.<\/p>\n\n\n\n<div class=\"wp-block-image\"><figure class=\"aligncenter size-large\"><img loading=\"lazy\" decoding=\"async\" width=\"300\" height=\"250\" src=\"https:\/\/jornalfatosenoticias.com.br\/wp-content\/uploads\/2020\/02\/Banner-2.png\" alt=\"\" class=\"wp-image-43787\"\/><\/figure><\/div>\n\n\n\n<blockquote class=\"wp-block-quote is-layout-flow wp-block-quote-is-layout-flow\"><p><span class=\"has-inline-color has-luminous-vivid-orange-color\">Colaborem conosco, \u00e9 uma grande fotografia, um momento \u00edmpar para mostrarmos para o mundo \u2014 de verde e amarelo, sem faixas e cartazes \u2014 o que n\u00f3s queremos, que \u00e9 Deus, P\u00e1tria, Fam\u00edlia e Liberdade&#8221;, disse Bolsonaro no \u201cX\u201d (antigo Twitter).<\/span><\/p><\/blockquote>\n\n\n\n<p><strong><em>Fonte: <a href=\"https:\/\/www.gazetadopovo.com.br\/republica\/mais-de-100-deputados-ja-confirmaram-presenca-no-ato-pro-bolsonaro\/\">Gazeta do Povo<\/a><\/em><\/strong><\/p>\n","protected":false},"excerpt":{"rendered":"<p>Ex-presidente Jair Bolsonaro convocou ato em sua defesa para o dia 25\/2 na Avenida Paulista Por Vin\u00edcius Sales O capital pol\u00edtico do ex-presidente Jair Bolsonaro (PL) promete atrair mais de 100 deputados federais, oito senadores e tr\u00eas governadores para o ato deste domingo (25) na Avenida Paulista, convocado por ele mesmo ap\u00f3s ser alvo da [&hellip;]<\/p>\n","protected":false},"author":2,"featured_media":49455,"comment_status":"open","ping_status":"open","sticky":false,"template":"","format":"standard","meta":{"footnotes":""},"categories":[10],"tags":[13889,22901,239,22850,1795,8196,545],"class_list":["post-49454","post","type-post","status-publish","format-standard","has-post-thumbnail","hentry","category-politica","tag-alexandre-de-moraes","tag-ato-pro-bolsonaro","tag-bolsonaro","tag-carlos-jordy","tag-jair-bolsonaro","tag-pl","tag-politica"],"yoast_head":"<!-- This site is optimized with the Yoast SEO plugin v26.5 - https:\/\/yoast.com\/wordpress\/plugins\/seo\/ -->\n<title>Mais de 100 pol\u00edticos j\u00e1 confirmaram presen\u00e7a no ato pr\u00f3-Bolsonaro; veja quem s\u00e3o - Jornal Fatos e Not\u00edcias<\/title>\n<meta name=\"robots\" content=\"index, follow, max-snippet:-1, max-image-preview:large, max-video-preview:-1\" \/>\n<link rel=\"canonical\" href=\"https:\/\/jornalfatosenoticias.com.br\/index.php\/2024\/02\/23\/mais-de-100-politicos-ja-confirmaram-presenca-no-ato-pro-bolsonaro-veja-quem-sao\/\" \/>\n<meta property=\"og:locale\" content=\"pt_BR\" \/>\n<meta property=\"og:type\" content=\"article\" \/>\n<meta property=\"og:title\" content=\"Mais de 100 pol\u00edticos j\u00e1 confirmaram presen\u00e7a no ato pr\u00f3-Bolsonaro; veja quem s\u00e3o - Jornal Fatos e Not\u00edcias\" \/>\n<meta property=\"og:description\" content=\"Ex-presidente Jair Bolsonaro convocou ato em sua defesa para o dia 25\/2 na Avenida Paulista Por Vin\u00edcius Sales O capital pol\u00edtico do ex-presidente Jair Bolsonaro (PL) promete atrair mais de 100 deputados federais, oito senadores e tr\u00eas governadores para o ato deste domingo (25) na Avenida Paulista, convocado por ele mesmo ap\u00f3s ser alvo da [&hellip;]\" \/>\n<meta property=\"og:url\" content=\"https:\/\/jornalfatosenoticias.com.br\/index.php\/2024\/02\/23\/mais-de-100-politicos-ja-confirmaram-presenca-no-ato-pro-bolsonaro-veja-quem-sao\/\" \/>\n<meta property=\"og:site_name\" content=\"Jornal Fatos e Not\u00edcias\" \/>\n<meta property=\"article:published_time\" content=\"2024-02-23T18:07:19+00:00\" \/>\n<meta property=\"article:modified_time\" content=\"2024-02-23T18:07:20+00:00\" \/>\n<meta property=\"og:image\" content=\"https:\/\/jornalfatosenoticias.com.br\/wp-content\/uploads\/2024\/02\/bolsonaro.jpg\" \/>\n\t<meta property=\"og:image:width\" content=\"799\" \/>\n\t<meta property=\"og:image:height\" content=\"533\" \/>\n\t<meta property=\"og:image:type\" content=\"image\/jpeg\" \/>\n<meta name=\"author\" content=\"Luzimara Fernandes\" \/>\n<meta name=\"twitter:card\" content=\"summary_large_image\" \/>\n<meta name=\"twitter:label1\" content=\"Escrito por\" \/>\n\t<meta name=\"twitter:data1\" content=\"Luzimara Fernandes\" \/>\n\t<meta name=\"twitter:label2\" content=\"Est. tempo de leitura\" \/>\n\t<meta name=\"twitter:data2\" content=\"8 minutos\" \/>\n<script type=\"application\/ld+json\" class=\"yoast-schema-graph\">{\"@context\":\"https:\/\/schema.org\",\"@graph\":[{\"@type\":\"Article\",\"@id\":\"https:\/\/jornalfatosenoticias.com.br\/index.php\/2024\/02\/23\/mais-de-100-politicos-ja-confirmaram-presenca-no-ato-pro-bolsonaro-veja-quem-sao\/#article\",\"isPartOf\":{\"@id\":\"https:\/\/jornalfatosenoticias.com.br\/index.php\/2024\/02\/23\/mais-de-100-politicos-ja-confirmaram-presenca-no-ato-pro-bolsonaro-veja-quem-sao\/\"},\"author\":{\"name\":\"Luzimara Fernandes\",\"@id\":\"https:\/\/jornalfatosenoticias.com.br\/#\/schema\/person\/d63837fa13ac8666eb9e74e0985d6f81\"},\"headline\":\"Mais de 100 pol\u00edticos j\u00e1 confirmaram presen\u00e7a no ato pr\u00f3-Bolsonaro; veja quem s\u00e3o\",\"datePublished\":\"2024-02-23T18:07:19+00:00\",\"dateModified\":\"2024-02-23T18:07:20+00:00\",\"mainEntityOfPage\":{\"@id\":\"https:\/\/jornalfatosenoticias.com.br\/index.php\/2024\/02\/23\/mais-de-100-politicos-ja-confirmaram-presenca-no-ato-pro-bolsonaro-veja-quem-sao\/\"},\"wordCount\":1549,\"commentCount\":0,\"publisher\":{\"@id\":\"https:\/\/jornalfatosenoticias.com.br\/#organization\"},\"image\":{\"@id\":\"https:\/\/jornalfatosenoticias.com.br\/index.php\/2024\/02\/23\/mais-de-100-politicos-ja-confirmaram-presenca-no-ato-pro-bolsonaro-veja-quem-sao\/#primaryimage\"},\"thumbnailUrl\":\"https:\/\/jornalfatosenoticias.com.br\/wp-content\/uploads\/2024\/02\/bolsonaro.jpg\",\"keywords\":[\"Alexandre de Moraes\",\"ato pr\u00f3-Bolsonaro\",\"Bolsonaro\",\"Carlos Jordy\",\"Jair Bolsonaro\",\"PL\",\"pol\u00edtica\"],\"articleSection\":[\"Pol\u00edtica\"],\"inLanguage\":\"pt-BR\",\"potentialAction\":[{\"@type\":\"CommentAction\",\"name\":\"Comment\",\"target\":[\"https:\/\/jornalfatosenoticias.com.br\/index.php\/2024\/02\/23\/mais-de-100-politicos-ja-confirmaram-presenca-no-ato-pro-bolsonaro-veja-quem-sao\/#respond\"]}]},{\"@type\":\"WebPage\",\"@id\":\"https:\/\/jornalfatosenoticias.com.br\/index.php\/2024\/02\/23\/mais-de-100-politicos-ja-confirmaram-presenca-no-ato-pro-bolsonaro-veja-quem-sao\/\",\"url\":\"https:\/\/jornalfatosenoticias.com.br\/index.php\/2024\/02\/23\/mais-de-100-politicos-ja-confirmaram-presenca-no-ato-pro-bolsonaro-veja-quem-sao\/\",\"name\":\"Mais de 100 pol\u00edticos j\u00e1 confirmaram presen\u00e7a no ato pr\u00f3-Bolsonaro; veja quem s\u00e3o - Jornal Fatos e Not\u00edcias\",\"isPartOf\":{\"@id\":\"https:\/\/jornalfatosenoticias.com.br\/#website\"},\"primaryImageOfPage\":{\"@id\":\"https:\/\/jornalfatosenoticias.com.br\/index.php\/2024\/02\/23\/mais-de-100-politicos-ja-confirmaram-presenca-no-ato-pro-bolsonaro-veja-quem-sao\/#primaryimage\"},\"image\":{\"@id\":\"https:\/\/jornalfatosenoticias.com.br\/index.php\/2024\/02\/23\/mais-de-100-politicos-ja-confirmaram-presenca-no-ato-pro-bolsonaro-veja-quem-sao\/#primaryimage\"},\"thumbnailUrl\":\"https:\/\/jornalfatosenoticias.com.br\/wp-content\/uploads\/2024\/02\/bolsonaro.jpg\",\"datePublished\":\"2024-02-23T18:07:19+00:00\",\"dateModified\":\"2024-02-23T18:07:20+00:00\",\"breadcrumb\":{\"@id\":\"https:\/\/jornalfatosenoticias.com.br\/index.php\/2024\/02\/23\/mais-de-100-politicos-ja-confirmaram-presenca-no-ato-pro-bolsonaro-veja-quem-sao\/#breadcrumb\"},\"inLanguage\":\"pt-BR\",\"potentialAction\":[{\"@type\":\"ReadAction\",\"target\":[\"https:\/\/jornalfatosenoticias.com.br\/index.php\/2024\/02\/23\/mais-de-100-politicos-ja-confirmaram-presenca-no-ato-pro-bolsonaro-veja-quem-sao\/\"]}]},{\"@type\":\"ImageObject\",\"inLanguage\":\"pt-BR\",\"@id\":\"https:\/\/jornalfatosenoticias.com.br\/index.php\/2024\/02\/23\/mais-de-100-politicos-ja-confirmaram-presenca-no-ato-pro-bolsonaro-veja-quem-sao\/#primaryimage\",\"url\":\"https:\/\/jornalfatosenoticias.com.br\/wp-content\/uploads\/2024\/02\/bolsonaro.jpg\",\"contentUrl\":\"https:\/\/jornalfatosenoticias.com.br\/wp-content\/uploads\/2024\/02\/bolsonaro.jpg\",\"width\":799,\"height\":533},{\"@type\":\"BreadcrumbList\",\"@id\":\"https:\/\/jornalfatosenoticias.com.br\/index.php\/2024\/02\/23\/mais-de-100-politicos-ja-confirmaram-presenca-no-ato-pro-bolsonaro-veja-quem-sao\/#breadcrumb\",\"itemListElement\":[{\"@type\":\"ListItem\",\"position\":1,\"name\":\"In\u00edcio\",\"item\":\"https:\/\/jornalfatosenoticias.com.br\/\"},{\"@type\":\"ListItem\",\"position\":2,\"name\":\"Mais de 100 pol\u00edticos j\u00e1 confirmaram presen\u00e7a no ato pr\u00f3-Bolsonaro; veja quem s\u00e3o\"}]},{\"@type\":\"WebSite\",\"@id\":\"https:\/\/jornalfatosenoticias.com.br\/#website\",\"url\":\"https:\/\/jornalfatosenoticias.com.br\/\",\"name\":\"Jornal Fatos e Not\u00edcias\",\"description\":\"Not\u00edcias em geral\",\"publisher\":{\"@id\":\"https:\/\/jornalfatosenoticias.com.br\/#organization\"},\"potentialAction\":[{\"@type\":\"SearchAction\",\"target\":{\"@type\":\"EntryPoint\",\"urlTemplate\":\"https:\/\/jornalfatosenoticias.com.br\/?s={search_term_string}\"},\"query-input\":{\"@type\":\"PropertyValueSpecification\",\"valueRequired\":true,\"valueName\":\"search_term_string\"}}],\"inLanguage\":\"pt-BR\"},{\"@type\":\"Organization\",\"@id\":\"https:\/\/jornalfatosenoticias.com.br\/#organization\",\"name\":\"Jornal Fatos e Not\u00edcias\",\"url\":\"https:\/\/jornalfatosenoticias.com.br\/\",\"logo\":{\"@type\":\"ImageObject\",\"inLanguage\":\"pt-BR\",\"@id\":\"https:\/\/jornalfatosenoticias.com.br\/#\/schema\/logo\/image\/\",\"url\":\"https:\/\/jornalfatosenoticias.com.br\/wp-content\/uploads\/2020\/02\/logo120.png\",\"contentUrl\":\"https:\/\/jornalfatosenoticias.com.br\/wp-content\/uploads\/2020\/02\/logo120.png\",\"width\":1227,\"height\":120,\"caption\":\"Jornal Fatos e Not\u00edcias\"},\"image\":{\"@id\":\"https:\/\/jornalfatosenoticias.com.br\/#\/schema\/logo\/image\/\"}},{\"@type\":\"Person\",\"@id\":\"https:\/\/jornalfatosenoticias.com.br\/#\/schema\/person\/d63837fa13ac8666eb9e74e0985d6f81\",\"name\":\"Luzimara Fernandes\",\"image\":{\"@type\":\"ImageObject\",\"inLanguage\":\"pt-BR\",\"@id\":\"https:\/\/jornalfatosenoticias.com.br\/#\/schema\/person\/image\/\",\"url\":\"https:\/\/jornalfatosenoticias.com.br\/wp-content\/uploads\/2025\/05\/EU_portal.jpg\",\"contentUrl\":\"https:\/\/jornalfatosenoticias.com.br\/wp-content\/uploads\/2025\/05\/EU_portal.jpg\",\"caption\":\"Luzimara Fernandes\"},\"description\":\"Jornalista MTB 2358-ES\",\"sameAs\":[\"https:\/\/jornalfatosenoticias.com.br\"],\"url\":\"https:\/\/jornalfatosenoticias.com.br\/index.php\/author\/luzimara\/\"}]}<\/script>\n<!-- \/ Yoast SEO plugin. -->","yoast_head_json":{"title":"Mais de 100 pol\u00edticos j\u00e1 confirmaram presen\u00e7a no ato pr\u00f3-Bolsonaro; veja quem s\u00e3o - Jornal Fatos e Not\u00edcias","robots":{"index":"index","follow":"follow","max-snippet":"max-snippet:-1","max-image-preview":"max-image-preview:large","max-video-preview":"max-video-preview:-1"},"canonical":"https:\/\/jornalfatosenoticias.com.br\/index.php\/2024\/02\/23\/mais-de-100-politicos-ja-confirmaram-presenca-no-ato-pro-bolsonaro-veja-quem-sao\/","og_locale":"pt_BR","og_type":"article","og_title":"Mais de 100 pol\u00edticos j\u00e1 confirmaram presen\u00e7a no ato pr\u00f3-Bolsonaro; veja quem s\u00e3o - Jornal Fatos e Not\u00edcias","og_description":"Ex-presidente Jair Bolsonaro convocou ato em sua defesa para o dia 25\/2 na Avenida Paulista Por Vin\u00edcius Sales O capital pol\u00edtico do ex-presidente Jair Bolsonaro (PL) promete atrair mais de 100 deputados federais, oito senadores e tr\u00eas governadores para o ato deste domingo (25) na Avenida Paulista, convocado por ele mesmo ap\u00f3s ser alvo da [&hellip;]","og_url":"https:\/\/jornalfatosenoticias.com.br\/index.php\/2024\/02\/23\/mais-de-100-politicos-ja-confirmaram-presenca-no-ato-pro-bolsonaro-veja-quem-sao\/","og_site_name":"Jornal Fatos e Not\u00edcias","article_published_time":"2024-02-23T18:07:19+00:00","article_modified_time":"2024-02-23T18:07:20+00:00","og_image":[{"width":799,"height":533,"url":"https:\/\/jornalfatosenoticias.com.br\/wp-content\/uploads\/2024\/02\/bolsonaro.jpg","type":"image\/jpeg"}],"author":"Luzimara Fernandes","twitter_card":"summary_large_image","twitter_misc":{"Escrito por":"Luzimara Fernandes","Est. tempo de leitura":"8 minutos"},"schema":{"@context":"https:\/\/schema.org","@graph":[{"@type":"Article","@id":"https:\/\/jornalfatosenoticias.com.br\/index.php\/2024\/02\/23\/mais-de-100-politicos-ja-confirmaram-presenca-no-ato-pro-bolsonaro-veja-quem-sao\/#article","isPartOf":{"@id":"https:\/\/jornalfatosenoticias.com.br\/index.php\/2024\/02\/23\/mais-de-100-politicos-ja-confirmaram-presenca-no-ato-pro-bolsonaro-veja-quem-sao\/"},"author":{"name":"Luzimara Fernandes","@id":"https:\/\/jornalfatosenoticias.com.br\/#\/schema\/person\/d63837fa13ac8666eb9e74e0985d6f81"},"headline":"Mais de 100 pol\u00edticos j\u00e1 confirmaram presen\u00e7a no ato pr\u00f3-Bolsonaro; veja quem s\u00e3o","datePublished":"2024-02-23T18:07:19+00:00","dateModified":"2024-02-23T18:07:20+00:00","mainEntityOfPage":{"@id":"https:\/\/jornalfatosenoticias.com.br\/index.php\/2024\/02\/23\/mais-de-100-politicos-ja-confirmaram-presenca-no-ato-pro-bolsonaro-veja-quem-sao\/"},"wordCount":1549,"commentCount":0,"publisher":{"@id":"https:\/\/jornalfatosenoticias.com.br\/#organization"},"image":{"@id":"https:\/\/jornalfatosenoticias.com.br\/index.php\/2024\/02\/23\/mais-de-100-politicos-ja-confirmaram-presenca-no-ato-pro-bolsonaro-veja-quem-sao\/#primaryimage"},"thumbnailUrl":"https:\/\/jornalfatosenoticias.com.br\/wp-content\/uploads\/2024\/02\/bolsonaro.jpg","keywords":["Alexandre de Moraes","ato pr\u00f3-Bolsonaro","Bolsonaro","Carlos Jordy","Jair Bolsonaro","PL","pol\u00edtica"],"articleSection":["Pol\u00edtica"],"inLanguage":"pt-BR","potentialAction":[{"@type":"CommentAction","name":"Comment","target":["https:\/\/jornalfatosenoticias.com.br\/index.php\/2024\/02\/23\/mais-de-100-politicos-ja-confirmaram-presenca-no-ato-pro-bolsonaro-veja-quem-sao\/#respond"]}]},{"@type":"WebPage","@id":"https:\/\/jornalfatosenoticias.com.br\/index.php\/2024\/02\/23\/mais-de-100-politicos-ja-confirmaram-presenca-no-ato-pro-bolsonaro-veja-quem-sao\/","url":"https:\/\/jornalfatosenoticias.com.br\/index.php\/2024\/02\/23\/mais-de-100-politicos-ja-confirmaram-presenca-no-ato-pro-bolsonaro-veja-quem-sao\/","name":"Mais de 100 pol\u00edticos j\u00e1 confirmaram presen\u00e7a no ato pr\u00f3-Bolsonaro; veja quem s\u00e3o - Jornal Fatos e Not\u00edcias","isPartOf":{"@id":"https:\/\/jornalfatosenoticias.com.br\/#website"},"primaryImageOfPage":{"@id":"https:\/\/jornalfatosenoticias.com.br\/index.php\/2024\/02\/23\/mais-de-100-politicos-ja-confirmaram-presenca-no-ato-pro-bolsonaro-veja-quem-sao\/#primaryimage"},"image":{"@id":"https:\/\/jornalfatosenoticias.com.br\/index.php\/2024\/02\/23\/mais-de-100-politicos-ja-confirmaram-presenca-no-ato-pro-bolsonaro-veja-quem-sao\/#primaryimage"},"thumbnailUrl":"https:\/\/jornalfatosenoticias.com.br\/wp-content\/uploads\/2024\/02\/bolsonaro.jpg","datePublished":"2024-02-23T18:07:19+00:00","dateModified":"2024-02-23T18:07:20+00:00","breadcrumb":{"@id":"https:\/\/jornalfatosenoticias.com.br\/index.php\/2024\/02\/23\/mais-de-100-politicos-ja-confirmaram-presenca-no-ato-pro-bolsonaro-veja-quem-sao\/#breadcrumb"},"inLanguage":"pt-BR","potentialAction":[{"@type":"ReadAction","target":["https:\/\/jornalfatosenoticias.com.br\/index.php\/2024\/02\/23\/mais-de-100-politicos-ja-confirmaram-presenca-no-ato-pro-bolsonaro-veja-quem-sao\/"]}]},{"@type":"ImageObject","inLanguage":"pt-BR","@id":"https:\/\/jornalfatosenoticias.com.br\/index.php\/2024\/02\/23\/mais-de-100-politicos-ja-confirmaram-presenca-no-ato-pro-bolsonaro-veja-quem-sao\/#primaryimage","url":"https:\/\/jornalfatosenoticias.com.br\/wp-content\/uploads\/2024\/02\/bolsonaro.jpg","contentUrl":"https:\/\/jornalfatosenoticias.com.br\/wp-content\/uploads\/2024\/02\/bolsonaro.jpg","width":799,"height":533},{"@type":"BreadcrumbList","@id":"https:\/\/jornalfatosenoticias.com.br\/index.php\/2024\/02\/23\/mais-de-100-politicos-ja-confirmaram-presenca-no-ato-pro-bolsonaro-veja-quem-sao\/#breadcrumb","itemListElement":[{"@type":"ListItem","position":1,"name":"In\u00edcio","item":"https:\/\/jornalfatosenoticias.com.br\/"},{"@type":"ListItem","position":2,"name":"Mais de 100 pol\u00edticos j\u00e1 confirmaram presen\u00e7a no ato pr\u00f3-Bolsonaro; veja quem s\u00e3o"}]},{"@type":"WebSite","@id":"https:\/\/jornalfatosenoticias.com.br\/#website","url":"https:\/\/jornalfatosenoticias.com.br\/","name":"Jornal Fatos e Not\u00edcias","description":"Not\u00edcias em geral","publisher":{"@id":"https:\/\/jornalfatosenoticias.com.br\/#organization"},"potentialAction":[{"@type":"SearchAction","target":{"@type":"EntryPoint","urlTemplate":"https:\/\/jornalfatosenoticias.com.br\/?s={search_term_string}"},"query-input":{"@type":"PropertyValueSpecification","valueRequired":true,"valueName":"search_term_string"}}],"inLanguage":"pt-BR"},{"@type":"Organization","@id":"https:\/\/jornalfatosenoticias.com.br\/#organization","name":"Jornal Fatos e Not\u00edcias","url":"https:\/\/jornalfatosenoticias.com.br\/","logo":{"@type":"ImageObject","inLanguage":"pt-BR","@id":"https:\/\/jornalfatosenoticias.com.br\/#\/schema\/logo\/image\/","url":"https:\/\/jornalfatosenoticias.com.br\/wp-content\/uploads\/2020\/02\/logo120.png","contentUrl":"https:\/\/jornalfatosenoticias.com.br\/wp-content\/uploads\/2020\/02\/logo120.png","width":1227,"height":120,"caption":"Jornal Fatos e Not\u00edcias"},"image":{"@id":"https:\/\/jornalfatosenoticias.com.br\/#\/schema\/logo\/image\/"}},{"@type":"Person","@id":"https:\/\/jornalfatosenoticias.com.br\/#\/schema\/person\/d63837fa13ac8666eb9e74e0985d6f81","name":"Luzimara Fernandes","image":{"@type":"ImageObject","inLanguage":"pt-BR","@id":"https:\/\/jornalfatosenoticias.com.br\/#\/schema\/person\/image\/","url":"https:\/\/jornalfatosenoticias.com.br\/wp-content\/uploads\/2025\/05\/EU_portal.jpg","contentUrl":"https:\/\/jornalfatosenoticias.com.br\/wp-content\/uploads\/2025\/05\/EU_portal.jpg","caption":"Luzimara Fernandes"},"description":"Jornalista MTB 2358-ES","sameAs":["https:\/\/jornalfatosenoticias.com.br"],"url":"https:\/\/jornalfatosenoticias.com.br\/index.php\/author\/luzimara\/"}]}},"cc_featured_image_caption":{"caption_text":"","source_text":"","source_url":""},"jetpack_featured_media_url":"https:\/\/jornalfatosenoticias.com.br\/wp-content\/uploads\/2024\/02\/bolsonaro.jpg","_links":{"self":[{"href":"https:\/\/jornalfatosenoticias.com.br\/index.php\/wp-json\/wp\/v2\/posts\/49454","targetHints":{"allow":["GET"]}}],"collection":[{"href":"https:\/\/jornalfatosenoticias.com.br\/index.php\/wp-json\/wp\/v2\/posts"}],"about":[{"href":"https:\/\/jornalfatosenoticias.com.br\/index.php\/wp-json\/wp\/v2\/types\/post"}],"author":[{"embeddable":true,"href":"https:\/\/jornalfatosenoticias.com.br\/index.php\/wp-json\/wp\/v2\/users\/2"}],"replies":[{"embeddable":true,"href":"https:\/\/jornalfatosenoticias.com.br\/index.php\/wp-json\/wp\/v2\/comments?post=49454"}],"version-history":[{"count":0,"href":"https:\/\/jornalfatosenoticias.com.br\/index.php\/wp-json\/wp\/v2\/posts\/49454\/revisions"}],"wp:featuredmedia":[{"embeddable":true,"href":"https:\/\/jornalfatosenoticias.com.br\/index.php\/wp-json\/wp\/v2\/media\/49455"}],"wp:attachment":[{"href":"https:\/\/jornalfatosenoticias.com.br\/index.php\/wp-json\/wp\/v2\/media?parent=49454"}],"wp:term":[{"taxonomy":"category","embeddable":true,"href":"https:\/\/jornalfatosenoticias.com.br\/index.php\/wp-json\/wp\/v2\/categories?post=49454"},{"taxonomy":"post_tag","embeddable":true,"href":"https:\/\/jornalfatosenoticias.com.br\/index.php\/wp-json\/wp\/v2\/tags?post=49454"}],"curies":[{"name":"wp","href":"https:\/\/api.w.org\/{rel}","templated":true}]}}