{"id":49457,"date":"2024-02-23T15:15:27","date_gmt":"2024-02-23T18:15:27","guid":{"rendered":"https:\/\/jornalfatosenoticias.com.br\/?p=49457"},"modified":"2024-02-23T15:15:27","modified_gmt":"2024-02-23T18:15:27","slug":"terra-yanomami-teve-363-mortes-no-primeiro-ano-do-governo-lula-contra-343-em-2022","status":"publish","type":"post","link":"https:\/\/jornalfatosenoticias.com.br\/index.php\/2024\/02\/23\/terra-yanomami-teve-363-mortes-no-primeiro-ano-do-governo-lula-contra-343-em-2022\/","title":{"rendered":"Terra Yanomami teve 363 mortes no primeiro ano do governo Lula contra 343 em 2022"},"content":{"rendered":"\n<p><span class=\"has-inline-color has-black-color\"><em>Al\u00e9m da desnutri\u00e7\u00e3o grave e do aumento de casos de mal\u00e1ria, o povo yanomami enfrenta a invas\u00e3o do garimpo ilegal<\/em><\/span><\/p>\n\n\n\n<div class=\"wp-block-image\"><figure class=\"aligncenter size-large\"><img loading=\"lazy\" decoding=\"async\" width=\"729\" height=\"90\" src=\"https:\/\/jornalfatosenoticias.com.br\/wp-content\/uploads\/2020\/02\/Logo_Mizu.png\" alt=\"\" class=\"wp-image-1441\" srcset=\"https:\/\/jornalfatosenoticias.com.br\/wp-content\/uploads\/2020\/02\/Logo_Mizu.png 729w, https:\/\/jornalfatosenoticias.com.br\/wp-content\/uploads\/2020\/02\/Logo_Mizu-300x37.png 300w\" sizes=\"auto, (max-width: 729px) 100vw, 729px\" \/><\/figure><\/div>\n\n\n\n<p>O Minist\u00e9rio da Sa\u00fade registrou a morte de 363 yanomamis em 2023, no primeiro ano do governo Lula. J\u00e1 em 2022, quando o ex-presidente Jair Bolsonaro (PL) comandava o pa\u00eds, foram registradas 343 mortes. A Secretaria de Sa\u00fade Ind\u00edgena, vinculada ao minist\u00e9rio, disse que as informa\u00e7\u00f5es, que apontam um aumento de 5,8% na quantidade de \u00f3bitos, s\u00e3o preliminares e est\u00e3o sendo investigadas.<br>A secretaria apontou que os registros de 2022 e dos anos anteriores estariam \u201csubnotificados\u201d e culpou o governo Bolsonaro pelo \u201cabandono\u201d da Terra Yanomami. A informa\u00e7\u00e3o foi divulgada pelo portal Poder360, que obteve os dados via Lei de Acesso \u00e0 Informa\u00e7\u00e3o (LAI). Desde o in\u00edcio de 2023, Lula (PT) tem apostado em uma for\u00e7a-tarefa de apoio \u00e0 regi\u00e3o que n\u00e3o tem surtido efeito.<\/p>\n\n\n\n<div class=\"wp-block-image\"><figure class=\"aligncenter size-large\"><img loading=\"lazy\" decoding=\"async\" width=\"300\" height=\"250\" src=\"https:\/\/jornalfatosenoticias.com.br\/wp-content\/uploads\/2022\/02\/FERRARI_MAQUINAS-E-FERRAMENTAS2.jpg\" alt=\"\" class=\"wp-image-27860\"\/><\/figure><\/div>\n\n\n\n<p>Em janeiro deste ano, o governo federal foi acusado pela Justi\u00e7a Federal de Roraima de &#8220;in\u00e9rcia&#8221; diante da crise enfrentada pelo povo Yanomami. Tamb\u00e9m no m\u00eas passado, a ministra dos Povos Ind\u00edgenas, Sonia Guajajara, admitiu que o governo federal fracassou na tentativa de solucionar a crise dos yanomamis.<\/p>\n\n\n\n<div class=\"wp-block-image\"><figure class=\"aligncenter size-large is-resized\"><img loading=\"lazy\" decoding=\"async\" src=\"https:\/\/jornalfatosenoticias.com.br\/wp-content\/uploads\/2023\/08\/BKR-1024x1021.jpg\" alt=\"\" class=\"wp-image-44494\" width=\"337\" height=\"336\" srcset=\"https:\/\/jornalfatosenoticias.com.br\/wp-content\/uploads\/2023\/08\/BKR-1024x1021.jpg 1024w, https:\/\/jornalfatosenoticias.com.br\/wp-content\/uploads\/2023\/08\/BKR-300x300.jpg 300w, https:\/\/jornalfatosenoticias.com.br\/wp-content\/uploads\/2023\/08\/BKR-150x150.jpg 150w, https:\/\/jornalfatosenoticias.com.br\/wp-content\/uploads\/2023\/08\/BKR-768x766.jpg 768w, https:\/\/jornalfatosenoticias.com.br\/wp-content\/uploads\/2023\/08\/BKR.jpg 1080w\" sizes=\"auto, (max-width: 337px) 100vw, 337px\" \/><\/figure><\/div>\n\n\n\n<p>\u201cN\u00e3o \u00e9 s\u00f3 falar que n\u00e3o se resolveu em 2023. De fato, n\u00e3o se resolveu. E provavelmente n\u00e3o se resolver\u00e1 em 2024, considerando a situa\u00e7\u00e3o complexa que temos. Mas pegamos o territ\u00f3rio nessa situa\u00e7\u00e3o. Achamos que era s\u00f3 uma crise sanit\u00e1ria, mas tinha toda essa quest\u00e3o do garimpo impregnado\u201d, disse Guajajara em live realizada junto com o secret\u00e1rio de Sa\u00fade Ind\u00edgena do Minist\u00e9rio da Sa\u00fade, Weibe Tapeba.<\/p>\n\n\n\n<div class=\"wp-block-image\"><figure class=\"aligncenter size-large is-resized\"><img loading=\"lazy\" decoding=\"async\" src=\"https:\/\/jornalfatosenoticias.com.br\/wp-content\/uploads\/2020\/02\/CONTROL-CS.jpg\" alt=\"\" class=\"wp-image-44991\" width=\"298\" height=\"357\" srcset=\"https:\/\/jornalfatosenoticias.com.br\/wp-content\/uploads\/2020\/02\/CONTROL-CS.jpg 834w, https:\/\/jornalfatosenoticias.com.br\/wp-content\/uploads\/2020\/02\/CONTROL-CS-250x300.jpg 250w, https:\/\/jornalfatosenoticias.com.br\/wp-content\/uploads\/2020\/02\/CONTROL-CS-768x921.jpg 768w\" sizes=\"auto, (max-width: 298px) 100vw, 298px\" \/><\/figure><\/div>\n\n\n\n<p>Al\u00e9m da desnutri\u00e7\u00e3o grave e do aumento de casos de mal\u00e1ria, o povo yanomami enfrenta a invas\u00e3o do garimpo ilegal. Na semana passada, o Ex\u00e9rcito anunciou que vai construir duas bases militares tempor\u00e1rias e refor\u00e7ar sua atua\u00e7\u00e3o no territ\u00f3rio Yanomami, localizado nos Estados do Amazonas e Roraima, pr\u00f3ximo \u00e0 fronteira com a Venezuela. A inten\u00e7\u00e3o, segundo o Comando de Opera\u00e7\u00f5es Terrestres (COTER), \u00e9 aumentar a repress\u00e3o ao garimpo ilegal na regi\u00e3o.<\/p>\n\n\n\n<div class=\"wp-block-image\"><figure class=\"aligncenter size-large is-resized\"><img loading=\"lazy\" decoding=\"async\" src=\"https:\/\/jornalfatosenoticias.com.br\/wp-content\/uploads\/2024\/01\/LOGOMARCA-MELHORIM-versao-19.jpg\" alt=\"\" class=\"wp-image-48770\" width=\"365\" height=\"275\" srcset=\"https:\/\/jornalfatosenoticias.com.br\/wp-content\/uploads\/2024\/01\/LOGOMARCA-MELHORIM-versao-19.jpg 1000w, https:\/\/jornalfatosenoticias.com.br\/wp-content\/uploads\/2024\/01\/LOGOMARCA-MELHORIM-versao-19-300x226.jpg 300w, https:\/\/jornalfatosenoticias.com.br\/wp-content\/uploads\/2024\/01\/LOGOMARCA-MELHORIM-versao-19-768x579.jpg 768w\" sizes=\"auto, (max-width: 365px) 100vw, 365px\" \/><\/figure><\/div>\n\n\n\n<p><strong><em>Fonte: <a href=\"https:\/\/www.gazetadopovo.com.br\/republica\/terra-yanomami-teve-363-mortes-no-primeiro-ano-do-governo-lula-contra-343-em-2022\/\">Gazeta do Povo<\/a><\/em><\/strong><\/p>\n","protected":false},"excerpt":{"rendered":"<p>Al\u00e9m da desnutri\u00e7\u00e3o grave e do aumento de casos de mal\u00e1ria, o povo yanomami enfrenta a invas\u00e3o do garimpo ilegal O Minist\u00e9rio da Sa\u00fade registrou a morte de 363 yanomamis em 2023, no primeiro ano do governo Lula. J\u00e1 em 2022, quando o ex-presidente Jair Bolsonaro (PL) comandava o pa\u00eds, foram registradas 343 mortes. A [&hellip;]<\/p>\n","protected":false},"author":2,"featured_media":49458,"comment_status":"open","ping_status":"open","sticky":false,"template":"","format":"standard","meta":{"footnotes":""},"categories":[5],"tags":[2423,860,1795,7580,74,22902],"class_list":["post-49457","post","type-post","status-publish","format-standard","has-post-thumbnail","hentry","category-geral","tag-exercito","tag-governo-federal","tag-jair-bolsonaro","tag-lula","tag-saude","tag-sonia-guajajara"],"yoast_head":"<!-- This site is optimized with the Yoast SEO plugin v26.5 - https:\/\/yoast.com\/wordpress\/plugins\/seo\/ -->\n<title>Terra Yanomami teve 363 mortes no primeiro ano do governo Lula contra 343 em 2022 - Jornal Fatos e Not\u00edcias<\/title>\n<meta name=\"robots\" content=\"index, follow, max-snippet:-1, max-image-preview:large, max-video-preview:-1\" \/>\n<link rel=\"canonical\" href=\"https:\/\/jornalfatosenoticias.com.br\/index.php\/2024\/02\/23\/terra-yanomami-teve-363-mortes-no-primeiro-ano-do-governo-lula-contra-343-em-2022\/\" \/>\n<meta property=\"og:locale\" content=\"pt_BR\" \/>\n<meta property=\"og:type\" content=\"article\" \/>\n<meta property=\"og:title\" content=\"Terra Yanomami teve 363 mortes no primeiro ano do governo Lula contra 343 em 2022 - Jornal Fatos e Not\u00edcias\" \/>\n<meta property=\"og:description\" content=\"Al\u00e9m da desnutri\u00e7\u00e3o grave e do aumento de casos de mal\u00e1ria, o povo yanomami enfrenta a invas\u00e3o do garimpo ilegal O Minist\u00e9rio da Sa\u00fade registrou a morte de 363 yanomamis em 2023, no primeiro ano do governo Lula. J\u00e1 em 2022, quando o ex-presidente Jair Bolsonaro (PL) comandava o pa\u00eds, foram registradas 343 mortes. A [&hellip;]\" \/>\n<meta property=\"og:url\" content=\"https:\/\/jornalfatosenoticias.com.br\/index.php\/2024\/02\/23\/terra-yanomami-teve-363-mortes-no-primeiro-ano-do-governo-lula-contra-343-em-2022\/\" \/>\n<meta property=\"og:site_name\" content=\"Jornal Fatos e Not\u00edcias\" \/>\n<meta property=\"article:published_time\" content=\"2024-02-23T18:15:27+00:00\" \/>\n<meta property=\"og:image\" content=\"https:\/\/jornalfatosenoticias.com.br\/wp-content\/uploads\/2024\/02\/yanomami-lula-960x540-1.jpg\" \/>\n\t<meta property=\"og:image:width\" content=\"960\" \/>\n\t<meta property=\"og:image:height\" content=\"540\" \/>\n\t<meta property=\"og:image:type\" content=\"image\/jpeg\" \/>\n<meta name=\"author\" content=\"Luzimara Fernandes\" \/>\n<meta name=\"twitter:card\" content=\"summary_large_image\" \/>\n<meta name=\"twitter:label1\" content=\"Escrito por\" \/>\n\t<meta name=\"twitter:data1\" content=\"Luzimara Fernandes\" \/>\n\t<meta name=\"twitter:label2\" content=\"Est. tempo de leitura\" \/>\n\t<meta name=\"twitter:data2\" content=\"2 minutos\" \/>\n<script type=\"application\/ld+json\" class=\"yoast-schema-graph\">{\"@context\":\"https:\/\/schema.org\",\"@graph\":[{\"@type\":\"Article\",\"@id\":\"https:\/\/jornalfatosenoticias.com.br\/index.php\/2024\/02\/23\/terra-yanomami-teve-363-mortes-no-primeiro-ano-do-governo-lula-contra-343-em-2022\/#article\",\"isPartOf\":{\"@id\":\"https:\/\/jornalfatosenoticias.com.br\/index.php\/2024\/02\/23\/terra-yanomami-teve-363-mortes-no-primeiro-ano-do-governo-lula-contra-343-em-2022\/\"},\"author\":{\"name\":\"Luzimara Fernandes\",\"@id\":\"https:\/\/jornalfatosenoticias.com.br\/#\/schema\/person\/d63837fa13ac8666eb9e74e0985d6f81\"},\"headline\":\"Terra Yanomami teve 363 mortes no primeiro ano do governo Lula contra 343 em 2022\",\"datePublished\":\"2024-02-23T18:15:27+00:00\",\"mainEntityOfPage\":{\"@id\":\"https:\/\/jornalfatosenoticias.com.br\/index.php\/2024\/02\/23\/terra-yanomami-teve-363-mortes-no-primeiro-ano-do-governo-lula-contra-343-em-2022\/\"},\"wordCount\":385,\"commentCount\":0,\"publisher\":{\"@id\":\"https:\/\/jornalfatosenoticias.com.br\/#organization\"},\"image\":{\"@id\":\"https:\/\/jornalfatosenoticias.com.br\/index.php\/2024\/02\/23\/terra-yanomami-teve-363-mortes-no-primeiro-ano-do-governo-lula-contra-343-em-2022\/#primaryimage\"},\"thumbnailUrl\":\"https:\/\/jornalfatosenoticias.com.br\/wp-content\/uploads\/2024\/02\/yanomami-lula-960x540-1.jpg\",\"keywords\":[\"ex\u00e9rcito\",\"governo federal\",\"Jair Bolsonaro\",\"Lula\",\"sa\u00fade\",\"S\u00f4nia Guajajara\"],\"articleSection\":[\"Geral\"],\"inLanguage\":\"pt-BR\",\"potentialAction\":[{\"@type\":\"CommentAction\",\"name\":\"Comment\",\"target\":[\"https:\/\/jornalfatosenoticias.com.br\/index.php\/2024\/02\/23\/terra-yanomami-teve-363-mortes-no-primeiro-ano-do-governo-lula-contra-343-em-2022\/#respond\"]}]},{\"@type\":\"WebPage\",\"@id\":\"https:\/\/jornalfatosenoticias.com.br\/index.php\/2024\/02\/23\/terra-yanomami-teve-363-mortes-no-primeiro-ano-do-governo-lula-contra-343-em-2022\/\",\"url\":\"https:\/\/jornalfatosenoticias.com.br\/index.php\/2024\/02\/23\/terra-yanomami-teve-363-mortes-no-primeiro-ano-do-governo-lula-contra-343-em-2022\/\",\"name\":\"Terra Yanomami teve 363 mortes no primeiro ano do governo Lula contra 343 em 2022 - Jornal Fatos e Not\u00edcias\",\"isPartOf\":{\"@id\":\"https:\/\/jornalfatosenoticias.com.br\/#website\"},\"primaryImageOfPage\":{\"@id\":\"https:\/\/jornalfatosenoticias.com.br\/index.php\/2024\/02\/23\/terra-yanomami-teve-363-mortes-no-primeiro-ano-do-governo-lula-contra-343-em-2022\/#primaryimage\"},\"image\":{\"@id\":\"https:\/\/jornalfatosenoticias.com.br\/index.php\/2024\/02\/23\/terra-yanomami-teve-363-mortes-no-primeiro-ano-do-governo-lula-contra-343-em-2022\/#primaryimage\"},\"thumbnailUrl\":\"https:\/\/jornalfatosenoticias.com.br\/wp-content\/uploads\/2024\/02\/yanomami-lula-960x540-1.jpg\",\"datePublished\":\"2024-02-23T18:15:27+00:00\",\"breadcrumb\":{\"@id\":\"https:\/\/jornalfatosenoticias.com.br\/index.php\/2024\/02\/23\/terra-yanomami-teve-363-mortes-no-primeiro-ano-do-governo-lula-contra-343-em-2022\/#breadcrumb\"},\"inLanguage\":\"pt-BR\",\"potentialAction\":[{\"@type\":\"ReadAction\",\"target\":[\"https:\/\/jornalfatosenoticias.com.br\/index.php\/2024\/02\/23\/terra-yanomami-teve-363-mortes-no-primeiro-ano-do-governo-lula-contra-343-em-2022\/\"]}]},{\"@type\":\"ImageObject\",\"inLanguage\":\"pt-BR\",\"@id\":\"https:\/\/jornalfatosenoticias.com.br\/index.php\/2024\/02\/23\/terra-yanomami-teve-363-mortes-no-primeiro-ano-do-governo-lula-contra-343-em-2022\/#primaryimage\",\"url\":\"https:\/\/jornalfatosenoticias.com.br\/wp-content\/uploads\/2024\/02\/yanomami-lula-960x540-1.jpg\",\"contentUrl\":\"https:\/\/jornalfatosenoticias.com.br\/wp-content\/uploads\/2024\/02\/yanomami-lula-960x540-1.jpg\",\"width\":960,\"height\":540},{\"@type\":\"BreadcrumbList\",\"@id\":\"https:\/\/jornalfatosenoticias.com.br\/index.php\/2024\/02\/23\/terra-yanomami-teve-363-mortes-no-primeiro-ano-do-governo-lula-contra-343-em-2022\/#breadcrumb\",\"itemListElement\":[{\"@type\":\"ListItem\",\"position\":1,\"name\":\"In\u00edcio\",\"item\":\"https:\/\/jornalfatosenoticias.com.br\/\"},{\"@type\":\"ListItem\",\"position\":2,\"name\":\"Terra Yanomami teve 363 mortes no primeiro ano do governo Lula contra 343 em 2022\"}]},{\"@type\":\"WebSite\",\"@id\":\"https:\/\/jornalfatosenoticias.com.br\/#website\",\"url\":\"https:\/\/jornalfatosenoticias.com.br\/\",\"name\":\"Jornal Fatos e Not\u00edcias\",\"description\":\"Not\u00edcias em geral\",\"publisher\":{\"@id\":\"https:\/\/jornalfatosenoticias.com.br\/#organization\"},\"potentialAction\":[{\"@type\":\"SearchAction\",\"target\":{\"@type\":\"EntryPoint\",\"urlTemplate\":\"https:\/\/jornalfatosenoticias.com.br\/?s={search_term_string}\"},\"query-input\":{\"@type\":\"PropertyValueSpecification\",\"valueRequired\":true,\"valueName\":\"search_term_string\"}}],\"inLanguage\":\"pt-BR\"},{\"@type\":\"Organization\",\"@id\":\"https:\/\/jornalfatosenoticias.com.br\/#organization\",\"name\":\"Jornal Fatos e Not\u00edcias\",\"url\":\"https:\/\/jornalfatosenoticias.com.br\/\",\"logo\":{\"@type\":\"ImageObject\",\"inLanguage\":\"pt-BR\",\"@id\":\"https:\/\/jornalfatosenoticias.com.br\/#\/schema\/logo\/image\/\",\"url\":\"https:\/\/jornalfatosenoticias.com.br\/wp-content\/uploads\/2020\/02\/logo120.png\",\"contentUrl\":\"https:\/\/jornalfatosenoticias.com.br\/wp-content\/uploads\/2020\/02\/logo120.png\",\"width\":1227,\"height\":120,\"caption\":\"Jornal Fatos e Not\u00edcias\"},\"image\":{\"@id\":\"https:\/\/jornalfatosenoticias.com.br\/#\/schema\/logo\/image\/\"}},{\"@type\":\"Person\",\"@id\":\"https:\/\/jornalfatosenoticias.com.br\/#\/schema\/person\/d63837fa13ac8666eb9e74e0985d6f81\",\"name\":\"Luzimara Fernandes\",\"image\":{\"@type\":\"ImageObject\",\"inLanguage\":\"pt-BR\",\"@id\":\"https:\/\/jornalfatosenoticias.com.br\/#\/schema\/person\/image\/\",\"url\":\"https:\/\/jornalfatosenoticias.com.br\/wp-content\/uploads\/2025\/05\/EU_portal.jpg\",\"contentUrl\":\"https:\/\/jornalfatosenoticias.com.br\/wp-content\/uploads\/2025\/05\/EU_portal.jpg\",\"caption\":\"Luzimara Fernandes\"},\"description\":\"Jornalista MTB 2358-ES\",\"sameAs\":[\"https:\/\/jornalfatosenoticias.com.br\"],\"url\":\"https:\/\/jornalfatosenoticias.com.br\/index.php\/author\/luzimara\/\"}]}<\/script>\n<!-- \/ Yoast SEO plugin. -->","yoast_head_json":{"title":"Terra Yanomami teve 363 mortes no primeiro ano do governo Lula contra 343 em 2022 - Jornal Fatos e Not\u00edcias","robots":{"index":"index","follow":"follow","max-snippet":"max-snippet:-1","max-image-preview":"max-image-preview:large","max-video-preview":"max-video-preview:-1"},"canonical":"https:\/\/jornalfatosenoticias.com.br\/index.php\/2024\/02\/23\/terra-yanomami-teve-363-mortes-no-primeiro-ano-do-governo-lula-contra-343-em-2022\/","og_locale":"pt_BR","og_type":"article","og_title":"Terra Yanomami teve 363 mortes no primeiro ano do governo Lula contra 343 em 2022 - Jornal Fatos e Not\u00edcias","og_description":"Al\u00e9m da desnutri\u00e7\u00e3o grave e do aumento de casos de mal\u00e1ria, o povo yanomami enfrenta a invas\u00e3o do garimpo ilegal O Minist\u00e9rio da Sa\u00fade registrou a morte de 363 yanomamis em 2023, no primeiro ano do governo Lula. J\u00e1 em 2022, quando o ex-presidente Jair Bolsonaro (PL) comandava o pa\u00eds, foram registradas 343 mortes. A [&hellip;]","og_url":"https:\/\/jornalfatosenoticias.com.br\/index.php\/2024\/02\/23\/terra-yanomami-teve-363-mortes-no-primeiro-ano-do-governo-lula-contra-343-em-2022\/","og_site_name":"Jornal Fatos e Not\u00edcias","article_published_time":"2024-02-23T18:15:27+00:00","og_image":[{"width":960,"height":540,"url":"https:\/\/jornalfatosenoticias.com.br\/wp-content\/uploads\/2024\/02\/yanomami-lula-960x540-1.jpg","type":"image\/jpeg"}],"author":"Luzimara Fernandes","twitter_card":"summary_large_image","twitter_misc":{"Escrito por":"Luzimara Fernandes","Est. tempo de leitura":"2 minutos"},"schema":{"@context":"https:\/\/schema.org","@graph":[{"@type":"Article","@id":"https:\/\/jornalfatosenoticias.com.br\/index.php\/2024\/02\/23\/terra-yanomami-teve-363-mortes-no-primeiro-ano-do-governo-lula-contra-343-em-2022\/#article","isPartOf":{"@id":"https:\/\/jornalfatosenoticias.com.br\/index.php\/2024\/02\/23\/terra-yanomami-teve-363-mortes-no-primeiro-ano-do-governo-lula-contra-343-em-2022\/"},"author":{"name":"Luzimara Fernandes","@id":"https:\/\/jornalfatosenoticias.com.br\/#\/schema\/person\/d63837fa13ac8666eb9e74e0985d6f81"},"headline":"Terra Yanomami teve 363 mortes no primeiro ano do governo Lula contra 343 em 2022","datePublished":"2024-02-23T18:15:27+00:00","mainEntityOfPage":{"@id":"https:\/\/jornalfatosenoticias.com.br\/index.php\/2024\/02\/23\/terra-yanomami-teve-363-mortes-no-primeiro-ano-do-governo-lula-contra-343-em-2022\/"},"wordCount":385,"commentCount":0,"publisher":{"@id":"https:\/\/jornalfatosenoticias.com.br\/#organization"},"image":{"@id":"https:\/\/jornalfatosenoticias.com.br\/index.php\/2024\/02\/23\/terra-yanomami-teve-363-mortes-no-primeiro-ano-do-governo-lula-contra-343-em-2022\/#primaryimage"},"thumbnailUrl":"https:\/\/jornalfatosenoticias.com.br\/wp-content\/uploads\/2024\/02\/yanomami-lula-960x540-1.jpg","keywords":["ex\u00e9rcito","governo federal","Jair Bolsonaro","Lula","sa\u00fade","S\u00f4nia Guajajara"],"articleSection":["Geral"],"inLanguage":"pt-BR","potentialAction":[{"@type":"CommentAction","name":"Comment","target":["https:\/\/jornalfatosenoticias.com.br\/index.php\/2024\/02\/23\/terra-yanomami-teve-363-mortes-no-primeiro-ano-do-governo-lula-contra-343-em-2022\/#respond"]}]},{"@type":"WebPage","@id":"https:\/\/jornalfatosenoticias.com.br\/index.php\/2024\/02\/23\/terra-yanomami-teve-363-mortes-no-primeiro-ano-do-governo-lula-contra-343-em-2022\/","url":"https:\/\/jornalfatosenoticias.com.br\/index.php\/2024\/02\/23\/terra-yanomami-teve-363-mortes-no-primeiro-ano-do-governo-lula-contra-343-em-2022\/","name":"Terra Yanomami teve 363 mortes no primeiro ano do governo Lula contra 343 em 2022 - Jornal Fatos e Not\u00edcias","isPartOf":{"@id":"https:\/\/jornalfatosenoticias.com.br\/#website"},"primaryImageOfPage":{"@id":"https:\/\/jornalfatosenoticias.com.br\/index.php\/2024\/02\/23\/terra-yanomami-teve-363-mortes-no-primeiro-ano-do-governo-lula-contra-343-em-2022\/#primaryimage"},"image":{"@id":"https:\/\/jornalfatosenoticias.com.br\/index.php\/2024\/02\/23\/terra-yanomami-teve-363-mortes-no-primeiro-ano-do-governo-lula-contra-343-em-2022\/#primaryimage"},"thumbnailUrl":"https:\/\/jornalfatosenoticias.com.br\/wp-content\/uploads\/2024\/02\/yanomami-lula-960x540-1.jpg","datePublished":"2024-02-23T18:15:27+00:00","breadcrumb":{"@id":"https:\/\/jornalfatosenoticias.com.br\/index.php\/2024\/02\/23\/terra-yanomami-teve-363-mortes-no-primeiro-ano-do-governo-lula-contra-343-em-2022\/#breadcrumb"},"inLanguage":"pt-BR","potentialAction":[{"@type":"ReadAction","target":["https:\/\/jornalfatosenoticias.com.br\/index.php\/2024\/02\/23\/terra-yanomami-teve-363-mortes-no-primeiro-ano-do-governo-lula-contra-343-em-2022\/"]}]},{"@type":"ImageObject","inLanguage":"pt-BR","@id":"https:\/\/jornalfatosenoticias.com.br\/index.php\/2024\/02\/23\/terra-yanomami-teve-363-mortes-no-primeiro-ano-do-governo-lula-contra-343-em-2022\/#primaryimage","url":"https:\/\/jornalfatosenoticias.com.br\/wp-content\/uploads\/2024\/02\/yanomami-lula-960x540-1.jpg","contentUrl":"https:\/\/jornalfatosenoticias.com.br\/wp-content\/uploads\/2024\/02\/yanomami-lula-960x540-1.jpg","width":960,"height":540},{"@type":"BreadcrumbList","@id":"https:\/\/jornalfatosenoticias.com.br\/index.php\/2024\/02\/23\/terra-yanomami-teve-363-mortes-no-primeiro-ano-do-governo-lula-contra-343-em-2022\/#breadcrumb","itemListElement":[{"@type":"ListItem","position":1,"name":"In\u00edcio","item":"https:\/\/jornalfatosenoticias.com.br\/"},{"@type":"ListItem","position":2,"name":"Terra Yanomami teve 363 mortes no primeiro ano do governo Lula contra 343 em 2022"}]},{"@type":"WebSite","@id":"https:\/\/jornalfatosenoticias.com.br\/#website","url":"https:\/\/jornalfatosenoticias.com.br\/","name":"Jornal Fatos e Not\u00edcias","description":"Not\u00edcias em geral","publisher":{"@id":"https:\/\/jornalfatosenoticias.com.br\/#organization"},"potentialAction":[{"@type":"SearchAction","target":{"@type":"EntryPoint","urlTemplate":"https:\/\/jornalfatosenoticias.com.br\/?s={search_term_string}"},"query-input":{"@type":"PropertyValueSpecification","valueRequired":true,"valueName":"search_term_string"}}],"inLanguage":"pt-BR"},{"@type":"Organization","@id":"https:\/\/jornalfatosenoticias.com.br\/#organization","name":"Jornal Fatos e Not\u00edcias","url":"https:\/\/jornalfatosenoticias.com.br\/","logo":{"@type":"ImageObject","inLanguage":"pt-BR","@id":"https:\/\/jornalfatosenoticias.com.br\/#\/schema\/logo\/image\/","url":"https:\/\/jornalfatosenoticias.com.br\/wp-content\/uploads\/2020\/02\/logo120.png","contentUrl":"https:\/\/jornalfatosenoticias.com.br\/wp-content\/uploads\/2020\/02\/logo120.png","width":1227,"height":120,"caption":"Jornal Fatos e Not\u00edcias"},"image":{"@id":"https:\/\/jornalfatosenoticias.com.br\/#\/schema\/logo\/image\/"}},{"@type":"Person","@id":"https:\/\/jornalfatosenoticias.com.br\/#\/schema\/person\/d63837fa13ac8666eb9e74e0985d6f81","name":"Luzimara Fernandes","image":{"@type":"ImageObject","inLanguage":"pt-BR","@id":"https:\/\/jornalfatosenoticias.com.br\/#\/schema\/person\/image\/","url":"https:\/\/jornalfatosenoticias.com.br\/wp-content\/uploads\/2025\/05\/EU_portal.jpg","contentUrl":"https:\/\/jornalfatosenoticias.com.br\/wp-content\/uploads\/2025\/05\/EU_portal.jpg","caption":"Luzimara Fernandes"},"description":"Jornalista MTB 2358-ES","sameAs":["https:\/\/jornalfatosenoticias.com.br"],"url":"https:\/\/jornalfatosenoticias.com.br\/index.php\/author\/luzimara\/"}]}},"cc_featured_image_caption":{"caption_text":"(Foto: Fernando Fraz\u00e3o\/Ag\u00eancia Brasil)","source_text":"","source_url":""},"jetpack_featured_media_url":"https:\/\/jornalfatosenoticias.com.br\/wp-content\/uploads\/2024\/02\/yanomami-lula-960x540-1.jpg","_links":{"self":[{"href":"https:\/\/jornalfatosenoticias.com.br\/index.php\/wp-json\/wp\/v2\/posts\/49457","targetHints":{"allow":["GET"]}}],"collection":[{"href":"https:\/\/jornalfatosenoticias.com.br\/index.php\/wp-json\/wp\/v2\/posts"}],"about":[{"href":"https:\/\/jornalfatosenoticias.com.br\/index.php\/wp-json\/wp\/v2\/types\/post"}],"author":[{"embeddable":true,"href":"https:\/\/jornalfatosenoticias.com.br\/index.php\/wp-json\/wp\/v2\/users\/2"}],"replies":[{"embeddable":true,"href":"https:\/\/jornalfatosenoticias.com.br\/index.php\/wp-json\/wp\/v2\/comments?post=49457"}],"version-history":[{"count":0,"href":"https:\/\/jornalfatosenoticias.com.br\/index.php\/wp-json\/wp\/v2\/posts\/49457\/revisions"}],"wp:featuredmedia":[{"embeddable":true,"href":"https:\/\/jornalfatosenoticias.com.br\/index.php\/wp-json\/wp\/v2\/media\/49458"}],"wp:attachment":[{"href":"https:\/\/jornalfatosenoticias.com.br\/index.php\/wp-json\/wp\/v2\/media?parent=49457"}],"wp:term":[{"taxonomy":"category","embeddable":true,"href":"https:\/\/jornalfatosenoticias.com.br\/index.php\/wp-json\/wp\/v2\/categories?post=49457"},{"taxonomy":"post_tag","embeddable":true,"href":"https:\/\/jornalfatosenoticias.com.br\/index.php\/wp-json\/wp\/v2\/tags?post=49457"}],"curies":[{"name":"wp","href":"https:\/\/api.w.org\/{rel}","templated":true}]}}