{"id":49464,"date":"2024-02-27T13:17:26","date_gmt":"2024-02-27T16:17:26","guid":{"rendered":"https:\/\/jornalfatosenoticias.com.br\/?p=49464"},"modified":"2024-02-27T13:17:27","modified_gmt":"2024-02-27T16:17:27","slug":"deputados-denunciam-lula-no-tribunal-penal-internacional-por-fala-sobre-israel","status":"publish","type":"post","link":"https:\/\/jornalfatosenoticias.com.br\/index.php\/2024\/02\/27\/deputados-denunciam-lula-no-tribunal-penal-internacional-por-fala-sobre-israel\/","title":{"rendered":"Deputados denunciam Lula no Tribunal Penal Internacional por fala sobre Israel"},"content":{"rendered":"\n<p><em><span class=\"has-inline-color has-black-color\">Parlamentares afirmam que Lula cometeu crime contra a humanidade por fala que pode \u201cincitar \u00e0 hostilidade, ao \u00f3dio e \u00e0 discrimina\u00e7\u00e3o\u201d<\/span><\/em><\/p>\n\n\n\n<p><span class=\"has-inline-color has-black-color\">Por <strong><a href=\"https:\/\/www.gazetadopovo.com.br\/autor\/guilherme-grandi\/\">Guilherme Grandi<\/a><\/strong><\/span><\/p>\n\n\n\n<div class=\"wp-block-image\"><figure class=\"aligncenter size-large\"><img loading=\"lazy\" decoding=\"async\" width=\"729\" height=\"90\" src=\"https:\/\/jornalfatosenoticias.com.br\/wp-content\/uploads\/2020\/02\/Logo_Mizu.png\" alt=\"\" class=\"wp-image-1441\" srcset=\"https:\/\/jornalfatosenoticias.com.br\/wp-content\/uploads\/2020\/02\/Logo_Mizu.png 729w, https:\/\/jornalfatosenoticias.com.br\/wp-content\/uploads\/2020\/02\/Logo_Mizu-300x37.png 300w\" sizes=\"auto, (max-width: 729px) 100vw, 729px\" \/><\/figure><\/div>\n\n\n\n<p>Um grupo de 68 deputados federais denunciou o presidente Luiz In\u00e1cio Lula da Silva (PT) ao Tribunal Penal Internacional, na \u00faltima sexta (23), por \u201cantissemitismo\u201d pela declara\u00e7\u00e3o que comparou a rea\u00e7\u00e3o de Israel contra o Hamas ao Holocausto nazista.<br>A declara\u00e7\u00e3o de Lula foi dada durante um discurso na reuni\u00e3o de c\u00fapula da Uni\u00e3o Africana e abriu uma crise diplom\u00e1tica entre o Brasil e Israel. O presidente foi declarado \u201cpersona non grata\u201d pelo governo israelense e alvo de cobran\u00e7as di\u00e1rias pela chancelaria do pa\u00eds.<br>O grupo \u00e9 formado por deputados da oposi\u00e7\u00e3o e liderado por Rodolfo Nogueira (PL-MS), que considerou a compara\u00e7\u00e3o feita por Lula como \u201cinadmiss\u00edvel e irrespons\u00e1vel\u201d.<\/p>\n\n\n\n<div class=\"wp-block-image\"><figure class=\"aligncenter size-large\"><img decoding=\"async\" src=\"https:\/\/jornalfatosenoticias.com.br\/wp-content\/uploads\/2020\/02\/logo_esteio.jpg\" alt=\"\" class=\"wp-image-1214\"\/><\/figure><\/div>\n\n\n\n<blockquote class=\"wp-block-quote is-layout-flow wp-block-quote-is-layout-flow\"><p><span class=\"has-inline-color has-luminous-vivid-orange-color\">\u00c9 inadmiss\u00edvel e irrespons\u00e1vel comparar situa\u00e7\u00f5es incompar\u00e1veis, especialmente considerando o direito leg\u00edtimo de Israel de se proteger e se defender. Declara\u00e7\u00f5es como as proferidas por Lula apenas fomentam o discurso de \u00f3dio e o antissemitismo\u201d, disse.<\/span><\/p><\/blockquote>\n\n\n\n<div class=\"wp-block-image\"><figure class=\"aligncenter size-large is-resized\"><img loading=\"lazy\" decoding=\"async\" src=\"https:\/\/jornalfatosenoticias.com.br\/wp-content\/uploads\/2023\/03\/nova-logo-Marquetti.jpg\" alt=\"\" class=\"wp-image-40207\" width=\"298\" height=\"200\" srcset=\"https:\/\/jornalfatosenoticias.com.br\/wp-content\/uploads\/2023\/03\/nova-logo-Marquetti.jpg 643w, https:\/\/jornalfatosenoticias.com.br\/wp-content\/uploads\/2023\/03\/nova-logo-Marquetti-300x202.jpg 300w\" sizes=\"auto, (max-width: 298px) 100vw, 298px\" \/><\/figure><\/div>\n\n\n\n<p>Entre os signat\u00e1rios, est\u00e3o deputados como Caroline de Toni (PL-SC), cotada para assumir a presid\u00eancia da Comiss\u00e3o de Constitui\u00e7\u00e3o e Justi\u00e7a (CCJ) da C\u00e2mara neste ano, Giovani Cherini (PL-RS), primeiro vice-l\u00edder do PL na casa; Carlos Jordy (PL-RJ), l\u00edder da oposi\u00e7\u00e3o, e Bia Kicis (PL-DF), l\u00edder da minoria.<\/p>\n\n\n\n<div class=\"wp-block-image\"><figure class=\"aligncenter size-large is-resized\"><img loading=\"lazy\" decoding=\"async\" src=\"https:\/\/jornalfatosenoticias.com.br\/wp-content\/uploads\/2023\/09\/vetorvix1024_1.jpg\" alt=\"\" class=\"wp-image-44868\" width=\"498\" height=\"132\" srcset=\"https:\/\/jornalfatosenoticias.com.br\/wp-content\/uploads\/2023\/09\/vetorvix1024_1.jpg 1024w, https:\/\/jornalfatosenoticias.com.br\/wp-content\/uploads\/2023\/09\/vetorvix1024_1-300x80.jpg 300w, https:\/\/jornalfatosenoticias.com.br\/wp-content\/uploads\/2023\/09\/vetorvix1024_1-768x205.jpg 768w\" sizes=\"auto, (max-width: 498px) 100vw, 498px\" \/><\/figure><\/div>\n\n\n\n<p>Na justificativa da den\u00fancia, os deputados afirmam que Lula cometeu \u201ccrime contra a humanidade, atingindo o povo judeu\u201d pelas declara\u00e7\u00f5es que \u201cdistorcem a realidade hist\u00f3rica de forma deturbada\u201d e \u201cpromovem uma narrativa que pode incitar \u00e0 hostilidade, ao \u00f3dio e \u00e0 discrimina\u00e7\u00e3o contra um povo e sua leg\u00edtima defesa.<\/p>\n\n\n\n<div class=\"wp-block-image\"><figure class=\"aligncenter size-large is-resized\"><img loading=\"lazy\" decoding=\"async\" src=\"https:\/\/jornalfatosenoticias.com.br\/wp-content\/uploads\/2022\/02\/Precisao-Contabilidade-1024x724.jpg\" alt=\"\" class=\"wp-image-28088\" width=\"315\" height=\"223\"\/><\/figure><\/div>\n\n\n\n<blockquote class=\"wp-block-quote is-layout-flow wp-block-quote-is-layout-flow\"><p><span class=\"has-inline-color has-luminous-vivid-orange-color\">Tal equipara\u00e7\u00e3o \u00e9 um ato de irresponsabilidade e desinforma\u00e7\u00e3o que desconsidera completamente o contexto e a natureza dos eventos em quest\u00e3o. Comparar as opera\u00e7\u00f5es militares de um Estado soberano, em leg\u00edtima defesa contra um grupo terrorista ,reconhecido internacionalmente, aos horrores perpetrados pelo regime nazista \u00e9 um insulto \u00e0 mem\u00f3ria das v\u00edtimas do Holocausto e uma afronta \u00e0 dignidade daqueles que lutam contra o antissemitismo\u201d, afirmam no documento a que a Gazeta do Povo teve acesso.<\/span><\/p><\/blockquote>\n\n\n\n<div class=\"wp-block-image\"><figure class=\"aligncenter size-large is-resized\"><img loading=\"lazy\" decoding=\"async\" src=\"https:\/\/jornalfatosenoticias.com.br\/wp-content\/uploads\/2023\/08\/BKR-1024x1021.jpg\" alt=\"\" class=\"wp-image-44494\" width=\"314\" height=\"313\" srcset=\"https:\/\/jornalfatosenoticias.com.br\/wp-content\/uploads\/2023\/08\/BKR-1024x1021.jpg 1024w, https:\/\/jornalfatosenoticias.com.br\/wp-content\/uploads\/2023\/08\/BKR-300x300.jpg 300w, https:\/\/jornalfatosenoticias.com.br\/wp-content\/uploads\/2023\/08\/BKR-150x150.jpg 150w, https:\/\/jornalfatosenoticias.com.br\/wp-content\/uploads\/2023\/08\/BKR-768x766.jpg 768w, https:\/\/jornalfatosenoticias.com.br\/wp-content\/uploads\/2023\/08\/BKR.jpg 1080w\" sizes=\"auto, (max-width: 314px) 100vw, 314px\" \/><\/figure><\/div>\n\n\n\n<p>Os deputados afirmam que as declara\u00e7\u00f5es do presidente tentam, ainda, \u201cdeslegitimar as medidas defensivas de Israel perante a comunidade internacional\u201d, minando \u201cos esfor\u00e7os para garantir a seguran\u00e7a e a prote\u00e7\u00e3o de sua popula\u00e7\u00e3o civil\u201d. Os parlamentares v\u00e3o al\u00e9m e pontuam que Lula discorda da leg\u00edtima exist\u00eancia do Estado de Israel, o que, afirmam, se configura como uma persegui\u00e7\u00e3o \u201cpor raz\u00f5es de nacionalidade ao povo judeu\u201d, endossando grupos terroristas.<\/p>\n\n\n\n<div class=\"wp-block-image\"><figure class=\"aligncenter size-large is-resized\"><img loading=\"lazy\" decoding=\"async\" src=\"https:\/\/jornalfatosenoticias.com.br\/wp-content\/uploads\/2023\/03\/logo-Panper_portal.jpg\" alt=\"\" class=\"wp-image-40208\" width=\"334\" height=\"231\" srcset=\"https:\/\/jornalfatosenoticias.com.br\/wp-content\/uploads\/2023\/03\/logo-Panper_portal.jpg 400w, https:\/\/jornalfatosenoticias.com.br\/wp-content\/uploads\/2023\/03\/logo-Panper_portal-300x208.jpg 300w\" sizes=\"auto, (max-width: 334px) 100vw, 334px\" \/><\/figure><\/div>\n\n\n\n<blockquote class=\"wp-block-quote is-layout-flow wp-block-quote-is-layout-flow\"><p><span class=\"has-inline-color has-luminous-vivid-orange-color\">As declara\u00e7\u00f5es de Luiz In\u00e1cio Lula da Silva n\u00e3o s\u00f3 desrespeitam a mem\u00f3ria das v\u00edtimas do Holocausto e a soberania de Israel, mas tamb\u00e9m se enquadram na defini\u00e7\u00e3o de crime contra a humanidade, conforme delineado pelo Estatuto de Roma\u201d, completam.<\/span><\/p><\/blockquote>\n\n\n\n<div class=\"wp-block-image\"><figure class=\"aligncenter size-large is-resized\"><img loading=\"lazy\" decoding=\"async\" src=\"https:\/\/jornalfatosenoticias.com.br\/wp-content\/uploads\/2023\/12\/pegoretti-logo-pdf-1024x389.jpg\" alt=\"\" class=\"wp-image-47536\" width=\"490\" height=\"186\" srcset=\"https:\/\/jornalfatosenoticias.com.br\/wp-content\/uploads\/2023\/12\/pegoretti-logo-pdf-1024x389.jpg 1024w, https:\/\/jornalfatosenoticias.com.br\/wp-content\/uploads\/2023\/12\/pegoretti-logo-pdf-300x114.jpg 300w, https:\/\/jornalfatosenoticias.com.br\/wp-content\/uploads\/2023\/12\/pegoretti-logo-pdf-768x291.jpg 768w, https:\/\/jornalfatosenoticias.com.br\/wp-content\/uploads\/2023\/12\/pegoretti-logo-pdf.jpg 1120w\" sizes=\"auto, (max-width: 490px) 100vw, 490px\" \/><\/figure><\/div>\n\n\n\n<p><strong><em>Fonte: Gazeta do Povo<\/em><\/strong><\/p>\n","protected":false},"excerpt":{"rendered":"<p>Parlamentares afirmam que Lula cometeu crime contra a humanidade por fala que pode \u201cincitar \u00e0 hostilidade, ao \u00f3dio e \u00e0 discrimina\u00e7\u00e3o\u201d Por Guilherme Grandi Um grupo de 68 deputados federais denunciou o presidente Luiz In\u00e1cio Lula da Silva (PT) ao Tribunal Penal Internacional, na \u00faltima sexta (23), por \u201cantissemitismo\u201d pela declara\u00e7\u00e3o que comparou a rea\u00e7\u00e3o [&hellip;]<\/p>\n","protected":false},"author":2,"featured_media":49465,"comment_status":"open","ping_status":"open","sticky":false,"template":"","format":"standard","meta":{"footnotes":""},"categories":[5],"tags":[4491,21582,2140,162,2153,7580],"class_list":["post-49464","post","type-post","status-publish","format-standard","has-post-thumbnail","hentry","category-geral","tag-guerra","tag-hamas","tag-impeachment","tag-israel","tag-judeus","tag-lula"],"yoast_head":"<!-- This site is optimized with the Yoast SEO plugin v26.5 - https:\/\/yoast.com\/wordpress\/plugins\/seo\/ -->\n<title>Deputados denunciam Lula no Tribunal Penal Internacional por fala sobre Israel - Jornal Fatos e Not\u00edcias<\/title>\n<meta name=\"robots\" content=\"index, follow, max-snippet:-1, max-image-preview:large, max-video-preview:-1\" \/>\n<link rel=\"canonical\" href=\"https:\/\/jornalfatosenoticias.com.br\/index.php\/2024\/02\/27\/deputados-denunciam-lula-no-tribunal-penal-internacional-por-fala-sobre-israel\/\" \/>\n<meta property=\"og:locale\" content=\"pt_BR\" \/>\n<meta property=\"og:type\" content=\"article\" \/>\n<meta property=\"og:title\" content=\"Deputados denunciam Lula no Tribunal Penal Internacional por fala sobre Israel - Jornal Fatos e Not\u00edcias\" \/>\n<meta property=\"og:description\" content=\"Parlamentares afirmam que Lula cometeu crime contra a humanidade por fala que pode \u201cincitar \u00e0 hostilidade, ao \u00f3dio e \u00e0 discrimina\u00e7\u00e3o\u201d Por Guilherme Grandi Um grupo de 68 deputados federais denunciou o presidente Luiz In\u00e1cio Lula da Silva (PT) ao Tribunal Penal Internacional, na \u00faltima sexta (23), por \u201cantissemitismo\u201d pela declara\u00e7\u00e3o que comparou a rea\u00e7\u00e3o [&hellip;]\" \/>\n<meta property=\"og:url\" content=\"https:\/\/jornalfatosenoticias.com.br\/index.php\/2024\/02\/27\/deputados-denunciam-lula-no-tribunal-penal-internacional-por-fala-sobre-israel\/\" \/>\n<meta property=\"og:site_name\" content=\"Jornal Fatos e Not\u00edcias\" \/>\n<meta property=\"article:published_time\" content=\"2024-02-27T16:17:26+00:00\" \/>\n<meta property=\"article:modified_time\" content=\"2024-02-27T16:17:27+00:00\" \/>\n<meta property=\"og:image\" content=\"https:\/\/jornalfatosenoticias.com.br\/wp-content\/uploads\/2024\/02\/lula-reproducao-canal-gov.jpg\" \/>\n\t<meta property=\"og:image:width\" content=\"960\" \/>\n\t<meta property=\"og:image:height\" content=\"540\" \/>\n\t<meta property=\"og:image:type\" content=\"image\/jpeg\" \/>\n<meta name=\"author\" content=\"Luzimara Fernandes\" \/>\n<meta name=\"twitter:card\" content=\"summary_large_image\" \/>\n<meta name=\"twitter:label1\" content=\"Escrito por\" \/>\n\t<meta name=\"twitter:data1\" content=\"Luzimara Fernandes\" \/>\n\t<meta name=\"twitter:label2\" content=\"Est. tempo de leitura\" \/>\n\t<meta name=\"twitter:data2\" content=\"3 minutos\" \/>\n<script type=\"application\/ld+json\" class=\"yoast-schema-graph\">{\"@context\":\"https:\/\/schema.org\",\"@graph\":[{\"@type\":\"Article\",\"@id\":\"https:\/\/jornalfatosenoticias.com.br\/index.php\/2024\/02\/27\/deputados-denunciam-lula-no-tribunal-penal-internacional-por-fala-sobre-israel\/#article\",\"isPartOf\":{\"@id\":\"https:\/\/jornalfatosenoticias.com.br\/index.php\/2024\/02\/27\/deputados-denunciam-lula-no-tribunal-penal-internacional-por-fala-sobre-israel\/\"},\"author\":{\"name\":\"Luzimara Fernandes\",\"@id\":\"https:\/\/jornalfatosenoticias.com.br\/#\/schema\/person\/d63837fa13ac8666eb9e74e0985d6f81\"},\"headline\":\"Deputados denunciam Lula no Tribunal Penal Internacional por fala sobre Israel\",\"datePublished\":\"2024-02-27T16:17:26+00:00\",\"dateModified\":\"2024-02-27T16:17:27+00:00\",\"mainEntityOfPage\":{\"@id\":\"https:\/\/jornalfatosenoticias.com.br\/index.php\/2024\/02\/27\/deputados-denunciam-lula-no-tribunal-penal-internacional-por-fala-sobre-israel\/\"},\"wordCount\":515,\"commentCount\":0,\"publisher\":{\"@id\":\"https:\/\/jornalfatosenoticias.com.br\/#organization\"},\"image\":{\"@id\":\"https:\/\/jornalfatosenoticias.com.br\/index.php\/2024\/02\/27\/deputados-denunciam-lula-no-tribunal-penal-internacional-por-fala-sobre-israel\/#primaryimage\"},\"thumbnailUrl\":\"https:\/\/jornalfatosenoticias.com.br\/wp-content\/uploads\/2024\/02\/lula-reproducao-canal-gov.jpg\",\"keywords\":[\"guerra\",\"Hamas\",\"impeachment\",\"Israel\",\"judeus\",\"Lula\"],\"articleSection\":[\"Geral\"],\"inLanguage\":\"pt-BR\",\"potentialAction\":[{\"@type\":\"CommentAction\",\"name\":\"Comment\",\"target\":[\"https:\/\/jornalfatosenoticias.com.br\/index.php\/2024\/02\/27\/deputados-denunciam-lula-no-tribunal-penal-internacional-por-fala-sobre-israel\/#respond\"]}]},{\"@type\":\"WebPage\",\"@id\":\"https:\/\/jornalfatosenoticias.com.br\/index.php\/2024\/02\/27\/deputados-denunciam-lula-no-tribunal-penal-internacional-por-fala-sobre-israel\/\",\"url\":\"https:\/\/jornalfatosenoticias.com.br\/index.php\/2024\/02\/27\/deputados-denunciam-lula-no-tribunal-penal-internacional-por-fala-sobre-israel\/\",\"name\":\"Deputados denunciam Lula no Tribunal Penal Internacional por fala sobre Israel - Jornal Fatos e Not\u00edcias\",\"isPartOf\":{\"@id\":\"https:\/\/jornalfatosenoticias.com.br\/#website\"},\"primaryImageOfPage\":{\"@id\":\"https:\/\/jornalfatosenoticias.com.br\/index.php\/2024\/02\/27\/deputados-denunciam-lula-no-tribunal-penal-internacional-por-fala-sobre-israel\/#primaryimage\"},\"image\":{\"@id\":\"https:\/\/jornalfatosenoticias.com.br\/index.php\/2024\/02\/27\/deputados-denunciam-lula-no-tribunal-penal-internacional-por-fala-sobre-israel\/#primaryimage\"},\"thumbnailUrl\":\"https:\/\/jornalfatosenoticias.com.br\/wp-content\/uploads\/2024\/02\/lula-reproducao-canal-gov.jpg\",\"datePublished\":\"2024-02-27T16:17:26+00:00\",\"dateModified\":\"2024-02-27T16:17:27+00:00\",\"breadcrumb\":{\"@id\":\"https:\/\/jornalfatosenoticias.com.br\/index.php\/2024\/02\/27\/deputados-denunciam-lula-no-tribunal-penal-internacional-por-fala-sobre-israel\/#breadcrumb\"},\"inLanguage\":\"pt-BR\",\"potentialAction\":[{\"@type\":\"ReadAction\",\"target\":[\"https:\/\/jornalfatosenoticias.com.br\/index.php\/2024\/02\/27\/deputados-denunciam-lula-no-tribunal-penal-internacional-por-fala-sobre-israel\/\"]}]},{\"@type\":\"ImageObject\",\"inLanguage\":\"pt-BR\",\"@id\":\"https:\/\/jornalfatosenoticias.com.br\/index.php\/2024\/02\/27\/deputados-denunciam-lula-no-tribunal-penal-internacional-por-fala-sobre-israel\/#primaryimage\",\"url\":\"https:\/\/jornalfatosenoticias.com.br\/wp-content\/uploads\/2024\/02\/lula-reproducao-canal-gov.jpg\",\"contentUrl\":\"https:\/\/jornalfatosenoticias.com.br\/wp-content\/uploads\/2024\/02\/lula-reproducao-canal-gov.jpg\",\"width\":960,\"height\":540},{\"@type\":\"BreadcrumbList\",\"@id\":\"https:\/\/jornalfatosenoticias.com.br\/index.php\/2024\/02\/27\/deputados-denunciam-lula-no-tribunal-penal-internacional-por-fala-sobre-israel\/#breadcrumb\",\"itemListElement\":[{\"@type\":\"ListItem\",\"position\":1,\"name\":\"In\u00edcio\",\"item\":\"https:\/\/jornalfatosenoticias.com.br\/\"},{\"@type\":\"ListItem\",\"position\":2,\"name\":\"Deputados denunciam Lula no Tribunal Penal Internacional por fala sobre Israel\"}]},{\"@type\":\"WebSite\",\"@id\":\"https:\/\/jornalfatosenoticias.com.br\/#website\",\"url\":\"https:\/\/jornalfatosenoticias.com.br\/\",\"name\":\"Jornal Fatos e Not\u00edcias\",\"description\":\"Not\u00edcias em geral\",\"publisher\":{\"@id\":\"https:\/\/jornalfatosenoticias.com.br\/#organization\"},\"potentialAction\":[{\"@type\":\"SearchAction\",\"target\":{\"@type\":\"EntryPoint\",\"urlTemplate\":\"https:\/\/jornalfatosenoticias.com.br\/?s={search_term_string}\"},\"query-input\":{\"@type\":\"PropertyValueSpecification\",\"valueRequired\":true,\"valueName\":\"search_term_string\"}}],\"inLanguage\":\"pt-BR\"},{\"@type\":\"Organization\",\"@id\":\"https:\/\/jornalfatosenoticias.com.br\/#organization\",\"name\":\"Jornal Fatos e Not\u00edcias\",\"url\":\"https:\/\/jornalfatosenoticias.com.br\/\",\"logo\":{\"@type\":\"ImageObject\",\"inLanguage\":\"pt-BR\",\"@id\":\"https:\/\/jornalfatosenoticias.com.br\/#\/schema\/logo\/image\/\",\"url\":\"https:\/\/jornalfatosenoticias.com.br\/wp-content\/uploads\/2020\/02\/logo120.png\",\"contentUrl\":\"https:\/\/jornalfatosenoticias.com.br\/wp-content\/uploads\/2020\/02\/logo120.png\",\"width\":1227,\"height\":120,\"caption\":\"Jornal Fatos e Not\u00edcias\"},\"image\":{\"@id\":\"https:\/\/jornalfatosenoticias.com.br\/#\/schema\/logo\/image\/\"}},{\"@type\":\"Person\",\"@id\":\"https:\/\/jornalfatosenoticias.com.br\/#\/schema\/person\/d63837fa13ac8666eb9e74e0985d6f81\",\"name\":\"Luzimara Fernandes\",\"image\":{\"@type\":\"ImageObject\",\"inLanguage\":\"pt-BR\",\"@id\":\"https:\/\/jornalfatosenoticias.com.br\/#\/schema\/person\/image\/\",\"url\":\"https:\/\/jornalfatosenoticias.com.br\/wp-content\/uploads\/2025\/05\/EU_portal.jpg\",\"contentUrl\":\"https:\/\/jornalfatosenoticias.com.br\/wp-content\/uploads\/2025\/05\/EU_portal.jpg\",\"caption\":\"Luzimara Fernandes\"},\"description\":\"Jornalista MTB 2358-ES\",\"sameAs\":[\"https:\/\/jornalfatosenoticias.com.br\"],\"url\":\"https:\/\/jornalfatosenoticias.com.br\/index.php\/author\/luzimara\/\"}]}<\/script>\n<!-- \/ Yoast SEO plugin. -->","yoast_head_json":{"title":"Deputados denunciam Lula no Tribunal Penal Internacional por fala sobre Israel - Jornal Fatos e Not\u00edcias","robots":{"index":"index","follow":"follow","max-snippet":"max-snippet:-1","max-image-preview":"max-image-preview:large","max-video-preview":"max-video-preview:-1"},"canonical":"https:\/\/jornalfatosenoticias.com.br\/index.php\/2024\/02\/27\/deputados-denunciam-lula-no-tribunal-penal-internacional-por-fala-sobre-israel\/","og_locale":"pt_BR","og_type":"article","og_title":"Deputados denunciam Lula no Tribunal Penal Internacional por fala sobre Israel - Jornal Fatos e Not\u00edcias","og_description":"Parlamentares afirmam que Lula cometeu crime contra a humanidade por fala que pode \u201cincitar \u00e0 hostilidade, ao \u00f3dio e \u00e0 discrimina\u00e7\u00e3o\u201d Por Guilherme Grandi Um grupo de 68 deputados federais denunciou o presidente Luiz In\u00e1cio Lula da Silva (PT) ao Tribunal Penal Internacional, na \u00faltima sexta (23), por \u201cantissemitismo\u201d pela declara\u00e7\u00e3o que comparou a rea\u00e7\u00e3o [&hellip;]","og_url":"https:\/\/jornalfatosenoticias.com.br\/index.php\/2024\/02\/27\/deputados-denunciam-lula-no-tribunal-penal-internacional-por-fala-sobre-israel\/","og_site_name":"Jornal Fatos e Not\u00edcias","article_published_time":"2024-02-27T16:17:26+00:00","article_modified_time":"2024-02-27T16:17:27+00:00","og_image":[{"width":960,"height":540,"url":"https:\/\/jornalfatosenoticias.com.br\/wp-content\/uploads\/2024\/02\/lula-reproducao-canal-gov.jpg","type":"image\/jpeg"}],"author":"Luzimara Fernandes","twitter_card":"summary_large_image","twitter_misc":{"Escrito por":"Luzimara Fernandes","Est. tempo de leitura":"3 minutos"},"schema":{"@context":"https:\/\/schema.org","@graph":[{"@type":"Article","@id":"https:\/\/jornalfatosenoticias.com.br\/index.php\/2024\/02\/27\/deputados-denunciam-lula-no-tribunal-penal-internacional-por-fala-sobre-israel\/#article","isPartOf":{"@id":"https:\/\/jornalfatosenoticias.com.br\/index.php\/2024\/02\/27\/deputados-denunciam-lula-no-tribunal-penal-internacional-por-fala-sobre-israel\/"},"author":{"name":"Luzimara Fernandes","@id":"https:\/\/jornalfatosenoticias.com.br\/#\/schema\/person\/d63837fa13ac8666eb9e74e0985d6f81"},"headline":"Deputados denunciam Lula no Tribunal Penal Internacional por fala sobre Israel","datePublished":"2024-02-27T16:17:26+00:00","dateModified":"2024-02-27T16:17:27+00:00","mainEntityOfPage":{"@id":"https:\/\/jornalfatosenoticias.com.br\/index.php\/2024\/02\/27\/deputados-denunciam-lula-no-tribunal-penal-internacional-por-fala-sobre-israel\/"},"wordCount":515,"commentCount":0,"publisher":{"@id":"https:\/\/jornalfatosenoticias.com.br\/#organization"},"image":{"@id":"https:\/\/jornalfatosenoticias.com.br\/index.php\/2024\/02\/27\/deputados-denunciam-lula-no-tribunal-penal-internacional-por-fala-sobre-israel\/#primaryimage"},"thumbnailUrl":"https:\/\/jornalfatosenoticias.com.br\/wp-content\/uploads\/2024\/02\/lula-reproducao-canal-gov.jpg","keywords":["guerra","Hamas","impeachment","Israel","judeus","Lula"],"articleSection":["Geral"],"inLanguage":"pt-BR","potentialAction":[{"@type":"CommentAction","name":"Comment","target":["https:\/\/jornalfatosenoticias.com.br\/index.php\/2024\/02\/27\/deputados-denunciam-lula-no-tribunal-penal-internacional-por-fala-sobre-israel\/#respond"]}]},{"@type":"WebPage","@id":"https:\/\/jornalfatosenoticias.com.br\/index.php\/2024\/02\/27\/deputados-denunciam-lula-no-tribunal-penal-internacional-por-fala-sobre-israel\/","url":"https:\/\/jornalfatosenoticias.com.br\/index.php\/2024\/02\/27\/deputados-denunciam-lula-no-tribunal-penal-internacional-por-fala-sobre-israel\/","name":"Deputados denunciam Lula no Tribunal Penal Internacional por fala sobre Israel - Jornal Fatos e Not\u00edcias","isPartOf":{"@id":"https:\/\/jornalfatosenoticias.com.br\/#website"},"primaryImageOfPage":{"@id":"https:\/\/jornalfatosenoticias.com.br\/index.php\/2024\/02\/27\/deputados-denunciam-lula-no-tribunal-penal-internacional-por-fala-sobre-israel\/#primaryimage"},"image":{"@id":"https:\/\/jornalfatosenoticias.com.br\/index.php\/2024\/02\/27\/deputados-denunciam-lula-no-tribunal-penal-internacional-por-fala-sobre-israel\/#primaryimage"},"thumbnailUrl":"https:\/\/jornalfatosenoticias.com.br\/wp-content\/uploads\/2024\/02\/lula-reproducao-canal-gov.jpg","datePublished":"2024-02-27T16:17:26+00:00","dateModified":"2024-02-27T16:17:27+00:00","breadcrumb":{"@id":"https:\/\/jornalfatosenoticias.com.br\/index.php\/2024\/02\/27\/deputados-denunciam-lula-no-tribunal-penal-internacional-por-fala-sobre-israel\/#breadcrumb"},"inLanguage":"pt-BR","potentialAction":[{"@type":"ReadAction","target":["https:\/\/jornalfatosenoticias.com.br\/index.php\/2024\/02\/27\/deputados-denunciam-lula-no-tribunal-penal-internacional-por-fala-sobre-israel\/"]}]},{"@type":"ImageObject","inLanguage":"pt-BR","@id":"https:\/\/jornalfatosenoticias.com.br\/index.php\/2024\/02\/27\/deputados-denunciam-lula-no-tribunal-penal-internacional-por-fala-sobre-israel\/#primaryimage","url":"https:\/\/jornalfatosenoticias.com.br\/wp-content\/uploads\/2024\/02\/lula-reproducao-canal-gov.jpg","contentUrl":"https:\/\/jornalfatosenoticias.com.br\/wp-content\/uploads\/2024\/02\/lula-reproducao-canal-gov.jpg","width":960,"height":540},{"@type":"BreadcrumbList","@id":"https:\/\/jornalfatosenoticias.com.br\/index.php\/2024\/02\/27\/deputados-denunciam-lula-no-tribunal-penal-internacional-por-fala-sobre-israel\/#breadcrumb","itemListElement":[{"@type":"ListItem","position":1,"name":"In\u00edcio","item":"https:\/\/jornalfatosenoticias.com.br\/"},{"@type":"ListItem","position":2,"name":"Deputados denunciam Lula no Tribunal Penal Internacional por fala sobre Israel"}]},{"@type":"WebSite","@id":"https:\/\/jornalfatosenoticias.com.br\/#website","url":"https:\/\/jornalfatosenoticias.com.br\/","name":"Jornal Fatos e Not\u00edcias","description":"Not\u00edcias em geral","publisher":{"@id":"https:\/\/jornalfatosenoticias.com.br\/#organization"},"potentialAction":[{"@type":"SearchAction","target":{"@type":"EntryPoint","urlTemplate":"https:\/\/jornalfatosenoticias.com.br\/?s={search_term_string}"},"query-input":{"@type":"PropertyValueSpecification","valueRequired":true,"valueName":"search_term_string"}}],"inLanguage":"pt-BR"},{"@type":"Organization","@id":"https:\/\/jornalfatosenoticias.com.br\/#organization","name":"Jornal Fatos e Not\u00edcias","url":"https:\/\/jornalfatosenoticias.com.br\/","logo":{"@type":"ImageObject","inLanguage":"pt-BR","@id":"https:\/\/jornalfatosenoticias.com.br\/#\/schema\/logo\/image\/","url":"https:\/\/jornalfatosenoticias.com.br\/wp-content\/uploads\/2020\/02\/logo120.png","contentUrl":"https:\/\/jornalfatosenoticias.com.br\/wp-content\/uploads\/2020\/02\/logo120.png","width":1227,"height":120,"caption":"Jornal Fatos e Not\u00edcias"},"image":{"@id":"https:\/\/jornalfatosenoticias.com.br\/#\/schema\/logo\/image\/"}},{"@type":"Person","@id":"https:\/\/jornalfatosenoticias.com.br\/#\/schema\/person\/d63837fa13ac8666eb9e74e0985d6f81","name":"Luzimara Fernandes","image":{"@type":"ImageObject","inLanguage":"pt-BR","@id":"https:\/\/jornalfatosenoticias.com.br\/#\/schema\/person\/image\/","url":"https:\/\/jornalfatosenoticias.com.br\/wp-content\/uploads\/2025\/05\/EU_portal.jpg","contentUrl":"https:\/\/jornalfatosenoticias.com.br\/wp-content\/uploads\/2025\/05\/EU_portal.jpg","caption":"Luzimara Fernandes"},"description":"Jornalista MTB 2358-ES","sameAs":["https:\/\/jornalfatosenoticias.com.br"],"url":"https:\/\/jornalfatosenoticias.com.br\/index.php\/author\/luzimara\/"}]}},"cc_featured_image_caption":{"caption_text":"(Foto: Reprodu\u00e7\u00e3o\/Canal Gov)","source_text":"","source_url":""},"jetpack_featured_media_url":"https:\/\/jornalfatosenoticias.com.br\/wp-content\/uploads\/2024\/02\/lula-reproducao-canal-gov.jpg","_links":{"self":[{"href":"https:\/\/jornalfatosenoticias.com.br\/index.php\/wp-json\/wp\/v2\/posts\/49464","targetHints":{"allow":["GET"]}}],"collection":[{"href":"https:\/\/jornalfatosenoticias.com.br\/index.php\/wp-json\/wp\/v2\/posts"}],"about":[{"href":"https:\/\/jornalfatosenoticias.com.br\/index.php\/wp-json\/wp\/v2\/types\/post"}],"author":[{"embeddable":true,"href":"https:\/\/jornalfatosenoticias.com.br\/index.php\/wp-json\/wp\/v2\/users\/2"}],"replies":[{"embeddable":true,"href":"https:\/\/jornalfatosenoticias.com.br\/index.php\/wp-json\/wp\/v2\/comments?post=49464"}],"version-history":[{"count":0,"href":"https:\/\/jornalfatosenoticias.com.br\/index.php\/wp-json\/wp\/v2\/posts\/49464\/revisions"}],"wp:featuredmedia":[{"embeddable":true,"href":"https:\/\/jornalfatosenoticias.com.br\/index.php\/wp-json\/wp\/v2\/media\/49465"}],"wp:attachment":[{"href":"https:\/\/jornalfatosenoticias.com.br\/index.php\/wp-json\/wp\/v2\/media?parent=49464"}],"wp:term":[{"taxonomy":"category","embeddable":true,"href":"https:\/\/jornalfatosenoticias.com.br\/index.php\/wp-json\/wp\/v2\/categories?post=49464"},{"taxonomy":"post_tag","embeddable":true,"href":"https:\/\/jornalfatosenoticias.com.br\/index.php\/wp-json\/wp\/v2\/tags?post=49464"}],"curies":[{"name":"wp","href":"https:\/\/api.w.org\/{rel}","templated":true}]}}