{"id":49467,"date":"2024-02-27T13:43:32","date_gmt":"2024-02-27T16:43:32","guid":{"rendered":"https:\/\/jornalfatosenoticias.com.br\/?p=49467"},"modified":"2024-02-27T13:43:32","modified_gmt":"2024-02-27T16:43:32","slug":"tse-quer-aplicar-nas-eleicoes-de-2024-regras-ainda-nao-aprovadas-do-pl-da-censura","status":"publish","type":"post","link":"https:\/\/jornalfatosenoticias.com.br\/index.php\/2024\/02\/27\/tse-quer-aplicar-nas-eleicoes-de-2024-regras-ainda-nao-aprovadas-do-pl-da-censura\/","title":{"rendered":"TSE quer aplicar nas elei\u00e7\u00f5es de 2024 regras ainda n\u00e3o aprovadas do \u201cPL da Censura\u201d"},"content":{"rendered":"\n<p><span class=\"has-inline-color has-black-color\"><em>O presidente do TSE, Alexandre de Moraes, e a ministra C\u00e1rmen L\u00facia, relatora das resolu\u00e7\u00f5es que reger\u00e3o as elei\u00e7\u00f5es de 2024, que podem prever regras ainda n\u00e3o aprovadas do \u201cPL da Censura\u201d<\/em><\/span><\/p>\n\n\n\n<p><span class=\"has-inline-color has-black-color\">Por <strong><a href=\"https:\/\/www.gazetadopovo.com.br\/autor\/renan-ramalho\/\" rel=\"sponsored nofollow\">Renan Ramalho<\/a><\/strong><\/span><\/p>\n\n\n\n<div class=\"wp-block-image\"><figure class=\"aligncenter size-large\"><img loading=\"lazy\" decoding=\"async\" width=\"729\" height=\"90\" src=\"https:\/\/jornalfatosenoticias.com.br\/wp-content\/uploads\/2020\/02\/Logo_Mizu.png\" alt=\"\" class=\"wp-image-1441\" srcset=\"https:\/\/jornalfatosenoticias.com.br\/wp-content\/uploads\/2020\/02\/Logo_Mizu.png 729w, https:\/\/jornalfatosenoticias.com.br\/wp-content\/uploads\/2020\/02\/Logo_Mizu-300x37.png 300w\" sizes=\"auto, (max-width: 729px) 100vw, 729px\" \/><\/figure><\/div>\n\n\n\n<p>O Tribunal Superior Eleitoral (TSE) est\u00e1 prestes a aprovar uma resolu\u00e7\u00e3o para as elei\u00e7\u00f5es municipais de 2024 que antecipa preceitos propostos no &#8220;PL das Fake News&#8221;, tamb\u00e9m chamado de &#8220;PL da Censura&#8221;, ainda n\u00e3o aprovados pelo Congresso.<br>Na noite desta ter\u00e7a-feira (27), os ministros da Corte Eleitoral iniciar\u00e3o a an\u00e1lise das resolu\u00e7\u00f5es que v\u00e3o guiar as Elei\u00e7\u00f5es 2024. Entre elas h\u00e1 uma minuta de resolu\u00e7\u00e3o sobre a propaganda eleitoral que busca obrigar as redes sociais a fiscalizar de forma mais rigorosa e proativa o que \u00e9 postado por usu\u00e1rios, de modo a suprimir conte\u00fados que, no entender dos ministros, atinjam a \u201cintegridade do processo eleitoral\u201d \u2014 algo semelhante ao que est\u00e1 previsto no projeto de lei 2630\/2020 (&#8220;PL da Censura&#8221;).<br>A minuta da resolu\u00e7\u00e3o, que prop\u00f5e regras de propaganda a serem seguidas pelas campanhas nas elei\u00e7\u00f5es municipais deste ano, diz, por exemplo, que \u00e9 de responsabilidade das plataformas de internet &#8220;a ado\u00e7\u00e3o e publiciza\u00e7\u00e3o de medidas para impedir ou diminuir a circula\u00e7\u00e3o de conte\u00fado il\u00edcito que atinja a integridade do processo eleitoral, incluindo a garantia de mecanismos eficazes de notifica\u00e7\u00e3o, acesso a canal de den\u00fancias e a\u00e7\u00f5es corretivas e preventivas\u201d.<\/p>\n\n\n\n<div class=\"wp-block-image\"><figure class=\"aligncenter size-large is-resized\"><img loading=\"lazy\" decoding=\"async\" src=\"https:\/\/jornalfatosenoticias.com.br\/wp-content\/uploads\/2024\/01\/consultoria-ambiental.jpg\" alt=\"\" class=\"wp-image-48314\" width=\"310\" height=\"280\" srcset=\"https:\/\/jornalfatosenoticias.com.br\/wp-content\/uploads\/2024\/01\/consultoria-ambiental.jpg 832w, https:\/\/jornalfatosenoticias.com.br\/wp-content\/uploads\/2024\/01\/consultoria-ambiental-300x272.jpg 300w, https:\/\/jornalfatosenoticias.com.br\/wp-content\/uploads\/2024\/01\/consultoria-ambiental-768x696.jpg 768w\" sizes=\"auto, (max-width: 310px) 100vw, 310px\" \/><\/figure><\/div>\n\n\n\n<p>O TSE ainda quer proibir que as plataformas vendam \u201cqualquer modalidade de impulsionamento de conte\u00fado que veicule fato sabidamente inver\u00eddico ou gravemente descontextualizado que atinja a integridade eleitoral\u201d. E mais: a classifica\u00e7\u00e3o de falsidade sobre conte\u00fados por ag\u00eancias de checagem poder\u00e1 servir de par\u00e2metro para aferir o \u201cdever de cuidado\u201d sobre o que \u00e9 postado nas redes sociais. Trata-se de um princ\u00edpio previsto no &#8220;PL da Censura&#8221; que exige aten\u00e7\u00e3o das plataformas sobre conte\u00fado il\u00edcito publicado por usu\u00e1rios.<\/p>\n\n\n\n<div class=\"wp-block-image\"><figure class=\"aligncenter size-large\"><img decoding=\"async\" src=\"https:\/\/jornalfatosenoticias.com.br\/wp-content\/uploads\/2020\/02\/barao-das-carnes-300x164-1.jpg\" alt=\"\" class=\"wp-image-34339\"\/><\/figure><\/div>\n\n\n\n<p>O projeto de lei 2630\/2020, que ainda tramita sem consenso na C\u00e2mara dos Deputados, prev\u00ea a responsabiliza\u00e7\u00e3o das plataformas por danos gerados por usu\u00e1rios em conte\u00fados cuja distribui\u00e7\u00e3o seja paga. As empresas tamb\u00e9m poderiam ser responsabilizadas quando houver descumprimento das obriga\u00e7\u00f5es do dever de cuidado, em caso de \u201crisco iminente de danos \u00e0 dimens\u00e3o coletiva de direitos fundamentais\u201d ou quando for avaliado \u201crisco sist\u00eamico\u201d.<\/p>\n\n\n\n<div class=\"wp-block-image\"><figure class=\"aligncenter size-large is-resized\"><img loading=\"lazy\" decoding=\"async\" src=\"https:\/\/jornalfatosenoticias.com.br\/wp-content\/uploads\/2023\/08\/ITH.jpeg\" alt=\"\" class=\"wp-image-44638\" width=\"337\" height=\"274\" srcset=\"https:\/\/jornalfatosenoticias.com.br\/wp-content\/uploads\/2023\/08\/ITH.jpeg 800w, https:\/\/jornalfatosenoticias.com.br\/wp-content\/uploads\/2023\/08\/ITH-300x244.jpeg 300w, https:\/\/jornalfatosenoticias.com.br\/wp-content\/uploads\/2023\/08\/ITH-768x624.jpeg 768w\" sizes=\"auto, (max-width: 337px) 100vw, 337px\" \/><\/figure><\/div>\n\n\n\n<p>Tratam-se de situa\u00e7\u00f5es em que h\u00e1 descontrole sobre a dissemina\u00e7\u00e3o de conte\u00fados que possam configurar crimes contra o Estado Democr\u00e1tico de Direito \u2014 o exemplo mais citado s\u00e3o as postagens que convocaram manifestantes para a invas\u00e3o das sedes dos Poderes, em 8 de janeiro de 2023; atos de terrorismo ou preparat\u00f3rios; induzimento a suic\u00eddio; incita\u00e7\u00e3o \u00e0 pr\u00e1tica de crimes contra crian\u00e7as; racismo; viol\u00eancia contra a mulher; e infra\u00e7\u00e3o sanit\u00e1ria.<\/p>\n\n\n\n<div class=\"wp-block-image\"><figure class=\"aligncenter size-large is-resized\"><img loading=\"lazy\" decoding=\"async\" src=\"https:\/\/jornalfatosenoticias.com.br\/wp-content\/uploads\/2020\/02\/logo-Rapuzel-1024x571.jpg\" alt=\"\" class=\"wp-image-42808\" width=\"379\" height=\"211\" srcset=\"https:\/\/jornalfatosenoticias.com.br\/wp-content\/uploads\/2020\/02\/logo-Rapuzel-1024x571.jpg 1024w, https:\/\/jornalfatosenoticias.com.br\/wp-content\/uploads\/2020\/02\/logo-Rapuzel-300x167.jpg 300w, https:\/\/jornalfatosenoticias.com.br\/wp-content\/uploads\/2020\/02\/logo-Rapuzel-768x428.jpg 768w, https:\/\/jornalfatosenoticias.com.br\/wp-content\/uploads\/2020\/02\/logo-Rapuzel-1536x856.jpg 1536w, https:\/\/jornalfatosenoticias.com.br\/wp-content\/uploads\/2020\/02\/logo-Rapuzel.jpg 1600w\" sizes=\"auto, (max-width: 379px) 100vw, 379px\" \/><\/figure><\/div>\n\n\n\n<p>No caso da resolu\u00e7\u00e3o do TSE, o foco est\u00e1 sobre a divulga\u00e7\u00e3o ou compartilhamento de \u201cfatos sabidamente inver\u00eddicos ou gravemente descontextualizados que atinjam a integridade do processo eleitoral\u201d. Em s\u00edntese, s\u00e3o discursos de descr\u00e9dito em rela\u00e7\u00e3o ao sistema eletr\u00f4nico de vota\u00e7\u00e3o ou mesmo propagandas negativas contra candidatos ou partidos sobre os quais o TSE coloque a pecha de \u201cdesinforma\u00e7\u00e3o\u201d.<\/p>\n\n\n\n<div class=\"wp-block-image\"><figure class=\"aligncenter size-large\"><img loading=\"lazy\" decoding=\"async\" width=\"300\" height=\"250\" src=\"https:\/\/jornalfatosenoticias.com.br\/wp-content\/uploads\/2022\/02\/FERRARI_MAQUINAS-E-FERRAMENTAS2.jpg\" alt=\"\" class=\"wp-image-27860\"\/><\/figure><\/div>\n\n\n\n<p><strong><span class=\"has-inline-color has-black-color\">TSE j\u00e1 endureceu puni\u00e7\u00f5es sobre o que considera &#8220;fake news&#8221;<br><\/span><\/strong>As novas regras ainda n\u00e3o foram aprovadas pelo TSE, que disponibilizou em janeiro a minuta da resolu\u00e7\u00e3o. No final do m\u00eas passado, ocorreu uma audi\u00eancia p\u00fablica com representantes de partidos, plataformas e entidades ligadas ao setor para discutir o texto e ouvir sugest\u00f5es. Para valer, a resolu\u00e7\u00e3o, relatada pela ministra C\u00e1rmen L\u00facia, ainda precisar\u00e1 ser aprovada no plen\u00e1rio do TSE.<\/p>\n\n\n\n<div class=\"wp-block-image\"><figure class=\"aligncenter size-large is-resized\"><img loading=\"lazy\" decoding=\"async\" src=\"https:\/\/jornalfatosenoticias.com.br\/wp-content\/uploads\/2023\/03\/nova-logo-Marquetti.jpg\" alt=\"\" class=\"wp-image-40207\" width=\"331\" height=\"222\" srcset=\"https:\/\/jornalfatosenoticias.com.br\/wp-content\/uploads\/2023\/03\/nova-logo-Marquetti.jpg 643w, https:\/\/jornalfatosenoticias.com.br\/wp-content\/uploads\/2023\/03\/nova-logo-Marquetti-300x202.jpg 300w\" sizes=\"auto, (max-width: 331px) 100vw, 331px\" \/><\/figure><\/div>\n\n\n\n<p>Nos \u00faltimos anos, o TSE passou a considerar il\u00edcitos conte\u00fados que coloquem em d\u00favida a lisura das urnas eletr\u00f4nicas. Em 2021, a Corte cassou o mandato do deputado estadual Fernando Francischini, ent\u00e3o do PSL-PR, por ter realizado uma live, no dia da elei\u00e7\u00e3o de 2018, em que denunciava uma suposta fraude. No ano passado, os ministros condenaram o ex-presidente Jair Bolsonaro (PL) \u00e0 inelegibilidade por jogar suspeitas sobre as urnas e sobre a imparcialidade do TSE numa reuni\u00e3o com embaixadores antes do in\u00edcio de sua campanha.<\/p>\n\n\n\n<div class=\"wp-block-image\"><figure class=\"aligncenter size-large is-resized\"><img loading=\"lazy\" decoding=\"async\" src=\"https:\/\/jornalfatosenoticias.com.br\/wp-content\/uploads\/2023\/08\/BKR-1024x1021.jpg\" alt=\"\" class=\"wp-image-44494\" width=\"317\" height=\"316\" srcset=\"https:\/\/jornalfatosenoticias.com.br\/wp-content\/uploads\/2023\/08\/BKR-1024x1021.jpg 1024w, https:\/\/jornalfatosenoticias.com.br\/wp-content\/uploads\/2023\/08\/BKR-300x300.jpg 300w, https:\/\/jornalfatosenoticias.com.br\/wp-content\/uploads\/2023\/08\/BKR-150x150.jpg 150w, https:\/\/jornalfatosenoticias.com.br\/wp-content\/uploads\/2023\/08\/BKR-768x766.jpg 768w, https:\/\/jornalfatosenoticias.com.br\/wp-content\/uploads\/2023\/08\/BKR.jpg 1080w\" sizes=\"auto, (max-width: 317px) 100vw, 317px\" \/><\/figure><\/div>\n\n\n\n<p>No per\u00edodo eleitoral, o tribunal endureceu a fiscaliza\u00e7\u00e3o e passou a determinar que as plataformas removessem propagandas, v\u00eddeos ou textos tachados como falsos pelos ministros. Sob pena de multa, redes e usu\u00e1rios tiveram de retirar do ar, por exemplo, postagens que associavam o PT ao crime organizado e Luiz In\u00e1cio Lula da Silva (PT) \u00e0 corrup\u00e7\u00e3o.<\/p>\n\n\n\n<div class=\"wp-block-image\"><figure class=\"aligncenter size-large is-resized\"><img loading=\"lazy\" decoding=\"async\" src=\"https:\/\/jornalfatosenoticias.com.br\/wp-content\/uploads\/2023\/09\/vetorvix1024_1.jpg\" alt=\"\" class=\"wp-image-44868\" width=\"509\" height=\"135\" srcset=\"https:\/\/jornalfatosenoticias.com.br\/wp-content\/uploads\/2023\/09\/vetorvix1024_1.jpg 1024w, https:\/\/jornalfatosenoticias.com.br\/wp-content\/uploads\/2023\/09\/vetorvix1024_1-300x80.jpg 300w, https:\/\/jornalfatosenoticias.com.br\/wp-content\/uploads\/2023\/09\/vetorvix1024_1-768x205.jpg 768w\" sizes=\"auto, (max-width: 509px) 100vw, 509px\" \/><\/figure><\/div>\n\n\n\n<p><strong><span class=\"has-inline-color has-black-color\">TSE quer identifica\u00e7\u00e3o de conte\u00fado criado por intelig\u00eancia artificial<br><\/span><\/strong>A nova resolu\u00e7\u00e3o sobre a propaganda eleitoral mant\u00e9m as regras de 2022, mas aprofunda as exig\u00eancias de fiscaliza\u00e7\u00e3o sobre o que trafega nas redes. Se a minuta for aprovada, ser\u00e1 exigido, por exemplo, que qualquer conte\u00fado de propaganda eleitoral em formato audiovisual que seja fabricado ou manipulado com uso de intelig\u00eancia artificial seja assim identificado. Se n\u00e3o houver a informa\u00e7\u00e3o expl\u00edcita e destacada sobre o uso da tecnologia, haver\u00e1 responsabiliza\u00e7\u00e3o criminal.<\/p>\n\n\n\n<div class=\"wp-block-image\"><figure class=\"aligncenter size-large\"><img loading=\"lazy\" decoding=\"async\" width=\"300\" height=\"250\" src=\"https:\/\/jornalfatosenoticias.com.br\/wp-content\/uploads\/2020\/02\/Banner-2.png\" alt=\"\" class=\"wp-image-43787\"\/><\/figure><\/div>\n\n\n\n<p>Na audi\u00eancia p\u00fablica realizada no fim de janeiro, advogados das plataformas pediram que o TSE mude a resolu\u00e7\u00e3o, para punir os criadores do conte\u00fado, e n\u00e3o as empresas e seus executivos, por conte\u00fados criados com intelig\u00eancia artificial n\u00e3o identificados.<\/p>\n\n\n\n<div class=\"wp-block-image\"><figure class=\"aligncenter size-large is-resized\"><img loading=\"lazy\" decoding=\"async\" src=\"https:\/\/jornalfatosenoticias.com.br\/wp-content\/uploads\/2023\/12\/pegoretti-logo-pdf-1024x389.jpg\" alt=\"\" class=\"wp-image-47536\" width=\"490\" height=\"186\" srcset=\"https:\/\/jornalfatosenoticias.com.br\/wp-content\/uploads\/2023\/12\/pegoretti-logo-pdf-1024x389.jpg 1024w, https:\/\/jornalfatosenoticias.com.br\/wp-content\/uploads\/2023\/12\/pegoretti-logo-pdf-300x114.jpg 300w, https:\/\/jornalfatosenoticias.com.br\/wp-content\/uploads\/2023\/12\/pegoretti-logo-pdf-768x291.jpg 768w, https:\/\/jornalfatosenoticias.com.br\/wp-content\/uploads\/2023\/12\/pegoretti-logo-pdf.jpg 1120w\" sizes=\"auto, (max-width: 490px) 100vw, 490px\" \/><\/figure><\/div>\n\n\n\n<p>\u00c9 uma discuss\u00e3o semelhante \u00e0 que foi travada durante os debates na C\u00e2mara sobre o PL da Censura. As empresas de tecnologia defendem que os usu\u00e1rios sejam responsabilizados pelo conte\u00fado que criam ou postam, n\u00e3o elas. Na dire\u00e7\u00e3o oposta, parlamentares, ministros do TSE e do Supremo Tribunal Federal (STF), e setores do governo que defendem o projeto de lei querem maior responsabiliza\u00e7\u00e3o das plataformas, especialmente sobre conte\u00fados com distribui\u00e7\u00e3o paga.<\/p>\n\n\n\n<div class=\"wp-block-image\"><figure class=\"aligncenter size-large\"><img decoding=\"async\" src=\"https:\/\/jornalfatosenoticias.com.br\/wp-content\/uploads\/2020\/02\/logo_esteio.jpg\" alt=\"\" class=\"wp-image-1214\"\/><\/figure><\/div>\n\n\n\n<blockquote class=\"wp-block-quote is-layout-flow wp-block-quote-is-layout-flow\"><p><span class=\"has-inline-color has-luminous-vivid-orange-color\">A obriga\u00e7\u00e3o de informar [sobre o uso de intelig\u00eancia artificial] deve recair sobre o usu\u00e1rio que publica determinado conte\u00fado. Ainda n\u00e3o existe padr\u00e3o uniforme que funcione de maneira transversal para toda ind\u00fastria para detectar de maneira definitiva altera\u00e7\u00f5es e manipula\u00e7\u00f5es digitais, sobretudo conte\u00fados gerados em produtos e servi\u00e7os de terceiros. A obriga\u00e7\u00e3o deve recair sobre quem tem controle e conhecimento sobre a produ\u00e7\u00e3o\u201d, disse na audi\u00eancia p\u00fablica Felipe Melo Fran\u00e7a, representante do Instituto Cidadania Digital, pr\u00f3ximo das empresas.<\/span><\/p><\/blockquote>\n\n\n\n<div class=\"wp-block-image\"><figure class=\"aligncenter size-large is-resized\"><img loading=\"lazy\" decoding=\"async\" src=\"https:\/\/jornalfatosenoticias.com.br\/wp-content\/uploads\/2020\/02\/CONTROL-CS.jpg\" alt=\"\" class=\"wp-image-44991\" width=\"305\" height=\"365\" srcset=\"https:\/\/jornalfatosenoticias.com.br\/wp-content\/uploads\/2020\/02\/CONTROL-CS.jpg 834w, https:\/\/jornalfatosenoticias.com.br\/wp-content\/uploads\/2020\/02\/CONTROL-CS-250x300.jpg 250w, https:\/\/jornalfatosenoticias.com.br\/wp-content\/uploads\/2020\/02\/CONTROL-CS-768x921.jpg 768w\" sizes=\"auto, (max-width: 305px) 100vw, 305px\" \/><\/figure><\/div>\n\n\n\n<p>Atualmente, as plataformas n\u00e3o s\u00e3o respons\u00e1veis pelo que usu\u00e1rios publicam. S\u00f3 podem ser punidas caso n\u00e3o retirem do ar algum conte\u00fado julgado il\u00edcito pela Justi\u00e7a e ap\u00f3s notifica\u00e7\u00e3o judicial. \u00c9 o que estabelece o Marco Civil da Internet, lei aprovada em 2014. O &#8220;PL da Censura&#8221; prop\u00f5e que elas vigiem de forma mais rigorosa o que circula em seus servidores.<\/p>\n\n\n\n<h3 class=\"wp-block-heading\"><strong><span class=\"has-inline-color has-black-color\">Campanha aberta em defesa do \u201cPL da Censura\u201d se mant\u00e9m na pauta de Moraes<\/span><\/strong><\/h3>\n\n\n\n<div class=\"wp-block-image\"><figure class=\"aligncenter size-large\"><img loading=\"lazy\" decoding=\"async\" width=\"960\" height=\"540\" src=\"https:\/\/jornalfatosenoticias.com.br\/wp-content\/uploads\/2024\/02\/alexandre-morais.jpg\" alt=\"\" class=\"wp-image-49468\" srcset=\"https:\/\/jornalfatosenoticias.com.br\/wp-content\/uploads\/2024\/02\/alexandre-morais.jpg 960w, https:\/\/jornalfatosenoticias.com.br\/wp-content\/uploads\/2024\/02\/alexandre-morais-300x169.jpg 300w, https:\/\/jornalfatosenoticias.com.br\/wp-content\/uploads\/2024\/02\/alexandre-morais-768x432.jpg 768w\" sizes=\"auto, (max-width: 960px) 100vw, 960px\" \/><figcaption><em><span class=\"has-inline-color has-black-color\">Em seu discurso em 8 de janeiro de 2024, Moraes disse que \u201co maior poder de corros\u00e3o da democracia est\u00e1 nas redes sociais\u201d (Foto: F\u00e1bio Rodrigues Pozzebom\/Ag\u00eancia Brasil)<\/span><\/em><\/figcaption><\/figure><\/div>\n\n\n\n<p>No in\u00edcio deste ano, o ministro do STF e presidente do TSE, Alexandre de Moraes, defendeu enfaticamente essa regulamenta\u00e7\u00e3o mais r\u00edgida sobre as redes sociais. No ato promovido pelo governo para marcar um ano das invas\u00f5es no 8 de janeiro de 2023, ele disse que \u201cum dos grandes perigos modernos \u00e0 democracia [\u00e9] a instrumentaliza\u00e7\u00e3o das redes sociais pelo novo populismo digital extremista\u201d. \u201cH\u00e1 necessidade da edi\u00e7\u00e3o de uma moderna regulamenta\u00e7\u00e3o\u201d, disse, acrescentando que hoje seria \u201cinexistente a responsabiliza\u00e7\u00e3o das redes sociais\u201d.<\/p>\n\n\n\n<div class=\"wp-block-image\"><figure class=\"aligncenter size-large is-resized\"><img loading=\"lazy\" decoding=\"async\" src=\"https:\/\/jornalfatosenoticias.com.br\/wp-content\/uploads\/2023\/03\/logo-Panper_portal.jpg\" alt=\"\" class=\"wp-image-40208\" width=\"355\" height=\"246\" srcset=\"https:\/\/jornalfatosenoticias.com.br\/wp-content\/uploads\/2023\/03\/logo-Panper_portal.jpg 400w, https:\/\/jornalfatosenoticias.com.br\/wp-content\/uploads\/2023\/03\/logo-Panper_portal-300x208.jpg 300w\" sizes=\"auto, (max-width: 355px) 100vw, 355px\" \/><\/figure><\/div>\n\n\n\n<p>Segundo ele, falta \u201ctranspar\u00eancia na utiliza\u00e7\u00e3o da intelig\u00eancia artificial e dos algoritmos\u201d, o que tornaria usu\u00e1rios das redes \u201csuscet\u00edveis \u00e0 demagogia e \u00e0 manipula\u00e7\u00e3o pol\u00edtica, possibilitando a livre atua\u00e7\u00e3o no novo populismo digital extremista e de seus aspirantes a ditadores\u201d. Na reabertura do TSE, em fevereiro, ele voltou a insistir no tema, adiantando que a Justi\u00e7a Eleitoral faria sua pr\u00f3pria regulamenta\u00e7\u00e3o.<\/p>\n\n\n\n<div class=\"wp-block-image\"><figure class=\"aligncenter size-large is-resized\"><img loading=\"lazy\" decoding=\"async\" src=\"https:\/\/jornalfatosenoticias.com.br\/wp-content\/uploads\/2022\/02\/Precisao-Contabilidade-1024x724.jpg\" alt=\"\" class=\"wp-image-28088\" width=\"348\" height=\"246\"\/><\/figure><\/div>\n\n\n\n<blockquote class=\"wp-block-quote is-layout-flow wp-block-quote-is-layout-flow\"><p><span class=\"has-inline-color has-luminous-vivid-orange-color\">Faz-se necess\u00e1rio uma regulamenta\u00e7\u00e3o. N\u00e3o s\u00f3 uma regulamenta\u00e7\u00e3o do Tribunal Superior Eleitoral, da Justi\u00e7a Eleitoral, porque essa ser\u00e1 feita, ser\u00e1 realizada em 2024. Mas h\u00e1 necessidade de uma regulamenta\u00e7\u00e3o geral, do Congresso Nacional, em defesa da democracia. N\u00e3o \u00e9 poss\u00edvel mais permitir o direcionamento de discursos falsos, o direcionamento de discursos de \u00f3dio sem qualquer responsabilidade das chamadas big techs\u201d, afirmou.<\/span><\/p><\/blockquote>\n\n\n\n<div class=\"wp-block-image\"><figure class=\"aligncenter size-large\"><img decoding=\"async\" src=\"https:\/\/jornalfatosenoticias.com.br\/wp-content\/uploads\/2020\/02\/barao-das-carnes-300x164-1.jpg\" alt=\"\" class=\"wp-image-34339\"\/><\/figure><\/div>\n\n\n\n<p>Na ocasi\u00e3o, ele ainda anunciou que criaria um grupo de trabalho, em parceria com o Minist\u00e9rio da Justi\u00e7a, para combater grupos que \u201catentem contra a democracia\u201d. Disse que contaria com a Pol\u00edcia Federal (PF) para rastrear quem dissemina \u201cdiscursos de \u00f3dio\u201d. O TSE ainda n\u00e3o divulgou detalhes dessa iniciativa.<\/p>\n\n\n\n<div class=\"wp-block-image\"><figure class=\"aligncenter size-large is-resized\"><img loading=\"lazy\" decoding=\"async\" src=\"https:\/\/jornalfatosenoticias.com.br\/wp-content\/uploads\/2023\/08\/ITH.jpeg\" alt=\"\" class=\"wp-image-44638\" width=\"296\" height=\"241\" srcset=\"https:\/\/jornalfatosenoticias.com.br\/wp-content\/uploads\/2023\/08\/ITH.jpeg 800w, https:\/\/jornalfatosenoticias.com.br\/wp-content\/uploads\/2023\/08\/ITH-300x244.jpeg 300w, https:\/\/jornalfatosenoticias.com.br\/wp-content\/uploads\/2023\/08\/ITH-768x624.jpeg 768w\" sizes=\"auto, (max-width: 296px) 100vw, 296px\" \/><\/figure><\/div>\n\n\n\n<p>Para o deputado Orlando Silva (PC do B-SP), que \u00e9 relator do PL da Censura, a regulamenta\u00e7\u00e3o das redes pelo TSE \u00e9 positiva. \u201cO TSE pretende ter instrumentos para enfrentar um problema real, o uso malicioso da intelig\u00eancia artificial nas elei\u00e7\u00f5es. Infelizmente, o Congresso Nacional tem negligenciado sobre o tema\u201d, diz. No ano passado, Silva pediu para retirar a proposta de vota\u00e7\u00e3o no plen\u00e1rio da C\u00e2mara, pelo alto risco de rejei\u00e7\u00e3o.<\/p>\n\n\n\n<div class=\"wp-block-image\"><figure class=\"aligncenter size-large is-resized\"><img loading=\"lazy\" decoding=\"async\" src=\"https:\/\/jornalfatosenoticias.com.br\/wp-content\/uploads\/2020\/02\/logo-Rapuzel-1024x571.jpg\" alt=\"\" class=\"wp-image-42808\" width=\"352\" height=\"196\" srcset=\"https:\/\/jornalfatosenoticias.com.br\/wp-content\/uploads\/2020\/02\/logo-Rapuzel-1024x571.jpg 1024w, https:\/\/jornalfatosenoticias.com.br\/wp-content\/uploads\/2020\/02\/logo-Rapuzel-300x167.jpg 300w, https:\/\/jornalfatosenoticias.com.br\/wp-content\/uploads\/2020\/02\/logo-Rapuzel-768x428.jpg 768w, https:\/\/jornalfatosenoticias.com.br\/wp-content\/uploads\/2020\/02\/logo-Rapuzel-1536x856.jpg 1536w, https:\/\/jornalfatosenoticias.com.br\/wp-content\/uploads\/2020\/02\/logo-Rapuzel.jpg 1600w\" sizes=\"auto, (max-width: 352px) 100vw, 352px\" \/><\/figure><\/div>\n\n\n\n<p><strong><em>Fonte: <a href=\"https:\/\/www.gazetadopovo.com.br\/republica\/eleicoes-2024-tse-quer-aplicar-regras-pl-da-censura\/?ref=principais-manchetes\">Gazeta do Povo<\/a><\/em><\/strong><\/p>\n","protected":false},"excerpt":{"rendered":"<p>O presidente do TSE, Alexandre de Moraes, e a ministra C\u00e1rmen L\u00facia, relatora das resolu\u00e7\u00f5es que reger\u00e3o as elei\u00e7\u00f5es de 2024, que podem prever regras ainda n\u00e3o aprovadas do \u201cPL da Censura\u201d Por Renan Ramalho O Tribunal Superior Eleitoral (TSE) est\u00e1 prestes a aprovar uma resolu\u00e7\u00e3o para as elei\u00e7\u00f5es municipais de 2024 que antecipa preceitos [&hellip;]<\/p>\n","protected":false},"author":2,"featured_media":49469,"comment_status":"open","ping_status":"open","sticky":false,"template":"","format":"standard","meta":{"footnotes":""},"categories":[10],"tags":[18055,13889,19246,982,1039,732,53,1564,22904,1563,294,1514],"class_list":["post-49467","post","type-post","status-publish","format-standard","has-post-thumbnail","hentry","category-politica","tag-8-de-janeiro","tag-alexandre-de-moraes","tag-big-techs","tag-camara-dos-deputados","tag-eleicoes","tag-fake-news","tag-inteligencia-artificial","tag-internet","tag-orlando-silva","tag-redes-sociais","tag-stf","tag-tse"],"yoast_head":"<!-- This site is optimized with the Yoast SEO plugin v26.5 - https:\/\/yoast.com\/wordpress\/plugins\/seo\/ -->\n<title>TSE quer aplicar nas elei\u00e7\u00f5es de 2024 regras ainda n\u00e3o aprovadas do \u201cPL da Censura\u201d - Jornal Fatos e Not\u00edcias<\/title>\n<meta name=\"robots\" content=\"index, follow, max-snippet:-1, max-image-preview:large, max-video-preview:-1\" \/>\n<link rel=\"canonical\" href=\"https:\/\/jornalfatosenoticias.com.br\/index.php\/2024\/02\/27\/tse-quer-aplicar-nas-eleicoes-de-2024-regras-ainda-nao-aprovadas-do-pl-da-censura\/\" \/>\n<meta property=\"og:locale\" content=\"pt_BR\" \/>\n<meta property=\"og:type\" content=\"article\" \/>\n<meta property=\"og:title\" content=\"TSE quer aplicar nas elei\u00e7\u00f5es de 2024 regras ainda n\u00e3o aprovadas do \u201cPL da Censura\u201d - Jornal Fatos e Not\u00edcias\" \/>\n<meta property=\"og:description\" content=\"O presidente do TSE, Alexandre de Moraes, e a ministra C\u00e1rmen L\u00facia, relatora das resolu\u00e7\u00f5es que reger\u00e3o as elei\u00e7\u00f5es de 2024, que podem prever regras ainda n\u00e3o aprovadas do \u201cPL da Censura\u201d Por Renan Ramalho O Tribunal Superior Eleitoral (TSE) est\u00e1 prestes a aprovar uma resolu\u00e7\u00e3o para as elei\u00e7\u00f5es municipais de 2024 que antecipa preceitos [&hellip;]\" \/>\n<meta property=\"og:url\" content=\"https:\/\/jornalfatosenoticias.com.br\/index.php\/2024\/02\/27\/tse-quer-aplicar-nas-eleicoes-de-2024-regras-ainda-nao-aprovadas-do-pl-da-censura\/\" \/>\n<meta property=\"og:site_name\" content=\"Jornal Fatos e Not\u00edcias\" \/>\n<meta property=\"article:published_time\" content=\"2024-02-27T16:43:32+00:00\" \/>\n<meta property=\"og:image\" content=\"https:\/\/jornalfatosenoticias.com.br\/wp-content\/uploads\/2024\/02\/Alexandre-de-Moraes-e-Carmen-Lucia.jpg\" \/>\n\t<meta property=\"og:image:width\" content=\"960\" \/>\n\t<meta property=\"og:image:height\" content=\"540\" \/>\n\t<meta property=\"og:image:type\" content=\"image\/jpeg\" \/>\n<meta name=\"author\" content=\"Luzimara Fernandes\" \/>\n<meta name=\"twitter:card\" content=\"summary_large_image\" \/>\n<meta name=\"twitter:label1\" content=\"Escrito por\" \/>\n\t<meta name=\"twitter:data1\" content=\"Luzimara Fernandes\" \/>\n\t<meta name=\"twitter:label2\" content=\"Est. tempo de leitura\" \/>\n\t<meta name=\"twitter:data2\" content=\"8 minutos\" \/>\n<script type=\"application\/ld+json\" class=\"yoast-schema-graph\">{\"@context\":\"https:\/\/schema.org\",\"@graph\":[{\"@type\":\"Article\",\"@id\":\"https:\/\/jornalfatosenoticias.com.br\/index.php\/2024\/02\/27\/tse-quer-aplicar-nas-eleicoes-de-2024-regras-ainda-nao-aprovadas-do-pl-da-censura\/#article\",\"isPartOf\":{\"@id\":\"https:\/\/jornalfatosenoticias.com.br\/index.php\/2024\/02\/27\/tse-quer-aplicar-nas-eleicoes-de-2024-regras-ainda-nao-aprovadas-do-pl-da-censura\/\"},\"author\":{\"name\":\"Luzimara Fernandes\",\"@id\":\"https:\/\/jornalfatosenoticias.com.br\/#\/schema\/person\/d63837fa13ac8666eb9e74e0985d6f81\"},\"headline\":\"TSE quer aplicar nas elei\u00e7\u00f5es de 2024 regras ainda n\u00e3o aprovadas do \u201cPL da Censura\u201d\",\"datePublished\":\"2024-02-27T16:43:32+00:00\",\"mainEntityOfPage\":{\"@id\":\"https:\/\/jornalfatosenoticias.com.br\/index.php\/2024\/02\/27\/tse-quer-aplicar-nas-eleicoes-de-2024-regras-ainda-nao-aprovadas-do-pl-da-censura\/\"},\"wordCount\":1585,\"commentCount\":0,\"publisher\":{\"@id\":\"https:\/\/jornalfatosenoticias.com.br\/#organization\"},\"image\":{\"@id\":\"https:\/\/jornalfatosenoticias.com.br\/index.php\/2024\/02\/27\/tse-quer-aplicar-nas-eleicoes-de-2024-regras-ainda-nao-aprovadas-do-pl-da-censura\/#primaryimage\"},\"thumbnailUrl\":\"https:\/\/jornalfatosenoticias.com.br\/wp-content\/uploads\/2024\/02\/Alexandre-de-Moraes-e-Carmen-Lucia.jpg\",\"keywords\":[\"8 de janeiro\",\"Alexandre de Moraes\",\"big techs\",\"C\u00e2mara dos Deputados\",\"elei\u00e7\u00f5es\",\"fake news\",\"intelig\u00eancia artificial\",\"internet\",\"Orlando Silva\",\"redes sociais\",\"STF\",\"TSE\"],\"articleSection\":[\"Pol\u00edtica\"],\"inLanguage\":\"pt-BR\",\"potentialAction\":[{\"@type\":\"CommentAction\",\"name\":\"Comment\",\"target\":[\"https:\/\/jornalfatosenoticias.com.br\/index.php\/2024\/02\/27\/tse-quer-aplicar-nas-eleicoes-de-2024-regras-ainda-nao-aprovadas-do-pl-da-censura\/#respond\"]}]},{\"@type\":\"WebPage\",\"@id\":\"https:\/\/jornalfatosenoticias.com.br\/index.php\/2024\/02\/27\/tse-quer-aplicar-nas-eleicoes-de-2024-regras-ainda-nao-aprovadas-do-pl-da-censura\/\",\"url\":\"https:\/\/jornalfatosenoticias.com.br\/index.php\/2024\/02\/27\/tse-quer-aplicar-nas-eleicoes-de-2024-regras-ainda-nao-aprovadas-do-pl-da-censura\/\",\"name\":\"TSE quer aplicar nas elei\u00e7\u00f5es de 2024 regras ainda n\u00e3o aprovadas do \u201cPL da Censura\u201d - Jornal Fatos e Not\u00edcias\",\"isPartOf\":{\"@id\":\"https:\/\/jornalfatosenoticias.com.br\/#website\"},\"primaryImageOfPage\":{\"@id\":\"https:\/\/jornalfatosenoticias.com.br\/index.php\/2024\/02\/27\/tse-quer-aplicar-nas-eleicoes-de-2024-regras-ainda-nao-aprovadas-do-pl-da-censura\/#primaryimage\"},\"image\":{\"@id\":\"https:\/\/jornalfatosenoticias.com.br\/index.php\/2024\/02\/27\/tse-quer-aplicar-nas-eleicoes-de-2024-regras-ainda-nao-aprovadas-do-pl-da-censura\/#primaryimage\"},\"thumbnailUrl\":\"https:\/\/jornalfatosenoticias.com.br\/wp-content\/uploads\/2024\/02\/Alexandre-de-Moraes-e-Carmen-Lucia.jpg\",\"datePublished\":\"2024-02-27T16:43:32+00:00\",\"breadcrumb\":{\"@id\":\"https:\/\/jornalfatosenoticias.com.br\/index.php\/2024\/02\/27\/tse-quer-aplicar-nas-eleicoes-de-2024-regras-ainda-nao-aprovadas-do-pl-da-censura\/#breadcrumb\"},\"inLanguage\":\"pt-BR\",\"potentialAction\":[{\"@type\":\"ReadAction\",\"target\":[\"https:\/\/jornalfatosenoticias.com.br\/index.php\/2024\/02\/27\/tse-quer-aplicar-nas-eleicoes-de-2024-regras-ainda-nao-aprovadas-do-pl-da-censura\/\"]}]},{\"@type\":\"ImageObject\",\"inLanguage\":\"pt-BR\",\"@id\":\"https:\/\/jornalfatosenoticias.com.br\/index.php\/2024\/02\/27\/tse-quer-aplicar-nas-eleicoes-de-2024-regras-ainda-nao-aprovadas-do-pl-da-censura\/#primaryimage\",\"url\":\"https:\/\/jornalfatosenoticias.com.br\/wp-content\/uploads\/2024\/02\/Alexandre-de-Moraes-e-Carmen-Lucia.jpg\",\"contentUrl\":\"https:\/\/jornalfatosenoticias.com.br\/wp-content\/uploads\/2024\/02\/Alexandre-de-Moraes-e-Carmen-Lucia.jpg\",\"width\":960,\"height\":540},{\"@type\":\"BreadcrumbList\",\"@id\":\"https:\/\/jornalfatosenoticias.com.br\/index.php\/2024\/02\/27\/tse-quer-aplicar-nas-eleicoes-de-2024-regras-ainda-nao-aprovadas-do-pl-da-censura\/#breadcrumb\",\"itemListElement\":[{\"@type\":\"ListItem\",\"position\":1,\"name\":\"In\u00edcio\",\"item\":\"https:\/\/jornalfatosenoticias.com.br\/\"},{\"@type\":\"ListItem\",\"position\":2,\"name\":\"TSE quer aplicar nas elei\u00e7\u00f5es de 2024 regras ainda n\u00e3o aprovadas do \u201cPL da Censura\u201d\"}]},{\"@type\":\"WebSite\",\"@id\":\"https:\/\/jornalfatosenoticias.com.br\/#website\",\"url\":\"https:\/\/jornalfatosenoticias.com.br\/\",\"name\":\"Jornal Fatos e Not\u00edcias\",\"description\":\"Not\u00edcias em geral\",\"publisher\":{\"@id\":\"https:\/\/jornalfatosenoticias.com.br\/#organization\"},\"potentialAction\":[{\"@type\":\"SearchAction\",\"target\":{\"@type\":\"EntryPoint\",\"urlTemplate\":\"https:\/\/jornalfatosenoticias.com.br\/?s={search_term_string}\"},\"query-input\":{\"@type\":\"PropertyValueSpecification\",\"valueRequired\":true,\"valueName\":\"search_term_string\"}}],\"inLanguage\":\"pt-BR\"},{\"@type\":\"Organization\",\"@id\":\"https:\/\/jornalfatosenoticias.com.br\/#organization\",\"name\":\"Jornal Fatos e Not\u00edcias\",\"url\":\"https:\/\/jornalfatosenoticias.com.br\/\",\"logo\":{\"@type\":\"ImageObject\",\"inLanguage\":\"pt-BR\",\"@id\":\"https:\/\/jornalfatosenoticias.com.br\/#\/schema\/logo\/image\/\",\"url\":\"https:\/\/jornalfatosenoticias.com.br\/wp-content\/uploads\/2020\/02\/logo120.png\",\"contentUrl\":\"https:\/\/jornalfatosenoticias.com.br\/wp-content\/uploads\/2020\/02\/logo120.png\",\"width\":1227,\"height\":120,\"caption\":\"Jornal Fatos e Not\u00edcias\"},\"image\":{\"@id\":\"https:\/\/jornalfatosenoticias.com.br\/#\/schema\/logo\/image\/\"}},{\"@type\":\"Person\",\"@id\":\"https:\/\/jornalfatosenoticias.com.br\/#\/schema\/person\/d63837fa13ac8666eb9e74e0985d6f81\",\"name\":\"Luzimara Fernandes\",\"image\":{\"@type\":\"ImageObject\",\"inLanguage\":\"pt-BR\",\"@id\":\"https:\/\/jornalfatosenoticias.com.br\/#\/schema\/person\/image\/\",\"url\":\"https:\/\/jornalfatosenoticias.com.br\/wp-content\/uploads\/2025\/05\/EU_portal.jpg\",\"contentUrl\":\"https:\/\/jornalfatosenoticias.com.br\/wp-content\/uploads\/2025\/05\/EU_portal.jpg\",\"caption\":\"Luzimara Fernandes\"},\"description\":\"Jornalista MTB 2358-ES\",\"sameAs\":[\"https:\/\/jornalfatosenoticias.com.br\"],\"url\":\"https:\/\/jornalfatosenoticias.com.br\/index.php\/author\/luzimara\/\"}]}<\/script>\n<!-- \/ Yoast SEO plugin. -->","yoast_head_json":{"title":"TSE quer aplicar nas elei\u00e7\u00f5es de 2024 regras ainda n\u00e3o aprovadas do \u201cPL da Censura\u201d - Jornal Fatos e Not\u00edcias","robots":{"index":"index","follow":"follow","max-snippet":"max-snippet:-1","max-image-preview":"max-image-preview:large","max-video-preview":"max-video-preview:-1"},"canonical":"https:\/\/jornalfatosenoticias.com.br\/index.php\/2024\/02\/27\/tse-quer-aplicar-nas-eleicoes-de-2024-regras-ainda-nao-aprovadas-do-pl-da-censura\/","og_locale":"pt_BR","og_type":"article","og_title":"TSE quer aplicar nas elei\u00e7\u00f5es de 2024 regras ainda n\u00e3o aprovadas do \u201cPL da Censura\u201d - Jornal Fatos e Not\u00edcias","og_description":"O presidente do TSE, Alexandre de Moraes, e a ministra C\u00e1rmen L\u00facia, relatora das resolu\u00e7\u00f5es que reger\u00e3o as elei\u00e7\u00f5es de 2024, que podem prever regras ainda n\u00e3o aprovadas do \u201cPL da Censura\u201d Por Renan Ramalho O Tribunal Superior Eleitoral (TSE) est\u00e1 prestes a aprovar uma resolu\u00e7\u00e3o para as elei\u00e7\u00f5es municipais de 2024 que antecipa preceitos [&hellip;]","og_url":"https:\/\/jornalfatosenoticias.com.br\/index.php\/2024\/02\/27\/tse-quer-aplicar-nas-eleicoes-de-2024-regras-ainda-nao-aprovadas-do-pl-da-censura\/","og_site_name":"Jornal Fatos e Not\u00edcias","article_published_time":"2024-02-27T16:43:32+00:00","og_image":[{"width":960,"height":540,"url":"https:\/\/jornalfatosenoticias.com.br\/wp-content\/uploads\/2024\/02\/Alexandre-de-Moraes-e-Carmen-Lucia.jpg","type":"image\/jpeg"}],"author":"Luzimara Fernandes","twitter_card":"summary_large_image","twitter_misc":{"Escrito por":"Luzimara Fernandes","Est. tempo de leitura":"8 minutos"},"schema":{"@context":"https:\/\/schema.org","@graph":[{"@type":"Article","@id":"https:\/\/jornalfatosenoticias.com.br\/index.php\/2024\/02\/27\/tse-quer-aplicar-nas-eleicoes-de-2024-regras-ainda-nao-aprovadas-do-pl-da-censura\/#article","isPartOf":{"@id":"https:\/\/jornalfatosenoticias.com.br\/index.php\/2024\/02\/27\/tse-quer-aplicar-nas-eleicoes-de-2024-regras-ainda-nao-aprovadas-do-pl-da-censura\/"},"author":{"name":"Luzimara Fernandes","@id":"https:\/\/jornalfatosenoticias.com.br\/#\/schema\/person\/d63837fa13ac8666eb9e74e0985d6f81"},"headline":"TSE quer aplicar nas elei\u00e7\u00f5es de 2024 regras ainda n\u00e3o aprovadas do \u201cPL da Censura\u201d","datePublished":"2024-02-27T16:43:32+00:00","mainEntityOfPage":{"@id":"https:\/\/jornalfatosenoticias.com.br\/index.php\/2024\/02\/27\/tse-quer-aplicar-nas-eleicoes-de-2024-regras-ainda-nao-aprovadas-do-pl-da-censura\/"},"wordCount":1585,"commentCount":0,"publisher":{"@id":"https:\/\/jornalfatosenoticias.com.br\/#organization"},"image":{"@id":"https:\/\/jornalfatosenoticias.com.br\/index.php\/2024\/02\/27\/tse-quer-aplicar-nas-eleicoes-de-2024-regras-ainda-nao-aprovadas-do-pl-da-censura\/#primaryimage"},"thumbnailUrl":"https:\/\/jornalfatosenoticias.com.br\/wp-content\/uploads\/2024\/02\/Alexandre-de-Moraes-e-Carmen-Lucia.jpg","keywords":["8 de janeiro","Alexandre de Moraes","big techs","C\u00e2mara dos Deputados","elei\u00e7\u00f5es","fake news","intelig\u00eancia artificial","internet","Orlando Silva","redes sociais","STF","TSE"],"articleSection":["Pol\u00edtica"],"inLanguage":"pt-BR","potentialAction":[{"@type":"CommentAction","name":"Comment","target":["https:\/\/jornalfatosenoticias.com.br\/index.php\/2024\/02\/27\/tse-quer-aplicar-nas-eleicoes-de-2024-regras-ainda-nao-aprovadas-do-pl-da-censura\/#respond"]}]},{"@type":"WebPage","@id":"https:\/\/jornalfatosenoticias.com.br\/index.php\/2024\/02\/27\/tse-quer-aplicar-nas-eleicoes-de-2024-regras-ainda-nao-aprovadas-do-pl-da-censura\/","url":"https:\/\/jornalfatosenoticias.com.br\/index.php\/2024\/02\/27\/tse-quer-aplicar-nas-eleicoes-de-2024-regras-ainda-nao-aprovadas-do-pl-da-censura\/","name":"TSE quer aplicar nas elei\u00e7\u00f5es de 2024 regras ainda n\u00e3o aprovadas do \u201cPL da Censura\u201d - Jornal Fatos e Not\u00edcias","isPartOf":{"@id":"https:\/\/jornalfatosenoticias.com.br\/#website"},"primaryImageOfPage":{"@id":"https:\/\/jornalfatosenoticias.com.br\/index.php\/2024\/02\/27\/tse-quer-aplicar-nas-eleicoes-de-2024-regras-ainda-nao-aprovadas-do-pl-da-censura\/#primaryimage"},"image":{"@id":"https:\/\/jornalfatosenoticias.com.br\/index.php\/2024\/02\/27\/tse-quer-aplicar-nas-eleicoes-de-2024-regras-ainda-nao-aprovadas-do-pl-da-censura\/#primaryimage"},"thumbnailUrl":"https:\/\/jornalfatosenoticias.com.br\/wp-content\/uploads\/2024\/02\/Alexandre-de-Moraes-e-Carmen-Lucia.jpg","datePublished":"2024-02-27T16:43:32+00:00","breadcrumb":{"@id":"https:\/\/jornalfatosenoticias.com.br\/index.php\/2024\/02\/27\/tse-quer-aplicar-nas-eleicoes-de-2024-regras-ainda-nao-aprovadas-do-pl-da-censura\/#breadcrumb"},"inLanguage":"pt-BR","potentialAction":[{"@type":"ReadAction","target":["https:\/\/jornalfatosenoticias.com.br\/index.php\/2024\/02\/27\/tse-quer-aplicar-nas-eleicoes-de-2024-regras-ainda-nao-aprovadas-do-pl-da-censura\/"]}]},{"@type":"ImageObject","inLanguage":"pt-BR","@id":"https:\/\/jornalfatosenoticias.com.br\/index.php\/2024\/02\/27\/tse-quer-aplicar-nas-eleicoes-de-2024-regras-ainda-nao-aprovadas-do-pl-da-censura\/#primaryimage","url":"https:\/\/jornalfatosenoticias.com.br\/wp-content\/uploads\/2024\/02\/Alexandre-de-Moraes-e-Carmen-Lucia.jpg","contentUrl":"https:\/\/jornalfatosenoticias.com.br\/wp-content\/uploads\/2024\/02\/Alexandre-de-Moraes-e-Carmen-Lucia.jpg","width":960,"height":540},{"@type":"BreadcrumbList","@id":"https:\/\/jornalfatosenoticias.com.br\/index.php\/2024\/02\/27\/tse-quer-aplicar-nas-eleicoes-de-2024-regras-ainda-nao-aprovadas-do-pl-da-censura\/#breadcrumb","itemListElement":[{"@type":"ListItem","position":1,"name":"In\u00edcio","item":"https:\/\/jornalfatosenoticias.com.br\/"},{"@type":"ListItem","position":2,"name":"TSE quer aplicar nas elei\u00e7\u00f5es de 2024 regras ainda n\u00e3o aprovadas do \u201cPL da Censura\u201d"}]},{"@type":"WebSite","@id":"https:\/\/jornalfatosenoticias.com.br\/#website","url":"https:\/\/jornalfatosenoticias.com.br\/","name":"Jornal Fatos e Not\u00edcias","description":"Not\u00edcias em geral","publisher":{"@id":"https:\/\/jornalfatosenoticias.com.br\/#organization"},"potentialAction":[{"@type":"SearchAction","target":{"@type":"EntryPoint","urlTemplate":"https:\/\/jornalfatosenoticias.com.br\/?s={search_term_string}"},"query-input":{"@type":"PropertyValueSpecification","valueRequired":true,"valueName":"search_term_string"}}],"inLanguage":"pt-BR"},{"@type":"Organization","@id":"https:\/\/jornalfatosenoticias.com.br\/#organization","name":"Jornal Fatos e Not\u00edcias","url":"https:\/\/jornalfatosenoticias.com.br\/","logo":{"@type":"ImageObject","inLanguage":"pt-BR","@id":"https:\/\/jornalfatosenoticias.com.br\/#\/schema\/logo\/image\/","url":"https:\/\/jornalfatosenoticias.com.br\/wp-content\/uploads\/2020\/02\/logo120.png","contentUrl":"https:\/\/jornalfatosenoticias.com.br\/wp-content\/uploads\/2020\/02\/logo120.png","width":1227,"height":120,"caption":"Jornal Fatos e Not\u00edcias"},"image":{"@id":"https:\/\/jornalfatosenoticias.com.br\/#\/schema\/logo\/image\/"}},{"@type":"Person","@id":"https:\/\/jornalfatosenoticias.com.br\/#\/schema\/person\/d63837fa13ac8666eb9e74e0985d6f81","name":"Luzimara Fernandes","image":{"@type":"ImageObject","inLanguage":"pt-BR","@id":"https:\/\/jornalfatosenoticias.com.br\/#\/schema\/person\/image\/","url":"https:\/\/jornalfatosenoticias.com.br\/wp-content\/uploads\/2025\/05\/EU_portal.jpg","contentUrl":"https:\/\/jornalfatosenoticias.com.br\/wp-content\/uploads\/2025\/05\/EU_portal.jpg","caption":"Luzimara Fernandes"},"description":"Jornalista MTB 2358-ES","sameAs":["https:\/\/jornalfatosenoticias.com.br"],"url":"https:\/\/jornalfatosenoticias.com.br\/index.php\/author\/luzimara\/"}]}},"cc_featured_image_caption":{"caption_text":"(Foto: Alejandro Zambrana\/Secom\/TSE)","source_text":"","source_url":""},"jetpack_featured_media_url":"https:\/\/jornalfatosenoticias.com.br\/wp-content\/uploads\/2024\/02\/Alexandre-de-Moraes-e-Carmen-Lucia.jpg","_links":{"self":[{"href":"https:\/\/jornalfatosenoticias.com.br\/index.php\/wp-json\/wp\/v2\/posts\/49467","targetHints":{"allow":["GET"]}}],"collection":[{"href":"https:\/\/jornalfatosenoticias.com.br\/index.php\/wp-json\/wp\/v2\/posts"}],"about":[{"href":"https:\/\/jornalfatosenoticias.com.br\/index.php\/wp-json\/wp\/v2\/types\/post"}],"author":[{"embeddable":true,"href":"https:\/\/jornalfatosenoticias.com.br\/index.php\/wp-json\/wp\/v2\/users\/2"}],"replies":[{"embeddable":true,"href":"https:\/\/jornalfatosenoticias.com.br\/index.php\/wp-json\/wp\/v2\/comments?post=49467"}],"version-history":[{"count":0,"href":"https:\/\/jornalfatosenoticias.com.br\/index.php\/wp-json\/wp\/v2\/posts\/49467\/revisions"}],"wp:featuredmedia":[{"embeddable":true,"href":"https:\/\/jornalfatosenoticias.com.br\/index.php\/wp-json\/wp\/v2\/media\/49469"}],"wp:attachment":[{"href":"https:\/\/jornalfatosenoticias.com.br\/index.php\/wp-json\/wp\/v2\/media?parent=49467"}],"wp:term":[{"taxonomy":"category","embeddable":true,"href":"https:\/\/jornalfatosenoticias.com.br\/index.php\/wp-json\/wp\/v2\/categories?post=49467"},{"taxonomy":"post_tag","embeddable":true,"href":"https:\/\/jornalfatosenoticias.com.br\/index.php\/wp-json\/wp\/v2\/tags?post=49467"}],"curies":[{"name":"wp","href":"https:\/\/api.w.org\/{rel}","templated":true}]}}