{"id":4949,"date":"2020-05-27T09:34:00","date_gmt":"2020-05-27T12:34:00","guid":{"rendered":"https:\/\/jornalfatosenoticias.com.br\/?p=4949"},"modified":"2020-05-27T09:34:05","modified_gmt":"2020-05-27T12:34:05","slug":"farmacia-cidada-estadual-amplia-prazo-de-validade-dos-documentos","status":"publish","type":"post","link":"https:\/\/jornalfatosenoticias.com.br\/index.php\/2020\/05\/27\/farmacia-cidada-estadual-amplia-prazo-de-validade-dos-documentos\/","title":{"rendered":"Farm\u00e1cia Cidad\u00e3 Estadual amplia prazo de validade dos documentos"},"content":{"rendered":"\n<p>A Secretaria da Sa\u00fade (Sesa) publicou, no \u00faltimo s\u00e1bado (23), no Di\u00e1rio Oficial do Esp\u00edrito Santo, a Portaria de N\u00ba 095-R, de 23 de maio de 2020, que amplia o prazo de vencimento das documenta\u00e7\u00f5es para a retirada de medicamentos nas Farm\u00e1cias Cidad\u00e3s Estaduais.<br>De acordo com a gerente da Assist\u00eancia Farmac\u00eautica, Gabrieli Freitas, a medida visa a garantir seguran\u00e7a ao usu\u00e1rio diante da pandemia do novo coronav\u00edrus (Covid-19).<br>\u201cSabemos da necessidade de manter o isolamento social e diminuir a circula\u00e7\u00e3o de pessoas, e, diante disso, estamos ampliando o tempo de validade das documenta\u00e7\u00f5es que j\u00e1 estavam no processo para a dispensa\u00e7\u00e3o do medicamento\u201d, informou Gabrieli Freitas.<br>Os tratamentos, cuja autoriza\u00e7\u00e3o de procedimentos ambulatoriais (APAC) terminem at\u00e9 agosto de 2020, poder\u00e3o ser renovados automaticamente, em car\u00e1ter excepcional, sem a apresenta\u00e7\u00e3o de Laudo de Solicita\u00e7\u00e3o, Avalia\u00e7\u00e3o e Autoriza\u00e7\u00e3o de Medicamento (LME) e prescri\u00e7\u00e3o m\u00e9dica, por per\u00edodo adicional de tr\u00eas meses, para aqueles que n\u00e3o tiveram quaisquer mudan\u00e7as nos medicamentos.<br>A determina\u00e7\u00e3o \u00e9 vigente para as 12 unidades das Farm\u00e1cias Cidad\u00e3s Estaduais. Para ter acesso \u00e0 Portaria,\u00a0<a href=\"https:\/\/saude.es.gov.br\/Media\/sesa\/Farm%C3%A1cia%20Cidad%C3%A3\/diario_oficial_2020-05-23_pag_8.pdf\">clique aqui<\/a>.<\/p>\n\n\n\n<h5 class=\"wp-block-heading\">Atendimentos Farm\u00e1cias Cidad\u00e3s Estaduais durante a Covid-19<\/h5>\n\n\n\n<p>As 12 unidades das Farm\u00e1cias Cidad\u00e3s Estaduais (Vit\u00f3ria, Vila Velha, Cariacica, Cachoeiro de Itapemirim, Serra, Linhares, Colatina, S\u00e3o Mateus, Aracruz, Venda Nova do Imigrante, Nova Ven\u00e9cia e Gua\u00e7u\u00ed) seguem com as medidas especiais, visando \u00e0 seguran\u00e7a do usu\u00e1rio e do trabalhador diante da pandemia do novo coronav\u00edrus.<br>As retiradas de medicamentos s\u00e3o realizadas de acordo com o hor\u00e1rio de agendamento e, caso haja a necessidade de abertura de novo processo, o usu\u00e1rio poder\u00e1 se dirigir \u00e0 unidade de refer\u00eancia do munic\u00edpio.<\/p>\n\n\n\n<h5 class=\"wp-block-heading\">Entre as medidas est\u00e3o:<\/h5>\n\n\n\n<ul class=\"wp-block-list\"><li>Os medicamentos poder\u00e3o ser retirados por um procurador (poder\u00e3o ser indicados at\u00e9 tr\u00eas procuradores por paciente). Essa procura\u00e7\u00e3o n\u00e3o precisa ser registrada em cart\u00f3rio e pode ser encontrada no site da Farm\u00e1cia Cidad\u00e3 Estadual. \u00c9 importante que cada usu\u00e1rio leve sua caneta para assinar documentos no local;<\/li><li>Para evitar aglomera\u00e7\u00f5es, a ger\u00eancia orienta que os usu\u00e1rios cheguem minutos antes do hor\u00e1rio marcado para o atendimento, j\u00e1 que os dias e hor\u00e1rios s\u00e3o agendados com anteced\u00eancia. A medida visa a reduzir o n\u00famero de pessoas aglomeradas aguardando atendimento;<\/li><li>A ger\u00eancia orienta tamb\u00e9m que todas as pessoas que chegarem \u00e0s Farm\u00e1cias Cidad\u00e3s fa\u00e7am uso de m\u00e1scaras e lavem as m\u00e3os com \u00e1gua e sab\u00e3o, ou a higieniza\u00e7\u00e3o com \u00e1lcool gel 70%. Tamb\u00e9m \u00e9 importante que, ao tossir ou espirrar dentro das depend\u00eancias das Farm\u00e1cias, as pessoas cubram o nariz e a boca com um len\u00e7o descart\u00e1vel ou com o bra\u00e7o e n\u00e3o com as m\u00e3os.<\/li><\/ul>\n\n\n\n<p>Para ter acesso aos cuidados e mais informa\u00e7\u00f5es,\u00a0<a href=\"https:\/\/farmaciacidada.es.gov.br\/coronavirus\">clique aqui<\/a>.<\/p>\n\n\n\n<p><strong><em>Fonte: <a href=\"https:\/\/www.es.gov.br\/Noticia\/farmacia-cidada-estadual-amplia-prazo-de-validade-dos-documentos\">Governo do ES<\/a><\/em><\/strong><\/p>\n","protected":false},"excerpt":{"rendered":"<p>A Secretaria da Sa\u00fade (Sesa) publicou, no \u00faltimo s\u00e1bado (23), no Di\u00e1rio Oficial do Esp\u00edrito Santo, a Portaria de N\u00ba 095-R, de 23 de maio de 2020, que amplia o prazo de vencimento das documenta\u00e7\u00f5es para a retirada de medicamentos nas Farm\u00e1cias Cidad\u00e3s Estaduais.De acordo com a gerente da Assist\u00eancia Farmac\u00eautica, Gabrieli Freitas, a medida [&hellip;]<\/p>\n","protected":false},"author":2,"featured_media":4950,"comment_status":"open","ping_status":"open","sticky":false,"template":"","format":"standard","meta":{"footnotes":""},"categories":[5],"tags":[73,2952,1518,1691],"class_list":["post-4949","post","type-post","status-publish","format-standard","has-post-thumbnail","hentry","category-geral","tag-coronavirus","tag-farmacia-cidada","tag-medicamentos","tag-sesa"],"yoast_head":"<!-- This site is optimized with the Yoast SEO plugin v26.5 - https:\/\/yoast.com\/wordpress\/plugins\/seo\/ -->\n<title>Farm\u00e1cia Cidad\u00e3 Estadual amplia prazo de validade dos documentos - Jornal Fatos e Not\u00edcias<\/title>\n<meta name=\"robots\" content=\"index, follow, max-snippet:-1, max-image-preview:large, max-video-preview:-1\" \/>\n<link rel=\"canonical\" href=\"https:\/\/jornalfatosenoticias.com.br\/index.php\/2020\/05\/27\/farmacia-cidada-estadual-amplia-prazo-de-validade-dos-documentos\/\" \/>\n<meta property=\"og:locale\" content=\"pt_BR\" \/>\n<meta property=\"og:type\" content=\"article\" \/>\n<meta property=\"og:title\" content=\"Farm\u00e1cia Cidad\u00e3 Estadual amplia prazo de validade dos documentos - Jornal Fatos e Not\u00edcias\" \/>\n<meta property=\"og:description\" content=\"A Secretaria da Sa\u00fade (Sesa) publicou, no \u00faltimo s\u00e1bado (23), no Di\u00e1rio Oficial do Esp\u00edrito Santo, a Portaria de N\u00ba 095-R, de 23 de maio de 2020, que amplia o prazo de vencimento das documenta\u00e7\u00f5es para a retirada de medicamentos nas Farm\u00e1cias Cidad\u00e3s Estaduais.De acordo com a gerente da Assist\u00eancia Farmac\u00eautica, Gabrieli Freitas, a medida [&hellip;]\" \/>\n<meta property=\"og:url\" content=\"https:\/\/jornalfatosenoticias.com.br\/index.php\/2020\/05\/27\/farmacia-cidada-estadual-amplia-prazo-de-validade-dos-documentos\/\" \/>\n<meta property=\"og:site_name\" content=\"Jornal Fatos e Not\u00edcias\" \/>\n<meta property=\"article:published_time\" content=\"2020-05-27T12:34:00+00:00\" \/>\n<meta property=\"article:modified_time\" content=\"2020-05-27T12:34:05+00:00\" \/>\n<meta property=\"og:image\" content=\"https:\/\/jornalfatosenoticias.com.br\/wp-content\/uploads\/2020\/05\/farmacia-cidada_ES.jpg\" \/>\n\t<meta property=\"og:image:width\" content=\"1000\" \/>\n\t<meta property=\"og:image:height\" content=\"621\" \/>\n\t<meta property=\"og:image:type\" content=\"image\/jpeg\" \/>\n<meta name=\"author\" content=\"Luzimara Fernandes\" \/>\n<meta name=\"twitter:card\" content=\"summary_large_image\" \/>\n<meta name=\"twitter:label1\" content=\"Escrito por\" \/>\n\t<meta name=\"twitter:data1\" content=\"Luzimara Fernandes\" \/>\n\t<meta name=\"twitter:label2\" content=\"Est. tempo de leitura\" \/>\n\t<meta name=\"twitter:data2\" content=\"3 minutos\" \/>\n<script type=\"application\/ld+json\" class=\"yoast-schema-graph\">{\"@context\":\"https:\/\/schema.org\",\"@graph\":[{\"@type\":\"Article\",\"@id\":\"https:\/\/jornalfatosenoticias.com.br\/index.php\/2020\/05\/27\/farmacia-cidada-estadual-amplia-prazo-de-validade-dos-documentos\/#article\",\"isPartOf\":{\"@id\":\"https:\/\/jornalfatosenoticias.com.br\/index.php\/2020\/05\/27\/farmacia-cidada-estadual-amplia-prazo-de-validade-dos-documentos\/\"},\"author\":{\"name\":\"Luzimara Fernandes\",\"@id\":\"https:\/\/jornalfatosenoticias.com.br\/#\/schema\/person\/d63837fa13ac8666eb9e74e0985d6f81\"},\"headline\":\"Farm\u00e1cia Cidad\u00e3 Estadual amplia prazo de validade dos documentos\",\"datePublished\":\"2020-05-27T12:34:00+00:00\",\"dateModified\":\"2020-05-27T12:34:05+00:00\",\"mainEntityOfPage\":{\"@id\":\"https:\/\/jornalfatosenoticias.com.br\/index.php\/2020\/05\/27\/farmacia-cidada-estadual-amplia-prazo-de-validade-dos-documentos\/\"},\"wordCount\":515,\"commentCount\":0,\"publisher\":{\"@id\":\"https:\/\/jornalfatosenoticias.com.br\/#organization\"},\"image\":{\"@id\":\"https:\/\/jornalfatosenoticias.com.br\/index.php\/2020\/05\/27\/farmacia-cidada-estadual-amplia-prazo-de-validade-dos-documentos\/#primaryimage\"},\"thumbnailUrl\":\"https:\/\/jornalfatosenoticias.com.br\/wp-content\/uploads\/2020\/05\/farmacia-cidada_ES.jpg\",\"keywords\":[\"coronav\u00edrus\",\"farm\u00e1cia cidad\u00e3\",\"medicamentos\",\"Sesa\"],\"articleSection\":[\"Geral\"],\"inLanguage\":\"pt-BR\",\"potentialAction\":[{\"@type\":\"CommentAction\",\"name\":\"Comment\",\"target\":[\"https:\/\/jornalfatosenoticias.com.br\/index.php\/2020\/05\/27\/farmacia-cidada-estadual-amplia-prazo-de-validade-dos-documentos\/#respond\"]}]},{\"@type\":\"WebPage\",\"@id\":\"https:\/\/jornalfatosenoticias.com.br\/index.php\/2020\/05\/27\/farmacia-cidada-estadual-amplia-prazo-de-validade-dos-documentos\/\",\"url\":\"https:\/\/jornalfatosenoticias.com.br\/index.php\/2020\/05\/27\/farmacia-cidada-estadual-amplia-prazo-de-validade-dos-documentos\/\",\"name\":\"Farm\u00e1cia Cidad\u00e3 Estadual amplia prazo de validade dos documentos - Jornal Fatos e Not\u00edcias\",\"isPartOf\":{\"@id\":\"https:\/\/jornalfatosenoticias.com.br\/#website\"},\"primaryImageOfPage\":{\"@id\":\"https:\/\/jornalfatosenoticias.com.br\/index.php\/2020\/05\/27\/farmacia-cidada-estadual-amplia-prazo-de-validade-dos-documentos\/#primaryimage\"},\"image\":{\"@id\":\"https:\/\/jornalfatosenoticias.com.br\/index.php\/2020\/05\/27\/farmacia-cidada-estadual-amplia-prazo-de-validade-dos-documentos\/#primaryimage\"},\"thumbnailUrl\":\"https:\/\/jornalfatosenoticias.com.br\/wp-content\/uploads\/2020\/05\/farmacia-cidada_ES.jpg\",\"datePublished\":\"2020-05-27T12:34:00+00:00\",\"dateModified\":\"2020-05-27T12:34:05+00:00\",\"breadcrumb\":{\"@id\":\"https:\/\/jornalfatosenoticias.com.br\/index.php\/2020\/05\/27\/farmacia-cidada-estadual-amplia-prazo-de-validade-dos-documentos\/#breadcrumb\"},\"inLanguage\":\"pt-BR\",\"potentialAction\":[{\"@type\":\"ReadAction\",\"target\":[\"https:\/\/jornalfatosenoticias.com.br\/index.php\/2020\/05\/27\/farmacia-cidada-estadual-amplia-prazo-de-validade-dos-documentos\/\"]}]},{\"@type\":\"ImageObject\",\"inLanguage\":\"pt-BR\",\"@id\":\"https:\/\/jornalfatosenoticias.com.br\/index.php\/2020\/05\/27\/farmacia-cidada-estadual-amplia-prazo-de-validade-dos-documentos\/#primaryimage\",\"url\":\"https:\/\/jornalfatosenoticias.com.br\/wp-content\/uploads\/2020\/05\/farmacia-cidada_ES.jpg\",\"contentUrl\":\"https:\/\/jornalfatosenoticias.com.br\/wp-content\/uploads\/2020\/05\/farmacia-cidada_ES.jpg\",\"width\":1000,\"height\":621},{\"@type\":\"BreadcrumbList\",\"@id\":\"https:\/\/jornalfatosenoticias.com.br\/index.php\/2020\/05\/27\/farmacia-cidada-estadual-amplia-prazo-de-validade-dos-documentos\/#breadcrumb\",\"itemListElement\":[{\"@type\":\"ListItem\",\"position\":1,\"name\":\"In\u00edcio\",\"item\":\"https:\/\/jornalfatosenoticias.com.br\/\"},{\"@type\":\"ListItem\",\"position\":2,\"name\":\"Farm\u00e1cia Cidad\u00e3 Estadual amplia prazo de validade dos documentos\"}]},{\"@type\":\"WebSite\",\"@id\":\"https:\/\/jornalfatosenoticias.com.br\/#website\",\"url\":\"https:\/\/jornalfatosenoticias.com.br\/\",\"name\":\"Jornal Fatos e Not\u00edcias\",\"description\":\"Not\u00edcias em geral\",\"publisher\":{\"@id\":\"https:\/\/jornalfatosenoticias.com.br\/#organization\"},\"potentialAction\":[{\"@type\":\"SearchAction\",\"target\":{\"@type\":\"EntryPoint\",\"urlTemplate\":\"https:\/\/jornalfatosenoticias.com.br\/?s={search_term_string}\"},\"query-input\":{\"@type\":\"PropertyValueSpecification\",\"valueRequired\":true,\"valueName\":\"search_term_string\"}}],\"inLanguage\":\"pt-BR\"},{\"@type\":\"Organization\",\"@id\":\"https:\/\/jornalfatosenoticias.com.br\/#organization\",\"name\":\"Jornal Fatos e Not\u00edcias\",\"url\":\"https:\/\/jornalfatosenoticias.com.br\/\",\"logo\":{\"@type\":\"ImageObject\",\"inLanguage\":\"pt-BR\",\"@id\":\"https:\/\/jornalfatosenoticias.com.br\/#\/schema\/logo\/image\/\",\"url\":\"https:\/\/jornalfatosenoticias.com.br\/wp-content\/uploads\/2020\/02\/logo120.png\",\"contentUrl\":\"https:\/\/jornalfatosenoticias.com.br\/wp-content\/uploads\/2020\/02\/logo120.png\",\"width\":1227,\"height\":120,\"caption\":\"Jornal Fatos e Not\u00edcias\"},\"image\":{\"@id\":\"https:\/\/jornalfatosenoticias.com.br\/#\/schema\/logo\/image\/\"}},{\"@type\":\"Person\",\"@id\":\"https:\/\/jornalfatosenoticias.com.br\/#\/schema\/person\/d63837fa13ac8666eb9e74e0985d6f81\",\"name\":\"Luzimara Fernandes\",\"image\":{\"@type\":\"ImageObject\",\"inLanguage\":\"pt-BR\",\"@id\":\"https:\/\/jornalfatosenoticias.com.br\/#\/schema\/person\/image\/\",\"url\":\"https:\/\/jornalfatosenoticias.com.br\/wp-content\/uploads\/2025\/05\/EU_portal.jpg\",\"contentUrl\":\"https:\/\/jornalfatosenoticias.com.br\/wp-content\/uploads\/2025\/05\/EU_portal.jpg\",\"caption\":\"Luzimara Fernandes\"},\"description\":\"Jornalista MTB 2358-ES\",\"sameAs\":[\"https:\/\/jornalfatosenoticias.com.br\"],\"url\":\"https:\/\/jornalfatosenoticias.com.br\/index.php\/author\/luzimara\/\"}]}<\/script>\n<!-- \/ Yoast SEO plugin. -->","yoast_head_json":{"title":"Farm\u00e1cia Cidad\u00e3 Estadual amplia prazo de validade dos documentos - Jornal Fatos e Not\u00edcias","robots":{"index":"index","follow":"follow","max-snippet":"max-snippet:-1","max-image-preview":"max-image-preview:large","max-video-preview":"max-video-preview:-1"},"canonical":"https:\/\/jornalfatosenoticias.com.br\/index.php\/2020\/05\/27\/farmacia-cidada-estadual-amplia-prazo-de-validade-dos-documentos\/","og_locale":"pt_BR","og_type":"article","og_title":"Farm\u00e1cia Cidad\u00e3 Estadual amplia prazo de validade dos documentos - Jornal Fatos e Not\u00edcias","og_description":"A Secretaria da Sa\u00fade (Sesa) publicou, no \u00faltimo s\u00e1bado (23), no Di\u00e1rio Oficial do Esp\u00edrito Santo, a Portaria de N\u00ba 095-R, de 23 de maio de 2020, que amplia o prazo de vencimento das documenta\u00e7\u00f5es para a retirada de medicamentos nas Farm\u00e1cias Cidad\u00e3s Estaduais.De acordo com a gerente da Assist\u00eancia Farmac\u00eautica, Gabrieli Freitas, a medida [&hellip;]","og_url":"https:\/\/jornalfatosenoticias.com.br\/index.php\/2020\/05\/27\/farmacia-cidada-estadual-amplia-prazo-de-validade-dos-documentos\/","og_site_name":"Jornal Fatos e Not\u00edcias","article_published_time":"2020-05-27T12:34:00+00:00","article_modified_time":"2020-05-27T12:34:05+00:00","og_image":[{"width":1000,"height":621,"url":"https:\/\/jornalfatosenoticias.com.br\/wp-content\/uploads\/2020\/05\/farmacia-cidada_ES.jpg","type":"image\/jpeg"}],"author":"Luzimara Fernandes","twitter_card":"summary_large_image","twitter_misc":{"Escrito por":"Luzimara Fernandes","Est. tempo de leitura":"3 minutos"},"schema":{"@context":"https:\/\/schema.org","@graph":[{"@type":"Article","@id":"https:\/\/jornalfatosenoticias.com.br\/index.php\/2020\/05\/27\/farmacia-cidada-estadual-amplia-prazo-de-validade-dos-documentos\/#article","isPartOf":{"@id":"https:\/\/jornalfatosenoticias.com.br\/index.php\/2020\/05\/27\/farmacia-cidada-estadual-amplia-prazo-de-validade-dos-documentos\/"},"author":{"name":"Luzimara Fernandes","@id":"https:\/\/jornalfatosenoticias.com.br\/#\/schema\/person\/d63837fa13ac8666eb9e74e0985d6f81"},"headline":"Farm\u00e1cia Cidad\u00e3 Estadual amplia prazo de validade dos documentos","datePublished":"2020-05-27T12:34:00+00:00","dateModified":"2020-05-27T12:34:05+00:00","mainEntityOfPage":{"@id":"https:\/\/jornalfatosenoticias.com.br\/index.php\/2020\/05\/27\/farmacia-cidada-estadual-amplia-prazo-de-validade-dos-documentos\/"},"wordCount":515,"commentCount":0,"publisher":{"@id":"https:\/\/jornalfatosenoticias.com.br\/#organization"},"image":{"@id":"https:\/\/jornalfatosenoticias.com.br\/index.php\/2020\/05\/27\/farmacia-cidada-estadual-amplia-prazo-de-validade-dos-documentos\/#primaryimage"},"thumbnailUrl":"https:\/\/jornalfatosenoticias.com.br\/wp-content\/uploads\/2020\/05\/farmacia-cidada_ES.jpg","keywords":["coronav\u00edrus","farm\u00e1cia cidad\u00e3","medicamentos","Sesa"],"articleSection":["Geral"],"inLanguage":"pt-BR","potentialAction":[{"@type":"CommentAction","name":"Comment","target":["https:\/\/jornalfatosenoticias.com.br\/index.php\/2020\/05\/27\/farmacia-cidada-estadual-amplia-prazo-de-validade-dos-documentos\/#respond"]}]},{"@type":"WebPage","@id":"https:\/\/jornalfatosenoticias.com.br\/index.php\/2020\/05\/27\/farmacia-cidada-estadual-amplia-prazo-de-validade-dos-documentos\/","url":"https:\/\/jornalfatosenoticias.com.br\/index.php\/2020\/05\/27\/farmacia-cidada-estadual-amplia-prazo-de-validade-dos-documentos\/","name":"Farm\u00e1cia Cidad\u00e3 Estadual amplia prazo de validade dos documentos - Jornal Fatos e Not\u00edcias","isPartOf":{"@id":"https:\/\/jornalfatosenoticias.com.br\/#website"},"primaryImageOfPage":{"@id":"https:\/\/jornalfatosenoticias.com.br\/index.php\/2020\/05\/27\/farmacia-cidada-estadual-amplia-prazo-de-validade-dos-documentos\/#primaryimage"},"image":{"@id":"https:\/\/jornalfatosenoticias.com.br\/index.php\/2020\/05\/27\/farmacia-cidada-estadual-amplia-prazo-de-validade-dos-documentos\/#primaryimage"},"thumbnailUrl":"https:\/\/jornalfatosenoticias.com.br\/wp-content\/uploads\/2020\/05\/farmacia-cidada_ES.jpg","datePublished":"2020-05-27T12:34:00+00:00","dateModified":"2020-05-27T12:34:05+00:00","breadcrumb":{"@id":"https:\/\/jornalfatosenoticias.com.br\/index.php\/2020\/05\/27\/farmacia-cidada-estadual-amplia-prazo-de-validade-dos-documentos\/#breadcrumb"},"inLanguage":"pt-BR","potentialAction":[{"@type":"ReadAction","target":["https:\/\/jornalfatosenoticias.com.br\/index.php\/2020\/05\/27\/farmacia-cidada-estadual-amplia-prazo-de-validade-dos-documentos\/"]}]},{"@type":"ImageObject","inLanguage":"pt-BR","@id":"https:\/\/jornalfatosenoticias.com.br\/index.php\/2020\/05\/27\/farmacia-cidada-estadual-amplia-prazo-de-validade-dos-documentos\/#primaryimage","url":"https:\/\/jornalfatosenoticias.com.br\/wp-content\/uploads\/2020\/05\/farmacia-cidada_ES.jpg","contentUrl":"https:\/\/jornalfatosenoticias.com.br\/wp-content\/uploads\/2020\/05\/farmacia-cidada_ES.jpg","width":1000,"height":621},{"@type":"BreadcrumbList","@id":"https:\/\/jornalfatosenoticias.com.br\/index.php\/2020\/05\/27\/farmacia-cidada-estadual-amplia-prazo-de-validade-dos-documentos\/#breadcrumb","itemListElement":[{"@type":"ListItem","position":1,"name":"In\u00edcio","item":"https:\/\/jornalfatosenoticias.com.br\/"},{"@type":"ListItem","position":2,"name":"Farm\u00e1cia Cidad\u00e3 Estadual amplia prazo de validade dos documentos"}]},{"@type":"WebSite","@id":"https:\/\/jornalfatosenoticias.com.br\/#website","url":"https:\/\/jornalfatosenoticias.com.br\/","name":"Jornal Fatos e Not\u00edcias","description":"Not\u00edcias em geral","publisher":{"@id":"https:\/\/jornalfatosenoticias.com.br\/#organization"},"potentialAction":[{"@type":"SearchAction","target":{"@type":"EntryPoint","urlTemplate":"https:\/\/jornalfatosenoticias.com.br\/?s={search_term_string}"},"query-input":{"@type":"PropertyValueSpecification","valueRequired":true,"valueName":"search_term_string"}}],"inLanguage":"pt-BR"},{"@type":"Organization","@id":"https:\/\/jornalfatosenoticias.com.br\/#organization","name":"Jornal Fatos e Not\u00edcias","url":"https:\/\/jornalfatosenoticias.com.br\/","logo":{"@type":"ImageObject","inLanguage":"pt-BR","@id":"https:\/\/jornalfatosenoticias.com.br\/#\/schema\/logo\/image\/","url":"https:\/\/jornalfatosenoticias.com.br\/wp-content\/uploads\/2020\/02\/logo120.png","contentUrl":"https:\/\/jornalfatosenoticias.com.br\/wp-content\/uploads\/2020\/02\/logo120.png","width":1227,"height":120,"caption":"Jornal Fatos e Not\u00edcias"},"image":{"@id":"https:\/\/jornalfatosenoticias.com.br\/#\/schema\/logo\/image\/"}},{"@type":"Person","@id":"https:\/\/jornalfatosenoticias.com.br\/#\/schema\/person\/d63837fa13ac8666eb9e74e0985d6f81","name":"Luzimara Fernandes","image":{"@type":"ImageObject","inLanguage":"pt-BR","@id":"https:\/\/jornalfatosenoticias.com.br\/#\/schema\/person\/image\/","url":"https:\/\/jornalfatosenoticias.com.br\/wp-content\/uploads\/2025\/05\/EU_portal.jpg","contentUrl":"https:\/\/jornalfatosenoticias.com.br\/wp-content\/uploads\/2025\/05\/EU_portal.jpg","caption":"Luzimara Fernandes"},"description":"Jornalista MTB 2358-ES","sameAs":["https:\/\/jornalfatosenoticias.com.br"],"url":"https:\/\/jornalfatosenoticias.com.br\/index.php\/author\/luzimara\/"}]}},"cc_featured_image_caption":{"caption_text":"(Foto: Ascom\/Governo do ES)","source_text":"","source_url":""},"jetpack_featured_media_url":"https:\/\/jornalfatosenoticias.com.br\/wp-content\/uploads\/2020\/05\/farmacia-cidada_ES.jpg","_links":{"self":[{"href":"https:\/\/jornalfatosenoticias.com.br\/index.php\/wp-json\/wp\/v2\/posts\/4949","targetHints":{"allow":["GET"]}}],"collection":[{"href":"https:\/\/jornalfatosenoticias.com.br\/index.php\/wp-json\/wp\/v2\/posts"}],"about":[{"href":"https:\/\/jornalfatosenoticias.com.br\/index.php\/wp-json\/wp\/v2\/types\/post"}],"author":[{"embeddable":true,"href":"https:\/\/jornalfatosenoticias.com.br\/index.php\/wp-json\/wp\/v2\/users\/2"}],"replies":[{"embeddable":true,"href":"https:\/\/jornalfatosenoticias.com.br\/index.php\/wp-json\/wp\/v2\/comments?post=4949"}],"version-history":[{"count":0,"href":"https:\/\/jornalfatosenoticias.com.br\/index.php\/wp-json\/wp\/v2\/posts\/4949\/revisions"}],"wp:featuredmedia":[{"embeddable":true,"href":"https:\/\/jornalfatosenoticias.com.br\/index.php\/wp-json\/wp\/v2\/media\/4950"}],"wp:attachment":[{"href":"https:\/\/jornalfatosenoticias.com.br\/index.php\/wp-json\/wp\/v2\/media?parent=4949"}],"wp:term":[{"taxonomy":"category","embeddable":true,"href":"https:\/\/jornalfatosenoticias.com.br\/index.php\/wp-json\/wp\/v2\/categories?post=4949"},{"taxonomy":"post_tag","embeddable":true,"href":"https:\/\/jornalfatosenoticias.com.br\/index.php\/wp-json\/wp\/v2\/tags?post=4949"}],"curies":[{"name":"wp","href":"https:\/\/api.w.org\/{rel}","templated":true}]}}