{"id":49495,"date":"2024-02-28T09:41:23","date_gmt":"2024-02-28T12:41:23","guid":{"rendered":"https:\/\/jornalfatosenoticias.com.br\/?p=49495"},"modified":"2024-02-28T09:41:25","modified_gmt":"2024-02-28T12:41:25","slug":"camera-capta-especie-rara-de-animal-na-australia","status":"publish","type":"post","link":"https:\/\/jornalfatosenoticias.com.br\/index.php\/2024\/02\/28\/camera-capta-especie-rara-de-animal-na-australia\/","title":{"rendered":"C\u00e2mera capta esp\u00e9cie rara de animal na Austr\u00e1lia"},"content":{"rendered":"\n<p><em><span class=\"has-inline-color has-black-color\">O gamb\u00e1 marsupial noturno nativo da Austr\u00e1lia \u00e9 uma esp\u00e9cie em extin\u00e7\u00e3o<\/span><\/em><\/p>\n\n\n\n<p><span class=\"has-inline-color has-black-color\">Por <strong><a href=\"https:\/\/www.amomeupet.org\/blogs\/10\/ana-caroline-haubert\">Ana Caroline Haubert<\/a><\/strong><\/span><\/p>\n\n\n\n<div class=\"wp-block-image\"><figure class=\"aligncenter size-large\"><img loading=\"lazy\" decoding=\"async\" width=\"1024\" height=\"109\" src=\"https:\/\/jornalfatosenoticias.com.br\/wp-content\/uploads\/2020\/02\/CONTROL-CS2-1024x109.jpg\" alt=\"\" class=\"wp-image-44989\" srcset=\"https:\/\/jornalfatosenoticias.com.br\/wp-content\/uploads\/2020\/02\/CONTROL-CS2-1024x109.jpg 1024w, https:\/\/jornalfatosenoticias.com.br\/wp-content\/uploads\/2020\/02\/CONTROL-CS2-300x32.jpg 300w, https:\/\/jornalfatosenoticias.com.br\/wp-content\/uploads\/2020\/02\/CONTROL-CS2-768x82.jpg 768w, https:\/\/jornalfatosenoticias.com.br\/wp-content\/uploads\/2020\/02\/CONTROL-CS2.jpg 1120w\" sizes=\"auto, (max-width: 1024px) 100vw, 1024px\" \/><\/figure><\/div>\n\n\n\n<p>A presen\u00e7a de animais raros \u00e9 um grande marco por si s\u00f3, especialmente quando se trata de uma esp\u00e9cie em extin\u00e7\u00e3o. Esse marco foi presenciado recentemente por pesquisadores da Bush Heritage Australia atrav\u00e9s de uma c\u00e2mera de trilha localizada na Reserva Charles Darwin.<br>Nas imagens, os cientistas viram algo incr\u00edvel: um gamb\u00e1, marsupial noturno nativo da Austr\u00e1lia, cuja esp\u00e9cie tem estado extinta h\u00e1 anos na regi\u00e3o. Em 2021, pesquisadores da Australian Wildlife Conservancy (AWC) libertaram 49 gamb\u00e1s no Monte Gibson Wildlife Sanctuary, com a esperan\u00e7a de que a esp\u00e9cie amea\u00e7ada se reproduzisse.<br>O que torna o acontecimento t\u00e3o marcante \u00e9 o fato de esse gamb\u00e1 ter sido visto em uma \u00e1rea distante de sua localiza\u00e7\u00e3o original, ou seja, ele percorreu, pelo menos, 38 quil\u00f4metros at\u00e9 a reserva. Segundo os cientistas, presenciar um desses gamb\u00e1s viajando t\u00e3o longe \u00e9 um sinal incr\u00edvel.<\/p>\n\n\n\n<div class=\"wp-block-image\"><figure class=\"aligncenter size-large is-resized\"><img loading=\"lazy\" decoding=\"async\" src=\"https:\/\/jornalfatosenoticias.com.br\/wp-content\/uploads\/2022\/02\/Precisao-Contabilidade-1024x724.jpg\" alt=\"\" class=\"wp-image-28088\" width=\"361\" height=\"255\"\/><\/figure><\/div>\n\n\n\n<blockquote class=\"wp-block-quote is-layout-flow wp-block-quote-is-layout-flow\"><p><span class=\"has-inline-color has-luminous-vivid-orange-color\">\u00c9 sempre emocionante ver uma esp\u00e9cie que nunca vimos antes de explorar nossas reservas\u201d, disse a ecologista s\u00eanior da Bush Heritage Australia, Dra. Michelle Hall, em um comunicado \u00e0 imprensa.<\/span><\/p><\/blockquote>\n\n\n\n<div class=\"wp-block-image\"><figure class=\"aligncenter size-large is-resized\"><img loading=\"lazy\" decoding=\"async\" src=\"https:\/\/jornalfatosenoticias.com.br\/wp-content\/uploads\/2023\/03\/nova-logo-Marquetti.jpg\" alt=\"\" class=\"wp-image-40207\" width=\"313\" height=\"210\" srcset=\"https:\/\/jornalfatosenoticias.com.br\/wp-content\/uploads\/2023\/03\/nova-logo-Marquetti.jpg 643w, https:\/\/jornalfatosenoticias.com.br\/wp-content\/uploads\/2023\/03\/nova-logo-Marquetti-300x202.jpg 300w\" sizes=\"auto, (max-width: 313px) 100vw, 313px\" \/><\/figure><\/div>\n\n\n\n<p>Os gamb\u00e1s pertencem a uma esp\u00e9cie que, infelizmente, enfrenta muitas amea\u00e7as, como perda de habitat, competi\u00e7\u00e3o por recursos, inc\u00eandios florestais e preda\u00e7\u00e3o. Portanto, este registro feito pelos cientistas demonstra que a esp\u00e9cie n\u00e3o somente tem se reproduzido, como tamb\u00e9m tem se sentido segura e \u00e0 vontade para explorar a natureza.<\/p>\n\n\n\n<div class=\"wp-block-image\"><figure class=\"aligncenter size-large\"><img loading=\"lazy\" decoding=\"async\" width=\"300\" height=\"250\" src=\"https:\/\/jornalfatosenoticias.com.br\/wp-content\/uploads\/2020\/02\/Banner-2.png\" alt=\"\" class=\"wp-image-43787\"\/><\/figure><\/div>\n\n\n\n<blockquote class=\"wp-block-quote is-layout-flow wp-block-quote-is-layout-flow\"><p><span class=\"has-inline-color has-luminous-vivid-orange-color\">A jornada longa e segura do gamb\u00e1 \u00e9 bastante significativa\u201d, disse um representante da AWC ao <a rel=\"noreferrer noopener\" target=\"_blank\" href=\"https:\/\/www.thedodo.com\/daily-dodo\/researchers-cant-believe-their-eyes-when-they-see-extinct-animal-on-camera\">The Dodo<\/a>. \u201cAfirma a import\u00e2ncia de m\u00faltiplas organiza\u00e7\u00f5es de conserva\u00e7\u00e3o trabalharem em conjunto, adotando abordagens complementares para proteger e restaurar habitats interligados. Tamb\u00e9m indica que a popula\u00e7\u00e3o de gamb\u00e1s est\u00e1 a caminho de se estabelecer no Monte Gibson e al\u00e9m\u201d.<\/span><\/p><\/blockquote>\n\n\n\n<div class=\"wp-block-image\"><figure class=\"aligncenter size-large is-resized\"><img loading=\"lazy\" decoding=\"async\" src=\"https:\/\/jornalfatosenoticias.com.br\/wp-content\/uploads\/2023\/08\/ITH.jpeg\" alt=\"\" class=\"wp-image-44638\" width=\"304\" height=\"247\" srcset=\"https:\/\/jornalfatosenoticias.com.br\/wp-content\/uploads\/2023\/08\/ITH.jpeg 800w, https:\/\/jornalfatosenoticias.com.br\/wp-content\/uploads\/2023\/08\/ITH-300x244.jpeg 300w, https:\/\/jornalfatosenoticias.com.br\/wp-content\/uploads\/2023\/08\/ITH-768x624.jpeg 768w\" sizes=\"auto, (max-width: 304px) 100vw, 304px\" \/><\/figure><\/div>\n\n\n\n<p>Ap\u00f3s este ocorrido, os cientistas continuar\u00e3o a monitorar a presen\u00e7a destes animais na esperan\u00e7a de que o seu n\u00famero continue a crescer na regi\u00e3o. Existe ainda um fator decisivo para que a reprodu\u00e7\u00e3o e perman\u00eancia desses animais na regi\u00e3o sejam bem-sucedidas, que \u00e9 a uni\u00e3o de organiza\u00e7\u00f5es e especialistas, como explica a ecologista s\u00eanior da Australian Wildlife Conservancy, Georgina Anderson.<\/p>\n\n\n\n<div class=\"wp-block-image\"><figure class=\"aligncenter size-large\"><img decoding=\"async\" src=\"https:\/\/jornalfatosenoticias.com.br\/wp-content\/uploads\/2020\/02\/logo_esteio.jpg\" alt=\"\" class=\"wp-image-1214\"\/><\/figure><\/div>\n\n\n\n<blockquote class=\"wp-block-quote is-layout-flow wp-block-quote-is-layout-flow\"><p><span class=\"has-inline-color has-luminous-vivid-orange-color\">A colabora\u00e7\u00e3o \u00e9 crucial porque o desafio da conserva\u00e7\u00e3o em escala \u00e9 muito grande para uma organiza\u00e7\u00e3o sozinha. N\u00f3s precisamos trabalhar juntos\u201d, conclui.<\/span><\/p><\/blockquote>\n\n\n\n<div class=\"wp-block-image\"><figure class=\"aligncenter size-large is-resized\"><img loading=\"lazy\" decoding=\"async\" src=\"https:\/\/jornalfatosenoticias.com.br\/wp-content\/uploads\/2024\/01\/consultoria-ambiental.jpg\" alt=\"\" class=\"wp-image-48314\" width=\"326\" height=\"295\" srcset=\"https:\/\/jornalfatosenoticias.com.br\/wp-content\/uploads\/2024\/01\/consultoria-ambiental.jpg 832w, https:\/\/jornalfatosenoticias.com.br\/wp-content\/uploads\/2024\/01\/consultoria-ambiental-300x272.jpg 300w, https:\/\/jornalfatosenoticias.com.br\/wp-content\/uploads\/2024\/01\/consultoria-ambiental-768x696.jpg 768w\" sizes=\"auto, (max-width: 326px) 100vw, 326px\" \/><\/figure><\/div>\n\n\n\n<p>Apesar de os gamb\u00e1s continuarem a enfrentar muitos desafios naturais, a colabora\u00e7\u00e3o de tantas organiza\u00e7\u00f5es ao seu lado proporciona um vislumbre de um futuro um pouco mais promissor. Que vejamos mais not\u00edcias sobre a presen\u00e7a desses queridinhos por a\u00ed!<\/p>\n\n\n\n<div class=\"wp-block-image\"><figure class=\"aligncenter size-large is-resized\"><img loading=\"lazy\" decoding=\"async\" src=\"https:\/\/jornalfatosenoticias.com.br\/wp-content\/uploads\/2023\/12\/pegoretti-logo-pdf-1024x389.jpg\" alt=\"\" class=\"wp-image-47536\" width=\"469\" height=\"178\" srcset=\"https:\/\/jornalfatosenoticias.com.br\/wp-content\/uploads\/2023\/12\/pegoretti-logo-pdf-1024x389.jpg 1024w, https:\/\/jornalfatosenoticias.com.br\/wp-content\/uploads\/2023\/12\/pegoretti-logo-pdf-300x114.jpg 300w, https:\/\/jornalfatosenoticias.com.br\/wp-content\/uploads\/2023\/12\/pegoretti-logo-pdf-768x291.jpg 768w, https:\/\/jornalfatosenoticias.com.br\/wp-content\/uploads\/2023\/12\/pegoretti-logo-pdf.jpg 1120w\" sizes=\"auto, (max-width: 469px) 100vw, 469px\" \/><\/figure><\/div>\n\n\n\n<p><strong><span class=\"has-inline-color has-vivid-green-cyan-color\">Por que as esp\u00e9cies amea\u00e7adas devem ser protegidas?<br><\/span><\/strong>Segundo a Organiza\u00e7\u00e3o das Na\u00e7\u00f5es Unidas (ONU), at\u00e9 um milh\u00e3o de esp\u00e9cies est\u00e3o amea\u00e7adas de extin\u00e7\u00e3o. E o pior de tudo, \u00e9 que de acordo com o World Wildlife Fund (WWF), os humanos s\u00e3o respons\u00e1veis \u200b\u200bpor 99% das esp\u00e9cies amea\u00e7adas.<\/p>\n\n\n\n<div class=\"wp-block-image\"><figure class=\"aligncenter size-large is-resized\"><img loading=\"lazy\" decoding=\"async\" src=\"https:\/\/jornalfatosenoticias.com.br\/wp-content\/uploads\/2020\/02\/logo-Rapuzel-1024x571.jpg\" alt=\"\" class=\"wp-image-42808\" width=\"339\" height=\"189\" srcset=\"https:\/\/jornalfatosenoticias.com.br\/wp-content\/uploads\/2020\/02\/logo-Rapuzel-1024x571.jpg 1024w, https:\/\/jornalfatosenoticias.com.br\/wp-content\/uploads\/2020\/02\/logo-Rapuzel-300x167.jpg 300w, https:\/\/jornalfatosenoticias.com.br\/wp-content\/uploads\/2020\/02\/logo-Rapuzel-768x428.jpg 768w, https:\/\/jornalfatosenoticias.com.br\/wp-content\/uploads\/2020\/02\/logo-Rapuzel-1536x856.jpg 1536w, https:\/\/jornalfatosenoticias.com.br\/wp-content\/uploads\/2020\/02\/logo-Rapuzel.jpg 1600w\" sizes=\"auto, (max-width: 339px) 100vw, 339px\" \/><\/figure><\/div>\n\n\n\n<p><a rel=\"noreferrer noopener\" target=\"_blank\" href=\"https:\/\/www.green.earth\/blog\/why-should-endangered-species-be-protected\">O DGB Group<\/a> afirma ainda, que a destrui\u00e7\u00e3o do habitat \u00e9 uma das principais causas do decl\u00ednio das esp\u00e9cies. \u00c0 medida que as popula\u00e7\u00f5es humanas continuam a crescer e a urbanizar-se, os habitats naturais est\u00e3o sendo cada vez mais destru\u00eddos e fragmentados, resultando na perda de alimento, abrigo e locais de reprodu\u00e7\u00e3o para muitas esp\u00e9cies. Uma das principais raz\u00f5es para proteger as esp\u00e9cies amea\u00e7adas \u00e9 o seu papel na manuten\u00e7\u00e3o da biodiversidade, uma caracter\u00edstica importante e complexa para o nosso planeta.<\/p>\n\n\n\n<div class=\"wp-block-image\"><figure class=\"aligncenter size-large is-resized\"><img loading=\"lazy\" decoding=\"async\" src=\"https:\/\/jornalfatosenoticias.com.br\/wp-content\/uploads\/2023\/08\/BKR-1024x1021.jpg\" alt=\"\" class=\"wp-image-44494\" width=\"278\" height=\"277\" srcset=\"https:\/\/jornalfatosenoticias.com.br\/wp-content\/uploads\/2023\/08\/BKR-1024x1021.jpg 1024w, https:\/\/jornalfatosenoticias.com.br\/wp-content\/uploads\/2023\/08\/BKR-300x300.jpg 300w, https:\/\/jornalfatosenoticias.com.br\/wp-content\/uploads\/2023\/08\/BKR-150x150.jpg 150w, https:\/\/jornalfatosenoticias.com.br\/wp-content\/uploads\/2023\/08\/BKR-768x766.jpg 768w, https:\/\/jornalfatosenoticias.com.br\/wp-content\/uploads\/2023\/08\/BKR.jpg 1080w\" sizes=\"auto, (max-width: 278px) 100vw, 278px\" \/><\/figure><\/div>\n\n\n\n<h3 class=\"wp-block-heading\"><span class=\"has-inline-color has-vivid-green-cyan-color\">Como as esp\u00e9cies amea\u00e7adas podem ser protegidas?<\/span><\/h3>\n\n\n\n<ul class=\"wp-block-list\"><li>Restaura\u00e7\u00e3o de habitat<\/li><li>Educa\u00e7\u00e3o para a conserva\u00e7\u00e3o<\/li><li>Leis de conserva\u00e7\u00e3o da vida selvagem<\/li><li>\u00c1reas protegidas<\/li><li>Desenvolvimento sustent\u00e1vel<\/li><\/ul>\n\n\n\n<div class=\"wp-block-image\"><figure class=\"aligncenter size-large is-resized\"><img loading=\"lazy\" decoding=\"async\" src=\"https:\/\/jornalfatosenoticias.com.br\/wp-content\/uploads\/2023\/09\/vetorvix1024_1.jpg\" alt=\"\" class=\"wp-image-44868\" width=\"551\" height=\"146\" srcset=\"https:\/\/jornalfatosenoticias.com.br\/wp-content\/uploads\/2023\/09\/vetorvix1024_1.jpg 1024w, https:\/\/jornalfatosenoticias.com.br\/wp-content\/uploads\/2023\/09\/vetorvix1024_1-300x80.jpg 300w, https:\/\/jornalfatosenoticias.com.br\/wp-content\/uploads\/2023\/09\/vetorvix1024_1-768x205.jpg 768w\" sizes=\"auto, (max-width: 551px) 100vw, 551px\" \/><\/figure><\/div>\n\n\n\n<p><strong><em>Fonte: <a href=\"https:\/\/www.amomeupet.org\/noticias\/10330\/pesquisadores-nao-conseguem-acreditar-no-que-veem-quando-camera-capta-especie-rara-de-animal\">Amo Meu Pet<\/a><\/em><\/strong><\/p>\n","protected":false},"excerpt":{"rendered":"<p>O gamb\u00e1 marsupial noturno nativo da Austr\u00e1lia \u00e9 uma esp\u00e9cie em extin\u00e7\u00e3o Por Ana Caroline Haubert A presen\u00e7a de animais raros \u00e9 um grande marco por si s\u00f3, especialmente quando se trata de uma esp\u00e9cie em extin\u00e7\u00e3o. Esse marco foi presenciado recentemente por pesquisadores da Bush Heritage Australia atrav\u00e9s de uma c\u00e2mera de trilha localizada [&hellip;]<\/p>\n","protected":false},"author":2,"featured_media":49496,"comment_status":"open","ping_status":"open","sticky":false,"template":"","format":"standard","meta":{"footnotes":""},"categories":[8],"tags":[1375,18406,22911,22912,316],"class_list":["post-49495","post","type-post","status-publish","format-standard","has-post-thumbnail","hentry","category-meio-ambiente","tag-australia","tag-especie-rara","tag-gamba","tag-gamba-marsupial","tag-preservacao"],"yoast_head":"<!-- This site is optimized with the Yoast SEO plugin v26.5 - https:\/\/yoast.com\/wordpress\/plugins\/seo\/ -->\n<title>C\u00e2mera capta esp\u00e9cie rara de animal na Austr\u00e1lia - Jornal Fatos e Not\u00edcias<\/title>\n<meta name=\"robots\" content=\"index, follow, max-snippet:-1, max-image-preview:large, max-video-preview:-1\" \/>\n<link rel=\"canonical\" href=\"https:\/\/jornalfatosenoticias.com.br\/index.php\/2024\/02\/28\/camera-capta-especie-rara-de-animal-na-australia\/\" \/>\n<meta property=\"og:locale\" content=\"pt_BR\" \/>\n<meta property=\"og:type\" content=\"article\" \/>\n<meta property=\"og:title\" content=\"C\u00e2mera capta esp\u00e9cie rara de animal na Austr\u00e1lia - Jornal Fatos e Not\u00edcias\" \/>\n<meta property=\"og:description\" content=\"O gamb\u00e1 marsupial noturno nativo da Austr\u00e1lia \u00e9 uma esp\u00e9cie em extin\u00e7\u00e3o Por Ana Caroline Haubert A presen\u00e7a de animais raros \u00e9 um grande marco por si s\u00f3, especialmente quando se trata de uma esp\u00e9cie em extin\u00e7\u00e3o. Esse marco foi presenciado recentemente por pesquisadores da Bush Heritage Australia atrav\u00e9s de uma c\u00e2mera de trilha localizada [&hellip;]\" \/>\n<meta property=\"og:url\" content=\"https:\/\/jornalfatosenoticias.com.br\/index.php\/2024\/02\/28\/camera-capta-especie-rara-de-animal-na-australia\/\" \/>\n<meta property=\"og:site_name\" content=\"Jornal Fatos e Not\u00edcias\" \/>\n<meta property=\"article:published_time\" content=\"2024-02-28T12:41:23+00:00\" \/>\n<meta property=\"article:modified_time\" content=\"2024-02-28T12:41:25+00:00\" \/>\n<meta property=\"og:image\" content=\"https:\/\/jornalfatosenoticias.com.br\/wp-content\/uploads\/2024\/02\/gamba-marsupial.jpg\" \/>\n\t<meta property=\"og:image:width\" content=\"760\" \/>\n\t<meta property=\"og:image:height\" content=\"404\" \/>\n\t<meta property=\"og:image:type\" content=\"image\/jpeg\" \/>\n<meta name=\"author\" content=\"Luzimara Fernandes\" \/>\n<meta name=\"twitter:card\" content=\"summary_large_image\" \/>\n<meta name=\"twitter:label1\" content=\"Escrito por\" \/>\n\t<meta name=\"twitter:data1\" content=\"Luzimara Fernandes\" \/>\n\t<meta name=\"twitter:label2\" content=\"Est. tempo de leitura\" \/>\n\t<meta name=\"twitter:data2\" content=\"3 minutos\" \/>\n<script type=\"application\/ld+json\" class=\"yoast-schema-graph\">{\"@context\":\"https:\/\/schema.org\",\"@graph\":[{\"@type\":\"Article\",\"@id\":\"https:\/\/jornalfatosenoticias.com.br\/index.php\/2024\/02\/28\/camera-capta-especie-rara-de-animal-na-australia\/#article\",\"isPartOf\":{\"@id\":\"https:\/\/jornalfatosenoticias.com.br\/index.php\/2024\/02\/28\/camera-capta-especie-rara-de-animal-na-australia\/\"},\"author\":{\"name\":\"Luzimara Fernandes\",\"@id\":\"https:\/\/jornalfatosenoticias.com.br\/#\/schema\/person\/d63837fa13ac8666eb9e74e0985d6f81\"},\"headline\":\"C\u00e2mera capta esp\u00e9cie rara de animal na Austr\u00e1lia\",\"datePublished\":\"2024-02-28T12:41:23+00:00\",\"dateModified\":\"2024-02-28T12:41:25+00:00\",\"mainEntityOfPage\":{\"@id\":\"https:\/\/jornalfatosenoticias.com.br\/index.php\/2024\/02\/28\/camera-capta-especie-rara-de-animal-na-australia\/\"},\"wordCount\":659,\"commentCount\":0,\"publisher\":{\"@id\":\"https:\/\/jornalfatosenoticias.com.br\/#organization\"},\"image\":{\"@id\":\"https:\/\/jornalfatosenoticias.com.br\/index.php\/2024\/02\/28\/camera-capta-especie-rara-de-animal-na-australia\/#primaryimage\"},\"thumbnailUrl\":\"https:\/\/jornalfatosenoticias.com.br\/wp-content\/uploads\/2024\/02\/gamba-marsupial.jpg\",\"keywords\":[\"Austr\u00e1lia\",\"esp\u00e9cie rara\",\"gamb\u00e1\",\"gamb\u00e1 marsupial\",\"preserva\u00e7\u00e3o\"],\"articleSection\":[\"Meio ambiente\"],\"inLanguage\":\"pt-BR\",\"potentialAction\":[{\"@type\":\"CommentAction\",\"name\":\"Comment\",\"target\":[\"https:\/\/jornalfatosenoticias.com.br\/index.php\/2024\/02\/28\/camera-capta-especie-rara-de-animal-na-australia\/#respond\"]}]},{\"@type\":\"WebPage\",\"@id\":\"https:\/\/jornalfatosenoticias.com.br\/index.php\/2024\/02\/28\/camera-capta-especie-rara-de-animal-na-australia\/\",\"url\":\"https:\/\/jornalfatosenoticias.com.br\/index.php\/2024\/02\/28\/camera-capta-especie-rara-de-animal-na-australia\/\",\"name\":\"C\u00e2mera capta esp\u00e9cie rara de animal na Austr\u00e1lia - Jornal Fatos e Not\u00edcias\",\"isPartOf\":{\"@id\":\"https:\/\/jornalfatosenoticias.com.br\/#website\"},\"primaryImageOfPage\":{\"@id\":\"https:\/\/jornalfatosenoticias.com.br\/index.php\/2024\/02\/28\/camera-capta-especie-rara-de-animal-na-australia\/#primaryimage\"},\"image\":{\"@id\":\"https:\/\/jornalfatosenoticias.com.br\/index.php\/2024\/02\/28\/camera-capta-especie-rara-de-animal-na-australia\/#primaryimage\"},\"thumbnailUrl\":\"https:\/\/jornalfatosenoticias.com.br\/wp-content\/uploads\/2024\/02\/gamba-marsupial.jpg\",\"datePublished\":\"2024-02-28T12:41:23+00:00\",\"dateModified\":\"2024-02-28T12:41:25+00:00\",\"breadcrumb\":{\"@id\":\"https:\/\/jornalfatosenoticias.com.br\/index.php\/2024\/02\/28\/camera-capta-especie-rara-de-animal-na-australia\/#breadcrumb\"},\"inLanguage\":\"pt-BR\",\"potentialAction\":[{\"@type\":\"ReadAction\",\"target\":[\"https:\/\/jornalfatosenoticias.com.br\/index.php\/2024\/02\/28\/camera-capta-especie-rara-de-animal-na-australia\/\"]}]},{\"@type\":\"ImageObject\",\"inLanguage\":\"pt-BR\",\"@id\":\"https:\/\/jornalfatosenoticias.com.br\/index.php\/2024\/02\/28\/camera-capta-especie-rara-de-animal-na-australia\/#primaryimage\",\"url\":\"https:\/\/jornalfatosenoticias.com.br\/wp-content\/uploads\/2024\/02\/gamba-marsupial.jpg\",\"contentUrl\":\"https:\/\/jornalfatosenoticias.com.br\/wp-content\/uploads\/2024\/02\/gamba-marsupial.jpg\",\"width\":760,\"height\":404},{\"@type\":\"BreadcrumbList\",\"@id\":\"https:\/\/jornalfatosenoticias.com.br\/index.php\/2024\/02\/28\/camera-capta-especie-rara-de-animal-na-australia\/#breadcrumb\",\"itemListElement\":[{\"@type\":\"ListItem\",\"position\":1,\"name\":\"In\u00edcio\",\"item\":\"https:\/\/jornalfatosenoticias.com.br\/\"},{\"@type\":\"ListItem\",\"position\":2,\"name\":\"C\u00e2mera capta esp\u00e9cie rara de animal na Austr\u00e1lia\"}]},{\"@type\":\"WebSite\",\"@id\":\"https:\/\/jornalfatosenoticias.com.br\/#website\",\"url\":\"https:\/\/jornalfatosenoticias.com.br\/\",\"name\":\"Jornal Fatos e Not\u00edcias\",\"description\":\"Not\u00edcias em geral\",\"publisher\":{\"@id\":\"https:\/\/jornalfatosenoticias.com.br\/#organization\"},\"potentialAction\":[{\"@type\":\"SearchAction\",\"target\":{\"@type\":\"EntryPoint\",\"urlTemplate\":\"https:\/\/jornalfatosenoticias.com.br\/?s={search_term_string}\"},\"query-input\":{\"@type\":\"PropertyValueSpecification\",\"valueRequired\":true,\"valueName\":\"search_term_string\"}}],\"inLanguage\":\"pt-BR\"},{\"@type\":\"Organization\",\"@id\":\"https:\/\/jornalfatosenoticias.com.br\/#organization\",\"name\":\"Jornal Fatos e Not\u00edcias\",\"url\":\"https:\/\/jornalfatosenoticias.com.br\/\",\"logo\":{\"@type\":\"ImageObject\",\"inLanguage\":\"pt-BR\",\"@id\":\"https:\/\/jornalfatosenoticias.com.br\/#\/schema\/logo\/image\/\",\"url\":\"https:\/\/jornalfatosenoticias.com.br\/wp-content\/uploads\/2020\/02\/logo120.png\",\"contentUrl\":\"https:\/\/jornalfatosenoticias.com.br\/wp-content\/uploads\/2020\/02\/logo120.png\",\"width\":1227,\"height\":120,\"caption\":\"Jornal Fatos e Not\u00edcias\"},\"image\":{\"@id\":\"https:\/\/jornalfatosenoticias.com.br\/#\/schema\/logo\/image\/\"}},{\"@type\":\"Person\",\"@id\":\"https:\/\/jornalfatosenoticias.com.br\/#\/schema\/person\/d63837fa13ac8666eb9e74e0985d6f81\",\"name\":\"Luzimara Fernandes\",\"image\":{\"@type\":\"ImageObject\",\"inLanguage\":\"pt-BR\",\"@id\":\"https:\/\/jornalfatosenoticias.com.br\/#\/schema\/person\/image\/\",\"url\":\"https:\/\/jornalfatosenoticias.com.br\/wp-content\/uploads\/2025\/05\/EU_portal.jpg\",\"contentUrl\":\"https:\/\/jornalfatosenoticias.com.br\/wp-content\/uploads\/2025\/05\/EU_portal.jpg\",\"caption\":\"Luzimara Fernandes\"},\"description\":\"Jornalista MTB 2358-ES\",\"sameAs\":[\"https:\/\/jornalfatosenoticias.com.br\"],\"url\":\"https:\/\/jornalfatosenoticias.com.br\/index.php\/author\/luzimara\/\"}]}<\/script>\n<!-- \/ Yoast SEO plugin. -->","yoast_head_json":{"title":"C\u00e2mera capta esp\u00e9cie rara de animal na Austr\u00e1lia - Jornal Fatos e Not\u00edcias","robots":{"index":"index","follow":"follow","max-snippet":"max-snippet:-1","max-image-preview":"max-image-preview:large","max-video-preview":"max-video-preview:-1"},"canonical":"https:\/\/jornalfatosenoticias.com.br\/index.php\/2024\/02\/28\/camera-capta-especie-rara-de-animal-na-australia\/","og_locale":"pt_BR","og_type":"article","og_title":"C\u00e2mera capta esp\u00e9cie rara de animal na Austr\u00e1lia - Jornal Fatos e Not\u00edcias","og_description":"O gamb\u00e1 marsupial noturno nativo da Austr\u00e1lia \u00e9 uma esp\u00e9cie em extin\u00e7\u00e3o Por Ana Caroline Haubert A presen\u00e7a de animais raros \u00e9 um grande marco por si s\u00f3, especialmente quando se trata de uma esp\u00e9cie em extin\u00e7\u00e3o. Esse marco foi presenciado recentemente por pesquisadores da Bush Heritage Australia atrav\u00e9s de uma c\u00e2mera de trilha localizada [&hellip;]","og_url":"https:\/\/jornalfatosenoticias.com.br\/index.php\/2024\/02\/28\/camera-capta-especie-rara-de-animal-na-australia\/","og_site_name":"Jornal Fatos e Not\u00edcias","article_published_time":"2024-02-28T12:41:23+00:00","article_modified_time":"2024-02-28T12:41:25+00:00","og_image":[{"width":760,"height":404,"url":"https:\/\/jornalfatosenoticias.com.br\/wp-content\/uploads\/2024\/02\/gamba-marsupial.jpg","type":"image\/jpeg"}],"author":"Luzimara Fernandes","twitter_card":"summary_large_image","twitter_misc":{"Escrito por":"Luzimara Fernandes","Est. tempo de leitura":"3 minutos"},"schema":{"@context":"https:\/\/schema.org","@graph":[{"@type":"Article","@id":"https:\/\/jornalfatosenoticias.com.br\/index.php\/2024\/02\/28\/camera-capta-especie-rara-de-animal-na-australia\/#article","isPartOf":{"@id":"https:\/\/jornalfatosenoticias.com.br\/index.php\/2024\/02\/28\/camera-capta-especie-rara-de-animal-na-australia\/"},"author":{"name":"Luzimara Fernandes","@id":"https:\/\/jornalfatosenoticias.com.br\/#\/schema\/person\/d63837fa13ac8666eb9e74e0985d6f81"},"headline":"C\u00e2mera capta esp\u00e9cie rara de animal na Austr\u00e1lia","datePublished":"2024-02-28T12:41:23+00:00","dateModified":"2024-02-28T12:41:25+00:00","mainEntityOfPage":{"@id":"https:\/\/jornalfatosenoticias.com.br\/index.php\/2024\/02\/28\/camera-capta-especie-rara-de-animal-na-australia\/"},"wordCount":659,"commentCount":0,"publisher":{"@id":"https:\/\/jornalfatosenoticias.com.br\/#organization"},"image":{"@id":"https:\/\/jornalfatosenoticias.com.br\/index.php\/2024\/02\/28\/camera-capta-especie-rara-de-animal-na-australia\/#primaryimage"},"thumbnailUrl":"https:\/\/jornalfatosenoticias.com.br\/wp-content\/uploads\/2024\/02\/gamba-marsupial.jpg","keywords":["Austr\u00e1lia","esp\u00e9cie rara","gamb\u00e1","gamb\u00e1 marsupial","preserva\u00e7\u00e3o"],"articleSection":["Meio ambiente"],"inLanguage":"pt-BR","potentialAction":[{"@type":"CommentAction","name":"Comment","target":["https:\/\/jornalfatosenoticias.com.br\/index.php\/2024\/02\/28\/camera-capta-especie-rara-de-animal-na-australia\/#respond"]}]},{"@type":"WebPage","@id":"https:\/\/jornalfatosenoticias.com.br\/index.php\/2024\/02\/28\/camera-capta-especie-rara-de-animal-na-australia\/","url":"https:\/\/jornalfatosenoticias.com.br\/index.php\/2024\/02\/28\/camera-capta-especie-rara-de-animal-na-australia\/","name":"C\u00e2mera capta esp\u00e9cie rara de animal na Austr\u00e1lia - Jornal Fatos e Not\u00edcias","isPartOf":{"@id":"https:\/\/jornalfatosenoticias.com.br\/#website"},"primaryImageOfPage":{"@id":"https:\/\/jornalfatosenoticias.com.br\/index.php\/2024\/02\/28\/camera-capta-especie-rara-de-animal-na-australia\/#primaryimage"},"image":{"@id":"https:\/\/jornalfatosenoticias.com.br\/index.php\/2024\/02\/28\/camera-capta-especie-rara-de-animal-na-australia\/#primaryimage"},"thumbnailUrl":"https:\/\/jornalfatosenoticias.com.br\/wp-content\/uploads\/2024\/02\/gamba-marsupial.jpg","datePublished":"2024-02-28T12:41:23+00:00","dateModified":"2024-02-28T12:41:25+00:00","breadcrumb":{"@id":"https:\/\/jornalfatosenoticias.com.br\/index.php\/2024\/02\/28\/camera-capta-especie-rara-de-animal-na-australia\/#breadcrumb"},"inLanguage":"pt-BR","potentialAction":[{"@type":"ReadAction","target":["https:\/\/jornalfatosenoticias.com.br\/index.php\/2024\/02\/28\/camera-capta-especie-rara-de-animal-na-australia\/"]}]},{"@type":"ImageObject","inLanguage":"pt-BR","@id":"https:\/\/jornalfatosenoticias.com.br\/index.php\/2024\/02\/28\/camera-capta-especie-rara-de-animal-na-australia\/#primaryimage","url":"https:\/\/jornalfatosenoticias.com.br\/wp-content\/uploads\/2024\/02\/gamba-marsupial.jpg","contentUrl":"https:\/\/jornalfatosenoticias.com.br\/wp-content\/uploads\/2024\/02\/gamba-marsupial.jpg","width":760,"height":404},{"@type":"BreadcrumbList","@id":"https:\/\/jornalfatosenoticias.com.br\/index.php\/2024\/02\/28\/camera-capta-especie-rara-de-animal-na-australia\/#breadcrumb","itemListElement":[{"@type":"ListItem","position":1,"name":"In\u00edcio","item":"https:\/\/jornalfatosenoticias.com.br\/"},{"@type":"ListItem","position":2,"name":"C\u00e2mera capta esp\u00e9cie rara de animal na Austr\u00e1lia"}]},{"@type":"WebSite","@id":"https:\/\/jornalfatosenoticias.com.br\/#website","url":"https:\/\/jornalfatosenoticias.com.br\/","name":"Jornal Fatos e Not\u00edcias","description":"Not\u00edcias em geral","publisher":{"@id":"https:\/\/jornalfatosenoticias.com.br\/#organization"},"potentialAction":[{"@type":"SearchAction","target":{"@type":"EntryPoint","urlTemplate":"https:\/\/jornalfatosenoticias.com.br\/?s={search_term_string}"},"query-input":{"@type":"PropertyValueSpecification","valueRequired":true,"valueName":"search_term_string"}}],"inLanguage":"pt-BR"},{"@type":"Organization","@id":"https:\/\/jornalfatosenoticias.com.br\/#organization","name":"Jornal Fatos e Not\u00edcias","url":"https:\/\/jornalfatosenoticias.com.br\/","logo":{"@type":"ImageObject","inLanguage":"pt-BR","@id":"https:\/\/jornalfatosenoticias.com.br\/#\/schema\/logo\/image\/","url":"https:\/\/jornalfatosenoticias.com.br\/wp-content\/uploads\/2020\/02\/logo120.png","contentUrl":"https:\/\/jornalfatosenoticias.com.br\/wp-content\/uploads\/2020\/02\/logo120.png","width":1227,"height":120,"caption":"Jornal Fatos e Not\u00edcias"},"image":{"@id":"https:\/\/jornalfatosenoticias.com.br\/#\/schema\/logo\/image\/"}},{"@type":"Person","@id":"https:\/\/jornalfatosenoticias.com.br\/#\/schema\/person\/d63837fa13ac8666eb9e74e0985d6f81","name":"Luzimara Fernandes","image":{"@type":"ImageObject","inLanguage":"pt-BR","@id":"https:\/\/jornalfatosenoticias.com.br\/#\/schema\/person\/image\/","url":"https:\/\/jornalfatosenoticias.com.br\/wp-content\/uploads\/2025\/05\/EU_portal.jpg","contentUrl":"https:\/\/jornalfatosenoticias.com.br\/wp-content\/uploads\/2025\/05\/EU_portal.jpg","caption":"Luzimara Fernandes"},"description":"Jornalista MTB 2358-ES","sameAs":["https:\/\/jornalfatosenoticias.com.br"],"url":"https:\/\/jornalfatosenoticias.com.br\/index.php\/author\/luzimara\/"}]}},"cc_featured_image_caption":{"caption_text":"(Foto: Charles Darwin Nature Reserve)","source_text":"","source_url":""},"jetpack_featured_media_url":"https:\/\/jornalfatosenoticias.com.br\/wp-content\/uploads\/2024\/02\/gamba-marsupial.jpg","_links":{"self":[{"href":"https:\/\/jornalfatosenoticias.com.br\/index.php\/wp-json\/wp\/v2\/posts\/49495","targetHints":{"allow":["GET"]}}],"collection":[{"href":"https:\/\/jornalfatosenoticias.com.br\/index.php\/wp-json\/wp\/v2\/posts"}],"about":[{"href":"https:\/\/jornalfatosenoticias.com.br\/index.php\/wp-json\/wp\/v2\/types\/post"}],"author":[{"embeddable":true,"href":"https:\/\/jornalfatosenoticias.com.br\/index.php\/wp-json\/wp\/v2\/users\/2"}],"replies":[{"embeddable":true,"href":"https:\/\/jornalfatosenoticias.com.br\/index.php\/wp-json\/wp\/v2\/comments?post=49495"}],"version-history":[{"count":0,"href":"https:\/\/jornalfatosenoticias.com.br\/index.php\/wp-json\/wp\/v2\/posts\/49495\/revisions"}],"wp:featuredmedia":[{"embeddable":true,"href":"https:\/\/jornalfatosenoticias.com.br\/index.php\/wp-json\/wp\/v2\/media\/49496"}],"wp:attachment":[{"href":"https:\/\/jornalfatosenoticias.com.br\/index.php\/wp-json\/wp\/v2\/media?parent=49495"}],"wp:term":[{"taxonomy":"category","embeddable":true,"href":"https:\/\/jornalfatosenoticias.com.br\/index.php\/wp-json\/wp\/v2\/categories?post=49495"},{"taxonomy":"post_tag","embeddable":true,"href":"https:\/\/jornalfatosenoticias.com.br\/index.php\/wp-json\/wp\/v2\/tags?post=49495"}],"curies":[{"name":"wp","href":"https:\/\/api.w.org\/{rel}","templated":true}]}}