{"id":49498,"date":"2024-02-28T09:51:46","date_gmt":"2024-02-28T12:51:46","guid":{"rendered":"https:\/\/jornalfatosenoticias.com.br\/?p=49498"},"modified":"2024-02-28T09:51:47","modified_gmt":"2024-02-28T12:51:47","slug":"intercambistas-norueguesas-visitam-educacao-de-vitoria","status":"publish","type":"post","link":"https:\/\/jornalfatosenoticias.com.br\/index.php\/2024\/02\/28\/intercambistas-norueguesas-visitam-educacao-de-vitoria\/","title":{"rendered":"Intercambistas norueguesas visitam Educa\u00e7\u00e3o de Vit\u00f3ria"},"content":{"rendered":"\n<p><span class=\"has-inline-color has-black-color\">Por <strong>Lu\u00eds Oliveira<\/strong><\/span><\/p>\n\n\n\n<div class=\"wp-block-image\"><figure class=\"aligncenter size-large\"><img loading=\"lazy\" decoding=\"async\" width=\"729\" height=\"90\" src=\"https:\/\/jornalfatosenoticias.com.br\/wp-content\/uploads\/2020\/02\/Logo_Mizu.png\" alt=\"\" class=\"wp-image-1441\" srcset=\"https:\/\/jornalfatosenoticias.com.br\/wp-content\/uploads\/2020\/02\/Logo_Mizu.png 729w, https:\/\/jornalfatosenoticias.com.br\/wp-content\/uploads\/2020\/02\/Logo_Mizu-300x37.png 300w\" sizes=\"auto, (max-width: 729px) 100vw, 729px\" \/><\/figure><\/div>\n\n\n\n<p>As estudantes do curso de Prote\u00e7\u00e3o Infantil da \u00d8stfold University College, que fica na Noruega, Maria Kristiansen, 25, Selma Bookholt, 23, e Seline Enebakk, 21, realizaram uma visita \u00e0 Secretaria de Educa\u00e7\u00e3o de Vit\u00f3ria (Seme) para conhecer de perto alguns equipamentos e servi\u00e7os realizados pela rede municipal. As intercambistas foram recebidas pela secret\u00e1ria da pasta, Juliana Rohsner, e pela equipe t\u00e9cnica da Seme.<\/p>\n\n\n\n<blockquote class=\"wp-block-quote is-layout-flow wp-block-quote-is-layout-flow\"><p><span class=\"has-inline-color has-luminous-vivid-orange-color\">A visita das estudantes norueguesas \u00e9 enriquecedora para nossa comunidade educacional. \u00c9 uma oportunidade de compartilhar pr\u00e1ticas pedag\u00f3gicas, promovendo o interc\u00e2mbio cultural e fortalecendo os la\u00e7os internacionais. Estamos comprometidos em proporcionar uma educa\u00e7\u00e3o inclusiva e de qualidade, refletindo a diversidade e a excel\u00eancia do nosso sistema educacional em Vit\u00f3ria&#8221;, disse a secret\u00e1ria.<\/span><\/p><\/blockquote>\n\n\n\n<div class=\"wp-block-image\"><figure class=\"aligncenter size-large\"><img loading=\"lazy\" decoding=\"async\" width=\"300\" height=\"250\" src=\"https:\/\/jornalfatosenoticias.com.br\/wp-content\/uploads\/2020\/02\/Banner-2.png\" alt=\"\" class=\"wp-image-43787\"\/><\/figure><\/div>\n\n\n\n<p>A visita faz parte das atividades de interc\u00e2mbio promovido pela universidade em parceria com a Associa\u00e7\u00e3o Capixaba Contra o C\u00e2ncer Infantil (Acacci), que foi representada pela Assistente Social Syullan Ribeiro. Durante o encontro, o grupo conheceu de perto cada setor e servi\u00e7o da Seme, suas ger\u00eancias e subsecretarias, tiraram d\u00favidas e estabeleceram conex\u00f5es entre alguns dos servi\u00e7os oferecidos e aqueles de seu pa\u00eds de origem.<\/p>\n\n\n\n<div class=\"wp-block-image\"><figure class=\"aligncenter size-large is-resized\"><img loading=\"lazy\" decoding=\"async\" src=\"https:\/\/jornalfatosenoticias.com.br\/wp-content\/uploads\/2023\/08\/BKR-1024x1021.jpg\" alt=\"\" class=\"wp-image-44494\" width=\"307\" height=\"306\" srcset=\"https:\/\/jornalfatosenoticias.com.br\/wp-content\/uploads\/2023\/08\/BKR-1024x1021.jpg 1024w, https:\/\/jornalfatosenoticias.com.br\/wp-content\/uploads\/2023\/08\/BKR-300x300.jpg 300w, https:\/\/jornalfatosenoticias.com.br\/wp-content\/uploads\/2023\/08\/BKR-150x150.jpg 150w, https:\/\/jornalfatosenoticias.com.br\/wp-content\/uploads\/2023\/08\/BKR-768x766.jpg 768w, https:\/\/jornalfatosenoticias.com.br\/wp-content\/uploads\/2023\/08\/BKR.jpg 1080w\" sizes=\"auto, (max-width: 307px) 100vw, 307px\" \/><\/figure><\/div>\n\n\n\n<p>As estudantes expressaram impress\u00f5es positivas sobre a organiza\u00e7\u00e3o interna da secretaria, destacando especialmente as comiss\u00f5es permanentes de Estudos Afro-brasileiros (Ceafro), de Educa\u00e7\u00e3o das Rela\u00e7\u00f5es \u00c9tnico-raciais (Cerer), de Educa\u00e7\u00e3o em Direitos Humanos (CEDH) e de Pr\u00e1ticas Restaurativas na Educa\u00e7\u00e3o (CPRE), pois est\u00e3o relacionadas aos seus estudos acad\u00eamicos.<\/p>\n\n\n\n<div class=\"wp-block-image\"><figure class=\"aligncenter size-large is-resized\"><img loading=\"lazy\" decoding=\"async\" src=\"https:\/\/jornalfatosenoticias.com.br\/wp-content\/uploads\/2023\/03\/logo-Panper_portal.jpg\" alt=\"\" class=\"wp-image-40208\" width=\"336\" height=\"233\" srcset=\"https:\/\/jornalfatosenoticias.com.br\/wp-content\/uploads\/2023\/03\/logo-Panper_portal.jpg 400w, https:\/\/jornalfatosenoticias.com.br\/wp-content\/uploads\/2023\/03\/logo-Panper_portal-300x208.jpg 300w\" sizes=\"auto, (max-width: 336px) 100vw, 336px\" \/><\/figure><\/div>\n\n\n\n<p><strong><em>Fonte: <a href=\"https:\/\/m.vitoria.es.gov.br\/noticia\/intercambistas-norueguesas-visitam-educacao-de-vitoria-50030\">PMV<\/a><\/em><\/strong><\/p>\n","protected":false},"excerpt":{"rendered":"<p>Por Lu\u00eds Oliveira As estudantes do curso de Prote\u00e7\u00e3o Infantil da \u00d8stfold University College, que fica na Noruega, Maria Kristiansen, 25, Selma Bookholt, 23, e Seline Enebakk, 21, realizaram uma visita \u00e0 Secretaria de Educa\u00e7\u00e3o de Vit\u00f3ria (Seme) para conhecer de perto alguns equipamentos e servi\u00e7os realizados pela rede municipal. As intercambistas foram recebidas pela [&hellip;]<\/p>\n","protected":false},"author":2,"featured_media":49499,"comment_status":"open","ping_status":"open","sticky":false,"template":"","format":"standard","meta":{"footnotes":""},"categories":[7],"tags":[19145,22913,1958],"class_list":["post-49498","post","type-post","status-publish","format-standard","has-post-thumbnail","hentry","category-educacao","tag-educacao-de-vitoria","tag-intercambistas-norueguesas","tag-noruega"],"yoast_head":"<!-- This site is optimized with the Yoast SEO plugin v26.5 - https:\/\/yoast.com\/wordpress\/plugins\/seo\/ -->\n<title>Intercambistas norueguesas visitam Educa\u00e7\u00e3o de Vit\u00f3ria - Jornal Fatos e Not\u00edcias<\/title>\n<meta name=\"robots\" content=\"index, follow, max-snippet:-1, max-image-preview:large, max-video-preview:-1\" \/>\n<link rel=\"canonical\" href=\"https:\/\/jornalfatosenoticias.com.br\/index.php\/2024\/02\/28\/intercambistas-norueguesas-visitam-educacao-de-vitoria\/\" \/>\n<meta property=\"og:locale\" content=\"pt_BR\" \/>\n<meta property=\"og:type\" content=\"article\" \/>\n<meta property=\"og:title\" content=\"Intercambistas norueguesas visitam Educa\u00e7\u00e3o de Vit\u00f3ria - Jornal Fatos e Not\u00edcias\" \/>\n<meta property=\"og:description\" content=\"Por Lu\u00eds Oliveira As estudantes do curso de Prote\u00e7\u00e3o Infantil da \u00d8stfold University College, que fica na Noruega, Maria Kristiansen, 25, Selma Bookholt, 23, e Seline Enebakk, 21, realizaram uma visita \u00e0 Secretaria de Educa\u00e7\u00e3o de Vit\u00f3ria (Seme) para conhecer de perto alguns equipamentos e servi\u00e7os realizados pela rede municipal. As intercambistas foram recebidas pela [&hellip;]\" \/>\n<meta property=\"og:url\" content=\"https:\/\/jornalfatosenoticias.com.br\/index.php\/2024\/02\/28\/intercambistas-norueguesas-visitam-educacao-de-vitoria\/\" \/>\n<meta property=\"og:site_name\" content=\"Jornal Fatos e Not\u00edcias\" \/>\n<meta property=\"article:published_time\" content=\"2024-02-28T12:51:46+00:00\" \/>\n<meta property=\"article:modified_time\" content=\"2024-02-28T12:51:47+00:00\" \/>\n<meta property=\"og:image\" content=\"https:\/\/jornalfatosenoticias.com.br\/wp-content\/uploads\/2024\/02\/intercambistas-norueguesas.jpg\" \/>\n\t<meta property=\"og:image:width\" content=\"700\" \/>\n\t<meta property=\"og:image:height\" content=\"454\" \/>\n\t<meta property=\"og:image:type\" content=\"image\/jpeg\" \/>\n<meta name=\"author\" content=\"Luzimara Fernandes\" \/>\n<meta name=\"twitter:card\" content=\"summary_large_image\" \/>\n<meta name=\"twitter:label1\" content=\"Escrito por\" \/>\n\t<meta name=\"twitter:data1\" content=\"Luzimara Fernandes\" \/>\n\t<meta name=\"twitter:label2\" content=\"Est. tempo de leitura\" \/>\n\t<meta name=\"twitter:data2\" content=\"1 minuto\" \/>\n<script type=\"application\/ld+json\" class=\"yoast-schema-graph\">{\"@context\":\"https:\/\/schema.org\",\"@graph\":[{\"@type\":\"Article\",\"@id\":\"https:\/\/jornalfatosenoticias.com.br\/index.php\/2024\/02\/28\/intercambistas-norueguesas-visitam-educacao-de-vitoria\/#article\",\"isPartOf\":{\"@id\":\"https:\/\/jornalfatosenoticias.com.br\/index.php\/2024\/02\/28\/intercambistas-norueguesas-visitam-educacao-de-vitoria\/\"},\"author\":{\"name\":\"Luzimara Fernandes\",\"@id\":\"https:\/\/jornalfatosenoticias.com.br\/#\/schema\/person\/d63837fa13ac8666eb9e74e0985d6f81\"},\"headline\":\"Intercambistas norueguesas visitam Educa\u00e7\u00e3o de Vit\u00f3ria\",\"datePublished\":\"2024-02-28T12:51:46+00:00\",\"dateModified\":\"2024-02-28T12:51:47+00:00\",\"mainEntityOfPage\":{\"@id\":\"https:\/\/jornalfatosenoticias.com.br\/index.php\/2024\/02\/28\/intercambistas-norueguesas-visitam-educacao-de-vitoria\/\"},\"wordCount\":267,\"commentCount\":0,\"publisher\":{\"@id\":\"https:\/\/jornalfatosenoticias.com.br\/#organization\"},\"image\":{\"@id\":\"https:\/\/jornalfatosenoticias.com.br\/index.php\/2024\/02\/28\/intercambistas-norueguesas-visitam-educacao-de-vitoria\/#primaryimage\"},\"thumbnailUrl\":\"https:\/\/jornalfatosenoticias.com.br\/wp-content\/uploads\/2024\/02\/intercambistas-norueguesas.jpg\",\"keywords\":[\"educa\u00e7\u00e3o de Vit\u00f3ria\",\"intercambistas norueguesas\",\"Noruega\"],\"articleSection\":[\"Educa\u00e7\u00e3o\"],\"inLanguage\":\"pt-BR\",\"potentialAction\":[{\"@type\":\"CommentAction\",\"name\":\"Comment\",\"target\":[\"https:\/\/jornalfatosenoticias.com.br\/index.php\/2024\/02\/28\/intercambistas-norueguesas-visitam-educacao-de-vitoria\/#respond\"]}]},{\"@type\":\"WebPage\",\"@id\":\"https:\/\/jornalfatosenoticias.com.br\/index.php\/2024\/02\/28\/intercambistas-norueguesas-visitam-educacao-de-vitoria\/\",\"url\":\"https:\/\/jornalfatosenoticias.com.br\/index.php\/2024\/02\/28\/intercambistas-norueguesas-visitam-educacao-de-vitoria\/\",\"name\":\"Intercambistas norueguesas visitam Educa\u00e7\u00e3o de Vit\u00f3ria - Jornal Fatos e Not\u00edcias\",\"isPartOf\":{\"@id\":\"https:\/\/jornalfatosenoticias.com.br\/#website\"},\"primaryImageOfPage\":{\"@id\":\"https:\/\/jornalfatosenoticias.com.br\/index.php\/2024\/02\/28\/intercambistas-norueguesas-visitam-educacao-de-vitoria\/#primaryimage\"},\"image\":{\"@id\":\"https:\/\/jornalfatosenoticias.com.br\/index.php\/2024\/02\/28\/intercambistas-norueguesas-visitam-educacao-de-vitoria\/#primaryimage\"},\"thumbnailUrl\":\"https:\/\/jornalfatosenoticias.com.br\/wp-content\/uploads\/2024\/02\/intercambistas-norueguesas.jpg\",\"datePublished\":\"2024-02-28T12:51:46+00:00\",\"dateModified\":\"2024-02-28T12:51:47+00:00\",\"breadcrumb\":{\"@id\":\"https:\/\/jornalfatosenoticias.com.br\/index.php\/2024\/02\/28\/intercambistas-norueguesas-visitam-educacao-de-vitoria\/#breadcrumb\"},\"inLanguage\":\"pt-BR\",\"potentialAction\":[{\"@type\":\"ReadAction\",\"target\":[\"https:\/\/jornalfatosenoticias.com.br\/index.php\/2024\/02\/28\/intercambistas-norueguesas-visitam-educacao-de-vitoria\/\"]}]},{\"@type\":\"ImageObject\",\"inLanguage\":\"pt-BR\",\"@id\":\"https:\/\/jornalfatosenoticias.com.br\/index.php\/2024\/02\/28\/intercambistas-norueguesas-visitam-educacao-de-vitoria\/#primaryimage\",\"url\":\"https:\/\/jornalfatosenoticias.com.br\/wp-content\/uploads\/2024\/02\/intercambistas-norueguesas.jpg\",\"contentUrl\":\"https:\/\/jornalfatosenoticias.com.br\/wp-content\/uploads\/2024\/02\/intercambistas-norueguesas.jpg\",\"width\":700,\"height\":454,\"caption\":\"Seme apresenta educa\u00e7\u00e3o de Vit\u00f3ria para intercambistas norueguesas\"},{\"@type\":\"BreadcrumbList\",\"@id\":\"https:\/\/jornalfatosenoticias.com.br\/index.php\/2024\/02\/28\/intercambistas-norueguesas-visitam-educacao-de-vitoria\/#breadcrumb\",\"itemListElement\":[{\"@type\":\"ListItem\",\"position\":1,\"name\":\"In\u00edcio\",\"item\":\"https:\/\/jornalfatosenoticias.com.br\/\"},{\"@type\":\"ListItem\",\"position\":2,\"name\":\"Intercambistas norueguesas visitam Educa\u00e7\u00e3o de Vit\u00f3ria\"}]},{\"@type\":\"WebSite\",\"@id\":\"https:\/\/jornalfatosenoticias.com.br\/#website\",\"url\":\"https:\/\/jornalfatosenoticias.com.br\/\",\"name\":\"Jornal Fatos e Not\u00edcias\",\"description\":\"Not\u00edcias em geral\",\"publisher\":{\"@id\":\"https:\/\/jornalfatosenoticias.com.br\/#organization\"},\"potentialAction\":[{\"@type\":\"SearchAction\",\"target\":{\"@type\":\"EntryPoint\",\"urlTemplate\":\"https:\/\/jornalfatosenoticias.com.br\/?s={search_term_string}\"},\"query-input\":{\"@type\":\"PropertyValueSpecification\",\"valueRequired\":true,\"valueName\":\"search_term_string\"}}],\"inLanguage\":\"pt-BR\"},{\"@type\":\"Organization\",\"@id\":\"https:\/\/jornalfatosenoticias.com.br\/#organization\",\"name\":\"Jornal Fatos e Not\u00edcias\",\"url\":\"https:\/\/jornalfatosenoticias.com.br\/\",\"logo\":{\"@type\":\"ImageObject\",\"inLanguage\":\"pt-BR\",\"@id\":\"https:\/\/jornalfatosenoticias.com.br\/#\/schema\/logo\/image\/\",\"url\":\"https:\/\/jornalfatosenoticias.com.br\/wp-content\/uploads\/2020\/02\/logo120.png\",\"contentUrl\":\"https:\/\/jornalfatosenoticias.com.br\/wp-content\/uploads\/2020\/02\/logo120.png\",\"width\":1227,\"height\":120,\"caption\":\"Jornal Fatos e Not\u00edcias\"},\"image\":{\"@id\":\"https:\/\/jornalfatosenoticias.com.br\/#\/schema\/logo\/image\/\"}},{\"@type\":\"Person\",\"@id\":\"https:\/\/jornalfatosenoticias.com.br\/#\/schema\/person\/d63837fa13ac8666eb9e74e0985d6f81\",\"name\":\"Luzimara Fernandes\",\"image\":{\"@type\":\"ImageObject\",\"inLanguage\":\"pt-BR\",\"@id\":\"https:\/\/jornalfatosenoticias.com.br\/#\/schema\/person\/image\/\",\"url\":\"https:\/\/jornalfatosenoticias.com.br\/wp-content\/uploads\/2025\/05\/EU_portal.jpg\",\"contentUrl\":\"https:\/\/jornalfatosenoticias.com.br\/wp-content\/uploads\/2025\/05\/EU_portal.jpg\",\"caption\":\"Luzimara Fernandes\"},\"description\":\"Jornalista MTB 2358-ES\",\"sameAs\":[\"https:\/\/jornalfatosenoticias.com.br\"],\"url\":\"https:\/\/jornalfatosenoticias.com.br\/index.php\/author\/luzimara\/\"}]}<\/script>\n<!-- \/ Yoast SEO plugin. -->","yoast_head_json":{"title":"Intercambistas norueguesas visitam Educa\u00e7\u00e3o de Vit\u00f3ria - Jornal Fatos e Not\u00edcias","robots":{"index":"index","follow":"follow","max-snippet":"max-snippet:-1","max-image-preview":"max-image-preview:large","max-video-preview":"max-video-preview:-1"},"canonical":"https:\/\/jornalfatosenoticias.com.br\/index.php\/2024\/02\/28\/intercambistas-norueguesas-visitam-educacao-de-vitoria\/","og_locale":"pt_BR","og_type":"article","og_title":"Intercambistas norueguesas visitam Educa\u00e7\u00e3o de Vit\u00f3ria - Jornal Fatos e Not\u00edcias","og_description":"Por Lu\u00eds Oliveira As estudantes do curso de Prote\u00e7\u00e3o Infantil da \u00d8stfold University College, que fica na Noruega, Maria Kristiansen, 25, Selma Bookholt, 23, e Seline Enebakk, 21, realizaram uma visita \u00e0 Secretaria de Educa\u00e7\u00e3o de Vit\u00f3ria (Seme) para conhecer de perto alguns equipamentos e servi\u00e7os realizados pela rede municipal. As intercambistas foram recebidas pela [&hellip;]","og_url":"https:\/\/jornalfatosenoticias.com.br\/index.php\/2024\/02\/28\/intercambistas-norueguesas-visitam-educacao-de-vitoria\/","og_site_name":"Jornal Fatos e Not\u00edcias","article_published_time":"2024-02-28T12:51:46+00:00","article_modified_time":"2024-02-28T12:51:47+00:00","og_image":[{"width":700,"height":454,"url":"https:\/\/jornalfatosenoticias.com.br\/wp-content\/uploads\/2024\/02\/intercambistas-norueguesas.jpg","type":"image\/jpeg"}],"author":"Luzimara Fernandes","twitter_card":"summary_large_image","twitter_misc":{"Escrito por":"Luzimara Fernandes","Est. tempo de leitura":"1 minuto"},"schema":{"@context":"https:\/\/schema.org","@graph":[{"@type":"Article","@id":"https:\/\/jornalfatosenoticias.com.br\/index.php\/2024\/02\/28\/intercambistas-norueguesas-visitam-educacao-de-vitoria\/#article","isPartOf":{"@id":"https:\/\/jornalfatosenoticias.com.br\/index.php\/2024\/02\/28\/intercambistas-norueguesas-visitam-educacao-de-vitoria\/"},"author":{"name":"Luzimara Fernandes","@id":"https:\/\/jornalfatosenoticias.com.br\/#\/schema\/person\/d63837fa13ac8666eb9e74e0985d6f81"},"headline":"Intercambistas norueguesas visitam Educa\u00e7\u00e3o de Vit\u00f3ria","datePublished":"2024-02-28T12:51:46+00:00","dateModified":"2024-02-28T12:51:47+00:00","mainEntityOfPage":{"@id":"https:\/\/jornalfatosenoticias.com.br\/index.php\/2024\/02\/28\/intercambistas-norueguesas-visitam-educacao-de-vitoria\/"},"wordCount":267,"commentCount":0,"publisher":{"@id":"https:\/\/jornalfatosenoticias.com.br\/#organization"},"image":{"@id":"https:\/\/jornalfatosenoticias.com.br\/index.php\/2024\/02\/28\/intercambistas-norueguesas-visitam-educacao-de-vitoria\/#primaryimage"},"thumbnailUrl":"https:\/\/jornalfatosenoticias.com.br\/wp-content\/uploads\/2024\/02\/intercambistas-norueguesas.jpg","keywords":["educa\u00e7\u00e3o de Vit\u00f3ria","intercambistas norueguesas","Noruega"],"articleSection":["Educa\u00e7\u00e3o"],"inLanguage":"pt-BR","potentialAction":[{"@type":"CommentAction","name":"Comment","target":["https:\/\/jornalfatosenoticias.com.br\/index.php\/2024\/02\/28\/intercambistas-norueguesas-visitam-educacao-de-vitoria\/#respond"]}]},{"@type":"WebPage","@id":"https:\/\/jornalfatosenoticias.com.br\/index.php\/2024\/02\/28\/intercambistas-norueguesas-visitam-educacao-de-vitoria\/","url":"https:\/\/jornalfatosenoticias.com.br\/index.php\/2024\/02\/28\/intercambistas-norueguesas-visitam-educacao-de-vitoria\/","name":"Intercambistas norueguesas visitam Educa\u00e7\u00e3o de Vit\u00f3ria - Jornal Fatos e Not\u00edcias","isPartOf":{"@id":"https:\/\/jornalfatosenoticias.com.br\/#website"},"primaryImageOfPage":{"@id":"https:\/\/jornalfatosenoticias.com.br\/index.php\/2024\/02\/28\/intercambistas-norueguesas-visitam-educacao-de-vitoria\/#primaryimage"},"image":{"@id":"https:\/\/jornalfatosenoticias.com.br\/index.php\/2024\/02\/28\/intercambistas-norueguesas-visitam-educacao-de-vitoria\/#primaryimage"},"thumbnailUrl":"https:\/\/jornalfatosenoticias.com.br\/wp-content\/uploads\/2024\/02\/intercambistas-norueguesas.jpg","datePublished":"2024-02-28T12:51:46+00:00","dateModified":"2024-02-28T12:51:47+00:00","breadcrumb":{"@id":"https:\/\/jornalfatosenoticias.com.br\/index.php\/2024\/02\/28\/intercambistas-norueguesas-visitam-educacao-de-vitoria\/#breadcrumb"},"inLanguage":"pt-BR","potentialAction":[{"@type":"ReadAction","target":["https:\/\/jornalfatosenoticias.com.br\/index.php\/2024\/02\/28\/intercambistas-norueguesas-visitam-educacao-de-vitoria\/"]}]},{"@type":"ImageObject","inLanguage":"pt-BR","@id":"https:\/\/jornalfatosenoticias.com.br\/index.php\/2024\/02\/28\/intercambistas-norueguesas-visitam-educacao-de-vitoria\/#primaryimage","url":"https:\/\/jornalfatosenoticias.com.br\/wp-content\/uploads\/2024\/02\/intercambistas-norueguesas.jpg","contentUrl":"https:\/\/jornalfatosenoticias.com.br\/wp-content\/uploads\/2024\/02\/intercambistas-norueguesas.jpg","width":700,"height":454,"caption":"Seme apresenta educa\u00e7\u00e3o de Vit\u00f3ria para intercambistas norueguesas"},{"@type":"BreadcrumbList","@id":"https:\/\/jornalfatosenoticias.com.br\/index.php\/2024\/02\/28\/intercambistas-norueguesas-visitam-educacao-de-vitoria\/#breadcrumb","itemListElement":[{"@type":"ListItem","position":1,"name":"In\u00edcio","item":"https:\/\/jornalfatosenoticias.com.br\/"},{"@type":"ListItem","position":2,"name":"Intercambistas norueguesas visitam Educa\u00e7\u00e3o de Vit\u00f3ria"}]},{"@type":"WebSite","@id":"https:\/\/jornalfatosenoticias.com.br\/#website","url":"https:\/\/jornalfatosenoticias.com.br\/","name":"Jornal Fatos e Not\u00edcias","description":"Not\u00edcias em geral","publisher":{"@id":"https:\/\/jornalfatosenoticias.com.br\/#organization"},"potentialAction":[{"@type":"SearchAction","target":{"@type":"EntryPoint","urlTemplate":"https:\/\/jornalfatosenoticias.com.br\/?s={search_term_string}"},"query-input":{"@type":"PropertyValueSpecification","valueRequired":true,"valueName":"search_term_string"}}],"inLanguage":"pt-BR"},{"@type":"Organization","@id":"https:\/\/jornalfatosenoticias.com.br\/#organization","name":"Jornal Fatos e Not\u00edcias","url":"https:\/\/jornalfatosenoticias.com.br\/","logo":{"@type":"ImageObject","inLanguage":"pt-BR","@id":"https:\/\/jornalfatosenoticias.com.br\/#\/schema\/logo\/image\/","url":"https:\/\/jornalfatosenoticias.com.br\/wp-content\/uploads\/2020\/02\/logo120.png","contentUrl":"https:\/\/jornalfatosenoticias.com.br\/wp-content\/uploads\/2020\/02\/logo120.png","width":1227,"height":120,"caption":"Jornal Fatos e Not\u00edcias"},"image":{"@id":"https:\/\/jornalfatosenoticias.com.br\/#\/schema\/logo\/image\/"}},{"@type":"Person","@id":"https:\/\/jornalfatosenoticias.com.br\/#\/schema\/person\/d63837fa13ac8666eb9e74e0985d6f81","name":"Luzimara Fernandes","image":{"@type":"ImageObject","inLanguage":"pt-BR","@id":"https:\/\/jornalfatosenoticias.com.br\/#\/schema\/person\/image\/","url":"https:\/\/jornalfatosenoticias.com.br\/wp-content\/uploads\/2025\/05\/EU_portal.jpg","contentUrl":"https:\/\/jornalfatosenoticias.com.br\/wp-content\/uploads\/2025\/05\/EU_portal.jpg","caption":"Luzimara Fernandes"},"description":"Jornalista MTB 2358-ES","sameAs":["https:\/\/jornalfatosenoticias.com.br"],"url":"https:\/\/jornalfatosenoticias.com.br\/index.php\/author\/luzimara\/"}]}},"cc_featured_image_caption":{"caption_text":"(Foto: Lu\u00eds Oliveira) ","source_text":"","source_url":""},"jetpack_featured_media_url":"https:\/\/jornalfatosenoticias.com.br\/wp-content\/uploads\/2024\/02\/intercambistas-norueguesas.jpg","_links":{"self":[{"href":"https:\/\/jornalfatosenoticias.com.br\/index.php\/wp-json\/wp\/v2\/posts\/49498","targetHints":{"allow":["GET"]}}],"collection":[{"href":"https:\/\/jornalfatosenoticias.com.br\/index.php\/wp-json\/wp\/v2\/posts"}],"about":[{"href":"https:\/\/jornalfatosenoticias.com.br\/index.php\/wp-json\/wp\/v2\/types\/post"}],"author":[{"embeddable":true,"href":"https:\/\/jornalfatosenoticias.com.br\/index.php\/wp-json\/wp\/v2\/users\/2"}],"replies":[{"embeddable":true,"href":"https:\/\/jornalfatosenoticias.com.br\/index.php\/wp-json\/wp\/v2\/comments?post=49498"}],"version-history":[{"count":0,"href":"https:\/\/jornalfatosenoticias.com.br\/index.php\/wp-json\/wp\/v2\/posts\/49498\/revisions"}],"wp:featuredmedia":[{"embeddable":true,"href":"https:\/\/jornalfatosenoticias.com.br\/index.php\/wp-json\/wp\/v2\/media\/49499"}],"wp:attachment":[{"href":"https:\/\/jornalfatosenoticias.com.br\/index.php\/wp-json\/wp\/v2\/media?parent=49498"}],"wp:term":[{"taxonomy":"category","embeddable":true,"href":"https:\/\/jornalfatosenoticias.com.br\/index.php\/wp-json\/wp\/v2\/categories?post=49498"},{"taxonomy":"post_tag","embeddable":true,"href":"https:\/\/jornalfatosenoticias.com.br\/index.php\/wp-json\/wp\/v2\/tags?post=49498"}],"curies":[{"name":"wp","href":"https:\/\/api.w.org\/{rel}","templated":true}]}}