{"id":49504,"date":"2024-02-28T10:44:57","date_gmt":"2024-02-28T13:44:57","guid":{"rendered":"https:\/\/jornalfatosenoticias.com.br\/?p=49504"},"modified":"2024-02-28T10:44:58","modified_gmt":"2024-02-28T13:44:58","slug":"por-que-cada-vez-mais-homens-tem-o-penis-amputado-no-brasil","status":"publish","type":"post","link":"https:\/\/jornalfatosenoticias.com.br\/index.php\/2024\/02\/28\/por-que-cada-vez-mais-homens-tem-o-penis-amputado-no-brasil\/","title":{"rendered":"Por que cada vez mais homens t\u00eam o p\u00eanis amputado no Brasil?"},"content":{"rendered":"\n<p><em><span class=\"has-inline-color has-black-color\">Dados do Minist\u00e9rio da Sa\u00fade mostram que, entre 2013 e 2022, cerca de19,9 mil homens tiveram o diagn\u00f3stico de c\u00e2ncer de p\u00eanis, sendo que, desse total, 5,6 mil tiveram que ter o \u00f3rg\u00e3o amputado devido \u00e0 gravidade da doen\u00e7a<\/span><\/em><\/p>\n\n\n\n<p><span class=\"has-inline-color has-black-color\">Por <strong>Rone Carvalho<\/strong><\/span><\/p>\n\n\n\n<div class=\"wp-block-image\"><figure class=\"aligncenter size-large\"><img loading=\"lazy\" decoding=\"async\" width=\"729\" height=\"90\" src=\"https:\/\/jornalfatosenoticias.com.br\/wp-content\/uploads\/2020\/02\/Logo_Mizu.png\" alt=\"\" class=\"wp-image-1441\" srcset=\"https:\/\/jornalfatosenoticias.com.br\/wp-content\/uploads\/2020\/02\/Logo_Mizu.png 729w, https:\/\/jornalfatosenoticias.com.br\/wp-content\/uploads\/2020\/02\/Logo_Mizu-300x37.png 300w\" sizes=\"auto, (max-width: 729px) 100vw, 729px\" \/><\/figure><\/div>\n\n\n\n<p>Um levantamento da Sociedade Brasileira de Urologia (SBU), com base em estat\u00edsticas do Minist\u00e9rio da Sa\u00fade, mostra que o n\u00famero de casos assim t\u00eam crescido no Brasil. Entre 2013 e 2022, cerca de19,9 mil homens tiveram o diagn\u00f3stico de c\u00e2ncer de p\u00eanis, sendo que, desse total, 5,6 mil tiveram que ter o \u00f3rg\u00e3o amputado pela gravidade da doen\u00e7a. Uma m\u00e9dia de pouco mais de dez amputa\u00e7\u00f5es por semana.<br>Segundo a SBU, quase todos os casos de amputa\u00e7\u00f5es de p\u00eanis que s\u00e3o registrados no pa\u00eds s\u00e3o por conta de c\u00e2ncer, sendo raro casos de amputa\u00e7\u00f5es por outras causas, como acidentes. Desde 2008, o n\u00famero de amputa\u00e7\u00f5es de p\u00eanis por c\u00e2ncer tem crescido no Brasil. Foram 411 naquele ano, e houve 573 de janeiro a novembro do ano passado, quase 40% a mais.<\/p>\n\n\n\n<blockquote class=\"wp-block-quote is-layout-flow wp-block-quote-is-layout-flow\"><p><span class=\"has-inline-color has-luminous-vivid-orange-color\">Infelizmente, por vergonha ou falta de acesso aos servi\u00e7os de sa\u00fade, \u00e9 muito comum o homem recorrer a tratamentos indicados por conhecidos ou aquelas &#8216;pomadinhas&#8217; do balconista da farm\u00e1cia&#8221;, afirma Diogo Abreu, m\u00e9dico da se\u00e7\u00e3o de Urologia do Instituto Nacional do C\u00e2ncer (Inca). &#8220;Isso atrasa o diagn\u00f3stico precoce e prejudica o resultado do tratamento&#8221;.<\/span><\/p><\/blockquote>\n\n\n\n<div class=\"wp-block-image\"><figure class=\"aligncenter size-large is-resized\"><img loading=\"lazy\" decoding=\"async\" src=\"https:\/\/jornalfatosenoticias.com.br\/wp-content\/uploads\/2023\/08\/BKR-1024x1021.jpg\" alt=\"\" class=\"wp-image-44494\" width=\"330\" height=\"329\" srcset=\"https:\/\/jornalfatosenoticias.com.br\/wp-content\/uploads\/2023\/08\/BKR-1024x1021.jpg 1024w, https:\/\/jornalfatosenoticias.com.br\/wp-content\/uploads\/2023\/08\/BKR-300x300.jpg 300w, https:\/\/jornalfatosenoticias.com.br\/wp-content\/uploads\/2023\/08\/BKR-150x150.jpg 150w, https:\/\/jornalfatosenoticias.com.br\/wp-content\/uploads\/2023\/08\/BKR-768x766.jpg 768w, https:\/\/jornalfatosenoticias.com.br\/wp-content\/uploads\/2023\/08\/BKR.jpg 1080w\" sizes=\"auto, (max-width: 330px) 100vw, 330px\" \/><\/figure><\/div>\n\n\n\n<p>A demora no diagn\u00f3stico aumenta as chances de ser necess\u00e1rio amputar o p\u00eanis, porque o passar do tempo sem o tratamento adequado aumenta a gravidade do quadro. Isso tamb\u00e9m eleva as chances de morte pela doen\u00e7a que \u00e9, em m\u00e9dia, de 0,29 casos para cada 100.000 habitantes. No mundo, o Brasil \u00e9 o terceiro Pa\u00eds onde mais homens morrem de c\u00e2ncer de p\u00eanis.<br>Para se ter uma ideia, o levantamento global de mortes pela doen\u00e7a mais recente da SBU, feito em 2020, mostra o Brasil (539 mortes) atr\u00e1s apenas de \u00cdndia (4.760 mortes) e China (1.565 mortes).<\/p>\n\n\n\n<div class=\"wp-block-image\"><figure class=\"aligncenter size-large\"><img decoding=\"async\" src=\"https:\/\/jornalfatosenoticias.com.br\/wp-content\/uploads\/2020\/02\/logo_esteio.jpg\" alt=\"\" class=\"wp-image-1214\"\/><\/figure><\/div>\n\n\n\n<blockquote class=\"wp-block-quote is-layout-flow wp-block-quote-is-layout-flow\"><p><span class=\"has-inline-color has-luminous-vivid-orange-color\">A enorme defici\u00eancia em educa\u00e7\u00e3o de qualidade no Brasil cria uma grande dificuldade de acesso \u00e0 informa\u00e7\u00e3o, incluindo sobre h\u00e1bitos de higiene fundamentais para evitar a doen\u00e7a&#8221;, disse Maur\u00edcio Cordeiro, coordenador do Departamento de Uro-Oncologia da Sociedade Brasileira de Urologia (SBU).<\/span><\/p><\/blockquote>\n\n\n\n<div class=\"wp-block-image\"><figure class=\"aligncenter size-large\"><img decoding=\"async\" src=\"https:\/\/jornalfatosenoticias.com.br\/wp-content\/uploads\/2020\/02\/barao-das-carnes-300x164-1.jpg\" alt=\"\" class=\"wp-image-34339\"\/><\/figure><\/div>\n\n\n\n<p>Questionado sobre a alta incid\u00eancia de c\u00e2ncer de p\u00eanis, em rela\u00e7\u00e3o a outros pa\u00edses do mundo, o Minist\u00e9rio da Sa\u00fade disse que trabalha com campanhas de conscientiza\u00e7\u00e3o sobre a doen\u00e7a. A pasta tamb\u00e9m afirmou que a atual gest\u00e3o retomou investimentos em pol\u00edticas de sa\u00fade e de cuidado aos pacientes com c\u00e2ncer por meio do Plano de Expans\u00e3o da Radioterapia.<\/p>\n\n\n\n<div class=\"wp-block-image\"><figure class=\"aligncenter size-large\"><img loading=\"lazy\" decoding=\"async\" width=\"300\" height=\"250\" src=\"https:\/\/jornalfatosenoticias.com.br\/wp-content\/uploads\/2022\/02\/FERRARI_MAQUINAS-E-FERRAMENTAS2.jpg\" alt=\"\" class=\"wp-image-27860\"\/><\/figure><\/div>\n\n\n\n<blockquote class=\"wp-block-quote is-layout-flow wp-block-quote-is-layout-flow\"><p><span class=\"has-inline-color has-luminous-vivid-orange-color\">Na primeira etapa, foram previstas 92 solu\u00e7\u00f5es de radioterapia \u2014 que compreendem al\u00e9m da obra, os aceleradores lineares \u2014 com um investimento de R$ 575 milh\u00f5es&#8221;, disse o minist\u00e9rio. &#8220;A segunda etapa, prevista no Novo Programa de Acelera\u00e7\u00e3o do Crescimento (PAC), conta com um investimento total de R$ 605 milh\u00f5es, sendo R$ 205 milh\u00f5es para conclus\u00e3o de obras da primeira fase e R$ 400 milh\u00f5es para a viabiliza\u00e7\u00e3o de 40 novas solu\u00e7\u00f5es de radioterapia&#8221;. A pasta ressaltou ainda que o Sistema \u00danico de Sa\u00fade (SUS) oferece gratuitamente tratamento integral aos pacientes com c\u00e2ncer.<\/span><\/p><\/blockquote>\n\n\n\n<div class=\"wp-block-image\"><figure class=\"aligncenter size-large is-resized\"><img loading=\"lazy\" decoding=\"async\" src=\"https:\/\/jornalfatosenoticias.com.br\/wp-content\/uploads\/2023\/03\/logo-Panper_portal.jpg\" alt=\"\" class=\"wp-image-40208\" width=\"341\" height=\"236\" srcset=\"https:\/\/jornalfatosenoticias.com.br\/wp-content\/uploads\/2023\/03\/logo-Panper_portal.jpg 400w, https:\/\/jornalfatosenoticias.com.br\/wp-content\/uploads\/2023\/03\/logo-Panper_portal-300x208.jpg 300w\" sizes=\"auto, (max-width: 341px) 100vw, 341px\" \/><\/figure><\/div>\n\n\n\n<p><strong><span class=\"has-inline-color has-black-color\">Como se prevenir<br><\/span><\/strong>Especialistas ouvidos pela BBC News Brasil ressaltam que diferente, de outros tipos de c\u00e2ncer, o de p\u00eanis \u00e9 um dos que mais podem ser prevenidos. Isso porque a doen\u00e7a tem rela\u00e7\u00e3o direta com a pobreza e com a aus\u00eancia de boas condi\u00e7\u00f5es socioecon\u00f4micas.<\/p>\n\n\n\n<blockquote class=\"wp-block-quote is-layout-flow wp-block-quote-is-layout-flow\"><p><span class=\"has-inline-color has-luminous-vivid-orange-color\">Enquanto se trata de doen\u00e7a rara em pa\u00edses ricos e desenvolvidos, o c\u00e2ncer de p\u00eanis apresenta uma incid\u00eancia (casos novos) alta em pa\u00edses pobres&#8221;, diz Abreu, do Inca.<\/span><\/p><\/blockquote>\n\n\n\n<div class=\"wp-block-image\"><figure class=\"aligncenter size-large is-resized\"><img loading=\"lazy\" decoding=\"async\" src=\"https:\/\/jornalfatosenoticias.com.br\/wp-content\/uploads\/2020\/02\/nova-logo-Marquetti.jpg\" alt=\"\" class=\"wp-image-22331\" width=\"306\" height=\"205\" srcset=\"https:\/\/jornalfatosenoticias.com.br\/wp-content\/uploads\/2020\/02\/nova-logo-Marquetti.jpg 643w, https:\/\/jornalfatosenoticias.com.br\/wp-content\/uploads\/2020\/02\/nova-logo-Marquetti-300x202.jpg 300w\" sizes=\"auto, (max-width: 306px) 100vw, 306px\" \/><\/figure><\/div>\n\n\n\n<p>No Brasil, estudos mostram que as regi\u00f5es Norte e Nordeste, onde os \u00edndices de pobreza s\u00e3o mais altos, concentram a maior incid\u00eancia da doen\u00e7a, enquanto o Sul, mais rico, tem \u00edndices quase semelhantes aos de pa\u00edses desenvolvidos, com poucos casos.<\/p>\n\n\n\n<div class=\"wp-block-image\"><figure class=\"aligncenter size-large is-resized\"><img loading=\"lazy\" decoding=\"async\" src=\"https:\/\/jornalfatosenoticias.com.br\/wp-content\/uploads\/2024\/01\/consultoria-ambiental.jpg\" alt=\"\" class=\"wp-image-48314\" width=\"318\" height=\"287\" srcset=\"https:\/\/jornalfatosenoticias.com.br\/wp-content\/uploads\/2024\/01\/consultoria-ambiental.jpg 832w, https:\/\/jornalfatosenoticias.com.br\/wp-content\/uploads\/2024\/01\/consultoria-ambiental-300x272.jpg 300w, https:\/\/jornalfatosenoticias.com.br\/wp-content\/uploads\/2024\/01\/consultoria-ambiental-768x696.jpg 768w\" sizes=\"auto, (max-width: 318px) 100vw, 318px\" \/><\/figure><\/div>\n\n\n\n<p>&#8220;Infelizmente, o Brasil ainda \u00e9 um Pa\u00eds com uma enorme defici\u00eancia em educa\u00e7\u00e3o de qualidade, e isso cria uma grande dificuldade de acesso \u00e0 informa\u00e7\u00e3o, incluindo os h\u00e1bitos de higiene&#8221;, apontou Maur\u00edcio Cordeiro, coordenador do Departamento de Uro-oncologia da SBU. &#8220;A higiene correta ajuda a evitar o c\u00e2ncer de p\u00eanis, e o diagn\u00f3stico precoce da doen\u00e7a, que \u00e9 essencial para o tratamento sem a necessidade de procedimentos mais radicais, como a amputa\u00e7\u00e3o&#8221;, completou.<\/p>\n\n\n\n<div class=\"wp-block-image\"><figure class=\"aligncenter size-large is-resized\"><img loading=\"lazy\" decoding=\"async\" src=\"https:\/\/jornalfatosenoticias.com.br\/wp-content\/uploads\/2022\/02\/Precisao-Contabilidade-1024x724.jpg\" alt=\"\" class=\"wp-image-28088\" width=\"342\" height=\"242\"\/><\/figure><\/div>\n\n\n\n<blockquote class=\"wp-block-quote is-layout-flow wp-block-quote-is-layout-flow\"><p>Como exemplo, Marcus Vinicius Baptista Queiroz, professor de Urologia na Universidade Federal do Par\u00e1 (UFPA) cita uma pesquisa feita por quatro universidades e centros de pesquisa do Brasil, publicada em 2018. O estudo apontou o <strong><span class=\"has-inline-color has-black-color\">Maranh\u00e3o \u2014 Estado mais pobre do Brasil <\/span><\/strong>\u2014 como lugar que concentra a maior quantidade proporcional de tumores de p\u00eanis no mundo: cerca 6,1 casos a cada 100 mil habitantes.<\/p><\/blockquote>\n\n\n\n<div class=\"wp-block-image\"><figure class=\"aligncenter size-large\"><img decoding=\"async\" src=\"https:\/\/jornalfatosenoticias.com.br\/wp-content\/uploads\/2020\/02\/barao-das-carnes-300x164-1.jpg\" alt=\"\" class=\"wp-image-34339\"\/><\/figure><\/div>\n\n\n\n<p>&#8220;Por isso a import\u00e2ncia do homem ter acesso \u00e0 orienta\u00e7\u00e3o e \u00e0 corre\u00e7\u00e3o de fatores que podem levar a doen\u00e7a, como a fimose n\u00e3o tratada&#8221;, diz Queiroz.<br>A fimose caracteriza-se pelo excesso de pele que recobre o p\u00eanis fazendo com que a cabe\u00e7a, tamb\u00e9m conhecida como glande, n\u00e3o seja exposta. \u00c9 uma condi\u00e7\u00e3o mais comum quando ainda se \u00e9 beb\u00ea, mas pode se desenvolver tamb\u00e9m na fase adulta, provocada por um quadro de infec\u00e7\u00e3o ou traumatismo no local.<\/p>\n\n\n\n<div class=\"wp-block-image\"><figure class=\"aligncenter size-large\"><img loading=\"lazy\" decoding=\"async\" width=\"300\" height=\"250\" src=\"https:\/\/jornalfatosenoticias.com.br\/wp-content\/uploads\/2020\/02\/Banner-2.png\" alt=\"\" class=\"wp-image-43787\"\/><\/figure><\/div>\n\n\n\n<p>Em regra, homens que possuem fimose apresentam maior dificuldade de realizar a higiene do p\u00eanis por conta do prep\u00facio \u2014 excesso de pele. Essa dificuldade de limpeza do p\u00eanis, visto que o \u00f3rg\u00e3o fica mais \u00famido e quente, favorece o surgimento de fungos que, a longo prazo, aumentam as chances de surgimento de c\u00e2ncer de p\u00eanis.<\/p>\n\n\n\n<div class=\"wp-block-image\"><figure class=\"aligncenter size-large is-resized\"><img loading=\"lazy\" decoding=\"async\" src=\"https:\/\/jornalfatosenoticias.com.br\/wp-content\/uploads\/2023\/12\/pegoretti-logo-pdf-1024x389.jpg\" alt=\"\" class=\"wp-image-47536\" width=\"496\" height=\"188\" srcset=\"https:\/\/jornalfatosenoticias.com.br\/wp-content\/uploads\/2023\/12\/pegoretti-logo-pdf-1024x389.jpg 1024w, https:\/\/jornalfatosenoticias.com.br\/wp-content\/uploads\/2023\/12\/pegoretti-logo-pdf-300x114.jpg 300w, https:\/\/jornalfatosenoticias.com.br\/wp-content\/uploads\/2023\/12\/pegoretti-logo-pdf-768x291.jpg 768w, https:\/\/jornalfatosenoticias.com.br\/wp-content\/uploads\/2023\/12\/pegoretti-logo-pdf.jpg 1120w\" sizes=\"auto, (max-width: 496px) 100vw, 496px\" \/><\/figure><\/div>\n\n\n\n<p><strong><span class=\"has-inline-color has-black-color\">Sinais de aten\u00e7\u00e3o e tratamento<br><\/span><\/strong>No Brasil, o c\u00e2ncer de p\u00eanis acomete, principalmente, homens acima dos 50 anos. &#8220;Qualquer ferimento no p\u00eanis que n\u00e3o cicatriza precisa ser avaliado por profissional de sa\u00fade e, de prefer\u00eancia, urologista&#8221;, recomenda Diogo Abreu. Entre os sinais de alerta, o m\u00e9dico do Inca cita:<\/p>\n\n\n\n<div class=\"wp-block-image\"><figure class=\"aligncenter size-large is-resized\"><img loading=\"lazy\" decoding=\"async\" src=\"https:\/\/jornalfatosenoticias.com.br\/wp-content\/uploads\/2024\/01\/LOGOMARCA-MELHORIM-versao-19.jpg\" alt=\"\" class=\"wp-image-48770\" width=\"333\" height=\"251\" srcset=\"https:\/\/jornalfatosenoticias.com.br\/wp-content\/uploads\/2024\/01\/LOGOMARCA-MELHORIM-versao-19.jpg 1000w, https:\/\/jornalfatosenoticias.com.br\/wp-content\/uploads\/2024\/01\/LOGOMARCA-MELHORIM-versao-19-300x226.jpg 300w, https:\/\/jornalfatosenoticias.com.br\/wp-content\/uploads\/2024\/01\/LOGOMARCA-MELHORIM-versao-19-768x579.jpg 768w\" sizes=\"auto, (max-width: 333px) 100vw, 333px\" \/><\/figure><\/div>\n\n\n\n<ul class=\"wp-block-list\"><li>Altera\u00e7\u00f5es na cor do p\u00eanis;<\/li><li>Espessamento da pele;<\/li><li>N\u00f3dulos ou \u00falceras que n\u00e3o cicatrizam;<\/li><li>Feridas com mau odor ou secre\u00e7\u00f5es.<\/li><\/ul>\n\n\n\n<div class=\"wp-block-image\"><figure class=\"aligncenter size-large\"><img loading=\"lazy\" decoding=\"async\" width=\"1024\" height=\"273\" src=\"https:\/\/jornalfatosenoticias.com.br\/wp-content\/uploads\/2023\/09\/vetorvix1024_1.jpg\" alt=\"\" class=\"wp-image-44868\" srcset=\"https:\/\/jornalfatosenoticias.com.br\/wp-content\/uploads\/2023\/09\/vetorvix1024_1.jpg 1024w, https:\/\/jornalfatosenoticias.com.br\/wp-content\/uploads\/2023\/09\/vetorvix1024_1-300x80.jpg 300w, https:\/\/jornalfatosenoticias.com.br\/wp-content\/uploads\/2023\/09\/vetorvix1024_1-768x205.jpg 768w\" sizes=\"auto, (max-width: 1024px) 100vw, 1024px\" \/><\/figure><\/div>\n\n\n\n<p>Especialistas ouvidos pela BBC News Brasil apontam que algumas atitudes simples podem ajudar na preven\u00e7\u00e3o da doen\u00e7a. A lavagem di\u00e1ria do p\u00eanis, com \u00e1gua e sabonete expondo a glande completamente, no caso de homens n\u00e3o circuncisados e, sempre, ap\u00f3s o contato sexual ajudam a diminuir as chances de ter a doen\u00e7a, diz Abreu.<\/p>\n\n\n\n<div class=\"wp-block-image\"><figure class=\"aligncenter size-large is-resized\"><img loading=\"lazy\" decoding=\"async\" src=\"https:\/\/jornalfatosenoticias.com.br\/wp-content\/uploads\/2023\/08\/ITH.jpeg\" alt=\"\" class=\"wp-image-44638\" width=\"324\" height=\"263\" srcset=\"https:\/\/jornalfatosenoticias.com.br\/wp-content\/uploads\/2023\/08\/ITH.jpeg 800w, https:\/\/jornalfatosenoticias.com.br\/wp-content\/uploads\/2023\/08\/ITH-300x244.jpeg 300w, https:\/\/jornalfatosenoticias.com.br\/wp-content\/uploads\/2023\/08\/ITH-768x624.jpeg 768w\" sizes=\"auto, (max-width: 324px) 100vw, 324px\" \/><\/figure><\/div>\n\n\n\n<blockquote class=\"wp-block-quote is-layout-flow wp-block-quote-is-layout-flow\"><p><span class=\"has-inline-color has-luminous-vivid-orange-color\">Al\u00e9m disso, \u00e9 importante parar de fumar, utilizar sempre o preservativo em qualquer tipo de contato sexual para prevenir o HPV e as outras infec\u00e7\u00f5es sexualmente transmiss\u00edveis&#8221;, ressalta o m\u00e9dico.<\/span><\/p><\/blockquote>\n\n\n\n<div class=\"wp-block-image\"><figure class=\"aligncenter size-large is-resized\"><img loading=\"lazy\" decoding=\"async\" src=\"https:\/\/jornalfatosenoticias.com.br\/wp-content\/uploads\/2024\/01\/consultoria-ambiental.jpg\" alt=\"\" class=\"wp-image-48314\" width=\"350\" height=\"316\" srcset=\"https:\/\/jornalfatosenoticias.com.br\/wp-content\/uploads\/2024\/01\/consultoria-ambiental.jpg 832w, https:\/\/jornalfatosenoticias.com.br\/wp-content\/uploads\/2024\/01\/consultoria-ambiental-300x272.jpg 300w, https:\/\/jornalfatosenoticias.com.br\/wp-content\/uploads\/2024\/01\/consultoria-ambiental-768x696.jpg 768w\" sizes=\"auto, (max-width: 350px) 100vw, 350px\" \/><\/figure><\/div>\n\n\n\n<p>Maur\u00edcio Cordeiro, coordenador do Departamento de Uro-oncologia da SBU, tamb\u00e9m destaca a import\u00e2ncia da vacina\u00e7\u00e3o contra o HPV (dispon\u00edvel no SUS para a popula\u00e7\u00e3o de nove a 14 anos e imunossuprimidos at\u00e9 os 45 anos) como uma importante ferramenta de preven\u00e7\u00e3o da doen\u00e7a.<\/p>\n\n\n\n<div class=\"wp-block-image\"><figure class=\"aligncenter size-large is-resized\"><img loading=\"lazy\" decoding=\"async\" src=\"https:\/\/jornalfatosenoticias.com.br\/wp-content\/uploads\/2020\/02\/nova-logo-Marquetti.jpg\" alt=\"\" class=\"wp-image-22331\" width=\"288\" height=\"193\" srcset=\"https:\/\/jornalfatosenoticias.com.br\/wp-content\/uploads\/2020\/02\/nova-logo-Marquetti.jpg 643w, https:\/\/jornalfatosenoticias.com.br\/wp-content\/uploads\/2020\/02\/nova-logo-Marquetti-300x202.jpg 300w\" sizes=\"auto, (max-width: 288px) 100vw, 288px\" \/><\/figure><\/div>\n\n\n\n<blockquote class=\"wp-block-quote is-layout-flow wp-block-quote-is-layout-flow\"><p><span class=\"has-inline-color has-luminous-vivid-orange-color\">Atualmente, temos dois tipos de vacinas contra o HPV: a quadrilavente (HPV4), que \u00e9 a disponibilizada pelo SUS e que cobre a maior parte dos tipos oncog\u00eanicos, os que predisp\u00f5em ao c\u00e2ncer, e a nonavalente (HPV9), que d\u00e1 cobertura para mais subtipos, j\u00e1 dispon\u00edvel na rede privada. Ambas s\u00e3o compostas por part\u00edculas do v\u00edrus preparadas pela t\u00e9cnica de DNA recombinante, que cria uma das prote\u00ednas que comp\u00f5em o caps\u00eddeo do HPV. Essas part\u00edculas s\u00e3o capazes de induzir a forma\u00e7\u00e3o de anticorpos neutralizantes em t\u00edtulos altos, que s\u00e3o suficientes para proteger quem recebe a vacina&#8221;, explicou Cordeiro.<\/span><\/p><\/blockquote>\n\n\n\n<div class=\"wp-block-image\"><figure class=\"aligncenter size-large is-resized\"><img loading=\"lazy\" decoding=\"async\" src=\"https:\/\/jornalfatosenoticias.com.br\/wp-content\/uploads\/2020\/02\/CONTROL-CS.jpg\" alt=\"\" class=\"wp-image-44991\" width=\"339\" height=\"406\" srcset=\"https:\/\/jornalfatosenoticias.com.br\/wp-content\/uploads\/2020\/02\/CONTROL-CS.jpg 834w, https:\/\/jornalfatosenoticias.com.br\/wp-content\/uploads\/2020\/02\/CONTROL-CS-250x300.jpg 250w, https:\/\/jornalfatosenoticias.com.br\/wp-content\/uploads\/2020\/02\/CONTROL-CS-768x921.jpg 768w\" sizes=\"auto, (max-width: 339px) 100vw, 339px\" \/><\/figure><\/div>\n\n\n\n<p>Uma vez diagnosticado o c\u00e2ncer de p\u00eanis, o tratamento consiste na remo\u00e7\u00e3o da les\u00e3o ou a retirada total do \u00f3rg\u00e3o, assim como a remo\u00e7\u00e3o de g\u00e2nglios (linfonodos) da pelve, virilha ou de dentro do abd\u00f4men, de acordo com o Minist\u00e9rio da Sa\u00fade.<br>Tamb\u00e9m podem ser recomendadas radioterapia e quimioterapia para reduzir o tumor ou em casos que n\u00e3o s\u00e3o considerados cir\u00fargicos. Quando diagnosticado em est\u00e1gio inicial, o c\u00e2ncer de p\u00eanis tem alta taxa de cura, ressaltou a pasta.<\/p>\n\n\n\n<div class=\"wp-block-image\"><figure class=\"aligncenter size-large is-resized\"><img loading=\"lazy\" decoding=\"async\" src=\"https:\/\/jornalfatosenoticias.com.br\/wp-content\/uploads\/2023\/08\/BKR-1024x1021.jpg\" alt=\"\" class=\"wp-image-44494\" width=\"313\" height=\"312\" srcset=\"https:\/\/jornalfatosenoticias.com.br\/wp-content\/uploads\/2023\/08\/BKR-1024x1021.jpg 1024w, https:\/\/jornalfatosenoticias.com.br\/wp-content\/uploads\/2023\/08\/BKR-300x300.jpg 300w, https:\/\/jornalfatosenoticias.com.br\/wp-content\/uploads\/2023\/08\/BKR-150x150.jpg 150w, https:\/\/jornalfatosenoticias.com.br\/wp-content\/uploads\/2023\/08\/BKR-768x766.jpg 768w, https:\/\/jornalfatosenoticias.com.br\/wp-content\/uploads\/2023\/08\/BKR.jpg 1080w\" sizes=\"auto, (max-width: 313px) 100vw, 313px\" \/><\/figure><\/div>\n\n\n\n<blockquote class=\"wp-block-quote is-layout-flow wp-block-quote-is-layout-flow\"><p><span class=\"has-inline-color has-luminous-vivid-orange-color\">Em fases iniciais, conseguimos tratar com a remo\u00e7\u00e3o somente da pele, evitando uma retirada do p\u00eanis&#8221;, afirma Roni de Carvalho Fernandes, diretor da Escola Superior de Urologia.<\/span><\/p><\/blockquote>\n\n\n\n<div class=\"wp-block-image\"><figure class=\"aligncenter size-large is-resized\"><img loading=\"lazy\" decoding=\"async\" src=\"https:\/\/jornalfatosenoticias.com.br\/wp-content\/uploads\/2020\/02\/logo-Rapuzel-1024x571.jpg\" alt=\"\" class=\"wp-image-42808\" width=\"365\" height=\"203\" srcset=\"https:\/\/jornalfatosenoticias.com.br\/wp-content\/uploads\/2020\/02\/logo-Rapuzel-1024x571.jpg 1024w, https:\/\/jornalfatosenoticias.com.br\/wp-content\/uploads\/2020\/02\/logo-Rapuzel-300x167.jpg 300w, https:\/\/jornalfatosenoticias.com.br\/wp-content\/uploads\/2020\/02\/logo-Rapuzel-768x428.jpg 768w, https:\/\/jornalfatosenoticias.com.br\/wp-content\/uploads\/2020\/02\/logo-Rapuzel-1536x856.jpg 1536w, https:\/\/jornalfatosenoticias.com.br\/wp-content\/uploads\/2020\/02\/logo-Rapuzel.jpg 1600w\" sizes=\"auto, (max-width: 365px) 100vw, 365px\" \/><\/figure><\/div>\n\n\n\n<p>No entanto, segundo o Minist\u00e9rio da Sa\u00fade, mais da metade dos pacientes demora at\u00e9 um ano ap\u00f3s as primeiras les\u00f5es para buscar ajuda m\u00e9dica, o que pode provocar complica\u00e7\u00f5es da doen\u00e7a, permitindo que ela se espalhe para outras partes do corpo.<\/p>\n\n\n\n<div class=\"wp-block-image\"><figure class=\"aligncenter size-large\"><img decoding=\"async\" src=\"https:\/\/jornalfatosenoticias.com.br\/wp-content\/uploads\/2020\/02\/barao-das-carnes-300x164-1.jpg\" alt=\"\" class=\"wp-image-34339\"\/><\/figure><\/div>\n\n\n\n<p><strong><span class=\"has-inline-color has-black-color\">As principais d\u00favidas sobre c\u00e2ncer de p\u00eanis<br><\/span><\/strong>O c\u00e2ncer de p\u00eanis representa 2% de todos os tipos de c\u00e2ncer que atingem homens. A pedido da BBC News Brasil, a m\u00e9dica urologista e diretora de Comunica\u00e7\u00e3o da Sociedade Brasileira de Urologia, Karin Anzolch, esclareceu as principais d\u00favidas de homens em rela\u00e7\u00e3o as formas de preven\u00e7\u00e3o do c\u00e2ncer de p\u00eanis.<\/p>\n\n\n\n<div class=\"wp-block-image\"><figure class=\"aligncenter size-large\"><img loading=\"lazy\" decoding=\"async\" width=\"300\" height=\"250\" src=\"https:\/\/jornalfatosenoticias.com.br\/wp-content\/uploads\/2022\/02\/FERRARI_MAQUINAS-E-FERRAMENTAS2.jpg\" alt=\"\" class=\"wp-image-27860\"\/><\/figure><\/div>\n\n\n\n<p><strong><span class=\"has-inline-color has-black-color\">Quantas vezes lavar o p\u00eanis por dia e qual o jeito certo?<br><\/span><\/strong>Depende um pouco do local, se \u00e9 quente ou frio, \u00famido ou seco, da idade, do tipo de atividade f\u00edsica, se \u00e9 algu\u00e9m que sua muito ou urina muitas vezes, se tem prep\u00facio ou n\u00e3o, se usa roupas pouco ventiladas e at\u00e9 se j\u00e1 teve infec\u00e7\u00f5es locais no passado. Mas, geralmente, deve ser feita pelo menos uma vez ao dia uma lavagem completa com \u00e1gua e sabonete, puxando a pele do prep\u00facio para tr\u00e1s e removendo os res\u00edduos de esmegma, que \u00e9 uma secre\u00e7\u00e3o espessa e esbranqui\u00e7ada produzida pelo p\u00eanis.<\/p>\n\n\n\n<div class=\"wp-block-image\"><figure class=\"aligncenter size-large is-resized\"><img loading=\"lazy\" decoding=\"async\" src=\"https:\/\/jornalfatosenoticias.com.br\/wp-content\/uploads\/2023\/03\/logo-Panper_portal.jpg\" alt=\"\" class=\"wp-image-40208\" width=\"329\" height=\"228\" srcset=\"https:\/\/jornalfatosenoticias.com.br\/wp-content\/uploads\/2023\/03\/logo-Panper_portal.jpg 400w, https:\/\/jornalfatosenoticias.com.br\/wp-content\/uploads\/2023\/03\/logo-Panper_portal-300x208.jpg 300w\" sizes=\"auto, (max-width: 329px) 100vw, 329px\" \/><\/figure><\/div>\n\n\n\n<p>A \u00e1gua n\u00e3o deve ser muito quente e devem-se evitar subst\u00e2ncias abrasivas e sabonetes contra germes. Prefira sempre os neutros, como glicerina. Al\u00e9m disso, os meninos devem ser ensinados desde cedo a fazer a limpeza forma correta para incorporar isso em seus h\u00e1bitos.<\/p>\n\n\n\n<p><strong><span class=\"has-inline-color has-black-color\">Por que \u00e9 importante deixar a \u00e1rea do p\u00eanis seca ap\u00f3s o banho?<br><\/span><\/strong>A umidade, associada ao calor do corpo ou do ambiente, aumenta a chance da prolifera\u00e7\u00e3o de fungos e bact\u00e9rias.<\/p>\n\n\n\n<div class=\"wp-block-image\"><figure class=\"aligncenter size-large\"><img decoding=\"async\" src=\"https:\/\/jornalfatosenoticias.com.br\/wp-content\/uploads\/2020\/02\/barao-das-carnes-300x164-1.jpg\" alt=\"\" class=\"wp-image-34339\"\/><\/figure><\/div>\n\n\n\n<p><strong><span class=\"has-inline-color has-black-color\">Ap\u00f3s urinar, basta balan\u00e7ar o p\u00eanis?<br><\/span><\/strong>Ao apenas sacudir ou espremer o p\u00eanis, gotas de urina acabam ficando, sobretudo nos homens que t\u00eam prep\u00facio, o que gera mau odor e aumenta o risco de contamina\u00e7\u00f5es, irrita\u00e7\u00f5es e infec\u00e7\u00f5es. O ideal \u00e9, ap\u00f3s urinar, lavar ou secar com papel higi\u00eanico.<\/p>\n\n\n\n<div class=\"wp-block-image\"><figure class=\"aligncenter size-large\"><img decoding=\"async\" src=\"https:\/\/jornalfatosenoticias.com.br\/wp-content\/uploads\/2020\/02\/logo_esteio.jpg\" alt=\"\" class=\"wp-image-1214\"\/><\/figure><\/div>\n\n\n\n<p><strong><span class=\"has-inline-color has-black-color\">Na hora do sexo, o que fazer em rela\u00e7\u00e3o \u00e0 limpeza do p\u00eanis?<br><\/span><\/strong>Al\u00e9m de usar preservativo, \u00e9 importante realizar uma higiene adequada, removendo as secre\u00e7\u00f5es e eventuais res\u00edduos de produtos qu\u00edmicos.<\/p>\n\n\n\n<p><strong><span class=\"has-inline-color has-black-color\">Sangue na urina \u00e9 um indicativo de c\u00e2ncer de p\u00eanis?<br><\/span><\/strong>A menos que o tumor esteja avan\u00e7ado, j\u00e1 invadindo uretra ou aparelho urin\u00e1rio, n\u00e3o \u00e9 sintoma comum. Mas isso sempre deve ser investigado, porque pode sinalizar outras doen\u00e7as graves, como c\u00e2ncer de bexiga e rins.<\/p>\n\n\n\n<div class=\"wp-block-image\"><figure class=\"aligncenter size-large is-resized\"><img loading=\"lazy\" decoding=\"async\" src=\"https:\/\/jornalfatosenoticias.com.br\/wp-content\/uploads\/2023\/08\/ITH.jpeg\" alt=\"\" class=\"wp-image-44638\" width=\"326\" height=\"265\" srcset=\"https:\/\/jornalfatosenoticias.com.br\/wp-content\/uploads\/2023\/08\/ITH.jpeg 800w, https:\/\/jornalfatosenoticias.com.br\/wp-content\/uploads\/2023\/08\/ITH-300x244.jpeg 300w, https:\/\/jornalfatosenoticias.com.br\/wp-content\/uploads\/2023\/08\/ITH-768x624.jpeg 768w\" sizes=\"auto, (max-width: 326px) 100vw, 326px\" \/><\/figure><\/div>\n\n\n\n<p><strong><span class=\"has-inline-color has-black-color\">O que mais pode causar c\u00e2ncer de p\u00eanis?<br><\/span><\/strong>O c\u00e2ncer de p\u00eanis tamb\u00e9m est\u00e1 relacionado com o h\u00e1bito do fumo, com a infec\u00e7\u00e3o pelo HIV e \u00e0 presen\u00e7a de fimose, que dificulta a higiene e a remo\u00e7\u00e3o do esmegma, o que facilita a infec\u00e7\u00e3o por fungos e bact\u00e9rias. Entretanto, uma das principais causas tamb\u00e9m \u00e9 a infec\u00e7\u00e3o pelo papilomav\u00edrus humano (HPV). Dados do Cancer Research UK demonstram que cerca de 60% dos casos desse tipo de c\u00e2ncer est\u00e3o relacionados \u00e0 infec\u00e7\u00e3o por HPV.<\/p>\n\n\n\n<div class=\"wp-block-image\"><figure class=\"aligncenter size-large is-resized\"><img loading=\"lazy\" decoding=\"async\" src=\"https:\/\/jornalfatosenoticias.com.br\/wp-content\/uploads\/2023\/09\/vetorvix1024_1.jpg\" alt=\"\" class=\"wp-image-44868\" width=\"543\" height=\"144\" srcset=\"https:\/\/jornalfatosenoticias.com.br\/wp-content\/uploads\/2023\/09\/vetorvix1024_1.jpg 1024w, https:\/\/jornalfatosenoticias.com.br\/wp-content\/uploads\/2023\/09\/vetorvix1024_1-300x80.jpg 300w, https:\/\/jornalfatosenoticias.com.br\/wp-content\/uploads\/2023\/09\/vetorvix1024_1-768x205.jpg 768w\" sizes=\"auto, (max-width: 543px) 100vw, 543px\" \/><\/figure><\/div>\n\n\n\n<p><strong><em>Fonte: <a href=\"https:\/\/www.terra.com.br\/vida-e-estilo\/saude\/me-sinto-decapitado-por-que-cada-vez-mais-homens-tem-o-penis-amputado-no-brasil,f8416bc8b4fde86f49bbdb788eee96a14p1yc9k4.html\">Terra<\/a><\/em><\/strong><\/p>\n","protected":false},"excerpt":{"rendered":"<p>Dados do Minist\u00e9rio da Sa\u00fade mostram que, entre 2013 e 2022, cerca de19,9 mil homens tiveram o diagn\u00f3stico de c\u00e2ncer de p\u00eanis, sendo que, desse total, 5,6 mil tiveram que ter o \u00f3rg\u00e3o amputado devido \u00e0 gravidade da doen\u00e7a Por Rone Carvalho Um levantamento da Sociedade Brasileira de Urologia (SBU), com base em estat\u00edsticas do [&hellip;]<\/p>\n","protected":false},"author":2,"featured_media":49505,"comment_status":"open","ping_status":"open","sticky":false,"template":"","format":"standard","meta":{"footnotes":""},"categories":[11],"tags":[22915,13180,22916,447,20879],"class_list":["post-49504","post","type-post","status-publish","format-standard","has-post-thumbnail","hentry","category-saude","tag-amputacao","tag-cancer-de-penis","tag-diagnostico-de-cancer-de-penis","tag-ministerio-da-saude","tag-penis"],"yoast_head":"<!-- This site is optimized with the Yoast SEO plugin v26.5 - https:\/\/yoast.com\/wordpress\/plugins\/seo\/ -->\n<title>Por que cada vez mais homens t\u00eam o p\u00eanis amputado no Brasil? - Jornal Fatos e Not\u00edcias<\/title>\n<meta name=\"robots\" content=\"index, follow, max-snippet:-1, max-image-preview:large, max-video-preview:-1\" \/>\n<link rel=\"canonical\" href=\"https:\/\/jornalfatosenoticias.com.br\/index.php\/2024\/02\/28\/por-que-cada-vez-mais-homens-tem-o-penis-amputado-no-brasil\/\" \/>\n<meta property=\"og:locale\" content=\"pt_BR\" \/>\n<meta property=\"og:type\" content=\"article\" \/>\n<meta property=\"og:title\" content=\"Por que cada vez mais homens t\u00eam o p\u00eanis amputado no Brasil? - Jornal Fatos e Not\u00edcias\" \/>\n<meta property=\"og:description\" content=\"Dados do Minist\u00e9rio da Sa\u00fade mostram que, entre 2013 e 2022, cerca de19,9 mil homens tiveram o diagn\u00f3stico de c\u00e2ncer de p\u00eanis, sendo que, desse total, 5,6 mil tiveram que ter o \u00f3rg\u00e3o amputado devido \u00e0 gravidade da doen\u00e7a Por Rone Carvalho Um levantamento da Sociedade Brasileira de Urologia (SBU), com base em estat\u00edsticas do [&hellip;]\" \/>\n<meta property=\"og:url\" content=\"https:\/\/jornalfatosenoticias.com.br\/index.php\/2024\/02\/28\/por-que-cada-vez-mais-homens-tem-o-penis-amputado-no-brasil\/\" \/>\n<meta property=\"og:site_name\" content=\"Jornal Fatos e Not\u00edcias\" \/>\n<meta property=\"article:published_time\" content=\"2024-02-28T13:44:57+00:00\" \/>\n<meta property=\"article:modified_time\" content=\"2024-02-28T13:44:58+00:00\" \/>\n<meta property=\"og:image\" content=\"https:\/\/jornalfatosenoticias.com.br\/wp-content\/uploads\/2024\/02\/cancer-de-penis_gettyimages.jpg\" \/>\n\t<meta property=\"og:image:width\" content=\"612\" \/>\n\t<meta property=\"og:image:height\" content=\"416\" \/>\n\t<meta property=\"og:image:type\" content=\"image\/jpeg\" \/>\n<meta name=\"author\" content=\"Luzimara Fernandes\" \/>\n<meta name=\"twitter:card\" content=\"summary_large_image\" \/>\n<meta name=\"twitter:label1\" content=\"Escrito por\" \/>\n\t<meta name=\"twitter:data1\" content=\"Luzimara Fernandes\" \/>\n\t<meta name=\"twitter:label2\" content=\"Est. tempo de leitura\" \/>\n\t<meta name=\"twitter:data2\" content=\"10 minutos\" \/>\n<script type=\"application\/ld+json\" class=\"yoast-schema-graph\">{\"@context\":\"https:\/\/schema.org\",\"@graph\":[{\"@type\":\"Article\",\"@id\":\"https:\/\/jornalfatosenoticias.com.br\/index.php\/2024\/02\/28\/por-que-cada-vez-mais-homens-tem-o-penis-amputado-no-brasil\/#article\",\"isPartOf\":{\"@id\":\"https:\/\/jornalfatosenoticias.com.br\/index.php\/2024\/02\/28\/por-que-cada-vez-mais-homens-tem-o-penis-amputado-no-brasil\/\"},\"author\":{\"name\":\"Luzimara Fernandes\",\"@id\":\"https:\/\/jornalfatosenoticias.com.br\/#\/schema\/person\/d63837fa13ac8666eb9e74e0985d6f81\"},\"headline\":\"Por que cada vez mais homens t\u00eam o p\u00eanis amputado no Brasil?\",\"datePublished\":\"2024-02-28T13:44:57+00:00\",\"dateModified\":\"2024-02-28T13:44:58+00:00\",\"mainEntityOfPage\":{\"@id\":\"https:\/\/jornalfatosenoticias.com.br\/index.php\/2024\/02\/28\/por-que-cada-vez-mais-homens-tem-o-penis-amputado-no-brasil\/\"},\"wordCount\":2017,\"commentCount\":0,\"publisher\":{\"@id\":\"https:\/\/jornalfatosenoticias.com.br\/#organization\"},\"image\":{\"@id\":\"https:\/\/jornalfatosenoticias.com.br\/index.php\/2024\/02\/28\/por-que-cada-vez-mais-homens-tem-o-penis-amputado-no-brasil\/#primaryimage\"},\"thumbnailUrl\":\"https:\/\/jornalfatosenoticias.com.br\/wp-content\/uploads\/2024\/02\/cancer-de-penis_gettyimages.jpg\",\"keywords\":[\"amputa\u00e7\u00e3o\",\"c\u00e2ncer de p\u00eanis\",\"diagn\u00f3stico de c\u00e2ncer de p\u00eanis\",\"Minist\u00e9rio da Sa\u00fade\",\"p\u00eanis\"],\"articleSection\":[\"Sa\u00fade\"],\"inLanguage\":\"pt-BR\",\"potentialAction\":[{\"@type\":\"CommentAction\",\"name\":\"Comment\",\"target\":[\"https:\/\/jornalfatosenoticias.com.br\/index.php\/2024\/02\/28\/por-que-cada-vez-mais-homens-tem-o-penis-amputado-no-brasil\/#respond\"]}]},{\"@type\":\"WebPage\",\"@id\":\"https:\/\/jornalfatosenoticias.com.br\/index.php\/2024\/02\/28\/por-que-cada-vez-mais-homens-tem-o-penis-amputado-no-brasil\/\",\"url\":\"https:\/\/jornalfatosenoticias.com.br\/index.php\/2024\/02\/28\/por-que-cada-vez-mais-homens-tem-o-penis-amputado-no-brasil\/\",\"name\":\"Por que cada vez mais homens t\u00eam o p\u00eanis amputado no Brasil? - Jornal Fatos e Not\u00edcias\",\"isPartOf\":{\"@id\":\"https:\/\/jornalfatosenoticias.com.br\/#website\"},\"primaryImageOfPage\":{\"@id\":\"https:\/\/jornalfatosenoticias.com.br\/index.php\/2024\/02\/28\/por-que-cada-vez-mais-homens-tem-o-penis-amputado-no-brasil\/#primaryimage\"},\"image\":{\"@id\":\"https:\/\/jornalfatosenoticias.com.br\/index.php\/2024\/02\/28\/por-que-cada-vez-mais-homens-tem-o-penis-amputado-no-brasil\/#primaryimage\"},\"thumbnailUrl\":\"https:\/\/jornalfatosenoticias.com.br\/wp-content\/uploads\/2024\/02\/cancer-de-penis_gettyimages.jpg\",\"datePublished\":\"2024-02-28T13:44:57+00:00\",\"dateModified\":\"2024-02-28T13:44:58+00:00\",\"breadcrumb\":{\"@id\":\"https:\/\/jornalfatosenoticias.com.br\/index.php\/2024\/02\/28\/por-que-cada-vez-mais-homens-tem-o-penis-amputado-no-brasil\/#breadcrumb\"},\"inLanguage\":\"pt-BR\",\"potentialAction\":[{\"@type\":\"ReadAction\",\"target\":[\"https:\/\/jornalfatosenoticias.com.br\/index.php\/2024\/02\/28\/por-que-cada-vez-mais-homens-tem-o-penis-amputado-no-brasil\/\"]}]},{\"@type\":\"ImageObject\",\"inLanguage\":\"pt-BR\",\"@id\":\"https:\/\/jornalfatosenoticias.com.br\/index.php\/2024\/02\/28\/por-que-cada-vez-mais-homens-tem-o-penis-amputado-no-brasil\/#primaryimage\",\"url\":\"https:\/\/jornalfatosenoticias.com.br\/wp-content\/uploads\/2024\/02\/cancer-de-penis_gettyimages.jpg\",\"contentUrl\":\"https:\/\/jornalfatosenoticias.com.br\/wp-content\/uploads\/2024\/02\/cancer-de-penis_gettyimages.jpg\",\"width\":612,\"height\":416,\"caption\":\"Pancreas model\"},{\"@type\":\"BreadcrumbList\",\"@id\":\"https:\/\/jornalfatosenoticias.com.br\/index.php\/2024\/02\/28\/por-que-cada-vez-mais-homens-tem-o-penis-amputado-no-brasil\/#breadcrumb\",\"itemListElement\":[{\"@type\":\"ListItem\",\"position\":1,\"name\":\"In\u00edcio\",\"item\":\"https:\/\/jornalfatosenoticias.com.br\/\"},{\"@type\":\"ListItem\",\"position\":2,\"name\":\"Por que cada vez mais homens t\u00eam o p\u00eanis amputado no Brasil?\"}]},{\"@type\":\"WebSite\",\"@id\":\"https:\/\/jornalfatosenoticias.com.br\/#website\",\"url\":\"https:\/\/jornalfatosenoticias.com.br\/\",\"name\":\"Jornal Fatos e Not\u00edcias\",\"description\":\"Not\u00edcias em geral\",\"publisher\":{\"@id\":\"https:\/\/jornalfatosenoticias.com.br\/#organization\"},\"potentialAction\":[{\"@type\":\"SearchAction\",\"target\":{\"@type\":\"EntryPoint\",\"urlTemplate\":\"https:\/\/jornalfatosenoticias.com.br\/?s={search_term_string}\"},\"query-input\":{\"@type\":\"PropertyValueSpecification\",\"valueRequired\":true,\"valueName\":\"search_term_string\"}}],\"inLanguage\":\"pt-BR\"},{\"@type\":\"Organization\",\"@id\":\"https:\/\/jornalfatosenoticias.com.br\/#organization\",\"name\":\"Jornal Fatos e Not\u00edcias\",\"url\":\"https:\/\/jornalfatosenoticias.com.br\/\",\"logo\":{\"@type\":\"ImageObject\",\"inLanguage\":\"pt-BR\",\"@id\":\"https:\/\/jornalfatosenoticias.com.br\/#\/schema\/logo\/image\/\",\"url\":\"https:\/\/jornalfatosenoticias.com.br\/wp-content\/uploads\/2020\/02\/logo120.png\",\"contentUrl\":\"https:\/\/jornalfatosenoticias.com.br\/wp-content\/uploads\/2020\/02\/logo120.png\",\"width\":1227,\"height\":120,\"caption\":\"Jornal Fatos e Not\u00edcias\"},\"image\":{\"@id\":\"https:\/\/jornalfatosenoticias.com.br\/#\/schema\/logo\/image\/\"}},{\"@type\":\"Person\",\"@id\":\"https:\/\/jornalfatosenoticias.com.br\/#\/schema\/person\/d63837fa13ac8666eb9e74e0985d6f81\",\"name\":\"Luzimara Fernandes\",\"image\":{\"@type\":\"ImageObject\",\"inLanguage\":\"pt-BR\",\"@id\":\"https:\/\/jornalfatosenoticias.com.br\/#\/schema\/person\/image\/\",\"url\":\"https:\/\/jornalfatosenoticias.com.br\/wp-content\/uploads\/2025\/05\/EU_portal.jpg\",\"contentUrl\":\"https:\/\/jornalfatosenoticias.com.br\/wp-content\/uploads\/2025\/05\/EU_portal.jpg\",\"caption\":\"Luzimara Fernandes\"},\"description\":\"Jornalista MTB 2358-ES\",\"sameAs\":[\"https:\/\/jornalfatosenoticias.com.br\"],\"url\":\"https:\/\/jornalfatosenoticias.com.br\/index.php\/author\/luzimara\/\"}]}<\/script>\n<!-- \/ Yoast SEO plugin. -->","yoast_head_json":{"title":"Por que cada vez mais homens t\u00eam o p\u00eanis amputado no Brasil? - Jornal Fatos e Not\u00edcias","robots":{"index":"index","follow":"follow","max-snippet":"max-snippet:-1","max-image-preview":"max-image-preview:large","max-video-preview":"max-video-preview:-1"},"canonical":"https:\/\/jornalfatosenoticias.com.br\/index.php\/2024\/02\/28\/por-que-cada-vez-mais-homens-tem-o-penis-amputado-no-brasil\/","og_locale":"pt_BR","og_type":"article","og_title":"Por que cada vez mais homens t\u00eam o p\u00eanis amputado no Brasil? - Jornal Fatos e Not\u00edcias","og_description":"Dados do Minist\u00e9rio da Sa\u00fade mostram que, entre 2013 e 2022, cerca de19,9 mil homens tiveram o diagn\u00f3stico de c\u00e2ncer de p\u00eanis, sendo que, desse total, 5,6 mil tiveram que ter o \u00f3rg\u00e3o amputado devido \u00e0 gravidade da doen\u00e7a Por Rone Carvalho Um levantamento da Sociedade Brasileira de Urologia (SBU), com base em estat\u00edsticas do [&hellip;]","og_url":"https:\/\/jornalfatosenoticias.com.br\/index.php\/2024\/02\/28\/por-que-cada-vez-mais-homens-tem-o-penis-amputado-no-brasil\/","og_site_name":"Jornal Fatos e Not\u00edcias","article_published_time":"2024-02-28T13:44:57+00:00","article_modified_time":"2024-02-28T13:44:58+00:00","og_image":[{"width":612,"height":416,"url":"https:\/\/jornalfatosenoticias.com.br\/wp-content\/uploads\/2024\/02\/cancer-de-penis_gettyimages.jpg","type":"image\/jpeg"}],"author":"Luzimara Fernandes","twitter_card":"summary_large_image","twitter_misc":{"Escrito por":"Luzimara Fernandes","Est. tempo de leitura":"10 minutos"},"schema":{"@context":"https:\/\/schema.org","@graph":[{"@type":"Article","@id":"https:\/\/jornalfatosenoticias.com.br\/index.php\/2024\/02\/28\/por-que-cada-vez-mais-homens-tem-o-penis-amputado-no-brasil\/#article","isPartOf":{"@id":"https:\/\/jornalfatosenoticias.com.br\/index.php\/2024\/02\/28\/por-que-cada-vez-mais-homens-tem-o-penis-amputado-no-brasil\/"},"author":{"name":"Luzimara Fernandes","@id":"https:\/\/jornalfatosenoticias.com.br\/#\/schema\/person\/d63837fa13ac8666eb9e74e0985d6f81"},"headline":"Por que cada vez mais homens t\u00eam o p\u00eanis amputado no Brasil?","datePublished":"2024-02-28T13:44:57+00:00","dateModified":"2024-02-28T13:44:58+00:00","mainEntityOfPage":{"@id":"https:\/\/jornalfatosenoticias.com.br\/index.php\/2024\/02\/28\/por-que-cada-vez-mais-homens-tem-o-penis-amputado-no-brasil\/"},"wordCount":2017,"commentCount":0,"publisher":{"@id":"https:\/\/jornalfatosenoticias.com.br\/#organization"},"image":{"@id":"https:\/\/jornalfatosenoticias.com.br\/index.php\/2024\/02\/28\/por-que-cada-vez-mais-homens-tem-o-penis-amputado-no-brasil\/#primaryimage"},"thumbnailUrl":"https:\/\/jornalfatosenoticias.com.br\/wp-content\/uploads\/2024\/02\/cancer-de-penis_gettyimages.jpg","keywords":["amputa\u00e7\u00e3o","c\u00e2ncer de p\u00eanis","diagn\u00f3stico de c\u00e2ncer de p\u00eanis","Minist\u00e9rio da Sa\u00fade","p\u00eanis"],"articleSection":["Sa\u00fade"],"inLanguage":"pt-BR","potentialAction":[{"@type":"CommentAction","name":"Comment","target":["https:\/\/jornalfatosenoticias.com.br\/index.php\/2024\/02\/28\/por-que-cada-vez-mais-homens-tem-o-penis-amputado-no-brasil\/#respond"]}]},{"@type":"WebPage","@id":"https:\/\/jornalfatosenoticias.com.br\/index.php\/2024\/02\/28\/por-que-cada-vez-mais-homens-tem-o-penis-amputado-no-brasil\/","url":"https:\/\/jornalfatosenoticias.com.br\/index.php\/2024\/02\/28\/por-que-cada-vez-mais-homens-tem-o-penis-amputado-no-brasil\/","name":"Por que cada vez mais homens t\u00eam o p\u00eanis amputado no Brasil? - Jornal Fatos e Not\u00edcias","isPartOf":{"@id":"https:\/\/jornalfatosenoticias.com.br\/#website"},"primaryImageOfPage":{"@id":"https:\/\/jornalfatosenoticias.com.br\/index.php\/2024\/02\/28\/por-que-cada-vez-mais-homens-tem-o-penis-amputado-no-brasil\/#primaryimage"},"image":{"@id":"https:\/\/jornalfatosenoticias.com.br\/index.php\/2024\/02\/28\/por-que-cada-vez-mais-homens-tem-o-penis-amputado-no-brasil\/#primaryimage"},"thumbnailUrl":"https:\/\/jornalfatosenoticias.com.br\/wp-content\/uploads\/2024\/02\/cancer-de-penis_gettyimages.jpg","datePublished":"2024-02-28T13:44:57+00:00","dateModified":"2024-02-28T13:44:58+00:00","breadcrumb":{"@id":"https:\/\/jornalfatosenoticias.com.br\/index.php\/2024\/02\/28\/por-que-cada-vez-mais-homens-tem-o-penis-amputado-no-brasil\/#breadcrumb"},"inLanguage":"pt-BR","potentialAction":[{"@type":"ReadAction","target":["https:\/\/jornalfatosenoticias.com.br\/index.php\/2024\/02\/28\/por-que-cada-vez-mais-homens-tem-o-penis-amputado-no-brasil\/"]}]},{"@type":"ImageObject","inLanguage":"pt-BR","@id":"https:\/\/jornalfatosenoticias.com.br\/index.php\/2024\/02\/28\/por-que-cada-vez-mais-homens-tem-o-penis-amputado-no-brasil\/#primaryimage","url":"https:\/\/jornalfatosenoticias.com.br\/wp-content\/uploads\/2024\/02\/cancer-de-penis_gettyimages.jpg","contentUrl":"https:\/\/jornalfatosenoticias.com.br\/wp-content\/uploads\/2024\/02\/cancer-de-penis_gettyimages.jpg","width":612,"height":416,"caption":"Pancreas model"},{"@type":"BreadcrumbList","@id":"https:\/\/jornalfatosenoticias.com.br\/index.php\/2024\/02\/28\/por-que-cada-vez-mais-homens-tem-o-penis-amputado-no-brasil\/#breadcrumb","itemListElement":[{"@type":"ListItem","position":1,"name":"In\u00edcio","item":"https:\/\/jornalfatosenoticias.com.br\/"},{"@type":"ListItem","position":2,"name":"Por que cada vez mais homens t\u00eam o p\u00eanis amputado no Brasil?"}]},{"@type":"WebSite","@id":"https:\/\/jornalfatosenoticias.com.br\/#website","url":"https:\/\/jornalfatosenoticias.com.br\/","name":"Jornal Fatos e Not\u00edcias","description":"Not\u00edcias em geral","publisher":{"@id":"https:\/\/jornalfatosenoticias.com.br\/#organization"},"potentialAction":[{"@type":"SearchAction","target":{"@type":"EntryPoint","urlTemplate":"https:\/\/jornalfatosenoticias.com.br\/?s={search_term_string}"},"query-input":{"@type":"PropertyValueSpecification","valueRequired":true,"valueName":"search_term_string"}}],"inLanguage":"pt-BR"},{"@type":"Organization","@id":"https:\/\/jornalfatosenoticias.com.br\/#organization","name":"Jornal Fatos e Not\u00edcias","url":"https:\/\/jornalfatosenoticias.com.br\/","logo":{"@type":"ImageObject","inLanguage":"pt-BR","@id":"https:\/\/jornalfatosenoticias.com.br\/#\/schema\/logo\/image\/","url":"https:\/\/jornalfatosenoticias.com.br\/wp-content\/uploads\/2020\/02\/logo120.png","contentUrl":"https:\/\/jornalfatosenoticias.com.br\/wp-content\/uploads\/2020\/02\/logo120.png","width":1227,"height":120,"caption":"Jornal Fatos e Not\u00edcias"},"image":{"@id":"https:\/\/jornalfatosenoticias.com.br\/#\/schema\/logo\/image\/"}},{"@type":"Person","@id":"https:\/\/jornalfatosenoticias.com.br\/#\/schema\/person\/d63837fa13ac8666eb9e74e0985d6f81","name":"Luzimara Fernandes","image":{"@type":"ImageObject","inLanguage":"pt-BR","@id":"https:\/\/jornalfatosenoticias.com.br\/#\/schema\/person\/image\/","url":"https:\/\/jornalfatosenoticias.com.br\/wp-content\/uploads\/2025\/05\/EU_portal.jpg","contentUrl":"https:\/\/jornalfatosenoticias.com.br\/wp-content\/uploads\/2025\/05\/EU_portal.jpg","caption":"Luzimara Fernandes"},"description":"Jornalista MTB 2358-ES","sameAs":["https:\/\/jornalfatosenoticias.com.br"],"url":"https:\/\/jornalfatosenoticias.com.br\/index.php\/author\/luzimara\/"}]}},"cc_featured_image_caption":{"caption_text":"(Foto: Getty Images) ","source_text":"","source_url":""},"jetpack_featured_media_url":"https:\/\/jornalfatosenoticias.com.br\/wp-content\/uploads\/2024\/02\/cancer-de-penis_gettyimages.jpg","_links":{"self":[{"href":"https:\/\/jornalfatosenoticias.com.br\/index.php\/wp-json\/wp\/v2\/posts\/49504","targetHints":{"allow":["GET"]}}],"collection":[{"href":"https:\/\/jornalfatosenoticias.com.br\/index.php\/wp-json\/wp\/v2\/posts"}],"about":[{"href":"https:\/\/jornalfatosenoticias.com.br\/index.php\/wp-json\/wp\/v2\/types\/post"}],"author":[{"embeddable":true,"href":"https:\/\/jornalfatosenoticias.com.br\/index.php\/wp-json\/wp\/v2\/users\/2"}],"replies":[{"embeddable":true,"href":"https:\/\/jornalfatosenoticias.com.br\/index.php\/wp-json\/wp\/v2\/comments?post=49504"}],"version-history":[{"count":0,"href":"https:\/\/jornalfatosenoticias.com.br\/index.php\/wp-json\/wp\/v2\/posts\/49504\/revisions"}],"wp:featuredmedia":[{"embeddable":true,"href":"https:\/\/jornalfatosenoticias.com.br\/index.php\/wp-json\/wp\/v2\/media\/49505"}],"wp:attachment":[{"href":"https:\/\/jornalfatosenoticias.com.br\/index.php\/wp-json\/wp\/v2\/media?parent=49504"}],"wp:term":[{"taxonomy":"category","embeddable":true,"href":"https:\/\/jornalfatosenoticias.com.br\/index.php\/wp-json\/wp\/v2\/categories?post=49504"},{"taxonomy":"post_tag","embeddable":true,"href":"https:\/\/jornalfatosenoticias.com.br\/index.php\/wp-json\/wp\/v2\/tags?post=49504"}],"curies":[{"name":"wp","href":"https:\/\/api.w.org\/{rel}","templated":true}]}}