{"id":49516,"date":"2024-02-28T11:53:02","date_gmt":"2024-02-28T14:53:02","guid":{"rendered":"https:\/\/jornalfatosenoticias.com.br\/?p=49516"},"modified":"2024-02-28T11:53:03","modified_gmt":"2024-02-28T14:53:03","slug":"araquem-alcantara-lanca-livro-sobre-criancas-na-amazonia","status":"publish","type":"post","link":"https:\/\/jornalfatosenoticias.com.br\/index.php\/2024\/02\/28\/araquem-alcantara-lanca-livro-sobre-criancas-na-amazonia\/","title":{"rendered":"Araqu\u00e9m Alc\u00e2ntara lan\u00e7a livro sobre crian\u00e7as na Amaz\u00f4nia"},"content":{"rendered":"\n<p><em><span class=\"has-inline-color has-black-color\">Obra do renomado fot\u00f3grafo pode ser baixada gratuitamente<\/span><\/em><\/p>\n\n\n\n<div class=\"wp-block-image\"><figure class=\"aligncenter size-large is-resized\"><img loading=\"lazy\" decoding=\"async\" src=\"https:\/\/jornalfatosenoticias.com.br\/wp-content\/uploads\/2020\/02\/logo-Rapuzel-1024x571.jpg\" alt=\"\" class=\"wp-image-42808\" width=\"352\" height=\"196\" srcset=\"https:\/\/jornalfatosenoticias.com.br\/wp-content\/uploads\/2020\/02\/logo-Rapuzel-1024x571.jpg 1024w, https:\/\/jornalfatosenoticias.com.br\/wp-content\/uploads\/2020\/02\/logo-Rapuzel-300x167.jpg 300w, https:\/\/jornalfatosenoticias.com.br\/wp-content\/uploads\/2020\/02\/logo-Rapuzel-768x428.jpg 768w, https:\/\/jornalfatosenoticias.com.br\/wp-content\/uploads\/2020\/02\/logo-Rapuzel-1536x856.jpg 1536w, https:\/\/jornalfatosenoticias.com.br\/wp-content\/uploads\/2020\/02\/logo-Rapuzel.jpg 1600w\" sizes=\"auto, (max-width: 352px) 100vw, 352px\" \/><\/figure><\/div>\n\n\n\n<p>Um dos precursores da fotografia de natureza no Brasil, Araqu\u00e9m Alc\u00e2ntara est\u00e1 lan\u00e7ando seu primeiro livro infantil. O livro \u201cAmaz\u00f4nia das Crian\u00e7as\u201d retrata e d\u00e1 voz a 15 meninos e meninas que vivem na maior floresta tropical do mundo. No \u201cAmaz\u00f4nia das Crian\u00e7as\u201d, s\u00e3o elas que contam, em primeira pessoa, como \u00e9 viver a inf\u00e2ncia na imensid\u00e3o do bioma amaz\u00f4nico, em relatos inspirados no cotidiano e nas <a href=\"https:\/\/ciclovivo.com.br\/inovacao\/inspiracao\/novo-jogo-de-linguagem-e-baseado-na-cultura-indigena\/\" target=\"_blank\" rel=\"noreferrer noopener\">lendas<\/a> da regi\u00e3o.<br>As personagens s\u00e3o crian\u00e7as <a href=\"https:\/\/ciclovivo.com.br\/vida-sustentavel\/equilibrio\/10-livros-de-autores-indigenas-para-ler-na-semana-da-amazonia\/\" target=\"_blank\" rel=\"noreferrer noopener\">ind\u00edgenas<\/a>, ribeirinhas, extrativistas, quilombolas, urbanas e beiradeiras, que representam a diversidade da Amaz\u00f4nia, nos estados do Acre, Amap\u00e1, Amazonas, Mato Grosso, Par\u00e1 e Roraima. H\u00e1 tamb\u00e9m um segundo livro, voltado para escolas, em que essas experi\u00eancias s\u00e3o desdobradas em conceitos hist\u00f3ricos, sociais, econ\u00f4micos e ecol\u00f3gicos para que os professores possam trabalhar esses temas em <a href=\"https:\/\/ciclovivo.com.br\/inovacao\/inspiracao\/espacos-ao-ar-livre-podem-ser-salas-de-aula-seguras\/\" target=\"_blank\" rel=\"noreferrer noopener\">sala de aula<\/a>\u00a0e mostrar a import\u00e2ncia de se preservar um lugar imprescind\u00edvel para o\u00a0<a href=\"https:\/\/ciclovivo.com.br\/inovacao\/inspiracao\/nova-teoria-sugere-que-planeta-terra-e-um-ser-inteligente\/\" target=\"_blank\" rel=\"noreferrer noopener\">planeta<\/a>.<\/p>\n\n\n\n<div class=\"wp-block-image\"><figure class=\"aligncenter size-large\"><img loading=\"lazy\" decoding=\"async\" width=\"300\" height=\"250\" src=\"https:\/\/jornalfatosenoticias.com.br\/wp-content\/uploads\/2020\/02\/Banner-2.png\" alt=\"\" class=\"wp-image-43787\"\/><\/figure><\/div>\n\n\n\n<p>Al\u00e9m das imagens de Araqu\u00e9m Alc\u00e2ntara \u2014 que tem mais de 60 livros publicados sobre temas ambientais \u2014 a obra traz textos do jornalista Morris Kachani, do educador ambiental Zysman Neiman e ilustra\u00e7\u00f5es do artista Angelo Abu.<\/p>\n\n\n\n<div class=\"wp-block-image\"><figure class=\"aligncenter size-large is-resized\"><img loading=\"lazy\" decoding=\"async\" src=\"https:\/\/jornalfatosenoticias.com.br\/wp-content\/uploads\/2023\/08\/BKR-1024x1021.jpg\" alt=\"\" class=\"wp-image-44494\" width=\"328\" height=\"327\" srcset=\"https:\/\/jornalfatosenoticias.com.br\/wp-content\/uploads\/2023\/08\/BKR-1024x1021.jpg 1024w, https:\/\/jornalfatosenoticias.com.br\/wp-content\/uploads\/2023\/08\/BKR-300x300.jpg 300w, https:\/\/jornalfatosenoticias.com.br\/wp-content\/uploads\/2023\/08\/BKR-150x150.jpg 150w, https:\/\/jornalfatosenoticias.com.br\/wp-content\/uploads\/2023\/08\/BKR-768x766.jpg 768w, https:\/\/jornalfatosenoticias.com.br\/wp-content\/uploads\/2023\/08\/BKR.jpg 1080w\" sizes=\"auto, (max-width: 328px) 100vw, 328px\" \/><\/figure><\/div>\n\n\n\n<p>A obra \u00e9 patrocinada pela C6 Bank e pela Mastercard, que, em parceria com <a href=\"https:\/\/ciclovivo.com.br\/vida-sustentavel\/equilibrio\/jogos-desafios-criancas-explorarem-natureza\/\" target=\"_blank\" rel=\"noreferrer noopener\">Associa\u00e7\u00e3o Vaga Lume<\/a>, tamb\u00e9m est\u00e1 incentivando a leitura em comunidades de seis estados da regi\u00e3o. \u201cCerca de dois mil livros ser\u00e3o distribu\u00eddos a escolas p\u00fablicas. Escolas das comunidades envolvidas no projeto receber\u00e3o a nova publica\u00e7\u00e3o de Araqu\u00e9m al\u00e9m de um acervo com 120 outros t\u00edtulos\u201d, informou o banco patrocinador em comunicado \u00e0 imprensa.<\/p>\n\n\n\n<div class=\"wp-block-image\"><figure class=\"aligncenter size-large\"><img loading=\"lazy\" decoding=\"async\" width=\"300\" height=\"250\" src=\"https:\/\/jornalfatosenoticias.com.br\/wp-content\/uploads\/2022\/02\/FERRARI_MAQUINAS-E-FERRAMENTAS2.jpg\" alt=\"\" class=\"wp-image-27860\"\/><\/figure><\/div>\n\n\n\n<p>O livro e o guia podem ser baixados em PDF, ePub para Kindle e Google Play Livros <a href=\"https:\/\/www.c6bank.com.br\/c6-escola\" target=\"_blank\" rel=\"noreferrer noopener\"><strong>neste site<\/strong><\/a>. Al\u00e9m disso, pelo site, escolas, ONGs e bibliotecas que atuam na educa\u00e7\u00e3o infantil podem solicitar o kit f\u00edsico gratuitamente. Cada kit cont\u00e9m um exemplar do livro Amaz\u00f4nia das Crian\u00e7as e um do Guia de navega\u00e7\u00e3o para professores \u2014 um material que serve de apoio para trabalhar a obra em sala de aula.<\/p>\n\n\n\n<div class=\"wp-block-image\"><figure class=\"aligncenter size-large is-resized\"><img loading=\"lazy\" decoding=\"async\" src=\"https:\/\/jornalfatosenoticias.com.br\/wp-content\/uploads\/2023\/09\/vetorvix1024_1.jpg\" alt=\"\" class=\"wp-image-44868\" width=\"483\" height=\"128\" srcset=\"https:\/\/jornalfatosenoticias.com.br\/wp-content\/uploads\/2023\/09\/vetorvix1024_1.jpg 1024w, https:\/\/jornalfatosenoticias.com.br\/wp-content\/uploads\/2023\/09\/vetorvix1024_1-300x80.jpg 300w, https:\/\/jornalfatosenoticias.com.br\/wp-content\/uploads\/2023\/09\/vetorvix1024_1-768x205.jpg 768w\" sizes=\"auto, (max-width: 483px) 100vw, 483px\" \/><\/figure><\/div>\n\n\n\n<p><strong><em>Fonte: <a href=\"https:\/\/ciclovivo.com.br\/fique-ligado\/e-books\/araquem-alcantara-lanca-livro-sobre-criancas-na-amazonia\/\">CicloVivo<\/a><\/em><\/strong><\/p>\n","protected":false},"excerpt":{"rendered":"<p>Obra do renomado fot\u00f3grafo pode ser baixada gratuitamente Um dos precursores da fotografia de natureza no Brasil, Araqu\u00e9m Alc\u00e2ntara est\u00e1 lan\u00e7ando seu primeiro livro infantil. O livro \u201cAmaz\u00f4nia das Crian\u00e7as\u201d retrata e d\u00e1 voz a 15 meninos e meninas que vivem na maior floresta tropical do mundo. No \u201cAmaz\u00f4nia das Crian\u00e7as\u201d, s\u00e3o elas que contam, [&hellip;]<\/p>\n","protected":false},"author":2,"featured_media":49517,"comment_status":"open","ping_status":"open","sticky":false,"template":"","format":"standard","meta":{"footnotes":""},"categories":[4],"tags":[123,22922,670,22921,1217],"class_list":["post-49516","post","type-post","status-publish","format-standard","has-post-thumbnail","hentry","category-cultura","tag-amazonia","tag-araquem-alcantara","tag-criancas","tag-e-books","tag-livro"],"yoast_head":"<!-- This site is optimized with the Yoast SEO plugin v26.5 - https:\/\/yoast.com\/wordpress\/plugins\/seo\/ -->\n<title>Araqu\u00e9m Alc\u00e2ntara lan\u00e7a livro sobre crian\u00e7as na Amaz\u00f4nia - Jornal Fatos e Not\u00edcias<\/title>\n<meta name=\"robots\" content=\"index, follow, max-snippet:-1, max-image-preview:large, max-video-preview:-1\" \/>\n<link rel=\"canonical\" href=\"https:\/\/jornalfatosenoticias.com.br\/index.php\/2024\/02\/28\/araquem-alcantara-lanca-livro-sobre-criancas-na-amazonia\/\" \/>\n<meta property=\"og:locale\" content=\"pt_BR\" \/>\n<meta property=\"og:type\" content=\"article\" \/>\n<meta property=\"og:title\" content=\"Araqu\u00e9m Alc\u00e2ntara lan\u00e7a livro sobre crian\u00e7as na Amaz\u00f4nia - Jornal Fatos e Not\u00edcias\" \/>\n<meta property=\"og:description\" content=\"Obra do renomado fot\u00f3grafo pode ser baixada gratuitamente Um dos precursores da fotografia de natureza no Brasil, Araqu\u00e9m Alc\u00e2ntara est\u00e1 lan\u00e7ando seu primeiro livro infantil. O livro \u201cAmaz\u00f4nia das Crian\u00e7as\u201d retrata e d\u00e1 voz a 15 meninos e meninas que vivem na maior floresta tropical do mundo. No \u201cAmaz\u00f4nia das Crian\u00e7as\u201d, s\u00e3o elas que contam, [&hellip;]\" \/>\n<meta property=\"og:url\" content=\"https:\/\/jornalfatosenoticias.com.br\/index.php\/2024\/02\/28\/araquem-alcantara-lanca-livro-sobre-criancas-na-amazonia\/\" \/>\n<meta property=\"og:site_name\" content=\"Jornal Fatos e Not\u00edcias\" \/>\n<meta property=\"article:published_time\" content=\"2024-02-28T14:53:02+00:00\" \/>\n<meta property=\"article:modified_time\" content=\"2024-02-28T14:53:03+00:00\" \/>\n<meta property=\"og:image\" content=\"https:\/\/jornalfatosenoticias.com.br\/wp-content\/uploads\/2024\/02\/livro-de-araquem.jpg\" \/>\n\t<meta property=\"og:image:width\" content=\"754\" \/>\n\t<meta property=\"og:image:height\" content=\"421\" \/>\n\t<meta property=\"og:image:type\" content=\"image\/jpeg\" \/>\n<meta name=\"author\" content=\"Luzimara Fernandes\" \/>\n<meta name=\"twitter:card\" content=\"summary_large_image\" \/>\n<meta name=\"twitter:label1\" content=\"Escrito por\" \/>\n\t<meta name=\"twitter:data1\" content=\"Luzimara Fernandes\" \/>\n\t<meta name=\"twitter:label2\" content=\"Est. tempo de leitura\" \/>\n\t<meta name=\"twitter:data2\" content=\"2 minutos\" \/>\n<script type=\"application\/ld+json\" class=\"yoast-schema-graph\">{\"@context\":\"https:\/\/schema.org\",\"@graph\":[{\"@type\":\"Article\",\"@id\":\"https:\/\/jornalfatosenoticias.com.br\/index.php\/2024\/02\/28\/araquem-alcantara-lanca-livro-sobre-criancas-na-amazonia\/#article\",\"isPartOf\":{\"@id\":\"https:\/\/jornalfatosenoticias.com.br\/index.php\/2024\/02\/28\/araquem-alcantara-lanca-livro-sobre-criancas-na-amazonia\/\"},\"author\":{\"name\":\"Luzimara Fernandes\",\"@id\":\"https:\/\/jornalfatosenoticias.com.br\/#\/schema\/person\/d63837fa13ac8666eb9e74e0985d6f81\"},\"headline\":\"Araqu\u00e9m Alc\u00e2ntara lan\u00e7a livro sobre crian\u00e7as na Amaz\u00f4nia\",\"datePublished\":\"2024-02-28T14:53:02+00:00\",\"dateModified\":\"2024-02-28T14:53:03+00:00\",\"mainEntityOfPage\":{\"@id\":\"https:\/\/jornalfatosenoticias.com.br\/index.php\/2024\/02\/28\/araquem-alcantara-lanca-livro-sobre-criancas-na-amazonia\/\"},\"wordCount\":380,\"commentCount\":0,\"publisher\":{\"@id\":\"https:\/\/jornalfatosenoticias.com.br\/#organization\"},\"image\":{\"@id\":\"https:\/\/jornalfatosenoticias.com.br\/index.php\/2024\/02\/28\/araquem-alcantara-lanca-livro-sobre-criancas-na-amazonia\/#primaryimage\"},\"thumbnailUrl\":\"https:\/\/jornalfatosenoticias.com.br\/wp-content\/uploads\/2024\/02\/livro-de-araquem.jpg\",\"keywords\":[\"amaz\u00f4nia\",\"Araqu\u00e9m Alc\u00e2ntara\",\"crian\u00e7as\",\"e-books\",\"livro\"],\"articleSection\":[\"Cultura\"],\"inLanguage\":\"pt-BR\",\"potentialAction\":[{\"@type\":\"CommentAction\",\"name\":\"Comment\",\"target\":[\"https:\/\/jornalfatosenoticias.com.br\/index.php\/2024\/02\/28\/araquem-alcantara-lanca-livro-sobre-criancas-na-amazonia\/#respond\"]}]},{\"@type\":\"WebPage\",\"@id\":\"https:\/\/jornalfatosenoticias.com.br\/index.php\/2024\/02\/28\/araquem-alcantara-lanca-livro-sobre-criancas-na-amazonia\/\",\"url\":\"https:\/\/jornalfatosenoticias.com.br\/index.php\/2024\/02\/28\/araquem-alcantara-lanca-livro-sobre-criancas-na-amazonia\/\",\"name\":\"Araqu\u00e9m Alc\u00e2ntara lan\u00e7a livro sobre crian\u00e7as na Amaz\u00f4nia - Jornal Fatos e Not\u00edcias\",\"isPartOf\":{\"@id\":\"https:\/\/jornalfatosenoticias.com.br\/#website\"},\"primaryImageOfPage\":{\"@id\":\"https:\/\/jornalfatosenoticias.com.br\/index.php\/2024\/02\/28\/araquem-alcantara-lanca-livro-sobre-criancas-na-amazonia\/#primaryimage\"},\"image\":{\"@id\":\"https:\/\/jornalfatosenoticias.com.br\/index.php\/2024\/02\/28\/araquem-alcantara-lanca-livro-sobre-criancas-na-amazonia\/#primaryimage\"},\"thumbnailUrl\":\"https:\/\/jornalfatosenoticias.com.br\/wp-content\/uploads\/2024\/02\/livro-de-araquem.jpg\",\"datePublished\":\"2024-02-28T14:53:02+00:00\",\"dateModified\":\"2024-02-28T14:53:03+00:00\",\"breadcrumb\":{\"@id\":\"https:\/\/jornalfatosenoticias.com.br\/index.php\/2024\/02\/28\/araquem-alcantara-lanca-livro-sobre-criancas-na-amazonia\/#breadcrumb\"},\"inLanguage\":\"pt-BR\",\"potentialAction\":[{\"@type\":\"ReadAction\",\"target\":[\"https:\/\/jornalfatosenoticias.com.br\/index.php\/2024\/02\/28\/araquem-alcantara-lanca-livro-sobre-criancas-na-amazonia\/\"]}]},{\"@type\":\"ImageObject\",\"inLanguage\":\"pt-BR\",\"@id\":\"https:\/\/jornalfatosenoticias.com.br\/index.php\/2024\/02\/28\/araquem-alcantara-lanca-livro-sobre-criancas-na-amazonia\/#primaryimage\",\"url\":\"https:\/\/jornalfatosenoticias.com.br\/wp-content\/uploads\/2024\/02\/livro-de-araquem.jpg\",\"contentUrl\":\"https:\/\/jornalfatosenoticias.com.br\/wp-content\/uploads\/2024\/02\/livro-de-araquem.jpg\",\"width\":754,\"height\":421},{\"@type\":\"BreadcrumbList\",\"@id\":\"https:\/\/jornalfatosenoticias.com.br\/index.php\/2024\/02\/28\/araquem-alcantara-lanca-livro-sobre-criancas-na-amazonia\/#breadcrumb\",\"itemListElement\":[{\"@type\":\"ListItem\",\"position\":1,\"name\":\"In\u00edcio\",\"item\":\"https:\/\/jornalfatosenoticias.com.br\/\"},{\"@type\":\"ListItem\",\"position\":2,\"name\":\"Araqu\u00e9m Alc\u00e2ntara lan\u00e7a livro sobre crian\u00e7as na Amaz\u00f4nia\"}]},{\"@type\":\"WebSite\",\"@id\":\"https:\/\/jornalfatosenoticias.com.br\/#website\",\"url\":\"https:\/\/jornalfatosenoticias.com.br\/\",\"name\":\"Jornal Fatos e Not\u00edcias\",\"description\":\"Not\u00edcias em geral\",\"publisher\":{\"@id\":\"https:\/\/jornalfatosenoticias.com.br\/#organization\"},\"potentialAction\":[{\"@type\":\"SearchAction\",\"target\":{\"@type\":\"EntryPoint\",\"urlTemplate\":\"https:\/\/jornalfatosenoticias.com.br\/?s={search_term_string}\"},\"query-input\":{\"@type\":\"PropertyValueSpecification\",\"valueRequired\":true,\"valueName\":\"search_term_string\"}}],\"inLanguage\":\"pt-BR\"},{\"@type\":\"Organization\",\"@id\":\"https:\/\/jornalfatosenoticias.com.br\/#organization\",\"name\":\"Jornal Fatos e Not\u00edcias\",\"url\":\"https:\/\/jornalfatosenoticias.com.br\/\",\"logo\":{\"@type\":\"ImageObject\",\"inLanguage\":\"pt-BR\",\"@id\":\"https:\/\/jornalfatosenoticias.com.br\/#\/schema\/logo\/image\/\",\"url\":\"https:\/\/jornalfatosenoticias.com.br\/wp-content\/uploads\/2020\/02\/logo120.png\",\"contentUrl\":\"https:\/\/jornalfatosenoticias.com.br\/wp-content\/uploads\/2020\/02\/logo120.png\",\"width\":1227,\"height\":120,\"caption\":\"Jornal Fatos e Not\u00edcias\"},\"image\":{\"@id\":\"https:\/\/jornalfatosenoticias.com.br\/#\/schema\/logo\/image\/\"}},{\"@type\":\"Person\",\"@id\":\"https:\/\/jornalfatosenoticias.com.br\/#\/schema\/person\/d63837fa13ac8666eb9e74e0985d6f81\",\"name\":\"Luzimara Fernandes\",\"image\":{\"@type\":\"ImageObject\",\"inLanguage\":\"pt-BR\",\"@id\":\"https:\/\/jornalfatosenoticias.com.br\/#\/schema\/person\/image\/\",\"url\":\"https:\/\/jornalfatosenoticias.com.br\/wp-content\/uploads\/2025\/05\/EU_portal.jpg\",\"contentUrl\":\"https:\/\/jornalfatosenoticias.com.br\/wp-content\/uploads\/2025\/05\/EU_portal.jpg\",\"caption\":\"Luzimara Fernandes\"},\"description\":\"Jornalista MTB 2358-ES\",\"sameAs\":[\"https:\/\/jornalfatosenoticias.com.br\"],\"url\":\"https:\/\/jornalfatosenoticias.com.br\/index.php\/author\/luzimara\/\"}]}<\/script>\n<!-- \/ Yoast SEO plugin. -->","yoast_head_json":{"title":"Araqu\u00e9m Alc\u00e2ntara lan\u00e7a livro sobre crian\u00e7as na Amaz\u00f4nia - Jornal Fatos e Not\u00edcias","robots":{"index":"index","follow":"follow","max-snippet":"max-snippet:-1","max-image-preview":"max-image-preview:large","max-video-preview":"max-video-preview:-1"},"canonical":"https:\/\/jornalfatosenoticias.com.br\/index.php\/2024\/02\/28\/araquem-alcantara-lanca-livro-sobre-criancas-na-amazonia\/","og_locale":"pt_BR","og_type":"article","og_title":"Araqu\u00e9m Alc\u00e2ntara lan\u00e7a livro sobre crian\u00e7as na Amaz\u00f4nia - Jornal Fatos e Not\u00edcias","og_description":"Obra do renomado fot\u00f3grafo pode ser baixada gratuitamente Um dos precursores da fotografia de natureza no Brasil, Araqu\u00e9m Alc\u00e2ntara est\u00e1 lan\u00e7ando seu primeiro livro infantil. O livro \u201cAmaz\u00f4nia das Crian\u00e7as\u201d retrata e d\u00e1 voz a 15 meninos e meninas que vivem na maior floresta tropical do mundo. No \u201cAmaz\u00f4nia das Crian\u00e7as\u201d, s\u00e3o elas que contam, [&hellip;]","og_url":"https:\/\/jornalfatosenoticias.com.br\/index.php\/2024\/02\/28\/araquem-alcantara-lanca-livro-sobre-criancas-na-amazonia\/","og_site_name":"Jornal Fatos e Not\u00edcias","article_published_time":"2024-02-28T14:53:02+00:00","article_modified_time":"2024-02-28T14:53:03+00:00","og_image":[{"width":754,"height":421,"url":"https:\/\/jornalfatosenoticias.com.br\/wp-content\/uploads\/2024\/02\/livro-de-araquem.jpg","type":"image\/jpeg"}],"author":"Luzimara Fernandes","twitter_card":"summary_large_image","twitter_misc":{"Escrito por":"Luzimara Fernandes","Est. tempo de leitura":"2 minutos"},"schema":{"@context":"https:\/\/schema.org","@graph":[{"@type":"Article","@id":"https:\/\/jornalfatosenoticias.com.br\/index.php\/2024\/02\/28\/araquem-alcantara-lanca-livro-sobre-criancas-na-amazonia\/#article","isPartOf":{"@id":"https:\/\/jornalfatosenoticias.com.br\/index.php\/2024\/02\/28\/araquem-alcantara-lanca-livro-sobre-criancas-na-amazonia\/"},"author":{"name":"Luzimara Fernandes","@id":"https:\/\/jornalfatosenoticias.com.br\/#\/schema\/person\/d63837fa13ac8666eb9e74e0985d6f81"},"headline":"Araqu\u00e9m Alc\u00e2ntara lan\u00e7a livro sobre crian\u00e7as na Amaz\u00f4nia","datePublished":"2024-02-28T14:53:02+00:00","dateModified":"2024-02-28T14:53:03+00:00","mainEntityOfPage":{"@id":"https:\/\/jornalfatosenoticias.com.br\/index.php\/2024\/02\/28\/araquem-alcantara-lanca-livro-sobre-criancas-na-amazonia\/"},"wordCount":380,"commentCount":0,"publisher":{"@id":"https:\/\/jornalfatosenoticias.com.br\/#organization"},"image":{"@id":"https:\/\/jornalfatosenoticias.com.br\/index.php\/2024\/02\/28\/araquem-alcantara-lanca-livro-sobre-criancas-na-amazonia\/#primaryimage"},"thumbnailUrl":"https:\/\/jornalfatosenoticias.com.br\/wp-content\/uploads\/2024\/02\/livro-de-araquem.jpg","keywords":["amaz\u00f4nia","Araqu\u00e9m Alc\u00e2ntara","crian\u00e7as","e-books","livro"],"articleSection":["Cultura"],"inLanguage":"pt-BR","potentialAction":[{"@type":"CommentAction","name":"Comment","target":["https:\/\/jornalfatosenoticias.com.br\/index.php\/2024\/02\/28\/araquem-alcantara-lanca-livro-sobre-criancas-na-amazonia\/#respond"]}]},{"@type":"WebPage","@id":"https:\/\/jornalfatosenoticias.com.br\/index.php\/2024\/02\/28\/araquem-alcantara-lanca-livro-sobre-criancas-na-amazonia\/","url":"https:\/\/jornalfatosenoticias.com.br\/index.php\/2024\/02\/28\/araquem-alcantara-lanca-livro-sobre-criancas-na-amazonia\/","name":"Araqu\u00e9m Alc\u00e2ntara lan\u00e7a livro sobre crian\u00e7as na Amaz\u00f4nia - Jornal Fatos e Not\u00edcias","isPartOf":{"@id":"https:\/\/jornalfatosenoticias.com.br\/#website"},"primaryImageOfPage":{"@id":"https:\/\/jornalfatosenoticias.com.br\/index.php\/2024\/02\/28\/araquem-alcantara-lanca-livro-sobre-criancas-na-amazonia\/#primaryimage"},"image":{"@id":"https:\/\/jornalfatosenoticias.com.br\/index.php\/2024\/02\/28\/araquem-alcantara-lanca-livro-sobre-criancas-na-amazonia\/#primaryimage"},"thumbnailUrl":"https:\/\/jornalfatosenoticias.com.br\/wp-content\/uploads\/2024\/02\/livro-de-araquem.jpg","datePublished":"2024-02-28T14:53:02+00:00","dateModified":"2024-02-28T14:53:03+00:00","breadcrumb":{"@id":"https:\/\/jornalfatosenoticias.com.br\/index.php\/2024\/02\/28\/araquem-alcantara-lanca-livro-sobre-criancas-na-amazonia\/#breadcrumb"},"inLanguage":"pt-BR","potentialAction":[{"@type":"ReadAction","target":["https:\/\/jornalfatosenoticias.com.br\/index.php\/2024\/02\/28\/araquem-alcantara-lanca-livro-sobre-criancas-na-amazonia\/"]}]},{"@type":"ImageObject","inLanguage":"pt-BR","@id":"https:\/\/jornalfatosenoticias.com.br\/index.php\/2024\/02\/28\/araquem-alcantara-lanca-livro-sobre-criancas-na-amazonia\/#primaryimage","url":"https:\/\/jornalfatosenoticias.com.br\/wp-content\/uploads\/2024\/02\/livro-de-araquem.jpg","contentUrl":"https:\/\/jornalfatosenoticias.com.br\/wp-content\/uploads\/2024\/02\/livro-de-araquem.jpg","width":754,"height":421},{"@type":"BreadcrumbList","@id":"https:\/\/jornalfatosenoticias.com.br\/index.php\/2024\/02\/28\/araquem-alcantara-lanca-livro-sobre-criancas-na-amazonia\/#breadcrumb","itemListElement":[{"@type":"ListItem","position":1,"name":"In\u00edcio","item":"https:\/\/jornalfatosenoticias.com.br\/"},{"@type":"ListItem","position":2,"name":"Araqu\u00e9m Alc\u00e2ntara lan\u00e7a livro sobre crian\u00e7as na Amaz\u00f4nia"}]},{"@type":"WebSite","@id":"https:\/\/jornalfatosenoticias.com.br\/#website","url":"https:\/\/jornalfatosenoticias.com.br\/","name":"Jornal Fatos e Not\u00edcias","description":"Not\u00edcias em geral","publisher":{"@id":"https:\/\/jornalfatosenoticias.com.br\/#organization"},"potentialAction":[{"@type":"SearchAction","target":{"@type":"EntryPoint","urlTemplate":"https:\/\/jornalfatosenoticias.com.br\/?s={search_term_string}"},"query-input":{"@type":"PropertyValueSpecification","valueRequired":true,"valueName":"search_term_string"}}],"inLanguage":"pt-BR"},{"@type":"Organization","@id":"https:\/\/jornalfatosenoticias.com.br\/#organization","name":"Jornal Fatos e Not\u00edcias","url":"https:\/\/jornalfatosenoticias.com.br\/","logo":{"@type":"ImageObject","inLanguage":"pt-BR","@id":"https:\/\/jornalfatosenoticias.com.br\/#\/schema\/logo\/image\/","url":"https:\/\/jornalfatosenoticias.com.br\/wp-content\/uploads\/2020\/02\/logo120.png","contentUrl":"https:\/\/jornalfatosenoticias.com.br\/wp-content\/uploads\/2020\/02\/logo120.png","width":1227,"height":120,"caption":"Jornal Fatos e Not\u00edcias"},"image":{"@id":"https:\/\/jornalfatosenoticias.com.br\/#\/schema\/logo\/image\/"}},{"@type":"Person","@id":"https:\/\/jornalfatosenoticias.com.br\/#\/schema\/person\/d63837fa13ac8666eb9e74e0985d6f81","name":"Luzimara Fernandes","image":{"@type":"ImageObject","inLanguage":"pt-BR","@id":"https:\/\/jornalfatosenoticias.com.br\/#\/schema\/person\/image\/","url":"https:\/\/jornalfatosenoticias.com.br\/wp-content\/uploads\/2025\/05\/EU_portal.jpg","contentUrl":"https:\/\/jornalfatosenoticias.com.br\/wp-content\/uploads\/2025\/05\/EU_portal.jpg","caption":"Luzimara Fernandes"},"description":"Jornalista MTB 2358-ES","sameAs":["https:\/\/jornalfatosenoticias.com.br"],"url":"https:\/\/jornalfatosenoticias.com.br\/index.php\/author\/luzimara\/"}]}},"cc_featured_image_caption":{"caption_text":"(Foto: Dviulga\u00e7\u00e3o)","source_text":"","source_url":""},"jetpack_featured_media_url":"https:\/\/jornalfatosenoticias.com.br\/wp-content\/uploads\/2024\/02\/livro-de-araquem.jpg","_links":{"self":[{"href":"https:\/\/jornalfatosenoticias.com.br\/index.php\/wp-json\/wp\/v2\/posts\/49516","targetHints":{"allow":["GET"]}}],"collection":[{"href":"https:\/\/jornalfatosenoticias.com.br\/index.php\/wp-json\/wp\/v2\/posts"}],"about":[{"href":"https:\/\/jornalfatosenoticias.com.br\/index.php\/wp-json\/wp\/v2\/types\/post"}],"author":[{"embeddable":true,"href":"https:\/\/jornalfatosenoticias.com.br\/index.php\/wp-json\/wp\/v2\/users\/2"}],"replies":[{"embeddable":true,"href":"https:\/\/jornalfatosenoticias.com.br\/index.php\/wp-json\/wp\/v2\/comments?post=49516"}],"version-history":[{"count":0,"href":"https:\/\/jornalfatosenoticias.com.br\/index.php\/wp-json\/wp\/v2\/posts\/49516\/revisions"}],"wp:featuredmedia":[{"embeddable":true,"href":"https:\/\/jornalfatosenoticias.com.br\/index.php\/wp-json\/wp\/v2\/media\/49517"}],"wp:attachment":[{"href":"https:\/\/jornalfatosenoticias.com.br\/index.php\/wp-json\/wp\/v2\/media?parent=49516"}],"wp:term":[{"taxonomy":"category","embeddable":true,"href":"https:\/\/jornalfatosenoticias.com.br\/index.php\/wp-json\/wp\/v2\/categories?post=49516"},{"taxonomy":"post_tag","embeddable":true,"href":"https:\/\/jornalfatosenoticias.com.br\/index.php\/wp-json\/wp\/v2\/tags?post=49516"}],"curies":[{"name":"wp","href":"https:\/\/api.w.org\/{rel}","templated":true}]}}