{"id":49519,"date":"2024-02-28T14:40:36","date_gmt":"2024-02-28T17:40:36","guid":{"rendered":"https:\/\/jornalfatosenoticias.com.br\/?p=49519"},"modified":"2024-02-28T14:40:37","modified_gmt":"2024-02-28T17:40:37","slug":"ongs-ambientalistas-internacionais-ganham-espaco-no-governo-para-pressionar-agro","status":"publish","type":"post","link":"https:\/\/jornalfatosenoticias.com.br\/index.php\/2024\/02\/28\/ongs-ambientalistas-internacionais-ganham-espaco-no-governo-para-pressionar-agro\/","title":{"rendered":"ONGs ambientalistas internacionais ganham espa\u00e7o no governo para pressionar agro"},"content":{"rendered":"\n<p><em><span class=\"has-inline-color has-black-color\">Minist\u00e9rio da Agricultura criou c\u00e2mara tem\u00e1tica com ONGs ambientalistas internacionais para debater agrocarbono sustent\u00e1vel<\/span><\/em><\/p>\n\n\n\n<p><span class=\"has-inline-color has-black-color\">Por <strong><a href=\"https:\/\/www.gazetadopovo.com.br\/autor\/aline-rechmann\/\">Aline Rechmann<\/a><\/strong><\/span><\/p>\n\n\n\n<div class=\"wp-block-image\"><figure class=\"aligncenter size-large\"><img loading=\"lazy\" decoding=\"async\" width=\"729\" height=\"90\" src=\"https:\/\/jornalfatosenoticias.com.br\/wp-content\/uploads\/2020\/02\/Logo_Mizu.png\" alt=\"\" class=\"wp-image-1441\" srcset=\"https:\/\/jornalfatosenoticias.com.br\/wp-content\/uploads\/2020\/02\/Logo_Mizu.png 729w, https:\/\/jornalfatosenoticias.com.br\/wp-content\/uploads\/2020\/02\/Logo_Mizu-300x37.png 300w\" sizes=\"auto, (max-width: 729px) 100vw, 729px\" \/><\/figure><\/div>\n\n\n\n<p>Organiza\u00e7\u00f5es n\u00e3o governamentais (ONGs) ambientalistas internacionais, como o Fundo Mundial para a Natureza (WWF-Brasil), a Climate Policy Initiative (CPI) e a The Nature Conservancy (TNC) far\u00e3o parte da C\u00e2mara Tem\u00e1tica para tratar do &#8220;agrocarbono&#8221;. A C\u00e2mara \u00e9 ligada ao Conselho de Pol\u00edtica Agr\u00edcola do Minist\u00e9rio da Agricultura e Pecu\u00e1ria (Mapa) e ter\u00e1 como objetivo \u201crefor\u00e7ar pol\u00edticas p\u00fablicas que promovam a sustentabilidade do agro\u201d. A participa\u00e7\u00e3o dessas entidades, no entanto, \u00e9 considerada uma forma de press\u00e3o pelas pautas ambientais no agroneg\u00f3cio brasileiro.<br>Para o deputado federal e ex-ministro do Meio Ambiente Ricardo Salles (PL-SP), a composi\u00e7\u00e3o do colegiado gera um conflito de interesses.<\/p>\n\n\n\n<blockquote class=\"wp-block-quote is-layout-flow wp-block-quote-is-layout-flow\"><p><span class=\"has-inline-color has-luminous-vivid-orange-color\">H\u00e1 grande conflito de interesse em ter essas ONGs tendo qualquer papel na formula\u00e7\u00e3o de pol\u00edtica p\u00fablica agroambiental no Brasil\u201d, afirma o deputado.<\/span><\/p><\/blockquote>\n\n\n\n<div class=\"wp-block-image\"><figure class=\"aligncenter size-large is-resized\"><img loading=\"lazy\" decoding=\"async\" src=\"https:\/\/jornalfatosenoticias.com.br\/wp-content\/uploads\/2024\/01\/consultoria-ambiental.jpg\" alt=\"\" class=\"wp-image-48314\" width=\"311\" height=\"281\" srcset=\"https:\/\/jornalfatosenoticias.com.br\/wp-content\/uploads\/2024\/01\/consultoria-ambiental.jpg 832w, https:\/\/jornalfatosenoticias.com.br\/wp-content\/uploads\/2024\/01\/consultoria-ambiental-300x272.jpg 300w, https:\/\/jornalfatosenoticias.com.br\/wp-content\/uploads\/2024\/01\/consultoria-ambiental-768x696.jpg 768w\" sizes=\"auto, (max-width: 311px) 100vw, 311px\" \/><\/figure><\/div>\n\n\n\n<p>O advogado especialista em direito ambiental, Georges Humbert, que \u00e9 presidente do Instituto Brasileiro de Direito e Sustentabilidade (Ibrades), diz que colegiados com esse tipo de composi\u00e7\u00e3o podem gerar solu\u00e7\u00f5es distorcidas.<\/p>\n\n\n\n<blockquote class=\"wp-block-quote is-layout-flow wp-block-quote-is-layout-flow\"><p><span class=\"has-inline-color has-luminous-vivid-orange-color\">[Solu\u00e7\u00f5es] contr\u00e1rias ao interesse coletivo p\u00e1trio, \u00e0 soberania nacional e \u00e0 seguran\u00e7a alimentar e energ\u00e9tica do Brasil e do planeta. Em favor de interesses obscuros do capital internacional, travestido de zelo ao meio ambiente\u201d, completou Humbert.<\/span><\/p><\/blockquote>\n\n\n\n<div class=\"wp-block-image\"><figure class=\"aligncenter size-large is-resized\"><img loading=\"lazy\" decoding=\"async\" src=\"https:\/\/jornalfatosenoticias.com.br\/wp-content\/uploads\/2020\/02\/CONTROL-CS.jpg\" alt=\"\" class=\"wp-image-44991\" width=\"319\" height=\"382\" srcset=\"https:\/\/jornalfatosenoticias.com.br\/wp-content\/uploads\/2020\/02\/CONTROL-CS.jpg 834w, https:\/\/jornalfatosenoticias.com.br\/wp-content\/uploads\/2020\/02\/CONTROL-CS-250x300.jpg 250w, https:\/\/jornalfatosenoticias.com.br\/wp-content\/uploads\/2020\/02\/CONTROL-CS-768x921.jpg 768w\" sizes=\"auto, (max-width: 319px) 100vw, 319px\" \/><\/figure><\/div>\n\n\n\n<p>Organiza\u00e7\u00f5es ambientais v\u00eam pressionando para que agro brasileiro tamb\u00e9m seja inclu\u00eddo no projeto de lei que regulamenta o mercado de cr\u00e9ditos de carbono, em discuss\u00e3o no Senado. No \u00e2mbito internacional, a Uni\u00e3o Europeia chegou a propor no ano passado, no contexto das discuss\u00f5es sobre o acordo de livre com\u00e9rcio com o Mercosul, a aplica\u00e7\u00e3o de san\u00e7\u00f5es ao Brasil em caso de descumprimento de obriga\u00e7\u00f5es clim\u00e1ticas, uma proposta que foi considerada, inclusive pelo governo Lula, como protecionista.<\/p>\n\n\n\n<div class=\"wp-block-image\"><figure class=\"aligncenter size-large is-resized\"><img loading=\"lazy\" decoding=\"async\" src=\"https:\/\/jornalfatosenoticias.com.br\/wp-content\/uploads\/2024\/01\/consultoria-ambiental.jpg\" alt=\"\" class=\"wp-image-48314\" width=\"324\" height=\"293\" srcset=\"https:\/\/jornalfatosenoticias.com.br\/wp-content\/uploads\/2024\/01\/consultoria-ambiental.jpg 832w, https:\/\/jornalfatosenoticias.com.br\/wp-content\/uploads\/2024\/01\/consultoria-ambiental-300x272.jpg 300w, https:\/\/jornalfatosenoticias.com.br\/wp-content\/uploads\/2024\/01\/consultoria-ambiental-768x696.jpg 768w\" sizes=\"auto, (max-width: 324px) 100vw, 324px\" \/><\/figure><\/div>\n\n\n\n<p>A C\u00e2mara Tem\u00e1tica se reunir\u00e1 pela primeira vez na pr\u00f3xima quarta-feira (6). Quando sua cria\u00e7\u00e3o foi anunciada, em novembro de 2023, ela teria 44 membros, mas a portaria de nomea\u00e7\u00e3o envolveu 74 entidades, em sua maioria ligada a diversos setores do agroneg\u00f3cio. As ONGs, bem como as demais entidades, foram indicadas para compor a C\u00e2mara Tem\u00e1tica por meio de portaria assinada pelo ministro da Agricultura, Carlos F\u00e1varo.<br>O Minist\u00e9rio da Agricultura informou que o colegiado ser\u00e1 formado por pelo menos quatro grupos tem\u00e1ticos que tratar\u00e3o de taxonomia (sistema de classifica\u00e7\u00e3o dos seres vivos); rastreabilidade e certifica\u00e7\u00f5es; finan\u00e7as sustent\u00e1veis e a participa\u00e7\u00e3o nos mercados de carbono.<\/p>\n\n\n\n<div class=\"wp-block-image\"><figure class=\"aligncenter size-large is-resized\"><img loading=\"lazy\" decoding=\"async\" src=\"https:\/\/jornalfatosenoticias.com.br\/wp-content\/uploads\/2023\/08\/BKR-1024x1021.jpg\" alt=\"\" class=\"wp-image-44494\" width=\"306\" height=\"305\" srcset=\"https:\/\/jornalfatosenoticias.com.br\/wp-content\/uploads\/2023\/08\/BKR-1024x1021.jpg 1024w, https:\/\/jornalfatosenoticias.com.br\/wp-content\/uploads\/2023\/08\/BKR-300x300.jpg 300w, https:\/\/jornalfatosenoticias.com.br\/wp-content\/uploads\/2023\/08\/BKR-150x150.jpg 150w, https:\/\/jornalfatosenoticias.com.br\/wp-content\/uploads\/2023\/08\/BKR-768x766.jpg 768w, https:\/\/jornalfatosenoticias.com.br\/wp-content\/uploads\/2023\/08\/BKR.jpg 1080w\" sizes=\"auto, (max-width: 306px) 100vw, 306px\" \/><\/figure><\/div>\n\n\n\n<p><strong><span class=\"has-inline-color has-black-color\">Colegiado com ONGs ambientalistas pode causar impactos negativos no agro<br><\/span><\/strong>A cria\u00e7\u00e3o da C\u00e2mara Tem\u00e1tica e a sua composi\u00e7\u00e3o geraram preocupa\u00e7\u00f5es com os poss\u00edveis impactos negativos gerados pelas delibera\u00e7\u00f5es que podem nortear as pol\u00edticas p\u00fablicas do setor. O ex-secret\u00e1rio de Clima e Rela\u00e7\u00f5es Internacionais do Minist\u00e9rio do Meio Ambiente, empreendedor e produtor rural Eduardo Lunardelli Novaes, apontou o grande n\u00famero de entidades envolvidas como um problema.<\/p>\n\n\n\n<blockquote class=\"wp-block-quote is-layout-flow wp-block-quote-is-layout-flow\"><p><span class=\"has-inline-color has-luminous-vivid-orange-color\">Querem passar a impress\u00e3o de grande representatividade, mas n\u00e3o \u00e9 verdade. Grupos dessa magnitude s\u00e3o disfuncionais para a produ\u00e7\u00e3o coerente de propostas. Dito isso, funcionam exclusivamente para validar propostas do governo\u201d, disse Novaes.<\/span><\/p><\/blockquote>\n\n\n\n<div class=\"wp-block-image\"><figure class=\"aligncenter size-large\"><img loading=\"lazy\" decoding=\"async\" width=\"300\" height=\"250\" src=\"https:\/\/jornalfatosenoticias.com.br\/wp-content\/uploads\/2022\/02\/FERRARI_MAQUINAS-E-FERRAMENTAS2.jpg\" alt=\"\" class=\"wp-image-27860\"\/><\/figure><\/div>\n\n\n\n<p><strong><span class=\"has-inline-color has-black-color\">Para Novaes, a participa\u00e7\u00e3o das ONGs ambientalistas dever\u00e1 pressionar a produ\u00e7\u00e3o agropecu\u00e1ria de \u201cforma delet\u00e9ria\u201d.<br><\/span><\/strong>\u201cOrganismos internacionais n\u00e3o deveriam participar da produ\u00e7\u00e3o de pol\u00edticas p\u00fablicas brasileiras. N\u00e3o dessa forma. Afinal, para quem o governo trabalha? Para o brasileiro ou para os interesses estrangeiros? Creio que a principal conclus\u00e3o \u00e9 que, nesse modelo, o governo faz parecer que ouve a sociedade, mas somente usa muitas entidades para validar o que quer\u201d, pontuou o produtor rural.<\/p>\n\n\n\n<div class=\"wp-block-image\"><figure class=\"aligncenter size-large is-resized\"><img loading=\"lazy\" decoding=\"async\" src=\"https:\/\/jornalfatosenoticias.com.br\/wp-content\/uploads\/2023\/03\/logo-Panper_portal.jpg\" alt=\"\" class=\"wp-image-40208\" width=\"315\" height=\"218\" srcset=\"https:\/\/jornalfatosenoticias.com.br\/wp-content\/uploads\/2023\/03\/logo-Panper_portal.jpg 400w, https:\/\/jornalfatosenoticias.com.br\/wp-content\/uploads\/2023\/03\/logo-Panper_portal-300x208.jpg 300w\" sizes=\"auto, (max-width: 315px) 100vw, 315px\" \/><\/figure><\/div>\n\n\n\n<p>Ele entende que, neste contexto, pequenos produtores, em especial pecuaristas, podem ser prejudicados por pol\u00edticas p\u00fablicas sustent\u00e1veis que possam ser analisadas pela C\u00e2mara Tem\u00e1tica, como mudan\u00e7as na rastreabilidade de bovinos, para identifica\u00e7\u00e3o da origem do animal, e o controle da atividade agropecu\u00e1ria pelo sistema financeiro. Ele explica que, neste \u00faltimo caso, os produtores que eventualmente tenham cometido infra\u00e7\u00f5es ambientais, por exemplo, poder\u00e3o ser punidos com a restri\u00e7\u00e3o a investimentos ou acesso a cr\u00e9dito nos bancos. O mesmo pode ocorrer caso n\u00e3o sejam cumpridas exig\u00eancias em rela\u00e7\u00e3o \u00e0s metas de acordos clim\u00e1ticos, por exemplo.<\/p>\n\n\n\n<div class=\"wp-block-image\"><figure class=\"aligncenter size-large is-resized\"><img loading=\"lazy\" decoding=\"async\" src=\"https:\/\/jornalfatosenoticias.com.br\/wp-content\/uploads\/2023\/08\/ITH.jpeg\" alt=\"\" class=\"wp-image-44638\" width=\"310\" height=\"252\" srcset=\"https:\/\/jornalfatosenoticias.com.br\/wp-content\/uploads\/2023\/08\/ITH.jpeg 800w, https:\/\/jornalfatosenoticias.com.br\/wp-content\/uploads\/2023\/08\/ITH-300x244.jpeg 300w, https:\/\/jornalfatosenoticias.com.br\/wp-content\/uploads\/2023\/08\/ITH-768x624.jpeg 768w\" sizes=\"auto, (max-width: 310px) 100vw, 310px\" \/><\/figure><\/div>\n\n\n\n<p>Novaes ainda afirma que &#8220;a l\u00f3gica dos estrangeiros, da ind\u00fastria e de institui\u00e7\u00f5es financeiras devem ser priorizadas&#8221; e, sendo assim, dever\u00e1 prevalecer sobre os pequenos produtores, em especial os pecuaristas. \u201c\u00c9 o pequeno que dever\u00e1 ser prejudicado\u00a0porque, em princ\u00edpio, n\u00e3o ter\u00e1 condi\u00e7\u00f5es de se adequar a eventual regula\u00e7\u00e3o\u201d, opina.<\/p>\n\n\n\n<div class=\"wp-block-image\"><figure class=\"aligncenter size-large is-resized\"><img loading=\"lazy\" decoding=\"async\" src=\"https:\/\/jornalfatosenoticias.com.br\/wp-content\/uploads\/2023\/03\/logo-Panper_portal.jpg\" alt=\"\" class=\"wp-image-40208\" width=\"309\" height=\"214\" srcset=\"https:\/\/jornalfatosenoticias.com.br\/wp-content\/uploads\/2023\/03\/logo-Panper_portal.jpg 400w, https:\/\/jornalfatosenoticias.com.br\/wp-content\/uploads\/2023\/03\/logo-Panper_portal-300x208.jpg 300w\" sizes=\"auto, (max-width: 309px) 100vw, 309px\" \/><\/figure><\/div>\n\n\n\n<p>H\u00e1 tamb\u00e9m a preocupa\u00e7\u00e3o, entre especialistas ouvidos pela Gazeta do Povo, com a reserva de mercado e com o protecionismo em detrimento ao protagonismo, sustentabilidade e inova\u00e7\u00e3o do agro brasileiro. \u201cQualquer \u00f3rg\u00e3o que trate temas afetos a esse campe\u00e3o e orgulho nacional, que assegura a preserva\u00e7\u00e3o ambiental, ganhos sociais e a nossa balan\u00e7a econ\u00f4mica, deve ter como base priorit\u00e1ria de escuta o pr\u00f3prio agro\u201d, pontua o advogado Georges Humbert.<\/p>\n\n\n\n<div class=\"wp-block-image\"><figure class=\"aligncenter size-large is-resized\"><img loading=\"lazy\" decoding=\"async\" src=\"https:\/\/jornalfatosenoticias.com.br\/wp-content\/uploads\/2023\/03\/nova-logo-Marquetti.jpg\" alt=\"\" class=\"wp-image-40207\" width=\"334\" height=\"224\" srcset=\"https:\/\/jornalfatosenoticias.com.br\/wp-content\/uploads\/2023\/03\/nova-logo-Marquetti.jpg 643w, https:\/\/jornalfatosenoticias.com.br\/wp-content\/uploads\/2023\/03\/nova-logo-Marquetti-300x202.jpg 300w\" sizes=\"auto, (max-width: 334px) 100vw, 334px\" \/><\/figure><\/div>\n\n\n\n<p>Para Humbert, o\u00a0Brasil precisa pleitear, no plano internacional, a remunera\u00e7\u00e3o do mundo ao Brasil e ao agro, em especial, no mercado de carbono. \u201cN\u00e3o parece ser esse o interesse dessas ONGs. Elas devem fazer prevalecer o interesse externo ao interno, em preju\u00edzo do Brasil e, o que \u00e9 mais grave, em \u00faltima an\u00e1lise, dos brasileiros mais pobres e vulner\u00e1veis\u201d, diz o advogado.<\/p>\n\n\n\n<div class=\"wp-block-image\"><figure class=\"aligncenter size-large\"><img decoding=\"async\" src=\"https:\/\/jornalfatosenoticias.com.br\/wp-content\/uploads\/2020\/02\/barao-das-carnes-300x164-1.jpg\" alt=\"\" class=\"wp-image-34339\"\/><\/figure><\/div>\n\n\n\n<p><strong><span class=\"has-inline-color has-black-color\">Transversalidade da pauta ambiental \u00e9 defendida pelo governo Lula\u00a0<br><\/span><\/strong>Uma das premissas da ministra do Meio Ambiente, Marina Silva, tem sido a transversalidade na pauta ambiental. Ela defende que a agenda ambiental tem que estar presente em todas as \u00e1reas de governo. A posi\u00e7\u00e3o foi levada em considera\u00e7\u00e3o por Luiz In\u00e1cio Lula da Silva (PT), e boa parte dos minist\u00e9rios tem secretarias ou diretorias que tratam da quest\u00e3o ambiental. \u00c9 o caso do Minist\u00e9rio do Desenvolvimento, Ind\u00fastria, Com\u00e9rcio e Servi\u00e7os, por exemplo, que tem em sua estrutura organizacional a Secretaria de Economia Verde, Descarboniza\u00e7\u00e3o e Bioind\u00fastria (SEV).<\/p>\n\n\n\n<div class=\"wp-block-image\"><figure class=\"aligncenter size-large is-resized\"><img loading=\"lazy\" decoding=\"async\" src=\"https:\/\/jornalfatosenoticias.com.br\/wp-content\/uploads\/2022\/02\/Precisao-Contabilidade-1024x724.jpg\" alt=\"\" class=\"wp-image-28088\" width=\"336\" height=\"238\"\/><\/figure><\/div>\n\n\n\n<p>No entanto, a participa\u00e7\u00e3o de entidades ambientalistas em colegiados que tratam temas afetos ao agroneg\u00f3cio n\u00e3o encontra um equivalente quando s\u00e3o considerados os colegiados dos quais o Minist\u00e9rio do Meio Ambiente e Mudan\u00e7as Clim\u00e1ticas (MMA) \u00e9 protagonista. Com base em informa\u00e7\u00f5es obtidas no Painel de Informa\u00e7\u00f5es de Colegiados (PIC) do Minist\u00e9rio do Meio Ambiente, \u00e9 poss\u00edvel observar que mesmo em grupos de trabalho em que os temas s\u00e3o relacionados ao agroneg\u00f3cio, como \u00e9 o caso do licenciamento ambiental e da gest\u00e3o ambiental rural, a participa\u00e7\u00e3o de membros ligados ao agro \u00e9 restrita.<\/p>\n\n\n\n<div class=\"wp-block-image\"><figure class=\"aligncenter size-large is-resized\"><img loading=\"lazy\" decoding=\"async\" src=\"https:\/\/jornalfatosenoticias.com.br\/wp-content\/uploads\/2020\/02\/logo-Rapuzel-1024x571.jpg\" alt=\"\" class=\"wp-image-42808\" width=\"332\" height=\"185\" srcset=\"https:\/\/jornalfatosenoticias.com.br\/wp-content\/uploads\/2020\/02\/logo-Rapuzel-1024x571.jpg 1024w, https:\/\/jornalfatosenoticias.com.br\/wp-content\/uploads\/2020\/02\/logo-Rapuzel-300x167.jpg 300w, https:\/\/jornalfatosenoticias.com.br\/wp-content\/uploads\/2020\/02\/logo-Rapuzel-768x428.jpg 768w, https:\/\/jornalfatosenoticias.com.br\/wp-content\/uploads\/2020\/02\/logo-Rapuzel-1536x856.jpg 1536w, https:\/\/jornalfatosenoticias.com.br\/wp-content\/uploads\/2020\/02\/logo-Rapuzel.jpg 1600w\" sizes=\"auto, (max-width: 332px) 100vw, 332px\" \/><\/figure><\/div>\n\n\n\n<p>Embora n\u00e3o haja um colegiado equivalente \u00e0 C\u00e2mara Setorial do Agrocarbono no guarda-chuva do minist\u00e9rio de Marina, a representa\u00e7\u00e3o do agroneg\u00f3cio no Conselho Nacional de Meio Ambiente (Conama), \u00e9 limitada. Nas cinco c\u00e2maras tem\u00e1ticas do Conama, o agro tem como \u00fanico representante direto a Confedera\u00e7\u00e3o de Agricultura e Pecu\u00e1ria do Brasil (CNA), que \u00e9 classificada como entidade empresarial. Enquanto isso, as entidades ambientalistas s\u00e3o uma categoria \u00e0 parte e s\u00e3o representadas em maior n\u00famero.<\/p>\n\n\n\n<div class=\"wp-block-image\"><figure class=\"aligncenter size-large is-resized\"><img loading=\"lazy\" decoding=\"async\" src=\"https:\/\/jornalfatosenoticias.com.br\/wp-content\/uploads\/2023\/12\/pegoretti-logo-pdf-1024x389.jpg\" alt=\"\" class=\"wp-image-47536\" width=\"472\" height=\"179\" srcset=\"https:\/\/jornalfatosenoticias.com.br\/wp-content\/uploads\/2023\/12\/pegoretti-logo-pdf-1024x389.jpg 1024w, https:\/\/jornalfatosenoticias.com.br\/wp-content\/uploads\/2023\/12\/pegoretti-logo-pdf-300x114.jpg 300w, https:\/\/jornalfatosenoticias.com.br\/wp-content\/uploads\/2023\/12\/pegoretti-logo-pdf-768x291.jpg 768w, https:\/\/jornalfatosenoticias.com.br\/wp-content\/uploads\/2023\/12\/pegoretti-logo-pdf.jpg 1120w\" sizes=\"auto, (max-width: 472px) 100vw, 472px\" \/><\/figure><\/div>\n\n\n\n<p>O Conama \u00e9 um \u00f3rg\u00e3o consultivo e deliberativo do Sistema Nacional de Meio Ambiente que trata de pol\u00edticas nacionais e diretrizes ambientais, bem como da fixa\u00e7\u00e3o de normas e crit\u00e9rios para o uso dos recursos naturais e a preserva\u00e7\u00e3o do meio ambiente.<br>Por meio de resolu\u00e7\u00f5es, historicamente j\u00e1 houve uma s\u00e9rie de normas formuladas pelo colegiado que afetaram o agroneg\u00f3cio, como em casos em que se tratava de licenciamentos ambientais para a produ\u00e7\u00e3o agropecu\u00e1ria e a utiliza\u00e7\u00e3o de defensivos agr\u00edcolas, por exemplo.<\/p>\n\n\n\n<div class=\"wp-block-image\"><figure class=\"aligncenter size-large\"><img decoding=\"async\" src=\"https:\/\/jornalfatosenoticias.com.br\/wp-content\/uploads\/2020\/02\/logo_esteio.jpg\" alt=\"\" class=\"wp-image-1214\"\/><\/figure><\/div>\n\n\n\n<p><strong><span class=\"has-inline-color has-black-color\">Interfer\u00eancia de ONGs ambientalistas no Brasil foi tema de CPI no Senado<br><\/span><\/strong>Durante o ano de 2023, o Senado Federal, por iniciativa do senador Pl\u00ednio Val\u00e9rio (PSDB-AM), investigou a atua\u00e7\u00e3o de entidades internacionais nas pol\u00edticas p\u00fablicas brasileiras, bem como buscou mapear essas entidades. Durante os trabalhos, ind\u00edgenas brasileiros e integrantes de comunidades tradicionais expuseram suas realidades e a forma de atua\u00e7\u00e3o de ONGs financiadas por capital estrangeiro.<\/p>\n\n\n\n<div class=\"wp-block-image\"><figure class=\"aligncenter size-large is-resized\"><img loading=\"lazy\" decoding=\"async\" src=\"https:\/\/jornalfatosenoticias.com.br\/wp-content\/uploads\/2020\/02\/CONTROL-CS.jpg\" alt=\"\" class=\"wp-image-44991\" width=\"290\" height=\"348\" srcset=\"https:\/\/jornalfatosenoticias.com.br\/wp-content\/uploads\/2020\/02\/CONTROL-CS.jpg 834w, https:\/\/jornalfatosenoticias.com.br\/wp-content\/uploads\/2020\/02\/CONTROL-CS-250x300.jpg 250w, https:\/\/jornalfatosenoticias.com.br\/wp-content\/uploads\/2020\/02\/CONTROL-CS-768x921.jpg 768w\" sizes=\"auto, (max-width: 290px) 100vw, 290px\" \/><\/figure><\/div>\n\n\n\n<p>O trabalho da CPI tamb\u00e9m mostrou que a atua\u00e7\u00e3o das ONGs ambientalistas interfere n\u00e3o s\u00f3 no cotidiano dos brasileiros, mas tamb\u00e9m em obras de infraestrutura. A Gazeta do Povo j\u00e1 mostrou como as ONGs brasileiras financiadas por organismos estrangeiros t\u00eam freado o andamento de obras, como a repavimenta\u00e7\u00e3o da BR 319, no Amazonas.<\/p>\n\n\n\n<div class=\"wp-block-image\"><figure class=\"aligncenter size-large is-resized\"><img loading=\"lazy\" decoding=\"async\" src=\"https:\/\/jornalfatosenoticias.com.br\/wp-content\/uploads\/2023\/09\/vetorvix1024_1.jpg\" alt=\"\" class=\"wp-image-44868\" width=\"513\" height=\"136\" srcset=\"https:\/\/jornalfatosenoticias.com.br\/wp-content\/uploads\/2023\/09\/vetorvix1024_1.jpg 1024w, https:\/\/jornalfatosenoticias.com.br\/wp-content\/uploads\/2023\/09\/vetorvix1024_1-300x80.jpg 300w, https:\/\/jornalfatosenoticias.com.br\/wp-content\/uploads\/2023\/09\/vetorvix1024_1-768x205.jpg 768w\" sizes=\"auto, (max-width: 513px) 100vw, 513px\" \/><\/figure><\/div>\n\n\n\n<p><strong><em>Fonte: <a href=\"https:\/\/www.gazetadopovo.com.br\/republica\/ongs-ambientalistas-internacionais-ganham-espaco-no-governo-para-pressionar-agro\/\">Gazeta do Povo<\/a><\/em><\/strong><\/p>\n","protected":false},"excerpt":{"rendered":"<p>Minist\u00e9rio da Agricultura criou c\u00e2mara tem\u00e1tica com ONGs ambientalistas internacionais para debater agrocarbono sustent\u00e1vel Por Aline Rechmann Organiza\u00e7\u00f5es n\u00e3o governamentais (ONGs) ambientalistas internacionais, como o Fundo Mundial para a Natureza (WWF-Brasil), a Climate Policy Initiative (CPI) e a The Nature Conservancy (TNC) far\u00e3o parte da C\u00e2mara Tem\u00e1tica para tratar do &#8220;agrocarbono&#8221;. A C\u00e2mara \u00e9 ligada [&hellip;]<\/p>\n","protected":false},"author":2,"featured_media":49520,"comment_status":"open","ping_status":"open","sticky":false,"template":"","format":"standard","meta":{"footnotes":""},"categories":[5],"tags":[279,123,20166,11517,17819,945,18192,21270,9727,734],"class_list":["post-49519","post","type-post","status-publish","format-standard","has-post-thumbnail","hentry","category-geral","tag-agropecuaria","tag-amazonia","tag-carlos-favaro","tag-licenciamento-ambiental","tag-marina-silva","tag-meio-ambiente","tag-plinio-valerio","tag-relacoes-internacionais","tag-ricardo-salles","tag-sustentabilidade"],"yoast_head":"<!-- This site is optimized with the Yoast SEO plugin v26.5 - https:\/\/yoast.com\/wordpress\/plugins\/seo\/ -->\n<title>ONGs ambientalistas internacionais ganham espa\u00e7o no governo para pressionar agro - Jornal Fatos e Not\u00edcias<\/title>\n<meta name=\"robots\" content=\"index, follow, max-snippet:-1, max-image-preview:large, max-video-preview:-1\" \/>\n<link rel=\"canonical\" href=\"https:\/\/jornalfatosenoticias.com.br\/index.php\/2024\/02\/28\/ongs-ambientalistas-internacionais-ganham-espaco-no-governo-para-pressionar-agro\/\" \/>\n<meta property=\"og:locale\" content=\"pt_BR\" \/>\n<meta property=\"og:type\" content=\"article\" \/>\n<meta property=\"og:title\" content=\"ONGs ambientalistas internacionais ganham espa\u00e7o no governo para pressionar agro - Jornal Fatos e Not\u00edcias\" \/>\n<meta property=\"og:description\" content=\"Minist\u00e9rio da Agricultura criou c\u00e2mara tem\u00e1tica com ONGs ambientalistas internacionais para debater agrocarbono sustent\u00e1vel Por Aline Rechmann Organiza\u00e7\u00f5es n\u00e3o governamentais (ONGs) ambientalistas internacionais, como o Fundo Mundial para a Natureza (WWF-Brasil), a Climate Policy Initiative (CPI) e a The Nature Conservancy (TNC) far\u00e3o parte da C\u00e2mara Tem\u00e1tica para tratar do &#8220;agrocarbono&#8221;. A C\u00e2mara \u00e9 ligada [&hellip;]\" \/>\n<meta property=\"og:url\" content=\"https:\/\/jornalfatosenoticias.com.br\/index.php\/2024\/02\/28\/ongs-ambientalistas-internacionais-ganham-espaco-no-governo-para-pressionar-agro\/\" \/>\n<meta property=\"og:site_name\" content=\"Jornal Fatos e Not\u00edcias\" \/>\n<meta property=\"article:published_time\" content=\"2024-02-28T17:40:36+00:00\" \/>\n<meta property=\"article:modified_time\" content=\"2024-02-28T17:40:37+00:00\" \/>\n<meta property=\"og:image\" content=\"https:\/\/jornalfatosenoticias.com.br\/wp-content\/uploads\/2024\/02\/marina-silva-carlos-favaro-meio-ambiente-agricultura.jpeg\" \/>\n\t<meta property=\"og:image:width\" content=\"768\" \/>\n\t<meta property=\"og:image:height\" content=\"511\" \/>\n\t<meta property=\"og:image:type\" content=\"image\/jpeg\" \/>\n<meta name=\"author\" content=\"Luzimara Fernandes\" \/>\n<meta name=\"twitter:card\" content=\"summary_large_image\" \/>\n<meta name=\"twitter:label1\" content=\"Escrito por\" \/>\n\t<meta name=\"twitter:data1\" content=\"Luzimara Fernandes\" \/>\n\t<meta name=\"twitter:label2\" content=\"Est. tempo de leitura\" \/>\n\t<meta name=\"twitter:data2\" content=\"7 minutos\" \/>\n<script type=\"application\/ld+json\" class=\"yoast-schema-graph\">{\"@context\":\"https:\/\/schema.org\",\"@graph\":[{\"@type\":\"Article\",\"@id\":\"https:\/\/jornalfatosenoticias.com.br\/index.php\/2024\/02\/28\/ongs-ambientalistas-internacionais-ganham-espaco-no-governo-para-pressionar-agro\/#article\",\"isPartOf\":{\"@id\":\"https:\/\/jornalfatosenoticias.com.br\/index.php\/2024\/02\/28\/ongs-ambientalistas-internacionais-ganham-espaco-no-governo-para-pressionar-agro\/\"},\"author\":{\"name\":\"Luzimara Fernandes\",\"@id\":\"https:\/\/jornalfatosenoticias.com.br\/#\/schema\/person\/d63837fa13ac8666eb9e74e0985d6f81\"},\"headline\":\"ONGs ambientalistas internacionais ganham espa\u00e7o no governo para pressionar agro\",\"datePublished\":\"2024-02-28T17:40:36+00:00\",\"dateModified\":\"2024-02-28T17:40:37+00:00\",\"mainEntityOfPage\":{\"@id\":\"https:\/\/jornalfatosenoticias.com.br\/index.php\/2024\/02\/28\/ongs-ambientalistas-internacionais-ganham-espaco-no-governo-para-pressionar-agro\/\"},\"wordCount\":1482,\"commentCount\":0,\"publisher\":{\"@id\":\"https:\/\/jornalfatosenoticias.com.br\/#organization\"},\"image\":{\"@id\":\"https:\/\/jornalfatosenoticias.com.br\/index.php\/2024\/02\/28\/ongs-ambientalistas-internacionais-ganham-espaco-no-governo-para-pressionar-agro\/#primaryimage\"},\"thumbnailUrl\":\"https:\/\/jornalfatosenoticias.com.br\/wp-content\/uploads\/2024\/02\/marina-silva-carlos-favaro-meio-ambiente-agricultura.jpeg\",\"keywords\":[\"agropecu\u00e1ria\",\"amaz\u00f4nia\",\"Carlos F\u00e1varo\",\"licenciamento ambiental\",\"Marina Silva\",\"meio ambiente\",\"Pl\u00ednio Val\u00e9rio\",\"rela\u00e7\u00f5es internacionais\",\"Ricardo Salles\",\"sustentabilidade\"],\"articleSection\":[\"Geral\"],\"inLanguage\":\"pt-BR\",\"potentialAction\":[{\"@type\":\"CommentAction\",\"name\":\"Comment\",\"target\":[\"https:\/\/jornalfatosenoticias.com.br\/index.php\/2024\/02\/28\/ongs-ambientalistas-internacionais-ganham-espaco-no-governo-para-pressionar-agro\/#respond\"]}]},{\"@type\":\"WebPage\",\"@id\":\"https:\/\/jornalfatosenoticias.com.br\/index.php\/2024\/02\/28\/ongs-ambientalistas-internacionais-ganham-espaco-no-governo-para-pressionar-agro\/\",\"url\":\"https:\/\/jornalfatosenoticias.com.br\/index.php\/2024\/02\/28\/ongs-ambientalistas-internacionais-ganham-espaco-no-governo-para-pressionar-agro\/\",\"name\":\"ONGs ambientalistas internacionais ganham espa\u00e7o no governo para pressionar agro - Jornal Fatos e Not\u00edcias\",\"isPartOf\":{\"@id\":\"https:\/\/jornalfatosenoticias.com.br\/#website\"},\"primaryImageOfPage\":{\"@id\":\"https:\/\/jornalfatosenoticias.com.br\/index.php\/2024\/02\/28\/ongs-ambientalistas-internacionais-ganham-espaco-no-governo-para-pressionar-agro\/#primaryimage\"},\"image\":{\"@id\":\"https:\/\/jornalfatosenoticias.com.br\/index.php\/2024\/02\/28\/ongs-ambientalistas-internacionais-ganham-espaco-no-governo-para-pressionar-agro\/#primaryimage\"},\"thumbnailUrl\":\"https:\/\/jornalfatosenoticias.com.br\/wp-content\/uploads\/2024\/02\/marina-silva-carlos-favaro-meio-ambiente-agricultura.jpeg\",\"datePublished\":\"2024-02-28T17:40:36+00:00\",\"dateModified\":\"2024-02-28T17:40:37+00:00\",\"breadcrumb\":{\"@id\":\"https:\/\/jornalfatosenoticias.com.br\/index.php\/2024\/02\/28\/ongs-ambientalistas-internacionais-ganham-espaco-no-governo-para-pressionar-agro\/#breadcrumb\"},\"inLanguage\":\"pt-BR\",\"potentialAction\":[{\"@type\":\"ReadAction\",\"target\":[\"https:\/\/jornalfatosenoticias.com.br\/index.php\/2024\/02\/28\/ongs-ambientalistas-internacionais-ganham-espaco-no-governo-para-pressionar-agro\/\"]}]},{\"@type\":\"ImageObject\",\"inLanguage\":\"pt-BR\",\"@id\":\"https:\/\/jornalfatosenoticias.com.br\/index.php\/2024\/02\/28\/ongs-ambientalistas-internacionais-ganham-espaco-no-governo-para-pressionar-agro\/#primaryimage\",\"url\":\"https:\/\/jornalfatosenoticias.com.br\/wp-content\/uploads\/2024\/02\/marina-silva-carlos-favaro-meio-ambiente-agricultura.jpeg\",\"contentUrl\":\"https:\/\/jornalfatosenoticias.com.br\/wp-content\/uploads\/2024\/02\/marina-silva-carlos-favaro-meio-ambiente-agricultura.jpeg\",\"width\":768,\"height\":511},{\"@type\":\"BreadcrumbList\",\"@id\":\"https:\/\/jornalfatosenoticias.com.br\/index.php\/2024\/02\/28\/ongs-ambientalistas-internacionais-ganham-espaco-no-governo-para-pressionar-agro\/#breadcrumb\",\"itemListElement\":[{\"@type\":\"ListItem\",\"position\":1,\"name\":\"In\u00edcio\",\"item\":\"https:\/\/jornalfatosenoticias.com.br\/\"},{\"@type\":\"ListItem\",\"position\":2,\"name\":\"ONGs ambientalistas internacionais ganham espa\u00e7o no governo para pressionar agro\"}]},{\"@type\":\"WebSite\",\"@id\":\"https:\/\/jornalfatosenoticias.com.br\/#website\",\"url\":\"https:\/\/jornalfatosenoticias.com.br\/\",\"name\":\"Jornal Fatos e Not\u00edcias\",\"description\":\"Not\u00edcias em geral\",\"publisher\":{\"@id\":\"https:\/\/jornalfatosenoticias.com.br\/#organization\"},\"potentialAction\":[{\"@type\":\"SearchAction\",\"target\":{\"@type\":\"EntryPoint\",\"urlTemplate\":\"https:\/\/jornalfatosenoticias.com.br\/?s={search_term_string}\"},\"query-input\":{\"@type\":\"PropertyValueSpecification\",\"valueRequired\":true,\"valueName\":\"search_term_string\"}}],\"inLanguage\":\"pt-BR\"},{\"@type\":\"Organization\",\"@id\":\"https:\/\/jornalfatosenoticias.com.br\/#organization\",\"name\":\"Jornal Fatos e Not\u00edcias\",\"url\":\"https:\/\/jornalfatosenoticias.com.br\/\",\"logo\":{\"@type\":\"ImageObject\",\"inLanguage\":\"pt-BR\",\"@id\":\"https:\/\/jornalfatosenoticias.com.br\/#\/schema\/logo\/image\/\",\"url\":\"https:\/\/jornalfatosenoticias.com.br\/wp-content\/uploads\/2020\/02\/logo120.png\",\"contentUrl\":\"https:\/\/jornalfatosenoticias.com.br\/wp-content\/uploads\/2020\/02\/logo120.png\",\"width\":1227,\"height\":120,\"caption\":\"Jornal Fatos e Not\u00edcias\"},\"image\":{\"@id\":\"https:\/\/jornalfatosenoticias.com.br\/#\/schema\/logo\/image\/\"}},{\"@type\":\"Person\",\"@id\":\"https:\/\/jornalfatosenoticias.com.br\/#\/schema\/person\/d63837fa13ac8666eb9e74e0985d6f81\",\"name\":\"Luzimara Fernandes\",\"image\":{\"@type\":\"ImageObject\",\"inLanguage\":\"pt-BR\",\"@id\":\"https:\/\/jornalfatosenoticias.com.br\/#\/schema\/person\/image\/\",\"url\":\"https:\/\/jornalfatosenoticias.com.br\/wp-content\/uploads\/2025\/05\/EU_portal.jpg\",\"contentUrl\":\"https:\/\/jornalfatosenoticias.com.br\/wp-content\/uploads\/2025\/05\/EU_portal.jpg\",\"caption\":\"Luzimara Fernandes\"},\"description\":\"Jornalista MTB 2358-ES\",\"sameAs\":[\"https:\/\/jornalfatosenoticias.com.br\"],\"url\":\"https:\/\/jornalfatosenoticias.com.br\/index.php\/author\/luzimara\/\"}]}<\/script>\n<!-- \/ Yoast SEO plugin. -->","yoast_head_json":{"title":"ONGs ambientalistas internacionais ganham espa\u00e7o no governo para pressionar agro - Jornal Fatos e Not\u00edcias","robots":{"index":"index","follow":"follow","max-snippet":"max-snippet:-1","max-image-preview":"max-image-preview:large","max-video-preview":"max-video-preview:-1"},"canonical":"https:\/\/jornalfatosenoticias.com.br\/index.php\/2024\/02\/28\/ongs-ambientalistas-internacionais-ganham-espaco-no-governo-para-pressionar-agro\/","og_locale":"pt_BR","og_type":"article","og_title":"ONGs ambientalistas internacionais ganham espa\u00e7o no governo para pressionar agro - Jornal Fatos e Not\u00edcias","og_description":"Minist\u00e9rio da Agricultura criou c\u00e2mara tem\u00e1tica com ONGs ambientalistas internacionais para debater agrocarbono sustent\u00e1vel Por Aline Rechmann Organiza\u00e7\u00f5es n\u00e3o governamentais (ONGs) ambientalistas internacionais, como o Fundo Mundial para a Natureza (WWF-Brasil), a Climate Policy Initiative (CPI) e a The Nature Conservancy (TNC) far\u00e3o parte da C\u00e2mara Tem\u00e1tica para tratar do &#8220;agrocarbono&#8221;. A C\u00e2mara \u00e9 ligada [&hellip;]","og_url":"https:\/\/jornalfatosenoticias.com.br\/index.php\/2024\/02\/28\/ongs-ambientalistas-internacionais-ganham-espaco-no-governo-para-pressionar-agro\/","og_site_name":"Jornal Fatos e Not\u00edcias","article_published_time":"2024-02-28T17:40:36+00:00","article_modified_time":"2024-02-28T17:40:37+00:00","og_image":[{"width":768,"height":511,"url":"https:\/\/jornalfatosenoticias.com.br\/wp-content\/uploads\/2024\/02\/marina-silva-carlos-favaro-meio-ambiente-agricultura.jpeg","type":"image\/jpeg"}],"author":"Luzimara Fernandes","twitter_card":"summary_large_image","twitter_misc":{"Escrito por":"Luzimara Fernandes","Est. tempo de leitura":"7 minutos"},"schema":{"@context":"https:\/\/schema.org","@graph":[{"@type":"Article","@id":"https:\/\/jornalfatosenoticias.com.br\/index.php\/2024\/02\/28\/ongs-ambientalistas-internacionais-ganham-espaco-no-governo-para-pressionar-agro\/#article","isPartOf":{"@id":"https:\/\/jornalfatosenoticias.com.br\/index.php\/2024\/02\/28\/ongs-ambientalistas-internacionais-ganham-espaco-no-governo-para-pressionar-agro\/"},"author":{"name":"Luzimara Fernandes","@id":"https:\/\/jornalfatosenoticias.com.br\/#\/schema\/person\/d63837fa13ac8666eb9e74e0985d6f81"},"headline":"ONGs ambientalistas internacionais ganham espa\u00e7o no governo para pressionar agro","datePublished":"2024-02-28T17:40:36+00:00","dateModified":"2024-02-28T17:40:37+00:00","mainEntityOfPage":{"@id":"https:\/\/jornalfatosenoticias.com.br\/index.php\/2024\/02\/28\/ongs-ambientalistas-internacionais-ganham-espaco-no-governo-para-pressionar-agro\/"},"wordCount":1482,"commentCount":0,"publisher":{"@id":"https:\/\/jornalfatosenoticias.com.br\/#organization"},"image":{"@id":"https:\/\/jornalfatosenoticias.com.br\/index.php\/2024\/02\/28\/ongs-ambientalistas-internacionais-ganham-espaco-no-governo-para-pressionar-agro\/#primaryimage"},"thumbnailUrl":"https:\/\/jornalfatosenoticias.com.br\/wp-content\/uploads\/2024\/02\/marina-silva-carlos-favaro-meio-ambiente-agricultura.jpeg","keywords":["agropecu\u00e1ria","amaz\u00f4nia","Carlos F\u00e1varo","licenciamento ambiental","Marina Silva","meio ambiente","Pl\u00ednio Val\u00e9rio","rela\u00e7\u00f5es internacionais","Ricardo Salles","sustentabilidade"],"articleSection":["Geral"],"inLanguage":"pt-BR","potentialAction":[{"@type":"CommentAction","name":"Comment","target":["https:\/\/jornalfatosenoticias.com.br\/index.php\/2024\/02\/28\/ongs-ambientalistas-internacionais-ganham-espaco-no-governo-para-pressionar-agro\/#respond"]}]},{"@type":"WebPage","@id":"https:\/\/jornalfatosenoticias.com.br\/index.php\/2024\/02\/28\/ongs-ambientalistas-internacionais-ganham-espaco-no-governo-para-pressionar-agro\/","url":"https:\/\/jornalfatosenoticias.com.br\/index.php\/2024\/02\/28\/ongs-ambientalistas-internacionais-ganham-espaco-no-governo-para-pressionar-agro\/","name":"ONGs ambientalistas internacionais ganham espa\u00e7o no governo para pressionar agro - Jornal Fatos e Not\u00edcias","isPartOf":{"@id":"https:\/\/jornalfatosenoticias.com.br\/#website"},"primaryImageOfPage":{"@id":"https:\/\/jornalfatosenoticias.com.br\/index.php\/2024\/02\/28\/ongs-ambientalistas-internacionais-ganham-espaco-no-governo-para-pressionar-agro\/#primaryimage"},"image":{"@id":"https:\/\/jornalfatosenoticias.com.br\/index.php\/2024\/02\/28\/ongs-ambientalistas-internacionais-ganham-espaco-no-governo-para-pressionar-agro\/#primaryimage"},"thumbnailUrl":"https:\/\/jornalfatosenoticias.com.br\/wp-content\/uploads\/2024\/02\/marina-silva-carlos-favaro-meio-ambiente-agricultura.jpeg","datePublished":"2024-02-28T17:40:36+00:00","dateModified":"2024-02-28T17:40:37+00:00","breadcrumb":{"@id":"https:\/\/jornalfatosenoticias.com.br\/index.php\/2024\/02\/28\/ongs-ambientalistas-internacionais-ganham-espaco-no-governo-para-pressionar-agro\/#breadcrumb"},"inLanguage":"pt-BR","potentialAction":[{"@type":"ReadAction","target":["https:\/\/jornalfatosenoticias.com.br\/index.php\/2024\/02\/28\/ongs-ambientalistas-internacionais-ganham-espaco-no-governo-para-pressionar-agro\/"]}]},{"@type":"ImageObject","inLanguage":"pt-BR","@id":"https:\/\/jornalfatosenoticias.com.br\/index.php\/2024\/02\/28\/ongs-ambientalistas-internacionais-ganham-espaco-no-governo-para-pressionar-agro\/#primaryimage","url":"https:\/\/jornalfatosenoticias.com.br\/wp-content\/uploads\/2024\/02\/marina-silva-carlos-favaro-meio-ambiente-agricultura.jpeg","contentUrl":"https:\/\/jornalfatosenoticias.com.br\/wp-content\/uploads\/2024\/02\/marina-silva-carlos-favaro-meio-ambiente-agricultura.jpeg","width":768,"height":511},{"@type":"BreadcrumbList","@id":"https:\/\/jornalfatosenoticias.com.br\/index.php\/2024\/02\/28\/ongs-ambientalistas-internacionais-ganham-espaco-no-governo-para-pressionar-agro\/#breadcrumb","itemListElement":[{"@type":"ListItem","position":1,"name":"In\u00edcio","item":"https:\/\/jornalfatosenoticias.com.br\/"},{"@type":"ListItem","position":2,"name":"ONGs ambientalistas internacionais ganham espa\u00e7o no governo para pressionar agro"}]},{"@type":"WebSite","@id":"https:\/\/jornalfatosenoticias.com.br\/#website","url":"https:\/\/jornalfatosenoticias.com.br\/","name":"Jornal Fatos e Not\u00edcias","description":"Not\u00edcias em geral","publisher":{"@id":"https:\/\/jornalfatosenoticias.com.br\/#organization"},"potentialAction":[{"@type":"SearchAction","target":{"@type":"EntryPoint","urlTemplate":"https:\/\/jornalfatosenoticias.com.br\/?s={search_term_string}"},"query-input":{"@type":"PropertyValueSpecification","valueRequired":true,"valueName":"search_term_string"}}],"inLanguage":"pt-BR"},{"@type":"Organization","@id":"https:\/\/jornalfatosenoticias.com.br\/#organization","name":"Jornal Fatos e Not\u00edcias","url":"https:\/\/jornalfatosenoticias.com.br\/","logo":{"@type":"ImageObject","inLanguage":"pt-BR","@id":"https:\/\/jornalfatosenoticias.com.br\/#\/schema\/logo\/image\/","url":"https:\/\/jornalfatosenoticias.com.br\/wp-content\/uploads\/2020\/02\/logo120.png","contentUrl":"https:\/\/jornalfatosenoticias.com.br\/wp-content\/uploads\/2020\/02\/logo120.png","width":1227,"height":120,"caption":"Jornal Fatos e Not\u00edcias"},"image":{"@id":"https:\/\/jornalfatosenoticias.com.br\/#\/schema\/logo\/image\/"}},{"@type":"Person","@id":"https:\/\/jornalfatosenoticias.com.br\/#\/schema\/person\/d63837fa13ac8666eb9e74e0985d6f81","name":"Luzimara Fernandes","image":{"@type":"ImageObject","inLanguage":"pt-BR","@id":"https:\/\/jornalfatosenoticias.com.br\/#\/schema\/person\/image\/","url":"https:\/\/jornalfatosenoticias.com.br\/wp-content\/uploads\/2025\/05\/EU_portal.jpg","contentUrl":"https:\/\/jornalfatosenoticias.com.br\/wp-content\/uploads\/2025\/05\/EU_portal.jpg","caption":"Luzimara Fernandes"},"description":"Jornalista MTB 2358-ES","sameAs":["https:\/\/jornalfatosenoticias.com.br"],"url":"https:\/\/jornalfatosenoticias.com.br\/index.php\/author\/luzimara\/"}]}},"cc_featured_image_caption":{"caption_text":"(Foto: Divulga\u00e7\u00e3o\/Minist\u00e9rio da Agricultura)","source_text":"","source_url":""},"jetpack_featured_media_url":"https:\/\/jornalfatosenoticias.com.br\/wp-content\/uploads\/2024\/02\/marina-silva-carlos-favaro-meio-ambiente-agricultura.jpeg","_links":{"self":[{"href":"https:\/\/jornalfatosenoticias.com.br\/index.php\/wp-json\/wp\/v2\/posts\/49519","targetHints":{"allow":["GET"]}}],"collection":[{"href":"https:\/\/jornalfatosenoticias.com.br\/index.php\/wp-json\/wp\/v2\/posts"}],"about":[{"href":"https:\/\/jornalfatosenoticias.com.br\/index.php\/wp-json\/wp\/v2\/types\/post"}],"author":[{"embeddable":true,"href":"https:\/\/jornalfatosenoticias.com.br\/index.php\/wp-json\/wp\/v2\/users\/2"}],"replies":[{"embeddable":true,"href":"https:\/\/jornalfatosenoticias.com.br\/index.php\/wp-json\/wp\/v2\/comments?post=49519"}],"version-history":[{"count":0,"href":"https:\/\/jornalfatosenoticias.com.br\/index.php\/wp-json\/wp\/v2\/posts\/49519\/revisions"}],"wp:featuredmedia":[{"embeddable":true,"href":"https:\/\/jornalfatosenoticias.com.br\/index.php\/wp-json\/wp\/v2\/media\/49520"}],"wp:attachment":[{"href":"https:\/\/jornalfatosenoticias.com.br\/index.php\/wp-json\/wp\/v2\/media?parent=49519"}],"wp:term":[{"taxonomy":"category","embeddable":true,"href":"https:\/\/jornalfatosenoticias.com.br\/index.php\/wp-json\/wp\/v2\/categories?post=49519"},{"taxonomy":"post_tag","embeddable":true,"href":"https:\/\/jornalfatosenoticias.com.br\/index.php\/wp-json\/wp\/v2\/tags?post=49519"}],"curies":[{"name":"wp","href":"https:\/\/api.w.org\/{rel}","templated":true}]}}