{"id":49522,"date":"2024-02-28T14:53:13","date_gmt":"2024-02-28T17:53:13","guid":{"rendered":"https:\/\/jornalfatosenoticias.com.br\/?p=49522"},"modified":"2024-02-28T14:53:14","modified_gmt":"2024-02-28T17:53:14","slug":"bolsonaro-sai-mais-forte-apos-manifestacao-do-ultimo-fim-de-semana-diz-pesquisa","status":"publish","type":"post","link":"https:\/\/jornalfatosenoticias.com.br\/index.php\/2024\/02\/28\/bolsonaro-sai-mais-forte-apos-manifestacao-do-ultimo-fim-de-semana-diz-pesquisa\/","title":{"rendered":"Bolsonaro sai mais forte ap\u00f3s manifesta\u00e7\u00e3o do \u00faltimo fim de semana, diz pesquisa"},"content":{"rendered":"\n<p><em><span class=\"has-inline-color has-black-color\">Metade dos ouvidos em levantamento da Quaest acredita que a imagem de Bolsonaro saiu fortalecida do ato no \u00faltimo domingo<\/span><\/em><\/p>\n\n\n\n<p><span class=\"has-inline-color has-black-color\">Por <strong><a href=\"https:\/\/www.gazetadopovo.com.br\/autor\/guilherme-grandi\/\">Guilherme Grandi<\/a><\/strong><\/span><\/p>\n\n\n\n<div class=\"wp-block-image\"><figure class=\"aligncenter size-large\"><img loading=\"lazy\" decoding=\"async\" width=\"729\" height=\"90\" src=\"https:\/\/jornalfatosenoticias.com.br\/wp-content\/uploads\/2020\/02\/Logo_Mizu.png\" alt=\"\" class=\"wp-image-1441\" srcset=\"https:\/\/jornalfatosenoticias.com.br\/wp-content\/uploads\/2020\/02\/Logo_Mizu.png 729w, https:\/\/jornalfatosenoticias.com.br\/wp-content\/uploads\/2020\/02\/Logo_Mizu-300x37.png 300w\" sizes=\"auto, (max-width: 729px) 100vw, 729px\" \/><\/figure><\/div>\n\n\n\n<p>Uma pesquisa publicada nesta quarta (28) revelou que metade dos eleitores ouvidos considera que o ex-presidente Jair Bolsonaro (PL) saiu mais forte ap\u00f3s o ato convocado por ele no \u00faltimo domingo (28), que levou 750 mil pessoas \u00e0 Avenida Paulista, em S\u00e3o Paulo.<br>O levantamento realizado pela Quaest apontou que 50% dos dois mil entrevistados comprovou a percep\u00e7\u00e3o de que a imagem do ex-presidente foi fortalecida pelo ato. Eles foram ouvidos entre os dias 25 e 27 de fevereiro com a aplica\u00e7\u00e3o de question\u00e1rios estruturados, e foi apurada uma margem de erro de 2,2 pontos percentuais e n\u00edvel de confian\u00e7a de 95% (<strong><a href=\"https:\/\/multimidia.gazetadopovo.com.br\/media\/docs\/1709125860_2024.02.28-ato-bolsonaro-pesquisa-quaest.pdf?_gl=1*w8cd4c*_ga*MTg0ODgyMTA1NC4xNjc3MjUzMTcz*_ga_B7X3QY6Y1N*MTcwOTE0MjA3MC4zOTEuMS4xNzA5MTQyNTEyLjQwLjAuMA..\">veja na \u00edntegra<\/a><\/strong>).<\/p>\n\n\n\n<div class=\"wp-block-image\"><figure class=\"aligncenter size-large\"><img loading=\"lazy\" decoding=\"async\" width=\"300\" height=\"250\" src=\"https:\/\/jornalfatosenoticias.com.br\/wp-content\/uploads\/2022\/02\/FERRARI_MAQUINAS-E-FERRAMENTAS2.jpg\" alt=\"\" class=\"wp-image-27860\"\/><\/figure><\/div>\n\n\n\n<p>Dos que consideram que Bolsonaro saiu mais forte da manifesta\u00e7\u00e3o, 58% tem entre 16 e 34 anos, 56% ganha mais de 5 sal\u00e1rios m\u00ednimos, 60% s\u00e3o da religi\u00e3o evang\u00e9lica, e 80% votaram nele em 2022 \u2014 neste ponto, 20% dos eleitores de Lula tamb\u00e9m acreditam que o ex-presidente foi fortalecido pelo ato.<\/p>\n\n\n\n<div class=\"wp-block-image\"><figure class=\"aligncenter size-large is-resized\"><img loading=\"lazy\" decoding=\"async\" src=\"https:\/\/jornalfatosenoticias.com.br\/wp-content\/uploads\/2020\/02\/CONTROL-CS.jpg\" alt=\"\" class=\"wp-image-44991\" width=\"296\" height=\"355\" srcset=\"https:\/\/jornalfatosenoticias.com.br\/wp-content\/uploads\/2020\/02\/CONTROL-CS.jpg 834w, https:\/\/jornalfatosenoticias.com.br\/wp-content\/uploads\/2020\/02\/CONTROL-CS-250x300.jpg 250w, https:\/\/jornalfatosenoticias.com.br\/wp-content\/uploads\/2020\/02\/CONTROL-CS-768x921.jpg 768w\" sizes=\"auto, (max-width: 296px) 100vw, 296px\" \/><\/figure><\/div>\n\n\n\n<p>A apura\u00e7\u00e3o da Quaest tamb\u00e9m apontou que 68% dos entrevistados consideraram a manifesta\u00e7\u00e3o como de tamanho \u201cgrande\u201d, principalmente entre os que moram fora da cidade de S\u00e3o Paulo (68%), contra os moradores da capital paulista (62%).<\/p>\n\n\n\n<div class=\"wp-block-image\"><figure class=\"aligncenter size-large\"><img loading=\"lazy\" decoding=\"async\" width=\"300\" height=\"250\" src=\"https:\/\/jornalfatosenoticias.com.br\/wp-content\/uploads\/2020\/02\/Banner-2.png\" alt=\"\" class=\"wp-image-43787\"\/><\/figure><\/div>\n\n\n\n<p>Al\u00e9m de considerarem que a manifesta\u00e7\u00e3o foi \u201cgrande\u201d, 56% dos entrevistados afirmam que o ato esteve dentro dos limites da lei, mas que n\u00e3o ter\u00e1 influ\u00eancia nas investiga\u00e7\u00f5es da Pol\u00edcia Federal e aliados para 48% dos ouvidos. No entanto, 34% acreditam que o ritmo da apura\u00e7\u00e3o pela autoridade deve ser acelerado.<\/p>\n\n\n\n<div class=\"wp-block-image\"><figure class=\"aligncenter size-large is-resized\"><img loading=\"lazy\" decoding=\"async\" src=\"https:\/\/jornalfatosenoticias.com.br\/wp-content\/uploads\/2023\/08\/ITH.jpeg\" alt=\"\" class=\"wp-image-44638\" width=\"302\" height=\"245\" srcset=\"https:\/\/jornalfatosenoticias.com.br\/wp-content\/uploads\/2023\/08\/ITH.jpeg 800w, https:\/\/jornalfatosenoticias.com.br\/wp-content\/uploads\/2023\/08\/ITH-300x244.jpeg 300w, https:\/\/jornalfatosenoticias.com.br\/wp-content\/uploads\/2023\/08\/ITH-768x624.jpeg 768w\" sizes=\"auto, (max-width: 302px) 100vw, 302px\" \/><\/figure><\/div>\n\n\n\n<p>A percep\u00e7\u00e3o das investiga\u00e7\u00f5es em cima do ex-presidente e de aliados dividiu os entrevistados ouvidos pela Quaest, em que 53% consideram que ele n\u00e3o est\u00e1 sofrendo persegui\u00e7\u00e3o, enquanto 39% afirmam que sim. Essa divis\u00e3o tamb\u00e9m ocorre com mais proximidade quando se questiona o suposto envolvimento de Bolsonaro na tentativa de um golpe de Estado no Pa\u00eds. A Quaest apurou que 47% dos entrevistados acreditam nessa narrativa, e 40% discordam dela.<\/p>\n\n\n\n<div class=\"wp-block-image\"><figure class=\"aligncenter size-large is-resized\"><img loading=\"lazy\" decoding=\"async\" src=\"https:\/\/jornalfatosenoticias.com.br\/wp-content\/uploads\/2023\/08\/BKR-1024x1021.jpg\" alt=\"\" class=\"wp-image-44494\" width=\"290\" height=\"289\" srcset=\"https:\/\/jornalfatosenoticias.com.br\/wp-content\/uploads\/2023\/08\/BKR-1024x1021.jpg 1024w, https:\/\/jornalfatosenoticias.com.br\/wp-content\/uploads\/2023\/08\/BKR-300x300.jpg 300w, https:\/\/jornalfatosenoticias.com.br\/wp-content\/uploads\/2023\/08\/BKR-150x150.jpg 150w, https:\/\/jornalfatosenoticias.com.br\/wp-content\/uploads\/2023\/08\/BKR-768x766.jpg 768w, https:\/\/jornalfatosenoticias.com.br\/wp-content\/uploads\/2023\/08\/BKR.jpg 1080w\" sizes=\"auto, (max-width: 290px) 100vw, 290px\" \/><\/figure><\/div>\n\n\n\n<p>Este questionamento \u00e9 mais forte entre as regi\u00f5es brasileiras, sendo que 60% dos ouvidos no Nordeste acreditam no envolvimento de Bolsonaro com o plano \u2014 a regi\u00e3o \u00e9 forte eleitora de Lula. Por outro lado, no Sul, 53% n\u00e3o acreditam na participa\u00e7\u00e3o do ex-presidente na tentativa de golpe.<\/p>\n\n\n\n<div class=\"wp-block-image\"><figure class=\"aligncenter size-large is-resized\"><img loading=\"lazy\" decoding=\"async\" src=\"https:\/\/jornalfatosenoticias.com.br\/wp-content\/uploads\/2023\/03\/nova-logo-Marquetti.jpg\" alt=\"\" class=\"wp-image-40207\" width=\"282\" height=\"189\" srcset=\"https:\/\/jornalfatosenoticias.com.br\/wp-content\/uploads\/2023\/03\/nova-logo-Marquetti.jpg 643w, https:\/\/jornalfatosenoticias.com.br\/wp-content\/uploads\/2023\/03\/nova-logo-Marquetti-300x202.jpg 300w\" sizes=\"auto, (max-width: 282px) 100vw, 282px\" \/><\/figure><\/div>\n\n\n\n<p>No Sudeste e no Centro-oeste\/Norte, a cren\u00e7a de participa\u00e7\u00e3o ou n\u00e3o no plano empata na margem de erro. A Quaest tamb\u00e9m questionou os entrevistados sobre a possibilidade de pris\u00e3o de Bolsonaro com o andamento das investiga\u00e7\u00f5es, em que metade afirmou que seria justa, enquanto que 39% consideram a pena injusta.<\/p>\n\n\n\n<div class=\"wp-block-image\"><figure class=\"aligncenter size-large is-resized\"><img loading=\"lazy\" decoding=\"async\" src=\"https:\/\/jornalfatosenoticias.com.br\/wp-content\/uploads\/2023\/12\/pegoretti-logo-pdf-1024x389.jpg\" alt=\"\" class=\"wp-image-47536\" width=\"501\" height=\"190\" srcset=\"https:\/\/jornalfatosenoticias.com.br\/wp-content\/uploads\/2023\/12\/pegoretti-logo-pdf-1024x389.jpg 1024w, https:\/\/jornalfatosenoticias.com.br\/wp-content\/uploads\/2023\/12\/pegoretti-logo-pdf-300x114.jpg 300w, https:\/\/jornalfatosenoticias.com.br\/wp-content\/uploads\/2023\/12\/pegoretti-logo-pdf-768x291.jpg 768w, https:\/\/jornalfatosenoticias.com.br\/wp-content\/uploads\/2023\/12\/pegoretti-logo-pdf.jpg 1120w\" sizes=\"auto, (max-width: 501px) 100vw, 501px\" \/><\/figure><\/div>\n\n\n\n<p><strong><em>Fonte: <a href=\"https:\/\/www.gazetadopovo.com.br\/republica\/eleitores-bolsonaro-mais-forte-manifestacao-diz-pesquisa\/\">Gazeta do Povo<\/a><\/em><\/strong><\/p>\n","protected":false},"excerpt":{"rendered":"<p>Metade dos ouvidos em levantamento da Quaest acredita que a imagem de Bolsonaro saiu fortalecida do ato no \u00faltimo domingo Por Guilherme Grandi Uma pesquisa publicada nesta quarta (28) revelou que metade dos eleitores ouvidos considera que o ex-presidente Jair Bolsonaro (PL) saiu mais forte ap\u00f3s o ato convocado por ele no \u00faltimo domingo (28), [&hellip;]<\/p>\n","protected":false},"author":2,"featured_media":49523,"comment_status":"open","ping_status":"open","sticky":false,"template":"","format":"standard","meta":{"footnotes":""},"categories":[10],"tags":[22925,239,1795,22924,22923],"class_list":["post-49522","post","type-post","status-publish","format-standard","has-post-thumbnail","hentry","category-politica","tag-ato-de-25-de-fevereiro","tag-bolsonaro","tag-jair-bolsonaro","tag-luta-pela-democracia","tag-manifestacao-popular"],"yoast_head":"<!-- This site is optimized with the Yoast SEO plugin v26.5 - https:\/\/yoast.com\/wordpress\/plugins\/seo\/ -->\n<title>Bolsonaro sai mais forte ap\u00f3s manifesta\u00e7\u00e3o do \u00faltimo fim de semana, diz pesquisa - Jornal Fatos e Not\u00edcias<\/title>\n<meta name=\"robots\" content=\"index, follow, max-snippet:-1, max-image-preview:large, max-video-preview:-1\" \/>\n<link rel=\"canonical\" href=\"https:\/\/jornalfatosenoticias.com.br\/index.php\/2024\/02\/28\/bolsonaro-sai-mais-forte-apos-manifestacao-do-ultimo-fim-de-semana-diz-pesquisa\/\" \/>\n<meta property=\"og:locale\" content=\"pt_BR\" \/>\n<meta property=\"og:type\" content=\"article\" \/>\n<meta property=\"og:title\" content=\"Bolsonaro sai mais forte ap\u00f3s manifesta\u00e7\u00e3o do \u00faltimo fim de semana, diz pesquisa - Jornal Fatos e Not\u00edcias\" \/>\n<meta property=\"og:description\" content=\"Metade dos ouvidos em levantamento da Quaest acredita que a imagem de Bolsonaro saiu fortalecida do ato no \u00faltimo domingo Por Guilherme Grandi Uma pesquisa publicada nesta quarta (28) revelou que metade dos eleitores ouvidos considera que o ex-presidente Jair Bolsonaro (PL) saiu mais forte ap\u00f3s o ato convocado por ele no \u00faltimo domingo (28), [&hellip;]\" \/>\n<meta property=\"og:url\" content=\"https:\/\/jornalfatosenoticias.com.br\/index.php\/2024\/02\/28\/bolsonaro-sai-mais-forte-apos-manifestacao-do-ultimo-fim-de-semana-diz-pesquisa\/\" \/>\n<meta property=\"og:site_name\" content=\"Jornal Fatos e Not\u00edcias\" \/>\n<meta property=\"article:published_time\" content=\"2024-02-28T17:53:13+00:00\" \/>\n<meta property=\"article:modified_time\" content=\"2024-02-28T17:53:14+00:00\" \/>\n<meta property=\"og:image\" content=\"https:\/\/jornalfatosenoticias.com.br\/wp-content\/uploads\/2024\/02\/bolsonaro-25-02-2024.jpg\" \/>\n\t<meta property=\"og:image:width\" content=\"1000\" \/>\n\t<meta property=\"og:image:height\" content=\"553\" \/>\n\t<meta property=\"og:image:type\" content=\"image\/jpeg\" \/>\n<meta name=\"author\" content=\"Luzimara Fernandes\" \/>\n<meta name=\"twitter:card\" content=\"summary_large_image\" \/>\n<meta name=\"twitter:label1\" content=\"Escrito por\" \/>\n\t<meta name=\"twitter:data1\" content=\"Luzimara Fernandes\" \/>\n\t<meta name=\"twitter:label2\" content=\"Est. tempo de leitura\" \/>\n\t<meta name=\"twitter:data2\" content=\"2 minutos\" \/>\n<script type=\"application\/ld+json\" class=\"yoast-schema-graph\">{\"@context\":\"https:\/\/schema.org\",\"@graph\":[{\"@type\":\"Article\",\"@id\":\"https:\/\/jornalfatosenoticias.com.br\/index.php\/2024\/02\/28\/bolsonaro-sai-mais-forte-apos-manifestacao-do-ultimo-fim-de-semana-diz-pesquisa\/#article\",\"isPartOf\":{\"@id\":\"https:\/\/jornalfatosenoticias.com.br\/index.php\/2024\/02\/28\/bolsonaro-sai-mais-forte-apos-manifestacao-do-ultimo-fim-de-semana-diz-pesquisa\/\"},\"author\":{\"name\":\"Luzimara Fernandes\",\"@id\":\"https:\/\/jornalfatosenoticias.com.br\/#\/schema\/person\/d63837fa13ac8666eb9e74e0985d6f81\"},\"headline\":\"Bolsonaro sai mais forte ap\u00f3s manifesta\u00e7\u00e3o do \u00faltimo fim de semana, diz pesquisa\",\"datePublished\":\"2024-02-28T17:53:13+00:00\",\"dateModified\":\"2024-02-28T17:53:14+00:00\",\"mainEntityOfPage\":{\"@id\":\"https:\/\/jornalfatosenoticias.com.br\/index.php\/2024\/02\/28\/bolsonaro-sai-mais-forte-apos-manifestacao-do-ultimo-fim-de-semana-diz-pesquisa\/\"},\"wordCount\":462,\"commentCount\":0,\"publisher\":{\"@id\":\"https:\/\/jornalfatosenoticias.com.br\/#organization\"},\"image\":{\"@id\":\"https:\/\/jornalfatosenoticias.com.br\/index.php\/2024\/02\/28\/bolsonaro-sai-mais-forte-apos-manifestacao-do-ultimo-fim-de-semana-diz-pesquisa\/#primaryimage\"},\"thumbnailUrl\":\"https:\/\/jornalfatosenoticias.com.br\/wp-content\/uploads\/2024\/02\/bolsonaro-25-02-2024.jpg\",\"keywords\":[\"ato de 25 de fevereiro\",\"Bolsonaro\",\"Jair Bolsonaro\",\"luta pela democracia\",\"manifesta\u00e7\u00e3o popular\"],\"articleSection\":[\"Pol\u00edtica\"],\"inLanguage\":\"pt-BR\",\"potentialAction\":[{\"@type\":\"CommentAction\",\"name\":\"Comment\",\"target\":[\"https:\/\/jornalfatosenoticias.com.br\/index.php\/2024\/02\/28\/bolsonaro-sai-mais-forte-apos-manifestacao-do-ultimo-fim-de-semana-diz-pesquisa\/#respond\"]}]},{\"@type\":\"WebPage\",\"@id\":\"https:\/\/jornalfatosenoticias.com.br\/index.php\/2024\/02\/28\/bolsonaro-sai-mais-forte-apos-manifestacao-do-ultimo-fim-de-semana-diz-pesquisa\/\",\"url\":\"https:\/\/jornalfatosenoticias.com.br\/index.php\/2024\/02\/28\/bolsonaro-sai-mais-forte-apos-manifestacao-do-ultimo-fim-de-semana-diz-pesquisa\/\",\"name\":\"Bolsonaro sai mais forte ap\u00f3s manifesta\u00e7\u00e3o do \u00faltimo fim de semana, diz pesquisa - Jornal Fatos e Not\u00edcias\",\"isPartOf\":{\"@id\":\"https:\/\/jornalfatosenoticias.com.br\/#website\"},\"primaryImageOfPage\":{\"@id\":\"https:\/\/jornalfatosenoticias.com.br\/index.php\/2024\/02\/28\/bolsonaro-sai-mais-forte-apos-manifestacao-do-ultimo-fim-de-semana-diz-pesquisa\/#primaryimage\"},\"image\":{\"@id\":\"https:\/\/jornalfatosenoticias.com.br\/index.php\/2024\/02\/28\/bolsonaro-sai-mais-forte-apos-manifestacao-do-ultimo-fim-de-semana-diz-pesquisa\/#primaryimage\"},\"thumbnailUrl\":\"https:\/\/jornalfatosenoticias.com.br\/wp-content\/uploads\/2024\/02\/bolsonaro-25-02-2024.jpg\",\"datePublished\":\"2024-02-28T17:53:13+00:00\",\"dateModified\":\"2024-02-28T17:53:14+00:00\",\"breadcrumb\":{\"@id\":\"https:\/\/jornalfatosenoticias.com.br\/index.php\/2024\/02\/28\/bolsonaro-sai-mais-forte-apos-manifestacao-do-ultimo-fim-de-semana-diz-pesquisa\/#breadcrumb\"},\"inLanguage\":\"pt-BR\",\"potentialAction\":[{\"@type\":\"ReadAction\",\"target\":[\"https:\/\/jornalfatosenoticias.com.br\/index.php\/2024\/02\/28\/bolsonaro-sai-mais-forte-apos-manifestacao-do-ultimo-fim-de-semana-diz-pesquisa\/\"]}]},{\"@type\":\"ImageObject\",\"inLanguage\":\"pt-BR\",\"@id\":\"https:\/\/jornalfatosenoticias.com.br\/index.php\/2024\/02\/28\/bolsonaro-sai-mais-forte-apos-manifestacao-do-ultimo-fim-de-semana-diz-pesquisa\/#primaryimage\",\"url\":\"https:\/\/jornalfatosenoticias.com.br\/wp-content\/uploads\/2024\/02\/bolsonaro-25-02-2024.jpg\",\"contentUrl\":\"https:\/\/jornalfatosenoticias.com.br\/wp-content\/uploads\/2024\/02\/bolsonaro-25-02-2024.jpg\",\"width\":1000,\"height\":553},{\"@type\":\"BreadcrumbList\",\"@id\":\"https:\/\/jornalfatosenoticias.com.br\/index.php\/2024\/02\/28\/bolsonaro-sai-mais-forte-apos-manifestacao-do-ultimo-fim-de-semana-diz-pesquisa\/#breadcrumb\",\"itemListElement\":[{\"@type\":\"ListItem\",\"position\":1,\"name\":\"In\u00edcio\",\"item\":\"https:\/\/jornalfatosenoticias.com.br\/\"},{\"@type\":\"ListItem\",\"position\":2,\"name\":\"Bolsonaro sai mais forte ap\u00f3s manifesta\u00e7\u00e3o do \u00faltimo fim de semana, diz pesquisa\"}]},{\"@type\":\"WebSite\",\"@id\":\"https:\/\/jornalfatosenoticias.com.br\/#website\",\"url\":\"https:\/\/jornalfatosenoticias.com.br\/\",\"name\":\"Jornal Fatos e Not\u00edcias\",\"description\":\"Not\u00edcias em geral\",\"publisher\":{\"@id\":\"https:\/\/jornalfatosenoticias.com.br\/#organization\"},\"potentialAction\":[{\"@type\":\"SearchAction\",\"target\":{\"@type\":\"EntryPoint\",\"urlTemplate\":\"https:\/\/jornalfatosenoticias.com.br\/?s={search_term_string}\"},\"query-input\":{\"@type\":\"PropertyValueSpecification\",\"valueRequired\":true,\"valueName\":\"search_term_string\"}}],\"inLanguage\":\"pt-BR\"},{\"@type\":\"Organization\",\"@id\":\"https:\/\/jornalfatosenoticias.com.br\/#organization\",\"name\":\"Jornal Fatos e Not\u00edcias\",\"url\":\"https:\/\/jornalfatosenoticias.com.br\/\",\"logo\":{\"@type\":\"ImageObject\",\"inLanguage\":\"pt-BR\",\"@id\":\"https:\/\/jornalfatosenoticias.com.br\/#\/schema\/logo\/image\/\",\"url\":\"https:\/\/jornalfatosenoticias.com.br\/wp-content\/uploads\/2020\/02\/logo120.png\",\"contentUrl\":\"https:\/\/jornalfatosenoticias.com.br\/wp-content\/uploads\/2020\/02\/logo120.png\",\"width\":1227,\"height\":120,\"caption\":\"Jornal Fatos e Not\u00edcias\"},\"image\":{\"@id\":\"https:\/\/jornalfatosenoticias.com.br\/#\/schema\/logo\/image\/\"}},{\"@type\":\"Person\",\"@id\":\"https:\/\/jornalfatosenoticias.com.br\/#\/schema\/person\/d63837fa13ac8666eb9e74e0985d6f81\",\"name\":\"Luzimara Fernandes\",\"image\":{\"@type\":\"ImageObject\",\"inLanguage\":\"pt-BR\",\"@id\":\"https:\/\/jornalfatosenoticias.com.br\/#\/schema\/person\/image\/\",\"url\":\"https:\/\/jornalfatosenoticias.com.br\/wp-content\/uploads\/2025\/05\/EU_portal.jpg\",\"contentUrl\":\"https:\/\/jornalfatosenoticias.com.br\/wp-content\/uploads\/2025\/05\/EU_portal.jpg\",\"caption\":\"Luzimara Fernandes\"},\"description\":\"Jornalista MTB 2358-ES\",\"sameAs\":[\"https:\/\/jornalfatosenoticias.com.br\"],\"url\":\"https:\/\/jornalfatosenoticias.com.br\/index.php\/author\/luzimara\/\"}]}<\/script>\n<!-- \/ Yoast SEO plugin. -->","yoast_head_json":{"title":"Bolsonaro sai mais forte ap\u00f3s manifesta\u00e7\u00e3o do \u00faltimo fim de semana, diz pesquisa - Jornal Fatos e Not\u00edcias","robots":{"index":"index","follow":"follow","max-snippet":"max-snippet:-1","max-image-preview":"max-image-preview:large","max-video-preview":"max-video-preview:-1"},"canonical":"https:\/\/jornalfatosenoticias.com.br\/index.php\/2024\/02\/28\/bolsonaro-sai-mais-forte-apos-manifestacao-do-ultimo-fim-de-semana-diz-pesquisa\/","og_locale":"pt_BR","og_type":"article","og_title":"Bolsonaro sai mais forte ap\u00f3s manifesta\u00e7\u00e3o do \u00faltimo fim de semana, diz pesquisa - Jornal Fatos e Not\u00edcias","og_description":"Metade dos ouvidos em levantamento da Quaest acredita que a imagem de Bolsonaro saiu fortalecida do ato no \u00faltimo domingo Por Guilherme Grandi Uma pesquisa publicada nesta quarta (28) revelou que metade dos eleitores ouvidos considera que o ex-presidente Jair Bolsonaro (PL) saiu mais forte ap\u00f3s o ato convocado por ele no \u00faltimo domingo (28), [&hellip;]","og_url":"https:\/\/jornalfatosenoticias.com.br\/index.php\/2024\/02\/28\/bolsonaro-sai-mais-forte-apos-manifestacao-do-ultimo-fim-de-semana-diz-pesquisa\/","og_site_name":"Jornal Fatos e Not\u00edcias","article_published_time":"2024-02-28T17:53:13+00:00","article_modified_time":"2024-02-28T17:53:14+00:00","og_image":[{"width":1000,"height":553,"url":"https:\/\/jornalfatosenoticias.com.br\/wp-content\/uploads\/2024\/02\/bolsonaro-25-02-2024.jpg","type":"image\/jpeg"}],"author":"Luzimara Fernandes","twitter_card":"summary_large_image","twitter_misc":{"Escrito por":"Luzimara Fernandes","Est. tempo de leitura":"2 minutos"},"schema":{"@context":"https:\/\/schema.org","@graph":[{"@type":"Article","@id":"https:\/\/jornalfatosenoticias.com.br\/index.php\/2024\/02\/28\/bolsonaro-sai-mais-forte-apos-manifestacao-do-ultimo-fim-de-semana-diz-pesquisa\/#article","isPartOf":{"@id":"https:\/\/jornalfatosenoticias.com.br\/index.php\/2024\/02\/28\/bolsonaro-sai-mais-forte-apos-manifestacao-do-ultimo-fim-de-semana-diz-pesquisa\/"},"author":{"name":"Luzimara Fernandes","@id":"https:\/\/jornalfatosenoticias.com.br\/#\/schema\/person\/d63837fa13ac8666eb9e74e0985d6f81"},"headline":"Bolsonaro sai mais forte ap\u00f3s manifesta\u00e7\u00e3o do \u00faltimo fim de semana, diz pesquisa","datePublished":"2024-02-28T17:53:13+00:00","dateModified":"2024-02-28T17:53:14+00:00","mainEntityOfPage":{"@id":"https:\/\/jornalfatosenoticias.com.br\/index.php\/2024\/02\/28\/bolsonaro-sai-mais-forte-apos-manifestacao-do-ultimo-fim-de-semana-diz-pesquisa\/"},"wordCount":462,"commentCount":0,"publisher":{"@id":"https:\/\/jornalfatosenoticias.com.br\/#organization"},"image":{"@id":"https:\/\/jornalfatosenoticias.com.br\/index.php\/2024\/02\/28\/bolsonaro-sai-mais-forte-apos-manifestacao-do-ultimo-fim-de-semana-diz-pesquisa\/#primaryimage"},"thumbnailUrl":"https:\/\/jornalfatosenoticias.com.br\/wp-content\/uploads\/2024\/02\/bolsonaro-25-02-2024.jpg","keywords":["ato de 25 de fevereiro","Bolsonaro","Jair Bolsonaro","luta pela democracia","manifesta\u00e7\u00e3o popular"],"articleSection":["Pol\u00edtica"],"inLanguage":"pt-BR","potentialAction":[{"@type":"CommentAction","name":"Comment","target":["https:\/\/jornalfatosenoticias.com.br\/index.php\/2024\/02\/28\/bolsonaro-sai-mais-forte-apos-manifestacao-do-ultimo-fim-de-semana-diz-pesquisa\/#respond"]}]},{"@type":"WebPage","@id":"https:\/\/jornalfatosenoticias.com.br\/index.php\/2024\/02\/28\/bolsonaro-sai-mais-forte-apos-manifestacao-do-ultimo-fim-de-semana-diz-pesquisa\/","url":"https:\/\/jornalfatosenoticias.com.br\/index.php\/2024\/02\/28\/bolsonaro-sai-mais-forte-apos-manifestacao-do-ultimo-fim-de-semana-diz-pesquisa\/","name":"Bolsonaro sai mais forte ap\u00f3s manifesta\u00e7\u00e3o do \u00faltimo fim de semana, diz pesquisa - Jornal Fatos e Not\u00edcias","isPartOf":{"@id":"https:\/\/jornalfatosenoticias.com.br\/#website"},"primaryImageOfPage":{"@id":"https:\/\/jornalfatosenoticias.com.br\/index.php\/2024\/02\/28\/bolsonaro-sai-mais-forte-apos-manifestacao-do-ultimo-fim-de-semana-diz-pesquisa\/#primaryimage"},"image":{"@id":"https:\/\/jornalfatosenoticias.com.br\/index.php\/2024\/02\/28\/bolsonaro-sai-mais-forte-apos-manifestacao-do-ultimo-fim-de-semana-diz-pesquisa\/#primaryimage"},"thumbnailUrl":"https:\/\/jornalfatosenoticias.com.br\/wp-content\/uploads\/2024\/02\/bolsonaro-25-02-2024.jpg","datePublished":"2024-02-28T17:53:13+00:00","dateModified":"2024-02-28T17:53:14+00:00","breadcrumb":{"@id":"https:\/\/jornalfatosenoticias.com.br\/index.php\/2024\/02\/28\/bolsonaro-sai-mais-forte-apos-manifestacao-do-ultimo-fim-de-semana-diz-pesquisa\/#breadcrumb"},"inLanguage":"pt-BR","potentialAction":[{"@type":"ReadAction","target":["https:\/\/jornalfatosenoticias.com.br\/index.php\/2024\/02\/28\/bolsonaro-sai-mais-forte-apos-manifestacao-do-ultimo-fim-de-semana-diz-pesquisa\/"]}]},{"@type":"ImageObject","inLanguage":"pt-BR","@id":"https:\/\/jornalfatosenoticias.com.br\/index.php\/2024\/02\/28\/bolsonaro-sai-mais-forte-apos-manifestacao-do-ultimo-fim-de-semana-diz-pesquisa\/#primaryimage","url":"https:\/\/jornalfatosenoticias.com.br\/wp-content\/uploads\/2024\/02\/bolsonaro-25-02-2024.jpg","contentUrl":"https:\/\/jornalfatosenoticias.com.br\/wp-content\/uploads\/2024\/02\/bolsonaro-25-02-2024.jpg","width":1000,"height":553},{"@type":"BreadcrumbList","@id":"https:\/\/jornalfatosenoticias.com.br\/index.php\/2024\/02\/28\/bolsonaro-sai-mais-forte-apos-manifestacao-do-ultimo-fim-de-semana-diz-pesquisa\/#breadcrumb","itemListElement":[{"@type":"ListItem","position":1,"name":"In\u00edcio","item":"https:\/\/jornalfatosenoticias.com.br\/"},{"@type":"ListItem","position":2,"name":"Bolsonaro sai mais forte ap\u00f3s manifesta\u00e7\u00e3o do \u00faltimo fim de semana, diz pesquisa"}]},{"@type":"WebSite","@id":"https:\/\/jornalfatosenoticias.com.br\/#website","url":"https:\/\/jornalfatosenoticias.com.br\/","name":"Jornal Fatos e Not\u00edcias","description":"Not\u00edcias em geral","publisher":{"@id":"https:\/\/jornalfatosenoticias.com.br\/#organization"},"potentialAction":[{"@type":"SearchAction","target":{"@type":"EntryPoint","urlTemplate":"https:\/\/jornalfatosenoticias.com.br\/?s={search_term_string}"},"query-input":{"@type":"PropertyValueSpecification","valueRequired":true,"valueName":"search_term_string"}}],"inLanguage":"pt-BR"},{"@type":"Organization","@id":"https:\/\/jornalfatosenoticias.com.br\/#organization","name":"Jornal Fatos e Not\u00edcias","url":"https:\/\/jornalfatosenoticias.com.br\/","logo":{"@type":"ImageObject","inLanguage":"pt-BR","@id":"https:\/\/jornalfatosenoticias.com.br\/#\/schema\/logo\/image\/","url":"https:\/\/jornalfatosenoticias.com.br\/wp-content\/uploads\/2020\/02\/logo120.png","contentUrl":"https:\/\/jornalfatosenoticias.com.br\/wp-content\/uploads\/2020\/02\/logo120.png","width":1227,"height":120,"caption":"Jornal Fatos e Not\u00edcias"},"image":{"@id":"https:\/\/jornalfatosenoticias.com.br\/#\/schema\/logo\/image\/"}},{"@type":"Person","@id":"https:\/\/jornalfatosenoticias.com.br\/#\/schema\/person\/d63837fa13ac8666eb9e74e0985d6f81","name":"Luzimara Fernandes","image":{"@type":"ImageObject","inLanguage":"pt-BR","@id":"https:\/\/jornalfatosenoticias.com.br\/#\/schema\/person\/image\/","url":"https:\/\/jornalfatosenoticias.com.br\/wp-content\/uploads\/2025\/05\/EU_portal.jpg","contentUrl":"https:\/\/jornalfatosenoticias.com.br\/wp-content\/uploads\/2025\/05\/EU_portal.jpg","caption":"Luzimara Fernandes"},"description":"Jornalista MTB 2358-ES","sameAs":["https:\/\/jornalfatosenoticias.com.br"],"url":"https:\/\/jornalfatosenoticias.com.br\/index.php\/author\/luzimara\/"}]}},"cc_featured_image_caption":{"caption_text":"(Foto: Reprodu\u00e7\u00e3o\/YouTube)","source_text":"","source_url":""},"jetpack_featured_media_url":"https:\/\/jornalfatosenoticias.com.br\/wp-content\/uploads\/2024\/02\/bolsonaro-25-02-2024.jpg","_links":{"self":[{"href":"https:\/\/jornalfatosenoticias.com.br\/index.php\/wp-json\/wp\/v2\/posts\/49522","targetHints":{"allow":["GET"]}}],"collection":[{"href":"https:\/\/jornalfatosenoticias.com.br\/index.php\/wp-json\/wp\/v2\/posts"}],"about":[{"href":"https:\/\/jornalfatosenoticias.com.br\/index.php\/wp-json\/wp\/v2\/types\/post"}],"author":[{"embeddable":true,"href":"https:\/\/jornalfatosenoticias.com.br\/index.php\/wp-json\/wp\/v2\/users\/2"}],"replies":[{"embeddable":true,"href":"https:\/\/jornalfatosenoticias.com.br\/index.php\/wp-json\/wp\/v2\/comments?post=49522"}],"version-history":[{"count":0,"href":"https:\/\/jornalfatosenoticias.com.br\/index.php\/wp-json\/wp\/v2\/posts\/49522\/revisions"}],"wp:featuredmedia":[{"embeddable":true,"href":"https:\/\/jornalfatosenoticias.com.br\/index.php\/wp-json\/wp\/v2\/media\/49523"}],"wp:attachment":[{"href":"https:\/\/jornalfatosenoticias.com.br\/index.php\/wp-json\/wp\/v2\/media?parent=49522"}],"wp:term":[{"taxonomy":"category","embeddable":true,"href":"https:\/\/jornalfatosenoticias.com.br\/index.php\/wp-json\/wp\/v2\/categories?post=49522"},{"taxonomy":"post_tag","embeddable":true,"href":"https:\/\/jornalfatosenoticias.com.br\/index.php\/wp-json\/wp\/v2\/tags?post=49522"}],"curies":[{"name":"wp","href":"https:\/\/api.w.org\/{rel}","templated":true}]}}