{"id":49525,"date":"2024-02-28T15:04:12","date_gmt":"2024-02-28T18:04:12","guid":{"rendered":"https:\/\/jornalfatosenoticias.com.br\/?p=49525"},"modified":"2024-02-28T15:04:12","modified_gmt":"2024-02-28T18:04:12","slug":"sem-condicoes-de-sustentar-a-grave-crise-alimentar-do-pais-ditadura-cubana-pede-ajuda-da-onu","status":"publish","type":"post","link":"https:\/\/jornalfatosenoticias.com.br\/index.php\/2024\/02\/28\/sem-condicoes-de-sustentar-a-grave-crise-alimentar-do-pais-ditadura-cubana-pede-ajuda-da-onu\/","title":{"rendered":"Sem condi\u00e7\u00f5es de sustentar a grave crise alimentar do pa\u00eds, ditadura cubana pede ajuda da ONU"},"content":{"rendered":"\n<p><em><span class=\"has-inline-color has-black-color\">O ditador cubano, Miguel D\u00edaz-Canel: ilha vive grave crise generalizada<\/span><\/em><\/p>\n\n\n\n<p><span class=\"has-inline-color has-black-color\">Por <strong><a href=\"https:\/\/www.gazetadopovo.com.br\/autor\/isabella-de-paula\/\">Isabella de Paula<\/a><\/strong><\/span><\/p>\n\n\n\n<div class=\"wp-block-image\"><figure class=\"aligncenter size-large is-resized\"><img loading=\"lazy\" decoding=\"async\" src=\"https:\/\/jornalfatosenoticias.com.br\/wp-content\/uploads\/2023\/09\/vetorvix1024_1.jpg\" alt=\"\" class=\"wp-image-44868\" width=\"516\" height=\"137\" srcset=\"https:\/\/jornalfatosenoticias.com.br\/wp-content\/uploads\/2023\/09\/vetorvix1024_1.jpg 1024w, https:\/\/jornalfatosenoticias.com.br\/wp-content\/uploads\/2023\/09\/vetorvix1024_1-300x80.jpg 300w, https:\/\/jornalfatosenoticias.com.br\/wp-content\/uploads\/2023\/09\/vetorvix1024_1-768x205.jpg 768w\" sizes=\"auto, (max-width: 516px) 100vw, 516px\" \/><\/figure><\/div>\n\n\n\n<p>A ditadura de Cuba solicitou ajuda pela primeira vez \u00e0 dire\u00e7\u00e3o do Programa Alimentar Mundial (PAM) da ONU, devido \u00e0s dificuldades do pa\u00eds em continuar a distribuir leite subsidiado a crian\u00e7as menores de sete anos. Segundo confirmou o PAM \u00e0 Ag\u00eancia EFE, a dire\u00e7\u00e3o executiva deste bra\u00e7o das Na\u00e7\u00f5es Unidas recebeu uma comunica\u00e7\u00e3o oficial do regime de D\u00edaz-Canel e j\u00e1 est\u00e1 enviando leite em p\u00f3 para a ilha.<\/p>\n\n\n\n<blockquote class=\"wp-block-quote is-layout-flow wp-block-quote-is-layout-flow\"><p><span class=\"has-inline-color has-luminous-vivid-orange-color\">Confirmamos que o PAM recebeu uma comunica\u00e7\u00e3o oficial do regime (cubano) solicitando apoio para continuar a entrega mensal de um quilograma de leite para meninas e meninos menores de sete anos em todo o pa\u00eds\u201d, afirmou a delega\u00e7\u00e3o do programa na ilha.<\/span><\/p><\/blockquote>\n\n\n\n<div class=\"wp-block-image\"><figure class=\"aligncenter size-large\"><img decoding=\"async\" src=\"https:\/\/jornalfatosenoticias.com.br\/wp-content\/uploads\/2020\/02\/logo_esteio.jpg\" alt=\"\" class=\"wp-image-1214\"\/><\/figure><\/div>\n\n\n\n<p>O programa da ONU, que reconhece uma \u201cnecessidade urgente\u201d na ilha, enfatizou \u201ca import\u00e2ncia deste pedido\u201d, especialmente no contexto da \u201cprofunda crise econ\u00f4mica que Cuba enfrenta\u201d, algo que em sua opini\u00e3o est\u00e1 tendo um \u201cimpacto significativo na seguran\u00e7a alimentar e nutricional da popula\u00e7\u00e3o\u201d.<\/p>\n\n\n\n<div class=\"wp-block-image\"><figure class=\"aligncenter size-large\"><img decoding=\"async\" src=\"https:\/\/jornalfatosenoticias.com.br\/wp-content\/uploads\/2020\/02\/barao-das-carnes-300x164-1.jpg\" alt=\"\" class=\"wp-image-34339\"\/><\/figure><\/div>\n\n\n\n<p>O regime cubano n\u00e3o tornou p\u00fablico este pedido nem as primeiras contribui\u00e7\u00f5es multilaterais, apesar de j\u00e1 falar da escassez de leite h\u00e1 semanas. A Ag\u00eancia EFE solicitou esclarecimentos oficiais, mas at\u00e9 o momento n\u00e3o obteve resposta. A organiza\u00e7\u00e3o, especializada em emerg\u00eancias e assist\u00eancia alimentar, confirmou que \u201cesta \u00e9 a primeira vez que Cuba solicita apoio atrav\u00e9s da emiss\u00e3o de uma comunica\u00e7\u00e3o oficial ao mais alto n\u00edvel de gest\u00e3o do PAM\u201d, embora j\u00e1 realize projetos na ilha h\u00e1 algum tempo.<\/p>\n\n\n\n<div class=\"wp-block-image\"><figure class=\"aligncenter size-large is-resized\"><img loading=\"lazy\" decoding=\"async\" src=\"https:\/\/jornalfatosenoticias.com.br\/wp-content\/uploads\/2024\/01\/consultoria-ambiental.jpg\" alt=\"\" class=\"wp-image-48314\" width=\"365\" height=\"330\" srcset=\"https:\/\/jornalfatosenoticias.com.br\/wp-content\/uploads\/2024\/01\/consultoria-ambiental.jpg 832w, https:\/\/jornalfatosenoticias.com.br\/wp-content\/uploads\/2024\/01\/consultoria-ambiental-300x272.jpg 300w, https:\/\/jornalfatosenoticias.com.br\/wp-content\/uploads\/2024\/01\/consultoria-ambiental-768x696.jpg 768w\" sizes=\"auto, (max-width: 365px) 100vw, 365px\" \/><\/figure><\/div>\n\n\n\n<p>Segundo a EFE p\u00f4de confirmar junto a duas fontes familiarizadas com o pedido, o Minist\u00e9rio do Com\u00e9rcio Exterior e Investimento Estrangeiro (Mincex) enviou a carta \u00e0 dire\u00e7\u00e3o executiva do PAM em Roma no final do ano passado. Como resultado dessa carta, o PAM indicou que neste m\u00eas de fevereiro conseguiu entregar \u201c144 toneladas de leite em p\u00f3 desnatado\u201d, beneficiando quase 48 mil meninas e meninos entre sete meses e tr\u00eas anos em Pinar del R\u00edo e Havana. <\/p>\n\n\n\n<div class=\"wp-block-image\"><figure class=\"aligncenter size-large is-resized\"><img loading=\"lazy\" decoding=\"async\" src=\"https:\/\/jornalfatosenoticias.com.br\/wp-content\/uploads\/2020\/02\/logo-Rapuzel-1024x571.jpg\" alt=\"\" class=\"wp-image-42808\" width=\"370\" height=\"206\" srcset=\"https:\/\/jornalfatosenoticias.com.br\/wp-content\/uploads\/2020\/02\/logo-Rapuzel-1024x571.jpg 1024w, https:\/\/jornalfatosenoticias.com.br\/wp-content\/uploads\/2020\/02\/logo-Rapuzel-300x167.jpg 300w, https:\/\/jornalfatosenoticias.com.br\/wp-content\/uploads\/2020\/02\/logo-Rapuzel-768x428.jpg 768w, https:\/\/jornalfatosenoticias.com.br\/wp-content\/uploads\/2020\/02\/logo-Rapuzel-1536x856.jpg 1536w, https:\/\/jornalfatosenoticias.com.br\/wp-content\/uploads\/2020\/02\/logo-Rapuzel.jpg 1600w\" sizes=\"auto, (max-width: 370px) 100vw, 370px\" \/><\/figure><\/div>\n\n\n\n<p>Essa cifra representa apenas 6% dos menores a quem o regime pretende fornecer leite subsidiado. Al\u00e9m disso, segundo o PAM, o pedido cubano &#8220;n\u00e3o se refere a nenhum prazo expl\u00edcito&#8221; \u2014 n\u00e3o pede apoio por um per\u00edodo de tempo limitado \u2014 raz\u00e3o pela qual a organiza\u00e7\u00e3o multilateral est\u00e1 buscando &#8220;mobilizar recursos adicionais&#8221;. A EFE conseguiu confirmar que pelo menos dois pa\u00edses, um europeu e um americano, foram contatados pelo PAM. Ambos est\u00e3o analisando suas possibilidades e ainda n\u00e3o tomaram uma decis\u00e3o.<\/p>\n\n\n\n<div class=\"wp-block-image\"><figure class=\"aligncenter size-large is-resized\"><img loading=\"lazy\" decoding=\"async\" src=\"https:\/\/jornalfatosenoticias.com.br\/wp-content\/uploads\/2023\/03\/logo-Panper_portal.jpg\" alt=\"\" class=\"wp-image-40208\" width=\"381\" height=\"264\" srcset=\"https:\/\/jornalfatosenoticias.com.br\/wp-content\/uploads\/2023\/03\/logo-Panper_portal.jpg 400w, https:\/\/jornalfatosenoticias.com.br\/wp-content\/uploads\/2023\/03\/logo-Panper_portal-300x208.jpg 300w\" sizes=\"auto, (max-width: 381px) 100vw, 381px\" \/><\/figure><\/div>\n\n\n\n<p>H\u00e1 anos que o leite \u00e9 escasso em Cuba, embora em geral as crian\u00e7as at\u00e9 sete anos (e pessoas com dietas especiais) pudessem contar com uma quantidade mensal atrav\u00e9s da caderneta de abastecimento a um pre\u00e7o altamente subsidiado (equivalente a R$ 1 por quilograma).<br>A disponibilidade de leite de origem estatal, no entanto, deteriorou-se nos \u00faltimos meses. Algumas prov\u00edncias reduziram a popula\u00e7\u00e3o priorit\u00e1ria ou diminu\u00edram as quantidades entregues, enquanto outras come\u00e7aram a distribuir bebidas vitaminadas como substitutos.<\/p>\n\n\n\n<div class=\"wp-block-image\"><figure class=\"aligncenter size-large is-resized\"><img loading=\"lazy\" decoding=\"async\" src=\"https:\/\/jornalfatosenoticias.com.br\/wp-content\/uploads\/2022\/02\/Precisao-Contabilidade-1024x724.jpg\" alt=\"\" class=\"wp-image-28088\" width=\"342\" height=\"242\"\/><\/figure><\/div>\n\n\n\n<p>Perante as dificuldades, em Cuba \u00e9 poss\u00edvel encontrar leite l\u00edquido e em p\u00f3 em algumas das empresas do setor privado emergente, mas a pre\u00e7os inacess\u00edveis \u00e0 grande maioria dos cubanos. As dificuldades econ\u00f4micas cr\u00f4nicas de Cuba degeneraram h\u00e1 tr\u00eas anos em uma grave crise devido \u00e0 medidas impostas pela pol\u00edtica macroecon\u00f4mica, comercial e monet\u00e1ria do ditador D\u00edaz-Canel.<\/p>\n\n\n\n<p><strong><em>Fonte: <a href=\"https:\/\/www.gazetadopovo.com.br\/mundo\/sem-condicoes-de-sustentar-a-grave-crise-alimentar-do-pais-ditadura-cubana-pede-ajuda-da-onu\/\">Gazeta do Povo<\/a><\/em><\/strong><\/p>\n","protected":false},"excerpt":{"rendered":"<p>O ditador cubano, Miguel D\u00edaz-Canel: ilha vive grave crise generalizada Por Isabella de Paula A ditadura de Cuba solicitou ajuda pela primeira vez \u00e0 dire\u00e7\u00e3o do Programa Alimentar Mundial (PAM) da ONU, devido \u00e0s dificuldades do pa\u00eds em continuar a distribuir leite subsidiado a crian\u00e7as menores de sete anos. Segundo confirmou o PAM \u00e0 Ag\u00eancia [&hellip;]<\/p>\n","protected":false},"author":2,"featured_media":49526,"comment_status":"open","ping_status":"open","sticky":false,"template":"","format":"standard","meta":{"footnotes":""},"categories":[41],"tags":[85,5043,22927,1203,22926,9243],"class_list":["post-49525","post","type-post","status-publish","format-standard","has-post-thumbnail","hentry","category-internacional","tag-china","tag-cuba","tag-diaz-canel","tag-fome","tag-grave-crise-alimentar","tag-xi-jinping"],"yoast_head":"<!-- This site is optimized with the Yoast SEO plugin v26.5 - https:\/\/yoast.com\/wordpress\/plugins\/seo\/ -->\n<title>Sem condi\u00e7\u00f5es de sustentar a grave crise alimentar do pa\u00eds, ditadura cubana pede ajuda da ONU - Jornal Fatos e Not\u00edcias<\/title>\n<meta name=\"robots\" content=\"index, follow, max-snippet:-1, max-image-preview:large, max-video-preview:-1\" \/>\n<link rel=\"canonical\" href=\"https:\/\/jornalfatosenoticias.com.br\/index.php\/2024\/02\/28\/sem-condicoes-de-sustentar-a-grave-crise-alimentar-do-pais-ditadura-cubana-pede-ajuda-da-onu\/\" \/>\n<meta property=\"og:locale\" content=\"pt_BR\" \/>\n<meta property=\"og:type\" content=\"article\" \/>\n<meta property=\"og:title\" content=\"Sem condi\u00e7\u00f5es de sustentar a grave crise alimentar do pa\u00eds, ditadura cubana pede ajuda da ONU - Jornal Fatos e Not\u00edcias\" \/>\n<meta property=\"og:description\" content=\"O ditador cubano, Miguel D\u00edaz-Canel: ilha vive grave crise generalizada Por Isabella de Paula A ditadura de Cuba solicitou ajuda pela primeira vez \u00e0 dire\u00e7\u00e3o do Programa Alimentar Mundial (PAM) da ONU, devido \u00e0s dificuldades do pa\u00eds em continuar a distribuir leite subsidiado a crian\u00e7as menores de sete anos. Segundo confirmou o PAM \u00e0 Ag\u00eancia [&hellip;]\" \/>\n<meta property=\"og:url\" content=\"https:\/\/jornalfatosenoticias.com.br\/index.php\/2024\/02\/28\/sem-condicoes-de-sustentar-a-grave-crise-alimentar-do-pais-ditadura-cubana-pede-ajuda-da-onu\/\" \/>\n<meta property=\"og:site_name\" content=\"Jornal Fatos e Not\u00edcias\" \/>\n<meta property=\"article:published_time\" content=\"2024-02-28T18:04:12+00:00\" \/>\n<meta property=\"og:image\" content=\"https:\/\/jornalfatosenoticias.com.br\/wp-content\/uploads\/2024\/02\/diaz-canel-cuba-ditador.jpeg\" \/>\n\t<meta property=\"og:image:width\" content=\"1000\" \/>\n\t<meta property=\"og:image:height\" content=\"664\" \/>\n\t<meta property=\"og:image:type\" content=\"image\/jpeg\" \/>\n<meta name=\"author\" content=\"Luzimara Fernandes\" \/>\n<meta name=\"twitter:card\" content=\"summary_large_image\" \/>\n<meta name=\"twitter:label1\" content=\"Escrito por\" \/>\n\t<meta name=\"twitter:data1\" content=\"Luzimara Fernandes\" \/>\n\t<meta name=\"twitter:label2\" content=\"Est. tempo de leitura\" \/>\n\t<meta name=\"twitter:data2\" content=\"3 minutos\" \/>\n<script type=\"application\/ld+json\" class=\"yoast-schema-graph\">{\"@context\":\"https:\/\/schema.org\",\"@graph\":[{\"@type\":\"Article\",\"@id\":\"https:\/\/jornalfatosenoticias.com.br\/index.php\/2024\/02\/28\/sem-condicoes-de-sustentar-a-grave-crise-alimentar-do-pais-ditadura-cubana-pede-ajuda-da-onu\/#article\",\"isPartOf\":{\"@id\":\"https:\/\/jornalfatosenoticias.com.br\/index.php\/2024\/02\/28\/sem-condicoes-de-sustentar-a-grave-crise-alimentar-do-pais-ditadura-cubana-pede-ajuda-da-onu\/\"},\"author\":{\"name\":\"Luzimara Fernandes\",\"@id\":\"https:\/\/jornalfatosenoticias.com.br\/#\/schema\/person\/d63837fa13ac8666eb9e74e0985d6f81\"},\"headline\":\"Sem condi\u00e7\u00f5es de sustentar a grave crise alimentar do pa\u00eds, ditadura cubana pede ajuda da ONU\",\"datePublished\":\"2024-02-28T18:04:12+00:00\",\"mainEntityOfPage\":{\"@id\":\"https:\/\/jornalfatosenoticias.com.br\/index.php\/2024\/02\/28\/sem-condicoes-de-sustentar-a-grave-crise-alimentar-do-pais-ditadura-cubana-pede-ajuda-da-onu\/\"},\"wordCount\":614,\"commentCount\":0,\"publisher\":{\"@id\":\"https:\/\/jornalfatosenoticias.com.br\/#organization\"},\"image\":{\"@id\":\"https:\/\/jornalfatosenoticias.com.br\/index.php\/2024\/02\/28\/sem-condicoes-de-sustentar-a-grave-crise-alimentar-do-pais-ditadura-cubana-pede-ajuda-da-onu\/#primaryimage\"},\"thumbnailUrl\":\"https:\/\/jornalfatosenoticias.com.br\/wp-content\/uploads\/2024\/02\/diaz-canel-cuba-ditador.jpeg\",\"keywords\":[\"china\",\"Cuba\",\"D\u00edaz-Canel\",\"fome\",\"grave crise alimentar\",\"Xi Jinping\"],\"articleSection\":[\"Internacional\"],\"inLanguage\":\"pt-BR\",\"potentialAction\":[{\"@type\":\"CommentAction\",\"name\":\"Comment\",\"target\":[\"https:\/\/jornalfatosenoticias.com.br\/index.php\/2024\/02\/28\/sem-condicoes-de-sustentar-a-grave-crise-alimentar-do-pais-ditadura-cubana-pede-ajuda-da-onu\/#respond\"]}]},{\"@type\":\"WebPage\",\"@id\":\"https:\/\/jornalfatosenoticias.com.br\/index.php\/2024\/02\/28\/sem-condicoes-de-sustentar-a-grave-crise-alimentar-do-pais-ditadura-cubana-pede-ajuda-da-onu\/\",\"url\":\"https:\/\/jornalfatosenoticias.com.br\/index.php\/2024\/02\/28\/sem-condicoes-de-sustentar-a-grave-crise-alimentar-do-pais-ditadura-cubana-pede-ajuda-da-onu\/\",\"name\":\"Sem condi\u00e7\u00f5es de sustentar a grave crise alimentar do pa\u00eds, ditadura cubana pede ajuda da ONU - Jornal Fatos e Not\u00edcias\",\"isPartOf\":{\"@id\":\"https:\/\/jornalfatosenoticias.com.br\/#website\"},\"primaryImageOfPage\":{\"@id\":\"https:\/\/jornalfatosenoticias.com.br\/index.php\/2024\/02\/28\/sem-condicoes-de-sustentar-a-grave-crise-alimentar-do-pais-ditadura-cubana-pede-ajuda-da-onu\/#primaryimage\"},\"image\":{\"@id\":\"https:\/\/jornalfatosenoticias.com.br\/index.php\/2024\/02\/28\/sem-condicoes-de-sustentar-a-grave-crise-alimentar-do-pais-ditadura-cubana-pede-ajuda-da-onu\/#primaryimage\"},\"thumbnailUrl\":\"https:\/\/jornalfatosenoticias.com.br\/wp-content\/uploads\/2024\/02\/diaz-canel-cuba-ditador.jpeg\",\"datePublished\":\"2024-02-28T18:04:12+00:00\",\"breadcrumb\":{\"@id\":\"https:\/\/jornalfatosenoticias.com.br\/index.php\/2024\/02\/28\/sem-condicoes-de-sustentar-a-grave-crise-alimentar-do-pais-ditadura-cubana-pede-ajuda-da-onu\/#breadcrumb\"},\"inLanguage\":\"pt-BR\",\"potentialAction\":[{\"@type\":\"ReadAction\",\"target\":[\"https:\/\/jornalfatosenoticias.com.br\/index.php\/2024\/02\/28\/sem-condicoes-de-sustentar-a-grave-crise-alimentar-do-pais-ditadura-cubana-pede-ajuda-da-onu\/\"]}]},{\"@type\":\"ImageObject\",\"inLanguage\":\"pt-BR\",\"@id\":\"https:\/\/jornalfatosenoticias.com.br\/index.php\/2024\/02\/28\/sem-condicoes-de-sustentar-a-grave-crise-alimentar-do-pais-ditadura-cubana-pede-ajuda-da-onu\/#primaryimage\",\"url\":\"https:\/\/jornalfatosenoticias.com.br\/wp-content\/uploads\/2024\/02\/diaz-canel-cuba-ditador.jpeg\",\"contentUrl\":\"https:\/\/jornalfatosenoticias.com.br\/wp-content\/uploads\/2024\/02\/diaz-canel-cuba-ditador.jpeg\",\"width\":1000,\"height\":664},{\"@type\":\"BreadcrumbList\",\"@id\":\"https:\/\/jornalfatosenoticias.com.br\/index.php\/2024\/02\/28\/sem-condicoes-de-sustentar-a-grave-crise-alimentar-do-pais-ditadura-cubana-pede-ajuda-da-onu\/#breadcrumb\",\"itemListElement\":[{\"@type\":\"ListItem\",\"position\":1,\"name\":\"In\u00edcio\",\"item\":\"https:\/\/jornalfatosenoticias.com.br\/\"},{\"@type\":\"ListItem\",\"position\":2,\"name\":\"Sem condi\u00e7\u00f5es de sustentar a grave crise alimentar do pa\u00eds, ditadura cubana pede ajuda da ONU\"}]},{\"@type\":\"WebSite\",\"@id\":\"https:\/\/jornalfatosenoticias.com.br\/#website\",\"url\":\"https:\/\/jornalfatosenoticias.com.br\/\",\"name\":\"Jornal Fatos e Not\u00edcias\",\"description\":\"Not\u00edcias em geral\",\"publisher\":{\"@id\":\"https:\/\/jornalfatosenoticias.com.br\/#organization\"},\"potentialAction\":[{\"@type\":\"SearchAction\",\"target\":{\"@type\":\"EntryPoint\",\"urlTemplate\":\"https:\/\/jornalfatosenoticias.com.br\/?s={search_term_string}\"},\"query-input\":{\"@type\":\"PropertyValueSpecification\",\"valueRequired\":true,\"valueName\":\"search_term_string\"}}],\"inLanguage\":\"pt-BR\"},{\"@type\":\"Organization\",\"@id\":\"https:\/\/jornalfatosenoticias.com.br\/#organization\",\"name\":\"Jornal Fatos e Not\u00edcias\",\"url\":\"https:\/\/jornalfatosenoticias.com.br\/\",\"logo\":{\"@type\":\"ImageObject\",\"inLanguage\":\"pt-BR\",\"@id\":\"https:\/\/jornalfatosenoticias.com.br\/#\/schema\/logo\/image\/\",\"url\":\"https:\/\/jornalfatosenoticias.com.br\/wp-content\/uploads\/2020\/02\/logo120.png\",\"contentUrl\":\"https:\/\/jornalfatosenoticias.com.br\/wp-content\/uploads\/2020\/02\/logo120.png\",\"width\":1227,\"height\":120,\"caption\":\"Jornal Fatos e Not\u00edcias\"},\"image\":{\"@id\":\"https:\/\/jornalfatosenoticias.com.br\/#\/schema\/logo\/image\/\"}},{\"@type\":\"Person\",\"@id\":\"https:\/\/jornalfatosenoticias.com.br\/#\/schema\/person\/d63837fa13ac8666eb9e74e0985d6f81\",\"name\":\"Luzimara Fernandes\",\"image\":{\"@type\":\"ImageObject\",\"inLanguage\":\"pt-BR\",\"@id\":\"https:\/\/jornalfatosenoticias.com.br\/#\/schema\/person\/image\/\",\"url\":\"https:\/\/jornalfatosenoticias.com.br\/wp-content\/uploads\/2025\/05\/EU_portal.jpg\",\"contentUrl\":\"https:\/\/jornalfatosenoticias.com.br\/wp-content\/uploads\/2025\/05\/EU_portal.jpg\",\"caption\":\"Luzimara Fernandes\"},\"description\":\"Jornalista MTB 2358-ES\",\"sameAs\":[\"https:\/\/jornalfatosenoticias.com.br\"],\"url\":\"https:\/\/jornalfatosenoticias.com.br\/index.php\/author\/luzimara\/\"}]}<\/script>\n<!-- \/ Yoast SEO plugin. -->","yoast_head_json":{"title":"Sem condi\u00e7\u00f5es de sustentar a grave crise alimentar do pa\u00eds, ditadura cubana pede ajuda da ONU - Jornal Fatos e Not\u00edcias","robots":{"index":"index","follow":"follow","max-snippet":"max-snippet:-1","max-image-preview":"max-image-preview:large","max-video-preview":"max-video-preview:-1"},"canonical":"https:\/\/jornalfatosenoticias.com.br\/index.php\/2024\/02\/28\/sem-condicoes-de-sustentar-a-grave-crise-alimentar-do-pais-ditadura-cubana-pede-ajuda-da-onu\/","og_locale":"pt_BR","og_type":"article","og_title":"Sem condi\u00e7\u00f5es de sustentar a grave crise alimentar do pa\u00eds, ditadura cubana pede ajuda da ONU - Jornal Fatos e Not\u00edcias","og_description":"O ditador cubano, Miguel D\u00edaz-Canel: ilha vive grave crise generalizada Por Isabella de Paula A ditadura de Cuba solicitou ajuda pela primeira vez \u00e0 dire\u00e7\u00e3o do Programa Alimentar Mundial (PAM) da ONU, devido \u00e0s dificuldades do pa\u00eds em continuar a distribuir leite subsidiado a crian\u00e7as menores de sete anos. Segundo confirmou o PAM \u00e0 Ag\u00eancia [&hellip;]","og_url":"https:\/\/jornalfatosenoticias.com.br\/index.php\/2024\/02\/28\/sem-condicoes-de-sustentar-a-grave-crise-alimentar-do-pais-ditadura-cubana-pede-ajuda-da-onu\/","og_site_name":"Jornal Fatos e Not\u00edcias","article_published_time":"2024-02-28T18:04:12+00:00","og_image":[{"width":1000,"height":664,"url":"https:\/\/jornalfatosenoticias.com.br\/wp-content\/uploads\/2024\/02\/diaz-canel-cuba-ditador.jpeg","type":"image\/jpeg"}],"author":"Luzimara Fernandes","twitter_card":"summary_large_image","twitter_misc":{"Escrito por":"Luzimara Fernandes","Est. tempo de leitura":"3 minutos"},"schema":{"@context":"https:\/\/schema.org","@graph":[{"@type":"Article","@id":"https:\/\/jornalfatosenoticias.com.br\/index.php\/2024\/02\/28\/sem-condicoes-de-sustentar-a-grave-crise-alimentar-do-pais-ditadura-cubana-pede-ajuda-da-onu\/#article","isPartOf":{"@id":"https:\/\/jornalfatosenoticias.com.br\/index.php\/2024\/02\/28\/sem-condicoes-de-sustentar-a-grave-crise-alimentar-do-pais-ditadura-cubana-pede-ajuda-da-onu\/"},"author":{"name":"Luzimara Fernandes","@id":"https:\/\/jornalfatosenoticias.com.br\/#\/schema\/person\/d63837fa13ac8666eb9e74e0985d6f81"},"headline":"Sem condi\u00e7\u00f5es de sustentar a grave crise alimentar do pa\u00eds, ditadura cubana pede ajuda da ONU","datePublished":"2024-02-28T18:04:12+00:00","mainEntityOfPage":{"@id":"https:\/\/jornalfatosenoticias.com.br\/index.php\/2024\/02\/28\/sem-condicoes-de-sustentar-a-grave-crise-alimentar-do-pais-ditadura-cubana-pede-ajuda-da-onu\/"},"wordCount":614,"commentCount":0,"publisher":{"@id":"https:\/\/jornalfatosenoticias.com.br\/#organization"},"image":{"@id":"https:\/\/jornalfatosenoticias.com.br\/index.php\/2024\/02\/28\/sem-condicoes-de-sustentar-a-grave-crise-alimentar-do-pais-ditadura-cubana-pede-ajuda-da-onu\/#primaryimage"},"thumbnailUrl":"https:\/\/jornalfatosenoticias.com.br\/wp-content\/uploads\/2024\/02\/diaz-canel-cuba-ditador.jpeg","keywords":["china","Cuba","D\u00edaz-Canel","fome","grave crise alimentar","Xi Jinping"],"articleSection":["Internacional"],"inLanguage":"pt-BR","potentialAction":[{"@type":"CommentAction","name":"Comment","target":["https:\/\/jornalfatosenoticias.com.br\/index.php\/2024\/02\/28\/sem-condicoes-de-sustentar-a-grave-crise-alimentar-do-pais-ditadura-cubana-pede-ajuda-da-onu\/#respond"]}]},{"@type":"WebPage","@id":"https:\/\/jornalfatosenoticias.com.br\/index.php\/2024\/02\/28\/sem-condicoes-de-sustentar-a-grave-crise-alimentar-do-pais-ditadura-cubana-pede-ajuda-da-onu\/","url":"https:\/\/jornalfatosenoticias.com.br\/index.php\/2024\/02\/28\/sem-condicoes-de-sustentar-a-grave-crise-alimentar-do-pais-ditadura-cubana-pede-ajuda-da-onu\/","name":"Sem condi\u00e7\u00f5es de sustentar a grave crise alimentar do pa\u00eds, ditadura cubana pede ajuda da ONU - Jornal Fatos e Not\u00edcias","isPartOf":{"@id":"https:\/\/jornalfatosenoticias.com.br\/#website"},"primaryImageOfPage":{"@id":"https:\/\/jornalfatosenoticias.com.br\/index.php\/2024\/02\/28\/sem-condicoes-de-sustentar-a-grave-crise-alimentar-do-pais-ditadura-cubana-pede-ajuda-da-onu\/#primaryimage"},"image":{"@id":"https:\/\/jornalfatosenoticias.com.br\/index.php\/2024\/02\/28\/sem-condicoes-de-sustentar-a-grave-crise-alimentar-do-pais-ditadura-cubana-pede-ajuda-da-onu\/#primaryimage"},"thumbnailUrl":"https:\/\/jornalfatosenoticias.com.br\/wp-content\/uploads\/2024\/02\/diaz-canel-cuba-ditador.jpeg","datePublished":"2024-02-28T18:04:12+00:00","breadcrumb":{"@id":"https:\/\/jornalfatosenoticias.com.br\/index.php\/2024\/02\/28\/sem-condicoes-de-sustentar-a-grave-crise-alimentar-do-pais-ditadura-cubana-pede-ajuda-da-onu\/#breadcrumb"},"inLanguage":"pt-BR","potentialAction":[{"@type":"ReadAction","target":["https:\/\/jornalfatosenoticias.com.br\/index.php\/2024\/02\/28\/sem-condicoes-de-sustentar-a-grave-crise-alimentar-do-pais-ditadura-cubana-pede-ajuda-da-onu\/"]}]},{"@type":"ImageObject","inLanguage":"pt-BR","@id":"https:\/\/jornalfatosenoticias.com.br\/index.php\/2024\/02\/28\/sem-condicoes-de-sustentar-a-grave-crise-alimentar-do-pais-ditadura-cubana-pede-ajuda-da-onu\/#primaryimage","url":"https:\/\/jornalfatosenoticias.com.br\/wp-content\/uploads\/2024\/02\/diaz-canel-cuba-ditador.jpeg","contentUrl":"https:\/\/jornalfatosenoticias.com.br\/wp-content\/uploads\/2024\/02\/diaz-canel-cuba-ditador.jpeg","width":1000,"height":664},{"@type":"BreadcrumbList","@id":"https:\/\/jornalfatosenoticias.com.br\/index.php\/2024\/02\/28\/sem-condicoes-de-sustentar-a-grave-crise-alimentar-do-pais-ditadura-cubana-pede-ajuda-da-onu\/#breadcrumb","itemListElement":[{"@type":"ListItem","position":1,"name":"In\u00edcio","item":"https:\/\/jornalfatosenoticias.com.br\/"},{"@type":"ListItem","position":2,"name":"Sem condi\u00e7\u00f5es de sustentar a grave crise alimentar do pa\u00eds, ditadura cubana pede ajuda da ONU"}]},{"@type":"WebSite","@id":"https:\/\/jornalfatosenoticias.com.br\/#website","url":"https:\/\/jornalfatosenoticias.com.br\/","name":"Jornal Fatos e Not\u00edcias","description":"Not\u00edcias em geral","publisher":{"@id":"https:\/\/jornalfatosenoticias.com.br\/#organization"},"potentialAction":[{"@type":"SearchAction","target":{"@type":"EntryPoint","urlTemplate":"https:\/\/jornalfatosenoticias.com.br\/?s={search_term_string}"},"query-input":{"@type":"PropertyValueSpecification","valueRequired":true,"valueName":"search_term_string"}}],"inLanguage":"pt-BR"},{"@type":"Organization","@id":"https:\/\/jornalfatosenoticias.com.br\/#organization","name":"Jornal Fatos e Not\u00edcias","url":"https:\/\/jornalfatosenoticias.com.br\/","logo":{"@type":"ImageObject","inLanguage":"pt-BR","@id":"https:\/\/jornalfatosenoticias.com.br\/#\/schema\/logo\/image\/","url":"https:\/\/jornalfatosenoticias.com.br\/wp-content\/uploads\/2020\/02\/logo120.png","contentUrl":"https:\/\/jornalfatosenoticias.com.br\/wp-content\/uploads\/2020\/02\/logo120.png","width":1227,"height":120,"caption":"Jornal Fatos e Not\u00edcias"},"image":{"@id":"https:\/\/jornalfatosenoticias.com.br\/#\/schema\/logo\/image\/"}},{"@type":"Person","@id":"https:\/\/jornalfatosenoticias.com.br\/#\/schema\/person\/d63837fa13ac8666eb9e74e0985d6f81","name":"Luzimara Fernandes","image":{"@type":"ImageObject","inLanguage":"pt-BR","@id":"https:\/\/jornalfatosenoticias.com.br\/#\/schema\/person\/image\/","url":"https:\/\/jornalfatosenoticias.com.br\/wp-content\/uploads\/2025\/05\/EU_portal.jpg","contentUrl":"https:\/\/jornalfatosenoticias.com.br\/wp-content\/uploads\/2025\/05\/EU_portal.jpg","caption":"Luzimara Fernandes"},"description":"Jornalista MTB 2358-ES","sameAs":["https:\/\/jornalfatosenoticias.com.br"],"url":"https:\/\/jornalfatosenoticias.com.br\/index.php\/author\/luzimara\/"}]}},"cc_featured_image_caption":{"caption_text":"(Foto: Reprodu\u00e7\u00e3o\/R7)","source_text":"","source_url":""},"jetpack_featured_media_url":"https:\/\/jornalfatosenoticias.com.br\/wp-content\/uploads\/2024\/02\/diaz-canel-cuba-ditador.jpeg","_links":{"self":[{"href":"https:\/\/jornalfatosenoticias.com.br\/index.php\/wp-json\/wp\/v2\/posts\/49525","targetHints":{"allow":["GET"]}}],"collection":[{"href":"https:\/\/jornalfatosenoticias.com.br\/index.php\/wp-json\/wp\/v2\/posts"}],"about":[{"href":"https:\/\/jornalfatosenoticias.com.br\/index.php\/wp-json\/wp\/v2\/types\/post"}],"author":[{"embeddable":true,"href":"https:\/\/jornalfatosenoticias.com.br\/index.php\/wp-json\/wp\/v2\/users\/2"}],"replies":[{"embeddable":true,"href":"https:\/\/jornalfatosenoticias.com.br\/index.php\/wp-json\/wp\/v2\/comments?post=49525"}],"version-history":[{"count":0,"href":"https:\/\/jornalfatosenoticias.com.br\/index.php\/wp-json\/wp\/v2\/posts\/49525\/revisions"}],"wp:featuredmedia":[{"embeddable":true,"href":"https:\/\/jornalfatosenoticias.com.br\/index.php\/wp-json\/wp\/v2\/media\/49526"}],"wp:attachment":[{"href":"https:\/\/jornalfatosenoticias.com.br\/index.php\/wp-json\/wp\/v2\/media?parent=49525"}],"wp:term":[{"taxonomy":"category","embeddable":true,"href":"https:\/\/jornalfatosenoticias.com.br\/index.php\/wp-json\/wp\/v2\/categories?post=49525"},{"taxonomy":"post_tag","embeddable":true,"href":"https:\/\/jornalfatosenoticias.com.br\/index.php\/wp-json\/wp\/v2\/tags?post=49525"}],"curies":[{"name":"wp","href":"https:\/\/api.w.org\/{rel}","templated":true}]}}