{"id":49528,"date":"2024-02-29T16:45:50","date_gmt":"2024-02-29T19:45:50","guid":{"rendered":"https:\/\/jornalfatosenoticias.com.br\/?p=49528"},"modified":"2024-02-29T16:45:50","modified_gmt":"2024-02-29T19:45:50","slug":"voce-ja-ouviu-falar-em-neurofeedback","status":"publish","type":"post","link":"https:\/\/jornalfatosenoticias.com.br\/index.php\/2024\/02\/29\/voce-ja-ouviu-falar-em-neurofeedback\/","title":{"rendered":"Voc\u00ea j\u00e1 ouviu falar em Neurofeedback?"},"content":{"rendered":"\n<div class=\"wp-block-image is-style-rounded\"><figure class=\"alignleft size-large is-resized\"><img decoding=\"async\" src=\"https:\/\/jornalfatosenoticias.com.br\/wp-content\/uploads\/2024\/02\/Leia_Flauzina-removebg-preview.png\" alt=\"\" class=\"wp-image-49404\" width=\"-232\" height=\"-232\" srcset=\"https:\/\/jornalfatosenoticias.com.br\/wp-content\/uploads\/2024\/02\/Leia_Flauzina-removebg-preview.png 500w, https:\/\/jornalfatosenoticias.com.br\/wp-content\/uploads\/2024\/02\/Leia_Flauzina-removebg-preview-300x300.png 300w, https:\/\/jornalfatosenoticias.com.br\/wp-content\/uploads\/2024\/02\/Leia_Flauzina-removebg-preview-150x150.png 150w\" sizes=\"(max-width: 500px) 100vw, 500px\" \/><figcaption><span class=\"has-inline-color has-black-color\">Por <strong>L\u00e9ia Flauzina<\/strong><\/span><\/figcaption><\/figure><\/div>\n\n\n\n<p>Neurofeedback \u00e9 um tratamento que tem como principal objetivo melhorar o funcionamento cerebral por meio da neuromodula\u00e7\u00e3o autorregulat\u00f3ria. Esse tratamento n\u00e3o \u00e9 medicamentoso e n\u00e3o invasivo e o paciente n\u00e3o entra em contato com nenhum tipo de irradia\u00e7\u00e3o, tornando a t\u00e9cnica segura e confi\u00e1vel. Seu objetivo \u00e9 estimular as habilidades naturais do c\u00e9rebro, regulando e desenvolvendo suas potencialidades, corrigindo suas disfuncionalidades, e favorecendo um melhor desempenho cognitivo e comportamental. O neurofeedback \u00e9 uma crescente pr\u00e1tica desenvolvida pela ci\u00eancia atrav\u00e9s da neuroci\u00eancia.<\/p>\n\n\n\n<div class=\"wp-block-image\"><figure class=\"aligncenter size-large is-resized\"><img loading=\"lazy\" decoding=\"async\" src=\"https:\/\/jornalfatosenoticias.com.br\/wp-content\/uploads\/2023\/09\/vetorvix1024_1.jpg\" alt=\"\" class=\"wp-image-44868\" width=\"479\" height=\"127\" srcset=\"https:\/\/jornalfatosenoticias.com.br\/wp-content\/uploads\/2023\/09\/vetorvix1024_1.jpg 1024w, https:\/\/jornalfatosenoticias.com.br\/wp-content\/uploads\/2023\/09\/vetorvix1024_1-300x80.jpg 300w, https:\/\/jornalfatosenoticias.com.br\/wp-content\/uploads\/2023\/09\/vetorvix1024_1-768x205.jpg 768w\" sizes=\"auto, (max-width: 479px) 100vw, 479px\" \/><\/figure><\/div>\n\n\n\n<p><strong><span class=\"has-inline-color has-vivid-purple-color\">Como \u00e9 realizado o Neurofeedback?<br><\/span><\/strong>Se inicia com uma entrevista com o paciente onde ele relata suas queixas, ap\u00f3s \u00e9 gerado um mapeamento das \u00e1reas especificas do c\u00e9rebro do paciente coletando dados dos padr\u00f5es de funcionamento, atrav\u00e9s da t\u00e9cnica de eletroencefalografia com sensores que captam sinais provenientes das ondas cerebrais atrav\u00e9s do couro cabeludo, os principais ritmos observados no c\u00f3rtex s\u00e3o delta (0,1-3 Hz), teta (4\u20138 Hz), alfa (9 a 12 Hz), beta (\u223c14\u201338 Hz) e gama (>40Hz). Com atividades realizadas com olhos fechados, abertos e no momento em que executam tarefas de foco, aten\u00e7\u00e3o, c\u00e1lculo, leitura e identifica\u00e7\u00e3o de padr\u00f5es. <\/p>\n\n\n\n<div class=\"wp-block-image\"><figure class=\"aligncenter size-large\"><img loading=\"lazy\" decoding=\"async\" width=\"300\" height=\"250\" src=\"https:\/\/jornalfatosenoticias.com.br\/wp-content\/uploads\/2020\/02\/Banner-2.png\" alt=\"\" class=\"wp-image-43787\"\/><\/figure><\/div>\n\n\n\n<p>Quando essas ondas se apresentam disfuncionais trazem algum tipo de transtorno na vida di\u00e1ria do paciente. A neuromodula\u00e7\u00e3o permite que o paciente trabalhe diretamente no problema, reduzindo os padr\u00f5es das ondas demasiadamente r\u00e1pidas e ondas demasiadamente lentas ou seja permitindo melhorar os padr\u00f5es cerebrais tornando-os mais eficientes em sua funcionalidade. Com isso, \u00e9 elaborado um treino personalizado para o paciente de 30 a 40 sess\u00f5es. A partir de ent\u00e3o, o paciente vai aprendendo, por erros e tentativas, a levar o c\u00e9rebro a uma transforma\u00e7\u00e3o.<\/p>\n\n\n\n<div class=\"wp-block-image\"><figure class=\"aligncenter size-large is-resized\"><img loading=\"lazy\" decoding=\"async\" src=\"https:\/\/jornalfatosenoticias.com.br\/wp-content\/uploads\/2020\/02\/logo-Rapuzel-1024x571.jpg\" alt=\"\" class=\"wp-image-42808\" width=\"375\" height=\"209\" srcset=\"https:\/\/jornalfatosenoticias.com.br\/wp-content\/uploads\/2020\/02\/logo-Rapuzel-1024x571.jpg 1024w, https:\/\/jornalfatosenoticias.com.br\/wp-content\/uploads\/2020\/02\/logo-Rapuzel-300x167.jpg 300w, https:\/\/jornalfatosenoticias.com.br\/wp-content\/uploads\/2020\/02\/logo-Rapuzel-768x428.jpg 768w, https:\/\/jornalfatosenoticias.com.br\/wp-content\/uploads\/2020\/02\/logo-Rapuzel-1536x856.jpg 1536w, https:\/\/jornalfatosenoticias.com.br\/wp-content\/uploads\/2020\/02\/logo-Rapuzel.jpg 1600w\" sizes=\"auto, (max-width: 375px) 100vw, 375px\" \/><\/figure><\/div>\n\n\n\n<p>Ao longo dos treinos o c\u00e9rebro \u00e9 desafiado e estimulado a melhorar seu desempenho e, com isso, os avan\u00e7os come\u00e7am a ocorrer no dia a dia da pessoa. O neurofeedback ajuda o paciente a assumir o autocontrole, sendo, portanto, uma alternativa para pessoas que n\u00e3o respondem aos tratamentos convencionais ou que n\u00e3o toleram os efeitos colaterais das medica\u00e7\u00f5es. Para tais casos, esta t\u00e9cnica apresenta in\u00fameros pontos positivos quando comparada com outras formas de tratamento. <\/p>\n\n\n\n<div class=\"wp-block-image\"><figure class=\"aligncenter size-large is-resized\"><img loading=\"lazy\" decoding=\"async\" src=\"https:\/\/jornalfatosenoticias.com.br\/wp-content\/uploads\/2024\/01\/consultoria-ambiental.jpg\" alt=\"\" class=\"wp-image-48314\" width=\"340\" height=\"308\" srcset=\"https:\/\/jornalfatosenoticias.com.br\/wp-content\/uploads\/2024\/01\/consultoria-ambiental.jpg 832w, https:\/\/jornalfatosenoticias.com.br\/wp-content\/uploads\/2024\/01\/consultoria-ambiental-300x272.jpg 300w, https:\/\/jornalfatosenoticias.com.br\/wp-content\/uploads\/2024\/01\/consultoria-ambiental-768x696.jpg 768w\" sizes=\"auto, (max-width: 340px) 100vw, 340px\" \/><\/figure><\/div>\n\n\n\n<p>Em casos do Transtorno do D\u00e9ficit de Aten\u00e7\u00e3o (TDAH), por exemplo, a neurobiologia consiste em lentid\u00e3o nas \u00e1reas pr\u00e9-frontais do c\u00e9rebro, regi\u00e3o respons\u00e1vel pelo comportamento, emo\u00e7\u00f5es e pensamentos. Assim, o neurofeedback \u00e9 uma das maneiras de treinar o c\u00e9rebro do paciente para se desenvolver de forma mais eficaz.<\/p>\n\n\n\n<div class=\"wp-block-image\"><figure class=\"aligncenter size-large is-resized\"><img loading=\"lazy\" decoding=\"async\" src=\"https:\/\/jornalfatosenoticias.com.br\/wp-content\/uploads\/2023\/12\/pegoretti-logo-pdf-1024x389.jpg\" alt=\"\" class=\"wp-image-47536\" width=\"453\" height=\"172\" srcset=\"https:\/\/jornalfatosenoticias.com.br\/wp-content\/uploads\/2023\/12\/pegoretti-logo-pdf-1024x389.jpg 1024w, https:\/\/jornalfatosenoticias.com.br\/wp-content\/uploads\/2023\/12\/pegoretti-logo-pdf-300x114.jpg 300w, https:\/\/jornalfatosenoticias.com.br\/wp-content\/uploads\/2023\/12\/pegoretti-logo-pdf-768x291.jpg 768w, https:\/\/jornalfatosenoticias.com.br\/wp-content\/uploads\/2023\/12\/pegoretti-logo-pdf.jpg 1120w\" sizes=\"auto, (max-width: 453px) 100vw, 453px\" \/><\/figure><\/div>\n\n\n\n<p><strong><span class=\"has-inline-color has-vivid-purple-color\">C\u00e9rebro pode ser mudado?<br><\/span><\/strong>Nosso c\u00e9rebro \u00e9 dotado de neuroplasticidade, ou seja, est\u00e1 sempre pronto a aprender coisas novas e adquirir novos h\u00e1bitos, al\u00e9m de enfraquecer os antigos. O treinamento de Neurofeedback monitora os padr\u00f5es de ondas cerebrais para identificar irregularidades e visa ajudar a otimizar a sa\u00fade e o bem-estar do c\u00e9rebro. Isso significa dizer que o c\u00e9rebro \u00e9 flex\u00edvel e mut\u00e1vel. O neurofeedback \u00e9 uma ferramenta que permite mudar nosso c\u00e9rebro por meio de treinamento. Parece m\u00e1gica, mas \u00e9 neuroci\u00eancia em a\u00e7\u00e3o.<\/p>\n\n\n\n<div class=\"wp-block-image\"><figure class=\"aligncenter size-large\"><img loading=\"lazy\" decoding=\"async\" width=\"300\" height=\"250\" src=\"https:\/\/jornalfatosenoticias.com.br\/wp-content\/uploads\/2022\/02\/FERRARI_MAQUINAS-E-FERRAMENTAS2.jpg\" alt=\"\" class=\"wp-image-27860\"\/><\/figure><\/div>\n\n\n\n<p><strong><span class=\"has-inline-color has-vivid-purple-color\">Indica\u00e7\u00f5es de Neurofeedback:<br><\/span><\/strong>\u2022 Transtorno do d\u00e9ficit de aten\u00e7\u00e3o (TDA e TDAH);<br>\u2022 Transtorno do estresse p\u00f3s-traum\u00e1tico (TEPT);<br>\u2022 Ansiedade;<br>\u2022 Depress\u00e3o;<br>\u2022 Dificuldades de concentra\u00e7\u00e3o;<br>\u2022 Dificuldades de mem\u00f3ria;<br>\u2022 Dist\u00farbios de aprendizagem;<br>\u2022 Enxaqueca;<br>\u2022 Estresse;<br>\u2022 Fibromialgia;<br>\u2022 Hiperatividade;<br>\u2022 Ins\u00f4nia;<br>\u2022 S\u00edndrome do p\u00e2nico;<br>\u2022 Transtornos alimentares;<br>\u2022 Otimiza\u00e7\u00e3o da performance mental;<\/p>\n\n\n\n<div class=\"wp-block-image\"><figure class=\"aligncenter size-large is-resized\"><img loading=\"lazy\" decoding=\"async\" src=\"https:\/\/jornalfatosenoticias.com.br\/wp-content\/uploads\/2023\/08\/BKR-1024x1021.jpg\" alt=\"\" class=\"wp-image-44494\" width=\"315\" height=\"314\" srcset=\"https:\/\/jornalfatosenoticias.com.br\/wp-content\/uploads\/2023\/08\/BKR-1024x1021.jpg 1024w, https:\/\/jornalfatosenoticias.com.br\/wp-content\/uploads\/2023\/08\/BKR-300x300.jpg 300w, https:\/\/jornalfatosenoticias.com.br\/wp-content\/uploads\/2023\/08\/BKR-150x150.jpg 150w, https:\/\/jornalfatosenoticias.com.br\/wp-content\/uploads\/2023\/08\/BKR-768x766.jpg 768w, https:\/\/jornalfatosenoticias.com.br\/wp-content\/uploads\/2023\/08\/BKR.jpg 1080w\" sizes=\"auto, (max-width: 315px) 100vw, 315px\" \/><\/figure><\/div>\n\n\n\n<p>Neurofeedback hoje \u00e9 uma alternativa de tratamento para quem tem dificuldade ou transtornos de aprendizagem. A T\u00e9cnica permite treinar diretamente o c\u00e9rebro, melhorando capacidade de concentra\u00e7\u00e3o, aten\u00e7\u00e3o, mem\u00f3ria e, por consequ\u00eancia, a autoconfian\u00e7a. Numa sala de aula normal da educa\u00e7\u00e3o b\u00e1sica \u00e9 poss\u00edvel encontrar alunos que aprendem qualquer assunto de forma bem r\u00e1pida e outros que n\u00e3o conseguem acompanhar o ritmo dos colegas. Atrav\u00e9s do condicionamento operante, ocorre o processo de aprendizagem, que tem uma consequ\u00eancia direta no comportamento do indiv\u00edduo ajudar seu aluno a desenvolver suas capacidades m\u00e1ximas. <\/p>\n\n\n\n<div class=\"wp-block-image\"><figure class=\"aligncenter size-large is-resized\"><img loading=\"lazy\" decoding=\"async\" src=\"https:\/\/jornalfatosenoticias.com.br\/wp-content\/uploads\/2023\/03\/nova-logo-Marquetti.jpg\" alt=\"\" class=\"wp-image-40207\" width=\"322\" height=\"216\" srcset=\"https:\/\/jornalfatosenoticias.com.br\/wp-content\/uploads\/2023\/03\/nova-logo-Marquetti.jpg 643w, https:\/\/jornalfatosenoticias.com.br\/wp-content\/uploads\/2023\/03\/nova-logo-Marquetti-300x202.jpg 300w\" sizes=\"auto, (max-width: 322px) 100vw, 322px\" \/><\/figure><\/div>\n\n\n\n<p>Em 2013, a Associa\u00e7\u00e3o Americana de Pediatria passou a recomendar o Neurofeedback como primeira alternativa aos pacientes com D\u00e9ficit de Aten\u00e7\u00e3o. Pacientes que experimentaram a t\u00e9cnica sente as vantagens da neuromodula\u00e7\u00e3o ainda pouca conhecida no Brasil.<br><em>Em abril ser\u00e1 o lan\u00e7amento do livro falando sobre a neuromodula\u00e7\u00e3o n\u00e3o invasiva onde sou coautora com outros grandes profissionais da sa\u00fade e educa\u00e7\u00e3o.<\/em><\/p>\n\n\n\n<div class=\"wp-block-image\"><figure class=\"aligncenter size-large\"><img decoding=\"async\" src=\"https:\/\/jornalfatosenoticias.com.br\/wp-content\/uploads\/2020\/02\/logo_esteio.jpg\" alt=\"\" class=\"wp-image-1214\"\/><\/figure><\/div>\n\n\n\n<p><span class=\"has-inline-color has-black-color\"><strong>L\u00e9ia Flauzina<br><\/strong><\/span><em><span class=\"has-inline-color has-black-color\">Psicopedagoga, Neuropsicopedagoga, Especialista em Autismo, Neuroci\u00eancia, Aprendizagem e Mestre em Educa\u00e7\u00e3o, Escritora, Palestrante e Neuroterapeuta<\/span><\/em><\/p>\n","protected":false},"excerpt":{"rendered":"<p>Neurofeedback \u00e9 um tratamento que tem como principal objetivo melhorar o funcionamento cerebral por meio da neuromodula\u00e7\u00e3o autorregulat\u00f3ria. Esse tratamento n\u00e3o \u00e9 medicamentoso e n\u00e3o invasivo e o paciente n\u00e3o entra em contato com nenhum tipo de irradia\u00e7\u00e3o, tornando a t\u00e9cnica segura e confi\u00e1vel. Seu objetivo \u00e9 estimular as habilidades naturais do c\u00e9rebro, regulando e [&hellip;]<\/p>\n","protected":false},"author":2,"featured_media":49529,"comment_status":"open","ping_status":"open","sticky":false,"template":"","format":"standard","meta":{"footnotes":""},"categories":[42,7],"tags":[2336,7490,22930,22928,22929],"class_list":["post-49528","post","type-post","status-publish","format-standard","has-post-thumbnail","hentry","category-bem-estar","category-educacao","tag-cerebro","tag-cortex","tag-desempenho-cognitivo","tag-neurofeedback","tag-neuromodulacao"],"yoast_head":"<!-- This site is optimized with the Yoast SEO plugin v26.5 - https:\/\/yoast.com\/wordpress\/plugins\/seo\/ -->\n<title>Voc\u00ea j\u00e1 ouviu falar em Neurofeedback? - Jornal Fatos e Not\u00edcias<\/title>\n<meta name=\"robots\" content=\"index, follow, max-snippet:-1, max-image-preview:large, max-video-preview:-1\" \/>\n<link rel=\"canonical\" href=\"https:\/\/jornalfatosenoticias.com.br\/index.php\/2024\/02\/29\/voce-ja-ouviu-falar-em-neurofeedback\/\" \/>\n<meta property=\"og:locale\" content=\"pt_BR\" \/>\n<meta property=\"og:type\" content=\"article\" \/>\n<meta property=\"og:title\" content=\"Voc\u00ea j\u00e1 ouviu falar em Neurofeedback? - Jornal Fatos e Not\u00edcias\" \/>\n<meta property=\"og:description\" content=\"Neurofeedback \u00e9 um tratamento que tem como principal objetivo melhorar o funcionamento cerebral por meio da neuromodula\u00e7\u00e3o autorregulat\u00f3ria. Esse tratamento n\u00e3o \u00e9 medicamentoso e n\u00e3o invasivo e o paciente n\u00e3o entra em contato com nenhum tipo de irradia\u00e7\u00e3o, tornando a t\u00e9cnica segura e confi\u00e1vel. Seu objetivo \u00e9 estimular as habilidades naturais do c\u00e9rebro, regulando e [&hellip;]\" \/>\n<meta property=\"og:url\" content=\"https:\/\/jornalfatosenoticias.com.br\/index.php\/2024\/02\/29\/voce-ja-ouviu-falar-em-neurofeedback\/\" \/>\n<meta property=\"og:site_name\" content=\"Jornal Fatos e Not\u00edcias\" \/>\n<meta property=\"article:published_time\" content=\"2024-02-29T19:45:50+00:00\" \/>\n<meta property=\"og:image\" content=\"https:\/\/jornalfatosenoticias.com.br\/wp-content\/uploads\/2024\/02\/neurofeedback.jpg\" \/>\n\t<meta property=\"og:image:width\" content=\"1080\" \/>\n\t<meta property=\"og:image:height\" content=\"1080\" \/>\n\t<meta property=\"og:image:type\" content=\"image\/jpeg\" \/>\n<meta name=\"author\" content=\"Luzimara Fernandes\" \/>\n<meta name=\"twitter:card\" content=\"summary_large_image\" \/>\n<meta name=\"twitter:label1\" content=\"Escrito por\" \/>\n\t<meta name=\"twitter:data1\" content=\"Luzimara Fernandes\" \/>\n\t<meta name=\"twitter:label2\" content=\"Est. tempo de leitura\" \/>\n\t<meta name=\"twitter:data2\" content=\"4 minutos\" \/>\n<script type=\"application\/ld+json\" class=\"yoast-schema-graph\">{\"@context\":\"https:\/\/schema.org\",\"@graph\":[{\"@type\":\"Article\",\"@id\":\"https:\/\/jornalfatosenoticias.com.br\/index.php\/2024\/02\/29\/voce-ja-ouviu-falar-em-neurofeedback\/#article\",\"isPartOf\":{\"@id\":\"https:\/\/jornalfatosenoticias.com.br\/index.php\/2024\/02\/29\/voce-ja-ouviu-falar-em-neurofeedback\/\"},\"author\":{\"name\":\"Luzimara Fernandes\",\"@id\":\"https:\/\/jornalfatosenoticias.com.br\/#\/schema\/person\/d63837fa13ac8666eb9e74e0985d6f81\"},\"headline\":\"Voc\u00ea j\u00e1 ouviu falar em Neurofeedback?\",\"datePublished\":\"2024-02-29T19:45:50+00:00\",\"mainEntityOfPage\":{\"@id\":\"https:\/\/jornalfatosenoticias.com.br\/index.php\/2024\/02\/29\/voce-ja-ouviu-falar-em-neurofeedback\/\"},\"wordCount\":774,\"commentCount\":0,\"publisher\":{\"@id\":\"https:\/\/jornalfatosenoticias.com.br\/#organization\"},\"image\":{\"@id\":\"https:\/\/jornalfatosenoticias.com.br\/index.php\/2024\/02\/29\/voce-ja-ouviu-falar-em-neurofeedback\/#primaryimage\"},\"thumbnailUrl\":\"https:\/\/jornalfatosenoticias.com.br\/wp-content\/uploads\/2024\/02\/neurofeedback.jpg\",\"keywords\":[\"c\u00e9rebro\",\"c\u00f3rtex\",\"desempenho cognitivo\",\"Neurofeedback\",\"neuromodula\u00e7\u00e3o\"],\"articleSection\":[\"Bem-estar\",\"Educa\u00e7\u00e3o\"],\"inLanguage\":\"pt-BR\",\"potentialAction\":[{\"@type\":\"CommentAction\",\"name\":\"Comment\",\"target\":[\"https:\/\/jornalfatosenoticias.com.br\/index.php\/2024\/02\/29\/voce-ja-ouviu-falar-em-neurofeedback\/#respond\"]}]},{\"@type\":\"WebPage\",\"@id\":\"https:\/\/jornalfatosenoticias.com.br\/index.php\/2024\/02\/29\/voce-ja-ouviu-falar-em-neurofeedback\/\",\"url\":\"https:\/\/jornalfatosenoticias.com.br\/index.php\/2024\/02\/29\/voce-ja-ouviu-falar-em-neurofeedback\/\",\"name\":\"Voc\u00ea j\u00e1 ouviu falar em Neurofeedback? - Jornal Fatos e Not\u00edcias\",\"isPartOf\":{\"@id\":\"https:\/\/jornalfatosenoticias.com.br\/#website\"},\"primaryImageOfPage\":{\"@id\":\"https:\/\/jornalfatosenoticias.com.br\/index.php\/2024\/02\/29\/voce-ja-ouviu-falar-em-neurofeedback\/#primaryimage\"},\"image\":{\"@id\":\"https:\/\/jornalfatosenoticias.com.br\/index.php\/2024\/02\/29\/voce-ja-ouviu-falar-em-neurofeedback\/#primaryimage\"},\"thumbnailUrl\":\"https:\/\/jornalfatosenoticias.com.br\/wp-content\/uploads\/2024\/02\/neurofeedback.jpg\",\"datePublished\":\"2024-02-29T19:45:50+00:00\",\"breadcrumb\":{\"@id\":\"https:\/\/jornalfatosenoticias.com.br\/index.php\/2024\/02\/29\/voce-ja-ouviu-falar-em-neurofeedback\/#breadcrumb\"},\"inLanguage\":\"pt-BR\",\"potentialAction\":[{\"@type\":\"ReadAction\",\"target\":[\"https:\/\/jornalfatosenoticias.com.br\/index.php\/2024\/02\/29\/voce-ja-ouviu-falar-em-neurofeedback\/\"]}]},{\"@type\":\"ImageObject\",\"inLanguage\":\"pt-BR\",\"@id\":\"https:\/\/jornalfatosenoticias.com.br\/index.php\/2024\/02\/29\/voce-ja-ouviu-falar-em-neurofeedback\/#primaryimage\",\"url\":\"https:\/\/jornalfatosenoticias.com.br\/wp-content\/uploads\/2024\/02\/neurofeedback.jpg\",\"contentUrl\":\"https:\/\/jornalfatosenoticias.com.br\/wp-content\/uploads\/2024\/02\/neurofeedback.jpg\",\"width\":1080,\"height\":1080},{\"@type\":\"BreadcrumbList\",\"@id\":\"https:\/\/jornalfatosenoticias.com.br\/index.php\/2024\/02\/29\/voce-ja-ouviu-falar-em-neurofeedback\/#breadcrumb\",\"itemListElement\":[{\"@type\":\"ListItem\",\"position\":1,\"name\":\"In\u00edcio\",\"item\":\"https:\/\/jornalfatosenoticias.com.br\/\"},{\"@type\":\"ListItem\",\"position\":2,\"name\":\"Voc\u00ea j\u00e1 ouviu falar em Neurofeedback?\"}]},{\"@type\":\"WebSite\",\"@id\":\"https:\/\/jornalfatosenoticias.com.br\/#website\",\"url\":\"https:\/\/jornalfatosenoticias.com.br\/\",\"name\":\"Jornal Fatos e Not\u00edcias\",\"description\":\"Not\u00edcias em geral\",\"publisher\":{\"@id\":\"https:\/\/jornalfatosenoticias.com.br\/#organization\"},\"potentialAction\":[{\"@type\":\"SearchAction\",\"target\":{\"@type\":\"EntryPoint\",\"urlTemplate\":\"https:\/\/jornalfatosenoticias.com.br\/?s={search_term_string}\"},\"query-input\":{\"@type\":\"PropertyValueSpecification\",\"valueRequired\":true,\"valueName\":\"search_term_string\"}}],\"inLanguage\":\"pt-BR\"},{\"@type\":\"Organization\",\"@id\":\"https:\/\/jornalfatosenoticias.com.br\/#organization\",\"name\":\"Jornal Fatos e Not\u00edcias\",\"url\":\"https:\/\/jornalfatosenoticias.com.br\/\",\"logo\":{\"@type\":\"ImageObject\",\"inLanguage\":\"pt-BR\",\"@id\":\"https:\/\/jornalfatosenoticias.com.br\/#\/schema\/logo\/image\/\",\"url\":\"https:\/\/jornalfatosenoticias.com.br\/wp-content\/uploads\/2020\/02\/logo120.png\",\"contentUrl\":\"https:\/\/jornalfatosenoticias.com.br\/wp-content\/uploads\/2020\/02\/logo120.png\",\"width\":1227,\"height\":120,\"caption\":\"Jornal Fatos e Not\u00edcias\"},\"image\":{\"@id\":\"https:\/\/jornalfatosenoticias.com.br\/#\/schema\/logo\/image\/\"}},{\"@type\":\"Person\",\"@id\":\"https:\/\/jornalfatosenoticias.com.br\/#\/schema\/person\/d63837fa13ac8666eb9e74e0985d6f81\",\"name\":\"Luzimara Fernandes\",\"image\":{\"@type\":\"ImageObject\",\"inLanguage\":\"pt-BR\",\"@id\":\"https:\/\/jornalfatosenoticias.com.br\/#\/schema\/person\/image\/\",\"url\":\"https:\/\/jornalfatosenoticias.com.br\/wp-content\/uploads\/2025\/05\/EU_portal.jpg\",\"contentUrl\":\"https:\/\/jornalfatosenoticias.com.br\/wp-content\/uploads\/2025\/05\/EU_portal.jpg\",\"caption\":\"Luzimara Fernandes\"},\"description\":\"Jornalista MTB 2358-ES\",\"sameAs\":[\"https:\/\/jornalfatosenoticias.com.br\"],\"url\":\"https:\/\/jornalfatosenoticias.com.br\/index.php\/author\/luzimara\/\"}]}<\/script>\n<!-- \/ Yoast SEO plugin. -->","yoast_head_json":{"title":"Voc\u00ea j\u00e1 ouviu falar em Neurofeedback? - Jornal Fatos e Not\u00edcias","robots":{"index":"index","follow":"follow","max-snippet":"max-snippet:-1","max-image-preview":"max-image-preview:large","max-video-preview":"max-video-preview:-1"},"canonical":"https:\/\/jornalfatosenoticias.com.br\/index.php\/2024\/02\/29\/voce-ja-ouviu-falar-em-neurofeedback\/","og_locale":"pt_BR","og_type":"article","og_title":"Voc\u00ea j\u00e1 ouviu falar em Neurofeedback? - Jornal Fatos e Not\u00edcias","og_description":"Neurofeedback \u00e9 um tratamento que tem como principal objetivo melhorar o funcionamento cerebral por meio da neuromodula\u00e7\u00e3o autorregulat\u00f3ria. Esse tratamento n\u00e3o \u00e9 medicamentoso e n\u00e3o invasivo e o paciente n\u00e3o entra em contato com nenhum tipo de irradia\u00e7\u00e3o, tornando a t\u00e9cnica segura e confi\u00e1vel. Seu objetivo \u00e9 estimular as habilidades naturais do c\u00e9rebro, regulando e [&hellip;]","og_url":"https:\/\/jornalfatosenoticias.com.br\/index.php\/2024\/02\/29\/voce-ja-ouviu-falar-em-neurofeedback\/","og_site_name":"Jornal Fatos e Not\u00edcias","article_published_time":"2024-02-29T19:45:50+00:00","og_image":[{"width":1080,"height":1080,"url":"https:\/\/jornalfatosenoticias.com.br\/wp-content\/uploads\/2024\/02\/neurofeedback.jpg","type":"image\/jpeg"}],"author":"Luzimara Fernandes","twitter_card":"summary_large_image","twitter_misc":{"Escrito por":"Luzimara Fernandes","Est. tempo de leitura":"4 minutos"},"schema":{"@context":"https:\/\/schema.org","@graph":[{"@type":"Article","@id":"https:\/\/jornalfatosenoticias.com.br\/index.php\/2024\/02\/29\/voce-ja-ouviu-falar-em-neurofeedback\/#article","isPartOf":{"@id":"https:\/\/jornalfatosenoticias.com.br\/index.php\/2024\/02\/29\/voce-ja-ouviu-falar-em-neurofeedback\/"},"author":{"name":"Luzimara Fernandes","@id":"https:\/\/jornalfatosenoticias.com.br\/#\/schema\/person\/d63837fa13ac8666eb9e74e0985d6f81"},"headline":"Voc\u00ea j\u00e1 ouviu falar em Neurofeedback?","datePublished":"2024-02-29T19:45:50+00:00","mainEntityOfPage":{"@id":"https:\/\/jornalfatosenoticias.com.br\/index.php\/2024\/02\/29\/voce-ja-ouviu-falar-em-neurofeedback\/"},"wordCount":774,"commentCount":0,"publisher":{"@id":"https:\/\/jornalfatosenoticias.com.br\/#organization"},"image":{"@id":"https:\/\/jornalfatosenoticias.com.br\/index.php\/2024\/02\/29\/voce-ja-ouviu-falar-em-neurofeedback\/#primaryimage"},"thumbnailUrl":"https:\/\/jornalfatosenoticias.com.br\/wp-content\/uploads\/2024\/02\/neurofeedback.jpg","keywords":["c\u00e9rebro","c\u00f3rtex","desempenho cognitivo","Neurofeedback","neuromodula\u00e7\u00e3o"],"articleSection":["Bem-estar","Educa\u00e7\u00e3o"],"inLanguage":"pt-BR","potentialAction":[{"@type":"CommentAction","name":"Comment","target":["https:\/\/jornalfatosenoticias.com.br\/index.php\/2024\/02\/29\/voce-ja-ouviu-falar-em-neurofeedback\/#respond"]}]},{"@type":"WebPage","@id":"https:\/\/jornalfatosenoticias.com.br\/index.php\/2024\/02\/29\/voce-ja-ouviu-falar-em-neurofeedback\/","url":"https:\/\/jornalfatosenoticias.com.br\/index.php\/2024\/02\/29\/voce-ja-ouviu-falar-em-neurofeedback\/","name":"Voc\u00ea j\u00e1 ouviu falar em Neurofeedback? - Jornal Fatos e Not\u00edcias","isPartOf":{"@id":"https:\/\/jornalfatosenoticias.com.br\/#website"},"primaryImageOfPage":{"@id":"https:\/\/jornalfatosenoticias.com.br\/index.php\/2024\/02\/29\/voce-ja-ouviu-falar-em-neurofeedback\/#primaryimage"},"image":{"@id":"https:\/\/jornalfatosenoticias.com.br\/index.php\/2024\/02\/29\/voce-ja-ouviu-falar-em-neurofeedback\/#primaryimage"},"thumbnailUrl":"https:\/\/jornalfatosenoticias.com.br\/wp-content\/uploads\/2024\/02\/neurofeedback.jpg","datePublished":"2024-02-29T19:45:50+00:00","breadcrumb":{"@id":"https:\/\/jornalfatosenoticias.com.br\/index.php\/2024\/02\/29\/voce-ja-ouviu-falar-em-neurofeedback\/#breadcrumb"},"inLanguage":"pt-BR","potentialAction":[{"@type":"ReadAction","target":["https:\/\/jornalfatosenoticias.com.br\/index.php\/2024\/02\/29\/voce-ja-ouviu-falar-em-neurofeedback\/"]}]},{"@type":"ImageObject","inLanguage":"pt-BR","@id":"https:\/\/jornalfatosenoticias.com.br\/index.php\/2024\/02\/29\/voce-ja-ouviu-falar-em-neurofeedback\/#primaryimage","url":"https:\/\/jornalfatosenoticias.com.br\/wp-content\/uploads\/2024\/02\/neurofeedback.jpg","contentUrl":"https:\/\/jornalfatosenoticias.com.br\/wp-content\/uploads\/2024\/02\/neurofeedback.jpg","width":1080,"height":1080},{"@type":"BreadcrumbList","@id":"https:\/\/jornalfatosenoticias.com.br\/index.php\/2024\/02\/29\/voce-ja-ouviu-falar-em-neurofeedback\/#breadcrumb","itemListElement":[{"@type":"ListItem","position":1,"name":"In\u00edcio","item":"https:\/\/jornalfatosenoticias.com.br\/"},{"@type":"ListItem","position":2,"name":"Voc\u00ea j\u00e1 ouviu falar em Neurofeedback?"}]},{"@type":"WebSite","@id":"https:\/\/jornalfatosenoticias.com.br\/#website","url":"https:\/\/jornalfatosenoticias.com.br\/","name":"Jornal Fatos e Not\u00edcias","description":"Not\u00edcias em geral","publisher":{"@id":"https:\/\/jornalfatosenoticias.com.br\/#organization"},"potentialAction":[{"@type":"SearchAction","target":{"@type":"EntryPoint","urlTemplate":"https:\/\/jornalfatosenoticias.com.br\/?s={search_term_string}"},"query-input":{"@type":"PropertyValueSpecification","valueRequired":true,"valueName":"search_term_string"}}],"inLanguage":"pt-BR"},{"@type":"Organization","@id":"https:\/\/jornalfatosenoticias.com.br\/#organization","name":"Jornal Fatos e Not\u00edcias","url":"https:\/\/jornalfatosenoticias.com.br\/","logo":{"@type":"ImageObject","inLanguage":"pt-BR","@id":"https:\/\/jornalfatosenoticias.com.br\/#\/schema\/logo\/image\/","url":"https:\/\/jornalfatosenoticias.com.br\/wp-content\/uploads\/2020\/02\/logo120.png","contentUrl":"https:\/\/jornalfatosenoticias.com.br\/wp-content\/uploads\/2020\/02\/logo120.png","width":1227,"height":120,"caption":"Jornal Fatos e Not\u00edcias"},"image":{"@id":"https:\/\/jornalfatosenoticias.com.br\/#\/schema\/logo\/image\/"}},{"@type":"Person","@id":"https:\/\/jornalfatosenoticias.com.br\/#\/schema\/person\/d63837fa13ac8666eb9e74e0985d6f81","name":"Luzimara Fernandes","image":{"@type":"ImageObject","inLanguage":"pt-BR","@id":"https:\/\/jornalfatosenoticias.com.br\/#\/schema\/person\/image\/","url":"https:\/\/jornalfatosenoticias.com.br\/wp-content\/uploads\/2025\/05\/EU_portal.jpg","contentUrl":"https:\/\/jornalfatosenoticias.com.br\/wp-content\/uploads\/2025\/05\/EU_portal.jpg","caption":"Luzimara Fernandes"},"description":"Jornalista MTB 2358-ES","sameAs":["https:\/\/jornalfatosenoticias.com.br"],"url":"https:\/\/jornalfatosenoticias.com.br\/index.php\/author\/luzimara\/"}]}},"cc_featured_image_caption":{"caption_text":"(Imagem: Divulga\u00e7\u00e3o) ","source_text":"","source_url":""},"jetpack_featured_media_url":"https:\/\/jornalfatosenoticias.com.br\/wp-content\/uploads\/2024\/02\/neurofeedback.jpg","_links":{"self":[{"href":"https:\/\/jornalfatosenoticias.com.br\/index.php\/wp-json\/wp\/v2\/posts\/49528","targetHints":{"allow":["GET"]}}],"collection":[{"href":"https:\/\/jornalfatosenoticias.com.br\/index.php\/wp-json\/wp\/v2\/posts"}],"about":[{"href":"https:\/\/jornalfatosenoticias.com.br\/index.php\/wp-json\/wp\/v2\/types\/post"}],"author":[{"embeddable":true,"href":"https:\/\/jornalfatosenoticias.com.br\/index.php\/wp-json\/wp\/v2\/users\/2"}],"replies":[{"embeddable":true,"href":"https:\/\/jornalfatosenoticias.com.br\/index.php\/wp-json\/wp\/v2\/comments?post=49528"}],"version-history":[{"count":0,"href":"https:\/\/jornalfatosenoticias.com.br\/index.php\/wp-json\/wp\/v2\/posts\/49528\/revisions"}],"wp:featuredmedia":[{"embeddable":true,"href":"https:\/\/jornalfatosenoticias.com.br\/index.php\/wp-json\/wp\/v2\/media\/49529"}],"wp:attachment":[{"href":"https:\/\/jornalfatosenoticias.com.br\/index.php\/wp-json\/wp\/v2\/media?parent=49528"}],"wp:term":[{"taxonomy":"category","embeddable":true,"href":"https:\/\/jornalfatosenoticias.com.br\/index.php\/wp-json\/wp\/v2\/categories?post=49528"},{"taxonomy":"post_tag","embeddable":true,"href":"https:\/\/jornalfatosenoticias.com.br\/index.php\/wp-json\/wp\/v2\/tags?post=49528"}],"curies":[{"name":"wp","href":"https:\/\/api.w.org\/{rel}","templated":true}]}}