{"id":49531,"date":"2024-02-29T16:58:09","date_gmt":"2024-02-29T19:58:09","guid":{"rendered":"https:\/\/jornalfatosenoticias.com.br\/?p=49531"},"modified":"2024-02-29T16:58:10","modified_gmt":"2024-02-29T19:58:10","slug":"proposta-de-reforma-do-codigo-civil-copiar-colar-parte-ii","status":"publish","type":"post","link":"https:\/\/jornalfatosenoticias.com.br\/index.php\/2024\/02\/29\/proposta-de-reforma-do-codigo-civil-copiar-colar-parte-ii\/","title":{"rendered":"Proposta de Reforma do C\u00f3digo Civil, copiar\/colar? \u2014 Parte II"},"content":{"rendered":"\n<p><em><span class=\"has-inline-color has-black-color\">M\u00e3es v\u00e3o ser destitu\u00eddas do Poder Familiar e, consequentemente, podem ter seu nome retirado da Certid\u00e3o de Nascimento de seu filho ou filha<\/span><\/em><\/p>\n\n\n\n<div class=\"wp-block-image\"><figure class=\"aligncenter size-large\"><img loading=\"lazy\" decoding=\"async\" width=\"729\" height=\"90\" src=\"https:\/\/jornalfatosenoticias.com.br\/wp-content\/uploads\/2020\/02\/Logo_Mizu.png\" alt=\"\" class=\"wp-image-1441\" srcset=\"https:\/\/jornalfatosenoticias.com.br\/wp-content\/uploads\/2020\/02\/Logo_Mizu.png 729w, https:\/\/jornalfatosenoticias.com.br\/wp-content\/uploads\/2020\/02\/Logo_Mizu-300x37.png 300w\" sizes=\"auto, (max-width: 729px) 100vw, 729px\" \/><\/figure><\/div>\n\n\n\n<p>Volto a repetir, por que tanta raiva de m\u00e3e? A proposta transparece um claro desejo de massacrar, desqualificando a voz, depreciando a atitude protetora. A Maternidade \u00e9 atingida por uma estimativa de dano causado por uma pretensa viol\u00eancia psicol\u00f3gica. A viol\u00eancia dom\u00e9stica f\u00edsica e a viol\u00eancia sexual incestuosa recebem um cobertor que inverte v\u00edtima em algoz. E o algoz predador, que vira coitadinho, \u00e9 coroado com uma credibilidade que brota do nada.<br>N\u00e3o encontramos nem mesmo alguma preocupa\u00e7\u00e3o em rela\u00e7\u00e3o \u00e0 falta de bom senso que surgem em afirma\u00e7\u00f5es escritas como \u201cverdades te\u00f3ricas\u201d que n\u00e3o se acham nos livros. Carece de muita razoabilidade, princ\u00edpio fundamental \u00e0 Prote\u00e7\u00e3o Integral da Crian\u00e7a e do Adolescente.<br>Gostaria de pensar a presen\u00e7a t\u00e3o constante da ideia de compulsoriedade. Quantos pontos ditatoriais passam no texto, sem o menor problema em rela\u00e7\u00e3o \u00e0s Teorias do Desenvolvimento. <\/p>\n\n\n\n<div class=\"wp-block-image\"><figure class=\"aligncenter size-large is-resized\"><img loading=\"lazy\" decoding=\"async\" src=\"https:\/\/jornalfatosenoticias.com.br\/wp-content\/uploads\/2023\/03\/logo-Panper_portal.jpg\" alt=\"\" class=\"wp-image-40208\" width=\"347\" height=\"240\" srcset=\"https:\/\/jornalfatosenoticias.com.br\/wp-content\/uploads\/2023\/03\/logo-Panper_portal.jpg 400w, https:\/\/jornalfatosenoticias.com.br\/wp-content\/uploads\/2023\/03\/logo-Panper_portal-300x208.jpg 300w\" sizes=\"auto, (max-width: 347px) 100vw, 347px\" \/><\/figure><\/div>\n\n\n\n<p>A defesa dogm\u00e1tica de uma Guarda Compartilhada Compuls\u00f3ria\/Obrigat\u00f3ria, com nome novo para falar do mesmo, que divide o tempo, a vida da Crian\u00e7a e do Adolescente ao meio, atropela a Lei 14.713\/2023. Esta lei, j\u00e1 em vigor, determina a <span class=\"has-inline-color has-black-color\"><em><strong>Exce\u00e7\u00e3o<\/strong><\/em> <\/span>do tempo compartilhado quando h\u00e1 <em><span class=\"has-inline-color has-black-color\"><strong>suspeita, risco ou epis\u00f3dios acontecidos de viol\u00eancia f\u00edsica ou sexual contra a Crian\u00e7a ou Adolescente<\/strong><\/span><\/em>. Afinal, a <em><strong><span class=\"has-inline-color has-black-color\">PREVEN\u00c7\u00c3O<\/span><\/strong><\/em> pode evitar os traumas continuados e at\u00e9 evitar o assassinato de vulner\u00e1veis. <strong><span class=\"has-inline-color has-black-color\">O que ser\u00e1 feito da Lei 14.713\/2023? Perde a validade? Isso \u00e9 legal?<\/span><\/strong><\/p>\n\n\n\n<div class=\"wp-block-image\"><figure class=\"aligncenter size-large\"><img loading=\"lazy\" decoding=\"async\" width=\"612\" height=\"408\" src=\"https:\/\/jornalfatosenoticias.com.br\/wp-content\/uploads\/2024\/02\/Iencarelli1_gettyimages.jpg\" alt=\"\" class=\"wp-image-49533\" srcset=\"https:\/\/jornalfatosenoticias.com.br\/wp-content\/uploads\/2024\/02\/Iencarelli1_gettyimages.jpg 612w, https:\/\/jornalfatosenoticias.com.br\/wp-content\/uploads\/2024\/02\/Iencarelli1_gettyimages-300x200.jpg 300w\" sizes=\"auto, (max-width: 612px) 100vw, 612px\" \/><figcaption><em><span class=\"has-inline-color has-black-color\">(Foto: Getty Images)<\/span><\/em><\/figcaption><\/figure><\/div>\n\n\n\n<p>A Guarda Compartilhada, ali guarda de tempo dividido, rachado ao meio, ganhou maior notoriedade nessa proposta de reforma do C\u00f3digo Civil. \u00c9 evidente que se um casal se separa a situa\u00e7\u00e3o ideal para as Crian\u00e7as, principalmente as pequenas, \u00e9 que haja a perman\u00eancia da presen\u00e7a afetiva de ambos os genitores. Que seja compartilhada a <strong><span class=\"has-inline-color has-black-color\">Responsabilidade<\/span><\/strong>, que sejam compartilhados os <strong><span class=\"has-inline-color has-black-color\">Cuidados. Mas, Responsabilidade e Cuidados devem continuar.<\/span><\/strong> Este compartilhamento n\u00e3o pode surgir judicialmente por ocasi\u00e3o do t\u00e9rmino da rela\u00e7\u00e3o conjugal. Por que a justi\u00e7a s\u00f3 se interessa quando a rela\u00e7\u00e3o acabou? N\u00e3o h\u00e1 nenhum prop\u00f3sito judicial de fundar uma Cultura de Compartilhamento sempre, que acompanhe o crescimento da Crian\u00e7a.<\/p>\n\n\n\n<div class=\"wp-block-image\"><figure class=\"aligncenter size-large is-resized\"><img loading=\"lazy\" decoding=\"async\" src=\"https:\/\/jornalfatosenoticias.com.br\/wp-content\/uploads\/2023\/08\/ITH.jpeg\" alt=\"\" class=\"wp-image-44638\" width=\"303\" height=\"246\" srcset=\"https:\/\/jornalfatosenoticias.com.br\/wp-content\/uploads\/2023\/08\/ITH.jpeg 800w, https:\/\/jornalfatosenoticias.com.br\/wp-content\/uploads\/2023\/08\/ITH-300x244.jpeg 300w, https:\/\/jornalfatosenoticias.com.br\/wp-content\/uploads\/2023\/08\/ITH-768x624.jpeg 768w\" sizes=\"auto, (max-width: 303px) 100vw, 303px\" \/><\/figure><\/div>\n\n\n\n<p>No entanto, no momento da separa\u00e7\u00e3o, se a Mulher queixou de viol\u00eancia dom\u00e9stica contra ela, \u00e9 certo que a justi\u00e7a quer que ela n\u00e3o sinta nada pegando e entregando a Crian\u00e7a na casa de seu agressor. Tive oportunidade de ouvir em alguns casos ju\u00edzas determinarem que a m\u00e3e, muitas vezes com Medida Protetiva, \u00e9 que deve fazer essa entrega da Crian\u00e7a pessoalmente ao genitor. Justifica\u00e7\u00e3o: \u201c\u00e9 para a Crian\u00e7a pensar que os pais n\u00e3o brigam mais, que est\u00e1 tudo bem\u201d. Pergunto: \u00e9 para ensinar a Crian\u00e7a a enganar, a fazer de conta, a mentir?<\/p>\n\n\n\n<div class=\"wp-block-image\"><figure class=\"aligncenter size-large is-resized\"><img loading=\"lazy\" decoding=\"async\" src=\"https:\/\/jornalfatosenoticias.com.br\/wp-content\/uploads\/2020\/02\/CONTROL-CS.jpg\" alt=\"\" class=\"wp-image-44991\" width=\"290\" height=\"348\" srcset=\"https:\/\/jornalfatosenoticias.com.br\/wp-content\/uploads\/2020\/02\/CONTROL-CS.jpg 834w, https:\/\/jornalfatosenoticias.com.br\/wp-content\/uploads\/2020\/02\/CONTROL-CS-250x300.jpg 250w, https:\/\/jornalfatosenoticias.com.br\/wp-content\/uploads\/2020\/02\/CONTROL-CS-768x921.jpg 768w\" sizes=\"auto, (max-width: 290px) 100vw, 290px\" \/><\/figure><\/div>\n\n\n\n<p>Foi criado um mito de que ter duas casas \u00e9 ben\u00e9fico para a Crian\u00e7a. Onde est\u00e1 escrito e fundamentado, teoricamente, essa afirma\u00e7\u00e3o falaciosa. \u00c9 tudo que a crian\u00e7a n\u00e3o precisa \u00e9 ter uma cis\u00e3o no ambiente do seu entorno. Ter duas casas \u00e9 uma situa\u00e7\u00e3o esquizofrenizante para muitas Crian\u00e7as, e, para outras tantas, uma situa\u00e7\u00e3o de est\u00edmulo \u00e0 hiperatividade e ao d\u00e9ficit de aten\u00e7\u00e3o.<\/p>\n\n\n\n<div class=\"wp-block-image\"><figure class=\"aligncenter size-large\"><img loading=\"lazy\" decoding=\"async\" width=\"612\" height=\"407\" src=\"https:\/\/jornalfatosenoticias.com.br\/wp-content\/uploads\/2024\/02\/CRIANCA-TRISTE_gettyimages.jpg\" alt=\"\" class=\"wp-image-49532\" srcset=\"https:\/\/jornalfatosenoticias.com.br\/wp-content\/uploads\/2024\/02\/CRIANCA-TRISTE_gettyimages.jpg 612w, https:\/\/jornalfatosenoticias.com.br\/wp-content\/uploads\/2024\/02\/CRIANCA-TRISTE_gettyimages-300x200.jpg 300w\" sizes=\"auto, (max-width: 612px) 100vw, 612px\" \/><figcaption><em><span class=\"has-inline-color has-black-color\">(Foto: Getty Images)<\/span><\/em><\/figcaption><\/figure><\/div>\n\n\n\n<p>A Crian\u00e7a tem uma mente em organiza\u00e7\u00e3o permanente porque nascemos deficit\u00e1rios em muitos setores ps\u00edquicos. Portanto, n\u00e3o \u00e9 dif\u00edcil raciocinar sobre a necessidade de que seja mantido para ela um conjunto repetitivo, igual no cheiro, nos ru\u00eddos e sons ambientais, nos objetos e elementos visuais, para que ela, com esfor\u00e7o, consiga organizar o seu redor. Dobrar todos esses elementos \u00e9 sobrecarreg\u00e1-la, o que finda por um abandono que ela pratica sobre a organiza\u00e7\u00e3o do entorno que deveria processar. Piaget nos brindou com um excelente estudo sobre o processo de desenvolvimento cognitivo, essencial para a vida adulta saud\u00e1vel. N\u00e3o devemos ser inconsequentes ao for\u00e7ar uma Crian\u00e7a a um sistema diuturno que \u00e9 o dobro do que ela precisa para crescer saud\u00e1vel.<\/p>\n\n\n\n<div class=\"wp-block-image\"><figure class=\"aligncenter size-large is-resized\"><img loading=\"lazy\" decoding=\"async\" src=\"https:\/\/jornalfatosenoticias.com.br\/wp-content\/uploads\/2022\/02\/Precisao-Contabilidade-1024x724.jpg\" alt=\"\" class=\"wp-image-28088\" width=\"344\" height=\"243\"\/><\/figure><\/div>\n\n\n\n<p>Al\u00e9m da perda da Guarda da Crian\u00e7a, o que j\u00e1 \u00e9 ampla e levianamente praticado sob os ausp\u00edcios da lei de aliena\u00e7\u00e3o parental, que foi toda embutida nos artigos sugeridos nessa proposta de reforma, a raiva da m\u00e3e foi mais longe. Pelos artigos dessa proposta o genitor que afastar o outro genitor da conviv\u00eancia com o filho ou filha, tem como pena a destitui\u00e7\u00e3o do Poder Familiar, que tamb\u00e9m teve o nome trocado por Autoridade Parental.<\/p>\n\n\n\n<div class=\"wp-block-image\"><figure class=\"aligncenter size-large\"><img decoding=\"async\" src=\"https:\/\/jornalfatosenoticias.com.br\/wp-content\/uploads\/2020\/02\/barao-das-carnes-300x164-1.jpg\" alt=\"\" class=\"wp-image-34339\"\/><\/figure><\/div>\n\n\n\n<p>Sim. A destitui\u00e7\u00e3o do Poder Familiar ou, na moderniza\u00e7\u00e3o proposta, a destitui\u00e7\u00e3o da Autoridade Parental, sempre foi tida como medida extrema, dificilmente conseguida at\u00e9 nos casos evidentes de genitores de alta periculosidade para a Crian\u00e7a, passa a ser obtida mediante uma estimativa de dano psicol\u00f3gico causado por esse afastamento alegado. N\u00e3o h\u00e1 comprova\u00e7\u00e3o, ou seja, n\u00e3o \u00e9 preciso apresentar provas. Afinal a aliena\u00e7\u00e3o parental, o nome foi trocado aqui tamb\u00e9m para afastamento do outro genitor, n\u00e3o \u00e9 reconhecida por nenhuma Associa\u00e7\u00e3o de Psiquiatria, nem de Psicologia. A OMS tamb\u00e9m nunca reconheceu uma cientificidade. Mas por aqui, m\u00e3es v\u00e3o ser destitu\u00eddas do Poder Familiar e, consequentemente, podem ter seu nome retirado da Certid\u00e3o de Nascimento de seu filho ou filha.<br>Por que tanta raiva da Maternidade?<\/p>\n","protected":false},"excerpt":{"rendered":"<p>M\u00e3es v\u00e3o ser destitu\u00eddas do Poder Familiar e, consequentemente, podem ter seu nome retirado da Certid\u00e3o de Nascimento de seu filho ou filha Volto a repetir, por que tanta raiva de m\u00e3e? A proposta transparece um claro desejo de massacrar, desqualificando a voz, depreciando a atitude protetora. A Maternidade \u00e9 atingida por uma estimativa de [&hellip;]<\/p>\n","protected":false},"author":8,"featured_media":49534,"comment_status":"open","ping_status":"open","sticky":false,"template":"","format":"standard","meta":{"footnotes":""},"categories":[2522],"tags":[9054,22875,22932,22931],"class_list":["post-49531","post","type-post","status-publish","format-standard","has-post-thumbnail","hentry","category-comportamento","tag-certidao-de-nascimento","tag-codigo-civil","tag-poder-familiar","tag-reforma-do-codigo-civil"],"yoast_head":"<!-- This site is optimized with the Yoast SEO plugin v26.5 - https:\/\/yoast.com\/wordpress\/plugins\/seo\/ -->\n<title>Proposta de Reforma do C\u00f3digo Civil, copiar\/colar? \u2014 Parte II - Jornal Fatos e Not\u00edcias<\/title>\n<meta name=\"robots\" content=\"index, follow, max-snippet:-1, max-image-preview:large, max-video-preview:-1\" \/>\n<link rel=\"canonical\" href=\"https:\/\/jornalfatosenoticias.com.br\/index.php\/2024\/02\/29\/proposta-de-reforma-do-codigo-civil-copiar-colar-parte-ii\/\" \/>\n<meta property=\"og:locale\" content=\"pt_BR\" \/>\n<meta property=\"og:type\" content=\"article\" \/>\n<meta property=\"og:title\" content=\"Proposta de Reforma do C\u00f3digo Civil, copiar\/colar? \u2014 Parte II - Jornal Fatos e Not\u00edcias\" \/>\n<meta property=\"og:description\" content=\"M\u00e3es v\u00e3o ser destitu\u00eddas do Poder Familiar e, consequentemente, podem ter seu nome retirado da Certid\u00e3o de Nascimento de seu filho ou filha Volto a repetir, por que tanta raiva de m\u00e3e? A proposta transparece um claro desejo de massacrar, desqualificando a voz, depreciando a atitude protetora. A Maternidade \u00e9 atingida por uma estimativa de [&hellip;]\" \/>\n<meta property=\"og:url\" content=\"https:\/\/jornalfatosenoticias.com.br\/index.php\/2024\/02\/29\/proposta-de-reforma-do-codigo-civil-copiar-colar-parte-ii\/\" \/>\n<meta property=\"og:site_name\" content=\"Jornal Fatos e Not\u00edcias\" \/>\n<meta property=\"article:published_time\" content=\"2024-02-29T19:58:09+00:00\" \/>\n<meta property=\"article:modified_time\" content=\"2024-02-29T19:58:10+00:00\" \/>\n<meta property=\"og:image\" content=\"https:\/\/jornalfatosenoticias.com.br\/wp-content\/uploads\/2024\/02\/maes-e-justica_gettyimages.jpg\" \/>\n\t<meta property=\"og:image:width\" content=\"612\" \/>\n\t<meta property=\"og:image:height\" content=\"612\" \/>\n\t<meta property=\"og:image:type\" content=\"image\/jpeg\" \/>\n<meta name=\"author\" content=\"Ana Maria Iencarelli\" \/>\n<meta name=\"twitter:card\" content=\"summary_large_image\" \/>\n<meta name=\"twitter:label1\" content=\"Escrito por\" \/>\n\t<meta name=\"twitter:data1\" content=\"Ana Maria Iencarelli\" \/>\n\t<meta name=\"twitter:label2\" content=\"Est. tempo de leitura\" \/>\n\t<meta name=\"twitter:data2\" content=\"5 minutos\" \/>\n<script type=\"application\/ld+json\" class=\"yoast-schema-graph\">{\"@context\":\"https:\/\/schema.org\",\"@graph\":[{\"@type\":\"Article\",\"@id\":\"https:\/\/jornalfatosenoticias.com.br\/index.php\/2024\/02\/29\/proposta-de-reforma-do-codigo-civil-copiar-colar-parte-ii\/#article\",\"isPartOf\":{\"@id\":\"https:\/\/jornalfatosenoticias.com.br\/index.php\/2024\/02\/29\/proposta-de-reforma-do-codigo-civil-copiar-colar-parte-ii\/\"},\"author\":{\"name\":\"Ana Maria Iencarelli\",\"@id\":\"https:\/\/jornalfatosenoticias.com.br\/#\/schema\/person\/c33fcf5fb02d729d3fec92c6737a22d1\"},\"headline\":\"Proposta de Reforma do C\u00f3digo Civil, copiar\/colar? \u2014 Parte II\",\"datePublished\":\"2024-02-29T19:58:09+00:00\",\"dateModified\":\"2024-02-29T19:58:10+00:00\",\"mainEntityOfPage\":{\"@id\":\"https:\/\/jornalfatosenoticias.com.br\/index.php\/2024\/02\/29\/proposta-de-reforma-do-codigo-civil-copiar-colar-parte-ii\/\"},\"wordCount\":946,\"commentCount\":0,\"publisher\":{\"@id\":\"https:\/\/jornalfatosenoticias.com.br\/#organization\"},\"image\":{\"@id\":\"https:\/\/jornalfatosenoticias.com.br\/index.php\/2024\/02\/29\/proposta-de-reforma-do-codigo-civil-copiar-colar-parte-ii\/#primaryimage\"},\"thumbnailUrl\":\"https:\/\/jornalfatosenoticias.com.br\/wp-content\/uploads\/2024\/02\/maes-e-justica_gettyimages.jpg\",\"keywords\":[\"certid\u00e3o de nascimento\",\"C\u00f3digo Civil\",\"poder familiar\",\"Reforma do C\u00f3digo Civil\"],\"articleSection\":[\"Comportamento &amp; Equil\u00edbrio\"],\"inLanguage\":\"pt-BR\",\"potentialAction\":[{\"@type\":\"CommentAction\",\"name\":\"Comment\",\"target\":[\"https:\/\/jornalfatosenoticias.com.br\/index.php\/2024\/02\/29\/proposta-de-reforma-do-codigo-civil-copiar-colar-parte-ii\/#respond\"]}]},{\"@type\":\"WebPage\",\"@id\":\"https:\/\/jornalfatosenoticias.com.br\/index.php\/2024\/02\/29\/proposta-de-reforma-do-codigo-civil-copiar-colar-parte-ii\/\",\"url\":\"https:\/\/jornalfatosenoticias.com.br\/index.php\/2024\/02\/29\/proposta-de-reforma-do-codigo-civil-copiar-colar-parte-ii\/\",\"name\":\"Proposta de Reforma do C\u00f3digo Civil, copiar\/colar? \u2014 Parte II - Jornal Fatos e Not\u00edcias\",\"isPartOf\":{\"@id\":\"https:\/\/jornalfatosenoticias.com.br\/#website\"},\"primaryImageOfPage\":{\"@id\":\"https:\/\/jornalfatosenoticias.com.br\/index.php\/2024\/02\/29\/proposta-de-reforma-do-codigo-civil-copiar-colar-parte-ii\/#primaryimage\"},\"image\":{\"@id\":\"https:\/\/jornalfatosenoticias.com.br\/index.php\/2024\/02\/29\/proposta-de-reforma-do-codigo-civil-copiar-colar-parte-ii\/#primaryimage\"},\"thumbnailUrl\":\"https:\/\/jornalfatosenoticias.com.br\/wp-content\/uploads\/2024\/02\/maes-e-justica_gettyimages.jpg\",\"datePublished\":\"2024-02-29T19:58:09+00:00\",\"dateModified\":\"2024-02-29T19:58:10+00:00\",\"breadcrumb\":{\"@id\":\"https:\/\/jornalfatosenoticias.com.br\/index.php\/2024\/02\/29\/proposta-de-reforma-do-codigo-civil-copiar-colar-parte-ii\/#breadcrumb\"},\"inLanguage\":\"pt-BR\",\"potentialAction\":[{\"@type\":\"ReadAction\",\"target\":[\"https:\/\/jornalfatosenoticias.com.br\/index.php\/2024\/02\/29\/proposta-de-reforma-do-codigo-civil-copiar-colar-parte-ii\/\"]}]},{\"@type\":\"ImageObject\",\"inLanguage\":\"pt-BR\",\"@id\":\"https:\/\/jornalfatosenoticias.com.br\/index.php\/2024\/02\/29\/proposta-de-reforma-do-codigo-civil-copiar-colar-parte-ii\/#primaryimage\",\"url\":\"https:\/\/jornalfatosenoticias.com.br\/wp-content\/uploads\/2024\/02\/maes-e-justica_gettyimages.jpg\",\"contentUrl\":\"https:\/\/jornalfatosenoticias.com.br\/wp-content\/uploads\/2024\/02\/maes-e-justica_gettyimages.jpg\",\"width\":612,\"height\":612},{\"@type\":\"BreadcrumbList\",\"@id\":\"https:\/\/jornalfatosenoticias.com.br\/index.php\/2024\/02\/29\/proposta-de-reforma-do-codigo-civil-copiar-colar-parte-ii\/#breadcrumb\",\"itemListElement\":[{\"@type\":\"ListItem\",\"position\":1,\"name\":\"In\u00edcio\",\"item\":\"https:\/\/jornalfatosenoticias.com.br\/\"},{\"@type\":\"ListItem\",\"position\":2,\"name\":\"Proposta de Reforma do C\u00f3digo Civil, copiar\/colar? \u2014 Parte II\"}]},{\"@type\":\"WebSite\",\"@id\":\"https:\/\/jornalfatosenoticias.com.br\/#website\",\"url\":\"https:\/\/jornalfatosenoticias.com.br\/\",\"name\":\"Jornal Fatos e Not\u00edcias\",\"description\":\"Not\u00edcias em geral\",\"publisher\":{\"@id\":\"https:\/\/jornalfatosenoticias.com.br\/#organization\"},\"potentialAction\":[{\"@type\":\"SearchAction\",\"target\":{\"@type\":\"EntryPoint\",\"urlTemplate\":\"https:\/\/jornalfatosenoticias.com.br\/?s={search_term_string}\"},\"query-input\":{\"@type\":\"PropertyValueSpecification\",\"valueRequired\":true,\"valueName\":\"search_term_string\"}}],\"inLanguage\":\"pt-BR\"},{\"@type\":\"Organization\",\"@id\":\"https:\/\/jornalfatosenoticias.com.br\/#organization\",\"name\":\"Jornal Fatos e Not\u00edcias\",\"url\":\"https:\/\/jornalfatosenoticias.com.br\/\",\"logo\":{\"@type\":\"ImageObject\",\"inLanguage\":\"pt-BR\",\"@id\":\"https:\/\/jornalfatosenoticias.com.br\/#\/schema\/logo\/image\/\",\"url\":\"https:\/\/jornalfatosenoticias.com.br\/wp-content\/uploads\/2020\/02\/logo120.png\",\"contentUrl\":\"https:\/\/jornalfatosenoticias.com.br\/wp-content\/uploads\/2020\/02\/logo120.png\",\"width\":1227,\"height\":120,\"caption\":\"Jornal Fatos e Not\u00edcias\"},\"image\":{\"@id\":\"https:\/\/jornalfatosenoticias.com.br\/#\/schema\/logo\/image\/\"}},{\"@type\":\"Person\",\"@id\":\"https:\/\/jornalfatosenoticias.com.br\/#\/schema\/person\/c33fcf5fb02d729d3fec92c6737a22d1\",\"name\":\"Ana Maria Iencarelli\",\"image\":{\"@type\":\"ImageObject\",\"inLanguage\":\"pt-BR\",\"@id\":\"https:\/\/jornalfatosenoticias.com.br\/#\/schema\/person\/image\/\",\"url\":\"https:\/\/jornalfatosenoticias.com.br\/wp-content\/uploads\/2020\/02\/Ana-Maria-Iencarelli-1-150x150.jpg\",\"contentUrl\":\"https:\/\/jornalfatosenoticias.com.br\/wp-content\/uploads\/2020\/02\/Ana-Maria-Iencarelli-1-150x150.jpg\",\"caption\":\"Ana Maria Iencarelli\"},\"description\":\"Psicanalista Cl\u00ednica, especializada no atendimento a Crian\u00e7as e Adolescentes. Presidente da ONG Vozes de Anjos.\",\"url\":\"https:\/\/jornalfatosenoticias.com.br\/index.php\/author\/anamaria\/\"}]}<\/script>\n<!-- \/ Yoast SEO plugin. -->","yoast_head_json":{"title":"Proposta de Reforma do C\u00f3digo Civil, copiar\/colar? \u2014 Parte II - Jornal Fatos e Not\u00edcias","robots":{"index":"index","follow":"follow","max-snippet":"max-snippet:-1","max-image-preview":"max-image-preview:large","max-video-preview":"max-video-preview:-1"},"canonical":"https:\/\/jornalfatosenoticias.com.br\/index.php\/2024\/02\/29\/proposta-de-reforma-do-codigo-civil-copiar-colar-parte-ii\/","og_locale":"pt_BR","og_type":"article","og_title":"Proposta de Reforma do C\u00f3digo Civil, copiar\/colar? \u2014 Parte II - Jornal Fatos e Not\u00edcias","og_description":"M\u00e3es v\u00e3o ser destitu\u00eddas do Poder Familiar e, consequentemente, podem ter seu nome retirado da Certid\u00e3o de Nascimento de seu filho ou filha Volto a repetir, por que tanta raiva de m\u00e3e? A proposta transparece um claro desejo de massacrar, desqualificando a voz, depreciando a atitude protetora. A Maternidade \u00e9 atingida por uma estimativa de [&hellip;]","og_url":"https:\/\/jornalfatosenoticias.com.br\/index.php\/2024\/02\/29\/proposta-de-reforma-do-codigo-civil-copiar-colar-parte-ii\/","og_site_name":"Jornal Fatos e Not\u00edcias","article_published_time":"2024-02-29T19:58:09+00:00","article_modified_time":"2024-02-29T19:58:10+00:00","og_image":[{"width":612,"height":612,"url":"https:\/\/jornalfatosenoticias.com.br\/wp-content\/uploads\/2024\/02\/maes-e-justica_gettyimages.jpg","type":"image\/jpeg"}],"author":"Ana Maria Iencarelli","twitter_card":"summary_large_image","twitter_misc":{"Escrito por":"Ana Maria Iencarelli","Est. tempo de leitura":"5 minutos"},"schema":{"@context":"https:\/\/schema.org","@graph":[{"@type":"Article","@id":"https:\/\/jornalfatosenoticias.com.br\/index.php\/2024\/02\/29\/proposta-de-reforma-do-codigo-civil-copiar-colar-parte-ii\/#article","isPartOf":{"@id":"https:\/\/jornalfatosenoticias.com.br\/index.php\/2024\/02\/29\/proposta-de-reforma-do-codigo-civil-copiar-colar-parte-ii\/"},"author":{"name":"Ana Maria Iencarelli","@id":"https:\/\/jornalfatosenoticias.com.br\/#\/schema\/person\/c33fcf5fb02d729d3fec92c6737a22d1"},"headline":"Proposta de Reforma do C\u00f3digo Civil, copiar\/colar? \u2014 Parte II","datePublished":"2024-02-29T19:58:09+00:00","dateModified":"2024-02-29T19:58:10+00:00","mainEntityOfPage":{"@id":"https:\/\/jornalfatosenoticias.com.br\/index.php\/2024\/02\/29\/proposta-de-reforma-do-codigo-civil-copiar-colar-parte-ii\/"},"wordCount":946,"commentCount":0,"publisher":{"@id":"https:\/\/jornalfatosenoticias.com.br\/#organization"},"image":{"@id":"https:\/\/jornalfatosenoticias.com.br\/index.php\/2024\/02\/29\/proposta-de-reforma-do-codigo-civil-copiar-colar-parte-ii\/#primaryimage"},"thumbnailUrl":"https:\/\/jornalfatosenoticias.com.br\/wp-content\/uploads\/2024\/02\/maes-e-justica_gettyimages.jpg","keywords":["certid\u00e3o de nascimento","C\u00f3digo Civil","poder familiar","Reforma do C\u00f3digo Civil"],"articleSection":["Comportamento &amp; Equil\u00edbrio"],"inLanguage":"pt-BR","potentialAction":[{"@type":"CommentAction","name":"Comment","target":["https:\/\/jornalfatosenoticias.com.br\/index.php\/2024\/02\/29\/proposta-de-reforma-do-codigo-civil-copiar-colar-parte-ii\/#respond"]}]},{"@type":"WebPage","@id":"https:\/\/jornalfatosenoticias.com.br\/index.php\/2024\/02\/29\/proposta-de-reforma-do-codigo-civil-copiar-colar-parte-ii\/","url":"https:\/\/jornalfatosenoticias.com.br\/index.php\/2024\/02\/29\/proposta-de-reforma-do-codigo-civil-copiar-colar-parte-ii\/","name":"Proposta de Reforma do C\u00f3digo Civil, copiar\/colar? \u2014 Parte II - Jornal Fatos e Not\u00edcias","isPartOf":{"@id":"https:\/\/jornalfatosenoticias.com.br\/#website"},"primaryImageOfPage":{"@id":"https:\/\/jornalfatosenoticias.com.br\/index.php\/2024\/02\/29\/proposta-de-reforma-do-codigo-civil-copiar-colar-parte-ii\/#primaryimage"},"image":{"@id":"https:\/\/jornalfatosenoticias.com.br\/index.php\/2024\/02\/29\/proposta-de-reforma-do-codigo-civil-copiar-colar-parte-ii\/#primaryimage"},"thumbnailUrl":"https:\/\/jornalfatosenoticias.com.br\/wp-content\/uploads\/2024\/02\/maes-e-justica_gettyimages.jpg","datePublished":"2024-02-29T19:58:09+00:00","dateModified":"2024-02-29T19:58:10+00:00","breadcrumb":{"@id":"https:\/\/jornalfatosenoticias.com.br\/index.php\/2024\/02\/29\/proposta-de-reforma-do-codigo-civil-copiar-colar-parte-ii\/#breadcrumb"},"inLanguage":"pt-BR","potentialAction":[{"@type":"ReadAction","target":["https:\/\/jornalfatosenoticias.com.br\/index.php\/2024\/02\/29\/proposta-de-reforma-do-codigo-civil-copiar-colar-parte-ii\/"]}]},{"@type":"ImageObject","inLanguage":"pt-BR","@id":"https:\/\/jornalfatosenoticias.com.br\/index.php\/2024\/02\/29\/proposta-de-reforma-do-codigo-civil-copiar-colar-parte-ii\/#primaryimage","url":"https:\/\/jornalfatosenoticias.com.br\/wp-content\/uploads\/2024\/02\/maes-e-justica_gettyimages.jpg","contentUrl":"https:\/\/jornalfatosenoticias.com.br\/wp-content\/uploads\/2024\/02\/maes-e-justica_gettyimages.jpg","width":612,"height":612},{"@type":"BreadcrumbList","@id":"https:\/\/jornalfatosenoticias.com.br\/index.php\/2024\/02\/29\/proposta-de-reforma-do-codigo-civil-copiar-colar-parte-ii\/#breadcrumb","itemListElement":[{"@type":"ListItem","position":1,"name":"In\u00edcio","item":"https:\/\/jornalfatosenoticias.com.br\/"},{"@type":"ListItem","position":2,"name":"Proposta de Reforma do C\u00f3digo Civil, copiar\/colar? \u2014 Parte II"}]},{"@type":"WebSite","@id":"https:\/\/jornalfatosenoticias.com.br\/#website","url":"https:\/\/jornalfatosenoticias.com.br\/","name":"Jornal Fatos e Not\u00edcias","description":"Not\u00edcias em geral","publisher":{"@id":"https:\/\/jornalfatosenoticias.com.br\/#organization"},"potentialAction":[{"@type":"SearchAction","target":{"@type":"EntryPoint","urlTemplate":"https:\/\/jornalfatosenoticias.com.br\/?s={search_term_string}"},"query-input":{"@type":"PropertyValueSpecification","valueRequired":true,"valueName":"search_term_string"}}],"inLanguage":"pt-BR"},{"@type":"Organization","@id":"https:\/\/jornalfatosenoticias.com.br\/#organization","name":"Jornal Fatos e Not\u00edcias","url":"https:\/\/jornalfatosenoticias.com.br\/","logo":{"@type":"ImageObject","inLanguage":"pt-BR","@id":"https:\/\/jornalfatosenoticias.com.br\/#\/schema\/logo\/image\/","url":"https:\/\/jornalfatosenoticias.com.br\/wp-content\/uploads\/2020\/02\/logo120.png","contentUrl":"https:\/\/jornalfatosenoticias.com.br\/wp-content\/uploads\/2020\/02\/logo120.png","width":1227,"height":120,"caption":"Jornal Fatos e Not\u00edcias"},"image":{"@id":"https:\/\/jornalfatosenoticias.com.br\/#\/schema\/logo\/image\/"}},{"@type":"Person","@id":"https:\/\/jornalfatosenoticias.com.br\/#\/schema\/person\/c33fcf5fb02d729d3fec92c6737a22d1","name":"Ana Maria Iencarelli","image":{"@type":"ImageObject","inLanguage":"pt-BR","@id":"https:\/\/jornalfatosenoticias.com.br\/#\/schema\/person\/image\/","url":"https:\/\/jornalfatosenoticias.com.br\/wp-content\/uploads\/2020\/02\/Ana-Maria-Iencarelli-1-150x150.jpg","contentUrl":"https:\/\/jornalfatosenoticias.com.br\/wp-content\/uploads\/2020\/02\/Ana-Maria-Iencarelli-1-150x150.jpg","caption":"Ana Maria Iencarelli"},"description":"Psicanalista Cl\u00ednica, especializada no atendimento a Crian\u00e7as e Adolescentes. Presidente da ONG Vozes de Anjos.","url":"https:\/\/jornalfatosenoticias.com.br\/index.php\/author\/anamaria\/"}]}},"cc_featured_image_caption":{"caption_text":"(Foto: Getty Images) ","source_text":"","source_url":""},"jetpack_featured_media_url":"https:\/\/jornalfatosenoticias.com.br\/wp-content\/uploads\/2024\/02\/maes-e-justica_gettyimages.jpg","_links":{"self":[{"href":"https:\/\/jornalfatosenoticias.com.br\/index.php\/wp-json\/wp\/v2\/posts\/49531","targetHints":{"allow":["GET"]}}],"collection":[{"href":"https:\/\/jornalfatosenoticias.com.br\/index.php\/wp-json\/wp\/v2\/posts"}],"about":[{"href":"https:\/\/jornalfatosenoticias.com.br\/index.php\/wp-json\/wp\/v2\/types\/post"}],"author":[{"embeddable":true,"href":"https:\/\/jornalfatosenoticias.com.br\/index.php\/wp-json\/wp\/v2\/users\/8"}],"replies":[{"embeddable":true,"href":"https:\/\/jornalfatosenoticias.com.br\/index.php\/wp-json\/wp\/v2\/comments?post=49531"}],"version-history":[{"count":0,"href":"https:\/\/jornalfatosenoticias.com.br\/index.php\/wp-json\/wp\/v2\/posts\/49531\/revisions"}],"wp:featuredmedia":[{"embeddable":true,"href":"https:\/\/jornalfatosenoticias.com.br\/index.php\/wp-json\/wp\/v2\/media\/49534"}],"wp:attachment":[{"href":"https:\/\/jornalfatosenoticias.com.br\/index.php\/wp-json\/wp\/v2\/media?parent=49531"}],"wp:term":[{"taxonomy":"category","embeddable":true,"href":"https:\/\/jornalfatosenoticias.com.br\/index.php\/wp-json\/wp\/v2\/categories?post=49531"},{"taxonomy":"post_tag","embeddable":true,"href":"https:\/\/jornalfatosenoticias.com.br\/index.php\/wp-json\/wp\/v2\/tags?post=49531"}],"curies":[{"name":"wp","href":"https:\/\/api.w.org\/{rel}","templated":true}]}}