{"id":49542,"date":"2024-02-29T17:21:57","date_gmt":"2024-02-29T20:21:57","guid":{"rendered":"https:\/\/jornalfatosenoticias.com.br\/?p=49542"},"modified":"2024-02-29T17:21:58","modified_gmt":"2024-02-29T20:21:58","slug":"o-que-fundao-pode-esperar-da-cesan","status":"publish","type":"post","link":"https:\/\/jornalfatosenoticias.com.br\/index.php\/2024\/02\/29\/o-que-fundao-pode-esperar-da-cesan\/","title":{"rendered":"O que Fund\u00e3o pode esperar da Cesan?"},"content":{"rendered":"\n<div class=\"wp-block-image\"><figure class=\"aligncenter size-large\"><img loading=\"lazy\" decoding=\"async\" width=\"729\" height=\"90\" src=\"https:\/\/jornalfatosenoticias.com.br\/wp-content\/uploads\/2020\/02\/Logo_Mizu.png\" alt=\"\" class=\"wp-image-1441\" srcset=\"https:\/\/jornalfatosenoticias.com.br\/wp-content\/uploads\/2020\/02\/Logo_Mizu.png 729w, https:\/\/jornalfatosenoticias.com.br\/wp-content\/uploads\/2020\/02\/Logo_Mizu-300x37.png 300w\" sizes=\"auto, (max-width: 729px) 100vw, 729px\" \/><\/figure><\/div>\n\n\n\n<p>Mudan\u00e7as bruscas no meio ambiente ocorrem pelas a\u00e7\u00f5es diretas do homem ou por acontecimentos naturais. Dentre elas, podemos citar como principais polui\u00e7\u00f5es como atmosf\u00e9rica, do solo, sonora e visual e, por \u00faltimo, a que considero a pior: a polui\u00e7\u00e3o das \u00e1guas, provocada pontualmente pela falta de investimentos no Saneamento B\u00e1sico, que traz uma s\u00e9rie de preju\u00edzos para o Pa\u00eds e a popula\u00e7\u00e3o, em especial, a mais vulner\u00e1vel.<br>Segundo o Instituto Trata Brasil, em 2021, ainda no governo de Jair Bolsonaro, o Brasil investiu mais de 17,33 bilh\u00f5es de reais em saneamento b\u00e1sico, no entanto, ainda temos quase 100 milh\u00f5es de brasileiros sem acesso \u00e0 \u00e1gua tratada e \u00e0 coleta de esgoto. Por anos, agredimos nossos espelhos d\u2019\u00e1gua como rios, mares, lagoas, nascentes entre outros. Res\u00edduos dom\u00e9sticos e industriais s\u00e3o despejados em nosso meio ambiente sem nenhuma interfer\u00eancia do poder p\u00fablico.<\/p>\n\n\n\n<div class=\"wp-block-image\"><figure class=\"aligncenter size-large\"><img loading=\"lazy\" decoding=\"async\" width=\"768\" height=\"492\" src=\"https:\/\/jornalfatosenoticias.com.br\/wp-content\/uploads\/2024\/02\/Esgoto-Laggoa-de-Juara-563.jpg\" alt=\"\" class=\"wp-image-49543\" srcset=\"https:\/\/jornalfatosenoticias.com.br\/wp-content\/uploads\/2024\/02\/Esgoto-Laggoa-de-Juara-563.jpg 768w, https:\/\/jornalfatosenoticias.com.br\/wp-content\/uploads\/2024\/02\/Esgoto-Laggoa-de-Juara-563-300x192.jpg 300w\" sizes=\"auto, (max-width: 768px) 100vw, 768px\" \/><figcaption><em><span class=\"has-inline-color has-black-color\">(Foto: Reprodu\u00e7\u00e3o)<\/span><\/em><\/figcaption><\/figure><\/div>\n\n\n\n<p>Aqui, no Esp\u00edrito Santo, somos obrigados a pagar caro pelo \u2018desservi\u00e7o\u2019 prestado pela Companhia Esp\u00edrito-Santense de Saneamento (Cesan) que, estrategicamente, terceiriza o servi\u00e7o de coleta e de destino apropriado ao esgoto da popula\u00e7\u00e3o dos munic\u00edpios onde tem contrato, tentando se isentar de suas obriga\u00e7\u00f5es contratuais.<\/p>\n\n\n\n<div class=\"wp-block-image\"><figure class=\"aligncenter size-large is-resized\"><img loading=\"lazy\" decoding=\"async\" src=\"https:\/\/jornalfatosenoticias.com.br\/wp-content\/uploads\/2023\/08\/BKR-1024x1021.jpg\" alt=\"\" class=\"wp-image-44494\" width=\"305\" height=\"304\" srcset=\"https:\/\/jornalfatosenoticias.com.br\/wp-content\/uploads\/2023\/08\/BKR-1024x1021.jpg 1024w, https:\/\/jornalfatosenoticias.com.br\/wp-content\/uploads\/2023\/08\/BKR-300x300.jpg 300w, https:\/\/jornalfatosenoticias.com.br\/wp-content\/uploads\/2023\/08\/BKR-150x150.jpg 150w, https:\/\/jornalfatosenoticias.com.br\/wp-content\/uploads\/2023\/08\/BKR-768x766.jpg 768w, https:\/\/jornalfatosenoticias.com.br\/wp-content\/uploads\/2023\/08\/BKR.jpg 1080w\" sizes=\"auto, (max-width: 305px) 100vw, 305px\" \/><\/figure><\/div>\n\n\n\n<p>Na Serra, a concession\u00e1ria \u2014 que tem o Estado como acionista controlador \u2014 possui 21 Esta\u00e7\u00f5es de Tratamento de Esgoto (ETEs) e apenas a de Manguinhos opera em conformidade com os padr\u00f5es de tratamento determinados nas normas legais. As outras 20, n\u00e3o possuem a efici\u00eancia necess\u00e1ria, inclusive, pasmem, existem ETEs no munic\u00edpio em que o esgoto sai mais sujo do que entra, ou seja, o tratamento est\u00e1 t\u00e3o saturado, t\u00e3o obsoleto e inadequado, que as esta\u00e7\u00f5es de tratamento est\u00e3o sujando o esgoto e lan\u00e7ando essas \u00e1guas contaminadas nos mananciais, rios e lagoas do munic\u00edpio, sem nenhuma previs\u00e3o a m\u00e9dio prazo de melhoria.<\/p>\n\n\n\n<div class=\"wp-block-image\"><figure class=\"aligncenter size-large is-resized\"><img loading=\"lazy\" decoding=\"async\" src=\"https:\/\/jornalfatosenoticias.com.br\/wp-content\/uploads\/2023\/12\/pegoretti-logo-pdf-1024x389.jpg\" alt=\"\" class=\"wp-image-47536\" width=\"493\" height=\"187\" srcset=\"https:\/\/jornalfatosenoticias.com.br\/wp-content\/uploads\/2023\/12\/pegoretti-logo-pdf-1024x389.jpg 1024w, https:\/\/jornalfatosenoticias.com.br\/wp-content\/uploads\/2023\/12\/pegoretti-logo-pdf-300x114.jpg 300w, https:\/\/jornalfatosenoticias.com.br\/wp-content\/uploads\/2023\/12\/pegoretti-logo-pdf-768x291.jpg 768w, https:\/\/jornalfatosenoticias.com.br\/wp-content\/uploads\/2023\/12\/pegoretti-logo-pdf.jpg 1120w\" sizes=\"auto, (max-width: 493px) 100vw, 493px\" \/><\/figure><\/div>\n\n\n\n<div class=\"wp-block-image\"><figure class=\"aligncenter size-large\"><img loading=\"lazy\" decoding=\"async\" width=\"1000\" height=\"620\" src=\"https:\/\/jornalfatosenoticias.com.br\/wp-content\/uploads\/2024\/02\/rio-fundao-1000x620-1.jpg\" alt=\"\" class=\"wp-image-49544\" srcset=\"https:\/\/jornalfatosenoticias.com.br\/wp-content\/uploads\/2024\/02\/rio-fundao-1000x620-1.jpg 1000w, https:\/\/jornalfatosenoticias.com.br\/wp-content\/uploads\/2024\/02\/rio-fundao-1000x620-1-300x186.jpg 300w, https:\/\/jornalfatosenoticias.com.br\/wp-content\/uploads\/2024\/02\/rio-fundao-1000x620-1-768x476.jpg 768w\" sizes=\"auto, (max-width: 1000px) 100vw, 1000px\" \/><figcaption><em><span class=\"has-inline-color has-black-color\">Rio Fund\u00e3o recebendo esgoto (Foto: Haroldo Filho\/F&amp;N)<\/span><\/em><\/figcaption><\/figure><\/div>\n\n\n\n<p>Para se ter uma ideia da gravidade, s\u00e3o lan\u00e7ados, diariamente, na natureza, cerca de 40 milh\u00f5es de litros de esgoto com tratamento prec\u00e1rio somente no munic\u00edpio da Serra e isso \u00e9 o suficiente para a popula\u00e7\u00e3o de Fund\u00e3o ficar atenta, uma vez que a concession\u00e1ria estatal j\u00e1 adquiriu a \u00e1rea para a constru\u00e7\u00e3o da ETE, popularmente conhecida como \u201cpenic\u00e3o\u201d. Certamente, Fund\u00e3o ser\u00e1 mais um ber\u00e7\u00e1rio de mosquitos e lan\u00e7ador de odores.<\/p>\n\n\n\n<div class=\"wp-block-image\"><figure class=\"aligncenter size-large is-resized\"><img loading=\"lazy\" decoding=\"async\" src=\"https:\/\/jornalfatosenoticias.com.br\/wp-content\/uploads\/2023\/03\/logo-Panper_portal.jpg\" alt=\"\" class=\"wp-image-40208\" width=\"345\" height=\"239\" srcset=\"https:\/\/jornalfatosenoticias.com.br\/wp-content\/uploads\/2023\/03\/logo-Panper_portal.jpg 400w, https:\/\/jornalfatosenoticias.com.br\/wp-content\/uploads\/2023\/03\/logo-Panper_portal-300x208.jpg 300w\" sizes=\"auto, (max-width: 345px) 100vw, 345px\" \/><\/figure><\/div>\n\n\n\n<p>Procurado pela reportagem do <strong><span class=\"has-inline-color has-black-color\">Fatos &amp; Not\u00edcias,<\/span><\/strong> o ativista ambiental Eraylton Moreschi, presidente da ONG Juntos SOS ES Ambiental, explicou, por telefone, que, na quinta-feira passada (22), presenciou mais um transbordo duplo de esgoto na esta\u00e7\u00e3o elevat\u00f3ria da companhia na Ilha do Boi, diretamente para as \u00e1guas da Ba\u00eda das Tartarugas e garantiu que a Cesan n\u00e3o investe, mas gosta de receber. <\/p>\n\n\n\n<div class=\"wp-block-image\"><figure class=\"aligncenter size-large\"><img loading=\"lazy\" decoding=\"async\" width=\"300\" height=\"250\" src=\"https:\/\/jornalfatosenoticias.com.br\/wp-content\/uploads\/2022\/02\/FERRARI_MAQUINAS-E-FERRAMENTAS2.jpg\" alt=\"\" class=\"wp-image-27860\"\/><\/figure><\/div>\n\n\n\n<blockquote class=\"wp-block-quote is-layout-flow wp-block-quote-is-layout-flow\"><p><span class=\"has-inline-color has-luminous-vivid-orange-color\">A Cesan n\u00e3o investe na moderniza\u00e7\u00e3o de seu sistema que \u00e9 obsoleta e ultrapassada, n\u00e3o faz atualiza\u00e7\u00e3o e muito menos d\u00e1 manuten\u00e7\u00e3o preventiva adequada, ou seja, gosta mesmo \u00e9 de receber, n\u00e3o faz quest\u00e3o nenhuma de investir em servi\u00e7os de qualidade para a sociedade capixaba. Posso dizer, com toda propriedade, que o maior poluidor dos espelhos d\u2019\u00e1gua capixaba chama-se Cesan\u201d, denuncia o ambientalista.<\/span><\/p><\/blockquote>\n\n\n\n<div class=\"wp-block-image\"><figure class=\"aligncenter size-large\"><img loading=\"lazy\" decoding=\"async\" width=\"1000\" height=\"558\" src=\"https:\/\/jornalfatosenoticias.com.br\/wp-content\/uploads\/2024\/02\/Bomba-cesan-sem-ffuncionamento-Jardim-Bela-Vista-Serra.jpg\" alt=\"\" class=\"wp-image-49545\" srcset=\"https:\/\/jornalfatosenoticias.com.br\/wp-content\/uploads\/2024\/02\/Bomba-cesan-sem-ffuncionamento-Jardim-Bela-Vista-Serra.jpg 1000w, https:\/\/jornalfatosenoticias.com.br\/wp-content\/uploads\/2024\/02\/Bomba-cesan-sem-ffuncionamento-Jardim-Bela-Vista-Serra-300x167.jpg 300w, https:\/\/jornalfatosenoticias.com.br\/wp-content\/uploads\/2024\/02\/Bomba-cesan-sem-ffuncionamento-Jardim-Bela-Vista-Serra-768x429.jpg 768w\" sizes=\"auto, (max-width: 1000px) 100vw, 1000px\" \/><figcaption><em><span class=\"has-inline-color has-black-color\">Bomba Cesan sem funcionamento Jardim Bela Vista Serra (Foto: Arquivo)<\/span><\/em><\/figcaption><\/figure><\/div>\n\n\n\n<p>Vejam, somente no ano passado a Secretaria de Meio Ambiente da Serra multou a Cesan e a empresa terceirizada, Ambiental Serra, em quase R$ 10 milh\u00f5es. Todavia, a Cesan n\u00e3o paga e a terceirizada recorre \u00e0 justi\u00e7a comum. In\u00fameras den\u00fancias s\u00e3o feitas aos \u00f3rg\u00e3os de controle, por\u00e9m sem nenhuma a\u00e7\u00e3o efetiva.<br>Portanto, fa\u00e7o aqui um alerta \u00e0 popula\u00e7\u00e3o de Fund\u00e3o para exigir mais empenho dos poderes Executivo e Legislativo do munic\u00edpio, uma vez que, pela inefici\u00eancia e falta de uma fiscaliza\u00e7\u00e3o punitiva, as coisas tendem a se agravar.<\/p>\n\n\n\n<div class=\"wp-block-image\"><figure class=\"aligncenter size-large is-resized\"><img loading=\"lazy\" decoding=\"async\" src=\"https:\/\/jornalfatosenoticias.com.br\/wp-content\/uploads\/2023\/08\/ITH.jpeg\" alt=\"\" class=\"wp-image-44638\" width=\"323\" height=\"262\" srcset=\"https:\/\/jornalfatosenoticias.com.br\/wp-content\/uploads\/2023\/08\/ITH.jpeg 800w, https:\/\/jornalfatosenoticias.com.br\/wp-content\/uploads\/2023\/08\/ITH-300x244.jpeg 300w, https:\/\/jornalfatosenoticias.com.br\/wp-content\/uploads\/2023\/08\/ITH-768x624.jpeg 768w\" sizes=\"auto, (max-width: 323px) 100vw, 323px\" \/><\/figure><\/div>\n\n\n\n<p>Chamo aten\u00e7\u00e3o da popula\u00e7\u00e3o e autoridades do munic\u00edpio fund\u00e3oense que, assim como em outros munic\u00edpios capixabas, n\u00e3o podemos esperar nada diferente, tendo em vista que, estrategicamente, o contrato com a Cesan teria sido apresentado aos vereadores nos acr\u00e9scimos do segundo tempo. Isso \u00e9 um complicador pois, sem o devido conhecimento t\u00e9cnico e, muito menos, tempo para consultar profissionais da \u00e1rea, o contrato teria sido assinado, colocando os mun\u00edcipes numa verdadeira teia contratual.<\/p>\n\n\n\n<div class=\"wp-block-image\"><figure class=\"aligncenter size-large is-resized\"><img loading=\"lazy\" decoding=\"async\" src=\"https:\/\/jornalfatosenoticias.com.br\/wp-content\/uploads\/2020\/02\/CONTROL-CS.jpg\" alt=\"\" class=\"wp-image-44991\" width=\"335\" height=\"401\" srcset=\"https:\/\/jornalfatosenoticias.com.br\/wp-content\/uploads\/2020\/02\/CONTROL-CS.jpg 834w, https:\/\/jornalfatosenoticias.com.br\/wp-content\/uploads\/2020\/02\/CONTROL-CS-250x300.jpg 250w, https:\/\/jornalfatosenoticias.com.br\/wp-content\/uploads\/2020\/02\/CONTROL-CS-768x921.jpg 768w\" sizes=\"auto, (max-width: 335px) 100vw, 335px\" \/><\/figure><\/div>\n\n\n\n<p>Como estamos em ano eleitoral, procuramos alguns pr\u00e9-candidatos a prefeito pelo munic\u00edpio de Fund\u00e3o a se manifestarem diante de tal problema com o seguinte questionamento: \u2018A Cesan \u00e9 uma companhia que j\u00e1 provou ser incapaz de cumprir com os seus deveres, sendo uma grande poluidora dos espelhos d\u2019\u00e1gua capixabas. A partir dessa constata\u00e7\u00e3o, quais a\u00e7\u00f5es seriam tomadas pelo senhor(a) para que n\u00e3o ocorra o mesmo no munic\u00edpio de Fund\u00e3o, caso seja eleito(a) ou reeleito?\u2019. At\u00e9 o fechamento da mat\u00e9ria apenas a pr\u00e9-candidata pelo Partido Liberal (PL), Suzana Guimar\u00e3es, respondeu ao questionamento.<\/p>\n\n\n\n<div class=\"wp-block-image\"><figure class=\"aligncenter size-large is-resized\"><img loading=\"lazy\" decoding=\"async\" src=\"https:\/\/jornalfatosenoticias.com.br\/wp-content\/uploads\/2023\/09\/vetorvix1024_1.jpg\" alt=\"\" class=\"wp-image-44868\" width=\"471\" height=\"125\" srcset=\"https:\/\/jornalfatosenoticias.com.br\/wp-content\/uploads\/2023\/09\/vetorvix1024_1.jpg 1024w, https:\/\/jornalfatosenoticias.com.br\/wp-content\/uploads\/2023\/09\/vetorvix1024_1-300x80.jpg 300w, https:\/\/jornalfatosenoticias.com.br\/wp-content\/uploads\/2023\/09\/vetorvix1024_1-768x205.jpg 768w\" sizes=\"auto, (max-width: 471px) 100vw, 471px\" \/><\/figure><\/div>\n\n\n\n<div class=\"wp-block-image\"><figure class=\"aligncenter size-large\"><img loading=\"lazy\" decoding=\"async\" width=\"1000\" height=\"750\" src=\"https:\/\/jornalfatosenoticias.com.br\/wp-content\/uploads\/2024\/02\/suzana.jpg\" alt=\"\" class=\"wp-image-49546\" srcset=\"https:\/\/jornalfatosenoticias.com.br\/wp-content\/uploads\/2024\/02\/suzana.jpg 1000w, https:\/\/jornalfatosenoticias.com.br\/wp-content\/uploads\/2024\/02\/suzana-300x225.jpg 300w, https:\/\/jornalfatosenoticias.com.br\/wp-content\/uploads\/2024\/02\/suzana-768x576.jpg 768w\" sizes=\"auto, (max-width: 1000px) 100vw, 1000px\" \/><figcaption><em><span class=\"has-inline-color has-black-color\">Pr\u00e9-candidata pelo PL, Suzana Guimar\u00e3es (Foto: Haroldo Filho\/F&amp;N)<\/span><\/em><\/figcaption><\/figure><\/div>\n\n\n\n<blockquote class=\"wp-block-quote is-layout-flow wp-block-quote-is-layout-flow\"><p><span class=\"has-inline-color has-luminous-vivid-orange-color\">O PL, atrav\u00e9s do nosso presidente Jair Bolsonaro, nos ensinou o que \u00e9 gest\u00e3o p\u00fablica. Entendo que \u00e9 obriga\u00e7\u00e3o do munic\u00edpio fiscalizar e cobrar o cumprimento de todos os contratos. O contrato com a Cesan \u00e9 de 30 anos e j\u00e1 se passaram alguns anos. Quando as partes cumprem as cl\u00e1usulas quem ganha \u00e9 a popula\u00e7\u00e3o. Atualmente, Fund\u00e3o s\u00f3 tem 5% do esgoto com destina\u00e7\u00e3o adequada, o resto \u00e9 despejado nos rios Reis Magos e Fund\u00e3o. Chamo aten\u00e7\u00e3o da C\u00e2mara de Vereadores que precisa ter uma participa\u00e7\u00e3o mais efetiva nesse processo\u201d, destaca Suzana.<\/span><\/p><\/blockquote>\n\n\n\n<div class=\"wp-block-image\"><figure class=\"aligncenter size-large is-resized\"><img loading=\"lazy\" decoding=\"async\" src=\"https:\/\/jornalfatosenoticias.com.br\/wp-content\/uploads\/2024\/01\/consultoria-ambiental.jpg\" alt=\"\" class=\"wp-image-48314\" width=\"325\" height=\"294\" srcset=\"https:\/\/jornalfatosenoticias.com.br\/wp-content\/uploads\/2024\/01\/consultoria-ambiental.jpg 832w, https:\/\/jornalfatosenoticias.com.br\/wp-content\/uploads\/2024\/01\/consultoria-ambiental-300x272.jpg 300w, https:\/\/jornalfatosenoticias.com.br\/wp-content\/uploads\/2024\/01\/consultoria-ambiental-768x696.jpg 768w\" sizes=\"auto, (max-width: 325px) 100vw, 325px\" \/><\/figure><\/div>\n","protected":false},"excerpt":{"rendered":"<p>Mudan\u00e7as bruscas no meio ambiente ocorrem pelas a\u00e7\u00f5es diretas do homem ou por acontecimentos naturais. Dentre elas, podemos citar como principais polui\u00e7\u00f5es como atmosf\u00e9rica, do solo, sonora e visual e, por \u00faltimo, a que considero a pior: a polui\u00e7\u00e3o das \u00e1guas, provocada pontualmente pela falta de investimentos no Saneamento B\u00e1sico, que traz uma s\u00e9rie de [&hellip;]<\/p>\n","protected":false},"author":3,"featured_media":49546,"comment_status":"open","ping_status":"open","sticky":false,"template":"","format":"standard","meta":{"footnotes":""},"categories":[5],"tags":[2135,3927,560,1166],"class_list":["post-49542","post","type-post","status-publish","format-standard","has-post-thumbnail","hentry","category-geral","tag-cesan","tag-esgoto","tag-fundao","tag-saneamento-basico"],"yoast_head":"<!-- This site is optimized with the Yoast SEO plugin v26.5 - https:\/\/yoast.com\/wordpress\/plugins\/seo\/ -->\n<title>O que Fund\u00e3o pode esperar da Cesan? - Jornal Fatos e Not\u00edcias<\/title>\n<meta name=\"robots\" content=\"index, follow, max-snippet:-1, max-image-preview:large, max-video-preview:-1\" \/>\n<link rel=\"canonical\" href=\"https:\/\/jornalfatosenoticias.com.br\/index.php\/2024\/02\/29\/o-que-fundao-pode-esperar-da-cesan\/\" \/>\n<meta property=\"og:locale\" content=\"pt_BR\" \/>\n<meta property=\"og:type\" content=\"article\" \/>\n<meta property=\"og:title\" content=\"O que Fund\u00e3o pode esperar da Cesan? - Jornal Fatos e Not\u00edcias\" \/>\n<meta property=\"og:description\" content=\"Mudan\u00e7as bruscas no meio ambiente ocorrem pelas a\u00e7\u00f5es diretas do homem ou por acontecimentos naturais. Dentre elas, podemos citar como principais polui\u00e7\u00f5es como atmosf\u00e9rica, do solo, sonora e visual e, por \u00faltimo, a que considero a pior: a polui\u00e7\u00e3o das \u00e1guas, provocada pontualmente pela falta de investimentos no Saneamento B\u00e1sico, que traz uma s\u00e9rie de [&hellip;]\" \/>\n<meta property=\"og:url\" content=\"https:\/\/jornalfatosenoticias.com.br\/index.php\/2024\/02\/29\/o-que-fundao-pode-esperar-da-cesan\/\" \/>\n<meta property=\"og:site_name\" content=\"Jornal Fatos e Not\u00edcias\" \/>\n<meta property=\"article:published_time\" content=\"2024-02-29T20:21:57+00:00\" \/>\n<meta property=\"article:modified_time\" content=\"2024-02-29T20:21:58+00:00\" \/>\n<meta property=\"og:image\" content=\"https:\/\/jornalfatosenoticias.com.br\/wp-content\/uploads\/2024\/02\/suzana.jpg\" \/>\n\t<meta property=\"og:image:width\" content=\"1000\" \/>\n\t<meta property=\"og:image:height\" content=\"750\" \/>\n\t<meta property=\"og:image:type\" content=\"image\/jpeg\" \/>\n<meta name=\"author\" content=\"Haroldo Filho\" \/>\n<meta name=\"twitter:card\" content=\"summary_large_image\" \/>\n<meta name=\"twitter:label1\" content=\"Escrito por\" \/>\n\t<meta name=\"twitter:data1\" content=\"Haroldo Filho\" \/>\n\t<meta name=\"twitter:label2\" content=\"Est. tempo de leitura\" \/>\n\t<meta name=\"twitter:data2\" content=\"5 minutos\" \/>\n<script type=\"application\/ld+json\" class=\"yoast-schema-graph\">{\"@context\":\"https:\/\/schema.org\",\"@graph\":[{\"@type\":\"Article\",\"@id\":\"https:\/\/jornalfatosenoticias.com.br\/index.php\/2024\/02\/29\/o-que-fundao-pode-esperar-da-cesan\/#article\",\"isPartOf\":{\"@id\":\"https:\/\/jornalfatosenoticias.com.br\/index.php\/2024\/02\/29\/o-que-fundao-pode-esperar-da-cesan\/\"},\"author\":{\"name\":\"Haroldo Filho\",\"@id\":\"https:\/\/jornalfatosenoticias.com.br\/#\/schema\/person\/05c46cc25b42a5c27e004fb0fa6b4965\"},\"headline\":\"O que Fund\u00e3o pode esperar da Cesan?\",\"datePublished\":\"2024-02-29T20:21:57+00:00\",\"dateModified\":\"2024-02-29T20:21:58+00:00\",\"mainEntityOfPage\":{\"@id\":\"https:\/\/jornalfatosenoticias.com.br\/index.php\/2024\/02\/29\/o-que-fundao-pode-esperar-da-cesan\/\"},\"wordCount\":966,\"commentCount\":0,\"publisher\":{\"@id\":\"https:\/\/jornalfatosenoticias.com.br\/#organization\"},\"image\":{\"@id\":\"https:\/\/jornalfatosenoticias.com.br\/index.php\/2024\/02\/29\/o-que-fundao-pode-esperar-da-cesan\/#primaryimage\"},\"thumbnailUrl\":\"https:\/\/jornalfatosenoticias.com.br\/wp-content\/uploads\/2024\/02\/suzana.jpg\",\"keywords\":[\"Cesan\",\"esgoto\",\"Fund\u00e3o\",\"saneamento b\u00e1sico\"],\"articleSection\":[\"Geral\"],\"inLanguage\":\"pt-BR\",\"potentialAction\":[{\"@type\":\"CommentAction\",\"name\":\"Comment\",\"target\":[\"https:\/\/jornalfatosenoticias.com.br\/index.php\/2024\/02\/29\/o-que-fundao-pode-esperar-da-cesan\/#respond\"]}]},{\"@type\":\"WebPage\",\"@id\":\"https:\/\/jornalfatosenoticias.com.br\/index.php\/2024\/02\/29\/o-que-fundao-pode-esperar-da-cesan\/\",\"url\":\"https:\/\/jornalfatosenoticias.com.br\/index.php\/2024\/02\/29\/o-que-fundao-pode-esperar-da-cesan\/\",\"name\":\"O que Fund\u00e3o pode esperar da Cesan? - Jornal Fatos e Not\u00edcias\",\"isPartOf\":{\"@id\":\"https:\/\/jornalfatosenoticias.com.br\/#website\"},\"primaryImageOfPage\":{\"@id\":\"https:\/\/jornalfatosenoticias.com.br\/index.php\/2024\/02\/29\/o-que-fundao-pode-esperar-da-cesan\/#primaryimage\"},\"image\":{\"@id\":\"https:\/\/jornalfatosenoticias.com.br\/index.php\/2024\/02\/29\/o-que-fundao-pode-esperar-da-cesan\/#primaryimage\"},\"thumbnailUrl\":\"https:\/\/jornalfatosenoticias.com.br\/wp-content\/uploads\/2024\/02\/suzana.jpg\",\"datePublished\":\"2024-02-29T20:21:57+00:00\",\"dateModified\":\"2024-02-29T20:21:58+00:00\",\"breadcrumb\":{\"@id\":\"https:\/\/jornalfatosenoticias.com.br\/index.php\/2024\/02\/29\/o-que-fundao-pode-esperar-da-cesan\/#breadcrumb\"},\"inLanguage\":\"pt-BR\",\"potentialAction\":[{\"@type\":\"ReadAction\",\"target\":[\"https:\/\/jornalfatosenoticias.com.br\/index.php\/2024\/02\/29\/o-que-fundao-pode-esperar-da-cesan\/\"]}]},{\"@type\":\"ImageObject\",\"inLanguage\":\"pt-BR\",\"@id\":\"https:\/\/jornalfatosenoticias.com.br\/index.php\/2024\/02\/29\/o-que-fundao-pode-esperar-da-cesan\/#primaryimage\",\"url\":\"https:\/\/jornalfatosenoticias.com.br\/wp-content\/uploads\/2024\/02\/suzana.jpg\",\"contentUrl\":\"https:\/\/jornalfatosenoticias.com.br\/wp-content\/uploads\/2024\/02\/suzana.jpg\",\"width\":1000,\"height\":750},{\"@type\":\"BreadcrumbList\",\"@id\":\"https:\/\/jornalfatosenoticias.com.br\/index.php\/2024\/02\/29\/o-que-fundao-pode-esperar-da-cesan\/#breadcrumb\",\"itemListElement\":[{\"@type\":\"ListItem\",\"position\":1,\"name\":\"In\u00edcio\",\"item\":\"https:\/\/jornalfatosenoticias.com.br\/\"},{\"@type\":\"ListItem\",\"position\":2,\"name\":\"O que Fund\u00e3o pode esperar da Cesan?\"}]},{\"@type\":\"WebSite\",\"@id\":\"https:\/\/jornalfatosenoticias.com.br\/#website\",\"url\":\"https:\/\/jornalfatosenoticias.com.br\/\",\"name\":\"Jornal Fatos e Not\u00edcias\",\"description\":\"Not\u00edcias em geral\",\"publisher\":{\"@id\":\"https:\/\/jornalfatosenoticias.com.br\/#organization\"},\"potentialAction\":[{\"@type\":\"SearchAction\",\"target\":{\"@type\":\"EntryPoint\",\"urlTemplate\":\"https:\/\/jornalfatosenoticias.com.br\/?s={search_term_string}\"},\"query-input\":{\"@type\":\"PropertyValueSpecification\",\"valueRequired\":true,\"valueName\":\"search_term_string\"}}],\"inLanguage\":\"pt-BR\"},{\"@type\":\"Organization\",\"@id\":\"https:\/\/jornalfatosenoticias.com.br\/#organization\",\"name\":\"Jornal Fatos e Not\u00edcias\",\"url\":\"https:\/\/jornalfatosenoticias.com.br\/\",\"logo\":{\"@type\":\"ImageObject\",\"inLanguage\":\"pt-BR\",\"@id\":\"https:\/\/jornalfatosenoticias.com.br\/#\/schema\/logo\/image\/\",\"url\":\"https:\/\/jornalfatosenoticias.com.br\/wp-content\/uploads\/2020\/02\/logo120.png\",\"contentUrl\":\"https:\/\/jornalfatosenoticias.com.br\/wp-content\/uploads\/2020\/02\/logo120.png\",\"width\":1227,\"height\":120,\"caption\":\"Jornal Fatos e Not\u00edcias\"},\"image\":{\"@id\":\"https:\/\/jornalfatosenoticias.com.br\/#\/schema\/logo\/image\/\"}},{\"@type\":\"Person\",\"@id\":\"https:\/\/jornalfatosenoticias.com.br\/#\/schema\/person\/05c46cc25b42a5c27e004fb0fa6b4965\",\"name\":\"Haroldo Filho\",\"image\":{\"@type\":\"ImageObject\",\"inLanguage\":\"pt-BR\",\"@id\":\"https:\/\/jornalfatosenoticias.com.br\/#\/schema\/person\/image\/\",\"url\":\"https:\/\/jornalfatosenoticias.com.br\/wp-content\/uploads\/2025\/08\/WhatsApp-Image-2025-08-18-at-15.30.28-150x150.jpeg\",\"contentUrl\":\"https:\/\/jornalfatosenoticias.com.br\/wp-content\/uploads\/2025\/08\/WhatsApp-Image-2025-08-18-at-15.30.28-150x150.jpeg\",\"caption\":\"Haroldo Filho\"},\"description\":\"Jornalista \u2013 DRT: 0003818\/ES Coordenador-geral da ONG Educar para Crescer\",\"url\":\"https:\/\/jornalfatosenoticias.com.br\/index.php\/author\/haroldo\/\"}]}<\/script>\n<!-- \/ Yoast SEO plugin. -->","yoast_head_json":{"title":"O que Fund\u00e3o pode esperar da Cesan? - Jornal Fatos e Not\u00edcias","robots":{"index":"index","follow":"follow","max-snippet":"max-snippet:-1","max-image-preview":"max-image-preview:large","max-video-preview":"max-video-preview:-1"},"canonical":"https:\/\/jornalfatosenoticias.com.br\/index.php\/2024\/02\/29\/o-que-fundao-pode-esperar-da-cesan\/","og_locale":"pt_BR","og_type":"article","og_title":"O que Fund\u00e3o pode esperar da Cesan? - Jornal Fatos e Not\u00edcias","og_description":"Mudan\u00e7as bruscas no meio ambiente ocorrem pelas a\u00e7\u00f5es diretas do homem ou por acontecimentos naturais. Dentre elas, podemos citar como principais polui\u00e7\u00f5es como atmosf\u00e9rica, do solo, sonora e visual e, por \u00faltimo, a que considero a pior: a polui\u00e7\u00e3o das \u00e1guas, provocada pontualmente pela falta de investimentos no Saneamento B\u00e1sico, que traz uma s\u00e9rie de [&hellip;]","og_url":"https:\/\/jornalfatosenoticias.com.br\/index.php\/2024\/02\/29\/o-que-fundao-pode-esperar-da-cesan\/","og_site_name":"Jornal Fatos e Not\u00edcias","article_published_time":"2024-02-29T20:21:57+00:00","article_modified_time":"2024-02-29T20:21:58+00:00","og_image":[{"width":1000,"height":750,"url":"https:\/\/jornalfatosenoticias.com.br\/wp-content\/uploads\/2024\/02\/suzana.jpg","type":"image\/jpeg"}],"author":"Haroldo Filho","twitter_card":"summary_large_image","twitter_misc":{"Escrito por":"Haroldo Filho","Est. tempo de leitura":"5 minutos"},"schema":{"@context":"https:\/\/schema.org","@graph":[{"@type":"Article","@id":"https:\/\/jornalfatosenoticias.com.br\/index.php\/2024\/02\/29\/o-que-fundao-pode-esperar-da-cesan\/#article","isPartOf":{"@id":"https:\/\/jornalfatosenoticias.com.br\/index.php\/2024\/02\/29\/o-que-fundao-pode-esperar-da-cesan\/"},"author":{"name":"Haroldo Filho","@id":"https:\/\/jornalfatosenoticias.com.br\/#\/schema\/person\/05c46cc25b42a5c27e004fb0fa6b4965"},"headline":"O que Fund\u00e3o pode esperar da Cesan?","datePublished":"2024-02-29T20:21:57+00:00","dateModified":"2024-02-29T20:21:58+00:00","mainEntityOfPage":{"@id":"https:\/\/jornalfatosenoticias.com.br\/index.php\/2024\/02\/29\/o-que-fundao-pode-esperar-da-cesan\/"},"wordCount":966,"commentCount":0,"publisher":{"@id":"https:\/\/jornalfatosenoticias.com.br\/#organization"},"image":{"@id":"https:\/\/jornalfatosenoticias.com.br\/index.php\/2024\/02\/29\/o-que-fundao-pode-esperar-da-cesan\/#primaryimage"},"thumbnailUrl":"https:\/\/jornalfatosenoticias.com.br\/wp-content\/uploads\/2024\/02\/suzana.jpg","keywords":["Cesan","esgoto","Fund\u00e3o","saneamento b\u00e1sico"],"articleSection":["Geral"],"inLanguage":"pt-BR","potentialAction":[{"@type":"CommentAction","name":"Comment","target":["https:\/\/jornalfatosenoticias.com.br\/index.php\/2024\/02\/29\/o-que-fundao-pode-esperar-da-cesan\/#respond"]}]},{"@type":"WebPage","@id":"https:\/\/jornalfatosenoticias.com.br\/index.php\/2024\/02\/29\/o-que-fundao-pode-esperar-da-cesan\/","url":"https:\/\/jornalfatosenoticias.com.br\/index.php\/2024\/02\/29\/o-que-fundao-pode-esperar-da-cesan\/","name":"O que Fund\u00e3o pode esperar da Cesan? - Jornal Fatos e Not\u00edcias","isPartOf":{"@id":"https:\/\/jornalfatosenoticias.com.br\/#website"},"primaryImageOfPage":{"@id":"https:\/\/jornalfatosenoticias.com.br\/index.php\/2024\/02\/29\/o-que-fundao-pode-esperar-da-cesan\/#primaryimage"},"image":{"@id":"https:\/\/jornalfatosenoticias.com.br\/index.php\/2024\/02\/29\/o-que-fundao-pode-esperar-da-cesan\/#primaryimage"},"thumbnailUrl":"https:\/\/jornalfatosenoticias.com.br\/wp-content\/uploads\/2024\/02\/suzana.jpg","datePublished":"2024-02-29T20:21:57+00:00","dateModified":"2024-02-29T20:21:58+00:00","breadcrumb":{"@id":"https:\/\/jornalfatosenoticias.com.br\/index.php\/2024\/02\/29\/o-que-fundao-pode-esperar-da-cesan\/#breadcrumb"},"inLanguage":"pt-BR","potentialAction":[{"@type":"ReadAction","target":["https:\/\/jornalfatosenoticias.com.br\/index.php\/2024\/02\/29\/o-que-fundao-pode-esperar-da-cesan\/"]}]},{"@type":"ImageObject","inLanguage":"pt-BR","@id":"https:\/\/jornalfatosenoticias.com.br\/index.php\/2024\/02\/29\/o-que-fundao-pode-esperar-da-cesan\/#primaryimage","url":"https:\/\/jornalfatosenoticias.com.br\/wp-content\/uploads\/2024\/02\/suzana.jpg","contentUrl":"https:\/\/jornalfatosenoticias.com.br\/wp-content\/uploads\/2024\/02\/suzana.jpg","width":1000,"height":750},{"@type":"BreadcrumbList","@id":"https:\/\/jornalfatosenoticias.com.br\/index.php\/2024\/02\/29\/o-que-fundao-pode-esperar-da-cesan\/#breadcrumb","itemListElement":[{"@type":"ListItem","position":1,"name":"In\u00edcio","item":"https:\/\/jornalfatosenoticias.com.br\/"},{"@type":"ListItem","position":2,"name":"O que Fund\u00e3o pode esperar da Cesan?"}]},{"@type":"WebSite","@id":"https:\/\/jornalfatosenoticias.com.br\/#website","url":"https:\/\/jornalfatosenoticias.com.br\/","name":"Jornal Fatos e Not\u00edcias","description":"Not\u00edcias em geral","publisher":{"@id":"https:\/\/jornalfatosenoticias.com.br\/#organization"},"potentialAction":[{"@type":"SearchAction","target":{"@type":"EntryPoint","urlTemplate":"https:\/\/jornalfatosenoticias.com.br\/?s={search_term_string}"},"query-input":{"@type":"PropertyValueSpecification","valueRequired":true,"valueName":"search_term_string"}}],"inLanguage":"pt-BR"},{"@type":"Organization","@id":"https:\/\/jornalfatosenoticias.com.br\/#organization","name":"Jornal Fatos e Not\u00edcias","url":"https:\/\/jornalfatosenoticias.com.br\/","logo":{"@type":"ImageObject","inLanguage":"pt-BR","@id":"https:\/\/jornalfatosenoticias.com.br\/#\/schema\/logo\/image\/","url":"https:\/\/jornalfatosenoticias.com.br\/wp-content\/uploads\/2020\/02\/logo120.png","contentUrl":"https:\/\/jornalfatosenoticias.com.br\/wp-content\/uploads\/2020\/02\/logo120.png","width":1227,"height":120,"caption":"Jornal Fatos e Not\u00edcias"},"image":{"@id":"https:\/\/jornalfatosenoticias.com.br\/#\/schema\/logo\/image\/"}},{"@type":"Person","@id":"https:\/\/jornalfatosenoticias.com.br\/#\/schema\/person\/05c46cc25b42a5c27e004fb0fa6b4965","name":"Haroldo Filho","image":{"@type":"ImageObject","inLanguage":"pt-BR","@id":"https:\/\/jornalfatosenoticias.com.br\/#\/schema\/person\/image\/","url":"https:\/\/jornalfatosenoticias.com.br\/wp-content\/uploads\/2025\/08\/WhatsApp-Image-2025-08-18-at-15.30.28-150x150.jpeg","contentUrl":"https:\/\/jornalfatosenoticias.com.br\/wp-content\/uploads\/2025\/08\/WhatsApp-Image-2025-08-18-at-15.30.28-150x150.jpeg","caption":"Haroldo Filho"},"description":"Jornalista \u2013 DRT: 0003818\/ES Coordenador-geral da ONG Educar para Crescer","url":"https:\/\/jornalfatosenoticias.com.br\/index.php\/author\/haroldo\/"}]}},"cc_featured_image_caption":{"caption_text":"(Foto: Haroldo Filho\/F&N)","source_text":"","source_url":""},"jetpack_featured_media_url":"https:\/\/jornalfatosenoticias.com.br\/wp-content\/uploads\/2024\/02\/suzana.jpg","_links":{"self":[{"href":"https:\/\/jornalfatosenoticias.com.br\/index.php\/wp-json\/wp\/v2\/posts\/49542","targetHints":{"allow":["GET"]}}],"collection":[{"href":"https:\/\/jornalfatosenoticias.com.br\/index.php\/wp-json\/wp\/v2\/posts"}],"about":[{"href":"https:\/\/jornalfatosenoticias.com.br\/index.php\/wp-json\/wp\/v2\/types\/post"}],"author":[{"embeddable":true,"href":"https:\/\/jornalfatosenoticias.com.br\/index.php\/wp-json\/wp\/v2\/users\/3"}],"replies":[{"embeddable":true,"href":"https:\/\/jornalfatosenoticias.com.br\/index.php\/wp-json\/wp\/v2\/comments?post=49542"}],"version-history":[{"count":0,"href":"https:\/\/jornalfatosenoticias.com.br\/index.php\/wp-json\/wp\/v2\/posts\/49542\/revisions"}],"wp:featuredmedia":[{"embeddable":true,"href":"https:\/\/jornalfatosenoticias.com.br\/index.php\/wp-json\/wp\/v2\/media\/49546"}],"wp:attachment":[{"href":"https:\/\/jornalfatosenoticias.com.br\/index.php\/wp-json\/wp\/v2\/media?parent=49542"}],"wp:term":[{"taxonomy":"category","embeddable":true,"href":"https:\/\/jornalfatosenoticias.com.br\/index.php\/wp-json\/wp\/v2\/categories?post=49542"},{"taxonomy":"post_tag","embeddable":true,"href":"https:\/\/jornalfatosenoticias.com.br\/index.php\/wp-json\/wp\/v2\/tags?post=49542"}],"curies":[{"name":"wp","href":"https:\/\/api.w.org\/{rel}","templated":true}]}}