{"id":49554,"date":"2024-02-29T17:59:41","date_gmt":"2024-02-29T20:59:41","guid":{"rendered":"https:\/\/jornalfatosenoticias.com.br\/?p=49554"},"modified":"2024-02-29T17:59:43","modified_gmt":"2024-02-29T20:59:43","slug":"a-semana-no-brasil-e-no-mundo-perito-grafotecnico-rebate-calculo-de-pesquisadores-da-usp-sobre-ato-na-avenida-paulista","status":"publish","type":"post","link":"https:\/\/jornalfatosenoticias.com.br\/index.php\/2024\/02\/29\/a-semana-no-brasil-e-no-mundo-perito-grafotecnico-rebate-calculo-de-pesquisadores-da-usp-sobre-ato-na-avenida-paulista\/","title":{"rendered":"A Semana no Brasil e no Mundo \u2014 Perito grafot\u00e9cnico rebate c\u00e1lculo de pesquisadores da USP sobre ato na Avenida Paulista"},"content":{"rendered":"\n<p><em><span class=\"has-inline-color has-black-color\">Professor Harnik Gebara refor\u00e7ou a estimativa de 750 mil pessoas no \u2018Ato Pela Democracia\u2019, em S\u00e3o Paulo<\/span><\/em><\/p>\n\n\n\n<p><span class=\"has-inline-color has-black-color\">Por <strong>Raul Holderf Nascimento<\/strong><\/span><\/p>\n\n\n\n<div class=\"wp-block-image\"><figure class=\"aligncenter size-large\"><img loading=\"lazy\" decoding=\"async\" width=\"729\" height=\"90\" src=\"https:\/\/jornalfatosenoticias.com.br\/wp-content\/uploads\/2020\/02\/Logo_Mizu.png\" alt=\"\" class=\"wp-image-1441\" srcset=\"https:\/\/jornalfatosenoticias.com.br\/wp-content\/uploads\/2020\/02\/Logo_Mizu.png 729w, https:\/\/jornalfatosenoticias.com.br\/wp-content\/uploads\/2020\/02\/Logo_Mizu-300x37.png 300w\" sizes=\"auto, (max-width: 729px) 100vw, 729px\" \/><\/figure><\/div>\n\n\n\n<p>O perito grafot\u00e9cnico e f\u00edsico Carlos Alberto Harnik Gebara confrontou os n\u00fameros apontados por pesquisadores da Universidade de S\u00e3o Paulo (USP), que colocaram em d\u00favida a estimativa do \u2018Ato Pela Democracia\u2019, ocorrido no \u00faltimo domingo (25), na Avenida Paulista.<br>Desde que a Secretaria de Seguran\u00e7a P\u00fablica (SSP) divulgou os dados oficiais da manifesta\u00e7\u00e3o, que reuniu 750 mil pessoas, pesquisadores da USP e de outras organiza\u00e7\u00f5es questionaram os n\u00fameros, sugerindo que o ato n\u00e3o foi t\u00e3o grande quanto inicialmente divulgado, mas reuniu um n\u00famero bem inferior ao oficial, segundo eles.<br>Em rea\u00e7\u00e3o, o professor Gebara veio a p\u00fablico para expressar sua desconfian\u00e7a em rela\u00e7\u00e3o \u00e0s proje\u00e7\u00f5es da USP e decidiu confrontar os n\u00fameros para verificar se as estimativas oficiais correspondiam \u00e0 realidade. Ele afirmou: \u201cDepois dessa manifesta\u00e7\u00e3o na Avenida Paulista, onde houve um conflito de c\u00e1lculos sobre a quantidade de pessoas presentes, com a USP estimando apenas 185 mil pessoas, eu duvidei desses n\u00fameros e fiz alguns c\u00e1lculos. Conversando com pesquisadores da nossa universidade em S\u00e3o Caetano do Sul, perguntei se concordavam com o meu c\u00e1lculo, e ambos concordaram plenamente\u201d.<\/p>\n\n\n\n<div class=\"wp-block-image\"><figure class=\"aligncenter size-large\"><img loading=\"lazy\" decoding=\"async\" width=\"828\" height=\"465\" src=\"https:\/\/jornalfatosenoticias.com.br\/wp-content\/uploads\/2024\/02\/prof.-Gebara.jpg\" alt=\"\" class=\"wp-image-49560\" srcset=\"https:\/\/jornalfatosenoticias.com.br\/wp-content\/uploads\/2024\/02\/prof.-Gebara.jpg 828w, https:\/\/jornalfatosenoticias.com.br\/wp-content\/uploads\/2024\/02\/prof.-Gebara-300x168.jpg 300w, https:\/\/jornalfatosenoticias.com.br\/wp-content\/uploads\/2024\/02\/prof.-Gebara-768x431.jpg 768w\" sizes=\"auto, (max-width: 828px) 100vw, 828px\" \/><figcaption><em><span class=\"has-inline-color has-black-color\">Professor Gebara (Foto: Arquivo\/Reprodu\u00e7\u00e3o)<\/span><\/em><\/figcaption><\/figure><\/div>\n\n\n\n<p>Ao analisar os n\u00fameros, Carlos Alberto Harnik Gebara informou que \u00e9 poss\u00edvel chegar ao n\u00famero exato veiculado pela SSP, validando assim a estimativa de 750 mil pessoas na Avenida Paulista durante o ato pr\u00f3-Bolsonaro. \u201cDesta forma, ou a USP se tornou um lixo pol\u00edtico ou precisa substituir seus pesquisadores\u201d, concluiu Gebara. <strong>(Fonte: Conex\u00e3o Pol\u00edtica)<\/strong><\/p>\n\n\n\n<div class=\"wp-block-image\"><figure class=\"aligncenter size-large is-resized\"><img loading=\"lazy\" decoding=\"async\" src=\"https:\/\/jornalfatosenoticias.com.br\/wp-content\/uploads\/2022\/02\/Precisao-Contabilidade-1024x724.jpg\" alt=\"\" class=\"wp-image-28088\" width=\"358\" height=\"253\"\/><\/figure><\/div>\n\n\n\n<hr class=\"wp-block-separator\"\/>\n\n\n\n<h3 class=\"wp-block-heading\"><span class=\"has-inline-color has-black-color\">Capit\u00e3o Assum\u00e7\u00e3o \u00e9 preso em igreja por ordem de Moraes<\/span><\/h3>\n\n\n\n<div class=\"wp-block-image\"><figure class=\"aligncenter size-large\"><img loading=\"lazy\" decoding=\"async\" width=\"640\" height=\"353\" src=\"https:\/\/jornalfatosenoticias.com.br\/wp-content\/uploads\/2024\/02\/capitao-assumcao.png\" alt=\"\" class=\"wp-image-49559\" srcset=\"https:\/\/jornalfatosenoticias.com.br\/wp-content\/uploads\/2024\/02\/capitao-assumcao.png 640w, https:\/\/jornalfatosenoticias.com.br\/wp-content\/uploads\/2024\/02\/capitao-assumcao-300x165.png 300w\" sizes=\"auto, (max-width: 640px) 100vw, 640px\" \/><figcaption><em><span class=\"has-inline-color has-black-color\">(Foto: Tati Beling\/Assembleia Legislativa do ES)<\/span><\/em><\/figcaption><\/figure><\/div>\n\n\n\n<p>O deputado estadual Capit\u00e3o Assum\u00e7\u00e3o (PL-ES) foi preso pela Pol\u00edcia Federal (PF) na noite de quarta-feira (28). A informa\u00e7\u00e3o foi confirmada pela assessoria do partido. Assum\u00e7\u00e3o, capit\u00e3o da reserva da PM e l\u00edder da greve dos PMs em 2017, foi levado \u00e0 sede da PF em Vila Velha. A ordem de pris\u00e3o foi emitida pelo ministro do Supremo Tribunal Federal (STF), Alexandre de Moraes, com base no descumprimento de uma medida cautelar.<\/p>\n\n\n\n<div class=\"wp-block-image\"><figure class=\"aligncenter size-large\"><img decoding=\"async\" src=\"https:\/\/jornalfatosenoticias.com.br\/wp-content\/uploads\/2020\/02\/barao-das-carnes-300x164-1.jpg\" alt=\"\" class=\"wp-image-34339\"\/><\/figure><\/div>\n\n\n\n<p>At\u00e9 o momento, a Pol\u00edcia Federal n\u00e3o divulgou os detalhes que motivaram a pris\u00e3o. Em uma declara\u00e7\u00e3o, o senador Magno Malta, presidente do PL no Esp\u00edrito Santo, informou que Assum\u00e7\u00e3o foi detido enquanto estava em uma igreja. Nas redes sociais, Malta expressou cr\u00edticas \u00e0 pris\u00e3o, afirmando: <\/p>\n\n\n\n<div class=\"wp-block-image\"><figure class=\"aligncenter size-large\"><img decoding=\"async\" src=\"https:\/\/jornalfatosenoticias.com.br\/wp-content\/uploads\/2020\/02\/logo_esteio.jpg\" alt=\"\" class=\"wp-image-1214\"\/><\/figure><\/div>\n\n\n\n<blockquote class=\"wp-block-quote is-layout-flow wp-block-quote-is-layout-flow\"><p><span class=\"has-inline-color has-luminous-vivid-orange-color\">\u00c9 muito estranho que um deputado estadual, com foro privilegiado e resid\u00eancia fixa, seja preso. Isso viola nosso estado democr\u00e1tico\u201d, conforme registrado em um v\u00eddeo.<\/span><\/p><\/blockquote>\n\n\n\n<div class=\"wp-block-image\"><figure class=\"aligncenter size-large is-resized\"><img loading=\"lazy\" decoding=\"async\" src=\"https:\/\/jornalfatosenoticias.com.br\/wp-content\/uploads\/2023\/03\/nova-logo-Marquetti.jpg\" alt=\"\" class=\"wp-image-40207\" width=\"357\" height=\"240\" srcset=\"https:\/\/jornalfatosenoticias.com.br\/wp-content\/uploads\/2023\/03\/nova-logo-Marquetti.jpg 643w, https:\/\/jornalfatosenoticias.com.br\/wp-content\/uploads\/2023\/03\/nova-logo-Marquetti-300x202.jpg 300w\" sizes=\"auto, (max-width: 357px) 100vw, 357px\" \/><\/figure><\/div>\n\n\n\n<p>O deputado j\u00e1 havia sido alvo de uma opera\u00e7\u00e3o autorizada pelo STF em dezembro, em rela\u00e7\u00e3o \u00e0 sua participa\u00e7\u00e3o em atos considerados antidemocr\u00e1ticos ap\u00f3s as elei\u00e7\u00f5es de 2022. Novas informa\u00e7\u00f5es sobre a pris\u00e3o devem ser divulgadas conforme o desenrolar das investiga\u00e7\u00f5es. <strong>(Fonte: Gazeta Brasil)<\/strong><\/p>\n\n\n\n<hr class=\"wp-block-separator\"\/>\n\n\n\n<h3 class=\"wp-block-heading\"><span class=\"has-inline-color has-black-color\">Haddad defende tributa\u00e7\u00e3o global sobre a riqueza no G20<\/span><\/h3>\n\n\n\n<div class=\"wp-block-image\"><figure class=\"aligncenter size-large\"><img loading=\"lazy\" decoding=\"async\" width=\"640\" height=\"426\" src=\"https:\/\/jornalfatosenoticias.com.br\/wp-content\/uploads\/2024\/02\/poste-Haddad.jpg\" alt=\"\" class=\"wp-image-49558\" srcset=\"https:\/\/jornalfatosenoticias.com.br\/wp-content\/uploads\/2024\/02\/poste-Haddad.jpg 640w, https:\/\/jornalfatosenoticias.com.br\/wp-content\/uploads\/2024\/02\/poste-Haddad-300x200.jpg 300w\" sizes=\"auto, (max-width: 640px) 100vw, 640px\" \/><figcaption><em><span class=\"has-inline-color has-black-color\">(Foto: Reprodu\u00e7\u00e3o Internet)<\/span><\/em><\/figcaption><\/figure><\/div>\n\n\n\n<p>O ministro da Fazenda, Fernando Haddad, defendeu nesta quarta-feira (28) a tributa\u00e7\u00e3o progressiva como tema central para a constru\u00e7\u00e3o de um mundo mais justo e prop\u00f4s uma tributa\u00e7\u00e3o m\u00ednima global sobre a riqueza como \u201cterceiro pilar\u201d para a coopera\u00e7\u00e3o tribut\u00e1ria internacional.<br>Em sua participa\u00e7\u00e3o virtual no painel \u201cO papel pol\u00edtico-econ\u00f4mico na abordagem das desigualdades: experi\u00eancias nacionais e coopera\u00e7\u00e3o internacional\u201d, do G20, Haddad destacou que a pobreza e a desigualdade precisam ser enfrentadas como desafios globais.<\/p>\n\n\n\n<div class=\"wp-block-image\"><figure class=\"aligncenter size-large is-resized\"><img loading=\"lazy\" decoding=\"async\" src=\"https:\/\/jornalfatosenoticias.com.br\/wp-content\/uploads\/2023\/08\/BKR-1024x1021.jpg\" alt=\"\" class=\"wp-image-44494\" width=\"361\" height=\"360\" srcset=\"https:\/\/jornalfatosenoticias.com.br\/wp-content\/uploads\/2023\/08\/BKR-1024x1021.jpg 1024w, https:\/\/jornalfatosenoticias.com.br\/wp-content\/uploads\/2023\/08\/BKR-300x300.jpg 300w, https:\/\/jornalfatosenoticias.com.br\/wp-content\/uploads\/2023\/08\/BKR-150x150.jpg 150w, https:\/\/jornalfatosenoticias.com.br\/wp-content\/uploads\/2023\/08\/BKR-768x766.jpg 768w, https:\/\/jornalfatosenoticias.com.br\/wp-content\/uploads\/2023\/08\/BKR.jpg 1080w\" sizes=\"auto, (max-width: 361px) 100vw, 361px\" \/><\/figure><\/div>\n\n\n\n<p>\u201cN\u00e3o podemos negar que a pobreza e a desigualdade s\u00e3o desafios que transcendem as fronteiras nacionais. Em um mundo cada vez mais interconectado, precisamos enfrentar esses problemas de forma global, sob o risco de ampliar crises humanit\u00e1rias e migrat\u00f3rias\u201d, afirmou Haddad.<\/p>\n\n\n\n<div class=\"wp-block-image\"><figure class=\"aligncenter size-large is-resized\"><img loading=\"lazy\" decoding=\"async\" src=\"https:\/\/jornalfatosenoticias.com.br\/wp-content\/uploads\/2023\/09\/vetorvix1024_1.jpg\" alt=\"\" class=\"wp-image-44868\" width=\"550\" height=\"146\" srcset=\"https:\/\/jornalfatosenoticias.com.br\/wp-content\/uploads\/2023\/09\/vetorvix1024_1.jpg 1024w, https:\/\/jornalfatosenoticias.com.br\/wp-content\/uploads\/2023\/09\/vetorvix1024_1-300x80.jpg 300w, https:\/\/jornalfatosenoticias.com.br\/wp-content\/uploads\/2023\/09\/vetorvix1024_1-768x205.jpg 768w\" sizes=\"auto, (max-width: 550px) 100vw, 550px\" \/><\/figure><\/div>\n\n\n\n<p>O ministro tamb\u00e9m ressaltou que a crise da globaliza\u00e7\u00e3o n\u00e3o possui vencedores, destacando a necessidade de coopera\u00e7\u00e3o entre pa\u00edses ricos e pobres para enfrentar os desafios econ\u00f4micos e sociais emergentes. Ele alertou que solu\u00e7\u00f5es exclusivamente nacionais n\u00e3o s\u00e3o suficientes diante da crescente mobilidade do trabalho e do capital.<\/p>\n\n\n\n<div class=\"wp-block-image\"><figure class=\"aligncenter size-large is-resized\"><img loading=\"lazy\" decoding=\"async\" src=\"https:\/\/jornalfatosenoticias.com.br\/wp-content\/uploads\/2023\/08\/ITH.jpeg\" alt=\"\" class=\"wp-image-44638\" width=\"340\" height=\"276\" srcset=\"https:\/\/jornalfatosenoticias.com.br\/wp-content\/uploads\/2023\/08\/ITH.jpeg 800w, https:\/\/jornalfatosenoticias.com.br\/wp-content\/uploads\/2023\/08\/ITH-300x244.jpeg 300w, https:\/\/jornalfatosenoticias.com.br\/wp-content\/uploads\/2023\/08\/ITH-768x624.jpeg 768w\" sizes=\"auto, (max-width: 340px) 100vw, 340px\" \/><\/figure><\/div>\n\n\n\n<p>\u201cEmbora, como disse, os pa\u00edses mais pobres paguem um pre\u00e7o proporcionalmente mais alto, seria uma ilus\u00e3o pensar que pa\u00edses ricos podem dar as costas para o mundo e focar apenas em solu\u00e7\u00f5es nacionais. Em um mundo no qual trabalho e capital s\u00e3o cada vez mais m\u00f3veis, pobreza e desigualdade precisam ser enfrentadas como desafios globais, sob a pena da amplia\u00e7\u00e3o das crises humanit\u00e1rias e imigrat\u00f3rias\u201d, defendeu Haddad.<\/p>\n\n\n\n<div class=\"wp-block-image\"><figure class=\"aligncenter size-large is-resized\"><img loading=\"lazy\" decoding=\"async\" src=\"https:\/\/jornalfatosenoticias.com.br\/wp-content\/uploads\/2023\/12\/pegoretti-logo-pdf-1024x389.jpg\" alt=\"\" class=\"wp-image-47536\" width=\"506\" height=\"192\" srcset=\"https:\/\/jornalfatosenoticias.com.br\/wp-content\/uploads\/2023\/12\/pegoretti-logo-pdf-1024x389.jpg 1024w, https:\/\/jornalfatosenoticias.com.br\/wp-content\/uploads\/2023\/12\/pegoretti-logo-pdf-300x114.jpg 300w, https:\/\/jornalfatosenoticias.com.br\/wp-content\/uploads\/2023\/12\/pegoretti-logo-pdf-768x291.jpg 768w, https:\/\/jornalfatosenoticias.com.br\/wp-content\/uploads\/2023\/12\/pegoretti-logo-pdf.jpg 1120w\" sizes=\"auto, (max-width: 506px) 100vw, 506px\" \/><\/figure><\/div>\n\n\n\n<p>A participa\u00e7\u00e3o de Haddad na reuni\u00e3o do G20 foi virtual devido ao diagn\u00f3stico positivo para covid-19. Apesar do contratempo, o ministro est\u00e1 em boas condi\u00e7\u00f5es de sa\u00fade e continuar\u00e1 participando das atividades do G20 de forma remota, aguardando novos testes para uma poss\u00edvel libera\u00e7\u00e3o presencial nas pr\u00f3ximas etapas da agenda em S\u00e3o Paulo. <strong>(Fonte: Gazeta Brasil)<\/strong><\/p>\n\n\n\n<hr class=\"wp-block-separator\"\/>\n\n\n\n<h3 class=\"wp-block-heading\"><span class=\"has-inline-color has-black-color\">Javier Milei associa Lula a Hamas<\/span><\/h3>\n\n\n\n<div class=\"wp-block-image\"><figure class=\"aligncenter size-large\"><img loading=\"lazy\" decoding=\"async\" width=\"768\" height=\"512\" src=\"https:\/\/jornalfatosenoticias.com.br\/wp-content\/uploads\/2024\/02\/Milei.jpg\" alt=\"\" class=\"wp-image-49557\" srcset=\"https:\/\/jornalfatosenoticias.com.br\/wp-content\/uploads\/2024\/02\/Milei.jpg 768w, https:\/\/jornalfatosenoticias.com.br\/wp-content\/uploads\/2024\/02\/Milei-300x200.jpg 300w\" sizes=\"auto, (max-width: 768px) 100vw, 768px\" \/><figcaption><em><span class=\"has-inline-color has-black-color\">(Foto: Reprodu\u00e7\u00e3o Internet)<\/span><\/em><\/figcaption><\/figure><\/div>\n\n\n\n<p><span class=\"has-inline-color has-black-color\"><em>Libert\u00e1rio associou Lula ao grupo terrorista Hamas e enalteceu for\u00e7a pol\u00edtica de Bolsonaro ap\u00f3s ato na Avenida Paulista<br><\/em>Por <strong>Raul Holderf Nascimento<\/strong><\/span><\/p>\n\n\n\n<p>O presidente da Argentina, Javier Milei, desencadeou uma s\u00e9rie de postagens nas redes sociais relacionadas ao Brasil, provocando rea\u00e7\u00f5es pol\u00edticas em Bras\u00edlia, especialmente do n\u00facleo petista no Pal\u00e1cio do Planalto.<br>O argentino sugeriu uma conex\u00e3o entre Luiz In\u00e1cio Lula da Silva (PT) e o grupo terrorista Hamas. Uma das mensagens compartilhadas por Milei declarava: \u201cLula es pro Hamas. Bolsonaro es pro Israel. Fin\u201d [Lula \u00e9 pr\u00f3 Hamas. Bolsonaro \u00e9 pr\u00f3 Israel. Fim].<\/p>\n\n\n\n<div class=\"wp-block-image\"><figure class=\"aligncenter size-large\"><img loading=\"lazy\" decoding=\"async\" width=\"300\" height=\"250\" src=\"https:\/\/jornalfatosenoticias.com.br\/wp-content\/uploads\/2020\/02\/Banner-2.png\" alt=\"\" class=\"wp-image-43787\"\/><\/figure><\/div>\n\n\n\n<p>No ano passado, antes de sua vit\u00f3ria nas elei\u00e7\u00f5es, Milei afirmou que, se eleito, n\u00e3o manteria rela\u00e7\u00f5es com o Brasil ou pa\u00edses liderados por \u2018comunistas\u2019, e que n\u00e3o se reuniria com Lula ap\u00f3s assumir a Casa Rosada. Al\u00e9m disso, ele tamb\u00e9m indicou uma poss\u00edvel dist\u00e2ncia em rela\u00e7\u00e3o \u00e0 China, outro parceiro comercial importante da Argentina.<br>As postagens de Milei sobre o Brasil n\u00e3o se limitaram apenas a cr\u00edticas a Lula, mas tamb\u00e9m inclu\u00edram expressivo apoio ao ex-presidente Jair Bolsonaro (PL). O pol\u00edtico libert\u00e1rio compartilhou material que descrevia o Ato Pela Democracia, que reuniu 750 mil pessoas na Avenida Paulista, como uma demonstra\u00e7\u00e3o de apoio popular a Bolsonaro e uma resist\u00eancia ao \u201cautoritarismo de Lula e \u00e0 persegui\u00e7\u00e3o \u00e0 oposi\u00e7\u00e3o\u201d.<\/p>\n\n\n\n<div class=\"wp-block-image\"><figure class=\"aligncenter size-large is-resized\"><img loading=\"lazy\" decoding=\"async\" src=\"https:\/\/jornalfatosenoticias.com.br\/wp-content\/uploads\/2024\/01\/consultoria-ambiental.jpg\" alt=\"\" class=\"wp-image-48314\" width=\"321\" height=\"290\" srcset=\"https:\/\/jornalfatosenoticias.com.br\/wp-content\/uploads\/2024\/01\/consultoria-ambiental.jpg 832w, https:\/\/jornalfatosenoticias.com.br\/wp-content\/uploads\/2024\/01\/consultoria-ambiental-300x272.jpg 300w, https:\/\/jornalfatosenoticias.com.br\/wp-content\/uploads\/2024\/01\/consultoria-ambiental-768x696.jpg 768w\" sizes=\"auto, (max-width: 321px) 100vw, 321px\" \/><\/figure><\/div>\n\n\n\n<p>Outra publica\u00e7\u00e3o destacou o discurso de Bolsonaro na Avenida Paulista como \u2018hist\u00f3rico\u2019 e em defesa da liberdade. Milei tamb\u00e9m enfatizou que aquele domingo estava definindo \u201co rumo da pol\u00edtica no Brasil e a resist\u00eancia contra a ditadura de Lula da Silva\u201d.<br>Em uma \u00faltima mensagem, Milei descreveu o evento como um \u201cprotesto massivo antiLula\u201d, acompanhado de um v\u00eddeo em que Bolsonaro brandia uma bandeira de Israel, em refer\u00eancia \u00e0 pol\u00eamica causada pela compara\u00e7\u00e3o de Lula entre a a\u00e7\u00e3o de Israel na Faixa de Gaza e as atrocidades cometidas por Adolf Hitler contra os judeus. <strong>(Fonte: Conex\u00e3o Pol\u00edtica)<\/strong><\/p>\n\n\n\n<div class=\"wp-block-image\"><figure class=\"aligncenter size-large is-resized\"><img loading=\"lazy\" decoding=\"async\" src=\"https:\/\/jornalfatosenoticias.com.br\/wp-content\/uploads\/2020\/02\/logo-Rapuzel-1024x571.jpg\" alt=\"\" class=\"wp-image-42808\" width=\"381\" height=\"212\" srcset=\"https:\/\/jornalfatosenoticias.com.br\/wp-content\/uploads\/2020\/02\/logo-Rapuzel-1024x571.jpg 1024w, https:\/\/jornalfatosenoticias.com.br\/wp-content\/uploads\/2020\/02\/logo-Rapuzel-300x167.jpg 300w, https:\/\/jornalfatosenoticias.com.br\/wp-content\/uploads\/2020\/02\/logo-Rapuzel-768x428.jpg 768w, https:\/\/jornalfatosenoticias.com.br\/wp-content\/uploads\/2020\/02\/logo-Rapuzel-1536x856.jpg 1536w, https:\/\/jornalfatosenoticias.com.br\/wp-content\/uploads\/2020\/02\/logo-Rapuzel.jpg 1600w\" sizes=\"auto, (max-width: 381px) 100vw, 381px\" \/><\/figure><\/div>\n\n\n\n<hr class=\"wp-block-separator\"\/>\n\n\n\n<h3 class=\"wp-block-heading\"><span class=\"has-inline-color has-black-color\">Federa\u00e7\u00e3o Israelita registra aumento de 263% de den\u00fancias de antissemitismo ap\u00f3s fala de Lula<\/span><\/h3>\n\n\n\n<div class=\"wp-block-image\"><figure class=\"aligncenter size-large\"><img loading=\"lazy\" decoding=\"async\" width=\"960\" height=\"540\" src=\"https:\/\/jornalfatosenoticias.com.br\/wp-content\/uploads\/2024\/02\/lula-frases-israel-hitler.jpg\" alt=\"\" class=\"wp-image-49556\" srcset=\"https:\/\/jornalfatosenoticias.com.br\/wp-content\/uploads\/2024\/02\/lula-frases-israel-hitler.jpg 960w, https:\/\/jornalfatosenoticias.com.br\/wp-content\/uploads\/2024\/02\/lula-frases-israel-hitler-300x169.jpg 300w, https:\/\/jornalfatosenoticias.com.br\/wp-content\/uploads\/2024\/02\/lula-frases-israel-hitler-768x432.jpg 768w\" sizes=\"auto, (max-width: 960px) 100vw, 960px\" \/><figcaption><em><span class=\"has-inline-color has-black-color\">(Foto: Fotomontagem de M\u00e1rio Agra\/C\u00e2mara dos Deputados)<\/span><\/em><\/figcaption><\/figure><\/div>\n\n\n\n<p><span class=\"has-inline-color has-black-color\"><em>De janeiro a fevereiro deste ano Fisesp registrou 602 ataques antissemitas<br><\/em>Por <strong>Raul Holderf Nascimento<\/strong><\/span><\/p>\n\n\n\n<p>A Federa\u00e7\u00e3o Israelita do Estado de S\u00e3o Paulo (Fisesp) veiculou um levantamento indicando que den\u00fancias de casos de antissemitismo cresceram 263% desde que Luiz In\u00e1cio Lula da Silva (PT) comparou os ataques de Israel ao Hamas \u00e0 trag\u00e9dia do Holocausto.<br>Na semana anterior ao discurso de Lula, que ocorreu no \u00faltimo dia 18 deste m\u00eas, na Eti\u00f3pia, o Departamento de Seguran\u00e7a Comunit\u00e1ria da Federa\u00e7\u00e3o Israelita havia recebido cerca de 46 den\u00fancias referentes \u00e0s institui\u00e7\u00f5es de ensino. Ap\u00f3s o pronunciamento do esquerdista, os n\u00fameros dispararam e foram protocoladas 165 novas den\u00fancias, conforme a entidade.<\/p>\n\n\n\n<div class=\"wp-block-image\"><figure class=\"aligncenter size-large is-resized\"><img loading=\"lazy\" decoding=\"async\" src=\"https:\/\/jornalfatosenoticias.com.br\/wp-content\/uploads\/2023\/03\/logo-Panper_portal.jpg\" alt=\"\" class=\"wp-image-40208\" width=\"373\" height=\"258\" srcset=\"https:\/\/jornalfatosenoticias.com.br\/wp-content\/uploads\/2023\/03\/logo-Panper_portal.jpg 400w, https:\/\/jornalfatosenoticias.com.br\/wp-content\/uploads\/2023\/03\/logo-Panper_portal-300x208.jpg 300w\" sizes=\"auto, (max-width: 373px) 100vw, 373px\" \/><\/figure><\/div>\n\n\n\n<p>Os dados da federa\u00e7\u00e3o mostram que os ataques acontecem, majoritariamente, no ambiente virtual por meio de mensagens em grupos de WhatsApp e em redes sociais. Tamb\u00e9m h\u00e1 queixas de judeus que foram v\u00edtimas de agress\u00f5es verbais em ambientes escolares e universit\u00e1rios.<br>Na avalia\u00e7\u00e3o do presidente da Fisesp, Marcos Knobel, a afirma\u00e7\u00e3o de Lula potencializou uma onda antissemita. <\/p>\n\n\n\n<blockquote class=\"wp-block-quote is-layout-flow wp-block-quote-is-layout-flow\"><p><span class=\"has-inline-color has-luminous-vivid-orange-color\">A afirma\u00e7\u00e3o feita pelo presidente fez uma perversa distor\u00e7\u00e3o da realidade, pois estamos vivendo uma onda de ataques antissemitas desde o ataque do Hamas a Israel em 7 de outubro, e isso ganhou ainda mais for\u00e7a ap\u00f3s a declara\u00e7\u00e3o\u201d, relatou Knobel. \u201cOs judeus no Brasil est\u00e3o sendo atacados em qualquer lugar. Inclusive, quatro dessas den\u00fancias s\u00e3o extremamente preocupantes, pois s\u00e3o de jovens em idade escolar que sofreram ataques dentro das institui\u00e7\u00f5es de ensino onde estudam, o que coloca a sua seguran\u00e7a em jogo\u201d, emendou.<\/span><\/p><\/blockquote>\n\n\n\n<div class=\"wp-block-image\"><figure class=\"aligncenter size-large is-resized\"><img loading=\"lazy\" decoding=\"async\" src=\"https:\/\/jornalfatosenoticias.com.br\/wp-content\/uploads\/2020\/02\/CONTROL-CS.jpg\" alt=\"\" class=\"wp-image-44991\" width=\"330\" height=\"395\" srcset=\"https:\/\/jornalfatosenoticias.com.br\/wp-content\/uploads\/2020\/02\/CONTROL-CS.jpg 834w, https:\/\/jornalfatosenoticias.com.br\/wp-content\/uploads\/2020\/02\/CONTROL-CS-250x300.jpg 250w, https:\/\/jornalfatosenoticias.com.br\/wp-content\/uploads\/2020\/02\/CONTROL-CS-768x921.jpg 768w\" sizes=\"auto, (max-width: 330px) 100vw, 330px\" \/><\/figure><\/div>\n\n\n\n<p>De janeiro a fevereiro de 2024, a Fisesp diz ter catalogado 602 casos de antissemitismo, chegando a quase um ter\u00e7o do total de den\u00fancias do ano passado. <strong>(Fonte: Conex\u00e3o Pol\u00edtica)<\/strong><\/p>\n\n\n\n<hr class=\"wp-block-separator\"\/>\n\n\n\n<h3 class=\"wp-block-heading\"><span class=\"has-inline-color has-black-color\">Alvos da PF por desvio milion\u00e1rio s\u00e3o ligados a vice-presidente do PT<\/span><\/h3>\n\n\n\n<div class=\"wp-block-image\"><figure class=\"aligncenter size-large\"><img loading=\"lazy\" decoding=\"async\" width=\"1000\" height=\"667\" src=\"https:\/\/jornalfatosenoticias.com.br\/wp-content\/uploads\/2024\/02\/Washington-Quaqua.jpg\" alt=\"\" class=\"wp-image-49555\" srcset=\"https:\/\/jornalfatosenoticias.com.br\/wp-content\/uploads\/2024\/02\/Washington-Quaqua.jpg 1000w, https:\/\/jornalfatosenoticias.com.br\/wp-content\/uploads\/2024\/02\/Washington-Quaqua-300x200.jpg 300w, https:\/\/jornalfatosenoticias.com.br\/wp-content\/uploads\/2024\/02\/Washington-Quaqua-768x512.jpg 768w\" sizes=\"auto, (max-width: 1000px) 100vw, 1000px\" \/><figcaption><em><span class=\"has-inline-color has-black-color\">(Foto: Billy Boss\/C\u00e2mara dos Deputados)<\/span><\/em><\/figcaption><\/figure><\/div>\n\n\n\n<p>Pelo menos tr\u00eas alvos da Opera\u00e7\u00e3o Salus da Pol\u00edcia Federal, que investigou desvios na Sa\u00fade de Maric\u00e1, foram indicados aos seus cargos pelo vice-presidente do PT Washington Quaqu\u00e1. O munic\u00edpio \u00e9 governado h\u00e1 15 anos pelo PT, oito deles por Quaqu\u00e1 e sete por seu sucessor, o atual prefeito, Fabiano Horta.<\/p>\n\n\n\n<div class=\"wp-block-image\"><figure class=\"aligncenter size-large\"><img loading=\"lazy\" decoding=\"async\" width=\"300\" height=\"250\" src=\"https:\/\/jornalfatosenoticias.com.br\/wp-content\/uploads\/2022\/02\/FERRARI_MAQUINAS-E-FERRAMENTAS2.jpg\" alt=\"\" class=\"wp-image-27860\"\/><\/figure><\/div>\n\n\n\n<p>Entre os alvos de busca e apreens\u00e3o e afastamento das fun\u00e7\u00f5es p\u00fablicas, est\u00e3o a secret\u00e1ria municipal de Sa\u00fade, Solange Regina de Oliveira, Simone da Costa Massa, diretora do Hospital Che Guevara, e Marcelo Costa Velho Mendes de Azevedo, membro e presidente da Comiss\u00e3o de Avalia\u00e7\u00e3o de Desempenho (CAD) do munic\u00edpio. Os tr\u00eas, segundo fontes envolvidas na investiga\u00e7\u00e3o informaram \u00e0 coluna, foram indicadas por Quaqu\u00e1.<br>Al\u00e9m de Quaqu\u00e1 ter emplacado seu sucessor, Fabiano Horta, na prefeitura de Maric\u00e1, seu filho, Diego Zeidan, era vice-prefeito de Fabiano Horta. Filho de Quaqu\u00e1 com a deputada estadual petista Zeidan, Diego Zeidan se licenciou da prefeitura de Maric\u00e1 para assumir a Secretaria de Desenvolvimento Econ\u00f4mico Solid\u00e1rio do Rio.<\/p>\n\n\n\n<div class=\"wp-block-image\"><figure class=\"aligncenter size-large is-resized\"><img loading=\"lazy\" decoding=\"async\" src=\"https:\/\/jornalfatosenoticias.com.br\/wp-content\/uploads\/2022\/02\/Precisao-Contabilidade-1024x724.jpg\" alt=\"\" class=\"wp-image-28088\" width=\"354\" height=\"250\"\/><\/figure><\/div>\n\n\n\n<p>O vice-presidente do PT, que tamb\u00e9m \u00e9 vice-l\u00edder do partido na C\u00e2mara dos Deputados, ser\u00e1 candidato novamente em Maric\u00e1. Quaqu\u00e1 quer seu terceiro mandato no munic\u00edpio. A investiga\u00e7\u00e3o da Pol\u00edcia Federal aponta para um preju\u00edzo estimado em mais de R$ 70 milh\u00f5es em recursos p\u00fablicos destinados \u00e0 sa\u00fade.<br>A investiga\u00e7\u00e3o foi iniciada a partir do relat\u00f3rio de auditoria de conformidade do Tribunal de Contas do Estado (TCE\/RJ), realizado na Secretaria Municipal de Sa\u00fade de Maric\u00e1, no per\u00edodo entre agosto e dezembro de 2022. O documento trouxe ind\u00edcios de crimes na execu\u00e7\u00e3o de um contrato de gest\u00e3o que foi vigente entre os meses de fevereiro de 2020 a 2024 com o Instituto Gnosis, uma organiza\u00e7\u00e3o social de sa\u00fade (OSS).<\/p>\n\n\n\n<div class=\"wp-block-image\"><figure class=\"aligncenter size-large is-resized\"><img loading=\"lazy\" decoding=\"async\" src=\"https:\/\/jornalfatosenoticias.com.br\/wp-content\/uploads\/2023\/03\/nova-logo-Marquetti.jpg\" alt=\"\" class=\"wp-image-40207\" width=\"309\" height=\"207\" srcset=\"https:\/\/jornalfatosenoticias.com.br\/wp-content\/uploads\/2023\/03\/nova-logo-Marquetti.jpg 643w, https:\/\/jornalfatosenoticias.com.br\/wp-content\/uploads\/2023\/03\/nova-logo-Marquetti-300x202.jpg 300w\" sizes=\"auto, (max-width: 309px) 100vw, 309px\" \/><\/figure><\/div>\n\n\n\n<p>Em nota \u00e0 coluna, a Prefeitura de Maric\u00e1 negou os desvios e afirmou que todos os esclarecimentos pedidos pela Justi\u00e7a ser\u00e3o prestados, assim como o cumprimento de todas as determina\u00e7\u00f5es judiciais, como os afastamentos. <strong>(Fonte: Terra Brasil Not\u00edcias)<\/strong><\/p>\n\n\n\n<hr class=\"wp-block-separator\"\/>\n","protected":false},"excerpt":{"rendered":"<p>Professor Harnik Gebara refor\u00e7ou a estimativa de 750 mil pessoas no \u2018Ato Pela Democracia\u2019, em S\u00e3o Paulo Por Raul Holderf Nascimento O perito grafot\u00e9cnico e f\u00edsico Carlos Alberto Harnik Gebara confrontou os n\u00fameros apontados por pesquisadores da Universidade de S\u00e3o Paulo (USP), que colocaram em d\u00favida a estimativa do \u2018Ato Pela Democracia\u2019, ocorrido no \u00faltimo [&hellip;]<\/p>\n","protected":false},"author":3,"featured_media":49561,"comment_status":"open","ping_status":"open","sticky":false,"template":"","format":"standard","meta":{"footnotes":""},"categories":[10],"tags":[22940,22938,162,2153,7580,22939,351],"class_list":["post-49554","post","type-post","status-publish","format-standard","has-post-thumbnail","hentry","category-politica","tag-antissemitismo-de-lula","tag-ato-na-avenida-paulista","tag-israel","tag-judeus","tag-lula","tag-prisao-capitao-assumcao","tag-usp"],"yoast_head":"<!-- This site is optimized with the Yoast SEO plugin v26.5 - https:\/\/yoast.com\/wordpress\/plugins\/seo\/ -->\n<title>A Semana no Brasil e no Mundo \u2014 Perito grafot\u00e9cnico rebate c\u00e1lculo de pesquisadores da USP sobre ato na Avenida Paulista - Jornal Fatos e Not\u00edcias<\/title>\n<meta name=\"robots\" content=\"index, follow, max-snippet:-1, max-image-preview:large, max-video-preview:-1\" \/>\n<link rel=\"canonical\" href=\"https:\/\/jornalfatosenoticias.com.br\/index.php\/2024\/02\/29\/a-semana-no-brasil-e-no-mundo-perito-grafotecnico-rebate-calculo-de-pesquisadores-da-usp-sobre-ato-na-avenida-paulista\/\" \/>\n<meta property=\"og:locale\" content=\"pt_BR\" \/>\n<meta property=\"og:type\" content=\"article\" \/>\n<meta property=\"og:title\" content=\"A Semana no Brasil e no Mundo \u2014 Perito grafot\u00e9cnico rebate c\u00e1lculo de pesquisadores da USP sobre ato na Avenida Paulista - Jornal Fatos e Not\u00edcias\" \/>\n<meta property=\"og:description\" content=\"Professor Harnik Gebara refor\u00e7ou a estimativa de 750 mil pessoas no \u2018Ato Pela Democracia\u2019, em S\u00e3o Paulo Por Raul Holderf Nascimento O perito grafot\u00e9cnico e f\u00edsico Carlos Alberto Harnik Gebara confrontou os n\u00fameros apontados por pesquisadores da Universidade de S\u00e3o Paulo (USP), que colocaram em d\u00favida a estimativa do \u2018Ato Pela Democracia\u2019, ocorrido no \u00faltimo [&hellip;]\" \/>\n<meta property=\"og:url\" content=\"https:\/\/jornalfatosenoticias.com.br\/index.php\/2024\/02\/29\/a-semana-no-brasil-e-no-mundo-perito-grafotecnico-rebate-calculo-de-pesquisadores-da-usp-sobre-ato-na-avenida-paulista\/\" \/>\n<meta property=\"og:site_name\" content=\"Jornal Fatos e Not\u00edcias\" \/>\n<meta property=\"article:published_time\" content=\"2024-02-29T20:59:41+00:00\" \/>\n<meta property=\"article:modified_time\" content=\"2024-02-29T20:59:43+00:00\" \/>\n<meta property=\"og:image\" content=\"https:\/\/jornalfatosenoticias.com.br\/wp-content\/uploads\/2024\/02\/manifestacao-dia-25.jpg\" \/>\n\t<meta property=\"og:image:width\" content=\"720\" \/>\n\t<meta property=\"og:image:height\" content=\"350\" \/>\n\t<meta property=\"og:image:type\" content=\"image\/jpeg\" \/>\n<meta name=\"author\" content=\"Haroldo Filho\" \/>\n<meta name=\"twitter:card\" content=\"summary_large_image\" \/>\n<meta name=\"twitter:label1\" content=\"Escrito por\" \/>\n\t<meta name=\"twitter:data1\" content=\"Haroldo Filho\" \/>\n\t<meta name=\"twitter:label2\" content=\"Est. tempo de leitura\" \/>\n\t<meta name=\"twitter:data2\" content=\"10 minutos\" \/>\n<script type=\"application\/ld+json\" class=\"yoast-schema-graph\">{\"@context\":\"https:\/\/schema.org\",\"@graph\":[{\"@type\":\"Article\",\"@id\":\"https:\/\/jornalfatosenoticias.com.br\/index.php\/2024\/02\/29\/a-semana-no-brasil-e-no-mundo-perito-grafotecnico-rebate-calculo-de-pesquisadores-da-usp-sobre-ato-na-avenida-paulista\/#article\",\"isPartOf\":{\"@id\":\"https:\/\/jornalfatosenoticias.com.br\/index.php\/2024\/02\/29\/a-semana-no-brasil-e-no-mundo-perito-grafotecnico-rebate-calculo-de-pesquisadores-da-usp-sobre-ato-na-avenida-paulista\/\"},\"author\":{\"name\":\"Haroldo Filho\",\"@id\":\"https:\/\/jornalfatosenoticias.com.br\/#\/schema\/person\/05c46cc25b42a5c27e004fb0fa6b4965\"},\"headline\":\"A Semana no Brasil e no Mundo \u2014 Perito grafot\u00e9cnico rebate c\u00e1lculo de pesquisadores da USP sobre ato na Avenida Paulista\",\"datePublished\":\"2024-02-29T20:59:41+00:00\",\"dateModified\":\"2024-02-29T20:59:43+00:00\",\"mainEntityOfPage\":{\"@id\":\"https:\/\/jornalfatosenoticias.com.br\/index.php\/2024\/02\/29\/a-semana-no-brasil-e-no-mundo-perito-grafotecnico-rebate-calculo-de-pesquisadores-da-usp-sobre-ato-na-avenida-paulista\/\"},\"wordCount\":1945,\"commentCount\":0,\"publisher\":{\"@id\":\"https:\/\/jornalfatosenoticias.com.br\/#organization\"},\"image\":{\"@id\":\"https:\/\/jornalfatosenoticias.com.br\/index.php\/2024\/02\/29\/a-semana-no-brasil-e-no-mundo-perito-grafotecnico-rebate-calculo-de-pesquisadores-da-usp-sobre-ato-na-avenida-paulista\/#primaryimage\"},\"thumbnailUrl\":\"https:\/\/jornalfatosenoticias.com.br\/wp-content\/uploads\/2024\/02\/manifestacao-dia-25.jpg\",\"keywords\":[\"antissemitismo de Lula\",\"Ato na Avenida Paulista\",\"Israel\",\"judeus\",\"Lula\",\"pris\u00e3o Capit\u00e3o Assum\u00e7\u00e3o\",\"USP\"],\"articleSection\":[\"Pol\u00edtica\"],\"inLanguage\":\"pt-BR\",\"potentialAction\":[{\"@type\":\"CommentAction\",\"name\":\"Comment\",\"target\":[\"https:\/\/jornalfatosenoticias.com.br\/index.php\/2024\/02\/29\/a-semana-no-brasil-e-no-mundo-perito-grafotecnico-rebate-calculo-de-pesquisadores-da-usp-sobre-ato-na-avenida-paulista\/#respond\"]}]},{\"@type\":\"WebPage\",\"@id\":\"https:\/\/jornalfatosenoticias.com.br\/index.php\/2024\/02\/29\/a-semana-no-brasil-e-no-mundo-perito-grafotecnico-rebate-calculo-de-pesquisadores-da-usp-sobre-ato-na-avenida-paulista\/\",\"url\":\"https:\/\/jornalfatosenoticias.com.br\/index.php\/2024\/02\/29\/a-semana-no-brasil-e-no-mundo-perito-grafotecnico-rebate-calculo-de-pesquisadores-da-usp-sobre-ato-na-avenida-paulista\/\",\"name\":\"A Semana no Brasil e no Mundo \u2014 Perito grafot\u00e9cnico rebate c\u00e1lculo de pesquisadores da USP sobre ato na Avenida Paulista - Jornal Fatos e Not\u00edcias\",\"isPartOf\":{\"@id\":\"https:\/\/jornalfatosenoticias.com.br\/#website\"},\"primaryImageOfPage\":{\"@id\":\"https:\/\/jornalfatosenoticias.com.br\/index.php\/2024\/02\/29\/a-semana-no-brasil-e-no-mundo-perito-grafotecnico-rebate-calculo-de-pesquisadores-da-usp-sobre-ato-na-avenida-paulista\/#primaryimage\"},\"image\":{\"@id\":\"https:\/\/jornalfatosenoticias.com.br\/index.php\/2024\/02\/29\/a-semana-no-brasil-e-no-mundo-perito-grafotecnico-rebate-calculo-de-pesquisadores-da-usp-sobre-ato-na-avenida-paulista\/#primaryimage\"},\"thumbnailUrl\":\"https:\/\/jornalfatosenoticias.com.br\/wp-content\/uploads\/2024\/02\/manifestacao-dia-25.jpg\",\"datePublished\":\"2024-02-29T20:59:41+00:00\",\"dateModified\":\"2024-02-29T20:59:43+00:00\",\"breadcrumb\":{\"@id\":\"https:\/\/jornalfatosenoticias.com.br\/index.php\/2024\/02\/29\/a-semana-no-brasil-e-no-mundo-perito-grafotecnico-rebate-calculo-de-pesquisadores-da-usp-sobre-ato-na-avenida-paulista\/#breadcrumb\"},\"inLanguage\":\"pt-BR\",\"potentialAction\":[{\"@type\":\"ReadAction\",\"target\":[\"https:\/\/jornalfatosenoticias.com.br\/index.php\/2024\/02\/29\/a-semana-no-brasil-e-no-mundo-perito-grafotecnico-rebate-calculo-de-pesquisadores-da-usp-sobre-ato-na-avenida-paulista\/\"]}]},{\"@type\":\"ImageObject\",\"inLanguage\":\"pt-BR\",\"@id\":\"https:\/\/jornalfatosenoticias.com.br\/index.php\/2024\/02\/29\/a-semana-no-brasil-e-no-mundo-perito-grafotecnico-rebate-calculo-de-pesquisadores-da-usp-sobre-ato-na-avenida-paulista\/#primaryimage\",\"url\":\"https:\/\/jornalfatosenoticias.com.br\/wp-content\/uploads\/2024\/02\/manifestacao-dia-25.jpg\",\"contentUrl\":\"https:\/\/jornalfatosenoticias.com.br\/wp-content\/uploads\/2024\/02\/manifestacao-dia-25.jpg\",\"width\":720,\"height\":350},{\"@type\":\"BreadcrumbList\",\"@id\":\"https:\/\/jornalfatosenoticias.com.br\/index.php\/2024\/02\/29\/a-semana-no-brasil-e-no-mundo-perito-grafotecnico-rebate-calculo-de-pesquisadores-da-usp-sobre-ato-na-avenida-paulista\/#breadcrumb\",\"itemListElement\":[{\"@type\":\"ListItem\",\"position\":1,\"name\":\"In\u00edcio\",\"item\":\"https:\/\/jornalfatosenoticias.com.br\/\"},{\"@type\":\"ListItem\",\"position\":2,\"name\":\"A Semana no Brasil e no Mundo \u2014 Perito grafot\u00e9cnico rebate c\u00e1lculo de pesquisadores da USP sobre ato na Avenida Paulista\"}]},{\"@type\":\"WebSite\",\"@id\":\"https:\/\/jornalfatosenoticias.com.br\/#website\",\"url\":\"https:\/\/jornalfatosenoticias.com.br\/\",\"name\":\"Jornal Fatos e Not\u00edcias\",\"description\":\"Not\u00edcias em geral\",\"publisher\":{\"@id\":\"https:\/\/jornalfatosenoticias.com.br\/#organization\"},\"potentialAction\":[{\"@type\":\"SearchAction\",\"target\":{\"@type\":\"EntryPoint\",\"urlTemplate\":\"https:\/\/jornalfatosenoticias.com.br\/?s={search_term_string}\"},\"query-input\":{\"@type\":\"PropertyValueSpecification\",\"valueRequired\":true,\"valueName\":\"search_term_string\"}}],\"inLanguage\":\"pt-BR\"},{\"@type\":\"Organization\",\"@id\":\"https:\/\/jornalfatosenoticias.com.br\/#organization\",\"name\":\"Jornal Fatos e Not\u00edcias\",\"url\":\"https:\/\/jornalfatosenoticias.com.br\/\",\"logo\":{\"@type\":\"ImageObject\",\"inLanguage\":\"pt-BR\",\"@id\":\"https:\/\/jornalfatosenoticias.com.br\/#\/schema\/logo\/image\/\",\"url\":\"https:\/\/jornalfatosenoticias.com.br\/wp-content\/uploads\/2020\/02\/logo120.png\",\"contentUrl\":\"https:\/\/jornalfatosenoticias.com.br\/wp-content\/uploads\/2020\/02\/logo120.png\",\"width\":1227,\"height\":120,\"caption\":\"Jornal Fatos e Not\u00edcias\"},\"image\":{\"@id\":\"https:\/\/jornalfatosenoticias.com.br\/#\/schema\/logo\/image\/\"}},{\"@type\":\"Person\",\"@id\":\"https:\/\/jornalfatosenoticias.com.br\/#\/schema\/person\/05c46cc25b42a5c27e004fb0fa6b4965\",\"name\":\"Haroldo Filho\",\"image\":{\"@type\":\"ImageObject\",\"inLanguage\":\"pt-BR\",\"@id\":\"https:\/\/jornalfatosenoticias.com.br\/#\/schema\/person\/image\/\",\"url\":\"https:\/\/jornalfatosenoticias.com.br\/wp-content\/uploads\/2025\/08\/WhatsApp-Image-2025-08-18-at-15.30.28-150x150.jpeg\",\"contentUrl\":\"https:\/\/jornalfatosenoticias.com.br\/wp-content\/uploads\/2025\/08\/WhatsApp-Image-2025-08-18-at-15.30.28-150x150.jpeg\",\"caption\":\"Haroldo Filho\"},\"description\":\"Jornalista \u2013 DRT: 0003818\/ES Coordenador-geral da ONG Educar para Crescer\",\"url\":\"https:\/\/jornalfatosenoticias.com.br\/index.php\/author\/haroldo\/\"}]}<\/script>\n<!-- \/ Yoast SEO plugin. -->","yoast_head_json":{"title":"A Semana no Brasil e no Mundo \u2014 Perito grafot\u00e9cnico rebate c\u00e1lculo de pesquisadores da USP sobre ato na Avenida Paulista - Jornal Fatos e Not\u00edcias","robots":{"index":"index","follow":"follow","max-snippet":"max-snippet:-1","max-image-preview":"max-image-preview:large","max-video-preview":"max-video-preview:-1"},"canonical":"https:\/\/jornalfatosenoticias.com.br\/index.php\/2024\/02\/29\/a-semana-no-brasil-e-no-mundo-perito-grafotecnico-rebate-calculo-de-pesquisadores-da-usp-sobre-ato-na-avenida-paulista\/","og_locale":"pt_BR","og_type":"article","og_title":"A Semana no Brasil e no Mundo \u2014 Perito grafot\u00e9cnico rebate c\u00e1lculo de pesquisadores da USP sobre ato na Avenida Paulista - Jornal Fatos e Not\u00edcias","og_description":"Professor Harnik Gebara refor\u00e7ou a estimativa de 750 mil pessoas no \u2018Ato Pela Democracia\u2019, em S\u00e3o Paulo Por Raul Holderf Nascimento O perito grafot\u00e9cnico e f\u00edsico Carlos Alberto Harnik Gebara confrontou os n\u00fameros apontados por pesquisadores da Universidade de S\u00e3o Paulo (USP), que colocaram em d\u00favida a estimativa do \u2018Ato Pela Democracia\u2019, ocorrido no \u00faltimo [&hellip;]","og_url":"https:\/\/jornalfatosenoticias.com.br\/index.php\/2024\/02\/29\/a-semana-no-brasil-e-no-mundo-perito-grafotecnico-rebate-calculo-de-pesquisadores-da-usp-sobre-ato-na-avenida-paulista\/","og_site_name":"Jornal Fatos e Not\u00edcias","article_published_time":"2024-02-29T20:59:41+00:00","article_modified_time":"2024-02-29T20:59:43+00:00","og_image":[{"width":720,"height":350,"url":"https:\/\/jornalfatosenoticias.com.br\/wp-content\/uploads\/2024\/02\/manifestacao-dia-25.jpg","type":"image\/jpeg"}],"author":"Haroldo Filho","twitter_card":"summary_large_image","twitter_misc":{"Escrito por":"Haroldo Filho","Est. tempo de leitura":"10 minutos"},"schema":{"@context":"https:\/\/schema.org","@graph":[{"@type":"Article","@id":"https:\/\/jornalfatosenoticias.com.br\/index.php\/2024\/02\/29\/a-semana-no-brasil-e-no-mundo-perito-grafotecnico-rebate-calculo-de-pesquisadores-da-usp-sobre-ato-na-avenida-paulista\/#article","isPartOf":{"@id":"https:\/\/jornalfatosenoticias.com.br\/index.php\/2024\/02\/29\/a-semana-no-brasil-e-no-mundo-perito-grafotecnico-rebate-calculo-de-pesquisadores-da-usp-sobre-ato-na-avenida-paulista\/"},"author":{"name":"Haroldo Filho","@id":"https:\/\/jornalfatosenoticias.com.br\/#\/schema\/person\/05c46cc25b42a5c27e004fb0fa6b4965"},"headline":"A Semana no Brasil e no Mundo \u2014 Perito grafot\u00e9cnico rebate c\u00e1lculo de pesquisadores da USP sobre ato na Avenida Paulista","datePublished":"2024-02-29T20:59:41+00:00","dateModified":"2024-02-29T20:59:43+00:00","mainEntityOfPage":{"@id":"https:\/\/jornalfatosenoticias.com.br\/index.php\/2024\/02\/29\/a-semana-no-brasil-e-no-mundo-perito-grafotecnico-rebate-calculo-de-pesquisadores-da-usp-sobre-ato-na-avenida-paulista\/"},"wordCount":1945,"commentCount":0,"publisher":{"@id":"https:\/\/jornalfatosenoticias.com.br\/#organization"},"image":{"@id":"https:\/\/jornalfatosenoticias.com.br\/index.php\/2024\/02\/29\/a-semana-no-brasil-e-no-mundo-perito-grafotecnico-rebate-calculo-de-pesquisadores-da-usp-sobre-ato-na-avenida-paulista\/#primaryimage"},"thumbnailUrl":"https:\/\/jornalfatosenoticias.com.br\/wp-content\/uploads\/2024\/02\/manifestacao-dia-25.jpg","keywords":["antissemitismo de Lula","Ato na Avenida Paulista","Israel","judeus","Lula","pris\u00e3o Capit\u00e3o Assum\u00e7\u00e3o","USP"],"articleSection":["Pol\u00edtica"],"inLanguage":"pt-BR","potentialAction":[{"@type":"CommentAction","name":"Comment","target":["https:\/\/jornalfatosenoticias.com.br\/index.php\/2024\/02\/29\/a-semana-no-brasil-e-no-mundo-perito-grafotecnico-rebate-calculo-de-pesquisadores-da-usp-sobre-ato-na-avenida-paulista\/#respond"]}]},{"@type":"WebPage","@id":"https:\/\/jornalfatosenoticias.com.br\/index.php\/2024\/02\/29\/a-semana-no-brasil-e-no-mundo-perito-grafotecnico-rebate-calculo-de-pesquisadores-da-usp-sobre-ato-na-avenida-paulista\/","url":"https:\/\/jornalfatosenoticias.com.br\/index.php\/2024\/02\/29\/a-semana-no-brasil-e-no-mundo-perito-grafotecnico-rebate-calculo-de-pesquisadores-da-usp-sobre-ato-na-avenida-paulista\/","name":"A Semana no Brasil e no Mundo \u2014 Perito grafot\u00e9cnico rebate c\u00e1lculo de pesquisadores da USP sobre ato na Avenida Paulista - Jornal Fatos e Not\u00edcias","isPartOf":{"@id":"https:\/\/jornalfatosenoticias.com.br\/#website"},"primaryImageOfPage":{"@id":"https:\/\/jornalfatosenoticias.com.br\/index.php\/2024\/02\/29\/a-semana-no-brasil-e-no-mundo-perito-grafotecnico-rebate-calculo-de-pesquisadores-da-usp-sobre-ato-na-avenida-paulista\/#primaryimage"},"image":{"@id":"https:\/\/jornalfatosenoticias.com.br\/index.php\/2024\/02\/29\/a-semana-no-brasil-e-no-mundo-perito-grafotecnico-rebate-calculo-de-pesquisadores-da-usp-sobre-ato-na-avenida-paulista\/#primaryimage"},"thumbnailUrl":"https:\/\/jornalfatosenoticias.com.br\/wp-content\/uploads\/2024\/02\/manifestacao-dia-25.jpg","datePublished":"2024-02-29T20:59:41+00:00","dateModified":"2024-02-29T20:59:43+00:00","breadcrumb":{"@id":"https:\/\/jornalfatosenoticias.com.br\/index.php\/2024\/02\/29\/a-semana-no-brasil-e-no-mundo-perito-grafotecnico-rebate-calculo-de-pesquisadores-da-usp-sobre-ato-na-avenida-paulista\/#breadcrumb"},"inLanguage":"pt-BR","potentialAction":[{"@type":"ReadAction","target":["https:\/\/jornalfatosenoticias.com.br\/index.php\/2024\/02\/29\/a-semana-no-brasil-e-no-mundo-perito-grafotecnico-rebate-calculo-de-pesquisadores-da-usp-sobre-ato-na-avenida-paulista\/"]}]},{"@type":"ImageObject","inLanguage":"pt-BR","@id":"https:\/\/jornalfatosenoticias.com.br\/index.php\/2024\/02\/29\/a-semana-no-brasil-e-no-mundo-perito-grafotecnico-rebate-calculo-de-pesquisadores-da-usp-sobre-ato-na-avenida-paulista\/#primaryimage","url":"https:\/\/jornalfatosenoticias.com.br\/wp-content\/uploads\/2024\/02\/manifestacao-dia-25.jpg","contentUrl":"https:\/\/jornalfatosenoticias.com.br\/wp-content\/uploads\/2024\/02\/manifestacao-dia-25.jpg","width":720,"height":350},{"@type":"BreadcrumbList","@id":"https:\/\/jornalfatosenoticias.com.br\/index.php\/2024\/02\/29\/a-semana-no-brasil-e-no-mundo-perito-grafotecnico-rebate-calculo-de-pesquisadores-da-usp-sobre-ato-na-avenida-paulista\/#breadcrumb","itemListElement":[{"@type":"ListItem","position":1,"name":"In\u00edcio","item":"https:\/\/jornalfatosenoticias.com.br\/"},{"@type":"ListItem","position":2,"name":"A Semana no Brasil e no Mundo \u2014 Perito grafot\u00e9cnico rebate c\u00e1lculo de pesquisadores da USP sobre ato na Avenida Paulista"}]},{"@type":"WebSite","@id":"https:\/\/jornalfatosenoticias.com.br\/#website","url":"https:\/\/jornalfatosenoticias.com.br\/","name":"Jornal Fatos e Not\u00edcias","description":"Not\u00edcias em geral","publisher":{"@id":"https:\/\/jornalfatosenoticias.com.br\/#organization"},"potentialAction":[{"@type":"SearchAction","target":{"@type":"EntryPoint","urlTemplate":"https:\/\/jornalfatosenoticias.com.br\/?s={search_term_string}"},"query-input":{"@type":"PropertyValueSpecification","valueRequired":true,"valueName":"search_term_string"}}],"inLanguage":"pt-BR"},{"@type":"Organization","@id":"https:\/\/jornalfatosenoticias.com.br\/#organization","name":"Jornal Fatos e Not\u00edcias","url":"https:\/\/jornalfatosenoticias.com.br\/","logo":{"@type":"ImageObject","inLanguage":"pt-BR","@id":"https:\/\/jornalfatosenoticias.com.br\/#\/schema\/logo\/image\/","url":"https:\/\/jornalfatosenoticias.com.br\/wp-content\/uploads\/2020\/02\/logo120.png","contentUrl":"https:\/\/jornalfatosenoticias.com.br\/wp-content\/uploads\/2020\/02\/logo120.png","width":1227,"height":120,"caption":"Jornal Fatos e Not\u00edcias"},"image":{"@id":"https:\/\/jornalfatosenoticias.com.br\/#\/schema\/logo\/image\/"}},{"@type":"Person","@id":"https:\/\/jornalfatosenoticias.com.br\/#\/schema\/person\/05c46cc25b42a5c27e004fb0fa6b4965","name":"Haroldo Filho","image":{"@type":"ImageObject","inLanguage":"pt-BR","@id":"https:\/\/jornalfatosenoticias.com.br\/#\/schema\/person\/image\/","url":"https:\/\/jornalfatosenoticias.com.br\/wp-content\/uploads\/2025\/08\/WhatsApp-Image-2025-08-18-at-15.30.28-150x150.jpeg","contentUrl":"https:\/\/jornalfatosenoticias.com.br\/wp-content\/uploads\/2025\/08\/WhatsApp-Image-2025-08-18-at-15.30.28-150x150.jpeg","caption":"Haroldo Filho"},"description":"Jornalista \u2013 DRT: 0003818\/ES Coordenador-geral da ONG Educar para Crescer","url":"https:\/\/jornalfatosenoticias.com.br\/index.php\/author\/haroldo\/"}]}},"cc_featured_image_caption":{"caption_text":"(Foto: Reprodu\u00e7\u00e3o CNN)","source_text":"","source_url":""},"jetpack_featured_media_url":"https:\/\/jornalfatosenoticias.com.br\/wp-content\/uploads\/2024\/02\/manifestacao-dia-25.jpg","_links":{"self":[{"href":"https:\/\/jornalfatosenoticias.com.br\/index.php\/wp-json\/wp\/v2\/posts\/49554","targetHints":{"allow":["GET"]}}],"collection":[{"href":"https:\/\/jornalfatosenoticias.com.br\/index.php\/wp-json\/wp\/v2\/posts"}],"about":[{"href":"https:\/\/jornalfatosenoticias.com.br\/index.php\/wp-json\/wp\/v2\/types\/post"}],"author":[{"embeddable":true,"href":"https:\/\/jornalfatosenoticias.com.br\/index.php\/wp-json\/wp\/v2\/users\/3"}],"replies":[{"embeddable":true,"href":"https:\/\/jornalfatosenoticias.com.br\/index.php\/wp-json\/wp\/v2\/comments?post=49554"}],"version-history":[{"count":0,"href":"https:\/\/jornalfatosenoticias.com.br\/index.php\/wp-json\/wp\/v2\/posts\/49554\/revisions"}],"wp:featuredmedia":[{"embeddable":true,"href":"https:\/\/jornalfatosenoticias.com.br\/index.php\/wp-json\/wp\/v2\/media\/49561"}],"wp:attachment":[{"href":"https:\/\/jornalfatosenoticias.com.br\/index.php\/wp-json\/wp\/v2\/media?parent=49554"}],"wp:term":[{"taxonomy":"category","embeddable":true,"href":"https:\/\/jornalfatosenoticias.com.br\/index.php\/wp-json\/wp\/v2\/categories?post=49554"},{"taxonomy":"post_tag","embeddable":true,"href":"https:\/\/jornalfatosenoticias.com.br\/index.php\/wp-json\/wp\/v2\/tags?post=49554"}],"curies":[{"name":"wp","href":"https:\/\/api.w.org\/{rel}","templated":true}]}}