{"id":49590,"date":"2024-03-01T15:23:03","date_gmt":"2024-03-01T18:23:03","guid":{"rendered":"https:\/\/jornalfatosenoticias.com.br\/?p=49590"},"modified":"2024-03-01T15:23:05","modified_gmt":"2024-03-01T18:23:05","slug":"sbp-lanca-cartilha-que-ajuda-a-identificar-atrasos-no-desenvolvimento-infantil","status":"publish","type":"post","link":"https:\/\/jornalfatosenoticias.com.br\/index.php\/2024\/03\/01\/sbp-lanca-cartilha-que-ajuda-a-identificar-atrasos-no-desenvolvimento-infantil\/","title":{"rendered":"SBP lan\u00e7a cartilha que ajuda a identificar atrasos no desenvolvimento infantil"},"content":{"rendered":"\n<p><span class=\"has-inline-color has-black-color\"><em>Com cerca de um ano de idade, a crian\u00e7a come\u00e7a a caminhar, apoiando-se nos m\u00f3veis da casa<\/em><\/span><\/p>\n\n\n\n<div class=\"wp-block-image\"><figure class=\"aligncenter size-large\"><img loading=\"lazy\" decoding=\"async\" width=\"729\" height=\"90\" src=\"https:\/\/jornalfatosenoticias.com.br\/wp-content\/uploads\/2020\/02\/Logo_Mizu.png\" alt=\"\" class=\"wp-image-1441\" srcset=\"https:\/\/jornalfatosenoticias.com.br\/wp-content\/uploads\/2020\/02\/Logo_Mizu.png 729w, https:\/\/jornalfatosenoticias.com.br\/wp-content\/uploads\/2020\/02\/Logo_Mizu-300x37.png 300w\" sizes=\"auto, (max-width: 729px) 100vw, 729px\" \/><\/figure><\/div>\n\n\n\n<p>A maneira como o beb\u00ea brinca, aprende, se comunica e se movimenta d\u00e1 <a href=\"https:\/\/cangurunews.com.br\/saiba-por-que-os-primeiros-mil-dias-sao-tao-importantes-para-o-bebe\/\">pistas importantes sobre seu desenvolvimento<\/a>. Aos dois meses, por exemplo, a maioria dos beb\u00eas costuma olhar para o rosto de seus cuidadores. Aos quatro meses, eles passam a fazer sons como \u201coooo\u201d e \u201caahh\u201d, e aos seis meses j\u00e1 s\u00e3o capazes de reconhecer pessoas de seu conv\u00edvio familiar. Esses s\u00e3o alguns dos marcos comuns de cada etapa do desenvolvimento infantil, conforme explica a <em>Cartilha de Desenvolvimento de dois meses a cinco anos,<\/em> lan\u00e7ada pela Sociedade Brasileira de Pediatria (SBP) em parceria com a Sociedade Paraibana de Pediatria (SPP).<br>Destinado a pais e pediatras, o documento foi elaborado pelo Centers of Disease Control and Prevention (CDC), dos Estados Unidos, e traduzido para o portugu\u00eas por m\u00e9dicos da SBP com o objetivo de ajudar na identifica\u00e7\u00e3o precoce e tratamento de <a href=\"https:\/\/cangurunews.com.br\/livros-digitais-sobre-marcos-motores\/\">eventuais sinais de atraso do\u00a0neurodesenvolvimento<\/a>. Segundo a presidente do Departamento Cient\u00edfico de Desenvolvimento e Comportamento da SBP, Liubiana Arantes de Ara\u00fajo, a cartilha busca informar as equipes de sa\u00fade e de educa\u00e7\u00e3o, bem como pais e outras pessoas que lidam com crian\u00e7as, sobre os marcos de desenvolvimento esperados para cada idade, e maneiras de estimular a crian\u00e7a. <\/p>\n\n\n\n<div class=\"wp-block-image\"><figure class=\"aligncenter size-large\"><img loading=\"lazy\" decoding=\"async\" width=\"300\" height=\"250\" src=\"https:\/\/jornalfatosenoticias.com.br\/wp-content\/uploads\/2020\/02\/Banner-2.png\" alt=\"\" class=\"wp-image-43787\"\/><\/figure><\/div>\n\n\n\n<blockquote class=\"wp-block-quote is-layout-flow wp-block-quote-is-layout-flow\"><p><span class=\"has-inline-color has-luminous-vivid-orange-color\">Se a crian\u00e7a tem algum atraso ou algum risco, ela necessita de uma avalia\u00e7\u00e3o e uma interven\u00e7\u00e3o imediatas\u201d, destacou a m\u00e9dica em entrevista \u00e0 Ag\u00eancia Brasil.<\/span><\/p><\/blockquote>\n\n\n\n<div class=\"wp-block-image\"><figure class=\"aligncenter size-large is-resized\"><img loading=\"lazy\" decoding=\"async\" src=\"https:\/\/jornalfatosenoticias.com.br\/wp-content\/uploads\/2020\/02\/logo-Rapuzel-1024x571.jpg\" alt=\"\" class=\"wp-image-42808\" width=\"359\" height=\"200\" srcset=\"https:\/\/jornalfatosenoticias.com.br\/wp-content\/uploads\/2020\/02\/logo-Rapuzel-1024x571.jpg 1024w, https:\/\/jornalfatosenoticias.com.br\/wp-content\/uploads\/2020\/02\/logo-Rapuzel-300x167.jpg 300w, https:\/\/jornalfatosenoticias.com.br\/wp-content\/uploads\/2020\/02\/logo-Rapuzel-768x428.jpg 768w, https:\/\/jornalfatosenoticias.com.br\/wp-content\/uploads\/2020\/02\/logo-Rapuzel-1536x856.jpg 1536w, https:\/\/jornalfatosenoticias.com.br\/wp-content\/uploads\/2020\/02\/logo-Rapuzel.jpg 1600w\" sizes=\"auto, (max-width: 359px) 100vw, 359px\" \/><\/figure><\/div>\n\n\n\n<p><strong><span class=\"has-inline-color has-vivid-purple-color\">Marcos servem de refer\u00eancia para crian\u00e7as de todo o mundo<br><\/span><\/strong>Embora a cartilha tenha sido elaborada nos Estados Unidos, os marcos do desenvolvimento s\u00e3o os mesmos para crian\u00e7as de qualquer lugar do mundo. \u201cO c\u00e9rebro tem as etapas que j\u00e1 s\u00e3o previamente determinadas pela gen\u00e9tica. Ent\u00e3o, tanto no Brasil, Estados Unidos, Europa, \u00c1sia, uma crian\u00e7a tem que andar por volta de um ano. Se ela tem um ano e sete meses e n\u00e3o anda, ela tem um atraso porque o c\u00e9rebro desenvolve a sua arquitetura da mesma forma, com etapas. \u00c9 claro que a crian\u00e7a pode andar com 10 meses, um ano, um ano e dois meses. Tem um intervalo de varia\u00e7\u00e3o, mas existem limites que s\u00e3o estabelecidos para qualquer crian\u00e7a, independente de onde ela viva. O que a gente entende \u00e9 que n\u00e3o pode subestimar o potencial de desenvolvimento da crian\u00e7a\u201d, ressaltou Liubiana.<\/p>\n\n\n\n<div class=\"wp-block-image\"><figure class=\"aligncenter size-large is-resized\"><img loading=\"lazy\" decoding=\"async\" src=\"https:\/\/jornalfatosenoticias.com.br\/wp-content\/uploads\/2024\/01\/consultoria-ambiental.jpg\" alt=\"\" class=\"wp-image-48314\" width=\"329\" height=\"297\" srcset=\"https:\/\/jornalfatosenoticias.com.br\/wp-content\/uploads\/2024\/01\/consultoria-ambiental.jpg 832w, https:\/\/jornalfatosenoticias.com.br\/wp-content\/uploads\/2024\/01\/consultoria-ambiental-300x272.jpg 300w, https:\/\/jornalfatosenoticias.com.br\/wp-content\/uploads\/2024\/01\/consultoria-ambiental-768x696.jpg 768w\" sizes=\"auto, (max-width: 329px) 100vw, 329px\" \/><\/figure><\/div>\n\n\n\n<p>Segundo ela, uma crian\u00e7a brasileira, por exemplo, tem o mesmo potencial de outra que mora em pa\u00edses desenvolvidos. A gen\u00e9tica \u00e9 que vai determinar isso, embora ela seja influenciada pelo ambiente. <\/p>\n\n\n\n<blockquote class=\"wp-block-quote is-layout-flow wp-block-quote-is-layout-flow\"><p><span class=\"has-inline-color has-luminous-vivid-orange-color\">As pessoas entendendo que, em um ambiente rico de est\u00edmulo, trabalhando para uma boa nutri\u00e7\u00e3o, para cuidar de evitar problemas de sa\u00fade, essa crian\u00e7a pode adquirir o seu pleno potencial de desenvolvimento, independente do pa\u00eds em que nasceu\u201d.<\/span><\/p><\/blockquote>\n\n\n\n<div class=\"wp-block-image\"><figure class=\"aligncenter size-large is-resized\"><img loading=\"lazy\" decoding=\"async\" src=\"https:\/\/jornalfatosenoticias.com.br\/wp-content\/uploads\/2023\/03\/nova-logo-Marquetti.jpg\" alt=\"\" class=\"wp-image-40207\" width=\"343\" height=\"230\" srcset=\"https:\/\/jornalfatosenoticias.com.br\/wp-content\/uploads\/2023\/03\/nova-logo-Marquetti.jpg 643w, https:\/\/jornalfatosenoticias.com.br\/wp-content\/uploads\/2023\/03\/nova-logo-Marquetti-300x202.jpg 300w\" sizes=\"auto, (max-width: 343px) 100vw, 343px\" \/><\/figure><\/div>\n\n\n\n<p>Liubiana informou ainda que a ideia \u00e9 que a cartilha sirva \u00e0 conscientiza\u00e7\u00e3o dos pediatras de todo o Brasil, para que eles possam entender melhor sobre o desenvolvimento das crian\u00e7as, saber fazer avalia\u00e7\u00e3o, orientar os pais nos casos em que forem identificados atrasos. Conforme destaca o pediatra paraibano Fl\u00e1vio Melo, integrante do Departamento Cient\u00edfico de Pediatria Ambulatorial da SPP, os cinco primeiros anos de vida das crian\u00e7as s\u00e3o essenciais para um neurodesenvolvimento pleno do ser humano e, nessa fase, o comportamento verificado oferece pistas importantes sobre a sa\u00fade e o pleno desenvolvimento. O documento pode ser acessado <a href=\"https:\/\/www.sbp.com.br\/fileadmin\/user_upload\/sbp\/2024\/fevereiro\/26\/novo-Cartilha_de_Desenvolvimento-2meses-5anos_compressed.pdf\" target=\"_blank\" rel=\"noreferrer noopener\">no\u00a0site\u00a0da SBP<\/a>.<\/p>\n\n\n\n<div class=\"wp-block-image\"><figure class=\"aligncenter size-large\"><img loading=\"lazy\" decoding=\"async\" width=\"612\" height=\"434\" src=\"https:\/\/jornalfatosenoticias.com.br\/wp-content\/uploads\/2024\/03\/desenvolvimento-infantil_gettyimages.jpg\" alt=\"\" class=\"wp-image-49591\" srcset=\"https:\/\/jornalfatosenoticias.com.br\/wp-content\/uploads\/2024\/03\/desenvolvimento-infantil_gettyimages.jpg 612w, https:\/\/jornalfatosenoticias.com.br\/wp-content\/uploads\/2024\/03\/desenvolvimento-infantil_gettyimages-300x213.jpg 300w\" sizes=\"auto, (max-width: 612px) 100vw, 612px\" \/><figcaption><em><span class=\"has-inline-color has-black-color\">Desenvolvimento infantil (Foto: Getty Images)<\/span><\/em><\/figcaption><\/figure><\/div>\n\n\n\n<p><strong><span class=\"has-inline-color has-black-color\">Marcos comuns do desenvolvimento infantil*<br><\/span>\u279c<\/strong> <strong>Dois meses de idade<br><\/strong>Emite sons diferentes ao chorar<br>Reage a sons altos<br>Mant\u00e9m a cabe\u00e7a erguida quando est\u00e1 de bru\u00e7os<\/p>\n\n\n\n<div class=\"wp-block-image\"><figure class=\"aligncenter size-large\"><img decoding=\"async\" src=\"https:\/\/jornalfatosenoticias.com.br\/wp-content\/uploads\/2020\/02\/logo_esteio.jpg\" alt=\"\" class=\"wp-image-1214\"\/><\/figure><\/div>\n\n\n\n<p><strong>\u279c<\/strong> <strong>Quatro meses de idade<br><\/strong>Mant\u00e9m a cabe\u00e7a firme sem apoio quando \u00e9 segurado<br>Leva as m\u00e3os para a boca<br>Se estiver com fome, abre a boca quando v\u00ea a mama ou a mamadeira<\/p>\n\n\n\n<p><strong>\u279c<\/strong> <strong>Seis meses de idade<br><\/strong>Faz barulhos agudos como \u201cgritinhos<br>Coloca coisas na boca para explor\u00e1-las<br>Vira de barriga para cima para barriga para baixo<\/p>\n\n\n\n<div class=\"wp-block-image\"><figure class=\"aligncenter size-large is-resized\"><img loading=\"lazy\" decoding=\"async\" src=\"https:\/\/jornalfatosenoticias.com.br\/wp-content\/uploads\/2023\/12\/pegoretti-logo-pdf-1024x389.jpg\" alt=\"\" class=\"wp-image-47536\" width=\"477\" height=\"181\" srcset=\"https:\/\/jornalfatosenoticias.com.br\/wp-content\/uploads\/2023\/12\/pegoretti-logo-pdf-1024x389.jpg 1024w, https:\/\/jornalfatosenoticias.com.br\/wp-content\/uploads\/2023\/12\/pegoretti-logo-pdf-300x114.jpg 300w, https:\/\/jornalfatosenoticias.com.br\/wp-content\/uploads\/2023\/12\/pegoretti-logo-pdf-768x291.jpg 768w, https:\/\/jornalfatosenoticias.com.br\/wp-content\/uploads\/2023\/12\/pegoretti-logo-pdf.jpg 1120w\" sizes=\"auto, (max-width: 477px) 100vw, 477px\" \/><\/figure><\/div>\n\n\n\n<p><strong>\u279c<\/strong> <strong>Nove meses de idade<br><\/strong>Mostra v\u00e1rias express\u00f5es faciais, como feliz, triste, irritado e surpreso<br>Faz sons diferentes como \u201cmamamama\u201d e \u201cbabababa\u201d<br>Consegue sentar sozinho<\/p>\n\n\n\n<p><strong>\u279c<\/strong> <strong>Um ano de idade<br><\/strong>Caminha, segurando nos m\u00f3veis<br>Chama \u201cmama\u201d, \u201cpapa\u201d ou algum outro nome especial<br>Procura coisas que ele viu esconderem, como um brinquedo debaixo de um cobertor<\/p>\n\n\n\n<div class=\"wp-block-image\"><figure class=\"aligncenter size-large is-resized\"><img loading=\"lazy\" decoding=\"async\" src=\"https:\/\/jornalfatosenoticias.com.br\/wp-content\/uploads\/2022\/02\/Precisao-Contabilidade-1024x724.jpg\" alt=\"\" class=\"wp-image-28088\" width=\"321\" height=\"227\"\/><\/figure><\/div>\n\n\n\n<p><strong>\u279c<\/strong> <strong>15 meses de idade<br><\/strong>D\u00e1 alguns passos por conta pr\u00f3pria<br>Imita outras crian\u00e7as enquanto brinca, como tirar brinquedos de um recipiente quando outra crian\u00e7a faz o mesmo<br>Tenta usar as coisas da maneira correta, como um telefone, copo ou livro<\/p>\n\n\n\n<p><strong>\u279c<\/strong> <strong>18 meses de idade<br><\/strong>Afasta-se do adulto cuidador, mas procura ter certeza de que ele est\u00e1 por perto<br>Tenta dizer tr\u00eas ou mais palavras al\u00e9m de \u201cmam\u00e3e\u201d ou \u201cpap\u00e1\u201d<br>Consegue rabiscar<\/p>\n\n\n\n<div class=\"wp-block-image\"><figure class=\"aligncenter size-large is-resized\"><img loading=\"lazy\" decoding=\"async\" src=\"https:\/\/jornalfatosenoticias.com.br\/wp-content\/uploads\/2023\/09\/vetorvix1024_1.jpg\" alt=\"\" class=\"wp-image-44868\" width=\"531\" height=\"141\" srcset=\"https:\/\/jornalfatosenoticias.com.br\/wp-content\/uploads\/2023\/09\/vetorvix1024_1.jpg 1024w, https:\/\/jornalfatosenoticias.com.br\/wp-content\/uploads\/2023\/09\/vetorvix1024_1-300x80.jpg 300w, https:\/\/jornalfatosenoticias.com.br\/wp-content\/uploads\/2023\/09\/vetorvix1024_1-768x205.jpg 768w\" sizes=\"auto, (max-width: 531px) 100vw, 531px\" \/><\/figure><\/div>\n\n\n\n<p><strong>\u279c<\/strong> <strong>Dois de anos de idade<br><\/strong>Olha para o rosto do cuidador para ver como reagir em uma nova situa\u00e7\u00e3o<br>Diz pelo menos duas palavras juntas, como \u201cmais leite\u201d<br>Corre e chuta uma bola<\/p>\n\n\n\n<p><strong>\u279c<\/strong> <strong>Dois anos e meio de idade<br><\/strong>Brinca com outras crian\u00e7as, ou pr\u00f3ximo a elas<br>Nomeia coisas em um livro quando voc\u00ea aponta e pergunta: \u201cO que \u00e9 isso?\u201d<br>Tira algumas roupas sozinho, como cal\u00e7as soltas ou uma jaqueta aberta<\/p>\n\n\n\n<div class=\"wp-block-image\"><figure class=\"aligncenter size-large\"><img decoding=\"async\" src=\"https:\/\/jornalfatosenoticias.com.br\/wp-content\/uploads\/2020\/02\/barao-das-carnes-300x164-1.jpg\" alt=\"\" class=\"wp-image-34339\"\/><\/figure><\/div>\n\n\n\n<p><strong>\u279c<\/strong> <strong>Tr\u00eas anos de idade<br><\/strong>Acalma-se dentro de 10 minutos depois de deix\u00e1-lo entregue na creche<br>Pergunta \u201cquem\u201d, \u201co qu\u00ea\u201d, \u201conde\u201d ou \u201cpor qu\u00ea\u201d, como \u201cOnde est\u00e1 a mam\u00e3e\/papai?<br>Veste algumas roupas sozinho<\/p>\n\n\n\n<div class=\"wp-block-image\"><figure class=\"aligncenter size-large\"><img loading=\"lazy\" decoding=\"async\" width=\"300\" height=\"250\" src=\"https:\/\/jornalfatosenoticias.com.br\/wp-content\/uploads\/2022\/02\/FERRARI_MAQUINAS-E-FERRAMENTAS2.jpg\" alt=\"\" class=\"wp-image-27860\"\/><\/figure><\/div>\n\n\n\n<p><strong>\u279c<\/strong> <strong>Quatro anos de idade<br><\/strong>Fala sobre, pelo menos, uma coisa que aconteceu durante o dia<br>Finge ser um personagem ao brincar (professor, super-her\u00f3i, cachorro)<br>Nomeia algumas cores de objetos<\/p>\n\n\n\n<p><strong>\u279c<\/strong> <strong>Cinco anos de idade<br><\/strong>Faz tarefas simples em casa, como combinar meias ou limpar a mesa depois de comer<br>Conta at\u00e9 10<br>Escreve algumas letras do pr\u00f3prio nome<\/p>\n\n\n\n<div class=\"wp-block-image\"><figure class=\"aligncenter size-large is-resized\"><img loading=\"lazy\" decoding=\"async\" src=\"https:\/\/jornalfatosenoticias.com.br\/wp-content\/uploads\/2023\/03\/logo-Panper_portal.jpg\" alt=\"\" class=\"wp-image-40208\" width=\"326\" height=\"226\" srcset=\"https:\/\/jornalfatosenoticias.com.br\/wp-content\/uploads\/2023\/03\/logo-Panper_portal.jpg 400w, https:\/\/jornalfatosenoticias.com.br\/wp-content\/uploads\/2023\/03\/logo-Panper_portal-300x208.jpg 300w\" sizes=\"auto, (max-width: 326px) 100vw, 326px\" \/><\/figure><\/div>\n\n\n\n<p><em><span class=\"has-inline-color has-black-color\">*Fonte: Cartilha de Desenvolvimento de dois meses a cinco anos<\/span><\/em><\/p>\n\n\n\n<p><strong><em>Fonte: <a href=\"https:\/\/cangurunews.com.br\/sbp-lanca-cartilha-sobre-marcos-ideia-e-identificar-atrasos-no-desenvolvimento-infantil\/\">Canguru News<\/a><\/em><\/strong><\/p>\n","protected":false},"excerpt":{"rendered":"<p>Com cerca de um ano de idade, a crian\u00e7a come\u00e7a a caminhar, apoiando-se nos m\u00f3veis da casa A maneira como o beb\u00ea brinca, aprende, se comunica e se movimenta d\u00e1 pistas importantes sobre seu desenvolvimento. Aos dois meses, por exemplo, a maioria dos beb\u00eas costuma olhar para o rosto de seus cuidadores. Aos quatro meses, [&hellip;]<\/p>\n","protected":false},"author":2,"featured_media":49592,"comment_status":"open","ping_status":"open","sticky":false,"template":"","format":"standard","meta":{"footnotes":""},"categories":[2522],"tags":[22949,546,22948,1042,22950],"class_list":["post-49590","post","type-post","status-publish","format-standard","has-post-thumbnail","hentry","category-comportamento","tag-avancos","tag-bebe","tag-cartilha-sbp","tag-desenvolvimento-infantil","tag-marco-desenvolvimento"],"yoast_head":"<!-- This site is optimized with the Yoast SEO plugin v26.5 - https:\/\/yoast.com\/wordpress\/plugins\/seo\/ -->\n<title>SBP lan\u00e7a cartilha que ajuda a identificar atrasos no desenvolvimento infantil - Jornal Fatos e Not\u00edcias<\/title>\n<meta name=\"robots\" content=\"index, follow, max-snippet:-1, max-image-preview:large, max-video-preview:-1\" \/>\n<link rel=\"canonical\" href=\"https:\/\/jornalfatosenoticias.com.br\/index.php\/2024\/03\/01\/sbp-lanca-cartilha-que-ajuda-a-identificar-atrasos-no-desenvolvimento-infantil\/\" \/>\n<meta property=\"og:locale\" content=\"pt_BR\" \/>\n<meta property=\"og:type\" content=\"article\" \/>\n<meta property=\"og:title\" content=\"SBP lan\u00e7a cartilha que ajuda a identificar atrasos no desenvolvimento infantil - Jornal Fatos e Not\u00edcias\" \/>\n<meta property=\"og:description\" content=\"Com cerca de um ano de idade, a crian\u00e7a come\u00e7a a caminhar, apoiando-se nos m\u00f3veis da casa A maneira como o beb\u00ea brinca, aprende, se comunica e se movimenta d\u00e1 pistas importantes sobre seu desenvolvimento. Aos dois meses, por exemplo, a maioria dos beb\u00eas costuma olhar para o rosto de seus cuidadores. Aos quatro meses, [&hellip;]\" \/>\n<meta property=\"og:url\" content=\"https:\/\/jornalfatosenoticias.com.br\/index.php\/2024\/03\/01\/sbp-lanca-cartilha-que-ajuda-a-identificar-atrasos-no-desenvolvimento-infantil\/\" \/>\n<meta property=\"og:site_name\" content=\"Jornal Fatos e Not\u00edcias\" \/>\n<meta property=\"article:published_time\" content=\"2024-03-01T18:23:03+00:00\" \/>\n<meta property=\"article:modified_time\" content=\"2024-03-01T18:23:05+00:00\" \/>\n<meta property=\"og:image\" content=\"https:\/\/jornalfatosenoticias.com.br\/wp-content\/uploads\/2024\/03\/desenvolvimento-infantil1_gettyimages.jpg\" \/>\n\t<meta property=\"og:image:width\" content=\"612\" \/>\n\t<meta property=\"og:image:height\" content=\"408\" \/>\n\t<meta property=\"og:image:type\" content=\"image\/jpeg\" \/>\n<meta name=\"author\" content=\"Luzimara Fernandes\" \/>\n<meta name=\"twitter:card\" content=\"summary_large_image\" \/>\n<meta name=\"twitter:label1\" content=\"Escrito por\" \/>\n\t<meta name=\"twitter:data1\" content=\"Luzimara Fernandes\" \/>\n\t<meta name=\"twitter:label2\" content=\"Est. tempo de leitura\" \/>\n\t<meta name=\"twitter:data2\" content=\"5 minutos\" \/>\n<script type=\"application\/ld+json\" class=\"yoast-schema-graph\">{\"@context\":\"https:\/\/schema.org\",\"@graph\":[{\"@type\":\"Article\",\"@id\":\"https:\/\/jornalfatosenoticias.com.br\/index.php\/2024\/03\/01\/sbp-lanca-cartilha-que-ajuda-a-identificar-atrasos-no-desenvolvimento-infantil\/#article\",\"isPartOf\":{\"@id\":\"https:\/\/jornalfatosenoticias.com.br\/index.php\/2024\/03\/01\/sbp-lanca-cartilha-que-ajuda-a-identificar-atrasos-no-desenvolvimento-infantil\/\"},\"author\":{\"name\":\"Luzimara Fernandes\",\"@id\":\"https:\/\/jornalfatosenoticias.com.br\/#\/schema\/person\/d63837fa13ac8666eb9e74e0985d6f81\"},\"headline\":\"SBP lan\u00e7a cartilha que ajuda a identificar atrasos no desenvolvimento infantil\",\"datePublished\":\"2024-03-01T18:23:03+00:00\",\"dateModified\":\"2024-03-01T18:23:05+00:00\",\"mainEntityOfPage\":{\"@id\":\"https:\/\/jornalfatosenoticias.com.br\/index.php\/2024\/03\/01\/sbp-lanca-cartilha-que-ajuda-a-identificar-atrasos-no-desenvolvimento-infantil\/\"},\"wordCount\":1005,\"commentCount\":0,\"publisher\":{\"@id\":\"https:\/\/jornalfatosenoticias.com.br\/#organization\"},\"image\":{\"@id\":\"https:\/\/jornalfatosenoticias.com.br\/index.php\/2024\/03\/01\/sbp-lanca-cartilha-que-ajuda-a-identificar-atrasos-no-desenvolvimento-infantil\/#primaryimage\"},\"thumbnailUrl\":\"https:\/\/jornalfatosenoticias.com.br\/wp-content\/uploads\/2024\/03\/desenvolvimento-infantil1_gettyimages.jpg\",\"keywords\":[\"avan\u00e7os\",\"beb\u00ea\",\"cartilha SBP\",\"desenvolvimento infantil\",\"marco desenvolvimento\"],\"articleSection\":[\"Comportamento &amp; Equil\u00edbrio\"],\"inLanguage\":\"pt-BR\",\"potentialAction\":[{\"@type\":\"CommentAction\",\"name\":\"Comment\",\"target\":[\"https:\/\/jornalfatosenoticias.com.br\/index.php\/2024\/03\/01\/sbp-lanca-cartilha-que-ajuda-a-identificar-atrasos-no-desenvolvimento-infantil\/#respond\"]}]},{\"@type\":\"WebPage\",\"@id\":\"https:\/\/jornalfatosenoticias.com.br\/index.php\/2024\/03\/01\/sbp-lanca-cartilha-que-ajuda-a-identificar-atrasos-no-desenvolvimento-infantil\/\",\"url\":\"https:\/\/jornalfatosenoticias.com.br\/index.php\/2024\/03\/01\/sbp-lanca-cartilha-que-ajuda-a-identificar-atrasos-no-desenvolvimento-infantil\/\",\"name\":\"SBP lan\u00e7a cartilha que ajuda a identificar atrasos no desenvolvimento infantil - Jornal Fatos e Not\u00edcias\",\"isPartOf\":{\"@id\":\"https:\/\/jornalfatosenoticias.com.br\/#website\"},\"primaryImageOfPage\":{\"@id\":\"https:\/\/jornalfatosenoticias.com.br\/index.php\/2024\/03\/01\/sbp-lanca-cartilha-que-ajuda-a-identificar-atrasos-no-desenvolvimento-infantil\/#primaryimage\"},\"image\":{\"@id\":\"https:\/\/jornalfatosenoticias.com.br\/index.php\/2024\/03\/01\/sbp-lanca-cartilha-que-ajuda-a-identificar-atrasos-no-desenvolvimento-infantil\/#primaryimage\"},\"thumbnailUrl\":\"https:\/\/jornalfatosenoticias.com.br\/wp-content\/uploads\/2024\/03\/desenvolvimento-infantil1_gettyimages.jpg\",\"datePublished\":\"2024-03-01T18:23:03+00:00\",\"dateModified\":\"2024-03-01T18:23:05+00:00\",\"breadcrumb\":{\"@id\":\"https:\/\/jornalfatosenoticias.com.br\/index.php\/2024\/03\/01\/sbp-lanca-cartilha-que-ajuda-a-identificar-atrasos-no-desenvolvimento-infantil\/#breadcrumb\"},\"inLanguage\":\"pt-BR\",\"potentialAction\":[{\"@type\":\"ReadAction\",\"target\":[\"https:\/\/jornalfatosenoticias.com.br\/index.php\/2024\/03\/01\/sbp-lanca-cartilha-que-ajuda-a-identificar-atrasos-no-desenvolvimento-infantil\/\"]}]},{\"@type\":\"ImageObject\",\"inLanguage\":\"pt-BR\",\"@id\":\"https:\/\/jornalfatosenoticias.com.br\/index.php\/2024\/03\/01\/sbp-lanca-cartilha-que-ajuda-a-identificar-atrasos-no-desenvolvimento-infantil\/#primaryimage\",\"url\":\"https:\/\/jornalfatosenoticias.com.br\/wp-content\/uploads\/2024\/03\/desenvolvimento-infantil1_gettyimages.jpg\",\"contentUrl\":\"https:\/\/jornalfatosenoticias.com.br\/wp-content\/uploads\/2024\/03\/desenvolvimento-infantil1_gettyimages.jpg\",\"width\":612,\"height\":408,\"caption\":\"Cute little baby boy walking in living room at home\"},{\"@type\":\"BreadcrumbList\",\"@id\":\"https:\/\/jornalfatosenoticias.com.br\/index.php\/2024\/03\/01\/sbp-lanca-cartilha-que-ajuda-a-identificar-atrasos-no-desenvolvimento-infantil\/#breadcrumb\",\"itemListElement\":[{\"@type\":\"ListItem\",\"position\":1,\"name\":\"In\u00edcio\",\"item\":\"https:\/\/jornalfatosenoticias.com.br\/\"},{\"@type\":\"ListItem\",\"position\":2,\"name\":\"SBP lan\u00e7a cartilha que ajuda a identificar atrasos no desenvolvimento infantil\"}]},{\"@type\":\"WebSite\",\"@id\":\"https:\/\/jornalfatosenoticias.com.br\/#website\",\"url\":\"https:\/\/jornalfatosenoticias.com.br\/\",\"name\":\"Jornal Fatos e Not\u00edcias\",\"description\":\"Not\u00edcias em geral\",\"publisher\":{\"@id\":\"https:\/\/jornalfatosenoticias.com.br\/#organization\"},\"potentialAction\":[{\"@type\":\"SearchAction\",\"target\":{\"@type\":\"EntryPoint\",\"urlTemplate\":\"https:\/\/jornalfatosenoticias.com.br\/?s={search_term_string}\"},\"query-input\":{\"@type\":\"PropertyValueSpecification\",\"valueRequired\":true,\"valueName\":\"search_term_string\"}}],\"inLanguage\":\"pt-BR\"},{\"@type\":\"Organization\",\"@id\":\"https:\/\/jornalfatosenoticias.com.br\/#organization\",\"name\":\"Jornal Fatos e Not\u00edcias\",\"url\":\"https:\/\/jornalfatosenoticias.com.br\/\",\"logo\":{\"@type\":\"ImageObject\",\"inLanguage\":\"pt-BR\",\"@id\":\"https:\/\/jornalfatosenoticias.com.br\/#\/schema\/logo\/image\/\",\"url\":\"https:\/\/jornalfatosenoticias.com.br\/wp-content\/uploads\/2020\/02\/logo120.png\",\"contentUrl\":\"https:\/\/jornalfatosenoticias.com.br\/wp-content\/uploads\/2020\/02\/logo120.png\",\"width\":1227,\"height\":120,\"caption\":\"Jornal Fatos e Not\u00edcias\"},\"image\":{\"@id\":\"https:\/\/jornalfatosenoticias.com.br\/#\/schema\/logo\/image\/\"}},{\"@type\":\"Person\",\"@id\":\"https:\/\/jornalfatosenoticias.com.br\/#\/schema\/person\/d63837fa13ac8666eb9e74e0985d6f81\",\"name\":\"Luzimara Fernandes\",\"image\":{\"@type\":\"ImageObject\",\"inLanguage\":\"pt-BR\",\"@id\":\"https:\/\/jornalfatosenoticias.com.br\/#\/schema\/person\/image\/\",\"url\":\"https:\/\/jornalfatosenoticias.com.br\/wp-content\/uploads\/2025\/05\/EU_portal.jpg\",\"contentUrl\":\"https:\/\/jornalfatosenoticias.com.br\/wp-content\/uploads\/2025\/05\/EU_portal.jpg\",\"caption\":\"Luzimara Fernandes\"},\"description\":\"Jornalista MTB 2358-ES\",\"sameAs\":[\"https:\/\/jornalfatosenoticias.com.br\"],\"url\":\"https:\/\/jornalfatosenoticias.com.br\/index.php\/author\/luzimara\/\"}]}<\/script>\n<!-- \/ Yoast SEO plugin. -->","yoast_head_json":{"title":"SBP lan\u00e7a cartilha que ajuda a identificar atrasos no desenvolvimento infantil - Jornal Fatos e Not\u00edcias","robots":{"index":"index","follow":"follow","max-snippet":"max-snippet:-1","max-image-preview":"max-image-preview:large","max-video-preview":"max-video-preview:-1"},"canonical":"https:\/\/jornalfatosenoticias.com.br\/index.php\/2024\/03\/01\/sbp-lanca-cartilha-que-ajuda-a-identificar-atrasos-no-desenvolvimento-infantil\/","og_locale":"pt_BR","og_type":"article","og_title":"SBP lan\u00e7a cartilha que ajuda a identificar atrasos no desenvolvimento infantil - Jornal Fatos e Not\u00edcias","og_description":"Com cerca de um ano de idade, a crian\u00e7a come\u00e7a a caminhar, apoiando-se nos m\u00f3veis da casa A maneira como o beb\u00ea brinca, aprende, se comunica e se movimenta d\u00e1 pistas importantes sobre seu desenvolvimento. Aos dois meses, por exemplo, a maioria dos beb\u00eas costuma olhar para o rosto de seus cuidadores. Aos quatro meses, [&hellip;]","og_url":"https:\/\/jornalfatosenoticias.com.br\/index.php\/2024\/03\/01\/sbp-lanca-cartilha-que-ajuda-a-identificar-atrasos-no-desenvolvimento-infantil\/","og_site_name":"Jornal Fatos e Not\u00edcias","article_published_time":"2024-03-01T18:23:03+00:00","article_modified_time":"2024-03-01T18:23:05+00:00","og_image":[{"width":612,"height":408,"url":"https:\/\/jornalfatosenoticias.com.br\/wp-content\/uploads\/2024\/03\/desenvolvimento-infantil1_gettyimages.jpg","type":"image\/jpeg"}],"author":"Luzimara Fernandes","twitter_card":"summary_large_image","twitter_misc":{"Escrito por":"Luzimara Fernandes","Est. tempo de leitura":"5 minutos"},"schema":{"@context":"https:\/\/schema.org","@graph":[{"@type":"Article","@id":"https:\/\/jornalfatosenoticias.com.br\/index.php\/2024\/03\/01\/sbp-lanca-cartilha-que-ajuda-a-identificar-atrasos-no-desenvolvimento-infantil\/#article","isPartOf":{"@id":"https:\/\/jornalfatosenoticias.com.br\/index.php\/2024\/03\/01\/sbp-lanca-cartilha-que-ajuda-a-identificar-atrasos-no-desenvolvimento-infantil\/"},"author":{"name":"Luzimara Fernandes","@id":"https:\/\/jornalfatosenoticias.com.br\/#\/schema\/person\/d63837fa13ac8666eb9e74e0985d6f81"},"headline":"SBP lan\u00e7a cartilha que ajuda a identificar atrasos no desenvolvimento infantil","datePublished":"2024-03-01T18:23:03+00:00","dateModified":"2024-03-01T18:23:05+00:00","mainEntityOfPage":{"@id":"https:\/\/jornalfatosenoticias.com.br\/index.php\/2024\/03\/01\/sbp-lanca-cartilha-que-ajuda-a-identificar-atrasos-no-desenvolvimento-infantil\/"},"wordCount":1005,"commentCount":0,"publisher":{"@id":"https:\/\/jornalfatosenoticias.com.br\/#organization"},"image":{"@id":"https:\/\/jornalfatosenoticias.com.br\/index.php\/2024\/03\/01\/sbp-lanca-cartilha-que-ajuda-a-identificar-atrasos-no-desenvolvimento-infantil\/#primaryimage"},"thumbnailUrl":"https:\/\/jornalfatosenoticias.com.br\/wp-content\/uploads\/2024\/03\/desenvolvimento-infantil1_gettyimages.jpg","keywords":["avan\u00e7os","beb\u00ea","cartilha SBP","desenvolvimento infantil","marco desenvolvimento"],"articleSection":["Comportamento &amp; Equil\u00edbrio"],"inLanguage":"pt-BR","potentialAction":[{"@type":"CommentAction","name":"Comment","target":["https:\/\/jornalfatosenoticias.com.br\/index.php\/2024\/03\/01\/sbp-lanca-cartilha-que-ajuda-a-identificar-atrasos-no-desenvolvimento-infantil\/#respond"]}]},{"@type":"WebPage","@id":"https:\/\/jornalfatosenoticias.com.br\/index.php\/2024\/03\/01\/sbp-lanca-cartilha-que-ajuda-a-identificar-atrasos-no-desenvolvimento-infantil\/","url":"https:\/\/jornalfatosenoticias.com.br\/index.php\/2024\/03\/01\/sbp-lanca-cartilha-que-ajuda-a-identificar-atrasos-no-desenvolvimento-infantil\/","name":"SBP lan\u00e7a cartilha que ajuda a identificar atrasos no desenvolvimento infantil - Jornal Fatos e Not\u00edcias","isPartOf":{"@id":"https:\/\/jornalfatosenoticias.com.br\/#website"},"primaryImageOfPage":{"@id":"https:\/\/jornalfatosenoticias.com.br\/index.php\/2024\/03\/01\/sbp-lanca-cartilha-que-ajuda-a-identificar-atrasos-no-desenvolvimento-infantil\/#primaryimage"},"image":{"@id":"https:\/\/jornalfatosenoticias.com.br\/index.php\/2024\/03\/01\/sbp-lanca-cartilha-que-ajuda-a-identificar-atrasos-no-desenvolvimento-infantil\/#primaryimage"},"thumbnailUrl":"https:\/\/jornalfatosenoticias.com.br\/wp-content\/uploads\/2024\/03\/desenvolvimento-infantil1_gettyimages.jpg","datePublished":"2024-03-01T18:23:03+00:00","dateModified":"2024-03-01T18:23:05+00:00","breadcrumb":{"@id":"https:\/\/jornalfatosenoticias.com.br\/index.php\/2024\/03\/01\/sbp-lanca-cartilha-que-ajuda-a-identificar-atrasos-no-desenvolvimento-infantil\/#breadcrumb"},"inLanguage":"pt-BR","potentialAction":[{"@type":"ReadAction","target":["https:\/\/jornalfatosenoticias.com.br\/index.php\/2024\/03\/01\/sbp-lanca-cartilha-que-ajuda-a-identificar-atrasos-no-desenvolvimento-infantil\/"]}]},{"@type":"ImageObject","inLanguage":"pt-BR","@id":"https:\/\/jornalfatosenoticias.com.br\/index.php\/2024\/03\/01\/sbp-lanca-cartilha-que-ajuda-a-identificar-atrasos-no-desenvolvimento-infantil\/#primaryimage","url":"https:\/\/jornalfatosenoticias.com.br\/wp-content\/uploads\/2024\/03\/desenvolvimento-infantil1_gettyimages.jpg","contentUrl":"https:\/\/jornalfatosenoticias.com.br\/wp-content\/uploads\/2024\/03\/desenvolvimento-infantil1_gettyimages.jpg","width":612,"height":408,"caption":"Cute little baby boy walking in living room at home"},{"@type":"BreadcrumbList","@id":"https:\/\/jornalfatosenoticias.com.br\/index.php\/2024\/03\/01\/sbp-lanca-cartilha-que-ajuda-a-identificar-atrasos-no-desenvolvimento-infantil\/#breadcrumb","itemListElement":[{"@type":"ListItem","position":1,"name":"In\u00edcio","item":"https:\/\/jornalfatosenoticias.com.br\/"},{"@type":"ListItem","position":2,"name":"SBP lan\u00e7a cartilha que ajuda a identificar atrasos no desenvolvimento infantil"}]},{"@type":"WebSite","@id":"https:\/\/jornalfatosenoticias.com.br\/#website","url":"https:\/\/jornalfatosenoticias.com.br\/","name":"Jornal Fatos e Not\u00edcias","description":"Not\u00edcias em geral","publisher":{"@id":"https:\/\/jornalfatosenoticias.com.br\/#organization"},"potentialAction":[{"@type":"SearchAction","target":{"@type":"EntryPoint","urlTemplate":"https:\/\/jornalfatosenoticias.com.br\/?s={search_term_string}"},"query-input":{"@type":"PropertyValueSpecification","valueRequired":true,"valueName":"search_term_string"}}],"inLanguage":"pt-BR"},{"@type":"Organization","@id":"https:\/\/jornalfatosenoticias.com.br\/#organization","name":"Jornal Fatos e Not\u00edcias","url":"https:\/\/jornalfatosenoticias.com.br\/","logo":{"@type":"ImageObject","inLanguage":"pt-BR","@id":"https:\/\/jornalfatosenoticias.com.br\/#\/schema\/logo\/image\/","url":"https:\/\/jornalfatosenoticias.com.br\/wp-content\/uploads\/2020\/02\/logo120.png","contentUrl":"https:\/\/jornalfatosenoticias.com.br\/wp-content\/uploads\/2020\/02\/logo120.png","width":1227,"height":120,"caption":"Jornal Fatos e Not\u00edcias"},"image":{"@id":"https:\/\/jornalfatosenoticias.com.br\/#\/schema\/logo\/image\/"}},{"@type":"Person","@id":"https:\/\/jornalfatosenoticias.com.br\/#\/schema\/person\/d63837fa13ac8666eb9e74e0985d6f81","name":"Luzimara Fernandes","image":{"@type":"ImageObject","inLanguage":"pt-BR","@id":"https:\/\/jornalfatosenoticias.com.br\/#\/schema\/person\/image\/","url":"https:\/\/jornalfatosenoticias.com.br\/wp-content\/uploads\/2025\/05\/EU_portal.jpg","contentUrl":"https:\/\/jornalfatosenoticias.com.br\/wp-content\/uploads\/2025\/05\/EU_portal.jpg","caption":"Luzimara Fernandes"},"description":"Jornalista MTB 2358-ES","sameAs":["https:\/\/jornalfatosenoticias.com.br"],"url":"https:\/\/jornalfatosenoticias.com.br\/index.php\/author\/luzimara\/"}]}},"cc_featured_image_caption":{"caption_text":"(Foto: Getty Images)","source_text":"","source_url":""},"jetpack_featured_media_url":"https:\/\/jornalfatosenoticias.com.br\/wp-content\/uploads\/2024\/03\/desenvolvimento-infantil1_gettyimages.jpg","_links":{"self":[{"href":"https:\/\/jornalfatosenoticias.com.br\/index.php\/wp-json\/wp\/v2\/posts\/49590","targetHints":{"allow":["GET"]}}],"collection":[{"href":"https:\/\/jornalfatosenoticias.com.br\/index.php\/wp-json\/wp\/v2\/posts"}],"about":[{"href":"https:\/\/jornalfatosenoticias.com.br\/index.php\/wp-json\/wp\/v2\/types\/post"}],"author":[{"embeddable":true,"href":"https:\/\/jornalfatosenoticias.com.br\/index.php\/wp-json\/wp\/v2\/users\/2"}],"replies":[{"embeddable":true,"href":"https:\/\/jornalfatosenoticias.com.br\/index.php\/wp-json\/wp\/v2\/comments?post=49590"}],"version-history":[{"count":0,"href":"https:\/\/jornalfatosenoticias.com.br\/index.php\/wp-json\/wp\/v2\/posts\/49590\/revisions"}],"wp:featuredmedia":[{"embeddable":true,"href":"https:\/\/jornalfatosenoticias.com.br\/index.php\/wp-json\/wp\/v2\/media\/49592"}],"wp:attachment":[{"href":"https:\/\/jornalfatosenoticias.com.br\/index.php\/wp-json\/wp\/v2\/media?parent=49590"}],"wp:term":[{"taxonomy":"category","embeddable":true,"href":"https:\/\/jornalfatosenoticias.com.br\/index.php\/wp-json\/wp\/v2\/categories?post=49590"},{"taxonomy":"post_tag","embeddable":true,"href":"https:\/\/jornalfatosenoticias.com.br\/index.php\/wp-json\/wp\/v2\/tags?post=49590"}],"curies":[{"name":"wp","href":"https:\/\/api.w.org\/{rel}","templated":true}]}}