{"id":49594,"date":"2024-03-01T15:54:31","date_gmt":"2024-03-01T18:54:31","guid":{"rendered":"https:\/\/jornalfatosenoticias.com.br\/?p=49594"},"modified":"2024-03-01T15:54:31","modified_gmt":"2024-03-01T18:54:31","slug":"cai-entrada-da-direcao-escolar-por-indicacao-e-cresce-via-processo-seletivo","status":"publish","type":"post","link":"https:\/\/jornalfatosenoticias.com.br\/index.php\/2024\/03\/01\/cai-entrada-da-direcao-escolar-por-indicacao-e-cresce-via-processo-seletivo\/","title":{"rendered":"Cai entrada da dire\u00e7\u00e3o escolar por indica\u00e7\u00e3o e cresce via processo seletivo"},"content":{"rendered":"\n<p><em><span class=\"has-inline-color has-black-color\">Censo Escolar 2023 tamb\u00e9m aponta dados alarmantes: 68 milh\u00f5es de pessoas com 18 anos ou mais n\u00e3o frequentam a escola e n\u00e3o conclu\u00edram a educa\u00e7\u00e3o b\u00e1sica<\/span><\/em><\/p>\n\n\n\n<p><span class=\"has-inline-color has-black-color\">Por <strong><a href=\"https:\/\/revistaeducacao.com.br\/author\/maria-eugenia\"><strong>Maria Eug\u00eania<\/strong><\/a><\/strong><\/span><\/p>\n\n\n\n<div class=\"wp-block-image\"><figure class=\"aligncenter size-large is-resized\"><img loading=\"lazy\" decoding=\"async\" src=\"https:\/\/jornalfatosenoticias.com.br\/wp-content\/uploads\/2023\/12\/pegoretti-logo-pdf-1024x389.jpg\" alt=\"\" class=\"wp-image-47536\" width=\"475\" height=\"180\" srcset=\"https:\/\/jornalfatosenoticias.com.br\/wp-content\/uploads\/2023\/12\/pegoretti-logo-pdf-1024x389.jpg 1024w, https:\/\/jornalfatosenoticias.com.br\/wp-content\/uploads\/2023\/12\/pegoretti-logo-pdf-300x114.jpg 300w, https:\/\/jornalfatosenoticias.com.br\/wp-content\/uploads\/2023\/12\/pegoretti-logo-pdf-768x291.jpg 768w, https:\/\/jornalfatosenoticias.com.br\/wp-content\/uploads\/2023\/12\/pegoretti-logo-pdf.jpg 1120w\" sizes=\"auto, (max-width: 475px) 100vw, 475px\" \/><\/figure><\/div>\n\n\n\n<p>At\u00e9 2022, prevalecia o acesso \u00e0 carreira para a dire\u00e7\u00e3o escolar da rede municipal e estadual exclusivamente por indica\u00e7\u00e3o. J\u00e1 em 2023, o acesso por meio de processos seletivos aumentou. As informa\u00e7\u00f5es s\u00e3o do Censo Escolar da Educa\u00e7\u00e3o B\u00e1sica 2023 divulgados pelo Minist\u00e9rio da Educa\u00e7\u00e3o (MEC) e Instituto Nacional de Estudos e Pesquisas Educacionais An\u00edsio Teixeira (Inep).<br>Presente na coletiva de imprensa sobre o levantamento, o ministro da Educa\u00e7\u00e3o Camilo Santana explicou que a queda de indica\u00e7\u00e3o para a dire\u00e7\u00e3o escolar est\u00e1 relacionada com o Valor Aluno Ano Resultado (VAAR), indicador do Fundo de Manuten\u00e7\u00e3o e Desenvolvimento da Educa\u00e7\u00e3o B\u00e1sica e de Valoriza\u00e7\u00e3o dos Profissionais da Educa\u00e7\u00e3o (Fundeb), respons\u00e1vel por financiar a educa\u00e7\u00e3o brasileira. Em 2023, o VAAR chegou a distribuir R$ 1,6 bilh\u00e3o, e este ano passar\u00e1 para R$ 3,3 bilh\u00f5es.<\/p>\n\n\n\n<div class=\"wp-block-image\"><figure class=\"aligncenter size-large\"><img loading=\"lazy\" decoding=\"async\" width=\"300\" height=\"250\" src=\"https:\/\/jornalfatosenoticias.com.br\/wp-content\/uploads\/2020\/02\/Banner-2.png\" alt=\"\" class=\"wp-image-43787\"\/><\/figure><\/div>\n\n\n\n<p>Para que a rede de ensino possa receber a verba, \u00e9 preciso que ela cumpra algumas condi\u00e7\u00f5es, entre elas, escolher um profissional para a dire\u00e7\u00e3o escolar, que esteja de acordo com crit\u00e9rios t\u00e9cnicos de desempenho e m\u00e9rito, ou a partir da \u201cescolha com a participa\u00e7\u00e3o da comunidade escolar dentre candidatos aprovados previamente em avalia\u00e7\u00e3o de m\u00e9rito e desempenho\u201d, segundo uma nota t\u00e9cnica divulgada pelo MEC.<\/p>\n\n\n\n<div class=\"wp-block-image\"><figure class=\"aligncenter size-large is-resized\"><img loading=\"lazy\" decoding=\"async\" src=\"https:\/\/jornalfatosenoticias.com.br\/wp-content\/uploads\/2020\/02\/logo-Rapuzel-1024x571.jpg\" alt=\"\" class=\"wp-image-42808\" width=\"343\" height=\"191\" srcset=\"https:\/\/jornalfatosenoticias.com.br\/wp-content\/uploads\/2020\/02\/logo-Rapuzel-1024x571.jpg 1024w, https:\/\/jornalfatosenoticias.com.br\/wp-content\/uploads\/2020\/02\/logo-Rapuzel-300x167.jpg 300w, https:\/\/jornalfatosenoticias.com.br\/wp-content\/uploads\/2020\/02\/logo-Rapuzel-768x428.jpg 768w, https:\/\/jornalfatosenoticias.com.br\/wp-content\/uploads\/2020\/02\/logo-Rapuzel-1536x856.jpg 1536w, https:\/\/jornalfatosenoticias.com.br\/wp-content\/uploads\/2020\/02\/logo-Rapuzel.jpg 1600w\" sizes=\"auto, (max-width: 343px) 100vw, 343px\" \/><\/figure><\/div>\n\n\n\n<p><strong><span class=\"has-inline-color has-black-color\">Acesso negado<br><\/span><\/strong>No Brasil, 68 milh\u00f5es de pessoas com 18 anos ou mais n\u00e3o frequentam a escola e n\u00e3o possuem educa\u00e7\u00e3o b\u00e1sica conclu\u00edda. H\u00e1 tamb\u00e9m queda de 7% nas matr\u00edculas de Educa\u00e7\u00e3o de Jovens e Adultos (EJA), de 2022 para 2023. O levantamento tamb\u00e9m apresenta que ano passado foram realizadas 47 milh\u00f5es de matr\u00edculas na educa\u00e7\u00e3o b\u00e1sica, sendo mais de 80% nas escolas p\u00fablicas. A etapa que mais cresceu na educa\u00e7\u00e3o b\u00e1sica foi a de ensino profissional, de 2,1 milh\u00f5es de estudantes, em 2022, para 2,4 milh\u00f5es, em 2023. A maioria das matr\u00edculas concentra-se nas \u00e1reas de Gest\u00e3o e Neg\u00f3cios e Ambiente e Sa\u00fade.<\/p>\n\n\n\n<div class=\"wp-block-image\"><figure class=\"aligncenter size-large is-resized\"><img loading=\"lazy\" decoding=\"async\" src=\"https:\/\/jornalfatosenoticias.com.br\/wp-content\/uploads\/2023\/08\/BKR-1024x1021.jpg\" alt=\"\" class=\"wp-image-44494\" width=\"294\" height=\"293\" srcset=\"https:\/\/jornalfatosenoticias.com.br\/wp-content\/uploads\/2023\/08\/BKR-1024x1021.jpg 1024w, https:\/\/jornalfatosenoticias.com.br\/wp-content\/uploads\/2023\/08\/BKR-300x300.jpg 300w, https:\/\/jornalfatosenoticias.com.br\/wp-content\/uploads\/2023\/08\/BKR-150x150.jpg 150w, https:\/\/jornalfatosenoticias.com.br\/wp-content\/uploads\/2023\/08\/BKR-768x766.jpg 768w, https:\/\/jornalfatosenoticias.com.br\/wp-content\/uploads\/2023\/08\/BKR.jpg 1080w\" sizes=\"auto, (max-width: 294px) 100vw, 294px\" \/><\/figure><\/div>\n\n\n\n<p><strong><span class=\"has-inline-color has-black-color\">Educa\u00e7\u00e3o infantil<br><\/span><\/strong>As creches sofreram diminui\u00e7\u00e3o de matr\u00edculas durante a pandemia, mas 2023 foi marcado por um aumento delas, totalizando 4,1 milh\u00f5es de alunos. Carlos Eduardo Moreno, diretor de estat\u00edsticas educacionais do Inep aponta que est\u00e1 pr\u00f3xima a universaliza\u00e7\u00e3o do atendimento em creche. O diretor tamb\u00e9m destacou que a meta de 50% de alunos de zero a tr\u00eas anos matriculados, proposta pelo primeiro Plano Nacional de Educa\u00e7\u00e3o (PNE), pode ser cumprida ainda este ano, dado o aumento de matr\u00edculas do ano passado.<\/p>\n\n\n\n<div class=\"wp-block-image\"><figure class=\"aligncenter size-large is-resized\"><img loading=\"lazy\" decoding=\"async\" src=\"https:\/\/jornalfatosenoticias.com.br\/wp-content\/uploads\/2023\/03\/nova-logo-Marquetti.jpg\" alt=\"\" class=\"wp-image-40207\" width=\"317\" height=\"213\" srcset=\"https:\/\/jornalfatosenoticias.com.br\/wp-content\/uploads\/2023\/03\/nova-logo-Marquetti.jpg 643w, https:\/\/jornalfatosenoticias.com.br\/wp-content\/uploads\/2023\/03\/nova-logo-Marquetti-300x202.jpg 300w\" sizes=\"auto, (max-width: 317px) 100vw, 317px\" \/><\/figure><\/div>\n\n\n\n<p><strong><span class=\"has-inline-color has-black-color\">Ensino fundamental e m\u00e9dio<br><\/span><\/strong>No 6\u00ba ano do ensino fundamental, em 2023, 15,8% dos estudantes n\u00e3o tinham a idade adequada, isso por terem abandonado o col\u00e9gio em algum per\u00edodo ou porque foram reprovados. Nos anos iniciais do ensino fundamental, as matr\u00edculas ca\u00edram de 14,5 milh\u00f5es em 2022 para 14,4 milh\u00f5es de alunos ano passado. <\/p>\n\n\n\n<div class=\"wp-block-image\"><figure class=\"aligncenter size-large is-resized\"><img loading=\"lazy\" decoding=\"async\" src=\"https:\/\/jornalfatosenoticias.com.br\/wp-content\/uploads\/2020\/02\/CONTROL-CS.jpg\" alt=\"\" class=\"wp-image-44991\" width=\"279\" height=\"334\" srcset=\"https:\/\/jornalfatosenoticias.com.br\/wp-content\/uploads\/2020\/02\/CONTROL-CS.jpg 834w, https:\/\/jornalfatosenoticias.com.br\/wp-content\/uploads\/2020\/02\/CONTROL-CS-250x300.jpg 250w, https:\/\/jornalfatosenoticias.com.br\/wp-content\/uploads\/2020\/02\/CONTROL-CS-768x921.jpg 768w\" sizes=\"auto, (max-width: 279px) 100vw, 279px\" \/><\/figure><\/div>\n\n\n\n<p>Nos anos finais, o n\u00famero foi de 11,8 milh\u00f5es para 11,6 milh\u00f5es de matriculados. No ensino m\u00e9dio, em 2022, eram 7,8 milh\u00f5es de matr\u00edculas, j\u00e1 ano passado, 7,6 milh\u00f5es. Moreno explica que a justificativa para tal diminui\u00e7\u00e3o est\u00e1 no aumento dos indicadores de fluxo escolar.<\/p>\n\n\n\n<div class=\"wp-block-image\"><figure class=\"aligncenter size-large is-resized\"><img loading=\"lazy\" decoding=\"async\" src=\"https:\/\/jornalfatosenoticias.com.br\/wp-content\/uploads\/2023\/08\/ITH.jpeg\" alt=\"\" class=\"wp-image-44638\" width=\"300\" height=\"244\" srcset=\"https:\/\/jornalfatosenoticias.com.br\/wp-content\/uploads\/2023\/08\/ITH.jpeg 800w, https:\/\/jornalfatosenoticias.com.br\/wp-content\/uploads\/2023\/08\/ITH-300x244.jpeg 300w, https:\/\/jornalfatosenoticias.com.br\/wp-content\/uploads\/2023\/08\/ITH-768x624.jpeg 768w\" sizes=\"auto, (max-width: 300px) 100vw, 300px\" \/><\/figure><\/div>\n\n\n\n<p>O crescimento de alunos em tempo integral tamb\u00e9m pode ser observado nos anos iniciais e finais do ensino fundamental e no ensino m\u00e9dio. No quesito evas\u00e3o, no ensino m\u00e9dio o quadro se agrava. Segundo os dados do Censo, de 2020 a 2021, 4,1% dos alunos foram reprovados e 7% dos alunos que estavam cursando o 1\u00ba ano acabaram desistindo dos estudos.<\/p>\n\n\n\n<div class=\"wp-block-image\"><figure class=\"aligncenter size-large is-resized\"><img loading=\"lazy\" decoding=\"async\" src=\"https:\/\/jornalfatosenoticias.com.br\/wp-content\/uploads\/2023\/09\/vetorvix1024_1.jpg\" alt=\"\" class=\"wp-image-44868\" width=\"505\" height=\"134\" srcset=\"https:\/\/jornalfatosenoticias.com.br\/wp-content\/uploads\/2023\/09\/vetorvix1024_1.jpg 1024w, https:\/\/jornalfatosenoticias.com.br\/wp-content\/uploads\/2023\/09\/vetorvix1024_1-300x80.jpg 300w, https:\/\/jornalfatosenoticias.com.br\/wp-content\/uploads\/2023\/09\/vetorvix1024_1-768x205.jpg 768w\" sizes=\"auto, (max-width: 505px) 100vw, 505px\" \/><\/figure><\/div>\n\n\n\n<p><strong><em>Fonte: <a href=\"https:\/\/revistaeducacao.com.br\/2024\/02\/23\/cai-entrada-da-direcao-escolar-por-indicacao-cresce-via-processo-seletivo\/\">Revista Educa\u00e7\u00e3o<\/a><\/em><\/strong><\/p>\n","protected":false},"excerpt":{"rendered":"<p>Censo Escolar 2023 tamb\u00e9m aponta dados alarmantes: 68 milh\u00f5es de pessoas com 18 anos ou mais n\u00e3o frequentam a escola e n\u00e3o conclu\u00edram a educa\u00e7\u00e3o b\u00e1sica Por Maria Eug\u00eania At\u00e9 2022, prevalecia o acesso \u00e0 carreira para a dire\u00e7\u00e3o escolar da rede municipal e estadual exclusivamente por indica\u00e7\u00e3o. J\u00e1 em 2023, o acesso por meio [&hellip;]<\/p>\n","protected":false},"author":2,"featured_media":49595,"comment_status":"open","ping_status":"open","sticky":false,"template":"","format":"standard","meta":{"footnotes":""},"categories":[7],"tags":[9256,18133,411,463],"class_list":["post-49594","post","type-post","status-publish","format-standard","has-post-thumbnail","hentry","category-educacao","tag-censo","tag-direcao-escolar","tag-educacao-basica","tag-politicas-publicas"],"yoast_head":"<!-- This site is optimized with the Yoast SEO plugin v26.5 - https:\/\/yoast.com\/wordpress\/plugins\/seo\/ -->\n<title>Cai entrada da dire\u00e7\u00e3o escolar por indica\u00e7\u00e3o e cresce via processo seletivo - Jornal Fatos e Not\u00edcias<\/title>\n<meta name=\"robots\" content=\"index, follow, max-snippet:-1, max-image-preview:large, max-video-preview:-1\" \/>\n<link rel=\"canonical\" href=\"https:\/\/jornalfatosenoticias.com.br\/index.php\/2024\/03\/01\/cai-entrada-da-direcao-escolar-por-indicacao-e-cresce-via-processo-seletivo\/\" \/>\n<meta property=\"og:locale\" content=\"pt_BR\" \/>\n<meta property=\"og:type\" content=\"article\" \/>\n<meta property=\"og:title\" content=\"Cai entrada da dire\u00e7\u00e3o escolar por indica\u00e7\u00e3o e cresce via processo seletivo - Jornal Fatos e Not\u00edcias\" \/>\n<meta property=\"og:description\" content=\"Censo Escolar 2023 tamb\u00e9m aponta dados alarmantes: 68 milh\u00f5es de pessoas com 18 anos ou mais n\u00e3o frequentam a escola e n\u00e3o conclu\u00edram a educa\u00e7\u00e3o b\u00e1sica Por Maria Eug\u00eania At\u00e9 2022, prevalecia o acesso \u00e0 carreira para a dire\u00e7\u00e3o escolar da rede municipal e estadual exclusivamente por indica\u00e7\u00e3o. J\u00e1 em 2023, o acesso por meio [&hellip;]\" \/>\n<meta property=\"og:url\" content=\"https:\/\/jornalfatosenoticias.com.br\/index.php\/2024\/03\/01\/cai-entrada-da-direcao-escolar-por-indicacao-e-cresce-via-processo-seletivo\/\" \/>\n<meta property=\"og:site_name\" content=\"Jornal Fatos e Not\u00edcias\" \/>\n<meta property=\"article:published_time\" content=\"2024-03-01T18:54:31+00:00\" \/>\n<meta property=\"og:image\" content=\"https:\/\/jornalfatosenoticias.com.br\/wp-content\/uploads\/2024\/03\/direcao-escolar_gettyimages.jpg\" \/>\n\t<meta property=\"og:image:width\" content=\"612\" \/>\n\t<meta property=\"og:image:height\" content=\"412\" \/>\n\t<meta property=\"og:image:type\" content=\"image\/jpeg\" \/>\n<meta name=\"author\" content=\"Luzimara Fernandes\" \/>\n<meta name=\"twitter:card\" content=\"summary_large_image\" \/>\n<meta name=\"twitter:label1\" content=\"Escrito por\" \/>\n\t<meta name=\"twitter:data1\" content=\"Luzimara Fernandes\" \/>\n\t<meta name=\"twitter:label2\" content=\"Est. tempo de leitura\" \/>\n\t<meta name=\"twitter:data2\" content=\"3 minutos\" \/>\n<script type=\"application\/ld+json\" class=\"yoast-schema-graph\">{\"@context\":\"https:\/\/schema.org\",\"@graph\":[{\"@type\":\"Article\",\"@id\":\"https:\/\/jornalfatosenoticias.com.br\/index.php\/2024\/03\/01\/cai-entrada-da-direcao-escolar-por-indicacao-e-cresce-via-processo-seletivo\/#article\",\"isPartOf\":{\"@id\":\"https:\/\/jornalfatosenoticias.com.br\/index.php\/2024\/03\/01\/cai-entrada-da-direcao-escolar-por-indicacao-e-cresce-via-processo-seletivo\/\"},\"author\":{\"name\":\"Luzimara Fernandes\",\"@id\":\"https:\/\/jornalfatosenoticias.com.br\/#\/schema\/person\/d63837fa13ac8666eb9e74e0985d6f81\"},\"headline\":\"Cai entrada da dire\u00e7\u00e3o escolar por indica\u00e7\u00e3o e cresce via processo seletivo\",\"datePublished\":\"2024-03-01T18:54:31+00:00\",\"mainEntityOfPage\":{\"@id\":\"https:\/\/jornalfatosenoticias.com.br\/index.php\/2024\/03\/01\/cai-entrada-da-direcao-escolar-por-indicacao-e-cresce-via-processo-seletivo\/\"},\"wordCount\":641,\"commentCount\":0,\"publisher\":{\"@id\":\"https:\/\/jornalfatosenoticias.com.br\/#organization\"},\"image\":{\"@id\":\"https:\/\/jornalfatosenoticias.com.br\/index.php\/2024\/03\/01\/cai-entrada-da-direcao-escolar-por-indicacao-e-cresce-via-processo-seletivo\/#primaryimage\"},\"thumbnailUrl\":\"https:\/\/jornalfatosenoticias.com.br\/wp-content\/uploads\/2024\/03\/direcao-escolar_gettyimages.jpg\",\"keywords\":[\"censo\",\"dire\u00e7\u00e3o escolar\",\"educa\u00e7\u00e3o b\u00e1sica\",\"pol\u00edticas p\u00fablicas\"],\"articleSection\":[\"Educa\u00e7\u00e3o\"],\"inLanguage\":\"pt-BR\",\"potentialAction\":[{\"@type\":\"CommentAction\",\"name\":\"Comment\",\"target\":[\"https:\/\/jornalfatosenoticias.com.br\/index.php\/2024\/03\/01\/cai-entrada-da-direcao-escolar-por-indicacao-e-cresce-via-processo-seletivo\/#respond\"]}]},{\"@type\":\"WebPage\",\"@id\":\"https:\/\/jornalfatosenoticias.com.br\/index.php\/2024\/03\/01\/cai-entrada-da-direcao-escolar-por-indicacao-e-cresce-via-processo-seletivo\/\",\"url\":\"https:\/\/jornalfatosenoticias.com.br\/index.php\/2024\/03\/01\/cai-entrada-da-direcao-escolar-por-indicacao-e-cresce-via-processo-seletivo\/\",\"name\":\"Cai entrada da dire\u00e7\u00e3o escolar por indica\u00e7\u00e3o e cresce via processo seletivo - Jornal Fatos e Not\u00edcias\",\"isPartOf\":{\"@id\":\"https:\/\/jornalfatosenoticias.com.br\/#website\"},\"primaryImageOfPage\":{\"@id\":\"https:\/\/jornalfatosenoticias.com.br\/index.php\/2024\/03\/01\/cai-entrada-da-direcao-escolar-por-indicacao-e-cresce-via-processo-seletivo\/#primaryimage\"},\"image\":{\"@id\":\"https:\/\/jornalfatosenoticias.com.br\/index.php\/2024\/03\/01\/cai-entrada-da-direcao-escolar-por-indicacao-e-cresce-via-processo-seletivo\/#primaryimage\"},\"thumbnailUrl\":\"https:\/\/jornalfatosenoticias.com.br\/wp-content\/uploads\/2024\/03\/direcao-escolar_gettyimages.jpg\",\"datePublished\":\"2024-03-01T18:54:31+00:00\",\"breadcrumb\":{\"@id\":\"https:\/\/jornalfatosenoticias.com.br\/index.php\/2024\/03\/01\/cai-entrada-da-direcao-escolar-por-indicacao-e-cresce-via-processo-seletivo\/#breadcrumb\"},\"inLanguage\":\"pt-BR\",\"potentialAction\":[{\"@type\":\"ReadAction\",\"target\":[\"https:\/\/jornalfatosenoticias.com.br\/index.php\/2024\/03\/01\/cai-entrada-da-direcao-escolar-por-indicacao-e-cresce-via-processo-seletivo\/\"]}]},{\"@type\":\"ImageObject\",\"inLanguage\":\"pt-BR\",\"@id\":\"https:\/\/jornalfatosenoticias.com.br\/index.php\/2024\/03\/01\/cai-entrada-da-direcao-escolar-por-indicacao-e-cresce-via-processo-seletivo\/#primaryimage\",\"url\":\"https:\/\/jornalfatosenoticias.com.br\/wp-content\/uploads\/2024\/03\/direcao-escolar_gettyimages.jpg\",\"contentUrl\":\"https:\/\/jornalfatosenoticias.com.br\/wp-content\/uploads\/2024\/03\/direcao-escolar_gettyimages.jpg\",\"width\":612,\"height\":412},{\"@type\":\"BreadcrumbList\",\"@id\":\"https:\/\/jornalfatosenoticias.com.br\/index.php\/2024\/03\/01\/cai-entrada-da-direcao-escolar-por-indicacao-e-cresce-via-processo-seletivo\/#breadcrumb\",\"itemListElement\":[{\"@type\":\"ListItem\",\"position\":1,\"name\":\"In\u00edcio\",\"item\":\"https:\/\/jornalfatosenoticias.com.br\/\"},{\"@type\":\"ListItem\",\"position\":2,\"name\":\"Cai entrada da dire\u00e7\u00e3o escolar por indica\u00e7\u00e3o e cresce via processo seletivo\"}]},{\"@type\":\"WebSite\",\"@id\":\"https:\/\/jornalfatosenoticias.com.br\/#website\",\"url\":\"https:\/\/jornalfatosenoticias.com.br\/\",\"name\":\"Jornal Fatos e Not\u00edcias\",\"description\":\"Not\u00edcias em geral\",\"publisher\":{\"@id\":\"https:\/\/jornalfatosenoticias.com.br\/#organization\"},\"potentialAction\":[{\"@type\":\"SearchAction\",\"target\":{\"@type\":\"EntryPoint\",\"urlTemplate\":\"https:\/\/jornalfatosenoticias.com.br\/?s={search_term_string}\"},\"query-input\":{\"@type\":\"PropertyValueSpecification\",\"valueRequired\":true,\"valueName\":\"search_term_string\"}}],\"inLanguage\":\"pt-BR\"},{\"@type\":\"Organization\",\"@id\":\"https:\/\/jornalfatosenoticias.com.br\/#organization\",\"name\":\"Jornal Fatos e Not\u00edcias\",\"url\":\"https:\/\/jornalfatosenoticias.com.br\/\",\"logo\":{\"@type\":\"ImageObject\",\"inLanguage\":\"pt-BR\",\"@id\":\"https:\/\/jornalfatosenoticias.com.br\/#\/schema\/logo\/image\/\",\"url\":\"https:\/\/jornalfatosenoticias.com.br\/wp-content\/uploads\/2020\/02\/logo120.png\",\"contentUrl\":\"https:\/\/jornalfatosenoticias.com.br\/wp-content\/uploads\/2020\/02\/logo120.png\",\"width\":1227,\"height\":120,\"caption\":\"Jornal Fatos e Not\u00edcias\"},\"image\":{\"@id\":\"https:\/\/jornalfatosenoticias.com.br\/#\/schema\/logo\/image\/\"}},{\"@type\":\"Person\",\"@id\":\"https:\/\/jornalfatosenoticias.com.br\/#\/schema\/person\/d63837fa13ac8666eb9e74e0985d6f81\",\"name\":\"Luzimara Fernandes\",\"image\":{\"@type\":\"ImageObject\",\"inLanguage\":\"pt-BR\",\"@id\":\"https:\/\/jornalfatosenoticias.com.br\/#\/schema\/person\/image\/\",\"url\":\"https:\/\/jornalfatosenoticias.com.br\/wp-content\/uploads\/2025\/05\/EU_portal.jpg\",\"contentUrl\":\"https:\/\/jornalfatosenoticias.com.br\/wp-content\/uploads\/2025\/05\/EU_portal.jpg\",\"caption\":\"Luzimara Fernandes\"},\"description\":\"Jornalista MTB 2358-ES\",\"sameAs\":[\"https:\/\/jornalfatosenoticias.com.br\"],\"url\":\"https:\/\/jornalfatosenoticias.com.br\/index.php\/author\/luzimara\/\"}]}<\/script>\n<!-- \/ Yoast SEO plugin. -->","yoast_head_json":{"title":"Cai entrada da dire\u00e7\u00e3o escolar por indica\u00e7\u00e3o e cresce via processo seletivo - Jornal Fatos e Not\u00edcias","robots":{"index":"index","follow":"follow","max-snippet":"max-snippet:-1","max-image-preview":"max-image-preview:large","max-video-preview":"max-video-preview:-1"},"canonical":"https:\/\/jornalfatosenoticias.com.br\/index.php\/2024\/03\/01\/cai-entrada-da-direcao-escolar-por-indicacao-e-cresce-via-processo-seletivo\/","og_locale":"pt_BR","og_type":"article","og_title":"Cai entrada da dire\u00e7\u00e3o escolar por indica\u00e7\u00e3o e cresce via processo seletivo - Jornal Fatos e Not\u00edcias","og_description":"Censo Escolar 2023 tamb\u00e9m aponta dados alarmantes: 68 milh\u00f5es de pessoas com 18 anos ou mais n\u00e3o frequentam a escola e n\u00e3o conclu\u00edram a educa\u00e7\u00e3o b\u00e1sica Por Maria Eug\u00eania At\u00e9 2022, prevalecia o acesso \u00e0 carreira para a dire\u00e7\u00e3o escolar da rede municipal e estadual exclusivamente por indica\u00e7\u00e3o. J\u00e1 em 2023, o acesso por meio [&hellip;]","og_url":"https:\/\/jornalfatosenoticias.com.br\/index.php\/2024\/03\/01\/cai-entrada-da-direcao-escolar-por-indicacao-e-cresce-via-processo-seletivo\/","og_site_name":"Jornal Fatos e Not\u00edcias","article_published_time":"2024-03-01T18:54:31+00:00","og_image":[{"width":612,"height":412,"url":"https:\/\/jornalfatosenoticias.com.br\/wp-content\/uploads\/2024\/03\/direcao-escolar_gettyimages.jpg","type":"image\/jpeg"}],"author":"Luzimara Fernandes","twitter_card":"summary_large_image","twitter_misc":{"Escrito por":"Luzimara Fernandes","Est. tempo de leitura":"3 minutos"},"schema":{"@context":"https:\/\/schema.org","@graph":[{"@type":"Article","@id":"https:\/\/jornalfatosenoticias.com.br\/index.php\/2024\/03\/01\/cai-entrada-da-direcao-escolar-por-indicacao-e-cresce-via-processo-seletivo\/#article","isPartOf":{"@id":"https:\/\/jornalfatosenoticias.com.br\/index.php\/2024\/03\/01\/cai-entrada-da-direcao-escolar-por-indicacao-e-cresce-via-processo-seletivo\/"},"author":{"name":"Luzimara Fernandes","@id":"https:\/\/jornalfatosenoticias.com.br\/#\/schema\/person\/d63837fa13ac8666eb9e74e0985d6f81"},"headline":"Cai entrada da dire\u00e7\u00e3o escolar por indica\u00e7\u00e3o e cresce via processo seletivo","datePublished":"2024-03-01T18:54:31+00:00","mainEntityOfPage":{"@id":"https:\/\/jornalfatosenoticias.com.br\/index.php\/2024\/03\/01\/cai-entrada-da-direcao-escolar-por-indicacao-e-cresce-via-processo-seletivo\/"},"wordCount":641,"commentCount":0,"publisher":{"@id":"https:\/\/jornalfatosenoticias.com.br\/#organization"},"image":{"@id":"https:\/\/jornalfatosenoticias.com.br\/index.php\/2024\/03\/01\/cai-entrada-da-direcao-escolar-por-indicacao-e-cresce-via-processo-seletivo\/#primaryimage"},"thumbnailUrl":"https:\/\/jornalfatosenoticias.com.br\/wp-content\/uploads\/2024\/03\/direcao-escolar_gettyimages.jpg","keywords":["censo","dire\u00e7\u00e3o escolar","educa\u00e7\u00e3o b\u00e1sica","pol\u00edticas p\u00fablicas"],"articleSection":["Educa\u00e7\u00e3o"],"inLanguage":"pt-BR","potentialAction":[{"@type":"CommentAction","name":"Comment","target":["https:\/\/jornalfatosenoticias.com.br\/index.php\/2024\/03\/01\/cai-entrada-da-direcao-escolar-por-indicacao-e-cresce-via-processo-seletivo\/#respond"]}]},{"@type":"WebPage","@id":"https:\/\/jornalfatosenoticias.com.br\/index.php\/2024\/03\/01\/cai-entrada-da-direcao-escolar-por-indicacao-e-cresce-via-processo-seletivo\/","url":"https:\/\/jornalfatosenoticias.com.br\/index.php\/2024\/03\/01\/cai-entrada-da-direcao-escolar-por-indicacao-e-cresce-via-processo-seletivo\/","name":"Cai entrada da dire\u00e7\u00e3o escolar por indica\u00e7\u00e3o e cresce via processo seletivo - Jornal Fatos e Not\u00edcias","isPartOf":{"@id":"https:\/\/jornalfatosenoticias.com.br\/#website"},"primaryImageOfPage":{"@id":"https:\/\/jornalfatosenoticias.com.br\/index.php\/2024\/03\/01\/cai-entrada-da-direcao-escolar-por-indicacao-e-cresce-via-processo-seletivo\/#primaryimage"},"image":{"@id":"https:\/\/jornalfatosenoticias.com.br\/index.php\/2024\/03\/01\/cai-entrada-da-direcao-escolar-por-indicacao-e-cresce-via-processo-seletivo\/#primaryimage"},"thumbnailUrl":"https:\/\/jornalfatosenoticias.com.br\/wp-content\/uploads\/2024\/03\/direcao-escolar_gettyimages.jpg","datePublished":"2024-03-01T18:54:31+00:00","breadcrumb":{"@id":"https:\/\/jornalfatosenoticias.com.br\/index.php\/2024\/03\/01\/cai-entrada-da-direcao-escolar-por-indicacao-e-cresce-via-processo-seletivo\/#breadcrumb"},"inLanguage":"pt-BR","potentialAction":[{"@type":"ReadAction","target":["https:\/\/jornalfatosenoticias.com.br\/index.php\/2024\/03\/01\/cai-entrada-da-direcao-escolar-por-indicacao-e-cresce-via-processo-seletivo\/"]}]},{"@type":"ImageObject","inLanguage":"pt-BR","@id":"https:\/\/jornalfatosenoticias.com.br\/index.php\/2024\/03\/01\/cai-entrada-da-direcao-escolar-por-indicacao-e-cresce-via-processo-seletivo\/#primaryimage","url":"https:\/\/jornalfatosenoticias.com.br\/wp-content\/uploads\/2024\/03\/direcao-escolar_gettyimages.jpg","contentUrl":"https:\/\/jornalfatosenoticias.com.br\/wp-content\/uploads\/2024\/03\/direcao-escolar_gettyimages.jpg","width":612,"height":412},{"@type":"BreadcrumbList","@id":"https:\/\/jornalfatosenoticias.com.br\/index.php\/2024\/03\/01\/cai-entrada-da-direcao-escolar-por-indicacao-e-cresce-via-processo-seletivo\/#breadcrumb","itemListElement":[{"@type":"ListItem","position":1,"name":"In\u00edcio","item":"https:\/\/jornalfatosenoticias.com.br\/"},{"@type":"ListItem","position":2,"name":"Cai entrada da dire\u00e7\u00e3o escolar por indica\u00e7\u00e3o e cresce via processo seletivo"}]},{"@type":"WebSite","@id":"https:\/\/jornalfatosenoticias.com.br\/#website","url":"https:\/\/jornalfatosenoticias.com.br\/","name":"Jornal Fatos e Not\u00edcias","description":"Not\u00edcias em geral","publisher":{"@id":"https:\/\/jornalfatosenoticias.com.br\/#organization"},"potentialAction":[{"@type":"SearchAction","target":{"@type":"EntryPoint","urlTemplate":"https:\/\/jornalfatosenoticias.com.br\/?s={search_term_string}"},"query-input":{"@type":"PropertyValueSpecification","valueRequired":true,"valueName":"search_term_string"}}],"inLanguage":"pt-BR"},{"@type":"Organization","@id":"https:\/\/jornalfatosenoticias.com.br\/#organization","name":"Jornal Fatos e Not\u00edcias","url":"https:\/\/jornalfatosenoticias.com.br\/","logo":{"@type":"ImageObject","inLanguage":"pt-BR","@id":"https:\/\/jornalfatosenoticias.com.br\/#\/schema\/logo\/image\/","url":"https:\/\/jornalfatosenoticias.com.br\/wp-content\/uploads\/2020\/02\/logo120.png","contentUrl":"https:\/\/jornalfatosenoticias.com.br\/wp-content\/uploads\/2020\/02\/logo120.png","width":1227,"height":120,"caption":"Jornal Fatos e Not\u00edcias"},"image":{"@id":"https:\/\/jornalfatosenoticias.com.br\/#\/schema\/logo\/image\/"}},{"@type":"Person","@id":"https:\/\/jornalfatosenoticias.com.br\/#\/schema\/person\/d63837fa13ac8666eb9e74e0985d6f81","name":"Luzimara Fernandes","image":{"@type":"ImageObject","inLanguage":"pt-BR","@id":"https:\/\/jornalfatosenoticias.com.br\/#\/schema\/person\/image\/","url":"https:\/\/jornalfatosenoticias.com.br\/wp-content\/uploads\/2025\/05\/EU_portal.jpg","contentUrl":"https:\/\/jornalfatosenoticias.com.br\/wp-content\/uploads\/2025\/05\/EU_portal.jpg","caption":"Luzimara Fernandes"},"description":"Jornalista MTB 2358-ES","sameAs":["https:\/\/jornalfatosenoticias.com.br"],"url":"https:\/\/jornalfatosenoticias.com.br\/index.php\/author\/luzimara\/"}]}},"cc_featured_image_caption":{"caption_text":"(Foto: Getty Images)","source_text":"","source_url":""},"jetpack_featured_media_url":"https:\/\/jornalfatosenoticias.com.br\/wp-content\/uploads\/2024\/03\/direcao-escolar_gettyimages.jpg","_links":{"self":[{"href":"https:\/\/jornalfatosenoticias.com.br\/index.php\/wp-json\/wp\/v2\/posts\/49594","targetHints":{"allow":["GET"]}}],"collection":[{"href":"https:\/\/jornalfatosenoticias.com.br\/index.php\/wp-json\/wp\/v2\/posts"}],"about":[{"href":"https:\/\/jornalfatosenoticias.com.br\/index.php\/wp-json\/wp\/v2\/types\/post"}],"author":[{"embeddable":true,"href":"https:\/\/jornalfatosenoticias.com.br\/index.php\/wp-json\/wp\/v2\/users\/2"}],"replies":[{"embeddable":true,"href":"https:\/\/jornalfatosenoticias.com.br\/index.php\/wp-json\/wp\/v2\/comments?post=49594"}],"version-history":[{"count":0,"href":"https:\/\/jornalfatosenoticias.com.br\/index.php\/wp-json\/wp\/v2\/posts\/49594\/revisions"}],"wp:featuredmedia":[{"embeddable":true,"href":"https:\/\/jornalfatosenoticias.com.br\/index.php\/wp-json\/wp\/v2\/media\/49595"}],"wp:attachment":[{"href":"https:\/\/jornalfatosenoticias.com.br\/index.php\/wp-json\/wp\/v2\/media?parent=49594"}],"wp:term":[{"taxonomy":"category","embeddable":true,"href":"https:\/\/jornalfatosenoticias.com.br\/index.php\/wp-json\/wp\/v2\/categories?post=49594"},{"taxonomy":"post_tag","embeddable":true,"href":"https:\/\/jornalfatosenoticias.com.br\/index.php\/wp-json\/wp\/v2\/tags?post=49594"}],"curies":[{"name":"wp","href":"https:\/\/api.w.org\/{rel}","templated":true}]}}