{"id":49603,"date":"2024-03-01T16:31:03","date_gmt":"2024-03-01T19:31:03","guid":{"rendered":"https:\/\/jornalfatosenoticias.com.br\/?p=49603"},"modified":"2024-03-01T16:31:04","modified_gmt":"2024-03-01T19:31:04","slug":"onu-acusa-ditadura-da-nicaragua-de-cometer-crimes-contra-a-humanidade","status":"publish","type":"post","link":"https:\/\/jornalfatosenoticias.com.br\/index.php\/2024\/03\/01\/onu-acusa-ditadura-da-nicaragua-de-cometer-crimes-contra-a-humanidade\/","title":{"rendered":"ONU acusa ditadura da Nicar\u00e1gua de cometer crimes contra a humanidade"},"content":{"rendered":"\n<p><em><span class=\"has-inline-color has-black-color\">Outdoor em Man\u00e1gua com propaganda da primeira-dama e vice-presidente, Rosario Murillo, e do ditador da Nicar\u00e1gua, Daniel Ortega<\/span><\/em><\/p>\n\n\n\n<p><span class=\"has-inline-color has-black-color\">Por <strong><a href=\"https:\/\/www.gazetadopovo.com.br\/autor\/isabella-de-paula\/\">Isabella de Paula<\/a><\/strong><\/span><\/p>\n\n\n\n<div class=\"wp-block-image\"><figure class=\"aligncenter size-large\"><img loading=\"lazy\" decoding=\"async\" width=\"1024\" height=\"111\" src=\"https:\/\/jornalfatosenoticias.com.br\/wp-content\/uploads\/2020\/02\/WhatsApp-Image-2022-09-23-at-12.09.18-1024x111.jpeg\" alt=\"\" class=\"wp-image-34527\" srcset=\"https:\/\/jornalfatosenoticias.com.br\/wp-content\/uploads\/2020\/02\/WhatsApp-Image-2022-09-23-at-12.09.18-1024x111.jpeg 1024w, https:\/\/jornalfatosenoticias.com.br\/wp-content\/uploads\/2020\/02\/WhatsApp-Image-2022-09-23-at-12.09.18-300x32.jpeg 300w, https:\/\/jornalfatosenoticias.com.br\/wp-content\/uploads\/2020\/02\/WhatsApp-Image-2022-09-23-at-12.09.18-768x83.jpeg 768w, https:\/\/jornalfatosenoticias.com.br\/wp-content\/uploads\/2020\/02\/WhatsApp-Image-2022-09-23-at-12.09.18.jpeg 1121w\" sizes=\"auto, (max-width: 1024px) 100vw, 1024px\" \/><\/figure><\/div>\n\n\n\n<p>Um relat\u00f3rio elaborado por especialistas das Na\u00e7\u00f5es Unidas denuncia que o regime da Nicar\u00e1gua cometeu graves viola\u00e7\u00f5es de direitos humanos equivalentes a &#8220;crimes contra a humanidade\u201d,\u00a0numa investiga\u00e7\u00e3o sobre a crescente repress\u00e3o \u00e0 oposi\u00e7\u00e3o pol\u00edtica no pa\u00eds centro-americano.<br>Nas informa\u00e7\u00f5es elencadas pela ONU s\u00e3o mencionadas as persegui\u00e7\u00f5es em s\u00e9rie contra dissidentes durante anos em uma campanha que atingiu o seu ponto de viragem nos protestos contra a ditadura de Ortega, em 2018, que resultaram em epis\u00f3dio violentos envolvendo a popula\u00e7\u00e3o e autoridades do pa\u00eds. Na ocasi\u00e3o, Ortega acusou os EUA de orquestrarem uma tentativa de golpe de Estado.<\/p>\n\n\n\n<div class=\"wp-block-image\"><figure class=\"aligncenter size-large is-resized\"><img loading=\"lazy\" decoding=\"async\" src=\"https:\/\/jornalfatosenoticias.com.br\/wp-content\/uploads\/2020\/02\/CONTROL-CS.jpg\" alt=\"\" class=\"wp-image-44991\" width=\"304\" height=\"364\" srcset=\"https:\/\/jornalfatosenoticias.com.br\/wp-content\/uploads\/2020\/02\/CONTROL-CS.jpg 834w, https:\/\/jornalfatosenoticias.com.br\/wp-content\/uploads\/2020\/02\/CONTROL-CS-250x300.jpg 250w, https:\/\/jornalfatosenoticias.com.br\/wp-content\/uploads\/2020\/02\/CONTROL-CS-768x921.jpg 768w\" sizes=\"auto, (max-width: 304px) 100vw, 304px\" \/><\/figure><\/div>\n\n\n\n<p>Segundo o documento, a repress\u00e3o se tornou ainda maior no \u00faltimo ano, per\u00edodo no qual o Estado enfrentou grandes setores da sociedade com o objetivo de \u201cincapacitar qualquer tipo de oposi\u00e7\u00e3o a longo prazo\u201d, segundo\u00a0apurou o grupo independente de especialistas da ONU,\u00a0que investiga a situa\u00e7\u00e3o desde mar\u00e7o de 2022.<\/p>\n\n\n\n<div class=\"wp-block-image\"><figure class=\"aligncenter size-large\"><img loading=\"lazy\" decoding=\"async\" width=\"300\" height=\"250\" src=\"https:\/\/jornalfatosenoticias.com.br\/wp-content\/uploads\/2022\/02\/FERRARI_MAQUINAS-E-FERRAMENTAS2.jpg\" alt=\"\" class=\"wp-image-27860\"\/><\/figure><\/div>\n\n\n\n<blockquote class=\"wp-block-quote is-layout-flow wp-block-quote-is-layout-flow\"><p><span class=\"has-inline-color has-luminous-vivid-orange-color\">A Nicar\u00e1gua est\u00e1 presa numa espiral de viol\u00eancia marcada pela persegui\u00e7\u00e3o de todas as formas de oposi\u00e7\u00e3o pol\u00edtica, seja real ou aparente. O governo solidificou uma\u00a0espiral de sil\u00eancio\u00a0que incapacita qualquer poss\u00edvel oposi\u00e7\u00e3o&#8221;, disse\u00a0Jan Simon, o l\u00edder da investiga\u00e7\u00e3o.<\/span><\/p><\/blockquote>\n\n\n\n<div class=\"wp-block-image\"><figure class=\"aligncenter size-large is-resized\"><img loading=\"lazy\" decoding=\"async\" src=\"https:\/\/jornalfatosenoticias.com.br\/wp-content\/uploads\/2023\/03\/nova-logo-Marquetti.jpg\" alt=\"\" class=\"wp-image-40207\" width=\"304\" height=\"204\" srcset=\"https:\/\/jornalfatosenoticias.com.br\/wp-content\/uploads\/2023\/03\/nova-logo-Marquetti.jpg 643w, https:\/\/jornalfatosenoticias.com.br\/wp-content\/uploads\/2023\/03\/nova-logo-Marquetti-300x202.jpg 300w\" sizes=\"auto, (max-width: 304px) 100vw, 304px\" \/><\/figure><\/div>\n\n\n\n<p>O regime nicaraguense tem perseguido civis que se op\u00f5em a sua forma de governar, incluindo estudantes universit\u00e1rios, ind\u00edgenas, jornalistas e at\u00e9 membros da Igreja Cat\u00f3lica.\u00a0Os que deixaram o pa\u00eds devido \u00e0 viol\u00eancia generalizada tamb\u00e9m sofreram as consequ\u00eancias de suas a\u00e7\u00f5es, perdendo a nacionalidade.<\/p>\n\n\n\n<div class=\"wp-block-image\"><figure class=\"aligncenter size-large\"><img loading=\"lazy\" decoding=\"async\" width=\"300\" height=\"250\" src=\"https:\/\/jornalfatosenoticias.com.br\/wp-content\/uploads\/2020\/02\/Banner-2.png\" alt=\"\" class=\"wp-image-43787\"\/><\/figure><\/div>\n\n\n\n<p>O\u00a0relat\u00f3rio do Grupo de Direitos Humanos sobre a Nicar\u00e1gua\u00a0acusa o regime de Daniel Ortega de cometer \u201cabusos e crimes para eliminar todas as vozes cr\u00edticas e dissuadir, a longo prazo, qualquer nova organiza\u00e7\u00e3o e iniciativa de mobiliza\u00e7\u00e3o social\u201d.<\/p>\n\n\n\n<div class=\"wp-block-image\"><figure class=\"aligncenter size-large\"><img decoding=\"async\" src=\"https:\/\/jornalfatosenoticias.com.br\/wp-content\/uploads\/2020\/02\/logo_esteio.jpg\" alt=\"\" class=\"wp-image-1214\"\/><\/figure><\/div>\n\n\n\n<blockquote class=\"wp-block-quote is-layout-flow wp-block-quote-is-layout-flow\"><p><span class=\"has-inline-color has-luminous-vivid-orange-color\">O governo da Nicar\u00e1gua continua a perpetrar graves viola\u00e7\u00f5es sistem\u00e1ticas dos direitos humanos, equivalentes a crimes contra a humanidade, por raz\u00f5es pol\u00edticas\u00a0\u201d, diz um comunicado da ONU.<\/span><\/p><\/blockquote>\n\n\n\n<div class=\"wp-block-image\"><figure class=\"aligncenter size-large is-resized\"><img loading=\"lazy\" decoding=\"async\" src=\"https:\/\/jornalfatosenoticias.com.br\/wp-content\/uploads\/2023\/08\/BKR-1024x1021.jpg\" alt=\"\" class=\"wp-image-44494\" width=\"290\" height=\"289\" srcset=\"https:\/\/jornalfatosenoticias.com.br\/wp-content\/uploads\/2023\/08\/BKR-1024x1021.jpg 1024w, https:\/\/jornalfatosenoticias.com.br\/wp-content\/uploads\/2023\/08\/BKR-300x300.jpg 300w, https:\/\/jornalfatosenoticias.com.br\/wp-content\/uploads\/2023\/08\/BKR-150x150.jpg 150w, https:\/\/jornalfatosenoticias.com.br\/wp-content\/uploads\/2023\/08\/BKR-768x766.jpg 768w, https:\/\/jornalfatosenoticias.com.br\/wp-content\/uploads\/2023\/08\/BKR.jpg 1080w\" sizes=\"auto, (max-width: 290px) 100vw, 290px\" \/><\/figure><\/div>\n\n\n\n<p>O l\u00edder da investiga\u00e7\u00e3o, Jan Simon, disse que \u201co presidente Ortega, a vice-Presidente Murillo e os altos funcion\u00e1rios identificados na investiga\u00e7\u00e3o devem ser responsabilizados perante a comunidade internacional\u201d.<\/p>\n\n\n\n<div class=\"wp-block-image\"><figure class=\"aligncenter size-large is-resized\"><img loading=\"lazy\" decoding=\"async\" src=\"https:\/\/jornalfatosenoticias.com.br\/wp-content\/uploads\/2023\/09\/vetorvix1024_1.jpg\" alt=\"\" class=\"wp-image-44868\" width=\"520\" height=\"138\" srcset=\"https:\/\/jornalfatosenoticias.com.br\/wp-content\/uploads\/2023\/09\/vetorvix1024_1.jpg 1024w, https:\/\/jornalfatosenoticias.com.br\/wp-content\/uploads\/2023\/09\/vetorvix1024_1-300x80.jpg 300w, https:\/\/jornalfatosenoticias.com.br\/wp-content\/uploads\/2023\/09\/vetorvix1024_1-768x205.jpg 768w\" sizes=\"auto, (max-width: 520px) 100vw, 520px\" \/><\/figure><\/div>\n\n\n\n<p><strong><em>Fonte: <a href=\"https:\/\/www.gazetadopovo.com.br\/mundo\/onu-acusa-ditadura-da-nicaragua-de-cometer-crimes-contra-a-humanidade\/\">Gazeta do Povo<\/a><\/em><\/strong><\/p>\n","protected":false},"excerpt":{"rendered":"<p>Outdoor em Man\u00e1gua com propaganda da primeira-dama e vice-presidente, Rosario Murillo, e do ditador da Nicar\u00e1gua, Daniel Ortega Por Isabella de Paula Um relat\u00f3rio elaborado por especialistas das Na\u00e7\u00f5es Unidas denuncia que o regime da Nicar\u00e1gua cometeu graves viola\u00e7\u00f5es de direitos humanos equivalentes a &#8220;crimes contra a humanidade\u201d,\u00a0numa investiga\u00e7\u00e3o sobre a crescente repress\u00e3o \u00e0 oposi\u00e7\u00e3o [&hellip;]<\/p>\n","protected":false},"author":2,"featured_media":49604,"comment_status":"open","ping_status":"open","sticky":false,"template":"","format":"standard","meta":{"footnotes":""},"categories":[41],"tags":[16508,170,589,648,2479],"class_list":["post-49603","post","type-post","status-publish","format-standard","has-post-thumbnail","hentry","category-internacional","tag-daniel-ortega","tag-igreja-catolica","tag-nicaragua","tag-onu","tag-violencia"],"yoast_head":"<!-- This site is optimized with the Yoast SEO plugin v26.5 - https:\/\/yoast.com\/wordpress\/plugins\/seo\/ -->\n<title>ONU acusa ditadura da Nicar\u00e1gua de cometer crimes contra a humanidade - Jornal Fatos e Not\u00edcias<\/title>\n<meta name=\"robots\" content=\"index, follow, max-snippet:-1, max-image-preview:large, max-video-preview:-1\" \/>\n<link rel=\"canonical\" href=\"https:\/\/jornalfatosenoticias.com.br\/index.php\/2024\/03\/01\/onu-acusa-ditadura-da-nicaragua-de-cometer-crimes-contra-a-humanidade\/\" \/>\n<meta property=\"og:locale\" content=\"pt_BR\" \/>\n<meta property=\"og:type\" content=\"article\" \/>\n<meta property=\"og:title\" content=\"ONU acusa ditadura da Nicar\u00e1gua de cometer crimes contra a humanidade - Jornal Fatos e Not\u00edcias\" \/>\n<meta property=\"og:description\" content=\"Outdoor em Man\u00e1gua com propaganda da primeira-dama e vice-presidente, Rosario Murillo, e do ditador da Nicar\u00e1gua, Daniel Ortega Por Isabella de Paula Um relat\u00f3rio elaborado por especialistas das Na\u00e7\u00f5es Unidas denuncia que o regime da Nicar\u00e1gua cometeu graves viola\u00e7\u00f5es de direitos humanos equivalentes a &#8220;crimes contra a humanidade\u201d,\u00a0numa investiga\u00e7\u00e3o sobre a crescente repress\u00e3o \u00e0 oposi\u00e7\u00e3o [&hellip;]\" \/>\n<meta property=\"og:url\" content=\"https:\/\/jornalfatosenoticias.com.br\/index.php\/2024\/03\/01\/onu-acusa-ditadura-da-nicaragua-de-cometer-crimes-contra-a-humanidade\/\" \/>\n<meta property=\"og:site_name\" content=\"Jornal Fatos e Not\u00edcias\" \/>\n<meta property=\"article:published_time\" content=\"2024-03-01T19:31:03+00:00\" \/>\n<meta property=\"article:modified_time\" content=\"2024-03-01T19:31:04+00:00\" \/>\n<meta property=\"og:image\" content=\"https:\/\/jornalfatosenoticias.com.br\/wp-content\/uploads\/2024\/03\/nicaragua.jpg\" \/>\n\t<meta property=\"og:image:width\" content=\"960\" \/>\n\t<meta property=\"og:image:height\" content=\"540\" \/>\n\t<meta property=\"og:image:type\" content=\"image\/jpeg\" \/>\n<meta name=\"author\" content=\"Luzimara Fernandes\" \/>\n<meta name=\"twitter:card\" content=\"summary_large_image\" \/>\n<meta name=\"twitter:label1\" content=\"Escrito por\" \/>\n\t<meta name=\"twitter:data1\" content=\"Luzimara Fernandes\" \/>\n\t<meta name=\"twitter:label2\" content=\"Est. tempo de leitura\" \/>\n\t<meta name=\"twitter:data2\" content=\"2 minutos\" \/>\n<script type=\"application\/ld+json\" class=\"yoast-schema-graph\">{\"@context\":\"https:\/\/schema.org\",\"@graph\":[{\"@type\":\"Article\",\"@id\":\"https:\/\/jornalfatosenoticias.com.br\/index.php\/2024\/03\/01\/onu-acusa-ditadura-da-nicaragua-de-cometer-crimes-contra-a-humanidade\/#article\",\"isPartOf\":{\"@id\":\"https:\/\/jornalfatosenoticias.com.br\/index.php\/2024\/03\/01\/onu-acusa-ditadura-da-nicaragua-de-cometer-crimes-contra-a-humanidade\/\"},\"author\":{\"name\":\"Luzimara Fernandes\",\"@id\":\"https:\/\/jornalfatosenoticias.com.br\/#\/schema\/person\/d63837fa13ac8666eb9e74e0985d6f81\"},\"headline\":\"ONU acusa ditadura da Nicar\u00e1gua de cometer crimes contra a humanidade\",\"datePublished\":\"2024-03-01T19:31:03+00:00\",\"dateModified\":\"2024-03-01T19:31:04+00:00\",\"mainEntityOfPage\":{\"@id\":\"https:\/\/jornalfatosenoticias.com.br\/index.php\/2024\/03\/01\/onu-acusa-ditadura-da-nicaragua-de-cometer-crimes-contra-a-humanidade\/\"},\"wordCount\":420,\"commentCount\":0,\"publisher\":{\"@id\":\"https:\/\/jornalfatosenoticias.com.br\/#organization\"},\"image\":{\"@id\":\"https:\/\/jornalfatosenoticias.com.br\/index.php\/2024\/03\/01\/onu-acusa-ditadura-da-nicaragua-de-cometer-crimes-contra-a-humanidade\/#primaryimage\"},\"thumbnailUrl\":\"https:\/\/jornalfatosenoticias.com.br\/wp-content\/uploads\/2024\/03\/nicaragua.jpg\",\"keywords\":[\"Daniel Ortega\",\"igreja cat\u00f3lica\",\"Nicar\u00e1gua\",\"ONU\",\"viol\u00eancia\"],\"articleSection\":[\"Internacional\"],\"inLanguage\":\"pt-BR\",\"potentialAction\":[{\"@type\":\"CommentAction\",\"name\":\"Comment\",\"target\":[\"https:\/\/jornalfatosenoticias.com.br\/index.php\/2024\/03\/01\/onu-acusa-ditadura-da-nicaragua-de-cometer-crimes-contra-a-humanidade\/#respond\"]}]},{\"@type\":\"WebPage\",\"@id\":\"https:\/\/jornalfatosenoticias.com.br\/index.php\/2024\/03\/01\/onu-acusa-ditadura-da-nicaragua-de-cometer-crimes-contra-a-humanidade\/\",\"url\":\"https:\/\/jornalfatosenoticias.com.br\/index.php\/2024\/03\/01\/onu-acusa-ditadura-da-nicaragua-de-cometer-crimes-contra-a-humanidade\/\",\"name\":\"ONU acusa ditadura da Nicar\u00e1gua de cometer crimes contra a humanidade - Jornal Fatos e Not\u00edcias\",\"isPartOf\":{\"@id\":\"https:\/\/jornalfatosenoticias.com.br\/#website\"},\"primaryImageOfPage\":{\"@id\":\"https:\/\/jornalfatosenoticias.com.br\/index.php\/2024\/03\/01\/onu-acusa-ditadura-da-nicaragua-de-cometer-crimes-contra-a-humanidade\/#primaryimage\"},\"image\":{\"@id\":\"https:\/\/jornalfatosenoticias.com.br\/index.php\/2024\/03\/01\/onu-acusa-ditadura-da-nicaragua-de-cometer-crimes-contra-a-humanidade\/#primaryimage\"},\"thumbnailUrl\":\"https:\/\/jornalfatosenoticias.com.br\/wp-content\/uploads\/2024\/03\/nicaragua.jpg\",\"datePublished\":\"2024-03-01T19:31:03+00:00\",\"dateModified\":\"2024-03-01T19:31:04+00:00\",\"breadcrumb\":{\"@id\":\"https:\/\/jornalfatosenoticias.com.br\/index.php\/2024\/03\/01\/onu-acusa-ditadura-da-nicaragua-de-cometer-crimes-contra-a-humanidade\/#breadcrumb\"},\"inLanguage\":\"pt-BR\",\"potentialAction\":[{\"@type\":\"ReadAction\",\"target\":[\"https:\/\/jornalfatosenoticias.com.br\/index.php\/2024\/03\/01\/onu-acusa-ditadura-da-nicaragua-de-cometer-crimes-contra-a-humanidade\/\"]}]},{\"@type\":\"ImageObject\",\"inLanguage\":\"pt-BR\",\"@id\":\"https:\/\/jornalfatosenoticias.com.br\/index.php\/2024\/03\/01\/onu-acusa-ditadura-da-nicaragua-de-cometer-crimes-contra-a-humanidade\/#primaryimage\",\"url\":\"https:\/\/jornalfatosenoticias.com.br\/wp-content\/uploads\/2024\/03\/nicaragua.jpg\",\"contentUrl\":\"https:\/\/jornalfatosenoticias.com.br\/wp-content\/uploads\/2024\/03\/nicaragua.jpg\",\"width\":960,\"height\":540},{\"@type\":\"BreadcrumbList\",\"@id\":\"https:\/\/jornalfatosenoticias.com.br\/index.php\/2024\/03\/01\/onu-acusa-ditadura-da-nicaragua-de-cometer-crimes-contra-a-humanidade\/#breadcrumb\",\"itemListElement\":[{\"@type\":\"ListItem\",\"position\":1,\"name\":\"In\u00edcio\",\"item\":\"https:\/\/jornalfatosenoticias.com.br\/\"},{\"@type\":\"ListItem\",\"position\":2,\"name\":\"ONU acusa ditadura da Nicar\u00e1gua de cometer crimes contra a humanidade\"}]},{\"@type\":\"WebSite\",\"@id\":\"https:\/\/jornalfatosenoticias.com.br\/#website\",\"url\":\"https:\/\/jornalfatosenoticias.com.br\/\",\"name\":\"Jornal Fatos e Not\u00edcias\",\"description\":\"Not\u00edcias em geral\",\"publisher\":{\"@id\":\"https:\/\/jornalfatosenoticias.com.br\/#organization\"},\"potentialAction\":[{\"@type\":\"SearchAction\",\"target\":{\"@type\":\"EntryPoint\",\"urlTemplate\":\"https:\/\/jornalfatosenoticias.com.br\/?s={search_term_string}\"},\"query-input\":{\"@type\":\"PropertyValueSpecification\",\"valueRequired\":true,\"valueName\":\"search_term_string\"}}],\"inLanguage\":\"pt-BR\"},{\"@type\":\"Organization\",\"@id\":\"https:\/\/jornalfatosenoticias.com.br\/#organization\",\"name\":\"Jornal Fatos e Not\u00edcias\",\"url\":\"https:\/\/jornalfatosenoticias.com.br\/\",\"logo\":{\"@type\":\"ImageObject\",\"inLanguage\":\"pt-BR\",\"@id\":\"https:\/\/jornalfatosenoticias.com.br\/#\/schema\/logo\/image\/\",\"url\":\"https:\/\/jornalfatosenoticias.com.br\/wp-content\/uploads\/2020\/02\/logo120.png\",\"contentUrl\":\"https:\/\/jornalfatosenoticias.com.br\/wp-content\/uploads\/2020\/02\/logo120.png\",\"width\":1227,\"height\":120,\"caption\":\"Jornal Fatos e Not\u00edcias\"},\"image\":{\"@id\":\"https:\/\/jornalfatosenoticias.com.br\/#\/schema\/logo\/image\/\"}},{\"@type\":\"Person\",\"@id\":\"https:\/\/jornalfatosenoticias.com.br\/#\/schema\/person\/d63837fa13ac8666eb9e74e0985d6f81\",\"name\":\"Luzimara Fernandes\",\"image\":{\"@type\":\"ImageObject\",\"inLanguage\":\"pt-BR\",\"@id\":\"https:\/\/jornalfatosenoticias.com.br\/#\/schema\/person\/image\/\",\"url\":\"https:\/\/jornalfatosenoticias.com.br\/wp-content\/uploads\/2025\/05\/EU_portal.jpg\",\"contentUrl\":\"https:\/\/jornalfatosenoticias.com.br\/wp-content\/uploads\/2025\/05\/EU_portal.jpg\",\"caption\":\"Luzimara Fernandes\"},\"description\":\"Jornalista MTB 2358-ES\",\"sameAs\":[\"https:\/\/jornalfatosenoticias.com.br\"],\"url\":\"https:\/\/jornalfatosenoticias.com.br\/index.php\/author\/luzimara\/\"}]}<\/script>\n<!-- \/ Yoast SEO plugin. -->","yoast_head_json":{"title":"ONU acusa ditadura da Nicar\u00e1gua de cometer crimes contra a humanidade - Jornal Fatos e Not\u00edcias","robots":{"index":"index","follow":"follow","max-snippet":"max-snippet:-1","max-image-preview":"max-image-preview:large","max-video-preview":"max-video-preview:-1"},"canonical":"https:\/\/jornalfatosenoticias.com.br\/index.php\/2024\/03\/01\/onu-acusa-ditadura-da-nicaragua-de-cometer-crimes-contra-a-humanidade\/","og_locale":"pt_BR","og_type":"article","og_title":"ONU acusa ditadura da Nicar\u00e1gua de cometer crimes contra a humanidade - Jornal Fatos e Not\u00edcias","og_description":"Outdoor em Man\u00e1gua com propaganda da primeira-dama e vice-presidente, Rosario Murillo, e do ditador da Nicar\u00e1gua, Daniel Ortega Por Isabella de Paula Um relat\u00f3rio elaborado por especialistas das Na\u00e7\u00f5es Unidas denuncia que o regime da Nicar\u00e1gua cometeu graves viola\u00e7\u00f5es de direitos humanos equivalentes a &#8220;crimes contra a humanidade\u201d,\u00a0numa investiga\u00e7\u00e3o sobre a crescente repress\u00e3o \u00e0 oposi\u00e7\u00e3o [&hellip;]","og_url":"https:\/\/jornalfatosenoticias.com.br\/index.php\/2024\/03\/01\/onu-acusa-ditadura-da-nicaragua-de-cometer-crimes-contra-a-humanidade\/","og_site_name":"Jornal Fatos e Not\u00edcias","article_published_time":"2024-03-01T19:31:03+00:00","article_modified_time":"2024-03-01T19:31:04+00:00","og_image":[{"width":960,"height":540,"url":"https:\/\/jornalfatosenoticias.com.br\/wp-content\/uploads\/2024\/03\/nicaragua.jpg","type":"image\/jpeg"}],"author":"Luzimara Fernandes","twitter_card":"summary_large_image","twitter_misc":{"Escrito por":"Luzimara Fernandes","Est. tempo de leitura":"2 minutos"},"schema":{"@context":"https:\/\/schema.org","@graph":[{"@type":"Article","@id":"https:\/\/jornalfatosenoticias.com.br\/index.php\/2024\/03\/01\/onu-acusa-ditadura-da-nicaragua-de-cometer-crimes-contra-a-humanidade\/#article","isPartOf":{"@id":"https:\/\/jornalfatosenoticias.com.br\/index.php\/2024\/03\/01\/onu-acusa-ditadura-da-nicaragua-de-cometer-crimes-contra-a-humanidade\/"},"author":{"name":"Luzimara Fernandes","@id":"https:\/\/jornalfatosenoticias.com.br\/#\/schema\/person\/d63837fa13ac8666eb9e74e0985d6f81"},"headline":"ONU acusa ditadura da Nicar\u00e1gua de cometer crimes contra a humanidade","datePublished":"2024-03-01T19:31:03+00:00","dateModified":"2024-03-01T19:31:04+00:00","mainEntityOfPage":{"@id":"https:\/\/jornalfatosenoticias.com.br\/index.php\/2024\/03\/01\/onu-acusa-ditadura-da-nicaragua-de-cometer-crimes-contra-a-humanidade\/"},"wordCount":420,"commentCount":0,"publisher":{"@id":"https:\/\/jornalfatosenoticias.com.br\/#organization"},"image":{"@id":"https:\/\/jornalfatosenoticias.com.br\/index.php\/2024\/03\/01\/onu-acusa-ditadura-da-nicaragua-de-cometer-crimes-contra-a-humanidade\/#primaryimage"},"thumbnailUrl":"https:\/\/jornalfatosenoticias.com.br\/wp-content\/uploads\/2024\/03\/nicaragua.jpg","keywords":["Daniel Ortega","igreja cat\u00f3lica","Nicar\u00e1gua","ONU","viol\u00eancia"],"articleSection":["Internacional"],"inLanguage":"pt-BR","potentialAction":[{"@type":"CommentAction","name":"Comment","target":["https:\/\/jornalfatosenoticias.com.br\/index.php\/2024\/03\/01\/onu-acusa-ditadura-da-nicaragua-de-cometer-crimes-contra-a-humanidade\/#respond"]}]},{"@type":"WebPage","@id":"https:\/\/jornalfatosenoticias.com.br\/index.php\/2024\/03\/01\/onu-acusa-ditadura-da-nicaragua-de-cometer-crimes-contra-a-humanidade\/","url":"https:\/\/jornalfatosenoticias.com.br\/index.php\/2024\/03\/01\/onu-acusa-ditadura-da-nicaragua-de-cometer-crimes-contra-a-humanidade\/","name":"ONU acusa ditadura da Nicar\u00e1gua de cometer crimes contra a humanidade - Jornal Fatos e Not\u00edcias","isPartOf":{"@id":"https:\/\/jornalfatosenoticias.com.br\/#website"},"primaryImageOfPage":{"@id":"https:\/\/jornalfatosenoticias.com.br\/index.php\/2024\/03\/01\/onu-acusa-ditadura-da-nicaragua-de-cometer-crimes-contra-a-humanidade\/#primaryimage"},"image":{"@id":"https:\/\/jornalfatosenoticias.com.br\/index.php\/2024\/03\/01\/onu-acusa-ditadura-da-nicaragua-de-cometer-crimes-contra-a-humanidade\/#primaryimage"},"thumbnailUrl":"https:\/\/jornalfatosenoticias.com.br\/wp-content\/uploads\/2024\/03\/nicaragua.jpg","datePublished":"2024-03-01T19:31:03+00:00","dateModified":"2024-03-01T19:31:04+00:00","breadcrumb":{"@id":"https:\/\/jornalfatosenoticias.com.br\/index.php\/2024\/03\/01\/onu-acusa-ditadura-da-nicaragua-de-cometer-crimes-contra-a-humanidade\/#breadcrumb"},"inLanguage":"pt-BR","potentialAction":[{"@type":"ReadAction","target":["https:\/\/jornalfatosenoticias.com.br\/index.php\/2024\/03\/01\/onu-acusa-ditadura-da-nicaragua-de-cometer-crimes-contra-a-humanidade\/"]}]},{"@type":"ImageObject","inLanguage":"pt-BR","@id":"https:\/\/jornalfatosenoticias.com.br\/index.php\/2024\/03\/01\/onu-acusa-ditadura-da-nicaragua-de-cometer-crimes-contra-a-humanidade\/#primaryimage","url":"https:\/\/jornalfatosenoticias.com.br\/wp-content\/uploads\/2024\/03\/nicaragua.jpg","contentUrl":"https:\/\/jornalfatosenoticias.com.br\/wp-content\/uploads\/2024\/03\/nicaragua.jpg","width":960,"height":540},{"@type":"BreadcrumbList","@id":"https:\/\/jornalfatosenoticias.com.br\/index.php\/2024\/03\/01\/onu-acusa-ditadura-da-nicaragua-de-cometer-crimes-contra-a-humanidade\/#breadcrumb","itemListElement":[{"@type":"ListItem","position":1,"name":"In\u00edcio","item":"https:\/\/jornalfatosenoticias.com.br\/"},{"@type":"ListItem","position":2,"name":"ONU acusa ditadura da Nicar\u00e1gua de cometer crimes contra a humanidade"}]},{"@type":"WebSite","@id":"https:\/\/jornalfatosenoticias.com.br\/#website","url":"https:\/\/jornalfatosenoticias.com.br\/","name":"Jornal Fatos e Not\u00edcias","description":"Not\u00edcias em geral","publisher":{"@id":"https:\/\/jornalfatosenoticias.com.br\/#organization"},"potentialAction":[{"@type":"SearchAction","target":{"@type":"EntryPoint","urlTemplate":"https:\/\/jornalfatosenoticias.com.br\/?s={search_term_string}"},"query-input":{"@type":"PropertyValueSpecification","valueRequired":true,"valueName":"search_term_string"}}],"inLanguage":"pt-BR"},{"@type":"Organization","@id":"https:\/\/jornalfatosenoticias.com.br\/#organization","name":"Jornal Fatos e Not\u00edcias","url":"https:\/\/jornalfatosenoticias.com.br\/","logo":{"@type":"ImageObject","inLanguage":"pt-BR","@id":"https:\/\/jornalfatosenoticias.com.br\/#\/schema\/logo\/image\/","url":"https:\/\/jornalfatosenoticias.com.br\/wp-content\/uploads\/2020\/02\/logo120.png","contentUrl":"https:\/\/jornalfatosenoticias.com.br\/wp-content\/uploads\/2020\/02\/logo120.png","width":1227,"height":120,"caption":"Jornal Fatos e Not\u00edcias"},"image":{"@id":"https:\/\/jornalfatosenoticias.com.br\/#\/schema\/logo\/image\/"}},{"@type":"Person","@id":"https:\/\/jornalfatosenoticias.com.br\/#\/schema\/person\/d63837fa13ac8666eb9e74e0985d6f81","name":"Luzimara Fernandes","image":{"@type":"ImageObject","inLanguage":"pt-BR","@id":"https:\/\/jornalfatosenoticias.com.br\/#\/schema\/person\/image\/","url":"https:\/\/jornalfatosenoticias.com.br\/wp-content\/uploads\/2025\/05\/EU_portal.jpg","contentUrl":"https:\/\/jornalfatosenoticias.com.br\/wp-content\/uploads\/2025\/05\/EU_portal.jpg","caption":"Luzimara Fernandes"},"description":"Jornalista MTB 2358-ES","sameAs":["https:\/\/jornalfatosenoticias.com.br"],"url":"https:\/\/jornalfatosenoticias.com.br\/index.php\/author\/luzimara\/"}]}},"cc_featured_image_caption":{"caption_text":"(Foto: Gazeta do Povo) ","source_text":"","source_url":""},"jetpack_featured_media_url":"https:\/\/jornalfatosenoticias.com.br\/wp-content\/uploads\/2024\/03\/nicaragua.jpg","_links":{"self":[{"href":"https:\/\/jornalfatosenoticias.com.br\/index.php\/wp-json\/wp\/v2\/posts\/49603","targetHints":{"allow":["GET"]}}],"collection":[{"href":"https:\/\/jornalfatosenoticias.com.br\/index.php\/wp-json\/wp\/v2\/posts"}],"about":[{"href":"https:\/\/jornalfatosenoticias.com.br\/index.php\/wp-json\/wp\/v2\/types\/post"}],"author":[{"embeddable":true,"href":"https:\/\/jornalfatosenoticias.com.br\/index.php\/wp-json\/wp\/v2\/users\/2"}],"replies":[{"embeddable":true,"href":"https:\/\/jornalfatosenoticias.com.br\/index.php\/wp-json\/wp\/v2\/comments?post=49603"}],"version-history":[{"count":0,"href":"https:\/\/jornalfatosenoticias.com.br\/index.php\/wp-json\/wp\/v2\/posts\/49603\/revisions"}],"wp:featuredmedia":[{"embeddable":true,"href":"https:\/\/jornalfatosenoticias.com.br\/index.php\/wp-json\/wp\/v2\/media\/49604"}],"wp:attachment":[{"href":"https:\/\/jornalfatosenoticias.com.br\/index.php\/wp-json\/wp\/v2\/media?parent=49603"}],"wp:term":[{"taxonomy":"category","embeddable":true,"href":"https:\/\/jornalfatosenoticias.com.br\/index.php\/wp-json\/wp\/v2\/categories?post=49603"},{"taxonomy":"post_tag","embeddable":true,"href":"https:\/\/jornalfatosenoticias.com.br\/index.php\/wp-json\/wp\/v2\/tags?post=49603"}],"curies":[{"name":"wp","href":"https:\/\/api.w.org\/{rel}","templated":true}]}}