{"id":49661,"date":"2024-03-05T15:16:10","date_gmt":"2024-03-05T18:16:10","guid":{"rendered":"https:\/\/jornalfatosenoticias.com.br\/?p=49661"},"modified":"2024-03-05T15:16:12","modified_gmt":"2024-03-05T18:16:12","slug":"mundo-ultrapassa-a-marca-de-um-bilhao-de-pessoas-obesas","status":"publish","type":"post","link":"https:\/\/jornalfatosenoticias.com.br\/index.php\/2024\/03\/05\/mundo-ultrapassa-a-marca-de-um-bilhao-de-pessoas-obesas\/","title":{"rendered":"Mundo ultrapassa a marca de um bilh\u00e3o de pessoas obesas"},"content":{"rendered":"\n<p><em><span class=\"has-inline-color has-black-color\">Na popula\u00e7\u00e3o adulta, a taxa de obesidade mais que dobrou entre mulheres e quase triplicou entre os homens no recorte entre 1990 e 2022<\/span><\/em><\/p>\n\n\n\n<p><span class=\"has-inline-color has-black-color\">Por <strong><a href=\"https:\/\/olhardigital.com.br\/author\/bob-furuya\/\">Bob Furuya<\/a><\/strong><\/span><\/p>\n\n\n\n<div class=\"wp-block-image\"><figure class=\"aligncenter size-large\"><img loading=\"lazy\" decoding=\"async\" width=\"729\" height=\"90\" src=\"https:\/\/jornalfatosenoticias.com.br\/wp-content\/uploads\/2020\/02\/Logo_Mizu.png\" alt=\"\" class=\"wp-image-1441\" srcset=\"https:\/\/jornalfatosenoticias.com.br\/wp-content\/uploads\/2020\/02\/Logo_Mizu.png 729w, https:\/\/jornalfatosenoticias.com.br\/wp-content\/uploads\/2020\/02\/Logo_Mizu-300x37.png 300w\" sizes=\"auto, (max-width: 729px) 100vw, 729px\" \/><\/figure><\/div>\n\n\n\n<p>O Dia Mundial da Obesidade ocorre todo ano em 4 de mar\u00e7o. A Organiza\u00e7\u00e3o Mundial da Sa\u00fade (<a href=\"https:\/\/olhardigital.com.br\/tag\/oms\/\">OMS<\/a>) divulgou, na \u00faltima sexta-feira (1\u00ba), um estudo com dados preocupantes sobre\u00a0<a href=\"https:\/\/olhardigital.com.br\/tag\/obesidade\/\">obesidade<\/a>. De acordo com a entidade,\u00a0<a href=\"https:\/\/www.who.int\/news\/item\/01-03-2024-one-in-eight-people-are-now-living-with-obesity\" target=\"_blank\" rel=\"noreferrer noopener\">uma em cada oito pessoas<\/a> no mundo est\u00e1 bem acima do peso. A pesquisa foi feita a partir da contribui\u00e7\u00e3o de mais de 1500 cientistas, que participam do chamado NCD Risk Factor Collaboration. Em n\u00fameros totais, essa propor\u00e7\u00e3o de um para oito significa que a obesidade atinge mais de um bilh\u00e3o de pessoas no planeta.<br>O artigo cient\u00edfico, publicado na revista <a href=\"https:\/\/www.thelancet.com\/journals\/lancet\/article\/PIIS0140-6736(23)02750-2\/fulltext\" target=\"_blank\" rel=\"noreferrer noopener\">The Lancet<\/a>, analisou os dados referentes ao \u00edndice de \u00edndice de massa corporal (IMC) de milh\u00f5es de pessoas com mais de cinco anos de idade em 190 pa\u00edses diferentes. Lembrando que o IMC \u00e9 calculado dividindo o peso (em quilogramas) de uma pessoa pela altura dela ao quadrado (em metros).<\/p>\n\n\n\n<div class=\"wp-block-image\"><figure class=\"aligncenter size-large\"><img decoding=\"async\" src=\"https:\/\/jornalfatosenoticias.com.br\/wp-content\/uploads\/2020\/02\/logo_esteio.jpg\" alt=\"\" class=\"wp-image-1214\"\/><\/figure><\/div>\n\n\n\n<p>A ideia do estudo foi comparar a situa\u00e7\u00e3o atual (de 2022, no caso) com os n\u00fameros de 1990. O trabalho aponta que, na popula\u00e7\u00e3o adulta, a taxa de obesidade mais que dobrou entre mulheres e quase triplicou entre os homens nesse per\u00edodo. No total, 879 milh\u00f5es de adultos podiam ser considerados obesos em 2022 \u2014 um salto de 350% em compara\u00e7\u00e3o com 1990.<\/p>\n\n\n\n<div class=\"wp-block-image\"><figure class=\"aligncenter size-large\"><img decoding=\"async\" src=\"https:\/\/jornalfatosenoticias.com.br\/wp-content\/uploads\/2020\/02\/barao-das-carnes-300x164-1.jpg\" alt=\"\" class=\"wp-image-34339\"\/><\/figure><\/div>\n\n\n\n<p>As coisas ficam ainda mais preocupantes quando pegamos o recorte de crian\u00e7as e adolescentes. De 1990 a 2022, os \u00edndices de obesidade cresceram quatro vezes nessa parcela da popula\u00e7\u00e3o. Em 2022, 159 milh\u00f5es de crian\u00e7as e adolescentes eram obesos \u2014 303% a mais do que em 1990.<\/p>\n\n\n\n<div class=\"wp-block-image\"><figure class=\"aligncenter size-large is-resized\"><img loading=\"lazy\" decoding=\"async\" src=\"https:\/\/jornalfatosenoticias.com.br\/wp-content\/uploads\/2023\/08\/ITH.jpeg\" alt=\"\" class=\"wp-image-44638\" width=\"346\" height=\"281\" srcset=\"https:\/\/jornalfatosenoticias.com.br\/wp-content\/uploads\/2023\/08\/ITH.jpeg 800w, https:\/\/jornalfatosenoticias.com.br\/wp-content\/uploads\/2023\/08\/ITH-300x244.jpeg 300w, https:\/\/jornalfatosenoticias.com.br\/wp-content\/uploads\/2023\/08\/ITH-768x624.jpeg 768w\" sizes=\"auto, (max-width: 346px) 100vw, 346px\" \/><\/figure><\/div>\n\n\n\n<p>Francesco Branca, diretor de Nutri\u00e7\u00e3o da OMS, disse que o aumento para mais de um bilh\u00e3o de pessoas ocorreu mais cedo do que prev\u00edamos\u201d. Ele esperava que isso acontecesse em 2030 apenas. Aqui no Pa\u00eds, a Associa\u00e7\u00e3o Brasileira para o Estudo da Obesidade e S\u00edndrome Metab\u00f3lica (ABESO) e a Sociedade Brasileira de Endocrinologia e Metabologia (SBEM) cuidam do evento.<\/p>\n\n\n\n<div class=\"wp-block-image\"><figure class=\"aligncenter size-large is-resized\"><img loading=\"lazy\" decoding=\"async\" src=\"https:\/\/jornalfatosenoticias.com.br\/wp-content\/uploads\/2023\/03\/logo-Panper_portal.jpg\" alt=\"\" class=\"wp-image-40208\" width=\"323\" height=\"224\" srcset=\"https:\/\/jornalfatosenoticias.com.br\/wp-content\/uploads\/2023\/03\/logo-Panper_portal.jpg 400w, https:\/\/jornalfatosenoticias.com.br\/wp-content\/uploads\/2023\/03\/logo-Panper_portal-300x208.jpg 300w\" sizes=\"auto, (max-width: 323px) 100vw, 323px\" \/><\/figure><\/div>\n\n\n\n<p>Segundo as entidades, n\u00e3o se trata de uma data para celebra\u00e7\u00e3o, mas sim de conscientiza\u00e7\u00e3o a respeito da doen\u00e7a. Entre os principais t\u00f3picos que devem ser trabalhados est\u00e3o: reconhecer a condi\u00e7\u00e3o como um assunto de sa\u00fade, diminuir o preconceito em torno dessas pessoas, entender as causas da obesidade e refor\u00e7ar a relev\u00e2ncia do tratamento adequado \u00e0 popula\u00e7\u00e3o. As informa\u00e7\u00f5es s\u00e3o do <a href=\"https:\/\/www.sciencealert.com\/scientists-confirm-the-world-now-has-over-1-billion-obese-people\" target=\"_blank\" rel=\"noreferrer noopener\">Science Alert<\/a>.<\/p>\n\n\n\n<div class=\"wp-block-image\"><figure class=\"aligncenter size-large is-resized\"><img loading=\"lazy\" decoding=\"async\" src=\"https:\/\/jornalfatosenoticias.com.br\/wp-content\/uploads\/2020\/02\/logo-Rapuzel-1024x571.jpg\" alt=\"\" class=\"wp-image-42808\" width=\"384\" height=\"214\" srcset=\"https:\/\/jornalfatosenoticias.com.br\/wp-content\/uploads\/2020\/02\/logo-Rapuzel-1024x571.jpg 1024w, https:\/\/jornalfatosenoticias.com.br\/wp-content\/uploads\/2020\/02\/logo-Rapuzel-300x167.jpg 300w, https:\/\/jornalfatosenoticias.com.br\/wp-content\/uploads\/2020\/02\/logo-Rapuzel-768x428.jpg 768w, https:\/\/jornalfatosenoticias.com.br\/wp-content\/uploads\/2020\/02\/logo-Rapuzel-1536x856.jpg 1536w, https:\/\/jornalfatosenoticias.com.br\/wp-content\/uploads\/2020\/02\/logo-Rapuzel.jpg 1600w\" sizes=\"auto, (max-width: 384px) 100vw, 384px\" \/><\/figure><\/div>\n\n\n\n<p><strong><em>Fonte: <a href=\"https:\/\/olhardigital.com.br\/2024\/03\/01\/medicina-e-saude\/oms-mundo-ultrapassa-a-marca-de-1-bilhao-de-pessoas-obesas\/\">Olhar Digital<\/a><\/em><\/strong><\/p>\n","protected":false},"excerpt":{"rendered":"<p>Na popula\u00e7\u00e3o adulta, a taxa de obesidade mais que dobrou entre mulheres e quase triplicou entre os homens no recorte entre 1990 e 2022 Por Bob Furuya O Dia Mundial da Obesidade ocorre todo ano em 4 de mar\u00e7o. A Organiza\u00e7\u00e3o Mundial da Sa\u00fade (OMS) divulgou, na \u00faltima sexta-feira (1\u00ba), um estudo com dados preocupantes [&hellip;]<\/p>\n","protected":false},"author":2,"featured_media":49662,"comment_status":"open","ping_status":"open","sticky":false,"template":"","format":"standard","meta":{"footnotes":""},"categories":[11],"tags":[16444,7019,634,3116,89],"class_list":["post-49661","post","type-post","status-publish","format-standard","has-post-thumbnail","hentry","category-saude","tag-dia-nacional-de-prevencao-da-obesidade","tag-estudo-cientifico","tag-obesidade","tag-obesidade-infantil","tag-oms"],"yoast_head":"<!-- This site is optimized with the Yoast SEO plugin v26.5 - https:\/\/yoast.com\/wordpress\/plugins\/seo\/ -->\n<title>Mundo ultrapassa a marca de um bilh\u00e3o de pessoas obesas - Jornal Fatos e Not\u00edcias<\/title>\n<meta name=\"robots\" content=\"index, follow, max-snippet:-1, max-image-preview:large, max-video-preview:-1\" \/>\n<link rel=\"canonical\" href=\"https:\/\/jornalfatosenoticias.com.br\/index.php\/2024\/03\/05\/mundo-ultrapassa-a-marca-de-um-bilhao-de-pessoas-obesas\/\" \/>\n<meta property=\"og:locale\" content=\"pt_BR\" \/>\n<meta property=\"og:type\" content=\"article\" \/>\n<meta property=\"og:title\" content=\"Mundo ultrapassa a marca de um bilh\u00e3o de pessoas obesas - Jornal Fatos e Not\u00edcias\" \/>\n<meta property=\"og:description\" content=\"Na popula\u00e7\u00e3o adulta, a taxa de obesidade mais que dobrou entre mulheres e quase triplicou entre os homens no recorte entre 1990 e 2022 Por Bob Furuya O Dia Mundial da Obesidade ocorre todo ano em 4 de mar\u00e7o. A Organiza\u00e7\u00e3o Mundial da Sa\u00fade (OMS) divulgou, na \u00faltima sexta-feira (1\u00ba), um estudo com dados preocupantes [&hellip;]\" \/>\n<meta property=\"og:url\" content=\"https:\/\/jornalfatosenoticias.com.br\/index.php\/2024\/03\/05\/mundo-ultrapassa-a-marca-de-um-bilhao-de-pessoas-obesas\/\" \/>\n<meta property=\"og:site_name\" content=\"Jornal Fatos e Not\u00edcias\" \/>\n<meta property=\"article:published_time\" content=\"2024-03-05T18:16:10+00:00\" \/>\n<meta property=\"article:modified_time\" content=\"2024-03-05T18:16:12+00:00\" \/>\n<meta property=\"og:image\" content=\"https:\/\/jornalfatosenoticias.com.br\/wp-content\/uploads\/2024\/03\/obesidade_gettyimages.jpg\" \/>\n\t<meta property=\"og:image:width\" content=\"612\" \/>\n\t<meta property=\"og:image:height\" content=\"325\" \/>\n\t<meta property=\"og:image:type\" content=\"image\/jpeg\" \/>\n<meta name=\"author\" content=\"Luzimara Fernandes\" \/>\n<meta name=\"twitter:card\" content=\"summary_large_image\" \/>\n<meta name=\"twitter:label1\" content=\"Escrito por\" \/>\n\t<meta name=\"twitter:data1\" content=\"Luzimara Fernandes\" \/>\n\t<meta name=\"twitter:label2\" content=\"Est. tempo de leitura\" \/>\n\t<meta name=\"twitter:data2\" content=\"2 minutos\" \/>\n<script type=\"application\/ld+json\" class=\"yoast-schema-graph\">{\"@context\":\"https:\/\/schema.org\",\"@graph\":[{\"@type\":\"Article\",\"@id\":\"https:\/\/jornalfatosenoticias.com.br\/index.php\/2024\/03\/05\/mundo-ultrapassa-a-marca-de-um-bilhao-de-pessoas-obesas\/#article\",\"isPartOf\":{\"@id\":\"https:\/\/jornalfatosenoticias.com.br\/index.php\/2024\/03\/05\/mundo-ultrapassa-a-marca-de-um-bilhao-de-pessoas-obesas\/\"},\"author\":{\"name\":\"Luzimara Fernandes\",\"@id\":\"https:\/\/jornalfatosenoticias.com.br\/#\/schema\/person\/d63837fa13ac8666eb9e74e0985d6f81\"},\"headline\":\"Mundo ultrapassa a marca de um bilh\u00e3o de pessoas obesas\",\"datePublished\":\"2024-03-05T18:16:10+00:00\",\"dateModified\":\"2024-03-05T18:16:12+00:00\",\"mainEntityOfPage\":{\"@id\":\"https:\/\/jornalfatosenoticias.com.br\/index.php\/2024\/03\/05\/mundo-ultrapassa-a-marca-de-um-bilhao-de-pessoas-obesas\/\"},\"wordCount\":437,\"commentCount\":0,\"publisher\":{\"@id\":\"https:\/\/jornalfatosenoticias.com.br\/#organization\"},\"image\":{\"@id\":\"https:\/\/jornalfatosenoticias.com.br\/index.php\/2024\/03\/05\/mundo-ultrapassa-a-marca-de-um-bilhao-de-pessoas-obesas\/#primaryimage\"},\"thumbnailUrl\":\"https:\/\/jornalfatosenoticias.com.br\/wp-content\/uploads\/2024\/03\/obesidade_gettyimages.jpg\",\"keywords\":[\"Dia Nacional de Preven\u00e7\u00e3o da Obesidade\",\"estudo cient\u00edfico\",\"obesidade\",\"obesidade infantil\",\"oms\"],\"articleSection\":[\"Sa\u00fade\"],\"inLanguage\":\"pt-BR\",\"potentialAction\":[{\"@type\":\"CommentAction\",\"name\":\"Comment\",\"target\":[\"https:\/\/jornalfatosenoticias.com.br\/index.php\/2024\/03\/05\/mundo-ultrapassa-a-marca-de-um-bilhao-de-pessoas-obesas\/#respond\"]}]},{\"@type\":\"WebPage\",\"@id\":\"https:\/\/jornalfatosenoticias.com.br\/index.php\/2024\/03\/05\/mundo-ultrapassa-a-marca-de-um-bilhao-de-pessoas-obesas\/\",\"url\":\"https:\/\/jornalfatosenoticias.com.br\/index.php\/2024\/03\/05\/mundo-ultrapassa-a-marca-de-um-bilhao-de-pessoas-obesas\/\",\"name\":\"Mundo ultrapassa a marca de um bilh\u00e3o de pessoas obesas - Jornal Fatos e Not\u00edcias\",\"isPartOf\":{\"@id\":\"https:\/\/jornalfatosenoticias.com.br\/#website\"},\"primaryImageOfPage\":{\"@id\":\"https:\/\/jornalfatosenoticias.com.br\/index.php\/2024\/03\/05\/mundo-ultrapassa-a-marca-de-um-bilhao-de-pessoas-obesas\/#primaryimage\"},\"image\":{\"@id\":\"https:\/\/jornalfatosenoticias.com.br\/index.php\/2024\/03\/05\/mundo-ultrapassa-a-marca-de-um-bilhao-de-pessoas-obesas\/#primaryimage\"},\"thumbnailUrl\":\"https:\/\/jornalfatosenoticias.com.br\/wp-content\/uploads\/2024\/03\/obesidade_gettyimages.jpg\",\"datePublished\":\"2024-03-05T18:16:10+00:00\",\"dateModified\":\"2024-03-05T18:16:12+00:00\",\"breadcrumb\":{\"@id\":\"https:\/\/jornalfatosenoticias.com.br\/index.php\/2024\/03\/05\/mundo-ultrapassa-a-marca-de-um-bilhao-de-pessoas-obesas\/#breadcrumb\"},\"inLanguage\":\"pt-BR\",\"potentialAction\":[{\"@type\":\"ReadAction\",\"target\":[\"https:\/\/jornalfatosenoticias.com.br\/index.php\/2024\/03\/05\/mundo-ultrapassa-a-marca-de-um-bilhao-de-pessoas-obesas\/\"]}]},{\"@type\":\"ImageObject\",\"inLanguage\":\"pt-BR\",\"@id\":\"https:\/\/jornalfatosenoticias.com.br\/index.php\/2024\/03\/05\/mundo-ultrapassa-a-marca-de-um-bilhao-de-pessoas-obesas\/#primaryimage\",\"url\":\"https:\/\/jornalfatosenoticias.com.br\/wp-content\/uploads\/2024\/03\/obesidade_gettyimages.jpg\",\"contentUrl\":\"https:\/\/jornalfatosenoticias.com.br\/wp-content\/uploads\/2024\/03\/obesidade_gettyimages.jpg\",\"width\":612,\"height\":325,\"caption\":\"Shirtless obese man with copy space\"},{\"@type\":\"BreadcrumbList\",\"@id\":\"https:\/\/jornalfatosenoticias.com.br\/index.php\/2024\/03\/05\/mundo-ultrapassa-a-marca-de-um-bilhao-de-pessoas-obesas\/#breadcrumb\",\"itemListElement\":[{\"@type\":\"ListItem\",\"position\":1,\"name\":\"In\u00edcio\",\"item\":\"https:\/\/jornalfatosenoticias.com.br\/\"},{\"@type\":\"ListItem\",\"position\":2,\"name\":\"Mundo ultrapassa a marca de um bilh\u00e3o de pessoas obesas\"}]},{\"@type\":\"WebSite\",\"@id\":\"https:\/\/jornalfatosenoticias.com.br\/#website\",\"url\":\"https:\/\/jornalfatosenoticias.com.br\/\",\"name\":\"Jornal Fatos e Not\u00edcias\",\"description\":\"Not\u00edcias em geral\",\"publisher\":{\"@id\":\"https:\/\/jornalfatosenoticias.com.br\/#organization\"},\"potentialAction\":[{\"@type\":\"SearchAction\",\"target\":{\"@type\":\"EntryPoint\",\"urlTemplate\":\"https:\/\/jornalfatosenoticias.com.br\/?s={search_term_string}\"},\"query-input\":{\"@type\":\"PropertyValueSpecification\",\"valueRequired\":true,\"valueName\":\"search_term_string\"}}],\"inLanguage\":\"pt-BR\"},{\"@type\":\"Organization\",\"@id\":\"https:\/\/jornalfatosenoticias.com.br\/#organization\",\"name\":\"Jornal Fatos e Not\u00edcias\",\"url\":\"https:\/\/jornalfatosenoticias.com.br\/\",\"logo\":{\"@type\":\"ImageObject\",\"inLanguage\":\"pt-BR\",\"@id\":\"https:\/\/jornalfatosenoticias.com.br\/#\/schema\/logo\/image\/\",\"url\":\"https:\/\/jornalfatosenoticias.com.br\/wp-content\/uploads\/2020\/02\/logo120.png\",\"contentUrl\":\"https:\/\/jornalfatosenoticias.com.br\/wp-content\/uploads\/2020\/02\/logo120.png\",\"width\":1227,\"height\":120,\"caption\":\"Jornal Fatos e Not\u00edcias\"},\"image\":{\"@id\":\"https:\/\/jornalfatosenoticias.com.br\/#\/schema\/logo\/image\/\"}},{\"@type\":\"Person\",\"@id\":\"https:\/\/jornalfatosenoticias.com.br\/#\/schema\/person\/d63837fa13ac8666eb9e74e0985d6f81\",\"name\":\"Luzimara Fernandes\",\"image\":{\"@type\":\"ImageObject\",\"inLanguage\":\"pt-BR\",\"@id\":\"https:\/\/jornalfatosenoticias.com.br\/#\/schema\/person\/image\/\",\"url\":\"https:\/\/jornalfatosenoticias.com.br\/wp-content\/uploads\/2025\/05\/EU_portal.jpg\",\"contentUrl\":\"https:\/\/jornalfatosenoticias.com.br\/wp-content\/uploads\/2025\/05\/EU_portal.jpg\",\"caption\":\"Luzimara Fernandes\"},\"description\":\"Jornalista MTB 2358-ES\",\"sameAs\":[\"https:\/\/jornalfatosenoticias.com.br\"],\"url\":\"https:\/\/jornalfatosenoticias.com.br\/index.php\/author\/luzimara\/\"}]}<\/script>\n<!-- \/ Yoast SEO plugin. -->","yoast_head_json":{"title":"Mundo ultrapassa a marca de um bilh\u00e3o de pessoas obesas - Jornal Fatos e Not\u00edcias","robots":{"index":"index","follow":"follow","max-snippet":"max-snippet:-1","max-image-preview":"max-image-preview:large","max-video-preview":"max-video-preview:-1"},"canonical":"https:\/\/jornalfatosenoticias.com.br\/index.php\/2024\/03\/05\/mundo-ultrapassa-a-marca-de-um-bilhao-de-pessoas-obesas\/","og_locale":"pt_BR","og_type":"article","og_title":"Mundo ultrapassa a marca de um bilh\u00e3o de pessoas obesas - Jornal Fatos e Not\u00edcias","og_description":"Na popula\u00e7\u00e3o adulta, a taxa de obesidade mais que dobrou entre mulheres e quase triplicou entre os homens no recorte entre 1990 e 2022 Por Bob Furuya O Dia Mundial da Obesidade ocorre todo ano em 4 de mar\u00e7o. A Organiza\u00e7\u00e3o Mundial da Sa\u00fade (OMS) divulgou, na \u00faltima sexta-feira (1\u00ba), um estudo com dados preocupantes [&hellip;]","og_url":"https:\/\/jornalfatosenoticias.com.br\/index.php\/2024\/03\/05\/mundo-ultrapassa-a-marca-de-um-bilhao-de-pessoas-obesas\/","og_site_name":"Jornal Fatos e Not\u00edcias","article_published_time":"2024-03-05T18:16:10+00:00","article_modified_time":"2024-03-05T18:16:12+00:00","og_image":[{"width":612,"height":325,"url":"https:\/\/jornalfatosenoticias.com.br\/wp-content\/uploads\/2024\/03\/obesidade_gettyimages.jpg","type":"image\/jpeg"}],"author":"Luzimara Fernandes","twitter_card":"summary_large_image","twitter_misc":{"Escrito por":"Luzimara Fernandes","Est. tempo de leitura":"2 minutos"},"schema":{"@context":"https:\/\/schema.org","@graph":[{"@type":"Article","@id":"https:\/\/jornalfatosenoticias.com.br\/index.php\/2024\/03\/05\/mundo-ultrapassa-a-marca-de-um-bilhao-de-pessoas-obesas\/#article","isPartOf":{"@id":"https:\/\/jornalfatosenoticias.com.br\/index.php\/2024\/03\/05\/mundo-ultrapassa-a-marca-de-um-bilhao-de-pessoas-obesas\/"},"author":{"name":"Luzimara Fernandes","@id":"https:\/\/jornalfatosenoticias.com.br\/#\/schema\/person\/d63837fa13ac8666eb9e74e0985d6f81"},"headline":"Mundo ultrapassa a marca de um bilh\u00e3o de pessoas obesas","datePublished":"2024-03-05T18:16:10+00:00","dateModified":"2024-03-05T18:16:12+00:00","mainEntityOfPage":{"@id":"https:\/\/jornalfatosenoticias.com.br\/index.php\/2024\/03\/05\/mundo-ultrapassa-a-marca-de-um-bilhao-de-pessoas-obesas\/"},"wordCount":437,"commentCount":0,"publisher":{"@id":"https:\/\/jornalfatosenoticias.com.br\/#organization"},"image":{"@id":"https:\/\/jornalfatosenoticias.com.br\/index.php\/2024\/03\/05\/mundo-ultrapassa-a-marca-de-um-bilhao-de-pessoas-obesas\/#primaryimage"},"thumbnailUrl":"https:\/\/jornalfatosenoticias.com.br\/wp-content\/uploads\/2024\/03\/obesidade_gettyimages.jpg","keywords":["Dia Nacional de Preven\u00e7\u00e3o da Obesidade","estudo cient\u00edfico","obesidade","obesidade infantil","oms"],"articleSection":["Sa\u00fade"],"inLanguage":"pt-BR","potentialAction":[{"@type":"CommentAction","name":"Comment","target":["https:\/\/jornalfatosenoticias.com.br\/index.php\/2024\/03\/05\/mundo-ultrapassa-a-marca-de-um-bilhao-de-pessoas-obesas\/#respond"]}]},{"@type":"WebPage","@id":"https:\/\/jornalfatosenoticias.com.br\/index.php\/2024\/03\/05\/mundo-ultrapassa-a-marca-de-um-bilhao-de-pessoas-obesas\/","url":"https:\/\/jornalfatosenoticias.com.br\/index.php\/2024\/03\/05\/mundo-ultrapassa-a-marca-de-um-bilhao-de-pessoas-obesas\/","name":"Mundo ultrapassa a marca de um bilh\u00e3o de pessoas obesas - Jornal Fatos e Not\u00edcias","isPartOf":{"@id":"https:\/\/jornalfatosenoticias.com.br\/#website"},"primaryImageOfPage":{"@id":"https:\/\/jornalfatosenoticias.com.br\/index.php\/2024\/03\/05\/mundo-ultrapassa-a-marca-de-um-bilhao-de-pessoas-obesas\/#primaryimage"},"image":{"@id":"https:\/\/jornalfatosenoticias.com.br\/index.php\/2024\/03\/05\/mundo-ultrapassa-a-marca-de-um-bilhao-de-pessoas-obesas\/#primaryimage"},"thumbnailUrl":"https:\/\/jornalfatosenoticias.com.br\/wp-content\/uploads\/2024\/03\/obesidade_gettyimages.jpg","datePublished":"2024-03-05T18:16:10+00:00","dateModified":"2024-03-05T18:16:12+00:00","breadcrumb":{"@id":"https:\/\/jornalfatosenoticias.com.br\/index.php\/2024\/03\/05\/mundo-ultrapassa-a-marca-de-um-bilhao-de-pessoas-obesas\/#breadcrumb"},"inLanguage":"pt-BR","potentialAction":[{"@type":"ReadAction","target":["https:\/\/jornalfatosenoticias.com.br\/index.php\/2024\/03\/05\/mundo-ultrapassa-a-marca-de-um-bilhao-de-pessoas-obesas\/"]}]},{"@type":"ImageObject","inLanguage":"pt-BR","@id":"https:\/\/jornalfatosenoticias.com.br\/index.php\/2024\/03\/05\/mundo-ultrapassa-a-marca-de-um-bilhao-de-pessoas-obesas\/#primaryimage","url":"https:\/\/jornalfatosenoticias.com.br\/wp-content\/uploads\/2024\/03\/obesidade_gettyimages.jpg","contentUrl":"https:\/\/jornalfatosenoticias.com.br\/wp-content\/uploads\/2024\/03\/obesidade_gettyimages.jpg","width":612,"height":325,"caption":"Shirtless obese man with copy space"},{"@type":"BreadcrumbList","@id":"https:\/\/jornalfatosenoticias.com.br\/index.php\/2024\/03\/05\/mundo-ultrapassa-a-marca-de-um-bilhao-de-pessoas-obesas\/#breadcrumb","itemListElement":[{"@type":"ListItem","position":1,"name":"In\u00edcio","item":"https:\/\/jornalfatosenoticias.com.br\/"},{"@type":"ListItem","position":2,"name":"Mundo ultrapassa a marca de um bilh\u00e3o de pessoas obesas"}]},{"@type":"WebSite","@id":"https:\/\/jornalfatosenoticias.com.br\/#website","url":"https:\/\/jornalfatosenoticias.com.br\/","name":"Jornal Fatos e Not\u00edcias","description":"Not\u00edcias em geral","publisher":{"@id":"https:\/\/jornalfatosenoticias.com.br\/#organization"},"potentialAction":[{"@type":"SearchAction","target":{"@type":"EntryPoint","urlTemplate":"https:\/\/jornalfatosenoticias.com.br\/?s={search_term_string}"},"query-input":{"@type":"PropertyValueSpecification","valueRequired":true,"valueName":"search_term_string"}}],"inLanguage":"pt-BR"},{"@type":"Organization","@id":"https:\/\/jornalfatosenoticias.com.br\/#organization","name":"Jornal Fatos e Not\u00edcias","url":"https:\/\/jornalfatosenoticias.com.br\/","logo":{"@type":"ImageObject","inLanguage":"pt-BR","@id":"https:\/\/jornalfatosenoticias.com.br\/#\/schema\/logo\/image\/","url":"https:\/\/jornalfatosenoticias.com.br\/wp-content\/uploads\/2020\/02\/logo120.png","contentUrl":"https:\/\/jornalfatosenoticias.com.br\/wp-content\/uploads\/2020\/02\/logo120.png","width":1227,"height":120,"caption":"Jornal Fatos e Not\u00edcias"},"image":{"@id":"https:\/\/jornalfatosenoticias.com.br\/#\/schema\/logo\/image\/"}},{"@type":"Person","@id":"https:\/\/jornalfatosenoticias.com.br\/#\/schema\/person\/d63837fa13ac8666eb9e74e0985d6f81","name":"Luzimara Fernandes","image":{"@type":"ImageObject","inLanguage":"pt-BR","@id":"https:\/\/jornalfatosenoticias.com.br\/#\/schema\/person\/image\/","url":"https:\/\/jornalfatosenoticias.com.br\/wp-content\/uploads\/2025\/05\/EU_portal.jpg","contentUrl":"https:\/\/jornalfatosenoticias.com.br\/wp-content\/uploads\/2025\/05\/EU_portal.jpg","caption":"Luzimara Fernandes"},"description":"Jornalista MTB 2358-ES","sameAs":["https:\/\/jornalfatosenoticias.com.br"],"url":"https:\/\/jornalfatosenoticias.com.br\/index.php\/author\/luzimara\/"}]}},"cc_featured_image_caption":{"caption_text":"(Foto: Getty Images) ","source_text":"","source_url":""},"jetpack_featured_media_url":"https:\/\/jornalfatosenoticias.com.br\/wp-content\/uploads\/2024\/03\/obesidade_gettyimages.jpg","_links":{"self":[{"href":"https:\/\/jornalfatosenoticias.com.br\/index.php\/wp-json\/wp\/v2\/posts\/49661","targetHints":{"allow":["GET"]}}],"collection":[{"href":"https:\/\/jornalfatosenoticias.com.br\/index.php\/wp-json\/wp\/v2\/posts"}],"about":[{"href":"https:\/\/jornalfatosenoticias.com.br\/index.php\/wp-json\/wp\/v2\/types\/post"}],"author":[{"embeddable":true,"href":"https:\/\/jornalfatosenoticias.com.br\/index.php\/wp-json\/wp\/v2\/users\/2"}],"replies":[{"embeddable":true,"href":"https:\/\/jornalfatosenoticias.com.br\/index.php\/wp-json\/wp\/v2\/comments?post=49661"}],"version-history":[{"count":0,"href":"https:\/\/jornalfatosenoticias.com.br\/index.php\/wp-json\/wp\/v2\/posts\/49661\/revisions"}],"wp:featuredmedia":[{"embeddable":true,"href":"https:\/\/jornalfatosenoticias.com.br\/index.php\/wp-json\/wp\/v2\/media\/49662"}],"wp:attachment":[{"href":"https:\/\/jornalfatosenoticias.com.br\/index.php\/wp-json\/wp\/v2\/media?parent=49661"}],"wp:term":[{"taxonomy":"category","embeddable":true,"href":"https:\/\/jornalfatosenoticias.com.br\/index.php\/wp-json\/wp\/v2\/categories?post=49661"},{"taxonomy":"post_tag","embeddable":true,"href":"https:\/\/jornalfatosenoticias.com.br\/index.php\/wp-json\/wp\/v2\/tags?post=49661"}],"curies":[{"name":"wp","href":"https:\/\/api.w.org\/{rel}","templated":true}]}}