{"id":49684,"date":"2024-03-06T11:15:50","date_gmt":"2024-03-06T14:15:50","guid":{"rendered":"https:\/\/jornalfatosenoticias.com.br\/?p=49684"},"modified":"2024-03-06T11:15:51","modified_gmt":"2024-03-06T14:15:51","slug":"maior-baleia-do-mundo-pode-nao-ser-tao-grande-assim","status":"publish","type":"post","link":"https:\/\/jornalfatosenoticias.com.br\/index.php\/2024\/03\/06\/maior-baleia-do-mundo-pode-nao-ser-tao-grande-assim\/","title":{"rendered":"Maior baleia do mundo pode n\u00e3o ser t\u00e3o grande assim"},"content":{"rendered":"\n<p><em><span class=\"has-inline-color has-black-color\">Estudo anterior descobriu esp\u00e9cie de baleia que poderia ser a mais pesada do mundo, mas foi desmentido recentemente por outra pesquisa<\/span><\/em><\/p>\n\n\n\n<p><span class=\"has-inline-color has-black-color\">Por <strong><a href=\"https:\/\/olhardigital.com.br\/author\/vitoria-gomez\/\">Vitoria Lopes Gomez<\/a><\/strong><\/span><\/p>\n\n\n\n<div class=\"wp-block-image\"><figure class=\"aligncenter size-large\"><img loading=\"lazy\" decoding=\"async\" width=\"1024\" height=\"111\" src=\"https:\/\/jornalfatosenoticias.com.br\/wp-content\/uploads\/2020\/02\/WhatsApp-Image-2022-09-23-at-12.09.18-1024x111.jpeg\" alt=\"\" class=\"wp-image-34527\" srcset=\"https:\/\/jornalfatosenoticias.com.br\/wp-content\/uploads\/2020\/02\/WhatsApp-Image-2022-09-23-at-12.09.18-1024x111.jpeg 1024w, https:\/\/jornalfatosenoticias.com.br\/wp-content\/uploads\/2020\/02\/WhatsApp-Image-2022-09-23-at-12.09.18-300x32.jpeg 300w, https:\/\/jornalfatosenoticias.com.br\/wp-content\/uploads\/2020\/02\/WhatsApp-Image-2022-09-23-at-12.09.18-768x83.jpeg 768w, https:\/\/jornalfatosenoticias.com.br\/wp-content\/uploads\/2020\/02\/WhatsApp-Image-2022-09-23-at-12.09.18.jpeg 1121w\" sizes=\"auto, (max-width: 1024px) 100vw, 1024px\" \/><\/figure><\/div>\n\n\n\n<p>Em agosto de 2023, paleont\u00f3logos descobriram ossos de uma <a href=\"https:\/\/olhardigital.com.br\/tag\/baleia\/\">baleia<\/a>\u00a0gigante, batizada de\u00a0<em>Perucetus<\/em>, que acreditaram ser o\u00a0<a href=\"https:\/\/olhardigital.com.br\/2024\/02\/27\/ciencia-e-espaco\/zoologico-retira-70-moedas-do-estomago-de-jacare-branco-nos-eua\/\">animal<\/a> mais pesado que j\u00e1 existiu. Na semana passada, pesquisadores revisaram a afirma\u00e7\u00e3o anterior e voltaram atr\u00e1s: pode ser que a esp\u00e9cie era menor do que se pensava e, na verdade, a baleia-azul \u00e9 ainda maior do que imaginado anteriormente, se consolidando como o animal mais pesado do mundo.<br>Ao ser descoberta, a <em>Perucetus<\/em> teve, pelos pesquisadores, seu peso estimado em mais de 200 toneladas quando em vida. Pouco meses depois, na semana passada, Nicholas Pyenson, paleont\u00f3logo do Museu Nacional de Hist\u00f3ria Natural do Smithsonian, e Ryosuke Motani, paleont\u00f3logo da Universidade da Calif\u00f3rnia (EUA), disseram que os n\u00fameros n\u00e3o faziam sentido. Eles afirmaram que a baleia extinta provavelmente pesava de 60 a 70 toneladas, tamanho semelhante ao de um cachalote atual.<\/p>\n\n\n\n<div class=\"wp-block-image\"><figure class=\"aligncenter size-large\"><img loading=\"lazy\" decoding=\"async\" width=\"300\" height=\"250\" src=\"https:\/\/jornalfatosenoticias.com.br\/wp-content\/uploads\/2020\/02\/Banner-2.png\" alt=\"\" class=\"wp-image-43787\"\/><\/figure><\/div>\n\n\n\n<p>A baleia foi descoberta em 2010, quando Mario Urbina, paleont\u00f3logo do Museu de Hist\u00f3ria Natural da Universidade Nacional de San Marcos, em Lima, no Peru, viu um osso no deserto sul do pa\u00eds. Eles acharam o esqueleto encontrado muito parecido com o de baleias, mas o peso dos ossos era maior do que o normal. <\/p>\n\n\n\n<div class=\"wp-block-image\"><figure class=\"aligncenter size-large is-resized\"><img loading=\"lazy\" decoding=\"async\" src=\"https:\/\/jornalfatosenoticias.com.br\/wp-content\/uploads\/2020\/02\/CONTROL-CS.jpg\" alt=\"\" class=\"wp-image-44991\" width=\"312\" height=\"374\" srcset=\"https:\/\/jornalfatosenoticias.com.br\/wp-content\/uploads\/2020\/02\/CONTROL-CS.jpg 834w, https:\/\/jornalfatosenoticias.com.br\/wp-content\/uploads\/2020\/02\/CONTROL-CS-250x300.jpg 250w, https:\/\/jornalfatosenoticias.com.br\/wp-content\/uploads\/2020\/02\/CONTROL-CS-768x921.jpg 768w\" sizes=\"auto, (max-width: 312px) 100vw, 312px\" \/><\/figure><\/div>\n\n\n\n<p>Eles correlacionaram ao peixe-boi, que tem uma ossada densa, que permite ficar dentro da \u00e1gua. O resultado da reconstru\u00e7\u00e3o foi um animal com cabe\u00e7a pequena, tronco enorme, nadadeiras e pernas traseiras. Motani ficou intrigado com o animal reconstru\u00eddo e, com Pyenson, concluiu que se basear em peixes-bois para analisar a baleia foi um erro, j\u00e1 que apenas a segunda esp\u00e9cie evoluiu tanto em tamanho. Eles deram o exemplo de \u201ccomparar ma\u00e7\u00e3s com ma\u00e7\u00e3s\u201d.<\/p>\n\n\n\n<div class=\"wp-block-image\"><figure class=\"aligncenter size-large is-resized\"><img loading=\"lazy\" decoding=\"async\" src=\"https:\/\/jornalfatosenoticias.com.br\/wp-content\/uploads\/2023\/08\/ITH.jpeg\" alt=\"\" class=\"wp-image-44638\" width=\"330\" height=\"268\" srcset=\"https:\/\/jornalfatosenoticias.com.br\/wp-content\/uploads\/2023\/08\/ITH.jpeg 800w, https:\/\/jornalfatosenoticias.com.br\/wp-content\/uploads\/2023\/08\/ITH-300x244.jpeg 300w, https:\/\/jornalfatosenoticias.com.br\/wp-content\/uploads\/2023\/08\/ITH-768x624.jpeg 768w\" sizes=\"auto, (max-width: 330px) 100vw, 330px\" \/><\/figure><\/div>\n\n\n\n<p>Ap\u00f3s analisar a Perucetus usando modelo 3D da baleia-azul, eles conclu\u00edram que ela pesava de 60 a 70 toneladas. Eles tamb\u00e9m analisaram a baleia-azul. Como ningu\u00e9m nunca conseguiu pesar o animal, eles resgataram dados de navios baleeiros japoneses da d\u00e9cada de 1940 e usaram para fazer nova estimativa do peso. A conclus\u00e3o \u00e9 que ela pesa at\u00e9 270 toneladas, muito mais do que estimativas anteriores, de 150 toneladas, estimavam.<\/p>\n\n\n\n<div class=\"wp-block-image\"><figure class=\"aligncenter size-large is-resized\"><img loading=\"lazy\" decoding=\"async\" src=\"https:\/\/jornalfatosenoticias.com.br\/wp-content\/uploads\/2023\/12\/pegoretti-logo-pdf-1024x389.jpg\" alt=\"\" class=\"wp-image-47536\" width=\"519\" height=\"197\" srcset=\"https:\/\/jornalfatosenoticias.com.br\/wp-content\/uploads\/2023\/12\/pegoretti-logo-pdf-1024x389.jpg 1024w, https:\/\/jornalfatosenoticias.com.br\/wp-content\/uploads\/2023\/12\/pegoretti-logo-pdf-300x114.jpg 300w, https:\/\/jornalfatosenoticias.com.br\/wp-content\/uploads\/2023\/12\/pegoretti-logo-pdf-768x291.jpg 768w, https:\/\/jornalfatosenoticias.com.br\/wp-content\/uploads\/2023\/12\/pegoretti-logo-pdf.jpg 1120w\" sizes=\"auto, (max-width: 519px) 100vw, 519px\" \/><\/figure><\/div>\n\n\n\n<div class=\"wp-block-image\"><figure class=\"aligncenter size-large\"><img loading=\"lazy\" decoding=\"async\" width=\"1000\" height=\"562\" src=\"https:\/\/jornalfatosenoticias.com.br\/wp-content\/uploads\/2024\/03\/P-colossus-baleia-2.jpg\" alt=\"\" class=\"wp-image-49685\" srcset=\"https:\/\/jornalfatosenoticias.com.br\/wp-content\/uploads\/2024\/03\/P-colossus-baleia-2.jpg 1000w, https:\/\/jornalfatosenoticias.com.br\/wp-content\/uploads\/2024\/03\/P-colossus-baleia-2-300x169.jpg 300w, https:\/\/jornalfatosenoticias.com.br\/wp-content\/uploads\/2024\/03\/P-colossus-baleia-2-768x432.jpg 768w\" sizes=\"auto, (max-width: 1000px) 100vw, 1000px\" \/><figcaption><em><span class=\"has-inline-color has-black-color\">Representa\u00e7\u00e3o art\u00edstica da baleia P. colossus, que pode ter sido o animal mais pesado de todos os tempos (Imagem: Reprodu\u00e7\u00e3o\/Olhar Digital)<\/span><\/em><\/figcaption><\/figure><\/div>\n\n\n\n<p><strong><span class=\"has-inline-color has-vivid-green-cyan-color\">Nova an\u00e1lise n\u00e3o \u00e9 un\u00e2nime<br><\/span><\/strong>Nem todos os cientistas concordaram com a revis\u00e3o do estudo anterior. Eli Amson, especialista em tecido \u00f3sseo no Museu Estadual de Hist\u00f3ria Natural em Stuttgart (Alemanha), e autor do estudo original, discordou da nova proposta. Ele disse que a <em>Perucetus<\/em> foi extinta e tinha biologia diferente das baleias recentes.<\/p>\n\n\n\n<div class=\"wp-block-image\"><figure class=\"aligncenter size-large\"><img decoding=\"async\" src=\"https:\/\/jornalfatosenoticias.com.br\/wp-content\/uploads\/2020\/02\/barao-das-carnes-300x164-1.jpg\" alt=\"\" class=\"wp-image-34339\"\/><\/figure><\/div>\n\n\n\n<p>Ele ainda afirmou que ele e seus colegas est\u00e3o fazendo o pr\u00f3prio modelo 3D da esp\u00e9cie antiga para provar que a baleia era mais semelhante a um peixe-boi do que se imaginava. Mesmo se o peso menor estimado na semana passada estiver certo, a esp\u00e9cie continua sendo grande para baleias da \u00e9poca em que viveu, j\u00e1 que estes animais come\u00e7aram a evoluir apenas nos \u00faltimos milh\u00f5es de anos.<\/p>\n\n\n\n<div class=\"wp-block-image\"><figure class=\"aligncenter size-large is-resized\"><img loading=\"lazy\" decoding=\"async\" src=\"https:\/\/jornalfatosenoticias.com.br\/wp-content\/uploads\/2023\/09\/vetorvix1024_1.jpg\" alt=\"\" class=\"wp-image-44868\" width=\"498\" height=\"132\" srcset=\"https:\/\/jornalfatosenoticias.com.br\/wp-content\/uploads\/2023\/09\/vetorvix1024_1.jpg 1024w, https:\/\/jornalfatosenoticias.com.br\/wp-content\/uploads\/2023\/09\/vetorvix1024_1-300x80.jpg 300w, https:\/\/jornalfatosenoticias.com.br\/wp-content\/uploads\/2023\/09\/vetorvix1024_1-768x205.jpg 768w\" sizes=\"auto, (max-width: 498px) 100vw, 498px\" \/><\/figure><\/div>\n\n\n\n<p><strong><em>Fonte: <a href=\"https:\/\/olhardigital.com.br\/2024\/03\/04\/ciencia-e-espaco\/maior-baleia-do-mundo-pode-nao-ser-tao-grande-assim-entenda\/\">Olhar Digital<\/a><\/em><\/strong><\/p>\n","protected":false},"excerpt":{"rendered":"<p>Estudo anterior descobriu esp\u00e9cie de baleia que poderia ser a mais pesada do mundo, mas foi desmentido recentemente por outra pesquisa Por Vitoria Lopes Gomez Em agosto de 2023, paleont\u00f3logos descobriram ossos de uma baleia\u00a0gigante, batizada de\u00a0Perucetus, que acreditaram ser o\u00a0animal mais pesado que j\u00e1 existiu. Na semana passada, pesquisadores revisaram a afirma\u00e7\u00e3o anterior e [&hellip;]<\/p>\n","protected":false},"author":2,"featured_media":49686,"comment_status":"open","ping_status":"open","sticky":false,"template":"","format":"standard","meta":{"footnotes":""},"categories":[8],"tags":[6161,49,22976],"class_list":["post-49684","post","type-post","status-publish","format-standard","has-post-thumbnail","hentry","category-meio-ambiente","tag-baleia-azul","tag-baleias","tag-maior-baleia-do-mundo"],"yoast_head":"<!-- This site is optimized with the Yoast SEO plugin v26.5 - https:\/\/yoast.com\/wordpress\/plugins\/seo\/ -->\n<title>Maior baleia do mundo pode n\u00e3o ser t\u00e3o grande assim - Jornal Fatos e Not\u00edcias<\/title>\n<meta name=\"robots\" content=\"index, follow, max-snippet:-1, max-image-preview:large, max-video-preview:-1\" \/>\n<link rel=\"canonical\" href=\"https:\/\/jornalfatosenoticias.com.br\/index.php\/2024\/03\/06\/maior-baleia-do-mundo-pode-nao-ser-tao-grande-assim\/\" \/>\n<meta property=\"og:locale\" content=\"pt_BR\" \/>\n<meta property=\"og:type\" content=\"article\" \/>\n<meta property=\"og:title\" content=\"Maior baleia do mundo pode n\u00e3o ser t\u00e3o grande assim - Jornal Fatos e Not\u00edcias\" \/>\n<meta property=\"og:description\" content=\"Estudo anterior descobriu esp\u00e9cie de baleia que poderia ser a mais pesada do mundo, mas foi desmentido recentemente por outra pesquisa Por Vitoria Lopes Gomez Em agosto de 2023, paleont\u00f3logos descobriram ossos de uma baleia\u00a0gigante, batizada de\u00a0Perucetus, que acreditaram ser o\u00a0animal mais pesado que j\u00e1 existiu. Na semana passada, pesquisadores revisaram a afirma\u00e7\u00e3o anterior e [&hellip;]\" \/>\n<meta property=\"og:url\" content=\"https:\/\/jornalfatosenoticias.com.br\/index.php\/2024\/03\/06\/maior-baleia-do-mundo-pode-nao-ser-tao-grande-assim\/\" \/>\n<meta property=\"og:site_name\" content=\"Jornal Fatos e Not\u00edcias\" \/>\n<meta property=\"article:published_time\" content=\"2024-03-06T14:15:50+00:00\" \/>\n<meta property=\"article:modified_time\" content=\"2024-03-06T14:15:51+00:00\" \/>\n<meta property=\"og:image\" content=\"https:\/\/jornalfatosenoticias.com.br\/wp-content\/uploads\/2024\/03\/maior-baleia-do-mundo.jpg\" \/>\n\t<meta property=\"og:image:width\" content=\"1000\" \/>\n\t<meta property=\"og:image:height\" content=\"562\" \/>\n\t<meta property=\"og:image:type\" content=\"image\/jpeg\" \/>\n<meta name=\"author\" content=\"Luzimara Fernandes\" \/>\n<meta name=\"twitter:card\" content=\"summary_large_image\" \/>\n<meta name=\"twitter:label1\" content=\"Escrito por\" \/>\n\t<meta name=\"twitter:data1\" content=\"Luzimara Fernandes\" \/>\n\t<meta name=\"twitter:label2\" content=\"Est. tempo de leitura\" \/>\n\t<meta name=\"twitter:data2\" content=\"3 minutos\" \/>\n<script type=\"application\/ld+json\" class=\"yoast-schema-graph\">{\"@context\":\"https:\/\/schema.org\",\"@graph\":[{\"@type\":\"Article\",\"@id\":\"https:\/\/jornalfatosenoticias.com.br\/index.php\/2024\/03\/06\/maior-baleia-do-mundo-pode-nao-ser-tao-grande-assim\/#article\",\"isPartOf\":{\"@id\":\"https:\/\/jornalfatosenoticias.com.br\/index.php\/2024\/03\/06\/maior-baleia-do-mundo-pode-nao-ser-tao-grande-assim\/\"},\"author\":{\"name\":\"Luzimara Fernandes\",\"@id\":\"https:\/\/jornalfatosenoticias.com.br\/#\/schema\/person\/d63837fa13ac8666eb9e74e0985d6f81\"},\"headline\":\"Maior baleia do mundo pode n\u00e3o ser t\u00e3o grande assim\",\"datePublished\":\"2024-03-06T14:15:50+00:00\",\"dateModified\":\"2024-03-06T14:15:51+00:00\",\"mainEntityOfPage\":{\"@id\":\"https:\/\/jornalfatosenoticias.com.br\/index.php\/2024\/03\/06\/maior-baleia-do-mundo-pode-nao-ser-tao-grande-assim\/\"},\"wordCount\":547,\"commentCount\":0,\"publisher\":{\"@id\":\"https:\/\/jornalfatosenoticias.com.br\/#organization\"},\"image\":{\"@id\":\"https:\/\/jornalfatosenoticias.com.br\/index.php\/2024\/03\/06\/maior-baleia-do-mundo-pode-nao-ser-tao-grande-assim\/#primaryimage\"},\"thumbnailUrl\":\"https:\/\/jornalfatosenoticias.com.br\/wp-content\/uploads\/2024\/03\/maior-baleia-do-mundo.jpg\",\"keywords\":[\"baleia-azul\",\"baleias\",\"maior baleia do mundo\"],\"articleSection\":[\"Meio ambiente\"],\"inLanguage\":\"pt-BR\",\"potentialAction\":[{\"@type\":\"CommentAction\",\"name\":\"Comment\",\"target\":[\"https:\/\/jornalfatosenoticias.com.br\/index.php\/2024\/03\/06\/maior-baleia-do-mundo-pode-nao-ser-tao-grande-assim\/#respond\"]}]},{\"@type\":\"WebPage\",\"@id\":\"https:\/\/jornalfatosenoticias.com.br\/index.php\/2024\/03\/06\/maior-baleia-do-mundo-pode-nao-ser-tao-grande-assim\/\",\"url\":\"https:\/\/jornalfatosenoticias.com.br\/index.php\/2024\/03\/06\/maior-baleia-do-mundo-pode-nao-ser-tao-grande-assim\/\",\"name\":\"Maior baleia do mundo pode n\u00e3o ser t\u00e3o grande assim - Jornal Fatos e Not\u00edcias\",\"isPartOf\":{\"@id\":\"https:\/\/jornalfatosenoticias.com.br\/#website\"},\"primaryImageOfPage\":{\"@id\":\"https:\/\/jornalfatosenoticias.com.br\/index.php\/2024\/03\/06\/maior-baleia-do-mundo-pode-nao-ser-tao-grande-assim\/#primaryimage\"},\"image\":{\"@id\":\"https:\/\/jornalfatosenoticias.com.br\/index.php\/2024\/03\/06\/maior-baleia-do-mundo-pode-nao-ser-tao-grande-assim\/#primaryimage\"},\"thumbnailUrl\":\"https:\/\/jornalfatosenoticias.com.br\/wp-content\/uploads\/2024\/03\/maior-baleia-do-mundo.jpg\",\"datePublished\":\"2024-03-06T14:15:50+00:00\",\"dateModified\":\"2024-03-06T14:15:51+00:00\",\"breadcrumb\":{\"@id\":\"https:\/\/jornalfatosenoticias.com.br\/index.php\/2024\/03\/06\/maior-baleia-do-mundo-pode-nao-ser-tao-grande-assim\/#breadcrumb\"},\"inLanguage\":\"pt-BR\",\"potentialAction\":[{\"@type\":\"ReadAction\",\"target\":[\"https:\/\/jornalfatosenoticias.com.br\/index.php\/2024\/03\/06\/maior-baleia-do-mundo-pode-nao-ser-tao-grande-assim\/\"]}]},{\"@type\":\"ImageObject\",\"inLanguage\":\"pt-BR\",\"@id\":\"https:\/\/jornalfatosenoticias.com.br\/index.php\/2024\/03\/06\/maior-baleia-do-mundo-pode-nao-ser-tao-grande-assim\/#primaryimage\",\"url\":\"https:\/\/jornalfatosenoticias.com.br\/wp-content\/uploads\/2024\/03\/maior-baleia-do-mundo.jpg\",\"contentUrl\":\"https:\/\/jornalfatosenoticias.com.br\/wp-content\/uploads\/2024\/03\/maior-baleia-do-mundo.jpg\",\"width\":1000,\"height\":562},{\"@type\":\"BreadcrumbList\",\"@id\":\"https:\/\/jornalfatosenoticias.com.br\/index.php\/2024\/03\/06\/maior-baleia-do-mundo-pode-nao-ser-tao-grande-assim\/#breadcrumb\",\"itemListElement\":[{\"@type\":\"ListItem\",\"position\":1,\"name\":\"In\u00edcio\",\"item\":\"https:\/\/jornalfatosenoticias.com.br\/\"},{\"@type\":\"ListItem\",\"position\":2,\"name\":\"Maior baleia do mundo pode n\u00e3o ser t\u00e3o grande assim\"}]},{\"@type\":\"WebSite\",\"@id\":\"https:\/\/jornalfatosenoticias.com.br\/#website\",\"url\":\"https:\/\/jornalfatosenoticias.com.br\/\",\"name\":\"Jornal Fatos e Not\u00edcias\",\"description\":\"Not\u00edcias em geral\",\"publisher\":{\"@id\":\"https:\/\/jornalfatosenoticias.com.br\/#organization\"},\"potentialAction\":[{\"@type\":\"SearchAction\",\"target\":{\"@type\":\"EntryPoint\",\"urlTemplate\":\"https:\/\/jornalfatosenoticias.com.br\/?s={search_term_string}\"},\"query-input\":{\"@type\":\"PropertyValueSpecification\",\"valueRequired\":true,\"valueName\":\"search_term_string\"}}],\"inLanguage\":\"pt-BR\"},{\"@type\":\"Organization\",\"@id\":\"https:\/\/jornalfatosenoticias.com.br\/#organization\",\"name\":\"Jornal Fatos e Not\u00edcias\",\"url\":\"https:\/\/jornalfatosenoticias.com.br\/\",\"logo\":{\"@type\":\"ImageObject\",\"inLanguage\":\"pt-BR\",\"@id\":\"https:\/\/jornalfatosenoticias.com.br\/#\/schema\/logo\/image\/\",\"url\":\"https:\/\/jornalfatosenoticias.com.br\/wp-content\/uploads\/2020\/02\/logo120.png\",\"contentUrl\":\"https:\/\/jornalfatosenoticias.com.br\/wp-content\/uploads\/2020\/02\/logo120.png\",\"width\":1227,\"height\":120,\"caption\":\"Jornal Fatos e Not\u00edcias\"},\"image\":{\"@id\":\"https:\/\/jornalfatosenoticias.com.br\/#\/schema\/logo\/image\/\"}},{\"@type\":\"Person\",\"@id\":\"https:\/\/jornalfatosenoticias.com.br\/#\/schema\/person\/d63837fa13ac8666eb9e74e0985d6f81\",\"name\":\"Luzimara Fernandes\",\"image\":{\"@type\":\"ImageObject\",\"inLanguage\":\"pt-BR\",\"@id\":\"https:\/\/jornalfatosenoticias.com.br\/#\/schema\/person\/image\/\",\"url\":\"https:\/\/jornalfatosenoticias.com.br\/wp-content\/uploads\/2025\/05\/EU_portal.jpg\",\"contentUrl\":\"https:\/\/jornalfatosenoticias.com.br\/wp-content\/uploads\/2025\/05\/EU_portal.jpg\",\"caption\":\"Luzimara Fernandes\"},\"description\":\"Jornalista MTB 2358-ES\",\"sameAs\":[\"https:\/\/jornalfatosenoticias.com.br\"],\"url\":\"https:\/\/jornalfatosenoticias.com.br\/index.php\/author\/luzimara\/\"}]}<\/script>\n<!-- \/ Yoast SEO plugin. -->","yoast_head_json":{"title":"Maior baleia do mundo pode n\u00e3o ser t\u00e3o grande assim - Jornal Fatos e Not\u00edcias","robots":{"index":"index","follow":"follow","max-snippet":"max-snippet:-1","max-image-preview":"max-image-preview:large","max-video-preview":"max-video-preview:-1"},"canonical":"https:\/\/jornalfatosenoticias.com.br\/index.php\/2024\/03\/06\/maior-baleia-do-mundo-pode-nao-ser-tao-grande-assim\/","og_locale":"pt_BR","og_type":"article","og_title":"Maior baleia do mundo pode n\u00e3o ser t\u00e3o grande assim - Jornal Fatos e Not\u00edcias","og_description":"Estudo anterior descobriu esp\u00e9cie de baleia que poderia ser a mais pesada do mundo, mas foi desmentido recentemente por outra pesquisa Por Vitoria Lopes Gomez Em agosto de 2023, paleont\u00f3logos descobriram ossos de uma baleia\u00a0gigante, batizada de\u00a0Perucetus, que acreditaram ser o\u00a0animal mais pesado que j\u00e1 existiu. Na semana passada, pesquisadores revisaram a afirma\u00e7\u00e3o anterior e [&hellip;]","og_url":"https:\/\/jornalfatosenoticias.com.br\/index.php\/2024\/03\/06\/maior-baleia-do-mundo-pode-nao-ser-tao-grande-assim\/","og_site_name":"Jornal Fatos e Not\u00edcias","article_published_time":"2024-03-06T14:15:50+00:00","article_modified_time":"2024-03-06T14:15:51+00:00","og_image":[{"width":1000,"height":562,"url":"https:\/\/jornalfatosenoticias.com.br\/wp-content\/uploads\/2024\/03\/maior-baleia-do-mundo.jpg","type":"image\/jpeg"}],"author":"Luzimara Fernandes","twitter_card":"summary_large_image","twitter_misc":{"Escrito por":"Luzimara Fernandes","Est. tempo de leitura":"3 minutos"},"schema":{"@context":"https:\/\/schema.org","@graph":[{"@type":"Article","@id":"https:\/\/jornalfatosenoticias.com.br\/index.php\/2024\/03\/06\/maior-baleia-do-mundo-pode-nao-ser-tao-grande-assim\/#article","isPartOf":{"@id":"https:\/\/jornalfatosenoticias.com.br\/index.php\/2024\/03\/06\/maior-baleia-do-mundo-pode-nao-ser-tao-grande-assim\/"},"author":{"name":"Luzimara Fernandes","@id":"https:\/\/jornalfatosenoticias.com.br\/#\/schema\/person\/d63837fa13ac8666eb9e74e0985d6f81"},"headline":"Maior baleia do mundo pode n\u00e3o ser t\u00e3o grande assim","datePublished":"2024-03-06T14:15:50+00:00","dateModified":"2024-03-06T14:15:51+00:00","mainEntityOfPage":{"@id":"https:\/\/jornalfatosenoticias.com.br\/index.php\/2024\/03\/06\/maior-baleia-do-mundo-pode-nao-ser-tao-grande-assim\/"},"wordCount":547,"commentCount":0,"publisher":{"@id":"https:\/\/jornalfatosenoticias.com.br\/#organization"},"image":{"@id":"https:\/\/jornalfatosenoticias.com.br\/index.php\/2024\/03\/06\/maior-baleia-do-mundo-pode-nao-ser-tao-grande-assim\/#primaryimage"},"thumbnailUrl":"https:\/\/jornalfatosenoticias.com.br\/wp-content\/uploads\/2024\/03\/maior-baleia-do-mundo.jpg","keywords":["baleia-azul","baleias","maior baleia do mundo"],"articleSection":["Meio ambiente"],"inLanguage":"pt-BR","potentialAction":[{"@type":"CommentAction","name":"Comment","target":["https:\/\/jornalfatosenoticias.com.br\/index.php\/2024\/03\/06\/maior-baleia-do-mundo-pode-nao-ser-tao-grande-assim\/#respond"]}]},{"@type":"WebPage","@id":"https:\/\/jornalfatosenoticias.com.br\/index.php\/2024\/03\/06\/maior-baleia-do-mundo-pode-nao-ser-tao-grande-assim\/","url":"https:\/\/jornalfatosenoticias.com.br\/index.php\/2024\/03\/06\/maior-baleia-do-mundo-pode-nao-ser-tao-grande-assim\/","name":"Maior baleia do mundo pode n\u00e3o ser t\u00e3o grande assim - Jornal Fatos e Not\u00edcias","isPartOf":{"@id":"https:\/\/jornalfatosenoticias.com.br\/#website"},"primaryImageOfPage":{"@id":"https:\/\/jornalfatosenoticias.com.br\/index.php\/2024\/03\/06\/maior-baleia-do-mundo-pode-nao-ser-tao-grande-assim\/#primaryimage"},"image":{"@id":"https:\/\/jornalfatosenoticias.com.br\/index.php\/2024\/03\/06\/maior-baleia-do-mundo-pode-nao-ser-tao-grande-assim\/#primaryimage"},"thumbnailUrl":"https:\/\/jornalfatosenoticias.com.br\/wp-content\/uploads\/2024\/03\/maior-baleia-do-mundo.jpg","datePublished":"2024-03-06T14:15:50+00:00","dateModified":"2024-03-06T14:15:51+00:00","breadcrumb":{"@id":"https:\/\/jornalfatosenoticias.com.br\/index.php\/2024\/03\/06\/maior-baleia-do-mundo-pode-nao-ser-tao-grande-assim\/#breadcrumb"},"inLanguage":"pt-BR","potentialAction":[{"@type":"ReadAction","target":["https:\/\/jornalfatosenoticias.com.br\/index.php\/2024\/03\/06\/maior-baleia-do-mundo-pode-nao-ser-tao-grande-assim\/"]}]},{"@type":"ImageObject","inLanguage":"pt-BR","@id":"https:\/\/jornalfatosenoticias.com.br\/index.php\/2024\/03\/06\/maior-baleia-do-mundo-pode-nao-ser-tao-grande-assim\/#primaryimage","url":"https:\/\/jornalfatosenoticias.com.br\/wp-content\/uploads\/2024\/03\/maior-baleia-do-mundo.jpg","contentUrl":"https:\/\/jornalfatosenoticias.com.br\/wp-content\/uploads\/2024\/03\/maior-baleia-do-mundo.jpg","width":1000,"height":562},{"@type":"BreadcrumbList","@id":"https:\/\/jornalfatosenoticias.com.br\/index.php\/2024\/03\/06\/maior-baleia-do-mundo-pode-nao-ser-tao-grande-assim\/#breadcrumb","itemListElement":[{"@type":"ListItem","position":1,"name":"In\u00edcio","item":"https:\/\/jornalfatosenoticias.com.br\/"},{"@type":"ListItem","position":2,"name":"Maior baleia do mundo pode n\u00e3o ser t\u00e3o grande assim"}]},{"@type":"WebSite","@id":"https:\/\/jornalfatosenoticias.com.br\/#website","url":"https:\/\/jornalfatosenoticias.com.br\/","name":"Jornal Fatos e Not\u00edcias","description":"Not\u00edcias em geral","publisher":{"@id":"https:\/\/jornalfatosenoticias.com.br\/#organization"},"potentialAction":[{"@type":"SearchAction","target":{"@type":"EntryPoint","urlTemplate":"https:\/\/jornalfatosenoticias.com.br\/?s={search_term_string}"},"query-input":{"@type":"PropertyValueSpecification","valueRequired":true,"valueName":"search_term_string"}}],"inLanguage":"pt-BR"},{"@type":"Organization","@id":"https:\/\/jornalfatosenoticias.com.br\/#organization","name":"Jornal Fatos e Not\u00edcias","url":"https:\/\/jornalfatosenoticias.com.br\/","logo":{"@type":"ImageObject","inLanguage":"pt-BR","@id":"https:\/\/jornalfatosenoticias.com.br\/#\/schema\/logo\/image\/","url":"https:\/\/jornalfatosenoticias.com.br\/wp-content\/uploads\/2020\/02\/logo120.png","contentUrl":"https:\/\/jornalfatosenoticias.com.br\/wp-content\/uploads\/2020\/02\/logo120.png","width":1227,"height":120,"caption":"Jornal Fatos e Not\u00edcias"},"image":{"@id":"https:\/\/jornalfatosenoticias.com.br\/#\/schema\/logo\/image\/"}},{"@type":"Person","@id":"https:\/\/jornalfatosenoticias.com.br\/#\/schema\/person\/d63837fa13ac8666eb9e74e0985d6f81","name":"Luzimara Fernandes","image":{"@type":"ImageObject","inLanguage":"pt-BR","@id":"https:\/\/jornalfatosenoticias.com.br\/#\/schema\/person\/image\/","url":"https:\/\/jornalfatosenoticias.com.br\/wp-content\/uploads\/2025\/05\/EU_portal.jpg","contentUrl":"https:\/\/jornalfatosenoticias.com.br\/wp-content\/uploads\/2025\/05\/EU_portal.jpg","caption":"Luzimara Fernandes"},"description":"Jornalista MTB 2358-ES","sameAs":["https:\/\/jornalfatosenoticias.com.br"],"url":"https:\/\/jornalfatosenoticias.com.br\/index.php\/author\/luzimara\/"}]}},"cc_featured_image_caption":{"caption_text":"(Foto: Reprodu\u00e7\u00e3o\/DevianArt) ","source_text":"","source_url":""},"jetpack_featured_media_url":"https:\/\/jornalfatosenoticias.com.br\/wp-content\/uploads\/2024\/03\/maior-baleia-do-mundo.jpg","_links":{"self":[{"href":"https:\/\/jornalfatosenoticias.com.br\/index.php\/wp-json\/wp\/v2\/posts\/49684","targetHints":{"allow":["GET"]}}],"collection":[{"href":"https:\/\/jornalfatosenoticias.com.br\/index.php\/wp-json\/wp\/v2\/posts"}],"about":[{"href":"https:\/\/jornalfatosenoticias.com.br\/index.php\/wp-json\/wp\/v2\/types\/post"}],"author":[{"embeddable":true,"href":"https:\/\/jornalfatosenoticias.com.br\/index.php\/wp-json\/wp\/v2\/users\/2"}],"replies":[{"embeddable":true,"href":"https:\/\/jornalfatosenoticias.com.br\/index.php\/wp-json\/wp\/v2\/comments?post=49684"}],"version-history":[{"count":0,"href":"https:\/\/jornalfatosenoticias.com.br\/index.php\/wp-json\/wp\/v2\/posts\/49684\/revisions"}],"wp:featuredmedia":[{"embeddable":true,"href":"https:\/\/jornalfatosenoticias.com.br\/index.php\/wp-json\/wp\/v2\/media\/49686"}],"wp:attachment":[{"href":"https:\/\/jornalfatosenoticias.com.br\/index.php\/wp-json\/wp\/v2\/media?parent=49684"}],"wp:term":[{"taxonomy":"category","embeddable":true,"href":"https:\/\/jornalfatosenoticias.com.br\/index.php\/wp-json\/wp\/v2\/categories?post=49684"},{"taxonomy":"post_tag","embeddable":true,"href":"https:\/\/jornalfatosenoticias.com.br\/index.php\/wp-json\/wp\/v2\/tags?post=49684"}],"curies":[{"name":"wp","href":"https:\/\/api.w.org\/{rel}","templated":true}]}}