{"id":49692,"date":"2024-03-06T15:13:53","date_gmt":"2024-03-06T18:13:53","guid":{"rendered":"https:\/\/jornalfatosenoticias.com.br\/?p=49692"},"modified":"2024-03-06T15:13:54","modified_gmt":"2024-03-06T18:13:54","slug":"seis-sinais-de-que-o-bebe-esta-com-calor","status":"publish","type":"post","link":"https:\/\/jornalfatosenoticias.com.br\/index.php\/2024\/03\/06\/seis-sinais-de-que-o-bebe-esta-com-calor\/","title":{"rendered":"Seis sinais de que o beb\u00ea est\u00e1 com calor"},"content":{"rendered":"\n<p><span class=\"has-inline-color has-black-color\"><em>Em dias muito quentes os beb\u00eas ficam ainda mais incomodados, confira as dicas da pediatra Andrea Patente<\/em><\/span><\/p>\n\n\n\n<div class=\"wp-block-image\"><figure class=\"aligncenter size-large\"><img loading=\"lazy\" decoding=\"async\" width=\"1024\" height=\"100\" src=\"https:\/\/jornalfatosenoticias.com.br\/wp-content\/uploads\/2022\/05\/NOVA-LOGO-CESCONETTO-1024x100.jpg\" alt=\"\" class=\"wp-image-30792\" srcset=\"https:\/\/jornalfatosenoticias.com.br\/wp-content\/uploads\/2022\/05\/NOVA-LOGO-CESCONETTO-1024x100.jpg 1024w, https:\/\/jornalfatosenoticias.com.br\/wp-content\/uploads\/2022\/05\/NOVA-LOGO-CESCONETTO-300x29.jpg 300w, https:\/\/jornalfatosenoticias.com.br\/wp-content\/uploads\/2022\/05\/NOVA-LOGO-CESCONETTO-768x75.jpg 768w, https:\/\/jornalfatosenoticias.com.br\/wp-content\/uploads\/2022\/05\/NOVA-LOGO-CESCONETTO.jpg 1280w\" sizes=\"auto, (max-width: 1024px) 100vw, 1024px\" \/><\/figure><\/div>\n\n\n\n<p>Passar calor incomoda qualquer pessoa, mas em dias muito quentes os beb\u00eas ficam ainda mais irritados, o que acaba deixando os pais aflitos e a rotina desregulada. Se a crian\u00e7a for ficar exposta ao sol, por exemplo, estar vestida com roupas escuras \u00e9 mais recomend\u00e1vel do que deix\u00e1-las sem pe\u00e7as. Acontece que a temperatura corporal dos nen\u00eas pode ser um pouco maior do que a dos adultos. Desta forma, n\u00e3o podemos medir o calor somente a partir da sensa\u00e7\u00e3o de um adulto. Ent\u00e3o, como saber se o beb\u00ea realmente est\u00e1 com calor? A pediatra neonatologista Andrea Patente ensina.<br>O objetivo da m\u00e9dica Andrea, especializada em prematuros e <a href=\"https:\/\/ciclovivo.com.br\/arq-urb\/urbanismo\/sao-paulo-ganha-praca-projetada-para-criancas-na-primeira-infancia\/\" target=\"_blank\" rel=\"noreferrer noopener\">primeira inf\u00e2ncia<\/a>, \u00e9 ajudar e orientar os pais e respons\u00e1veis nestes dias de temperaturas mais altas. <\/p>\n\n\n\n<div class=\"wp-block-image\"><figure class=\"aligncenter size-large\"><img decoding=\"async\" src=\"https:\/\/jornalfatosenoticias.com.br\/wp-content\/uploads\/2020\/02\/logo_esteio.jpg\" alt=\"\" class=\"wp-image-1214\"\/><\/figure><\/div>\n\n\n\n<p><strong><span class=\"has-inline-color has-vivid-purple-color\">Ela lista abaixo seis sinais que indicam que o beb\u00ea pode estar com calor, confira:<br><\/span><\/strong>\u2022 Sinta a temperatura no tronco do beb\u00ea: \u00e9 preciso sentir a temperatura no tronco (barriga, peito e costas) e na cabe\u00e7a da crian\u00e7a. Se estiver vermelho e\/ou suando, com certeza est\u00e1 com calor;<br>\u2022 Choro inconsol\u00e1vel: quando a crian\u00e7a come\u00e7a a chorar sem motivo aparente e nada a faz parar, pode ser um sinal de inc\u00f4modo causado pelo calor;<br>\u2022 Irritabilidade: quando est\u00e1 com calor, o beb\u00ea se mexe mais, fica irritado e come\u00e7a a apresentar altera\u00e7\u00f5es de comportamento;<br>\u2022 Sonol\u00eancia: se est\u00e1 com calor, o beb\u00ea tende a ficar mais sonolento, o que pode ocasionar sonecas maiores e em hor\u00e1rios diversos, fora do habitual;<br>\u2022 Vermelhid\u00e3o da pele: um sinal de calor muito comum, \u00e9 quando as bochechas ou articula\u00e7\u00f5es do beb\u00ea ficam avermelhadas;<br>\u2022 Aumento da sede: outro sinal de calor \u00e9 o aumento da <a href=\"https:\/\/ciclovivo.com.br\/vida-sustentavel\/equilibrio\/5-motivos-para-beber-mais-agua\/\" target=\"_blank\" rel=\"noreferrer noopener\">sede<\/a>, a crian\u00e7a pede e consome \u00e1gua com mais frequ\u00eancia.<\/p>\n\n\n\n<div class=\"wp-block-image\"><figure class=\"aligncenter size-large is-resized\"><img loading=\"lazy\" decoding=\"async\" src=\"https:\/\/jornalfatosenoticias.com.br\/wp-content\/uploads\/2023\/12\/pegoretti-logo-pdf-1024x389.jpg\" alt=\"\" class=\"wp-image-47536\" width=\"480\" height=\"182\" srcset=\"https:\/\/jornalfatosenoticias.com.br\/wp-content\/uploads\/2023\/12\/pegoretti-logo-pdf-1024x389.jpg 1024w, https:\/\/jornalfatosenoticias.com.br\/wp-content\/uploads\/2023\/12\/pegoretti-logo-pdf-300x114.jpg 300w, https:\/\/jornalfatosenoticias.com.br\/wp-content\/uploads\/2023\/12\/pegoretti-logo-pdf-768x291.jpg 768w, https:\/\/jornalfatosenoticias.com.br\/wp-content\/uploads\/2023\/12\/pegoretti-logo-pdf.jpg 1120w\" sizes=\"auto, (max-width: 480px) 100vw, 480px\" \/><\/figure><\/div>\n\n\n\n<p>Se seguindo as dicas acima voc\u00ea constatou que a crian\u00e7a realmente est\u00e1 passando sufoco, as dicas da pediatra Ana Paula Sakamoto podem te ajudar a <a href=\"https:\/\/ciclovivo.com.br\/vida-sustentavel\/bem-estar\/pediatra-ensina-como-amenizar-a-sensacao-de-calor-dos-bebes\/\" target=\"_blank\" rel=\"noreferrer noopener\">amenizar o calor sem impactar a sa\u00fade<\/a>\u00a0dos pequenos. Outras dicas envolvendo calor em excesso e crian\u00e7as e idosos\u00a0<a href=\"https:\/\/ciclovivo.com.br\/vida-sustentavel\/bem-estar\/criancas-e-idosos-merecem-atencao-durante-ondas-de-calor\/\" target=\"_blank\" rel=\"noreferrer noopener\">podem ser lidas aqui<\/a>.<\/p>\n\n\n\n<div class=\"wp-block-image\"><figure class=\"aligncenter size-large\"><img decoding=\"async\" src=\"https:\/\/jornalfatosenoticias.com.br\/wp-content\/uploads\/2020\/02\/barao-das-carnes-300x164-1.jpg\" alt=\"\" class=\"wp-image-34339\"\/><\/figure><\/div>\n\n\n\n<p><strong><em>Fonte: <a href=\"https:\/\/ciclovivo.com.br\/vida-sustentavel\/bem-estar\/6-sinais-de-que-o-bebe-esta-com-calor\/\">CicloVivo<\/a><\/em><\/strong><\/p>\n","protected":false},"excerpt":{"rendered":"<p>Em dias muito quentes os beb\u00eas ficam ainda mais incomodados, confira as dicas da pediatra Andrea Patente Passar calor incomoda qualquer pessoa, mas em dias muito quentes os beb\u00eas ficam ainda mais irritados, o que acaba deixando os pais aflitos e a rotina desregulada. Se a crian\u00e7a for ficar exposta ao sol, por exemplo, estar [&hellip;]<\/p>\n","protected":false},"author":2,"featured_media":49693,"comment_status":"open","ping_status":"open","sticky":false,"template":"","format":"standard","meta":{"footnotes":""},"categories":[42],"tags":[546,368,11337,13944],"class_list":["post-49692","post","type-post","status-publish","format-standard","has-post-thumbnail","hentry","category-bem-estar","tag-bebe","tag-calor","tag-primeira-infancia","tag-sede"],"yoast_head":"<!-- This site is optimized with the Yoast SEO plugin v26.5 - https:\/\/yoast.com\/wordpress\/plugins\/seo\/ -->\n<title>Seis sinais de que o beb\u00ea est\u00e1 com calor - Jornal Fatos e Not\u00edcias<\/title>\n<meta name=\"robots\" content=\"index, follow, max-snippet:-1, max-image-preview:large, max-video-preview:-1\" \/>\n<link rel=\"canonical\" href=\"https:\/\/jornalfatosenoticias.com.br\/index.php\/2024\/03\/06\/seis-sinais-de-que-o-bebe-esta-com-calor\/\" \/>\n<meta property=\"og:locale\" content=\"pt_BR\" \/>\n<meta property=\"og:type\" content=\"article\" \/>\n<meta property=\"og:title\" content=\"Seis sinais de que o beb\u00ea est\u00e1 com calor - Jornal Fatos e Not\u00edcias\" \/>\n<meta property=\"og:description\" content=\"Em dias muito quentes os beb\u00eas ficam ainda mais incomodados, confira as dicas da pediatra Andrea Patente Passar calor incomoda qualquer pessoa, mas em dias muito quentes os beb\u00eas ficam ainda mais irritados, o que acaba deixando os pais aflitos e a rotina desregulada. Se a crian\u00e7a for ficar exposta ao sol, por exemplo, estar [&hellip;]\" \/>\n<meta property=\"og:url\" content=\"https:\/\/jornalfatosenoticias.com.br\/index.php\/2024\/03\/06\/seis-sinais-de-que-o-bebe-esta-com-calor\/\" \/>\n<meta property=\"og:site_name\" content=\"Jornal Fatos e Not\u00edcias\" \/>\n<meta property=\"article:published_time\" content=\"2024-03-06T18:13:53+00:00\" \/>\n<meta property=\"article:modified_time\" content=\"2024-03-06T18:13:54+00:00\" \/>\n<meta property=\"og:image\" content=\"https:\/\/jornalfatosenoticias.com.br\/wp-content\/uploads\/2024\/03\/bebe-calor_freepik.jpg\" \/>\n\t<meta property=\"og:image:width\" content=\"996\" \/>\n\t<meta property=\"og:image:height\" content=\"558\" \/>\n\t<meta property=\"og:image:type\" content=\"image\/jpeg\" \/>\n<meta name=\"author\" content=\"Luzimara Fernandes\" \/>\n<meta name=\"twitter:card\" content=\"summary_large_image\" \/>\n<meta name=\"twitter:label1\" content=\"Escrito por\" \/>\n\t<meta name=\"twitter:data1\" content=\"Luzimara Fernandes\" \/>\n\t<meta name=\"twitter:label2\" content=\"Est. tempo de leitura\" \/>\n\t<meta name=\"twitter:data2\" content=\"2 minutos\" \/>\n<script type=\"application\/ld+json\" class=\"yoast-schema-graph\">{\"@context\":\"https:\/\/schema.org\",\"@graph\":[{\"@type\":\"Article\",\"@id\":\"https:\/\/jornalfatosenoticias.com.br\/index.php\/2024\/03\/06\/seis-sinais-de-que-o-bebe-esta-com-calor\/#article\",\"isPartOf\":{\"@id\":\"https:\/\/jornalfatosenoticias.com.br\/index.php\/2024\/03\/06\/seis-sinais-de-que-o-bebe-esta-com-calor\/\"},\"author\":{\"name\":\"Luzimara Fernandes\",\"@id\":\"https:\/\/jornalfatosenoticias.com.br\/#\/schema\/person\/d63837fa13ac8666eb9e74e0985d6f81\"},\"headline\":\"Seis sinais de que o beb\u00ea est\u00e1 com calor\",\"datePublished\":\"2024-03-06T18:13:53+00:00\",\"dateModified\":\"2024-03-06T18:13:54+00:00\",\"mainEntityOfPage\":{\"@id\":\"https:\/\/jornalfatosenoticias.com.br\/index.php\/2024\/03\/06\/seis-sinais-de-que-o-bebe-esta-com-calor\/\"},\"wordCount\":382,\"commentCount\":0,\"publisher\":{\"@id\":\"https:\/\/jornalfatosenoticias.com.br\/#organization\"},\"image\":{\"@id\":\"https:\/\/jornalfatosenoticias.com.br\/index.php\/2024\/03\/06\/seis-sinais-de-que-o-bebe-esta-com-calor\/#primaryimage\"},\"thumbnailUrl\":\"https:\/\/jornalfatosenoticias.com.br\/wp-content\/uploads\/2024\/03\/bebe-calor_freepik.jpg\",\"keywords\":[\"beb\u00ea\",\"calor\",\"primeira inf\u00e2ncia\",\"sede\"],\"articleSection\":[\"Bem-estar\"],\"inLanguage\":\"pt-BR\",\"potentialAction\":[{\"@type\":\"CommentAction\",\"name\":\"Comment\",\"target\":[\"https:\/\/jornalfatosenoticias.com.br\/index.php\/2024\/03\/06\/seis-sinais-de-que-o-bebe-esta-com-calor\/#respond\"]}]},{\"@type\":\"WebPage\",\"@id\":\"https:\/\/jornalfatosenoticias.com.br\/index.php\/2024\/03\/06\/seis-sinais-de-que-o-bebe-esta-com-calor\/\",\"url\":\"https:\/\/jornalfatosenoticias.com.br\/index.php\/2024\/03\/06\/seis-sinais-de-que-o-bebe-esta-com-calor\/\",\"name\":\"Seis sinais de que o beb\u00ea est\u00e1 com calor - Jornal Fatos e Not\u00edcias\",\"isPartOf\":{\"@id\":\"https:\/\/jornalfatosenoticias.com.br\/#website\"},\"primaryImageOfPage\":{\"@id\":\"https:\/\/jornalfatosenoticias.com.br\/index.php\/2024\/03\/06\/seis-sinais-de-que-o-bebe-esta-com-calor\/#primaryimage\"},\"image\":{\"@id\":\"https:\/\/jornalfatosenoticias.com.br\/index.php\/2024\/03\/06\/seis-sinais-de-que-o-bebe-esta-com-calor\/#primaryimage\"},\"thumbnailUrl\":\"https:\/\/jornalfatosenoticias.com.br\/wp-content\/uploads\/2024\/03\/bebe-calor_freepik.jpg\",\"datePublished\":\"2024-03-06T18:13:53+00:00\",\"dateModified\":\"2024-03-06T18:13:54+00:00\",\"breadcrumb\":{\"@id\":\"https:\/\/jornalfatosenoticias.com.br\/index.php\/2024\/03\/06\/seis-sinais-de-que-o-bebe-esta-com-calor\/#breadcrumb\"},\"inLanguage\":\"pt-BR\",\"potentialAction\":[{\"@type\":\"ReadAction\",\"target\":[\"https:\/\/jornalfatosenoticias.com.br\/index.php\/2024\/03\/06\/seis-sinais-de-que-o-bebe-esta-com-calor\/\"]}]},{\"@type\":\"ImageObject\",\"inLanguage\":\"pt-BR\",\"@id\":\"https:\/\/jornalfatosenoticias.com.br\/index.php\/2024\/03\/06\/seis-sinais-de-que-o-bebe-esta-com-calor\/#primaryimage\",\"url\":\"https:\/\/jornalfatosenoticias.com.br\/wp-content\/uploads\/2024\/03\/bebe-calor_freepik.jpg\",\"contentUrl\":\"https:\/\/jornalfatosenoticias.com.br\/wp-content\/uploads\/2024\/03\/bebe-calor_freepik.jpg\",\"width\":996,\"height\":558},{\"@type\":\"BreadcrumbList\",\"@id\":\"https:\/\/jornalfatosenoticias.com.br\/index.php\/2024\/03\/06\/seis-sinais-de-que-o-bebe-esta-com-calor\/#breadcrumb\",\"itemListElement\":[{\"@type\":\"ListItem\",\"position\":1,\"name\":\"In\u00edcio\",\"item\":\"https:\/\/jornalfatosenoticias.com.br\/\"},{\"@type\":\"ListItem\",\"position\":2,\"name\":\"Seis sinais de que o beb\u00ea est\u00e1 com calor\"}]},{\"@type\":\"WebSite\",\"@id\":\"https:\/\/jornalfatosenoticias.com.br\/#website\",\"url\":\"https:\/\/jornalfatosenoticias.com.br\/\",\"name\":\"Jornal Fatos e Not\u00edcias\",\"description\":\"Not\u00edcias em geral\",\"publisher\":{\"@id\":\"https:\/\/jornalfatosenoticias.com.br\/#organization\"},\"potentialAction\":[{\"@type\":\"SearchAction\",\"target\":{\"@type\":\"EntryPoint\",\"urlTemplate\":\"https:\/\/jornalfatosenoticias.com.br\/?s={search_term_string}\"},\"query-input\":{\"@type\":\"PropertyValueSpecification\",\"valueRequired\":true,\"valueName\":\"search_term_string\"}}],\"inLanguage\":\"pt-BR\"},{\"@type\":\"Organization\",\"@id\":\"https:\/\/jornalfatosenoticias.com.br\/#organization\",\"name\":\"Jornal Fatos e Not\u00edcias\",\"url\":\"https:\/\/jornalfatosenoticias.com.br\/\",\"logo\":{\"@type\":\"ImageObject\",\"inLanguage\":\"pt-BR\",\"@id\":\"https:\/\/jornalfatosenoticias.com.br\/#\/schema\/logo\/image\/\",\"url\":\"https:\/\/jornalfatosenoticias.com.br\/wp-content\/uploads\/2020\/02\/logo120.png\",\"contentUrl\":\"https:\/\/jornalfatosenoticias.com.br\/wp-content\/uploads\/2020\/02\/logo120.png\",\"width\":1227,\"height\":120,\"caption\":\"Jornal Fatos e Not\u00edcias\"},\"image\":{\"@id\":\"https:\/\/jornalfatosenoticias.com.br\/#\/schema\/logo\/image\/\"}},{\"@type\":\"Person\",\"@id\":\"https:\/\/jornalfatosenoticias.com.br\/#\/schema\/person\/d63837fa13ac8666eb9e74e0985d6f81\",\"name\":\"Luzimara Fernandes\",\"image\":{\"@type\":\"ImageObject\",\"inLanguage\":\"pt-BR\",\"@id\":\"https:\/\/jornalfatosenoticias.com.br\/#\/schema\/person\/image\/\",\"url\":\"https:\/\/jornalfatosenoticias.com.br\/wp-content\/uploads\/2025\/05\/EU_portal.jpg\",\"contentUrl\":\"https:\/\/jornalfatosenoticias.com.br\/wp-content\/uploads\/2025\/05\/EU_portal.jpg\",\"caption\":\"Luzimara Fernandes\"},\"description\":\"Jornalista MTB 2358-ES\",\"sameAs\":[\"https:\/\/jornalfatosenoticias.com.br\"],\"url\":\"https:\/\/jornalfatosenoticias.com.br\/index.php\/author\/luzimara\/\"}]}<\/script>\n<!-- \/ Yoast SEO plugin. -->","yoast_head_json":{"title":"Seis sinais de que o beb\u00ea est\u00e1 com calor - Jornal Fatos e Not\u00edcias","robots":{"index":"index","follow":"follow","max-snippet":"max-snippet:-1","max-image-preview":"max-image-preview:large","max-video-preview":"max-video-preview:-1"},"canonical":"https:\/\/jornalfatosenoticias.com.br\/index.php\/2024\/03\/06\/seis-sinais-de-que-o-bebe-esta-com-calor\/","og_locale":"pt_BR","og_type":"article","og_title":"Seis sinais de que o beb\u00ea est\u00e1 com calor - Jornal Fatos e Not\u00edcias","og_description":"Em dias muito quentes os beb\u00eas ficam ainda mais incomodados, confira as dicas da pediatra Andrea Patente Passar calor incomoda qualquer pessoa, mas em dias muito quentes os beb\u00eas ficam ainda mais irritados, o que acaba deixando os pais aflitos e a rotina desregulada. Se a crian\u00e7a for ficar exposta ao sol, por exemplo, estar [&hellip;]","og_url":"https:\/\/jornalfatosenoticias.com.br\/index.php\/2024\/03\/06\/seis-sinais-de-que-o-bebe-esta-com-calor\/","og_site_name":"Jornal Fatos e Not\u00edcias","article_published_time":"2024-03-06T18:13:53+00:00","article_modified_time":"2024-03-06T18:13:54+00:00","og_image":[{"width":996,"height":558,"url":"https:\/\/jornalfatosenoticias.com.br\/wp-content\/uploads\/2024\/03\/bebe-calor_freepik.jpg","type":"image\/jpeg"}],"author":"Luzimara Fernandes","twitter_card":"summary_large_image","twitter_misc":{"Escrito por":"Luzimara Fernandes","Est. tempo de leitura":"2 minutos"},"schema":{"@context":"https:\/\/schema.org","@graph":[{"@type":"Article","@id":"https:\/\/jornalfatosenoticias.com.br\/index.php\/2024\/03\/06\/seis-sinais-de-que-o-bebe-esta-com-calor\/#article","isPartOf":{"@id":"https:\/\/jornalfatosenoticias.com.br\/index.php\/2024\/03\/06\/seis-sinais-de-que-o-bebe-esta-com-calor\/"},"author":{"name":"Luzimara Fernandes","@id":"https:\/\/jornalfatosenoticias.com.br\/#\/schema\/person\/d63837fa13ac8666eb9e74e0985d6f81"},"headline":"Seis sinais de que o beb\u00ea est\u00e1 com calor","datePublished":"2024-03-06T18:13:53+00:00","dateModified":"2024-03-06T18:13:54+00:00","mainEntityOfPage":{"@id":"https:\/\/jornalfatosenoticias.com.br\/index.php\/2024\/03\/06\/seis-sinais-de-que-o-bebe-esta-com-calor\/"},"wordCount":382,"commentCount":0,"publisher":{"@id":"https:\/\/jornalfatosenoticias.com.br\/#organization"},"image":{"@id":"https:\/\/jornalfatosenoticias.com.br\/index.php\/2024\/03\/06\/seis-sinais-de-que-o-bebe-esta-com-calor\/#primaryimage"},"thumbnailUrl":"https:\/\/jornalfatosenoticias.com.br\/wp-content\/uploads\/2024\/03\/bebe-calor_freepik.jpg","keywords":["beb\u00ea","calor","primeira inf\u00e2ncia","sede"],"articleSection":["Bem-estar"],"inLanguage":"pt-BR","potentialAction":[{"@type":"CommentAction","name":"Comment","target":["https:\/\/jornalfatosenoticias.com.br\/index.php\/2024\/03\/06\/seis-sinais-de-que-o-bebe-esta-com-calor\/#respond"]}]},{"@type":"WebPage","@id":"https:\/\/jornalfatosenoticias.com.br\/index.php\/2024\/03\/06\/seis-sinais-de-que-o-bebe-esta-com-calor\/","url":"https:\/\/jornalfatosenoticias.com.br\/index.php\/2024\/03\/06\/seis-sinais-de-que-o-bebe-esta-com-calor\/","name":"Seis sinais de que o beb\u00ea est\u00e1 com calor - Jornal Fatos e Not\u00edcias","isPartOf":{"@id":"https:\/\/jornalfatosenoticias.com.br\/#website"},"primaryImageOfPage":{"@id":"https:\/\/jornalfatosenoticias.com.br\/index.php\/2024\/03\/06\/seis-sinais-de-que-o-bebe-esta-com-calor\/#primaryimage"},"image":{"@id":"https:\/\/jornalfatosenoticias.com.br\/index.php\/2024\/03\/06\/seis-sinais-de-que-o-bebe-esta-com-calor\/#primaryimage"},"thumbnailUrl":"https:\/\/jornalfatosenoticias.com.br\/wp-content\/uploads\/2024\/03\/bebe-calor_freepik.jpg","datePublished":"2024-03-06T18:13:53+00:00","dateModified":"2024-03-06T18:13:54+00:00","breadcrumb":{"@id":"https:\/\/jornalfatosenoticias.com.br\/index.php\/2024\/03\/06\/seis-sinais-de-que-o-bebe-esta-com-calor\/#breadcrumb"},"inLanguage":"pt-BR","potentialAction":[{"@type":"ReadAction","target":["https:\/\/jornalfatosenoticias.com.br\/index.php\/2024\/03\/06\/seis-sinais-de-que-o-bebe-esta-com-calor\/"]}]},{"@type":"ImageObject","inLanguage":"pt-BR","@id":"https:\/\/jornalfatosenoticias.com.br\/index.php\/2024\/03\/06\/seis-sinais-de-que-o-bebe-esta-com-calor\/#primaryimage","url":"https:\/\/jornalfatosenoticias.com.br\/wp-content\/uploads\/2024\/03\/bebe-calor_freepik.jpg","contentUrl":"https:\/\/jornalfatosenoticias.com.br\/wp-content\/uploads\/2024\/03\/bebe-calor_freepik.jpg","width":996,"height":558},{"@type":"BreadcrumbList","@id":"https:\/\/jornalfatosenoticias.com.br\/index.php\/2024\/03\/06\/seis-sinais-de-que-o-bebe-esta-com-calor\/#breadcrumb","itemListElement":[{"@type":"ListItem","position":1,"name":"In\u00edcio","item":"https:\/\/jornalfatosenoticias.com.br\/"},{"@type":"ListItem","position":2,"name":"Seis sinais de que o beb\u00ea est\u00e1 com calor"}]},{"@type":"WebSite","@id":"https:\/\/jornalfatosenoticias.com.br\/#website","url":"https:\/\/jornalfatosenoticias.com.br\/","name":"Jornal Fatos e Not\u00edcias","description":"Not\u00edcias em geral","publisher":{"@id":"https:\/\/jornalfatosenoticias.com.br\/#organization"},"potentialAction":[{"@type":"SearchAction","target":{"@type":"EntryPoint","urlTemplate":"https:\/\/jornalfatosenoticias.com.br\/?s={search_term_string}"},"query-input":{"@type":"PropertyValueSpecification","valueRequired":true,"valueName":"search_term_string"}}],"inLanguage":"pt-BR"},{"@type":"Organization","@id":"https:\/\/jornalfatosenoticias.com.br\/#organization","name":"Jornal Fatos e Not\u00edcias","url":"https:\/\/jornalfatosenoticias.com.br\/","logo":{"@type":"ImageObject","inLanguage":"pt-BR","@id":"https:\/\/jornalfatosenoticias.com.br\/#\/schema\/logo\/image\/","url":"https:\/\/jornalfatosenoticias.com.br\/wp-content\/uploads\/2020\/02\/logo120.png","contentUrl":"https:\/\/jornalfatosenoticias.com.br\/wp-content\/uploads\/2020\/02\/logo120.png","width":1227,"height":120,"caption":"Jornal Fatos e Not\u00edcias"},"image":{"@id":"https:\/\/jornalfatosenoticias.com.br\/#\/schema\/logo\/image\/"}},{"@type":"Person","@id":"https:\/\/jornalfatosenoticias.com.br\/#\/schema\/person\/d63837fa13ac8666eb9e74e0985d6f81","name":"Luzimara Fernandes","image":{"@type":"ImageObject","inLanguage":"pt-BR","@id":"https:\/\/jornalfatosenoticias.com.br\/#\/schema\/person\/image\/","url":"https:\/\/jornalfatosenoticias.com.br\/wp-content\/uploads\/2025\/05\/EU_portal.jpg","contentUrl":"https:\/\/jornalfatosenoticias.com.br\/wp-content\/uploads\/2025\/05\/EU_portal.jpg","caption":"Luzimara Fernandes"},"description":"Jornalista MTB 2358-ES","sameAs":["https:\/\/jornalfatosenoticias.com.br"],"url":"https:\/\/jornalfatosenoticias.com.br\/index.php\/author\/luzimara\/"}]}},"cc_featured_image_caption":{"caption_text":"(Foto: Freepik) ","source_text":"","source_url":""},"jetpack_featured_media_url":"https:\/\/jornalfatosenoticias.com.br\/wp-content\/uploads\/2024\/03\/bebe-calor_freepik.jpg","_links":{"self":[{"href":"https:\/\/jornalfatosenoticias.com.br\/index.php\/wp-json\/wp\/v2\/posts\/49692","targetHints":{"allow":["GET"]}}],"collection":[{"href":"https:\/\/jornalfatosenoticias.com.br\/index.php\/wp-json\/wp\/v2\/posts"}],"about":[{"href":"https:\/\/jornalfatosenoticias.com.br\/index.php\/wp-json\/wp\/v2\/types\/post"}],"author":[{"embeddable":true,"href":"https:\/\/jornalfatosenoticias.com.br\/index.php\/wp-json\/wp\/v2\/users\/2"}],"replies":[{"embeddable":true,"href":"https:\/\/jornalfatosenoticias.com.br\/index.php\/wp-json\/wp\/v2\/comments?post=49692"}],"version-history":[{"count":0,"href":"https:\/\/jornalfatosenoticias.com.br\/index.php\/wp-json\/wp\/v2\/posts\/49692\/revisions"}],"wp:featuredmedia":[{"embeddable":true,"href":"https:\/\/jornalfatosenoticias.com.br\/index.php\/wp-json\/wp\/v2\/media\/49693"}],"wp:attachment":[{"href":"https:\/\/jornalfatosenoticias.com.br\/index.php\/wp-json\/wp\/v2\/media?parent=49692"}],"wp:term":[{"taxonomy":"category","embeddable":true,"href":"https:\/\/jornalfatosenoticias.com.br\/index.php\/wp-json\/wp\/v2\/categories?post=49692"},{"taxonomy":"post_tag","embeddable":true,"href":"https:\/\/jornalfatosenoticias.com.br\/index.php\/wp-json\/wp\/v2\/tags?post=49692"}],"curies":[{"name":"wp","href":"https:\/\/api.w.org\/{rel}","templated":true}]}}