{"id":49704,"date":"2024-03-06T16:00:53","date_gmt":"2024-03-06T19:00:53","guid":{"rendered":"https:\/\/jornalfatosenoticias.com.br\/?p=49704"},"modified":"2024-03-06T16:00:55","modified_gmt":"2024-03-06T19:00:55","slug":"desaprovacao-de-lula-3-atinge-pior-nivel-com-pessimismo-na-economia-e-alta-rejeicao-de-evangelicos","status":"publish","type":"post","link":"https:\/\/jornalfatosenoticias.com.br\/index.php\/2024\/03\/06\/desaprovacao-de-lula-3-atinge-pior-nivel-com-pessimismo-na-economia-e-alta-rejeicao-de-evangelicos\/","title":{"rendered":"Desaprova\u00e7\u00e3o de Lula 3 atinge pior n\u00edvel com pessimismo na economia e alta rejei\u00e7\u00e3o de evang\u00e9licos"},"content":{"rendered":"\n<p><em><span class=\"has-inline-color has-black-color\">Aumento de pre\u00e7os dos alimentos, contas em geral e combust\u00edveis, al\u00e9m de falas pol\u00eamicas, refletiu na avalia\u00e7\u00e3o de Lula ap\u00f3s um ano<\/span><\/em><\/p>\n\n\n\n<p><span class=\"has-inline-color has-black-color\">Por <strong><a href=\"https:\/\/www.gazetadopovo.com.br\/autor\/guilherme-grandi\/\">Guilherme Grandi<\/a><\/strong><\/span><\/p>\n\n\n\n<div class=\"wp-block-image\"><figure class=\"aligncenter size-large is-resized\"><img loading=\"lazy\" decoding=\"async\" src=\"https:\/\/jornalfatosenoticias.com.br\/wp-content\/uploads\/2023\/12\/pegoretti-logo-pdf-1024x389.jpg\" alt=\"\" class=\"wp-image-47536\" width=\"480\" height=\"182\" srcset=\"https:\/\/jornalfatosenoticias.com.br\/wp-content\/uploads\/2023\/12\/pegoretti-logo-pdf-1024x389.jpg 1024w, https:\/\/jornalfatosenoticias.com.br\/wp-content\/uploads\/2023\/12\/pegoretti-logo-pdf-300x114.jpg 300w, https:\/\/jornalfatosenoticias.com.br\/wp-content\/uploads\/2023\/12\/pegoretti-logo-pdf-768x291.jpg 768w, https:\/\/jornalfatosenoticias.com.br\/wp-content\/uploads\/2023\/12\/pegoretti-logo-pdf.jpg 1120w\" sizes=\"auto, (max-width: 480px) 100vw, 480px\" \/><\/figure><\/div>\n\n\n\n<p>A desaprova\u00e7\u00e3o ao governo de Luiz In\u00e1cio Lula da Silva (PT) cresceu no Pa\u00eds de acordo com a pesquisa Quaest divulgada na manh\u00e3 desta quarta (6), principalmente nas regi\u00f5es Sul e Sudeste do Pa\u00eds. Os n\u00fameros desta nova rodada apontam uma disparada na rejei\u00e7\u00e3o ao petista principalmente entre os evang\u00e9licos, pelo aumento de pre\u00e7os de combust\u00edveis, contas e alimentos, e ap\u00f3s a pol\u00eamica fala em que comparou a rea\u00e7\u00e3o de Israel contra o Hamas ao Holocausto nazista.<br>Segundo a Quaest, a desaprova\u00e7\u00e3o a Lula cresceu cinco pontos percentuais desde a \u00faltima pesquisa de dezembro de 2023, passando de 29% para 34% no levantamento geral. A aprova\u00e7\u00e3o caiu de 36% para 35%. A Quaest ouviu presencialmente duas mil pessoas entre os dias 25 e 27 de fevereiro, e a margem de erro \u00e9 de 2,2 pontos percentuais para mais ou para menos.<\/p>\n\n\n\n<div class=\"wp-block-image\"><figure class=\"aligncenter size-large\"><img loading=\"lazy\" decoding=\"async\" width=\"300\" height=\"250\" src=\"https:\/\/jornalfatosenoticias.com.br\/wp-content\/uploads\/2022\/02\/FERRARI_MAQUINAS-E-FERRAMENTAS2.jpg\" alt=\"\" class=\"wp-image-27860\"\/><\/figure><\/div>\n\n\n\n<p>As regi\u00f5es Sul e Sudeste s\u00e3o as que mais passaram a desaprovar a gest\u00e3o do petista, com 51% e 52% respectivamente. No Centro-oeste e Norte, a aprova\u00e7\u00e3o diminuiu de 51% para 50%, enquanto que a desaprova\u00e7\u00e3o se mant\u00e9m em 47% desde dezembro.<\/p>\n\n\n\n<div class=\"wp-block-image\"><figure class=\"aligncenter size-large is-resized\"><img loading=\"lazy\" decoding=\"async\" src=\"https:\/\/jornalfatosenoticias.com.br\/wp-content\/uploads\/2023\/03\/nova-logo-Marquetti.jpg\" alt=\"\" class=\"wp-image-40207\" width=\"303\" height=\"203\" srcset=\"https:\/\/jornalfatosenoticias.com.br\/wp-content\/uploads\/2023\/03\/nova-logo-Marquetti.jpg 643w, https:\/\/jornalfatosenoticias.com.br\/wp-content\/uploads\/2023\/03\/nova-logo-Marquetti-300x202.jpg 300w\" sizes=\"auto, (max-width: 303px) 100vw, 303px\" \/><\/figure><\/div>\n\n\n\n<p>J\u00e1 no Nordeste, reduto eleitoral de Lula, a aprova\u00e7\u00e3o do governo petista tamb\u00e9m vem caindo, de 70% para 68% na compara\u00e7\u00e3o com dezembro, enquanto que a desaprova\u00e7\u00e3o subiu de 28% para 31%. A desaprova\u00e7\u00e3o especificamente ao trabalho de Lula tamb\u00e9m cresceu no Pa\u00eds segundo a pesquisa, passando de 43% em dezembro para 46%. As regi\u00f5es Sul e Sudeste t\u00eam as piores avalia\u00e7\u00f5es, com 51% e 52% de desaprova\u00e7\u00e3o.<\/p>\n\n\n\n<div class=\"wp-block-image\"><figure class=\"aligncenter size-large is-resized\"><img loading=\"lazy\" decoding=\"async\" src=\"https:\/\/jornalfatosenoticias.com.br\/wp-content\/uploads\/2023\/08\/BKR-1024x1021.jpg\" alt=\"\" class=\"wp-image-44494\" width=\"311\" height=\"310\" srcset=\"https:\/\/jornalfatosenoticias.com.br\/wp-content\/uploads\/2023\/08\/BKR-1024x1021.jpg 1024w, https:\/\/jornalfatosenoticias.com.br\/wp-content\/uploads\/2023\/08\/BKR-300x300.jpg 300w, https:\/\/jornalfatosenoticias.com.br\/wp-content\/uploads\/2023\/08\/BKR-150x150.jpg 150w, https:\/\/jornalfatosenoticias.com.br\/wp-content\/uploads\/2023\/08\/BKR-768x766.jpg 768w, https:\/\/jornalfatosenoticias.com.br\/wp-content\/uploads\/2023\/08\/BKR.jpg 1080w\" sizes=\"auto, (max-width: 311px) 100vw, 311px\" \/><\/figure><\/div>\n\n\n\n<p>A aprova\u00e7\u00e3o caiu de 54% para 51%, com uma redu\u00e7\u00e3o no Nordeste (70% para 68%) e no Centro-oeste e Norte (51% para 50%). Em um cen\u00e1rio mais amplo considerando todo o per\u00edodo do terceiro governo de Lula, a avalia\u00e7\u00e3o negativa alcan\u00e7ou o maior n\u00edvel. Na primeira rodada, em fevereiro de 2023, 20% dos entrevistados desaprovavam o petista. De l\u00e1 para c\u00e1, a avalia\u00e7\u00e3o negativa vinha oscilando e alcan\u00e7ava 29% em dezembro de 2023, chegando a 34% em fevereiro de 2024. A aprova\u00e7\u00e3o est\u00e1 em 35%, portanto, dentro da margem de erro.<\/p>\n\n\n\n<div class=\"wp-block-image\"><figure class=\"aligncenter size-large is-resized\"><img loading=\"lazy\" decoding=\"async\" src=\"https:\/\/jornalfatosenoticias.com.br\/wp-content\/uploads\/2020\/02\/logo-Rapuzel-1024x571.jpg\" alt=\"\" class=\"wp-image-42808\" width=\"341\" height=\"190\" srcset=\"https:\/\/jornalfatosenoticias.com.br\/wp-content\/uploads\/2020\/02\/logo-Rapuzel-1024x571.jpg 1024w, https:\/\/jornalfatosenoticias.com.br\/wp-content\/uploads\/2020\/02\/logo-Rapuzel-300x167.jpg 300w, https:\/\/jornalfatosenoticias.com.br\/wp-content\/uploads\/2020\/02\/logo-Rapuzel-768x428.jpg 768w, https:\/\/jornalfatosenoticias.com.br\/wp-content\/uploads\/2020\/02\/logo-Rapuzel-1536x856.jpg 1536w, https:\/\/jornalfatosenoticias.com.br\/wp-content\/uploads\/2020\/02\/logo-Rapuzel.jpg 1600w\" sizes=\"auto, (max-width: 341px) 100vw, 341px\" \/><\/figure><\/div>\n\n\n\n<h3 class=\"wp-block-heading\"><span class=\"has-inline-color has-black-color\">Desaprova\u00e7\u00e3o disparou entre evang\u00e9licos<\/span><\/h3>\n\n\n\n<div class=\"wp-block-image\"><figure class=\"aligncenter size-large\"><img loading=\"lazy\" decoding=\"async\" width=\"960\" height=\"540\" src=\"https:\/\/jornalfatosenoticias.com.br\/wp-content\/uploads\/2024\/03\/pesquisa-quaest-lula-evangelicos.jpg\" alt=\"\" class=\"wp-image-49705\" srcset=\"https:\/\/jornalfatosenoticias.com.br\/wp-content\/uploads\/2024\/03\/pesquisa-quaest-lula-evangelicos.jpg 960w, https:\/\/jornalfatosenoticias.com.br\/wp-content\/uploads\/2024\/03\/pesquisa-quaest-lula-evangelicos-300x169.jpg 300w, https:\/\/jornalfatosenoticias.com.br\/wp-content\/uploads\/2024\/03\/pesquisa-quaest-lula-evangelicos-768x432.jpg 768w\" sizes=\"auto, (max-width: 960px) 100vw, 960px\" \/><\/figure><\/div>\n\n\n\n<p>O maior aumento na desaprova\u00e7\u00e3o de Lula ocorreu principalmente entre os evang\u00e9licos, grupo religioso que corresponde a cerca de um ter\u00e7o da popula\u00e7\u00e3o, com um salto de 36% para 48%. A fala sobre Israel que levou a uma crise diplom\u00e1tica entre os dois pa\u00edses foi considerada exagerada para 60% dos entrevistados, enquanto que 28% n\u00e3o viram exagero.<\/p>\n\n\n\n<div class=\"wp-block-image\"><figure class=\"aligncenter size-large is-resized\"><img loading=\"lazy\" decoding=\"async\" src=\"https:\/\/jornalfatosenoticias.com.br\/wp-content\/uploads\/2023\/03\/logo-Panper_portal.jpg\" alt=\"\" class=\"wp-image-40208\" width=\"349\" height=\"242\" srcset=\"https:\/\/jornalfatosenoticias.com.br\/wp-content\/uploads\/2023\/03\/logo-Panper_portal.jpg 400w, https:\/\/jornalfatosenoticias.com.br\/wp-content\/uploads\/2023\/03\/logo-Panper_portal-300x208.jpg 300w\" sizes=\"auto, (max-width: 349px) 100vw, 349px\" \/><\/figure><\/div>\n\n\n\n<p>A Quaest tamb\u00e9m perguntou como os eleitores de Lula e do ex-presidente Jair Bolsonaro (PL) avaliam o trabalho do petista, e revelou que a aprova\u00e7\u00e3o vem caindo e a desaprova\u00e7\u00e3o subindo. Entre os que votaram em Lula no segundo turno de 2022, a aprova\u00e7\u00e3o caiu de 90% para 85%. Entre os que votaram em Bolsonaro, a desaprova\u00e7\u00e3o subiu de 83% para 88%.<\/p>\n\n\n\n<div class=\"wp-block-image\"><figure class=\"aligncenter size-large\"><img decoding=\"async\" src=\"https:\/\/jornalfatosenoticias.com.br\/wp-content\/uploads\/2020\/02\/barao-das-carnes-300x164-1.jpg\" alt=\"\" class=\"wp-image-34339\"\/><\/figure><\/div>\n\n\n\n<p><strong><span class=\"has-inline-color has-black-color\">Economia preocupa os brasileiros<br><\/span><\/strong>A piora na aprova\u00e7\u00e3o ao governo Lula aconteceu tamb\u00e9m pela percep\u00e7\u00e3o de piora da economia brasileira para 38% dos entrevistados, contra 31% apurados em dezembro de 2023. A sensa\u00e7\u00e3o de melhora nos \u00faltimos 12 meses despencou de 34% para 26%.<\/p>\n\n\n\n<div class=\"wp-block-image\"><figure class=\"aligncenter size-large\"><img loading=\"lazy\" decoding=\"async\" width=\"300\" height=\"250\" src=\"https:\/\/jornalfatosenoticias.com.br\/wp-content\/uploads\/2020\/02\/Banner-2.png\" alt=\"\" class=\"wp-image-43787\"\/><\/figure><\/div>\n\n\n\n<p>Segundo a Quaest, 73% dos brasileiros sentiram um aumento nos pre\u00e7os dos alimentos, 63% das contas em geral e 51% dos combust\u00edveis. Para os pr\u00f3ximos 12 meses, a expectativa \u00e9 de piora da economia brasileira para 31% dos entrevistados, enquanto que a melhora \u00e9 citada por 46% (eram 55% em dezembro de 2023).<\/p>\n\n\n\n<div class=\"wp-block-image\"><figure class=\"aligncenter size-large is-resized\"><img loading=\"lazy\" decoding=\"async\" src=\"https:\/\/jornalfatosenoticias.com.br\/wp-content\/uploads\/2023\/08\/ITH.jpeg\" alt=\"\" class=\"wp-image-44638\" width=\"305\" height=\"248\" srcset=\"https:\/\/jornalfatosenoticias.com.br\/wp-content\/uploads\/2023\/08\/ITH.jpeg 800w, https:\/\/jornalfatosenoticias.com.br\/wp-content\/uploads\/2023\/08\/ITH-300x244.jpeg 300w, https:\/\/jornalfatosenoticias.com.br\/wp-content\/uploads\/2023\/08\/ITH-768x624.jpeg 768w\" sizes=\"auto, (max-width: 305px) 100vw, 305px\" \/><\/figure><\/div>\n\n\n\n<p><strong><em>Fonte: <a href=\"https:\/\/www.gazetadopovo.com.br\/republica\/pesquisa-desaprovacao-lula-cresce-piora-economia\/\">Gazeta do Povo<\/a><\/em><\/strong><\/p>\n","protected":false},"excerpt":{"rendered":"<p>Aumento de pre\u00e7os dos alimentos, contas em geral e combust\u00edveis, al\u00e9m de falas pol\u00eamicas, refletiu na avalia\u00e7\u00e3o de Lula ap\u00f3s um ano Por Guilherme Grandi A desaprova\u00e7\u00e3o ao governo de Luiz In\u00e1cio Lula da Silva (PT) cresceu no Pa\u00eds de acordo com a pesquisa Quaest divulgada na manh\u00e3 desta quarta (6), principalmente nas regi\u00f5es Sul [&hellip;]<\/p>\n","protected":false},"author":2,"featured_media":49706,"comment_status":"open","ping_status":"open","sticky":false,"template":"","format":"standard","meta":{"footnotes":""},"categories":[9],"tags":[70,16252,240,14159,19818,7580],"class_list":["post-49704","post","type-post","status-publish","format-standard","has-post-thumbnail","hentry","category-economia","tag-alimentos","tag-combustiveis","tag-economia","tag-evangelicos","tag-inflacao-descontrolada","tag-lula"],"yoast_head":"<!-- This site is optimized with the Yoast SEO plugin v26.5 - https:\/\/yoast.com\/wordpress\/plugins\/seo\/ -->\n<title>Desaprova\u00e7\u00e3o de Lula 3 atinge pior n\u00edvel com pessimismo na economia e alta rejei\u00e7\u00e3o de evang\u00e9licos - Jornal Fatos e Not\u00edcias<\/title>\n<meta name=\"robots\" content=\"index, follow, max-snippet:-1, max-image-preview:large, max-video-preview:-1\" \/>\n<link rel=\"canonical\" href=\"https:\/\/jornalfatosenoticias.com.br\/index.php\/2024\/03\/06\/desaprovacao-de-lula-3-atinge-pior-nivel-com-pessimismo-na-economia-e-alta-rejeicao-de-evangelicos\/\" \/>\n<meta property=\"og:locale\" content=\"pt_BR\" \/>\n<meta property=\"og:type\" content=\"article\" \/>\n<meta property=\"og:title\" content=\"Desaprova\u00e7\u00e3o de Lula 3 atinge pior n\u00edvel com pessimismo na economia e alta rejei\u00e7\u00e3o de evang\u00e9licos - Jornal Fatos e Not\u00edcias\" \/>\n<meta property=\"og:description\" content=\"Aumento de pre\u00e7os dos alimentos, contas em geral e combust\u00edveis, al\u00e9m de falas pol\u00eamicas, refletiu na avalia\u00e7\u00e3o de Lula ap\u00f3s um ano Por Guilherme Grandi A desaprova\u00e7\u00e3o ao governo de Luiz In\u00e1cio Lula da Silva (PT) cresceu no Pa\u00eds de acordo com a pesquisa Quaest divulgada na manh\u00e3 desta quarta (6), principalmente nas regi\u00f5es Sul [&hellip;]\" \/>\n<meta property=\"og:url\" content=\"https:\/\/jornalfatosenoticias.com.br\/index.php\/2024\/03\/06\/desaprovacao-de-lula-3-atinge-pior-nivel-com-pessimismo-na-economia-e-alta-rejeicao-de-evangelicos\/\" \/>\n<meta property=\"og:site_name\" content=\"Jornal Fatos e Not\u00edcias\" \/>\n<meta property=\"article:published_time\" content=\"2024-03-06T19:00:53+00:00\" \/>\n<meta property=\"article:modified_time\" content=\"2024-03-06T19:00:55+00:00\" \/>\n<meta property=\"og:image\" content=\"https:\/\/jornalfatosenoticias.com.br\/wp-content\/uploads\/2024\/03\/lula-desaprovacao.jpg\" \/>\n\t<meta property=\"og:image:width\" content=\"960\" \/>\n\t<meta property=\"og:image:height\" content=\"540\" \/>\n\t<meta property=\"og:image:type\" content=\"image\/jpeg\" \/>\n<meta name=\"author\" content=\"Luzimara Fernandes\" \/>\n<meta name=\"twitter:card\" content=\"summary_large_image\" \/>\n<meta name=\"twitter:label1\" content=\"Escrito por\" \/>\n\t<meta name=\"twitter:data1\" content=\"Luzimara Fernandes\" \/>\n\t<meta name=\"twitter:label2\" content=\"Est. tempo de leitura\" \/>\n\t<meta name=\"twitter:data2\" content=\"3 minutos\" \/>\n<script type=\"application\/ld+json\" class=\"yoast-schema-graph\">{\"@context\":\"https:\/\/schema.org\",\"@graph\":[{\"@type\":\"Article\",\"@id\":\"https:\/\/jornalfatosenoticias.com.br\/index.php\/2024\/03\/06\/desaprovacao-de-lula-3-atinge-pior-nivel-com-pessimismo-na-economia-e-alta-rejeicao-de-evangelicos\/#article\",\"isPartOf\":{\"@id\":\"https:\/\/jornalfatosenoticias.com.br\/index.php\/2024\/03\/06\/desaprovacao-de-lula-3-atinge-pior-nivel-com-pessimismo-na-economia-e-alta-rejeicao-de-evangelicos\/\"},\"author\":{\"name\":\"Luzimara Fernandes\",\"@id\":\"https:\/\/jornalfatosenoticias.com.br\/#\/schema\/person\/d63837fa13ac8666eb9e74e0985d6f81\"},\"headline\":\"Desaprova\u00e7\u00e3o de Lula 3 atinge pior n\u00edvel com pessimismo na economia e alta rejei\u00e7\u00e3o de evang\u00e9licos\",\"datePublished\":\"2024-03-06T19:00:53+00:00\",\"dateModified\":\"2024-03-06T19:00:55+00:00\",\"mainEntityOfPage\":{\"@id\":\"https:\/\/jornalfatosenoticias.com.br\/index.php\/2024\/03\/06\/desaprovacao-de-lula-3-atinge-pior-nivel-com-pessimismo-na-economia-e-alta-rejeicao-de-evangelicos\/\"},\"wordCount\":618,\"commentCount\":0,\"publisher\":{\"@id\":\"https:\/\/jornalfatosenoticias.com.br\/#organization\"},\"image\":{\"@id\":\"https:\/\/jornalfatosenoticias.com.br\/index.php\/2024\/03\/06\/desaprovacao-de-lula-3-atinge-pior-nivel-com-pessimismo-na-economia-e-alta-rejeicao-de-evangelicos\/#primaryimage\"},\"thumbnailUrl\":\"https:\/\/jornalfatosenoticias.com.br\/wp-content\/uploads\/2024\/03\/lula-desaprovacao.jpg\",\"keywords\":[\"alimentos\",\"Combust\u00edveis\",\"economia\",\"evang\u00e9licos\",\"infla\u00e7\u00e3o descontrolada\",\"Lula\"],\"articleSection\":[\"Economia\"],\"inLanguage\":\"pt-BR\",\"potentialAction\":[{\"@type\":\"CommentAction\",\"name\":\"Comment\",\"target\":[\"https:\/\/jornalfatosenoticias.com.br\/index.php\/2024\/03\/06\/desaprovacao-de-lula-3-atinge-pior-nivel-com-pessimismo-na-economia-e-alta-rejeicao-de-evangelicos\/#respond\"]}]},{\"@type\":\"WebPage\",\"@id\":\"https:\/\/jornalfatosenoticias.com.br\/index.php\/2024\/03\/06\/desaprovacao-de-lula-3-atinge-pior-nivel-com-pessimismo-na-economia-e-alta-rejeicao-de-evangelicos\/\",\"url\":\"https:\/\/jornalfatosenoticias.com.br\/index.php\/2024\/03\/06\/desaprovacao-de-lula-3-atinge-pior-nivel-com-pessimismo-na-economia-e-alta-rejeicao-de-evangelicos\/\",\"name\":\"Desaprova\u00e7\u00e3o de Lula 3 atinge pior n\u00edvel com pessimismo na economia e alta rejei\u00e7\u00e3o de evang\u00e9licos - Jornal Fatos e Not\u00edcias\",\"isPartOf\":{\"@id\":\"https:\/\/jornalfatosenoticias.com.br\/#website\"},\"primaryImageOfPage\":{\"@id\":\"https:\/\/jornalfatosenoticias.com.br\/index.php\/2024\/03\/06\/desaprovacao-de-lula-3-atinge-pior-nivel-com-pessimismo-na-economia-e-alta-rejeicao-de-evangelicos\/#primaryimage\"},\"image\":{\"@id\":\"https:\/\/jornalfatosenoticias.com.br\/index.php\/2024\/03\/06\/desaprovacao-de-lula-3-atinge-pior-nivel-com-pessimismo-na-economia-e-alta-rejeicao-de-evangelicos\/#primaryimage\"},\"thumbnailUrl\":\"https:\/\/jornalfatosenoticias.com.br\/wp-content\/uploads\/2024\/03\/lula-desaprovacao.jpg\",\"datePublished\":\"2024-03-06T19:00:53+00:00\",\"dateModified\":\"2024-03-06T19:00:55+00:00\",\"breadcrumb\":{\"@id\":\"https:\/\/jornalfatosenoticias.com.br\/index.php\/2024\/03\/06\/desaprovacao-de-lula-3-atinge-pior-nivel-com-pessimismo-na-economia-e-alta-rejeicao-de-evangelicos\/#breadcrumb\"},\"inLanguage\":\"pt-BR\",\"potentialAction\":[{\"@type\":\"ReadAction\",\"target\":[\"https:\/\/jornalfatosenoticias.com.br\/index.php\/2024\/03\/06\/desaprovacao-de-lula-3-atinge-pior-nivel-com-pessimismo-na-economia-e-alta-rejeicao-de-evangelicos\/\"]}]},{\"@type\":\"ImageObject\",\"inLanguage\":\"pt-BR\",\"@id\":\"https:\/\/jornalfatosenoticias.com.br\/index.php\/2024\/03\/06\/desaprovacao-de-lula-3-atinge-pior-nivel-com-pessimismo-na-economia-e-alta-rejeicao-de-evangelicos\/#primaryimage\",\"url\":\"https:\/\/jornalfatosenoticias.com.br\/wp-content\/uploads\/2024\/03\/lula-desaprovacao.jpg\",\"contentUrl\":\"https:\/\/jornalfatosenoticias.com.br\/wp-content\/uploads\/2024\/03\/lula-desaprovacao.jpg\",\"width\":960,\"height\":540},{\"@type\":\"BreadcrumbList\",\"@id\":\"https:\/\/jornalfatosenoticias.com.br\/index.php\/2024\/03\/06\/desaprovacao-de-lula-3-atinge-pior-nivel-com-pessimismo-na-economia-e-alta-rejeicao-de-evangelicos\/#breadcrumb\",\"itemListElement\":[{\"@type\":\"ListItem\",\"position\":1,\"name\":\"In\u00edcio\",\"item\":\"https:\/\/jornalfatosenoticias.com.br\/\"},{\"@type\":\"ListItem\",\"position\":2,\"name\":\"Desaprova\u00e7\u00e3o de Lula 3 atinge pior n\u00edvel com pessimismo na economia e alta rejei\u00e7\u00e3o de evang\u00e9licos\"}]},{\"@type\":\"WebSite\",\"@id\":\"https:\/\/jornalfatosenoticias.com.br\/#website\",\"url\":\"https:\/\/jornalfatosenoticias.com.br\/\",\"name\":\"Jornal Fatos e Not\u00edcias\",\"description\":\"Not\u00edcias em geral\",\"publisher\":{\"@id\":\"https:\/\/jornalfatosenoticias.com.br\/#organization\"},\"potentialAction\":[{\"@type\":\"SearchAction\",\"target\":{\"@type\":\"EntryPoint\",\"urlTemplate\":\"https:\/\/jornalfatosenoticias.com.br\/?s={search_term_string}\"},\"query-input\":{\"@type\":\"PropertyValueSpecification\",\"valueRequired\":true,\"valueName\":\"search_term_string\"}}],\"inLanguage\":\"pt-BR\"},{\"@type\":\"Organization\",\"@id\":\"https:\/\/jornalfatosenoticias.com.br\/#organization\",\"name\":\"Jornal Fatos e Not\u00edcias\",\"url\":\"https:\/\/jornalfatosenoticias.com.br\/\",\"logo\":{\"@type\":\"ImageObject\",\"inLanguage\":\"pt-BR\",\"@id\":\"https:\/\/jornalfatosenoticias.com.br\/#\/schema\/logo\/image\/\",\"url\":\"https:\/\/jornalfatosenoticias.com.br\/wp-content\/uploads\/2020\/02\/logo120.png\",\"contentUrl\":\"https:\/\/jornalfatosenoticias.com.br\/wp-content\/uploads\/2020\/02\/logo120.png\",\"width\":1227,\"height\":120,\"caption\":\"Jornal Fatos e Not\u00edcias\"},\"image\":{\"@id\":\"https:\/\/jornalfatosenoticias.com.br\/#\/schema\/logo\/image\/\"}},{\"@type\":\"Person\",\"@id\":\"https:\/\/jornalfatosenoticias.com.br\/#\/schema\/person\/d63837fa13ac8666eb9e74e0985d6f81\",\"name\":\"Luzimara Fernandes\",\"image\":{\"@type\":\"ImageObject\",\"inLanguage\":\"pt-BR\",\"@id\":\"https:\/\/jornalfatosenoticias.com.br\/#\/schema\/person\/image\/\",\"url\":\"https:\/\/jornalfatosenoticias.com.br\/wp-content\/uploads\/2025\/05\/EU_portal.jpg\",\"contentUrl\":\"https:\/\/jornalfatosenoticias.com.br\/wp-content\/uploads\/2025\/05\/EU_portal.jpg\",\"caption\":\"Luzimara Fernandes\"},\"description\":\"Jornalista MTB 2358-ES\",\"sameAs\":[\"https:\/\/jornalfatosenoticias.com.br\"],\"url\":\"https:\/\/jornalfatosenoticias.com.br\/index.php\/author\/luzimara\/\"}]}<\/script>\n<!-- \/ Yoast SEO plugin. -->","yoast_head_json":{"title":"Desaprova\u00e7\u00e3o de Lula 3 atinge pior n\u00edvel com pessimismo na economia e alta rejei\u00e7\u00e3o de evang\u00e9licos - Jornal Fatos e Not\u00edcias","robots":{"index":"index","follow":"follow","max-snippet":"max-snippet:-1","max-image-preview":"max-image-preview:large","max-video-preview":"max-video-preview:-1"},"canonical":"https:\/\/jornalfatosenoticias.com.br\/index.php\/2024\/03\/06\/desaprovacao-de-lula-3-atinge-pior-nivel-com-pessimismo-na-economia-e-alta-rejeicao-de-evangelicos\/","og_locale":"pt_BR","og_type":"article","og_title":"Desaprova\u00e7\u00e3o de Lula 3 atinge pior n\u00edvel com pessimismo na economia e alta rejei\u00e7\u00e3o de evang\u00e9licos - Jornal Fatos e Not\u00edcias","og_description":"Aumento de pre\u00e7os dos alimentos, contas em geral e combust\u00edveis, al\u00e9m de falas pol\u00eamicas, refletiu na avalia\u00e7\u00e3o de Lula ap\u00f3s um ano Por Guilherme Grandi A desaprova\u00e7\u00e3o ao governo de Luiz In\u00e1cio Lula da Silva (PT) cresceu no Pa\u00eds de acordo com a pesquisa Quaest divulgada na manh\u00e3 desta quarta (6), principalmente nas regi\u00f5es Sul [&hellip;]","og_url":"https:\/\/jornalfatosenoticias.com.br\/index.php\/2024\/03\/06\/desaprovacao-de-lula-3-atinge-pior-nivel-com-pessimismo-na-economia-e-alta-rejeicao-de-evangelicos\/","og_site_name":"Jornal Fatos e Not\u00edcias","article_published_time":"2024-03-06T19:00:53+00:00","article_modified_time":"2024-03-06T19:00:55+00:00","og_image":[{"width":960,"height":540,"url":"https:\/\/jornalfatosenoticias.com.br\/wp-content\/uploads\/2024\/03\/lula-desaprovacao.jpg","type":"image\/jpeg"}],"author":"Luzimara Fernandes","twitter_card":"summary_large_image","twitter_misc":{"Escrito por":"Luzimara Fernandes","Est. tempo de leitura":"3 minutos"},"schema":{"@context":"https:\/\/schema.org","@graph":[{"@type":"Article","@id":"https:\/\/jornalfatosenoticias.com.br\/index.php\/2024\/03\/06\/desaprovacao-de-lula-3-atinge-pior-nivel-com-pessimismo-na-economia-e-alta-rejeicao-de-evangelicos\/#article","isPartOf":{"@id":"https:\/\/jornalfatosenoticias.com.br\/index.php\/2024\/03\/06\/desaprovacao-de-lula-3-atinge-pior-nivel-com-pessimismo-na-economia-e-alta-rejeicao-de-evangelicos\/"},"author":{"name":"Luzimara Fernandes","@id":"https:\/\/jornalfatosenoticias.com.br\/#\/schema\/person\/d63837fa13ac8666eb9e74e0985d6f81"},"headline":"Desaprova\u00e7\u00e3o de Lula 3 atinge pior n\u00edvel com pessimismo na economia e alta rejei\u00e7\u00e3o de evang\u00e9licos","datePublished":"2024-03-06T19:00:53+00:00","dateModified":"2024-03-06T19:00:55+00:00","mainEntityOfPage":{"@id":"https:\/\/jornalfatosenoticias.com.br\/index.php\/2024\/03\/06\/desaprovacao-de-lula-3-atinge-pior-nivel-com-pessimismo-na-economia-e-alta-rejeicao-de-evangelicos\/"},"wordCount":618,"commentCount":0,"publisher":{"@id":"https:\/\/jornalfatosenoticias.com.br\/#organization"},"image":{"@id":"https:\/\/jornalfatosenoticias.com.br\/index.php\/2024\/03\/06\/desaprovacao-de-lula-3-atinge-pior-nivel-com-pessimismo-na-economia-e-alta-rejeicao-de-evangelicos\/#primaryimage"},"thumbnailUrl":"https:\/\/jornalfatosenoticias.com.br\/wp-content\/uploads\/2024\/03\/lula-desaprovacao.jpg","keywords":["alimentos","Combust\u00edveis","economia","evang\u00e9licos","infla\u00e7\u00e3o descontrolada","Lula"],"articleSection":["Economia"],"inLanguage":"pt-BR","potentialAction":[{"@type":"CommentAction","name":"Comment","target":["https:\/\/jornalfatosenoticias.com.br\/index.php\/2024\/03\/06\/desaprovacao-de-lula-3-atinge-pior-nivel-com-pessimismo-na-economia-e-alta-rejeicao-de-evangelicos\/#respond"]}]},{"@type":"WebPage","@id":"https:\/\/jornalfatosenoticias.com.br\/index.php\/2024\/03\/06\/desaprovacao-de-lula-3-atinge-pior-nivel-com-pessimismo-na-economia-e-alta-rejeicao-de-evangelicos\/","url":"https:\/\/jornalfatosenoticias.com.br\/index.php\/2024\/03\/06\/desaprovacao-de-lula-3-atinge-pior-nivel-com-pessimismo-na-economia-e-alta-rejeicao-de-evangelicos\/","name":"Desaprova\u00e7\u00e3o de Lula 3 atinge pior n\u00edvel com pessimismo na economia e alta rejei\u00e7\u00e3o de evang\u00e9licos - Jornal Fatos e Not\u00edcias","isPartOf":{"@id":"https:\/\/jornalfatosenoticias.com.br\/#website"},"primaryImageOfPage":{"@id":"https:\/\/jornalfatosenoticias.com.br\/index.php\/2024\/03\/06\/desaprovacao-de-lula-3-atinge-pior-nivel-com-pessimismo-na-economia-e-alta-rejeicao-de-evangelicos\/#primaryimage"},"image":{"@id":"https:\/\/jornalfatosenoticias.com.br\/index.php\/2024\/03\/06\/desaprovacao-de-lula-3-atinge-pior-nivel-com-pessimismo-na-economia-e-alta-rejeicao-de-evangelicos\/#primaryimage"},"thumbnailUrl":"https:\/\/jornalfatosenoticias.com.br\/wp-content\/uploads\/2024\/03\/lula-desaprovacao.jpg","datePublished":"2024-03-06T19:00:53+00:00","dateModified":"2024-03-06T19:00:55+00:00","breadcrumb":{"@id":"https:\/\/jornalfatosenoticias.com.br\/index.php\/2024\/03\/06\/desaprovacao-de-lula-3-atinge-pior-nivel-com-pessimismo-na-economia-e-alta-rejeicao-de-evangelicos\/#breadcrumb"},"inLanguage":"pt-BR","potentialAction":[{"@type":"ReadAction","target":["https:\/\/jornalfatosenoticias.com.br\/index.php\/2024\/03\/06\/desaprovacao-de-lula-3-atinge-pior-nivel-com-pessimismo-na-economia-e-alta-rejeicao-de-evangelicos\/"]}]},{"@type":"ImageObject","inLanguage":"pt-BR","@id":"https:\/\/jornalfatosenoticias.com.br\/index.php\/2024\/03\/06\/desaprovacao-de-lula-3-atinge-pior-nivel-com-pessimismo-na-economia-e-alta-rejeicao-de-evangelicos\/#primaryimage","url":"https:\/\/jornalfatosenoticias.com.br\/wp-content\/uploads\/2024\/03\/lula-desaprovacao.jpg","contentUrl":"https:\/\/jornalfatosenoticias.com.br\/wp-content\/uploads\/2024\/03\/lula-desaprovacao.jpg","width":960,"height":540},{"@type":"BreadcrumbList","@id":"https:\/\/jornalfatosenoticias.com.br\/index.php\/2024\/03\/06\/desaprovacao-de-lula-3-atinge-pior-nivel-com-pessimismo-na-economia-e-alta-rejeicao-de-evangelicos\/#breadcrumb","itemListElement":[{"@type":"ListItem","position":1,"name":"In\u00edcio","item":"https:\/\/jornalfatosenoticias.com.br\/"},{"@type":"ListItem","position":2,"name":"Desaprova\u00e7\u00e3o de Lula 3 atinge pior n\u00edvel com pessimismo na economia e alta rejei\u00e7\u00e3o de evang\u00e9licos"}]},{"@type":"WebSite","@id":"https:\/\/jornalfatosenoticias.com.br\/#website","url":"https:\/\/jornalfatosenoticias.com.br\/","name":"Jornal Fatos e Not\u00edcias","description":"Not\u00edcias em geral","publisher":{"@id":"https:\/\/jornalfatosenoticias.com.br\/#organization"},"potentialAction":[{"@type":"SearchAction","target":{"@type":"EntryPoint","urlTemplate":"https:\/\/jornalfatosenoticias.com.br\/?s={search_term_string}"},"query-input":{"@type":"PropertyValueSpecification","valueRequired":true,"valueName":"search_term_string"}}],"inLanguage":"pt-BR"},{"@type":"Organization","@id":"https:\/\/jornalfatosenoticias.com.br\/#organization","name":"Jornal Fatos e Not\u00edcias","url":"https:\/\/jornalfatosenoticias.com.br\/","logo":{"@type":"ImageObject","inLanguage":"pt-BR","@id":"https:\/\/jornalfatosenoticias.com.br\/#\/schema\/logo\/image\/","url":"https:\/\/jornalfatosenoticias.com.br\/wp-content\/uploads\/2020\/02\/logo120.png","contentUrl":"https:\/\/jornalfatosenoticias.com.br\/wp-content\/uploads\/2020\/02\/logo120.png","width":1227,"height":120,"caption":"Jornal Fatos e Not\u00edcias"},"image":{"@id":"https:\/\/jornalfatosenoticias.com.br\/#\/schema\/logo\/image\/"}},{"@type":"Person","@id":"https:\/\/jornalfatosenoticias.com.br\/#\/schema\/person\/d63837fa13ac8666eb9e74e0985d6f81","name":"Luzimara Fernandes","image":{"@type":"ImageObject","inLanguage":"pt-BR","@id":"https:\/\/jornalfatosenoticias.com.br\/#\/schema\/person\/image\/","url":"https:\/\/jornalfatosenoticias.com.br\/wp-content\/uploads\/2025\/05\/EU_portal.jpg","contentUrl":"https:\/\/jornalfatosenoticias.com.br\/wp-content\/uploads\/2025\/05\/EU_portal.jpg","caption":"Luzimara Fernandes"},"description":"Jornalista MTB 2358-ES","sameAs":["https:\/\/jornalfatosenoticias.com.br"],"url":"https:\/\/jornalfatosenoticias.com.br\/index.php\/author\/luzimara\/"}]}},"cc_featured_image_caption":{"caption_text":"(Foto: Ricardo Stuckert\/Secom) ","source_text":"","source_url":""},"jetpack_featured_media_url":"https:\/\/jornalfatosenoticias.com.br\/wp-content\/uploads\/2024\/03\/lula-desaprovacao.jpg","_links":{"self":[{"href":"https:\/\/jornalfatosenoticias.com.br\/index.php\/wp-json\/wp\/v2\/posts\/49704","targetHints":{"allow":["GET"]}}],"collection":[{"href":"https:\/\/jornalfatosenoticias.com.br\/index.php\/wp-json\/wp\/v2\/posts"}],"about":[{"href":"https:\/\/jornalfatosenoticias.com.br\/index.php\/wp-json\/wp\/v2\/types\/post"}],"author":[{"embeddable":true,"href":"https:\/\/jornalfatosenoticias.com.br\/index.php\/wp-json\/wp\/v2\/users\/2"}],"replies":[{"embeddable":true,"href":"https:\/\/jornalfatosenoticias.com.br\/index.php\/wp-json\/wp\/v2\/comments?post=49704"}],"version-history":[{"count":0,"href":"https:\/\/jornalfatosenoticias.com.br\/index.php\/wp-json\/wp\/v2\/posts\/49704\/revisions"}],"wp:featuredmedia":[{"embeddable":true,"href":"https:\/\/jornalfatosenoticias.com.br\/index.php\/wp-json\/wp\/v2\/media\/49706"}],"wp:attachment":[{"href":"https:\/\/jornalfatosenoticias.com.br\/index.php\/wp-json\/wp\/v2\/media?parent=49704"}],"wp:term":[{"taxonomy":"category","embeddable":true,"href":"https:\/\/jornalfatosenoticias.com.br\/index.php\/wp-json\/wp\/v2\/categories?post=49704"},{"taxonomy":"post_tag","embeddable":true,"href":"https:\/\/jornalfatosenoticias.com.br\/index.php\/wp-json\/wp\/v2\/tags?post=49704"}],"curies":[{"name":"wp","href":"https:\/\/api.w.org\/{rel}","templated":true}]}}