{"id":49717,"date":"2024-03-07T16:24:09","date_gmt":"2024-03-07T19:24:09","guid":{"rendered":"https:\/\/jornalfatosenoticias.com.br\/?p=49717"},"modified":"2024-03-07T16:51:12","modified_gmt":"2024-03-07T19:51:12","slug":"proposta-de-reforma-do-codigo-civil-copiar-colar-parte-iii","status":"publish","type":"post","link":"https:\/\/jornalfatosenoticias.com.br\/index.php\/2024\/03\/07\/proposta-de-reforma-do-codigo-civil-copiar-colar-parte-iii\/","title":{"rendered":"Proposta de Reforma do C\u00f3digo Civil, copiar\/colar \u2014 Parte III"},"content":{"rendered":"\n<p><span class=\"has-inline-color has-black-color\"><em>Por que \u00e9 t\u00e3o insuport\u00e1vel garantir o Direito \u00e0 Maternidade para uma mulher? De onde vem tanta raiva contra \u201ca m\u00e3e\u201d?<\/em><\/span><\/p>\n\n\n\n<div class=\"wp-block-image\"><figure class=\"aligncenter size-large\"><img loading=\"lazy\" decoding=\"async\" width=\"729\" height=\"90\" src=\"https:\/\/jornalfatosenoticias.com.br\/wp-content\/uploads\/2020\/02\/Logo_Mizu.png\" alt=\"\" class=\"wp-image-1441\" srcset=\"https:\/\/jornalfatosenoticias.com.br\/wp-content\/uploads\/2020\/02\/Logo_Mizu.png 729w, https:\/\/jornalfatosenoticias.com.br\/wp-content\/uploads\/2020\/02\/Logo_Mizu-300x37.png 300w\" sizes=\"auto, (max-width: 729px) 100vw, 729px\" \/><\/figure><\/div>\n\n\n\n<p>Uma emboscada. N\u00e3o a primeira. A lei de aliena\u00e7\u00e3o parental, uma legaliza\u00e7\u00e3o de uma fal\u00e1cia sem fundamenta\u00e7\u00e3o cient\u00edfica, \u00e9 a emboscada que antecede essa atual. Deu certo. Reina h\u00e1 14 anos vitimando Crian\u00e7as e suas m\u00e3es, sem piedade, ao promover a Priva\u00e7\u00e3o Materna Judicial.<br>Por que \u00e9 t\u00e3o insuport\u00e1vel garantir o Direito \u00e0 Maternidade para uma mulher? De onde vem tanta raiva contra \u201ca m\u00e3e\u201d? Desacreditar, desqualificar, amorda\u00e7ar, e, muitas vezes, matar. Os n\u00fameros de Feminic\u00eddio est\u00e3o a\u00ed evidenciando o silenciamento letal. \u201cO Ex n\u00e3o se conformou com o fim do relacionamento\u201d est\u00e1 em quase todas as conclus\u00f5es da pol\u00edcia quando investiga o assassinato de uma mulher. Vale ressaltar que, tendo em dois ter\u00e7os dos Feminic\u00eddios existem filhos ainda Crian\u00e7as, e como processo de viol\u00eancia dom\u00e9stica, \u00e0s vezes j\u00e1 com Medida Protetiva de Urg\u00eancia, essas Crian\u00e7as pequenas assistem ao assassinato da m\u00e3e, muitas vezes sangrento.<\/p>\n\n\n\n<div class=\"wp-block-image\"><figure class=\"aligncenter size-large is-resized\"><img loading=\"lazy\" decoding=\"async\" src=\"https:\/\/jornalfatosenoticias.com.br\/wp-content\/uploads\/2023\/08\/BKR-1024x1021.jpg\" alt=\"\" class=\"wp-image-44494\" width=\"310\" height=\"309\" srcset=\"https:\/\/jornalfatosenoticias.com.br\/wp-content\/uploads\/2023\/08\/BKR-1024x1021.jpg 1024w, https:\/\/jornalfatosenoticias.com.br\/wp-content\/uploads\/2023\/08\/BKR-300x300.jpg 300w, https:\/\/jornalfatosenoticias.com.br\/wp-content\/uploads\/2023\/08\/BKR-150x150.jpg 150w, https:\/\/jornalfatosenoticias.com.br\/wp-content\/uploads\/2023\/08\/BKR-768x766.jpg 768w, https:\/\/jornalfatosenoticias.com.br\/wp-content\/uploads\/2023\/08\/BKR.jpg 1080w\" sizes=\"auto, (max-width: 310px) 100vw, 310px\" \/><\/figure><\/div>\n\n\n\n<p>Mas a dogm\u00e1tica aliena\u00e7\u00e3o parental, culpando a m\u00e3e, suplanta qualquer evid\u00eancia ou prova de Viol\u00eancia praticada contra essa m\u00e3e. J\u00e1 tivemos at\u00e9 um laudo psicol\u00f3gico, de pessoa bem conhecida, que culpabilizava a m\u00e3e por ter sido assassinada pelo genitor na frente do filho de 12 anos. Para essa profissional, que n\u00e3o respondeu judicialmente ainda pelo absurdo que escreveu, a m\u00e3e, atrav\u00e9s de atos de aliena\u00e7\u00e3o parental foi a respons\u00e1vel pelas in\u00fameras facadas que recebeu at\u00e9 que n\u00e3o se mexesse mais. Ela fez esse pobre assassino se \u201cdescontrolar\u201d. Para a referida psic\u00f3loga, o assassino foi uma v\u00edtima indefesa de uma alienadora. \u00c9 claro que ela apoia essa proposta de reforma do C\u00f3digo Civil, com todo o acirramento que ela cont\u00e9m.<\/p>\n\n\n\n<div class=\"wp-block-image\"><figure class=\"aligncenter size-large\"><img loading=\"lazy\" decoding=\"async\" width=\"740\" height=\"494\" src=\"https:\/\/jornalfatosenoticias.com.br\/wp-content\/uploads\/2024\/03\/mae-e-filho.jpg\" alt=\"\" class=\"wp-image-49718\" srcset=\"https:\/\/jornalfatosenoticias.com.br\/wp-content\/uploads\/2024\/03\/mae-e-filho.jpg 740w, https:\/\/jornalfatosenoticias.com.br\/wp-content\/uploads\/2024\/03\/mae-e-filho-300x200.jpg 300w\" sizes=\"auto, (max-width: 740px) 100vw, 740px\" \/><figcaption><em><span class=\"has-inline-color has-black-color\">Por que \u00e9 t\u00e3o insuport\u00e1vel garantir o Direito \u00e0 Maternidade para uma mulher?<\/span><\/em> <em><span class=\"has-inline-color has-black-color\">(Foto: Freepik)<\/span><\/em><\/figcaption><\/figure><\/div>\n\n\n\n<p>Volto a chamar a aten\u00e7\u00e3o para o fato dessa proposta ter embutido o teor da lei de aliena\u00e7\u00e3o parental, letra por letra. Mas, claro, que sem tocar no termo. No entanto, n\u00e3o se detiveram nenhum minuto em, pelo menos, reescrever os Artigos da lei, s\u00f3 copiar\/colar. O espantoso \u00e9 que essa proposta ainda agrava a situa\u00e7\u00e3o da mulher. Fica aberta a possibilidade n\u00e3o apenas da invers\u00e3o de guarda, mas, indo al\u00e9m, prop\u00f5e <em>a destitui\u00e7\u00e3o do Poder Familiar para o genitor que afastar o outro genitor.<\/em> Leia-se destitui\u00e7\u00e3o para a m\u00e3e alienadora, como acontece sempre, sempre. Genitores, homens, que abandonam, que s\u00e3o condenados por crimes graves, n\u00e3o \u00e9 poss\u00edvel destituir o Poder Familiar. Dependentes qu\u00edmicos severos, ou estupradores de vulner\u00e1vel, por exemplo, t\u00eam garantidos seu \u201cDireito de Pai\u201d de ter essa conviv\u00eancia nociva com a Crian\u00e7a, at\u00e9 com pernoite.<\/p>\n\n\n\n<div class=\"wp-block-image\"><figure class=\"aligncenter size-large is-resized\"><img loading=\"lazy\" decoding=\"async\" src=\"https:\/\/jornalfatosenoticias.com.br\/wp-content\/uploads\/2023\/03\/nova-logo-Marquetti.jpg\" alt=\"\" class=\"wp-image-40207\" width=\"307\" height=\"206\" srcset=\"https:\/\/jornalfatosenoticias.com.br\/wp-content\/uploads\/2023\/03\/nova-logo-Marquetti.jpg 643w, https:\/\/jornalfatosenoticias.com.br\/wp-content\/uploads\/2023\/03\/nova-logo-Marquetti-300x202.jpg 300w\" sizes=\"auto, (max-width: 307px) 100vw, 307px\" \/><\/figure><\/div>\n\n\n\n<p>Mas se for uma m\u00e3e alcunhada de \u201calienadora\u201d ela \u00e9 retirada da vida da Crian\u00e7a. E, por essa proposta, as portas judiciais se abriram para a retirada do nome da m\u00e3e da Certid\u00e3o de Nascimento do filho. Na sequ\u00eancia, a pris\u00e3o.<\/p>\n\n\n\n<div class=\"wp-block-image\"><figure class=\"aligncenter size-large is-resized\"><img loading=\"lazy\" decoding=\"async\" src=\"https:\/\/jornalfatosenoticias.com.br\/wp-content\/uploads\/2023\/12\/pegoretti-logo-pdf-1024x389.jpg\" alt=\"\" class=\"wp-image-47536\" width=\"479\" height=\"182\" srcset=\"https:\/\/jornalfatosenoticias.com.br\/wp-content\/uploads\/2023\/12\/pegoretti-logo-pdf-1024x389.jpg 1024w, https:\/\/jornalfatosenoticias.com.br\/wp-content\/uploads\/2023\/12\/pegoretti-logo-pdf-300x114.jpg 300w, https:\/\/jornalfatosenoticias.com.br\/wp-content\/uploads\/2023\/12\/pegoretti-logo-pdf-768x291.jpg 768w, https:\/\/jornalfatosenoticias.com.br\/wp-content\/uploads\/2023\/12\/pegoretti-logo-pdf.jpg 1120w\" sizes=\"auto, (max-width: 479px) 100vw, 479px\" \/><\/figure><\/div>\n\n\n\n<p>No que tange \u00e0s quest\u00f5es do \u00e2mbito da Fam\u00edlia, causa estranheza que leis tenham sido violadas, posto que a proposta foi apresentada por um grupo de juristas. Ser\u00e1 que desconhecem as leis que protegem os doentes e suas vontades? Ou, n\u00e3o se importam com essas leis?<\/p>\n\n\n\n<div class=\"wp-block-image\"><figure class=\"aligncenter size-large is-resized\"><img loading=\"lazy\" decoding=\"async\" src=\"https:\/\/jornalfatosenoticias.com.br\/wp-content\/uploads\/2023\/03\/logo-Panper_portal.jpg\" alt=\"\" class=\"wp-image-40208\" width=\"342\" height=\"237\" srcset=\"https:\/\/jornalfatosenoticias.com.br\/wp-content\/uploads\/2023\/03\/logo-Panper_portal.jpg 400w, https:\/\/jornalfatosenoticias.com.br\/wp-content\/uploads\/2023\/03\/logo-Panper_portal-300x208.jpg 300w\" sizes=\"auto, (max-width: 342px) 100vw, 342px\" \/><\/figure><\/div>\n\n\n\n<p>Tomo a ousadia de lembrar a lei 10.216\/2001, conhecida como Lei Paulo Delgado. Essa lei fez parte da Reforma Psiqui\u00e1trica. A humaniza\u00e7\u00e3o dos tratamentos, e a aquiesc\u00eancia do pr\u00f3prio paciente para uma interna\u00e7\u00e3o, que s\u00f3 restou \u00e0 revelia quando h\u00e1 risco de auto agress\u00e3o grave, ou contra os outros. <\/p>\n\n\n\n<div class=\"wp-block-image\"><figure class=\"aligncenter size-large\"><img decoding=\"async\" src=\"https:\/\/jornalfatosenoticias.com.br\/wp-content\/uploads\/2020\/02\/barao-das-carnes-300x164-1.jpg\" alt=\"\" class=\"wp-image-34339\"\/><\/figure><\/div>\n\n\n\n<p>Apenas quando h\u00e1 perigo contra a vida. Muitos tratamentos, como a eletroterapia, banalizada, que servia at\u00e9 de \u201cmedida disciplinar\u201d por causa do mal estar que causava, foram banidos. Esses m\u00e9todos e combina\u00e7\u00f5es de medica\u00e7\u00f5es fortes que tinham por objetivo \u201cderrubar\u201d o paciente, foram substitu\u00eddos pelo controle rigoroso da medica\u00e7\u00e3o. O tratamento psiqui\u00e1trico medicamentoso \u00e9 muito respeitado pelos m\u00e9dicos porquanto apresenta efeitos adversos bem perigosos.<\/p>\n\n\n\n<div class=\"wp-block-image\"><figure class=\"aligncenter size-large\"><img loading=\"lazy\" decoding=\"async\" width=\"740\" height=\"516\" src=\"https:\/\/jornalfatosenoticias.com.br\/wp-content\/uploads\/2024\/03\/LEI-E-A-MULHER.jpeg\" alt=\"\" class=\"wp-image-49719\" srcset=\"https:\/\/jornalfatosenoticias.com.br\/wp-content\/uploads\/2024\/03\/LEI-E-A-MULHER.jpeg 740w, https:\/\/jornalfatosenoticias.com.br\/wp-content\/uploads\/2024\/03\/LEI-E-A-MULHER-300x209.jpeg 300w\" sizes=\"auto, (max-width: 740px) 100vw, 740px\" \/><figcaption><em><span class=\"has-inline-color has-black-color\">A aliena\u00e7\u00e3o parental suplanta qualquer evid\u00eancia ou prova de Viol\u00eancia praticada contra a m\u00e3e<\/span><\/em> <em><span class=\"has-inline-color has-black-color\">(Foto: Freepik)<\/span><\/em><\/figcaption><\/figure><\/div>\n\n\n\n<p>Al\u00e9m da lei 10.216\/2001, existe a lei 10.241\/1999, conhecida como Lei M\u00e1rio Covas. Esse pol\u00edtico viveu uma batalha porque, diante de uma doen\u00e7a incur\u00e1vel, em sua fase terminal, se negou a fazer tratamentos \u201ccompuls\u00f3rios\u201d, sem efic\u00e1cia, que pesavam em sua sa\u00fade em fase de finaliza\u00e7\u00e3o de vida. Prop\u00f4s ent\u00e3o essa lei que permite ao paciente terminal decidir sobre fazer ou n\u00e3o fazer mais tratamentos que n\u00e3o retiram o paciente do final da estrada.<\/p>\n\n\n\n<div class=\"wp-block-image\"><figure class=\"aligncenter size-large is-resized\"><img loading=\"lazy\" decoding=\"async\" src=\"https:\/\/jornalfatosenoticias.com.br\/wp-content\/uploads\/2020\/02\/CONTROL-CS.jpg\" alt=\"\" class=\"wp-image-44991\" width=\"315\" height=\"377\" srcset=\"https:\/\/jornalfatosenoticias.com.br\/wp-content\/uploads\/2020\/02\/CONTROL-CS.jpg 834w, https:\/\/jornalfatosenoticias.com.br\/wp-content\/uploads\/2020\/02\/CONTROL-CS-250x300.jpg 250w, https:\/\/jornalfatosenoticias.com.br\/wp-content\/uploads\/2020\/02\/CONTROL-CS-768x921.jpg 768w\" sizes=\"auto, (max-width: 315px) 100vw, 315px\" \/><\/figure><\/div>\n\n\n\n<p>S\u00e3o leis que garantem a Dignidade da Pessoa. S\u00e3o Direitos da Pessoa. Mas a Maternidade \u00e9 um calo social que incomoda pessoas que n\u00e3o a suportam por ser o exerc\u00edcio do Poder da Natureza. O Conceito de Maternalidade, trazido pelos psicanalistas franceses, n\u00e3o encontra lugar, mesmo sendo da Natureza da Mulher. Voltaremos a ele no pr\u00f3ximo artigo.<\/p>\n\n\n\n<div class=\"wp-block-image\"><figure class=\"aligncenter size-large is-resized\"><img loading=\"lazy\" decoding=\"async\" src=\"https:\/\/jornalfatosenoticias.com.br\/wp-content\/uploads\/2023\/08\/ITH.jpeg\" alt=\"\" class=\"wp-image-44638\" width=\"328\" height=\"266\" srcset=\"https:\/\/jornalfatosenoticias.com.br\/wp-content\/uploads\/2023\/08\/ITH.jpeg 800w, https:\/\/jornalfatosenoticias.com.br\/wp-content\/uploads\/2023\/08\/ITH-300x244.jpeg 300w, https:\/\/jornalfatosenoticias.com.br\/wp-content\/uploads\/2023\/08\/ITH-768x624.jpeg 768w\" sizes=\"auto, (max-width: 328px) 100vw, 328px\" \/><\/figure><\/div>\n\n\n\n<p>Estamos diante de uma proposta que atropela e renega as leis de garantia de Direitos Fundamentais da Crian\u00e7a, ter m\u00e3e, Direito da Natureza, atropela as Resolu\u00e7\u00f5es e Recomenda\u00e7\u00f5es do Marco Legal da Primeira Inf\u00e2ncia, dentro do CNJ, Conselho Nacional de Justi\u00e7a. Essa proposta prescreve, ditatorialmente, tratamentos psiqui\u00e1tricos e psicol\u00f3gicos para as alcunhadas \u201cm\u00e3es alienadoras\u201d, sem falar nesse termo, invadindo e rasgando a Carta do C\u00f3digo de \u00c9tica que garante a <strong><span class=\"has-inline-color has-black-color\">Confidencialidade<\/span><\/strong> como princ\u00edpio essencial da rela\u00e7\u00e3o m\u00e9dico-paciente e psic\u00f3logo-paciente. Fica a \u201cm\u00e3e alienadora\u201d <strong><span class=\"has-inline-color has-black-color\">obrigada<\/span><\/strong> a entrar em tratamento psiqui\u00e1trico e psicol\u00f3gico com pessoas indicadas pelo ju\u00edzo, a quem deve ser dirigido, periodicamente, relat\u00f3rio falando sobre o conte\u00fado das terapias e das medica\u00e7\u00f5es psiqui\u00e1tricas. Interessante \u00e9 que a tarefa de dar um diagn\u00f3stico, agora, cabe ao juiz de direito, porque s\u00f3 mediante uma altera\u00e7\u00e3o ps\u00edquica \u00e9 que deve haver um encaminhamento para esse tipo de tratamento. \u00c9 a p\u00e1 de cal. Tratamentos compuls\u00f3rios n\u00e3o s\u00e3o amparados pelo nosso sistema legal. Mas v\u00e3o ser legalizados nesse \u201cmodernizado\u201d C\u00f3digo Civil.<\/p>\n\n\n\n<div class=\"wp-block-image\"><figure class=\"aligncenter size-large is-resized\"><img loading=\"lazy\" decoding=\"async\" src=\"https:\/\/jornalfatosenoticias.com.br\/wp-content\/uploads\/2023\/09\/vetorvix1024_1.jpg\" alt=\"\" class=\"wp-image-44868\" width=\"543\" height=\"144\" srcset=\"https:\/\/jornalfatosenoticias.com.br\/wp-content\/uploads\/2023\/09\/vetorvix1024_1.jpg 1024w, https:\/\/jornalfatosenoticias.com.br\/wp-content\/uploads\/2023\/09\/vetorvix1024_1-300x80.jpg 300w, https:\/\/jornalfatosenoticias.com.br\/wp-content\/uploads\/2023\/09\/vetorvix1024_1-768x205.jpg 768w\" sizes=\"auto, (max-width: 543px) 100vw, 543px\" \/><\/figure><\/div>\n","protected":false},"excerpt":{"rendered":"<p>Por que \u00e9 t\u00e3o insuport\u00e1vel garantir o Direito \u00e0 Maternidade para uma mulher? De onde vem tanta raiva contra \u201ca m\u00e3e\u201d? Uma emboscada. N\u00e3o a primeira. A lei de aliena\u00e7\u00e3o parental, uma legaliza\u00e7\u00e3o de uma fal\u00e1cia sem fundamenta\u00e7\u00e3o cient\u00edfica, \u00e9 a emboscada que antecede essa atual. Deu certo. Reina h\u00e1 14 anos vitimando Crian\u00e7as e [&hellip;]<\/p>\n","protected":false},"author":8,"featured_media":49721,"comment_status":"open","ping_status":"open","sticky":false,"template":"","format":"standard","meta":{"footnotes":""},"categories":[2522],"tags":[22875,4553,14521,22931],"class_list":["post-49717","post","type-post","status-publish","format-standard","has-post-thumbnail","hentry","category-comportamento","tag-codigo-civil","tag-maternidade","tag-privacao-materna-judicial","tag-reforma-do-codigo-civil"],"yoast_head":"<!-- This site is optimized with the Yoast SEO plugin v26.5 - https:\/\/yoast.com\/wordpress\/plugins\/seo\/ -->\n<title>Proposta de Reforma do C\u00f3digo Civil, copiar\/colar \u2014 Parte III - Jornal Fatos e Not\u00edcias<\/title>\n<meta name=\"robots\" content=\"index, follow, max-snippet:-1, max-image-preview:large, max-video-preview:-1\" \/>\n<link rel=\"canonical\" href=\"https:\/\/jornalfatosenoticias.com.br\/index.php\/2024\/03\/07\/proposta-de-reforma-do-codigo-civil-copiar-colar-parte-iii\/\" \/>\n<meta property=\"og:locale\" content=\"pt_BR\" \/>\n<meta property=\"og:type\" content=\"article\" \/>\n<meta property=\"og:title\" content=\"Proposta de Reforma do C\u00f3digo Civil, copiar\/colar \u2014 Parte III - Jornal Fatos e Not\u00edcias\" \/>\n<meta property=\"og:description\" content=\"Por que \u00e9 t\u00e3o insuport\u00e1vel garantir o Direito \u00e0 Maternidade para uma mulher? De onde vem tanta raiva contra \u201ca m\u00e3e\u201d? Uma emboscada. N\u00e3o a primeira. A lei de aliena\u00e7\u00e3o parental, uma legaliza\u00e7\u00e3o de uma fal\u00e1cia sem fundamenta\u00e7\u00e3o cient\u00edfica, \u00e9 a emboscada que antecede essa atual. Deu certo. Reina h\u00e1 14 anos vitimando Crian\u00e7as e [&hellip;]\" \/>\n<meta property=\"og:url\" content=\"https:\/\/jornalfatosenoticias.com.br\/index.php\/2024\/03\/07\/proposta-de-reforma-do-codigo-civil-copiar-colar-parte-iii\/\" \/>\n<meta property=\"og:site_name\" content=\"Jornal Fatos e Not\u00edcias\" \/>\n<meta property=\"article:published_time\" content=\"2024-03-07T19:24:09+00:00\" \/>\n<meta property=\"article:modified_time\" content=\"2024-03-07T19:51:12+00:00\" \/>\n<meta property=\"og:image\" content=\"https:\/\/jornalfatosenoticias.com.br\/wp-content\/uploads\/2024\/03\/LEI-E-A-MULHER2.jpg\" \/>\n\t<meta property=\"og:image:width\" content=\"740\" \/>\n\t<meta property=\"og:image:height\" content=\"493\" \/>\n\t<meta property=\"og:image:type\" content=\"image\/jpeg\" \/>\n<meta name=\"author\" content=\"Ana Maria Iencarelli\" \/>\n<meta name=\"twitter:card\" content=\"summary_large_image\" \/>\n<meta name=\"twitter:label1\" content=\"Escrito por\" \/>\n\t<meta name=\"twitter:data1\" content=\"Ana Maria Iencarelli\" \/>\n\t<meta name=\"twitter:label2\" content=\"Est. tempo de leitura\" \/>\n\t<meta name=\"twitter:data2\" content=\"5 minutos\" \/>\n<script type=\"application\/ld+json\" class=\"yoast-schema-graph\">{\"@context\":\"https:\/\/schema.org\",\"@graph\":[{\"@type\":\"Article\",\"@id\":\"https:\/\/jornalfatosenoticias.com.br\/index.php\/2024\/03\/07\/proposta-de-reforma-do-codigo-civil-copiar-colar-parte-iii\/#article\",\"isPartOf\":{\"@id\":\"https:\/\/jornalfatosenoticias.com.br\/index.php\/2024\/03\/07\/proposta-de-reforma-do-codigo-civil-copiar-colar-parte-iii\/\"},\"author\":{\"name\":\"Ana Maria Iencarelli\",\"@id\":\"https:\/\/jornalfatosenoticias.com.br\/#\/schema\/person\/c33fcf5fb02d729d3fec92c6737a22d1\"},\"headline\":\"Proposta de Reforma do C\u00f3digo Civil, copiar\/colar \u2014 Parte III\",\"datePublished\":\"2024-03-07T19:24:09+00:00\",\"dateModified\":\"2024-03-07T19:51:12+00:00\",\"mainEntityOfPage\":{\"@id\":\"https:\/\/jornalfatosenoticias.com.br\/index.php\/2024\/03\/07\/proposta-de-reforma-do-codigo-civil-copiar-colar-parte-iii\/\"},\"wordCount\":1086,\"commentCount\":0,\"publisher\":{\"@id\":\"https:\/\/jornalfatosenoticias.com.br\/#organization\"},\"image\":{\"@id\":\"https:\/\/jornalfatosenoticias.com.br\/index.php\/2024\/03\/07\/proposta-de-reforma-do-codigo-civil-copiar-colar-parte-iii\/#primaryimage\"},\"thumbnailUrl\":\"https:\/\/jornalfatosenoticias.com.br\/wp-content\/uploads\/2024\/03\/LEI-E-A-MULHER2.jpg\",\"keywords\":[\"C\u00f3digo Civil\",\"maternidade\",\"priva\u00e7\u00e3o materna judicial\",\"Reforma do C\u00f3digo Civil\"],\"articleSection\":[\"Comportamento &amp; Equil\u00edbrio\"],\"inLanguage\":\"pt-BR\",\"potentialAction\":[{\"@type\":\"CommentAction\",\"name\":\"Comment\",\"target\":[\"https:\/\/jornalfatosenoticias.com.br\/index.php\/2024\/03\/07\/proposta-de-reforma-do-codigo-civil-copiar-colar-parte-iii\/#respond\"]}]},{\"@type\":\"WebPage\",\"@id\":\"https:\/\/jornalfatosenoticias.com.br\/index.php\/2024\/03\/07\/proposta-de-reforma-do-codigo-civil-copiar-colar-parte-iii\/\",\"url\":\"https:\/\/jornalfatosenoticias.com.br\/index.php\/2024\/03\/07\/proposta-de-reforma-do-codigo-civil-copiar-colar-parte-iii\/\",\"name\":\"Proposta de Reforma do C\u00f3digo Civil, copiar\/colar \u2014 Parte III - Jornal Fatos e Not\u00edcias\",\"isPartOf\":{\"@id\":\"https:\/\/jornalfatosenoticias.com.br\/#website\"},\"primaryImageOfPage\":{\"@id\":\"https:\/\/jornalfatosenoticias.com.br\/index.php\/2024\/03\/07\/proposta-de-reforma-do-codigo-civil-copiar-colar-parte-iii\/#primaryimage\"},\"image\":{\"@id\":\"https:\/\/jornalfatosenoticias.com.br\/index.php\/2024\/03\/07\/proposta-de-reforma-do-codigo-civil-copiar-colar-parte-iii\/#primaryimage\"},\"thumbnailUrl\":\"https:\/\/jornalfatosenoticias.com.br\/wp-content\/uploads\/2024\/03\/LEI-E-A-MULHER2.jpg\",\"datePublished\":\"2024-03-07T19:24:09+00:00\",\"dateModified\":\"2024-03-07T19:51:12+00:00\",\"breadcrumb\":{\"@id\":\"https:\/\/jornalfatosenoticias.com.br\/index.php\/2024\/03\/07\/proposta-de-reforma-do-codigo-civil-copiar-colar-parte-iii\/#breadcrumb\"},\"inLanguage\":\"pt-BR\",\"potentialAction\":[{\"@type\":\"ReadAction\",\"target\":[\"https:\/\/jornalfatosenoticias.com.br\/index.php\/2024\/03\/07\/proposta-de-reforma-do-codigo-civil-copiar-colar-parte-iii\/\"]}]},{\"@type\":\"ImageObject\",\"inLanguage\":\"pt-BR\",\"@id\":\"https:\/\/jornalfatosenoticias.com.br\/index.php\/2024\/03\/07\/proposta-de-reforma-do-codigo-civil-copiar-colar-parte-iii\/#primaryimage\",\"url\":\"https:\/\/jornalfatosenoticias.com.br\/wp-content\/uploads\/2024\/03\/LEI-E-A-MULHER2.jpg\",\"contentUrl\":\"https:\/\/jornalfatosenoticias.com.br\/wp-content\/uploads\/2024\/03\/LEI-E-A-MULHER2.jpg\",\"width\":740,\"height\":493},{\"@type\":\"BreadcrumbList\",\"@id\":\"https:\/\/jornalfatosenoticias.com.br\/index.php\/2024\/03\/07\/proposta-de-reforma-do-codigo-civil-copiar-colar-parte-iii\/#breadcrumb\",\"itemListElement\":[{\"@type\":\"ListItem\",\"position\":1,\"name\":\"In\u00edcio\",\"item\":\"https:\/\/jornalfatosenoticias.com.br\/\"},{\"@type\":\"ListItem\",\"position\":2,\"name\":\"Proposta de Reforma do C\u00f3digo Civil, copiar\/colar \u2014 Parte III\"}]},{\"@type\":\"WebSite\",\"@id\":\"https:\/\/jornalfatosenoticias.com.br\/#website\",\"url\":\"https:\/\/jornalfatosenoticias.com.br\/\",\"name\":\"Jornal Fatos e Not\u00edcias\",\"description\":\"Not\u00edcias em geral\",\"publisher\":{\"@id\":\"https:\/\/jornalfatosenoticias.com.br\/#organization\"},\"potentialAction\":[{\"@type\":\"SearchAction\",\"target\":{\"@type\":\"EntryPoint\",\"urlTemplate\":\"https:\/\/jornalfatosenoticias.com.br\/?s={search_term_string}\"},\"query-input\":{\"@type\":\"PropertyValueSpecification\",\"valueRequired\":true,\"valueName\":\"search_term_string\"}}],\"inLanguage\":\"pt-BR\"},{\"@type\":\"Organization\",\"@id\":\"https:\/\/jornalfatosenoticias.com.br\/#organization\",\"name\":\"Jornal Fatos e Not\u00edcias\",\"url\":\"https:\/\/jornalfatosenoticias.com.br\/\",\"logo\":{\"@type\":\"ImageObject\",\"inLanguage\":\"pt-BR\",\"@id\":\"https:\/\/jornalfatosenoticias.com.br\/#\/schema\/logo\/image\/\",\"url\":\"https:\/\/jornalfatosenoticias.com.br\/wp-content\/uploads\/2020\/02\/logo120.png\",\"contentUrl\":\"https:\/\/jornalfatosenoticias.com.br\/wp-content\/uploads\/2020\/02\/logo120.png\",\"width\":1227,\"height\":120,\"caption\":\"Jornal Fatos e Not\u00edcias\"},\"image\":{\"@id\":\"https:\/\/jornalfatosenoticias.com.br\/#\/schema\/logo\/image\/\"}},{\"@type\":\"Person\",\"@id\":\"https:\/\/jornalfatosenoticias.com.br\/#\/schema\/person\/c33fcf5fb02d729d3fec92c6737a22d1\",\"name\":\"Ana Maria Iencarelli\",\"image\":{\"@type\":\"ImageObject\",\"inLanguage\":\"pt-BR\",\"@id\":\"https:\/\/jornalfatosenoticias.com.br\/#\/schema\/person\/image\/\",\"url\":\"https:\/\/jornalfatosenoticias.com.br\/wp-content\/uploads\/2020\/02\/Ana-Maria-Iencarelli-1-150x150.jpg\",\"contentUrl\":\"https:\/\/jornalfatosenoticias.com.br\/wp-content\/uploads\/2020\/02\/Ana-Maria-Iencarelli-1-150x150.jpg\",\"caption\":\"Ana Maria Iencarelli\"},\"description\":\"Psicanalista Cl\u00ednica, especializada no atendimento a Crian\u00e7as e Adolescentes. Presidente da ONG Vozes de Anjos.\",\"url\":\"https:\/\/jornalfatosenoticias.com.br\/index.php\/author\/anamaria\/\"}]}<\/script>\n<!-- \/ Yoast SEO plugin. -->","yoast_head_json":{"title":"Proposta de Reforma do C\u00f3digo Civil, copiar\/colar \u2014 Parte III - Jornal Fatos e Not\u00edcias","robots":{"index":"index","follow":"follow","max-snippet":"max-snippet:-1","max-image-preview":"max-image-preview:large","max-video-preview":"max-video-preview:-1"},"canonical":"https:\/\/jornalfatosenoticias.com.br\/index.php\/2024\/03\/07\/proposta-de-reforma-do-codigo-civil-copiar-colar-parte-iii\/","og_locale":"pt_BR","og_type":"article","og_title":"Proposta de Reforma do C\u00f3digo Civil, copiar\/colar \u2014 Parte III - Jornal Fatos e Not\u00edcias","og_description":"Por que \u00e9 t\u00e3o insuport\u00e1vel garantir o Direito \u00e0 Maternidade para uma mulher? De onde vem tanta raiva contra \u201ca m\u00e3e\u201d? Uma emboscada. N\u00e3o a primeira. A lei de aliena\u00e7\u00e3o parental, uma legaliza\u00e7\u00e3o de uma fal\u00e1cia sem fundamenta\u00e7\u00e3o cient\u00edfica, \u00e9 a emboscada que antecede essa atual. Deu certo. Reina h\u00e1 14 anos vitimando Crian\u00e7as e [&hellip;]","og_url":"https:\/\/jornalfatosenoticias.com.br\/index.php\/2024\/03\/07\/proposta-de-reforma-do-codigo-civil-copiar-colar-parte-iii\/","og_site_name":"Jornal Fatos e Not\u00edcias","article_published_time":"2024-03-07T19:24:09+00:00","article_modified_time":"2024-03-07T19:51:12+00:00","og_image":[{"width":740,"height":493,"url":"https:\/\/jornalfatosenoticias.com.br\/wp-content\/uploads\/2024\/03\/LEI-E-A-MULHER2.jpg","type":"image\/jpeg"}],"author":"Ana Maria Iencarelli","twitter_card":"summary_large_image","twitter_misc":{"Escrito por":"Ana Maria Iencarelli","Est. tempo de leitura":"5 minutos"},"schema":{"@context":"https:\/\/schema.org","@graph":[{"@type":"Article","@id":"https:\/\/jornalfatosenoticias.com.br\/index.php\/2024\/03\/07\/proposta-de-reforma-do-codigo-civil-copiar-colar-parte-iii\/#article","isPartOf":{"@id":"https:\/\/jornalfatosenoticias.com.br\/index.php\/2024\/03\/07\/proposta-de-reforma-do-codigo-civil-copiar-colar-parte-iii\/"},"author":{"name":"Ana Maria Iencarelli","@id":"https:\/\/jornalfatosenoticias.com.br\/#\/schema\/person\/c33fcf5fb02d729d3fec92c6737a22d1"},"headline":"Proposta de Reforma do C\u00f3digo Civil, copiar\/colar \u2014 Parte III","datePublished":"2024-03-07T19:24:09+00:00","dateModified":"2024-03-07T19:51:12+00:00","mainEntityOfPage":{"@id":"https:\/\/jornalfatosenoticias.com.br\/index.php\/2024\/03\/07\/proposta-de-reforma-do-codigo-civil-copiar-colar-parte-iii\/"},"wordCount":1086,"commentCount":0,"publisher":{"@id":"https:\/\/jornalfatosenoticias.com.br\/#organization"},"image":{"@id":"https:\/\/jornalfatosenoticias.com.br\/index.php\/2024\/03\/07\/proposta-de-reforma-do-codigo-civil-copiar-colar-parte-iii\/#primaryimage"},"thumbnailUrl":"https:\/\/jornalfatosenoticias.com.br\/wp-content\/uploads\/2024\/03\/LEI-E-A-MULHER2.jpg","keywords":["C\u00f3digo Civil","maternidade","priva\u00e7\u00e3o materna judicial","Reforma do C\u00f3digo Civil"],"articleSection":["Comportamento &amp; Equil\u00edbrio"],"inLanguage":"pt-BR","potentialAction":[{"@type":"CommentAction","name":"Comment","target":["https:\/\/jornalfatosenoticias.com.br\/index.php\/2024\/03\/07\/proposta-de-reforma-do-codigo-civil-copiar-colar-parte-iii\/#respond"]}]},{"@type":"WebPage","@id":"https:\/\/jornalfatosenoticias.com.br\/index.php\/2024\/03\/07\/proposta-de-reforma-do-codigo-civil-copiar-colar-parte-iii\/","url":"https:\/\/jornalfatosenoticias.com.br\/index.php\/2024\/03\/07\/proposta-de-reforma-do-codigo-civil-copiar-colar-parte-iii\/","name":"Proposta de Reforma do C\u00f3digo Civil, copiar\/colar \u2014 Parte III - Jornal Fatos e Not\u00edcias","isPartOf":{"@id":"https:\/\/jornalfatosenoticias.com.br\/#website"},"primaryImageOfPage":{"@id":"https:\/\/jornalfatosenoticias.com.br\/index.php\/2024\/03\/07\/proposta-de-reforma-do-codigo-civil-copiar-colar-parte-iii\/#primaryimage"},"image":{"@id":"https:\/\/jornalfatosenoticias.com.br\/index.php\/2024\/03\/07\/proposta-de-reforma-do-codigo-civil-copiar-colar-parte-iii\/#primaryimage"},"thumbnailUrl":"https:\/\/jornalfatosenoticias.com.br\/wp-content\/uploads\/2024\/03\/LEI-E-A-MULHER2.jpg","datePublished":"2024-03-07T19:24:09+00:00","dateModified":"2024-03-07T19:51:12+00:00","breadcrumb":{"@id":"https:\/\/jornalfatosenoticias.com.br\/index.php\/2024\/03\/07\/proposta-de-reforma-do-codigo-civil-copiar-colar-parte-iii\/#breadcrumb"},"inLanguage":"pt-BR","potentialAction":[{"@type":"ReadAction","target":["https:\/\/jornalfatosenoticias.com.br\/index.php\/2024\/03\/07\/proposta-de-reforma-do-codigo-civil-copiar-colar-parte-iii\/"]}]},{"@type":"ImageObject","inLanguage":"pt-BR","@id":"https:\/\/jornalfatosenoticias.com.br\/index.php\/2024\/03\/07\/proposta-de-reforma-do-codigo-civil-copiar-colar-parte-iii\/#primaryimage","url":"https:\/\/jornalfatosenoticias.com.br\/wp-content\/uploads\/2024\/03\/LEI-E-A-MULHER2.jpg","contentUrl":"https:\/\/jornalfatosenoticias.com.br\/wp-content\/uploads\/2024\/03\/LEI-E-A-MULHER2.jpg","width":740,"height":493},{"@type":"BreadcrumbList","@id":"https:\/\/jornalfatosenoticias.com.br\/index.php\/2024\/03\/07\/proposta-de-reforma-do-codigo-civil-copiar-colar-parte-iii\/#breadcrumb","itemListElement":[{"@type":"ListItem","position":1,"name":"In\u00edcio","item":"https:\/\/jornalfatosenoticias.com.br\/"},{"@type":"ListItem","position":2,"name":"Proposta de Reforma do C\u00f3digo Civil, copiar\/colar \u2014 Parte III"}]},{"@type":"WebSite","@id":"https:\/\/jornalfatosenoticias.com.br\/#website","url":"https:\/\/jornalfatosenoticias.com.br\/","name":"Jornal Fatos e Not\u00edcias","description":"Not\u00edcias em geral","publisher":{"@id":"https:\/\/jornalfatosenoticias.com.br\/#organization"},"potentialAction":[{"@type":"SearchAction","target":{"@type":"EntryPoint","urlTemplate":"https:\/\/jornalfatosenoticias.com.br\/?s={search_term_string}"},"query-input":{"@type":"PropertyValueSpecification","valueRequired":true,"valueName":"search_term_string"}}],"inLanguage":"pt-BR"},{"@type":"Organization","@id":"https:\/\/jornalfatosenoticias.com.br\/#organization","name":"Jornal Fatos e Not\u00edcias","url":"https:\/\/jornalfatosenoticias.com.br\/","logo":{"@type":"ImageObject","inLanguage":"pt-BR","@id":"https:\/\/jornalfatosenoticias.com.br\/#\/schema\/logo\/image\/","url":"https:\/\/jornalfatosenoticias.com.br\/wp-content\/uploads\/2020\/02\/logo120.png","contentUrl":"https:\/\/jornalfatosenoticias.com.br\/wp-content\/uploads\/2020\/02\/logo120.png","width":1227,"height":120,"caption":"Jornal Fatos e Not\u00edcias"},"image":{"@id":"https:\/\/jornalfatosenoticias.com.br\/#\/schema\/logo\/image\/"}},{"@type":"Person","@id":"https:\/\/jornalfatosenoticias.com.br\/#\/schema\/person\/c33fcf5fb02d729d3fec92c6737a22d1","name":"Ana Maria Iencarelli","image":{"@type":"ImageObject","inLanguage":"pt-BR","@id":"https:\/\/jornalfatosenoticias.com.br\/#\/schema\/person\/image\/","url":"https:\/\/jornalfatosenoticias.com.br\/wp-content\/uploads\/2020\/02\/Ana-Maria-Iencarelli-1-150x150.jpg","contentUrl":"https:\/\/jornalfatosenoticias.com.br\/wp-content\/uploads\/2020\/02\/Ana-Maria-Iencarelli-1-150x150.jpg","caption":"Ana Maria Iencarelli"},"description":"Psicanalista Cl\u00ednica, especializada no atendimento a Crian\u00e7as e Adolescentes. Presidente da ONG Vozes de Anjos.","url":"https:\/\/jornalfatosenoticias.com.br\/index.php\/author\/anamaria\/"}]}},"cc_featured_image_caption":{"caption_text":"(Foto: Freepik) ","source_text":"","source_url":""},"jetpack_featured_media_url":"https:\/\/jornalfatosenoticias.com.br\/wp-content\/uploads\/2024\/03\/LEI-E-A-MULHER2.jpg","_links":{"self":[{"href":"https:\/\/jornalfatosenoticias.com.br\/index.php\/wp-json\/wp\/v2\/posts\/49717","targetHints":{"allow":["GET"]}}],"collection":[{"href":"https:\/\/jornalfatosenoticias.com.br\/index.php\/wp-json\/wp\/v2\/posts"}],"about":[{"href":"https:\/\/jornalfatosenoticias.com.br\/index.php\/wp-json\/wp\/v2\/types\/post"}],"author":[{"embeddable":true,"href":"https:\/\/jornalfatosenoticias.com.br\/index.php\/wp-json\/wp\/v2\/users\/8"}],"replies":[{"embeddable":true,"href":"https:\/\/jornalfatosenoticias.com.br\/index.php\/wp-json\/wp\/v2\/comments?post=49717"}],"version-history":[{"count":0,"href":"https:\/\/jornalfatosenoticias.com.br\/index.php\/wp-json\/wp\/v2\/posts\/49717\/revisions"}],"wp:featuredmedia":[{"embeddable":true,"href":"https:\/\/jornalfatosenoticias.com.br\/index.php\/wp-json\/wp\/v2\/media\/49721"}],"wp:attachment":[{"href":"https:\/\/jornalfatosenoticias.com.br\/index.php\/wp-json\/wp\/v2\/media?parent=49717"}],"wp:term":[{"taxonomy":"category","embeddable":true,"href":"https:\/\/jornalfatosenoticias.com.br\/index.php\/wp-json\/wp\/v2\/categories?post=49717"},{"taxonomy":"post_tag","embeddable":true,"href":"https:\/\/jornalfatosenoticias.com.br\/index.php\/wp-json\/wp\/v2\/tags?post=49717"}],"curies":[{"name":"wp","href":"https:\/\/api.w.org\/{rel}","templated":true}]}}