{"id":49800,"date":"2024-03-11T14:00:56","date_gmt":"2024-03-11T17:00:56","guid":{"rendered":"https:\/\/jornalfatosenoticias.com.br\/?p=49800"},"modified":"2024-03-11T14:03:48","modified_gmt":"2024-03-11T17:03:48","slug":"seis-chas-para-te-ajudar-na-rotina-de-sono","status":"publish","type":"post","link":"https:\/\/jornalfatosenoticias.com.br\/index.php\/2024\/03\/11\/seis-chas-para-te-ajudar-na-rotina-de-sono\/","title":{"rendered":"Seis ch\u00e1s para te ajudar na rotina de sono"},"content":{"rendered":"\n<p><span class=\"has-inline-color has-black-color\"><em>Dormir bem \u00e9 fundamental a sa\u00fade veja alguns ch\u00e1s que podem melhorar a qualidade do seu sono<\/em><\/span><\/p>\n\n\n\n<div class=\"wp-block-image\"><figure class=\"aligncenter size-large\"><img loading=\"lazy\" decoding=\"async\" width=\"729\" height=\"90\" src=\"https:\/\/jornalfatosenoticias.com.br\/wp-content\/uploads\/2020\/02\/Logo_Mizu.png\" alt=\"\" class=\"wp-image-1441\" srcset=\"https:\/\/jornalfatosenoticias.com.br\/wp-content\/uploads\/2020\/02\/Logo_Mizu.png 729w, https:\/\/jornalfatosenoticias.com.br\/wp-content\/uploads\/2020\/02\/Logo_Mizu-300x37.png 300w\" sizes=\"auto, (max-width: 729px) 100vw, 729px\" \/><\/figure><\/div>\n\n\n\n<p>A import\u00e2ncia do <a href=\"https:\/\/ciclovivo.com.br\/vida-sustentavel\/bem-estar\/7-alimentos-que-contribuem-para-uma-boa-noite-de-sono\/\" target=\"_blank\" rel=\"noreferrer noopener\">sono<\/a> para a manuten\u00e7\u00e3o da imunidade \u00e9 um tema amplamente estudado e discutido no campo da sa\u00fade. Uma noite de sono tranquila \u00e9 fundamental para o bom funcionamento do sistema imunol\u00f3gico. Durante o descanso, o corpo realiza diversas fun\u00e7\u00f5es essenciais para a manuten\u00e7\u00e3o da sa\u00fade, como a regula\u00e7\u00e3o hormonal e a consolida\u00e7\u00e3o da mem\u00f3ria, al\u00e9m de ser um per\u00edodo crucial para a repara\u00e7\u00e3o celular.<br>Centenas de estudos apontam que a priva\u00e7\u00e3o do sono pode levar a uma s\u00e9rie de consequ\u00eancias negativas para a sa\u00fade, incluindo a diminui\u00e7\u00e3o da fun\u00e7\u00e3o imunol\u00f3gica. <\/p>\n\n\n\n<blockquote class=\"wp-block-quote is-layout-flow wp-block-quote-is-layout-flow\"><p><span class=\"has-inline-color has-luminous-vivid-orange-color\">O sono insuficiente est\u00e1 associado a um maior risco de infec\u00e7\u00f5es, como resfriados e gripes, al\u00e9m de ter um impacto negativo em condi\u00e7\u00f5es cr\u00f4nicas, como diabetes e doen\u00e7as cardiovasculares\u201d, explica Priscila Gontijo, nutricionista na <a href=\"https:\/\/www.puravida.com.br\/\" target=\"_blank\" rel=\"noreferrer noopener\">Puravida<\/a>.<\/span><\/p><\/blockquote>\n\n\n\n<div class=\"wp-block-image\"><figure class=\"aligncenter size-large\"><img decoding=\"async\" src=\"https:\/\/jornalfatosenoticias.com.br\/wp-content\/uploads\/2020\/02\/barao-das-carnes-300x164-1.jpg\" alt=\"\" class=\"wp-image-34339\"\/><\/figure><\/div>\n\n\n\n<p>No cen\u00e1rio atual, onde o estresse e a ansiedade s\u00e3o frequentes, muitas pessoas enfrentam dificuldades para alcan\u00e7ar um sono de qualidade. Para uma boa rotina de sono, \u00e9 importante se desconectar de est\u00edmulos como telas (do celular e televis\u00e3o), luzes e agita\u00e7\u00e3o. Este momento de tranquilidade e desconex\u00e3o com o ritmo do dia a dia pode vir acompanhado de uma boa x\u00edcara de <a href=\"https:\/\/ciclovivo.com.br\/vida-sustentavel\/bem-estar\/cha-para-plantar-em-casa-ervas-cultivo-e-beneficios\/\" target=\"_blank\" rel=\"noreferrer noopener\">ch\u00e1<\/a> \u2014 Priscila separou algumas op\u00e7\u00f5es de ch\u00e1s e bebidas relaxantes. Confira abaixo:<\/p>\n\n\n\n<div class=\"wp-block-image\"><figure class=\"aligncenter size-large is-resized\"><img loading=\"lazy\" decoding=\"async\" src=\"https:\/\/jornalfatosenoticias.com.br\/wp-content\/uploads\/2023\/03\/logo-Panper_portal.jpg\" alt=\"\" class=\"wp-image-40208\" width=\"364\" height=\"252\" srcset=\"https:\/\/jornalfatosenoticias.com.br\/wp-content\/uploads\/2023\/03\/logo-Panper_portal.jpg 400w, https:\/\/jornalfatosenoticias.com.br\/wp-content\/uploads\/2023\/03\/logo-Panper_portal-300x208.jpg 300w\" sizes=\"auto, (max-width: 364px) 100vw, 364px\" \/><\/figure><\/div>\n\n\n\n<p><strong><span class=\"has-inline-color has-vivid-purple-color\">Camomila<br><\/span><\/strong>\u00c9 uma erva muito popular que pode ser consumida por pessoas de diferentes idades, inclusive beb\u00eas a partir do sexto m\u00eas de vida. O ch\u00e1 de <a href=\"https:\/\/ciclovivo.com.br\/mao-na-massa\/horta\/como-plantar-camomila\/\" target=\"_blank\" rel=\"noreferrer noopener\">camomila<\/a> possui subst\u00e2ncias com fun\u00e7\u00f5es ansiol\u00edticas, calmantes, indutoras do sono, anti-inflamat\u00f3rias e antioxidantes, que auxiliam no relaxamento e melhoria da qualidade do sono.<\/p>\n\n\n\n<div class=\"wp-block-image\"><figure class=\"aligncenter size-large is-resized\"><img loading=\"lazy\" decoding=\"async\" src=\"https:\/\/jornalfatosenoticias.com.br\/wp-content\/uploads\/2023\/08\/ITH.jpeg\" alt=\"\" class=\"wp-image-44638\" width=\"302\" height=\"245\" srcset=\"https:\/\/jornalfatosenoticias.com.br\/wp-content\/uploads\/2023\/08\/ITH.jpeg 800w, https:\/\/jornalfatosenoticias.com.br\/wp-content\/uploads\/2023\/08\/ITH-300x244.jpeg 300w, https:\/\/jornalfatosenoticias.com.br\/wp-content\/uploads\/2023\/08\/ITH-768x624.jpeg 768w\" sizes=\"auto, (max-width: 302px) 100vw, 302px\" \/><\/figure><\/div>\n\n\n\n<p><strong><span class=\"has-inline-color has-vivid-purple-color\">Valeriana<\/span><\/strong><br>A planta ajuda a combater a ins\u00f4nia, e outros dist\u00farbios do sono por apresentar efeitos sedativos e relaxantes. Al\u00e9m de ajudar no relaxamento, a valeriana pode ser usada como um calmante natural contra a depress\u00e3o e o estresse.<\/p>\n\n\n\n<div class=\"wp-block-image\"><figure class=\"aligncenter size-large is-resized\"><img loading=\"lazy\" decoding=\"async\" src=\"https:\/\/jornalfatosenoticias.com.br\/wp-content\/uploads\/2023\/12\/pegoretti-logo-pdf-1024x389.jpg\" alt=\"\" class=\"wp-image-47536\" width=\"493\" height=\"187\" srcset=\"https:\/\/jornalfatosenoticias.com.br\/wp-content\/uploads\/2023\/12\/pegoretti-logo-pdf-1024x389.jpg 1024w, https:\/\/jornalfatosenoticias.com.br\/wp-content\/uploads\/2023\/12\/pegoretti-logo-pdf-300x114.jpg 300w, https:\/\/jornalfatosenoticias.com.br\/wp-content\/uploads\/2023\/12\/pegoretti-logo-pdf-768x291.jpg 768w, https:\/\/jornalfatosenoticias.com.br\/wp-content\/uploads\/2023\/12\/pegoretti-logo-pdf.jpg 1120w\" sizes=\"auto, (max-width: 493px) 100vw, 493px\" \/><\/figure><\/div>\n\n\n\n<p><strong><span class=\"has-inline-color has-vivid-purple-color\">Lavanda<br><\/span><\/strong>\u00c9 uma planta medicinal muito utilizada para auxiliar no tratamento da ansiedade, depress\u00e3o e m\u00e1 digest\u00e3o. A lavanda apresenta propriedades relaxantes, calmantes, antiespasm\u00f3dicas, analg\u00e9sicas e antidepressivas que ajudam no relaxamento.<\/p>\n\n\n\n<div class=\"wp-block-image\"><figure class=\"aligncenter size-large is-resized\"><img loading=\"lazy\" decoding=\"async\" src=\"https:\/\/jornalfatosenoticias.com.br\/wp-content\/uploads\/2020\/02\/CONTROL-CS.jpg\" alt=\"\" class=\"wp-image-44991\" width=\"326\" height=\"391\" srcset=\"https:\/\/jornalfatosenoticias.com.br\/wp-content\/uploads\/2020\/02\/CONTROL-CS.jpg 834w, https:\/\/jornalfatosenoticias.com.br\/wp-content\/uploads\/2020\/02\/CONTROL-CS-250x300.jpg 250w, https:\/\/jornalfatosenoticias.com.br\/wp-content\/uploads\/2020\/02\/CONTROL-CS-768x921.jpg 768w\" sizes=\"auto, (max-width: 326px) 100vw, 326px\" \/><\/figure><\/div>\n\n\n\n<p><strong><span class=\"has-inline-color has-vivid-purple-color\">Passiflora<br><\/span><\/strong>Tamb\u00e9m conhecida como maracuj\u00e1, a passiflora tem propriedades que ajudam a acalmar e a melhorar a qualidade do sono por apresentar a\u00e7\u00e3o ansiol\u00edtica sobre o sistema nervoso central, favorecendo a redu\u00e7\u00e3o da ansiedade, tens\u00e3o nervosa e estados de agita\u00e7\u00e3o. O consumo pode refletir na melhora da qualidade do sono, al\u00e9m de ajudar os casos de ins\u00f4nia.<\/p>\n\n\n\n<div class=\"wp-block-image\"><figure class=\"aligncenter size-large is-resized\"><img loading=\"lazy\" decoding=\"async\" src=\"https:\/\/jornalfatosenoticias.com.br\/wp-content\/uploads\/2024\/01\/consultoria-ambiental.jpg\" alt=\"\" class=\"wp-image-48314\" width=\"299\" height=\"270\" srcset=\"https:\/\/jornalfatosenoticias.com.br\/wp-content\/uploads\/2024\/01\/consultoria-ambiental.jpg 832w, https:\/\/jornalfatosenoticias.com.br\/wp-content\/uploads\/2024\/01\/consultoria-ambiental-300x272.jpg 300w, https:\/\/jornalfatosenoticias.com.br\/wp-content\/uploads\/2024\/01\/consultoria-ambiental-768x696.jpg 768w\" sizes=\"auto, (max-width: 299px) 100vw, 299px\" \/><\/figure><\/div>\n\n\n\n<p><strong><span class=\"has-inline-color has-vivid-purple-color\">Erva-cidreira<br><\/span><\/strong>O ch\u00e1 de erva-cidreira tem propriedades que auxiliam o corpo a relaxar. Os compostos fen\u00f3licos presentes na erva provocam um efeito calmante e sedativo no organismo, contribuindo para melhorar a qualidade do sono. O consumo tamb\u00e9m \u00e9 indicado para auxiliar nos casos de ins\u00f4nia.<\/p>\n\n\n\n<div class=\"wp-block-image\"><figure class=\"aligncenter size-large is-resized\"><img loading=\"lazy\" decoding=\"async\" src=\"https:\/\/jornalfatosenoticias.com.br\/wp-content\/uploads\/2020\/02\/logo-Rapuzel-1024x571.jpg\" alt=\"\" class=\"wp-image-42808\" width=\"339\" height=\"189\" srcset=\"https:\/\/jornalfatosenoticias.com.br\/wp-content\/uploads\/2020\/02\/logo-Rapuzel-1024x571.jpg 1024w, https:\/\/jornalfatosenoticias.com.br\/wp-content\/uploads\/2020\/02\/logo-Rapuzel-300x167.jpg 300w, https:\/\/jornalfatosenoticias.com.br\/wp-content\/uploads\/2020\/02\/logo-Rapuzel-768x428.jpg 768w, https:\/\/jornalfatosenoticias.com.br\/wp-content\/uploads\/2020\/02\/logo-Rapuzel-1536x856.jpg 1536w, https:\/\/jornalfatosenoticias.com.br\/wp-content\/uploads\/2020\/02\/logo-Rapuzel.jpg 1600w\" sizes=\"auto, (max-width: 339px) 100vw, 339px\" \/><\/figure><\/div>\n\n\n\n<p><strong><span class=\"has-inline-color has-vivid-purple-color\">Magn\u00f3lia<br><\/span><\/strong>A magn\u00f3lia \u00e9 uma planta tradicional da China, conhecida por suas propriedades ansiol\u00edticas. O consumo ajuda a regular o humor, al\u00e9m de ser indicada para auxiliar o tratamento da ansiedade, nervosismo e quadros leves de depress\u00e3o, sendo uma op\u00e7\u00e3o para ajudar no relaxamento noturno.<\/p>\n\n\n\n<div class=\"wp-block-image\"><figure class=\"aligncenter size-large is-resized\"><img loading=\"lazy\" decoding=\"async\" src=\"https:\/\/jornalfatosenoticias.com.br\/wp-content\/uploads\/2022\/02\/Precisao-Contabilidade-1024x724.jpg\" alt=\"\" class=\"wp-image-28088\" width=\"345\" height=\"244\"\/><\/figure><\/div>\n\n\n\n<p>Os ch\u00e1s s\u00e3o \u00f3timas op\u00e7\u00f5es para ajudar voc\u00ea no relaxamento e sono, mas ao consumi-lo, consulte o seu m\u00e9dico, uma vez que alguns tipos n\u00e3o s\u00e3o indicados para gestantes e lactantes. <strong><span class=\"has-inline-color has-black-color\">\u00c9 muito importante procurar ajuda profissional caso a dificuldade para dormir e relaxar seja frequente.<\/span><\/strong> Para fechar, vale lembrar algumas recomenda\u00e7\u00f5es que contribuem para o bem-estar geral: controle do peso, evitar o uso abusivo de \u00e1lcool, manejo do estresse, atividade f\u00edsica regular, aumentar o consumo de frutas e vegetais e hidrata\u00e7\u00e3o.<\/p>\n\n\n\n<div class=\"wp-block-image\"><figure class=\"aligncenter size-large\"><img loading=\"lazy\" decoding=\"async\" width=\"300\" height=\"250\" src=\"https:\/\/jornalfatosenoticias.com.br\/wp-content\/uploads\/2022\/02\/FERRARI_MAQUINAS-E-FERRAMENTAS2.jpg\" alt=\"\" class=\"wp-image-27860\"\/><\/figure><\/div>\n\n\n\n<p><strong><em>Fonte: <a href=\"https:\/\/ciclovivo.com.br\/vida-sustentavel\/bem-estar\/6-chas-para-te-ajudar-na-rotina-de-sono\/\">CicloVivo<\/a><\/em><\/strong><\/p>\n","protected":false},"excerpt":{"rendered":"<p>Dormir bem \u00e9 fundamental a sa\u00fade veja alguns ch\u00e1s que podem melhorar a qualidade do seu sono A import\u00e2ncia do sono para a manuten\u00e7\u00e3o da imunidade \u00e9 um tema amplamente estudado e discutido no campo da sa\u00fade. Uma noite de sono tranquila \u00e9 fundamental para o bom funcionamento do sistema imunol\u00f3gico. Durante o descanso, o [&hellip;]<\/p>\n","protected":false},"author":2,"featured_media":49801,"comment_status":"open","ping_status":"open","sticky":false,"template":"","format":"standard","meta":{"footnotes":""},"categories":[42],"tags":[112,9666,23018,1138],"class_list":["post-49800","post","type-post","status-publish","format-standard","has-post-thumbnail","hentry","category-bem-estar","tag-chas","tag-ervas-medicinais","tag-remedios-naturais-2","tag-sono"],"yoast_head":"<!-- This site is optimized with the Yoast SEO plugin v26.5 - https:\/\/yoast.com\/wordpress\/plugins\/seo\/ -->\n<title>Seis ch\u00e1s para te ajudar na rotina de sono - Jornal Fatos e Not\u00edcias<\/title>\n<meta name=\"robots\" content=\"index, follow, max-snippet:-1, max-image-preview:large, max-video-preview:-1\" \/>\n<link rel=\"canonical\" href=\"https:\/\/jornalfatosenoticias.com.br\/index.php\/2024\/03\/11\/seis-chas-para-te-ajudar-na-rotina-de-sono\/\" \/>\n<meta property=\"og:locale\" content=\"pt_BR\" \/>\n<meta property=\"og:type\" content=\"article\" \/>\n<meta property=\"og:title\" content=\"Seis ch\u00e1s para te ajudar na rotina de sono - Jornal Fatos e Not\u00edcias\" \/>\n<meta property=\"og:description\" content=\"Dormir bem \u00e9 fundamental a sa\u00fade veja alguns ch\u00e1s que podem melhorar a qualidade do seu sono A import\u00e2ncia do sono para a manuten\u00e7\u00e3o da imunidade \u00e9 um tema amplamente estudado e discutido no campo da sa\u00fade. Uma noite de sono tranquila \u00e9 fundamental para o bom funcionamento do sistema imunol\u00f3gico. Durante o descanso, o [&hellip;]\" \/>\n<meta property=\"og:url\" content=\"https:\/\/jornalfatosenoticias.com.br\/index.php\/2024\/03\/11\/seis-chas-para-te-ajudar-na-rotina-de-sono\/\" \/>\n<meta property=\"og:site_name\" content=\"Jornal Fatos e Not\u00edcias\" \/>\n<meta property=\"article:published_time\" content=\"2024-03-11T17:00:56+00:00\" \/>\n<meta property=\"article:modified_time\" content=\"2024-03-11T17:03:48+00:00\" \/>\n<meta property=\"og:image\" content=\"https:\/\/jornalfatosenoticias.com.br\/wp-content\/uploads\/2024\/03\/cha-camomila_istock.jpg\" \/>\n\t<meta property=\"og:image:width\" content=\"612\" \/>\n\t<meta property=\"og:image:height\" content=\"454\" \/>\n\t<meta property=\"og:image:type\" content=\"image\/jpeg\" \/>\n<meta name=\"author\" content=\"Luzimara Fernandes\" \/>\n<meta name=\"twitter:card\" content=\"summary_large_image\" \/>\n<meta name=\"twitter:label1\" content=\"Escrito por\" \/>\n\t<meta name=\"twitter:data1\" content=\"Luzimara Fernandes\" \/>\n\t<meta name=\"twitter:label2\" content=\"Est. tempo de leitura\" \/>\n\t<meta name=\"twitter:data2\" content=\"3 minutos\" \/>\n<script type=\"application\/ld+json\" class=\"yoast-schema-graph\">{\"@context\":\"https:\/\/schema.org\",\"@graph\":[{\"@type\":\"Article\",\"@id\":\"https:\/\/jornalfatosenoticias.com.br\/index.php\/2024\/03\/11\/seis-chas-para-te-ajudar-na-rotina-de-sono\/#article\",\"isPartOf\":{\"@id\":\"https:\/\/jornalfatosenoticias.com.br\/index.php\/2024\/03\/11\/seis-chas-para-te-ajudar-na-rotina-de-sono\/\"},\"author\":{\"name\":\"Luzimara Fernandes\",\"@id\":\"https:\/\/jornalfatosenoticias.com.br\/#\/schema\/person\/d63837fa13ac8666eb9e74e0985d6f81\"},\"headline\":\"Seis ch\u00e1s para te ajudar na rotina de sono\",\"datePublished\":\"2024-03-11T17:00:56+00:00\",\"dateModified\":\"2024-03-11T17:03:48+00:00\",\"mainEntityOfPage\":{\"@id\":\"https:\/\/jornalfatosenoticias.com.br\/index.php\/2024\/03\/11\/seis-chas-para-te-ajudar-na-rotina-de-sono\/\"},\"wordCount\":649,\"commentCount\":0,\"publisher\":{\"@id\":\"https:\/\/jornalfatosenoticias.com.br\/#organization\"},\"image\":{\"@id\":\"https:\/\/jornalfatosenoticias.com.br\/index.php\/2024\/03\/11\/seis-chas-para-te-ajudar-na-rotina-de-sono\/#primaryimage\"},\"thumbnailUrl\":\"https:\/\/jornalfatosenoticias.com.br\/wp-content\/uploads\/2024\/03\/cha-camomila_istock.jpg\",\"keywords\":[\"ch\u00e1s\",\"ervas medicinais\",\"remedios naturais\",\"sono\"],\"articleSection\":[\"Bem-estar\"],\"inLanguage\":\"pt-BR\",\"potentialAction\":[{\"@type\":\"CommentAction\",\"name\":\"Comment\",\"target\":[\"https:\/\/jornalfatosenoticias.com.br\/index.php\/2024\/03\/11\/seis-chas-para-te-ajudar-na-rotina-de-sono\/#respond\"]}]},{\"@type\":\"WebPage\",\"@id\":\"https:\/\/jornalfatosenoticias.com.br\/index.php\/2024\/03\/11\/seis-chas-para-te-ajudar-na-rotina-de-sono\/\",\"url\":\"https:\/\/jornalfatosenoticias.com.br\/index.php\/2024\/03\/11\/seis-chas-para-te-ajudar-na-rotina-de-sono\/\",\"name\":\"Seis ch\u00e1s para te ajudar na rotina de sono - Jornal Fatos e Not\u00edcias\",\"isPartOf\":{\"@id\":\"https:\/\/jornalfatosenoticias.com.br\/#website\"},\"primaryImageOfPage\":{\"@id\":\"https:\/\/jornalfatosenoticias.com.br\/index.php\/2024\/03\/11\/seis-chas-para-te-ajudar-na-rotina-de-sono\/#primaryimage\"},\"image\":{\"@id\":\"https:\/\/jornalfatosenoticias.com.br\/index.php\/2024\/03\/11\/seis-chas-para-te-ajudar-na-rotina-de-sono\/#primaryimage\"},\"thumbnailUrl\":\"https:\/\/jornalfatosenoticias.com.br\/wp-content\/uploads\/2024\/03\/cha-camomila_istock.jpg\",\"datePublished\":\"2024-03-11T17:00:56+00:00\",\"dateModified\":\"2024-03-11T17:03:48+00:00\",\"breadcrumb\":{\"@id\":\"https:\/\/jornalfatosenoticias.com.br\/index.php\/2024\/03\/11\/seis-chas-para-te-ajudar-na-rotina-de-sono\/#breadcrumb\"},\"inLanguage\":\"pt-BR\",\"potentialAction\":[{\"@type\":\"ReadAction\",\"target\":[\"https:\/\/jornalfatosenoticias.com.br\/index.php\/2024\/03\/11\/seis-chas-para-te-ajudar-na-rotina-de-sono\/\"]}]},{\"@type\":\"ImageObject\",\"inLanguage\":\"pt-BR\",\"@id\":\"https:\/\/jornalfatosenoticias.com.br\/index.php\/2024\/03\/11\/seis-chas-para-te-ajudar-na-rotina-de-sono\/#primaryimage\",\"url\":\"https:\/\/jornalfatosenoticias.com.br\/wp-content\/uploads\/2024\/03\/cha-camomila_istock.jpg\",\"contentUrl\":\"https:\/\/jornalfatosenoticias.com.br\/wp-content\/uploads\/2024\/03\/cha-camomila_istock.jpg\",\"width\":612,\"height\":454,\"caption\":\"Herbal chamomile tea and chamomile flowers near teapot and tea glass. Rural or countryside background.\"},{\"@type\":\"BreadcrumbList\",\"@id\":\"https:\/\/jornalfatosenoticias.com.br\/index.php\/2024\/03\/11\/seis-chas-para-te-ajudar-na-rotina-de-sono\/#breadcrumb\",\"itemListElement\":[{\"@type\":\"ListItem\",\"position\":1,\"name\":\"In\u00edcio\",\"item\":\"https:\/\/jornalfatosenoticias.com.br\/\"},{\"@type\":\"ListItem\",\"position\":2,\"name\":\"Seis ch\u00e1s para te ajudar na rotina de sono\"}]},{\"@type\":\"WebSite\",\"@id\":\"https:\/\/jornalfatosenoticias.com.br\/#website\",\"url\":\"https:\/\/jornalfatosenoticias.com.br\/\",\"name\":\"Jornal Fatos e Not\u00edcias\",\"description\":\"Not\u00edcias em geral\",\"publisher\":{\"@id\":\"https:\/\/jornalfatosenoticias.com.br\/#organization\"},\"potentialAction\":[{\"@type\":\"SearchAction\",\"target\":{\"@type\":\"EntryPoint\",\"urlTemplate\":\"https:\/\/jornalfatosenoticias.com.br\/?s={search_term_string}\"},\"query-input\":{\"@type\":\"PropertyValueSpecification\",\"valueRequired\":true,\"valueName\":\"search_term_string\"}}],\"inLanguage\":\"pt-BR\"},{\"@type\":\"Organization\",\"@id\":\"https:\/\/jornalfatosenoticias.com.br\/#organization\",\"name\":\"Jornal Fatos e Not\u00edcias\",\"url\":\"https:\/\/jornalfatosenoticias.com.br\/\",\"logo\":{\"@type\":\"ImageObject\",\"inLanguage\":\"pt-BR\",\"@id\":\"https:\/\/jornalfatosenoticias.com.br\/#\/schema\/logo\/image\/\",\"url\":\"https:\/\/jornalfatosenoticias.com.br\/wp-content\/uploads\/2020\/02\/logo120.png\",\"contentUrl\":\"https:\/\/jornalfatosenoticias.com.br\/wp-content\/uploads\/2020\/02\/logo120.png\",\"width\":1227,\"height\":120,\"caption\":\"Jornal Fatos e Not\u00edcias\"},\"image\":{\"@id\":\"https:\/\/jornalfatosenoticias.com.br\/#\/schema\/logo\/image\/\"}},{\"@type\":\"Person\",\"@id\":\"https:\/\/jornalfatosenoticias.com.br\/#\/schema\/person\/d63837fa13ac8666eb9e74e0985d6f81\",\"name\":\"Luzimara Fernandes\",\"image\":{\"@type\":\"ImageObject\",\"inLanguage\":\"pt-BR\",\"@id\":\"https:\/\/jornalfatosenoticias.com.br\/#\/schema\/person\/image\/\",\"url\":\"https:\/\/jornalfatosenoticias.com.br\/wp-content\/uploads\/2025\/05\/EU_portal.jpg\",\"contentUrl\":\"https:\/\/jornalfatosenoticias.com.br\/wp-content\/uploads\/2025\/05\/EU_portal.jpg\",\"caption\":\"Luzimara Fernandes\"},\"description\":\"Jornalista MTB 2358-ES\",\"sameAs\":[\"https:\/\/jornalfatosenoticias.com.br\"],\"url\":\"https:\/\/jornalfatosenoticias.com.br\/index.php\/author\/luzimara\/\"}]}<\/script>\n<!-- \/ Yoast SEO plugin. -->","yoast_head_json":{"title":"Seis ch\u00e1s para te ajudar na rotina de sono - Jornal Fatos e Not\u00edcias","robots":{"index":"index","follow":"follow","max-snippet":"max-snippet:-1","max-image-preview":"max-image-preview:large","max-video-preview":"max-video-preview:-1"},"canonical":"https:\/\/jornalfatosenoticias.com.br\/index.php\/2024\/03\/11\/seis-chas-para-te-ajudar-na-rotina-de-sono\/","og_locale":"pt_BR","og_type":"article","og_title":"Seis ch\u00e1s para te ajudar na rotina de sono - Jornal Fatos e Not\u00edcias","og_description":"Dormir bem \u00e9 fundamental a sa\u00fade veja alguns ch\u00e1s que podem melhorar a qualidade do seu sono A import\u00e2ncia do sono para a manuten\u00e7\u00e3o da imunidade \u00e9 um tema amplamente estudado e discutido no campo da sa\u00fade. Uma noite de sono tranquila \u00e9 fundamental para o bom funcionamento do sistema imunol\u00f3gico. Durante o descanso, o [&hellip;]","og_url":"https:\/\/jornalfatosenoticias.com.br\/index.php\/2024\/03\/11\/seis-chas-para-te-ajudar-na-rotina-de-sono\/","og_site_name":"Jornal Fatos e Not\u00edcias","article_published_time":"2024-03-11T17:00:56+00:00","article_modified_time":"2024-03-11T17:03:48+00:00","og_image":[{"width":612,"height":454,"url":"https:\/\/jornalfatosenoticias.com.br\/wp-content\/uploads\/2024\/03\/cha-camomila_istock.jpg","type":"image\/jpeg"}],"author":"Luzimara Fernandes","twitter_card":"summary_large_image","twitter_misc":{"Escrito por":"Luzimara Fernandes","Est. tempo de leitura":"3 minutos"},"schema":{"@context":"https:\/\/schema.org","@graph":[{"@type":"Article","@id":"https:\/\/jornalfatosenoticias.com.br\/index.php\/2024\/03\/11\/seis-chas-para-te-ajudar-na-rotina-de-sono\/#article","isPartOf":{"@id":"https:\/\/jornalfatosenoticias.com.br\/index.php\/2024\/03\/11\/seis-chas-para-te-ajudar-na-rotina-de-sono\/"},"author":{"name":"Luzimara Fernandes","@id":"https:\/\/jornalfatosenoticias.com.br\/#\/schema\/person\/d63837fa13ac8666eb9e74e0985d6f81"},"headline":"Seis ch\u00e1s para te ajudar na rotina de sono","datePublished":"2024-03-11T17:00:56+00:00","dateModified":"2024-03-11T17:03:48+00:00","mainEntityOfPage":{"@id":"https:\/\/jornalfatosenoticias.com.br\/index.php\/2024\/03\/11\/seis-chas-para-te-ajudar-na-rotina-de-sono\/"},"wordCount":649,"commentCount":0,"publisher":{"@id":"https:\/\/jornalfatosenoticias.com.br\/#organization"},"image":{"@id":"https:\/\/jornalfatosenoticias.com.br\/index.php\/2024\/03\/11\/seis-chas-para-te-ajudar-na-rotina-de-sono\/#primaryimage"},"thumbnailUrl":"https:\/\/jornalfatosenoticias.com.br\/wp-content\/uploads\/2024\/03\/cha-camomila_istock.jpg","keywords":["ch\u00e1s","ervas medicinais","remedios naturais","sono"],"articleSection":["Bem-estar"],"inLanguage":"pt-BR","potentialAction":[{"@type":"CommentAction","name":"Comment","target":["https:\/\/jornalfatosenoticias.com.br\/index.php\/2024\/03\/11\/seis-chas-para-te-ajudar-na-rotina-de-sono\/#respond"]}]},{"@type":"WebPage","@id":"https:\/\/jornalfatosenoticias.com.br\/index.php\/2024\/03\/11\/seis-chas-para-te-ajudar-na-rotina-de-sono\/","url":"https:\/\/jornalfatosenoticias.com.br\/index.php\/2024\/03\/11\/seis-chas-para-te-ajudar-na-rotina-de-sono\/","name":"Seis ch\u00e1s para te ajudar na rotina de sono - Jornal Fatos e Not\u00edcias","isPartOf":{"@id":"https:\/\/jornalfatosenoticias.com.br\/#website"},"primaryImageOfPage":{"@id":"https:\/\/jornalfatosenoticias.com.br\/index.php\/2024\/03\/11\/seis-chas-para-te-ajudar-na-rotina-de-sono\/#primaryimage"},"image":{"@id":"https:\/\/jornalfatosenoticias.com.br\/index.php\/2024\/03\/11\/seis-chas-para-te-ajudar-na-rotina-de-sono\/#primaryimage"},"thumbnailUrl":"https:\/\/jornalfatosenoticias.com.br\/wp-content\/uploads\/2024\/03\/cha-camomila_istock.jpg","datePublished":"2024-03-11T17:00:56+00:00","dateModified":"2024-03-11T17:03:48+00:00","breadcrumb":{"@id":"https:\/\/jornalfatosenoticias.com.br\/index.php\/2024\/03\/11\/seis-chas-para-te-ajudar-na-rotina-de-sono\/#breadcrumb"},"inLanguage":"pt-BR","potentialAction":[{"@type":"ReadAction","target":["https:\/\/jornalfatosenoticias.com.br\/index.php\/2024\/03\/11\/seis-chas-para-te-ajudar-na-rotina-de-sono\/"]}]},{"@type":"ImageObject","inLanguage":"pt-BR","@id":"https:\/\/jornalfatosenoticias.com.br\/index.php\/2024\/03\/11\/seis-chas-para-te-ajudar-na-rotina-de-sono\/#primaryimage","url":"https:\/\/jornalfatosenoticias.com.br\/wp-content\/uploads\/2024\/03\/cha-camomila_istock.jpg","contentUrl":"https:\/\/jornalfatosenoticias.com.br\/wp-content\/uploads\/2024\/03\/cha-camomila_istock.jpg","width":612,"height":454,"caption":"Herbal chamomile tea and chamomile flowers near teapot and tea glass. Rural or countryside background."},{"@type":"BreadcrumbList","@id":"https:\/\/jornalfatosenoticias.com.br\/index.php\/2024\/03\/11\/seis-chas-para-te-ajudar-na-rotina-de-sono\/#breadcrumb","itemListElement":[{"@type":"ListItem","position":1,"name":"In\u00edcio","item":"https:\/\/jornalfatosenoticias.com.br\/"},{"@type":"ListItem","position":2,"name":"Seis ch\u00e1s para te ajudar na rotina de sono"}]},{"@type":"WebSite","@id":"https:\/\/jornalfatosenoticias.com.br\/#website","url":"https:\/\/jornalfatosenoticias.com.br\/","name":"Jornal Fatos e Not\u00edcias","description":"Not\u00edcias em geral","publisher":{"@id":"https:\/\/jornalfatosenoticias.com.br\/#organization"},"potentialAction":[{"@type":"SearchAction","target":{"@type":"EntryPoint","urlTemplate":"https:\/\/jornalfatosenoticias.com.br\/?s={search_term_string}"},"query-input":{"@type":"PropertyValueSpecification","valueRequired":true,"valueName":"search_term_string"}}],"inLanguage":"pt-BR"},{"@type":"Organization","@id":"https:\/\/jornalfatosenoticias.com.br\/#organization","name":"Jornal Fatos e Not\u00edcias","url":"https:\/\/jornalfatosenoticias.com.br\/","logo":{"@type":"ImageObject","inLanguage":"pt-BR","@id":"https:\/\/jornalfatosenoticias.com.br\/#\/schema\/logo\/image\/","url":"https:\/\/jornalfatosenoticias.com.br\/wp-content\/uploads\/2020\/02\/logo120.png","contentUrl":"https:\/\/jornalfatosenoticias.com.br\/wp-content\/uploads\/2020\/02\/logo120.png","width":1227,"height":120,"caption":"Jornal Fatos e Not\u00edcias"},"image":{"@id":"https:\/\/jornalfatosenoticias.com.br\/#\/schema\/logo\/image\/"}},{"@type":"Person","@id":"https:\/\/jornalfatosenoticias.com.br\/#\/schema\/person\/d63837fa13ac8666eb9e74e0985d6f81","name":"Luzimara Fernandes","image":{"@type":"ImageObject","inLanguage":"pt-BR","@id":"https:\/\/jornalfatosenoticias.com.br\/#\/schema\/person\/image\/","url":"https:\/\/jornalfatosenoticias.com.br\/wp-content\/uploads\/2025\/05\/EU_portal.jpg","contentUrl":"https:\/\/jornalfatosenoticias.com.br\/wp-content\/uploads\/2025\/05\/EU_portal.jpg","caption":"Luzimara Fernandes"},"description":"Jornalista MTB 2358-ES","sameAs":["https:\/\/jornalfatosenoticias.com.br"],"url":"https:\/\/jornalfatosenoticias.com.br\/index.php\/author\/luzimara\/"}]}},"cc_featured_image_caption":{"caption_text":"(Foto: iStock) ","source_text":"","source_url":""},"jetpack_featured_media_url":"https:\/\/jornalfatosenoticias.com.br\/wp-content\/uploads\/2024\/03\/cha-camomila_istock.jpg","_links":{"self":[{"href":"https:\/\/jornalfatosenoticias.com.br\/index.php\/wp-json\/wp\/v2\/posts\/49800","targetHints":{"allow":["GET"]}}],"collection":[{"href":"https:\/\/jornalfatosenoticias.com.br\/index.php\/wp-json\/wp\/v2\/posts"}],"about":[{"href":"https:\/\/jornalfatosenoticias.com.br\/index.php\/wp-json\/wp\/v2\/types\/post"}],"author":[{"embeddable":true,"href":"https:\/\/jornalfatosenoticias.com.br\/index.php\/wp-json\/wp\/v2\/users\/2"}],"replies":[{"embeddable":true,"href":"https:\/\/jornalfatosenoticias.com.br\/index.php\/wp-json\/wp\/v2\/comments?post=49800"}],"version-history":[{"count":0,"href":"https:\/\/jornalfatosenoticias.com.br\/index.php\/wp-json\/wp\/v2\/posts\/49800\/revisions"}],"wp:featuredmedia":[{"embeddable":true,"href":"https:\/\/jornalfatosenoticias.com.br\/index.php\/wp-json\/wp\/v2\/media\/49801"}],"wp:attachment":[{"href":"https:\/\/jornalfatosenoticias.com.br\/index.php\/wp-json\/wp\/v2\/media?parent=49800"}],"wp:term":[{"taxonomy":"category","embeddable":true,"href":"https:\/\/jornalfatosenoticias.com.br\/index.php\/wp-json\/wp\/v2\/categories?post=49800"},{"taxonomy":"post_tag","embeddable":true,"href":"https:\/\/jornalfatosenoticias.com.br\/index.php\/wp-json\/wp\/v2\/tags?post=49800"}],"curies":[{"name":"wp","href":"https:\/\/api.w.org\/{rel}","templated":true}]}}