{"id":49805,"date":"2024-03-11T14:22:19","date_gmt":"2024-03-11T17:22:19","guid":{"rendered":"https:\/\/jornalfatosenoticias.com.br\/?p=49805"},"modified":"2024-03-11T14:22:19","modified_gmt":"2024-03-11T17:22:19","slug":"parlamentares-viajam-aos-eua-para-denunciar-escalada-de-autoritarismo-no-brasil","status":"publish","type":"post","link":"https:\/\/jornalfatosenoticias.com.br\/index.php\/2024\/03\/11\/parlamentares-viajam-aos-eua-para-denunciar-escalada-de-autoritarismo-no-brasil\/","title":{"rendered":"Parlamentares viajam aos EUA para denunciar escalada de autoritarismo no Brasil"},"content":{"rendered":"\n<p><em><span class=\"has-inline-color has-black-color\">Comitiva de parlamentares brasileiros vai a Washington para denunciar escalada de autoritarismo no Brasil<\/span><\/em><\/p>\n\n\n\n<p><span class=\"has-inline-color has-black-color\">Por <strong><a href=\"https:\/\/www.gazetadopovo.com.br\/autor\/leonardo-desideri\/\">Leonardo Desideri<\/a><\/strong><\/span><\/p>\n\n\n\n<div class=\"wp-block-image\"><figure class=\"aligncenter size-large\"><img loading=\"lazy\" decoding=\"async\" width=\"1024\" height=\"100\" src=\"https:\/\/jornalfatosenoticias.com.br\/wp-content\/uploads\/2022\/05\/NOVA-LOGO-CESCONETTO-1024x100.jpg\" alt=\"\" class=\"wp-image-30792\" srcset=\"https:\/\/jornalfatosenoticias.com.br\/wp-content\/uploads\/2022\/05\/NOVA-LOGO-CESCONETTO-1024x100.jpg 1024w, https:\/\/jornalfatosenoticias.com.br\/wp-content\/uploads\/2022\/05\/NOVA-LOGO-CESCONETTO-300x29.jpg 300w, https:\/\/jornalfatosenoticias.com.br\/wp-content\/uploads\/2022\/05\/NOVA-LOGO-CESCONETTO-768x75.jpg 768w, https:\/\/jornalfatosenoticias.com.br\/wp-content\/uploads\/2022\/05\/NOVA-LOGO-CESCONETTO.jpg 1280w\" sizes=\"auto, (max-width: 1024px) 100vw, 1024px\" \/><\/figure><\/div>\n\n\n\n<p>Dezenove parlamentares brasileiros viajaram a Washington neste domingo (10) para participar de uma comitiva organizada pelo deputado Eduardo Bolsonaro (PL-SP) e pelo jornalista Paulo Figueiredo com o objetivo de denunciar ao governo e \u00e0 imprensa dos Estados Unidos a escalada do autoritarismo judicial no Brasil.<br>A comitiva ter\u00e1 reuni\u00f5es com cinco congressistas americanos do Partido Republicano, entre eles Christopher Smith e Mar\u00eda Elvira Salazar. Al\u00e9m disso, os parlamentares ir\u00e3o a uma coletiva de imprensa organizada por Smith com depoimentos de Gustavo Gayer, Eduardo Bolsonaro e Paulo Figueiredo.<\/p>\n\n\n\n<div class=\"wp-block-image\"><figure class=\"aligncenter size-large\"><img loading=\"lazy\" decoding=\"async\" width=\"300\" height=\"250\" src=\"https:\/\/jornalfatosenoticias.com.br\/wp-content\/uploads\/2022\/02\/FERRARI_MAQUINAS-E-FERRAMENTAS2.jpg\" alt=\"\" class=\"wp-image-27860\"\/><\/figure><\/div>\n\n\n\n<p>Os eventos tratar\u00e3o de temas como a crise de liberdade de imprensa e de express\u00e3o no Brasil e o desrespeito ao devido processo legal, abordando as pris\u00f5es do 8 de janeiro e a censura e persegui\u00e7\u00e3o a jornalistas. A viagem foi mantida mesmo depois que uma audi\u00eancia marcada para a ter\u00e7a-feira (12) na Comiss\u00e3o de Direitos Humanos Tom Lantos foi barrada unilateralmente por Jim McGovern, deputado do Partido Democrata. <\/p>\n\n\n\n<div class=\"wp-block-image\"><figure class=\"aligncenter size-large is-resized\"><img loading=\"lazy\" decoding=\"async\" src=\"https:\/\/jornalfatosenoticias.com.br\/wp-content\/uploads\/2020\/02\/CONTROL-CS.jpg\" alt=\"\" class=\"wp-image-44991\" width=\"321\" height=\"385\" srcset=\"https:\/\/jornalfatosenoticias.com.br\/wp-content\/uploads\/2020\/02\/CONTROL-CS.jpg 834w, https:\/\/jornalfatosenoticias.com.br\/wp-content\/uploads\/2020\/02\/CONTROL-CS-250x300.jpg 250w, https:\/\/jornalfatosenoticias.com.br\/wp-content\/uploads\/2020\/02\/CONTROL-CS-768x921.jpg 768w\" sizes=\"auto, (max-width: 321px) 100vw, 321px\" \/><\/figure><\/div>\n\n\n\n<p>A comiss\u00e3o bipartid\u00e1ria \u00e9 copresidida por McGovern e por Christopher Smith, que havia feito o convite aos parlamentares brasileiros. A audi\u00eancia estava programada com o t\u00edtulo &#8220;Brasil: Uma Crise de Democracia, Liberdade e Estado de Direito?&#8221;, e havia consenso para a sua realiza\u00e7\u00e3o at\u00e9 a quinta-feira (7), quando McGovern decidiu barr\u00e1-la.<\/p>\n\n\n\n<div class=\"wp-block-image\"><figure class=\"aligncenter size-large is-resized\"><img loading=\"lazy\" decoding=\"async\" src=\"https:\/\/jornalfatosenoticias.com.br\/wp-content\/uploads\/2023\/08\/ITH.jpeg\" alt=\"\" class=\"wp-image-44638\" width=\"308\" height=\"250\" srcset=\"https:\/\/jornalfatosenoticias.com.br\/wp-content\/uploads\/2023\/08\/ITH.jpeg 800w, https:\/\/jornalfatosenoticias.com.br\/wp-content\/uploads\/2023\/08\/ITH-300x244.jpeg 300w, https:\/\/jornalfatosenoticias.com.br\/wp-content\/uploads\/2023\/08\/ITH-768x624.jpeg 768w\" sizes=\"auto, (max-width: 308px) 100vw, 308px\" \/><\/figure><\/div>\n\n\n\n<p>McGovern tem um hist\u00f3rico de leni\u00eancia com regimes autorit\u00e1rios latino-americanos. Em 2021, por exemplo, ele escreveu uma carta ao presidente Joe Biden pedindo que o governo americano suspendesse todas as san\u00e7\u00f5es impostas contra a ditadura venezuelana pelo presidente anterior, Donald Trump.<\/p>\n\n\n\n<div class=\"wp-block-image\"><figure class=\"aligncenter size-large is-resized\"><img loading=\"lazy\" decoding=\"async\" src=\"https:\/\/jornalfatosenoticias.com.br\/wp-content\/uploads\/2023\/12\/pegoretti-logo-pdf-1024x389.jpg\" alt=\"\" class=\"wp-image-47536\" width=\"498\" height=\"189\" srcset=\"https:\/\/jornalfatosenoticias.com.br\/wp-content\/uploads\/2023\/12\/pegoretti-logo-pdf-1024x389.jpg 1024w, https:\/\/jornalfatosenoticias.com.br\/wp-content\/uploads\/2023\/12\/pegoretti-logo-pdf-300x114.jpg 300w, https:\/\/jornalfatosenoticias.com.br\/wp-content\/uploads\/2023\/12\/pegoretti-logo-pdf-768x291.jpg 768w, https:\/\/jornalfatosenoticias.com.br\/wp-content\/uploads\/2023\/12\/pegoretti-logo-pdf.jpg 1120w\" sizes=\"auto, (max-width: 498px) 100vw, 498px\" \/><\/figure><\/div>\n\n\n\n<p>Mesmo ap\u00f3s a audi\u00eancia ser barrada, parlamentares brasileiros mantiveram a viagem e participar\u00e3o das reuni\u00f5es com autoridades norte-americanas e das conversas com a imprensa. Na manh\u00e3 deste domingo, a deputada Bia Kicis (PL-DF) postou um v\u00eddeo do avi\u00e3o a caminho dos EUA.<\/p>\n\n\n\n<div class=\"wp-block-image\"><figure class=\"aligncenter size-large is-resized\"><img loading=\"lazy\" decoding=\"async\" src=\"https:\/\/jornalfatosenoticias.com.br\/wp-content\/uploads\/2022\/02\/Precisao-Contabilidade-1024x724.jpg\" alt=\"\" class=\"wp-image-28088\" width=\"318\" height=\"225\"\/><\/figure><\/div>\n\n\n\n<blockquote class=\"wp-block-quote is-layout-flow wp-block-quote-is-layout-flow\"><p><span class=\"has-inline-color has-luminous-vivid-orange-color\">Estou dentro do avi\u00e3o rumo a Washington, onde, junto com uma grande delega\u00e7\u00e3o, com v\u00e1rios parlamentares \u2014 Eduardo Bolsonaro, Gustavo Gayer, Paulo Bilinsky, Coronel Cris\u00f3stomo, Andr\u00e9 Fernandes, Marcel van Hattem e muitos outros, junto com jornalistas como Paulo Figueiredo e muitas pessoas, inclusive exilados do Brasil \u2014 estaremos para denunciar as persegui\u00e7\u00f5es pol\u00edticas que est\u00e3o ocorrendo no Brasil, com jornalistas, parlamentares, os presos pol\u00edticos, o caso do presidente Bolsonaro, tamb\u00e9m \u2014 s\u00e3o tantos casos \u2014 e n\u00f3s estaremos l\u00e1 denunciando para falar \u00e0 imprensa americana tamb\u00e9m&#8221;, afirmou.<\/span><\/p><\/blockquote>\n\n\n\n<div class=\"wp-block-image\"><figure class=\"aligncenter size-large is-resized\"><img loading=\"lazy\" decoding=\"async\" src=\"https:\/\/jornalfatosenoticias.com.br\/wp-content\/uploads\/2023\/08\/BKR-1024x1021.jpg\" alt=\"\" class=\"wp-image-44494\" width=\"288\" height=\"287\" srcset=\"https:\/\/jornalfatosenoticias.com.br\/wp-content\/uploads\/2023\/08\/BKR-1024x1021.jpg 1024w, https:\/\/jornalfatosenoticias.com.br\/wp-content\/uploads\/2023\/08\/BKR-300x300.jpg 300w, https:\/\/jornalfatosenoticias.com.br\/wp-content\/uploads\/2023\/08\/BKR-150x150.jpg 150w, https:\/\/jornalfatosenoticias.com.br\/wp-content\/uploads\/2023\/08\/BKR-768x766.jpg 768w, https:\/\/jornalfatosenoticias.com.br\/wp-content\/uploads\/2023\/08\/BKR.jpg 1080w\" sizes=\"auto, (max-width: 288px) 100vw, 288px\" \/><\/figure><\/div>\n\n\n\n<p><strong><em>Fonte: <a href=\"https:\/\/www.gazetadopovo.com.br\/republica\/parlamentares-viajam-aos-eua-para-denunciar-escalada-de-autoritarismo-no-brasil\/\">Gazeta do Povo<\/a><\/em><\/strong><\/p>\n","protected":false},"excerpt":{"rendered":"<p>Comitiva de parlamentares brasileiros vai a Washington para denunciar escalada de autoritarismo no Brasil Por Leonardo Desideri Dezenove parlamentares brasileiros viajaram a Washington neste domingo (10) para participar de uma comitiva organizada pelo deputado Eduardo Bolsonaro (PL-SP) e pelo jornalista Paulo Figueiredo com o objetivo de denunciar ao governo e \u00e0 imprensa dos Estados Unidos [&hellip;]<\/p>\n","protected":false},"author":2,"featured_media":49806,"comment_status":"open","ping_status":"open","sticky":false,"template":"","format":"standard","meta":{"footnotes":""},"categories":[5],"tags":[18055,22849,597,1344,2147,23019,159,23020,23021,20163,17057],"class_list":["post-49805","post","type-post","status-publish","format-standard","has-post-thumbnail","hentry","category-geral","tag-8-de-janeiro","tag-bia-kicis","tag-brasil","tag-democracia","tag-donald-trump","tag-eduardo-bolsonaro","tag-eua","tag-gustavo-gayer","tag-jornalistas","tag-liberdade-de-imprensa","tag-marcel-van-hattem"],"yoast_head":"<!-- This site is optimized with the Yoast SEO plugin v26.5 - https:\/\/yoast.com\/wordpress\/plugins\/seo\/ -->\n<title>Parlamentares viajam aos EUA para denunciar escalada de autoritarismo no Brasil - Jornal Fatos e Not\u00edcias<\/title>\n<meta name=\"robots\" content=\"index, follow, max-snippet:-1, max-image-preview:large, max-video-preview:-1\" \/>\n<link rel=\"canonical\" href=\"https:\/\/jornalfatosenoticias.com.br\/index.php\/2024\/03\/11\/parlamentares-viajam-aos-eua-para-denunciar-escalada-de-autoritarismo-no-brasil\/\" \/>\n<meta property=\"og:locale\" content=\"pt_BR\" \/>\n<meta property=\"og:type\" content=\"article\" \/>\n<meta property=\"og:title\" content=\"Parlamentares viajam aos EUA para denunciar escalada de autoritarismo no Brasil - Jornal Fatos e Not\u00edcias\" \/>\n<meta property=\"og:description\" content=\"Comitiva de parlamentares brasileiros vai a Washington para denunciar escalada de autoritarismo no Brasil Por Leonardo Desideri Dezenove parlamentares brasileiros viajaram a Washington neste domingo (10) para participar de uma comitiva organizada pelo deputado Eduardo Bolsonaro (PL-SP) e pelo jornalista Paulo Figueiredo com o objetivo de denunciar ao governo e \u00e0 imprensa dos Estados Unidos [&hellip;]\" \/>\n<meta property=\"og:url\" content=\"https:\/\/jornalfatosenoticias.com.br\/index.php\/2024\/03\/11\/parlamentares-viajam-aos-eua-para-denunciar-escalada-de-autoritarismo-no-brasil\/\" \/>\n<meta property=\"og:site_name\" content=\"Jornal Fatos e Not\u00edcias\" \/>\n<meta property=\"article:published_time\" content=\"2024-03-11T17:22:19+00:00\" \/>\n<meta property=\"og:image\" content=\"https:\/\/jornalfatosenoticias.com.br\/wp-content\/uploads\/2024\/03\/comitiva-washington.jpg\" \/>\n\t<meta property=\"og:image:width\" content=\"960\" \/>\n\t<meta property=\"og:image:height\" content=\"540\" \/>\n\t<meta property=\"og:image:type\" content=\"image\/jpeg\" \/>\n<meta name=\"author\" content=\"Luzimara Fernandes\" \/>\n<meta name=\"twitter:card\" content=\"summary_large_image\" \/>\n<meta name=\"twitter:label1\" content=\"Escrito por\" \/>\n\t<meta name=\"twitter:data1\" content=\"Luzimara Fernandes\" \/>\n\t<meta name=\"twitter:label2\" content=\"Est. tempo de leitura\" \/>\n\t<meta name=\"twitter:data2\" content=\"2 minutos\" \/>\n<script type=\"application\/ld+json\" class=\"yoast-schema-graph\">{\"@context\":\"https:\/\/schema.org\",\"@graph\":[{\"@type\":\"Article\",\"@id\":\"https:\/\/jornalfatosenoticias.com.br\/index.php\/2024\/03\/11\/parlamentares-viajam-aos-eua-para-denunciar-escalada-de-autoritarismo-no-brasil\/#article\",\"isPartOf\":{\"@id\":\"https:\/\/jornalfatosenoticias.com.br\/index.php\/2024\/03\/11\/parlamentares-viajam-aos-eua-para-denunciar-escalada-de-autoritarismo-no-brasil\/\"},\"author\":{\"name\":\"Luzimara Fernandes\",\"@id\":\"https:\/\/jornalfatosenoticias.com.br\/#\/schema\/person\/d63837fa13ac8666eb9e74e0985d6f81\"},\"headline\":\"Parlamentares viajam aos EUA para denunciar escalada de autoritarismo no Brasil\",\"datePublished\":\"2024-03-11T17:22:19+00:00\",\"mainEntityOfPage\":{\"@id\":\"https:\/\/jornalfatosenoticias.com.br\/index.php\/2024\/03\/11\/parlamentares-viajam-aos-eua-para-denunciar-escalada-de-autoritarismo-no-brasil\/\"},\"wordCount\":436,\"commentCount\":0,\"publisher\":{\"@id\":\"https:\/\/jornalfatosenoticias.com.br\/#organization\"},\"image\":{\"@id\":\"https:\/\/jornalfatosenoticias.com.br\/index.php\/2024\/03\/11\/parlamentares-viajam-aos-eua-para-denunciar-escalada-de-autoritarismo-no-brasil\/#primaryimage\"},\"thumbnailUrl\":\"https:\/\/jornalfatosenoticias.com.br\/wp-content\/uploads\/2024\/03\/comitiva-washington.jpg\",\"keywords\":[\"8 de janeiro\",\"Bia Kicis\",\"Brasil\",\"democracia\",\"Donald Trump\",\"Eduardo Bolsonaro\",\"EUA\",\"Gustavo Gayer\",\"jornalistas\",\"liberdade de imprensa\",\"Marcel van Hattem\"],\"articleSection\":[\"Geral\"],\"inLanguage\":\"pt-BR\",\"potentialAction\":[{\"@type\":\"CommentAction\",\"name\":\"Comment\",\"target\":[\"https:\/\/jornalfatosenoticias.com.br\/index.php\/2024\/03\/11\/parlamentares-viajam-aos-eua-para-denunciar-escalada-de-autoritarismo-no-brasil\/#respond\"]}]},{\"@type\":\"WebPage\",\"@id\":\"https:\/\/jornalfatosenoticias.com.br\/index.php\/2024\/03\/11\/parlamentares-viajam-aos-eua-para-denunciar-escalada-de-autoritarismo-no-brasil\/\",\"url\":\"https:\/\/jornalfatosenoticias.com.br\/index.php\/2024\/03\/11\/parlamentares-viajam-aos-eua-para-denunciar-escalada-de-autoritarismo-no-brasil\/\",\"name\":\"Parlamentares viajam aos EUA para denunciar escalada de autoritarismo no Brasil - Jornal Fatos e Not\u00edcias\",\"isPartOf\":{\"@id\":\"https:\/\/jornalfatosenoticias.com.br\/#website\"},\"primaryImageOfPage\":{\"@id\":\"https:\/\/jornalfatosenoticias.com.br\/index.php\/2024\/03\/11\/parlamentares-viajam-aos-eua-para-denunciar-escalada-de-autoritarismo-no-brasil\/#primaryimage\"},\"image\":{\"@id\":\"https:\/\/jornalfatosenoticias.com.br\/index.php\/2024\/03\/11\/parlamentares-viajam-aos-eua-para-denunciar-escalada-de-autoritarismo-no-brasil\/#primaryimage\"},\"thumbnailUrl\":\"https:\/\/jornalfatosenoticias.com.br\/wp-content\/uploads\/2024\/03\/comitiva-washington.jpg\",\"datePublished\":\"2024-03-11T17:22:19+00:00\",\"breadcrumb\":{\"@id\":\"https:\/\/jornalfatosenoticias.com.br\/index.php\/2024\/03\/11\/parlamentares-viajam-aos-eua-para-denunciar-escalada-de-autoritarismo-no-brasil\/#breadcrumb\"},\"inLanguage\":\"pt-BR\",\"potentialAction\":[{\"@type\":\"ReadAction\",\"target\":[\"https:\/\/jornalfatosenoticias.com.br\/index.php\/2024\/03\/11\/parlamentares-viajam-aos-eua-para-denunciar-escalada-de-autoritarismo-no-brasil\/\"]}]},{\"@type\":\"ImageObject\",\"inLanguage\":\"pt-BR\",\"@id\":\"https:\/\/jornalfatosenoticias.com.br\/index.php\/2024\/03\/11\/parlamentares-viajam-aos-eua-para-denunciar-escalada-de-autoritarismo-no-brasil\/#primaryimage\",\"url\":\"https:\/\/jornalfatosenoticias.com.br\/wp-content\/uploads\/2024\/03\/comitiva-washington.jpg\",\"contentUrl\":\"https:\/\/jornalfatosenoticias.com.br\/wp-content\/uploads\/2024\/03\/comitiva-washington.jpg\",\"width\":960,\"height\":540},{\"@type\":\"BreadcrumbList\",\"@id\":\"https:\/\/jornalfatosenoticias.com.br\/index.php\/2024\/03\/11\/parlamentares-viajam-aos-eua-para-denunciar-escalada-de-autoritarismo-no-brasil\/#breadcrumb\",\"itemListElement\":[{\"@type\":\"ListItem\",\"position\":1,\"name\":\"In\u00edcio\",\"item\":\"https:\/\/jornalfatosenoticias.com.br\/\"},{\"@type\":\"ListItem\",\"position\":2,\"name\":\"Parlamentares viajam aos EUA para denunciar escalada de autoritarismo no Brasil\"}]},{\"@type\":\"WebSite\",\"@id\":\"https:\/\/jornalfatosenoticias.com.br\/#website\",\"url\":\"https:\/\/jornalfatosenoticias.com.br\/\",\"name\":\"Jornal Fatos e Not\u00edcias\",\"description\":\"Not\u00edcias em geral\",\"publisher\":{\"@id\":\"https:\/\/jornalfatosenoticias.com.br\/#organization\"},\"potentialAction\":[{\"@type\":\"SearchAction\",\"target\":{\"@type\":\"EntryPoint\",\"urlTemplate\":\"https:\/\/jornalfatosenoticias.com.br\/?s={search_term_string}\"},\"query-input\":{\"@type\":\"PropertyValueSpecification\",\"valueRequired\":true,\"valueName\":\"search_term_string\"}}],\"inLanguage\":\"pt-BR\"},{\"@type\":\"Organization\",\"@id\":\"https:\/\/jornalfatosenoticias.com.br\/#organization\",\"name\":\"Jornal Fatos e Not\u00edcias\",\"url\":\"https:\/\/jornalfatosenoticias.com.br\/\",\"logo\":{\"@type\":\"ImageObject\",\"inLanguage\":\"pt-BR\",\"@id\":\"https:\/\/jornalfatosenoticias.com.br\/#\/schema\/logo\/image\/\",\"url\":\"https:\/\/jornalfatosenoticias.com.br\/wp-content\/uploads\/2020\/02\/logo120.png\",\"contentUrl\":\"https:\/\/jornalfatosenoticias.com.br\/wp-content\/uploads\/2020\/02\/logo120.png\",\"width\":1227,\"height\":120,\"caption\":\"Jornal Fatos e Not\u00edcias\"},\"image\":{\"@id\":\"https:\/\/jornalfatosenoticias.com.br\/#\/schema\/logo\/image\/\"}},{\"@type\":\"Person\",\"@id\":\"https:\/\/jornalfatosenoticias.com.br\/#\/schema\/person\/d63837fa13ac8666eb9e74e0985d6f81\",\"name\":\"Luzimara Fernandes\",\"image\":{\"@type\":\"ImageObject\",\"inLanguage\":\"pt-BR\",\"@id\":\"https:\/\/jornalfatosenoticias.com.br\/#\/schema\/person\/image\/\",\"url\":\"https:\/\/jornalfatosenoticias.com.br\/wp-content\/uploads\/2025\/05\/EU_portal.jpg\",\"contentUrl\":\"https:\/\/jornalfatosenoticias.com.br\/wp-content\/uploads\/2025\/05\/EU_portal.jpg\",\"caption\":\"Luzimara Fernandes\"},\"description\":\"Jornalista MTB 2358-ES\",\"sameAs\":[\"https:\/\/jornalfatosenoticias.com.br\"],\"url\":\"https:\/\/jornalfatosenoticias.com.br\/index.php\/author\/luzimara\/\"}]}<\/script>\n<!-- \/ Yoast SEO plugin. -->","yoast_head_json":{"title":"Parlamentares viajam aos EUA para denunciar escalada de autoritarismo no Brasil - Jornal Fatos e Not\u00edcias","robots":{"index":"index","follow":"follow","max-snippet":"max-snippet:-1","max-image-preview":"max-image-preview:large","max-video-preview":"max-video-preview:-1"},"canonical":"https:\/\/jornalfatosenoticias.com.br\/index.php\/2024\/03\/11\/parlamentares-viajam-aos-eua-para-denunciar-escalada-de-autoritarismo-no-brasil\/","og_locale":"pt_BR","og_type":"article","og_title":"Parlamentares viajam aos EUA para denunciar escalada de autoritarismo no Brasil - Jornal Fatos e Not\u00edcias","og_description":"Comitiva de parlamentares brasileiros vai a Washington para denunciar escalada de autoritarismo no Brasil Por Leonardo Desideri Dezenove parlamentares brasileiros viajaram a Washington neste domingo (10) para participar de uma comitiva organizada pelo deputado Eduardo Bolsonaro (PL-SP) e pelo jornalista Paulo Figueiredo com o objetivo de denunciar ao governo e \u00e0 imprensa dos Estados Unidos [&hellip;]","og_url":"https:\/\/jornalfatosenoticias.com.br\/index.php\/2024\/03\/11\/parlamentares-viajam-aos-eua-para-denunciar-escalada-de-autoritarismo-no-brasil\/","og_site_name":"Jornal Fatos e Not\u00edcias","article_published_time":"2024-03-11T17:22:19+00:00","og_image":[{"width":960,"height":540,"url":"https:\/\/jornalfatosenoticias.com.br\/wp-content\/uploads\/2024\/03\/comitiva-washington.jpg","type":"image\/jpeg"}],"author":"Luzimara Fernandes","twitter_card":"summary_large_image","twitter_misc":{"Escrito por":"Luzimara Fernandes","Est. tempo de leitura":"2 minutos"},"schema":{"@context":"https:\/\/schema.org","@graph":[{"@type":"Article","@id":"https:\/\/jornalfatosenoticias.com.br\/index.php\/2024\/03\/11\/parlamentares-viajam-aos-eua-para-denunciar-escalada-de-autoritarismo-no-brasil\/#article","isPartOf":{"@id":"https:\/\/jornalfatosenoticias.com.br\/index.php\/2024\/03\/11\/parlamentares-viajam-aos-eua-para-denunciar-escalada-de-autoritarismo-no-brasil\/"},"author":{"name":"Luzimara Fernandes","@id":"https:\/\/jornalfatosenoticias.com.br\/#\/schema\/person\/d63837fa13ac8666eb9e74e0985d6f81"},"headline":"Parlamentares viajam aos EUA para denunciar escalada de autoritarismo no Brasil","datePublished":"2024-03-11T17:22:19+00:00","mainEntityOfPage":{"@id":"https:\/\/jornalfatosenoticias.com.br\/index.php\/2024\/03\/11\/parlamentares-viajam-aos-eua-para-denunciar-escalada-de-autoritarismo-no-brasil\/"},"wordCount":436,"commentCount":0,"publisher":{"@id":"https:\/\/jornalfatosenoticias.com.br\/#organization"},"image":{"@id":"https:\/\/jornalfatosenoticias.com.br\/index.php\/2024\/03\/11\/parlamentares-viajam-aos-eua-para-denunciar-escalada-de-autoritarismo-no-brasil\/#primaryimage"},"thumbnailUrl":"https:\/\/jornalfatosenoticias.com.br\/wp-content\/uploads\/2024\/03\/comitiva-washington.jpg","keywords":["8 de janeiro","Bia Kicis","Brasil","democracia","Donald Trump","Eduardo Bolsonaro","EUA","Gustavo Gayer","jornalistas","liberdade de imprensa","Marcel van Hattem"],"articleSection":["Geral"],"inLanguage":"pt-BR","potentialAction":[{"@type":"CommentAction","name":"Comment","target":["https:\/\/jornalfatosenoticias.com.br\/index.php\/2024\/03\/11\/parlamentares-viajam-aos-eua-para-denunciar-escalada-de-autoritarismo-no-brasil\/#respond"]}]},{"@type":"WebPage","@id":"https:\/\/jornalfatosenoticias.com.br\/index.php\/2024\/03\/11\/parlamentares-viajam-aos-eua-para-denunciar-escalada-de-autoritarismo-no-brasil\/","url":"https:\/\/jornalfatosenoticias.com.br\/index.php\/2024\/03\/11\/parlamentares-viajam-aos-eua-para-denunciar-escalada-de-autoritarismo-no-brasil\/","name":"Parlamentares viajam aos EUA para denunciar escalada de autoritarismo no Brasil - Jornal Fatos e Not\u00edcias","isPartOf":{"@id":"https:\/\/jornalfatosenoticias.com.br\/#website"},"primaryImageOfPage":{"@id":"https:\/\/jornalfatosenoticias.com.br\/index.php\/2024\/03\/11\/parlamentares-viajam-aos-eua-para-denunciar-escalada-de-autoritarismo-no-brasil\/#primaryimage"},"image":{"@id":"https:\/\/jornalfatosenoticias.com.br\/index.php\/2024\/03\/11\/parlamentares-viajam-aos-eua-para-denunciar-escalada-de-autoritarismo-no-brasil\/#primaryimage"},"thumbnailUrl":"https:\/\/jornalfatosenoticias.com.br\/wp-content\/uploads\/2024\/03\/comitiva-washington.jpg","datePublished":"2024-03-11T17:22:19+00:00","breadcrumb":{"@id":"https:\/\/jornalfatosenoticias.com.br\/index.php\/2024\/03\/11\/parlamentares-viajam-aos-eua-para-denunciar-escalada-de-autoritarismo-no-brasil\/#breadcrumb"},"inLanguage":"pt-BR","potentialAction":[{"@type":"ReadAction","target":["https:\/\/jornalfatosenoticias.com.br\/index.php\/2024\/03\/11\/parlamentares-viajam-aos-eua-para-denunciar-escalada-de-autoritarismo-no-brasil\/"]}]},{"@type":"ImageObject","inLanguage":"pt-BR","@id":"https:\/\/jornalfatosenoticias.com.br\/index.php\/2024\/03\/11\/parlamentares-viajam-aos-eua-para-denunciar-escalada-de-autoritarismo-no-brasil\/#primaryimage","url":"https:\/\/jornalfatosenoticias.com.br\/wp-content\/uploads\/2024\/03\/comitiva-washington.jpg","contentUrl":"https:\/\/jornalfatosenoticias.com.br\/wp-content\/uploads\/2024\/03\/comitiva-washington.jpg","width":960,"height":540},{"@type":"BreadcrumbList","@id":"https:\/\/jornalfatosenoticias.com.br\/index.php\/2024\/03\/11\/parlamentares-viajam-aos-eua-para-denunciar-escalada-de-autoritarismo-no-brasil\/#breadcrumb","itemListElement":[{"@type":"ListItem","position":1,"name":"In\u00edcio","item":"https:\/\/jornalfatosenoticias.com.br\/"},{"@type":"ListItem","position":2,"name":"Parlamentares viajam aos EUA para denunciar escalada de autoritarismo no Brasil"}]},{"@type":"WebSite","@id":"https:\/\/jornalfatosenoticias.com.br\/#website","url":"https:\/\/jornalfatosenoticias.com.br\/","name":"Jornal Fatos e Not\u00edcias","description":"Not\u00edcias em geral","publisher":{"@id":"https:\/\/jornalfatosenoticias.com.br\/#organization"},"potentialAction":[{"@type":"SearchAction","target":{"@type":"EntryPoint","urlTemplate":"https:\/\/jornalfatosenoticias.com.br\/?s={search_term_string}"},"query-input":{"@type":"PropertyValueSpecification","valueRequired":true,"valueName":"search_term_string"}}],"inLanguage":"pt-BR"},{"@type":"Organization","@id":"https:\/\/jornalfatosenoticias.com.br\/#organization","name":"Jornal Fatos e Not\u00edcias","url":"https:\/\/jornalfatosenoticias.com.br\/","logo":{"@type":"ImageObject","inLanguage":"pt-BR","@id":"https:\/\/jornalfatosenoticias.com.br\/#\/schema\/logo\/image\/","url":"https:\/\/jornalfatosenoticias.com.br\/wp-content\/uploads\/2020\/02\/logo120.png","contentUrl":"https:\/\/jornalfatosenoticias.com.br\/wp-content\/uploads\/2020\/02\/logo120.png","width":1227,"height":120,"caption":"Jornal Fatos e Not\u00edcias"},"image":{"@id":"https:\/\/jornalfatosenoticias.com.br\/#\/schema\/logo\/image\/"}},{"@type":"Person","@id":"https:\/\/jornalfatosenoticias.com.br\/#\/schema\/person\/d63837fa13ac8666eb9e74e0985d6f81","name":"Luzimara Fernandes","image":{"@type":"ImageObject","inLanguage":"pt-BR","@id":"https:\/\/jornalfatosenoticias.com.br\/#\/schema\/person\/image\/","url":"https:\/\/jornalfatosenoticias.com.br\/wp-content\/uploads\/2025\/05\/EU_portal.jpg","contentUrl":"https:\/\/jornalfatosenoticias.com.br\/wp-content\/uploads\/2025\/05\/EU_portal.jpg","caption":"Luzimara Fernandes"},"description":"Jornalista MTB 2358-ES","sameAs":["https:\/\/jornalfatosenoticias.com.br"],"url":"https:\/\/jornalfatosenoticias.com.br\/index.php\/author\/luzimara\/"}]}},"cc_featured_image_caption":{"caption_text":"(Foto: Reprodu\u00e7\u00e3o\/Gazeta do Povo) ","source_text":"","source_url":""},"jetpack_featured_media_url":"https:\/\/jornalfatosenoticias.com.br\/wp-content\/uploads\/2024\/03\/comitiva-washington.jpg","_links":{"self":[{"href":"https:\/\/jornalfatosenoticias.com.br\/index.php\/wp-json\/wp\/v2\/posts\/49805","targetHints":{"allow":["GET"]}}],"collection":[{"href":"https:\/\/jornalfatosenoticias.com.br\/index.php\/wp-json\/wp\/v2\/posts"}],"about":[{"href":"https:\/\/jornalfatosenoticias.com.br\/index.php\/wp-json\/wp\/v2\/types\/post"}],"author":[{"embeddable":true,"href":"https:\/\/jornalfatosenoticias.com.br\/index.php\/wp-json\/wp\/v2\/users\/2"}],"replies":[{"embeddable":true,"href":"https:\/\/jornalfatosenoticias.com.br\/index.php\/wp-json\/wp\/v2\/comments?post=49805"}],"version-history":[{"count":0,"href":"https:\/\/jornalfatosenoticias.com.br\/index.php\/wp-json\/wp\/v2\/posts\/49805\/revisions"}],"wp:featuredmedia":[{"embeddable":true,"href":"https:\/\/jornalfatosenoticias.com.br\/index.php\/wp-json\/wp\/v2\/media\/49806"}],"wp:attachment":[{"href":"https:\/\/jornalfatosenoticias.com.br\/index.php\/wp-json\/wp\/v2\/media?parent=49805"}],"wp:term":[{"taxonomy":"category","embeddable":true,"href":"https:\/\/jornalfatosenoticias.com.br\/index.php\/wp-json\/wp\/v2\/categories?post=49805"},{"taxonomy":"post_tag","embeddable":true,"href":"https:\/\/jornalfatosenoticias.com.br\/index.php\/wp-json\/wp\/v2\/tags?post=49805"}],"curies":[{"name":"wp","href":"https:\/\/api.w.org\/{rel}","templated":true}]}}