{"id":49811,"date":"2024-03-11T14:57:15","date_gmt":"2024-03-11T17:57:15","guid":{"rendered":"https:\/\/jornalfatosenoticias.com.br\/?p=49811"},"modified":"2024-03-11T14:58:14","modified_gmt":"2024-03-11T17:58:14","slug":"lula-tenta-assumir-as-redeas-da-governabilidade-em-novo-modelo-de-articulacao-com-congresso","status":"publish","type":"post","link":"https:\/\/jornalfatosenoticias.com.br\/index.php\/2024\/03\/11\/lula-tenta-assumir-as-redeas-da-governabilidade-em-novo-modelo-de-articulacao-com-congresso\/","title":{"rendered":"Lula tenta assumir as r\u00e9deas da governabilidade em novo modelo de articula\u00e7\u00e3o com Congresso"},"content":{"rendered":"\n<p><span class=\"has-inline-color has-black-color\"><em>Lula busca nova din\u00e2mica de relacionamento com os presidentes da C\u00e2mara, Arthur Lira (PP-AL), e do Senado, Rodrigo Pacheco (PSD-MG), por meio de encontros informais com parlamentares<\/em><\/span><\/p>\n\n\n\n<p><span class=\"has-inline-color has-black-color\">Por <strong><a href=\"https:\/\/www.gazetadopovo.com.br\/autor\/silvio-ribas\/\">S\u00edlvio Ribas<\/a><\/strong><\/span><\/p>\n\n\n\n<div class=\"wp-block-image\"><figure class=\"aligncenter size-large\"><img loading=\"lazy\" decoding=\"async\" width=\"729\" height=\"90\" src=\"https:\/\/jornalfatosenoticias.com.br\/wp-content\/uploads\/2020\/02\/Logo_Mizu.png\" alt=\"\" class=\"wp-image-1441\" srcset=\"https:\/\/jornalfatosenoticias.com.br\/wp-content\/uploads\/2020\/02\/Logo_Mizu.png 729w, https:\/\/jornalfatosenoticias.com.br\/wp-content\/uploads\/2020\/02\/Logo_Mizu-300x37.png 300w\" sizes=\"auto, (max-width: 729px) 100vw, 729px\" \/><\/figure><\/div>\n\n\n\n<p>No m\u00eas passado, Luiz In\u00e1cio Lula da Silva (PT) inaugurou uma abordagem inovadora na articula\u00e7\u00e3o de seu governo com o Congresso. Por meio de reuni\u00f5es informais noturnas no Pal\u00e1cio da Alvorada, ele busca estabelecer uma din\u00e2mica mais eficaz com os l\u00edderes de sua base parlamentar, assumindo pessoalmente as negocia\u00e7\u00f5es. Diante de uma s\u00e9rie de falhas por parte dos articuladores do Planalto, Lula procura criar canais diretos de comunica\u00e7\u00e3o com deputados e senadores para evitar controv\u00e9rsias e agilizar o processo de negocia\u00e7\u00e3o e tomada de decis\u00f5es.<br>Analistas consultados pela Gazeta do Povo sugerem que os gestos amig\u00e1veis e as demonstra\u00e7\u00f5es de prest\u00edgio nessas reuni\u00f5es t\u00eam como objetivo reativar o di\u00e1logo entre o Executivo e o Legislativo, ap\u00f3s a s\u00e9rie de conflitos em 2023. Os happy hours de Lula tamb\u00e9m visam evitar que a oposi\u00e7\u00e3o no Congresso ganhe ainda mais espa\u00e7o na agenda de vota\u00e7\u00f5es e em cargos estrat\u00e9gicos, enquanto tenta conter a crescente independ\u00eancia dos parlamentares, especialmente em rela\u00e7\u00e3o ao Or\u00e7amento da Uni\u00e3o.<\/p>\n\n\n\n<div class=\"wp-block-image\"><figure class=\"aligncenter size-large\"><img loading=\"lazy\" decoding=\"async\" width=\"400\" height=\"277\" src=\"https:\/\/jornalfatosenoticias.com.br\/wp-content\/uploads\/2023\/03\/logo-Panper_portal.jpg\" alt=\"\" class=\"wp-image-40208\" srcset=\"https:\/\/jornalfatosenoticias.com.br\/wp-content\/uploads\/2023\/03\/logo-Panper_portal.jpg 400w, https:\/\/jornalfatosenoticias.com.br\/wp-content\/uploads\/2023\/03\/logo-Panper_portal-300x208.jpg 300w\" sizes=\"auto, (max-width: 400px) 100vw, 400px\" \/><\/figure><\/div>\n\n\n\n<p>Ap\u00f3s os encontros iniciais com presidentes e l\u00edderes da C\u00e2mara em 22 de fevereiro e do Senado na \u00faltima ter\u00e7a-feira (2), Lula j\u00e1 at\u00e9 fala em uma &#8220;nova fase&#8221; para o governo. Durante a cerim\u00f4nia de apresenta\u00e7\u00e3o dos resultados do Novo PAC Solu\u00e7\u00f5es na quinta-feira (7), com previs\u00e3o de investimentos de R$ 65,2 bilh\u00f5es em todo o Pa\u00eds, ele destacou essa impress\u00e3o de novo momento para sua gest\u00e3o.<\/p>\n\n\n\n<div class=\"wp-block-image\"><figure class=\"aligncenter size-large\"><img decoding=\"async\" src=\"https:\/\/jornalfatosenoticias.com.br\/wp-content\/uploads\/2020\/02\/logo_esteio.jpg\" alt=\"\" class=\"wp-image-1214\"\/><\/figure><\/div>\n\n\n\n<p>Lula ressaltou os esfor\u00e7os nos primeiros 13 meses para &#8220;arrumar a casa&#8221; e anunciou uma s\u00e9rie de obras e investimentos para a &#8220;nova fase&#8221;. O presidente tamb\u00e9m mencionou o aumento da arrecada\u00e7\u00e3o da Uni\u00e3o em janeiro e indicou a necessidade de negociar com o Congresso a possibilidade de ampliar os investimentos em proveito desse ganho inesperado.<\/p>\n\n\n\n<div class=\"wp-block-image\"><figure class=\"aligncenter size-large\"><img loading=\"lazy\" decoding=\"async\" width=\"300\" height=\"250\" src=\"https:\/\/jornalfatosenoticias.com.br\/wp-content\/uploads\/2022\/02\/FERRARI_MAQUINAS-E-FERRAMENTAS2.jpg\" alt=\"\" class=\"wp-image-27860\"\/><\/figure><\/div>\n\n\n\n<p>Para Marcus Deois, diretor da consultoria \u00c9tica Intelig\u00eancia Pol\u00edtica, \u00e9 urgente para Lula restabelecer um di\u00e1logo produtivo entre o Planalto e o Congresso diante da polariza\u00e7\u00e3o persistente no pa\u00eds. No entanto, ele ressalta que \u00e9 prematuro afirmar se os recentes esfor\u00e7os de articula\u00e7\u00e3o indicam o in\u00edcio de uma &#8220;nova fase&#8221; governamental. Segundo Deois, uma abordagem mais consistente e rotineira ser\u00e1 necess\u00e1ria para alcan\u00e7ar uma mudan\u00e7a efetiva nas rela\u00e7\u00f5es cotidianas entre Parlamento e Planalto.<\/p>\n\n\n\n<div class=\"wp-block-image\"><figure class=\"aligncenter size-large is-resized\"><img loading=\"lazy\" decoding=\"async\" src=\"https:\/\/jornalfatosenoticias.com.br\/wp-content\/uploads\/2023\/12\/pegoretti-logo-pdf-1024x389.jpg\" alt=\"\" class=\"wp-image-47536\" width=\"540\" height=\"205\" srcset=\"https:\/\/jornalfatosenoticias.com.br\/wp-content\/uploads\/2023\/12\/pegoretti-logo-pdf-1024x389.jpg 1024w, https:\/\/jornalfatosenoticias.com.br\/wp-content\/uploads\/2023\/12\/pegoretti-logo-pdf-300x114.jpg 300w, https:\/\/jornalfatosenoticias.com.br\/wp-content\/uploads\/2023\/12\/pegoretti-logo-pdf-768x291.jpg 768w, https:\/\/jornalfatosenoticias.com.br\/wp-content\/uploads\/2023\/12\/pegoretti-logo-pdf.jpg 1120w\" sizes=\"auto, (max-width: 540px) 100vw, 540px\" \/><\/figure><\/div>\n\n\n\n<p><strong><span class=\"has-inline-color has-black-color\">Lula aposta nas rela\u00e7\u00f5es pessoais para melhorar ambiente pol\u00edtico<br><\/span><\/strong>Esse redirecionamento proposto ocorre em um momento em que a gest\u00e3o petista enfrenta queda nos \u00edndices de aprova\u00e7\u00e3o popular e a oposi\u00e7\u00e3o se mobiliza para criar obst\u00e1culos ao presidente, sobretudo em um ano de elei\u00e7\u00f5es municipais consideradas cruciais para o cen\u00e1rio pol\u00edtico em 2026.<\/p>\n\n\n\n<div class=\"wp-block-image\"><figure class=\"aligncenter size-large is-resized\"><img loading=\"lazy\" decoding=\"async\" src=\"https:\/\/jornalfatosenoticias.com.br\/wp-content\/uploads\/2023\/03\/nova-logo-Marquetti.jpg\" alt=\"\" class=\"wp-image-40207\" width=\"345\" height=\"232\" srcset=\"https:\/\/jornalfatosenoticias.com.br\/wp-content\/uploads\/2023\/03\/nova-logo-Marquetti.jpg 643w, https:\/\/jornalfatosenoticias.com.br\/wp-content\/uploads\/2023\/03\/nova-logo-Marquetti-300x202.jpg 300w\" sizes=\"auto, (max-width: 345px) 100vw, 345px\" \/><\/figure><\/div>\n\n\n\n<p>O professor Eduardo Galv\u00e3o, especialista em pol\u00edticas p\u00fablicas e rela\u00e7\u00f5es institucionais, destaca que a ado\u00e7\u00e3o dos happy hours por Lula reflete o reconhecimento do papel das rela\u00e7\u00f5es interpessoais na pol\u00edtica, sendo um esfor\u00e7o para adaptar estrat\u00e9gias de comunica\u00e7\u00e3o e negocia\u00e7\u00e3o a um contexto din\u00e2mico.<\/p>\n\n\n\n<div class=\"wp-block-image\"><figure class=\"aligncenter size-large is-resized\"><img loading=\"lazy\" decoding=\"async\" src=\"https:\/\/jornalfatosenoticias.com.br\/wp-content\/uploads\/2023\/08\/BKR-1024x1021.jpg\" alt=\"\" class=\"wp-image-44494\" width=\"305\" height=\"304\" srcset=\"https:\/\/jornalfatosenoticias.com.br\/wp-content\/uploads\/2023\/08\/BKR-1024x1021.jpg 1024w, https:\/\/jornalfatosenoticias.com.br\/wp-content\/uploads\/2023\/08\/BKR-300x300.jpg 300w, https:\/\/jornalfatosenoticias.com.br\/wp-content\/uploads\/2023\/08\/BKR-150x150.jpg 150w, https:\/\/jornalfatosenoticias.com.br\/wp-content\/uploads\/2023\/08\/BKR-768x766.jpg 768w, https:\/\/jornalfatosenoticias.com.br\/wp-content\/uploads\/2023\/08\/BKR.jpg 1080w\" sizes=\"auto, (max-width: 305px) 100vw, 305px\" \/><\/figure><\/div>\n\n\n\n<p>O professor do Ibmec-DF observa que a estrat\u00e9gia de confraterniza\u00e7\u00f5es \u00e9 antiga, mas poderosa ao criar um ambiente prop\u00edcio para intera\u00e7\u00f5es mais humanas entre l\u00edderes pol\u00edticos. Ele espera que esses encontros se tornem ferramentas de negocia\u00e7\u00e3o, permitindo abordar assuntos delicados de maneira menos confrontadora. \u201cSe a nova abordagem levar\u00e1 a uma nova fase do governo, s\u00f3 o tempo dir\u00e1. De toda forma, \u00e9 ineg\u00e1vel que ela representa uma tentativa de engajamento pol\u00edtico, com potencial para fortalecer alian\u00e7as e facilitar a governabilidade\u201d, sublinhou.<\/p>\n\n\n\n<div class=\"wp-block-image\"><figure class=\"aligncenter size-large is-resized\"><img loading=\"lazy\" decoding=\"async\" src=\"https:\/\/jornalfatosenoticias.com.br\/wp-content\/uploads\/2020\/02\/CONTROL-CS.jpg\" alt=\"\" class=\"wp-image-44991\" width=\"299\" height=\"358\" srcset=\"https:\/\/jornalfatosenoticias.com.br\/wp-content\/uploads\/2020\/02\/CONTROL-CS.jpg 834w, https:\/\/jornalfatosenoticias.com.br\/wp-content\/uploads\/2020\/02\/CONTROL-CS-250x300.jpg 250w, https:\/\/jornalfatosenoticias.com.br\/wp-content\/uploads\/2020\/02\/CONTROL-CS-768x921.jpg 768w\" sizes=\"auto, (max-width: 299px) 100vw, 299px\" \/><\/figure><\/div>\n\n\n\n<p>No encontro na resid\u00eancia oficial com senadores aliados e o presidente do Senado, Rodrigo Pacheco (PSD-MG), ficou evidente que o objetivo principal \u00e9 investir no esp\u00edrito de confraterniza\u00e7\u00e3o e de maior proximidade entre os atores, para fortalecer as rela\u00e7\u00f5es pessoais. \u201cNo happy hour, se conversa sobre tudo\u201d, disse o ministro das Rela\u00e7\u00f5es Institucionais, Alexandre Padilha, na ocasi\u00e3o regada a whisky, sem deixar de listar as prioridades do governo no ano, como a reonera\u00e7\u00e3o da folha de pagamentos de 17 setores.<\/p>\n\n\n\n<div class=\"wp-block-image\"><figure class=\"aligncenter size-large is-resized\"><img loading=\"lazy\" decoding=\"async\" src=\"https:\/\/jornalfatosenoticias.com.br\/wp-content\/uploads\/2020\/02\/logo-Rapuzel-1024x571.jpg\" alt=\"\" class=\"wp-image-42808\" width=\"368\" height=\"205\" srcset=\"https:\/\/jornalfatosenoticias.com.br\/wp-content\/uploads\/2020\/02\/logo-Rapuzel-1024x571.jpg 1024w, https:\/\/jornalfatosenoticias.com.br\/wp-content\/uploads\/2020\/02\/logo-Rapuzel-300x167.jpg 300w, https:\/\/jornalfatosenoticias.com.br\/wp-content\/uploads\/2020\/02\/logo-Rapuzel-768x428.jpg 768w, https:\/\/jornalfatosenoticias.com.br\/wp-content\/uploads\/2020\/02\/logo-Rapuzel-1536x856.jpg 1536w, https:\/\/jornalfatosenoticias.com.br\/wp-content\/uploads\/2020\/02\/logo-Rapuzel.jpg 1600w\" sizes=\"auto, (max-width: 368px) 100vw, 368px\" \/><\/figure><\/div>\n\n\n\n<p>Lula aproveitou a oportunidade, tal qual fez no encontro informal anterior, com deputados no Alvorada, para agradecer a aprova\u00e7\u00e3o no Congresso da agenda da economia em 2023, com o marco fiscal e a reforma tribut\u00e1ria, e exaltar investimentos.<\/p>\n\n\n\n<div class=\"wp-block-image\"><figure class=\"aligncenter size-large is-resized\"><img loading=\"lazy\" decoding=\"async\" src=\"https:\/\/jornalfatosenoticias.com.br\/wp-content\/uploads\/2024\/01\/consultoria-ambiental.jpg\" alt=\"\" class=\"wp-image-48314\" width=\"325\" height=\"294\" srcset=\"https:\/\/jornalfatosenoticias.com.br\/wp-content\/uploads\/2024\/01\/consultoria-ambiental.jpg 832w, https:\/\/jornalfatosenoticias.com.br\/wp-content\/uploads\/2024\/01\/consultoria-ambiental-300x272.jpg 300w, https:\/\/jornalfatosenoticias.com.br\/wp-content\/uploads\/2024\/01\/consultoria-ambiental-768x696.jpg 768w\" sizes=\"auto, (max-width: 325px) 100vw, 325px\" \/><\/figure><\/div>\n\n\n\n<p>O \u00fanico pedido que o chefe do Executivo ouviu veio da senadora Eliziane Gama (PSD-MA). Ela cobrou dele uma reuni\u00e3o com a bancada feminina do Senado e ouviu que um jantar dever\u00e1 ser agendado. Ela tenta construir uma candidatura alternativa \u00e0 sucess\u00e3o de Pacheco e busca o apoio improv\u00e1vel de Lula, que j\u00e1 se comprometeu com apoio a Davi Alcolumbre (Uni\u00e3o Brasil-AP). Presente ao encontro, Alcolumbre se apresentou como nome capaz de garantir votos em pautas sem consenso f\u00e1cil, fazendo a ponte entre senadores de opini\u00f5es adversas. De um modo geral, Lula percebeu as cr\u00edticas de senadores de que tem dado mais aten\u00e7\u00e3o \u00e0s rela\u00e7\u00f5es com representantes da C\u00e2mara. Ele prometeu mais conversas, mas evitou fixar datas de novos encontros.<\/p>\n\n\n\n<div class=\"wp-block-image\"><figure class=\"aligncenter size-large\"><img decoding=\"async\" src=\"https:\/\/jornalfatosenoticias.com.br\/wp-content\/uploads\/2020\/02\/logo_esteio.jpg\" alt=\"\" class=\"wp-image-1214\"\/><\/figure><\/div>\n\n\n\n<p><strong><span class=\"has-inline-color has-black-color\">Apesar da cobran\u00e7a de Lira, Padilha continua ministro<br><\/span><\/strong>Durante o happy hour com os deputados, Lula tamb\u00e9m se comprometeu a ficar mais pr\u00f3ximo dos congressistas neste ano, mas sem institucionalizar os contatos. No primeiro ensaio dessa estrat\u00e9gia, Lula n\u00e3o deu mostras de que afastar\u00e1 o ministro Alexandre Padilha do posto de principal articulador do Pal\u00e1cio, uma velha cobran\u00e7a de Lira. O clima era de descontra\u00e7\u00e3o entre ministros e parlamentares, com exce\u00e7\u00e3o de Padilha e Lira, que quase n\u00e3o mais se falam desde o fim do ano. Os ru\u00eddos da rela\u00e7\u00e3o entre Congresso e Planalto se acentuaram em dezembro, com reclama\u00e7\u00f5es dos parlamentares sobre bloqueio na libera\u00e7\u00e3o de emendas.<\/p>\n\n\n\n<div class=\"wp-block-image\"><figure class=\"aligncenter size-large is-resized\"><img loading=\"lazy\" decoding=\"async\" src=\"https:\/\/jornalfatosenoticias.com.br\/wp-content\/uploads\/2023\/09\/vetorvix1024_1.jpg\" alt=\"\" class=\"wp-image-44868\" width=\"528\" height=\"140\" srcset=\"https:\/\/jornalfatosenoticias.com.br\/wp-content\/uploads\/2023\/09\/vetorvix1024_1.jpg 1024w, https:\/\/jornalfatosenoticias.com.br\/wp-content\/uploads\/2023\/09\/vetorvix1024_1-300x80.jpg 300w, https:\/\/jornalfatosenoticias.com.br\/wp-content\/uploads\/2023\/09\/vetorvix1024_1-768x205.jpg 768w\" sizes=\"auto, (max-width: 528px) 100vw, 528px\" \/><\/figure><\/div>\n\n\n\n<p>O presidente da C\u00e2mara j\u00e1 havia aconselhado a Lula na sua \u00faltima reuni\u00e3o com ele, antes do Carnaval, a ter uma rotina de rodadas de encontros informais com representantes do Congresso como forma de aproxim\u00e1-los do Planalto. Com arrecada\u00e7\u00e3o em alta, a articula\u00e7\u00e3o pol\u00edtica parece ganhar tempo para negociar com l\u00edderes. Mesmo assim, logo ap\u00f3s o happy hour com l\u00edderes da C\u00e2mara, Lula autorizou pagamento de R$ 20,5 bilh\u00f5es em emendas antes de elei\u00e7\u00f5es municipais e encaminhou mudan\u00e7as na Medida Provis\u00f3ria (MP) que afronta diferentes decis\u00f5es do Congresso.<\/p>\n\n\n\n<div class=\"wp-block-image\"><figure class=\"aligncenter size-large\"><img decoding=\"async\" src=\"https:\/\/jornalfatosenoticias.com.br\/wp-content\/uploads\/2020\/02\/barao-das-carnes-300x164-1.jpg\" alt=\"\" class=\"wp-image-34339\"\/><\/figure><\/div>\n\n\n\n<p>Os desafios para o novo modelo de articula\u00e7\u00e3o s\u00e3o muitos e j\u00e1 ganharam novos complicadores, mesmo ap\u00f3s as confraterniza\u00e7\u00f5es no Alvorada. Em derrota para Lula, a oposi\u00e7\u00e3o conquistou nesta semana comiss\u00f5es centrais da C\u00e2mara, com aliados do ex-presidente Jair Bolsonaro (PL) que comandar\u00e3o colegiados mais cobi\u00e7ados e poder\u00e3o perturbar os planos do governo.<\/p>\n\n\n\n<p><em><span class=\"has-inline-color has-black-color\">(<strong>Foto:<\/strong> Fabio Rodrigues-Pozzebom\/Ag\u00eancia Brasil)<\/span><\/em><\/p>\n\n\n\n<div class=\"wp-block-image\"><figure class=\"aligncenter size-large is-resized\"><img loading=\"lazy\" decoding=\"async\" src=\"https:\/\/jornalfatosenoticias.com.br\/wp-content\/uploads\/2023\/08\/ITH.jpeg\" alt=\"\" class=\"wp-image-44638\" width=\"320\" height=\"260\" srcset=\"https:\/\/jornalfatosenoticias.com.br\/wp-content\/uploads\/2023\/08\/ITH.jpeg 800w, https:\/\/jornalfatosenoticias.com.br\/wp-content\/uploads\/2023\/08\/ITH-300x244.jpeg 300w, https:\/\/jornalfatosenoticias.com.br\/wp-content\/uploads\/2023\/08\/ITH-768x624.jpeg 768w\" sizes=\"auto, (max-width: 320px) 100vw, 320px\" \/><\/figure><\/div>\n\n\n\n<p><strong><em>Fonte: <a href=\"https:\/\/www.gazetadopovo.com.br\/republica\/lula-tenta-assumir-as-redeas-da-governabilidade-em-novo-modelo-de-articulacao-com-congresso\/\">Gazeta do Povo<\/a><\/em><\/strong><\/p>\n","protected":false},"excerpt":{"rendered":"<p>Lula busca nova din\u00e2mica de relacionamento com os presidentes da C\u00e2mara, Arthur Lira (PP-AL), e do Senado, Rodrigo Pacheco (PSD-MG), por meio de encontros informais com parlamentares Por S\u00edlvio Ribas No m\u00eas passado, Luiz In\u00e1cio Lula da Silva (PT) inaugurou uma abordagem inovadora na articula\u00e7\u00e3o de seu governo com o Congresso. Por meio de reuni\u00f5es [&hellip;]<\/p>\n","protected":false},"author":2,"featured_media":49812,"comment_status":"open","ping_status":"open","sticky":false,"template":"","format":"standard","meta":{"footnotes":""},"categories":[10],"tags":[982,23023,7580,23024,545,22305,486],"class_list":["post-49811","post","type-post","status-publish","format-standard","has-post-thumbnail","hentry","category-politica","tag-camara-dos-deputados","tag-lira","tag-lula","tag-pacheco","tag-politica","tag-relacao-entre-os-poderes","tag-senado"],"yoast_head":"<!-- This site is optimized with the Yoast SEO plugin v26.5 - https:\/\/yoast.com\/wordpress\/plugins\/seo\/ -->\n<title>Lula tenta assumir as r\u00e9deas da governabilidade em novo modelo de articula\u00e7\u00e3o com Congresso - Jornal Fatos e Not\u00edcias<\/title>\n<meta name=\"robots\" content=\"index, follow, max-snippet:-1, max-image-preview:large, max-video-preview:-1\" \/>\n<link rel=\"canonical\" href=\"https:\/\/jornalfatosenoticias.com.br\/index.php\/2024\/03\/11\/lula-tenta-assumir-as-redeas-da-governabilidade-em-novo-modelo-de-articulacao-com-congresso\/\" \/>\n<meta property=\"og:locale\" content=\"pt_BR\" \/>\n<meta property=\"og:type\" content=\"article\" \/>\n<meta property=\"og:title\" content=\"Lula tenta assumir as r\u00e9deas da governabilidade em novo modelo de articula\u00e7\u00e3o com Congresso - Jornal Fatos e Not\u00edcias\" \/>\n<meta property=\"og:description\" content=\"Lula busca nova din\u00e2mica de relacionamento com os presidentes da C\u00e2mara, Arthur Lira (PP-AL), e do Senado, Rodrigo Pacheco (PSD-MG), por meio de encontros informais com parlamentares Por S\u00edlvio Ribas No m\u00eas passado, Luiz In\u00e1cio Lula da Silva (PT) inaugurou uma abordagem inovadora na articula\u00e7\u00e3o de seu governo com o Congresso. Por meio de reuni\u00f5es [&hellip;]\" \/>\n<meta property=\"og:url\" content=\"https:\/\/jornalfatosenoticias.com.br\/index.php\/2024\/03\/11\/lula-tenta-assumir-as-redeas-da-governabilidade-em-novo-modelo-de-articulacao-com-congresso\/\" \/>\n<meta property=\"og:site_name\" content=\"Jornal Fatos e Not\u00edcias\" \/>\n<meta property=\"article:published_time\" content=\"2024-03-11T17:57:15+00:00\" \/>\n<meta property=\"article:modified_time\" content=\"2024-03-11T17:58:14+00:00\" \/>\n<meta property=\"og:image\" content=\"https:\/\/jornalfatosenoticias.com.br\/wp-content\/uploads\/2024\/03\/lula-pacheco-lira.jpeg\" \/>\n\t<meta property=\"og:image:width\" content=\"960\" \/>\n\t<meta property=\"og:image:height\" content=\"540\" \/>\n\t<meta property=\"og:image:type\" content=\"image\/jpeg\" \/>\n<meta name=\"author\" content=\"Luzimara Fernandes\" \/>\n<meta name=\"twitter:card\" content=\"summary_large_image\" \/>\n<meta name=\"twitter:label1\" content=\"Escrito por\" \/>\n\t<meta name=\"twitter:data1\" content=\"Luzimara Fernandes\" \/>\n\t<meta name=\"twitter:label2\" content=\"Est. tempo de leitura\" \/>\n\t<meta name=\"twitter:data2\" content=\"6 minutos\" \/>\n<script type=\"application\/ld+json\" class=\"yoast-schema-graph\">{\"@context\":\"https:\/\/schema.org\",\"@graph\":[{\"@type\":\"Article\",\"@id\":\"https:\/\/jornalfatosenoticias.com.br\/index.php\/2024\/03\/11\/lula-tenta-assumir-as-redeas-da-governabilidade-em-novo-modelo-de-articulacao-com-congresso\/#article\",\"isPartOf\":{\"@id\":\"https:\/\/jornalfatosenoticias.com.br\/index.php\/2024\/03\/11\/lula-tenta-assumir-as-redeas-da-governabilidade-em-novo-modelo-de-articulacao-com-congresso\/\"},\"author\":{\"name\":\"Luzimara Fernandes\",\"@id\":\"https:\/\/jornalfatosenoticias.com.br\/#\/schema\/person\/d63837fa13ac8666eb9e74e0985d6f81\"},\"headline\":\"Lula tenta assumir as r\u00e9deas da governabilidade em novo modelo de articula\u00e7\u00e3o com Congresso\",\"datePublished\":\"2024-03-11T17:57:15+00:00\",\"dateModified\":\"2024-03-11T17:58:14+00:00\",\"mainEntityOfPage\":{\"@id\":\"https:\/\/jornalfatosenoticias.com.br\/index.php\/2024\/03\/11\/lula-tenta-assumir-as-redeas-da-governabilidade-em-novo-modelo-de-articulacao-com-congresso\/\"},\"wordCount\":1216,\"commentCount\":0,\"publisher\":{\"@id\":\"https:\/\/jornalfatosenoticias.com.br\/#organization\"},\"image\":{\"@id\":\"https:\/\/jornalfatosenoticias.com.br\/index.php\/2024\/03\/11\/lula-tenta-assumir-as-redeas-da-governabilidade-em-novo-modelo-de-articulacao-com-congresso\/#primaryimage\"},\"thumbnailUrl\":\"https:\/\/jornalfatosenoticias.com.br\/wp-content\/uploads\/2024\/03\/lula-pacheco-lira.jpeg\",\"keywords\":[\"C\u00e2mara dos Deputados\",\"Lira\",\"Lula\",\"Pacheco\",\"pol\u00edtica\",\"rela\u00e7\u00e3o entre os poderes\",\"Senado\"],\"articleSection\":[\"Pol\u00edtica\"],\"inLanguage\":\"pt-BR\",\"potentialAction\":[{\"@type\":\"CommentAction\",\"name\":\"Comment\",\"target\":[\"https:\/\/jornalfatosenoticias.com.br\/index.php\/2024\/03\/11\/lula-tenta-assumir-as-redeas-da-governabilidade-em-novo-modelo-de-articulacao-com-congresso\/#respond\"]}]},{\"@type\":\"WebPage\",\"@id\":\"https:\/\/jornalfatosenoticias.com.br\/index.php\/2024\/03\/11\/lula-tenta-assumir-as-redeas-da-governabilidade-em-novo-modelo-de-articulacao-com-congresso\/\",\"url\":\"https:\/\/jornalfatosenoticias.com.br\/index.php\/2024\/03\/11\/lula-tenta-assumir-as-redeas-da-governabilidade-em-novo-modelo-de-articulacao-com-congresso\/\",\"name\":\"Lula tenta assumir as r\u00e9deas da governabilidade em novo modelo de articula\u00e7\u00e3o com Congresso - Jornal Fatos e Not\u00edcias\",\"isPartOf\":{\"@id\":\"https:\/\/jornalfatosenoticias.com.br\/#website\"},\"primaryImageOfPage\":{\"@id\":\"https:\/\/jornalfatosenoticias.com.br\/index.php\/2024\/03\/11\/lula-tenta-assumir-as-redeas-da-governabilidade-em-novo-modelo-de-articulacao-com-congresso\/#primaryimage\"},\"image\":{\"@id\":\"https:\/\/jornalfatosenoticias.com.br\/index.php\/2024\/03\/11\/lula-tenta-assumir-as-redeas-da-governabilidade-em-novo-modelo-de-articulacao-com-congresso\/#primaryimage\"},\"thumbnailUrl\":\"https:\/\/jornalfatosenoticias.com.br\/wp-content\/uploads\/2024\/03\/lula-pacheco-lira.jpeg\",\"datePublished\":\"2024-03-11T17:57:15+00:00\",\"dateModified\":\"2024-03-11T17:58:14+00:00\",\"breadcrumb\":{\"@id\":\"https:\/\/jornalfatosenoticias.com.br\/index.php\/2024\/03\/11\/lula-tenta-assumir-as-redeas-da-governabilidade-em-novo-modelo-de-articulacao-com-congresso\/#breadcrumb\"},\"inLanguage\":\"pt-BR\",\"potentialAction\":[{\"@type\":\"ReadAction\",\"target\":[\"https:\/\/jornalfatosenoticias.com.br\/index.php\/2024\/03\/11\/lula-tenta-assumir-as-redeas-da-governabilidade-em-novo-modelo-de-articulacao-com-congresso\/\"]}]},{\"@type\":\"ImageObject\",\"inLanguage\":\"pt-BR\",\"@id\":\"https:\/\/jornalfatosenoticias.com.br\/index.php\/2024\/03\/11\/lula-tenta-assumir-as-redeas-da-governabilidade-em-novo-modelo-de-articulacao-com-congresso\/#primaryimage\",\"url\":\"https:\/\/jornalfatosenoticias.com.br\/wp-content\/uploads\/2024\/03\/lula-pacheco-lira.jpeg\",\"contentUrl\":\"https:\/\/jornalfatosenoticias.com.br\/wp-content\/uploads\/2024\/03\/lula-pacheco-lira.jpeg\",\"width\":960,\"height\":540},{\"@type\":\"BreadcrumbList\",\"@id\":\"https:\/\/jornalfatosenoticias.com.br\/index.php\/2024\/03\/11\/lula-tenta-assumir-as-redeas-da-governabilidade-em-novo-modelo-de-articulacao-com-congresso\/#breadcrumb\",\"itemListElement\":[{\"@type\":\"ListItem\",\"position\":1,\"name\":\"In\u00edcio\",\"item\":\"https:\/\/jornalfatosenoticias.com.br\/\"},{\"@type\":\"ListItem\",\"position\":2,\"name\":\"Lula tenta assumir as r\u00e9deas da governabilidade em novo modelo de articula\u00e7\u00e3o com Congresso\"}]},{\"@type\":\"WebSite\",\"@id\":\"https:\/\/jornalfatosenoticias.com.br\/#website\",\"url\":\"https:\/\/jornalfatosenoticias.com.br\/\",\"name\":\"Jornal Fatos e Not\u00edcias\",\"description\":\"Not\u00edcias em geral\",\"publisher\":{\"@id\":\"https:\/\/jornalfatosenoticias.com.br\/#organization\"},\"potentialAction\":[{\"@type\":\"SearchAction\",\"target\":{\"@type\":\"EntryPoint\",\"urlTemplate\":\"https:\/\/jornalfatosenoticias.com.br\/?s={search_term_string}\"},\"query-input\":{\"@type\":\"PropertyValueSpecification\",\"valueRequired\":true,\"valueName\":\"search_term_string\"}}],\"inLanguage\":\"pt-BR\"},{\"@type\":\"Organization\",\"@id\":\"https:\/\/jornalfatosenoticias.com.br\/#organization\",\"name\":\"Jornal Fatos e Not\u00edcias\",\"url\":\"https:\/\/jornalfatosenoticias.com.br\/\",\"logo\":{\"@type\":\"ImageObject\",\"inLanguage\":\"pt-BR\",\"@id\":\"https:\/\/jornalfatosenoticias.com.br\/#\/schema\/logo\/image\/\",\"url\":\"https:\/\/jornalfatosenoticias.com.br\/wp-content\/uploads\/2020\/02\/logo120.png\",\"contentUrl\":\"https:\/\/jornalfatosenoticias.com.br\/wp-content\/uploads\/2020\/02\/logo120.png\",\"width\":1227,\"height\":120,\"caption\":\"Jornal Fatos e Not\u00edcias\"},\"image\":{\"@id\":\"https:\/\/jornalfatosenoticias.com.br\/#\/schema\/logo\/image\/\"}},{\"@type\":\"Person\",\"@id\":\"https:\/\/jornalfatosenoticias.com.br\/#\/schema\/person\/d63837fa13ac8666eb9e74e0985d6f81\",\"name\":\"Luzimara Fernandes\",\"image\":{\"@type\":\"ImageObject\",\"inLanguage\":\"pt-BR\",\"@id\":\"https:\/\/jornalfatosenoticias.com.br\/#\/schema\/person\/image\/\",\"url\":\"https:\/\/jornalfatosenoticias.com.br\/wp-content\/uploads\/2025\/05\/EU_portal.jpg\",\"contentUrl\":\"https:\/\/jornalfatosenoticias.com.br\/wp-content\/uploads\/2025\/05\/EU_portal.jpg\",\"caption\":\"Luzimara Fernandes\"},\"description\":\"Jornalista MTB 2358-ES\",\"sameAs\":[\"https:\/\/jornalfatosenoticias.com.br\"],\"url\":\"https:\/\/jornalfatosenoticias.com.br\/index.php\/author\/luzimara\/\"}]}<\/script>\n<!-- \/ Yoast SEO plugin. -->","yoast_head_json":{"title":"Lula tenta assumir as r\u00e9deas da governabilidade em novo modelo de articula\u00e7\u00e3o com Congresso - Jornal Fatos e Not\u00edcias","robots":{"index":"index","follow":"follow","max-snippet":"max-snippet:-1","max-image-preview":"max-image-preview:large","max-video-preview":"max-video-preview:-1"},"canonical":"https:\/\/jornalfatosenoticias.com.br\/index.php\/2024\/03\/11\/lula-tenta-assumir-as-redeas-da-governabilidade-em-novo-modelo-de-articulacao-com-congresso\/","og_locale":"pt_BR","og_type":"article","og_title":"Lula tenta assumir as r\u00e9deas da governabilidade em novo modelo de articula\u00e7\u00e3o com Congresso - Jornal Fatos e Not\u00edcias","og_description":"Lula busca nova din\u00e2mica de relacionamento com os presidentes da C\u00e2mara, Arthur Lira (PP-AL), e do Senado, Rodrigo Pacheco (PSD-MG), por meio de encontros informais com parlamentares Por S\u00edlvio Ribas No m\u00eas passado, Luiz In\u00e1cio Lula da Silva (PT) inaugurou uma abordagem inovadora na articula\u00e7\u00e3o de seu governo com o Congresso. Por meio de reuni\u00f5es [&hellip;]","og_url":"https:\/\/jornalfatosenoticias.com.br\/index.php\/2024\/03\/11\/lula-tenta-assumir-as-redeas-da-governabilidade-em-novo-modelo-de-articulacao-com-congresso\/","og_site_name":"Jornal Fatos e Not\u00edcias","article_published_time":"2024-03-11T17:57:15+00:00","article_modified_time":"2024-03-11T17:58:14+00:00","og_image":[{"width":960,"height":540,"url":"https:\/\/jornalfatosenoticias.com.br\/wp-content\/uploads\/2024\/03\/lula-pacheco-lira.jpeg","type":"image\/jpeg"}],"author":"Luzimara Fernandes","twitter_card":"summary_large_image","twitter_misc":{"Escrito por":"Luzimara Fernandes","Est. tempo de leitura":"6 minutos"},"schema":{"@context":"https:\/\/schema.org","@graph":[{"@type":"Article","@id":"https:\/\/jornalfatosenoticias.com.br\/index.php\/2024\/03\/11\/lula-tenta-assumir-as-redeas-da-governabilidade-em-novo-modelo-de-articulacao-com-congresso\/#article","isPartOf":{"@id":"https:\/\/jornalfatosenoticias.com.br\/index.php\/2024\/03\/11\/lula-tenta-assumir-as-redeas-da-governabilidade-em-novo-modelo-de-articulacao-com-congresso\/"},"author":{"name":"Luzimara Fernandes","@id":"https:\/\/jornalfatosenoticias.com.br\/#\/schema\/person\/d63837fa13ac8666eb9e74e0985d6f81"},"headline":"Lula tenta assumir as r\u00e9deas da governabilidade em novo modelo de articula\u00e7\u00e3o com Congresso","datePublished":"2024-03-11T17:57:15+00:00","dateModified":"2024-03-11T17:58:14+00:00","mainEntityOfPage":{"@id":"https:\/\/jornalfatosenoticias.com.br\/index.php\/2024\/03\/11\/lula-tenta-assumir-as-redeas-da-governabilidade-em-novo-modelo-de-articulacao-com-congresso\/"},"wordCount":1216,"commentCount":0,"publisher":{"@id":"https:\/\/jornalfatosenoticias.com.br\/#organization"},"image":{"@id":"https:\/\/jornalfatosenoticias.com.br\/index.php\/2024\/03\/11\/lula-tenta-assumir-as-redeas-da-governabilidade-em-novo-modelo-de-articulacao-com-congresso\/#primaryimage"},"thumbnailUrl":"https:\/\/jornalfatosenoticias.com.br\/wp-content\/uploads\/2024\/03\/lula-pacheco-lira.jpeg","keywords":["C\u00e2mara dos Deputados","Lira","Lula","Pacheco","pol\u00edtica","rela\u00e7\u00e3o entre os poderes","Senado"],"articleSection":["Pol\u00edtica"],"inLanguage":"pt-BR","potentialAction":[{"@type":"CommentAction","name":"Comment","target":["https:\/\/jornalfatosenoticias.com.br\/index.php\/2024\/03\/11\/lula-tenta-assumir-as-redeas-da-governabilidade-em-novo-modelo-de-articulacao-com-congresso\/#respond"]}]},{"@type":"WebPage","@id":"https:\/\/jornalfatosenoticias.com.br\/index.php\/2024\/03\/11\/lula-tenta-assumir-as-redeas-da-governabilidade-em-novo-modelo-de-articulacao-com-congresso\/","url":"https:\/\/jornalfatosenoticias.com.br\/index.php\/2024\/03\/11\/lula-tenta-assumir-as-redeas-da-governabilidade-em-novo-modelo-de-articulacao-com-congresso\/","name":"Lula tenta assumir as r\u00e9deas da governabilidade em novo modelo de articula\u00e7\u00e3o com Congresso - Jornal Fatos e Not\u00edcias","isPartOf":{"@id":"https:\/\/jornalfatosenoticias.com.br\/#website"},"primaryImageOfPage":{"@id":"https:\/\/jornalfatosenoticias.com.br\/index.php\/2024\/03\/11\/lula-tenta-assumir-as-redeas-da-governabilidade-em-novo-modelo-de-articulacao-com-congresso\/#primaryimage"},"image":{"@id":"https:\/\/jornalfatosenoticias.com.br\/index.php\/2024\/03\/11\/lula-tenta-assumir-as-redeas-da-governabilidade-em-novo-modelo-de-articulacao-com-congresso\/#primaryimage"},"thumbnailUrl":"https:\/\/jornalfatosenoticias.com.br\/wp-content\/uploads\/2024\/03\/lula-pacheco-lira.jpeg","datePublished":"2024-03-11T17:57:15+00:00","dateModified":"2024-03-11T17:58:14+00:00","breadcrumb":{"@id":"https:\/\/jornalfatosenoticias.com.br\/index.php\/2024\/03\/11\/lula-tenta-assumir-as-redeas-da-governabilidade-em-novo-modelo-de-articulacao-com-congresso\/#breadcrumb"},"inLanguage":"pt-BR","potentialAction":[{"@type":"ReadAction","target":["https:\/\/jornalfatosenoticias.com.br\/index.php\/2024\/03\/11\/lula-tenta-assumir-as-redeas-da-governabilidade-em-novo-modelo-de-articulacao-com-congresso\/"]}]},{"@type":"ImageObject","inLanguage":"pt-BR","@id":"https:\/\/jornalfatosenoticias.com.br\/index.php\/2024\/03\/11\/lula-tenta-assumir-as-redeas-da-governabilidade-em-novo-modelo-de-articulacao-com-congresso\/#primaryimage","url":"https:\/\/jornalfatosenoticias.com.br\/wp-content\/uploads\/2024\/03\/lula-pacheco-lira.jpeg","contentUrl":"https:\/\/jornalfatosenoticias.com.br\/wp-content\/uploads\/2024\/03\/lula-pacheco-lira.jpeg","width":960,"height":540},{"@type":"BreadcrumbList","@id":"https:\/\/jornalfatosenoticias.com.br\/index.php\/2024\/03\/11\/lula-tenta-assumir-as-redeas-da-governabilidade-em-novo-modelo-de-articulacao-com-congresso\/#breadcrumb","itemListElement":[{"@type":"ListItem","position":1,"name":"In\u00edcio","item":"https:\/\/jornalfatosenoticias.com.br\/"},{"@type":"ListItem","position":2,"name":"Lula tenta assumir as r\u00e9deas da governabilidade em novo modelo de articula\u00e7\u00e3o com Congresso"}]},{"@type":"WebSite","@id":"https:\/\/jornalfatosenoticias.com.br\/#website","url":"https:\/\/jornalfatosenoticias.com.br\/","name":"Jornal Fatos e Not\u00edcias","description":"Not\u00edcias em geral","publisher":{"@id":"https:\/\/jornalfatosenoticias.com.br\/#organization"},"potentialAction":[{"@type":"SearchAction","target":{"@type":"EntryPoint","urlTemplate":"https:\/\/jornalfatosenoticias.com.br\/?s={search_term_string}"},"query-input":{"@type":"PropertyValueSpecification","valueRequired":true,"valueName":"search_term_string"}}],"inLanguage":"pt-BR"},{"@type":"Organization","@id":"https:\/\/jornalfatosenoticias.com.br\/#organization","name":"Jornal Fatos e Not\u00edcias","url":"https:\/\/jornalfatosenoticias.com.br\/","logo":{"@type":"ImageObject","inLanguage":"pt-BR","@id":"https:\/\/jornalfatosenoticias.com.br\/#\/schema\/logo\/image\/","url":"https:\/\/jornalfatosenoticias.com.br\/wp-content\/uploads\/2020\/02\/logo120.png","contentUrl":"https:\/\/jornalfatosenoticias.com.br\/wp-content\/uploads\/2020\/02\/logo120.png","width":1227,"height":120,"caption":"Jornal Fatos e Not\u00edcias"},"image":{"@id":"https:\/\/jornalfatosenoticias.com.br\/#\/schema\/logo\/image\/"}},{"@type":"Person","@id":"https:\/\/jornalfatosenoticias.com.br\/#\/schema\/person\/d63837fa13ac8666eb9e74e0985d6f81","name":"Luzimara Fernandes","image":{"@type":"ImageObject","inLanguage":"pt-BR","@id":"https:\/\/jornalfatosenoticias.com.br\/#\/schema\/person\/image\/","url":"https:\/\/jornalfatosenoticias.com.br\/wp-content\/uploads\/2025\/05\/EU_portal.jpg","contentUrl":"https:\/\/jornalfatosenoticias.com.br\/wp-content\/uploads\/2025\/05\/EU_portal.jpg","caption":"Luzimara Fernandes"},"description":"Jornalista MTB 2358-ES","sameAs":["https:\/\/jornalfatosenoticias.com.br"],"url":"https:\/\/jornalfatosenoticias.com.br\/index.php\/author\/luzimara\/"}]}},"cc_featured_image_caption":{"caption_text":"","source_text":"","source_url":""},"jetpack_featured_media_url":"https:\/\/jornalfatosenoticias.com.br\/wp-content\/uploads\/2024\/03\/lula-pacheco-lira.jpeg","_links":{"self":[{"href":"https:\/\/jornalfatosenoticias.com.br\/index.php\/wp-json\/wp\/v2\/posts\/49811","targetHints":{"allow":["GET"]}}],"collection":[{"href":"https:\/\/jornalfatosenoticias.com.br\/index.php\/wp-json\/wp\/v2\/posts"}],"about":[{"href":"https:\/\/jornalfatosenoticias.com.br\/index.php\/wp-json\/wp\/v2\/types\/post"}],"author":[{"embeddable":true,"href":"https:\/\/jornalfatosenoticias.com.br\/index.php\/wp-json\/wp\/v2\/users\/2"}],"replies":[{"embeddable":true,"href":"https:\/\/jornalfatosenoticias.com.br\/index.php\/wp-json\/wp\/v2\/comments?post=49811"}],"version-history":[{"count":0,"href":"https:\/\/jornalfatosenoticias.com.br\/index.php\/wp-json\/wp\/v2\/posts\/49811\/revisions"}],"wp:featuredmedia":[{"embeddable":true,"href":"https:\/\/jornalfatosenoticias.com.br\/index.php\/wp-json\/wp\/v2\/media\/49812"}],"wp:attachment":[{"href":"https:\/\/jornalfatosenoticias.com.br\/index.php\/wp-json\/wp\/v2\/media?parent=49811"}],"wp:term":[{"taxonomy":"category","embeddable":true,"href":"https:\/\/jornalfatosenoticias.com.br\/index.php\/wp-json\/wp\/v2\/categories?post=49811"},{"taxonomy":"post_tag","embeddable":true,"href":"https:\/\/jornalfatosenoticias.com.br\/index.php\/wp-json\/wp\/v2\/tags?post=49811"}],"curies":[{"name":"wp","href":"https:\/\/api.w.org\/{rel}","templated":true}]}}