{"id":49818,"date":"2024-03-12T09:39:38","date_gmt":"2024-03-12T12:39:38","guid":{"rendered":"https:\/\/jornalfatosenoticias.com.br\/?p=49818"},"modified":"2024-03-12T09:39:40","modified_gmt":"2024-03-12T12:39:40","slug":"bateria-de-areia-sistema-revolucionario-vai-aquecer-a-finlandia","status":"publish","type":"post","link":"https:\/\/jornalfatosenoticias.com.br\/index.php\/2024\/03\/12\/bateria-de-areia-sistema-revolucionario-vai-aquecer-a-finlandia\/","title":{"rendered":"Bateria de areia: sistema revolucion\u00e1rio vai aquecer a Finl\u00e2ndia"},"content":{"rendered":"\n<p><em><span class=\"has-inline-color has-black-color\">A tecnologia de armazenamento de energia t\u00e9rmica tem o potencial de eliminar o uso de petr\u00f3leo em um munic\u00edpio localizado no pa\u00eds<\/span><\/em><\/p>\n\n\n\n<p><span class=\"has-inline-color has-black-color\">Por <strong><a href=\"https:\/\/olhardigital.com.br\/author\/nayra-teles\/\">Nayra Teles<\/a><\/strong><\/span><\/p>\n\n\n\n<div class=\"wp-block-image\"><figure class=\"aligncenter size-large is-resized\"><img loading=\"lazy\" decoding=\"async\" src=\"https:\/\/jornalfatosenoticias.com.br\/wp-content\/uploads\/2023\/09\/vetorvix1024_1.jpg\" alt=\"\" class=\"wp-image-44868\" width=\"524\" height=\"139\" srcset=\"https:\/\/jornalfatosenoticias.com.br\/wp-content\/uploads\/2023\/09\/vetorvix1024_1.jpg 1024w, https:\/\/jornalfatosenoticias.com.br\/wp-content\/uploads\/2023\/09\/vetorvix1024_1-300x80.jpg 300w, https:\/\/jornalfatosenoticias.com.br\/wp-content\/uploads\/2023\/09\/vetorvix1024_1-768x205.jpg 768w\" sizes=\"auto, (max-width: 524px) 100vw, 524px\" \/><\/figure><\/div>\n\n\n\n<p>Uma grande <a href=\"https:\/\/olhardigital.com.br\/2022\/07\/10\/ciencia-e-espaco\/bateria-de-areia-solucao-e-mais-barata-e-pode-armazenar-energia-por-meses\/\">\u201cbateria de areia\u201d<\/a>\u00a0futuramente vai aquecer o munic\u00edpio de Pornainen, na Finl\u00e2ndia. O sistema \u00e9 um tipo de armaz\u00e9m de energia t\u00e9rmica que utiliza\u00a0<a href=\"https:\/\/olhardigital.com.br\/tag\/areia\/\">areia<\/a>. A expectativa \u00e9 que a tecnologia possa suprir as demandas por aquecimento da regi\u00e3o, eliminando o uso de\u00a0<a href=\"https:\/\/olhardigital.com.br\/tag\/petroleo\/\">petr\u00f3leo<\/a> e reduzindo as emiss\u00f5es de carbono.<br>O projeto est\u00e1 sendo desenvolvido pela startup <a href=\"https:\/\/polarnightenergy.fi\/sand-battery\" target=\"_blank\" rel=\"noreferrer noopener\">Polar Night Energy<\/a>, que planeja finalizar sua constru\u00e7\u00e3o em um ano e um m\u00eas. A <a href=\"https:\/\/olhardigital.com.br\/tag\/bateria\/\">bateria<\/a> de areia usa o material como um condutor de calor, armazenando-o para posteriormente gerar energia.<br>O sistema da Polar Night Energy \u00e9 um pouco diferente nesse sentido, j\u00e1 que substitui a areia por pedra-sab\u00e3o triturada. A ideia \u00e9 transformar o excesso de eletricidade produzida por fontes e\u00f3licas e solares em energia t\u00e9rmica por meio de um processo chamado aquecimento resistivo. Isso vai aquecer o ar, que ser\u00e1 conduzido por tubos de transfer\u00eancia de calor at\u00e9 as pedras-sab\u00e3o trituradas. Esse ar quente armazenado poder\u00e1 ser usado para aquecer as casas de Pornainen durante o inverno.<\/p>\n\n\n\n<div class=\"wp-block-image\"><figure class=\"aligncenter size-large\"><img decoding=\"async\" src=\"https:\/\/jornalfatosenoticias.com.br\/wp-content\/uploads\/2020\/02\/barao-das-carnes-300x164-1.jpg\" alt=\"\" class=\"wp-image-34339\"\/><\/figure><\/div>\n\n\n\n<figure class=\"wp-block-embed-youtube wp-block-embed is-type-video is-provider-youtube wp-embed-aspect-16-9 wp-has-aspect-ratio\"><div class=\"wp-block-embed__wrapper\">\n<iframe loading=\"lazy\" title=\"What Is a Sand Battery? Polar Night Energy&#039;s Sand-based Thermal Energy Storage Explained\" width=\"660\" height=\"371\" src=\"https:\/\/www.youtube.com\/embed\/bZ9TyJ1bQ3Y?feature=oembed\" frameborder=\"0\" allow=\"accelerometer; autoplay; clipboard-write; encrypted-media; gyroscope; picture-in-picture; web-share\" referrerpolicy=\"strict-origin-when-cross-origin\" allowfullscreen><\/iframe>\n<\/div><\/figure>\n\n\n\n<p>A <a href=\"https:\/\/olhardigital.com.br\/tag\/bateria\/\">bateria<\/a> de areia da Polar Night Energy ter\u00e1 13 metros de altura e 15 metros de largura, com uma pot\u00eancia de aquecimento de 1 megawatt e capacidade de armazenar at\u00e9 100 megawatts-hora de energia t\u00e9rmica. Isso \u00e9 suficiente para aquecer toda a regi\u00e3o de Pornainen e, consequentemente, reduzir as emiss\u00f5es de carbono do munic\u00edpio.<\/p>\n\n\n\n<div class=\"wp-block-image\"><figure class=\"aligncenter size-large is-resized\"><img loading=\"lazy\" decoding=\"async\" src=\"https:\/\/jornalfatosenoticias.com.br\/wp-content\/uploads\/2022\/02\/Precisao-Contabilidade-1024x724.jpg\" alt=\"\" class=\"wp-image-28088\" width=\"279\" height=\"197\"\/><\/figure><\/div>\n\n\n\n<p>Segundo a startup, as emiss\u00f5es de di\u00f3xido de carbono devem ser reduzidas em 70% com o uso da tecnologia, j\u00e1 que eliminar\u00e1 a necessidade de petr\u00f3leo e diminuir\u00e1 aproximadamente 60% a queima de res\u00edduos de madeira, como a serragem.<\/p>\n\n\n\n<div class=\"wp-block-image\"><figure class=\"aligncenter size-large is-resized\"><img loading=\"lazy\" decoding=\"async\" src=\"https:\/\/jornalfatosenoticias.com.br\/wp-content\/uploads\/2023\/12\/pegoretti-logo-pdf-1024x389.jpg\" alt=\"\" class=\"wp-image-47536\" width=\"475\" height=\"180\" srcset=\"https:\/\/jornalfatosenoticias.com.br\/wp-content\/uploads\/2023\/12\/pegoretti-logo-pdf-1024x389.jpg 1024w, https:\/\/jornalfatosenoticias.com.br\/wp-content\/uploads\/2023\/12\/pegoretti-logo-pdf-300x114.jpg 300w, https:\/\/jornalfatosenoticias.com.br\/wp-content\/uploads\/2023\/12\/pegoretti-logo-pdf-768x291.jpg 768w, https:\/\/jornalfatosenoticias.com.br\/wp-content\/uploads\/2023\/12\/pegoretti-logo-pdf.jpg 1120w\" sizes=\"auto, (max-width: 475px) 100vw, 475px\" \/><\/figure><\/div>\n\n\n\n<p>Segundo a startup, as emiss\u00f5es de di\u00f3xido de carbono devem ser reduzidas em 70% com o uso da tecnologia, j\u00e1 que eliminar\u00e1 a necessidade de petr\u00f3leo e diminuir\u00e1 aproximadamente 60% a queima de res\u00edduos de madeira, como a serragem. Embora ainda existam desafios, como a perda de energia na convers\u00e3o t\u00e9rmica, o potencial econ\u00f4mico e ambiental das baterias \u00e9 animador.<\/p>\n\n\n\n<div class=\"wp-block-image\"><figure class=\"aligncenter size-large is-resized\"><img loading=\"lazy\" decoding=\"async\" src=\"https:\/\/jornalfatosenoticias.com.br\/wp-content\/uploads\/2024\/01\/consultoria-ambiental.jpg\" alt=\"\" class=\"wp-image-48314\" width=\"309\" height=\"279\" srcset=\"https:\/\/jornalfatosenoticias.com.br\/wp-content\/uploads\/2024\/01\/consultoria-ambiental.jpg 832w, https:\/\/jornalfatosenoticias.com.br\/wp-content\/uploads\/2024\/01\/consultoria-ambiental-300x272.jpg 300w, https:\/\/jornalfatosenoticias.com.br\/wp-content\/uploads\/2024\/01\/consultoria-ambiental-768x696.jpg 768w\" sizes=\"auto, (max-width: 309px) 100vw, 309px\" \/><\/figure><\/div>\n\n\n\n<p><strong><em>Fonte: <a href=\"https:\/\/olhardigital.com.br\/2024\/03\/12\/ciencia-e-espaco\/bateria-de-areia-sistema-revolucionario-vai-aquecer-a-finlandia\/\">Olhar Digital<\/a><\/em><\/strong><\/p>\n","protected":false},"excerpt":{"rendered":"<p>A tecnologia de armazenamento de energia t\u00e9rmica tem o potencial de eliminar o uso de petr\u00f3leo em um munic\u00edpio localizado no pa\u00eds Por Nayra Teles Uma grande \u201cbateria de areia\u201d\u00a0futuramente vai aquecer o munic\u00edpio de Pornainen, na Finl\u00e2ndia. O sistema \u00e9 um tipo de armaz\u00e9m de energia t\u00e9rmica que utiliza\u00a0areia. A expectativa \u00e9 que a [&hellip;]<\/p>\n","protected":false},"author":2,"featured_media":49819,"comment_status":"open","ping_status":"open","sticky":false,"template":"","format":"standard","meta":{"footnotes":""},"categories":[3],"tags":[3599,23026,2430,2938,2339],"class_list":["post-49818","post","type-post","status-publish","format-standard","has-post-thumbnail","hentry","category-tecnologia","tag-bateria","tag-bateria-de-areia","tag-emissao-de-carbono","tag-energia-renovavel","tag-finlandia"],"yoast_head":"<!-- This site is optimized with the Yoast SEO plugin v26.5 - https:\/\/yoast.com\/wordpress\/plugins\/seo\/ -->\n<title>Bateria de areia: sistema revolucion\u00e1rio vai aquecer a Finl\u00e2ndia - Jornal Fatos e Not\u00edcias<\/title>\n<meta name=\"robots\" content=\"index, follow, max-snippet:-1, max-image-preview:large, max-video-preview:-1\" \/>\n<link rel=\"canonical\" href=\"https:\/\/jornalfatosenoticias.com.br\/index.php\/2024\/03\/12\/bateria-de-areia-sistema-revolucionario-vai-aquecer-a-finlandia\/\" \/>\n<meta property=\"og:locale\" content=\"pt_BR\" \/>\n<meta property=\"og:type\" content=\"article\" \/>\n<meta property=\"og:title\" content=\"Bateria de areia: sistema revolucion\u00e1rio vai aquecer a Finl\u00e2ndia - Jornal Fatos e Not\u00edcias\" \/>\n<meta property=\"og:description\" content=\"A tecnologia de armazenamento de energia t\u00e9rmica tem o potencial de eliminar o uso de petr\u00f3leo em um munic\u00edpio localizado no pa\u00eds Por Nayra Teles Uma grande \u201cbateria de areia\u201d\u00a0futuramente vai aquecer o munic\u00edpio de Pornainen, na Finl\u00e2ndia. O sistema \u00e9 um tipo de armaz\u00e9m de energia t\u00e9rmica que utiliza\u00a0areia. A expectativa \u00e9 que a [&hellip;]\" \/>\n<meta property=\"og:url\" content=\"https:\/\/jornalfatosenoticias.com.br\/index.php\/2024\/03\/12\/bateria-de-areia-sistema-revolucionario-vai-aquecer-a-finlandia\/\" \/>\n<meta property=\"og:site_name\" content=\"Jornal Fatos e Not\u00edcias\" \/>\n<meta property=\"article:published_time\" content=\"2024-03-12T12:39:38+00:00\" \/>\n<meta property=\"article:modified_time\" content=\"2024-03-12T12:39:40+00:00\" \/>\n<meta property=\"og:image\" content=\"https:\/\/jornalfatosenoticias.com.br\/wp-content\/uploads\/2024\/03\/bateria-de-areia.png\" \/>\n\t<meta property=\"og:image:width\" content=\"1000\" \/>\n\t<meta property=\"og:image:height\" content=\"562\" \/>\n\t<meta property=\"og:image:type\" content=\"image\/png\" \/>\n<meta name=\"author\" content=\"Luzimara Fernandes\" \/>\n<meta name=\"twitter:card\" content=\"summary_large_image\" \/>\n<meta name=\"twitter:label1\" content=\"Escrito por\" \/>\n\t<meta name=\"twitter:data1\" content=\"Luzimara Fernandes\" \/>\n\t<meta name=\"twitter:label2\" content=\"Est. tempo de leitura\" \/>\n\t<meta name=\"twitter:data2\" content=\"2 minutos\" \/>\n<script type=\"application\/ld+json\" class=\"yoast-schema-graph\">{\"@context\":\"https:\/\/schema.org\",\"@graph\":[{\"@type\":\"Article\",\"@id\":\"https:\/\/jornalfatosenoticias.com.br\/index.php\/2024\/03\/12\/bateria-de-areia-sistema-revolucionario-vai-aquecer-a-finlandia\/#article\",\"isPartOf\":{\"@id\":\"https:\/\/jornalfatosenoticias.com.br\/index.php\/2024\/03\/12\/bateria-de-areia-sistema-revolucionario-vai-aquecer-a-finlandia\/\"},\"author\":{\"name\":\"Luzimara Fernandes\",\"@id\":\"https:\/\/jornalfatosenoticias.com.br\/#\/schema\/person\/d63837fa13ac8666eb9e74e0985d6f81\"},\"headline\":\"Bateria de areia: sistema revolucion\u00e1rio vai aquecer a Finl\u00e2ndia\",\"datePublished\":\"2024-03-12T12:39:38+00:00\",\"dateModified\":\"2024-03-12T12:39:40+00:00\",\"mainEntityOfPage\":{\"@id\":\"https:\/\/jornalfatosenoticias.com.br\/index.php\/2024\/03\/12\/bateria-de-areia-sistema-revolucionario-vai-aquecer-a-finlandia\/\"},\"wordCount\":414,\"commentCount\":0,\"publisher\":{\"@id\":\"https:\/\/jornalfatosenoticias.com.br\/#organization\"},\"image\":{\"@id\":\"https:\/\/jornalfatosenoticias.com.br\/index.php\/2024\/03\/12\/bateria-de-areia-sistema-revolucionario-vai-aquecer-a-finlandia\/#primaryimage\"},\"thumbnailUrl\":\"https:\/\/jornalfatosenoticias.com.br\/wp-content\/uploads\/2024\/03\/bateria-de-areia.png\",\"keywords\":[\"bateria\",\"bateria de areia\",\"emiss\u00e3o de carbono\",\"energia renov\u00e1vel\",\"Finl\u00e2ndia\"],\"articleSection\":[\"Tecnologia &amp; Inova\u00e7\u00e3o\"],\"inLanguage\":\"pt-BR\",\"potentialAction\":[{\"@type\":\"CommentAction\",\"name\":\"Comment\",\"target\":[\"https:\/\/jornalfatosenoticias.com.br\/index.php\/2024\/03\/12\/bateria-de-areia-sistema-revolucionario-vai-aquecer-a-finlandia\/#respond\"]}]},{\"@type\":\"WebPage\",\"@id\":\"https:\/\/jornalfatosenoticias.com.br\/index.php\/2024\/03\/12\/bateria-de-areia-sistema-revolucionario-vai-aquecer-a-finlandia\/\",\"url\":\"https:\/\/jornalfatosenoticias.com.br\/index.php\/2024\/03\/12\/bateria-de-areia-sistema-revolucionario-vai-aquecer-a-finlandia\/\",\"name\":\"Bateria de areia: sistema revolucion\u00e1rio vai aquecer a Finl\u00e2ndia - Jornal Fatos e Not\u00edcias\",\"isPartOf\":{\"@id\":\"https:\/\/jornalfatosenoticias.com.br\/#website\"},\"primaryImageOfPage\":{\"@id\":\"https:\/\/jornalfatosenoticias.com.br\/index.php\/2024\/03\/12\/bateria-de-areia-sistema-revolucionario-vai-aquecer-a-finlandia\/#primaryimage\"},\"image\":{\"@id\":\"https:\/\/jornalfatosenoticias.com.br\/index.php\/2024\/03\/12\/bateria-de-areia-sistema-revolucionario-vai-aquecer-a-finlandia\/#primaryimage\"},\"thumbnailUrl\":\"https:\/\/jornalfatosenoticias.com.br\/wp-content\/uploads\/2024\/03\/bateria-de-areia.png\",\"datePublished\":\"2024-03-12T12:39:38+00:00\",\"dateModified\":\"2024-03-12T12:39:40+00:00\",\"breadcrumb\":{\"@id\":\"https:\/\/jornalfatosenoticias.com.br\/index.php\/2024\/03\/12\/bateria-de-areia-sistema-revolucionario-vai-aquecer-a-finlandia\/#breadcrumb\"},\"inLanguage\":\"pt-BR\",\"potentialAction\":[{\"@type\":\"ReadAction\",\"target\":[\"https:\/\/jornalfatosenoticias.com.br\/index.php\/2024\/03\/12\/bateria-de-areia-sistema-revolucionario-vai-aquecer-a-finlandia\/\"]}]},{\"@type\":\"ImageObject\",\"inLanguage\":\"pt-BR\",\"@id\":\"https:\/\/jornalfatosenoticias.com.br\/index.php\/2024\/03\/12\/bateria-de-areia-sistema-revolucionario-vai-aquecer-a-finlandia\/#primaryimage\",\"url\":\"https:\/\/jornalfatosenoticias.com.br\/wp-content\/uploads\/2024\/03\/bateria-de-areia.png\",\"contentUrl\":\"https:\/\/jornalfatosenoticias.com.br\/wp-content\/uploads\/2024\/03\/bateria-de-areia.png\",\"width\":1000,\"height\":562},{\"@type\":\"BreadcrumbList\",\"@id\":\"https:\/\/jornalfatosenoticias.com.br\/index.php\/2024\/03\/12\/bateria-de-areia-sistema-revolucionario-vai-aquecer-a-finlandia\/#breadcrumb\",\"itemListElement\":[{\"@type\":\"ListItem\",\"position\":1,\"name\":\"In\u00edcio\",\"item\":\"https:\/\/jornalfatosenoticias.com.br\/\"},{\"@type\":\"ListItem\",\"position\":2,\"name\":\"Bateria de areia: sistema revolucion\u00e1rio vai aquecer a Finl\u00e2ndia\"}]},{\"@type\":\"WebSite\",\"@id\":\"https:\/\/jornalfatosenoticias.com.br\/#website\",\"url\":\"https:\/\/jornalfatosenoticias.com.br\/\",\"name\":\"Jornal Fatos e Not\u00edcias\",\"description\":\"Not\u00edcias em geral\",\"publisher\":{\"@id\":\"https:\/\/jornalfatosenoticias.com.br\/#organization\"},\"potentialAction\":[{\"@type\":\"SearchAction\",\"target\":{\"@type\":\"EntryPoint\",\"urlTemplate\":\"https:\/\/jornalfatosenoticias.com.br\/?s={search_term_string}\"},\"query-input\":{\"@type\":\"PropertyValueSpecification\",\"valueRequired\":true,\"valueName\":\"search_term_string\"}}],\"inLanguage\":\"pt-BR\"},{\"@type\":\"Organization\",\"@id\":\"https:\/\/jornalfatosenoticias.com.br\/#organization\",\"name\":\"Jornal Fatos e Not\u00edcias\",\"url\":\"https:\/\/jornalfatosenoticias.com.br\/\",\"logo\":{\"@type\":\"ImageObject\",\"inLanguage\":\"pt-BR\",\"@id\":\"https:\/\/jornalfatosenoticias.com.br\/#\/schema\/logo\/image\/\",\"url\":\"https:\/\/jornalfatosenoticias.com.br\/wp-content\/uploads\/2020\/02\/logo120.png\",\"contentUrl\":\"https:\/\/jornalfatosenoticias.com.br\/wp-content\/uploads\/2020\/02\/logo120.png\",\"width\":1227,\"height\":120,\"caption\":\"Jornal Fatos e Not\u00edcias\"},\"image\":{\"@id\":\"https:\/\/jornalfatosenoticias.com.br\/#\/schema\/logo\/image\/\"}},{\"@type\":\"Person\",\"@id\":\"https:\/\/jornalfatosenoticias.com.br\/#\/schema\/person\/d63837fa13ac8666eb9e74e0985d6f81\",\"name\":\"Luzimara Fernandes\",\"image\":{\"@type\":\"ImageObject\",\"inLanguage\":\"pt-BR\",\"@id\":\"https:\/\/jornalfatosenoticias.com.br\/#\/schema\/person\/image\/\",\"url\":\"https:\/\/jornalfatosenoticias.com.br\/wp-content\/uploads\/2025\/05\/EU_portal.jpg\",\"contentUrl\":\"https:\/\/jornalfatosenoticias.com.br\/wp-content\/uploads\/2025\/05\/EU_portal.jpg\",\"caption\":\"Luzimara Fernandes\"},\"description\":\"Jornalista MTB 2358-ES\",\"sameAs\":[\"https:\/\/jornalfatosenoticias.com.br\"],\"url\":\"https:\/\/jornalfatosenoticias.com.br\/index.php\/author\/luzimara\/\"}]}<\/script>\n<!-- \/ Yoast SEO plugin. -->","yoast_head_json":{"title":"Bateria de areia: sistema revolucion\u00e1rio vai aquecer a Finl\u00e2ndia - Jornal Fatos e Not\u00edcias","robots":{"index":"index","follow":"follow","max-snippet":"max-snippet:-1","max-image-preview":"max-image-preview:large","max-video-preview":"max-video-preview:-1"},"canonical":"https:\/\/jornalfatosenoticias.com.br\/index.php\/2024\/03\/12\/bateria-de-areia-sistema-revolucionario-vai-aquecer-a-finlandia\/","og_locale":"pt_BR","og_type":"article","og_title":"Bateria de areia: sistema revolucion\u00e1rio vai aquecer a Finl\u00e2ndia - Jornal Fatos e Not\u00edcias","og_description":"A tecnologia de armazenamento de energia t\u00e9rmica tem o potencial de eliminar o uso de petr\u00f3leo em um munic\u00edpio localizado no pa\u00eds Por Nayra Teles Uma grande \u201cbateria de areia\u201d\u00a0futuramente vai aquecer o munic\u00edpio de Pornainen, na Finl\u00e2ndia. O sistema \u00e9 um tipo de armaz\u00e9m de energia t\u00e9rmica que utiliza\u00a0areia. A expectativa \u00e9 que a [&hellip;]","og_url":"https:\/\/jornalfatosenoticias.com.br\/index.php\/2024\/03\/12\/bateria-de-areia-sistema-revolucionario-vai-aquecer-a-finlandia\/","og_site_name":"Jornal Fatos e Not\u00edcias","article_published_time":"2024-03-12T12:39:38+00:00","article_modified_time":"2024-03-12T12:39:40+00:00","og_image":[{"width":1000,"height":562,"url":"https:\/\/jornalfatosenoticias.com.br\/wp-content\/uploads\/2024\/03\/bateria-de-areia.png","type":"image\/png"}],"author":"Luzimara Fernandes","twitter_card":"summary_large_image","twitter_misc":{"Escrito por":"Luzimara Fernandes","Est. tempo de leitura":"2 minutos"},"schema":{"@context":"https:\/\/schema.org","@graph":[{"@type":"Article","@id":"https:\/\/jornalfatosenoticias.com.br\/index.php\/2024\/03\/12\/bateria-de-areia-sistema-revolucionario-vai-aquecer-a-finlandia\/#article","isPartOf":{"@id":"https:\/\/jornalfatosenoticias.com.br\/index.php\/2024\/03\/12\/bateria-de-areia-sistema-revolucionario-vai-aquecer-a-finlandia\/"},"author":{"name":"Luzimara Fernandes","@id":"https:\/\/jornalfatosenoticias.com.br\/#\/schema\/person\/d63837fa13ac8666eb9e74e0985d6f81"},"headline":"Bateria de areia: sistema revolucion\u00e1rio vai aquecer a Finl\u00e2ndia","datePublished":"2024-03-12T12:39:38+00:00","dateModified":"2024-03-12T12:39:40+00:00","mainEntityOfPage":{"@id":"https:\/\/jornalfatosenoticias.com.br\/index.php\/2024\/03\/12\/bateria-de-areia-sistema-revolucionario-vai-aquecer-a-finlandia\/"},"wordCount":414,"commentCount":0,"publisher":{"@id":"https:\/\/jornalfatosenoticias.com.br\/#organization"},"image":{"@id":"https:\/\/jornalfatosenoticias.com.br\/index.php\/2024\/03\/12\/bateria-de-areia-sistema-revolucionario-vai-aquecer-a-finlandia\/#primaryimage"},"thumbnailUrl":"https:\/\/jornalfatosenoticias.com.br\/wp-content\/uploads\/2024\/03\/bateria-de-areia.png","keywords":["bateria","bateria de areia","emiss\u00e3o de carbono","energia renov\u00e1vel","Finl\u00e2ndia"],"articleSection":["Tecnologia &amp; Inova\u00e7\u00e3o"],"inLanguage":"pt-BR","potentialAction":[{"@type":"CommentAction","name":"Comment","target":["https:\/\/jornalfatosenoticias.com.br\/index.php\/2024\/03\/12\/bateria-de-areia-sistema-revolucionario-vai-aquecer-a-finlandia\/#respond"]}]},{"@type":"WebPage","@id":"https:\/\/jornalfatosenoticias.com.br\/index.php\/2024\/03\/12\/bateria-de-areia-sistema-revolucionario-vai-aquecer-a-finlandia\/","url":"https:\/\/jornalfatosenoticias.com.br\/index.php\/2024\/03\/12\/bateria-de-areia-sistema-revolucionario-vai-aquecer-a-finlandia\/","name":"Bateria de areia: sistema revolucion\u00e1rio vai aquecer a Finl\u00e2ndia - Jornal Fatos e Not\u00edcias","isPartOf":{"@id":"https:\/\/jornalfatosenoticias.com.br\/#website"},"primaryImageOfPage":{"@id":"https:\/\/jornalfatosenoticias.com.br\/index.php\/2024\/03\/12\/bateria-de-areia-sistema-revolucionario-vai-aquecer-a-finlandia\/#primaryimage"},"image":{"@id":"https:\/\/jornalfatosenoticias.com.br\/index.php\/2024\/03\/12\/bateria-de-areia-sistema-revolucionario-vai-aquecer-a-finlandia\/#primaryimage"},"thumbnailUrl":"https:\/\/jornalfatosenoticias.com.br\/wp-content\/uploads\/2024\/03\/bateria-de-areia.png","datePublished":"2024-03-12T12:39:38+00:00","dateModified":"2024-03-12T12:39:40+00:00","breadcrumb":{"@id":"https:\/\/jornalfatosenoticias.com.br\/index.php\/2024\/03\/12\/bateria-de-areia-sistema-revolucionario-vai-aquecer-a-finlandia\/#breadcrumb"},"inLanguage":"pt-BR","potentialAction":[{"@type":"ReadAction","target":["https:\/\/jornalfatosenoticias.com.br\/index.php\/2024\/03\/12\/bateria-de-areia-sistema-revolucionario-vai-aquecer-a-finlandia\/"]}]},{"@type":"ImageObject","inLanguage":"pt-BR","@id":"https:\/\/jornalfatosenoticias.com.br\/index.php\/2024\/03\/12\/bateria-de-areia-sistema-revolucionario-vai-aquecer-a-finlandia\/#primaryimage","url":"https:\/\/jornalfatosenoticias.com.br\/wp-content\/uploads\/2024\/03\/bateria-de-areia.png","contentUrl":"https:\/\/jornalfatosenoticias.com.br\/wp-content\/uploads\/2024\/03\/bateria-de-areia.png","width":1000,"height":562},{"@type":"BreadcrumbList","@id":"https:\/\/jornalfatosenoticias.com.br\/index.php\/2024\/03\/12\/bateria-de-areia-sistema-revolucionario-vai-aquecer-a-finlandia\/#breadcrumb","itemListElement":[{"@type":"ListItem","position":1,"name":"In\u00edcio","item":"https:\/\/jornalfatosenoticias.com.br\/"},{"@type":"ListItem","position":2,"name":"Bateria de areia: sistema revolucion\u00e1rio vai aquecer a Finl\u00e2ndia"}]},{"@type":"WebSite","@id":"https:\/\/jornalfatosenoticias.com.br\/#website","url":"https:\/\/jornalfatosenoticias.com.br\/","name":"Jornal Fatos e Not\u00edcias","description":"Not\u00edcias em geral","publisher":{"@id":"https:\/\/jornalfatosenoticias.com.br\/#organization"},"potentialAction":[{"@type":"SearchAction","target":{"@type":"EntryPoint","urlTemplate":"https:\/\/jornalfatosenoticias.com.br\/?s={search_term_string}"},"query-input":{"@type":"PropertyValueSpecification","valueRequired":true,"valueName":"search_term_string"}}],"inLanguage":"pt-BR"},{"@type":"Organization","@id":"https:\/\/jornalfatosenoticias.com.br\/#organization","name":"Jornal Fatos e Not\u00edcias","url":"https:\/\/jornalfatosenoticias.com.br\/","logo":{"@type":"ImageObject","inLanguage":"pt-BR","@id":"https:\/\/jornalfatosenoticias.com.br\/#\/schema\/logo\/image\/","url":"https:\/\/jornalfatosenoticias.com.br\/wp-content\/uploads\/2020\/02\/logo120.png","contentUrl":"https:\/\/jornalfatosenoticias.com.br\/wp-content\/uploads\/2020\/02\/logo120.png","width":1227,"height":120,"caption":"Jornal Fatos e Not\u00edcias"},"image":{"@id":"https:\/\/jornalfatosenoticias.com.br\/#\/schema\/logo\/image\/"}},{"@type":"Person","@id":"https:\/\/jornalfatosenoticias.com.br\/#\/schema\/person\/d63837fa13ac8666eb9e74e0985d6f81","name":"Luzimara Fernandes","image":{"@type":"ImageObject","inLanguage":"pt-BR","@id":"https:\/\/jornalfatosenoticias.com.br\/#\/schema\/person\/image\/","url":"https:\/\/jornalfatosenoticias.com.br\/wp-content\/uploads\/2025\/05\/EU_portal.jpg","contentUrl":"https:\/\/jornalfatosenoticias.com.br\/wp-content\/uploads\/2025\/05\/EU_portal.jpg","caption":"Luzimara Fernandes"},"description":"Jornalista MTB 2358-ES","sameAs":["https:\/\/jornalfatosenoticias.com.br"],"url":"https:\/\/jornalfatosenoticias.com.br\/index.php\/author\/luzimara\/"}]}},"cc_featured_image_caption":{"caption_text":"(Foto: Polar Night Energy\/Divulga\u00e7\u00e3o) ","source_text":"","source_url":""},"jetpack_featured_media_url":"https:\/\/jornalfatosenoticias.com.br\/wp-content\/uploads\/2024\/03\/bateria-de-areia.png","_links":{"self":[{"href":"https:\/\/jornalfatosenoticias.com.br\/index.php\/wp-json\/wp\/v2\/posts\/49818","targetHints":{"allow":["GET"]}}],"collection":[{"href":"https:\/\/jornalfatosenoticias.com.br\/index.php\/wp-json\/wp\/v2\/posts"}],"about":[{"href":"https:\/\/jornalfatosenoticias.com.br\/index.php\/wp-json\/wp\/v2\/types\/post"}],"author":[{"embeddable":true,"href":"https:\/\/jornalfatosenoticias.com.br\/index.php\/wp-json\/wp\/v2\/users\/2"}],"replies":[{"embeddable":true,"href":"https:\/\/jornalfatosenoticias.com.br\/index.php\/wp-json\/wp\/v2\/comments?post=49818"}],"version-history":[{"count":0,"href":"https:\/\/jornalfatosenoticias.com.br\/index.php\/wp-json\/wp\/v2\/posts\/49818\/revisions"}],"wp:featuredmedia":[{"embeddable":true,"href":"https:\/\/jornalfatosenoticias.com.br\/index.php\/wp-json\/wp\/v2\/media\/49819"}],"wp:attachment":[{"href":"https:\/\/jornalfatosenoticias.com.br\/index.php\/wp-json\/wp\/v2\/media?parent=49818"}],"wp:term":[{"taxonomy":"category","embeddable":true,"href":"https:\/\/jornalfatosenoticias.com.br\/index.php\/wp-json\/wp\/v2\/categories?post=49818"},{"taxonomy":"post_tag","embeddable":true,"href":"https:\/\/jornalfatosenoticias.com.br\/index.php\/wp-json\/wp\/v2\/tags?post=49818"}],"curies":[{"name":"wp","href":"https:\/\/api.w.org\/{rel}","templated":true}]}}