{"id":49844,"date":"2024-03-12T15:04:54","date_gmt":"2024-03-12T18:04:54","guid":{"rendered":"https:\/\/jornalfatosenoticias.com.br\/?p=49844"},"modified":"2024-03-12T15:04:55","modified_gmt":"2024-03-12T18:04:55","slug":"fotos-mostram-como-o-sol-mudou-em-apenas-dois-anos","status":"publish","type":"post","link":"https:\/\/jornalfatosenoticias.com.br\/index.php\/2024\/03\/12\/fotos-mostram-como-o-sol-mudou-em-apenas-dois-anos\/","title":{"rendered":"Fotos mostram como o Sol mudou em apenas dois anos"},"content":{"rendered":"\n<p><em><span class=\"has-inline-color has-black-color\">Imagens registradas pela sonda Solar Orbiter revelam que a estrela est\u00e1 atingindo seu &#8220;m\u00e1ximo&#8221; um ano antes do esperado<\/span><\/em><\/p>\n\n\n\n<div class=\"wp-block-image\"><figure class=\"aligncenter size-large\"><img loading=\"lazy\" decoding=\"async\" width=\"729\" height=\"90\" src=\"https:\/\/jornalfatosenoticias.com.br\/wp-content\/uploads\/2020\/02\/Logo_Mizu.png\" alt=\"\" class=\"wp-image-1441\" srcset=\"https:\/\/jornalfatosenoticias.com.br\/wp-content\/uploads\/2020\/02\/Logo_Mizu.png 729w, https:\/\/jornalfatosenoticias.com.br\/wp-content\/uploads\/2020\/02\/Logo_Mizu-300x37.png 300w\" sizes=\"auto, (max-width: 729px) 100vw, 729px\" \/><\/figure><\/div>\n\n\n\n<p>A Ag\u00eancia Espacial Europeia (ESA) recentemente divulgou duas imagens impressionantes que mostram claramente como o Sol mudou em um per\u00edodo de apenas dois anos. Essa diferen\u00e7a, esclarece a ag\u00eancia, ocorre porque a estrela est\u00e1 perto de atingir seu &#8220;m\u00e1ximo&#8221;, algo que acontece aproximadamente a cada 11 anos.<br>Essa atividade \u00e9 causada pelo &#8220;d\u00ednamo solar&#8221;, o processo que gera o campo magn\u00e9tico do Sol. No in\u00edcio desse ciclo (o m\u00ednimo solar) h\u00e1 relativamente pouca atividade e poucas manchas solares. A atividade aumenta continuamente at\u00e9 atingir o pico (o m\u00e1ximo solar) e depois diminui novamente at\u00e9 o m\u00ednimo. O m\u00ednimo solar mais recente ocorreu em dezembro de 2019.<\/p>\n\n\n\n<div class=\"wp-block-image\"><figure class=\"aligncenter size-large is-resized\"><img loading=\"lazy\" decoding=\"async\" src=\"https:\/\/jornalfatosenoticias.com.br\/wp-content\/uploads\/2023\/08\/ITH.jpeg\" alt=\"\" class=\"wp-image-44638\" width=\"314\" height=\"255\" srcset=\"https:\/\/jornalfatosenoticias.com.br\/wp-content\/uploads\/2023\/08\/ITH.jpeg 800w, https:\/\/jornalfatosenoticias.com.br\/wp-content\/uploads\/2023\/08\/ITH-300x244.jpeg 300w, https:\/\/jornalfatosenoticias.com.br\/wp-content\/uploads\/2023\/08\/ITH-768x624.jpeg 768w\" sizes=\"auto, (max-width: 314px) 100vw, 314px\" \/><\/figure><\/div>\n\n\n\n<p>As imagens foram capturadas pela sonda da ESA, Solar Orbiter, que come\u00e7ou a capturar imagens do Sol desde que foi lan\u00e7ada em 2020. A partir da an\u00e1lise dessas imagens, os cientistas acreditam que a estrela atingir\u00e1 sua m\u00e1xima atividade ainda este ano, antecipando os c\u00e1lculos que esperavam que esse evento ocorresse em 2025.<\/p>\n\n\n\n<div class=\"wp-block-image\"><figure class=\"aligncenter size-large\"><img loading=\"lazy\" decoding=\"async\" width=\"300\" height=\"250\" src=\"https:\/\/jornalfatosenoticias.com.br\/wp-content\/uploads\/2022\/02\/FERRARI_MAQUINAS-E-FERRAMENTAS2.jpg\" alt=\"\" class=\"wp-image-27860\"\/><\/figure><\/div>\n\n\n\n<p>Nas imagens, \u00e9 claramente observado o aumento das tempestades solares e das labaredas em um per\u00edodo de dois anos e meio. Em caso de eventos extremos na atividade solar, as redes el\u00e9tricas ou de telecomunica\u00e7\u00f5es da Terra podem ser afetadas. Por isso, as ag\u00eancias espaciais monitoram a atividade solar para detectar anomalias que ajudem a prever um fen\u00f4meno desse tipo.<\/p>\n\n\n\n<div class=\"wp-block-image\"><figure class=\"aligncenter size-large is-resized\"><img loading=\"lazy\" decoding=\"async\" src=\"https:\/\/jornalfatosenoticias.com.br\/wp-content\/uploads\/2023\/12\/pegoretti-logo-pdf-1024x389.jpg\" alt=\"\" class=\"wp-image-47536\" width=\"540\" height=\"205\" srcset=\"https:\/\/jornalfatosenoticias.com.br\/wp-content\/uploads\/2023\/12\/pegoretti-logo-pdf-1024x389.jpg 1024w, https:\/\/jornalfatosenoticias.com.br\/wp-content\/uploads\/2023\/12\/pegoretti-logo-pdf-300x114.jpg 300w, https:\/\/jornalfatosenoticias.com.br\/wp-content\/uploads\/2023\/12\/pegoretti-logo-pdf-768x291.jpg 768w, https:\/\/jornalfatosenoticias.com.br\/wp-content\/uploads\/2023\/12\/pegoretti-logo-pdf.jpg 1120w\" sizes=\"auto, (max-width: 540px) 100vw, 540px\" \/><\/figure><\/div>\n\n\n\n<p><em><span class=\"has-inline-color has-black-color\">(<strong>Foto:<\/strong> ESA &amp; Nasa\/Solar Orbiter\/EUI\/Divulga\u00e7\u00e3o)<\/span><\/em><\/p>\n\n\n\n<p><strong><em>Fonte: <a href=\"https:\/\/www.canalhistory.com.br\/ciencia-e-tecnologia\/impactante-fotos-mostram-como-o-sol-mudou-em-apenas-2-anos\">History Channel Brasil<\/a><\/em><\/strong><\/p>\n","protected":false},"excerpt":{"rendered":"<p>Imagens registradas pela sonda Solar Orbiter revelam que a estrela est\u00e1 atingindo seu &#8220;m\u00e1ximo&#8221; um ano antes do esperado A Ag\u00eancia Espacial Europeia (ESA) recentemente divulgou duas imagens impressionantes que mostram claramente como o Sol mudou em um per\u00edodo de apenas dois anos. Essa diferen\u00e7a, esclarece a ag\u00eancia, ocorre porque a estrela est\u00e1 perto de [&hellip;]<\/p>\n","protected":false},"author":2,"featured_media":49845,"comment_status":"open","ping_status":"open","sticky":false,"template":"","format":"standard","meta":{"footnotes":""},"categories":[2],"tags":[472,86,466],"class_list":["post-49844","post","type-post","status-publish","format-standard","has-post-thumbnail","hentry","category-ciencia","tag-astronomia","tag-espaco","tag-sol"],"yoast_head":"<!-- This site is optimized with the Yoast SEO plugin v26.5 - https:\/\/yoast.com\/wordpress\/plugins\/seo\/ -->\n<title>Fotos mostram como o Sol mudou em apenas dois anos - Jornal Fatos e Not\u00edcias<\/title>\n<meta name=\"robots\" content=\"index, follow, max-snippet:-1, max-image-preview:large, max-video-preview:-1\" \/>\n<link rel=\"canonical\" href=\"https:\/\/jornalfatosenoticias.com.br\/index.php\/2024\/03\/12\/fotos-mostram-como-o-sol-mudou-em-apenas-dois-anos\/\" \/>\n<meta property=\"og:locale\" content=\"pt_BR\" \/>\n<meta property=\"og:type\" content=\"article\" \/>\n<meta property=\"og:title\" content=\"Fotos mostram como o Sol mudou em apenas dois anos - Jornal Fatos e Not\u00edcias\" \/>\n<meta property=\"og:description\" content=\"Imagens registradas pela sonda Solar Orbiter revelam que a estrela est\u00e1 atingindo seu &#8220;m\u00e1ximo&#8221; um ano antes do esperado A Ag\u00eancia Espacial Europeia (ESA) recentemente divulgou duas imagens impressionantes que mostram claramente como o Sol mudou em um per\u00edodo de apenas dois anos. Essa diferen\u00e7a, esclarece a ag\u00eancia, ocorre porque a estrela est\u00e1 perto de [&hellip;]\" \/>\n<meta property=\"og:url\" content=\"https:\/\/jornalfatosenoticias.com.br\/index.php\/2024\/03\/12\/fotos-mostram-como-o-sol-mudou-em-apenas-dois-anos\/\" \/>\n<meta property=\"og:site_name\" content=\"Jornal Fatos e Not\u00edcias\" \/>\n<meta property=\"article:published_time\" content=\"2024-03-12T18:04:54+00:00\" \/>\n<meta property=\"article:modified_time\" content=\"2024-03-12T18:04:55+00:00\" \/>\n<meta property=\"og:image\" content=\"https:\/\/jornalfatosenoticias.com.br\/wp-content\/uploads\/2024\/03\/Sol-Atividade-Solar-Orbiter-History-Channel-Brasil.jpg\" \/>\n\t<meta property=\"og:image:width\" content=\"750\" \/>\n\t<meta property=\"og:image:height\" content=\"364\" \/>\n\t<meta property=\"og:image:type\" content=\"image\/jpeg\" \/>\n<meta name=\"author\" content=\"Luzimara Fernandes\" \/>\n<meta name=\"twitter:card\" content=\"summary_large_image\" \/>\n<meta name=\"twitter:label1\" content=\"Escrito por\" \/>\n\t<meta name=\"twitter:data1\" content=\"Luzimara Fernandes\" \/>\n\t<meta name=\"twitter:label2\" content=\"Est. tempo de leitura\" \/>\n\t<meta name=\"twitter:data2\" content=\"1 minuto\" \/>\n<script type=\"application\/ld+json\" class=\"yoast-schema-graph\">{\"@context\":\"https:\/\/schema.org\",\"@graph\":[{\"@type\":\"Article\",\"@id\":\"https:\/\/jornalfatosenoticias.com.br\/index.php\/2024\/03\/12\/fotos-mostram-como-o-sol-mudou-em-apenas-dois-anos\/#article\",\"isPartOf\":{\"@id\":\"https:\/\/jornalfatosenoticias.com.br\/index.php\/2024\/03\/12\/fotos-mostram-como-o-sol-mudou-em-apenas-dois-anos\/\"},\"author\":{\"name\":\"Luzimara Fernandes\",\"@id\":\"https:\/\/jornalfatosenoticias.com.br\/#\/schema\/person\/d63837fa13ac8666eb9e74e0985d6f81\"},\"headline\":\"Fotos mostram como o Sol mudou em apenas dois anos\",\"datePublished\":\"2024-03-12T18:04:54+00:00\",\"dateModified\":\"2024-03-12T18:04:55+00:00\",\"mainEntityOfPage\":{\"@id\":\"https:\/\/jornalfatosenoticias.com.br\/index.php\/2024\/03\/12\/fotos-mostram-como-o-sol-mudou-em-apenas-dois-anos\/\"},\"wordCount\":278,\"commentCount\":0,\"publisher\":{\"@id\":\"https:\/\/jornalfatosenoticias.com.br\/#organization\"},\"image\":{\"@id\":\"https:\/\/jornalfatosenoticias.com.br\/index.php\/2024\/03\/12\/fotos-mostram-como-o-sol-mudou-em-apenas-dois-anos\/#primaryimage\"},\"thumbnailUrl\":\"https:\/\/jornalfatosenoticias.com.br\/wp-content\/uploads\/2024\/03\/Sol-Atividade-Solar-Orbiter-History-Channel-Brasil.jpg\",\"keywords\":[\"Astronomia\",\"espa\u00e7o\",\"Sol\"],\"articleSection\":[\"Ci\u00eancia\"],\"inLanguage\":\"pt-BR\",\"potentialAction\":[{\"@type\":\"CommentAction\",\"name\":\"Comment\",\"target\":[\"https:\/\/jornalfatosenoticias.com.br\/index.php\/2024\/03\/12\/fotos-mostram-como-o-sol-mudou-em-apenas-dois-anos\/#respond\"]}]},{\"@type\":\"WebPage\",\"@id\":\"https:\/\/jornalfatosenoticias.com.br\/index.php\/2024\/03\/12\/fotos-mostram-como-o-sol-mudou-em-apenas-dois-anos\/\",\"url\":\"https:\/\/jornalfatosenoticias.com.br\/index.php\/2024\/03\/12\/fotos-mostram-como-o-sol-mudou-em-apenas-dois-anos\/\",\"name\":\"Fotos mostram como o Sol mudou em apenas dois anos - Jornal Fatos e Not\u00edcias\",\"isPartOf\":{\"@id\":\"https:\/\/jornalfatosenoticias.com.br\/#website\"},\"primaryImageOfPage\":{\"@id\":\"https:\/\/jornalfatosenoticias.com.br\/index.php\/2024\/03\/12\/fotos-mostram-como-o-sol-mudou-em-apenas-dois-anos\/#primaryimage\"},\"image\":{\"@id\":\"https:\/\/jornalfatosenoticias.com.br\/index.php\/2024\/03\/12\/fotos-mostram-como-o-sol-mudou-em-apenas-dois-anos\/#primaryimage\"},\"thumbnailUrl\":\"https:\/\/jornalfatosenoticias.com.br\/wp-content\/uploads\/2024\/03\/Sol-Atividade-Solar-Orbiter-History-Channel-Brasil.jpg\",\"datePublished\":\"2024-03-12T18:04:54+00:00\",\"dateModified\":\"2024-03-12T18:04:55+00:00\",\"breadcrumb\":{\"@id\":\"https:\/\/jornalfatosenoticias.com.br\/index.php\/2024\/03\/12\/fotos-mostram-como-o-sol-mudou-em-apenas-dois-anos\/#breadcrumb\"},\"inLanguage\":\"pt-BR\",\"potentialAction\":[{\"@type\":\"ReadAction\",\"target\":[\"https:\/\/jornalfatosenoticias.com.br\/index.php\/2024\/03\/12\/fotos-mostram-como-o-sol-mudou-em-apenas-dois-anos\/\"]}]},{\"@type\":\"ImageObject\",\"inLanguage\":\"pt-BR\",\"@id\":\"https:\/\/jornalfatosenoticias.com.br\/index.php\/2024\/03\/12\/fotos-mostram-como-o-sol-mudou-em-apenas-dois-anos\/#primaryimage\",\"url\":\"https:\/\/jornalfatosenoticias.com.br\/wp-content\/uploads\/2024\/03\/Sol-Atividade-Solar-Orbiter-History-Channel-Brasil.jpg\",\"contentUrl\":\"https:\/\/jornalfatosenoticias.com.br\/wp-content\/uploads\/2024\/03\/Sol-Atividade-Solar-Orbiter-History-Channel-Brasil.jpg\",\"width\":750,\"height\":364},{\"@type\":\"BreadcrumbList\",\"@id\":\"https:\/\/jornalfatosenoticias.com.br\/index.php\/2024\/03\/12\/fotos-mostram-como-o-sol-mudou-em-apenas-dois-anos\/#breadcrumb\",\"itemListElement\":[{\"@type\":\"ListItem\",\"position\":1,\"name\":\"In\u00edcio\",\"item\":\"https:\/\/jornalfatosenoticias.com.br\/\"},{\"@type\":\"ListItem\",\"position\":2,\"name\":\"Fotos mostram como o Sol mudou em apenas dois anos\"}]},{\"@type\":\"WebSite\",\"@id\":\"https:\/\/jornalfatosenoticias.com.br\/#website\",\"url\":\"https:\/\/jornalfatosenoticias.com.br\/\",\"name\":\"Jornal Fatos e Not\u00edcias\",\"description\":\"Not\u00edcias em geral\",\"publisher\":{\"@id\":\"https:\/\/jornalfatosenoticias.com.br\/#organization\"},\"potentialAction\":[{\"@type\":\"SearchAction\",\"target\":{\"@type\":\"EntryPoint\",\"urlTemplate\":\"https:\/\/jornalfatosenoticias.com.br\/?s={search_term_string}\"},\"query-input\":{\"@type\":\"PropertyValueSpecification\",\"valueRequired\":true,\"valueName\":\"search_term_string\"}}],\"inLanguage\":\"pt-BR\"},{\"@type\":\"Organization\",\"@id\":\"https:\/\/jornalfatosenoticias.com.br\/#organization\",\"name\":\"Jornal Fatos e Not\u00edcias\",\"url\":\"https:\/\/jornalfatosenoticias.com.br\/\",\"logo\":{\"@type\":\"ImageObject\",\"inLanguage\":\"pt-BR\",\"@id\":\"https:\/\/jornalfatosenoticias.com.br\/#\/schema\/logo\/image\/\",\"url\":\"https:\/\/jornalfatosenoticias.com.br\/wp-content\/uploads\/2020\/02\/logo120.png\",\"contentUrl\":\"https:\/\/jornalfatosenoticias.com.br\/wp-content\/uploads\/2020\/02\/logo120.png\",\"width\":1227,\"height\":120,\"caption\":\"Jornal Fatos e Not\u00edcias\"},\"image\":{\"@id\":\"https:\/\/jornalfatosenoticias.com.br\/#\/schema\/logo\/image\/\"}},{\"@type\":\"Person\",\"@id\":\"https:\/\/jornalfatosenoticias.com.br\/#\/schema\/person\/d63837fa13ac8666eb9e74e0985d6f81\",\"name\":\"Luzimara Fernandes\",\"image\":{\"@type\":\"ImageObject\",\"inLanguage\":\"pt-BR\",\"@id\":\"https:\/\/jornalfatosenoticias.com.br\/#\/schema\/person\/image\/\",\"url\":\"https:\/\/jornalfatosenoticias.com.br\/wp-content\/uploads\/2025\/05\/EU_portal.jpg\",\"contentUrl\":\"https:\/\/jornalfatosenoticias.com.br\/wp-content\/uploads\/2025\/05\/EU_portal.jpg\",\"caption\":\"Luzimara Fernandes\"},\"description\":\"Jornalista MTB 2358-ES\",\"sameAs\":[\"https:\/\/jornalfatosenoticias.com.br\"],\"url\":\"https:\/\/jornalfatosenoticias.com.br\/index.php\/author\/luzimara\/\"}]}<\/script>\n<!-- \/ Yoast SEO plugin. -->","yoast_head_json":{"title":"Fotos mostram como o Sol mudou em apenas dois anos - Jornal Fatos e Not\u00edcias","robots":{"index":"index","follow":"follow","max-snippet":"max-snippet:-1","max-image-preview":"max-image-preview:large","max-video-preview":"max-video-preview:-1"},"canonical":"https:\/\/jornalfatosenoticias.com.br\/index.php\/2024\/03\/12\/fotos-mostram-como-o-sol-mudou-em-apenas-dois-anos\/","og_locale":"pt_BR","og_type":"article","og_title":"Fotos mostram como o Sol mudou em apenas dois anos - Jornal Fatos e Not\u00edcias","og_description":"Imagens registradas pela sonda Solar Orbiter revelam que a estrela est\u00e1 atingindo seu &#8220;m\u00e1ximo&#8221; um ano antes do esperado A Ag\u00eancia Espacial Europeia (ESA) recentemente divulgou duas imagens impressionantes que mostram claramente como o Sol mudou em um per\u00edodo de apenas dois anos. Essa diferen\u00e7a, esclarece a ag\u00eancia, ocorre porque a estrela est\u00e1 perto de [&hellip;]","og_url":"https:\/\/jornalfatosenoticias.com.br\/index.php\/2024\/03\/12\/fotos-mostram-como-o-sol-mudou-em-apenas-dois-anos\/","og_site_name":"Jornal Fatos e Not\u00edcias","article_published_time":"2024-03-12T18:04:54+00:00","article_modified_time":"2024-03-12T18:04:55+00:00","og_image":[{"width":750,"height":364,"url":"https:\/\/jornalfatosenoticias.com.br\/wp-content\/uploads\/2024\/03\/Sol-Atividade-Solar-Orbiter-History-Channel-Brasil.jpg","type":"image\/jpeg"}],"author":"Luzimara Fernandes","twitter_card":"summary_large_image","twitter_misc":{"Escrito por":"Luzimara Fernandes","Est. tempo de leitura":"1 minuto"},"schema":{"@context":"https:\/\/schema.org","@graph":[{"@type":"Article","@id":"https:\/\/jornalfatosenoticias.com.br\/index.php\/2024\/03\/12\/fotos-mostram-como-o-sol-mudou-em-apenas-dois-anos\/#article","isPartOf":{"@id":"https:\/\/jornalfatosenoticias.com.br\/index.php\/2024\/03\/12\/fotos-mostram-como-o-sol-mudou-em-apenas-dois-anos\/"},"author":{"name":"Luzimara Fernandes","@id":"https:\/\/jornalfatosenoticias.com.br\/#\/schema\/person\/d63837fa13ac8666eb9e74e0985d6f81"},"headline":"Fotos mostram como o Sol mudou em apenas dois anos","datePublished":"2024-03-12T18:04:54+00:00","dateModified":"2024-03-12T18:04:55+00:00","mainEntityOfPage":{"@id":"https:\/\/jornalfatosenoticias.com.br\/index.php\/2024\/03\/12\/fotos-mostram-como-o-sol-mudou-em-apenas-dois-anos\/"},"wordCount":278,"commentCount":0,"publisher":{"@id":"https:\/\/jornalfatosenoticias.com.br\/#organization"},"image":{"@id":"https:\/\/jornalfatosenoticias.com.br\/index.php\/2024\/03\/12\/fotos-mostram-como-o-sol-mudou-em-apenas-dois-anos\/#primaryimage"},"thumbnailUrl":"https:\/\/jornalfatosenoticias.com.br\/wp-content\/uploads\/2024\/03\/Sol-Atividade-Solar-Orbiter-History-Channel-Brasil.jpg","keywords":["Astronomia","espa\u00e7o","Sol"],"articleSection":["Ci\u00eancia"],"inLanguage":"pt-BR","potentialAction":[{"@type":"CommentAction","name":"Comment","target":["https:\/\/jornalfatosenoticias.com.br\/index.php\/2024\/03\/12\/fotos-mostram-como-o-sol-mudou-em-apenas-dois-anos\/#respond"]}]},{"@type":"WebPage","@id":"https:\/\/jornalfatosenoticias.com.br\/index.php\/2024\/03\/12\/fotos-mostram-como-o-sol-mudou-em-apenas-dois-anos\/","url":"https:\/\/jornalfatosenoticias.com.br\/index.php\/2024\/03\/12\/fotos-mostram-como-o-sol-mudou-em-apenas-dois-anos\/","name":"Fotos mostram como o Sol mudou em apenas dois anos - Jornal Fatos e Not\u00edcias","isPartOf":{"@id":"https:\/\/jornalfatosenoticias.com.br\/#website"},"primaryImageOfPage":{"@id":"https:\/\/jornalfatosenoticias.com.br\/index.php\/2024\/03\/12\/fotos-mostram-como-o-sol-mudou-em-apenas-dois-anos\/#primaryimage"},"image":{"@id":"https:\/\/jornalfatosenoticias.com.br\/index.php\/2024\/03\/12\/fotos-mostram-como-o-sol-mudou-em-apenas-dois-anos\/#primaryimage"},"thumbnailUrl":"https:\/\/jornalfatosenoticias.com.br\/wp-content\/uploads\/2024\/03\/Sol-Atividade-Solar-Orbiter-History-Channel-Brasil.jpg","datePublished":"2024-03-12T18:04:54+00:00","dateModified":"2024-03-12T18:04:55+00:00","breadcrumb":{"@id":"https:\/\/jornalfatosenoticias.com.br\/index.php\/2024\/03\/12\/fotos-mostram-como-o-sol-mudou-em-apenas-dois-anos\/#breadcrumb"},"inLanguage":"pt-BR","potentialAction":[{"@type":"ReadAction","target":["https:\/\/jornalfatosenoticias.com.br\/index.php\/2024\/03\/12\/fotos-mostram-como-o-sol-mudou-em-apenas-dois-anos\/"]}]},{"@type":"ImageObject","inLanguage":"pt-BR","@id":"https:\/\/jornalfatosenoticias.com.br\/index.php\/2024\/03\/12\/fotos-mostram-como-o-sol-mudou-em-apenas-dois-anos\/#primaryimage","url":"https:\/\/jornalfatosenoticias.com.br\/wp-content\/uploads\/2024\/03\/Sol-Atividade-Solar-Orbiter-History-Channel-Brasil.jpg","contentUrl":"https:\/\/jornalfatosenoticias.com.br\/wp-content\/uploads\/2024\/03\/Sol-Atividade-Solar-Orbiter-History-Channel-Brasil.jpg","width":750,"height":364},{"@type":"BreadcrumbList","@id":"https:\/\/jornalfatosenoticias.com.br\/index.php\/2024\/03\/12\/fotos-mostram-como-o-sol-mudou-em-apenas-dois-anos\/#breadcrumb","itemListElement":[{"@type":"ListItem","position":1,"name":"In\u00edcio","item":"https:\/\/jornalfatosenoticias.com.br\/"},{"@type":"ListItem","position":2,"name":"Fotos mostram como o Sol mudou em apenas dois anos"}]},{"@type":"WebSite","@id":"https:\/\/jornalfatosenoticias.com.br\/#website","url":"https:\/\/jornalfatosenoticias.com.br\/","name":"Jornal Fatos e Not\u00edcias","description":"Not\u00edcias em geral","publisher":{"@id":"https:\/\/jornalfatosenoticias.com.br\/#organization"},"potentialAction":[{"@type":"SearchAction","target":{"@type":"EntryPoint","urlTemplate":"https:\/\/jornalfatosenoticias.com.br\/?s={search_term_string}"},"query-input":{"@type":"PropertyValueSpecification","valueRequired":true,"valueName":"search_term_string"}}],"inLanguage":"pt-BR"},{"@type":"Organization","@id":"https:\/\/jornalfatosenoticias.com.br\/#organization","name":"Jornal Fatos e Not\u00edcias","url":"https:\/\/jornalfatosenoticias.com.br\/","logo":{"@type":"ImageObject","inLanguage":"pt-BR","@id":"https:\/\/jornalfatosenoticias.com.br\/#\/schema\/logo\/image\/","url":"https:\/\/jornalfatosenoticias.com.br\/wp-content\/uploads\/2020\/02\/logo120.png","contentUrl":"https:\/\/jornalfatosenoticias.com.br\/wp-content\/uploads\/2020\/02\/logo120.png","width":1227,"height":120,"caption":"Jornal Fatos e Not\u00edcias"},"image":{"@id":"https:\/\/jornalfatosenoticias.com.br\/#\/schema\/logo\/image\/"}},{"@type":"Person","@id":"https:\/\/jornalfatosenoticias.com.br\/#\/schema\/person\/d63837fa13ac8666eb9e74e0985d6f81","name":"Luzimara Fernandes","image":{"@type":"ImageObject","inLanguage":"pt-BR","@id":"https:\/\/jornalfatosenoticias.com.br\/#\/schema\/person\/image\/","url":"https:\/\/jornalfatosenoticias.com.br\/wp-content\/uploads\/2025\/05\/EU_portal.jpg","contentUrl":"https:\/\/jornalfatosenoticias.com.br\/wp-content\/uploads\/2025\/05\/EU_portal.jpg","caption":"Luzimara Fernandes"},"description":"Jornalista MTB 2358-ES","sameAs":["https:\/\/jornalfatosenoticias.com.br"],"url":"https:\/\/jornalfatosenoticias.com.br\/index.php\/author\/luzimara\/"}]}},"cc_featured_image_caption":{"caption_text":"","source_text":"","source_url":""},"jetpack_featured_media_url":"https:\/\/jornalfatosenoticias.com.br\/wp-content\/uploads\/2024\/03\/Sol-Atividade-Solar-Orbiter-History-Channel-Brasil.jpg","_links":{"self":[{"href":"https:\/\/jornalfatosenoticias.com.br\/index.php\/wp-json\/wp\/v2\/posts\/49844","targetHints":{"allow":["GET"]}}],"collection":[{"href":"https:\/\/jornalfatosenoticias.com.br\/index.php\/wp-json\/wp\/v2\/posts"}],"about":[{"href":"https:\/\/jornalfatosenoticias.com.br\/index.php\/wp-json\/wp\/v2\/types\/post"}],"author":[{"embeddable":true,"href":"https:\/\/jornalfatosenoticias.com.br\/index.php\/wp-json\/wp\/v2\/users\/2"}],"replies":[{"embeddable":true,"href":"https:\/\/jornalfatosenoticias.com.br\/index.php\/wp-json\/wp\/v2\/comments?post=49844"}],"version-history":[{"count":0,"href":"https:\/\/jornalfatosenoticias.com.br\/index.php\/wp-json\/wp\/v2\/posts\/49844\/revisions"}],"wp:featuredmedia":[{"embeddable":true,"href":"https:\/\/jornalfatosenoticias.com.br\/index.php\/wp-json\/wp\/v2\/media\/49845"}],"wp:attachment":[{"href":"https:\/\/jornalfatosenoticias.com.br\/index.php\/wp-json\/wp\/v2\/media?parent=49844"}],"wp:term":[{"taxonomy":"category","embeddable":true,"href":"https:\/\/jornalfatosenoticias.com.br\/index.php\/wp-json\/wp\/v2\/categories?post=49844"},{"taxonomy":"post_tag","embeddable":true,"href":"https:\/\/jornalfatosenoticias.com.br\/index.php\/wp-json\/wp\/v2\/tags?post=49844"}],"curies":[{"name":"wp","href":"https:\/\/api.w.org\/{rel}","templated":true}]}}