{"id":49851,"date":"2024-03-12T16:23:58","date_gmt":"2024-03-12T19:23:58","guid":{"rendered":"https:\/\/jornalfatosenoticias.com.br\/?p=49851"},"modified":"2024-03-12T16:24:00","modified_gmt":"2024-03-12T19:24:00","slug":"em-carta-a-bolsonaro-primeiro-ministro-de-israel-critica-acusacoes-ultrajantes-de-lula","status":"publish","type":"post","link":"https:\/\/jornalfatosenoticias.com.br\/index.php\/2024\/03\/12\/em-carta-a-bolsonaro-primeiro-ministro-de-israel-critica-acusacoes-ultrajantes-de-lula\/","title":{"rendered":"Em carta a Bolsonaro, primeiro-ministro de Israel critica \u201cacusa\u00e7\u00f5es ultrajantes\u201d de Lula"},"content":{"rendered":"\n<p><em><span class=\"has-inline-color has-black-color\">O ex-presidente Jair Bolsonaro e o primeiro-ministro de Israel, Benjamin Netanyahu<\/span><\/em><\/p>\n\n\n\n<p><span class=\"has-inline-color has-black-color\">Por <strong><a href=\"https:\/\/www.gazetadopovo.com.br\/autor\/diogenes-freire-feitosa\/\">Di\u00f3genes Freire Feitosa<\/a><\/strong><\/span><\/p>\n\n\n\n<div class=\"wp-block-image\"><figure class=\"aligncenter size-large\"><img loading=\"lazy\" decoding=\"async\" width=\"729\" height=\"90\" src=\"https:\/\/jornalfatosenoticias.com.br\/wp-content\/uploads\/2020\/02\/Logo_Mizu.png\" alt=\"\" class=\"wp-image-1441\" srcset=\"https:\/\/jornalfatosenoticias.com.br\/wp-content\/uploads\/2020\/02\/Logo_Mizu.png 729w, https:\/\/jornalfatosenoticias.com.br\/wp-content\/uploads\/2020\/02\/Logo_Mizu-300x37.png 300w\" sizes=\"auto, (max-width: 729px) 100vw, 729px\" \/><\/figure><\/div>\n\n\n\n<p>Em carta enviada ao ex-presidente Jair Bolsonaro (PL), o primeiro-ministro de Israel, Benjamin Netanyahu, agradeceu a amizade do ex-mandat\u00e1rio e criticou as \u201cacusa\u00e7\u00f5es ultrajantes\u201d proferidas por Lula (PT) contra o governo israelense. A carta foi obtida pelo jornal Metr\u00f3poles e divulgada nesta segunda-feira (11).<br>Apesar de n\u00e3o mencionar o nome de Lula, Netanyahu diz que o discurso de Bolsonaro durante o ato do dia 25 de fevereiro foi uma \u201crejei\u00e7\u00e3o clara e moralmente s\u00f3lida das acusa\u00e7\u00f5es ultrajantes do seu sucessor contra as opera\u00e7\u00f5es das FDI em Gaza\u201d.<br>Nesse trecho do documento, o primeiro-ministro faz refer\u00eancia \u00e0s declara\u00e7\u00f5es em que Lula tem acusado Israel de \u201cgenoc\u00eddio\u201d contra o povo palestino, al\u00e9m de ter comparado a rea\u00e7\u00e3o de Israel aos ataques do Hamas com o holocausto, pol\u00edtica de exterm\u00ednio de judeus implementada por Adolf Hitler, na Alemanha.<br>De acordo com o Metr\u00f3poles, a carta foi enviada a Bolsonaro no dia 26 de fevereiro de 2024, um dia depois da megamanifesta\u00e7\u00e3o na Avenida Paulista, em S\u00e3o Paulo. Antes do ato na Paulista, apoiadores de Bolsonaro chegaram a sugerir que o embaixador de Israel, Daniel Zohar Zonshine, deveria ser convidado para o ato.<\/p>\n\n\n\n<div class=\"wp-block-image\"><figure class=\"aligncenter size-large is-resized\"><img loading=\"lazy\" decoding=\"async\" src=\"https:\/\/jornalfatosenoticias.com.br\/wp-content\/uploads\/2022\/02\/Precisao-Contabilidade-1024x724.jpg\" alt=\"\" class=\"wp-image-28088\" width=\"365\" height=\"258\"\/><\/figure><\/div>\n\n\n\n<p>Em nota, a Embaixada de Israel no Brasil disse que preferia \u201cficar de fora do debate pol\u00edtico interno\u201d e negou a participa\u00e7\u00e3o de Zonshine no evento. Como noticiado pela Gazeta do Povo, no s\u00e1bado (9), Bolsonaro disse que recebeu uma carta do primeiro-ministro Benjamin Netanyahu o convidando para visitar Israel.<\/p>\n\n\n\n<div class=\"wp-block-image\"><figure class=\"aligncenter size-large\"><img decoding=\"async\" src=\"https:\/\/jornalfatosenoticias.com.br\/wp-content\/uploads\/2020\/02\/barao-das-carnes-300x164-1.jpg\" alt=\"\" class=\"wp-image-34339\"\/><\/figure><\/div>\n\n\n\n<p>Bolsonaro precisar\u00e1 de autoriza\u00e7\u00e3o do ministro do Supremo Tribunal Federal (STF), Alexandre de Moraes, para sair do pa\u00eds, j\u00e1 que teve o passaporte retido. Ao contr\u00e1rio de Lula, que foi considerado pela diplomacia israelense como \u201cpersona non grata\u201d, Bolsonaro mostrou-se alinhado com a posi\u00e7\u00e3o de Israel, sempre condenando os ataques terroristas do Hamas.<\/p>\n\n\n\n<div class=\"wp-block-image\"><figure class=\"aligncenter size-large is-resized\"><img loading=\"lazy\" decoding=\"async\" src=\"https:\/\/jornalfatosenoticias.com.br\/wp-content\/uploads\/2023\/12\/pegoretti-logo-pdf-1024x389.jpg\" alt=\"\" class=\"wp-image-47536\" width=\"493\" height=\"187\" srcset=\"https:\/\/jornalfatosenoticias.com.br\/wp-content\/uploads\/2023\/12\/pegoretti-logo-pdf-1024x389.jpg 1024w, https:\/\/jornalfatosenoticias.com.br\/wp-content\/uploads\/2023\/12\/pegoretti-logo-pdf-300x114.jpg 300w, https:\/\/jornalfatosenoticias.com.br\/wp-content\/uploads\/2023\/12\/pegoretti-logo-pdf-768x291.jpg 768w, https:\/\/jornalfatosenoticias.com.br\/wp-content\/uploads\/2023\/12\/pegoretti-logo-pdf.jpg 1120w\" sizes=\"auto, (max-width: 493px) 100vw, 493px\" \/><\/figure><\/div>\n\n\n\n<p><strong><span class=\"has-inline-color has-black-color\">Confira a \u00edntegra da carta enviada por Netanyahu a Bolsonaro<br><\/span><\/strong>Prezado senhor Bolsonaro,<br>Espero que esta carta o encontre bem. Gostaria de expressar o meu apre\u00e7o pelo seu apoio cont\u00ednuo e sincero ao Estado de Israel.<br>Ainda ontem, voc\u00ea demonstrou sua solidariedade ao povo e ao Estado de Israel, agitando orgulhosamente a bandeira israelense num com\u00edcio em S\u00e3o Paulo.<br>Esta foi uma rejei\u00e7\u00e3o clara e moralmente s\u00f3lida das acusa\u00e7\u00f5es ultrajantes do seu sucessor contra as opera\u00e7\u00f5es das FDI em Gaza.<br>Durante o seu mandato como Presidente do Brasil, as rela\u00e7\u00f5es entre os nossos dois pa\u00edses atingiram novos patamares.<br>Tenho boas lembran\u00e7as da minha viagem ao Brasil e gostei muito de conhecer voc\u00eas. A sua verdadeira amizade para com Israel foi firmemente expressa durante a sua presid\u00eancia, tanto em palavras como em actos, incluindo no seu apoio inabal\u00e1vel a Israel nas arenas internacionais.<br>Sua amizade \u00e9 ainda mais importante em tempos de crise e de guerra e, portanto, convido voc\u00ea e sua fam\u00edlia a visitar Israel para demonstrar sua solidariedade ao povo de Israel.<\/p>\n\n\n\n<div class=\"wp-block-image\"><figure class=\"aligncenter size-large\"><img loading=\"lazy\" decoding=\"async\" width=\"300\" height=\"250\" src=\"https:\/\/jornalfatosenoticias.com.br\/wp-content\/uploads\/2020\/02\/Banner-2.png\" alt=\"\" class=\"wp-image-43787\"\/><\/figure><\/div>\n\n\n\n<p><strong><em>Fonte: <a href=\"https:\/\/www.gazetadopovo.com.br\/republica\/em-carta-a-bolsonaro-1o-ministro-de-israel-critica-acusacoes-ultrajantes-de-lula\/\">Gazeta do Povo<\/a><\/em><\/strong><\/p>\n","protected":false},"excerpt":{"rendered":"<p>O ex-presidente Jair Bolsonaro e o primeiro-ministro de Israel, Benjamin Netanyahu Por Di\u00f3genes Freire Feitosa Em carta enviada ao ex-presidente Jair Bolsonaro (PL), o primeiro-ministro de Israel, Benjamin Netanyahu, agradeceu a amizade do ex-mandat\u00e1rio e criticou as \u201cacusa\u00e7\u00f5es ultrajantes\u201d proferidas por Lula (PT) contra o governo israelense. A carta foi obtida pelo jornal Metr\u00f3poles e [&hellip;]<\/p>\n","protected":false},"author":2,"featured_media":49852,"comment_status":"open","ping_status":"open","sticky":false,"template":"","format":"standard","meta":{"footnotes":""},"categories":[41],"tags":[22480,239,4491,21582,162,2153,7580,512,19434],"class_list":["post-49851","post","type-post","status-publish","format-standard","has-post-thumbnail","hentry","category-internacional","tag-benjamin-netanyahu","tag-bolsonaro","tag-guerra","tag-hamas","tag-israel","tag-judeus","tag-lula","tag-nazismo","tag-passaporte"],"yoast_head":"<!-- This site is optimized with the Yoast SEO plugin v26.5 - https:\/\/yoast.com\/wordpress\/plugins\/seo\/ -->\n<title>Em carta a Bolsonaro, primeiro-ministro de Israel critica \u201cacusa\u00e7\u00f5es ultrajantes\u201d de Lula - Jornal Fatos e Not\u00edcias<\/title>\n<meta name=\"robots\" content=\"index, follow, max-snippet:-1, max-image-preview:large, max-video-preview:-1\" \/>\n<link rel=\"canonical\" href=\"https:\/\/jornalfatosenoticias.com.br\/index.php\/2024\/03\/12\/em-carta-a-bolsonaro-primeiro-ministro-de-israel-critica-acusacoes-ultrajantes-de-lula\/\" \/>\n<meta property=\"og:locale\" content=\"pt_BR\" \/>\n<meta property=\"og:type\" content=\"article\" \/>\n<meta property=\"og:title\" content=\"Em carta a Bolsonaro, primeiro-ministro de Israel critica \u201cacusa\u00e7\u00f5es ultrajantes\u201d de Lula - Jornal Fatos e Not\u00edcias\" \/>\n<meta property=\"og:description\" content=\"O ex-presidente Jair Bolsonaro e o primeiro-ministro de Israel, Benjamin Netanyahu Por Di\u00f3genes Freire Feitosa Em carta enviada ao ex-presidente Jair Bolsonaro (PL), o primeiro-ministro de Israel, Benjamin Netanyahu, agradeceu a amizade do ex-mandat\u00e1rio e criticou as \u201cacusa\u00e7\u00f5es ultrajantes\u201d proferidas por Lula (PT) contra o governo israelense. A carta foi obtida pelo jornal Metr\u00f3poles e [&hellip;]\" \/>\n<meta property=\"og:url\" content=\"https:\/\/jornalfatosenoticias.com.br\/index.php\/2024\/03\/12\/em-carta-a-bolsonaro-primeiro-ministro-de-israel-critica-acusacoes-ultrajantes-de-lula\/\" \/>\n<meta property=\"og:site_name\" content=\"Jornal Fatos e Not\u00edcias\" \/>\n<meta property=\"article:published_time\" content=\"2024-03-12T19:23:58+00:00\" \/>\n<meta property=\"article:modified_time\" content=\"2024-03-12T19:24:00+00:00\" \/>\n<meta property=\"og:image\" content=\"https:\/\/jornalfatosenoticias.com.br\/wp-content\/uploads\/2024\/03\/bolsonaro.jpg\" \/>\n\t<meta property=\"og:image:width\" content=\"960\" \/>\n\t<meta property=\"og:image:height\" content=\"540\" \/>\n\t<meta property=\"og:image:type\" content=\"image\/jpeg\" \/>\n<meta name=\"author\" content=\"Luzimara Fernandes\" \/>\n<meta name=\"twitter:card\" content=\"summary_large_image\" \/>\n<meta name=\"twitter:label1\" content=\"Escrito por\" \/>\n\t<meta name=\"twitter:data1\" content=\"Luzimara Fernandes\" \/>\n\t<meta name=\"twitter:label2\" content=\"Est. tempo de leitura\" \/>\n\t<meta name=\"twitter:data2\" content=\"3 minutos\" \/>\n<script type=\"application\/ld+json\" class=\"yoast-schema-graph\">{\"@context\":\"https:\/\/schema.org\",\"@graph\":[{\"@type\":\"Article\",\"@id\":\"https:\/\/jornalfatosenoticias.com.br\/index.php\/2024\/03\/12\/em-carta-a-bolsonaro-primeiro-ministro-de-israel-critica-acusacoes-ultrajantes-de-lula\/#article\",\"isPartOf\":{\"@id\":\"https:\/\/jornalfatosenoticias.com.br\/index.php\/2024\/03\/12\/em-carta-a-bolsonaro-primeiro-ministro-de-israel-critica-acusacoes-ultrajantes-de-lula\/\"},\"author\":{\"name\":\"Luzimara Fernandes\",\"@id\":\"https:\/\/jornalfatosenoticias.com.br\/#\/schema\/person\/d63837fa13ac8666eb9e74e0985d6f81\"},\"headline\":\"Em carta a Bolsonaro, primeiro-ministro de Israel critica \u201cacusa\u00e7\u00f5es ultrajantes\u201d de Lula\",\"datePublished\":\"2024-03-12T19:23:58+00:00\",\"dateModified\":\"2024-03-12T19:24:00+00:00\",\"mainEntityOfPage\":{\"@id\":\"https:\/\/jornalfatosenoticias.com.br\/index.php\/2024\/03\/12\/em-carta-a-bolsonaro-primeiro-ministro-de-israel-critica-acusacoes-ultrajantes-de-lula\/\"},\"wordCount\":532,\"commentCount\":0,\"publisher\":{\"@id\":\"https:\/\/jornalfatosenoticias.com.br\/#organization\"},\"image\":{\"@id\":\"https:\/\/jornalfatosenoticias.com.br\/index.php\/2024\/03\/12\/em-carta-a-bolsonaro-primeiro-ministro-de-israel-critica-acusacoes-ultrajantes-de-lula\/#primaryimage\"},\"thumbnailUrl\":\"https:\/\/jornalfatosenoticias.com.br\/wp-content\/uploads\/2024\/03\/bolsonaro.jpg\",\"keywords\":[\"Benjamin Netanyahu\",\"Bolsonaro\",\"guerra\",\"Hamas\",\"Israel\",\"judeus\",\"Lula\",\"nazismo\",\"passaporte\"],\"articleSection\":[\"Internacional\"],\"inLanguage\":\"pt-BR\",\"potentialAction\":[{\"@type\":\"CommentAction\",\"name\":\"Comment\",\"target\":[\"https:\/\/jornalfatosenoticias.com.br\/index.php\/2024\/03\/12\/em-carta-a-bolsonaro-primeiro-ministro-de-israel-critica-acusacoes-ultrajantes-de-lula\/#respond\"]}]},{\"@type\":\"WebPage\",\"@id\":\"https:\/\/jornalfatosenoticias.com.br\/index.php\/2024\/03\/12\/em-carta-a-bolsonaro-primeiro-ministro-de-israel-critica-acusacoes-ultrajantes-de-lula\/\",\"url\":\"https:\/\/jornalfatosenoticias.com.br\/index.php\/2024\/03\/12\/em-carta-a-bolsonaro-primeiro-ministro-de-israel-critica-acusacoes-ultrajantes-de-lula\/\",\"name\":\"Em carta a Bolsonaro, primeiro-ministro de Israel critica \u201cacusa\u00e7\u00f5es ultrajantes\u201d de Lula - Jornal Fatos e Not\u00edcias\",\"isPartOf\":{\"@id\":\"https:\/\/jornalfatosenoticias.com.br\/#website\"},\"primaryImageOfPage\":{\"@id\":\"https:\/\/jornalfatosenoticias.com.br\/index.php\/2024\/03\/12\/em-carta-a-bolsonaro-primeiro-ministro-de-israel-critica-acusacoes-ultrajantes-de-lula\/#primaryimage\"},\"image\":{\"@id\":\"https:\/\/jornalfatosenoticias.com.br\/index.php\/2024\/03\/12\/em-carta-a-bolsonaro-primeiro-ministro-de-israel-critica-acusacoes-ultrajantes-de-lula\/#primaryimage\"},\"thumbnailUrl\":\"https:\/\/jornalfatosenoticias.com.br\/wp-content\/uploads\/2024\/03\/bolsonaro.jpg\",\"datePublished\":\"2024-03-12T19:23:58+00:00\",\"dateModified\":\"2024-03-12T19:24:00+00:00\",\"breadcrumb\":{\"@id\":\"https:\/\/jornalfatosenoticias.com.br\/index.php\/2024\/03\/12\/em-carta-a-bolsonaro-primeiro-ministro-de-israel-critica-acusacoes-ultrajantes-de-lula\/#breadcrumb\"},\"inLanguage\":\"pt-BR\",\"potentialAction\":[{\"@type\":\"ReadAction\",\"target\":[\"https:\/\/jornalfatosenoticias.com.br\/index.php\/2024\/03\/12\/em-carta-a-bolsonaro-primeiro-ministro-de-israel-critica-acusacoes-ultrajantes-de-lula\/\"]}]},{\"@type\":\"ImageObject\",\"inLanguage\":\"pt-BR\",\"@id\":\"https:\/\/jornalfatosenoticias.com.br\/index.php\/2024\/03\/12\/em-carta-a-bolsonaro-primeiro-ministro-de-israel-critica-acusacoes-ultrajantes-de-lula\/#primaryimage\",\"url\":\"https:\/\/jornalfatosenoticias.com.br\/wp-content\/uploads\/2024\/03\/bolsonaro.jpg\",\"contentUrl\":\"https:\/\/jornalfatosenoticias.com.br\/wp-content\/uploads\/2024\/03\/bolsonaro.jpg\",\"width\":960,\"height\":540},{\"@type\":\"BreadcrumbList\",\"@id\":\"https:\/\/jornalfatosenoticias.com.br\/index.php\/2024\/03\/12\/em-carta-a-bolsonaro-primeiro-ministro-de-israel-critica-acusacoes-ultrajantes-de-lula\/#breadcrumb\",\"itemListElement\":[{\"@type\":\"ListItem\",\"position\":1,\"name\":\"In\u00edcio\",\"item\":\"https:\/\/jornalfatosenoticias.com.br\/\"},{\"@type\":\"ListItem\",\"position\":2,\"name\":\"Em carta a Bolsonaro, primeiro-ministro de Israel critica \u201cacusa\u00e7\u00f5es ultrajantes\u201d de Lula\"}]},{\"@type\":\"WebSite\",\"@id\":\"https:\/\/jornalfatosenoticias.com.br\/#website\",\"url\":\"https:\/\/jornalfatosenoticias.com.br\/\",\"name\":\"Jornal Fatos e Not\u00edcias\",\"description\":\"Not\u00edcias em geral\",\"publisher\":{\"@id\":\"https:\/\/jornalfatosenoticias.com.br\/#organization\"},\"potentialAction\":[{\"@type\":\"SearchAction\",\"target\":{\"@type\":\"EntryPoint\",\"urlTemplate\":\"https:\/\/jornalfatosenoticias.com.br\/?s={search_term_string}\"},\"query-input\":{\"@type\":\"PropertyValueSpecification\",\"valueRequired\":true,\"valueName\":\"search_term_string\"}}],\"inLanguage\":\"pt-BR\"},{\"@type\":\"Organization\",\"@id\":\"https:\/\/jornalfatosenoticias.com.br\/#organization\",\"name\":\"Jornal Fatos e Not\u00edcias\",\"url\":\"https:\/\/jornalfatosenoticias.com.br\/\",\"logo\":{\"@type\":\"ImageObject\",\"inLanguage\":\"pt-BR\",\"@id\":\"https:\/\/jornalfatosenoticias.com.br\/#\/schema\/logo\/image\/\",\"url\":\"https:\/\/jornalfatosenoticias.com.br\/wp-content\/uploads\/2020\/02\/logo120.png\",\"contentUrl\":\"https:\/\/jornalfatosenoticias.com.br\/wp-content\/uploads\/2020\/02\/logo120.png\",\"width\":1227,\"height\":120,\"caption\":\"Jornal Fatos e Not\u00edcias\"},\"image\":{\"@id\":\"https:\/\/jornalfatosenoticias.com.br\/#\/schema\/logo\/image\/\"}},{\"@type\":\"Person\",\"@id\":\"https:\/\/jornalfatosenoticias.com.br\/#\/schema\/person\/d63837fa13ac8666eb9e74e0985d6f81\",\"name\":\"Luzimara Fernandes\",\"image\":{\"@type\":\"ImageObject\",\"inLanguage\":\"pt-BR\",\"@id\":\"https:\/\/jornalfatosenoticias.com.br\/#\/schema\/person\/image\/\",\"url\":\"https:\/\/jornalfatosenoticias.com.br\/wp-content\/uploads\/2025\/05\/EU_portal.jpg\",\"contentUrl\":\"https:\/\/jornalfatosenoticias.com.br\/wp-content\/uploads\/2025\/05\/EU_portal.jpg\",\"caption\":\"Luzimara Fernandes\"},\"description\":\"Jornalista MTB 2358-ES\",\"sameAs\":[\"https:\/\/jornalfatosenoticias.com.br\"],\"url\":\"https:\/\/jornalfatosenoticias.com.br\/index.php\/author\/luzimara\/\"}]}<\/script>\n<!-- \/ Yoast SEO plugin. -->","yoast_head_json":{"title":"Em carta a Bolsonaro, primeiro-ministro de Israel critica \u201cacusa\u00e7\u00f5es ultrajantes\u201d de Lula - Jornal Fatos e Not\u00edcias","robots":{"index":"index","follow":"follow","max-snippet":"max-snippet:-1","max-image-preview":"max-image-preview:large","max-video-preview":"max-video-preview:-1"},"canonical":"https:\/\/jornalfatosenoticias.com.br\/index.php\/2024\/03\/12\/em-carta-a-bolsonaro-primeiro-ministro-de-israel-critica-acusacoes-ultrajantes-de-lula\/","og_locale":"pt_BR","og_type":"article","og_title":"Em carta a Bolsonaro, primeiro-ministro de Israel critica \u201cacusa\u00e7\u00f5es ultrajantes\u201d de Lula - Jornal Fatos e Not\u00edcias","og_description":"O ex-presidente Jair Bolsonaro e o primeiro-ministro de Israel, Benjamin Netanyahu Por Di\u00f3genes Freire Feitosa Em carta enviada ao ex-presidente Jair Bolsonaro (PL), o primeiro-ministro de Israel, Benjamin Netanyahu, agradeceu a amizade do ex-mandat\u00e1rio e criticou as \u201cacusa\u00e7\u00f5es ultrajantes\u201d proferidas por Lula (PT) contra o governo israelense. A carta foi obtida pelo jornal Metr\u00f3poles e [&hellip;]","og_url":"https:\/\/jornalfatosenoticias.com.br\/index.php\/2024\/03\/12\/em-carta-a-bolsonaro-primeiro-ministro-de-israel-critica-acusacoes-ultrajantes-de-lula\/","og_site_name":"Jornal Fatos e Not\u00edcias","article_published_time":"2024-03-12T19:23:58+00:00","article_modified_time":"2024-03-12T19:24:00+00:00","og_image":[{"width":960,"height":540,"url":"https:\/\/jornalfatosenoticias.com.br\/wp-content\/uploads\/2024\/03\/bolsonaro.jpg","type":"image\/jpeg"}],"author":"Luzimara Fernandes","twitter_card":"summary_large_image","twitter_misc":{"Escrito por":"Luzimara Fernandes","Est. tempo de leitura":"3 minutos"},"schema":{"@context":"https:\/\/schema.org","@graph":[{"@type":"Article","@id":"https:\/\/jornalfatosenoticias.com.br\/index.php\/2024\/03\/12\/em-carta-a-bolsonaro-primeiro-ministro-de-israel-critica-acusacoes-ultrajantes-de-lula\/#article","isPartOf":{"@id":"https:\/\/jornalfatosenoticias.com.br\/index.php\/2024\/03\/12\/em-carta-a-bolsonaro-primeiro-ministro-de-israel-critica-acusacoes-ultrajantes-de-lula\/"},"author":{"name":"Luzimara Fernandes","@id":"https:\/\/jornalfatosenoticias.com.br\/#\/schema\/person\/d63837fa13ac8666eb9e74e0985d6f81"},"headline":"Em carta a Bolsonaro, primeiro-ministro de Israel critica \u201cacusa\u00e7\u00f5es ultrajantes\u201d de Lula","datePublished":"2024-03-12T19:23:58+00:00","dateModified":"2024-03-12T19:24:00+00:00","mainEntityOfPage":{"@id":"https:\/\/jornalfatosenoticias.com.br\/index.php\/2024\/03\/12\/em-carta-a-bolsonaro-primeiro-ministro-de-israel-critica-acusacoes-ultrajantes-de-lula\/"},"wordCount":532,"commentCount":0,"publisher":{"@id":"https:\/\/jornalfatosenoticias.com.br\/#organization"},"image":{"@id":"https:\/\/jornalfatosenoticias.com.br\/index.php\/2024\/03\/12\/em-carta-a-bolsonaro-primeiro-ministro-de-israel-critica-acusacoes-ultrajantes-de-lula\/#primaryimage"},"thumbnailUrl":"https:\/\/jornalfatosenoticias.com.br\/wp-content\/uploads\/2024\/03\/bolsonaro.jpg","keywords":["Benjamin Netanyahu","Bolsonaro","guerra","Hamas","Israel","judeus","Lula","nazismo","passaporte"],"articleSection":["Internacional"],"inLanguage":"pt-BR","potentialAction":[{"@type":"CommentAction","name":"Comment","target":["https:\/\/jornalfatosenoticias.com.br\/index.php\/2024\/03\/12\/em-carta-a-bolsonaro-primeiro-ministro-de-israel-critica-acusacoes-ultrajantes-de-lula\/#respond"]}]},{"@type":"WebPage","@id":"https:\/\/jornalfatosenoticias.com.br\/index.php\/2024\/03\/12\/em-carta-a-bolsonaro-primeiro-ministro-de-israel-critica-acusacoes-ultrajantes-de-lula\/","url":"https:\/\/jornalfatosenoticias.com.br\/index.php\/2024\/03\/12\/em-carta-a-bolsonaro-primeiro-ministro-de-israel-critica-acusacoes-ultrajantes-de-lula\/","name":"Em carta a Bolsonaro, primeiro-ministro de Israel critica \u201cacusa\u00e7\u00f5es ultrajantes\u201d de Lula - Jornal Fatos e Not\u00edcias","isPartOf":{"@id":"https:\/\/jornalfatosenoticias.com.br\/#website"},"primaryImageOfPage":{"@id":"https:\/\/jornalfatosenoticias.com.br\/index.php\/2024\/03\/12\/em-carta-a-bolsonaro-primeiro-ministro-de-israel-critica-acusacoes-ultrajantes-de-lula\/#primaryimage"},"image":{"@id":"https:\/\/jornalfatosenoticias.com.br\/index.php\/2024\/03\/12\/em-carta-a-bolsonaro-primeiro-ministro-de-israel-critica-acusacoes-ultrajantes-de-lula\/#primaryimage"},"thumbnailUrl":"https:\/\/jornalfatosenoticias.com.br\/wp-content\/uploads\/2024\/03\/bolsonaro.jpg","datePublished":"2024-03-12T19:23:58+00:00","dateModified":"2024-03-12T19:24:00+00:00","breadcrumb":{"@id":"https:\/\/jornalfatosenoticias.com.br\/index.php\/2024\/03\/12\/em-carta-a-bolsonaro-primeiro-ministro-de-israel-critica-acusacoes-ultrajantes-de-lula\/#breadcrumb"},"inLanguage":"pt-BR","potentialAction":[{"@type":"ReadAction","target":["https:\/\/jornalfatosenoticias.com.br\/index.php\/2024\/03\/12\/em-carta-a-bolsonaro-primeiro-ministro-de-israel-critica-acusacoes-ultrajantes-de-lula\/"]}]},{"@type":"ImageObject","inLanguage":"pt-BR","@id":"https:\/\/jornalfatosenoticias.com.br\/index.php\/2024\/03\/12\/em-carta-a-bolsonaro-primeiro-ministro-de-israel-critica-acusacoes-ultrajantes-de-lula\/#primaryimage","url":"https:\/\/jornalfatosenoticias.com.br\/wp-content\/uploads\/2024\/03\/bolsonaro.jpg","contentUrl":"https:\/\/jornalfatosenoticias.com.br\/wp-content\/uploads\/2024\/03\/bolsonaro.jpg","width":960,"height":540},{"@type":"BreadcrumbList","@id":"https:\/\/jornalfatosenoticias.com.br\/index.php\/2024\/03\/12\/em-carta-a-bolsonaro-primeiro-ministro-de-israel-critica-acusacoes-ultrajantes-de-lula\/#breadcrumb","itemListElement":[{"@type":"ListItem","position":1,"name":"In\u00edcio","item":"https:\/\/jornalfatosenoticias.com.br\/"},{"@type":"ListItem","position":2,"name":"Em carta a Bolsonaro, primeiro-ministro de Israel critica \u201cacusa\u00e7\u00f5es ultrajantes\u201d de Lula"}]},{"@type":"WebSite","@id":"https:\/\/jornalfatosenoticias.com.br\/#website","url":"https:\/\/jornalfatosenoticias.com.br\/","name":"Jornal Fatos e Not\u00edcias","description":"Not\u00edcias em geral","publisher":{"@id":"https:\/\/jornalfatosenoticias.com.br\/#organization"},"potentialAction":[{"@type":"SearchAction","target":{"@type":"EntryPoint","urlTemplate":"https:\/\/jornalfatosenoticias.com.br\/?s={search_term_string}"},"query-input":{"@type":"PropertyValueSpecification","valueRequired":true,"valueName":"search_term_string"}}],"inLanguage":"pt-BR"},{"@type":"Organization","@id":"https:\/\/jornalfatosenoticias.com.br\/#organization","name":"Jornal Fatos e Not\u00edcias","url":"https:\/\/jornalfatosenoticias.com.br\/","logo":{"@type":"ImageObject","inLanguage":"pt-BR","@id":"https:\/\/jornalfatosenoticias.com.br\/#\/schema\/logo\/image\/","url":"https:\/\/jornalfatosenoticias.com.br\/wp-content\/uploads\/2020\/02\/logo120.png","contentUrl":"https:\/\/jornalfatosenoticias.com.br\/wp-content\/uploads\/2020\/02\/logo120.png","width":1227,"height":120,"caption":"Jornal Fatos e Not\u00edcias"},"image":{"@id":"https:\/\/jornalfatosenoticias.com.br\/#\/schema\/logo\/image\/"}},{"@type":"Person","@id":"https:\/\/jornalfatosenoticias.com.br\/#\/schema\/person\/d63837fa13ac8666eb9e74e0985d6f81","name":"Luzimara Fernandes","image":{"@type":"ImageObject","inLanguage":"pt-BR","@id":"https:\/\/jornalfatosenoticias.com.br\/#\/schema\/person\/image\/","url":"https:\/\/jornalfatosenoticias.com.br\/wp-content\/uploads\/2025\/05\/EU_portal.jpg","contentUrl":"https:\/\/jornalfatosenoticias.com.br\/wp-content\/uploads\/2025\/05\/EU_portal.jpg","caption":"Luzimara Fernandes"},"description":"Jornalista MTB 2358-ES","sameAs":["https:\/\/jornalfatosenoticias.com.br"],"url":"https:\/\/jornalfatosenoticias.com.br\/index.php\/author\/luzimara\/"}]}},"cc_featured_image_caption":{"caption_text":"(Foto: Gazeta do Povo)","source_text":"","source_url":""},"jetpack_featured_media_url":"https:\/\/jornalfatosenoticias.com.br\/wp-content\/uploads\/2024\/03\/bolsonaro.jpg","_links":{"self":[{"href":"https:\/\/jornalfatosenoticias.com.br\/index.php\/wp-json\/wp\/v2\/posts\/49851","targetHints":{"allow":["GET"]}}],"collection":[{"href":"https:\/\/jornalfatosenoticias.com.br\/index.php\/wp-json\/wp\/v2\/posts"}],"about":[{"href":"https:\/\/jornalfatosenoticias.com.br\/index.php\/wp-json\/wp\/v2\/types\/post"}],"author":[{"embeddable":true,"href":"https:\/\/jornalfatosenoticias.com.br\/index.php\/wp-json\/wp\/v2\/users\/2"}],"replies":[{"embeddable":true,"href":"https:\/\/jornalfatosenoticias.com.br\/index.php\/wp-json\/wp\/v2\/comments?post=49851"}],"version-history":[{"count":0,"href":"https:\/\/jornalfatosenoticias.com.br\/index.php\/wp-json\/wp\/v2\/posts\/49851\/revisions"}],"wp:featuredmedia":[{"embeddable":true,"href":"https:\/\/jornalfatosenoticias.com.br\/index.php\/wp-json\/wp\/v2\/media\/49852"}],"wp:attachment":[{"href":"https:\/\/jornalfatosenoticias.com.br\/index.php\/wp-json\/wp\/v2\/media?parent=49851"}],"wp:term":[{"taxonomy":"category","embeddable":true,"href":"https:\/\/jornalfatosenoticias.com.br\/index.php\/wp-json\/wp\/v2\/categories?post=49851"},{"taxonomy":"post_tag","embeddable":true,"href":"https:\/\/jornalfatosenoticias.com.br\/index.php\/wp-json\/wp\/v2\/tags?post=49851"}],"curies":[{"name":"wp","href":"https:\/\/api.w.org\/{rel}","templated":true}]}}