{"id":49861,"date":"2024-03-13T09:07:57","date_gmt":"2024-03-13T12:07:57","guid":{"rendered":"https:\/\/jornalfatosenoticias.com.br\/?p=49861"},"modified":"2024-03-13T09:07:58","modified_gmt":"2024-03-13T12:07:58","slug":"o-po-preto-e-a-infindavel-poluicao-do-ar-na-grande-vitoria","status":"publish","type":"post","link":"https:\/\/jornalfatosenoticias.com.br\/index.php\/2024\/03\/13\/o-po-preto-e-a-infindavel-poluicao-do-ar-na-grande-vitoria\/","title":{"rendered":"O p\u00f3 preto e a infind\u00e1vel polui\u00e7\u00e3o do ar na Grande Vit\u00f3ria"},"content":{"rendered":"\n<p><em><span class=\"has-inline-color has-black-color\">Um ex-governador e atual conselheiro da Vale e um atual governador e futuro conselheiro da Vale<\/span><\/em><\/p>\n\n\n\n<p><span class=\"has-inline-color has-black-color\">Por <strong><a href=\"https:\/\/jornalfatosenoticias.com.br\/index.php\/2023\/03\/16\/populacao-reclama-do-po-preto\/\">Eraylton Moreschi<\/a><\/strong><\/span><\/p>\n\n\n\n<div class=\"wp-block-image\"><figure class=\"aligncenter size-large is-resized\"><img loading=\"lazy\" decoding=\"async\" src=\"https:\/\/jornalfatosenoticias.com.br\/wp-content\/uploads\/2023\/09\/vetorvix1024_1.jpg\" alt=\"\" class=\"wp-image-44868\" width=\"535\" height=\"142\" srcset=\"https:\/\/jornalfatosenoticias.com.br\/wp-content\/uploads\/2023\/09\/vetorvix1024_1.jpg 1024w, https:\/\/jornalfatosenoticias.com.br\/wp-content\/uploads\/2023\/09\/vetorvix1024_1-300x80.jpg 300w, https:\/\/jornalfatosenoticias.com.br\/wp-content\/uploads\/2023\/09\/vetorvix1024_1-768x205.jpg 768w\" sizes=\"auto, (max-width: 535px) 100vw, 535px\" \/><\/figure><\/div>\n\n\n\n<p>Ambientalista e presidente da ONG Juntos SOS ES Ambiental, Eraylton Moreschi, denuncia o descaso do governo Casagrande com a quest\u00e3o da polui\u00e7\u00e3o, provocada pelo P\u00f3 Preto na Grande Vit\u00f3ria. Segundo Eraylton, deputados da bancada do P\u00f3 Preto aprovaram de forma simb\u00f3lica o Projeto de Lei 1.014\/2023 do Executivo que n\u00e3o cria a Pol\u00edtica Estadual de Qualidade do Ar (PEQAr II) que objetiva atender os interesses das poluidoras <em>Vale S.A<\/em> e a <em>ArcelorMittal.<\/em><\/p>\n\n\n\n<div class=\"wp-block-image\"><figure class=\"aligncenter size-large\"><img loading=\"lazy\" decoding=\"async\" width=\"935\" height=\"1024\" src=\"https:\/\/jornalfatosenoticias.com.br\/wp-content\/uploads\/2024\/03\/moreschi-935x1024.jpg\" alt=\"\" class=\"wp-image-49862\" srcset=\"https:\/\/jornalfatosenoticias.com.br\/wp-content\/uploads\/2024\/03\/moreschi-935x1024.jpg 935w, https:\/\/jornalfatosenoticias.com.br\/wp-content\/uploads\/2024\/03\/moreschi-274x300.jpg 274w, https:\/\/jornalfatosenoticias.com.br\/wp-content\/uploads\/2024\/03\/moreschi-768x841.jpg 768w, https:\/\/jornalfatosenoticias.com.br\/wp-content\/uploads\/2024\/03\/moreschi.jpg 1000w\" sizes=\"auto, (max-width: 935px) 100vw, 935px\" \/><figcaption><em><span class=\"has-inline-color has-black-color\">Ambientalista Eraylton Moreschi na C\u00e2mara de Vit\u00f3ria (Foto: Arquivo pessoal)<\/span><\/em><\/figcaption><\/figure><\/div>\n\n\n\n<blockquote class=\"wp-block-quote is-layout-flow wp-block-quote-is-layout-flow\"><p><span class=\"has-inline-color has-luminous-vivid-orange-color\">Apesar de ser engenheiro ambiental, Casagrande \u00e9 um retrocesso na vida dos capixabas. Em 2013, assinou o decreto 3.463-r com padr\u00e3o de PS de 14,0 g\/m\u00b2 num per\u00edodo de 30 dias em vigor at\u00e9 hoje e os padr\u00f5es originais do decreto 3.463-r por mais de 10 anos n\u00e3o s\u00e3o revisados e agora, em 180 dias, segundo eles, ser\u00e1 revisado depois da publica\u00e7\u00e3o da norma. N\u00e3o conhecemos a norma\u201d, denuncia o ambientalista acrescentando \u201ca conta vai parar na sa\u00fade e quem a paga \u00e9 a sociedade. As estat\u00edsticas n\u00e3o mentem, existe um grande de n\u00famero de pessoas com problemas respirat\u00f3rios, card\u00edacos por causa do P\u00f3 Preto e essa conta quem paga \u00e9 a sociedade\u201d, critica.<\/span><\/p><\/blockquote>\n\n\n\n<div class=\"wp-block-image\"><figure class=\"aligncenter size-large is-resized\"><img loading=\"lazy\" decoding=\"async\" src=\"https:\/\/jornalfatosenoticias.com.br\/wp-content\/uploads\/2024\/01\/consultoria-ambiental.jpg\" alt=\"\" class=\"wp-image-48314\" width=\"335\" height=\"303\" srcset=\"https:\/\/jornalfatosenoticias.com.br\/wp-content\/uploads\/2024\/01\/consultoria-ambiental.jpg 832w, https:\/\/jornalfatosenoticias.com.br\/wp-content\/uploads\/2024\/01\/consultoria-ambiental-300x272.jpg 300w, https:\/\/jornalfatosenoticias.com.br\/wp-content\/uploads\/2024\/01\/consultoria-ambiental-768x696.jpg 768w\" sizes=\"auto, (max-width: 335px) 100vw, 335px\" \/><\/figure><\/div>\n\n\n\n<p>O Minist\u00e9rio P\u00fablico validou a polui\u00e7\u00e3o por meio de assinaturas de Termos de Compromissos Ambientais. Ficou provado, no segundo semestre de 2023, que tais instrumentos se apresentaram ineficazes, pois a polui\u00e7\u00e3o do P\u00f3 Preto foi maior do que no ano de assinatura dos TACs, em 2018. Ou seja, os instrumentos firmados pelo Minist\u00e9rio P\u00fablico somente serviram para permitir a continuidade das opera\u00e7\u00f5es das poluidoras. E fizeram as vezes das licen\u00e7as ambientais.<\/p>\n\n\n\n<div class=\"wp-block-image\"><figure class=\"aligncenter size-large is-resized\"><img loading=\"lazy\" decoding=\"async\" src=\"https:\/\/jornalfatosenoticias.com.br\/wp-content\/uploads\/2020\/02\/CONTROL-CS.jpg\" alt=\"\" class=\"wp-image-44991\" width=\"328\" height=\"393\" srcset=\"https:\/\/jornalfatosenoticias.com.br\/wp-content\/uploads\/2020\/02\/CONTROL-CS.jpg 834w, https:\/\/jornalfatosenoticias.com.br\/wp-content\/uploads\/2020\/02\/CONTROL-CS-250x300.jpg 250w, https:\/\/jornalfatosenoticias.com.br\/wp-content\/uploads\/2020\/02\/CONTROL-CS-768x921.jpg 768w\" sizes=\"auto, (max-width: 328px) 100vw, 328px\" \/><\/figure><\/div>\n\n\n\n<p>As grandes empresas capixabas gastam milh\u00f5es de reais em tecnologias ineficientes e ineficazes, que n\u00e3o s\u00e3o as melhores dispon\u00edveis para enclausurar as fontes de emiss\u00e3o de polui\u00e7\u00e3o atmosf\u00e9rica. Por culpa dos deputados estaduais capixabas, vamos ter a fragilidade de um decreto determinando os par\u00e2metros de qualidade do Ar com crit\u00e9rios definidos, quem sabe, pelo \u201chomem da Vale\u201d.<\/p>\n\n\n\n<div class=\"wp-block-image\"><figure class=\"aligncenter size-large is-resized\"><img loading=\"lazy\" decoding=\"async\" src=\"https:\/\/jornalfatosenoticias.com.br\/wp-content\/uploads\/2020\/02\/logo-Rapuzel-1024x571.jpg\" alt=\"\" class=\"wp-image-42808\" width=\"357\" height=\"199\" srcset=\"https:\/\/jornalfatosenoticias.com.br\/wp-content\/uploads\/2020\/02\/logo-Rapuzel-1024x571.jpg 1024w, https:\/\/jornalfatosenoticias.com.br\/wp-content\/uploads\/2020\/02\/logo-Rapuzel-300x167.jpg 300w, https:\/\/jornalfatosenoticias.com.br\/wp-content\/uploads\/2020\/02\/logo-Rapuzel-768x428.jpg 768w, https:\/\/jornalfatosenoticias.com.br\/wp-content\/uploads\/2020\/02\/logo-Rapuzel-1536x856.jpg 1536w, https:\/\/jornalfatosenoticias.com.br\/wp-content\/uploads\/2020\/02\/logo-Rapuzel.jpg 1600w\" sizes=\"auto, (max-width: 357px) 100vw, 357px\" \/><\/figure><\/div>\n\n\n\n<p>L\u00edder do governo na Assembleia Legislativa do Esp\u00edrito Santo (Ales), Dary Pagung (PSB), lembrou de ter feito a relatoria da CPI do P\u00f3 Preto e que, na \u00e9poca, os parlamentares ouviram m\u00e9dicos, especialistas e os presidentes das grandes empresas.<\/p>\n\n\n\n<div class=\"wp-block-image\"><figure class=\"aligncenter size-large is-resized\"><img loading=\"lazy\" decoding=\"async\" src=\"https:\/\/jornalfatosenoticias.com.br\/wp-content\/uploads\/2023\/12\/pegoretti-logo-pdf-1024x389.jpg\" alt=\"\" class=\"wp-image-47536\" width=\"496\" height=\"188\" srcset=\"https:\/\/jornalfatosenoticias.com.br\/wp-content\/uploads\/2023\/12\/pegoretti-logo-pdf-1024x389.jpg 1024w, https:\/\/jornalfatosenoticias.com.br\/wp-content\/uploads\/2023\/12\/pegoretti-logo-pdf-300x114.jpg 300w, https:\/\/jornalfatosenoticias.com.br\/wp-content\/uploads\/2023\/12\/pegoretti-logo-pdf-768x291.jpg 768w, https:\/\/jornalfatosenoticias.com.br\/wp-content\/uploads\/2023\/12\/pegoretti-logo-pdf.jpg 1120w\" sizes=\"auto, (max-width: 496px) 100vw, 496px\" \/><\/figure><\/div>\n\n\n\n<p>No relat\u00f3rio da CPI de 2015, foi destacado que era necess\u00e1ria lei estadual, que estabelecesse e respeitasse de imediato os padr\u00f5es da Organiza\u00e7\u00e3o Mundial da Sa\u00fade e fixasse prazos concretos para a diminui\u00e7\u00e3o da polui\u00e7\u00e3o, padr\u00f5es de prote\u00e7\u00e3o ambientais adequados \u00e0 realidade estadual e a necessidade dos seres vivos. Para tratar desse tema, hoje temos uma lei com um \u201cpuxadinho\u201d que \u00e9 um decreto.<\/p>\n\n\n\n<div class=\"wp-block-image\"><figure class=\"aligncenter size-large\"><img loading=\"lazy\" decoding=\"async\" width=\"300\" height=\"250\" src=\"https:\/\/jornalfatosenoticias.com.br\/wp-content\/uploads\/2020\/02\/Banner-2.png\" alt=\"\" class=\"wp-image-43787\"\/><\/figure><\/div>\n\n\n\n<p><strong><span class=\"has-inline-color has-black-color\">Nota de rep\u00fadio:<br><\/span><\/strong>A <em>ONG JUNTOS SOS ES Ambiental,<\/em> repudia a lei aprovada, pois ela contraria os interesses da sociedade Capixaba. Muitas vidas continuar\u00e3o sendo ceifadas por causa da polui\u00e7\u00e3o atmosf\u00e9rica. O que foi aprovado hoje (12\/03) beneficia somente as poluidoras da Ponta de Tubar\u00e3o, ArcelorMittal e Vale. Est\u00e1 longe, mas muito longe, de atender \u00e0 sa\u00fade p\u00fablica e \u00e0 sociedade, especialmente, para os residentes da Capital.<\/p>\n\n\n\n<div class=\"wp-block-image\"><figure class=\"aligncenter size-large is-resized\"><img loading=\"lazy\" decoding=\"async\" src=\"https:\/\/jornalfatosenoticias.com.br\/wp-content\/uploads\/2023\/03\/nova-logo-Marquetti.jpg\" alt=\"\" class=\"wp-image-40207\" width=\"354\" height=\"238\" srcset=\"https:\/\/jornalfatosenoticias.com.br\/wp-content\/uploads\/2023\/03\/nova-logo-Marquetti.jpg 643w, https:\/\/jornalfatosenoticias.com.br\/wp-content\/uploads\/2023\/03\/nova-logo-Marquetti-300x202.jpg 300w\" sizes=\"auto, (max-width: 354px) 100vw, 354px\" \/><\/figure><\/div>\n\n\n\n<p>Trata-se de uma lei arcaica que remonta ao Decreto 3.463-r de dezembro de 2013 e que n\u00e3o criou nenhum par\u00e2metro para a qualidade do ar.<br>Deputados alegam pensar no desenvolvimento econ\u00f4mico, mas esse projeto traz apenas autoriza\u00e7\u00e3o para poluir e matar. Com certeza, o projeto \u00e9 uma demanda de muitos anos das empresas poluidoras e n\u00e3o da Sociedade!<\/p>\n\n\n\n<div class=\"wp-block-image\"><figure class=\"aligncenter size-large is-resized\"><img loading=\"lazy\" decoding=\"async\" src=\"https:\/\/jornalfatosenoticias.com.br\/wp-content\/uploads\/2023\/03\/logo-Panper_portal.jpg\" alt=\"\" class=\"wp-image-40208\" width=\"345\" height=\"239\" srcset=\"https:\/\/jornalfatosenoticias.com.br\/wp-content\/uploads\/2023\/03\/logo-Panper_portal.jpg 400w, https:\/\/jornalfatosenoticias.com.br\/wp-content\/uploads\/2023\/03\/logo-Panper_portal-300x208.jpg 300w\" sizes=\"auto, (max-width: 345px) 100vw, 345px\" \/><\/figure><\/div>\n\n\n\n<p><strong><span class=\"has-inline-color has-black-color\">Findes<br><\/span><\/strong>A Federa\u00e7\u00e3o das Ind\u00fastrias do Esp\u00edrito Santo (Findes) divulgou uma nota com o posicionamento do setor sobre a pol\u00edtica de qualidade do ar aprovada pela Assembleia Legislativa (Ales).<br>O texto, assinado pela presidente da Findes, Cris Samorini, ressalta que a proposta foi \u201cconstru\u00edda democraticamente ao longo dos \u00faltimos anos, a partir de discuss\u00f5es t\u00e9cnicas e baseadas em dados e an\u00e1lises referenciados n\u00e3o s\u00f3 no Brasil como no mundo\u201d.<\/p>\n\n\n\n<div class=\"wp-block-image\"><figure class=\"aligncenter size-large is-resized\"><img loading=\"lazy\" decoding=\"async\" src=\"https:\/\/jornalfatosenoticias.com.br\/wp-content\/uploads\/2022\/02\/Precisao-Contabilidade-1024x724.jpg\" alt=\"\" class=\"wp-image-28088\" width=\"365\" height=\"258\"\/><\/figure><\/div>\n\n\n\n<p>O ambientalista Moreschi rebate dizendo que, certamente a Findes refere-se \u00e0 democracia das corpora\u00e7\u00f5es, e n\u00e3o \u00e0quela que expressa o povo. Pois trata-se de uma entidade voltada para o interesse industrial e n\u00e3o social.<br>A sociedade capixaba refor\u00e7a a falta de di\u00e1logo do governo e a imposi\u00e7\u00e3o de uma lei a ser regulada por decreto como puxadinho para \u201co homem da Vale\u201d ditar os padr\u00f5es de qualidade do Ar. Na pr\u00e1tica, a ALES transferiu poderes para o Governo e este, por sua vez, para a Findes.<\/p>\n\n\n\n<div class=\"wp-block-image\"><figure class=\"aligncenter size-large\"><img decoding=\"async\" src=\"https:\/\/jornalfatosenoticias.com.br\/wp-content\/uploads\/2020\/02\/barao-das-carnes-300x164-1.jpg\" alt=\"\" class=\"wp-image-34339\"\/><\/figure><\/div>\n\n\n\n<p>Ressalte-se que os Minist\u00e9rios P\u00fablicos Federal e Estadual expediram notifica\u00e7\u00e3o recomendat\u00f3ria de 18\/12\/2023, determinando que seja apresentado, em 15 dias, um plano de Conting\u00eancia, com a descri\u00e7\u00e3o das a\u00e7\u00f5es para cada \u00e1rea do site industrial da Vale e Arcelor, com potenciais fontes de emiss\u00e3o que venham a interferir nos valores de part\u00edculas sediment\u00e1veis, no per\u00edodo de ver\u00e3o e em qualquer situa\u00e7\u00e3o clim\u00e1tica adversa, visando garantir a manuten\u00e7\u00e3o dos menores n\u00edveis apurados no ano.<\/p>\n\n\n\n<div class=\"wp-block-image\"><figure class=\"aligncenter size-large is-resized\"><img loading=\"lazy\" decoding=\"async\" src=\"https:\/\/jornalfatosenoticias.com.br\/wp-content\/uploads\/2023\/08\/BKR-1024x1021.jpg\" alt=\"\" class=\"wp-image-44494\" width=\"389\" height=\"388\" srcset=\"https:\/\/jornalfatosenoticias.com.br\/wp-content\/uploads\/2023\/08\/BKR-1024x1021.jpg 1024w, https:\/\/jornalfatosenoticias.com.br\/wp-content\/uploads\/2023\/08\/BKR-300x300.jpg 300w, https:\/\/jornalfatosenoticias.com.br\/wp-content\/uploads\/2023\/08\/BKR-150x150.jpg 150w, https:\/\/jornalfatosenoticias.com.br\/wp-content\/uploads\/2023\/08\/BKR-768x766.jpg 768w, https:\/\/jornalfatosenoticias.com.br\/wp-content\/uploads\/2023\/08\/BKR.jpg 1080w\" sizes=\"auto, (max-width: 389px) 100vw, 389px\" \/><\/figure><\/div>\n\n\n\n<p>\u201cNOTIFICAR, EM CAR\u00c1TER RECOMENDAT\u00d3RIO E PREMONIT\u00d3RIO, com vistas \u00e0 preven\u00e7\u00e3o geral e especificamente com rela\u00e7\u00e3o a eventuais responsabilidades no exerc\u00edcio de cargo p\u00fablico que possam advir em raz\u00e3o dos danos ambientais, urban\u00edsticos e aos direitos da coletividade, decorrentes da pr\u00e1tica de atos de of\u00edcio\u201d.<\/p>\n\n\n\n<div class=\"wp-block-image\"><figure class=\"aligncenter size-large\"><img decoding=\"async\" src=\"https:\/\/jornalfatosenoticias.com.br\/wp-content\/uploads\/2020\/02\/logo_esteio.jpg\" alt=\"\" class=\"wp-image-1214\"\/><\/figure><\/div>\n\n\n\n<blockquote class=\"wp-block-quote is-layout-flow wp-block-quote-is-layout-flow\"><p><span class=\"has-inline-color has-luminous-vivid-orange-color\">Quais provid\u00eancias ser\u00e3o tomadas agora pelos Minist\u00e9rios P\u00fablicos?\u201d, questiona Moreschi.<\/span><\/p><\/blockquote>\n","protected":false},"excerpt":{"rendered":"<p>Um ex-governador e atual conselheiro da Vale e um atual governador e futuro conselheiro da Vale Por Eraylton Moreschi Ambientalista e presidente da ONG Juntos SOS ES Ambiental, Eraylton Moreschi, denuncia o descaso do governo Casagrande com a quest\u00e3o da polui\u00e7\u00e3o, provocada pelo P\u00f3 Preto na Grande Vit\u00f3ria. Segundo Eraylton, deputados da bancada do P\u00f3 [&hellip;]<\/p>\n","protected":false},"author":28,"featured_media":49863,"comment_status":"open","ping_status":"open","sticky":false,"template":"","format":"standard","meta":{"footnotes":""},"categories":[8],"tags":[2731,945,8871,4498,4024],"class_list":["post-49861","post","type-post","status-publish","format-standard","has-post-thumbnail","hentry","category-meio-ambiente","tag-grande-vitoria","tag-meio-ambiente","tag-po-preto","tag-poluicao-atmosferica","tag-poluicao-do-ar"],"yoast_head":"<!-- This site is optimized with the Yoast SEO plugin v26.5 - https:\/\/yoast.com\/wordpress\/plugins\/seo\/ -->\n<title>O p\u00f3 preto e a infind\u00e1vel polui\u00e7\u00e3o do ar na Grande Vit\u00f3ria - Jornal Fatos e Not\u00edcias<\/title>\n<meta name=\"robots\" content=\"index, follow, max-snippet:-1, max-image-preview:large, max-video-preview:-1\" \/>\n<link rel=\"canonical\" href=\"https:\/\/jornalfatosenoticias.com.br\/index.php\/2024\/03\/13\/o-po-preto-e-a-infindavel-poluicao-do-ar-na-grande-vitoria\/\" \/>\n<meta property=\"og:locale\" content=\"pt_BR\" \/>\n<meta property=\"og:type\" content=\"article\" \/>\n<meta property=\"og:title\" content=\"O p\u00f3 preto e a infind\u00e1vel polui\u00e7\u00e3o do ar na Grande Vit\u00f3ria - Jornal Fatos e Not\u00edcias\" \/>\n<meta property=\"og:description\" content=\"Um ex-governador e atual conselheiro da Vale e um atual governador e futuro conselheiro da Vale Por Eraylton Moreschi Ambientalista e presidente da ONG Juntos SOS ES Ambiental, Eraylton Moreschi, denuncia o descaso do governo Casagrande com a quest\u00e3o da polui\u00e7\u00e3o, provocada pelo P\u00f3 Preto na Grande Vit\u00f3ria. Segundo Eraylton, deputados da bancada do P\u00f3 [&hellip;]\" \/>\n<meta property=\"og:url\" content=\"https:\/\/jornalfatosenoticias.com.br\/index.php\/2024\/03\/13\/o-po-preto-e-a-infindavel-poluicao-do-ar-na-grande-vitoria\/\" \/>\n<meta property=\"og:site_name\" content=\"Jornal Fatos e Not\u00edcias\" \/>\n<meta property=\"article:published_time\" content=\"2024-03-13T12:07:57+00:00\" \/>\n<meta property=\"article:modified_time\" content=\"2024-03-13T12:07:58+00:00\" \/>\n<meta property=\"og:image\" content=\"https:\/\/jornalfatosenoticias.com.br\/wp-content\/uploads\/2024\/03\/ph_casagrande.jpg\" \/>\n\t<meta property=\"og:image:width\" content=\"600\" \/>\n\t<meta property=\"og:image:height\" content=\"414\" \/>\n\t<meta property=\"og:image:type\" content=\"image\/jpeg\" \/>\n<meta name=\"author\" content=\"Eraylton Moreschi\" \/>\n<meta name=\"twitter:card\" content=\"summary_large_image\" \/>\n<meta name=\"twitter:label1\" content=\"Escrito por\" \/>\n\t<meta name=\"twitter:data1\" content=\"Eraylton Moreschi\" \/>\n\t<meta name=\"twitter:label2\" content=\"Est. tempo de leitura\" \/>\n\t<meta name=\"twitter:data2\" content=\"5 minutos\" \/>\n<script type=\"application\/ld+json\" class=\"yoast-schema-graph\">{\"@context\":\"https:\/\/schema.org\",\"@graph\":[{\"@type\":\"Article\",\"@id\":\"https:\/\/jornalfatosenoticias.com.br\/index.php\/2024\/03\/13\/o-po-preto-e-a-infindavel-poluicao-do-ar-na-grande-vitoria\/#article\",\"isPartOf\":{\"@id\":\"https:\/\/jornalfatosenoticias.com.br\/index.php\/2024\/03\/13\/o-po-preto-e-a-infindavel-poluicao-do-ar-na-grande-vitoria\/\"},\"author\":{\"name\":\"Eraylton Moreschi\",\"@id\":\"https:\/\/jornalfatosenoticias.com.br\/#\/schema\/person\/c7b0b67d6e4b0261e455c6caa62f64d8\"},\"headline\":\"O p\u00f3 preto e a infind\u00e1vel polui\u00e7\u00e3o do ar na Grande Vit\u00f3ria\",\"datePublished\":\"2024-03-13T12:07:57+00:00\",\"dateModified\":\"2024-03-13T12:07:58+00:00\",\"mainEntityOfPage\":{\"@id\":\"https:\/\/jornalfatosenoticias.com.br\/index.php\/2024\/03\/13\/o-po-preto-e-a-infindavel-poluicao-do-ar-na-grande-vitoria\/\"},\"wordCount\":957,\"commentCount\":0,\"publisher\":{\"@id\":\"https:\/\/jornalfatosenoticias.com.br\/#organization\"},\"image\":{\"@id\":\"https:\/\/jornalfatosenoticias.com.br\/index.php\/2024\/03\/13\/o-po-preto-e-a-infindavel-poluicao-do-ar-na-grande-vitoria\/#primaryimage\"},\"thumbnailUrl\":\"https:\/\/jornalfatosenoticias.com.br\/wp-content\/uploads\/2024\/03\/ph_casagrande.jpg\",\"keywords\":[\"Grande Vit\u00f3ria\",\"meio ambiente\",\"p\u00f3 preto\",\"polui\u00e7\u00e3o atmosf\u00e9rica\",\"polui\u00e7\u00e3o do ar\"],\"articleSection\":[\"Meio ambiente\"],\"inLanguage\":\"pt-BR\",\"potentialAction\":[{\"@type\":\"CommentAction\",\"name\":\"Comment\",\"target\":[\"https:\/\/jornalfatosenoticias.com.br\/index.php\/2024\/03\/13\/o-po-preto-e-a-infindavel-poluicao-do-ar-na-grande-vitoria\/#respond\"]}]},{\"@type\":\"WebPage\",\"@id\":\"https:\/\/jornalfatosenoticias.com.br\/index.php\/2024\/03\/13\/o-po-preto-e-a-infindavel-poluicao-do-ar-na-grande-vitoria\/\",\"url\":\"https:\/\/jornalfatosenoticias.com.br\/index.php\/2024\/03\/13\/o-po-preto-e-a-infindavel-poluicao-do-ar-na-grande-vitoria\/\",\"name\":\"O p\u00f3 preto e a infind\u00e1vel polui\u00e7\u00e3o do ar na Grande Vit\u00f3ria - Jornal Fatos e Not\u00edcias\",\"isPartOf\":{\"@id\":\"https:\/\/jornalfatosenoticias.com.br\/#website\"},\"primaryImageOfPage\":{\"@id\":\"https:\/\/jornalfatosenoticias.com.br\/index.php\/2024\/03\/13\/o-po-preto-e-a-infindavel-poluicao-do-ar-na-grande-vitoria\/#primaryimage\"},\"image\":{\"@id\":\"https:\/\/jornalfatosenoticias.com.br\/index.php\/2024\/03\/13\/o-po-preto-e-a-infindavel-poluicao-do-ar-na-grande-vitoria\/#primaryimage\"},\"thumbnailUrl\":\"https:\/\/jornalfatosenoticias.com.br\/wp-content\/uploads\/2024\/03\/ph_casagrande.jpg\",\"datePublished\":\"2024-03-13T12:07:57+00:00\",\"dateModified\":\"2024-03-13T12:07:58+00:00\",\"breadcrumb\":{\"@id\":\"https:\/\/jornalfatosenoticias.com.br\/index.php\/2024\/03\/13\/o-po-preto-e-a-infindavel-poluicao-do-ar-na-grande-vitoria\/#breadcrumb\"},\"inLanguage\":\"pt-BR\",\"potentialAction\":[{\"@type\":\"ReadAction\",\"target\":[\"https:\/\/jornalfatosenoticias.com.br\/index.php\/2024\/03\/13\/o-po-preto-e-a-infindavel-poluicao-do-ar-na-grande-vitoria\/\"]}]},{\"@type\":\"ImageObject\",\"inLanguage\":\"pt-BR\",\"@id\":\"https:\/\/jornalfatosenoticias.com.br\/index.php\/2024\/03\/13\/o-po-preto-e-a-infindavel-poluicao-do-ar-na-grande-vitoria\/#primaryimage\",\"url\":\"https:\/\/jornalfatosenoticias.com.br\/wp-content\/uploads\/2024\/03\/ph_casagrande.jpg\",\"contentUrl\":\"https:\/\/jornalfatosenoticias.com.br\/wp-content\/uploads\/2024\/03\/ph_casagrande.jpg\",\"width\":600,\"height\":414},{\"@type\":\"BreadcrumbList\",\"@id\":\"https:\/\/jornalfatosenoticias.com.br\/index.php\/2024\/03\/13\/o-po-preto-e-a-infindavel-poluicao-do-ar-na-grande-vitoria\/#breadcrumb\",\"itemListElement\":[{\"@type\":\"ListItem\",\"position\":1,\"name\":\"In\u00edcio\",\"item\":\"https:\/\/jornalfatosenoticias.com.br\/\"},{\"@type\":\"ListItem\",\"position\":2,\"name\":\"O p\u00f3 preto e a infind\u00e1vel polui\u00e7\u00e3o do ar na Grande Vit\u00f3ria\"}]},{\"@type\":\"WebSite\",\"@id\":\"https:\/\/jornalfatosenoticias.com.br\/#website\",\"url\":\"https:\/\/jornalfatosenoticias.com.br\/\",\"name\":\"Jornal Fatos e Not\u00edcias\",\"description\":\"Not\u00edcias em geral\",\"publisher\":{\"@id\":\"https:\/\/jornalfatosenoticias.com.br\/#organization\"},\"potentialAction\":[{\"@type\":\"SearchAction\",\"target\":{\"@type\":\"EntryPoint\",\"urlTemplate\":\"https:\/\/jornalfatosenoticias.com.br\/?s={search_term_string}\"},\"query-input\":{\"@type\":\"PropertyValueSpecification\",\"valueRequired\":true,\"valueName\":\"search_term_string\"}}],\"inLanguage\":\"pt-BR\"},{\"@type\":\"Organization\",\"@id\":\"https:\/\/jornalfatosenoticias.com.br\/#organization\",\"name\":\"Jornal Fatos e Not\u00edcias\",\"url\":\"https:\/\/jornalfatosenoticias.com.br\/\",\"logo\":{\"@type\":\"ImageObject\",\"inLanguage\":\"pt-BR\",\"@id\":\"https:\/\/jornalfatosenoticias.com.br\/#\/schema\/logo\/image\/\",\"url\":\"https:\/\/jornalfatosenoticias.com.br\/wp-content\/uploads\/2020\/02\/logo120.png\",\"contentUrl\":\"https:\/\/jornalfatosenoticias.com.br\/wp-content\/uploads\/2020\/02\/logo120.png\",\"width\":1227,\"height\":120,\"caption\":\"Jornal Fatos e Not\u00edcias\"},\"image\":{\"@id\":\"https:\/\/jornalfatosenoticias.com.br\/#\/schema\/logo\/image\/\"}},{\"@type\":\"Person\",\"@id\":\"https:\/\/jornalfatosenoticias.com.br\/#\/schema\/person\/c7b0b67d6e4b0261e455c6caa62f64d8\",\"name\":\"Eraylton Moreschi\",\"image\":{\"@type\":\"ImageObject\",\"inLanguage\":\"pt-BR\",\"@id\":\"https:\/\/jornalfatosenoticias.com.br\/#\/schema\/person\/image\/\",\"url\":\"https:\/\/jornalfatosenoticias.com.br\/wp-content\/uploads\/2023\/03\/moreschi-removebg-preview-150x150.png\",\"contentUrl\":\"https:\/\/jornalfatosenoticias.com.br\/wp-content\/uploads\/2023\/03\/moreschi-removebg-preview-150x150.png\",\"caption\":\"Eraylton Moreschi\"},\"description\":\"Presidente da ONG Juntos SOS Esp\u00edrito Santo Ambiental\",\"url\":\"https:\/\/jornalfatosenoticias.com.br\/index.php\/author\/eraylton-moreschi\/\"}]}<\/script>\n<!-- \/ Yoast SEO plugin. -->","yoast_head_json":{"title":"O p\u00f3 preto e a infind\u00e1vel polui\u00e7\u00e3o do ar na Grande Vit\u00f3ria - Jornal Fatos e Not\u00edcias","robots":{"index":"index","follow":"follow","max-snippet":"max-snippet:-1","max-image-preview":"max-image-preview:large","max-video-preview":"max-video-preview:-1"},"canonical":"https:\/\/jornalfatosenoticias.com.br\/index.php\/2024\/03\/13\/o-po-preto-e-a-infindavel-poluicao-do-ar-na-grande-vitoria\/","og_locale":"pt_BR","og_type":"article","og_title":"O p\u00f3 preto e a infind\u00e1vel polui\u00e7\u00e3o do ar na Grande Vit\u00f3ria - Jornal Fatos e Not\u00edcias","og_description":"Um ex-governador e atual conselheiro da Vale e um atual governador e futuro conselheiro da Vale Por Eraylton Moreschi Ambientalista e presidente da ONG Juntos SOS ES Ambiental, Eraylton Moreschi, denuncia o descaso do governo Casagrande com a quest\u00e3o da polui\u00e7\u00e3o, provocada pelo P\u00f3 Preto na Grande Vit\u00f3ria. Segundo Eraylton, deputados da bancada do P\u00f3 [&hellip;]","og_url":"https:\/\/jornalfatosenoticias.com.br\/index.php\/2024\/03\/13\/o-po-preto-e-a-infindavel-poluicao-do-ar-na-grande-vitoria\/","og_site_name":"Jornal Fatos e Not\u00edcias","article_published_time":"2024-03-13T12:07:57+00:00","article_modified_time":"2024-03-13T12:07:58+00:00","og_image":[{"width":600,"height":414,"url":"https:\/\/jornalfatosenoticias.com.br\/wp-content\/uploads\/2024\/03\/ph_casagrande.jpg","type":"image\/jpeg"}],"author":"Eraylton Moreschi","twitter_card":"summary_large_image","twitter_misc":{"Escrito por":"Eraylton Moreschi","Est. tempo de leitura":"5 minutos"},"schema":{"@context":"https:\/\/schema.org","@graph":[{"@type":"Article","@id":"https:\/\/jornalfatosenoticias.com.br\/index.php\/2024\/03\/13\/o-po-preto-e-a-infindavel-poluicao-do-ar-na-grande-vitoria\/#article","isPartOf":{"@id":"https:\/\/jornalfatosenoticias.com.br\/index.php\/2024\/03\/13\/o-po-preto-e-a-infindavel-poluicao-do-ar-na-grande-vitoria\/"},"author":{"name":"Eraylton Moreschi","@id":"https:\/\/jornalfatosenoticias.com.br\/#\/schema\/person\/c7b0b67d6e4b0261e455c6caa62f64d8"},"headline":"O p\u00f3 preto e a infind\u00e1vel polui\u00e7\u00e3o do ar na Grande Vit\u00f3ria","datePublished":"2024-03-13T12:07:57+00:00","dateModified":"2024-03-13T12:07:58+00:00","mainEntityOfPage":{"@id":"https:\/\/jornalfatosenoticias.com.br\/index.php\/2024\/03\/13\/o-po-preto-e-a-infindavel-poluicao-do-ar-na-grande-vitoria\/"},"wordCount":957,"commentCount":0,"publisher":{"@id":"https:\/\/jornalfatosenoticias.com.br\/#organization"},"image":{"@id":"https:\/\/jornalfatosenoticias.com.br\/index.php\/2024\/03\/13\/o-po-preto-e-a-infindavel-poluicao-do-ar-na-grande-vitoria\/#primaryimage"},"thumbnailUrl":"https:\/\/jornalfatosenoticias.com.br\/wp-content\/uploads\/2024\/03\/ph_casagrande.jpg","keywords":["Grande Vit\u00f3ria","meio ambiente","p\u00f3 preto","polui\u00e7\u00e3o atmosf\u00e9rica","polui\u00e7\u00e3o do ar"],"articleSection":["Meio ambiente"],"inLanguage":"pt-BR","potentialAction":[{"@type":"CommentAction","name":"Comment","target":["https:\/\/jornalfatosenoticias.com.br\/index.php\/2024\/03\/13\/o-po-preto-e-a-infindavel-poluicao-do-ar-na-grande-vitoria\/#respond"]}]},{"@type":"WebPage","@id":"https:\/\/jornalfatosenoticias.com.br\/index.php\/2024\/03\/13\/o-po-preto-e-a-infindavel-poluicao-do-ar-na-grande-vitoria\/","url":"https:\/\/jornalfatosenoticias.com.br\/index.php\/2024\/03\/13\/o-po-preto-e-a-infindavel-poluicao-do-ar-na-grande-vitoria\/","name":"O p\u00f3 preto e a infind\u00e1vel polui\u00e7\u00e3o do ar na Grande Vit\u00f3ria - Jornal Fatos e Not\u00edcias","isPartOf":{"@id":"https:\/\/jornalfatosenoticias.com.br\/#website"},"primaryImageOfPage":{"@id":"https:\/\/jornalfatosenoticias.com.br\/index.php\/2024\/03\/13\/o-po-preto-e-a-infindavel-poluicao-do-ar-na-grande-vitoria\/#primaryimage"},"image":{"@id":"https:\/\/jornalfatosenoticias.com.br\/index.php\/2024\/03\/13\/o-po-preto-e-a-infindavel-poluicao-do-ar-na-grande-vitoria\/#primaryimage"},"thumbnailUrl":"https:\/\/jornalfatosenoticias.com.br\/wp-content\/uploads\/2024\/03\/ph_casagrande.jpg","datePublished":"2024-03-13T12:07:57+00:00","dateModified":"2024-03-13T12:07:58+00:00","breadcrumb":{"@id":"https:\/\/jornalfatosenoticias.com.br\/index.php\/2024\/03\/13\/o-po-preto-e-a-infindavel-poluicao-do-ar-na-grande-vitoria\/#breadcrumb"},"inLanguage":"pt-BR","potentialAction":[{"@type":"ReadAction","target":["https:\/\/jornalfatosenoticias.com.br\/index.php\/2024\/03\/13\/o-po-preto-e-a-infindavel-poluicao-do-ar-na-grande-vitoria\/"]}]},{"@type":"ImageObject","inLanguage":"pt-BR","@id":"https:\/\/jornalfatosenoticias.com.br\/index.php\/2024\/03\/13\/o-po-preto-e-a-infindavel-poluicao-do-ar-na-grande-vitoria\/#primaryimage","url":"https:\/\/jornalfatosenoticias.com.br\/wp-content\/uploads\/2024\/03\/ph_casagrande.jpg","contentUrl":"https:\/\/jornalfatosenoticias.com.br\/wp-content\/uploads\/2024\/03\/ph_casagrande.jpg","width":600,"height":414},{"@type":"BreadcrumbList","@id":"https:\/\/jornalfatosenoticias.com.br\/index.php\/2024\/03\/13\/o-po-preto-e-a-infindavel-poluicao-do-ar-na-grande-vitoria\/#breadcrumb","itemListElement":[{"@type":"ListItem","position":1,"name":"In\u00edcio","item":"https:\/\/jornalfatosenoticias.com.br\/"},{"@type":"ListItem","position":2,"name":"O p\u00f3 preto e a infind\u00e1vel polui\u00e7\u00e3o do ar na Grande Vit\u00f3ria"}]},{"@type":"WebSite","@id":"https:\/\/jornalfatosenoticias.com.br\/#website","url":"https:\/\/jornalfatosenoticias.com.br\/","name":"Jornal Fatos e Not\u00edcias","description":"Not\u00edcias em geral","publisher":{"@id":"https:\/\/jornalfatosenoticias.com.br\/#organization"},"potentialAction":[{"@type":"SearchAction","target":{"@type":"EntryPoint","urlTemplate":"https:\/\/jornalfatosenoticias.com.br\/?s={search_term_string}"},"query-input":{"@type":"PropertyValueSpecification","valueRequired":true,"valueName":"search_term_string"}}],"inLanguage":"pt-BR"},{"@type":"Organization","@id":"https:\/\/jornalfatosenoticias.com.br\/#organization","name":"Jornal Fatos e Not\u00edcias","url":"https:\/\/jornalfatosenoticias.com.br\/","logo":{"@type":"ImageObject","inLanguage":"pt-BR","@id":"https:\/\/jornalfatosenoticias.com.br\/#\/schema\/logo\/image\/","url":"https:\/\/jornalfatosenoticias.com.br\/wp-content\/uploads\/2020\/02\/logo120.png","contentUrl":"https:\/\/jornalfatosenoticias.com.br\/wp-content\/uploads\/2020\/02\/logo120.png","width":1227,"height":120,"caption":"Jornal Fatos e Not\u00edcias"},"image":{"@id":"https:\/\/jornalfatosenoticias.com.br\/#\/schema\/logo\/image\/"}},{"@type":"Person","@id":"https:\/\/jornalfatosenoticias.com.br\/#\/schema\/person\/c7b0b67d6e4b0261e455c6caa62f64d8","name":"Eraylton Moreschi","image":{"@type":"ImageObject","inLanguage":"pt-BR","@id":"https:\/\/jornalfatosenoticias.com.br\/#\/schema\/person\/image\/","url":"https:\/\/jornalfatosenoticias.com.br\/wp-content\/uploads\/2023\/03\/moreschi-removebg-preview-150x150.png","contentUrl":"https:\/\/jornalfatosenoticias.com.br\/wp-content\/uploads\/2023\/03\/moreschi-removebg-preview-150x150.png","caption":"Eraylton Moreschi"},"description":"Presidente da ONG Juntos SOS Esp\u00edrito Santo Ambiental","url":"https:\/\/jornalfatosenoticias.com.br\/index.php\/author\/eraylton-moreschi\/"}]}},"cc_featured_image_caption":{"caption_text":"(Foto: Sindipublicos) ","source_text":"","source_url":""},"jetpack_featured_media_url":"https:\/\/jornalfatosenoticias.com.br\/wp-content\/uploads\/2024\/03\/ph_casagrande.jpg","_links":{"self":[{"href":"https:\/\/jornalfatosenoticias.com.br\/index.php\/wp-json\/wp\/v2\/posts\/49861","targetHints":{"allow":["GET"]}}],"collection":[{"href":"https:\/\/jornalfatosenoticias.com.br\/index.php\/wp-json\/wp\/v2\/posts"}],"about":[{"href":"https:\/\/jornalfatosenoticias.com.br\/index.php\/wp-json\/wp\/v2\/types\/post"}],"author":[{"embeddable":true,"href":"https:\/\/jornalfatosenoticias.com.br\/index.php\/wp-json\/wp\/v2\/users\/28"}],"replies":[{"embeddable":true,"href":"https:\/\/jornalfatosenoticias.com.br\/index.php\/wp-json\/wp\/v2\/comments?post=49861"}],"version-history":[{"count":0,"href":"https:\/\/jornalfatosenoticias.com.br\/index.php\/wp-json\/wp\/v2\/posts\/49861\/revisions"}],"wp:featuredmedia":[{"embeddable":true,"href":"https:\/\/jornalfatosenoticias.com.br\/index.php\/wp-json\/wp\/v2\/media\/49863"}],"wp:attachment":[{"href":"https:\/\/jornalfatosenoticias.com.br\/index.php\/wp-json\/wp\/v2\/media?parent=49861"}],"wp:term":[{"taxonomy":"category","embeddable":true,"href":"https:\/\/jornalfatosenoticias.com.br\/index.php\/wp-json\/wp\/v2\/categories?post=49861"},{"taxonomy":"post_tag","embeddable":true,"href":"https:\/\/jornalfatosenoticias.com.br\/index.php\/wp-json\/wp\/v2\/tags?post=49861"}],"curies":[{"name":"wp","href":"https:\/\/api.w.org\/{rel}","templated":true}]}}