{"id":49865,"date":"2024-03-13T09:26:15","date_gmt":"2024-03-13T12:26:15","guid":{"rendered":"https:\/\/jornalfatosenoticias.com.br\/?p=49865"},"modified":"2024-03-13T09:26:15","modified_gmt":"2024-03-13T12:26:15","slug":"depressao-na-infancia-e-adolescencia-saiba-quais-sao-os-sinais","status":"publish","type":"post","link":"https:\/\/jornalfatosenoticias.com.br\/index.php\/2024\/03\/13\/depressao-na-infancia-e-adolescencia-saiba-quais-sao-os-sinais\/","title":{"rendered":"Depress\u00e3o na inf\u00e2ncia e adolesc\u00eancia: saiba quais s\u00e3o os sinais"},"content":{"rendered":"\n<p><em><span class=\"has-inline-color has-black-color\">Psic\u00f3logo explica como identificar o transtorno mental durante essas fases da vida<\/span><\/em><\/p>\n\n\n\n<p><span class=\"has-inline-color has-black-color\">Por <strong>Juliany Rodrigues<\/strong><\/span><\/p>\n\n\n\n<div class=\"wp-block-image\"><figure class=\"aligncenter size-large\"><img loading=\"lazy\" decoding=\"async\" width=\"729\" height=\"90\" src=\"https:\/\/jornalfatosenoticias.com.br\/wp-content\/uploads\/2020\/02\/Logo_Mizu.png\" alt=\"\" class=\"wp-image-1441\" srcset=\"https:\/\/jornalfatosenoticias.com.br\/wp-content\/uploads\/2020\/02\/Logo_Mizu.png 729w, https:\/\/jornalfatosenoticias.com.br\/wp-content\/uploads\/2020\/02\/Logo_Mizu-300x37.png 300w\" sizes=\"auto, (max-width: 729px) 100vw, 729px\" \/><\/figure><\/div>\n\n\n\n<p>A depress\u00e3o pode acontecer em qualquer faixa et\u00e1ria, desde a inf\u00e2ncia at\u00e9 a fase adulta. De acordo com a Organiza\u00e7\u00e3o Mundial da Sa\u00fade (OMS), em uma d\u00e9cada, o n\u00famero de casos de depress\u00e3o em crian\u00e7as entre seis e 12 anos saltou de 4,5% para 8%. Al\u00e9m disso, um em cada sete jovens de 10 a 19 anos sofre com alguma condi\u00e7\u00e3o de sa\u00fade mental.<\/p>\n\n\n\n<blockquote class=\"wp-block-quote is-layout-flow wp-block-quote-is-layout-flow\"><p><span class=\"has-inline-color has-luminous-vivid-orange-color\">A inf\u00e2ncia e a adolesc\u00eancia s\u00e3o fases cr\u00edticas para a sa\u00fade mental, por envolverem <strong>grandes mudan\u00e7as e transforma\u00e7\u00f5es<\/strong> e os pais devem sempre estar atentos aos sinais que podem indicar que a sa\u00fade mental dos filhos n\u00e3o vai bem&#8221;, afirma <a href=\"https:\/\/www.instagram.com\/filipecolombini\/\">Filipe Colombini<\/a>, psic\u00f3logo, orientador parental e CEO da Equipe AT.<\/span><\/p><\/blockquote>\n\n\n\n<div class=\"wp-block-image\"><figure class=\"aligncenter size-large is-resized\"><img loading=\"lazy\" decoding=\"async\" src=\"https:\/\/jornalfatosenoticias.com.br\/wp-content\/uploads\/2023\/12\/pegoretti-logo-pdf-1024x389.jpg\" alt=\"\" class=\"wp-image-47536\" width=\"519\" height=\"197\" srcset=\"https:\/\/jornalfatosenoticias.com.br\/wp-content\/uploads\/2023\/12\/pegoretti-logo-pdf-1024x389.jpg 1024w, https:\/\/jornalfatosenoticias.com.br\/wp-content\/uploads\/2023\/12\/pegoretti-logo-pdf-300x114.jpg 300w, https:\/\/jornalfatosenoticias.com.br\/wp-content\/uploads\/2023\/12\/pegoretti-logo-pdf-768x291.jpg 768w, https:\/\/jornalfatosenoticias.com.br\/wp-content\/uploads\/2023\/12\/pegoretti-logo-pdf.jpg 1120w\" sizes=\"auto, (max-width: 519px) 100vw, 519px\" \/><\/figure><\/div>\n\n\n\n<p>Muitas vezes, a depress\u00e3o \u00e9 uma doen\u00e7a silenciosa e, por isso, pode ser dif\u00edcil identific\u00e1-la. O especialista afirma que, para detectar o problema, \u00e9 fundamental ficar atento aos padr\u00e3o de comportamento dos pequenos. <\/p>\n\n\n\n<blockquote class=\"wp-block-quote is-layout-flow wp-block-quote-is-layout-flow\"><p><span class=\"has-inline-color has-luminous-vivid-orange-color\">Ao conhecer bem os padr\u00f5es e atitudes do filho e saber como \u00e9 sua personalidade, os adultos conseguem identificar mais facilmente quebras nesse padr\u00e3o, o que pode dar ind\u00edcios da depress\u00e3o&#8221;, recomenda.<\/span><\/p><\/blockquote>\n\n\n\n<div class=\"wp-block-image\"><figure class=\"aligncenter size-large\"><img loading=\"lazy\" decoding=\"async\" width=\"300\" height=\"250\" src=\"https:\/\/jornalfatosenoticias.com.br\/wp-content\/uploads\/2022\/02\/FERRARI_MAQUINAS-E-FERRAMENTAS2.jpg\" alt=\"\" class=\"wp-image-27860\"\/><\/figure><\/div>\n\n\n\n<p>Dessa forma, um sinal de alerta deve se acender quando crian\u00e7as extrovertidas, por exemplo, passam a preferir momentos de solid\u00e3o e recolhimento. Na adolesc\u00eancia, per\u00edodo marcado por v\u00e1rias altera\u00e7\u00f5es do humor e crises emocionais, existem uma s\u00e9rie de ind\u00edcios que podem mostrar que algo n\u00e3o vai bem, entre eles:<\/p>\n\n\n\n<div class=\"wp-block-image\"><figure class=\"aligncenter size-large is-resized\"><img loading=\"lazy\" decoding=\"async\" src=\"https:\/\/jornalfatosenoticias.com.br\/wp-content\/uploads\/2023\/03\/nova-logo-Marquetti.jpg\" alt=\"\" class=\"wp-image-40207\" width=\"356\" height=\"239\" srcset=\"https:\/\/jornalfatosenoticias.com.br\/wp-content\/uploads\/2023\/03\/nova-logo-Marquetti.jpg 643w, https:\/\/jornalfatosenoticias.com.br\/wp-content\/uploads\/2023\/03\/nova-logo-Marquetti-300x202.jpg 300w\" sizes=\"auto, (max-width: 356px) 100vw, 356px\" \/><\/figure><\/div>\n\n\n\n<p>\u279c Falta de energia e motiva\u00e7\u00e3o;<br>\u279c Afastamento de atividades sociais;<br>\u279c Baixo rendimento escolar;<br>\u279c Dist\u00farbios do sono;<br>\u279c Problemas alimentares;<br>\u279c Abuso de \u00e1lcool ou drogas.<\/p>\n\n\n\n<div class=\"wp-block-image\"><figure class=\"aligncenter size-large\"><img loading=\"lazy\" decoding=\"async\" width=\"300\" height=\"250\" src=\"https:\/\/jornalfatosenoticias.com.br\/wp-content\/uploads\/2020\/02\/Banner-2.png\" alt=\"\" class=\"wp-image-43787\"\/><\/figure><\/div>\n\n\n\n<p>Quando a fase adulta se aproxima, \u00e9 comum que os jovens encarem novas situa\u00e7\u00f5es e press\u00f5es sociais, e essa transi\u00e7\u00e3o pode ser bastante complicada para alguns. Em caso nos quais as altera\u00e7\u00f5es de comportamento sejam muito evidentes, os pais devem adotar uma postura respons\u00e1vel, sem julgar ou estigmatizar o problema, e garantir um ambiente de apoio e compreens\u00e3o.<br>De acordo com Colombini, a rede de apoio \u00e9 imprescind\u00edvel para reconhecer de maneira precoce um quadro de depress\u00e3o. <\/p>\n\n\n\n<div class=\"wp-block-image\"><figure class=\"aligncenter size-large is-resized\"><img loading=\"lazy\" decoding=\"async\" src=\"https:\/\/jornalfatosenoticias.com.br\/wp-content\/uploads\/2022\/02\/Precisao-Contabilidade-1024x724.jpg\" alt=\"\" class=\"wp-image-28088\" width=\"368\" height=\"260\"\/><\/figure><\/div>\n\n\n\n<blockquote class=\"wp-block-quote is-layout-flow wp-block-quote-is-layout-flow\"><p><span class=\"has-inline-color has-luminous-vivid-orange-color\">Devemos lembrar que essa rede de suporte n\u00e3o \u00e9 formada somente por familiares, mas sim por todos aqueles que convivem ativamente com as crian\u00e7as e jovens&#8221;, explica Colombini. &#8220;Por isso, colegas e professores, por exemplo, podem perceber mudan\u00e7as comportamentais no ambiente escolar e alertar os pais para um problema que eles talvez n\u00e3o tenham percebido&#8221;, completa.<\/span><\/p><\/blockquote>\n\n\n\n<div class=\"wp-block-image\"><figure class=\"aligncenter size-large is-resized\"><img loading=\"lazy\" decoding=\"async\" src=\"https:\/\/jornalfatosenoticias.com.br\/wp-content\/uploads\/2020\/02\/logo-Rapuzel-1024x571.jpg\" alt=\"\" class=\"wp-image-42808\" width=\"379\" height=\"211\" srcset=\"https:\/\/jornalfatosenoticias.com.br\/wp-content\/uploads\/2020\/02\/logo-Rapuzel-1024x571.jpg 1024w, https:\/\/jornalfatosenoticias.com.br\/wp-content\/uploads\/2020\/02\/logo-Rapuzel-300x167.jpg 300w, https:\/\/jornalfatosenoticias.com.br\/wp-content\/uploads\/2020\/02\/logo-Rapuzel-768x428.jpg 768w, https:\/\/jornalfatosenoticias.com.br\/wp-content\/uploads\/2020\/02\/logo-Rapuzel-1536x856.jpg 1536w, https:\/\/jornalfatosenoticias.com.br\/wp-content\/uploads\/2020\/02\/logo-Rapuzel.jpg 1600w\" sizes=\"auto, (max-width: 379px) 100vw, 379px\" \/><\/figure><\/div>\n\n\n\n<p>Por fim, vale lembrar que a ajuda de um especialista da \u00e1rea de sa\u00fade mental \u00e9 necess\u00e1ria para um diagn\u00f3stico mais r\u00e1pido e preciso. &#8220;Quanto mais cedo ocorrerem as interven\u00e7\u00f5es terap\u00eauticas, assim que forem identificados os sintomas, a tend\u00eancia \u00e9 que o tratamento tenha um progn\u00f3stico bem melhor&#8221;, conclui.<\/p>\n\n\n\n<div class=\"wp-block-image\"><figure class=\"aligncenter size-large\"><img decoding=\"async\" src=\"https:\/\/jornalfatosenoticias.com.br\/wp-content\/uploads\/2020\/02\/barao-das-carnes-300x164-1.jpg\" alt=\"\" class=\"wp-image-34339\"\/><\/figure><\/div>\n\n\n\n<p><strong><em>Fonte: <a href=\"https:\/\/www.terra.com.br\/vida-e-estilo\/saude\/depressao-na-infancia-e-adolescencia-saiba-quais-sao-os-sinais,89e0f5a2bf2e1071eb67e34ea0d9deb22rucv8wv.html\">Terra<\/a><\/em><\/strong><\/p>\n","protected":false},"excerpt":{"rendered":"<p>Psic\u00f3logo explica como identificar o transtorno mental durante essas fases da vida Por Juliany Rodrigues A depress\u00e3o pode acontecer em qualquer faixa et\u00e1ria, desde a inf\u00e2ncia at\u00e9 a fase adulta. De acordo com a Organiza\u00e7\u00e3o Mundial da Sa\u00fade (OMS), em uma d\u00e9cada, o n\u00famero de casos de depress\u00e3o em crian\u00e7as entre seis e 12 anos [&hellip;]<\/p>\n","protected":false},"author":2,"featured_media":49866,"comment_status":"open","ping_status":"open","sticky":false,"template":"","format":"standard","meta":{"footnotes":""},"categories":[2522],"tags":[263,2375,20303,2607,688,17380],"class_list":["post-49865","post","type-post","status-publish","format-standard","has-post-thumbnail","hentry","category-comportamento","tag-adolescencia","tag-depressao","tag-depressao-na-infancia-e-adolescencia","tag-infancia","tag-saude-mental","tag-transtorno-mental"],"yoast_head":"<!-- This site is optimized with the Yoast SEO plugin v26.5 - https:\/\/yoast.com\/wordpress\/plugins\/seo\/ -->\n<title>Depress\u00e3o na inf\u00e2ncia e adolesc\u00eancia: saiba quais s\u00e3o os sinais - Jornal Fatos e Not\u00edcias<\/title>\n<meta name=\"robots\" content=\"index, follow, max-snippet:-1, max-image-preview:large, max-video-preview:-1\" \/>\n<link rel=\"canonical\" href=\"https:\/\/jornalfatosenoticias.com.br\/index.php\/2024\/03\/13\/depressao-na-infancia-e-adolescencia-saiba-quais-sao-os-sinais\/\" \/>\n<meta property=\"og:locale\" content=\"pt_BR\" \/>\n<meta property=\"og:type\" content=\"article\" \/>\n<meta property=\"og:title\" content=\"Depress\u00e3o na inf\u00e2ncia e adolesc\u00eancia: saiba quais s\u00e3o os sinais - Jornal Fatos e Not\u00edcias\" \/>\n<meta property=\"og:description\" content=\"Psic\u00f3logo explica como identificar o transtorno mental durante essas fases da vida Por Juliany Rodrigues A depress\u00e3o pode acontecer em qualquer faixa et\u00e1ria, desde a inf\u00e2ncia at\u00e9 a fase adulta. De acordo com a Organiza\u00e7\u00e3o Mundial da Sa\u00fade (OMS), em uma d\u00e9cada, o n\u00famero de casos de depress\u00e3o em crian\u00e7as entre seis e 12 anos [&hellip;]\" \/>\n<meta property=\"og:url\" content=\"https:\/\/jornalfatosenoticias.com.br\/index.php\/2024\/03\/13\/depressao-na-infancia-e-adolescencia-saiba-quais-sao-os-sinais\/\" \/>\n<meta property=\"og:site_name\" content=\"Jornal Fatos e Not\u00edcias\" \/>\n<meta property=\"article:published_time\" content=\"2024-03-13T12:26:15+00:00\" \/>\n<meta property=\"og:image\" content=\"https:\/\/jornalfatosenoticias.com.br\/wp-content\/uploads\/2024\/03\/depressao-infantil_gettyimages.jpg\" \/>\n\t<meta property=\"og:image:width\" content=\"612\" \/>\n\t<meta property=\"og:image:height\" content=\"408\" \/>\n\t<meta property=\"og:image:type\" content=\"image\/jpeg\" \/>\n<meta name=\"author\" content=\"Luzimara Fernandes\" \/>\n<meta name=\"twitter:card\" content=\"summary_large_image\" \/>\n<meta name=\"twitter:label1\" content=\"Escrito por\" \/>\n\t<meta name=\"twitter:data1\" content=\"Luzimara Fernandes\" \/>\n\t<meta name=\"twitter:label2\" content=\"Est. tempo de leitura\" \/>\n\t<meta name=\"twitter:data2\" content=\"2 minutos\" \/>\n<script type=\"application\/ld+json\" class=\"yoast-schema-graph\">{\"@context\":\"https:\/\/schema.org\",\"@graph\":[{\"@type\":\"Article\",\"@id\":\"https:\/\/jornalfatosenoticias.com.br\/index.php\/2024\/03\/13\/depressao-na-infancia-e-adolescencia-saiba-quais-sao-os-sinais\/#article\",\"isPartOf\":{\"@id\":\"https:\/\/jornalfatosenoticias.com.br\/index.php\/2024\/03\/13\/depressao-na-infancia-e-adolescencia-saiba-quais-sao-os-sinais\/\"},\"author\":{\"name\":\"Luzimara Fernandes\",\"@id\":\"https:\/\/jornalfatosenoticias.com.br\/#\/schema\/person\/d63837fa13ac8666eb9e74e0985d6f81\"},\"headline\":\"Depress\u00e3o na inf\u00e2ncia e adolesc\u00eancia: saiba quais s\u00e3o os sinais\",\"datePublished\":\"2024-03-13T12:26:15+00:00\",\"mainEntityOfPage\":{\"@id\":\"https:\/\/jornalfatosenoticias.com.br\/index.php\/2024\/03\/13\/depressao-na-infancia-e-adolescencia-saiba-quais-sao-os-sinais\/\"},\"wordCount\":513,\"commentCount\":0,\"publisher\":{\"@id\":\"https:\/\/jornalfatosenoticias.com.br\/#organization\"},\"image\":{\"@id\":\"https:\/\/jornalfatosenoticias.com.br\/index.php\/2024\/03\/13\/depressao-na-infancia-e-adolescencia-saiba-quais-sao-os-sinais\/#primaryimage\"},\"thumbnailUrl\":\"https:\/\/jornalfatosenoticias.com.br\/wp-content\/uploads\/2024\/03\/depressao-infantil_gettyimages.jpg\",\"keywords\":[\"adolesc\u00eancia\",\"depress\u00e3o\",\"depress\u00e3o na inf\u00e2ncia e adolesc\u00eancia\",\"inf\u00e2ncia\",\"sa\u00fade mental\",\"transtorno mental\"],\"articleSection\":[\"Comportamento &amp; Equil\u00edbrio\"],\"inLanguage\":\"pt-BR\",\"potentialAction\":[{\"@type\":\"CommentAction\",\"name\":\"Comment\",\"target\":[\"https:\/\/jornalfatosenoticias.com.br\/index.php\/2024\/03\/13\/depressao-na-infancia-e-adolescencia-saiba-quais-sao-os-sinais\/#respond\"]}]},{\"@type\":\"WebPage\",\"@id\":\"https:\/\/jornalfatosenoticias.com.br\/index.php\/2024\/03\/13\/depressao-na-infancia-e-adolescencia-saiba-quais-sao-os-sinais\/\",\"url\":\"https:\/\/jornalfatosenoticias.com.br\/index.php\/2024\/03\/13\/depressao-na-infancia-e-adolescencia-saiba-quais-sao-os-sinais\/\",\"name\":\"Depress\u00e3o na inf\u00e2ncia e adolesc\u00eancia: saiba quais s\u00e3o os sinais - Jornal Fatos e Not\u00edcias\",\"isPartOf\":{\"@id\":\"https:\/\/jornalfatosenoticias.com.br\/#website\"},\"primaryImageOfPage\":{\"@id\":\"https:\/\/jornalfatosenoticias.com.br\/index.php\/2024\/03\/13\/depressao-na-infancia-e-adolescencia-saiba-quais-sao-os-sinais\/#primaryimage\"},\"image\":{\"@id\":\"https:\/\/jornalfatosenoticias.com.br\/index.php\/2024\/03\/13\/depressao-na-infancia-e-adolescencia-saiba-quais-sao-os-sinais\/#primaryimage\"},\"thumbnailUrl\":\"https:\/\/jornalfatosenoticias.com.br\/wp-content\/uploads\/2024\/03\/depressao-infantil_gettyimages.jpg\",\"datePublished\":\"2024-03-13T12:26:15+00:00\",\"breadcrumb\":{\"@id\":\"https:\/\/jornalfatosenoticias.com.br\/index.php\/2024\/03\/13\/depressao-na-infancia-e-adolescencia-saiba-quais-sao-os-sinais\/#breadcrumb\"},\"inLanguage\":\"pt-BR\",\"potentialAction\":[{\"@type\":\"ReadAction\",\"target\":[\"https:\/\/jornalfatosenoticias.com.br\/index.php\/2024\/03\/13\/depressao-na-infancia-e-adolescencia-saiba-quais-sao-os-sinais\/\"]}]},{\"@type\":\"ImageObject\",\"inLanguage\":\"pt-BR\",\"@id\":\"https:\/\/jornalfatosenoticias.com.br\/index.php\/2024\/03\/13\/depressao-na-infancia-e-adolescencia-saiba-quais-sao-os-sinais\/#primaryimage\",\"url\":\"https:\/\/jornalfatosenoticias.com.br\/wp-content\/uploads\/2024\/03\/depressao-infantil_gettyimages.jpg\",\"contentUrl\":\"https:\/\/jornalfatosenoticias.com.br\/wp-content\/uploads\/2024\/03\/depressao-infantil_gettyimages.jpg\",\"width\":612,\"height\":408},{\"@type\":\"BreadcrumbList\",\"@id\":\"https:\/\/jornalfatosenoticias.com.br\/index.php\/2024\/03\/13\/depressao-na-infancia-e-adolescencia-saiba-quais-sao-os-sinais\/#breadcrumb\",\"itemListElement\":[{\"@type\":\"ListItem\",\"position\":1,\"name\":\"In\u00edcio\",\"item\":\"https:\/\/jornalfatosenoticias.com.br\/\"},{\"@type\":\"ListItem\",\"position\":2,\"name\":\"Depress\u00e3o na inf\u00e2ncia e adolesc\u00eancia: saiba quais s\u00e3o os sinais\"}]},{\"@type\":\"WebSite\",\"@id\":\"https:\/\/jornalfatosenoticias.com.br\/#website\",\"url\":\"https:\/\/jornalfatosenoticias.com.br\/\",\"name\":\"Jornal Fatos e Not\u00edcias\",\"description\":\"Not\u00edcias em geral\",\"publisher\":{\"@id\":\"https:\/\/jornalfatosenoticias.com.br\/#organization\"},\"potentialAction\":[{\"@type\":\"SearchAction\",\"target\":{\"@type\":\"EntryPoint\",\"urlTemplate\":\"https:\/\/jornalfatosenoticias.com.br\/?s={search_term_string}\"},\"query-input\":{\"@type\":\"PropertyValueSpecification\",\"valueRequired\":true,\"valueName\":\"search_term_string\"}}],\"inLanguage\":\"pt-BR\"},{\"@type\":\"Organization\",\"@id\":\"https:\/\/jornalfatosenoticias.com.br\/#organization\",\"name\":\"Jornal Fatos e Not\u00edcias\",\"url\":\"https:\/\/jornalfatosenoticias.com.br\/\",\"logo\":{\"@type\":\"ImageObject\",\"inLanguage\":\"pt-BR\",\"@id\":\"https:\/\/jornalfatosenoticias.com.br\/#\/schema\/logo\/image\/\",\"url\":\"https:\/\/jornalfatosenoticias.com.br\/wp-content\/uploads\/2020\/02\/logo120.png\",\"contentUrl\":\"https:\/\/jornalfatosenoticias.com.br\/wp-content\/uploads\/2020\/02\/logo120.png\",\"width\":1227,\"height\":120,\"caption\":\"Jornal Fatos e Not\u00edcias\"},\"image\":{\"@id\":\"https:\/\/jornalfatosenoticias.com.br\/#\/schema\/logo\/image\/\"}},{\"@type\":\"Person\",\"@id\":\"https:\/\/jornalfatosenoticias.com.br\/#\/schema\/person\/d63837fa13ac8666eb9e74e0985d6f81\",\"name\":\"Luzimara Fernandes\",\"image\":{\"@type\":\"ImageObject\",\"inLanguage\":\"pt-BR\",\"@id\":\"https:\/\/jornalfatosenoticias.com.br\/#\/schema\/person\/image\/\",\"url\":\"https:\/\/jornalfatosenoticias.com.br\/wp-content\/uploads\/2025\/05\/EU_portal.jpg\",\"contentUrl\":\"https:\/\/jornalfatosenoticias.com.br\/wp-content\/uploads\/2025\/05\/EU_portal.jpg\",\"caption\":\"Luzimara Fernandes\"},\"description\":\"Jornalista MTB 2358-ES\",\"sameAs\":[\"https:\/\/jornalfatosenoticias.com.br\"],\"url\":\"https:\/\/jornalfatosenoticias.com.br\/index.php\/author\/luzimara\/\"}]}<\/script>\n<!-- \/ Yoast SEO plugin. -->","yoast_head_json":{"title":"Depress\u00e3o na inf\u00e2ncia e adolesc\u00eancia: saiba quais s\u00e3o os sinais - Jornal Fatos e Not\u00edcias","robots":{"index":"index","follow":"follow","max-snippet":"max-snippet:-1","max-image-preview":"max-image-preview:large","max-video-preview":"max-video-preview:-1"},"canonical":"https:\/\/jornalfatosenoticias.com.br\/index.php\/2024\/03\/13\/depressao-na-infancia-e-adolescencia-saiba-quais-sao-os-sinais\/","og_locale":"pt_BR","og_type":"article","og_title":"Depress\u00e3o na inf\u00e2ncia e adolesc\u00eancia: saiba quais s\u00e3o os sinais - Jornal Fatos e Not\u00edcias","og_description":"Psic\u00f3logo explica como identificar o transtorno mental durante essas fases da vida Por Juliany Rodrigues A depress\u00e3o pode acontecer em qualquer faixa et\u00e1ria, desde a inf\u00e2ncia at\u00e9 a fase adulta. De acordo com a Organiza\u00e7\u00e3o Mundial da Sa\u00fade (OMS), em uma d\u00e9cada, o n\u00famero de casos de depress\u00e3o em crian\u00e7as entre seis e 12 anos [&hellip;]","og_url":"https:\/\/jornalfatosenoticias.com.br\/index.php\/2024\/03\/13\/depressao-na-infancia-e-adolescencia-saiba-quais-sao-os-sinais\/","og_site_name":"Jornal Fatos e Not\u00edcias","article_published_time":"2024-03-13T12:26:15+00:00","og_image":[{"width":612,"height":408,"url":"https:\/\/jornalfatosenoticias.com.br\/wp-content\/uploads\/2024\/03\/depressao-infantil_gettyimages.jpg","type":"image\/jpeg"}],"author":"Luzimara Fernandes","twitter_card":"summary_large_image","twitter_misc":{"Escrito por":"Luzimara Fernandes","Est. tempo de leitura":"2 minutos"},"schema":{"@context":"https:\/\/schema.org","@graph":[{"@type":"Article","@id":"https:\/\/jornalfatosenoticias.com.br\/index.php\/2024\/03\/13\/depressao-na-infancia-e-adolescencia-saiba-quais-sao-os-sinais\/#article","isPartOf":{"@id":"https:\/\/jornalfatosenoticias.com.br\/index.php\/2024\/03\/13\/depressao-na-infancia-e-adolescencia-saiba-quais-sao-os-sinais\/"},"author":{"name":"Luzimara Fernandes","@id":"https:\/\/jornalfatosenoticias.com.br\/#\/schema\/person\/d63837fa13ac8666eb9e74e0985d6f81"},"headline":"Depress\u00e3o na inf\u00e2ncia e adolesc\u00eancia: saiba quais s\u00e3o os sinais","datePublished":"2024-03-13T12:26:15+00:00","mainEntityOfPage":{"@id":"https:\/\/jornalfatosenoticias.com.br\/index.php\/2024\/03\/13\/depressao-na-infancia-e-adolescencia-saiba-quais-sao-os-sinais\/"},"wordCount":513,"commentCount":0,"publisher":{"@id":"https:\/\/jornalfatosenoticias.com.br\/#organization"},"image":{"@id":"https:\/\/jornalfatosenoticias.com.br\/index.php\/2024\/03\/13\/depressao-na-infancia-e-adolescencia-saiba-quais-sao-os-sinais\/#primaryimage"},"thumbnailUrl":"https:\/\/jornalfatosenoticias.com.br\/wp-content\/uploads\/2024\/03\/depressao-infantil_gettyimages.jpg","keywords":["adolesc\u00eancia","depress\u00e3o","depress\u00e3o na inf\u00e2ncia e adolesc\u00eancia","inf\u00e2ncia","sa\u00fade mental","transtorno mental"],"articleSection":["Comportamento &amp; Equil\u00edbrio"],"inLanguage":"pt-BR","potentialAction":[{"@type":"CommentAction","name":"Comment","target":["https:\/\/jornalfatosenoticias.com.br\/index.php\/2024\/03\/13\/depressao-na-infancia-e-adolescencia-saiba-quais-sao-os-sinais\/#respond"]}]},{"@type":"WebPage","@id":"https:\/\/jornalfatosenoticias.com.br\/index.php\/2024\/03\/13\/depressao-na-infancia-e-adolescencia-saiba-quais-sao-os-sinais\/","url":"https:\/\/jornalfatosenoticias.com.br\/index.php\/2024\/03\/13\/depressao-na-infancia-e-adolescencia-saiba-quais-sao-os-sinais\/","name":"Depress\u00e3o na inf\u00e2ncia e adolesc\u00eancia: saiba quais s\u00e3o os sinais - Jornal Fatos e Not\u00edcias","isPartOf":{"@id":"https:\/\/jornalfatosenoticias.com.br\/#website"},"primaryImageOfPage":{"@id":"https:\/\/jornalfatosenoticias.com.br\/index.php\/2024\/03\/13\/depressao-na-infancia-e-adolescencia-saiba-quais-sao-os-sinais\/#primaryimage"},"image":{"@id":"https:\/\/jornalfatosenoticias.com.br\/index.php\/2024\/03\/13\/depressao-na-infancia-e-adolescencia-saiba-quais-sao-os-sinais\/#primaryimage"},"thumbnailUrl":"https:\/\/jornalfatosenoticias.com.br\/wp-content\/uploads\/2024\/03\/depressao-infantil_gettyimages.jpg","datePublished":"2024-03-13T12:26:15+00:00","breadcrumb":{"@id":"https:\/\/jornalfatosenoticias.com.br\/index.php\/2024\/03\/13\/depressao-na-infancia-e-adolescencia-saiba-quais-sao-os-sinais\/#breadcrumb"},"inLanguage":"pt-BR","potentialAction":[{"@type":"ReadAction","target":["https:\/\/jornalfatosenoticias.com.br\/index.php\/2024\/03\/13\/depressao-na-infancia-e-adolescencia-saiba-quais-sao-os-sinais\/"]}]},{"@type":"ImageObject","inLanguage":"pt-BR","@id":"https:\/\/jornalfatosenoticias.com.br\/index.php\/2024\/03\/13\/depressao-na-infancia-e-adolescencia-saiba-quais-sao-os-sinais\/#primaryimage","url":"https:\/\/jornalfatosenoticias.com.br\/wp-content\/uploads\/2024\/03\/depressao-infantil_gettyimages.jpg","contentUrl":"https:\/\/jornalfatosenoticias.com.br\/wp-content\/uploads\/2024\/03\/depressao-infantil_gettyimages.jpg","width":612,"height":408},{"@type":"BreadcrumbList","@id":"https:\/\/jornalfatosenoticias.com.br\/index.php\/2024\/03\/13\/depressao-na-infancia-e-adolescencia-saiba-quais-sao-os-sinais\/#breadcrumb","itemListElement":[{"@type":"ListItem","position":1,"name":"In\u00edcio","item":"https:\/\/jornalfatosenoticias.com.br\/"},{"@type":"ListItem","position":2,"name":"Depress\u00e3o na inf\u00e2ncia e adolesc\u00eancia: saiba quais s\u00e3o os sinais"}]},{"@type":"WebSite","@id":"https:\/\/jornalfatosenoticias.com.br\/#website","url":"https:\/\/jornalfatosenoticias.com.br\/","name":"Jornal Fatos e Not\u00edcias","description":"Not\u00edcias em geral","publisher":{"@id":"https:\/\/jornalfatosenoticias.com.br\/#organization"},"potentialAction":[{"@type":"SearchAction","target":{"@type":"EntryPoint","urlTemplate":"https:\/\/jornalfatosenoticias.com.br\/?s={search_term_string}"},"query-input":{"@type":"PropertyValueSpecification","valueRequired":true,"valueName":"search_term_string"}}],"inLanguage":"pt-BR"},{"@type":"Organization","@id":"https:\/\/jornalfatosenoticias.com.br\/#organization","name":"Jornal Fatos e Not\u00edcias","url":"https:\/\/jornalfatosenoticias.com.br\/","logo":{"@type":"ImageObject","inLanguage":"pt-BR","@id":"https:\/\/jornalfatosenoticias.com.br\/#\/schema\/logo\/image\/","url":"https:\/\/jornalfatosenoticias.com.br\/wp-content\/uploads\/2020\/02\/logo120.png","contentUrl":"https:\/\/jornalfatosenoticias.com.br\/wp-content\/uploads\/2020\/02\/logo120.png","width":1227,"height":120,"caption":"Jornal Fatos e Not\u00edcias"},"image":{"@id":"https:\/\/jornalfatosenoticias.com.br\/#\/schema\/logo\/image\/"}},{"@type":"Person","@id":"https:\/\/jornalfatosenoticias.com.br\/#\/schema\/person\/d63837fa13ac8666eb9e74e0985d6f81","name":"Luzimara Fernandes","image":{"@type":"ImageObject","inLanguage":"pt-BR","@id":"https:\/\/jornalfatosenoticias.com.br\/#\/schema\/person\/image\/","url":"https:\/\/jornalfatosenoticias.com.br\/wp-content\/uploads\/2025\/05\/EU_portal.jpg","contentUrl":"https:\/\/jornalfatosenoticias.com.br\/wp-content\/uploads\/2025\/05\/EU_portal.jpg","caption":"Luzimara Fernandes"},"description":"Jornalista MTB 2358-ES","sameAs":["https:\/\/jornalfatosenoticias.com.br"],"url":"https:\/\/jornalfatosenoticias.com.br\/index.php\/author\/luzimara\/"}]}},"cc_featured_image_caption":{"caption_text":"(Foto: Getty Images)","source_text":"","source_url":""},"jetpack_featured_media_url":"https:\/\/jornalfatosenoticias.com.br\/wp-content\/uploads\/2024\/03\/depressao-infantil_gettyimages.jpg","_links":{"self":[{"href":"https:\/\/jornalfatosenoticias.com.br\/index.php\/wp-json\/wp\/v2\/posts\/49865","targetHints":{"allow":["GET"]}}],"collection":[{"href":"https:\/\/jornalfatosenoticias.com.br\/index.php\/wp-json\/wp\/v2\/posts"}],"about":[{"href":"https:\/\/jornalfatosenoticias.com.br\/index.php\/wp-json\/wp\/v2\/types\/post"}],"author":[{"embeddable":true,"href":"https:\/\/jornalfatosenoticias.com.br\/index.php\/wp-json\/wp\/v2\/users\/2"}],"replies":[{"embeddable":true,"href":"https:\/\/jornalfatosenoticias.com.br\/index.php\/wp-json\/wp\/v2\/comments?post=49865"}],"version-history":[{"count":0,"href":"https:\/\/jornalfatosenoticias.com.br\/index.php\/wp-json\/wp\/v2\/posts\/49865\/revisions"}],"wp:featuredmedia":[{"embeddable":true,"href":"https:\/\/jornalfatosenoticias.com.br\/index.php\/wp-json\/wp\/v2\/media\/49866"}],"wp:attachment":[{"href":"https:\/\/jornalfatosenoticias.com.br\/index.php\/wp-json\/wp\/v2\/media?parent=49865"}],"wp:term":[{"taxonomy":"category","embeddable":true,"href":"https:\/\/jornalfatosenoticias.com.br\/index.php\/wp-json\/wp\/v2\/categories?post=49865"},{"taxonomy":"post_tag","embeddable":true,"href":"https:\/\/jornalfatosenoticias.com.br\/index.php\/wp-json\/wp\/v2\/tags?post=49865"}],"curies":[{"name":"wp","href":"https:\/\/api.w.org\/{rel}","templated":true}]}}