{"id":49868,"date":"2024-03-13T09:36:56","date_gmt":"2024-03-13T12:36:56","guid":{"rendered":"https:\/\/jornalfatosenoticias.com.br\/?p=49868"},"modified":"2024-03-13T09:36:57","modified_gmt":"2024-03-13T12:36:57","slug":"cultura-de-vitoria-anuncia-projeto-com-grandes-nomes-da-mpb-nacional","status":"publish","type":"post","link":"https:\/\/jornalfatosenoticias.com.br\/index.php\/2024\/03\/13\/cultura-de-vitoria-anuncia-projeto-com-grandes-nomes-da-mpb-nacional\/","title":{"rendered":"Cultura de Vit\u00f3ria anuncia projeto com grandes nomes da MPB nacional"},"content":{"rendered":"\n<p><span class=\"has-inline-color has-black-color\">Por <strong>Pedro Vargas<\/strong><\/span><\/p>\n\n\n\n<div class=\"wp-block-image\"><figure class=\"aligncenter size-large is-resized\"><img loading=\"lazy\" decoding=\"async\" src=\"https:\/\/jornalfatosenoticias.com.br\/wp-content\/uploads\/2023\/09\/vetorvix1024_1.jpg\" alt=\"\" class=\"wp-image-44868\" width=\"546\" height=\"145\" srcset=\"https:\/\/jornalfatosenoticias.com.br\/wp-content\/uploads\/2023\/09\/vetorvix1024_1.jpg 1024w, https:\/\/jornalfatosenoticias.com.br\/wp-content\/uploads\/2023\/09\/vetorvix1024_1-300x80.jpg 300w, https:\/\/jornalfatosenoticias.com.br\/wp-content\/uploads\/2023\/09\/vetorvix1024_1-768x205.jpg 768w\" sizes=\"auto, (max-width: 546px) 100vw, 546px\" \/><\/figure><\/div>\n\n\n\n<p>Que o domingo \u00e9 o dia da semana que a maioria das pessoas dedica \u00e0 fam\u00edlia todo mundo sabe. A novidade \u00e9 que a Prefeitura de Vit\u00f3ria anunciou o lan\u00e7amento do projeto &#8220;Domingo com Filho&#8221;, que ser\u00e1 realizado uma vez por m\u00eas, no Parque Pedra da Cebola, localizado no bairro Mata da Praia. A primeira temporada do projeto, desenvolvido por meio da Secretaria de Cultura de Vit\u00f3ria (Semc), come\u00e7a no pr\u00f3ximo dia 31 e termina no dia 28 de julho.<br>Ser\u00e3o grandes nomes da m\u00fasica popular brasileira, filhos de grandes nomes da m\u00fasica nacional, que realizar\u00e3o apresenta\u00e7\u00f5es in\u00e9ditas e gratuitas na capital. O projeto assinado pela Semc ser\u00e1 aberto com show de Cl\u00e1udio Lins, filho de Ivan Lins, no domingo de p\u00e1scoa, 31. Em abril, no dia 28, se apresenta Davi Moraes, filho de Moraes Moreira. O dia das m\u00e3es, 12 de maio, recebe Pedro Mariano, filho de Elis Regina. Em junho, no dia 23, \u00e9 a vez de Jo\u00e3o Cavalcanti, filho de Lenine e encerrando a primeira temporada, Pedro Baby, filho de Baby do Brasil e Pepeu Gomes. As apresenta\u00e7\u00f5es ser\u00e3o sempre a partir das 17 horas e a lota\u00e7\u00e3o do espa\u00e7o ser\u00e1 por ordem de chegada.<\/p>\n\n\n\n<div class=\"wp-block-image\"><figure class=\"aligncenter size-large is-resized\"><img loading=\"lazy\" decoding=\"async\" src=\"https:\/\/jornalfatosenoticias.com.br\/wp-content\/uploads\/2020\/02\/CONTROL-CS.jpg\" alt=\"\" class=\"wp-image-44991\" width=\"294\" height=\"352\" srcset=\"https:\/\/jornalfatosenoticias.com.br\/wp-content\/uploads\/2020\/02\/CONTROL-CS.jpg 834w, https:\/\/jornalfatosenoticias.com.br\/wp-content\/uploads\/2020\/02\/CONTROL-CS-250x300.jpg 250w, https:\/\/jornalfatosenoticias.com.br\/wp-content\/uploads\/2020\/02\/CONTROL-CS-768x921.jpg 768w\" sizes=\"auto, (max-width: 294px) 100vw, 294px\" \/><\/figure><\/div>\n\n\n\n<p>&#8220;O clima \u00e9 bem intimista. Voc\u00ea chega, com a sua cadeira de praia, o seu banquinho ou a sua canga, se acomoda e assiste a um show da melhor qualidade aos domingos. Quem se organizar direitinho, em cinco encontros dessa primeira temporada, conhecer\u00e1 o melhor da m\u00fasica popular brasileira em um dos recantos mais buc\u00f3licos da nossa cidade. \u00c9 uma oportunidade de ouro!&#8221;, adianta o secret\u00e1rio municipal da Cultura, Edu Henning.<\/p>\n\n\n\n<div class=\"wp-block-image\"><figure class=\"aligncenter size-large is-resized\"><img loading=\"lazy\" decoding=\"async\" src=\"https:\/\/jornalfatosenoticias.com.br\/wp-content\/uploads\/2023\/08\/ITH.jpeg\" alt=\"\" class=\"wp-image-44638\" width=\"299\" height=\"243\" srcset=\"https:\/\/jornalfatosenoticias.com.br\/wp-content\/uploads\/2023\/08\/ITH.jpeg 800w, https:\/\/jornalfatosenoticias.com.br\/wp-content\/uploads\/2023\/08\/ITH-300x244.jpeg 300w, https:\/\/jornalfatosenoticias.com.br\/wp-content\/uploads\/2023\/08\/ITH-768x624.jpeg 768w\" sizes=\"auto, (max-width: 299px) 100vw, 299px\" \/><\/figure><\/div>\n\n\n\n<p><strong><span class=\"has-inline-color has-black-color\">Estrutura<br><\/span><\/strong>Com objetivo de criar uma &#8220;atmosfera&#8221; de luau, o &#8220;Domingo com Filho&#8221; contar\u00e1 com uma estrutura especial. Diferentes de outros shows e apresenta\u00e7\u00f5es musicais, o palco ser\u00e1 baixo, pr\u00f3ximo \u00e0s pessoas, sem separador de p\u00fablico. Al\u00e9m do bom som, \u00e9 claro, o projeto contar\u00e1 com uma cenografia especial que valorizar\u00e1 o paisagismo natural do parque. O projeto conta ainda com apoio das secretarias municipais de Meio Ambiente (Semmam) e Seguran\u00e7a Urbana (Semsu).<\/p>\n\n\n\n<div class=\"wp-block-image\"><figure class=\"aligncenter size-large is-resized\"><img loading=\"lazy\" decoding=\"async\" src=\"https:\/\/jornalfatosenoticias.com.br\/wp-content\/uploads\/2023\/12\/pegoretti-logo-pdf-1024x389.jpg\" alt=\"\" class=\"wp-image-47536\" width=\"472\" height=\"179\" srcset=\"https:\/\/jornalfatosenoticias.com.br\/wp-content\/uploads\/2023\/12\/pegoretti-logo-pdf-1024x389.jpg 1024w, https:\/\/jornalfatosenoticias.com.br\/wp-content\/uploads\/2023\/12\/pegoretti-logo-pdf-300x114.jpg 300w, https:\/\/jornalfatosenoticias.com.br\/wp-content\/uploads\/2023\/12\/pegoretti-logo-pdf-768x291.jpg 768w, https:\/\/jornalfatosenoticias.com.br\/wp-content\/uploads\/2023\/12\/pegoretti-logo-pdf.jpg 1120w\" sizes=\"auto, (max-width: 472px) 100vw, 472px\" \/><\/figure><\/div>\n\n\n\n<p><strong><span class=\"has-inline-color has-black-color\"><span style=\"text-decoration: underline;\">Programe-se para n\u00e3o perder nenhum encontro<br><\/span><\/span>31\/03 &#8211;<\/strong> Cl\u00e1udio Lins (filho de Ivan Lins)<br><strong>28\/04 &#8211; <\/strong>Davi Moraes (filho de Moraes Moreira)<br><strong>12\/05 &#8211;<\/strong> Pedro Mariano (filho de Elis Regina)<br><strong>23\/06 &#8211;<\/strong> Jo\u00e3o Cavalcanti (filho de Lenine)<br><strong>28\/07 &#8211;<\/strong> Pedro Baby (filho de Baby do Brasil e Pepeu Gomes)<br><strong>Local:<\/strong> Parque Pedra da Cebola \u2014 Entre as Ruas Ana Vieira Mafra, Jo\u00e3o Baptista Celestino (acesso ao estacionamento) e Av. Fernando Ferrari \u2014 Mata da Praia.<br><strong>Hor\u00e1rio: <\/strong>17 horas.<\/p>\n\n\n\n<div class=\"wp-block-image\"><figure class=\"aligncenter size-large is-resized\"><img loading=\"lazy\" decoding=\"async\" src=\"https:\/\/jornalfatosenoticias.com.br\/wp-content\/uploads\/2023\/03\/logo-Panper_portal.jpg\" alt=\"\" class=\"wp-image-40208\" width=\"310\" height=\"215\" srcset=\"https:\/\/jornalfatosenoticias.com.br\/wp-content\/uploads\/2023\/03\/logo-Panper_portal.jpg 400w, https:\/\/jornalfatosenoticias.com.br\/wp-content\/uploads\/2023\/03\/logo-Panper_portal-300x208.jpg 300w\" sizes=\"auto, (max-width: 310px) 100vw, 310px\" \/><\/figure><\/div>\n\n\n\n<p><strong><em>Fonte: <a href=\"https:\/\/www.vitoria.es.gov.br\/noticia\/domingo-com-filho-cultura-anuncia-projeto-com-grandes-nomes-da-mpb-nacional-50169\">PMV<\/a><\/em><\/strong><\/p>\n","protected":false},"excerpt":{"rendered":"<p>Por Pedro Vargas Que o domingo \u00e9 o dia da semana que a maioria das pessoas dedica \u00e0 fam\u00edlia todo mundo sabe. A novidade \u00e9 que a Prefeitura de Vit\u00f3ria anunciou o lan\u00e7amento do projeto &#8220;Domingo com Filho&#8221;, que ser\u00e1 realizado uma vez por m\u00eas, no Parque Pedra da Cebola, localizado no bairro Mata da [&hellip;]<\/p>\n","protected":false},"author":2,"featured_media":49869,"comment_status":"open","ping_status":"open","sticky":false,"template":"","format":"standard","meta":{"footnotes":""},"categories":[4],"tags":[23042,9469,23043],"class_list":["post-49868","post","type-post","status-publish","format-standard","has-post-thumbnail","hentry","category-cultura","tag-domingo-com-filho","tag-parque-pedra-da-cebola","tag-secretaria-de-cultura-de-vitoria"],"yoast_head":"<!-- This site is optimized with the Yoast SEO plugin v26.5 - https:\/\/yoast.com\/wordpress\/plugins\/seo\/ -->\n<title>Cultura de Vit\u00f3ria anuncia projeto com grandes nomes da MPB nacional - Jornal Fatos e Not\u00edcias<\/title>\n<meta name=\"robots\" content=\"index, follow, max-snippet:-1, max-image-preview:large, max-video-preview:-1\" \/>\n<link rel=\"canonical\" href=\"https:\/\/jornalfatosenoticias.com.br\/index.php\/2024\/03\/13\/cultura-de-vitoria-anuncia-projeto-com-grandes-nomes-da-mpb-nacional\/\" \/>\n<meta property=\"og:locale\" content=\"pt_BR\" \/>\n<meta property=\"og:type\" content=\"article\" \/>\n<meta property=\"og:title\" content=\"Cultura de Vit\u00f3ria anuncia projeto com grandes nomes da MPB nacional - Jornal Fatos e Not\u00edcias\" \/>\n<meta property=\"og:description\" content=\"Por Pedro Vargas Que o domingo \u00e9 o dia da semana que a maioria das pessoas dedica \u00e0 fam\u00edlia todo mundo sabe. A novidade \u00e9 que a Prefeitura de Vit\u00f3ria anunciou o lan\u00e7amento do projeto &#8220;Domingo com Filho&#8221;, que ser\u00e1 realizado uma vez por m\u00eas, no Parque Pedra da Cebola, localizado no bairro Mata da [&hellip;]\" \/>\n<meta property=\"og:url\" content=\"https:\/\/jornalfatosenoticias.com.br\/index.php\/2024\/03\/13\/cultura-de-vitoria-anuncia-projeto-com-grandes-nomes-da-mpb-nacional\/\" \/>\n<meta property=\"og:site_name\" content=\"Jornal Fatos e Not\u00edcias\" \/>\n<meta property=\"article:published_time\" content=\"2024-03-13T12:36:56+00:00\" \/>\n<meta property=\"article:modified_time\" content=\"2024-03-13T12:36:57+00:00\" \/>\n<meta property=\"og:image\" content=\"https:\/\/jornalfatosenoticias.com.br\/wp-content\/uploads\/2024\/03\/Parque_Pedra_da_Cebola.jpg\" \/>\n\t<meta property=\"og:image:width\" content=\"1000\" \/>\n\t<meta property=\"og:image:height\" content=\"664\" \/>\n\t<meta property=\"og:image:type\" content=\"image\/jpeg\" \/>\n<meta name=\"author\" content=\"Luzimara Fernandes\" \/>\n<meta name=\"twitter:card\" content=\"summary_large_image\" \/>\n<meta name=\"twitter:label1\" content=\"Escrito por\" \/>\n\t<meta name=\"twitter:data1\" content=\"Luzimara Fernandes\" \/>\n\t<meta name=\"twitter:label2\" content=\"Est. tempo de leitura\" \/>\n\t<meta name=\"twitter:data2\" content=\"2 minutos\" \/>\n<script type=\"application\/ld+json\" class=\"yoast-schema-graph\">{\"@context\":\"https:\/\/schema.org\",\"@graph\":[{\"@type\":\"Article\",\"@id\":\"https:\/\/jornalfatosenoticias.com.br\/index.php\/2024\/03\/13\/cultura-de-vitoria-anuncia-projeto-com-grandes-nomes-da-mpb-nacional\/#article\",\"isPartOf\":{\"@id\":\"https:\/\/jornalfatosenoticias.com.br\/index.php\/2024\/03\/13\/cultura-de-vitoria-anuncia-projeto-com-grandes-nomes-da-mpb-nacional\/\"},\"author\":{\"name\":\"Luzimara Fernandes\",\"@id\":\"https:\/\/jornalfatosenoticias.com.br\/#\/schema\/person\/d63837fa13ac8666eb9e74e0985d6f81\"},\"headline\":\"Cultura de Vit\u00f3ria anuncia projeto com grandes nomes da MPB nacional\",\"datePublished\":\"2024-03-13T12:36:56+00:00\",\"dateModified\":\"2024-03-13T12:36:57+00:00\",\"mainEntityOfPage\":{\"@id\":\"https:\/\/jornalfatosenoticias.com.br\/index.php\/2024\/03\/13\/cultura-de-vitoria-anuncia-projeto-com-grandes-nomes-da-mpb-nacional\/\"},\"wordCount\":449,\"commentCount\":0,\"publisher\":{\"@id\":\"https:\/\/jornalfatosenoticias.com.br\/#organization\"},\"image\":{\"@id\":\"https:\/\/jornalfatosenoticias.com.br\/index.php\/2024\/03\/13\/cultura-de-vitoria-anuncia-projeto-com-grandes-nomes-da-mpb-nacional\/#primaryimage\"},\"thumbnailUrl\":\"https:\/\/jornalfatosenoticias.com.br\/wp-content\/uploads\/2024\/03\/Parque_Pedra_da_Cebola.jpg\",\"keywords\":[\"Domingo com Filho\",\"Parque Pedra da Cebola\",\"Secretaria de Cultura de Vit\u00f3ria\"],\"articleSection\":[\"Cultura\"],\"inLanguage\":\"pt-BR\",\"potentialAction\":[{\"@type\":\"CommentAction\",\"name\":\"Comment\",\"target\":[\"https:\/\/jornalfatosenoticias.com.br\/index.php\/2024\/03\/13\/cultura-de-vitoria-anuncia-projeto-com-grandes-nomes-da-mpb-nacional\/#respond\"]}]},{\"@type\":\"WebPage\",\"@id\":\"https:\/\/jornalfatosenoticias.com.br\/index.php\/2024\/03\/13\/cultura-de-vitoria-anuncia-projeto-com-grandes-nomes-da-mpb-nacional\/\",\"url\":\"https:\/\/jornalfatosenoticias.com.br\/index.php\/2024\/03\/13\/cultura-de-vitoria-anuncia-projeto-com-grandes-nomes-da-mpb-nacional\/\",\"name\":\"Cultura de Vit\u00f3ria anuncia projeto com grandes nomes da MPB nacional - Jornal Fatos e Not\u00edcias\",\"isPartOf\":{\"@id\":\"https:\/\/jornalfatosenoticias.com.br\/#website\"},\"primaryImageOfPage\":{\"@id\":\"https:\/\/jornalfatosenoticias.com.br\/index.php\/2024\/03\/13\/cultura-de-vitoria-anuncia-projeto-com-grandes-nomes-da-mpb-nacional\/#primaryimage\"},\"image\":{\"@id\":\"https:\/\/jornalfatosenoticias.com.br\/index.php\/2024\/03\/13\/cultura-de-vitoria-anuncia-projeto-com-grandes-nomes-da-mpb-nacional\/#primaryimage\"},\"thumbnailUrl\":\"https:\/\/jornalfatosenoticias.com.br\/wp-content\/uploads\/2024\/03\/Parque_Pedra_da_Cebola.jpg\",\"datePublished\":\"2024-03-13T12:36:56+00:00\",\"dateModified\":\"2024-03-13T12:36:57+00:00\",\"breadcrumb\":{\"@id\":\"https:\/\/jornalfatosenoticias.com.br\/index.php\/2024\/03\/13\/cultura-de-vitoria-anuncia-projeto-com-grandes-nomes-da-mpb-nacional\/#breadcrumb\"},\"inLanguage\":\"pt-BR\",\"potentialAction\":[{\"@type\":\"ReadAction\",\"target\":[\"https:\/\/jornalfatosenoticias.com.br\/index.php\/2024\/03\/13\/cultura-de-vitoria-anuncia-projeto-com-grandes-nomes-da-mpb-nacional\/\"]}]},{\"@type\":\"ImageObject\",\"inLanguage\":\"pt-BR\",\"@id\":\"https:\/\/jornalfatosenoticias.com.br\/index.php\/2024\/03\/13\/cultura-de-vitoria-anuncia-projeto-com-grandes-nomes-da-mpb-nacional\/#primaryimage\",\"url\":\"https:\/\/jornalfatosenoticias.com.br\/wp-content\/uploads\/2024\/03\/Parque_Pedra_da_Cebola.jpg\",\"contentUrl\":\"https:\/\/jornalfatosenoticias.com.br\/wp-content\/uploads\/2024\/03\/Parque_Pedra_da_Cebola.jpg\",\"width\":1000,\"height\":664},{\"@type\":\"BreadcrumbList\",\"@id\":\"https:\/\/jornalfatosenoticias.com.br\/index.php\/2024\/03\/13\/cultura-de-vitoria-anuncia-projeto-com-grandes-nomes-da-mpb-nacional\/#breadcrumb\",\"itemListElement\":[{\"@type\":\"ListItem\",\"position\":1,\"name\":\"In\u00edcio\",\"item\":\"https:\/\/jornalfatosenoticias.com.br\/\"},{\"@type\":\"ListItem\",\"position\":2,\"name\":\"Cultura de Vit\u00f3ria anuncia projeto com grandes nomes da MPB nacional\"}]},{\"@type\":\"WebSite\",\"@id\":\"https:\/\/jornalfatosenoticias.com.br\/#website\",\"url\":\"https:\/\/jornalfatosenoticias.com.br\/\",\"name\":\"Jornal Fatos e Not\u00edcias\",\"description\":\"Not\u00edcias em geral\",\"publisher\":{\"@id\":\"https:\/\/jornalfatosenoticias.com.br\/#organization\"},\"potentialAction\":[{\"@type\":\"SearchAction\",\"target\":{\"@type\":\"EntryPoint\",\"urlTemplate\":\"https:\/\/jornalfatosenoticias.com.br\/?s={search_term_string}\"},\"query-input\":{\"@type\":\"PropertyValueSpecification\",\"valueRequired\":true,\"valueName\":\"search_term_string\"}}],\"inLanguage\":\"pt-BR\"},{\"@type\":\"Organization\",\"@id\":\"https:\/\/jornalfatosenoticias.com.br\/#organization\",\"name\":\"Jornal Fatos e Not\u00edcias\",\"url\":\"https:\/\/jornalfatosenoticias.com.br\/\",\"logo\":{\"@type\":\"ImageObject\",\"inLanguage\":\"pt-BR\",\"@id\":\"https:\/\/jornalfatosenoticias.com.br\/#\/schema\/logo\/image\/\",\"url\":\"https:\/\/jornalfatosenoticias.com.br\/wp-content\/uploads\/2020\/02\/logo120.png\",\"contentUrl\":\"https:\/\/jornalfatosenoticias.com.br\/wp-content\/uploads\/2020\/02\/logo120.png\",\"width\":1227,\"height\":120,\"caption\":\"Jornal Fatos e Not\u00edcias\"},\"image\":{\"@id\":\"https:\/\/jornalfatosenoticias.com.br\/#\/schema\/logo\/image\/\"}},{\"@type\":\"Person\",\"@id\":\"https:\/\/jornalfatosenoticias.com.br\/#\/schema\/person\/d63837fa13ac8666eb9e74e0985d6f81\",\"name\":\"Luzimara Fernandes\",\"image\":{\"@type\":\"ImageObject\",\"inLanguage\":\"pt-BR\",\"@id\":\"https:\/\/jornalfatosenoticias.com.br\/#\/schema\/person\/image\/\",\"url\":\"https:\/\/jornalfatosenoticias.com.br\/wp-content\/uploads\/2025\/05\/EU_portal.jpg\",\"contentUrl\":\"https:\/\/jornalfatosenoticias.com.br\/wp-content\/uploads\/2025\/05\/EU_portal.jpg\",\"caption\":\"Luzimara Fernandes\"},\"description\":\"Jornalista MTB 2358-ES\",\"sameAs\":[\"https:\/\/jornalfatosenoticias.com.br\"],\"url\":\"https:\/\/jornalfatosenoticias.com.br\/index.php\/author\/luzimara\/\"}]}<\/script>\n<!-- \/ Yoast SEO plugin. -->","yoast_head_json":{"title":"Cultura de Vit\u00f3ria anuncia projeto com grandes nomes da MPB nacional - Jornal Fatos e Not\u00edcias","robots":{"index":"index","follow":"follow","max-snippet":"max-snippet:-1","max-image-preview":"max-image-preview:large","max-video-preview":"max-video-preview:-1"},"canonical":"https:\/\/jornalfatosenoticias.com.br\/index.php\/2024\/03\/13\/cultura-de-vitoria-anuncia-projeto-com-grandes-nomes-da-mpb-nacional\/","og_locale":"pt_BR","og_type":"article","og_title":"Cultura de Vit\u00f3ria anuncia projeto com grandes nomes da MPB nacional - Jornal Fatos e Not\u00edcias","og_description":"Por Pedro Vargas Que o domingo \u00e9 o dia da semana que a maioria das pessoas dedica \u00e0 fam\u00edlia todo mundo sabe. A novidade \u00e9 que a Prefeitura de Vit\u00f3ria anunciou o lan\u00e7amento do projeto &#8220;Domingo com Filho&#8221;, que ser\u00e1 realizado uma vez por m\u00eas, no Parque Pedra da Cebola, localizado no bairro Mata da [&hellip;]","og_url":"https:\/\/jornalfatosenoticias.com.br\/index.php\/2024\/03\/13\/cultura-de-vitoria-anuncia-projeto-com-grandes-nomes-da-mpb-nacional\/","og_site_name":"Jornal Fatos e Not\u00edcias","article_published_time":"2024-03-13T12:36:56+00:00","article_modified_time":"2024-03-13T12:36:57+00:00","og_image":[{"width":1000,"height":664,"url":"https:\/\/jornalfatosenoticias.com.br\/wp-content\/uploads\/2024\/03\/Parque_Pedra_da_Cebola.jpg","type":"image\/jpeg"}],"author":"Luzimara Fernandes","twitter_card":"summary_large_image","twitter_misc":{"Escrito por":"Luzimara Fernandes","Est. tempo de leitura":"2 minutos"},"schema":{"@context":"https:\/\/schema.org","@graph":[{"@type":"Article","@id":"https:\/\/jornalfatosenoticias.com.br\/index.php\/2024\/03\/13\/cultura-de-vitoria-anuncia-projeto-com-grandes-nomes-da-mpb-nacional\/#article","isPartOf":{"@id":"https:\/\/jornalfatosenoticias.com.br\/index.php\/2024\/03\/13\/cultura-de-vitoria-anuncia-projeto-com-grandes-nomes-da-mpb-nacional\/"},"author":{"name":"Luzimara Fernandes","@id":"https:\/\/jornalfatosenoticias.com.br\/#\/schema\/person\/d63837fa13ac8666eb9e74e0985d6f81"},"headline":"Cultura de Vit\u00f3ria anuncia projeto com grandes nomes da MPB nacional","datePublished":"2024-03-13T12:36:56+00:00","dateModified":"2024-03-13T12:36:57+00:00","mainEntityOfPage":{"@id":"https:\/\/jornalfatosenoticias.com.br\/index.php\/2024\/03\/13\/cultura-de-vitoria-anuncia-projeto-com-grandes-nomes-da-mpb-nacional\/"},"wordCount":449,"commentCount":0,"publisher":{"@id":"https:\/\/jornalfatosenoticias.com.br\/#organization"},"image":{"@id":"https:\/\/jornalfatosenoticias.com.br\/index.php\/2024\/03\/13\/cultura-de-vitoria-anuncia-projeto-com-grandes-nomes-da-mpb-nacional\/#primaryimage"},"thumbnailUrl":"https:\/\/jornalfatosenoticias.com.br\/wp-content\/uploads\/2024\/03\/Parque_Pedra_da_Cebola.jpg","keywords":["Domingo com Filho","Parque Pedra da Cebola","Secretaria de Cultura de Vit\u00f3ria"],"articleSection":["Cultura"],"inLanguage":"pt-BR","potentialAction":[{"@type":"CommentAction","name":"Comment","target":["https:\/\/jornalfatosenoticias.com.br\/index.php\/2024\/03\/13\/cultura-de-vitoria-anuncia-projeto-com-grandes-nomes-da-mpb-nacional\/#respond"]}]},{"@type":"WebPage","@id":"https:\/\/jornalfatosenoticias.com.br\/index.php\/2024\/03\/13\/cultura-de-vitoria-anuncia-projeto-com-grandes-nomes-da-mpb-nacional\/","url":"https:\/\/jornalfatosenoticias.com.br\/index.php\/2024\/03\/13\/cultura-de-vitoria-anuncia-projeto-com-grandes-nomes-da-mpb-nacional\/","name":"Cultura de Vit\u00f3ria anuncia projeto com grandes nomes da MPB nacional - Jornal Fatos e Not\u00edcias","isPartOf":{"@id":"https:\/\/jornalfatosenoticias.com.br\/#website"},"primaryImageOfPage":{"@id":"https:\/\/jornalfatosenoticias.com.br\/index.php\/2024\/03\/13\/cultura-de-vitoria-anuncia-projeto-com-grandes-nomes-da-mpb-nacional\/#primaryimage"},"image":{"@id":"https:\/\/jornalfatosenoticias.com.br\/index.php\/2024\/03\/13\/cultura-de-vitoria-anuncia-projeto-com-grandes-nomes-da-mpb-nacional\/#primaryimage"},"thumbnailUrl":"https:\/\/jornalfatosenoticias.com.br\/wp-content\/uploads\/2024\/03\/Parque_Pedra_da_Cebola.jpg","datePublished":"2024-03-13T12:36:56+00:00","dateModified":"2024-03-13T12:36:57+00:00","breadcrumb":{"@id":"https:\/\/jornalfatosenoticias.com.br\/index.php\/2024\/03\/13\/cultura-de-vitoria-anuncia-projeto-com-grandes-nomes-da-mpb-nacional\/#breadcrumb"},"inLanguage":"pt-BR","potentialAction":[{"@type":"ReadAction","target":["https:\/\/jornalfatosenoticias.com.br\/index.php\/2024\/03\/13\/cultura-de-vitoria-anuncia-projeto-com-grandes-nomes-da-mpb-nacional\/"]}]},{"@type":"ImageObject","inLanguage":"pt-BR","@id":"https:\/\/jornalfatosenoticias.com.br\/index.php\/2024\/03\/13\/cultura-de-vitoria-anuncia-projeto-com-grandes-nomes-da-mpb-nacional\/#primaryimage","url":"https:\/\/jornalfatosenoticias.com.br\/wp-content\/uploads\/2024\/03\/Parque_Pedra_da_Cebola.jpg","contentUrl":"https:\/\/jornalfatosenoticias.com.br\/wp-content\/uploads\/2024\/03\/Parque_Pedra_da_Cebola.jpg","width":1000,"height":664},{"@type":"BreadcrumbList","@id":"https:\/\/jornalfatosenoticias.com.br\/index.php\/2024\/03\/13\/cultura-de-vitoria-anuncia-projeto-com-grandes-nomes-da-mpb-nacional\/#breadcrumb","itemListElement":[{"@type":"ListItem","position":1,"name":"In\u00edcio","item":"https:\/\/jornalfatosenoticias.com.br\/"},{"@type":"ListItem","position":2,"name":"Cultura de Vit\u00f3ria anuncia projeto com grandes nomes da MPB nacional"}]},{"@type":"WebSite","@id":"https:\/\/jornalfatosenoticias.com.br\/#website","url":"https:\/\/jornalfatosenoticias.com.br\/","name":"Jornal Fatos e Not\u00edcias","description":"Not\u00edcias em geral","publisher":{"@id":"https:\/\/jornalfatosenoticias.com.br\/#organization"},"potentialAction":[{"@type":"SearchAction","target":{"@type":"EntryPoint","urlTemplate":"https:\/\/jornalfatosenoticias.com.br\/?s={search_term_string}"},"query-input":{"@type":"PropertyValueSpecification","valueRequired":true,"valueName":"search_term_string"}}],"inLanguage":"pt-BR"},{"@type":"Organization","@id":"https:\/\/jornalfatosenoticias.com.br\/#organization","name":"Jornal Fatos e Not\u00edcias","url":"https:\/\/jornalfatosenoticias.com.br\/","logo":{"@type":"ImageObject","inLanguage":"pt-BR","@id":"https:\/\/jornalfatosenoticias.com.br\/#\/schema\/logo\/image\/","url":"https:\/\/jornalfatosenoticias.com.br\/wp-content\/uploads\/2020\/02\/logo120.png","contentUrl":"https:\/\/jornalfatosenoticias.com.br\/wp-content\/uploads\/2020\/02\/logo120.png","width":1227,"height":120,"caption":"Jornal Fatos e Not\u00edcias"},"image":{"@id":"https:\/\/jornalfatosenoticias.com.br\/#\/schema\/logo\/image\/"}},{"@type":"Person","@id":"https:\/\/jornalfatosenoticias.com.br\/#\/schema\/person\/d63837fa13ac8666eb9e74e0985d6f81","name":"Luzimara Fernandes","image":{"@type":"ImageObject","inLanguage":"pt-BR","@id":"https:\/\/jornalfatosenoticias.com.br\/#\/schema\/person\/image\/","url":"https:\/\/jornalfatosenoticias.com.br\/wp-content\/uploads\/2025\/05\/EU_portal.jpg","contentUrl":"https:\/\/jornalfatosenoticias.com.br\/wp-content\/uploads\/2025\/05\/EU_portal.jpg","caption":"Luzimara Fernandes"},"description":"Jornalista MTB 2358-ES","sameAs":["https:\/\/jornalfatosenoticias.com.br"],"url":"https:\/\/jornalfatosenoticias.com.br\/index.php\/author\/luzimara\/"}]}},"cc_featured_image_caption":{"caption_text":"(Foto: Wikimedia Commons)","source_text":"","source_url":""},"jetpack_featured_media_url":"https:\/\/jornalfatosenoticias.com.br\/wp-content\/uploads\/2024\/03\/Parque_Pedra_da_Cebola.jpg","_links":{"self":[{"href":"https:\/\/jornalfatosenoticias.com.br\/index.php\/wp-json\/wp\/v2\/posts\/49868","targetHints":{"allow":["GET"]}}],"collection":[{"href":"https:\/\/jornalfatosenoticias.com.br\/index.php\/wp-json\/wp\/v2\/posts"}],"about":[{"href":"https:\/\/jornalfatosenoticias.com.br\/index.php\/wp-json\/wp\/v2\/types\/post"}],"author":[{"embeddable":true,"href":"https:\/\/jornalfatosenoticias.com.br\/index.php\/wp-json\/wp\/v2\/users\/2"}],"replies":[{"embeddable":true,"href":"https:\/\/jornalfatosenoticias.com.br\/index.php\/wp-json\/wp\/v2\/comments?post=49868"}],"version-history":[{"count":0,"href":"https:\/\/jornalfatosenoticias.com.br\/index.php\/wp-json\/wp\/v2\/posts\/49868\/revisions"}],"wp:featuredmedia":[{"embeddable":true,"href":"https:\/\/jornalfatosenoticias.com.br\/index.php\/wp-json\/wp\/v2\/media\/49869"}],"wp:attachment":[{"href":"https:\/\/jornalfatosenoticias.com.br\/index.php\/wp-json\/wp\/v2\/media?parent=49868"}],"wp:term":[{"taxonomy":"category","embeddable":true,"href":"https:\/\/jornalfatosenoticias.com.br\/index.php\/wp-json\/wp\/v2\/categories?post=49868"},{"taxonomy":"post_tag","embeddable":true,"href":"https:\/\/jornalfatosenoticias.com.br\/index.php\/wp-json\/wp\/v2\/tags?post=49868"}],"curies":[{"name":"wp","href":"https:\/\/api.w.org\/{rel}","templated":true}]}}